{"id":193846,"date":"2019-02-05T18:04:02","date_gmt":"2019-02-05T18:04:02","guid":{"rendered":"https:\/\/www.meydan.tv\/article\/sehid-xanimi-pulu-vermekden-imtina-edende-ozumuzu-tehqir-olunmus-hesab-etdik\/"},"modified":"2019-02-05T18:04:02","modified_gmt":"2019-02-05T18:04:02","slug":"sehid-xanimi-pulu-vermekden-imtina-edende-ozumuzu-tehqir-olunmus-hesab-etdik","status":"publish","type":"post","link":"https:\/\/www.meydan.tv\/az\/article\/sehid-xanimi-pulu-vermekden-imtina-edende-ozumuzu-tehqir-olunmus-hesab-etdik\/","title":{"rendered":"\u015e\u0259hid xan\u0131m\u0131: Pulu verm\u0259kd\u0259n imtina ed\u0259nd\u0259  \u00f6z\u00fcm\u00fcz\u00fc t\u0259hqir olunmu\u015f hesab etdik"},"content":{"rendered":"<figure class=\"wp-block-image size-large\">\n  <img decoding=\"async\" src=\"https:\/\/www.meydan.tv\/az\/gulnar-memmedova\/\" alt=\"G\u00fclnar M\u0259mm\u0259dova\" class=\"wp-image-117254\"\/><figcaption>\n    G\u00fclnar M\u0259mm\u0259dova<br \/>\n  <\/figcaption><\/figure>\n<p>\n  <i><br \/>\n    &#8221;D\u00f6vl\u0259t deyirs\u0259, bel\u0259dir, daha n\u0259 ed\u0259 bil\u0259rik?&#8221;<br \/>\n  <\/i>\n<\/p>\n<p>\n  &#8220;H\u0259yat yolda\u015f\u0131m Qaraba\u011f d\u00f6y\u00fc\u015fl\u0259rind\u0259 h\u0259lak olub. \u015e\u0259hid olanda 36 ya\u015f\u0131 var idi, 3 \u00f6vlad\u0131 yetim qald\u0131. Prezident \u0130lham \u018fliyev \u00f6t\u0259n il s\u0259r\u0259ncam verdi ki, \u015f\u0259hid ail\u0259l\u0259rin\u0259 11 min manat bird\u0259f\u0259lik pul veril\u0259c\u0259k. Pul 1992-1997-ci ill\u0259rd\u0259 d\u00f6y\u00fc\u015f\u0259n v\u0259 \u015f\u0259hid olanlar\u0131n ail\u0259l\u0259rin\u0259 verilm\u0259liydi. Amma biz h\u0259min pulu ala bilm\u0259dik&#8221;.\n<\/p>\n<p>\n  Bu s\u00f6zl\u0259ri Meydan TV-y\u0259 1994-c\u00fc ild\u0259 Beyl\u0259qanda ged\u0259n d\u00f6y\u00fc\u015fl\u0259r zaman\u0131 \u015f\u0259hid olan Qax rayonu, Z\u0259y\u0259m k\u0259nd sakini F\u0259rman M\u0259mm\u0259dovun h\u0259yat yolda\u015f\u0131 G\u00fclnar M\u0259mm\u0259dova deyir:\n<\/p>\n<p>\n  &#8220;H\u0259yat yolda\u015f\u0131mla eyni sinifd\u0259 oxumu\u015fduq. Getdi m\u00fcharib\u0259y\u0259, qay\u0131tmad\u0131. \u00dc\u00e7 u\u015fa\u011f\u0131 t\u0259kba\u015f\u0131ma b\u00f6y\u00fctd\u00fcm. 40 il kitabxanada i\u015fl\u0259mi\u015f\u0259m. \u00d6t\u0259n il s\u0259hh\u0259timl\u0259 \u0259laq\u0259dar i\u015fd\u0259n \u00e7\u0131xd\u0131m. 11 min manat pul s\u00f6hb\u0259ti \u00e7\u0131xanda fikirl\u0259\u015fdik ki, biz\u0259 d\u0259 d\u00fc\u015f\u0259c\u0259k. Lakin arzumuz \u00fcr\u0259yimizd\u0259 qald\u0131. D\u00f6vl\u0259t S\u0131\u011forta Kommersiya \u015eirk\u0259tind\u0259n dedil\u0259r ki, bizim h\u0259min pulu alma\u011fa h\u00fcququmuz yoxdur. Dedil\u0259r ki, guya ki\u015fi \u00f6l\u0259nd\u0259n 4 ay sonra biz\u0259 o vaxt\u0131n pulu il\u0259 5 &#8220;m\u0259mm\u0259d&#8221; (50 min manat) t\u0259zminat veribl\u0259r. \u018fg\u0259r bel\u0259dirs\u0259, biz\u0259 s\u0259n\u0259d, imza g\u00f6st\u0259rsinl\u0259r ki, pulu alm\u0131\u015f\u0131q, biz d\u0259 \u00e7\u0259kil\u0259k bir k\u0259nara&#8221;.\n<\/p>\n<p>\n  &#8220;D\u00f6vl\u0259t deyirs\u0259, bel\u0259dir, daha n\u0259 ed\u0259 bil\u0259rik? D\u00f6vl\u0259tl\u0259 d\u00f6vl\u0259t\u00e7ilik etm\u0259k olmaz&#8221;, &#8211; dey\u0259n G\u00fclnar M\u0259mm\u0259dova \u00fcmidini bug\u00fcnl\u0259rd\u0259 veril\u0259n n\u00f6vb\u0259ti s\u0259r\u0259ncama ba\u011flay\u0131b:\n<\/p>\n<figure class=\"wp-block-image size-large\">\n  <img decoding=\"async\" src=\"https:\/\/www.meydan.tv\/az\/ferman-memmedov\/\" alt=\"F\u0259rman M\u0259mm\u0259dov\" class=\"wp-image-117257\"\/><figcaption>\n    F\u0259rman M\u0259mm\u0259dov<br \/>\n  <\/figcaption><\/figure>\n<p>\n  &#8220;Pulu verm\u0259kd\u0259n imtina ed\u0259nd\u0259, \u00f6z\u00fcm\u00fcz\u00fc t\u0259hqir olunmu\u015f hesab etdik. Bizim k\u0259ndd\u0259 \u015f\u0259hid ail\u0259l\u0259ri \u00e7oxdur. H\u0259min pul, onlardan yaln\u0131z bir ail\u0259y\u0259 verildi. H\u0259r halda \u00fcmidimi \u00fczm\u00fcr\u0259m. Bir bizim ail\u0259miz olsa, \u00f6z\u00fcm i\u015fin arxas\u0131nca d\u00fc\u015f\u0259r\u0259m. Bizim kimi o q\u0259d\u0259r adamlar var ki. Yen\u0259 d\u0259 deyir\u0259m ki, \u0259g\u0259r biz\u0259 pul veribl\u0259rs\u0259, ortaya h\u0259r hans\u0131 bir s\u0259n\u0259d qoysunlar, bel\u0259 haqs\u0131zl\u0131q olmaz&#8221;.\n<\/p>\n<p>\n  D\u00f6vl\u0259t S\u0131\u011forta Kommersiya \u015eirk\u0259tind\u0259n Meydan TV-y\u0259 bildirilib ki, prezident \u0130lham \u018fliyevin bug\u00fcnl\u0259rd\u0259 imzalad\u0131\u011f\u0131 n\u00f6vb\u0259ti f\u0259rmandan sonra h\u0259rbi qulluq\u00e7ular\u0131n v\u0259r\u0259s\u0259l\u0259rin\u0259 bird\u0259f\u0259lik \u00f6d\u0259m\u0259l\u0259rin verilm\u0259si m\u0259s\u0259l\u0259si il\u0259 ba\u011fl\u0131 probleml\u0259r h\u0259ll olunacaq:\n<\/p>\n<p>\n  &#8220;Bug\u00fcnl\u0259rd\u0259 \u00f6lk\u0259 ba\u015f\u00e7\u0131s\u0131 vaxtil\u0259 m\u00fcavin\u0259t alm\u0131\u015f \u015f\u0259hid ail\u0259l\u0259rin\u0259 d\u0259 bird\u0259f\u0259lik \u00f6d\u0259m\u0259nin verilm\u0259si bar\u0259d\u0259 yeni f\u0259rman imzalay\u0131b. O vaxt h\u0259rbi qulluq\u00e7ular\u0131n ail\u0259l\u0259rin\u0259 50 min manat verilmi\u015fdi. Bu da c\u00fczi pul idi. Onlar\u0131n siyah\u0131s\u0131 \u018fm\u0259k v\u0259 \u018fhalinin Sosial M\u00fcdafi\u0259si Nazirliyind\u0259 var. H\u0259min siyah\u0131 art\u0131q l\u0259\u011fv olunub, mane\u0259 aradan qald\u0131r\u0131l\u0131b. B\u00fct\u00fcn ail\u0259l\u0259r m\u00fcraci\u0259t edib, pulunu ala bil\u0259r&#8221;.\n<\/p>\n<figure class=\"wp-block-image size-large\">\n  <img decoding=\"async\" src=\"https:\/\/www.meydan.tv\/az\/117260\/\" alt=\"\" class=\"wp-image-117260\"\/><figcaption><\/figcaption><\/figure>\n<p>\n  Prezident \u0130lham \u018fliyev \u00f6t\u0259n ilin aprelin 19-da \u201cAz\u0259rbaycan Respublikas\u0131n\u0131n \u0259razi b\u00fct\u00f6vl\u00fcy\u00fc u\u011frunda h\u0259lak olmu\u015f, \u00f6lm\u00fc\u015f v\u0259 h\u0259rbi \u0259m\u0259liyyatlarla \u0259laq\u0259dar x\u0259b\u0259rsiz itkin d\u00fc\u015fd\u00fcy\u00fcn\u0259 g\u00f6r\u0259 \u00f6lm\u00fc\u015f elan edilmi\u015f h\u0259rbi qulluq\u00e7ular\u0131n ail\u0259 \u00fczvl\u0259rinin sosial m\u00fcdafi\u0259sinin yax\u015f\u0131la\u015fd\u0131r\u0131lmas\u0131 il\u0259 ba\u011fl\u0131 \u0259lav\u0259 t\u0259dbirl\u0259r haqq\u0131nda\u201d f\u0259rman imzalay\u0131b.<br \/>\n  <br \/>\n  F\u0259rmana \u0259sas\u0259n \u015f\u0259hid h\u0259rbi qulluq\u00e7ular\u0131n v\u0259r\u0259s\u0259l\u0259rin\u0259 bird\u0259f\u0259lik \u00f6d\u0259m\u0259l\u0259rin (11 min manat) verilm\u0259si mexanizmini m\u00fc\u0259yy\u0259n ed\u0259n Qaydalar\u0131n layih\u0259si haz\u0131rlansa da, indiy\u0259 q\u0259d\u0259r bir \u00e7ox \u015f\u0259hid ail\u0259si m\u00fcavin\u0259tl\u0259rini ala bilm\u0259dikl\u0259rini deyirl\u0259r. Onlar \u00f6t\u0259n ilin sonlar\u0131nda m\u00fcxt\u0259lif qurumlar\u0131n \u00f6n\u00fcnd\u0259 aksiyalar ke\u00e7ir\u0259r\u0259k haqlar\u0131n\u0131 t\u0259l\u0259b edirdil\u0259r.\n<\/p>\n<p>\n  <a href=\"\/az\/article\/prezident-ve-birinci-xanim-sehid-aileleri-ile-gorusubler-yenilenib\/\"><br \/>\n    Yanvar\u0131n 28-d\u0259<br \/>\n  <\/a><br \/>\n  \u0130lham \u018fliyev v\u0259 xan\u0131m\u0131 Mehriban \u018fliyeva \u015f\u0259hid ail\u0259l\u0259ri il\u0259 g\u00f6r\u00fc\u015f ke\u00e7ir\u0259r\u0259k, problemin h\u0259ll olunaca\u011f\u0131n\u0131 deyib.\n<\/p>\n<p>\n  <a href=\"\/az\/article\/sehid-ailelerine-verilen-teqaudun-meblegi-artirildi\/\"><br \/>\n    Yanvar\u0131n 30-da<br \/>\n  <\/a><br \/>\n  \u0130lham \u018fliyev \u015f\u0259hid ail\u0259l\u0259rin\u0259 veril\u0259n prezident t\u0259qa\u00fcd\u00fcn\u00fcn art\u0131r\u0131lmas\u0131 il\u0259 ba\u011fl\u0131 f\u0259rman imzalay\u0131b.<\/p>\n","protected":false},"excerpt":{"rendered":"<p>&#8221;D\u00f6vl\u0259t deyirs\u0259, bel\u0259dir, daha n\u0259 ed\u0259 bil\u0259rik?&#8221;<\/p>\n","protected":false},"author":11,"featured_media":117254,"comment_status":"closed","ping_status":"open","sticky":false,"template":"","format":"standard","meta":{"_acf_changed":false,"_sitemap_exclude":false,"_sitemap_priority":"","_sitemap_frequency":"","footnotes":""},"categories":[60],"tags":[],"class_list":["post-193846","post","type-post","status-publish","format-standard","has-post-thumbnail","hentry","category-bolge","infinite-scroll-item","generate-columns","tablet-grid-50","mobile-grid-100","grid-parent","grid-33","no-featured-image-padding"],"acf":[],"yoast_head":"<!-- This site is optimized with the Yoast SEO plugin v27.4 - https:\/\/yoast.com\/product\/yoast-seo-wordpress\/ -->\n<title>\u015e\u0259hid xan\u0131m\u0131: Pulu verm\u0259kd\u0259n imtina ed\u0259nd\u0259 \u00f6z\u00fcm\u00fcz\u00fc t\u0259hqir olunmu\u015f hesab etdik - MEYDAN.TV<\/title>\n<meta name=\"robots\" content=\"index, follow, max-snippet:-1, max-image-preview:large, max-video-preview:-1\" \/>\n<link rel=\"canonical\" href=\"https:\/\/www.meydan.tv\/az\/article\/sehid-xanimi-pulu-vermekden-imtina-edende-ozumuzu-tehqir-olunmus-hesab-etdik\/\" \/>\n<meta property=\"og:locale\" content=\"az_AZ\" \/>\n<meta property=\"og:type\" content=\"article\" \/>\n<meta property=\"og:title\" content=\"\u015e\u0259hid xan\u0131m\u0131: Pulu verm\u0259kd\u0259n imtina ed\u0259nd\u0259 \u00f6z\u00fcm\u00fcz\u00fc t\u0259hqir olunmu\u015f hesab etdik - MEYDAN.TV\" \/>\n<meta property=\"og:description\" content=\"&#039;&#039;D\u00f6vl\u0259t deyirs\u0259, bel\u0259dir, daha n\u0259 ed\u0259 bil\u0259rik?&#039;&#039;\" \/>\n<meta property=\"og:url\" content=\"https:\/\/www.meydan.tv\/az\/article\/sehid-xanimi-pulu-vermekden-imtina-edende-ozumuzu-tehqir-olunmus-hesab-etdik\/\" \/>\n<meta property=\"og:site_name\" content=\"MEYDAN.TV\" \/>\n<meta property=\"article:published_time\" content=\"2019-02-05T18:04:02+00:00\" \/>\n<meta property=\"og:image\" content=\"https:\/\/www.meydan.tv\/wp-content\/uploads\/46746.jpg\" \/>\n\t<meta property=\"og:image:width\" content=\"960\" \/>\n\t<meta property=\"og:image:height\" content=\"720\" \/>\n\t<meta property=\"og:image:type\" content=\"image\/jpeg\" \/>\n<meta name=\"author\" content=\"user-manager\" \/>\n<meta name=\"twitter:card\" content=\"summary_large_image\" \/>\n<script type=\"application\/ld+json\" class=\"yoast-schema-graph\">{\"@context\":\"https:\\\/\\\/schema.org\",\"@graph\":[{\"@type\":\"Article\",\"@id\":\"https:\\\/\\\/www.meydan.tv\\\/az\\\/article\\\/sehid-xanimi-pulu-vermekden-imtina-edende-ozumuzu-tehqir-olunmus-hesab-etdik\\\/#article\",\"isPartOf\":{\"@id\":\"https:\\\/\\\/www.meydan.tv\\\/az\\\/article\\\/sehid-xanimi-pulu-vermekden-imtina-edende-ozumuzu-tehqir-olunmus-hesab-etdik\\\/\"},\"author\":{\"name\":\"user-manager\",\"@id\":\"https:\\\/\\\/www.meydan.tv\\\/az\\\/#\\\/schema\\\/person\\\/10d11eccf6da3662cf5fdab9806ea91a\"},\"headline\":\"\u015e\u0259hid xan\u0131m\u0131: Pulu verm\u0259kd\u0259n imtina ed\u0259nd\u0259 \u00f6z\u00fcm\u00fcz\u00fc t\u0259hqir olunmu\u015f hesab etdik\",\"datePublished\":\"2019-02-05T18:04:02+00:00\",\"mainEntityOfPage\":{\"@id\":\"https:\\\/\\\/www.meydan.tv\\\/az\\\/article\\\/sehid-xanimi-pulu-vermekden-imtina-edende-ozumuzu-tehqir-olunmus-hesab-etdik\\\/\"},\"wordCount\":775,\"publisher\":{\"@id\":\"https:\\\/\\\/www.meydan.tv\\\/az\\\/#organization\"},\"image\":{\"@id\":\"https:\\\/\\\/www.meydan.tv\\\/az\\\/article\\\/sehid-xanimi-pulu-vermekden-imtina-edende-ozumuzu-tehqir-olunmus-hesab-etdik\\\/#primaryimage\"},\"thumbnailUrl\":\"https:\\\/\\\/www.meydan.tv\\\/wp-content\\\/uploads\\\/46746.jpg\",\"articleSection\":[\"B\u00f6lg\u0259\"],\"inLanguage\":\"az\"},{\"@type\":\"WebPage\",\"@id\":\"https:\\\/\\\/www.meydan.tv\\\/az\\\/article\\\/sehid-xanimi-pulu-vermekden-imtina-edende-ozumuzu-tehqir-olunmus-hesab-etdik\\\/\",\"url\":\"https:\\\/\\\/www.meydan.tv\\\/az\\\/article\\\/sehid-xanimi-pulu-vermekden-imtina-edende-ozumuzu-tehqir-olunmus-hesab-etdik\\\/\",\"name\":\"\u015e\u0259hid xan\u0131m\u0131: Pulu verm\u0259kd\u0259n imtina ed\u0259nd\u0259 \u00f6z\u00fcm\u00fcz\u00fc t\u0259hqir olunmu\u015f hesab etdik - MEYDAN.TV\",\"isPartOf\":{\"@id\":\"https:\\\/\\\/www.meydan.tv\\\/az\\\/#website\"},\"primaryImageOfPage\":{\"@id\":\"https:\\\/\\\/www.meydan.tv\\\/az\\\/article\\\/sehid-xanimi-pulu-vermekden-imtina-edende-ozumuzu-tehqir-olunmus-hesab-etdik\\\/#primaryimage\"},\"image\":{\"@id\":\"https:\\\/\\\/www.meydan.tv\\\/az\\\/article\\\/sehid-xanimi-pulu-vermekden-imtina-edende-ozumuzu-tehqir-olunmus-hesab-etdik\\\/#primaryimage\"},\"thumbnailUrl\":\"https:\\\/\\\/www.meydan.tv\\\/wp-content\\\/uploads\\\/46746.jpg\",\"datePublished\":\"2019-02-05T18:04:02+00:00\",\"breadcrumb\":{\"@id\":\"https:\\\/\\\/www.meydan.tv\\\/az\\\/article\\\/sehid-xanimi-pulu-vermekden-imtina-edende-ozumuzu-tehqir-olunmus-hesab-etdik\\\/#breadcrumb\"},\"inLanguage\":\"az\",\"potentialAction\":[{\"@type\":\"ReadAction\",\"target\":[\"https:\\\/\\\/www.meydan.tv\\\/az\\\/article\\\/sehid-xanimi-pulu-vermekden-imtina-edende-ozumuzu-tehqir-olunmus-hesab-etdik\\\/\"]}]},{\"@type\":\"ImageObject\",\"inLanguage\":\"az\",\"@id\":\"https:\\\/\\\/www.meydan.tv\\\/az\\\/article\\\/sehid-xanimi-pulu-vermekden-imtina-edende-ozumuzu-tehqir-olunmus-hesab-etdik\\\/#primaryimage\",\"url\":\"https:\\\/\\\/www.meydan.tv\\\/wp-content\\\/uploads\\\/46746.jpg\",\"contentUrl\":\"https:\\\/\\\/www.meydan.tv\\\/wp-content\\\/uploads\\\/46746.jpg\",\"width\":960,\"height\":720,\"caption\":\"Source:\"},{\"@type\":\"BreadcrumbList\",\"@id\":\"https:\\\/\\\/www.meydan.tv\\\/az\\\/article\\\/sehid-xanimi-pulu-vermekden-imtina-edende-ozumuzu-tehqir-olunmus-hesab-etdik\\\/#breadcrumb\",\"itemListElement\":[{\"@type\":\"ListItem\",\"position\":1,\"name\":\"Ana s\u0259hif\u0259\",\"item\":\"https:\\\/\\\/www.meydan.tv\\\/az\\\/\"},{\"@type\":\"ListItem\",\"position\":2,\"name\":\"B\u00f6lg\u0259\",\"item\":\"https:\\\/\\\/www.meydan.tv\\\/az\\\/section\\\/bolge\\\/\"},{\"@type\":\"ListItem\",\"position\":3,\"name\":\"\u015e\u0259hid xan\u0131m\u0131: Pulu verm\u0259kd\u0259n imtina ed\u0259nd\u0259 \u00f6z\u00fcm\u00fcz\u00fc t\u0259hqir olunmu\u015f hesab etdik\"}]},{\"@type\":\"WebSite\",\"@id\":\"https:\\\/\\\/www.meydan.tv\\\/az\\\/#website\",\"url\":\"https:\\\/\\\/www.meydan.tv\\\/az\\\/\",\"name\":\"MEYDAN.TV\",\"description\":\"Meydan TV Az\u0259rbaycan\u0131n media m\u0259kan\u0131ndak\u0131 alternativ s\u0259sidir\",\"publisher\":{\"@id\":\"https:\\\/\\\/www.meydan.tv\\\/az\\\/#organization\"},\"potentialAction\":[{\"@type\":\"SearchAction\",\"target\":{\"@type\":\"EntryPoint\",\"urlTemplate\":\"https:\\\/\\\/www.meydan.tv\\\/az\\\/?s={search_term_string}\"},\"query-input\":{\"@type\":\"PropertyValueSpecification\",\"valueRequired\":true,\"valueName\":\"search_term_string\"}}],\"inLanguage\":\"az\"},{\"@type\":\"Organization\",\"@id\":\"https:\\\/\\\/www.meydan.tv\\\/az\\\/#organization\",\"name\":\"Meydan TV\",\"url\":\"https:\\\/\\\/www.meydan.tv\\\/az\\\/\",\"logo\":{\"@type\":\"ImageObject\",\"inLanguage\":\"az\",\"@id\":\"https:\\\/\\\/www.meydan.tv\\\/az\\\/#\\\/schema\\\/logo\\\/image\\\/\",\"url\":\"https:\\\/\\\/www.meydan.tv\\\/wp-content\\\/uploads\\\/2021\\\/07\\\/meydan-logo.svg\",\"contentUrl\":\"https:\\\/\\\/www.meydan.tv\\\/wp-content\\\/uploads\\\/2021\\\/07\\\/meydan-logo.svg\",\"width\":195,\"height\":46,\"caption\":\"Meydan TV\"},\"image\":{\"@id\":\"https:\\\/\\\/www.meydan.tv\\\/az\\\/#\\\/schema\\\/logo\\\/image\\\/\"}},{\"@type\":\"Person\",\"@id\":\"https:\\\/\\\/www.meydan.tv\\\/az\\\/#\\\/schema\\\/person\\\/10d11eccf6da3662cf5fdab9806ea91a\",\"name\":\"user-manager\"}]}<\/script>\n<!-- \/ Yoast SEO plugin. -->","yoast_head_json":{"title":"\u015e\u0259hid xan\u0131m\u0131: Pulu verm\u0259kd\u0259n imtina ed\u0259nd\u0259 \u00f6z\u00fcm\u00fcz\u00fc t\u0259hqir olunmu\u015f hesab etdik - MEYDAN.TV","robots":{"index":"index","follow":"follow","max-snippet":"max-snippet:-1","max-image-preview":"max-image-preview:large","max-video-preview":"max-video-preview:-1"},"canonical":"https:\/\/www.meydan.tv\/az\/article\/sehid-xanimi-pulu-vermekden-imtina-edende-ozumuzu-tehqir-olunmus-hesab-etdik\/","og_locale":"az_AZ","og_type":"article","og_title":"\u015e\u0259hid xan\u0131m\u0131: Pulu verm\u0259kd\u0259n imtina ed\u0259nd\u0259 \u00f6z\u00fcm\u00fcz\u00fc t\u0259hqir olunmu\u015f hesab etdik - MEYDAN.TV","og_description":"''D\u00f6vl\u0259t deyirs\u0259, bel\u0259dir, daha n\u0259 ed\u0259 bil\u0259rik?''","og_url":"https:\/\/www.meydan.tv\/az\/article\/sehid-xanimi-pulu-vermekden-imtina-edende-ozumuzu-tehqir-olunmus-hesab-etdik\/","og_site_name":"MEYDAN.TV","article_published_time":"2019-02-05T18:04:02+00:00","og_image":[{"width":960,"height":720,"url":"https:\/\/www.meydan.tv\/wp-content\/uploads\/46746.jpg","type":"image\/jpeg"}],"author":"user-manager","twitter_card":"summary_large_image","schema":{"@context":"https:\/\/schema.org","@graph":[{"@type":"Article","@id":"https:\/\/www.meydan.tv\/az\/article\/sehid-xanimi-pulu-vermekden-imtina-edende-ozumuzu-tehqir-olunmus-hesab-etdik\/#article","isPartOf":{"@id":"https:\/\/www.meydan.tv\/az\/article\/sehid-xanimi-pulu-vermekden-imtina-edende-ozumuzu-tehqir-olunmus-hesab-etdik\/"},"author":{"name":"user-manager","@id":"https:\/\/www.meydan.tv\/az\/#\/schema\/person\/10d11eccf6da3662cf5fdab9806ea91a"},"headline":"\u015e\u0259hid xan\u0131m\u0131: Pulu verm\u0259kd\u0259n imtina ed\u0259nd\u0259 \u00f6z\u00fcm\u00fcz\u00fc t\u0259hqir olunmu\u015f hesab etdik","datePublished":"2019-02-05T18:04:02+00:00","mainEntityOfPage":{"@id":"https:\/\/www.meydan.tv\/az\/article\/sehid-xanimi-pulu-vermekden-imtina-edende-ozumuzu-tehqir-olunmus-hesab-etdik\/"},"wordCount":775,"publisher":{"@id":"https:\/\/www.meydan.tv\/az\/#organization"},"image":{"@id":"https:\/\/www.meydan.tv\/az\/article\/sehid-xanimi-pulu-vermekden-imtina-edende-ozumuzu-tehqir-olunmus-hesab-etdik\/#primaryimage"},"thumbnailUrl":"https:\/\/www.meydan.tv\/wp-content\/uploads\/46746.jpg","articleSection":["B\u00f6lg\u0259"],"inLanguage":"az"},{"@type":"WebPage","@id":"https:\/\/www.meydan.tv\/az\/article\/sehid-xanimi-pulu-vermekden-imtina-edende-ozumuzu-tehqir-olunmus-hesab-etdik\/","url":"https:\/\/www.meydan.tv\/az\/article\/sehid-xanimi-pulu-vermekden-imtina-edende-ozumuzu-tehqir-olunmus-hesab-etdik\/","name":"\u015e\u0259hid xan\u0131m\u0131: Pulu verm\u0259kd\u0259n imtina ed\u0259nd\u0259 \u00f6z\u00fcm\u00fcz\u00fc t\u0259hqir olunmu\u015f hesab etdik - MEYDAN.TV","isPartOf":{"@id":"https:\/\/www.meydan.tv\/az\/#website"},"primaryImageOfPage":{"@id":"https:\/\/www.meydan.tv\/az\/article\/sehid-xanimi-pulu-vermekden-imtina-edende-ozumuzu-tehqir-olunmus-hesab-etdik\/#primaryimage"},"image":{"@id":"https:\/\/www.meydan.tv\/az\/article\/sehid-xanimi-pulu-vermekden-imtina-edende-ozumuzu-tehqir-olunmus-hesab-etdik\/#primaryimage"},"thumbnailUrl":"https:\/\/www.meydan.tv\/wp-content\/uploads\/46746.jpg","datePublished":"2019-02-05T18:04:02+00:00","breadcrumb":{"@id":"https:\/\/www.meydan.tv\/az\/article\/sehid-xanimi-pulu-vermekden-imtina-edende-ozumuzu-tehqir-olunmus-hesab-etdik\/#breadcrumb"},"inLanguage":"az","potentialAction":[{"@type":"ReadAction","target":["https:\/\/www.meydan.tv\/az\/article\/sehid-xanimi-pulu-vermekden-imtina-edende-ozumuzu-tehqir-olunmus-hesab-etdik\/"]}]},{"@type":"ImageObject","inLanguage":"az","@id":"https:\/\/www.meydan.tv\/az\/article\/sehid-xanimi-pulu-vermekden-imtina-edende-ozumuzu-tehqir-olunmus-hesab-etdik\/#primaryimage","url":"https:\/\/www.meydan.tv\/wp-content\/uploads\/46746.jpg","contentUrl":"https:\/\/www.meydan.tv\/wp-content\/uploads\/46746.jpg","width":960,"height":720,"caption":"Source:"},{"@type":"BreadcrumbList","@id":"https:\/\/www.meydan.tv\/az\/article\/sehid-xanimi-pulu-vermekden-imtina-edende-ozumuzu-tehqir-olunmus-hesab-etdik\/#breadcrumb","itemListElement":[{"@type":"ListItem","position":1,"name":"Ana s\u0259hif\u0259","item":"https:\/\/www.meydan.tv\/az\/"},{"@type":"ListItem","position":2,"name":"B\u00f6lg\u0259","item":"https:\/\/www.meydan.tv\/az\/section\/bolge\/"},{"@type":"ListItem","position":3,"name":"\u015e\u0259hid xan\u0131m\u0131: Pulu verm\u0259kd\u0259n imtina ed\u0259nd\u0259 \u00f6z\u00fcm\u00fcz\u00fc t\u0259hqir olunmu\u015f hesab etdik"}]},{"@type":"WebSite","@id":"https:\/\/www.meydan.tv\/az\/#website","url":"https:\/\/www.meydan.tv\/az\/","name":"MEYDAN.TV","description":"Meydan TV Az\u0259rbaycan\u0131n media m\u0259kan\u0131ndak\u0131 alternativ s\u0259sidir","publisher":{"@id":"https:\/\/www.meydan.tv\/az\/#organization"},"potentialAction":[{"@type":"SearchAction","target":{"@type":"EntryPoint","urlTemplate":"https:\/\/www.meydan.tv\/az\/?s={search_term_string}"},"query-input":{"@type":"PropertyValueSpecification","valueRequired":true,"valueName":"search_term_string"}}],"inLanguage":"az"},{"@type":"Organization","@id":"https:\/\/www.meydan.tv\/az\/#organization","name":"Meydan TV","url":"https:\/\/www.meydan.tv\/az\/","logo":{"@type":"ImageObject","inLanguage":"az","@id":"https:\/\/www.meydan.tv\/az\/#\/schema\/logo\/image\/","url":"https:\/\/www.meydan.tv\/wp-content\/uploads\/2021\/07\/meydan-logo.svg","contentUrl":"https:\/\/www.meydan.tv\/wp-content\/uploads\/2021\/07\/meydan-logo.svg","width":195,"height":46,"caption":"Meydan TV"},"image":{"@id":"https:\/\/www.meydan.tv\/az\/#\/schema\/logo\/image\/"}},{"@type":"Person","@id":"https:\/\/www.meydan.tv\/az\/#\/schema\/person\/10d11eccf6da3662cf5fdab9806ea91a","name":"user-manager"}]}},"_links":{"self":[{"href":"https:\/\/www.meydan.tv\/az\/wp-json\/wp\/v2\/posts\/193846","targetHints":{"allow":["GET"]}}],"collection":[{"href":"https:\/\/www.meydan.tv\/az\/wp-json\/wp\/v2\/posts"}],"about":[{"href":"https:\/\/www.meydan.tv\/az\/wp-json\/wp\/v2\/types\/post"}],"author":[{"embeddable":true,"href":"https:\/\/www.meydan.tv\/az\/wp-json\/wp\/v2\/users\/11"}],"replies":[{"embeddable":true,"href":"https:\/\/www.meydan.tv\/az\/wp-json\/wp\/v2\/comments?post=193846"}],"version-history":[{"count":0,"href":"https:\/\/www.meydan.tv\/az\/wp-json\/wp\/v2\/posts\/193846\/revisions"}],"wp:featuredmedia":[{"embeddable":true,"href":"https:\/\/www.meydan.tv\/az\/wp-json\/wp\/v2\/media\/117254"}],"wp:attachment":[{"href":"https:\/\/www.meydan.tv\/az\/wp-json\/wp\/v2\/media?parent=193846"}],"wp:term":[{"taxonomy":"category","embeddable":true,"href":"https:\/\/www.meydan.tv\/az\/wp-json\/wp\/v2\/categories?post=193846"},{"taxonomy":"post_tag","embeddable":true,"href":"https:\/\/www.meydan.tv\/az\/wp-json\/wp\/v2\/tags?post=193846"}],"curies":[{"name":"wp","href":"https:\/\/api.w.org\/{rel}","templated":true}]}}