{"id":193816,"date":"2019-02-04T15:21:26","date_gmt":"2019-02-04T15:21:26","guid":{"rendered":"https:\/\/www.meydan.tv\/article\/zelzele-evimizi-dagidib-maraqlanan-yoxdur\/"},"modified":"2019-02-04T15:21:26","modified_gmt":"2019-02-04T15:21:26","slug":"zelzele-evimizi-dagidib-maraqlanan-yoxdur","status":"publish","type":"post","link":"https:\/\/www.meydan.tv\/az\/article\/zelzele-evimizi-dagidib-maraqlanan-yoxdur\/","title":{"rendered":"&#8221;Z\u0259lz\u0259l\u0259 evimizi da\u011f\u0131d\u0131b, maraqlanan yoxdur&#8221;"},"content":{"rendered":"<figure class=\"wp-block-image size-large\">\n  <img decoding=\"async\" src=\"https:\/\/www.meydan.tv\/az\/116893\/\" alt=\"\" class=\"wp-image-116893\"\/><figcaption><\/figcaption><\/figure>\n<p>\n  <i><br \/>\n    Leriklil\u0259r \u015fikay\u0259tl\u0259rinin ara\u015fd\u0131r\u0131lmad\u0131\u011f\u0131n\u0131 deyirl\u0259r<br \/>\n  <\/i>\n<\/p>\n<p>\n  Lerik rayonu Q\u0131\u015flaq v\u0259 Siyov k\u0259ndinin sakinl\u0259ri naraz\u0131l\u0131q edir. Onlar\u0131n \u015fikay\u0259ti u\u00e7ulub-da\u011f\u0131lan, q\u0259zal\u0131 v\u0259ziyy\u0259t\u0259 d\u00fc\u015f\u0259n evl\u0259ri il\u0259 ba\u011fl\u0131d\u0131r.\n<\/p>\n<p>\n  Siyov k\u0259nd sakini F\u0259rhad Muradov Meydan TV-y\u0259 deyir ki, Ekologiya v\u0259 T\u0259bii S\u0259rv\u0259tl\u0259r Nazirliyin\u0259, Prezident Adminstrasiyas\u0131na, Birinci vitse-prezident Mehriban \u018fliyevaya d\u0259f\u0259l\u0259rl\u0259 m\u0259ktub yaz\u0131b. \u015eikay\u0259ti yerli icra hakimiyy\u0259tin\u0259 y\u00f6nl\u0259ndirilib, amma n\u0259tic\u0259si olmay\u0131b.\n<\/p>\n<figure class=\"wp-block-image size-large\">\n  <img decoding=\"async\" src=\"https:\/\/www.meydan.tv\/az\/ferhad-muradov\/\" alt=\"F\u0259rhad Muradov\" class=\"wp-image-116896\"\/><figcaption>\n    F\u0259rhad Muradov<br \/>\n  <\/figcaption><\/figure>\n<p>\n  &#8220;\u0130cra da m\u0259s\u0259l\u0259 il\u0259 ba\u011fl\u0131 F\u00f6vq\u0259lad\u0259 Hallar Nazirliyin\u0259 m\u00fcraci\u0259t edib. Nazirliyin n\u00fcmay\u0259nd\u0259l\u0259ri g\u0259lib, ev\u0259 bax\u0131\u015f ke\u00e7iribl\u0259r. Q\u0259zal\u0131 oldu\u011funu t\u0259sdiql\u0259yibl\u0259r v\u0259 q\u0131sa zamanda yard\u0131m ed\u0259c\u0259kl\u0259rini bildiribl\u0259r. Amma h\u0259l\u0259 d\u0259 g\u00f6zl\u0259yirik, he\u00e7 bir n\u0259tic\u0259 yoxdur&#8221;, &#8211; F\u0259rhad Muradov bel\u0259 deyir:\n<\/p>\n<p>\n  &#8220;Be\u015f k\u00f6rp\u0259 u\u015fa\u011f\u0131m var, \u0259sas onlara g\u00f6r\u0259 narahatam. K\u00f6hn\u0259 evdir, 1970-ci ild\u0259 mi\u015far da\u015f\u0131, \u00e7ay da\u015f\u0131 v\u0259 sementl\u0259 tikilib. 1997-ci ild\u0259 7 bal g\u00fcc\u00fcnd\u0259 z\u0259lz\u0259l\u0259d\u0259n sonra ev tamamil\u0259 yarars\u0131z v\u0259ziyy\u0259t\u0259 d\u00fc\u015fd\u00fc. \u018flli ilin evidir, u\u00e7ulub-da\u011f\u0131l\u0131r, z\u0259lz\u0259l\u0259l\u0259r, ya\u011f\u0131\u015flar, torpaq s\u00fcr\u00fc\u015fm\u0259l\u0259ri v\u0259ziyy\u0259ti daha da a\u011f\u0131rla\u015fd\u0131r\u0131b. \u0130ndi d\u0259 evin a\u015fa\u011f\u0131 hiss\u0259si s\u00fcr\u00fc\u015f\u0259r\u0259k, gedir. Bu ac\u0131nacaql\u0131 durumu Lerik Rayon \u0130cra Hakimiyy\u0259ti ba\u015f\u00e7\u0131s\u0131n\u0131n Siyov k\u0259nd inzibati \u0259razi dair\u0259si \u00fczr\u0259 n\u00fcmay\u0259nd\u0259si d\u0259 t\u0259sdiql\u0259yib. Amma bir \u00e7ar\u0259 tapm\u0131rlar, daha ora-bura m\u0259ktub yazmaqdan da yorulmu\u015fam&#8221;.\n<\/p>\n<figure class=\"wp-block-image size-large\">\n  <img decoding=\"async\" src=\"https:\/\/www.meydan.tv\/az\/adil-sahverdiyev\/\" alt=\"Adil \u015eahverdiyev\" class=\"wp-image-116897\"\/><figcaption>\n    Adil \u015eahverdiyev<br \/>\n  <\/figcaption><\/figure>\n<p>\n  Q\u0131\u015flaq k\u0259nd sakini Adil \u015eahverdiyev d\u0259 h\u0259mk\u0259ndlisi il\u0259 eyni d\u0259rdd\u0259dir. S\u00f6yl\u0259yir ki, \u0259traf k\u0259ndl\u0259rd\u0259 d\u0259 v\u0259ziyy\u0259t t\u0259xmin\u0259n eynidir:\n<\/p>\n<p>\n  &#8220;\u018fvv\u0259lc\u0259, 1997-ci ild\u0259 ba\u015f ver\u0259n 7 ball\u0131q z\u0259lz\u0259l\u0259 evl\u0259ri da\u011f\u0131td\u0131. Ard\u0131nca da \u00f6t\u0259nilki 5,1 ball\u0131q z\u0259lz\u0259l\u0259 v\u0259ziyy\u0259ti daha da a\u011f\u0131rla\u015fd\u0131rd\u0131. 2005-ci ild\u0259n h\u0259r yer\u0259 \u015fikay\u0259t m\u0259ktubu yaz\u0131ram, \u00f6lk\u0259 ba\u015f\u00e7\u0131s\u0131 \u0130lham \u018fliyev\u0259, Birinci vitse-prezident Mehriban \u018fliyevaya da d\u0259f\u0259l\u0259rl\u0259 m\u00fcraci\u0259t etmi\u015f\u0259m. Amma \u015fikay\u0259tim\u0259 baxan yoxdur. Ke\u00e7\u0259n ilin avqustunda olan z\u0259lz\u0259l\u0259d\u0259 evim dem\u0259k olar, da\u011f\u0131ld\u0131. \u0130mkan\u0131m yoxdur ki, t\u0259mir edim. Bir o\u011flum var, he\u00e7 ona toy edib, bir yana \u00e7\u0131xara bilmir\u0259m&#8221;.\n<\/p>\n<figure class=\"wp-block-image size-large\">\n  <img decoding=\"async\" src=\"https:\/\/www.meydan.tv\/az\/116900\/\" alt=\"\" class=\"wp-image-116900\"\/><figcaption><\/figcaption><\/figure>\n<p>\n  Lerik Rayon \u0130cra Hakimiyy\u0259tind\u0259n Meydan TV-y\u0259 bildirilib ki, \u015fikay\u0259tl\u0259r F\u00f6vq\u0259lad\u0259 Hallar Nazirliyin\u0259 y\u00f6nl\u0259ndirilib. Nazirlikd\u0259n olan m\u00fct\u0259x\u0259ssisl\u0259r evl\u0259r\u0259 bax\u0131\u015f ke\u00e7irib v\u0259 q\u0259zal\u0131 v\u0259ziyy\u0259td\u0259 oldu\u011fu t\u0259sdiql\u0259nib. G\u0259l\u0259c\u0259kd\u0259 t\u0259mir-b\u0259rpa i\u015fl\u0259ri h\u0259min qurum t\u0259r\u0259find\u0259n h\u0259yata ke\u00e7iril\u0259c\u0259k. Q\u0259zal\u0131 evl\u0259rl\u0259 ba\u011fl\u0131 icra hakimiyy\u0259tind\u0259 hec c\u00fcr v\u0259sait n\u0259z\u0259rd\u0259 tutulmur.\n<\/p>\n<figure class=\"wp-block-image size-large\">\n  <img decoding=\"async\" src=\"https:\/\/www.meydan.tv\/az\/116903\/\" alt=\"\" class=\"wp-image-116903\"\/><figcaption><\/figcaption><\/figure>\n<figure class=\"wp-block-image size-large\">\n  <img decoding=\"async\" src=\"https:\/\/www.meydan.tv\/az\/116906\/\" alt=\"\" class=\"wp-image-116906\"\/><figcaption><\/figcaption><\/figure>\n<figure class=\"wp-block-image size-large\">\n  <img decoding=\"async\" src=\"https:\/\/www.meydan.tv\/az\/116909\/\" alt=\"\" class=\"wp-image-116909\"\/><figcaption><\/figcaption><\/figure>\n","protected":false},"excerpt":{"rendered":"<p>Leriklil\u0259r \u015fikay\u0259tl\u0259rinin ara\u015fd\u0131r\u0131lmad\u0131\u011f\u0131n\u0131 deyirl\u0259r<\/p>\n","protected":false},"author":11,"featured_media":116893,"comment_status":"closed","ping_status":"open","sticky":false,"template":"","format":"standard","meta":{"_acf_changed":false,"_sitemap_exclude":false,"_sitemap_priority":"","_sitemap_frequency":"","footnotes":""},"categories":[60],"tags":[],"class_list":["post-193816","post","type-post","status-publish","format-standard","has-post-thumbnail","hentry","category-bolge","infinite-scroll-item","generate-columns","tablet-grid-50","mobile-grid-100","grid-parent","grid-33","no-featured-image-padding"],"acf":[],"yoast_head":"<!-- This site is optimized with the Yoast SEO plugin v27.4 - https:\/\/yoast.com\/product\/yoast-seo-wordpress\/ -->\n<title>&#039;&#039;Z\u0259lz\u0259l\u0259 evimizi da\u011f\u0131d\u0131b, maraqlanan yoxdur&#039;&#039; - MEYDAN.TV<\/title>\n<meta name=\"robots\" content=\"index, follow, max-snippet:-1, max-image-preview:large, max-video-preview:-1\" \/>\n<link rel=\"canonical\" href=\"https:\/\/www.meydan.tv\/az\/article\/zelzele-evimizi-dagidib-maraqlanan-yoxdur\/\" \/>\n<meta property=\"og:locale\" content=\"az_AZ\" \/>\n<meta property=\"og:type\" content=\"article\" \/>\n<meta property=\"og:title\" content=\"&#039;&#039;Z\u0259lz\u0259l\u0259 evimizi da\u011f\u0131d\u0131b, maraqlanan yoxdur&#039;&#039; - MEYDAN.TV\" \/>\n<meta property=\"og:description\" content=\"Leriklil\u0259r \u015fikay\u0259tl\u0259rinin ara\u015fd\u0131r\u0131lmad\u0131\u011f\u0131n\u0131 deyirl\u0259r\" \/>\n<meta property=\"og:url\" content=\"https:\/\/www.meydan.tv\/az\/article\/zelzele-evimizi-dagidib-maraqlanan-yoxdur\/\" \/>\n<meta property=\"og:site_name\" content=\"MEYDAN.TV\" \/>\n<meta property=\"article:published_time\" content=\"2019-02-04T15:21:26+00:00\" \/>\n<meta property=\"og:image\" content=\"https:\/\/www.meydan.tv\/wp-content\/uploads\/46700.jpg\" \/>\n\t<meta property=\"og:image:width\" content=\"960\" \/>\n\t<meta property=\"og:image:height\" content=\"720\" \/>\n\t<meta property=\"og:image:type\" content=\"image\/jpeg\" \/>\n<meta name=\"author\" content=\"user-manager\" \/>\n<meta name=\"twitter:card\" content=\"summary_large_image\" \/>\n<script type=\"application\/ld+json\" class=\"yoast-schema-graph\">{\"@context\":\"https:\\\/\\\/schema.org\",\"@graph\":[{\"@type\":\"Article\",\"@id\":\"https:\\\/\\\/www.meydan.tv\\\/az\\\/article\\\/zelzele-evimizi-dagidib-maraqlanan-yoxdur\\\/#article\",\"isPartOf\":{\"@id\":\"https:\\\/\\\/www.meydan.tv\\\/az\\\/article\\\/zelzele-evimizi-dagidib-maraqlanan-yoxdur\\\/\"},\"author\":{\"name\":\"user-manager\",\"@id\":\"https:\\\/\\\/www.meydan.tv\\\/az\\\/#\\\/schema\\\/person\\\/10d11eccf6da3662cf5fdab9806ea91a\"},\"headline\":\"&#8221;Z\u0259lz\u0259l\u0259 evimizi da\u011f\u0131d\u0131b, maraqlanan yoxdur&#8221;\",\"datePublished\":\"2019-02-04T15:21:26+00:00\",\"mainEntityOfPage\":{\"@id\":\"https:\\\/\\\/www.meydan.tv\\\/az\\\/article\\\/zelzele-evimizi-dagidib-maraqlanan-yoxdur\\\/\"},\"wordCount\":533,\"publisher\":{\"@id\":\"https:\\\/\\\/www.meydan.tv\\\/az\\\/#organization\"},\"image\":{\"@id\":\"https:\\\/\\\/www.meydan.tv\\\/az\\\/article\\\/zelzele-evimizi-dagidib-maraqlanan-yoxdur\\\/#primaryimage\"},\"thumbnailUrl\":\"https:\\\/\\\/www.meydan.tv\\\/wp-content\\\/uploads\\\/46700.jpg\",\"articleSection\":[\"B\u00f6lg\u0259\"],\"inLanguage\":\"az\"},{\"@type\":\"WebPage\",\"@id\":\"https:\\\/\\\/www.meydan.tv\\\/az\\\/article\\\/zelzele-evimizi-dagidib-maraqlanan-yoxdur\\\/\",\"url\":\"https:\\\/\\\/www.meydan.tv\\\/az\\\/article\\\/zelzele-evimizi-dagidib-maraqlanan-yoxdur\\\/\",\"name\":\"''Z\u0259lz\u0259l\u0259 evimizi da\u011f\u0131d\u0131b, maraqlanan yoxdur'' - MEYDAN.TV\",\"isPartOf\":{\"@id\":\"https:\\\/\\\/www.meydan.tv\\\/az\\\/#website\"},\"primaryImageOfPage\":{\"@id\":\"https:\\\/\\\/www.meydan.tv\\\/az\\\/article\\\/zelzele-evimizi-dagidib-maraqlanan-yoxdur\\\/#primaryimage\"},\"image\":{\"@id\":\"https:\\\/\\\/www.meydan.tv\\\/az\\\/article\\\/zelzele-evimizi-dagidib-maraqlanan-yoxdur\\\/#primaryimage\"},\"thumbnailUrl\":\"https:\\\/\\\/www.meydan.tv\\\/wp-content\\\/uploads\\\/46700.jpg\",\"datePublished\":\"2019-02-04T15:21:26+00:00\",\"breadcrumb\":{\"@id\":\"https:\\\/\\\/www.meydan.tv\\\/az\\\/article\\\/zelzele-evimizi-dagidib-maraqlanan-yoxdur\\\/#breadcrumb\"},\"inLanguage\":\"az\",\"potentialAction\":[{\"@type\":\"ReadAction\",\"target\":[\"https:\\\/\\\/www.meydan.tv\\\/az\\\/article\\\/zelzele-evimizi-dagidib-maraqlanan-yoxdur\\\/\"]}]},{\"@type\":\"ImageObject\",\"inLanguage\":\"az\",\"@id\":\"https:\\\/\\\/www.meydan.tv\\\/az\\\/article\\\/zelzele-evimizi-dagidib-maraqlanan-yoxdur\\\/#primaryimage\",\"url\":\"https:\\\/\\\/www.meydan.tv\\\/wp-content\\\/uploads\\\/46700.jpg\",\"contentUrl\":\"https:\\\/\\\/www.meydan.tv\\\/wp-content\\\/uploads\\\/46700.jpg\",\"width\":960,\"height\":720,\"caption\":\"Source:\"},{\"@type\":\"BreadcrumbList\",\"@id\":\"https:\\\/\\\/www.meydan.tv\\\/az\\\/article\\\/zelzele-evimizi-dagidib-maraqlanan-yoxdur\\\/#breadcrumb\",\"itemListElement\":[{\"@type\":\"ListItem\",\"position\":1,\"name\":\"Ana s\u0259hif\u0259\",\"item\":\"https:\\\/\\\/www.meydan.tv\\\/az\\\/\"},{\"@type\":\"ListItem\",\"position\":2,\"name\":\"B\u00f6lg\u0259\",\"item\":\"https:\\\/\\\/www.meydan.tv\\\/az\\\/section\\\/bolge\\\/\"},{\"@type\":\"ListItem\",\"position\":3,\"name\":\"&#8221;Z\u0259lz\u0259l\u0259 evimizi da\u011f\u0131d\u0131b, maraqlanan yoxdur&#8221;\"}]},{\"@type\":\"WebSite\",\"@id\":\"https:\\\/\\\/www.meydan.tv\\\/az\\\/#website\",\"url\":\"https:\\\/\\\/www.meydan.tv\\\/az\\\/\",\"name\":\"MEYDAN.TV\",\"description\":\"Meydan TV Az\u0259rbaycan\u0131n media m\u0259kan\u0131ndak\u0131 alternativ s\u0259sidir\",\"publisher\":{\"@id\":\"https:\\\/\\\/www.meydan.tv\\\/az\\\/#organization\"},\"potentialAction\":[{\"@type\":\"SearchAction\",\"target\":{\"@type\":\"EntryPoint\",\"urlTemplate\":\"https:\\\/\\\/www.meydan.tv\\\/az\\\/?s={search_term_string}\"},\"query-input\":{\"@type\":\"PropertyValueSpecification\",\"valueRequired\":true,\"valueName\":\"search_term_string\"}}],\"inLanguage\":\"az\"},{\"@type\":\"Organization\",\"@id\":\"https:\\\/\\\/www.meydan.tv\\\/az\\\/#organization\",\"name\":\"Meydan TV\",\"url\":\"https:\\\/\\\/www.meydan.tv\\\/az\\\/\",\"logo\":{\"@type\":\"ImageObject\",\"inLanguage\":\"az\",\"@id\":\"https:\\\/\\\/www.meydan.tv\\\/az\\\/#\\\/schema\\\/logo\\\/image\\\/\",\"url\":\"https:\\\/\\\/www.meydan.tv\\\/wp-content\\\/uploads\\\/2021\\\/07\\\/meydan-logo.svg\",\"contentUrl\":\"https:\\\/\\\/www.meydan.tv\\\/wp-content\\\/uploads\\\/2021\\\/07\\\/meydan-logo.svg\",\"width\":195,\"height\":46,\"caption\":\"Meydan TV\"},\"image\":{\"@id\":\"https:\\\/\\\/www.meydan.tv\\\/az\\\/#\\\/schema\\\/logo\\\/image\\\/\"}},{\"@type\":\"Person\",\"@id\":\"https:\\\/\\\/www.meydan.tv\\\/az\\\/#\\\/schema\\\/person\\\/10d11eccf6da3662cf5fdab9806ea91a\",\"name\":\"user-manager\"}]}<\/script>\n<!-- \/ Yoast SEO plugin. -->","yoast_head_json":{"title":"''Z\u0259lz\u0259l\u0259 evimizi da\u011f\u0131d\u0131b, maraqlanan yoxdur'' - MEYDAN.TV","robots":{"index":"index","follow":"follow","max-snippet":"max-snippet:-1","max-image-preview":"max-image-preview:large","max-video-preview":"max-video-preview:-1"},"canonical":"https:\/\/www.meydan.tv\/az\/article\/zelzele-evimizi-dagidib-maraqlanan-yoxdur\/","og_locale":"az_AZ","og_type":"article","og_title":"''Z\u0259lz\u0259l\u0259 evimizi da\u011f\u0131d\u0131b, maraqlanan yoxdur'' - MEYDAN.TV","og_description":"Leriklil\u0259r \u015fikay\u0259tl\u0259rinin ara\u015fd\u0131r\u0131lmad\u0131\u011f\u0131n\u0131 deyirl\u0259r","og_url":"https:\/\/www.meydan.tv\/az\/article\/zelzele-evimizi-dagidib-maraqlanan-yoxdur\/","og_site_name":"MEYDAN.TV","article_published_time":"2019-02-04T15:21:26+00:00","og_image":[{"width":960,"height":720,"url":"https:\/\/www.meydan.tv\/wp-content\/uploads\/46700.jpg","type":"image\/jpeg"}],"author":"user-manager","twitter_card":"summary_large_image","schema":{"@context":"https:\/\/schema.org","@graph":[{"@type":"Article","@id":"https:\/\/www.meydan.tv\/az\/article\/zelzele-evimizi-dagidib-maraqlanan-yoxdur\/#article","isPartOf":{"@id":"https:\/\/www.meydan.tv\/az\/article\/zelzele-evimizi-dagidib-maraqlanan-yoxdur\/"},"author":{"name":"user-manager","@id":"https:\/\/www.meydan.tv\/az\/#\/schema\/person\/10d11eccf6da3662cf5fdab9806ea91a"},"headline":"&#8221;Z\u0259lz\u0259l\u0259 evimizi da\u011f\u0131d\u0131b, maraqlanan yoxdur&#8221;","datePublished":"2019-02-04T15:21:26+00:00","mainEntityOfPage":{"@id":"https:\/\/www.meydan.tv\/az\/article\/zelzele-evimizi-dagidib-maraqlanan-yoxdur\/"},"wordCount":533,"publisher":{"@id":"https:\/\/www.meydan.tv\/az\/#organization"},"image":{"@id":"https:\/\/www.meydan.tv\/az\/article\/zelzele-evimizi-dagidib-maraqlanan-yoxdur\/#primaryimage"},"thumbnailUrl":"https:\/\/www.meydan.tv\/wp-content\/uploads\/46700.jpg","articleSection":["B\u00f6lg\u0259"],"inLanguage":"az"},{"@type":"WebPage","@id":"https:\/\/www.meydan.tv\/az\/article\/zelzele-evimizi-dagidib-maraqlanan-yoxdur\/","url":"https:\/\/www.meydan.tv\/az\/article\/zelzele-evimizi-dagidib-maraqlanan-yoxdur\/","name":"''Z\u0259lz\u0259l\u0259 evimizi da\u011f\u0131d\u0131b, maraqlanan yoxdur'' - MEYDAN.TV","isPartOf":{"@id":"https:\/\/www.meydan.tv\/az\/#website"},"primaryImageOfPage":{"@id":"https:\/\/www.meydan.tv\/az\/article\/zelzele-evimizi-dagidib-maraqlanan-yoxdur\/#primaryimage"},"image":{"@id":"https:\/\/www.meydan.tv\/az\/article\/zelzele-evimizi-dagidib-maraqlanan-yoxdur\/#primaryimage"},"thumbnailUrl":"https:\/\/www.meydan.tv\/wp-content\/uploads\/46700.jpg","datePublished":"2019-02-04T15:21:26+00:00","breadcrumb":{"@id":"https:\/\/www.meydan.tv\/az\/article\/zelzele-evimizi-dagidib-maraqlanan-yoxdur\/#breadcrumb"},"inLanguage":"az","potentialAction":[{"@type":"ReadAction","target":["https:\/\/www.meydan.tv\/az\/article\/zelzele-evimizi-dagidib-maraqlanan-yoxdur\/"]}]},{"@type":"ImageObject","inLanguage":"az","@id":"https:\/\/www.meydan.tv\/az\/article\/zelzele-evimizi-dagidib-maraqlanan-yoxdur\/#primaryimage","url":"https:\/\/www.meydan.tv\/wp-content\/uploads\/46700.jpg","contentUrl":"https:\/\/www.meydan.tv\/wp-content\/uploads\/46700.jpg","width":960,"height":720,"caption":"Source:"},{"@type":"BreadcrumbList","@id":"https:\/\/www.meydan.tv\/az\/article\/zelzele-evimizi-dagidib-maraqlanan-yoxdur\/#breadcrumb","itemListElement":[{"@type":"ListItem","position":1,"name":"Ana s\u0259hif\u0259","item":"https:\/\/www.meydan.tv\/az\/"},{"@type":"ListItem","position":2,"name":"B\u00f6lg\u0259","item":"https:\/\/www.meydan.tv\/az\/section\/bolge\/"},{"@type":"ListItem","position":3,"name":"&#8221;Z\u0259lz\u0259l\u0259 evimizi da\u011f\u0131d\u0131b, maraqlanan yoxdur&#8221;"}]},{"@type":"WebSite","@id":"https:\/\/www.meydan.tv\/az\/#website","url":"https:\/\/www.meydan.tv\/az\/","name":"MEYDAN.TV","description":"Meydan TV Az\u0259rbaycan\u0131n media m\u0259kan\u0131ndak\u0131 alternativ s\u0259sidir","publisher":{"@id":"https:\/\/www.meydan.tv\/az\/#organization"},"potentialAction":[{"@type":"SearchAction","target":{"@type":"EntryPoint","urlTemplate":"https:\/\/www.meydan.tv\/az\/?s={search_term_string}"},"query-input":{"@type":"PropertyValueSpecification","valueRequired":true,"valueName":"search_term_string"}}],"inLanguage":"az"},{"@type":"Organization","@id":"https:\/\/www.meydan.tv\/az\/#organization","name":"Meydan TV","url":"https:\/\/www.meydan.tv\/az\/","logo":{"@type":"ImageObject","inLanguage":"az","@id":"https:\/\/www.meydan.tv\/az\/#\/schema\/logo\/image\/","url":"https:\/\/www.meydan.tv\/wp-content\/uploads\/2021\/07\/meydan-logo.svg","contentUrl":"https:\/\/www.meydan.tv\/wp-content\/uploads\/2021\/07\/meydan-logo.svg","width":195,"height":46,"caption":"Meydan TV"},"image":{"@id":"https:\/\/www.meydan.tv\/az\/#\/schema\/logo\/image\/"}},{"@type":"Person","@id":"https:\/\/www.meydan.tv\/az\/#\/schema\/person\/10d11eccf6da3662cf5fdab9806ea91a","name":"user-manager"}]}},"_links":{"self":[{"href":"https:\/\/www.meydan.tv\/az\/wp-json\/wp\/v2\/posts\/193816","targetHints":{"allow":["GET"]}}],"collection":[{"href":"https:\/\/www.meydan.tv\/az\/wp-json\/wp\/v2\/posts"}],"about":[{"href":"https:\/\/www.meydan.tv\/az\/wp-json\/wp\/v2\/types\/post"}],"author":[{"embeddable":true,"href":"https:\/\/www.meydan.tv\/az\/wp-json\/wp\/v2\/users\/11"}],"replies":[{"embeddable":true,"href":"https:\/\/www.meydan.tv\/az\/wp-json\/wp\/v2\/comments?post=193816"}],"version-history":[{"count":0,"href":"https:\/\/www.meydan.tv\/az\/wp-json\/wp\/v2\/posts\/193816\/revisions"}],"wp:featuredmedia":[{"embeddable":true,"href":"https:\/\/www.meydan.tv\/az\/wp-json\/wp\/v2\/media\/116893"}],"wp:attachment":[{"href":"https:\/\/www.meydan.tv\/az\/wp-json\/wp\/v2\/media?parent=193816"}],"wp:term":[{"taxonomy":"category","embeddable":true,"href":"https:\/\/www.meydan.tv\/az\/wp-json\/wp\/v2\/categories?post=193816"},{"taxonomy":"post_tag","embeddable":true,"href":"https:\/\/www.meydan.tv\/az\/wp-json\/wp\/v2\/tags?post=193816"}],"curies":[{"name":"wp","href":"https:\/\/api.w.org\/{rel}","templated":true}]}}