{"id":193810,"date":"2019-02-03T18:31:50","date_gmt":"2019-02-03T18:31:50","guid":{"rendered":"https:\/\/www.meydan.tv\/article\/kemaleddin-heyderov-torpaqlarimizi-elimizden-alir\/"},"modified":"2019-02-03T18:31:50","modified_gmt":"2019-02-03T18:31:50","slug":"kemaleddin-heyderov-torpaqlarimizi-elimizden-alir","status":"publish","type":"post","link":"https:\/\/www.meydan.tv\/az\/article\/kemaleddin-heyderov-torpaqlarimizi-elimizden-alir\/","title":{"rendered":"&#8221;K\u0259mal\u0259ddin Heyd\u0259rov torpaqlar\u0131m\u0131z\u0131 \u0259limizd\u0259n al\u0131r&#8221;"},"content":{"rendered":"<figure class=\"wp-block-image size-large\">\n  <img decoding=\"async\" src=\"https:\/\/www.meydan.tv\/az\/117164\/\" alt=\"\" class=\"wp-image-117164\"\/><figcaption><\/figcaption><\/figure>\n<p>\n  &#8220;Fermerl\u0259rin 15 illik icar\u0259y\u0259 g\u00f6t\u00fcrd\u00fckl\u0259ri \u00f6r\u00fc\u015f sah\u0259l\u0259rini \u0259ll\u0259rind\u0259n al\u0131b, gah pamb\u0131q \u0259kirl\u0259r, gah da orada ba\u015fqa t\u0259s\u0259rr\u00fcfat yaradacaqlar\u0131n\u0131 deyirl\u0259r. \u018fslind\u0259 is\u0259 m\u0259s\u0259l\u0259 f\u0259rqlidir. F\u00f6vq\u0259lad\u0259 hallar naziri K\u0259mal\u0259ddin Heyd\u0259rov rayon r\u0259hb\u0259rliyi il\u0259 raz\u0131la\u015f\u0131b, h\u0259min torpaqlar\u0131 o ist\u0259yir. G\u00f6r\u00fcn\u00fcr, varlar\u0131na var qatmaq niyy\u0259tind\u0259dirl\u0259r. Sad\u0259 k\u0259ndlini pis v\u0259ziyy\u0259td\u0259 qoyurlar&#8221;.\n<\/p>\n<p>\n  Sar\u0131xanl\u0131 k\u0259ndinin sakini Elxan Tarverdiyev bel\u0259 deyir. Bir il \u0259vv\u0259l Sar\u0131xanl\u0131 k\u0259ndinin sakinl\u0259rin\u0259 bildiribl\u0259r ki, Nazirl\u0259r Kabinetinin q\u0259rar\u0131 il\u0259 sizin \u00f6r\u00fc\u015f sah\u0259l\u0259rinin t\u0259yinat\u0131 d\u0259yi\u015fdirilib, \u0259kin sah\u0259si kimi istifad\u0259y\u0259 verilib, pamb\u0131q \u0259kil\u0259c\u0259k. \u018fvv\u0259lc\u0259 \u0259razini \u015fumlay\u0131b pamb\u0131q \u0259kibl\u0259r, sonra is\u0259 \u00e7\u0259kil a\u011fac\u0131.\n<\/p>\n<blockquote><p>\n  Deyirl\u0259r, biz K\u0259mal\u0259ddin Heyd\u0259rovun adamlar\u0131y\u0131q\n<\/p><\/blockquote>\n<p>\n  K\u0259nd sakinl\u0259rind\u0259n Zahid \u0130smay\u0131lov deyir ki, icar\u0259 m\u00fcqavil\u0259si olmas\u0131na baxmayaraq, onun da torpaq sah\u0259si \u0259lind\u0259n al\u0131n\u0131b: &#8220;Qafur v\u0259 Tofiq adl\u0131 iki n\u0259f\u0259rdir. Ham\u0131s\u0131n\u0131 onlar edirl\u0259r. \u00d6zl\u0259rini d\u0259 &#8220;Gilan Holdinq\u201din i\u015f\u00e7il\u0259ri kimi t\u0259qdim edirl\u0259r. Deyirl\u0259r, biz K\u0259mal\u0259ddin Heyd\u0259rovun adamlar\u0131y\u0131q. Bu \u0259razil\u0259r bizimdir. N\u0259 ist\u0259s\u0259k, ed\u0259rik&#8221;.\n<\/p>\n<figure class=\"wp-block-image size-large\">\n  <img decoding=\"async\" src=\"https:\/\/www.meydan.tv\/az\/kend-sakini-elxan-tarverdiyev\/\" alt=\"K\u0259nd sakini Elxan Tarverdiyev\" class=\"wp-image-117179\"\/><figcaption>\n    K\u0259nd sakini Elxan Tarverdiyev<br \/>\n  <\/figcaption><\/figure>\n<p>\n  Otlaq sah\u0259si \u015eirin Qum adlanan \u0259razid\u0259dir. \u0130mi\u015flinin Sar\u0131xanl\u0131 k\u0259ndinin sakinl\u0259rinin \u00f6r\u00fc\u015f sah\u0259l\u0259ridir. \u00dcmumi 4200 hektar \u0259razidir.\n<\/p>\n<p>\n  &#8220;H\u0259l\u0259lik bunun bir hiss\u0259sini z\u0259bt edib, \u0259kibl\u0259r. Bu yax\u0131nlarda ba\u015f\u00e7\u0131m\u0131z biz\u0259 dedi ki, K\u0259mal\u0259ddin m\u00fc\u0259llimin g\u00f6st\u0259ri\u015fi var, b\u00fct\u00fcn \u0259razini bo\u015faltmal\u0131s\u0131n\u0131z. Daha bilmir\u0259m bizd\u0259n sonra h\u0259min \u0259razid\u0259 n\u0259 ed\u0259c\u0259kl\u0259r, n\u0259 i\u015f g\u00f6r\u0259c\u0259kl\u0259r&#8221;, &#8211; Elxan Tarverdiyev bel\u0259 deyir.\n<\/p>\n<blockquote><p>\n  \u00a0\u0130car\u0259 m\u00fcqavil\u0259miz var, \u0259limizd\u0259n ala bilm\u0259zl\u0259r\n<\/p><\/blockquote>\n<p>\n  Sar\u0131xanl\u0131 k\u0259ndinin sakinl\u0259rinin dem\u0259k olar ki, ham\u0131s\u0131 heyvandarl\u0131qla m\u0259\u015f\u011fuldur. Onlar ail\u0259l\u0259rini mal-heyvan saxlamaqla doland\u0131r\u0131rlar. Deyirl\u0259r ki, \u0259g\u0259r h\u0259min torpaqlar onlar\u0131n \u0259lind\u0259n al\u0131nsa, bundan sonra nec\u0259 ya\u015fayacaqlar\u0131n\u0131 bilmirl\u0259r:\n<\/p>\n<p>\n  &#8220;Heyvanlar\u0131m\u0131z\u0131n \u00f6r\u00fc\u015f sah\u0259sidir. \u0130nan\u0131n, bilmirik n\u0259 ed\u0259k. Heyvanlar\u0131m\u0131z ac\u0131ndan q\u0131r\u0131l\u0131r. H\u0259r yer\u0259 m\u00fcraci\u0259t etmi\u015fik. Prezident Administrasiyas\u0131na, Mehriban \u018fliyevaya, \u0130mi\u015fli Rayon \u0130cra Hakimiyy\u0259tin\u0259. Ham\u0131 eyni s\u00f6z\u00fc deyir. Deyirl\u0259r ki, d\u00f6vl\u0259tin torpa\u011f\u0131d\u0131r, bug\u00fcn\u0259d\u0259k istifad\u0259 etmisiniz, bundan sonra \u0259linizd\u0259n al\u0131r\u0131q. Halbuki icar\u0259y\u0259 g\u00f6t\u00fcrm\u00fc\u015f\u00fck. \u0130car\u0259 m\u00fcqavil\u0259miz var, \u0259limizd\u0259n ala bilm\u0259zl\u0259r. \u018flimizd\u0259n al\u0131rlar, deyirl\u0259r, siz\u0259 yax\u015f\u0131 yol&#8221;, &#8211; k\u0259nd sakinl\u0259rind\u0259n \u018fl\u0259ddin H\u00fcseynov bel\u0259 deyir.\n<\/p>\n<p>\n  E.Tarverdiyev deyir ki, onda olan m\u0259lumata g\u00f6r\u0259 h\u0259min \u0259razinin bir qismini \u0259kin\u00e7iliy\u0259, dig\u0259r qismini is\u0259 maldarl\u0131\u011fa ay\u0131rmaq ist\u0259yirl\u0259r:\n<\/p>\n<p>\n  &#8220;Yerin yars\u0131na tax\u0131l, yar\u0131s\u0131na soya, arpa \u0259k\u0259c\u0259kl\u0259r, bir hiss\u0259sind\u0259 d\u0259 fermer t\u0259s\u0259rr\u00fcfat\u0131 yaradacaqlar. Dem\u0259k ist\u0259yirl\u0259r ki, siz yax\u015f\u0131 saxlam\u0131rs\u0131n\u0131z, \u00f6z\u00fcm\u00fcz m\u0259\u015f\u011ful olaca\u011f\u0131q heyvandarl\u0131qla. Biz k\u0259nd camaat\u0131y\u0131q. G\u00f6z\u00fcm\u00fcz\u00fc a\u00e7andan mal-heyvan saxlam\u0131\u015f\u0131q. \u0130\u015fimiz budur. 10-15 n\u0259f\u0259rd\u0259n ibar\u0259t ail\u0259l\u0259rimizi bununla saxlay\u0131r\u0131q. Dolan\u0131\u015f\u0131\u011f\u0131m\u0131z buradan \u00e7\u0131x\u0131r. G\u00f6z\u00fcm\u00fcz\u00fc buna dikmi\u015fik. Ail\u0259mizi bununla doland\u0131r\u0131r\u0131q. Qarda\u015f\u0131m Rusiyadan pul g\u00f6nd\u0259rib, 27 min dollar x\u0259rc qoymu\u015fam o fermaya. \u0130nan\u0131n, h\u0259l\u0259 o pulu geri qaytara da bilm\u0259mi\u015f\u0259m. \u018frazid\u0259 evimiz, \u00e7arda\u011f\u0131m\u0131z, mal-heyvan t\u00f6vl\u0259l\u0259rimiz var. Deyirl\u0259r, mart-aprel ay\u0131 sizi \u00e7\u0131xaracaqlar oradan. B\u0259s bizim o q\u0259d\u0259r m\u00fclk\u00fcm\u00fcz, \u0259ziyy\u0259timiz? Onlar n\u0259 olacaq?&#8221;\n<\/p>\n<figure class=\"wp-block-image size-large\">\n  <img decoding=\"async\" src=\"https:\/\/www.meydan.tv\/az\/kend-sakini-zahid-ismayilov\/\" alt=\"K\u0259nd sakini Zahid \u0130smay\u0131lov\" class=\"wp-image-117173\"\/><figcaption>\n    K\u0259nd sakini Zahid \u0130smay\u0131lov<br \/>\n  <\/figcaption><\/figure>\n<blockquote><p>\n  Nec\u0259 qaytaraca\u011f\u0131q o kreditl\u0259ri?\n<\/p><\/blockquote>\n<p>\n  K\u0259nd sakinl\u0259ri deyirl\u0259r ki, t\u0259s\u0259rr\u00fcfatlar\u0131n\u0131 inki\u015faf etdirm\u0259k \u00fc\u00e7\u00fcn d\u00f6vl\u0259td\u0259n kredit g\u00f6t\u00fcr\u00fcbl\u0259r. H\u0259l\u0259 qaytarmay\u0131blar. Torpaqlar \u0259ll\u0259rind\u0259n al\u0131nsa, h\u0259min borcu nec\u0259 geri qaytaracaqlar\u0131n\u0131 bilmirl\u0259r:\n<\/p>\n<p>\n  &#8220;Nec\u0259 qaytaraca\u011f\u0131q o kreditl\u0259ri? Kredit g\u00f6t\u00fcr\u00fcb, t\u0259s\u0259rr\u00fcfat\u0131m\u0131 geni\u015fl\u0259ndirmi\u015f\u0259m. Deyirl\u0259r, nec\u0259 \u00f6d\u0259yirs\u0259n, \u00f6d\u0259. 40-45 fermad\u0131r. Ham\u0131s\u0131ndan 3-5 ail\u0259 dolan\u0131r. Ham\u0131m\u0131z\u0131n evini y\u0131xmaq ist\u0259yirl\u0259r. \u018fg\u0259r torpa\u011f\u0131n t\u0259yinat\u0131 d\u0259yi\u015fdirilibs\u0259, bizd\u0259n al\u0131b, \u0259kin \u0259km\u0259k ist\u0259yirl\u0259rs\u0259, o zaman fermerl\u0259r\u0259 d\u0259y\u0259n ziyan \u00f6d\u0259nilm\u0259lidir. Bunlar deyirl\u0259r ki, torpaq art\u0131q sizin deyil, &#8220;Gilan Holdinq\u201d\u0259 verilib. He\u00e7 bir kompensasiyadan da s\u00f6hb\u0259t ged\u0259 bilm\u0259z. Noyabrda kredit g\u00f6t\u00fcrm\u00fc\u015f\u0259m. H\u0259min vaxt m\u0259nd\u0259n torpaq vergisi al\u0131blar. B\u0259s nec\u0259 torpaq bizim \u0259limizd\u0259n al\u0131n\u0131b ki, m\u0259nd\u0259n vergi \u00f6d\u0259m\u0259m t\u0259l\u0259b edilir?&#8221;\n<\/p>\n<blockquote><p>\n  Bunu \u015fi\u015firtm\u0259yin anlam\u0131 yoxdur\n<\/p><\/blockquote>\n<p>\n  Sar\u0131xanl\u0131 k\u0259ndinin icra n\u00fcmay\u0259nd\u0259si \u0130kram Muradov Meydan TV-y\u0259 deyib ki, haz\u0131rda kim\u0259s\u0259nin \u0259lind\u0259n fermas\u0131 al\u0131nmay\u0131b. Ham\u0131 \u00f6z yerind\u0259dir, toxunulmay\u0131b:\n<\/p>\n<p>\n  &#8220;Onlara da kims\u0259 \u00e7\u0131x dem\u0259yib. He\u00e7 bir problemd\u0259n s\u00f6hb\u0259t ged\u0259 bilm\u0259z. Bunu \u015fi\u015firtm\u0259yin anlam\u0131 yoxdur&#8221;.\n<\/p>\n<figure class=\"wp-block-image size-large\">\n  <img decoding=\"async\" src=\"https:\/\/www.meydan.tv\/az\/kend-sakini-ikram-muradov\/\" alt=\"K\u0259nd sakini \u0130kram Muradov\" class=\"wp-image-117182\"\/><figcaption>\n    K\u0259nd sakini \u018fl\u0259ddin H\u00fcseynov<br \/>\n  <\/figcaption><\/figure>\n<p>\n  \u0130mi\u015fli Rayon \u0130cra Hakimiyy\u0259tinin \u0259razi idar\u0259etm\u0259 \u015f\u00f6b\u0259sinin m\u00fcdiri Mirz\u0259 Quliyev is\u0259 deyir ki, b\u00fct\u00fcn k\u0259nd sakinl\u0259rinin \u00f6r\u00fc\u015f sah\u0259si yerind\u0259dir, toxunulmay\u0131b:\n<\/p>\n<p>\n  &#8220;Kims\u0259 gir\u0259 bilm\u0259z ora. Sad\u0259c\u0259 Nazil\u0259r Kabinetinin q\u0259rar\u0131 il\u0259 b\u0259zi torpaq sah\u0259l\u0259rinin t\u0259yinat\u0131 d\u0259yi\u015fdirilib. Odur ki, h\u0259min \u0259razid\u0259ki torpa\u011f\u0131n bir qismin\u0259 d\u00f6vl\u0259tin sifari\u015fi il\u0259 pamb\u0131q \u0259kim\u0259si n\u0259z\u0259rd\u0259 tutulub. Yen\u0259 deyir\u0259m, hans\u0131 torpaqlar ki, onlar \u0259kin d\u00f6vriyy\u0259sind\u0259dir. \u00d6r\u00fc\u015f sah\u0259sin\u0259 kims\u0259 m\u00fcdaxil\u0259 ed\u0259 bilm\u0259z&#8221;.\n<\/p>\n<p>\n  Xat\u0131rlatma\n<\/p>\n<p>\n  Bu, Sar\u0131xanl\u0131 k\u0259ndind\u0259n Meydan TV-y\u0259 daxil olan ilk \u015fikay\u0259tl\u0259r deyil. \u00d6t\u0259n ay\u0131n \u0259vv\u0259lind\u0259 fermer V\u00fcsal \u015eirinov eyni aqib\u0259tl\u0259<br \/>\n  <a href=\"\/az\/article\/bu-da-sahibkara-destek-siyaseti-kreditle-yukleyir-sonra-torpagini-elinden-alir\/\" target=\"_blank\" rel=\"noopener\"><br \/>\n    \u00fczl\u0259\u015fib<br \/>\n  <\/a><br \/>\n  .\n<\/p>\n<p>\n  H\u00fcquq\u015f\u00fcnas Vaqif Al\u0131yev Meydan TV-y\u0259<br \/>\n  <a href=\"\/az\/article\/fermer-prezident-tapsirib-ki-gedin-kendlinin-torpagini-elinden-alin\/\" target=\"_blank\" rel=\"noopener\"><br \/>\n    deyib ki<br \/>\n  <\/a><br \/>\n  ,\u00a0Nazirl\u0259r Kabinetinin 20 yanvar 2017-ci il tarixli 10 sayl\u0131 q\u0259rar\u0131 il\u0259 \u201cTorpaqlar\u0131n kateqoriyalara aid edilm\u0259si v\u0259 onlar\u0131n bir kateqoriyadan dig\u0259rin\u0259 ke\u00e7irilm\u0259si\u201d Qaydalar\u0131 t\u0259sdiq edilib: \u201cM\u00fclkiyy\u0259t\u00e7id\u0259n, istifad\u0259\u00e7id\u0259n (icar\u0259\u00e7id\u0259n) torpa\u011f\u0131n al\u0131nmas\u0131, yaxud onlara eyni \u00f6l\u00e7\u00fcd\u0259 v\u0259 keyfiyy\u0259td\u0259 ba\u015fqa yerd\u0259 torpaq sah\u0259sinin verilm\u0259si, h\u0259m\u00e7inin, kompensasiyan\u0131n \u00f6d\u0259nilm\u0259si t\u0259min olunmal\u0131d\u0131r\u201d.\n<\/p>\n<p>\n  H\u00fcquq\u015f\u00fcnas deyir, icar\u0259\u00e7i kimi istifad\u0259l\u0259rind\u0259 olan torpaqlar\u0131 \u0259ll\u0259rind\u0259n \u00e7\u0131xm\u0131\u015f k\u0259ndlil\u0259r \u0130qtisad M\u0259hk\u0259m\u0259sin\u0259 m\u00fcraci\u0259t etm\u0259lidirl\u0259r.\n<\/p>\n<p>\n  Yeni jurnalist ara\u015fd\u0131rmalar\u0131 il\u0259 s\u00fcbut olunub ki, \u00f6lk\u0259 ba\u015f\u00e7\u0131s\u0131 \u0130lham \u018fliyevin q\u0131zlar\u0131 \u201cGilan Holdinq\u201dd\u0259 b\u00f6y\u00fck pay<br \/>\n  <a href=\"\/az\/article\/eliyev-ve-heyderovlarin-dubaydaki-emlak-imperiyasi\/\" target=\"_blank\" rel=\"noopener\"><br \/>\n    sahibidirl\u0259r<br \/>\n  <\/a><br \/>\n  .\n<\/p>\n<p>\n  \u201cGilan Holdinq\u201din m\u00fclkiyy\u0259t strukturuna dair m\u00f6vcud yegan\u0259 s\u0259n\u0259d \u015firk\u0259tin 2005-ci ild\u0259 yarad\u0131ld\u0131\u011f\u0131n\u0131 v\u0259 onun Heyd\u0259rovlar ail\u0259sin\u0259 m\u0259xsus oldu\u011funu g\u00f6st\u0259rir.\n<\/p>\n<p>\n  Ancaq indi &#8211; \u018fliyevin q\u0131zlar\u0131n\u0131n \u201cGilan Holdinq\u201dd\u0259 sahib oldu\u011fu b\u00f6y\u00fck pay haqq\u0131nda yeni a\u00e7\u0131qlamalar veril\u0259nd\u0259 m\u0259lum olur ki, Heyd\u0259rovlar h\u0259m \u018fliyevl\u0259r ail\u0259sinin vasit\u0259\u00e7isi kimi f\u0259aliyy\u0259t g\u00f6st\u0259rir, h\u0259m d\u0259 \u015firk\u0259tin idar\u0259etm\u0259si d\u0259yi\u015fdirilib v\u0259 ya sat\u0131l\u0131b.\n<\/p>\n<p>\n  Bir m\u00fcdd\u0259t \u00f6nc\u0259 Q\u0259b\u0259l\u0259 rayon sakini \u018flibaba M\u0259mm\u0259dov da ona m\u0259xsus torpaq sah\u0259sinin \u201cGilan Holdinq\u201d t\u0259r\u0259find\u0259n m\u0259nims\u0259nildiyini deyirdi.<\/p>\n","protected":false},"excerpt":{"rendered":"<p>\u201cGilan Holdinq\u201d-in k\u0259ndlil\u0259rin torpaqlar\u0131n\u0131 \u0259lind\u0259n ald\u0131\u011f\u0131 deyilir<\/p>\n","protected":false},"author":11,"featured_media":117164,"comment_status":"closed","ping_status":"open","sticky":false,"template":"","format":"standard","meta":{"_acf_changed":false,"_sitemap_exclude":false,"_sitemap_priority":"","_sitemap_frequency":"","footnotes":""},"categories":[60],"tags":[],"class_list":["post-193810","post","type-post","status-publish","format-standard","has-post-thumbnail","hentry","category-bolge","infinite-scroll-item","generate-columns","tablet-grid-50","mobile-grid-100","grid-parent","grid-33","no-featured-image-padding"],"acf":[],"yoast_head":"<!-- This site is optimized with the Yoast SEO plugin v27.4 - https:\/\/yoast.com\/product\/yoast-seo-wordpress\/ -->\n<title>&#039;&#039;K\u0259mal\u0259ddin Heyd\u0259rov torpaqlar\u0131m\u0131z\u0131 \u0259limizd\u0259n al\u0131r&#039;&#039; - MEYDAN.TV<\/title>\n<meta name=\"robots\" content=\"index, follow, max-snippet:-1, max-image-preview:large, max-video-preview:-1\" \/>\n<link rel=\"canonical\" href=\"https:\/\/www.meydan.tv\/az\/article\/kemaleddin-heyderov-torpaqlarimizi-elimizden-alir\/\" \/>\n<meta property=\"og:locale\" content=\"az_AZ\" \/>\n<meta property=\"og:type\" content=\"article\" \/>\n<meta property=\"og:title\" content=\"&#039;&#039;K\u0259mal\u0259ddin Heyd\u0259rov torpaqlar\u0131m\u0131z\u0131 \u0259limizd\u0259n al\u0131r&#039;&#039; - MEYDAN.TV\" \/>\n<meta property=\"og:description\" content=\"\u201cGilan Holdinq\u201d-in k\u0259ndlil\u0259rin torpaqlar\u0131n\u0131 \u0259lind\u0259n ald\u0131\u011f\u0131 deyilir\" \/>\n<meta property=\"og:url\" content=\"https:\/\/www.meydan.tv\/az\/article\/kemaleddin-heyderov-torpaqlarimizi-elimizden-alir\/\" \/>\n<meta property=\"og:site_name\" content=\"MEYDAN.TV\" \/>\n<meta property=\"article:published_time\" content=\"2019-02-03T18:31:50+00:00\" \/>\n<meta property=\"og:image\" content=\"https:\/\/www.meydan.tv\/wp-content\/uploads\/46695-scaled.jpg\" \/>\n\t<meta property=\"og:image:width\" content=\"2560\" \/>\n\t<meta property=\"og:image:height\" content=\"1920\" \/>\n\t<meta property=\"og:image:type\" content=\"image\/jpeg\" \/>\n<meta name=\"author\" content=\"user-manager\" \/>\n<meta name=\"twitter:card\" content=\"summary_large_image\" \/>\n<script type=\"application\/ld+json\" class=\"yoast-schema-graph\">{\"@context\":\"https:\\\/\\\/schema.org\",\"@graph\":[{\"@type\":\"Article\",\"@id\":\"https:\\\/\\\/www.meydan.tv\\\/az\\\/article\\\/kemaleddin-heyderov-torpaqlarimizi-elimizden-alir\\\/#article\",\"isPartOf\":{\"@id\":\"https:\\\/\\\/www.meydan.tv\\\/az\\\/article\\\/kemaleddin-heyderov-torpaqlarimizi-elimizden-alir\\\/\"},\"author\":{\"name\":\"user-manager\",\"@id\":\"https:\\\/\\\/www.meydan.tv\\\/az\\\/#\\\/schema\\\/person\\\/10d11eccf6da3662cf5fdab9806ea91a\"},\"headline\":\"&#8221;K\u0259mal\u0259ddin Heyd\u0259rov torpaqlar\u0131m\u0131z\u0131 \u0259limizd\u0259n al\u0131r&#8221;\",\"datePublished\":\"2019-02-03T18:31:50+00:00\",\"mainEntityOfPage\":{\"@id\":\"https:\\\/\\\/www.meydan.tv\\\/az\\\/article\\\/kemaleddin-heyderov-torpaqlarimizi-elimizden-alir\\\/\"},\"wordCount\":1358,\"publisher\":{\"@id\":\"https:\\\/\\\/www.meydan.tv\\\/az\\\/#organization\"},\"image\":{\"@id\":\"https:\\\/\\\/www.meydan.tv\\\/az\\\/article\\\/kemaleddin-heyderov-torpaqlarimizi-elimizden-alir\\\/#primaryimage\"},\"thumbnailUrl\":\"https:\\\/\\\/www.meydan.tv\\\/wp-content\\\/uploads\\\/46695-scaled.jpg\",\"articleSection\":[\"B\u00f6lg\u0259\"],\"inLanguage\":\"az\"},{\"@type\":\"WebPage\",\"@id\":\"https:\\\/\\\/www.meydan.tv\\\/az\\\/article\\\/kemaleddin-heyderov-torpaqlarimizi-elimizden-alir\\\/\",\"url\":\"https:\\\/\\\/www.meydan.tv\\\/az\\\/article\\\/kemaleddin-heyderov-torpaqlarimizi-elimizden-alir\\\/\",\"name\":\"''K\u0259mal\u0259ddin Heyd\u0259rov torpaqlar\u0131m\u0131z\u0131 \u0259limizd\u0259n al\u0131r'' - MEYDAN.TV\",\"isPartOf\":{\"@id\":\"https:\\\/\\\/www.meydan.tv\\\/az\\\/#website\"},\"primaryImageOfPage\":{\"@id\":\"https:\\\/\\\/www.meydan.tv\\\/az\\\/article\\\/kemaleddin-heyderov-torpaqlarimizi-elimizden-alir\\\/#primaryimage\"},\"image\":{\"@id\":\"https:\\\/\\\/www.meydan.tv\\\/az\\\/article\\\/kemaleddin-heyderov-torpaqlarimizi-elimizden-alir\\\/#primaryimage\"},\"thumbnailUrl\":\"https:\\\/\\\/www.meydan.tv\\\/wp-content\\\/uploads\\\/46695-scaled.jpg\",\"datePublished\":\"2019-02-03T18:31:50+00:00\",\"breadcrumb\":{\"@id\":\"https:\\\/\\\/www.meydan.tv\\\/az\\\/article\\\/kemaleddin-heyderov-torpaqlarimizi-elimizden-alir\\\/#breadcrumb\"},\"inLanguage\":\"az\",\"potentialAction\":[{\"@type\":\"ReadAction\",\"target\":[\"https:\\\/\\\/www.meydan.tv\\\/az\\\/article\\\/kemaleddin-heyderov-torpaqlarimizi-elimizden-alir\\\/\"]}]},{\"@type\":\"ImageObject\",\"inLanguage\":\"az\",\"@id\":\"https:\\\/\\\/www.meydan.tv\\\/az\\\/article\\\/kemaleddin-heyderov-torpaqlarimizi-elimizden-alir\\\/#primaryimage\",\"url\":\"https:\\\/\\\/www.meydan.tv\\\/wp-content\\\/uploads\\\/46695-scaled.jpg\",\"contentUrl\":\"https:\\\/\\\/www.meydan.tv\\\/wp-content\\\/uploads\\\/46695-scaled.jpg\",\"width\":2560,\"height\":1920,\"caption\":\"Source:\"},{\"@type\":\"BreadcrumbList\",\"@id\":\"https:\\\/\\\/www.meydan.tv\\\/az\\\/article\\\/kemaleddin-heyderov-torpaqlarimizi-elimizden-alir\\\/#breadcrumb\",\"itemListElement\":[{\"@type\":\"ListItem\",\"position\":1,\"name\":\"Ana s\u0259hif\u0259\",\"item\":\"https:\\\/\\\/www.meydan.tv\\\/az\\\/\"},{\"@type\":\"ListItem\",\"position\":2,\"name\":\"B\u00f6lg\u0259\",\"item\":\"https:\\\/\\\/www.meydan.tv\\\/az\\\/section\\\/bolge\\\/\"},{\"@type\":\"ListItem\",\"position\":3,\"name\":\"&#8221;K\u0259mal\u0259ddin Heyd\u0259rov torpaqlar\u0131m\u0131z\u0131 \u0259limizd\u0259n al\u0131r&#8221;\"}]},{\"@type\":\"WebSite\",\"@id\":\"https:\\\/\\\/www.meydan.tv\\\/az\\\/#website\",\"url\":\"https:\\\/\\\/www.meydan.tv\\\/az\\\/\",\"name\":\"MEYDAN.TV\",\"description\":\"Meydan TV Az\u0259rbaycan\u0131n media m\u0259kan\u0131ndak\u0131 alternativ s\u0259sidir\",\"publisher\":{\"@id\":\"https:\\\/\\\/www.meydan.tv\\\/az\\\/#organization\"},\"potentialAction\":[{\"@type\":\"SearchAction\",\"target\":{\"@type\":\"EntryPoint\",\"urlTemplate\":\"https:\\\/\\\/www.meydan.tv\\\/az\\\/?s={search_term_string}\"},\"query-input\":{\"@type\":\"PropertyValueSpecification\",\"valueRequired\":true,\"valueName\":\"search_term_string\"}}],\"inLanguage\":\"az\"},{\"@type\":\"Organization\",\"@id\":\"https:\\\/\\\/www.meydan.tv\\\/az\\\/#organization\",\"name\":\"Meydan TV\",\"url\":\"https:\\\/\\\/www.meydan.tv\\\/az\\\/\",\"logo\":{\"@type\":\"ImageObject\",\"inLanguage\":\"az\",\"@id\":\"https:\\\/\\\/www.meydan.tv\\\/az\\\/#\\\/schema\\\/logo\\\/image\\\/\",\"url\":\"https:\\\/\\\/www.meydan.tv\\\/wp-content\\\/uploads\\\/2021\\\/07\\\/meydan-logo.svg\",\"contentUrl\":\"https:\\\/\\\/www.meydan.tv\\\/wp-content\\\/uploads\\\/2021\\\/07\\\/meydan-logo.svg\",\"width\":195,\"height\":46,\"caption\":\"Meydan TV\"},\"image\":{\"@id\":\"https:\\\/\\\/www.meydan.tv\\\/az\\\/#\\\/schema\\\/logo\\\/image\\\/\"}},{\"@type\":\"Person\",\"@id\":\"https:\\\/\\\/www.meydan.tv\\\/az\\\/#\\\/schema\\\/person\\\/10d11eccf6da3662cf5fdab9806ea91a\",\"name\":\"user-manager\"}]}<\/script>\n<!-- \/ Yoast SEO plugin. -->","yoast_head_json":{"title":"''K\u0259mal\u0259ddin Heyd\u0259rov torpaqlar\u0131m\u0131z\u0131 \u0259limizd\u0259n al\u0131r'' - MEYDAN.TV","robots":{"index":"index","follow":"follow","max-snippet":"max-snippet:-1","max-image-preview":"max-image-preview:large","max-video-preview":"max-video-preview:-1"},"canonical":"https:\/\/www.meydan.tv\/az\/article\/kemaleddin-heyderov-torpaqlarimizi-elimizden-alir\/","og_locale":"az_AZ","og_type":"article","og_title":"''K\u0259mal\u0259ddin Heyd\u0259rov torpaqlar\u0131m\u0131z\u0131 \u0259limizd\u0259n al\u0131r'' - MEYDAN.TV","og_description":"\u201cGilan Holdinq\u201d-in k\u0259ndlil\u0259rin torpaqlar\u0131n\u0131 \u0259lind\u0259n ald\u0131\u011f\u0131 deyilir","og_url":"https:\/\/www.meydan.tv\/az\/article\/kemaleddin-heyderov-torpaqlarimizi-elimizden-alir\/","og_site_name":"MEYDAN.TV","article_published_time":"2019-02-03T18:31:50+00:00","og_image":[{"width":2560,"height":1920,"url":"https:\/\/www.meydan.tv\/wp-content\/uploads\/46695-scaled.jpg","type":"image\/jpeg"}],"author":"user-manager","twitter_card":"summary_large_image","schema":{"@context":"https:\/\/schema.org","@graph":[{"@type":"Article","@id":"https:\/\/www.meydan.tv\/az\/article\/kemaleddin-heyderov-torpaqlarimizi-elimizden-alir\/#article","isPartOf":{"@id":"https:\/\/www.meydan.tv\/az\/article\/kemaleddin-heyderov-torpaqlarimizi-elimizden-alir\/"},"author":{"name":"user-manager","@id":"https:\/\/www.meydan.tv\/az\/#\/schema\/person\/10d11eccf6da3662cf5fdab9806ea91a"},"headline":"&#8221;K\u0259mal\u0259ddin Heyd\u0259rov torpaqlar\u0131m\u0131z\u0131 \u0259limizd\u0259n al\u0131r&#8221;","datePublished":"2019-02-03T18:31:50+00:00","mainEntityOfPage":{"@id":"https:\/\/www.meydan.tv\/az\/article\/kemaleddin-heyderov-torpaqlarimizi-elimizden-alir\/"},"wordCount":1358,"publisher":{"@id":"https:\/\/www.meydan.tv\/az\/#organization"},"image":{"@id":"https:\/\/www.meydan.tv\/az\/article\/kemaleddin-heyderov-torpaqlarimizi-elimizden-alir\/#primaryimage"},"thumbnailUrl":"https:\/\/www.meydan.tv\/wp-content\/uploads\/46695-scaled.jpg","articleSection":["B\u00f6lg\u0259"],"inLanguage":"az"},{"@type":"WebPage","@id":"https:\/\/www.meydan.tv\/az\/article\/kemaleddin-heyderov-torpaqlarimizi-elimizden-alir\/","url":"https:\/\/www.meydan.tv\/az\/article\/kemaleddin-heyderov-torpaqlarimizi-elimizden-alir\/","name":"''K\u0259mal\u0259ddin Heyd\u0259rov torpaqlar\u0131m\u0131z\u0131 \u0259limizd\u0259n al\u0131r'' - MEYDAN.TV","isPartOf":{"@id":"https:\/\/www.meydan.tv\/az\/#website"},"primaryImageOfPage":{"@id":"https:\/\/www.meydan.tv\/az\/article\/kemaleddin-heyderov-torpaqlarimizi-elimizden-alir\/#primaryimage"},"image":{"@id":"https:\/\/www.meydan.tv\/az\/article\/kemaleddin-heyderov-torpaqlarimizi-elimizden-alir\/#primaryimage"},"thumbnailUrl":"https:\/\/www.meydan.tv\/wp-content\/uploads\/46695-scaled.jpg","datePublished":"2019-02-03T18:31:50+00:00","breadcrumb":{"@id":"https:\/\/www.meydan.tv\/az\/article\/kemaleddin-heyderov-torpaqlarimizi-elimizden-alir\/#breadcrumb"},"inLanguage":"az","potentialAction":[{"@type":"ReadAction","target":["https:\/\/www.meydan.tv\/az\/article\/kemaleddin-heyderov-torpaqlarimizi-elimizden-alir\/"]}]},{"@type":"ImageObject","inLanguage":"az","@id":"https:\/\/www.meydan.tv\/az\/article\/kemaleddin-heyderov-torpaqlarimizi-elimizden-alir\/#primaryimage","url":"https:\/\/www.meydan.tv\/wp-content\/uploads\/46695-scaled.jpg","contentUrl":"https:\/\/www.meydan.tv\/wp-content\/uploads\/46695-scaled.jpg","width":2560,"height":1920,"caption":"Source:"},{"@type":"BreadcrumbList","@id":"https:\/\/www.meydan.tv\/az\/article\/kemaleddin-heyderov-torpaqlarimizi-elimizden-alir\/#breadcrumb","itemListElement":[{"@type":"ListItem","position":1,"name":"Ana s\u0259hif\u0259","item":"https:\/\/www.meydan.tv\/az\/"},{"@type":"ListItem","position":2,"name":"B\u00f6lg\u0259","item":"https:\/\/www.meydan.tv\/az\/section\/bolge\/"},{"@type":"ListItem","position":3,"name":"&#8221;K\u0259mal\u0259ddin Heyd\u0259rov torpaqlar\u0131m\u0131z\u0131 \u0259limizd\u0259n al\u0131r&#8221;"}]},{"@type":"WebSite","@id":"https:\/\/www.meydan.tv\/az\/#website","url":"https:\/\/www.meydan.tv\/az\/","name":"MEYDAN.TV","description":"Meydan TV Az\u0259rbaycan\u0131n media m\u0259kan\u0131ndak\u0131 alternativ s\u0259sidir","publisher":{"@id":"https:\/\/www.meydan.tv\/az\/#organization"},"potentialAction":[{"@type":"SearchAction","target":{"@type":"EntryPoint","urlTemplate":"https:\/\/www.meydan.tv\/az\/?s={search_term_string}"},"query-input":{"@type":"PropertyValueSpecification","valueRequired":true,"valueName":"search_term_string"}}],"inLanguage":"az"},{"@type":"Organization","@id":"https:\/\/www.meydan.tv\/az\/#organization","name":"Meydan TV","url":"https:\/\/www.meydan.tv\/az\/","logo":{"@type":"ImageObject","inLanguage":"az","@id":"https:\/\/www.meydan.tv\/az\/#\/schema\/logo\/image\/","url":"https:\/\/www.meydan.tv\/wp-content\/uploads\/2021\/07\/meydan-logo.svg","contentUrl":"https:\/\/www.meydan.tv\/wp-content\/uploads\/2021\/07\/meydan-logo.svg","width":195,"height":46,"caption":"Meydan TV"},"image":{"@id":"https:\/\/www.meydan.tv\/az\/#\/schema\/logo\/image\/"}},{"@type":"Person","@id":"https:\/\/www.meydan.tv\/az\/#\/schema\/person\/10d11eccf6da3662cf5fdab9806ea91a","name":"user-manager"}]}},"_links":{"self":[{"href":"https:\/\/www.meydan.tv\/az\/wp-json\/wp\/v2\/posts\/193810","targetHints":{"allow":["GET"]}}],"collection":[{"href":"https:\/\/www.meydan.tv\/az\/wp-json\/wp\/v2\/posts"}],"about":[{"href":"https:\/\/www.meydan.tv\/az\/wp-json\/wp\/v2\/types\/post"}],"author":[{"embeddable":true,"href":"https:\/\/www.meydan.tv\/az\/wp-json\/wp\/v2\/users\/11"}],"replies":[{"embeddable":true,"href":"https:\/\/www.meydan.tv\/az\/wp-json\/wp\/v2\/comments?post=193810"}],"version-history":[{"count":0,"href":"https:\/\/www.meydan.tv\/az\/wp-json\/wp\/v2\/posts\/193810\/revisions"}],"wp:featuredmedia":[{"embeddable":true,"href":"https:\/\/www.meydan.tv\/az\/wp-json\/wp\/v2\/media\/117164"}],"wp:attachment":[{"href":"https:\/\/www.meydan.tv\/az\/wp-json\/wp\/v2\/media?parent=193810"}],"wp:term":[{"taxonomy":"category","embeddable":true,"href":"https:\/\/www.meydan.tv\/az\/wp-json\/wp\/v2\/categories?post=193810"},{"taxonomy":"post_tag","embeddable":true,"href":"https:\/\/www.meydan.tv\/az\/wp-json\/wp\/v2\/tags?post=193810"}],"curies":[{"name":"wp","href":"https:\/\/api.w.org\/{rel}","templated":true}]}}