{"id":193807,"date":"2019-02-03T17:48:25","date_gmt":"2019-02-03T17:48:25","guid":{"rendered":"https:\/\/www.meydan.tv\/article\/mumlar-imperiyasinin-kralicasi-madam-tusso\/"},"modified":"2019-02-03T17:48:25","modified_gmt":"2019-02-03T17:48:25","slug":"mumlar-imperiyasinin-kralicasi-madam-tusso","status":"publish","type":"post","link":"https:\/\/www.meydan.tv\/az\/article\/mumlar-imperiyasinin-kralicasi-madam-tusso\/","title":{"rendered":"Mumlar imperiyas\u0131n\u0131n krali\u00e7as\u0131 \u2013 madam T\u00fcsso"},"content":{"rendered":"<figure class=\"wp-block-image size-large\">\n  <img decoding=\"async\" src=\"https:\/\/www.meydan.tv\/az\/117161\/\" alt=\"\" class=\"wp-image-117161\"\/><figcaption><\/figcaption><\/figure>\n<p>\n  \u00a0Ham\u0131n\u0131n madam T\u00fcsso kimi tan\u0131d\u0131\u011f\u0131 Anna Mariya Qro\u015folts 7 dekabr 1761-ci ild\u0259 Fransan\u0131n Strasburq \u015f\u0259h\u0259rind\u0259 d\u00fcnyaya g\u0259lib. Dediyin\u0259 g\u00f6r\u0259, atas\u0131 Jozef Yediillik m\u00fcharib\u0259d\u0259 (1756-1763), o h\u0259l\u0259 anas\u0131n\u0131n b\u0259tnind\u0259yk\u0259n h\u0259lak olub. Amma sonrak\u0131 ill\u0259rd\u0259 ara\u015fd\u0131rma\u00e7\u0131lar m\u00fc\u0259yy\u0259n edibl\u0259r ki, Qro\u015foltslar n\u0259slinin bir xeyli n\u00fcmay\u0259nd\u0259si saray c\u0259llad\u0131 v\u0259zif\u0259sind\u0259 \u00e7al\u0131\u015f\u0131b. Ola bilsin, Mum heyk\u0259ll\u0259r muzeyind\u0259 \u201ctarixi dirild\u0259n qad\u0131n\u201d bu fakt\u0131 ona g\u00f6r\u0259 gizl\u0259dib ki, \u00f6z\u00fcn\u00fcn c\u0259lladlarla \u00e7oxillik \u0259m\u0259kda\u015fl\u0131\u011f\u0131 genetikan\u0131n izi kimi yox, biznesin t\u0259l\u0259bi kimi q\u0259bul edilsin.\n<\/p>\n<p>\n  Mariyan\u0131n bir ya\u015f\u0131 olanda anas\u0131 Anna Qro\u015folts evind\u0259 t\u0259s\u0259rr\u00fcfat m\u00fcdir\u0259si i\u015fl\u0259diyi (b\u0259zi m\u0259nb\u0259l\u0259r\u0259 g\u00f6r\u0259, h\u0259m d\u0259 yax\u0131n m\u00fcnasib\u0259td\u0259 oldu\u011fu) m\u0259\u015fhur h\u0259kim v\u0259 heyk\u0259ltara\u015f Filipp K\u00f6rtisin ard\u0131nca \u0130sve\u00e7r\u0259nin Bern \u015f\u0259h\u0259rin\u0259 k\u00f6\u00e7\u00fcb. Annadan 20 ya\u015f ki\u00e7ik olan, o d\u00f6vr \u00fc\u00e7\u00fcn \u00e7ox nadir elm sah\u0259siyl\u0259 &#8211; anatomiyayla m\u0259\u015f\u011ful olan K\u00f6rtis \u0259vv\u0259lc\u0259 tibb m\u0259kt\u0259bl\u0259ri \u00fc\u00e7\u00fcn mumdan anotomik modell\u0259r haz\u0131rlay\u0131b, sonra b\u00fcst v\u0259 fiqurlar (b\u0259zi m\u0259nb\u0259l\u0259r\u0259 g\u00f6r\u0259, h\u0259m d\u0259 erotik fiqurlar) d\u00fcz\u0259ltm\u0259y\u0259 ba\u015flay\u0131b, h\u0259tta kral ail\u0259si m\u0259nsublar\u0131ndan da sifari\u015fl\u0259r al\u0131b.\n<\/p>\n<p>\n  ****\n<\/p>\n<p>\n  Ba\u015flan\u011f\u0131c\u0131 eram\u0131zadan \u0259vv\u0259l 3-c\u00fc minilliy\u0259 gedib \u00e7\u0131xan mum heyk\u0259ltara\u015fl\u0131\u011f\u0131 orta \u0259srl\u0259r Avropas\u0131nda m\u0259\u015fhur v\u0259 yay\u011f\u0131n m\u0259\u015f\u011fuliyy\u0259t n\u00f6v\u00fcyd\u00fc; bahal\u0131 materiallar \u0259l\u00e7atmaz olanda krallar\u0131n q\u0259birl\u0259ri \u00fc\u00e7\u00fcn onlar\u0131n mum heyk\u0259ll\u0259rini sifari\u015f edirdil\u0259r, m\u00fcq\u0259dd\u0259sl\u0259rin mum heyk\u0259ll\u0259rini kils\u0259l\u0259r\u0259 qoyurdular. Bu i\u015fd\u0259n yax\u015f\u0131 g\u0259lir g\u00f6t\u00fcrm\u0259y\u0259 ba\u015flayan h\u0259kim-heyk\u0259ltara\u015f bir m\u00fcdd\u0259t sonra Paris\u0259 k\u00f6\u00e7\u00fcb (1765), orda emalatxana a\u00e7\u0131b, y\u00fcks\u0259k t\u0259b\u0259q\u0259 n\u00fcmay\u0259nd\u0259l\u0259riyl\u0259 yana\u015f\u0131, kriminal avtoritetl\u0259rd\u0259n d\u0259 sifari\u015fl\u0259r q\u0259bul edib. H\u0259min il K\u00f6rtis XV L\u00fcdovikin sonuncu m\u0259\u015fuq\u0259si madam de Berrinin mum heyk\u0259lini haz\u0131rlay\u0131b, haz\u0131rda n\u00fcmayi\u015f olunan \u0259n q\u0259dim mulyaj m\u0259hz bu heyk\u0259l\u0259 aiddir.\n<\/p>\n<p>\n  Mariya yax\u015f\u0131 t\u0259hsil almam\u0131\u015fd\u0131, o d\u00f6vr\u00fcn bir \u00e7ox q\u0131z\u0131ndan f\u0259rqli olaraq musiqiy\u0259 v\u0259 \u0259l i\u015fl\u0259rin\u0259 d\u0259 h\u0259v\u0259si yoxuydu. O, K\u00f6rtisin emalatxana \u00e7al\u0131\u015fmalar\u0131na baxma\u011f\u0131 xo\u015flay\u0131rd\u0131, ona g\u00f6r\u0259 d\u0259 vaxt\u0131n\u0131n \u00e7oxunu orda ke\u00e7irir v\u0259 getdikc\u0259 bu i\u015f\u0259 mara\u011f\u0131 art\u0131rd\u0131.\n<\/p>\n<p>\n  G\u00fcnl\u0259rin birind\u0259 Mariya da ona qo\u015fulur, K\u00f6rtisin h\u0259m \u015fagirdi, h\u0259m k\u00f6m\u0259k\u00e7isi olur, onun say\u0259sind\u0259 pe\u015f\u0259nin inc\u0259likl\u0259rini \u00f6yr\u0259nir.\n<\/p>\n<p>\n  Bir d\u0259f\u0259 yen\u0259 emalatxanaya ged\u0259nd\u0259 Mariya yolda Filippl\u0259 rastla\u015f\u0131r, h\u0259kim onu 27 ild\u0259n sonra yenic\u0259 Paris\u0259 qay\u0131tm\u0131\u015f (1778) Volterin qald\u0131\u011f\u0131 k\u00fc\u00e7\u0259y\u0259 apar\u0131r, h\u0259y\u0259canla x\u0259b\u0259r verir ki, m\u0259\u015fhur filosof v\u0259 yaz\u0131\u00e7\u0131 r\u0259sminin \u00e7\u0259kilm\u0131si \u00fc\u00e7\u00fcn onlara poz verm\u0259y\u0259 raz\u0131la\u015f\u0131b, sonra da \u201cBu, s\u0259nin ilk t\u0259cr\u00fcb\u0259n olacaq,\u201d &#8211; deyir. Siyas\u0259td\u0259n v\u0259 siyasi intriqalardan uzaq olan Mariya onun n\u0259y\u0259 sevindiyini tam olaraq anlamasa da, m\u00fc\u0259lliminin sevindiyini g\u00f6r\u00fcb o da sevinir. \u00dc\u00e7 ay sonra &#8211; Volter v\u0259fat ed\u0259n g\u00fcn\u00fcn s\u0259h\u0259ri K\u00f6rtis onun mumdan olan b\u00fcst\u00fcn\u00fc emalatxan\u0131n vitrinin\u0259 qoyur. Bu, parisil\u0259rin diqq\u0259tini \u00e7\u0259kir, insanlar g\u00fcnl\u0259rl\u0259 p\u0259nc\u0259r\u0259nin qaba\u011f\u0131na topla\u015f\u0131b b\u00fcst\u0259 tama\u015fa edirl\u0259r. Tezlikl\u0259 K\u00f6rtisin biznesi b\u00f6y\u00fcm\u0259y\u0259 ba\u015flay\u0131r. Mariya yeni modell\u0259r haz\u0131rlamaqla yana\u015f\u0131, qalereyadak\u0131 fiqurlar\u0131 yerl\u0259\u015fdirm\u0259k v\u0259 i\u015f\u0131qland\u0131rmaq, s\u0259rf\u0259li sifari\u015fl\u0259r tapmaq, m\u00fchasibat\u0131 idar\u0259 etm\u0259k kimi t\u0259s\u0259rr\u00fcfat i\u015fl\u0259riyl\u0259 d\u0259 m\u0259\u015f\u011ful olur.\n<\/p>\n<p>\n  ****\n<\/p>\n<p>\n  Memuarlar\u0131nda yazd\u0131\u011f\u0131na g\u00f6r\u0259 (1838), bir il sonra onu Versal saray\u0131na &#8211; kral XVI L\u00fcdovikin bac\u0131s\u0131 Yelizavetaya inc\u0259s\u0259n\u0259t d\u0259rsl\u0259ri ke\u00e7m\u0259yi d\u0259v\u0259t edirl\u0259r v\u0259 sonrak\u0131 10 ild\u0259 o, saray heyk\u0259ltara\u015f\u0131 olur (H\u0259r\u00e7\u0259nd bu iddiayla ba\u011fl\u0131 h\u0259r hans\u0131 s\u0259n\u0259d-s\u00fcbut yoxdur ). Mariya indiy\u0259 q\u0259d\u0259r he\u00e7 g\u00f6rm\u0259diyi rahat v\u0259 parlaq h\u0259yat ya\u015fama\u011fa ba\u015flay\u0131r. Art\u0131q h\u0259r q\u0259piyi hesablamaq, ucuz mum tapmaq \u00fc\u00e7\u00fcn b\u00fct\u00fcn Parisi \u0259l\u0259k-v\u0259l\u0259k etm\u0259k laz\u0131m deyildi. Amma B\u00f6y\u00fck Fransa inqilab\u0131 (1789) onun xo\u015fb\u0259xtliyin\u0259 son qoyur, inqilab\u00e7\u0131lar saray\u0131 \u0259l\u0259 ke\u00e7irirl\u0259r, \u015f\u0259h\u0259r bir g\u00fcn\u00fcn \u00fc\u00e7\u00fcnd\u0259 xaos paytaxt\u0131na \u00e7evrilir, minl\u0259rl\u0259 insan, o c\u00fcml\u0259d\u0259n Mariya royalistl\u0259rl\u0259 (monarxiya t\u0259r\u0259fdarlar\u0131yla) i\u015f birliyind\u0259 su\u00e7lanaraq h\u0259bs edilir, bir \u00e7oxu kimi, ona da \u00f6l\u00fcm c\u0259zas\u0131 k\u0259silir (Mariyan\u0131n h\u0259bsxana kameras\u0131ndak\u0131 yolda\u015flar\u0131ndan biri Napoleonun g\u0259l\u0259c\u0259k arvad\u0131 v\u0259 g\u0259l\u0259c\u0259k Fransa krali\u00e7as\u0131 Jozefina de Boqarne idi, sonralar o, Mariyaya \u0259rinin b\u00fcst\u00fcn\u00fc sifari\u015f ed\u0259c\u0259kdi). Mariyan\u0131 gilyotind\u0259n aktyor tan\u0131\u015f\u0131, \u0130ctimai T\u0259hl\u00fck\u0259sizlik Komit\u0259sinin \u00fczv\u00fc, iki mind\u0259n \u00e7ox insan\u0131n q\u0259tlin\u0259 r\u0259hb\u0259rlik etmi\u015f Kollo Derbua xilas edir.\n<\/p>\n<p>\n  Bir m\u00fcdd\u0259t sonra yeni hakimiyy\u0259t ona \u00f6ld\u00fcr\u00fclm\u00fc\u015f kral\u0131n v\u0259 arvad\u0131 Mariya-Antuanettan\u0131n gilyotinl\u0259 k\u0259silmi\u015f ba\u015flar\u0131ndan \u00fcz maskalar\u0131 \u00e7\u0131xarma\u011f\u0131 t\u0259klif edir. Q\u0131z raz\u0131la\u015fmal\u0131 olur, \u0259ks halda onu da k\u00f6hn\u0259 dostlar\u0131n\u0131n taleyi g\u00f6zl\u0259yirdi. Ona g\u00f6r\u0259 d\u0259 Mariya inqilab\u00e7\u0131larla \u0259m\u0259kda\u015fl\u0131\u011fa ba\u015flay\u0131r, h\u0259r d\u0259f\u0259 d\u0259h\u015f\u0259t i\u00e7ind\u0259 k\u0259sik ba\u015flar\u0131 \u0259lin\u0259 g\u00f6t\u00fcr\u00fcb q\u0259tl edilmi\u015f m\u0259\u015fhurlar\u0131n \u00fcz maskas\u0131n\u0131 haz\u0131rlamal\u0131 olur. Q\u0131sa m\u00fcdd\u0259t \u0259rzind\u0259 onun kolleksiyas\u0131 q\u0259tl edilmi\u015f \u015f\u0259xsl\u0259rin mum fiqurlar\u0131yla dolur. Sonralar madam T\u00fcsso h\u0259min g\u00fcnl\u0259ri bel\u0259 xat\u0131rlayacaqd\u0131: \u201cO fiqurlar m\u0259n\u0259 \u0259limi qana bulamaq hesab\u0131na ba\u015fa g\u0259lib. O xatir\u0259l\u0259ri \u00f6l\u0259n\u0259 q\u0259d\u0259r unutmayacam\u201d.\n<\/p>\n<p>\n  K\u00f6rtisin layiqli \u015fagirdi o d\u00f6n\u0259md\u0259 h\u0259tta Robespyeri d\u0259 \u00f6z m\u00fc\u015ft\u0259risi olma\u011fa raz\u0131 sala bilir, inqilab\u0131n bu \u0259n m\u0259\u015fhur q\u0259hr\u0259manlar\u0131ndan birinin b\u00fcst\u00fc Mariyan\u0131n yarad\u0131c\u0131l\u0131\u011f\u0131na diqq\u0259ti art\u0131r\u0131r. M\u0259\u015fhur inqilab\u00e7\u0131lardan Bastiliyaya h\u00fccumun t\u0259\u015f\u0259bb\u00fcskar\u0131 jurnalist Demulen, \u0130ctimai T\u0259hl\u00fck\u0259sizlik Komit\u0259sinin s\u0259dri Danton v\u0259 m\u0259\u015fhur inqilab\u00e7\u0131-yakobin\u00e7i Ebera da onun t\u0259klifin\u0259 h\u0259 deyirl\u0259r; yakobin\u00e7il\u0259rin liderl\u0259rind\u0259n biri, radikal jurnalist Marat\u0131n \u00fcz maskas\u0131n\u0131 is\u0259 Mariya onun k\u0259silmi\u015f ba\u015f\u0131ndan g\u00f6t\u00fcr\u00fcr.\n<\/p>\n<p>\n  H\u0259min g\u00fcn o, \u00f6z emalatxanas\u0131nda oturub m\u00fchasibat s\u0259n\u0259dl\u0259rini ara\u015fd\u0131r\u0131rm\u0131\u015f. Qap\u0131 q\u0259fil a\u00e7\u0131l\u0131r, i\u00e7\u0259ri yeni hakimiyy\u0259ti t\u0259msil ed\u0259n bir ne\u00e7\u0259 \u015f\u0259xs daxil olur. Onlar Mariyadan i\u015f al\u0259tl\u0259rini g\u00f6t\u00fcrm\u0259yi t\u0259l\u0259b edirl\u0259r v\u0259 onu Jan-Pol Marat\u0131n \u00f6ld\u00fcr\u00fcld\u00fcy\u00fc ev\u0259 apar\u0131rlar. G\u0259nc heyk\u0259ltara\u015f hadis\u0259 yerind\u0259 jurnalistin qatilini d\u0259 g\u00f6r\u00fcr, onun emosiyas\u0131z sif\u0259tin\u0259 diqq\u0259tl\u0259 bax\u0131b \u00fcz cizgil\u0259rini yadda saxlama\u011fa \u015fal\u0131\u015f\u0131r. Kriminal olaylar\u0131n i\u015ftirak\u00e7\u0131lar\u0131n\u0131 s\u00fcjetli kompozisiyada t\u0259qdim etm\u0259k fikri d\u0259 m\u0259hz o an onun a\u011fl\u0131na g\u0259lir. Bu q\u0259rar\u0131 Mariyaya sonralar b\u00f6y\u00fck \u015f\u00f6hr\u0259t g\u0259tir\u0259c\u0259k Mum heyk\u0259ll\u0259r muzeyinin yaranmas\u0131na s\u0259b\u0259b olmu\u015f ilk add\u0131m da hesab etm\u0259k olar. \u0130nqilab qurbanlar\u0131n\u0131n say\u0131 artd\u0131qca, Mariyan\u0131n ba\u015fk\u0259s\u0259nl\u0259rl\u0259 \u0259m\u0259kda\u015fl\u0131\u011f\u0131 da geni\u015fl\u0259nir. Art\u0131q \u015f\u0259h\u0259rd\u0259ki b\u00fct\u00fcn c\u0259lladlar onu tan\u0131y\u0131r, ham\u0131s\u0131 da \u015f\u0259rait yarad\u0131rd\u0131 ki, Mariya edamdan \u0259vv\u0259l \u2013 y\u0259ni ba\u015f h\u0259l\u0259 boyundayk\u0259n \u00fcz\u00fcn maskas\u0131n\u0131 \u00e7\u0131xars\u0131n, edamdan sonra is\u0259 sa\u00e7lar\u0131n\u0131 k\u0259sib g\u00f6t\u00fcrs\u00fcn.\n<\/p>\n<p>\n  ****\n<\/p>\n<p>\n  Varidat\u0131n\u0131, o c\u00fcml\u0259d\u0259n b\u00fct\u00fcn mum fiqurlar\u0131n\u0131 Mariyaya v\u0259siyy\u0259t etmi\u015f K\u00f6rtis bu olaylardan bir ne\u00e7\u0259 il sonra v\u0259fat edir. Bir il sonra Mariya m\u00fch\u0259ndis Fransua T\u00fcssoya \u0259r\u0259 gedir (1795), ilk \u00f6vlad\u0131 (q\u0131z\u0131) do\u011fulandan az m\u00fcdd\u0259t sonra \u00f6l\u00fcr, sonra iki o\u011flu olur &#8211; Jozef (deyil\u0259nl\u0259r\u0259 g\u00f6r\u0259, Jozefinan\u0131n \u015f\u0259r\u0259fin\u0259) v\u0259 Fransua. Amma ail\u0259 s\u0259ad\u0259ti uzun s\u00fcrm\u00fcr, qumarbaz v\u0259 \u0259yya\u015f m\u00fcsy\u00f6 T\u00fcsso arvad\u0131n\u0131n qazand\u0131\u011f\u0131 pullar\u0131 oyunlara v\u0259 i\u00e7kiy\u0259 x\u0259rcl\u0259diyi \u00fc\u00e7\u00fcn onlar\u0131n aras\u0131nda tez-tez m\u00fcnaqi\u015f\u0259 yaran\u0131r, bundan cana doyan Mariya u\u015faqlar\u0131n\u0131 da g\u00f6t\u00fcr\u00fcb evd\u0259n gedir, ki\u00e7ik o\u011flunu anas\u0131n\u0131n yan\u0131na qoyub eksponatlar\u0131n\u0131 n\u00fcmayi\u015f etdirm\u0259k \u00fc\u015f\u00fcn Jozefl\u0259 birlikd\u0259 Britaniyaya yollan\u0131r (1802).\n<\/p>\n<p>\n  Bir il sonra start g\u00f6t\u00fcr\u0259n Napoleon m\u00fcharib\u0259l\u0259ri (1803-1814) ucbat\u0131ndan v\u0259t\u0259nin\u0259 qay\u0131da bilm\u0259y\u0259n madam T\u00fcsso Londona yerl\u0259\u015fm\u0259k q\u0259rar\u0131na g\u0259lir.\n<\/p>\n<p>\n  19-cu \u0259srin \u0259vv\u0259ll\u0259rind\u0259 o, kolleksiyas\u0131yla birlikd\u0259 s\u0259f\u0259r\u0259 \u00e7\u0131x\u0131r, \u0259n ki\u00e7ik m\u0259saf\u0259l\u0259rin bel\u0259 \u00e7\u0259tin q\u0259t edildiyi o ill\u0259rd\u0259 Mariya 33 il yollarda olur, 75 \u015f\u0259h\u0259rin s\u0259rgi salonlar\u0131nda mum \u0259s\u0259rl\u0259rini n\u00fcmayi\u015f etdirir. Yeni fiqurlar v\u0259 kostyumlar haz\u0131rlamaq, h\u0259r s\u0259f\u0259r \u00f6nc\u0259si eksponatlar\u0131 qabla\u015fd\u0131rmaq, h\u0259r \u015f\u0259h\u0259rd\u0259 onlar\u0131 a\u00e7maq-d\u00fczm\u0259k \u2013 b\u00fct\u00fcn bu i\u015fl\u0259rin \u00f6hd\u0259sind\u0259n g\u0259lm\u0259k h\u0259tta g\u0259nc bir adam \u00fc\u00e7\u00fcn d\u0259 \u00e7\u0259tinlik t\u00f6r\u0259d\u0259rdi, halbuki madam T\u00fcsso art\u0131q orta ya\u015flardayd\u0131, ba\u015flan\u011f\u0131cda he\u00e7 kimi tan\u0131m\u0131rd\u0131, ingilis dilind\u0259 birc\u0259 k\u0259lm\u0259 d\u0259 bilmirdi, \u00fcst\u0259lik, yan\u0131nda azya\u015fl\u0131 u\u015fa\u011f\u0131 vard\u0131. B\u00fct\u00fcn bunlara r\u0259\u011fm\u0259n h\u0259v\u0259sd\u0259n d\u00fc\u015fm\u0259m\u0259si v\u0259 durmadan \u00e7al\u0131\u015fmas\u0131 Mariyan\u0131n t\u0259kc\u0259 istedad\u0131na yox, h\u0259m d\u0259 irad\u0259sin\u0259 g\u00f6r\u0259 s\u0131radan biri olmad\u0131\u011f\u0131n\u0131 g\u00f6st\u0259rir, u\u011furlar\u0131n\u0131 v\u0259 m\u0259\u015fhurlu\u011funu sonuna q\u0259d\u0259r haqq etmi\u015f \u015f\u0259xsiyy\u0259tl\u0259r s\u0131ras\u0131na qoyur.\n<\/p>\n<p>\n  Monarxiyan\u0131n b\u00fct\u00fcn \u015f\u0259h\u0259rl\u0259rind\u0259 madam T\u00fcssonun g\u0259li\u015fi b\u00f6y\u00fck hadis\u0259y\u0259 \u00e7evrilir, insanlar m\u0259\u015fhur siyas\u0259t\u00e7il\u0259rin mum heyk\u0259ll\u0259rin\u0259 baxmaq \u00fc\u00e7\u00fcn n\u00f6vb\u0259y\u0259 d\u00fcz\u00fcl\u00fcrl\u0259r. S\u0259f\u0259rl\u0259rin birind\u0259 muzeyin eksponatlar\u0131n\u0131 \u0130rlandiyaya da\u015f\u0131yan g\u0259mi f\u0131rt\u0131naya yaxalan\u0131r, fiqurlar\u0131n ancaq bir qismini xilas etm\u0259k olur. Kolleksiyas\u0131n\u0131n b\u00f6y\u00fck hiss\u0259si m\u0259hv olan Mariya ruhdan d\u00fc\u015fm\u00fcr, fiqurlar\u0131n emalatxanadak\u0131 mulyajlar\u0131ndan istifad\u0259 ed\u0259r\u0259k t\u0259dric\u0259n ham\u0131s\u0131n\u0131 b\u0259rpa edir.\n<\/p>\n<p>\n  Britaniya v\u0259t\u0259nda\u015fl\u0131\u011f\u0131 al\u0131b m\u0259\u015fhur \u201cBeyker Strit\u201dd\u0259 (Baker Street \u2013 \u201c\u00c7\u00f6r\u0259k\u00e7i\u201d k\u00fc\u00e7\u0259si)muzeyi \u00fc\u00e7\u00fcn yer icar\u0259y\u0259 g\u00f6t\u00fcr\u00fcr (1835). Prussiya \u015fahzad\u0259si, Britaniya kral\u0131 III Georqun g\u0259lini Frederika \u015earlotta madam T\u00fcssoya ki\u00e7ik o\u011flan fiquru sifari\u015f ed\u0259nd\u0259n sonra onun \u015f\u00f6hr\u0259ti daha da art\u0131r.\n<\/p>\n<p>\n  Madam T\u00fcsso tezlikl\u0259 muzeyd\u0259 m\u0259\u015fhur cinay\u0259tkarlar\u0131n fiqurlar\u0131n\u0131 da n\u00fcmayi\u015f etdirm\u0259y\u0259 ba\u015flay\u0131r, bunun \u00fc\u00e7\u00fcn ayr\u0131ca otaq ay\u0131r\u0131r. Edinburq \u015f\u0259h\u0259rinin c\u0259llad\u0131 Con Uilyamsla dostla\u015f\u0131b yenid\u0259n m\u0259\u015fhur \u00f6l\u00fcl\u0259rin maskalar\u0131n\u0131 haz\u0131rlama\u011fa ba\u015flay\u0131r. Amma art\u0131q o, t\u0259k deyildi, art\u0131q o\u011fullar\u0131 da onun \u201cmum imperiyas\u0131nda\u201d \u00e7al\u0131\u015f\u0131rd\u0131lar \u2013 Jozef kostyumlar \u00fczr\u0259 m\u00fct\u0259x\u0259ssis idi, Fransua maliyy\u0259 i\u015fl\u0259rin\u0259 n\u0259zar\u0259t edirdi (Mariya anas\u0131n\u0131n \u00f6l\u00fcm\u00fcnd\u0259n sonra -1822-ci ild\u0259 yan\u0131na g\u0259tirmi\u015fdi).\n<\/p>\n<\/p>\n<p>\n  Muzey\u0259 g\u0259l\u0259nl\u0259ri \u00f6z\u00fc m\u00fc\u015fayi\u0259t ed\u0259n g\u00fcnl\u0259rd\u0259 Mariya onlara inqilab vaxt\u0131 q\u0259tl edilmi\u015f frans\u0131zlar\u0131n k\u0259sik ba\u015flar\u0131n\u0131 v\u0259 ortadak\u0131 gilyotini g\u00f6st\u0259rib bel\u0259 dey\u0259rmi\u015f: \u201c\u0130nqilab liderl\u0259rinin \u0259mril\u0259 m\u0259n c\u0259lladlar\u0131n bax bu al\u0259tl\u0259 k\u0259sib s\u0259b\u0259tl\u0259r\u0259 atd\u0131\u011f\u0131 ba\u015flar\u0131n \u00fcz maskas\u0131n\u0131 haz\u0131rlay\u0131rd\u0131m. Onlar ham\u0131s\u0131 m\u0259nim dostlar\u0131m\u0131yd\u0131lar, onlar\u0131n he\u00e7 birind\u0259n ayr\u0131lmaq ist\u0259m\u0259zdim\u201d.\n<\/p>\n<p>\n  B\u0259zi g\u00fcnl\u0259rd\u0259 madam T\u00fcsso gec\u0259 d\u0259 muzeyd\u0259 qalarm\u0131\u015f, onun orda n\u0259 i\u015fl\u0259 m\u0259\u015f\u011ful oldu\u011funu he\u00e7 kim bilm\u0259zmi\u015f. B\u0259lk\u0259 dostlar\u0131n\u0131n k\u0259silmi\u015f ba\u015flar\u0131ndan pul qazand\u0131\u011f\u0131 \u00fc\u00e7\u00fcn vicdan \u0259zab\u0131 \u00e7\u0259kirmi\u015f v\u0259 zaman-zaman muzey\u0259 qapan\u0131b onlar\u0131n mum heyk\u0259ll\u0259riyl\u0259 d\u0259rdl\u0259\u015firmi\u015f, kim bilir?\n<\/p>\n<p>\n  ****\n<\/p>\n<p>\n  Madam T\u00fcsso 1850-ci ild\u0259, 88 ya\u015f\u0131nda v\u0259fat edir. Amma Mum heyk\u0259ll\u0259r muzeyi populyarl\u0131\u011f\u0131n\u0131 n\u0259inki itirir, \u0259ksin\u0259, getdikc\u0259 daha \u00e7ox tan\u0131n\u0131r. Bu g\u00fcn bu muzey Londonun \u0259n \u00e7ox turist c\u0259lb ed\u0259n obyektl\u0259rind\u0259n biridir; Nyu-Yorkda, Las-Veqasda, Hollivudda, Va\u015finqtonda, Amsterdamda, Berlind\u0259, Honkonqda, Kopenhagend\u0259, \u015eanxayda filiallar\u0131 var. \u201cBeyker Strit\u201dd\u0259ki \u0259sas binas\u0131nda zaman-zaman yeni eksponatlar &#8211; \u015f\u00f6hr\u0259tin pik zirv\u0259sini yaxalaya bilmi\u015f yeni m\u0259\u015fhurlar\u0131n mum heyk\u0259ll\u0259ri n\u00fcmayi\u015f etdirilir. Britaniya kral ail\u0259sinin m\u0259nsublar\u0131 yeni fiqurlar\u0131n\u0131n haz\u0131rlanmas\u0131na icaz\u0259 verir v\u0259 bunun \u00fc\u00e7\u00fcn \u015f\u0259kill\u0259rinin \u00e7\u0259kilm\u0259sin\u0259 v\u0259 b\u0259d\u0259n \u00f6l\u00e7\u00fcl\u0259rinin g\u00f6t\u00fcr\u00fclm\u0259sin\u0259 d\u0259 etiraz etmirl\u0259r.\n<\/p>\n<p>\n  Halbuki bu, kifay\u0259t q\u0259d\u0259r z\u0259hl\u0259t\u00f6k\u0259n prosedurdur, \u00e7\u00fcnki mum heyk\u0259li haz\u0131rlanacaq b\u0259d\u0259nd\u0259n 150 \u00f6l\u00e7\u00fc g\u00f6t\u00fcrm\u0259k laz\u0131m g\u0259lir.\n<\/p>\n<p>\n  Mumlar imperiyas\u0131n\u0131n krali\u00e7as\u0131 haqda yaz\u0131n\u0131 onun muzeyi haqda maraql\u0131 faktlarla bitir\u0259k:\n<\/p>\n<ul>\n<li>\n<p>\n        mum zamanla quruyub ki\u00e7ildiyi \u00fc\u00e7\u00fcn mum heyk\u0259l b\u0259d\u0259nin h\u0259qiqi \u00f6l\u00e7\u00fcs\u00fcnd\u0259n 2% b\u00f6y\u00fck haz\u0131rlan\u0131r;\n      <\/p>\n<\/li>\n<li>\n<p>\n        1940-c\u0131 ild\u0259 alman t\u0259yyar\u0259l\u0259rinin hava h\u00fccumu zaman\u0131 muzey\u0259 bomba d\u00fc\u015f\u00fcb, 350 fiqur v\u0259 mulyaj z\u0259d\u0259l\u0259nib;\n      <\/p>\n<\/li>\n<li>\n<p>\n        2008-ci ild\u0259 almaniyal\u0131 turist qorumalar\u0131n yan\u0131ndan sivi\u015fib Hitlerin heyk\u0259linin ba\u015f\u0131n\u0131 qopar\u0131b, bunu onunla izah edib ki, l\u00f6vh\u0259l\u0259rd\u0259 heyk\u0259ll\u0259rl\u0259 \u015f\u0259kil \u00e7\u0259kdirm\u0259yin qada\u011fan oldu\u011fu yaz\u0131l\u0131b, ba\u015flar\u0131n\u0131 qoparma\u011fa icaz\u0259 verilm\u0259diyi qeyd edilm\u0259yib. Alman turist h\u0259m\u00e7inin deyib ki, \u201cHitlerd\u0259n turizmd\u0259 istifad\u0259 olunmas\u0131 m\u0259ni narahat edir\u201d;\n      <\/p>\n<\/li>\n<li>\n<p>\n        Muzey \u0259m\u0259kda\u015flar\u0131 mum heyk\u0259lini haz\u0131rlamaq t\u0259klifiyl\u0259 Tereza anaya da m\u00fcraci\u0259t edibl\u0259r, amma o raz\u0131la\u015fmay\u0131b, deyib ki, onun g\u00f6rd\u00fcy\u00fc i\u015fl\u0259r onun h\u0259yat\u0131ndan qat-qat \u00f6n\u0259mlidir.\n      <\/p>\n<\/li>\n<li>\n<p>\n        muzeyd\u0259ki \u0259n ki\u00e7ik fiqur C.Barrinin \u201cPiter Pen\u201d \u0259s\u0259rin\u0259 \u00e7\u0259kilmi\u015f cizgi filmind\u0259ki Din-Dinin fiqurudur.\n      <\/p>\n<\/li>\n<li>\n<p>\n        Muzeyd\u0259 \u015erekin v\u0259 inan\u0131lmaz Halk\u0131n da fiqurlar\u0131 var.\n      <\/p>\n<\/li>\n<\/ul>\n","protected":false},"excerpt":{"rendered":"<p>\u0130kinci d\u00fcnya m\u00fcharib\u0259sind\u0259n sonra yaponlar\u0131n &#8220;son \u0259sg\u0259rl\u0259r&#8221;i bar\u0259d\u0259 maraql\u0131 \u0259hvalatlar m\u00f6vcuddur<\/p>\n","protected":false},"author":11,"featured_media":117161,"comment_status":"closed","ping_status":"open","sticky":false,"template":"","format":"standard","meta":{"_acf_changed":false,"_sitemap_exclude":false,"_sitemap_priority":"","_sitemap_frequency":"","footnotes":""},"categories":[51],"tags":[],"class_list":["post-193807","post","type-post","status-publish","format-standard","has-post-thumbnail","hentry","category-analitika","infinite-scroll-item","generate-columns","tablet-grid-50","mobile-grid-100","grid-parent","grid-33","no-featured-image-padding"],"acf":[],"yoast_head":"<!-- This site is optimized with the Yoast SEO plugin v27.4 - https:\/\/yoast.com\/product\/yoast-seo-wordpress\/ -->\n<title>Mumlar imperiyas\u0131n\u0131n krali\u00e7as\u0131 \u2013 madam T\u00fcsso - MEYDAN.TV<\/title>\n<meta name=\"robots\" content=\"index, follow, max-snippet:-1, max-image-preview:large, max-video-preview:-1\" \/>\n<link rel=\"canonical\" href=\"https:\/\/www.meydan.tv\/az\/article\/mumlar-imperiyasinin-kralicasi-madam-tusso\/\" \/>\n<meta property=\"og:locale\" content=\"az_AZ\" \/>\n<meta property=\"og:type\" content=\"article\" \/>\n<meta property=\"og:title\" content=\"Mumlar imperiyas\u0131n\u0131n krali\u00e7as\u0131 \u2013 madam T\u00fcsso - MEYDAN.TV\" \/>\n<meta property=\"og:description\" content=\"\u0130kinci d\u00fcnya m\u00fcharib\u0259sind\u0259n sonra yaponlar\u0131n &quot;son \u0259sg\u0259rl\u0259r&quot;i bar\u0259d\u0259 maraql\u0131 \u0259hvalatlar m\u00f6vcuddur\" \/>\n<meta property=\"og:url\" content=\"https:\/\/www.meydan.tv\/az\/article\/mumlar-imperiyasinin-kralicasi-madam-tusso\/\" \/>\n<meta property=\"og:site_name\" content=\"MEYDAN.TV\" \/>\n<meta property=\"article:published_time\" content=\"2019-02-03T17:48:25+00:00\" \/>\n<meta property=\"og:image\" content=\"https:\/\/www.meydan.tv\/wp-content\/uploads\/46693.png\" \/>\n\t<meta property=\"og:image:width\" content=\"810\" \/>\n\t<meta property=\"og:image:height\" content=\"450\" \/>\n\t<meta property=\"og:image:type\" content=\"image\/png\" \/>\n<meta name=\"author\" content=\"user-manager\" \/>\n<meta name=\"twitter:card\" content=\"summary_large_image\" \/>\n<script type=\"application\/ld+json\" class=\"yoast-schema-graph\">{\"@context\":\"https:\\\/\\\/schema.org\",\"@graph\":[{\"@type\":\"Article\",\"@id\":\"https:\\\/\\\/www.meydan.tv\\\/az\\\/article\\\/mumlar-imperiyasinin-kralicasi-madam-tusso\\\/#article\",\"isPartOf\":{\"@id\":\"https:\\\/\\\/www.meydan.tv\\\/az\\\/article\\\/mumlar-imperiyasinin-kralicasi-madam-tusso\\\/\"},\"author\":{\"name\":\"user-manager\",\"@id\":\"https:\\\/\\\/www.meydan.tv\\\/az\\\/#\\\/schema\\\/person\\\/10d11eccf6da3662cf5fdab9806ea91a\"},\"headline\":\"Mumlar imperiyas\u0131n\u0131n krali\u00e7as\u0131 \u2013 madam T\u00fcsso\",\"datePublished\":\"2019-02-03T17:48:25+00:00\",\"mainEntityOfPage\":{\"@id\":\"https:\\\/\\\/www.meydan.tv\\\/az\\\/article\\\/mumlar-imperiyasinin-kralicasi-madam-tusso\\\/\"},\"wordCount\":2546,\"publisher\":{\"@id\":\"https:\\\/\\\/www.meydan.tv\\\/az\\\/#organization\"},\"image\":{\"@id\":\"https:\\\/\\\/www.meydan.tv\\\/az\\\/article\\\/mumlar-imperiyasinin-kralicasi-madam-tusso\\\/#primaryimage\"},\"thumbnailUrl\":\"https:\\\/\\\/www.meydan.tv\\\/wp-content\\\/uploads\\\/46693.png\",\"articleSection\":[\"Analitika\"],\"inLanguage\":\"az\"},{\"@type\":\"WebPage\",\"@id\":\"https:\\\/\\\/www.meydan.tv\\\/az\\\/article\\\/mumlar-imperiyasinin-kralicasi-madam-tusso\\\/\",\"url\":\"https:\\\/\\\/www.meydan.tv\\\/az\\\/article\\\/mumlar-imperiyasinin-kralicasi-madam-tusso\\\/\",\"name\":\"Mumlar imperiyas\u0131n\u0131n krali\u00e7as\u0131 \u2013 madam T\u00fcsso - MEYDAN.TV\",\"isPartOf\":{\"@id\":\"https:\\\/\\\/www.meydan.tv\\\/az\\\/#website\"},\"primaryImageOfPage\":{\"@id\":\"https:\\\/\\\/www.meydan.tv\\\/az\\\/article\\\/mumlar-imperiyasinin-kralicasi-madam-tusso\\\/#primaryimage\"},\"image\":{\"@id\":\"https:\\\/\\\/www.meydan.tv\\\/az\\\/article\\\/mumlar-imperiyasinin-kralicasi-madam-tusso\\\/#primaryimage\"},\"thumbnailUrl\":\"https:\\\/\\\/www.meydan.tv\\\/wp-content\\\/uploads\\\/46693.png\",\"datePublished\":\"2019-02-03T17:48:25+00:00\",\"breadcrumb\":{\"@id\":\"https:\\\/\\\/www.meydan.tv\\\/az\\\/article\\\/mumlar-imperiyasinin-kralicasi-madam-tusso\\\/#breadcrumb\"},\"inLanguage\":\"az\",\"potentialAction\":[{\"@type\":\"ReadAction\",\"target\":[\"https:\\\/\\\/www.meydan.tv\\\/az\\\/article\\\/mumlar-imperiyasinin-kralicasi-madam-tusso\\\/\"]}]},{\"@type\":\"ImageObject\",\"inLanguage\":\"az\",\"@id\":\"https:\\\/\\\/www.meydan.tv\\\/az\\\/article\\\/mumlar-imperiyasinin-kralicasi-madam-tusso\\\/#primaryimage\",\"url\":\"https:\\\/\\\/www.meydan.tv\\\/wp-content\\\/uploads\\\/46693.png\",\"contentUrl\":\"https:\\\/\\\/www.meydan.tv\\\/wp-content\\\/uploads\\\/46693.png\",\"width\":810,\"height\":450,\"caption\":\"Source:\"},{\"@type\":\"BreadcrumbList\",\"@id\":\"https:\\\/\\\/www.meydan.tv\\\/az\\\/article\\\/mumlar-imperiyasinin-kralicasi-madam-tusso\\\/#breadcrumb\",\"itemListElement\":[{\"@type\":\"ListItem\",\"position\":1,\"name\":\"Ana s\u0259hif\u0259\",\"item\":\"https:\\\/\\\/www.meydan.tv\\\/az\\\/\"},{\"@type\":\"ListItem\",\"position\":2,\"name\":\"Analitika\",\"item\":\"https:\\\/\\\/www.meydan.tv\\\/az\\\/section\\\/analitika\\\/\"},{\"@type\":\"ListItem\",\"position\":3,\"name\":\"Mumlar imperiyas\u0131n\u0131n krali\u00e7as\u0131 \u2013 madam T\u00fcsso\"}]},{\"@type\":\"WebSite\",\"@id\":\"https:\\\/\\\/www.meydan.tv\\\/az\\\/#website\",\"url\":\"https:\\\/\\\/www.meydan.tv\\\/az\\\/\",\"name\":\"MEYDAN.TV\",\"description\":\"Meydan TV Az\u0259rbaycan\u0131n media m\u0259kan\u0131ndak\u0131 alternativ s\u0259sidir\",\"publisher\":{\"@id\":\"https:\\\/\\\/www.meydan.tv\\\/az\\\/#organization\"},\"potentialAction\":[{\"@type\":\"SearchAction\",\"target\":{\"@type\":\"EntryPoint\",\"urlTemplate\":\"https:\\\/\\\/www.meydan.tv\\\/az\\\/?s={search_term_string}\"},\"query-input\":{\"@type\":\"PropertyValueSpecification\",\"valueRequired\":true,\"valueName\":\"search_term_string\"}}],\"inLanguage\":\"az\"},{\"@type\":\"Organization\",\"@id\":\"https:\\\/\\\/www.meydan.tv\\\/az\\\/#organization\",\"name\":\"Meydan TV\",\"url\":\"https:\\\/\\\/www.meydan.tv\\\/az\\\/\",\"logo\":{\"@type\":\"ImageObject\",\"inLanguage\":\"az\",\"@id\":\"https:\\\/\\\/www.meydan.tv\\\/az\\\/#\\\/schema\\\/logo\\\/image\\\/\",\"url\":\"https:\\\/\\\/www.meydan.tv\\\/wp-content\\\/uploads\\\/2021\\\/07\\\/meydan-logo.svg\",\"contentUrl\":\"https:\\\/\\\/www.meydan.tv\\\/wp-content\\\/uploads\\\/2021\\\/07\\\/meydan-logo.svg\",\"width\":195,\"height\":46,\"caption\":\"Meydan TV\"},\"image\":{\"@id\":\"https:\\\/\\\/www.meydan.tv\\\/az\\\/#\\\/schema\\\/logo\\\/image\\\/\"}},{\"@type\":\"Person\",\"@id\":\"https:\\\/\\\/www.meydan.tv\\\/az\\\/#\\\/schema\\\/person\\\/10d11eccf6da3662cf5fdab9806ea91a\",\"name\":\"user-manager\"}]}<\/script>\n<!-- \/ Yoast SEO plugin. -->","yoast_head_json":{"title":"Mumlar imperiyas\u0131n\u0131n krali\u00e7as\u0131 \u2013 madam T\u00fcsso - MEYDAN.TV","robots":{"index":"index","follow":"follow","max-snippet":"max-snippet:-1","max-image-preview":"max-image-preview:large","max-video-preview":"max-video-preview:-1"},"canonical":"https:\/\/www.meydan.tv\/az\/article\/mumlar-imperiyasinin-kralicasi-madam-tusso\/","og_locale":"az_AZ","og_type":"article","og_title":"Mumlar imperiyas\u0131n\u0131n krali\u00e7as\u0131 \u2013 madam T\u00fcsso - MEYDAN.TV","og_description":"\u0130kinci d\u00fcnya m\u00fcharib\u0259sind\u0259n sonra yaponlar\u0131n \"son \u0259sg\u0259rl\u0259r\"i bar\u0259d\u0259 maraql\u0131 \u0259hvalatlar m\u00f6vcuddur","og_url":"https:\/\/www.meydan.tv\/az\/article\/mumlar-imperiyasinin-kralicasi-madam-tusso\/","og_site_name":"MEYDAN.TV","article_published_time":"2019-02-03T17:48:25+00:00","og_image":[{"width":810,"height":450,"url":"https:\/\/www.meydan.tv\/wp-content\/uploads\/46693.png","type":"image\/png"}],"author":"user-manager","twitter_card":"summary_large_image","schema":{"@context":"https:\/\/schema.org","@graph":[{"@type":"Article","@id":"https:\/\/www.meydan.tv\/az\/article\/mumlar-imperiyasinin-kralicasi-madam-tusso\/#article","isPartOf":{"@id":"https:\/\/www.meydan.tv\/az\/article\/mumlar-imperiyasinin-kralicasi-madam-tusso\/"},"author":{"name":"user-manager","@id":"https:\/\/www.meydan.tv\/az\/#\/schema\/person\/10d11eccf6da3662cf5fdab9806ea91a"},"headline":"Mumlar imperiyas\u0131n\u0131n krali\u00e7as\u0131 \u2013 madam T\u00fcsso","datePublished":"2019-02-03T17:48:25+00:00","mainEntityOfPage":{"@id":"https:\/\/www.meydan.tv\/az\/article\/mumlar-imperiyasinin-kralicasi-madam-tusso\/"},"wordCount":2546,"publisher":{"@id":"https:\/\/www.meydan.tv\/az\/#organization"},"image":{"@id":"https:\/\/www.meydan.tv\/az\/article\/mumlar-imperiyasinin-kralicasi-madam-tusso\/#primaryimage"},"thumbnailUrl":"https:\/\/www.meydan.tv\/wp-content\/uploads\/46693.png","articleSection":["Analitika"],"inLanguage":"az"},{"@type":"WebPage","@id":"https:\/\/www.meydan.tv\/az\/article\/mumlar-imperiyasinin-kralicasi-madam-tusso\/","url":"https:\/\/www.meydan.tv\/az\/article\/mumlar-imperiyasinin-kralicasi-madam-tusso\/","name":"Mumlar imperiyas\u0131n\u0131n krali\u00e7as\u0131 \u2013 madam T\u00fcsso - MEYDAN.TV","isPartOf":{"@id":"https:\/\/www.meydan.tv\/az\/#website"},"primaryImageOfPage":{"@id":"https:\/\/www.meydan.tv\/az\/article\/mumlar-imperiyasinin-kralicasi-madam-tusso\/#primaryimage"},"image":{"@id":"https:\/\/www.meydan.tv\/az\/article\/mumlar-imperiyasinin-kralicasi-madam-tusso\/#primaryimage"},"thumbnailUrl":"https:\/\/www.meydan.tv\/wp-content\/uploads\/46693.png","datePublished":"2019-02-03T17:48:25+00:00","breadcrumb":{"@id":"https:\/\/www.meydan.tv\/az\/article\/mumlar-imperiyasinin-kralicasi-madam-tusso\/#breadcrumb"},"inLanguage":"az","potentialAction":[{"@type":"ReadAction","target":["https:\/\/www.meydan.tv\/az\/article\/mumlar-imperiyasinin-kralicasi-madam-tusso\/"]}]},{"@type":"ImageObject","inLanguage":"az","@id":"https:\/\/www.meydan.tv\/az\/article\/mumlar-imperiyasinin-kralicasi-madam-tusso\/#primaryimage","url":"https:\/\/www.meydan.tv\/wp-content\/uploads\/46693.png","contentUrl":"https:\/\/www.meydan.tv\/wp-content\/uploads\/46693.png","width":810,"height":450,"caption":"Source:"},{"@type":"BreadcrumbList","@id":"https:\/\/www.meydan.tv\/az\/article\/mumlar-imperiyasinin-kralicasi-madam-tusso\/#breadcrumb","itemListElement":[{"@type":"ListItem","position":1,"name":"Ana s\u0259hif\u0259","item":"https:\/\/www.meydan.tv\/az\/"},{"@type":"ListItem","position":2,"name":"Analitika","item":"https:\/\/www.meydan.tv\/az\/section\/analitika\/"},{"@type":"ListItem","position":3,"name":"Mumlar imperiyas\u0131n\u0131n krali\u00e7as\u0131 \u2013 madam T\u00fcsso"}]},{"@type":"WebSite","@id":"https:\/\/www.meydan.tv\/az\/#website","url":"https:\/\/www.meydan.tv\/az\/","name":"MEYDAN.TV","description":"Meydan TV Az\u0259rbaycan\u0131n media m\u0259kan\u0131ndak\u0131 alternativ s\u0259sidir","publisher":{"@id":"https:\/\/www.meydan.tv\/az\/#organization"},"potentialAction":[{"@type":"SearchAction","target":{"@type":"EntryPoint","urlTemplate":"https:\/\/www.meydan.tv\/az\/?s={search_term_string}"},"query-input":{"@type":"PropertyValueSpecification","valueRequired":true,"valueName":"search_term_string"}}],"inLanguage":"az"},{"@type":"Organization","@id":"https:\/\/www.meydan.tv\/az\/#organization","name":"Meydan TV","url":"https:\/\/www.meydan.tv\/az\/","logo":{"@type":"ImageObject","inLanguage":"az","@id":"https:\/\/www.meydan.tv\/az\/#\/schema\/logo\/image\/","url":"https:\/\/www.meydan.tv\/wp-content\/uploads\/2021\/07\/meydan-logo.svg","contentUrl":"https:\/\/www.meydan.tv\/wp-content\/uploads\/2021\/07\/meydan-logo.svg","width":195,"height":46,"caption":"Meydan TV"},"image":{"@id":"https:\/\/www.meydan.tv\/az\/#\/schema\/logo\/image\/"}},{"@type":"Person","@id":"https:\/\/www.meydan.tv\/az\/#\/schema\/person\/10d11eccf6da3662cf5fdab9806ea91a","name":"user-manager"}]}},"_links":{"self":[{"href":"https:\/\/www.meydan.tv\/az\/wp-json\/wp\/v2\/posts\/193807","targetHints":{"allow":["GET"]}}],"collection":[{"href":"https:\/\/www.meydan.tv\/az\/wp-json\/wp\/v2\/posts"}],"about":[{"href":"https:\/\/www.meydan.tv\/az\/wp-json\/wp\/v2\/types\/post"}],"author":[{"embeddable":true,"href":"https:\/\/www.meydan.tv\/az\/wp-json\/wp\/v2\/users\/11"}],"replies":[{"embeddable":true,"href":"https:\/\/www.meydan.tv\/az\/wp-json\/wp\/v2\/comments?post=193807"}],"version-history":[{"count":0,"href":"https:\/\/www.meydan.tv\/az\/wp-json\/wp\/v2\/posts\/193807\/revisions"}],"wp:featuredmedia":[{"embeddable":true,"href":"https:\/\/www.meydan.tv\/az\/wp-json\/wp\/v2\/media\/117161"}],"wp:attachment":[{"href":"https:\/\/www.meydan.tv\/az\/wp-json\/wp\/v2\/media?parent=193807"}],"wp:term":[{"taxonomy":"category","embeddable":true,"href":"https:\/\/www.meydan.tv\/az\/wp-json\/wp\/v2\/categories?post=193807"},{"taxonomy":"post_tag","embeddable":true,"href":"https:\/\/www.meydan.tv\/az\/wp-json\/wp\/v2\/tags?post=193807"}],"curies":[{"name":"wp","href":"https:\/\/api.w.org\/{rel}","templated":true}]}}