{"id":193793,"date":"2019-02-01T18:38:31","date_gmt":"2019-02-01T18:38:31","guid":{"rendered":"https:\/\/www.meydan.tv\/article\/hokumet-bir-yana-allahin-unutdugu-yerdeyik\/"},"modified":"2019-02-01T18:38:31","modified_gmt":"2019-02-01T18:38:31","slug":"hokumet-bir-yana-allahin-unutdugu-yerdeyik","status":"publish","type":"post","link":"https:\/\/www.meydan.tv\/az\/article\/hokumet-bir-yana-allahin-unutdugu-yerdeyik\/","title":{"rendered":"&#8216;H\u00f6kum\u0259t bir yana, Allah\u0131n unutdu\u011fu yerd\u0259yik&#8221;"},"content":{"rendered":"<figure class=\"wp-block-image size-large\">\n  <img decoding=\"async\" src=\"https:\/\/www.meydan.tv\/az\/117071\/\" alt=\"\" class=\"wp-image-117071\"\/><figcaption><\/figcaption><\/figure>\n<p>\n  <i><br \/>\n    K\u0259nd sakinl\u0259ri: &#8221;&#8217;Bu k\u0259ndd\u0259 he\u00e7 bir d\u00f6vl\u0259t m\u00fc\u0259ssis\u0259si yoxdur&#8221;<br \/>\n  <\/i>\n<\/p>\n<p>\n  K\u00fcrd\u0259mirin Mu\u011fanl\u0131 k\u0259ndinin sakinl\u0259ri \u015f\u0259h\u0259r m\u0259rk\u0259zin\u0259 olan 18 kilometrlik yolu 1 saat 45 d\u0259qiq\u0259y\u0259 gedib \u00e7\u0131x\u0131rlar. S\u0259b\u0259b kimi yollar\u0131n b\u0259rbad olmas\u0131n\u0131 g\u00f6st\u0259rirl\u0259r. K\u0259ndin sakinl\u0259ri sonuncu d\u0259f\u0259 yolun n\u0259 zaman t\u0259mir edildiyini unudublar. Deyirl\u0259r, t\u0259k problem yol da deyil. K\u0259ndd\u0259 11 illik m\u0259kt\u0259b, tibb m\u0259nt\u0259q\u0259si d\u0259 yoxdur.\n<\/p>\n<p>\n  \u201cBurnu qanayan\u0131 \u015f\u0259h\u0259r m\u0259rk\u0259zin\u0259 aparmal\u0131 oluruq. O da ki, yollar\u0131 g\u00f6r\u00fcrs\u00fcn\u00fcz d\u0259. Bir problem bitir, dig\u0259ri ba\u015flay\u0131r. X\u0259st\u0259l\u0259nirs\u0259n, bir d\u0259rd, x\u0259st\u0259xanaya getm\u0259k ist\u0259yirs\u0259n, ikinci d\u0259rddir\u201d.\n<\/p>\n<p>\n  K\u0259nd sakinl\u0259rind\u0259n Aq\u015fin \u018fhm\u0259dov bel\u0259 deyir.\n<\/p>\n<blockquote><p>\n  1 manatl\u0131q yola 5 manat veririk\n<\/p><\/blockquote>\n<p>\n  A.\u018fhm\u0259dov bildirir ki, yollara uzun ill\u0259rdir baxan olmay\u0131b. Baxmayaraq ki, d\u0259f\u0259l\u0259rl\u0259 m\u00fcraci\u0259t edibl\u0259r.\n<\/p>\n<figure class=\"wp-block-image size-large\">\n  <img decoding=\"async\" src=\"https:\/\/www.meydan.tv\/az\/aqsin-ehmedov\/\" alt=\"Aq\u015fin \u018fhm\u0259dov\" class=\"wp-image-117068\"\/><figcaption>\n    Aq\u015fin \u018fhm\u0259dov<br \/>\n  <\/figcaption><\/figure>\n<p>\n  \u201cN\u0259inki k\u0259ndaras\u0131 yollar, k\u0259nd\u0259 g\u0259l\u0259n yollar da b\u0259rbad g\u00fcnd\u0259dir. \u0130ndiy\u0259 q\u0259d\u0259r n\u0259 edib, k\u0259nd camaat\u0131 \u00f6z v\u0259saitl\u0259ri hesab\u0131na edibl\u0259r. O da bir ay \u00e7\u0259kir, ya \u00e7\u0259kmir. K\u00fcrd\u0259mirin m\u0259rk\u0259zin\u0259 18 kilometr\u0259 yax\u0131n yoldur. Taksi il\u0259 gedib-g\u0259lirik. Tez -tez gedirik. Taksi d\u0259 m\u0259cburdur 1 manatl\u0131q yola 5 manat als\u0131n, yoxsa kim ma\u015f\u0131n\u0131ndan bezib ki, bu yolu getsin?\u201d\n<\/p>\n<blockquote><p>\n  Bura Allah t\u0259r\u0259find\u0259n d\u0259 yaddan \u00e7\u0131xar\u0131lm\u0131\u015f k\u0259nddir\n<\/p><\/blockquote>\n<p>\n  A.\u018fhm\u0259dov deyir ki, \u0259n son 1985-1986-c\u0131 ill\u0259rd\u0259 bu yollar da\u015f-\u00e7\u0131nq\u0131l \u00fcz\u00fc g\u00f6r\u00fcb. Ondan sonra imkan olmay\u0131b:\n<\/p>\n<figure class=\"wp-block-image size-large\">\n  <img decoding=\"async\" src=\"https:\/\/www.meydan.tv\/az\/117074\/\" alt=\"\" class=\"wp-image-117074\"\/><figcaption><\/figcaption><\/figure>\n<p>\n  \u201cYax\u015f\u0131 t\u0259mir edilmi\u015fdi. O da ki, yen\u0259 k\u0259nd camaat\u0131n\u0131n v\u0259saiti hesab\u0131na. T\u0259bii bir ne\u00e7\u0259 il \u00e7\u0259kdi. O da da\u011f\u0131l\u0131b, getdi. D\u00f6vl\u0259t he\u00e7 vaxt bu k\u0259nd\u0259 baxmay\u0131b. Bura yaddan \u00e7\u0131xar\u0131lm\u0131\u015f k\u0259nddir. He\u00e7 qaz da yox idi, 3 ildir veribl\u0259r. \u0130\u015f\u0131q dir\u0259kl\u0259ri d\u0259 k\u00f6hn\u0259dir. Odur ki, tez-tez s\u00f6n\u00fcr. M\u00fcst\u0259qillikd\u0259n b\u0259ri bu k\u0259nd\u0259 baxan olmay\u0131b. Allah t\u0259r\u0259find\u0259n d\u0259 yaddan \u00e7\u0131xar\u0131lm\u0131\u015f k\u0259nddir bura\u201d.\n<\/p>\n<blockquote><p>\n  Ma\u015f\u0131nlar q\u0131r\u0131l\u0131b-da\u011f\u0131l\u0131r, s\u0131radan \u00e7\u0131x\u0131r\n<\/p><\/blockquote>\n<p>\n  Tariyel M\u0259mm\u0259dov is\u0259 deyir ki, yen\u0259 isti havalarda yola verm\u0259k olur. Ya\u011f\u0131\u015f ya\u011fanda gedib-g\u0259lm\u0259k bir az da \u00e7\u0259tinl\u0259\u015fir:\n<\/p>\n<figure class=\"wp-block-image size-large\">\n  <img decoding=\"async\" src=\"https:\/\/www.meydan.tv\/az\/tariyel-memmedov-2\/\" alt=\"Tar\u0131yel M\u0259mm\u0259dov\" class=\"wp-image-117077\"\/><figcaption>\n    Tar\u0131yel M\u0259mm\u0259dov<br \/>\n  <\/figcaption><\/figure>\n<p>\n  \u201cYa\u011f\u0131\u015fda yola \u00e7\u0131xa bilmirik. Ma\u015f\u0131nlar gedib-g\u0259lir, q\u0131r\u0131l\u0131b-da\u011f\u0131l\u0131r, s\u0131radan \u00e7\u0131x\u0131r. G\u00f6r\u00fcn\u0259n k\u0259nd\u0259 n\u0259 b\u0259l\u0259d\u00e7i? G\u00f6r\u00fcrs\u00fcn\u00fcz, z\u0131\u011f\u0131n-pal\u00e7\u0131\u011f\u0131n i\u00e7ind\u0259yik\u201d.\n<\/p>\n<blockquote><p>\n  \u018fvv\u0259l, \u00fcmumiyy\u0259tl\u0259, k\u0259nd\u0259 yol d\u00f6nm\u00fcrd\u00fc\n<\/p><\/blockquote>\n<p>\n  Sakinl\u0259r indiy\u0259 q\u0259d\u0259r aidiyyat\u0131 qurumlara d\u0259f\u0259l\u0259rl\u0259 m\u0259ktub yazd\u0131qlar\u0131n\u0131 s\u00f6yl\u0259yirl\u0259r. Ancaq m\u0259ktublar\u0131na cavab bel\u0259 almad\u0131qlar\u0131n\u0131 deyirl\u0259r:\n<\/p>\n<figure class=\"wp-block-image size-large\">\n  <img decoding=\"async\" src=\"https:\/\/www.meydan.tv\/az\/117081\/\" alt=\"\" class=\"wp-image-117081\"\/><figcaption><\/figcaption><\/figure>\n<p>\n  \u201c\u018fvv\u0259l, \u00fcmumiyy\u0259tl\u0259, k\u0259nd\u0259 yol d\u00f6nm\u00fcrd\u00fc. Ondan \u00f6tr\u00fc bu k\u0259ndin camaat\u0131 dayanmadan iki il m\u0259ktub yazd\u0131. Ax\u0131rda yol \u00e7\u0259kdil\u0259r. Yoxsa 27-28 kilometr yolumuz uzan\u0131rd\u0131. \u0130ndi d\u0259 ill\u0259rdir yolun b\u0259rbadl\u0131\u011f\u0131n\u0131 yaz\u0131r\u0131q. G\u00f6r\u0259k bunu n\u0259 vaxt e\u015fid\u0259c\u0259kl\u0259r. H\u0259l\u0259lik, bir cavab almam\u0131\u015f\u0131q\u201d \u2013 deyir, sakinl\u0259rd\u0259n \u018fbd\u00fcl \u018fhm\u0259dov.\n<\/p>\n<blockquote><p>\n  K\u0259ndin problemi \u00e7oxdur, h\u0259ll ed\u0259ni is\u0259 yoxdur\n<\/p><\/blockquote>\n<p>\n  \u018f.\u018fhm\u0259dov \u0259lav\u0259 edir ki, bel\u0259 v\u0259ziyy\u0259t onlara c\u0259rim\u0259dir. \u015e\u0259raitsizliy\u0259 g\u00f6r\u0259 x\u0259rcl\u0259ri \u00e7ox \u00e7\u0131x\u0131r:\n<\/p>\n<figure class=\"wp-block-image size-large\">\n  <img decoding=\"async\" src=\"https:\/\/www.meydan.tv\/az\/ebdul-ehmedov\/\" alt=\"\u018fbd\u00fcl \u018fhm\u0259dov\" class=\"wp-image-117080\"\/><figcaption>\n    \u018fbd\u00fcl \u018fhm\u0259dov<br \/>\n  <\/figcaption><\/figure>\n<p>\n  \u201cM\u00fcmk\u00fcn deyil, k\u0259nd yeridir, toyuq-c\u00fcc\u0259 il\u0259 birt\u0259h\u0259r dolan\u0131r\u0131q. \u00d6z\u00fcm\u00fcz\u00fc zorla t\u0259min edirik. U\u015fa\u011fa ayaqqab\u0131 almaqdan birt\u0259h\u0259r olmu\u015fuq, \u00e7atd\u0131rmaq olmur. 30-50 manat verib al\u0131r\u0131q, birc\u0259 ay gedir. Yolu d\u00fcz\u0259lts\u0259l\u0259r, yax\u015f\u0131 olar. M\u0259kt\u0259b d\u0259 problemdir. 9 illik v\u0259 \u015f\u0259raitsizdir. D\u00f6\u015f\u0259m\u0259si yox, tavan\u0131 \u00e7\u00f6k\u00fcr, istiliyi yox. U\u015faqlar\u0131n qalan 2 ili qon\u015fu k\u0259nd\u0259 gedib-g\u0259lm\u0259l\u0259ri d\u0259 z\u00fclmd\u00fcr. Piyada getm\u0259k m\u00fcmk\u00fcn deyil, taksi d\u0259 od qiym\u0259tin\u0259 apar\u0131r. N\u0259 is\u0259, bu k\u0259ndin problemi \u00e7oxdur, h\u0259ll ed\u0259ni is\u0259 yoxdur\u201d.\n<\/p>\n<blockquote><p>\n  K\u0259ndd\u0259 ham\u0131 ox\u015far h\u0259yat ya\u015fay\u0131r\n<\/p><\/blockquote>\n<p>\n  Sakinl\u0259rd\u0259n Yadigar \u018fliyev deyir ki, \u015f\u0259raitsizlikd\u0259n b\u00fct\u00fcn k\u0259ndin insanlar\u0131n\u0131n taleyi bir-birin\u0259 ox\u015fay\u0131r. O\u011flanlar 9-cu sinfd\u0259n \u00e7\u0131x\u0131b valideynin\u0259 k\u00f6m\u0259k edir, 2 il sonra \u0259sg\u0259rliy\u0259 gedir, g\u0259l\u0259nd\u0259n sonra evl\u0259nirl\u0259r. Q\u0131zlar is\u0259 9-dan \u00e7\u0131x\u0131b, 1-2 il sonra ail\u0259 qurur, d\u00fcnyaya u\u015faq g\u0259tirirl\u0259r:\n<\/p>\n<figure class=\"wp-block-image size-large\">\n  <img decoding=\"async\" src=\"https:\/\/www.meydan.tv\/az\/yadigar-eliyev\/\" alt=\"Yadigar \u018fliyev\" class=\"wp-image-117086\"\/><figcaption>\n    Yadigar \u018fliyev<br \/>\n  <\/figcaption><\/figure>\n<p>\n  \u201cBizim k\u0259ndd\u0259 ham\u0131 ox\u015far h\u0259yat ya\u015fay\u0131r. Erk\u0259n evl\u0259nib, u\u015faq d\u00fcnyaya g\u0259tirirl\u0259r. Ba\u015fqa \u00e7ar\u0259 var ki? K\u0259ndd\u0259 po\u00e7t yox, tibb m\u0259nt\u0259q\u0259si yox, m\u0259kt\u0259b natamam, yollar b\u0259rbad, qaz z\u0259if, i\u015f\u0131q tez-tez s\u00f6n\u00fcr. Daha n\u0259 olsun? Deyirl\u0259r, y\u0131x\u0131l\u0131n \u00f6l\u00fcn d\u0259. B\u0259l\u0259diyy\u0259, icra n\u00fcmay\u0259nd\u0259liyi d\u0259 yoxdur. Bir s\u00f6zl\u0259, bu k\u0259ndd\u0259 he\u00e7 bir d\u00f6vl\u0259t m\u00fc\u0259ssis\u0259si yoxdur. T\u0259kc\u0259 m\u0259kt\u0259bdir, o da natamam. Halbuki 200 ev, 1100-d\u0259n art\u0131q \u0259halisi, 136 \u015fagirdi var. Amma \u015f\u0259raiti, t\u0259\u0259ss\u00fcf ki, yoxdur\u201d.\n<\/p>\n<blockquote><p>\n  U\u015faqlar\u0131m\u0131 rayondak\u0131 x\u0259st\u0259xanaya apara bilmir\u0259m, imkan yoxdur\n<\/p><\/blockquote>\n<p>\n  Y.\u018fliyev deyir ki, k\u0259ndd\u0259 tibb m\u0259nt\u0259q\u0259si olmad\u0131\u011f\u0131ndan u\u015faqlara 10 ild\u0259n b\u0259ridir peyv\u0259nd vurdura bilmirl\u0259r:\n<\/p>\n<figure class=\"wp-block-image size-large\">\n  <img decoding=\"async\" src=\"https:\/\/www.meydan.tv\/az\/117089\/\" alt=\"\" class=\"wp-image-117089\"\/><figcaption><\/figcaption><\/figure>\n<p>\n  \u201c\u015e\u0259xs\u0259n m\u0259n u\u015faqlar\u0131m\u0131 rayondak\u0131 x\u0259st\u0259xanaya apara bilmir\u0259m, imkan yoxdur. Hans\u0131 ma\u015f\u0131na deyirs\u0259n, az\u0131 10 manat pul ist\u0259yir. Bizd\u0259 d\u0259 o q\u0259d\u0259r pul n\u0259 g\u0259zir? \u0130\u015fl\u0259mir\u0259m, imkan\u0131m yoxdur. 3 u\u015fa\u011f\u0131m var, haz\u0131rda onlar\u0131 d\u00fcnyaya g\u0259tirdiyim \u00fc\u00e7\u00fcn pe\u015fmanam. \u0130ndi u\u015fa\u011f\u0131n biri 10-cu sinf\u0259 qon\u015fu k\u0259nd\u0259 getm\u0259lidir. He\u00e7 bilmir\u0259m nec\u0259 g\u00f6nd\u0259r\u0259c\u0259y\u0259m. T\u0259hsilsiz d\u0259 dolanmaq olmur. D\u0259rs ilinin \u00e7oxu q\u0131\u015f aylar\u0131na d\u00fc\u015fd\u00fcy\u00fcnd\u0259n lap \u00e7\u0259tin olur v\u0259ziyy\u0259timiz. N\u0259tic\u0259d\u0259 kims\u0259 u\u015fa\u011f\u0131n\u0131 qon\u015fu k\u0259nd\u0259 yollam\u0131r. Q\u0131zlar bir-iki il qal\u0131b, \u0259r\u0259 gedir. O\u011flanlar da \u0259sg\u0259rlikd\u0259n d\u00f6n\u00fcb f\u0259hl\u0259lik edir, sonra da evl\u0259nirl\u0259r. El\u0259 bilin, h\u0259r d\u0259f\u0259sind\u0259 tarix t\u0259krarlan\u0131r\u201d.\n<\/p>\n<p>\n  <b><br \/>\n    <i><br \/>\n      \u0130cra Hakimiyy\u0259ti: \u201cH\u0259min k\u0259ndin yolla ba\u011fl\u0131 h\u0259r hans\u0131 problemi yoxdur\u201d<br \/>\n    <\/i><br \/>\n  <\/b>\n<\/p>\n<p>\n  Meydan TV m\u0259s\u0259l\u0259y\u0259 m\u00fcnasib\u0259t \u00f6yr\u0259nm\u0259k \u00fc\u00e7\u00fcn K\u00fcrd\u0259mir Rayon \u0130cra Hakimiyy\u0259ti il\u0259 \u0259laq\u0259 saxlay\u0131b. \u0130cra ba\u015f\u00e7\u0131s\u0131n\u0131n birinci m\u00fcavini Tac\u0259ddin Novruzov bildirib ki, h\u0259min k\u0259nd ip\u0259k yolundan bir az aral\u0131dad\u0131r v\u0259 yolla ba\u011fl\u0131 h\u0259r hans\u0131 problemi yoxdur:\n<\/p>\n<figure class=\"wp-block-image size-large\">\n  <img decoding=\"async\" src=\"https:\/\/www.meydan.tv\/az\/117095\/\" alt=\"\" class=\"wp-image-117095\"\/><figcaption><\/figcaption><\/figure>\n<p>\n  \u201cNormal k\u0259ndaras\u0131 yollard\u0131r. N\u0259yind\u0259n naraz\u0131d\u0131rlar? Amma yen\u0259 d\u0259 onlara dem\u0259k ist\u0259yir\u0259m ki, c\u0259nab prezidentin b\u00f6lg\u0259l\u0259rl\u0259 ba\u011fl\u0131 s\u0259r\u0259ncam\u0131 var. 2022-ci il\u0259d\u0259k he\u00e7 bir b\u00f6lg\u0259d\u0259, k\u0259ndd\u0259 yol problemi qalmayacaq. Art\u0131q i\u015f\u0259 ba\u015flan\u0131b. 2022-ci il\u0259d\u0259k b\u00fct\u00fcn i\u015fl\u0259r yekunla\u015facaq. Dig\u0259r probleml\u0259r d\u0259 ham\u0131s\u0131 h\u0259ll olunand\u0131r, narahatl\u0131\u011fa \u0259sas yoxdur\u201d.\n<\/p>\n<figure class=\"wp-block-image size-large\">\n  <img decoding=\"async\" src=\"https:\/\/www.meydan.tv\/az\/117101\/\" alt=\"\" class=\"wp-image-117101\"\/><figcaption><\/figcaption><\/figure>\n","protected":false},"excerpt":{"rendered":"<p>K\u0259nd sakinl\u0259ri: &#8221;Bu k\u0259ndd\u0259 he\u00e7 bir d\u00f6vl\u0259t m\u00fc\u0259ssis\u0259si yoxdur&#8221;<\/p>\n","protected":false},"author":11,"featured_media":117071,"comment_status":"closed","ping_status":"open","sticky":false,"template":"","format":"standard","meta":{"_acf_changed":false,"_sitemap_exclude":false,"_sitemap_priority":"","_sitemap_frequency":"","footnotes":""},"categories":[60],"tags":[],"class_list":["post-193793","post","type-post","status-publish","format-standard","has-post-thumbnail","hentry","category-bolge","infinite-scroll-item","generate-columns","tablet-grid-50","mobile-grid-100","grid-parent","grid-33","no-featured-image-padding"],"acf":[],"yoast_head":"<!-- This site is optimized with the Yoast SEO plugin v27.4 - https:\/\/yoast.com\/product\/yoast-seo-wordpress\/ -->\n<title>&#039;H\u00f6kum\u0259t bir yana, Allah\u0131n unutdu\u011fu yerd\u0259yik&#039;&#039; - MEYDAN.TV<\/title>\n<meta name=\"robots\" content=\"index, follow, max-snippet:-1, max-image-preview:large, max-video-preview:-1\" \/>\n<link rel=\"canonical\" href=\"https:\/\/www.meydan.tv\/az\/article\/hokumet-bir-yana-allahin-unutdugu-yerdeyik\/\" \/>\n<meta property=\"og:locale\" content=\"az_AZ\" \/>\n<meta property=\"og:type\" content=\"article\" \/>\n<meta property=\"og:title\" content=\"&#039;H\u00f6kum\u0259t bir yana, Allah\u0131n unutdu\u011fu yerd\u0259yik&#039;&#039; - MEYDAN.TV\" \/>\n<meta property=\"og:description\" content=\"K\u0259nd sakinl\u0259ri: &#039;&#039;Bu k\u0259ndd\u0259 he\u00e7 bir d\u00f6vl\u0259t m\u00fc\u0259ssis\u0259si yoxdur&#039;&#039;\" \/>\n<meta property=\"og:url\" content=\"https:\/\/www.meydan.tv\/az\/article\/hokumet-bir-yana-allahin-unutdugu-yerdeyik\/\" \/>\n<meta property=\"og:site_name\" content=\"MEYDAN.TV\" \/>\n<meta property=\"article:published_time\" content=\"2019-02-01T18:38:31+00:00\" \/>\n<meta property=\"og:image\" content=\"https:\/\/www.meydan.tv\/wp-content\/uploads\/46656-scaled.jpg\" \/>\n\t<meta property=\"og:image:width\" content=\"2560\" \/>\n\t<meta property=\"og:image:height\" content=\"1920\" \/>\n\t<meta property=\"og:image:type\" content=\"image\/jpeg\" \/>\n<meta name=\"author\" content=\"user-manager\" \/>\n<meta name=\"twitter:card\" content=\"summary_large_image\" \/>\n<script type=\"application\/ld+json\" class=\"yoast-schema-graph\">{\"@context\":\"https:\\\/\\\/schema.org\",\"@graph\":[{\"@type\":\"Article\",\"@id\":\"https:\\\/\\\/www.meydan.tv\\\/az\\\/article\\\/hokumet-bir-yana-allahin-unutdugu-yerdeyik\\\/#article\",\"isPartOf\":{\"@id\":\"https:\\\/\\\/www.meydan.tv\\\/az\\\/article\\\/hokumet-bir-yana-allahin-unutdugu-yerdeyik\\\/\"},\"author\":{\"name\":\"user-manager\",\"@id\":\"https:\\\/\\\/www.meydan.tv\\\/az\\\/#\\\/schema\\\/person\\\/10d11eccf6da3662cf5fdab9806ea91a\"},\"headline\":\"&#8216;H\u00f6kum\u0259t bir yana, Allah\u0131n unutdu\u011fu yerd\u0259yik&#8221;\",\"datePublished\":\"2019-02-01T18:38:31+00:00\",\"mainEntityOfPage\":{\"@id\":\"https:\\\/\\\/www.meydan.tv\\\/az\\\/article\\\/hokumet-bir-yana-allahin-unutdugu-yerdeyik\\\/\"},\"wordCount\":1276,\"publisher\":{\"@id\":\"https:\\\/\\\/www.meydan.tv\\\/az\\\/#organization\"},\"image\":{\"@id\":\"https:\\\/\\\/www.meydan.tv\\\/az\\\/article\\\/hokumet-bir-yana-allahin-unutdugu-yerdeyik\\\/#primaryimage\"},\"thumbnailUrl\":\"https:\\\/\\\/www.meydan.tv\\\/wp-content\\\/uploads\\\/46656-scaled.jpg\",\"articleSection\":[\"B\u00f6lg\u0259\"],\"inLanguage\":\"az\"},{\"@type\":\"WebPage\",\"@id\":\"https:\\\/\\\/www.meydan.tv\\\/az\\\/article\\\/hokumet-bir-yana-allahin-unutdugu-yerdeyik\\\/\",\"url\":\"https:\\\/\\\/www.meydan.tv\\\/az\\\/article\\\/hokumet-bir-yana-allahin-unutdugu-yerdeyik\\\/\",\"name\":\"'H\u00f6kum\u0259t bir yana, Allah\u0131n unutdu\u011fu yerd\u0259yik'' - MEYDAN.TV\",\"isPartOf\":{\"@id\":\"https:\\\/\\\/www.meydan.tv\\\/az\\\/#website\"},\"primaryImageOfPage\":{\"@id\":\"https:\\\/\\\/www.meydan.tv\\\/az\\\/article\\\/hokumet-bir-yana-allahin-unutdugu-yerdeyik\\\/#primaryimage\"},\"image\":{\"@id\":\"https:\\\/\\\/www.meydan.tv\\\/az\\\/article\\\/hokumet-bir-yana-allahin-unutdugu-yerdeyik\\\/#primaryimage\"},\"thumbnailUrl\":\"https:\\\/\\\/www.meydan.tv\\\/wp-content\\\/uploads\\\/46656-scaled.jpg\",\"datePublished\":\"2019-02-01T18:38:31+00:00\",\"breadcrumb\":{\"@id\":\"https:\\\/\\\/www.meydan.tv\\\/az\\\/article\\\/hokumet-bir-yana-allahin-unutdugu-yerdeyik\\\/#breadcrumb\"},\"inLanguage\":\"az\",\"potentialAction\":[{\"@type\":\"ReadAction\",\"target\":[\"https:\\\/\\\/www.meydan.tv\\\/az\\\/article\\\/hokumet-bir-yana-allahin-unutdugu-yerdeyik\\\/\"]}]},{\"@type\":\"ImageObject\",\"inLanguage\":\"az\",\"@id\":\"https:\\\/\\\/www.meydan.tv\\\/az\\\/article\\\/hokumet-bir-yana-allahin-unutdugu-yerdeyik\\\/#primaryimage\",\"url\":\"https:\\\/\\\/www.meydan.tv\\\/wp-content\\\/uploads\\\/46656-scaled.jpg\",\"contentUrl\":\"https:\\\/\\\/www.meydan.tv\\\/wp-content\\\/uploads\\\/46656-scaled.jpg\",\"width\":2560,\"height\":1920,\"caption\":\"Source:\"},{\"@type\":\"BreadcrumbList\",\"@id\":\"https:\\\/\\\/www.meydan.tv\\\/az\\\/article\\\/hokumet-bir-yana-allahin-unutdugu-yerdeyik\\\/#breadcrumb\",\"itemListElement\":[{\"@type\":\"ListItem\",\"position\":1,\"name\":\"Ana s\u0259hif\u0259\",\"item\":\"https:\\\/\\\/www.meydan.tv\\\/az\\\/\"},{\"@type\":\"ListItem\",\"position\":2,\"name\":\"B\u00f6lg\u0259\",\"item\":\"https:\\\/\\\/www.meydan.tv\\\/az\\\/section\\\/bolge\\\/\"},{\"@type\":\"ListItem\",\"position\":3,\"name\":\"&#8216;H\u00f6kum\u0259t bir yana, Allah\u0131n unutdu\u011fu yerd\u0259yik&#8221;\"}]},{\"@type\":\"WebSite\",\"@id\":\"https:\\\/\\\/www.meydan.tv\\\/az\\\/#website\",\"url\":\"https:\\\/\\\/www.meydan.tv\\\/az\\\/\",\"name\":\"MEYDAN.TV\",\"description\":\"Meydan TV Az\u0259rbaycan\u0131n media m\u0259kan\u0131ndak\u0131 alternativ s\u0259sidir\",\"publisher\":{\"@id\":\"https:\\\/\\\/www.meydan.tv\\\/az\\\/#organization\"},\"potentialAction\":[{\"@type\":\"SearchAction\",\"target\":{\"@type\":\"EntryPoint\",\"urlTemplate\":\"https:\\\/\\\/www.meydan.tv\\\/az\\\/?s={search_term_string}\"},\"query-input\":{\"@type\":\"PropertyValueSpecification\",\"valueRequired\":true,\"valueName\":\"search_term_string\"}}],\"inLanguage\":\"az\"},{\"@type\":\"Organization\",\"@id\":\"https:\\\/\\\/www.meydan.tv\\\/az\\\/#organization\",\"name\":\"Meydan TV\",\"url\":\"https:\\\/\\\/www.meydan.tv\\\/az\\\/\",\"logo\":{\"@type\":\"ImageObject\",\"inLanguage\":\"az\",\"@id\":\"https:\\\/\\\/www.meydan.tv\\\/az\\\/#\\\/schema\\\/logo\\\/image\\\/\",\"url\":\"https:\\\/\\\/www.meydan.tv\\\/wp-content\\\/uploads\\\/2021\\\/07\\\/meydan-logo.svg\",\"contentUrl\":\"https:\\\/\\\/www.meydan.tv\\\/wp-content\\\/uploads\\\/2021\\\/07\\\/meydan-logo.svg\",\"width\":195,\"height\":46,\"caption\":\"Meydan TV\"},\"image\":{\"@id\":\"https:\\\/\\\/www.meydan.tv\\\/az\\\/#\\\/schema\\\/logo\\\/image\\\/\"}},{\"@type\":\"Person\",\"@id\":\"https:\\\/\\\/www.meydan.tv\\\/az\\\/#\\\/schema\\\/person\\\/10d11eccf6da3662cf5fdab9806ea91a\",\"name\":\"user-manager\"}]}<\/script>\n<!-- \/ Yoast SEO plugin. -->","yoast_head_json":{"title":"'H\u00f6kum\u0259t bir yana, Allah\u0131n unutdu\u011fu yerd\u0259yik'' - MEYDAN.TV","robots":{"index":"index","follow":"follow","max-snippet":"max-snippet:-1","max-image-preview":"max-image-preview:large","max-video-preview":"max-video-preview:-1"},"canonical":"https:\/\/www.meydan.tv\/az\/article\/hokumet-bir-yana-allahin-unutdugu-yerdeyik\/","og_locale":"az_AZ","og_type":"article","og_title":"'H\u00f6kum\u0259t bir yana, Allah\u0131n unutdu\u011fu yerd\u0259yik'' - MEYDAN.TV","og_description":"K\u0259nd sakinl\u0259ri: ''Bu k\u0259ndd\u0259 he\u00e7 bir d\u00f6vl\u0259t m\u00fc\u0259ssis\u0259si yoxdur''","og_url":"https:\/\/www.meydan.tv\/az\/article\/hokumet-bir-yana-allahin-unutdugu-yerdeyik\/","og_site_name":"MEYDAN.TV","article_published_time":"2019-02-01T18:38:31+00:00","og_image":[{"width":2560,"height":1920,"url":"https:\/\/www.meydan.tv\/wp-content\/uploads\/46656-scaled.jpg","type":"image\/jpeg"}],"author":"user-manager","twitter_card":"summary_large_image","schema":{"@context":"https:\/\/schema.org","@graph":[{"@type":"Article","@id":"https:\/\/www.meydan.tv\/az\/article\/hokumet-bir-yana-allahin-unutdugu-yerdeyik\/#article","isPartOf":{"@id":"https:\/\/www.meydan.tv\/az\/article\/hokumet-bir-yana-allahin-unutdugu-yerdeyik\/"},"author":{"name":"user-manager","@id":"https:\/\/www.meydan.tv\/az\/#\/schema\/person\/10d11eccf6da3662cf5fdab9806ea91a"},"headline":"&#8216;H\u00f6kum\u0259t bir yana, Allah\u0131n unutdu\u011fu yerd\u0259yik&#8221;","datePublished":"2019-02-01T18:38:31+00:00","mainEntityOfPage":{"@id":"https:\/\/www.meydan.tv\/az\/article\/hokumet-bir-yana-allahin-unutdugu-yerdeyik\/"},"wordCount":1276,"publisher":{"@id":"https:\/\/www.meydan.tv\/az\/#organization"},"image":{"@id":"https:\/\/www.meydan.tv\/az\/article\/hokumet-bir-yana-allahin-unutdugu-yerdeyik\/#primaryimage"},"thumbnailUrl":"https:\/\/www.meydan.tv\/wp-content\/uploads\/46656-scaled.jpg","articleSection":["B\u00f6lg\u0259"],"inLanguage":"az"},{"@type":"WebPage","@id":"https:\/\/www.meydan.tv\/az\/article\/hokumet-bir-yana-allahin-unutdugu-yerdeyik\/","url":"https:\/\/www.meydan.tv\/az\/article\/hokumet-bir-yana-allahin-unutdugu-yerdeyik\/","name":"'H\u00f6kum\u0259t bir yana, Allah\u0131n unutdu\u011fu yerd\u0259yik'' - MEYDAN.TV","isPartOf":{"@id":"https:\/\/www.meydan.tv\/az\/#website"},"primaryImageOfPage":{"@id":"https:\/\/www.meydan.tv\/az\/article\/hokumet-bir-yana-allahin-unutdugu-yerdeyik\/#primaryimage"},"image":{"@id":"https:\/\/www.meydan.tv\/az\/article\/hokumet-bir-yana-allahin-unutdugu-yerdeyik\/#primaryimage"},"thumbnailUrl":"https:\/\/www.meydan.tv\/wp-content\/uploads\/46656-scaled.jpg","datePublished":"2019-02-01T18:38:31+00:00","breadcrumb":{"@id":"https:\/\/www.meydan.tv\/az\/article\/hokumet-bir-yana-allahin-unutdugu-yerdeyik\/#breadcrumb"},"inLanguage":"az","potentialAction":[{"@type":"ReadAction","target":["https:\/\/www.meydan.tv\/az\/article\/hokumet-bir-yana-allahin-unutdugu-yerdeyik\/"]}]},{"@type":"ImageObject","inLanguage":"az","@id":"https:\/\/www.meydan.tv\/az\/article\/hokumet-bir-yana-allahin-unutdugu-yerdeyik\/#primaryimage","url":"https:\/\/www.meydan.tv\/wp-content\/uploads\/46656-scaled.jpg","contentUrl":"https:\/\/www.meydan.tv\/wp-content\/uploads\/46656-scaled.jpg","width":2560,"height":1920,"caption":"Source:"},{"@type":"BreadcrumbList","@id":"https:\/\/www.meydan.tv\/az\/article\/hokumet-bir-yana-allahin-unutdugu-yerdeyik\/#breadcrumb","itemListElement":[{"@type":"ListItem","position":1,"name":"Ana s\u0259hif\u0259","item":"https:\/\/www.meydan.tv\/az\/"},{"@type":"ListItem","position":2,"name":"B\u00f6lg\u0259","item":"https:\/\/www.meydan.tv\/az\/section\/bolge\/"},{"@type":"ListItem","position":3,"name":"&#8216;H\u00f6kum\u0259t bir yana, Allah\u0131n unutdu\u011fu yerd\u0259yik&#8221;"}]},{"@type":"WebSite","@id":"https:\/\/www.meydan.tv\/az\/#website","url":"https:\/\/www.meydan.tv\/az\/","name":"MEYDAN.TV","description":"Meydan TV Az\u0259rbaycan\u0131n media m\u0259kan\u0131ndak\u0131 alternativ s\u0259sidir","publisher":{"@id":"https:\/\/www.meydan.tv\/az\/#organization"},"potentialAction":[{"@type":"SearchAction","target":{"@type":"EntryPoint","urlTemplate":"https:\/\/www.meydan.tv\/az\/?s={search_term_string}"},"query-input":{"@type":"PropertyValueSpecification","valueRequired":true,"valueName":"search_term_string"}}],"inLanguage":"az"},{"@type":"Organization","@id":"https:\/\/www.meydan.tv\/az\/#organization","name":"Meydan TV","url":"https:\/\/www.meydan.tv\/az\/","logo":{"@type":"ImageObject","inLanguage":"az","@id":"https:\/\/www.meydan.tv\/az\/#\/schema\/logo\/image\/","url":"https:\/\/www.meydan.tv\/wp-content\/uploads\/2021\/07\/meydan-logo.svg","contentUrl":"https:\/\/www.meydan.tv\/wp-content\/uploads\/2021\/07\/meydan-logo.svg","width":195,"height":46,"caption":"Meydan TV"},"image":{"@id":"https:\/\/www.meydan.tv\/az\/#\/schema\/logo\/image\/"}},{"@type":"Person","@id":"https:\/\/www.meydan.tv\/az\/#\/schema\/person\/10d11eccf6da3662cf5fdab9806ea91a","name":"user-manager"}]}},"_links":{"self":[{"href":"https:\/\/www.meydan.tv\/az\/wp-json\/wp\/v2\/posts\/193793","targetHints":{"allow":["GET"]}}],"collection":[{"href":"https:\/\/www.meydan.tv\/az\/wp-json\/wp\/v2\/posts"}],"about":[{"href":"https:\/\/www.meydan.tv\/az\/wp-json\/wp\/v2\/types\/post"}],"author":[{"embeddable":true,"href":"https:\/\/www.meydan.tv\/az\/wp-json\/wp\/v2\/users\/11"}],"replies":[{"embeddable":true,"href":"https:\/\/www.meydan.tv\/az\/wp-json\/wp\/v2\/comments?post=193793"}],"version-history":[{"count":0,"href":"https:\/\/www.meydan.tv\/az\/wp-json\/wp\/v2\/posts\/193793\/revisions"}],"wp:featuredmedia":[{"embeddable":true,"href":"https:\/\/www.meydan.tv\/az\/wp-json\/wp\/v2\/media\/117071"}],"wp:attachment":[{"href":"https:\/\/www.meydan.tv\/az\/wp-json\/wp\/v2\/media?parent=193793"}],"wp:term":[{"taxonomy":"category","embeddable":true,"href":"https:\/\/www.meydan.tv\/az\/wp-json\/wp\/v2\/categories?post=193793"},{"taxonomy":"post_tag","embeddable":true,"href":"https:\/\/www.meydan.tv\/az\/wp-json\/wp\/v2\/tags?post=193793"}],"curies":[{"name":"wp","href":"https:\/\/api.w.org\/{rel}","templated":true}]}}