{"id":193791,"date":"2019-02-01T18:20:48","date_gmt":"2019-02-01T18:20:48","guid":{"rendered":"https:\/\/www.meydan.tv\/article\/ucarda-dovletin-etmeli-oldugu-isi-niye-vetendasin-boynuna-qoyurlar\/"},"modified":"2019-02-01T18:20:48","modified_gmt":"2019-02-01T18:20:48","slug":"ucarda-dovletin-etmeli-oldugu-isi-niye-vetendasin-boynuna-qoyurlar","status":"publish","type":"post","link":"https:\/\/www.meydan.tv\/az\/article\/ucarda-dovletin-etmeli-oldugu-isi-niye-vetendasin-boynuna-qoyurlar\/","title":{"rendered":"Ucarda: D\u00f6vl\u0259tin etm\u0259li oldu\u011fu i\u015fi niy\u0259 v\u0259t\u0259nda\u015f\u0131n boynuna qoyurlar?"},"content":{"rendered":"<figure class=\"wp-block-image size-large\">\n  <img decoding=\"async\" src=\"https:\/\/www.meydan.tv\/az\/117041\/\" alt=\"\" class=\"wp-image-117041\"\/><figcaption><\/figcaption><\/figure>\n<p>\n  <i><br \/>\n    N\u0259simi k\u00fc\u00e7\u0259sinin sakinl\u0259ri probleml\u0259rin h\u0259llini ist\u0259yir<br \/>\n  <\/i>\n<\/p>\n<p>\n  Ucar\u0131n N\u0259simi k\u00fc\u00e7\u0259sinin sakinl\u0259rinin \u015fikay\u0259ti var. Onlar rayonun m\u0259rk\u0259zi k\u00fc\u00e7\u0259sind\u0259 ya\u015famaqlar\u0131na baxmayaraq, yollar\u0131n\u0131n b\u0259rbad v\u0259ziyy\u0259td\u0259 olmas\u0131ndan, kanalizasiya x\u0259ttinin yoxlu\u011fundan \u015fikay\u0259t\u00e7idirl\u0259r. Bir d\u0259 deyirl\u0259r ki, Az\u0259rpo\u00e7ta d\u0259f\u0259l\u0259rl\u0259 m\u00fcraci\u0259t etm\u0259l\u0259rin\u0259 baxmayaraq, m\u0259h\u0259ll\u0259l\u0259rin\u0259 telefon x\u0259tti \u00e7\u0259kilmir. N\u0259tic\u0259d\u0259, evl\u0259rin\u0259 internet \u00e7\u0259kdir\u0259 bilmirl\u0259r.\n<\/p>\n<p>\n  Sakinl\u0259rd\u0259n Arif Hac\u0131yev deyir ki, internetin olmamas\u0131 onlar\u0131 \u00e7ox \u015feyd\u0259n geri sal\u0131r:\n<\/p>\n<p>\n  \u201cU\u015faqlar d\u0259rsl\u0259rini oxuya bilmirl\u0259r. Bir d\u0259 g\u00f6r\u00fcrs\u0259n internetd\u0259n n\u0259s\u0259 axtarmaq laz\u0131m olur, \u00e7\u0259tinlik \u00e7\u0259kirl\u0259r. N\u0259 q\u0259d\u0259r qohumlar\u0131n evin\u0259 getm\u0259k olar? Ya da indi internetkluba ged\u0259n var? Amma biz gedirik, m\u0259cburuq. \u00c7\u00fcnki telefon x\u0259ttimiz olmad\u0131\u011f\u0131ndan evimiz\u0259 internet \u00e7\u0259kdir\u0259 bilmirik\u201d.\n<\/p>\n<p>\n  A.Hac\u0131yev deyir ki, m\u0259h\u0259ll\u0259 sakinl\u0259ri olaraq d\u0259f\u0259l\u0259rl\u0259 m\u00fcraci\u0259t edibl\u0259r. Ancaq m\u00fcsb\u0259t cavab ala bilm\u0259yibl\u0259r:\n<\/p>\n<figure class=\"wp-block-image size-large\">\n  <img decoding=\"async\" src=\"https:\/\/www.meydan.tv\/az\/arif-haciyev\/\" alt=\"Arif Hac\u0131yev\" class=\"wp-image-117044\"\/><figcaption>\n    Arif Hac\u0131yev<br \/>\n  <\/figcaption><\/figure>\n<p>\n  \u201cDeyirl\u0259r, kabeli \u00f6z\u00fcn\u00fcz al\u0131n, \u00e7\u0259k\u0259k. Kabel d\u0259 bilirsiniz n\u0259 q\u0259d\u0259r laz\u0131md\u0131r? X\u0259tt az qala 1 kilometr aral\u0131dad\u0131r. O q\u0259d\u0259r pulu haradan tapaq? Biz v\u0259zif\u0259d\u0259 i\u015fl\u0259mirik, milyorder deyilik, \u00f6z\u00fc d\u0259 d\u00f6vl\u0259tin etm\u0259li oldu\u011fu i\u015fi niy\u0259 v\u0259t\u0259nda\u015f\u0131n boynuna qoyurlar, anlam\u0131ram. Po\u00e7ta dedik, baxmad\u0131lar. Gah dedil\u0259r, kabeli \u00f6z\u00fcn\u00fcz al\u0131n, gah da dedil\u0259r ki, ilin sonu h\u0259ll edil\u0259c\u0259k. S\u00f6z verdikl\u0259rind\u0259n d\u0259 bir xeyli vaxt ke\u00e7ib. Ancaq onlardan s\u0259s yoxdur\u201d.\n<\/p>\n<p>\n  Sakinl\u0259rd\u0259n Bax\u0131\u015f \u018fhm\u0259dov is\u0259 h\u0259m d\u0259 m\u0259h\u0259ll\u0259l\u0259rinin yolundan \u015fikay\u0259t\u00e7idir. Deyir, \u0259vv\u0259lc\u0259 asfaltlad\u0131lar, sonra qaz\u0131b, alt\u0131ndan su x\u0259tti \u00e7\u0259kdil\u0259r. N\u0259tic\u0259d\u0259, yeni \u00e7\u0259kilmi\u015f yol \u0259vv\u0259lkind\u0259n d\u0259 b\u0259rbad hala d\u00fc\u015fd\u00fc:\n<\/p>\n<p>\n  \u201cM\u0259h\u0259ll\u0259d\u0259 kanalizasiya x\u0259tti d\u0259 yoxdur. Bax\u0131n, \u00f6z\u00fcm\u00fcz\u00fcn qazd\u0131\u011f\u0131m\u0131z quyulardan istifad\u0259 edirik. Dolur, ma\u015f\u0131n \u00e7a\u011f\u0131r\u0131b \u00e7\u0259kdiririk. Sonra yen\u0259. 21-ci \u0259srd\u0259 bu v\u0259ziyy\u0259td\u0259 ya\u015famaq \u00e7\u0259tindir\u201d.\n<\/p>\n<figure class=\"wp-block-image size-large\">\n  <img decoding=\"async\" src=\"https:\/\/www.meydan.tv\/az\/117047\/\" alt=\"\" class=\"wp-image-117047\"\/><figcaption><\/figcaption><\/figure>\n<p>\n  \u015e\u00fckran \u018fhm\u0259dov m\u0259h\u0259ll\u0259sind\u0259ki \u015f\u0259raitsizlikd\u0259n bezib. Deyir, ill\u0259r \u0259vv\u0259l sal\u0131nm\u0131\u015f m\u0259h\u0259ll\u0259dir, yeni d\u0259 deyil. Niy\u0259 baxm\u0131rlar, anlam\u0131r:\n<\/p>\n<p>\n  \u201cG\u0259ldil\u0259r, kanalizasiya \u00fc\u00e7\u00fcn d\u0259 yolu qazd\u0131lar. Sonra a\u015fa\u011f\u0131 m\u0259h\u0259ll\u0259l\u0259r\u0259 \u00e7\u0259kdil\u0259r, getdil\u0259r. Biz\u0259 \u00e7\u0259km\u0259dil\u0259r, el\u0259c\u0259 ba\u011flad\u0131lar. \u00c7\u0259km\u0259dikl\u0259ri azm\u0131\u015f kimi yolumuzu daha bet\u0259r g\u00fcn\u0259 qoyub, getdil\u0259r. Yol problemdi, kanalizasiya yoxdur. Tullant\u0131 sular\u0131 y\u0131\u011f\u0131l\u0131b qal\u0131r h\u0259y\u0259timizin i\u00e7ind\u0259, iyl\u0259nir. Telefonu da deyirik, deyirl\u0259r, kabel yoxdur\u201d.\n<\/p>\n<figure class=\"wp-block-image size-large\">\n  <img decoding=\"async\" src=\"https:\/\/www.meydan.tv\/az\/117050\/\" alt=\"\" class=\"wp-image-117050\"\/><figcaption><\/figcaption><\/figure>\n<p>\n  \u015e.\u018fhm\u0259dov deyir ki, \u0259g\u0259r kabeli d\u0259 camaat \u00f6z\u00fc alacaqsa, b\u0259s d\u00f6vl\u0259t n\u0259 i\u015f\u0259 bax\u0131r?\n<\/p>\n<p>\n  \u201cNiy\u0259 biz cibimizd\u0259n pul qoymal\u0131y\u0131q? B\u0259lk\u0259 el\u0259 telefonu da \u00f6z\u00fcm\u00fcz \u00e7\u0259k\u0259k? Onda g\u0259r\u0259k maa\u015f\u0131 da biz\u0259 ver\u0259l\u0259r. El\u0259 g\u00f6z\u0259l asfalt vurmu\u015fdular ki, ham\u0131m\u0131z sevinirdik. Sonra g\u0259lib qaz\u0131b t\u00f6kd\u00fcl\u0259r. Bilmir\u0259m, bu, nec\u0259 d\u0259rddir. Niy\u0259 birinci yolu \u00e7\u0259kib, alt\u0131ndak\u0131 i\u015fi sonda g\u00f6r\u00fcrl\u0259r? Gedib-g\u0259l\u0259 bilmirik. U\u015faqlar m\u0259kt\u0259b\u0259 ged\u0259nd\u0259 pal\u00e7\u0131\u011fa bat\u0131b g\u0259lirl\u0259r. Vallah, \u00e7\u0259tindir, adam kimi ya\u015famaq ist\u0259yirik. Ya\u011f\u0131\u015flar ba\u015flay\u0131r, yaz\u0131qlar rezin \u00e7\u0259km\u0259l\u0259rl\u0259 gedib-g\u0259lirl\u0259r\u201d.\n<\/p>\n<p><img \/><\/p>\n<p>\n  Meydan TV m\u0259s\u0259l\u0259y\u0259 m\u00fcnasib\u0259t \u00f6yr\u0259nm\u0259k \u00fc\u00e7\u00fcn Ucar Rayon \u0130cra Hakimiyy\u0259ti il\u0259 \u0259laq\u0259 saxlay\u0131b. \u00dcmumi \u015f\u00f6b\u0259d\u0259n bildiribl\u0259r ki, m\u0259h\u0259ll\u0259l\u0259raras\u0131 yollar tez-tez t\u0259mir edilir, dem\u0259k olar, rayonda yol problemi yoxdur:\n<\/p>\n<p>\n  \u201cBiz buna vaxta\u015f\u0131r\u0131 n\u0259zar\u0259t edirik. Ola bilsin, suya g\u00f6r\u0259 qaz\u0131l\u0131b, d\u00fcz\u0259l\u0259c\u0259k m\u00fctl\u0259q. Telefon x\u0259ttin\u0259 g\u0259linc\u0259, b\u0259li, d\u00f6vl\u0259t \u00e7\u0259km\u0259lidir. Bunun \u00fc\u00e7\u00fcn Az\u0259rpo\u00e7ta m\u0259ktubla m\u00fcraci\u0259t etsinl\u0259r. H\u0259min \u0259raziy\u0259 kanalizasiya x\u0259tti \u00e7\u0259kili\u015fin\u0259 d\u0259 ba\u015flan\u0131b. N\u00f6vb\u0259 il\u0259 ham\u0131s\u0131 \u00e7\u0259kil\u0259c\u0259k\u201d.\n<\/p>\n<figure class=\"wp-block-image size-large\">\n  <img decoding=\"async\" src=\"https:\/\/www.meydan.tv\/az\/117053\/\" alt=\"\" class=\"wp-image-117053\"\/><figcaption><\/figcaption><\/figure>\n<p>\n  Az\u0259rpo\u00e7tun Ucardak\u0131 filial\u0131ndan is\u0259 bu bar\u0259d\u0259 m\u0259lumats\u0131z olduqlar\u0131n\u0131 s\u00f6yl\u0259yibl\u0259r:\n<\/p>\n<p>\n  \u201cM\u00fcraci\u0259t ed\u0259nl\u0259r\u0259 k\u00f6m\u0259k edilir ad\u0259t\u0259n. G\u00f6r\u00fcn\u00fcr, m\u00fcraci\u0259tl\u0259r \u00e7ox oldu\u011fundan gecikib. D\u0259qiq m\u0259lumat\u0131m yoxdur. Ara\u015fd\u0131raca\u011f\u0131q\u201d.\n<\/p>\n<figure class=\"wp-block-image size-large\">\n  <img decoding=\"async\" src=\"https:\/\/www.meydan.tv\/az\/117056\/\" alt=\"\" class=\"wp-image-117056\"\/><figcaption><\/figcaption><\/figure>\n<figure class=\"wp-block-image size-large\">\n  <img decoding=\"async\" src=\"https:\/\/www.meydan.tv\/az\/117059\/\" alt=\"\" class=\"wp-image-117059\"\/><figcaption><\/figcaption><\/figure><\/p>\n","protected":false},"excerpt":{"rendered":"<p>N\u0259simi k\u00fc\u00e7\u0259sinin sakinl\u0259ri probleml\u0259rin h\u0259llini ist\u0259yir<\/p>\n","protected":false},"author":11,"featured_media":117041,"comment_status":"closed","ping_status":"open","sticky":false,"template":"","format":"standard","meta":{"_acf_changed":false,"_sitemap_exclude":false,"_sitemap_priority":"","_sitemap_frequency":"","footnotes":""},"categories":[60],"tags":[],"class_list":["post-193791","post","type-post","status-publish","format-standard","has-post-thumbnail","hentry","category-bolge","infinite-scroll-item","generate-columns","tablet-grid-50","mobile-grid-100","grid-parent","grid-33","no-featured-image-padding"],"acf":[],"yoast_head":"<!-- This site is optimized with the Yoast SEO plugin v27.4 - https:\/\/yoast.com\/product\/yoast-seo-wordpress\/ -->\n<title>Ucarda: D\u00f6vl\u0259tin etm\u0259li oldu\u011fu i\u015fi niy\u0259 v\u0259t\u0259nda\u015f\u0131n boynuna qoyurlar? - MEYDAN.TV<\/title>\n<meta name=\"robots\" content=\"index, follow, max-snippet:-1, max-image-preview:large, max-video-preview:-1\" \/>\n<link rel=\"canonical\" href=\"https:\/\/www.meydan.tv\/az\/article\/ucarda-dovletin-etmeli-oldugu-isi-niye-vetendasin-boynuna-qoyurlar\/\" \/>\n<meta property=\"og:locale\" content=\"az_AZ\" \/>\n<meta property=\"og:type\" content=\"article\" \/>\n<meta property=\"og:title\" content=\"Ucarda: D\u00f6vl\u0259tin etm\u0259li oldu\u011fu i\u015fi niy\u0259 v\u0259t\u0259nda\u015f\u0131n boynuna qoyurlar? - MEYDAN.TV\" \/>\n<meta property=\"og:description\" content=\"N\u0259simi k\u00fc\u00e7\u0259sinin sakinl\u0259ri probleml\u0259rin h\u0259llini ist\u0259yir\" \/>\n<meta property=\"og:url\" content=\"https:\/\/www.meydan.tv\/az\/article\/ucarda-dovletin-etmeli-oldugu-isi-niye-vetendasin-boynuna-qoyurlar\/\" \/>\n<meta property=\"og:site_name\" content=\"MEYDAN.TV\" \/>\n<meta property=\"article:published_time\" content=\"2019-02-01T18:20:48+00:00\" \/>\n<meta property=\"og:image\" content=\"https:\/\/www.meydan.tv\/wp-content\/uploads\/46647-scaled.jpg\" \/>\n\t<meta property=\"og:image:width\" content=\"2560\" \/>\n\t<meta property=\"og:image:height\" content=\"1920\" \/>\n\t<meta property=\"og:image:type\" content=\"image\/jpeg\" \/>\n<meta name=\"author\" content=\"user-manager\" \/>\n<meta name=\"twitter:card\" content=\"summary_large_image\" \/>\n<script type=\"application\/ld+json\" class=\"yoast-schema-graph\">{\"@context\":\"https:\\\/\\\/schema.org\",\"@graph\":[{\"@type\":\"Article\",\"@id\":\"https:\\\/\\\/www.meydan.tv\\\/az\\\/article\\\/ucarda-dovletin-etmeli-oldugu-isi-niye-vetendasin-boynuna-qoyurlar\\\/#article\",\"isPartOf\":{\"@id\":\"https:\\\/\\\/www.meydan.tv\\\/az\\\/article\\\/ucarda-dovletin-etmeli-oldugu-isi-niye-vetendasin-boynuna-qoyurlar\\\/\"},\"author\":{\"name\":\"user-manager\",\"@id\":\"https:\\\/\\\/www.meydan.tv\\\/az\\\/#\\\/schema\\\/person\\\/10d11eccf6da3662cf5fdab9806ea91a\"},\"headline\":\"Ucarda: D\u00f6vl\u0259tin etm\u0259li oldu\u011fu i\u015fi niy\u0259 v\u0259t\u0259nda\u015f\u0131n boynuna qoyurlar?\",\"datePublished\":\"2019-02-01T18:20:48+00:00\",\"mainEntityOfPage\":{\"@id\":\"https:\\\/\\\/www.meydan.tv\\\/az\\\/article\\\/ucarda-dovletin-etmeli-oldugu-isi-niye-vetendasin-boynuna-qoyurlar\\\/\"},\"wordCount\":801,\"publisher\":{\"@id\":\"https:\\\/\\\/www.meydan.tv\\\/az\\\/#organization\"},\"image\":{\"@id\":\"https:\\\/\\\/www.meydan.tv\\\/az\\\/article\\\/ucarda-dovletin-etmeli-oldugu-isi-niye-vetendasin-boynuna-qoyurlar\\\/#primaryimage\"},\"thumbnailUrl\":\"https:\\\/\\\/www.meydan.tv\\\/wp-content\\\/uploads\\\/46647-scaled.jpg\",\"articleSection\":[\"B\u00f6lg\u0259\"],\"inLanguage\":\"az\"},{\"@type\":\"WebPage\",\"@id\":\"https:\\\/\\\/www.meydan.tv\\\/az\\\/article\\\/ucarda-dovletin-etmeli-oldugu-isi-niye-vetendasin-boynuna-qoyurlar\\\/\",\"url\":\"https:\\\/\\\/www.meydan.tv\\\/az\\\/article\\\/ucarda-dovletin-etmeli-oldugu-isi-niye-vetendasin-boynuna-qoyurlar\\\/\",\"name\":\"Ucarda: D\u00f6vl\u0259tin etm\u0259li oldu\u011fu i\u015fi niy\u0259 v\u0259t\u0259nda\u015f\u0131n boynuna qoyurlar? - MEYDAN.TV\",\"isPartOf\":{\"@id\":\"https:\\\/\\\/www.meydan.tv\\\/az\\\/#website\"},\"primaryImageOfPage\":{\"@id\":\"https:\\\/\\\/www.meydan.tv\\\/az\\\/article\\\/ucarda-dovletin-etmeli-oldugu-isi-niye-vetendasin-boynuna-qoyurlar\\\/#primaryimage\"},\"image\":{\"@id\":\"https:\\\/\\\/www.meydan.tv\\\/az\\\/article\\\/ucarda-dovletin-etmeli-oldugu-isi-niye-vetendasin-boynuna-qoyurlar\\\/#primaryimage\"},\"thumbnailUrl\":\"https:\\\/\\\/www.meydan.tv\\\/wp-content\\\/uploads\\\/46647-scaled.jpg\",\"datePublished\":\"2019-02-01T18:20:48+00:00\",\"breadcrumb\":{\"@id\":\"https:\\\/\\\/www.meydan.tv\\\/az\\\/article\\\/ucarda-dovletin-etmeli-oldugu-isi-niye-vetendasin-boynuna-qoyurlar\\\/#breadcrumb\"},\"inLanguage\":\"az\",\"potentialAction\":[{\"@type\":\"ReadAction\",\"target\":[\"https:\\\/\\\/www.meydan.tv\\\/az\\\/article\\\/ucarda-dovletin-etmeli-oldugu-isi-niye-vetendasin-boynuna-qoyurlar\\\/\"]}]},{\"@type\":\"ImageObject\",\"inLanguage\":\"az\",\"@id\":\"https:\\\/\\\/www.meydan.tv\\\/az\\\/article\\\/ucarda-dovletin-etmeli-oldugu-isi-niye-vetendasin-boynuna-qoyurlar\\\/#primaryimage\",\"url\":\"https:\\\/\\\/www.meydan.tv\\\/wp-content\\\/uploads\\\/46647-scaled.jpg\",\"contentUrl\":\"https:\\\/\\\/www.meydan.tv\\\/wp-content\\\/uploads\\\/46647-scaled.jpg\",\"width\":2560,\"height\":1920,\"caption\":\"Source:\"},{\"@type\":\"BreadcrumbList\",\"@id\":\"https:\\\/\\\/www.meydan.tv\\\/az\\\/article\\\/ucarda-dovletin-etmeli-oldugu-isi-niye-vetendasin-boynuna-qoyurlar\\\/#breadcrumb\",\"itemListElement\":[{\"@type\":\"ListItem\",\"position\":1,\"name\":\"Ana s\u0259hif\u0259\",\"item\":\"https:\\\/\\\/www.meydan.tv\\\/az\\\/\"},{\"@type\":\"ListItem\",\"position\":2,\"name\":\"B\u00f6lg\u0259\",\"item\":\"https:\\\/\\\/www.meydan.tv\\\/az\\\/section\\\/bolge\\\/\"},{\"@type\":\"ListItem\",\"position\":3,\"name\":\"Ucarda: D\u00f6vl\u0259tin etm\u0259li oldu\u011fu i\u015fi niy\u0259 v\u0259t\u0259nda\u015f\u0131n boynuna qoyurlar?\"}]},{\"@type\":\"WebSite\",\"@id\":\"https:\\\/\\\/www.meydan.tv\\\/az\\\/#website\",\"url\":\"https:\\\/\\\/www.meydan.tv\\\/az\\\/\",\"name\":\"MEYDAN.TV\",\"description\":\"Meydan TV Az\u0259rbaycan\u0131n media m\u0259kan\u0131ndak\u0131 alternativ s\u0259sidir\",\"publisher\":{\"@id\":\"https:\\\/\\\/www.meydan.tv\\\/az\\\/#organization\"},\"potentialAction\":[{\"@type\":\"SearchAction\",\"target\":{\"@type\":\"EntryPoint\",\"urlTemplate\":\"https:\\\/\\\/www.meydan.tv\\\/az\\\/?s={search_term_string}\"},\"query-input\":{\"@type\":\"PropertyValueSpecification\",\"valueRequired\":true,\"valueName\":\"search_term_string\"}}],\"inLanguage\":\"az\"},{\"@type\":\"Organization\",\"@id\":\"https:\\\/\\\/www.meydan.tv\\\/az\\\/#organization\",\"name\":\"Meydan TV\",\"url\":\"https:\\\/\\\/www.meydan.tv\\\/az\\\/\",\"logo\":{\"@type\":\"ImageObject\",\"inLanguage\":\"az\",\"@id\":\"https:\\\/\\\/www.meydan.tv\\\/az\\\/#\\\/schema\\\/logo\\\/image\\\/\",\"url\":\"https:\\\/\\\/www.meydan.tv\\\/wp-content\\\/uploads\\\/2021\\\/07\\\/meydan-logo.svg\",\"contentUrl\":\"https:\\\/\\\/www.meydan.tv\\\/wp-content\\\/uploads\\\/2021\\\/07\\\/meydan-logo.svg\",\"width\":195,\"height\":46,\"caption\":\"Meydan TV\"},\"image\":{\"@id\":\"https:\\\/\\\/www.meydan.tv\\\/az\\\/#\\\/schema\\\/logo\\\/image\\\/\"}},{\"@type\":\"Person\",\"@id\":\"https:\\\/\\\/www.meydan.tv\\\/az\\\/#\\\/schema\\\/person\\\/10d11eccf6da3662cf5fdab9806ea91a\",\"name\":\"user-manager\"}]}<\/script>\n<!-- \/ Yoast SEO plugin. -->","yoast_head_json":{"title":"Ucarda: D\u00f6vl\u0259tin etm\u0259li oldu\u011fu i\u015fi niy\u0259 v\u0259t\u0259nda\u015f\u0131n boynuna qoyurlar? - MEYDAN.TV","robots":{"index":"index","follow":"follow","max-snippet":"max-snippet:-1","max-image-preview":"max-image-preview:large","max-video-preview":"max-video-preview:-1"},"canonical":"https:\/\/www.meydan.tv\/az\/article\/ucarda-dovletin-etmeli-oldugu-isi-niye-vetendasin-boynuna-qoyurlar\/","og_locale":"az_AZ","og_type":"article","og_title":"Ucarda: D\u00f6vl\u0259tin etm\u0259li oldu\u011fu i\u015fi niy\u0259 v\u0259t\u0259nda\u015f\u0131n boynuna qoyurlar? - MEYDAN.TV","og_description":"N\u0259simi k\u00fc\u00e7\u0259sinin sakinl\u0259ri probleml\u0259rin h\u0259llini ist\u0259yir","og_url":"https:\/\/www.meydan.tv\/az\/article\/ucarda-dovletin-etmeli-oldugu-isi-niye-vetendasin-boynuna-qoyurlar\/","og_site_name":"MEYDAN.TV","article_published_time":"2019-02-01T18:20:48+00:00","og_image":[{"width":2560,"height":1920,"url":"https:\/\/www.meydan.tv\/wp-content\/uploads\/46647-scaled.jpg","type":"image\/jpeg"}],"author":"user-manager","twitter_card":"summary_large_image","schema":{"@context":"https:\/\/schema.org","@graph":[{"@type":"Article","@id":"https:\/\/www.meydan.tv\/az\/article\/ucarda-dovletin-etmeli-oldugu-isi-niye-vetendasin-boynuna-qoyurlar\/#article","isPartOf":{"@id":"https:\/\/www.meydan.tv\/az\/article\/ucarda-dovletin-etmeli-oldugu-isi-niye-vetendasin-boynuna-qoyurlar\/"},"author":{"name":"user-manager","@id":"https:\/\/www.meydan.tv\/az\/#\/schema\/person\/10d11eccf6da3662cf5fdab9806ea91a"},"headline":"Ucarda: D\u00f6vl\u0259tin etm\u0259li oldu\u011fu i\u015fi niy\u0259 v\u0259t\u0259nda\u015f\u0131n boynuna qoyurlar?","datePublished":"2019-02-01T18:20:48+00:00","mainEntityOfPage":{"@id":"https:\/\/www.meydan.tv\/az\/article\/ucarda-dovletin-etmeli-oldugu-isi-niye-vetendasin-boynuna-qoyurlar\/"},"wordCount":801,"publisher":{"@id":"https:\/\/www.meydan.tv\/az\/#organization"},"image":{"@id":"https:\/\/www.meydan.tv\/az\/article\/ucarda-dovletin-etmeli-oldugu-isi-niye-vetendasin-boynuna-qoyurlar\/#primaryimage"},"thumbnailUrl":"https:\/\/www.meydan.tv\/wp-content\/uploads\/46647-scaled.jpg","articleSection":["B\u00f6lg\u0259"],"inLanguage":"az"},{"@type":"WebPage","@id":"https:\/\/www.meydan.tv\/az\/article\/ucarda-dovletin-etmeli-oldugu-isi-niye-vetendasin-boynuna-qoyurlar\/","url":"https:\/\/www.meydan.tv\/az\/article\/ucarda-dovletin-etmeli-oldugu-isi-niye-vetendasin-boynuna-qoyurlar\/","name":"Ucarda: D\u00f6vl\u0259tin etm\u0259li oldu\u011fu i\u015fi niy\u0259 v\u0259t\u0259nda\u015f\u0131n boynuna qoyurlar? - MEYDAN.TV","isPartOf":{"@id":"https:\/\/www.meydan.tv\/az\/#website"},"primaryImageOfPage":{"@id":"https:\/\/www.meydan.tv\/az\/article\/ucarda-dovletin-etmeli-oldugu-isi-niye-vetendasin-boynuna-qoyurlar\/#primaryimage"},"image":{"@id":"https:\/\/www.meydan.tv\/az\/article\/ucarda-dovletin-etmeli-oldugu-isi-niye-vetendasin-boynuna-qoyurlar\/#primaryimage"},"thumbnailUrl":"https:\/\/www.meydan.tv\/wp-content\/uploads\/46647-scaled.jpg","datePublished":"2019-02-01T18:20:48+00:00","breadcrumb":{"@id":"https:\/\/www.meydan.tv\/az\/article\/ucarda-dovletin-etmeli-oldugu-isi-niye-vetendasin-boynuna-qoyurlar\/#breadcrumb"},"inLanguage":"az","potentialAction":[{"@type":"ReadAction","target":["https:\/\/www.meydan.tv\/az\/article\/ucarda-dovletin-etmeli-oldugu-isi-niye-vetendasin-boynuna-qoyurlar\/"]}]},{"@type":"ImageObject","inLanguage":"az","@id":"https:\/\/www.meydan.tv\/az\/article\/ucarda-dovletin-etmeli-oldugu-isi-niye-vetendasin-boynuna-qoyurlar\/#primaryimage","url":"https:\/\/www.meydan.tv\/wp-content\/uploads\/46647-scaled.jpg","contentUrl":"https:\/\/www.meydan.tv\/wp-content\/uploads\/46647-scaled.jpg","width":2560,"height":1920,"caption":"Source:"},{"@type":"BreadcrumbList","@id":"https:\/\/www.meydan.tv\/az\/article\/ucarda-dovletin-etmeli-oldugu-isi-niye-vetendasin-boynuna-qoyurlar\/#breadcrumb","itemListElement":[{"@type":"ListItem","position":1,"name":"Ana s\u0259hif\u0259","item":"https:\/\/www.meydan.tv\/az\/"},{"@type":"ListItem","position":2,"name":"B\u00f6lg\u0259","item":"https:\/\/www.meydan.tv\/az\/section\/bolge\/"},{"@type":"ListItem","position":3,"name":"Ucarda: D\u00f6vl\u0259tin etm\u0259li oldu\u011fu i\u015fi niy\u0259 v\u0259t\u0259nda\u015f\u0131n boynuna qoyurlar?"}]},{"@type":"WebSite","@id":"https:\/\/www.meydan.tv\/az\/#website","url":"https:\/\/www.meydan.tv\/az\/","name":"MEYDAN.TV","description":"Meydan TV Az\u0259rbaycan\u0131n media m\u0259kan\u0131ndak\u0131 alternativ s\u0259sidir","publisher":{"@id":"https:\/\/www.meydan.tv\/az\/#organization"},"potentialAction":[{"@type":"SearchAction","target":{"@type":"EntryPoint","urlTemplate":"https:\/\/www.meydan.tv\/az\/?s={search_term_string}"},"query-input":{"@type":"PropertyValueSpecification","valueRequired":true,"valueName":"search_term_string"}}],"inLanguage":"az"},{"@type":"Organization","@id":"https:\/\/www.meydan.tv\/az\/#organization","name":"Meydan TV","url":"https:\/\/www.meydan.tv\/az\/","logo":{"@type":"ImageObject","inLanguage":"az","@id":"https:\/\/www.meydan.tv\/az\/#\/schema\/logo\/image\/","url":"https:\/\/www.meydan.tv\/wp-content\/uploads\/2021\/07\/meydan-logo.svg","contentUrl":"https:\/\/www.meydan.tv\/wp-content\/uploads\/2021\/07\/meydan-logo.svg","width":195,"height":46,"caption":"Meydan TV"},"image":{"@id":"https:\/\/www.meydan.tv\/az\/#\/schema\/logo\/image\/"}},{"@type":"Person","@id":"https:\/\/www.meydan.tv\/az\/#\/schema\/person\/10d11eccf6da3662cf5fdab9806ea91a","name":"user-manager"}]}},"_links":{"self":[{"href":"https:\/\/www.meydan.tv\/az\/wp-json\/wp\/v2\/posts\/193791","targetHints":{"allow":["GET"]}}],"collection":[{"href":"https:\/\/www.meydan.tv\/az\/wp-json\/wp\/v2\/posts"}],"about":[{"href":"https:\/\/www.meydan.tv\/az\/wp-json\/wp\/v2\/types\/post"}],"author":[{"embeddable":true,"href":"https:\/\/www.meydan.tv\/az\/wp-json\/wp\/v2\/users\/11"}],"replies":[{"embeddable":true,"href":"https:\/\/www.meydan.tv\/az\/wp-json\/wp\/v2\/comments?post=193791"}],"version-history":[{"count":0,"href":"https:\/\/www.meydan.tv\/az\/wp-json\/wp\/v2\/posts\/193791\/revisions"}],"wp:featuredmedia":[{"embeddable":true,"href":"https:\/\/www.meydan.tv\/az\/wp-json\/wp\/v2\/media\/117041"}],"wp:attachment":[{"href":"https:\/\/www.meydan.tv\/az\/wp-json\/wp\/v2\/media?parent=193791"}],"wp:term":[{"taxonomy":"category","embeddable":true,"href":"https:\/\/www.meydan.tv\/az\/wp-json\/wp\/v2\/categories?post=193791"},{"taxonomy":"post_tag","embeddable":true,"href":"https:\/\/www.meydan.tv\/az\/wp-json\/wp\/v2\/tags?post=193791"}],"curies":[{"name":"wp","href":"https:\/\/api.w.org\/{rel}","templated":true}]}}