{"id":193775,"date":"2019-01-31T23:03:30","date_gmt":"2019-01-31T23:03:30","guid":{"rendered":"https:\/\/www.meydan.tv\/article\/kendimizin-adi-senlik-olsa-da-burda-hec-kimin-uzu-gulmur\/"},"modified":"2019-01-31T23:03:30","modified_gmt":"2019-01-31T23:03:30","slug":"kendimizin-adi-senlik-olsa-da-burda-hec-kimin-uzu-gulmur","status":"publish","type":"post","link":"https:\/\/www.meydan.tv\/az\/article\/kendimizin-adi-senlik-olsa-da-burda-hec-kimin-uzu-gulmur\/","title":{"rendered":"&#8221;K\u0259ndimizin ad\u0131 \u015e\u0259nlik olsa da, burda he\u00e7 kimin \u00fcz\u00fc g\u00fclm\u00fcr&#8221;"},"content":{"rendered":"<figure class=\"wp-block-image size-large\">\n  <img decoding=\"async\" src=\"https:\/\/www.meydan.tv\/az\/116939\/\" alt=\"\" class=\"wp-image-116939\"\/><figcaption><\/figcaption><\/figure>\n<p>\n  <i><br \/>\n    A\u011fcab\u0259dinin bu q\u0259s\u0259b\u0259sind\u0259 xeyli sosial problem var<br \/>\n  <\/i>\n<\/p>\n<p>\n  \u201c70 il\u0259 yax\u0131nd\u0131r bu k\u0259ndi ayaq \u00fcst\u0259 qald\u0131ra bilmirl\u0259r. Yen\u0259, he\u00e7 olmasa, Sovetin vaxt\u0131nda d\u00f6vl\u0259t k\u0259nd\u0259 g\u00f6r\u00fcm-bax\u0131m edirdi. Sovet da\u011f\u0131ld\u0131, birinci bu k\u0259ndin yollar\u0131 da\u011f\u0131ld\u0131, tibb m\u0259nt\u0259q\u0259si d\u0259 da\u011f\u0131ld\u0131&#8230; Bir d\u0259f\u0259 burda ev yand\u0131, yan\u011f\u0131ns\u00f6nd\u00fcr\u0259nl\u0259r 3 saatdan sonra g\u0259lib \u00e7\u0131xd\u0131lar \u2013 y\u0259ni evin k\u00fcl\u00fc \u00e7\u0131xandan sonra&#8230;\u201d\n<\/p>\n<p>\n  A\u011fcab\u0259dinin \u015e\u0259nlik q\u0259s\u0259b\u0259sinin sakinl\u0259ri Meydan TV-y\u0259 dan\u0131\u015f\u0131rlar ki, q\u0259s\u0259b\u0259 1950-ci ild\u0259 qurulsa da, Sovetd\u0259n miras qalma sosial probleml\u0259r h\u0259l\u0259 d\u0259 h\u0259ll olunmay\u0131b. Bu q\u0259s\u0259b\u0259nin t\u0259qrib\u0259n 4 minlik \u0259halisi var. Ancaq n\u0259 yolu, n\u0259 tibb m\u0259nt\u0259q\u0259si, n\u0259 bir m\u0259d\u0259niyy\u0259t oca\u011f\u0131, n\u0259 u\u015faq bax\u00e7as\u0131 var. M\u0259kt\u0259bs\u0259 b\u0259rbadd\u0131r. Sakinl\u0259r deyir, q\u0259s\u0259b\u0259nin t\u0259kc\u0259 yollar\u0131na ayr\u0131lan pullar\u0131 \u00fcst-\u00fcst\u0259 y\u0131\u011fsan, hesab\u0131 itir\u0259rs\u0259n. Ancaq yol d\u00fcz\u0259lmir ki, d\u00fcz\u0259lmir.\n<\/p>\n<blockquote><p>\n  Ne\u00e7\u0259 d\u0259f\u0259 pul ayr\u0131l\u0131b\n<\/p><\/blockquote>\n<p>\n  Sakin Telnar\u0259 Xas\u0131yeva:\n<\/p>\n<p>\n  \u201cBu yollara ne\u00e7\u0259 d\u0259f\u0259 pul ayr\u0131l\u0131b. \u018fvv\u0259l g\u0259lib deyibl\u0259r ki, g\u00f6z\u00fcn\u00fcz ayd\u0131n, tezlikl\u0259 normal yolunuz olacaq, sonra e\u015fitmi\u015fik ki, s\u0259n dem\u0259, s\u00f6hb\u0259t ba\u015fqa k\u0259ndin yollar\u0131ndan gedir, yolu ba\u015fqa k\u0259nd\u0259 \u00e7\u0259kirl\u0259r. He\u00e7 n\u0259 demirik, h\u0259r k\u0259nd\u0259 yol laz\u0131md\u0131r, \u00e7\u0259kilm\u0259lidir, ham\u0131n\u0131n insan kimi normal ya\u015famaq haqq\u0131 var, ancaq bizim d\u0259 var ax\u0131&#8230; Yolumuzu \u00e7\u0259ksinl\u0259r, yay-q\u0131\u015f sudan \u0259ziyy\u0259t \u00e7\u0259kirik, onu d\u00fcz\u0259ltsinl\u0259r\u201d.\n<\/p>\n<blockquote><p>\n  \u00d6z\u00fcm\u00fcz yol \u00e7\u0259kmi\u015fik\n<\/p><\/blockquote>\n<p>\n  K\u0259nd sakinl\u0259ri deyirl\u0259r ki, ad\u0131 \u015e\u0259nlik olsa da, burada \u00fcz\u00fc g\u00fcl\u0259n az adam tap\u0131lar. G\u00fcnd\u0259lik sosial probleml\u0259r q\u0259s\u0259b\u0259 sakinl\u0259rini \u0259m\u0259llic\u0259 s\u0131x\u0131r. Q\u0259s\u0259b\u0259 sakini olan G\u00fclnaz xan\u0131m deyir, burada ya\u015fayanlar\u0131n g\u00f6zl\u0259rind\u0259n k\u0259d\u0259r, al\u0131nlar\u0131ndan q\u0131r\u0131\u015f \u0259skik olmur:\n<\/p>\n<p>\n  <br \/>\n  \u201c\u015e\u0259nliyi rayonla 23 kilometrlik b\u0259rbad yol birl\u0259\u015fdirir. \u0130ll\u0259rdir ki, adamlar h\u00f6kum\u0259td\u0259n o yolun t\u0259mirini ist\u0259yir. N\u0259hay\u0259t, \u00f6z\u00fcm\u00fcz rayona yax\u0131n k\u00f6rp\u00fcy\u0259d\u0259k \u00f6z hesablar\u0131na 8 kilometrlik yol d\u00fcz\u0259ltdik. Biri tax\u0131l\u0131n\u0131 sat\u0131b pul verdi, biri heyvan\u0131n\u0131 satd\u0131 pul verdi, ax\u0131r ki, yolu \u00e7\u0259kdik. Ancaq \u00f6z \u00e7\u0259kdiyimiz yol n\u0259 olacaq? O da da\u011f\u0131ld\u0131 getdi. \u0130ndi o 8 kilometrlik yolu da 3 saata ba\u015fa \u00e7\u0131x\u0131r\u0131q. T\u0259cili yard\u0131m g\u0259lib \u00e7\u0131xa bilmir, yan\u011f\u0131ns\u00f6nd\u00fcr\u0259n vaxt\u0131nda yeti\u015fmir&#8230; Bir x\u0259st\u0259miz olanda o yolla aparmaq \u00e7\u0259tin olur. Ma\u015f\u0131n x\u0259st\u0259ni o q\u0259d\u0259r at\u0131b-tutur ki, el\u0259 yoldaca ke\u00e7inir\u201d.\n<\/p>\n<p>\n  A\u011fcab\u0259di Rayon \u0130cra Hakimiyy\u0259tind\u0259n Meydan TV-y\u0259 bildirilib ki, 9 ay \u0259vv\u0259l prezident rayonun 3 ya\u015fay\u0131\u015f m\u0259nt\u0259q\u0259sini birl\u0259\u015fdir\u0259n yolun tikintisin\u0259 8 milyon ay\u0131r\u0131b v\u0259 haz\u0131rda h\u0259min yolda tikinti i\u015fl\u0259ri apar\u0131l\u0131r:\n<\/p>\n<p>\n  S\u00f6hb\u0259t Hac\u0131b\u0259d\u0259lli-P\u0259rio\u011flular-T\u0259z\u0259k\u0259nd yolundan gedir. 18 kilometrlik yolda tikinti i\u015fl\u0259ri davam edir. Bundan \u0259vv\u0259l d\u0259 rayon \u0259razisind\u0259ki yollar\u0131n tikintisi, t\u0259mir-b\u0259rpas\u0131 i\u015fl\u0259ri apar\u0131l\u0131b. Bundan sonra da davam ed\u0259c\u0259k. Bu i\u015fl\u0259r n\u00f6vb\u0259li \u015f\u0259kild\u0259 h\u0259yata ke\u00e7irilir. N\u00f6vb\u0259ti layih\u0259l\u0259r qeyd etdiyiniz k\u0259ndl\u0259ri d\u0259 \u0259hat\u0259 ed\u0259c\u0259k. Dig\u0259r probleml\u0259r d\u0259 \u00f6yr\u0259nilir, ara\u015fd\u0131r\u0131l\u0131r, t\u0259dbir g\u00f6r\u00fcl\u00fcr\u201d.<\/p>\n","protected":false},"excerpt":{"rendered":"<p>A\u011fcab\u0259dinin bu q\u0259s\u0259b\u0259sind\u0259 xeyli sosial problem var<\/p>\n","protected":false},"author":11,"featured_media":116939,"comment_status":"closed","ping_status":"open","sticky":false,"template":"","format":"standard","meta":{"_acf_changed":false,"_sitemap_exclude":false,"_sitemap_priority":"","_sitemap_frequency":"","footnotes":""},"categories":[60],"tags":[],"class_list":["post-193775","post","type-post","status-publish","format-standard","has-post-thumbnail","hentry","category-bolge","infinite-scroll-item","generate-columns","tablet-grid-50","mobile-grid-100","grid-parent","grid-33","no-featured-image-padding"],"acf":[],"yoast_head":"<!-- This site is optimized with the Yoast SEO plugin v27.4 - https:\/\/yoast.com\/product\/yoast-seo-wordpress\/ -->\n<title>&#039;&#039;K\u0259ndimizin ad\u0131 \u015e\u0259nlik olsa da, burda he\u00e7 kimin \u00fcz\u00fc g\u00fclm\u00fcr&#039;&#039; - MEYDAN.TV<\/title>\n<meta name=\"robots\" content=\"index, follow, max-snippet:-1, max-image-preview:large, max-video-preview:-1\" \/>\n<link rel=\"canonical\" href=\"https:\/\/www.meydan.tv\/az\/article\/kendimizin-adi-senlik-olsa-da-burda-hec-kimin-uzu-gulmur\/\" \/>\n<meta property=\"og:locale\" content=\"az_AZ\" \/>\n<meta property=\"og:type\" content=\"article\" \/>\n<meta property=\"og:title\" content=\"&#039;&#039;K\u0259ndimizin ad\u0131 \u015e\u0259nlik olsa da, burda he\u00e7 kimin \u00fcz\u00fc g\u00fclm\u00fcr&#039;&#039; - MEYDAN.TV\" \/>\n<meta property=\"og:description\" content=\"A\u011fcab\u0259dinin bu q\u0259s\u0259b\u0259sind\u0259 xeyli sosial problem var\" \/>\n<meta property=\"og:url\" content=\"https:\/\/www.meydan.tv\/az\/article\/kendimizin-adi-senlik-olsa-da-burda-hec-kimin-uzu-gulmur\/\" \/>\n<meta property=\"og:site_name\" content=\"MEYDAN.TV\" \/>\n<meta property=\"article:published_time\" content=\"2019-01-31T23:03:30+00:00\" \/>\n<meta property=\"og:image\" content=\"https:\/\/www.meydan.tv\/wp-content\/uploads\/46626.jpg\" \/>\n\t<meta property=\"og:image:width\" content=\"712\" \/>\n\t<meta property=\"og:image:height\" content=\"534\" \/>\n\t<meta property=\"og:image:type\" content=\"image\/jpeg\" \/>\n<meta name=\"author\" content=\"user-manager\" \/>\n<meta name=\"twitter:card\" content=\"summary_large_image\" \/>\n<script type=\"application\/ld+json\" class=\"yoast-schema-graph\">{\"@context\":\"https:\\\/\\\/schema.org\",\"@graph\":[{\"@type\":\"Article\",\"@id\":\"https:\\\/\\\/www.meydan.tv\\\/az\\\/article\\\/kendimizin-adi-senlik-olsa-da-burda-hec-kimin-uzu-gulmur\\\/#article\",\"isPartOf\":{\"@id\":\"https:\\\/\\\/www.meydan.tv\\\/az\\\/article\\\/kendimizin-adi-senlik-olsa-da-burda-hec-kimin-uzu-gulmur\\\/\"},\"author\":{\"name\":\"user-manager\",\"@id\":\"https:\\\/\\\/www.meydan.tv\\\/az\\\/#\\\/schema\\\/person\\\/10d11eccf6da3662cf5fdab9806ea91a\"},\"headline\":\"&#8221;K\u0259ndimizin ad\u0131 \u015e\u0259nlik olsa da, burda he\u00e7 kimin \u00fcz\u00fc g\u00fclm\u00fcr&#8221;\",\"datePublished\":\"2019-01-31T23:03:30+00:00\",\"mainEntityOfPage\":{\"@id\":\"https:\\\/\\\/www.meydan.tv\\\/az\\\/article\\\/kendimizin-adi-senlik-olsa-da-burda-hec-kimin-uzu-gulmur\\\/\"},\"wordCount\":643,\"publisher\":{\"@id\":\"https:\\\/\\\/www.meydan.tv\\\/az\\\/#organization\"},\"image\":{\"@id\":\"https:\\\/\\\/www.meydan.tv\\\/az\\\/article\\\/kendimizin-adi-senlik-olsa-da-burda-hec-kimin-uzu-gulmur\\\/#primaryimage\"},\"thumbnailUrl\":\"https:\\\/\\\/www.meydan.tv\\\/wp-content\\\/uploads\\\/46626.jpg\",\"articleSection\":[\"B\u00f6lg\u0259\"],\"inLanguage\":\"az\"},{\"@type\":\"WebPage\",\"@id\":\"https:\\\/\\\/www.meydan.tv\\\/az\\\/article\\\/kendimizin-adi-senlik-olsa-da-burda-hec-kimin-uzu-gulmur\\\/\",\"url\":\"https:\\\/\\\/www.meydan.tv\\\/az\\\/article\\\/kendimizin-adi-senlik-olsa-da-burda-hec-kimin-uzu-gulmur\\\/\",\"name\":\"''K\u0259ndimizin ad\u0131 \u015e\u0259nlik olsa da, burda he\u00e7 kimin \u00fcz\u00fc g\u00fclm\u00fcr'' - MEYDAN.TV\",\"isPartOf\":{\"@id\":\"https:\\\/\\\/www.meydan.tv\\\/az\\\/#website\"},\"primaryImageOfPage\":{\"@id\":\"https:\\\/\\\/www.meydan.tv\\\/az\\\/article\\\/kendimizin-adi-senlik-olsa-da-burda-hec-kimin-uzu-gulmur\\\/#primaryimage\"},\"image\":{\"@id\":\"https:\\\/\\\/www.meydan.tv\\\/az\\\/article\\\/kendimizin-adi-senlik-olsa-da-burda-hec-kimin-uzu-gulmur\\\/#primaryimage\"},\"thumbnailUrl\":\"https:\\\/\\\/www.meydan.tv\\\/wp-content\\\/uploads\\\/46626.jpg\",\"datePublished\":\"2019-01-31T23:03:30+00:00\",\"breadcrumb\":{\"@id\":\"https:\\\/\\\/www.meydan.tv\\\/az\\\/article\\\/kendimizin-adi-senlik-olsa-da-burda-hec-kimin-uzu-gulmur\\\/#breadcrumb\"},\"inLanguage\":\"az\",\"potentialAction\":[{\"@type\":\"ReadAction\",\"target\":[\"https:\\\/\\\/www.meydan.tv\\\/az\\\/article\\\/kendimizin-adi-senlik-olsa-da-burda-hec-kimin-uzu-gulmur\\\/\"]}]},{\"@type\":\"ImageObject\",\"inLanguage\":\"az\",\"@id\":\"https:\\\/\\\/www.meydan.tv\\\/az\\\/article\\\/kendimizin-adi-senlik-olsa-da-burda-hec-kimin-uzu-gulmur\\\/#primaryimage\",\"url\":\"https:\\\/\\\/www.meydan.tv\\\/wp-content\\\/uploads\\\/46626.jpg\",\"contentUrl\":\"https:\\\/\\\/www.meydan.tv\\\/wp-content\\\/uploads\\\/46626.jpg\",\"width\":712,\"height\":534,\"caption\":\"Source:\"},{\"@type\":\"BreadcrumbList\",\"@id\":\"https:\\\/\\\/www.meydan.tv\\\/az\\\/article\\\/kendimizin-adi-senlik-olsa-da-burda-hec-kimin-uzu-gulmur\\\/#breadcrumb\",\"itemListElement\":[{\"@type\":\"ListItem\",\"position\":1,\"name\":\"Ana s\u0259hif\u0259\",\"item\":\"https:\\\/\\\/www.meydan.tv\\\/az\\\/\"},{\"@type\":\"ListItem\",\"position\":2,\"name\":\"B\u00f6lg\u0259\",\"item\":\"https:\\\/\\\/www.meydan.tv\\\/az\\\/section\\\/bolge\\\/\"},{\"@type\":\"ListItem\",\"position\":3,\"name\":\"&#8221;K\u0259ndimizin ad\u0131 \u015e\u0259nlik olsa da, burda he\u00e7 kimin \u00fcz\u00fc g\u00fclm\u00fcr&#8221;\"}]},{\"@type\":\"WebSite\",\"@id\":\"https:\\\/\\\/www.meydan.tv\\\/az\\\/#website\",\"url\":\"https:\\\/\\\/www.meydan.tv\\\/az\\\/\",\"name\":\"MEYDAN.TV\",\"description\":\"Meydan TV Az\u0259rbaycan\u0131n media m\u0259kan\u0131ndak\u0131 alternativ s\u0259sidir\",\"publisher\":{\"@id\":\"https:\\\/\\\/www.meydan.tv\\\/az\\\/#organization\"},\"potentialAction\":[{\"@type\":\"SearchAction\",\"target\":{\"@type\":\"EntryPoint\",\"urlTemplate\":\"https:\\\/\\\/www.meydan.tv\\\/az\\\/?s={search_term_string}\"},\"query-input\":{\"@type\":\"PropertyValueSpecification\",\"valueRequired\":true,\"valueName\":\"search_term_string\"}}],\"inLanguage\":\"az\"},{\"@type\":\"Organization\",\"@id\":\"https:\\\/\\\/www.meydan.tv\\\/az\\\/#organization\",\"name\":\"Meydan TV\",\"url\":\"https:\\\/\\\/www.meydan.tv\\\/az\\\/\",\"logo\":{\"@type\":\"ImageObject\",\"inLanguage\":\"az\",\"@id\":\"https:\\\/\\\/www.meydan.tv\\\/az\\\/#\\\/schema\\\/logo\\\/image\\\/\",\"url\":\"https:\\\/\\\/www.meydan.tv\\\/wp-content\\\/uploads\\\/2021\\\/07\\\/meydan-logo.svg\",\"contentUrl\":\"https:\\\/\\\/www.meydan.tv\\\/wp-content\\\/uploads\\\/2021\\\/07\\\/meydan-logo.svg\",\"width\":195,\"height\":46,\"caption\":\"Meydan TV\"},\"image\":{\"@id\":\"https:\\\/\\\/www.meydan.tv\\\/az\\\/#\\\/schema\\\/logo\\\/image\\\/\"}},{\"@type\":\"Person\",\"@id\":\"https:\\\/\\\/www.meydan.tv\\\/az\\\/#\\\/schema\\\/person\\\/10d11eccf6da3662cf5fdab9806ea91a\",\"name\":\"user-manager\"}]}<\/script>\n<!-- \/ Yoast SEO plugin. -->","yoast_head_json":{"title":"''K\u0259ndimizin ad\u0131 \u015e\u0259nlik olsa da, burda he\u00e7 kimin \u00fcz\u00fc g\u00fclm\u00fcr'' - MEYDAN.TV","robots":{"index":"index","follow":"follow","max-snippet":"max-snippet:-1","max-image-preview":"max-image-preview:large","max-video-preview":"max-video-preview:-1"},"canonical":"https:\/\/www.meydan.tv\/az\/article\/kendimizin-adi-senlik-olsa-da-burda-hec-kimin-uzu-gulmur\/","og_locale":"az_AZ","og_type":"article","og_title":"''K\u0259ndimizin ad\u0131 \u015e\u0259nlik olsa da, burda he\u00e7 kimin \u00fcz\u00fc g\u00fclm\u00fcr'' - MEYDAN.TV","og_description":"A\u011fcab\u0259dinin bu q\u0259s\u0259b\u0259sind\u0259 xeyli sosial problem var","og_url":"https:\/\/www.meydan.tv\/az\/article\/kendimizin-adi-senlik-olsa-da-burda-hec-kimin-uzu-gulmur\/","og_site_name":"MEYDAN.TV","article_published_time":"2019-01-31T23:03:30+00:00","og_image":[{"width":712,"height":534,"url":"https:\/\/www.meydan.tv\/wp-content\/uploads\/46626.jpg","type":"image\/jpeg"}],"author":"user-manager","twitter_card":"summary_large_image","schema":{"@context":"https:\/\/schema.org","@graph":[{"@type":"Article","@id":"https:\/\/www.meydan.tv\/az\/article\/kendimizin-adi-senlik-olsa-da-burda-hec-kimin-uzu-gulmur\/#article","isPartOf":{"@id":"https:\/\/www.meydan.tv\/az\/article\/kendimizin-adi-senlik-olsa-da-burda-hec-kimin-uzu-gulmur\/"},"author":{"name":"user-manager","@id":"https:\/\/www.meydan.tv\/az\/#\/schema\/person\/10d11eccf6da3662cf5fdab9806ea91a"},"headline":"&#8221;K\u0259ndimizin ad\u0131 \u015e\u0259nlik olsa da, burda he\u00e7 kimin \u00fcz\u00fc g\u00fclm\u00fcr&#8221;","datePublished":"2019-01-31T23:03:30+00:00","mainEntityOfPage":{"@id":"https:\/\/www.meydan.tv\/az\/article\/kendimizin-adi-senlik-olsa-da-burda-hec-kimin-uzu-gulmur\/"},"wordCount":643,"publisher":{"@id":"https:\/\/www.meydan.tv\/az\/#organization"},"image":{"@id":"https:\/\/www.meydan.tv\/az\/article\/kendimizin-adi-senlik-olsa-da-burda-hec-kimin-uzu-gulmur\/#primaryimage"},"thumbnailUrl":"https:\/\/www.meydan.tv\/wp-content\/uploads\/46626.jpg","articleSection":["B\u00f6lg\u0259"],"inLanguage":"az"},{"@type":"WebPage","@id":"https:\/\/www.meydan.tv\/az\/article\/kendimizin-adi-senlik-olsa-da-burda-hec-kimin-uzu-gulmur\/","url":"https:\/\/www.meydan.tv\/az\/article\/kendimizin-adi-senlik-olsa-da-burda-hec-kimin-uzu-gulmur\/","name":"''K\u0259ndimizin ad\u0131 \u015e\u0259nlik olsa da, burda he\u00e7 kimin \u00fcz\u00fc g\u00fclm\u00fcr'' - MEYDAN.TV","isPartOf":{"@id":"https:\/\/www.meydan.tv\/az\/#website"},"primaryImageOfPage":{"@id":"https:\/\/www.meydan.tv\/az\/article\/kendimizin-adi-senlik-olsa-da-burda-hec-kimin-uzu-gulmur\/#primaryimage"},"image":{"@id":"https:\/\/www.meydan.tv\/az\/article\/kendimizin-adi-senlik-olsa-da-burda-hec-kimin-uzu-gulmur\/#primaryimage"},"thumbnailUrl":"https:\/\/www.meydan.tv\/wp-content\/uploads\/46626.jpg","datePublished":"2019-01-31T23:03:30+00:00","breadcrumb":{"@id":"https:\/\/www.meydan.tv\/az\/article\/kendimizin-adi-senlik-olsa-da-burda-hec-kimin-uzu-gulmur\/#breadcrumb"},"inLanguage":"az","potentialAction":[{"@type":"ReadAction","target":["https:\/\/www.meydan.tv\/az\/article\/kendimizin-adi-senlik-olsa-da-burda-hec-kimin-uzu-gulmur\/"]}]},{"@type":"ImageObject","inLanguage":"az","@id":"https:\/\/www.meydan.tv\/az\/article\/kendimizin-adi-senlik-olsa-da-burda-hec-kimin-uzu-gulmur\/#primaryimage","url":"https:\/\/www.meydan.tv\/wp-content\/uploads\/46626.jpg","contentUrl":"https:\/\/www.meydan.tv\/wp-content\/uploads\/46626.jpg","width":712,"height":534,"caption":"Source:"},{"@type":"BreadcrumbList","@id":"https:\/\/www.meydan.tv\/az\/article\/kendimizin-adi-senlik-olsa-da-burda-hec-kimin-uzu-gulmur\/#breadcrumb","itemListElement":[{"@type":"ListItem","position":1,"name":"Ana s\u0259hif\u0259","item":"https:\/\/www.meydan.tv\/az\/"},{"@type":"ListItem","position":2,"name":"B\u00f6lg\u0259","item":"https:\/\/www.meydan.tv\/az\/section\/bolge\/"},{"@type":"ListItem","position":3,"name":"&#8221;K\u0259ndimizin ad\u0131 \u015e\u0259nlik olsa da, burda he\u00e7 kimin \u00fcz\u00fc g\u00fclm\u00fcr&#8221;"}]},{"@type":"WebSite","@id":"https:\/\/www.meydan.tv\/az\/#website","url":"https:\/\/www.meydan.tv\/az\/","name":"MEYDAN.TV","description":"Meydan TV Az\u0259rbaycan\u0131n media m\u0259kan\u0131ndak\u0131 alternativ s\u0259sidir","publisher":{"@id":"https:\/\/www.meydan.tv\/az\/#organization"},"potentialAction":[{"@type":"SearchAction","target":{"@type":"EntryPoint","urlTemplate":"https:\/\/www.meydan.tv\/az\/?s={search_term_string}"},"query-input":{"@type":"PropertyValueSpecification","valueRequired":true,"valueName":"search_term_string"}}],"inLanguage":"az"},{"@type":"Organization","@id":"https:\/\/www.meydan.tv\/az\/#organization","name":"Meydan TV","url":"https:\/\/www.meydan.tv\/az\/","logo":{"@type":"ImageObject","inLanguage":"az","@id":"https:\/\/www.meydan.tv\/az\/#\/schema\/logo\/image\/","url":"https:\/\/www.meydan.tv\/wp-content\/uploads\/2021\/07\/meydan-logo.svg","contentUrl":"https:\/\/www.meydan.tv\/wp-content\/uploads\/2021\/07\/meydan-logo.svg","width":195,"height":46,"caption":"Meydan TV"},"image":{"@id":"https:\/\/www.meydan.tv\/az\/#\/schema\/logo\/image\/"}},{"@type":"Person","@id":"https:\/\/www.meydan.tv\/az\/#\/schema\/person\/10d11eccf6da3662cf5fdab9806ea91a","name":"user-manager"}]}},"_links":{"self":[{"href":"https:\/\/www.meydan.tv\/az\/wp-json\/wp\/v2\/posts\/193775","targetHints":{"allow":["GET"]}}],"collection":[{"href":"https:\/\/www.meydan.tv\/az\/wp-json\/wp\/v2\/posts"}],"about":[{"href":"https:\/\/www.meydan.tv\/az\/wp-json\/wp\/v2\/types\/post"}],"author":[{"embeddable":true,"href":"https:\/\/www.meydan.tv\/az\/wp-json\/wp\/v2\/users\/11"}],"replies":[{"embeddable":true,"href":"https:\/\/www.meydan.tv\/az\/wp-json\/wp\/v2\/comments?post=193775"}],"version-history":[{"count":0,"href":"https:\/\/www.meydan.tv\/az\/wp-json\/wp\/v2\/posts\/193775\/revisions"}],"wp:featuredmedia":[{"embeddable":true,"href":"https:\/\/www.meydan.tv\/az\/wp-json\/wp\/v2\/media\/116939"}],"wp:attachment":[{"href":"https:\/\/www.meydan.tv\/az\/wp-json\/wp\/v2\/media?parent=193775"}],"wp:term":[{"taxonomy":"category","embeddable":true,"href":"https:\/\/www.meydan.tv\/az\/wp-json\/wp\/v2\/categories?post=193775"},{"taxonomy":"post_tag","embeddable":true,"href":"https:\/\/www.meydan.tv\/az\/wp-json\/wp\/v2\/tags?post=193775"}],"curies":[{"name":"wp","href":"https:\/\/api.w.org\/{rel}","templated":true}]}}