{"id":193774,"date":"2019-01-31T20:18:35","date_gmt":"2019-01-31T20:18:35","guid":{"rendered":"https:\/\/www.meydan.tv\/article\/kuceden-masin-kecende-bina-silkelenir\/"},"modified":"2019-01-31T20:18:35","modified_gmt":"2019-01-31T20:18:35","slug":"kuceden-masin-kecende-bina-silkelenir","status":"publish","type":"post","link":"https:\/\/www.meydan.tv\/az\/article\/kuceden-masin-kecende-bina-silkelenir\/","title":{"rendered":"&#8221;K\u00fc\u00e7\u0259d\u0259n ma\u015f\u0131n ke\u00e7\u0259nd\u0259 bina silk\u0259l\u0259nir&#8221;"},"content":{"rendered":"<figure class=\"wp-block-image size-large\">\n  <img decoding=\"async\" src=\"https:\/\/www.meydan.tv\/az\/116953\/\" alt=\"\" class=\"wp-image-116953\"\/><figcaption><\/figcaption><\/figure>\n<p>\n  <i><br \/>\n    Zaqatala sakinl\u0259ri evl\u0259rinin u\u00e7a bil\u0259c\u0259yind\u0259n qorxurlar<br \/>\n  <\/i>\n<\/p>\n<p>\n  &#8220;Bu binan\u0131n 110 ya\u015f\u0131 var, el\u0259 bil, Nuh \u0259yam\u0131ndan qal\u0131b. \u00d6z\u00fc d\u0259 yol k\u0259nar\u0131ndad\u0131r. K\u00fc\u00e7\u0259d\u0259n b\u00f6y\u00fck bir ma\u015f\u0131n ke\u00e7\u0259nd\u0259 bina silk\u0259l\u0259nir. Taxta binad\u0131r, betondan, da\u015fdan tikilm\u0259yib ki, dayan\u0131ql\u0131 olsun. \u015eikay\u0259t etm\u0259diyimiz qurum, d\u00f6ym\u0259diyimiz qap\u0131 qalmay\u0131b. Yalandan v\u0259d verirl\u0259r, amma g\u0259lib maraqlanan yoxdur&#8221;.\n<\/p>\n<p>\n  Bu s\u00f6zl\u0259ri Meydan TV-y\u0259 Zaqatala \u015f\u0259h\u0259ri, N\u0259riman N\u0259rimanov k\u00fc\u00e7\u0259si, bina 34 \u00fcnvan\u0131nda ya\u015fayan sakinl\u0259r deyir. Onlar bildirirl\u0259r ki, \u015fimal-q\u0259rb b\u00f6lg\u0259sind\u0259 ba\u015f ver\u0259n z\u0259lz\u0259l\u0259d\u0259n sonra bina tamamil\u0259 q\u0259zal\u0131 v\u0259ziyy\u0259t\u0259 d\u00fc\u015f\u00fcb.\n<\/p>\n<p>\n  &#8220;D\u00fcz 2013-c\u00fc ild\u0259n bu yana aidiyyat\u0131 qurumlara d\u0259f\u0259l\u0259rl\u0259 m\u0259ktub yaz\u0131r\u0131q ki, d\u0259rdimiz\u0259 \u00e7ar\u0259 etsinl\u0259r. Prezident Adminstrasiyas\u0131na, F\u00f6vq\u0259lad\u0259 Hallar Nazirliyin\u0259, h\u0259m\u00e7inin Zaqatala Rayon \u0130cra Hakimiyy\u0259tin\u0259 \u015fikay\u0259t m\u0259ktubu yaz\u0131r\u0131q, amma he\u00e7 bir faydas\u0131 olmur&#8221;, &#8211; sakin M\u0259hbub\u0259 H\u0259zr\u0259tli bel\u0259 deyir.\n<\/p>\n<figure class=\"wp-block-image size-large\">\n  <img decoding=\"async\" src=\"https:\/\/www.meydan.tv\/az\/mehbube-hezretli\/\" alt=\"M\u0259hbub\u0259 H\u0259zr\u0259tli\" class=\"wp-image-116948\"\/><figcaption>\n    M\u0259hbub\u0259 H\u0259zr\u0259tli<br \/>\n  <\/figcaption><\/figure>\n<figure class=\"wp-block-image size-large\">\n  <img decoding=\"async\" src=\"https:\/\/www.meydan.tv\/az\/116957\/\" alt=\"\" class=\"wp-image-116957\"\/><figcaption><\/figcaption><\/figure>\n<p>\n  \u018flav\u0259 edir ki, bug\u00fcnl\u0259rd\u0259 icra ba\u015f\u00e7\u0131s\u0131 M\u00fcbariz \u018fhm\u0259dzad\u0259nin q\u0259bulunda olublar:\n<\/p>\n<p>\n  &#8220;Ba\u015f\u00e7\u0131 biz\u0259 dedi ki, binan\u0131 t\u0259mir ed\u0259c\u0259k q\u0259d\u0259r b\u00fcdc\u0259mizd\u0259 pul yoxdur, siz\u0259 k\u00f6m\u0259k ed\u0259 bilm\u0259rik. B\u0259s yax\u015f\u0131, biz indi d\u0259rdimizi kim\u0259 dey\u0259k? M\u0259n \u00f6vlad\u0131m\u0131 evl\u0259ndirirdim dey\u0259, m\u0259cbur olub otaqlar\u0131 y\u00fcng\u00fclvari t\u0259mir etdirdim, \u00e7atlar\u0131n \u00fcst\u00fcn\u00fc \u00f6rtd\u00fcm. Amma qon\u015fularda v\u0259ziyy\u0259t daha ac\u0131nacaql\u0131d\u0131r. Pullar\u0131, imkanlar\u0131 da yoxdur ki, yalandan da olsa, \u00fczd\u0259n t\u0259mir i\u015fi apars\u0131nlar. M\u0259nim evimd\u0259 3 ya\u015f\u0131nda k\u00f6rp\u0259 n\u0259v\u0259m var. G\u0259linim hamil\u0259dir, marta ikinci u\u015faq olacaq. Yaz\u0131q q\u0131z, gec\u0259l\u0259r qorxudan yatm\u0131r ki, ev ba\u015f\u0131m\u0131za u\u00e7acaq. Burada 20 n\u0259f\u0259rd\u0259n ibar\u0259t 7 ail\u0259 ya\u015fay\u0131r. G\u00f6r\u00fcn\u00fcr, onlar\u0131n aqib\u0259ti he\u00e7 kimi narahat etmir. Bel\u0259 insafs\u0131zl\u0131q, vicdans\u0131zl\u0131q olmaz ax\u0131&#8221;.\n<\/p>\n<figure class=\"wp-block-image size-large\">\n  <img decoding=\"async\" src=\"https:\/\/www.meydan.tv\/az\/116960\/\" alt=\"\" class=\"wp-image-116960\"\/><figcaption><\/figcaption><\/figure>\n<p>\n  Dig\u0259r sakin Zeyn\u0259b M\u0259mm\u0259dova is\u0259 s\u00f6yl\u0259yir ki, 1910-cu ild\u0259 in\u015fa olunan binaya F\u00f6vq\u0259lad\u0259 Hallar Nazirliyinin m\u00fcvafiq komissiyas\u0131 bax\u0131\u015f ke\u00e7ir\u0259r\u0259k, onlara &#8220;t\u0259mir-tikinti i\u015fl\u0259rini bu yax\u0131nlarda ba\u015flayaca\u011f\u0131q&#8221;,- v\u0259di verilib:\n<\/p>\n<p>\n  &#8220;Biz\u0259 dedil\u0259r ki, bina q\u0259zal\u0131d\u0131r, s\u00f6k\u00fcl\u0259c\u0259k. H\u0259l\u0259 d\u0259 s\u00f6k\u00fcl\u00fcr-s\u00f6k\u00fcl\u00fcb, qurtarm\u0131r. G\u00f6zl\u0259yirik. Bina \u00e7ox ac\u0131nacaql\u0131, t\u0259hl\u00fck\u0259li v\u0259ziyy\u0259td\u0259dir. A\u015fa\u011f\u0131 m\u0259rt\u0259b\u0259d\u0259n qon\u015fu qap\u0131n\u0131 m\u00f6hk\u0259m \u00f6rt\u0259nd\u0259, bina silk\u0259l\u0259nir, el\u0259 bilirs\u0259n ki, z\u0259lz\u0259l\u0259 olur. \u00dcmidimiz ancaq siz\u0259dir, b\u0259lk\u0259 bundan sonra \u0259l-aya\u011fa d\u00fc\u015f\u00fcb, bizim \u015fikay\u0259timiz\u0259 baxalar, binam\u0131z\u0131 d\u00fcz\u0259ld\u0259l\u0259r&#8221;.\n<\/p>\n<figure class=\"wp-block-image size-large\">\n  <img decoding=\"async\" src=\"https:\/\/www.meydan.tv\/az\/zeyneb-memmedova\/\" alt=\"Zeyn\u0259b M\u0259mm\u0259dova\" class=\"wp-image-116963\"\/><figcaption>\n    Zeyn\u0259b M\u0259mm\u0259dova<br \/>\n  <\/figcaption><\/figure>\n<p>\n  Zaqatala Rayon \u0130cra Hakimiyy\u0259ti ba\u015f\u00e7\u0131n\u0131n birinci m\u00fcavini Tofiq \u018fhm\u0259dov Meydan TV-y\u0259 bildirib ki, s\u00f6z\u00fcged\u0259n bina M\u0259nzil \u0130stismar \u0130dar\u0259sinin balans\u0131ndad\u0131r. Yax\u0131n g\u00fcnl\u0259rd\u0259 h\u0259min bina il\u0259 yana\u015f\u0131, bir \u00e7ox binan\u0131n t\u0259mir v\u0259 tikinti i\u015fl\u0259rin\u0259 ba\u015flan\u0131lacaq:\n<\/p>\n<p>\n  &#8220;\u00d6lk\u0259 ba\u015f\u00e7\u0131s\u0131n\u0131n g\u00f6st\u0259ri\u015find\u0259n sonra FHN t\u0259r\u0259find\u0259n rayonumuzda ard\u0131c\u0131l olaraq, 5500-d\u0259n \u00e7ox ev tikilib. Evi q\u0259zal\u0131 v\u0259ziyy\u0259td\u0259 olan v\u0259t\u0259nda\u015flar kompensasiya al\u0131b. M\u0259nzil \u0130stismar \u0130dar\u0259sinin balans\u0131nda olan binalar FHN t\u0259r\u0259find\u0259n t\u0259mir olunacaq, v\u0259t\u0259nda\u015flara pul verilm\u0259y\u0259c\u0259k&#8221;.\n<\/p>\n<\/p>\n<figure class=\"wp-block-image size-large\">\n  <img decoding=\"async\" src=\"https:\/\/www.meydan.tv\/az\/116966\/\" alt=\"\" class=\"wp-image-116966\"\/><figcaption><\/figcaption><\/figure>\n<figure class=\"wp-block-image size-large\">\n  <img decoding=\"async\" src=\"https:\/\/www.meydan.tv\/az\/116972\/\" alt=\"\" class=\"wp-image-116972\"\/><figcaption><\/figcaption><\/figure>\n<figure class=\"wp-block-image size-large\">\n  <img decoding=\"async\" src=\"https:\/\/www.meydan.tv\/az\/116969\/\" alt=\"\" class=\"wp-image-116969\"\/><figcaption><\/figcaption><\/figure>\n","protected":false},"excerpt":{"rendered":"<p>Zaqatala sakinl\u0259ri evl\u0259rinin u\u00e7a bil\u0259c\u0259yind\u0259n qorxurlar<\/p>\n","protected":false},"author":11,"featured_media":116953,"comment_status":"closed","ping_status":"open","sticky":false,"template":"","format":"standard","meta":{"_acf_changed":false,"_sitemap_exclude":false,"_sitemap_priority":"","_sitemap_frequency":"","footnotes":""},"categories":[60],"tags":[],"class_list":["post-193774","post","type-post","status-publish","format-standard","has-post-thumbnail","hentry","category-bolge","infinite-scroll-item","generate-columns","tablet-grid-50","mobile-grid-100","grid-parent","grid-33","no-featured-image-padding"],"acf":[],"yoast_head":"<!-- This site is optimized with the Yoast SEO plugin v27.4 - https:\/\/yoast.com\/product\/yoast-seo-wordpress\/ -->\n<title>&#039;&#039;K\u00fc\u00e7\u0259d\u0259n ma\u015f\u0131n ke\u00e7\u0259nd\u0259 bina silk\u0259l\u0259nir&#039;&#039; - MEYDAN.TV<\/title>\n<meta name=\"robots\" content=\"index, follow, max-snippet:-1, max-image-preview:large, max-video-preview:-1\" \/>\n<link rel=\"canonical\" href=\"https:\/\/www.meydan.tv\/az\/article\/kuceden-masin-kecende-bina-silkelenir\/\" \/>\n<meta property=\"og:locale\" content=\"az_AZ\" \/>\n<meta property=\"og:type\" content=\"article\" \/>\n<meta property=\"og:title\" content=\"&#039;&#039;K\u00fc\u00e7\u0259d\u0259n ma\u015f\u0131n ke\u00e7\u0259nd\u0259 bina silk\u0259l\u0259nir&#039;&#039; - MEYDAN.TV\" \/>\n<meta property=\"og:description\" content=\"Zaqatala sakinl\u0259ri evl\u0259rinin u\u00e7a bil\u0259c\u0259yind\u0259n qorxurlar\" \/>\n<meta property=\"og:url\" content=\"https:\/\/www.meydan.tv\/az\/article\/kuceden-masin-kecende-bina-silkelenir\/\" \/>\n<meta property=\"og:site_name\" content=\"MEYDAN.TV\" \/>\n<meta property=\"article:published_time\" content=\"2019-01-31T20:18:35+00:00\" \/>\n<meta property=\"og:image\" content=\"https:\/\/www.meydan.tv\/wp-content\/uploads\/46616.jpg\" \/>\n\t<meta property=\"og:image:width\" content=\"960\" \/>\n\t<meta property=\"og:image:height\" content=\"720\" \/>\n\t<meta property=\"og:image:type\" content=\"image\/jpeg\" \/>\n<meta name=\"author\" content=\"user-manager\" \/>\n<meta name=\"twitter:card\" content=\"summary_large_image\" \/>\n<script type=\"application\/ld+json\" class=\"yoast-schema-graph\">{\"@context\":\"https:\\\/\\\/schema.org\",\"@graph\":[{\"@type\":\"Article\",\"@id\":\"https:\\\/\\\/www.meydan.tv\\\/az\\\/article\\\/kuceden-masin-kecende-bina-silkelenir\\\/#article\",\"isPartOf\":{\"@id\":\"https:\\\/\\\/www.meydan.tv\\\/az\\\/article\\\/kuceden-masin-kecende-bina-silkelenir\\\/\"},\"author\":{\"name\":\"user-manager\",\"@id\":\"https:\\\/\\\/www.meydan.tv\\\/az\\\/#\\\/schema\\\/person\\\/10d11eccf6da3662cf5fdab9806ea91a\"},\"headline\":\"&#8221;K\u00fc\u00e7\u0259d\u0259n ma\u015f\u0131n ke\u00e7\u0259nd\u0259 bina silk\u0259l\u0259nir&#8221;\",\"datePublished\":\"2019-01-31T20:18:35+00:00\",\"mainEntityOfPage\":{\"@id\":\"https:\\\/\\\/www.meydan.tv\\\/az\\\/article\\\/kuceden-masin-kecende-bina-silkelenir\\\/\"},\"wordCount\":643,\"publisher\":{\"@id\":\"https:\\\/\\\/www.meydan.tv\\\/az\\\/#organization\"},\"image\":{\"@id\":\"https:\\\/\\\/www.meydan.tv\\\/az\\\/article\\\/kuceden-masin-kecende-bina-silkelenir\\\/#primaryimage\"},\"thumbnailUrl\":\"https:\\\/\\\/www.meydan.tv\\\/wp-content\\\/uploads\\\/46616.jpg\",\"articleSection\":[\"B\u00f6lg\u0259\"],\"inLanguage\":\"az\"},{\"@type\":\"WebPage\",\"@id\":\"https:\\\/\\\/www.meydan.tv\\\/az\\\/article\\\/kuceden-masin-kecende-bina-silkelenir\\\/\",\"url\":\"https:\\\/\\\/www.meydan.tv\\\/az\\\/article\\\/kuceden-masin-kecende-bina-silkelenir\\\/\",\"name\":\"''K\u00fc\u00e7\u0259d\u0259n ma\u015f\u0131n ke\u00e7\u0259nd\u0259 bina silk\u0259l\u0259nir'' - MEYDAN.TV\",\"isPartOf\":{\"@id\":\"https:\\\/\\\/www.meydan.tv\\\/az\\\/#website\"},\"primaryImageOfPage\":{\"@id\":\"https:\\\/\\\/www.meydan.tv\\\/az\\\/article\\\/kuceden-masin-kecende-bina-silkelenir\\\/#primaryimage\"},\"image\":{\"@id\":\"https:\\\/\\\/www.meydan.tv\\\/az\\\/article\\\/kuceden-masin-kecende-bina-silkelenir\\\/#primaryimage\"},\"thumbnailUrl\":\"https:\\\/\\\/www.meydan.tv\\\/wp-content\\\/uploads\\\/46616.jpg\",\"datePublished\":\"2019-01-31T20:18:35+00:00\",\"breadcrumb\":{\"@id\":\"https:\\\/\\\/www.meydan.tv\\\/az\\\/article\\\/kuceden-masin-kecende-bina-silkelenir\\\/#breadcrumb\"},\"inLanguage\":\"az\",\"potentialAction\":[{\"@type\":\"ReadAction\",\"target\":[\"https:\\\/\\\/www.meydan.tv\\\/az\\\/article\\\/kuceden-masin-kecende-bina-silkelenir\\\/\"]}]},{\"@type\":\"ImageObject\",\"inLanguage\":\"az\",\"@id\":\"https:\\\/\\\/www.meydan.tv\\\/az\\\/article\\\/kuceden-masin-kecende-bina-silkelenir\\\/#primaryimage\",\"url\":\"https:\\\/\\\/www.meydan.tv\\\/wp-content\\\/uploads\\\/46616.jpg\",\"contentUrl\":\"https:\\\/\\\/www.meydan.tv\\\/wp-content\\\/uploads\\\/46616.jpg\",\"width\":960,\"height\":720,\"caption\":\"Source:\"},{\"@type\":\"BreadcrumbList\",\"@id\":\"https:\\\/\\\/www.meydan.tv\\\/az\\\/article\\\/kuceden-masin-kecende-bina-silkelenir\\\/#breadcrumb\",\"itemListElement\":[{\"@type\":\"ListItem\",\"position\":1,\"name\":\"Ana s\u0259hif\u0259\",\"item\":\"https:\\\/\\\/www.meydan.tv\\\/az\\\/\"},{\"@type\":\"ListItem\",\"position\":2,\"name\":\"B\u00f6lg\u0259\",\"item\":\"https:\\\/\\\/www.meydan.tv\\\/az\\\/section\\\/bolge\\\/\"},{\"@type\":\"ListItem\",\"position\":3,\"name\":\"&#8221;K\u00fc\u00e7\u0259d\u0259n ma\u015f\u0131n ke\u00e7\u0259nd\u0259 bina silk\u0259l\u0259nir&#8221;\"}]},{\"@type\":\"WebSite\",\"@id\":\"https:\\\/\\\/www.meydan.tv\\\/az\\\/#website\",\"url\":\"https:\\\/\\\/www.meydan.tv\\\/az\\\/\",\"name\":\"MEYDAN.TV\",\"description\":\"Meydan TV Az\u0259rbaycan\u0131n media m\u0259kan\u0131ndak\u0131 alternativ s\u0259sidir\",\"publisher\":{\"@id\":\"https:\\\/\\\/www.meydan.tv\\\/az\\\/#organization\"},\"potentialAction\":[{\"@type\":\"SearchAction\",\"target\":{\"@type\":\"EntryPoint\",\"urlTemplate\":\"https:\\\/\\\/www.meydan.tv\\\/az\\\/?s={search_term_string}\"},\"query-input\":{\"@type\":\"PropertyValueSpecification\",\"valueRequired\":true,\"valueName\":\"search_term_string\"}}],\"inLanguage\":\"az\"},{\"@type\":\"Organization\",\"@id\":\"https:\\\/\\\/www.meydan.tv\\\/az\\\/#organization\",\"name\":\"Meydan TV\",\"url\":\"https:\\\/\\\/www.meydan.tv\\\/az\\\/\",\"logo\":{\"@type\":\"ImageObject\",\"inLanguage\":\"az\",\"@id\":\"https:\\\/\\\/www.meydan.tv\\\/az\\\/#\\\/schema\\\/logo\\\/image\\\/\",\"url\":\"https:\\\/\\\/www.meydan.tv\\\/wp-content\\\/uploads\\\/2021\\\/07\\\/meydan-logo.svg\",\"contentUrl\":\"https:\\\/\\\/www.meydan.tv\\\/wp-content\\\/uploads\\\/2021\\\/07\\\/meydan-logo.svg\",\"width\":195,\"height\":46,\"caption\":\"Meydan TV\"},\"image\":{\"@id\":\"https:\\\/\\\/www.meydan.tv\\\/az\\\/#\\\/schema\\\/logo\\\/image\\\/\"}},{\"@type\":\"Person\",\"@id\":\"https:\\\/\\\/www.meydan.tv\\\/az\\\/#\\\/schema\\\/person\\\/10d11eccf6da3662cf5fdab9806ea91a\",\"name\":\"user-manager\"}]}<\/script>\n<!-- \/ Yoast SEO plugin. -->","yoast_head_json":{"title":"''K\u00fc\u00e7\u0259d\u0259n ma\u015f\u0131n ke\u00e7\u0259nd\u0259 bina silk\u0259l\u0259nir'' - MEYDAN.TV","robots":{"index":"index","follow":"follow","max-snippet":"max-snippet:-1","max-image-preview":"max-image-preview:large","max-video-preview":"max-video-preview:-1"},"canonical":"https:\/\/www.meydan.tv\/az\/article\/kuceden-masin-kecende-bina-silkelenir\/","og_locale":"az_AZ","og_type":"article","og_title":"''K\u00fc\u00e7\u0259d\u0259n ma\u015f\u0131n ke\u00e7\u0259nd\u0259 bina silk\u0259l\u0259nir'' - MEYDAN.TV","og_description":"Zaqatala sakinl\u0259ri evl\u0259rinin u\u00e7a bil\u0259c\u0259yind\u0259n qorxurlar","og_url":"https:\/\/www.meydan.tv\/az\/article\/kuceden-masin-kecende-bina-silkelenir\/","og_site_name":"MEYDAN.TV","article_published_time":"2019-01-31T20:18:35+00:00","og_image":[{"width":960,"height":720,"url":"https:\/\/www.meydan.tv\/wp-content\/uploads\/46616.jpg","type":"image\/jpeg"}],"author":"user-manager","twitter_card":"summary_large_image","schema":{"@context":"https:\/\/schema.org","@graph":[{"@type":"Article","@id":"https:\/\/www.meydan.tv\/az\/article\/kuceden-masin-kecende-bina-silkelenir\/#article","isPartOf":{"@id":"https:\/\/www.meydan.tv\/az\/article\/kuceden-masin-kecende-bina-silkelenir\/"},"author":{"name":"user-manager","@id":"https:\/\/www.meydan.tv\/az\/#\/schema\/person\/10d11eccf6da3662cf5fdab9806ea91a"},"headline":"&#8221;K\u00fc\u00e7\u0259d\u0259n ma\u015f\u0131n ke\u00e7\u0259nd\u0259 bina silk\u0259l\u0259nir&#8221;","datePublished":"2019-01-31T20:18:35+00:00","mainEntityOfPage":{"@id":"https:\/\/www.meydan.tv\/az\/article\/kuceden-masin-kecende-bina-silkelenir\/"},"wordCount":643,"publisher":{"@id":"https:\/\/www.meydan.tv\/az\/#organization"},"image":{"@id":"https:\/\/www.meydan.tv\/az\/article\/kuceden-masin-kecende-bina-silkelenir\/#primaryimage"},"thumbnailUrl":"https:\/\/www.meydan.tv\/wp-content\/uploads\/46616.jpg","articleSection":["B\u00f6lg\u0259"],"inLanguage":"az"},{"@type":"WebPage","@id":"https:\/\/www.meydan.tv\/az\/article\/kuceden-masin-kecende-bina-silkelenir\/","url":"https:\/\/www.meydan.tv\/az\/article\/kuceden-masin-kecende-bina-silkelenir\/","name":"''K\u00fc\u00e7\u0259d\u0259n ma\u015f\u0131n ke\u00e7\u0259nd\u0259 bina silk\u0259l\u0259nir'' - MEYDAN.TV","isPartOf":{"@id":"https:\/\/www.meydan.tv\/az\/#website"},"primaryImageOfPage":{"@id":"https:\/\/www.meydan.tv\/az\/article\/kuceden-masin-kecende-bina-silkelenir\/#primaryimage"},"image":{"@id":"https:\/\/www.meydan.tv\/az\/article\/kuceden-masin-kecende-bina-silkelenir\/#primaryimage"},"thumbnailUrl":"https:\/\/www.meydan.tv\/wp-content\/uploads\/46616.jpg","datePublished":"2019-01-31T20:18:35+00:00","breadcrumb":{"@id":"https:\/\/www.meydan.tv\/az\/article\/kuceden-masin-kecende-bina-silkelenir\/#breadcrumb"},"inLanguage":"az","potentialAction":[{"@type":"ReadAction","target":["https:\/\/www.meydan.tv\/az\/article\/kuceden-masin-kecende-bina-silkelenir\/"]}]},{"@type":"ImageObject","inLanguage":"az","@id":"https:\/\/www.meydan.tv\/az\/article\/kuceden-masin-kecende-bina-silkelenir\/#primaryimage","url":"https:\/\/www.meydan.tv\/wp-content\/uploads\/46616.jpg","contentUrl":"https:\/\/www.meydan.tv\/wp-content\/uploads\/46616.jpg","width":960,"height":720,"caption":"Source:"},{"@type":"BreadcrumbList","@id":"https:\/\/www.meydan.tv\/az\/article\/kuceden-masin-kecende-bina-silkelenir\/#breadcrumb","itemListElement":[{"@type":"ListItem","position":1,"name":"Ana s\u0259hif\u0259","item":"https:\/\/www.meydan.tv\/az\/"},{"@type":"ListItem","position":2,"name":"B\u00f6lg\u0259","item":"https:\/\/www.meydan.tv\/az\/section\/bolge\/"},{"@type":"ListItem","position":3,"name":"&#8221;K\u00fc\u00e7\u0259d\u0259n ma\u015f\u0131n ke\u00e7\u0259nd\u0259 bina silk\u0259l\u0259nir&#8221;"}]},{"@type":"WebSite","@id":"https:\/\/www.meydan.tv\/az\/#website","url":"https:\/\/www.meydan.tv\/az\/","name":"MEYDAN.TV","description":"Meydan TV Az\u0259rbaycan\u0131n media m\u0259kan\u0131ndak\u0131 alternativ s\u0259sidir","publisher":{"@id":"https:\/\/www.meydan.tv\/az\/#organization"},"potentialAction":[{"@type":"SearchAction","target":{"@type":"EntryPoint","urlTemplate":"https:\/\/www.meydan.tv\/az\/?s={search_term_string}"},"query-input":{"@type":"PropertyValueSpecification","valueRequired":true,"valueName":"search_term_string"}}],"inLanguage":"az"},{"@type":"Organization","@id":"https:\/\/www.meydan.tv\/az\/#organization","name":"Meydan TV","url":"https:\/\/www.meydan.tv\/az\/","logo":{"@type":"ImageObject","inLanguage":"az","@id":"https:\/\/www.meydan.tv\/az\/#\/schema\/logo\/image\/","url":"https:\/\/www.meydan.tv\/wp-content\/uploads\/2021\/07\/meydan-logo.svg","contentUrl":"https:\/\/www.meydan.tv\/wp-content\/uploads\/2021\/07\/meydan-logo.svg","width":195,"height":46,"caption":"Meydan TV"},"image":{"@id":"https:\/\/www.meydan.tv\/az\/#\/schema\/logo\/image\/"}},{"@type":"Person","@id":"https:\/\/www.meydan.tv\/az\/#\/schema\/person\/10d11eccf6da3662cf5fdab9806ea91a","name":"user-manager"}]}},"_links":{"self":[{"href":"https:\/\/www.meydan.tv\/az\/wp-json\/wp\/v2\/posts\/193774","targetHints":{"allow":["GET"]}}],"collection":[{"href":"https:\/\/www.meydan.tv\/az\/wp-json\/wp\/v2\/posts"}],"about":[{"href":"https:\/\/www.meydan.tv\/az\/wp-json\/wp\/v2\/types\/post"}],"author":[{"embeddable":true,"href":"https:\/\/www.meydan.tv\/az\/wp-json\/wp\/v2\/users\/11"}],"replies":[{"embeddable":true,"href":"https:\/\/www.meydan.tv\/az\/wp-json\/wp\/v2\/comments?post=193774"}],"version-history":[{"count":0,"href":"https:\/\/www.meydan.tv\/az\/wp-json\/wp\/v2\/posts\/193774\/revisions"}],"wp:featuredmedia":[{"embeddable":true,"href":"https:\/\/www.meydan.tv\/az\/wp-json\/wp\/v2\/media\/116953"}],"wp:attachment":[{"href":"https:\/\/www.meydan.tv\/az\/wp-json\/wp\/v2\/media?parent=193774"}],"wp:term":[{"taxonomy":"category","embeddable":true,"href":"https:\/\/www.meydan.tv\/az\/wp-json\/wp\/v2\/categories?post=193774"},{"taxonomy":"post_tag","embeddable":true,"href":"https:\/\/www.meydan.tv\/az\/wp-json\/wp\/v2\/tags?post=193774"}],"curies":[{"name":"wp","href":"https:\/\/api.w.org\/{rel}","templated":true}]}}