{"id":193769,"date":"2019-01-31T19:36:33","date_gmt":"2019-01-31T19:36:33","guid":{"rendered":"https:\/\/www.meydan.tv\/article\/derenin-dibindeki-bolludere\/"},"modified":"2019-01-31T19:36:33","modified_gmt":"2019-01-31T19:36:33","slug":"derenin-dibindeki-bolludere","status":"publish","type":"post","link":"https:\/\/www.meydan.tv\/az\/article\/derenin-dibindeki-bolludere\/","title":{"rendered":"D\u0259r\u0259nin dibind\u0259ki Bollud\u0259r\u0259&#8230;"},"content":{"rendered":"<figure class=\"wp-block-image size-large\">\n  <img decoding=\"async\" src=\"https:\/\/www.meydan.tv\/az\/bolludere\/\" alt=\"Bollud\u0259r\u0259\" class=\"wp-image-116951\"\/><figcaption>\n    Bollud\u0259r\u0259<br \/>\n  <\/figcaption><\/figure>\n<p>\n  <i><br \/>\n    K\u0259nd sakinl\u0259ri deyir, bir t\u0259r\u0259fd\u0259n sel, bir t\u0259r\u0259fd\u0259n m\u0259mur bigan\u0259liyi onlara h\u0259yatlar\u0131n\u0131 qurma\u011fa imkan vermir<br \/>\n  <\/i>\n<\/p>\n<p>\n  \u201cK\u0259ndimizin ad\u0131 Bollud\u0259r\u0259dir, el\u0259 \u00f6z\u00fcm\u00fcz d\u0259 ya\u015fam bax\u0131m\u0131ndan d\u0259r\u0259nin dibind\u0259yik&#8230; Bura n\u0259 qaz g\u0259lib \u00e7at\u0131r, n\u0259 yol, n\u0259 su&#8230; Normal tibb m\u0259nt\u0259q\u0259miz d\u0259 yoxdur. \u00d6z hesab\u0131m\u0131za qurub-yaratd\u0131\u011f\u0131m\u0131z \u015f\u0259raitimizi is\u0259 zal\u0131m sel g\u0259lib yuyub apar\u0131r\u201d.\n<\/p>\n<p>\n  \u015e\u0259kinin Bollud\u0259r\u0259 sakinl\u0259ri bu q\u0131\u015f\u0131 da mavi yanacaqs\u0131z ke\u00e7irirl\u0259r. Onlar\u0131n dem\u0259sin\u0259 g\u00f6r\u0259, h\u0259r d\u0259f\u0259 h\u00f6kum\u0259t qurumlar\u0131na m\u00fcraci\u0259t ed\u0259nd\u0259 onlara v\u0259d olunur ki, yax\u0131n vaxtlarda qaz problemi h\u0259ll olunacaq. Ancaq ill\u0259rdir ki, qulaqlar\u0131 bu v\u0259d\u0259 al\u0131\u015fd\u0131\u011f\u0131ndan, art\u0131q k\u0259ndlil\u0259r d\u0259 v\u0259dl\u0259ri ciddiy\u0259 alm\u0131r.\n<\/p>\n<blockquote><p>\n  Odunun qiym\u0259ti k\u0259ll\u0259-\u00e7arxdad\u0131\n<\/p><\/blockquote>\n<p>\n  K\u0259ndd\u0259 ya\u015fayan Mirvari X\u0259lilova deyir, ail\u0259d\u0259 alt\u0131 n\u0259f\u0259rdil\u0259r. \u0130\u015fl\u0259y\u0259ns\u0259 bir n\u0259f\u0259rdir. Qazanc\u0131n bir hiss\u0259si oduna gedir.\n<\/p>\n<p>\n  \u201cOdunun qiym\u0259ti k\u0259ll\u0259-\u00e7arxdad\u0131, k\u0259ndd\u0259kil\u0259r d\u0259 imkans\u0131z, k\u00f6m\u0259ksiz ail\u0259l\u0259rdir. \u0130mkan\u0131 olan ged\u0259r normal \u015f\u0259raiti olan bir m\u0259kanda h\u0259yat\u0131n\u0131 davam el\u0259y\u0259r. H\u00f6kum\u0259t qazla t\u0259min el\u0259s\u0259, m\u0259n niy\u0259 odun al\u0131m ki? H\u00f6kum\u0259t k\u0259nd\u0259 normal su vers\u0259, m\u0259n niy\u0259 su al\u0131m ki? Q\u0131\u015f\u0131n g\u00fcn\u00fc yollar pis v\u0259ziyy\u0259td\u0259, u\u015fa\u011f\u0131 m\u0259kt\u0259b\u0259 burax\u0131ram, arxas\u0131nca nigaran qal\u0131ram\u201d.\n<\/p>\n<p>\n  K\u0259nd sakininin s\u00f6zl\u0259rin\u0259 g\u00f6r\u0259, yazda yax\u0131nl\u0131qdak\u0131 \u00e7ay da\u015f\u0131r, insanlar\u0131n \u015f\u0259xsi t\u0259s\u0259rr\u00fcfatlar\u0131, evl\u0259ri, h\u0259y\u0259tl\u0259ri, \u0259\u015fyalar\u0131 su alt\u0131nda qal\u0131r. H\u0259r d\u0259f\u0259 seld\u0259n sonra \u00e7ay k\u0259nar\u0131na a\u011f\u0131r texnikalar g\u0259tirlir, i\u015fl\u0259r gedir, ancaq yen\u0259 faydas\u0131 yoxdur\n<\/p>\n<blockquote><p>\n  Yaz g\u0259lir, sel g\u0259lir&#8230;\n<\/p><\/blockquote>\n<p>\n  \u201cYen\u0259 bir azdan mal-qaram\u0131z\u0131 qar\u015f\u0131m\u0131za qat\u0131b ba\u015fqa k\u0259ndl\u0259rd\u0259ki qohum-\u0259qr\u0259ba qap\u0131s\u0131na da\u015f\u0131yaca\u011f\u0131q. \u00c7\u00fcnki g\u00f6z\u00fcm\u00fcz seld\u0259n qorxub. El\u0259c\u0259, qururuq, yarad\u0131r\u0131q, t\u0259s\u0259rr\u00fcfat\u0131m\u0131z\u0131 art\u0131r\u0131r\u0131q, \u00e7ay da\u015f\u0131r, sel apar\u0131r. K\u0259ndd\u0259 h\u0259l\u0259 d\u0259 seld\u0259n q\u0259zal\u0131 evl\u0259r var, h\u00f6kum\u0259t d\u00fcz\u0259ltm\u0259yib. Bu t\u0259r\u0259fd\u0259n d\u0259 qaz yoxdur, su yoxdur, i\u015f\u0131q da el\u0259 yox kimi \u015feydir. Adamlar\u0131n sad\u0259c\u0259, getm\u0259y\u0259 yeri yoxdur, yoxsa bir adam da bu k\u0259ndd\u0259 qalmazd\u0131,\u201d \u2013 k\u0259nd sakinl\u0259ri deyir.\n<\/p>\n<p>\n  K\u0259ndd\u0259 Sovet vaxt\u0131ndan i\u015fl\u0259ksiz qalan qaz x\u0259tl\u0259ri \u00e7oxdan paslan\u0131b. \u00c7oxunu k\u0259sib da\u015f\u0131y\u0131blar. T\u0259z\u0259sini is\u0259 \u00e7\u0259kmirl\u0259r. H\u0259s\u0259n \u018fliyev d\u0259 q\u0131\u015fda odunu, yayda suyu pulla al\u0131r. Deyir ki, k\u0259nd yollar\u0131 yarars\u0131z oldu\u011fundan, q\u0131\u015fda odunsatanlar, yayda susatanlar k\u0259nd\u0259 yax\u0131n g\u0259lmir. Sakinl\u0259r odunu, suyu k\u0259ndd\u0259n xeyli aral\u0131da saxlayan ma\u015f\u0131ndan almaq m\u0259cburiyy\u0259tind\u0259dil\u0259r.\n<\/p>\n<blockquote><p>\n  H\u0259l\u0259 d\u0259 \u00e7ad\u0131rda qalanlar var\n<\/p><\/blockquote>\n<p>\n  \u201cM\u0259murlar\u0131n t\u0259s\u0259rr\u00fcfatlar\u0131nda hamball\u0131q el\u0259yir\u0259m, ayda iki d\u0259f\u0259 odun al\u0131ram. Evd\u0259 k\u00f6rp\u0259 var, x\u0259st\u0259 valideynl\u0259rim var, can\u0131m\u0131z isinmir. Q\u0131\u015fda tez-tez i\u015f\u0131\u011f\u0131m t\u0259zyiqi azal\u0131r, \u00e7oxal\u0131r, k\u0259ndd\u0259 el\u0259 ev yoxdur ki, elektrik avadanl\u0131\u011f\u0131 s\u0131radan \u00e7\u0131xmas\u0131n. K\u0259ndd\u0259kil\u0259r cana doyub. \u00c7ay\u0131n b\u0259ndini b\u0259rkitmirl\u0259r ki, qar \u0259riyib \u00e7aya t\u00f6k\u00fcl\u0259nd\u0259, su g\u0259lib ev-e\u015fiyimizi aparmas\u0131n. H\u0259l\u0259 d\u0259 evi seld\u0259n da\u011f\u0131lan v\u0259 \u00e7ad\u0131rda qalan ail\u0259l\u0259r var. Bilmirik can\u0131m\u0131z\u0131 hara qoyaq,\u201d \u2013 H\u0259s\u0259n \u018fliyev deyir.\n<\/p>\n<p>\n  Bollud\u0259r\u0259d\u0259 2010-cu ild\u0259n bu t\u0259r\u0259f\u0259 bir ne\u00e7\u0259 d\u0259f\u0259 \u00e7ay da\u015f\u0131b, sel sular\u0131 k\u0259nd\u0259 v\u0259 k\u0259ndlil\u0259r\u0259 ciddi ziyan vurub. 2012, 1015 v\u0259 2017-ci ild\u0259 ba\u015f ver\u0259n sel n\u0259tic\u0259sind\u0259 daha \u00e7ox z\u0259r\u0259r \u00e7\u0259k\u0259nl\u0259r olub. K\u0259nd sakinl\u0259ri k\u00f6hn\u0259 hadis\u0259nin z\u0259r\u0259rind\u0259n \u00e7\u0131xmam\u0131\u015f yenisi il\u0259 qar\u015f\u0131la\u015f\u0131rlar. Onlar iddia edirl\u0259r ki, da\u015fan \u00e7ayda ciddi b\u0259ndatma i\u015fl\u0259ri g\u00f6r\u00fclm\u00fcr, k\u0259ndd\u0259 su arxlar\u0131 azd\u0131r. Bu s\u0259b\u0259bl\u0259rd\u0259n d\u0259 sular evl\u0259r\u0259 v\u0259 t\u0259s\u0259rr\u00fcfatlara dolur.\n<\/p>\n<blockquote><p>\n  Qurum: \u0130\u015f\u0131q normald\u0131r, yol \u00e7\u0259kilir, qaz da olacaq\n<\/p><\/blockquote>\n<p>\n  \u015e\u0259ki \u015e\u0259h\u0259r \u0130cra Hakimiyy\u0259tind\u0259n bildirilib ki, regionlar\u0131n sosial-iqtisadi inki\u015faf\u0131 proqram\u0131 \u00e7\u0259r\u00e7iv\u0259sind\u0259 k\u0259nd yollar\u0131n\u0131n t\u0259miri, k\u0259ndl\u0259rin qazla\u015fd\u0131r\u0131lmas\u0131, su t\u0259chizat\u0131 i\u015fl\u0259ri g\u00f6r\u00fcl\u00fcb. Bu i\u015fl\u0259r haz\u0131rda da davam edir.\n<\/p>\n<p>\n  \u201cBollud\u0259r\u0259d\u0259 d\u0259 xeyli i\u015fl\u0259r g\u00f6r\u00fcl\u00fcb. O k\u0259nd rayon \u0259razidind\u0259 \u0259n \u00e7ox t\u0259bii f\u0259lak\u0259t\u0259 m\u0259ruz qalan k\u0259ndl\u0259rd\u0259ndir. Orda xeyli t\u0259mir-b\u0259rpa i\u015fl\u0259ri apar\u0131l\u0131b. 3 ay \u0259vv\u0259ls\u0259 prezident rayonun bir ne\u00e7\u0259 k\u0259ndini birl\u0259\u015fdir\u0259n yolun tikintisin\u0259 s\u0259r\u0259ncam verdi. Bu k\u0259ndl\u0259r aras\u0131nda Bollud\u0259r\u0259 d\u0259 var. Tezlikl\u0259 k\u0259ndin yol problemi olmayacaq. \u0130\u015f\u0131q var, normald\u0131r, qaz x\u0259tti d\u0259 g\u0259l\u0259c\u0259kd\u0259 layih\u0259y\u0259 sal\u0131nacaq. Sel, da\u015fq\u0131n, z\u0259lz\u0259l\u0259 &#8211; bunlar t\u0259bi\u0259tin q\u0259fil ba\u015f ver\u0259n hadis\u0259l\u0259ridir, he\u00e7 k\u0259s bilmir 5 d\u0259qiq\u0259d\u0259n sonra n\u0259 ba\u015f ver\u0259c\u0259k. Sel sular\u0131n\u0131n qar\u015f\u0131s\u0131n\u0131n al\u0131nmas\u0131 \u00fc\u00e7\u00fcn aidiyy\u0259ti qurumlar h\u0259mi\u015f\u0259 \u0259n y\u00fcks\u0259k s\u0259viyy\u0259d\u0259 \u00e7al\u0131\u015f\u0131blar. T\u0259bii f\u0259lak\u0259td\u0259n z\u0259r\u0259r \u00e7\u0259kmi\u015f evl\u0259rl\u0259 ba\u011fl\u0131 probleml\u0259r d\u0259 \u00e7oxdan h\u0259llini tap\u0131b\u201d.\n<\/p>\n<p>\n  Bu il oktyabr\u0131n 18-d\u0259 prezident \u0130lham \u018fliyev \u015e\u0259ki rayonunun \u00c7ayqaraqoyunlu-Turan-C\u0259yirli-Qozlubulaq-Sar\u0131ca\u2013Qayaba\u015f\u0131-Bollud\u0259r\u0259-Qaratorpaq avtomobil yolunun tikintisi il\u0259 ba\u011fl\u0131 t\u0259dbirl\u0259r haqq\u0131nda s\u0259r\u0259ncam imzalay\u0131b. H\u0259min s\u0259r\u0259ncamla 11 min \u0259halinin ya\u015fad\u0131\u011f\u0131 8 ya\u015fay\u0131\u015f m\u0259nt\u0259q\u0259sini birl\u0259\u015fdir\u0259n \u00c7ayqaraqoyunlu-Turan-C\u0259yirli-Qozlubulaq-Sar\u0131ca-Qayaba\u015f\u0131-Bollud\u0259r\u0259-Qaratorpaq avtomobil yolunun tikintisin\u0259 b\u00fcdc\u0259d\u0259n 20,08 milyon manat ayr\u0131l\u0131b.<\/p>\n","protected":false},"excerpt":{"rendered":"<p>K\u0259nd sakinl\u0259ri deyir, bir t\u0259r\u0259fd\u0259n sel, bir t\u0259r\u0259fd\u0259n m\u0259mur bigan\u0259liyi onlara h\u0259yatlar\u0131n\u0131 qurma\u011fa imkan vermir<\/p>\n","protected":false},"author":11,"featured_media":116951,"comment_status":"closed","ping_status":"open","sticky":false,"template":"","format":"standard","meta":{"_acf_changed":false,"_sitemap_exclude":false,"_sitemap_priority":"","_sitemap_frequency":"","footnotes":""},"categories":[60],"tags":[],"class_list":["post-193769","post","type-post","status-publish","format-standard","has-post-thumbnail","hentry","category-bolge","infinite-scroll-item","generate-columns","tablet-grid-50","mobile-grid-100","grid-parent","grid-33","no-featured-image-padding"],"acf":[],"yoast_head":"<!-- This site is optimized with the Yoast SEO plugin v27.4 - https:\/\/yoast.com\/product\/yoast-seo-wordpress\/ -->\n<title>D\u0259r\u0259nin dibind\u0259ki Bollud\u0259r\u0259... - MEYDAN.TV<\/title>\n<meta name=\"robots\" content=\"index, follow, max-snippet:-1, max-image-preview:large, max-video-preview:-1\" \/>\n<link rel=\"canonical\" href=\"https:\/\/www.meydan.tv\/az\/article\/derenin-dibindeki-bolludere\/\" \/>\n<meta property=\"og:locale\" content=\"az_AZ\" \/>\n<meta property=\"og:type\" content=\"article\" \/>\n<meta property=\"og:title\" content=\"D\u0259r\u0259nin dibind\u0259ki Bollud\u0259r\u0259... - MEYDAN.TV\" \/>\n<meta property=\"og:description\" content=\"K\u0259nd sakinl\u0259ri deyir, bir t\u0259r\u0259fd\u0259n sel, bir t\u0259r\u0259fd\u0259n m\u0259mur bigan\u0259liyi onlara h\u0259yatlar\u0131n\u0131 qurma\u011fa imkan vermir\" \/>\n<meta property=\"og:url\" content=\"https:\/\/www.meydan.tv\/az\/article\/derenin-dibindeki-bolludere\/\" \/>\n<meta property=\"og:site_name\" content=\"MEYDAN.TV\" \/>\n<meta property=\"article:published_time\" content=\"2019-01-31T19:36:33+00:00\" \/>\n<meta property=\"og:image\" content=\"https:\/\/www.meydan.tv\/wp-content\/uploads\/46614.jpg\" \/>\n\t<meta property=\"og:image:width\" content=\"810\" \/>\n\t<meta property=\"og:image:height\" content=\"450\" \/>\n\t<meta property=\"og:image:type\" content=\"image\/jpeg\" \/>\n<meta name=\"author\" content=\"user-manager\" \/>\n<meta name=\"twitter:card\" content=\"summary_large_image\" \/>\n<script type=\"application\/ld+json\" class=\"yoast-schema-graph\">{\"@context\":\"https:\\\/\\\/schema.org\",\"@graph\":[{\"@type\":\"Article\",\"@id\":\"https:\\\/\\\/www.meydan.tv\\\/az\\\/article\\\/derenin-dibindeki-bolludere\\\/#article\",\"isPartOf\":{\"@id\":\"https:\\\/\\\/www.meydan.tv\\\/az\\\/article\\\/derenin-dibindeki-bolludere\\\/\"},\"author\":{\"name\":\"user-manager\",\"@id\":\"https:\\\/\\\/www.meydan.tv\\\/az\\\/#\\\/schema\\\/person\\\/10d11eccf6da3662cf5fdab9806ea91a\"},\"headline\":\"D\u0259r\u0259nin dibind\u0259ki Bollud\u0259r\u0259&#8230;\",\"datePublished\":\"2019-01-31T19:36:33+00:00\",\"mainEntityOfPage\":{\"@id\":\"https:\\\/\\\/www.meydan.tv\\\/az\\\/article\\\/derenin-dibindeki-bolludere\\\/\"},\"wordCount\":1069,\"publisher\":{\"@id\":\"https:\\\/\\\/www.meydan.tv\\\/az\\\/#organization\"},\"image\":{\"@id\":\"https:\\\/\\\/www.meydan.tv\\\/az\\\/article\\\/derenin-dibindeki-bolludere\\\/#primaryimage\"},\"thumbnailUrl\":\"https:\\\/\\\/www.meydan.tv\\\/wp-content\\\/uploads\\\/46614.jpg\",\"articleSection\":[\"B\u00f6lg\u0259\"],\"inLanguage\":\"az\"},{\"@type\":\"WebPage\",\"@id\":\"https:\\\/\\\/www.meydan.tv\\\/az\\\/article\\\/derenin-dibindeki-bolludere\\\/\",\"url\":\"https:\\\/\\\/www.meydan.tv\\\/az\\\/article\\\/derenin-dibindeki-bolludere\\\/\",\"name\":\"D\u0259r\u0259nin dibind\u0259ki Bollud\u0259r\u0259... - MEYDAN.TV\",\"isPartOf\":{\"@id\":\"https:\\\/\\\/www.meydan.tv\\\/az\\\/#website\"},\"primaryImageOfPage\":{\"@id\":\"https:\\\/\\\/www.meydan.tv\\\/az\\\/article\\\/derenin-dibindeki-bolludere\\\/#primaryimage\"},\"image\":{\"@id\":\"https:\\\/\\\/www.meydan.tv\\\/az\\\/article\\\/derenin-dibindeki-bolludere\\\/#primaryimage\"},\"thumbnailUrl\":\"https:\\\/\\\/www.meydan.tv\\\/wp-content\\\/uploads\\\/46614.jpg\",\"datePublished\":\"2019-01-31T19:36:33+00:00\",\"breadcrumb\":{\"@id\":\"https:\\\/\\\/www.meydan.tv\\\/az\\\/article\\\/derenin-dibindeki-bolludere\\\/#breadcrumb\"},\"inLanguage\":\"az\",\"potentialAction\":[{\"@type\":\"ReadAction\",\"target\":[\"https:\\\/\\\/www.meydan.tv\\\/az\\\/article\\\/derenin-dibindeki-bolludere\\\/\"]}]},{\"@type\":\"ImageObject\",\"inLanguage\":\"az\",\"@id\":\"https:\\\/\\\/www.meydan.tv\\\/az\\\/article\\\/derenin-dibindeki-bolludere\\\/#primaryimage\",\"url\":\"https:\\\/\\\/www.meydan.tv\\\/wp-content\\\/uploads\\\/46614.jpg\",\"contentUrl\":\"https:\\\/\\\/www.meydan.tv\\\/wp-content\\\/uploads\\\/46614.jpg\",\"width\":810,\"height\":450,\"caption\":\"Source:\"},{\"@type\":\"BreadcrumbList\",\"@id\":\"https:\\\/\\\/www.meydan.tv\\\/az\\\/article\\\/derenin-dibindeki-bolludere\\\/#breadcrumb\",\"itemListElement\":[{\"@type\":\"ListItem\",\"position\":1,\"name\":\"Ana s\u0259hif\u0259\",\"item\":\"https:\\\/\\\/www.meydan.tv\\\/az\\\/\"},{\"@type\":\"ListItem\",\"position\":2,\"name\":\"B\u00f6lg\u0259\",\"item\":\"https:\\\/\\\/www.meydan.tv\\\/az\\\/section\\\/bolge\\\/\"},{\"@type\":\"ListItem\",\"position\":3,\"name\":\"D\u0259r\u0259nin dibind\u0259ki Bollud\u0259r\u0259&#8230;\"}]},{\"@type\":\"WebSite\",\"@id\":\"https:\\\/\\\/www.meydan.tv\\\/az\\\/#website\",\"url\":\"https:\\\/\\\/www.meydan.tv\\\/az\\\/\",\"name\":\"MEYDAN.TV\",\"description\":\"Meydan TV Az\u0259rbaycan\u0131n media m\u0259kan\u0131ndak\u0131 alternativ s\u0259sidir\",\"publisher\":{\"@id\":\"https:\\\/\\\/www.meydan.tv\\\/az\\\/#organization\"},\"potentialAction\":[{\"@type\":\"SearchAction\",\"target\":{\"@type\":\"EntryPoint\",\"urlTemplate\":\"https:\\\/\\\/www.meydan.tv\\\/az\\\/?s={search_term_string}\"},\"query-input\":{\"@type\":\"PropertyValueSpecification\",\"valueRequired\":true,\"valueName\":\"search_term_string\"}}],\"inLanguage\":\"az\"},{\"@type\":\"Organization\",\"@id\":\"https:\\\/\\\/www.meydan.tv\\\/az\\\/#organization\",\"name\":\"Meydan TV\",\"url\":\"https:\\\/\\\/www.meydan.tv\\\/az\\\/\",\"logo\":{\"@type\":\"ImageObject\",\"inLanguage\":\"az\",\"@id\":\"https:\\\/\\\/www.meydan.tv\\\/az\\\/#\\\/schema\\\/logo\\\/image\\\/\",\"url\":\"https:\\\/\\\/www.meydan.tv\\\/wp-content\\\/uploads\\\/2021\\\/07\\\/meydan-logo.svg\",\"contentUrl\":\"https:\\\/\\\/www.meydan.tv\\\/wp-content\\\/uploads\\\/2021\\\/07\\\/meydan-logo.svg\",\"width\":195,\"height\":46,\"caption\":\"Meydan TV\"},\"image\":{\"@id\":\"https:\\\/\\\/www.meydan.tv\\\/az\\\/#\\\/schema\\\/logo\\\/image\\\/\"}},{\"@type\":\"Person\",\"@id\":\"https:\\\/\\\/www.meydan.tv\\\/az\\\/#\\\/schema\\\/person\\\/10d11eccf6da3662cf5fdab9806ea91a\",\"name\":\"user-manager\"}]}<\/script>\n<!-- \/ Yoast SEO plugin. -->","yoast_head_json":{"title":"D\u0259r\u0259nin dibind\u0259ki Bollud\u0259r\u0259... - MEYDAN.TV","robots":{"index":"index","follow":"follow","max-snippet":"max-snippet:-1","max-image-preview":"max-image-preview:large","max-video-preview":"max-video-preview:-1"},"canonical":"https:\/\/www.meydan.tv\/az\/article\/derenin-dibindeki-bolludere\/","og_locale":"az_AZ","og_type":"article","og_title":"D\u0259r\u0259nin dibind\u0259ki Bollud\u0259r\u0259... - MEYDAN.TV","og_description":"K\u0259nd sakinl\u0259ri deyir, bir t\u0259r\u0259fd\u0259n sel, bir t\u0259r\u0259fd\u0259n m\u0259mur bigan\u0259liyi onlara h\u0259yatlar\u0131n\u0131 qurma\u011fa imkan vermir","og_url":"https:\/\/www.meydan.tv\/az\/article\/derenin-dibindeki-bolludere\/","og_site_name":"MEYDAN.TV","article_published_time":"2019-01-31T19:36:33+00:00","og_image":[{"width":810,"height":450,"url":"https:\/\/www.meydan.tv\/wp-content\/uploads\/46614.jpg","type":"image\/jpeg"}],"author":"user-manager","twitter_card":"summary_large_image","schema":{"@context":"https:\/\/schema.org","@graph":[{"@type":"Article","@id":"https:\/\/www.meydan.tv\/az\/article\/derenin-dibindeki-bolludere\/#article","isPartOf":{"@id":"https:\/\/www.meydan.tv\/az\/article\/derenin-dibindeki-bolludere\/"},"author":{"name":"user-manager","@id":"https:\/\/www.meydan.tv\/az\/#\/schema\/person\/10d11eccf6da3662cf5fdab9806ea91a"},"headline":"D\u0259r\u0259nin dibind\u0259ki Bollud\u0259r\u0259&#8230;","datePublished":"2019-01-31T19:36:33+00:00","mainEntityOfPage":{"@id":"https:\/\/www.meydan.tv\/az\/article\/derenin-dibindeki-bolludere\/"},"wordCount":1069,"publisher":{"@id":"https:\/\/www.meydan.tv\/az\/#organization"},"image":{"@id":"https:\/\/www.meydan.tv\/az\/article\/derenin-dibindeki-bolludere\/#primaryimage"},"thumbnailUrl":"https:\/\/www.meydan.tv\/wp-content\/uploads\/46614.jpg","articleSection":["B\u00f6lg\u0259"],"inLanguage":"az"},{"@type":"WebPage","@id":"https:\/\/www.meydan.tv\/az\/article\/derenin-dibindeki-bolludere\/","url":"https:\/\/www.meydan.tv\/az\/article\/derenin-dibindeki-bolludere\/","name":"D\u0259r\u0259nin dibind\u0259ki Bollud\u0259r\u0259... - MEYDAN.TV","isPartOf":{"@id":"https:\/\/www.meydan.tv\/az\/#website"},"primaryImageOfPage":{"@id":"https:\/\/www.meydan.tv\/az\/article\/derenin-dibindeki-bolludere\/#primaryimage"},"image":{"@id":"https:\/\/www.meydan.tv\/az\/article\/derenin-dibindeki-bolludere\/#primaryimage"},"thumbnailUrl":"https:\/\/www.meydan.tv\/wp-content\/uploads\/46614.jpg","datePublished":"2019-01-31T19:36:33+00:00","breadcrumb":{"@id":"https:\/\/www.meydan.tv\/az\/article\/derenin-dibindeki-bolludere\/#breadcrumb"},"inLanguage":"az","potentialAction":[{"@type":"ReadAction","target":["https:\/\/www.meydan.tv\/az\/article\/derenin-dibindeki-bolludere\/"]}]},{"@type":"ImageObject","inLanguage":"az","@id":"https:\/\/www.meydan.tv\/az\/article\/derenin-dibindeki-bolludere\/#primaryimage","url":"https:\/\/www.meydan.tv\/wp-content\/uploads\/46614.jpg","contentUrl":"https:\/\/www.meydan.tv\/wp-content\/uploads\/46614.jpg","width":810,"height":450,"caption":"Source:"},{"@type":"BreadcrumbList","@id":"https:\/\/www.meydan.tv\/az\/article\/derenin-dibindeki-bolludere\/#breadcrumb","itemListElement":[{"@type":"ListItem","position":1,"name":"Ana s\u0259hif\u0259","item":"https:\/\/www.meydan.tv\/az\/"},{"@type":"ListItem","position":2,"name":"B\u00f6lg\u0259","item":"https:\/\/www.meydan.tv\/az\/section\/bolge\/"},{"@type":"ListItem","position":3,"name":"D\u0259r\u0259nin dibind\u0259ki Bollud\u0259r\u0259&#8230;"}]},{"@type":"WebSite","@id":"https:\/\/www.meydan.tv\/az\/#website","url":"https:\/\/www.meydan.tv\/az\/","name":"MEYDAN.TV","description":"Meydan TV Az\u0259rbaycan\u0131n media m\u0259kan\u0131ndak\u0131 alternativ s\u0259sidir","publisher":{"@id":"https:\/\/www.meydan.tv\/az\/#organization"},"potentialAction":[{"@type":"SearchAction","target":{"@type":"EntryPoint","urlTemplate":"https:\/\/www.meydan.tv\/az\/?s={search_term_string}"},"query-input":{"@type":"PropertyValueSpecification","valueRequired":true,"valueName":"search_term_string"}}],"inLanguage":"az"},{"@type":"Organization","@id":"https:\/\/www.meydan.tv\/az\/#organization","name":"Meydan TV","url":"https:\/\/www.meydan.tv\/az\/","logo":{"@type":"ImageObject","inLanguage":"az","@id":"https:\/\/www.meydan.tv\/az\/#\/schema\/logo\/image\/","url":"https:\/\/www.meydan.tv\/wp-content\/uploads\/2021\/07\/meydan-logo.svg","contentUrl":"https:\/\/www.meydan.tv\/wp-content\/uploads\/2021\/07\/meydan-logo.svg","width":195,"height":46,"caption":"Meydan TV"},"image":{"@id":"https:\/\/www.meydan.tv\/az\/#\/schema\/logo\/image\/"}},{"@type":"Person","@id":"https:\/\/www.meydan.tv\/az\/#\/schema\/person\/10d11eccf6da3662cf5fdab9806ea91a","name":"user-manager"}]}},"_links":{"self":[{"href":"https:\/\/www.meydan.tv\/az\/wp-json\/wp\/v2\/posts\/193769","targetHints":{"allow":["GET"]}}],"collection":[{"href":"https:\/\/www.meydan.tv\/az\/wp-json\/wp\/v2\/posts"}],"about":[{"href":"https:\/\/www.meydan.tv\/az\/wp-json\/wp\/v2\/types\/post"}],"author":[{"embeddable":true,"href":"https:\/\/www.meydan.tv\/az\/wp-json\/wp\/v2\/users\/11"}],"replies":[{"embeddable":true,"href":"https:\/\/www.meydan.tv\/az\/wp-json\/wp\/v2\/comments?post=193769"}],"version-history":[{"count":0,"href":"https:\/\/www.meydan.tv\/az\/wp-json\/wp\/v2\/posts\/193769\/revisions"}],"wp:featuredmedia":[{"embeddable":true,"href":"https:\/\/www.meydan.tv\/az\/wp-json\/wp\/v2\/media\/116951"}],"wp:attachment":[{"href":"https:\/\/www.meydan.tv\/az\/wp-json\/wp\/v2\/media?parent=193769"}],"wp:term":[{"taxonomy":"category","embeddable":true,"href":"https:\/\/www.meydan.tv\/az\/wp-json\/wp\/v2\/categories?post=193769"},{"taxonomy":"post_tag","embeddable":true,"href":"https:\/\/www.meydan.tv\/az\/wp-json\/wp\/v2\/tags?post=193769"}],"curies":[{"name":"wp","href":"https:\/\/api.w.org\/{rel}","templated":true}]}}