{"id":193766,"date":"2019-01-31T19:04:05","date_gmt":"2019-01-31T19:04:05","guid":{"rendered":"https:\/\/www.meydan.tv\/article\/icra-memuru-doydu-ozumu-yandirdim-hele-de-tedbir-gorulmur\/"},"modified":"2019-01-31T19:04:05","modified_gmt":"2019-01-31T19:04:05","slug":"icra-memuru-doydu-ozumu-yandirdim-hele-de-tedbir-gorulmur","status":"publish","type":"post","link":"https:\/\/www.meydan.tv\/az\/article\/icra-memuru-doydu-ozumu-yandirdim-hele-de-tedbir-gorulmur\/","title":{"rendered":"&#8221;\u0130cra m\u0259muru d\u00f6yd\u00fc, \u00f6z\u00fcm\u00fc yand\u0131rd\u0131m, h\u0259l\u0259 d\u0259 t\u0259dbir g\u00f6r\u00fclm\u00fcr&#8221;"},"content":{"rendered":"<figure class=\"wp-block-image size-large\">\n  <img decoding=\"async\" src=\"https:\/\/www.meydan.tv\/az\/azad-abdurrahmanov\/\" alt=\"Azad Abdurrahmanov\" class=\"wp-image-116984\"\/><figcaption>\n    Azad Abdurrahmanov<br \/>\n  <\/figcaption><\/figure>\n<figure class=\"wp-block-image size-large\">\n  <img decoding=\"async\" src=\"https:\/\/www.meydan.tv\/az\/azad-abdurrahmanov\/\" alt=\"Azad Abdurrahmanov\" class=\"wp-image-116984\"\/><figcaption>\n    Azad Abdurrahmanov<br \/>\n  <\/figcaption><\/figure>\n<p>\n  A\u011fda\u015f sakini 1 ild\u0259n \u00e7oxdur ki, icra m\u0259murunun c\u0259zaland\u0131r\u0131lmas\u0131n\u0131 t\u0259l\u0259b edir\n<\/p>\n<p>\n  \u201c\u0130lyar\u0131mdan \u00e7oxdur ki, m\u0259ni d\u00f6y\u0259n icra m\u0259murundan \u015fikay\u0259t etm\u0259diyim qurum qalmay\u0131b. Etiraz olaraq bir d\u0259f\u0259 anam \u00f6z\u00fcn\u00fc yand\u0131rmaq ist\u0259yib, qar\u015f\u0131s\u0131n\u0131 al\u0131blar. Bir d\u0259f\u0259 d\u0259 m\u0259n \u00f6z\u00fcm\u00fc yand\u0131rm\u0131\u015fam. Ancaq bir qurum maraqlanmay\u0131b, \u00e7a\u011f\u0131r\u0131b soru\u015fmay\u0131b, s\u0259nin d\u0259rdin n\u0259dir ki, can\u0131na q\u0259sd etmis\u0259n\u201d.\n<\/p>\n<p>\n  A\u011fda\u015f sakini Azad Abdurrahmanov Meydan TV-y\u0259 dan\u0131\u015f\u0131r ki, 2017-ci ilin oktyabr\u0131nda icra m\u0259murlar\u0131 onun ya\u015fad\u0131\u011f\u0131 \u00fcnvana g\u0259l\u0259r\u0259k bir m\u0259hk\u0259m\u0259 q\u0259rar\u0131n\u0131 icra etm\u0259y\u0259 c\u0259hd g\u00f6st\u0259ribl\u0259r. O v\u0259 anas\u0131 q\u0259rar\u0131n icra olunmas\u0131n\u0131 ist\u0259m\u0259yib. N\u0259tic\u0259d\u0259 m\u00fcbahis\u0259 yaran\u0131b. Azad Abdurrahmanovun dem\u0259sin\u0259 g\u00f6r\u0259, icra m\u0259muru onu d\u00f6y\u00fcb.\n<\/p>\n<blockquote><p>\n  M\u0259hk\u0259m\u0259 q\u0259rar\u0131n\u0131n icras\u0131na mane oldum\n<\/p><\/blockquote>\n<p>\n  \u201cHeyd\u0259r \u018fliyev prospekti 85 \u00fcnvan\u0131nda be\u015fm\u0259rt\u0259b\u0259li binada ya\u015fay\u0131r\u0131q. Binan\u0131n \u0259razisind\u0259 bir n\u0259f\u0259r qanunsuz ev tikib, \u00e7irkab sular\u0131 da h\u0259y\u0259timiz\u0259 ax\u0131d\u0131rd\u0131. M\u0259n d\u0259f\u0259l\u0259rl\u0259 aidiyy\u0259ti qurumlara yazm\u0131\u015fam ki, \u00e7irkab sular\u0131n ax\u0131d\u0131lmas\u0131 n\u0259tic\u0259sind\u0259 h\u0259y\u0259td\u0259ki meyv\u0259 a\u011faclar\u0131 quruyub, h\u0259y\u0259t\u0259 si\u00e7ovullar dara\u015f\u0131b, antisanitariya, \u00fcfun\u0259t ba\u015f al\u0131b gedir. N\u0259tic\u0259d\u0259 g\u0259ldil\u0259r ki, h\u0259min evin kanalizasiya x\u0259ttini bizim binan\u0131n x\u0259ttin\u0259 birl\u0259\u015fdirsinl\u0259r. Biz etiraz el\u0259dik, \u00e7\u00fcnki \u00f6z binam\u0131z\u0131n x\u0259tl\u0259ri zorla davam g\u0259tirir, \u00e7\u00fcr\u00fck-\u00e7\u00fcr\u00fckd\u00fcr. M\u0259s\u0259l\u0259 m\u0259hk\u0259m\u0259y\u0259d\u0259k gedib \u00e7\u0131xd\u0131. \u00d6t\u0259n ilin avqustunda m\u0259hk\u0259m\u0259 q\u0259rar \u00e7\u0131xar\u0131b ki, x\u0259tt birl\u0259\u015fdirilsin. Oktyabrda icra m\u0259murlar\u0131 g\u0259ldi, biz qar\u015f\u0131lar\u0131na \u00e7\u0131x\u0131b bildirdik ki, he\u00e7 bir s\u0259n\u0259di olmayan, qanunsuz tikili il\u0259 ba\u011fl\u0131 veril\u0259n m\u0259hk\u0259m\u0259 q\u0259rar\u0131 da saxtad\u0131r,\u201d \u2013 Azad Abdurrahmanov deyir .\n<\/p>\n<blockquote><p>\n  \u00d6z\u00fcm\u00fc yand\u0131rd\u0131m, polisl\u0259r x\u0259st\u0259xanaya apard\u0131lar\n<\/p><\/blockquote>\n<p>\n  Azad Abdurrahmanov deyir, icra m\u0259murlar\u0131na mane olma\u011fa \u00e7al\u0131\u015fanda icra m\u0259muru Sahib H\u00fcmm\u0259tov \u00fcst\u00fcn\u0259 cumub:\n<\/p>\n<p>\n  \u201cM\u0259ni t\u0259pikl\u0259, yumruqla vurdu, s\u00fcr\u00fcy\u00fcb binadan uzaqla\u015fd\u0131rd\u0131lar, apar\u0131b m\u0259ni ba\u015fqa yer\u0259 atd\u0131lar ki, mane olmay\u0131m. M\u0259n d\u0259 onlar\u0131n bu v\u0259h\u015filiyin\u0259 d\u00f6z\u0259 bilm\u0259dim, benzin ald\u0131m, getdim rayon polis \u015f\u00f6b\u0259si il\u0259 rayon prokurorlu\u011funun t\u0259n ortas\u0131nda \u00fcst\u00fcm\u0259 t\u00f6k\u00fcb kibriti \u00e7\u0259kdim, \u00f6z\u00fcm\u00fc yand\u0131rd\u0131m\u201d.\n<\/p>\n<figure class=\"wp-block-image size-large\">\n  <img decoding=\"async\" src=\"https:\/\/www.meydan.tv\/az\/116993\/\" alt=\"\" class=\"wp-image-116993\"\/><figcaption><\/figcaption><\/figure>\n<p>\n  Hadis\u0259ni g\u00f6r\u0259n polisl\u0259r onu x\u0259st\u0259xanaya g\u00f6t\u00fcr\u00fcbl\u0259r, bir m\u00fcdd\u0259t yan\u0131q x\u0259sar\u0259tl\u0259rind\u0259n m\u00fcalic\u0259 olunub. X\u0259st\u0259xanadan \u00e7\u0131xd\u0131qdan sonra icra m\u0259murunun h\u0259r\u0259k\u0259tl\u0259rind\u0259n rayon prokurorlu\u011funa \u015fikay\u0259t edib.\n<\/p>\n<p>\n  A\u011fda\u015f Rayon Prokurorlu\u011fundan Meydan TV-y\u0259 bildirilib ki, Azad Abdurrahmanovun icra m\u0259muru Sahib H\u00fcmm\u0259tov t\u0259r\u0259find\u0259n d\u00f6y\u00fclm\u0259si il\u0259 ba\u011fl\u0131 \u015fikay\u0259t \u0259riz\u0259si v\u0259 \u00f6z\u00fcn\u00fc yand\u0131rmas\u0131yla ba\u011fl\u0131 fakt ara\u015fd\u0131r\u0131l\u0131b. Sahib H\u00fcmm\u0259tovun h\u0259r\u0259k\u0259tl\u0259rind\u0259 cinay\u0259t t\u0259rkibi olmad\u0131\u011f\u0131ndan cinay\u0259t i\u015finin ba\u015flanmas\u0131 r\u0259dd edilib.\n<\/p>\n<p>\n  <b><br \/>\n    <i><br \/>\n      \u0130cra m\u0259muru: \u201c\u00dcst\u00fcm\u0259 h\u00fccum \u00e7\u0259kib, m\u0259ni vurmaq ist\u0259yib\u201d<br \/>\n    <\/i><br \/>\n  <\/b>\n<\/p>\n<p>\n  \u0130cra m\u0259muru Sahib H\u00fcmm\u0259tov izahat\u0131nda bildirib ki, onun icraat\u0131na verilmi\u015f icra q\u0259rar\u0131yla qeyd olunan \u00fcnvana yollan\u0131b. Onunla b\u0259rab\u0259r asayi\u015fi qorumaq \u00fc\u00e7\u00fcn yerli polis \u015f\u00f6b\u0259sinin \u0259m\u0259kda\u015f\u0131 da g\u0259lib. Azad Abdurrahmanov v\u0259 anas\u0131 q\u0259rar\u0131n icras\u0131na mane olanda onlara h\u00fcquqlar\u0131 izah olunub. Ancaq Azad Abdurrahmanov onlar\u0131n \u00fcnvan\u0131na s\u00f6y\u00fc\u015f ya\u011fd\u0131r\u0131b, h\u0259tta icra m\u0259murunu vurmaq da ist\u0259yib. Dig\u0259r v\u0259t\u0259nda\u015flar araya gir\u0259r\u0259k Azad Abdurrahmanovu \u0259razid\u0259n uzaqla\u015fd\u0131r\u0131blar.\n<\/p>\n<blockquote><p>\n  Bu d\u0259f\u0259 \u00f6z\u00fcm\u00fc Bak\u0131da yand\u0131racam\n<\/p><\/blockquote>\n<p>\n  Prokurorluq hadis\u0259 yerind\u0259 olan polis \u0259m\u0259kda\u015f\u0131 Rahib Abdullayev v\u0259 bir ne\u00e7\u0259 icra m\u0259muru da eyni m\u0259zmunlu izahatlar yaz\u0131blar. Azad Abdurrahmanovsa rayon prokurorlu\u011funun icra m\u0259murunu m\u00fcdafi\u0259 etdiyini idda edir:\n<\/p>\n<p>\n  \u201cBiri d\u00f6y\u00fcr, o biri \u00f6rt-basd\u0131r el\u0259yir. T\u0259bii ki, icra m\u0259muruyla g\u0259l\u0259n polis i\u015f\u00e7isi d\u0259, i\u015f yolda\u015flar\u0131 olan icra m\u0259murlar\u0131 da m\u0259n\u0259 t\u0259r\u0259f dan\u0131\u015fas\u0131 deyildil\u0259r. M\u0259n bu i\u015fin rayon prokurorlu\u011fundan al\u0131n\u0131b Ba\u015f Prokurorlu\u011fa verilm\u0259si \u00fc\u00e7\u00fcn d\u0259f\u0259l\u0259rl\u0259 Ba\u015f Prokurorlu\u011fa da yazm\u0131\u015fam. H\u0259r d\u0259f\u0259 d\u0259 cavab veribl\u0259r ki, m\u0259ktubun ara\u015fd\u0131r\u0131lmas\u0131 \u00fc\u00e7\u00fcn rayon prokurorlu\u011funa g\u00f6nd\u0259rildi. Halbuki, \u015fikay\u0259tim el\u0259 h\u0259min prokurorlu\u011fun yar\u0131tmaz i\u015find\u0259ndir, yaz\u0131ram ki, t\u0259dbir g\u00f6r\u00fcn, g\u00f6t\u00fcr\u00fcb yazd\u0131\u011f\u0131m\u0131 h\u0259min prokurorlu\u011fa g\u00f6nd\u0259rirl\u0259r\u201d.\n<\/p>\n<p>\n  Azad Abdurrahmanov deyir, \u015fikay\u0259tl\u0259rin\u0259 d\u00fczg\u00fcn bax\u0131lmasa, yen\u0259 \u00f6z\u00fcn\u0259q\u0259sd\u0259 \u0259l atacaq:\n<\/p>\n<p>\n  \u201c\u0130ndiy\u0259 kimi d\u0259 \u015fikay\u0259tl\u0259rim\u0259 bax\u0131lm\u0131r. H\u0259r \u015fey qar\u015f\u0131 t\u0259r\u0259fin bir z\u0259ngiyl\u0259 h\u0259ll olunur, \u015fikay\u0259t \u0259riz\u0259mi c\u0131r\u0131b zibil qutusuna at\u0131rlar. Bir d\u0259f\u0259 \u00f6z\u00fcm\u00fc yand\u0131rm\u0131\u015fam, ancaq bunlara o da kar el\u0259m\u0259di. Biri \u00e7a\u011f\u0131r\u0131b soru\u015fmad\u0131 ki, d\u0259rdin n\u0259di&#8230; M\u0259ni \u00f6z\u00fcm\u00fc yand\u0131rmaq h\u0259ddin\u0259 \u00e7atd\u0131ran adamlar g\u00f6z\u00fcm\u00fcn qar\u015f\u0131s\u0131nda y\u00fcz min manatl\u0131q ma\u015f\u0131nlarda o t\u0259r\u0259f, bu t\u0259r\u0259f\u0259 \u015f\u00fct\u00fcy\u00fcrl\u0259r, m\u0259n\u0259, ba\u015fqa v\u0259t\u0259nda\u015flara sanki ac\u0131q verirl\u0259r. \u00c7a\u011f\u0131r\u0131b soru\u015fan yoxdur ki, s\u0259n d\u00f6vl\u0259t qullu\u011funda \u00e7al\u0131\u015f\u0131rsan, quru maa\u015fa baxan adamsan, qiym\u0259ti y\u00fcz min manat\u0131 ke\u00e7\u0259n bu ma\u015f\u0131nlar\u0131 hans\u0131 pulla al\u0131rsan&#8230; M\u0259ni \u00f6z\u00fcm\u00fc yand\u0131rmaq h\u0259ddin\u0259 \u00e7atd\u0131ranlar c\u0259zaland\u0131r\u0131lmasa, bu d\u0259f\u0259 \u00f6z\u00fcm\u00fc Bak\u0131da, Prezident Administrasiyas\u0131n\u0131n qar\u015f\u0131s\u0131nda yand\u0131racam, b\u0259lk\u0259 o zaman diqq\u0259tl\u0259rini d\u0259rdimin \u00fcz\u0259rin\u0259 \u00e7\u0259k\u0259 bil\u0259r\u0259m. H\u0259r d\u0259f\u0259 Mehriban \u018fliyevaya, \u0130lham \u018fliyev\u0259 m\u0259ktub g\u00f6nd\u0259r\u0259nd\u0259 icra hakimiyy\u0259tind\u0259n qap\u0131ya g\u0259lirl\u0259r, \u00fcst\u00fcm\u0259 q\u0131\u015fq\u0131r\u0131rlar ki, n\u0259 var d\u0259qiq\u0259d\u0259 m\u0259ktubu qap\u0131b po\u00e7ta qa\u00e7\u0131rsan, ba\u015f\u0131m\u0131z\u0131 zibil\u0259 soxursan&#8230; Deyir\u0259m, b\u0259s onda dinl\u0259yin d\u0259 m\u0259ni, d\u0259rdim var ax\u0131\u201d.<\/p>\n","protected":false},"excerpt":{"rendered":"<p>A\u011fda\u015f sakini 1 ild\u0259n \u00e7oxdur ki, icra m\u0259murunun c\u0259zaland\u0131r\u0131lmas\u0131n\u0131 t\u0259l\u0259b edir<\/p>\n","protected":false},"author":11,"featured_media":116984,"comment_status":"closed","ping_status":"open","sticky":false,"template":"","format":"standard","meta":{"_acf_changed":false,"_sitemap_exclude":false,"_sitemap_priority":"","_sitemap_frequency":"","footnotes":""},"categories":[60],"tags":[],"class_list":["post-193766","post","type-post","status-publish","format-standard","has-post-thumbnail","hentry","category-bolge","infinite-scroll-item","generate-columns","tablet-grid-50","mobile-grid-100","grid-parent","grid-33","no-featured-image-padding"],"acf":[],"yoast_head":"<!-- This site is optimized with the Yoast SEO plugin v27.4 - https:\/\/yoast.com\/product\/yoast-seo-wordpress\/ -->\n<title>&#039;&#039;\u0130cra m\u0259muru d\u00f6yd\u00fc, \u00f6z\u00fcm\u00fc yand\u0131rd\u0131m, h\u0259l\u0259 d\u0259 t\u0259dbir g\u00f6r\u00fclm\u00fcr&#039;&#039; - MEYDAN.TV<\/title>\n<meta name=\"robots\" content=\"index, follow, max-snippet:-1, max-image-preview:large, max-video-preview:-1\" \/>\n<link rel=\"canonical\" href=\"https:\/\/www.meydan.tv\/az\/article\/icra-memuru-doydu-ozumu-yandirdim-hele-de-tedbir-gorulmur\/\" \/>\n<meta property=\"og:locale\" content=\"az_AZ\" \/>\n<meta property=\"og:type\" content=\"article\" \/>\n<meta property=\"og:title\" content=\"&#039;&#039;\u0130cra m\u0259muru d\u00f6yd\u00fc, \u00f6z\u00fcm\u00fc yand\u0131rd\u0131m, h\u0259l\u0259 d\u0259 t\u0259dbir g\u00f6r\u00fclm\u00fcr&#039;&#039; - MEYDAN.TV\" \/>\n<meta property=\"og:description\" content=\"A\u011fda\u015f sakini 1 ild\u0259n \u00e7oxdur ki, icra m\u0259murunun c\u0259zaland\u0131r\u0131lmas\u0131n\u0131 t\u0259l\u0259b edir\" \/>\n<meta property=\"og:url\" content=\"https:\/\/www.meydan.tv\/az\/article\/icra-memuru-doydu-ozumu-yandirdim-hele-de-tedbir-gorulmur\/\" \/>\n<meta property=\"og:site_name\" content=\"MEYDAN.TV\" \/>\n<meta property=\"article:published_time\" content=\"2019-01-31T19:04:05+00:00\" \/>\n<meta property=\"og:image\" content=\"https:\/\/www.meydan.tv\/wp-content\/uploads\/46631.jpg\" \/>\n\t<meta property=\"og:image:width\" content=\"480\" \/>\n\t<meta property=\"og:image:height\" content=\"480\" \/>\n\t<meta property=\"og:image:type\" content=\"image\/jpeg\" \/>\n<meta name=\"author\" content=\"user-manager\" \/>\n<meta name=\"twitter:card\" content=\"summary_large_image\" \/>\n<script type=\"application\/ld+json\" class=\"yoast-schema-graph\">{\"@context\":\"https:\\\/\\\/schema.org\",\"@graph\":[{\"@type\":\"Article\",\"@id\":\"https:\\\/\\\/www.meydan.tv\\\/az\\\/article\\\/icra-memuru-doydu-ozumu-yandirdim-hele-de-tedbir-gorulmur\\\/#article\",\"isPartOf\":{\"@id\":\"https:\\\/\\\/www.meydan.tv\\\/az\\\/article\\\/icra-memuru-doydu-ozumu-yandirdim-hele-de-tedbir-gorulmur\\\/\"},\"author\":{\"name\":\"user-manager\",\"@id\":\"https:\\\/\\\/www.meydan.tv\\\/az\\\/#\\\/schema\\\/person\\\/10d11eccf6da3662cf5fdab9806ea91a\"},\"headline\":\"&#8221;\u0130cra m\u0259muru d\u00f6yd\u00fc, \u00f6z\u00fcm\u00fc yand\u0131rd\u0131m, h\u0259l\u0259 d\u0259 t\u0259dbir g\u00f6r\u00fclm\u00fcr&#8221;\",\"datePublished\":\"2019-01-31T19:04:05+00:00\",\"mainEntityOfPage\":{\"@id\":\"https:\\\/\\\/www.meydan.tv\\\/az\\\/article\\\/icra-memuru-doydu-ozumu-yandirdim-hele-de-tedbir-gorulmur\\\/\"},\"wordCount\":1156,\"publisher\":{\"@id\":\"https:\\\/\\\/www.meydan.tv\\\/az\\\/#organization\"},\"image\":{\"@id\":\"https:\\\/\\\/www.meydan.tv\\\/az\\\/article\\\/icra-memuru-doydu-ozumu-yandirdim-hele-de-tedbir-gorulmur\\\/#primaryimage\"},\"thumbnailUrl\":\"https:\\\/\\\/www.meydan.tv\\\/wp-content\\\/uploads\\\/46631.jpg\",\"articleSection\":[\"B\u00f6lg\u0259\"],\"inLanguage\":\"az\"},{\"@type\":\"WebPage\",\"@id\":\"https:\\\/\\\/www.meydan.tv\\\/az\\\/article\\\/icra-memuru-doydu-ozumu-yandirdim-hele-de-tedbir-gorulmur\\\/\",\"url\":\"https:\\\/\\\/www.meydan.tv\\\/az\\\/article\\\/icra-memuru-doydu-ozumu-yandirdim-hele-de-tedbir-gorulmur\\\/\",\"name\":\"''\u0130cra m\u0259muru d\u00f6yd\u00fc, \u00f6z\u00fcm\u00fc yand\u0131rd\u0131m, h\u0259l\u0259 d\u0259 t\u0259dbir g\u00f6r\u00fclm\u00fcr'' - MEYDAN.TV\",\"isPartOf\":{\"@id\":\"https:\\\/\\\/www.meydan.tv\\\/az\\\/#website\"},\"primaryImageOfPage\":{\"@id\":\"https:\\\/\\\/www.meydan.tv\\\/az\\\/article\\\/icra-memuru-doydu-ozumu-yandirdim-hele-de-tedbir-gorulmur\\\/#primaryimage\"},\"image\":{\"@id\":\"https:\\\/\\\/www.meydan.tv\\\/az\\\/article\\\/icra-memuru-doydu-ozumu-yandirdim-hele-de-tedbir-gorulmur\\\/#primaryimage\"},\"thumbnailUrl\":\"https:\\\/\\\/www.meydan.tv\\\/wp-content\\\/uploads\\\/46631.jpg\",\"datePublished\":\"2019-01-31T19:04:05+00:00\",\"breadcrumb\":{\"@id\":\"https:\\\/\\\/www.meydan.tv\\\/az\\\/article\\\/icra-memuru-doydu-ozumu-yandirdim-hele-de-tedbir-gorulmur\\\/#breadcrumb\"},\"inLanguage\":\"az\",\"potentialAction\":[{\"@type\":\"ReadAction\",\"target\":[\"https:\\\/\\\/www.meydan.tv\\\/az\\\/article\\\/icra-memuru-doydu-ozumu-yandirdim-hele-de-tedbir-gorulmur\\\/\"]}]},{\"@type\":\"ImageObject\",\"inLanguage\":\"az\",\"@id\":\"https:\\\/\\\/www.meydan.tv\\\/az\\\/article\\\/icra-memuru-doydu-ozumu-yandirdim-hele-de-tedbir-gorulmur\\\/#primaryimage\",\"url\":\"https:\\\/\\\/www.meydan.tv\\\/wp-content\\\/uploads\\\/46631.jpg\",\"contentUrl\":\"https:\\\/\\\/www.meydan.tv\\\/wp-content\\\/uploads\\\/46631.jpg\",\"width\":480,\"height\":480,\"caption\":\"Source:\"},{\"@type\":\"BreadcrumbList\",\"@id\":\"https:\\\/\\\/www.meydan.tv\\\/az\\\/article\\\/icra-memuru-doydu-ozumu-yandirdim-hele-de-tedbir-gorulmur\\\/#breadcrumb\",\"itemListElement\":[{\"@type\":\"ListItem\",\"position\":1,\"name\":\"Ana s\u0259hif\u0259\",\"item\":\"https:\\\/\\\/www.meydan.tv\\\/az\\\/\"},{\"@type\":\"ListItem\",\"position\":2,\"name\":\"B\u00f6lg\u0259\",\"item\":\"https:\\\/\\\/www.meydan.tv\\\/az\\\/section\\\/bolge\\\/\"},{\"@type\":\"ListItem\",\"position\":3,\"name\":\"&#8221;\u0130cra m\u0259muru d\u00f6yd\u00fc, \u00f6z\u00fcm\u00fc yand\u0131rd\u0131m, h\u0259l\u0259 d\u0259 t\u0259dbir g\u00f6r\u00fclm\u00fcr&#8221;\"}]},{\"@type\":\"WebSite\",\"@id\":\"https:\\\/\\\/www.meydan.tv\\\/az\\\/#website\",\"url\":\"https:\\\/\\\/www.meydan.tv\\\/az\\\/\",\"name\":\"MEYDAN.TV\",\"description\":\"Meydan TV Az\u0259rbaycan\u0131n media m\u0259kan\u0131ndak\u0131 alternativ s\u0259sidir\",\"publisher\":{\"@id\":\"https:\\\/\\\/www.meydan.tv\\\/az\\\/#organization\"},\"potentialAction\":[{\"@type\":\"SearchAction\",\"target\":{\"@type\":\"EntryPoint\",\"urlTemplate\":\"https:\\\/\\\/www.meydan.tv\\\/az\\\/?s={search_term_string}\"},\"query-input\":{\"@type\":\"PropertyValueSpecification\",\"valueRequired\":true,\"valueName\":\"search_term_string\"}}],\"inLanguage\":\"az\"},{\"@type\":\"Organization\",\"@id\":\"https:\\\/\\\/www.meydan.tv\\\/az\\\/#organization\",\"name\":\"Meydan TV\",\"url\":\"https:\\\/\\\/www.meydan.tv\\\/az\\\/\",\"logo\":{\"@type\":\"ImageObject\",\"inLanguage\":\"az\",\"@id\":\"https:\\\/\\\/www.meydan.tv\\\/az\\\/#\\\/schema\\\/logo\\\/image\\\/\",\"url\":\"https:\\\/\\\/www.meydan.tv\\\/wp-content\\\/uploads\\\/2021\\\/07\\\/meydan-logo.svg\",\"contentUrl\":\"https:\\\/\\\/www.meydan.tv\\\/wp-content\\\/uploads\\\/2021\\\/07\\\/meydan-logo.svg\",\"width\":195,\"height\":46,\"caption\":\"Meydan TV\"},\"image\":{\"@id\":\"https:\\\/\\\/www.meydan.tv\\\/az\\\/#\\\/schema\\\/logo\\\/image\\\/\"}},{\"@type\":\"Person\",\"@id\":\"https:\\\/\\\/www.meydan.tv\\\/az\\\/#\\\/schema\\\/person\\\/10d11eccf6da3662cf5fdab9806ea91a\",\"name\":\"user-manager\"}]}<\/script>\n<!-- \/ Yoast SEO plugin. -->","yoast_head_json":{"title":"''\u0130cra m\u0259muru d\u00f6yd\u00fc, \u00f6z\u00fcm\u00fc yand\u0131rd\u0131m, h\u0259l\u0259 d\u0259 t\u0259dbir g\u00f6r\u00fclm\u00fcr'' - MEYDAN.TV","robots":{"index":"index","follow":"follow","max-snippet":"max-snippet:-1","max-image-preview":"max-image-preview:large","max-video-preview":"max-video-preview:-1"},"canonical":"https:\/\/www.meydan.tv\/az\/article\/icra-memuru-doydu-ozumu-yandirdim-hele-de-tedbir-gorulmur\/","og_locale":"az_AZ","og_type":"article","og_title":"''\u0130cra m\u0259muru d\u00f6yd\u00fc, \u00f6z\u00fcm\u00fc yand\u0131rd\u0131m, h\u0259l\u0259 d\u0259 t\u0259dbir g\u00f6r\u00fclm\u00fcr'' - MEYDAN.TV","og_description":"A\u011fda\u015f sakini 1 ild\u0259n \u00e7oxdur ki, icra m\u0259murunun c\u0259zaland\u0131r\u0131lmas\u0131n\u0131 t\u0259l\u0259b edir","og_url":"https:\/\/www.meydan.tv\/az\/article\/icra-memuru-doydu-ozumu-yandirdim-hele-de-tedbir-gorulmur\/","og_site_name":"MEYDAN.TV","article_published_time":"2019-01-31T19:04:05+00:00","og_image":[{"width":480,"height":480,"url":"https:\/\/www.meydan.tv\/wp-content\/uploads\/46631.jpg","type":"image\/jpeg"}],"author":"user-manager","twitter_card":"summary_large_image","schema":{"@context":"https:\/\/schema.org","@graph":[{"@type":"Article","@id":"https:\/\/www.meydan.tv\/az\/article\/icra-memuru-doydu-ozumu-yandirdim-hele-de-tedbir-gorulmur\/#article","isPartOf":{"@id":"https:\/\/www.meydan.tv\/az\/article\/icra-memuru-doydu-ozumu-yandirdim-hele-de-tedbir-gorulmur\/"},"author":{"name":"user-manager","@id":"https:\/\/www.meydan.tv\/az\/#\/schema\/person\/10d11eccf6da3662cf5fdab9806ea91a"},"headline":"&#8221;\u0130cra m\u0259muru d\u00f6yd\u00fc, \u00f6z\u00fcm\u00fc yand\u0131rd\u0131m, h\u0259l\u0259 d\u0259 t\u0259dbir g\u00f6r\u00fclm\u00fcr&#8221;","datePublished":"2019-01-31T19:04:05+00:00","mainEntityOfPage":{"@id":"https:\/\/www.meydan.tv\/az\/article\/icra-memuru-doydu-ozumu-yandirdim-hele-de-tedbir-gorulmur\/"},"wordCount":1156,"publisher":{"@id":"https:\/\/www.meydan.tv\/az\/#organization"},"image":{"@id":"https:\/\/www.meydan.tv\/az\/article\/icra-memuru-doydu-ozumu-yandirdim-hele-de-tedbir-gorulmur\/#primaryimage"},"thumbnailUrl":"https:\/\/www.meydan.tv\/wp-content\/uploads\/46631.jpg","articleSection":["B\u00f6lg\u0259"],"inLanguage":"az"},{"@type":"WebPage","@id":"https:\/\/www.meydan.tv\/az\/article\/icra-memuru-doydu-ozumu-yandirdim-hele-de-tedbir-gorulmur\/","url":"https:\/\/www.meydan.tv\/az\/article\/icra-memuru-doydu-ozumu-yandirdim-hele-de-tedbir-gorulmur\/","name":"''\u0130cra m\u0259muru d\u00f6yd\u00fc, \u00f6z\u00fcm\u00fc yand\u0131rd\u0131m, h\u0259l\u0259 d\u0259 t\u0259dbir g\u00f6r\u00fclm\u00fcr'' - MEYDAN.TV","isPartOf":{"@id":"https:\/\/www.meydan.tv\/az\/#website"},"primaryImageOfPage":{"@id":"https:\/\/www.meydan.tv\/az\/article\/icra-memuru-doydu-ozumu-yandirdim-hele-de-tedbir-gorulmur\/#primaryimage"},"image":{"@id":"https:\/\/www.meydan.tv\/az\/article\/icra-memuru-doydu-ozumu-yandirdim-hele-de-tedbir-gorulmur\/#primaryimage"},"thumbnailUrl":"https:\/\/www.meydan.tv\/wp-content\/uploads\/46631.jpg","datePublished":"2019-01-31T19:04:05+00:00","breadcrumb":{"@id":"https:\/\/www.meydan.tv\/az\/article\/icra-memuru-doydu-ozumu-yandirdim-hele-de-tedbir-gorulmur\/#breadcrumb"},"inLanguage":"az","potentialAction":[{"@type":"ReadAction","target":["https:\/\/www.meydan.tv\/az\/article\/icra-memuru-doydu-ozumu-yandirdim-hele-de-tedbir-gorulmur\/"]}]},{"@type":"ImageObject","inLanguage":"az","@id":"https:\/\/www.meydan.tv\/az\/article\/icra-memuru-doydu-ozumu-yandirdim-hele-de-tedbir-gorulmur\/#primaryimage","url":"https:\/\/www.meydan.tv\/wp-content\/uploads\/46631.jpg","contentUrl":"https:\/\/www.meydan.tv\/wp-content\/uploads\/46631.jpg","width":480,"height":480,"caption":"Source:"},{"@type":"BreadcrumbList","@id":"https:\/\/www.meydan.tv\/az\/article\/icra-memuru-doydu-ozumu-yandirdim-hele-de-tedbir-gorulmur\/#breadcrumb","itemListElement":[{"@type":"ListItem","position":1,"name":"Ana s\u0259hif\u0259","item":"https:\/\/www.meydan.tv\/az\/"},{"@type":"ListItem","position":2,"name":"B\u00f6lg\u0259","item":"https:\/\/www.meydan.tv\/az\/section\/bolge\/"},{"@type":"ListItem","position":3,"name":"&#8221;\u0130cra m\u0259muru d\u00f6yd\u00fc, \u00f6z\u00fcm\u00fc yand\u0131rd\u0131m, h\u0259l\u0259 d\u0259 t\u0259dbir g\u00f6r\u00fclm\u00fcr&#8221;"}]},{"@type":"WebSite","@id":"https:\/\/www.meydan.tv\/az\/#website","url":"https:\/\/www.meydan.tv\/az\/","name":"MEYDAN.TV","description":"Meydan TV Az\u0259rbaycan\u0131n media m\u0259kan\u0131ndak\u0131 alternativ s\u0259sidir","publisher":{"@id":"https:\/\/www.meydan.tv\/az\/#organization"},"potentialAction":[{"@type":"SearchAction","target":{"@type":"EntryPoint","urlTemplate":"https:\/\/www.meydan.tv\/az\/?s={search_term_string}"},"query-input":{"@type":"PropertyValueSpecification","valueRequired":true,"valueName":"search_term_string"}}],"inLanguage":"az"},{"@type":"Organization","@id":"https:\/\/www.meydan.tv\/az\/#organization","name":"Meydan TV","url":"https:\/\/www.meydan.tv\/az\/","logo":{"@type":"ImageObject","inLanguage":"az","@id":"https:\/\/www.meydan.tv\/az\/#\/schema\/logo\/image\/","url":"https:\/\/www.meydan.tv\/wp-content\/uploads\/2021\/07\/meydan-logo.svg","contentUrl":"https:\/\/www.meydan.tv\/wp-content\/uploads\/2021\/07\/meydan-logo.svg","width":195,"height":46,"caption":"Meydan TV"},"image":{"@id":"https:\/\/www.meydan.tv\/az\/#\/schema\/logo\/image\/"}},{"@type":"Person","@id":"https:\/\/www.meydan.tv\/az\/#\/schema\/person\/10d11eccf6da3662cf5fdab9806ea91a","name":"user-manager"}]}},"_links":{"self":[{"href":"https:\/\/www.meydan.tv\/az\/wp-json\/wp\/v2\/posts\/193766","targetHints":{"allow":["GET"]}}],"collection":[{"href":"https:\/\/www.meydan.tv\/az\/wp-json\/wp\/v2\/posts"}],"about":[{"href":"https:\/\/www.meydan.tv\/az\/wp-json\/wp\/v2\/types\/post"}],"author":[{"embeddable":true,"href":"https:\/\/www.meydan.tv\/az\/wp-json\/wp\/v2\/users\/11"}],"replies":[{"embeddable":true,"href":"https:\/\/www.meydan.tv\/az\/wp-json\/wp\/v2\/comments?post=193766"}],"version-history":[{"count":0,"href":"https:\/\/www.meydan.tv\/az\/wp-json\/wp\/v2\/posts\/193766\/revisions"}],"wp:featuredmedia":[{"embeddable":true,"href":"https:\/\/www.meydan.tv\/az\/wp-json\/wp\/v2\/media\/116984"}],"wp:attachment":[{"href":"https:\/\/www.meydan.tv\/az\/wp-json\/wp\/v2\/media?parent=193766"}],"wp:term":[{"taxonomy":"category","embeddable":true,"href":"https:\/\/www.meydan.tv\/az\/wp-json\/wp\/v2\/categories?post=193766"},{"taxonomy":"post_tag","embeddable":true,"href":"https:\/\/www.meydan.tv\/az\/wp-json\/wp\/v2\/tags?post=193766"}],"curies":[{"name":"wp","href":"https:\/\/api.w.org\/{rel}","templated":true}]}}