{"id":193765,"date":"2019-01-31T17:51:16","date_gmt":"2019-01-31T17:51:16","guid":{"rendered":"https:\/\/www.meydan.tv\/article\/lenkeranda-qanunsuzluga-etiraz-eden-muellime-cezalandirildigini-deyir\/"},"modified":"2019-01-31T17:51:16","modified_gmt":"2019-01-31T17:51:16","slug":"lenkeranda-qanunsuzluga-etiraz-eden-muellime-cezalandirildigini-deyir","status":"publish","type":"post","link":"https:\/\/www.meydan.tv\/az\/article\/lenkeranda-qanunsuzluga-etiraz-eden-muellime-cezalandirildigini-deyir\/","title":{"rendered":"L\u0259nk\u0259randa: Qanunsuzlu\u011fa etiraz ed\u0259n m\u00fc\u0259llim\u0259 c\u0259zaland\u0131r\u0131ld\u0131\u011f\u0131n\u0131 deyir"},"content":{"rendered":"<p>\n  <i><br \/>\n    &#8221;Ba\u011f\u00e7ada yeyinti oldu\u011funu, \u015forban\u0131n \u00fcz\u00fcnd\u0259 bit oldu\u011funu dediyim \u00fc\u00e7\u00fcn m\u0259ni i\u015fd\u0259n \u00e7\u0131xard\u0131lar&#8221;<br \/>\n  <\/i>\n<\/p>\n<p>\n  L\u0259nk\u0259ran \u015f\u0259h\u0259r 5 sayl\u0131 K\u00f6rp\u0259l\u0259r evi-u\u015faq ba\u011f\u00e7as\u0131nda t\u0259rbiy\u0259\u00e7i i\u015fl\u0259y\u0259n Nurid\u0259 Mirz\u0259yeva qanunsuzluqla \u00fczl\u0259\u015fdiyini deyir.\n<\/p>\n<p>\n  5 ildir t\u0259rbiy\u0259\u00e7i v\u0259zif\u0259sind\u0259 i\u015fl\u0259y\u0259n Nurid\u0259 xan\u0131m\u0131n s\u00f6zl\u0259rin\u0259 g\u00f6r\u0259, h\u0259min ba\u011f\u00e7an\u0131n m\u00fcdir\u0259si Ayb\u0259niz H\u00fcseynova v\u0259zif\u0259 s\u0259lahiyy\u0259tl\u0259rind\u0259n sui-istifad\u0259 edir:\n<\/p>\n<p>\n  \u201c\u0130\u015fl\u0259diyim ba\u011f\u00e7ada \u00fcmumilikd\u0259 150 u\u015faq t\u0259rbiy\u0259 edilir. M\u0259nim qrupumda is\u0259 25 u\u015faq var idi. D\u0259f\u0259l\u0259rl\u0259 m\u0259nim qrupumdak\u0131 u\u015faqlar\u0131n valideynl\u0259rind\u0259n \u015fikay\u0259tl\u0259r al\u0131rd\u0131m. Son bir ne\u00e7\u0259 ayda ba\u011f\u00e7ada m\u0259nims\u0259m\u0259 oldu\u011funu g\u00f6r\u00fcrd\u00fcm. U\u015faqlar\u0131n qidalanmas\u0131 \u00fc\u00e7\u00fcn d\u00f6vl\u0259t t\u0259r\u0259find\u0259n verilmi\u015f \u0259rzaqlar\u0131n \u201cyoxa \u00e7\u0131xd\u0131\u011f\u0131n\u0131\u201d g\u00f6r\u00fcb, m\u00fcdir\u0259 Ayb\u0259niz xan\u0131ma irad\u0131m\u0131 bildirdim. O da m\u0259n\u0259 \u201ckim\u0259 ist\u0259yirs\u0259n \u015fikay\u0259t el\u0259, m\u0259nim o\u011flum prokurorluqda i\u015fl\u0259yir,\u201d- dedi\u201d.\n<\/p>\n<blockquote><p>\n  U\u015fa\u011f\u0131 x\u0259st\u0259l\u0259n\u0259n valideyn m\u00fcdir\u0259d\u0259n yox, m\u00fc\u0259llim\u0259d\u0259n cavab g\u00f6zl\u0259yir\n<\/p><\/blockquote>\n<p>\n  Nurid\u0259 Mirz\u0259yeva \u0259lav\u0259 edir ki, m\u00fcdir\u0259 antisanitar \u015f\u0259kild\u0259 bi\u015firilmi\u015f yem\u0259kl\u0259r \u00fc\u00e7\u00fcn valideynl\u0259rd\u0259n ayl\u0131q 20 manat da pul al\u0131rm\u0131\u015f:\n<\/p>\n<p>\n  \u201cBa\u011f\u00e7ada veril\u0259n keyfiyy\u0259tsiz yem\u0259kl\u0259r\u0259, u\u015faqlar\u0131n yar\u0131ac qalmas\u0131na is\u0259 m\u0259nim he\u00e7 bir cavab\u0131m yox idi. A\u015fbaz da deyirdi ki, m\u0259n\u0259 veril\u0259n \u0259rzaqlarla ancaq bunlar\u0131 bi\u015fir\u0259 bilir\u0259m. Noyabr\u0131n 25-d\u0259 m\u00fcdir\u0259 il\u0259 m\u00fcbahis\u0259m is\u0259 art\u0131q v\u0259ziyy\u0259tin d\u00f6z\u00fclm\u0259zliyind\u0259n ir\u0259li g\u0259lirdi. H\u0259min g\u00fcn u\u015faqlara veril\u0259n \u015forban\u0131n \u00fcz\u00fcnd\u0259 h\u0259\u015f\u0259ratlar var idi. Bunu g\u00f6st\u0259r\u0259nd\u0259, dedil\u0259r: \u201cnan\u0259dir, bit deyil\u201d. Amma h\u0259min g\u00fcn\u00fc o yem\u0259kd\u0259 nan\u0259 olmad\u0131\u011f\u0131na \u0259min\u0259m. El\u0259 h\u0259min g\u00fcn L\u0259nk\u0259ran \u015e\u0259h\u0259r \u0130cra Hakimiyy\u0259tind\u0259n G\u00fcn\u0259\u015f Quluzad\u0259 bir ne\u00e7\u0259 ki\u015fi il\u0259 ba\u011f\u00e7aya g\u0259ldi. M\u0259n\u0259 dedil\u0259r: \u201cS\u0259n burada ara qar\u0131\u015fd\u0131rmaqla m\u0259\u015f\u011fulsan. Biz\u0259 \u015fikay\u0259t g\u0259lib ki, burada dava-dala\u015f olub\u201d. M\u0259n bel\u0259 bir \u015fey olmad\u0131\u011f\u0131n\u0131 dedim, dig\u0259r i\u015f\u00e7il\u0259r d\u0259 m\u0259nim dediyimi t\u0259sdiql\u0259dil\u0259r. Amma bununla bel\u0259, m\u0259nim haqq\u0131mda \u0259sass\u0131z ara\u015fd\u0131rmaya ba\u015flad\u0131lar. Dekabr\u0131n 5-d\u0259 is\u0259 icra hakimiyy\u0259ti i\u015fd\u0259n \u00e7\u0131xar\u0131lma\u011f\u0131mla ba\u011fl\u0131 \u0259mr verdi. \u0130\u015fd\u0259n \u00e7\u0131xar\u0131lma\u011f\u0131ma s\u0259b\u0259b Ayb\u0259niz H\u00fcseynovan\u0131n qanunsuzluqlar\u0131na g\u00f6z yummama\u011f\u0131m olub. Bu m\u0259s\u0259l\u0259nin yenid\u0259n ara\u015fd\u0131r\u0131lmas\u0131n\u0131 ist\u0259yir\u0259m\u201d.\n<\/p>\n<figure class=\"wp-block-image size-large\">\n  <img decoding=\"async\" src=\"https:\/\/www.meydan.tv\/az\/nuride-mirzeyeva\/\" alt=\"Nurid\u0259 Mirz\u0259yeva\" class=\"wp-image-116915\"\/><figcaption>\n    Nurid\u0259 Mirz\u0259yeva<br \/>\n  <\/figcaption><\/figure>\n<p>\n  Nurid\u0259 Mirz\u0259yeva m\u0259s\u0259l\u0259ni m\u0259hk\u0259m\u0259d\u0259 h\u0259ll olunmas\u0131n\u0131 ist\u0259yib. L\u0259nk\u0259ran Rayon M\u0259hk\u0259m\u0259si dekabr\u0131n 29-da haz\u0131rl\u0131q iclas\u0131 ke\u00e7irib. N\u00f6vb\u0259ti m\u0259hk\u0259m\u0259 prosesi fevral\u0131n 13-n\u0259 t\u0259yin olunub.\n<\/p>\n<blockquote><p>\n  Xo\u015funa g\u0259lmir u\u015fa\u011f\u0131n\u0131 g\u00f6t\u00fcr, get\n<\/p><\/blockquote>\n<p>\n  Meydan TV m\u0259s\u0259l\u0259ni ara\u015fd\u0131rma\u011fa \u00e7al\u0131\u015f\u0131b. \u00d6vlad\u0131 h\u0259min ba\u011f\u00e7aya ged\u0259n, ad\u0131n\u0131n a\u00e7\u0131qlanmas\u0131n\u0131 ist\u0259m\u0259y\u0259n valideynl\u0259rd\u0259n biri deyib ki, h\u0259qiq\u0259t\u0259n d\u0259 ayda 20 manat ba\u011f\u00e7apulu verir, amma u\u015faqlara veril\u0259n yem\u0259kd\u0259n raz\u0131 deyil. D\u0259f\u0259l\u0259rl\u0259 bu bar\u0259d\u0259 ba\u011f\u015fa m\u00fcdir\u0259sin\u0259 etiraz ets\u0259l\u0259r d\u0259, Ayb\u0259niz H\u00fcseynovadan \u201cxo\u015funa g\u0259lmir, u\u015fa\u011f\u0131n\u0131 da g\u00f6t\u00fcr, get\u201d cavab\u0131n\u0131 al\u0131b.\n<\/p>\n<blockquote><p>\n  \u0130\u015fd\u0259n \u00e7\u0131xar\u0131l\u0131b d\u0259, bunun n\u0259yini yazacaqs\u0131z?\n<\/p><\/blockquote>\n<p>\n  Ayb\u0259niz H\u00fcseynovadan m\u00fcnasib\u0259t \u00f6yr\u0259nm\u0259k m\u00fcmk\u00fcn olmay\u0131b. Meydan TV \u0259m\u0259kda\u015f\u0131n\u0131n \u00e7oxsayl\u0131 z\u0259ngl\u0259rin\u0259 baxmayaraq, Ayb\u0259niz H\u00fcseynova z\u0259ng ed\u0259nin jurnalist oldu\u011funu bil\u0259n kimi d\u0259st\u0259yi as\u0131b.\n<\/p>\n<p>\n  \u0130ctimai-siyasi v\u0259 humanitar m\u0259s\u0259l\u0259l\u0259r \u015f\u00f6b\u0259sinin ba\u015f m\u0259sl\u0259h\u0259t\u00e7isi G\u00fcn\u0259\u015f Quluzad\u0259 is\u0259 bu bar\u0259d\u0259 dan\u0131\u015fa bilm\u0259y\u0259c\u0259yini deyib:\n<\/p>\n<p>\n  \u201c\u00d6z\u00fcn\u00fcz d\u0259 savadl\u0131 adamlars\u0131z, bilirsiz ki, m\u0259n s\u0131radan bir m\u0259muram, r\u0259hb\u0259rim var. Onun icaz\u0259si olmadan m\u0259nim dan\u0131\u015fma\u011fa haqq\u0131m yoxdur\u201d.\n<\/p>\n<figure class=\"wp-block-image size-large\">\n  <img decoding=\"async\" src=\"https:\/\/www.meydan.tv\/az\/116927\/\" alt=\"\" class=\"wp-image-116927\"\/><figcaption><\/figcaption><\/figure>\n<p>\n  S\u00f6z\u00fcged\u0259n \u015f\u00f6b\u0259nin m\u00fcdiri Rasil\u0259 \u018fliyeva g\u00fcn \u0259rzind\u0259 telefona cavab verm\u0259yib. \u0130cra Hakimiyy\u0259tinin \u00f6z\u00fcn\u00fc t\u0259qdim etm\u0259y\u0259n \u0259m\u0259kda\u015f\u0131 onun i\u015fd\u0259 olmad\u0131\u011f\u0131n\u0131 deyib:\n<\/p>\n<p>\n  \u201cRasil\u0259 xan\u0131m i\u015fd\u0259 yoxdu, onun icaz\u0259si olmadan da dan\u0131\u015fan olmayacaq. Ayb\u0259niz xan\u0131m\u0131 tan\u0131y\u0131r\u0131q, amma m\u0259nim ixtiyar\u0131mda deyil bu haqda dan\u0131\u015fmaq. Siz d\u0259 onunla pisl\u0259\u015fib \u00f6z\u00fcn\u00fcz\u0259 problem yaratmay\u0131n\u201d.\n<\/p>\n<p>\n  \u0130cra hakimiyy\u0259ti ba\u015f\u00e7\u0131s\u0131n\u0131n k\u00f6m\u0259k\u00e7isi Elnur H\u00fcseynov is\u0259 Meydan TV-y\u0259 deyib ki, Nurid\u0259 Mirz\u0259yeva naraz\u0131d\u0131rsa, gedib \u018fm\u0259k M\u00fcf\u0259tti\u015fliyin\u0259 \u015fikay\u0259t el\u0259sin:\n<\/p>\n<p>\n  \u201c\u0130\u015fd\u0259n \u00e7\u0131xar\u0131l\u0131bsa, siz\u0259 niy\u0259 \u00fcz tutur? \u0130\u015fd\u0259n \u00e7\u0131xar\u0131l\u0131b d\u0259, bunun n\u0259yini yazacaqs\u0131z?\u201d\n<\/p>\n<blockquote><p>\n  \u0130ki ay \u0259vv\u0259ld\u0259n x\u0259b\u0259rdarl\u0131q edilm\u0259d\u0259n i\u015f\u00e7inin azad edilm\u0259si, h\u00fcquq pozuntusudur\n<\/p><\/blockquote>\n<p>\n  T\u0259hsil \u00fczr\u0259 ekspert Kamran \u018fs\u0259dov bu tip hallar\u0131n k\u00fctl\u0259vil\u0259\u015fm\u0259sinin s\u0259b\u0259bini icra hakimiyy\u0259tind\u0259 g\u00f6r\u00fcr. Ekspertin fikrinc\u0259, ad\u0131\u00e7\u0259kil\u0259n qurum i\u015f\u00e7ini i\u015f\u0259 g\u00f6t\u00fcrs\u0259 d\u0259, onu i\u015fd\u0259n azad etm\u0259 s\u0259lahiyy\u0259tin\u0259 malik deyil:\n<\/p>\n<p>\n  \u201c2011-ci ild\u0259n etibar\u0259n ba\u011f\u00e7alar T\u0259hsil Nazirliyind\u0259n al\u0131naraq yerli icra hakimiyy\u0259tl\u0259rinin balans\u0131na verildi. Bundan sonra ba\u011f\u00e7alar\u0131n xidm\u0259tinin keyfiyy\u0259tind\u0259 ciddi \u015f\u0259kild\u0259 enm\u0259l\u0259r m\u00fc\u015fahid\u0259 olundu. Y\u0259ni t\u0259kc\u0259 qida rasionu deyil, eyni zamanda t\u0259drisin s\u0259viyy\u0259si tamamil\u0259 a\u015fa\u011f\u0131 endi. 2011-ci ild\u0259n etibar\u0259n d\u00f6vl\u0259t ba\u011f\u00e7alar\u0131nda i\u015f\u0259 g\u00f6t\u00fcrm\u0259 funksiyas\u0131n\u0131 da icra hakimiyy\u0259tinin m\u00fcvafiq \u015f\u00f6b\u0259l\u0259ri h\u0259yata ke\u00e7irm\u0259y\u0259 ba\u015flad\u0131. Bundan sonra qanunvericiliyin t\u0259l\u0259bl\u0259rin\u0259 zidd olaraq \u201cM\u0259kt\u0259b\u0259q\u0259d\u0259r t\u0259hsil haqq\u0131nda\u201d\n<\/p>\n<figure class=\"wp-block-image size-large\">\n  <img decoding=\"async\" src=\"https:\/\/www.meydan.tv\/az\/116933\/\" alt=\"\" class=\"wp-image-116933\"\/><figcaption><\/figcaption><\/figure>\n<p>\n  Az\u0259rbaycan Respublikas\u0131n\u0131n Qanununda t\u0259l\u0259b olunan i\u015f\u0259 g\u00f6t\u00fcr\u00fcl\u0259n i\u015f\u00e7il\u0259rin ixtisasl\u0131 kadr olmas\u0131 t\u0259l\u0259bi ciddi \u015f\u0259kild\u0259 pozulma\u011fa ba\u015flad\u0131. Bel\u0259 ki, icra hakimiyy\u0259tl\u0259ri m\u00fcsabiq\u0259 v\u0259 m\u00fcsahib\u0259 ke\u00e7irm\u0259d\u0259n i\u015f\u00e7il\u0259ri i\u015f\u0259 g\u00f6t\u00fcrd\u00fcl\u0259r. \u018fm\u0259k M\u0259c\u0259ll\u0259sinin 64, 70, 72, v\u0259 74 madd\u0259l\u0259rind\u0259 i\u015fd\u0259n azadedilm\u0259nin qaydalar\u0131 g\u00f6st\u0259rilib. Y\u0259ni he\u00e7 bir halda icra hakimiyy\u0259ti birba\u015fa i\u015f\u00e7isini i\u015fd\u0259n azad etm\u0259k s\u0259lahiyy\u0259tin\u0259 malik deyil. Ona g\u00f6r\u0259 ki, d\u00f6vl\u0259t m\u00fc\u0259ssis\u0259l\u0259rind\u0259 \u00e7al\u0131\u015fan h\u0259r bir i\u015f\u00e7i H\u0259mkarlar T\u0259\u015fkilat\u0131n\u0131n \u00fczv\u00fcd\u00fcr v\u0259 onu i\u015fd\u0259n azad etm\u0259k \u00fc\u00e7\u00fcn ilk n\u00f6vb\u0259d\u0259 H\u0259mkarlar T\u0259\u015fkilat\u0131n\u0131n r\u0259yi al\u0131nmal\u0131d\u0131r. Bundan ba\u015fqa, i\u015f\u00e7ini i\u015fd\u0259n azad etm\u0259mi\u015fd\u0259n \u0259n az\u0131 2 ay \u0259vv\u0259l ona bu bar\u0259d\u0259 x\u0259b\u0259rdarl\u0131q edilm\u0259lidir. D\u00fczd\u00fcr, fors-major hallarda birba\u015fa \u0259m\u0259k m\u00fcqavil\u0259sin\u0259 xitam veril\u0259 bil\u0259r. Yen\u0259 d\u0259 bu, o dem\u0259k deyil ki, icra hakimiyy\u0259ti kimis\u0259 hans\u0131sa bir f\u0259aliyy\u0259tin\u0259 g\u00f6r\u0259 i\u015fd\u0259n azad ed\u0259 bil\u0259r. Bu yax\u015f\u0131 hal deyil\u201d.\n<\/p>\n<p>\n  Ekspert hesab edir ki, bu s\u0259lahiyy\u0259t yenid\u0259n T\u0259hsil Nazirliyinin t\u0259rkibin\u0259 veril\u0259rs\u0259, yaxud da ayr\u0131ca bir agentlik, qurum yarad\u0131larsa, bu kimi hallar\u0131n say\u0131 azalar:\n<\/p>\n<p>\n  \u201cH\u0259min z\u0259r\u0259r\u00e7\u0259kmi\u015f \u015f\u0259xs is\u0259 \u018fm\u0259k M\u00fcf\u0259tti\u015fliyin\u0259 m\u00fcraci\u0259t etm\u0259lidir. Bel\u0259 ki, onunla ba\u011flanm\u0131\u015f \u0259m\u0259k m\u00fcqavil\u0259sin\u0259 x\u0259b\u0259rdarl\u0131qs\u0131z xitam verilm\u0259si onun \u0259m\u0259k h\u00fcququnun tapdalanmas\u0131d\u0131r\u201d.\n<\/p>\n<figure class=\"wp-block-image size-large\">\n  <img decoding=\"async\" src=\"https:\/\/www.meydan.tv\/az\/116936\/\" alt=\"\" class=\"wp-image-116936\"\/><figcaption><\/figcaption><\/figure>\n<p>\n  Nurid\u0259 Mirz\u0259yevaya g\u00f6nd\u0259ril\u0259n bildiri\u015fd\u0259 qeyd olunan b\u0259nd\u0259 uy\u011fun olaraq, o, bundan sonra bu sah\u0259 \u00fczr\u0259 i\u015fl\u0259y\u0259 bilm\u0259z. Kamran \u018fs\u0259dov is\u0259 deyir ki, t\u0259rbiy\u0259\u00e7ini bu madd\u0259 il\u0259 i\u015fd\u0259n \u00e7\u0131xarmaq onun h\u00fcququnun birba\u015fa pozulmas\u0131 anlam\u0131na g\u0259lir:\n<\/p>\n<p>\n  70-ci madd\u0259nin \u00e7 b\u0259ndi il\u0259 i\u015fd\u0259n \u00e7\u0131xarma \u00fc\u00e7\u00fcn \u00e7ox ciddi s\u0259b\u0259b olmal\u0131d\u0131r. Bu madd\u0259 il\u0259 i\u015fd\u0259n \u00e7\u0131xarma o halda ba\u015f verir ki, i\u015f\u00e7i i\u00e7kili \u015f\u0259kild\u0259 m\u00fc\u0259ssis\u0259y\u0259 g\u0259lir, m\u00fc\u0259ssis\u0259nin \u0259mlak\u0131na ciddi z\u0259r\u0259r vurur, yaxud da m\u0259nims\u0259m\u0259 hallar olur. Bu is\u0259 indiki n\u00fcmun\u0259y\u0259 uy\u011fun g\u0259lmir. \u0130\u015f\u00e7ini s\u00f6z\u00fcged\u0259n madd\u0259nin \u00e7 b\u0259ndi il\u0259 i\u015fd\u0259n azad edirl\u0259r, amma bilmirl\u0259r ki, h\u0259min madd\u0259 il\u0259 i\u015f\u00e7i \u00e7\u0131xar\u0131l\u0131rsa, m\u00fc\u0259ssis\u0259nin m\u00fcdiri v\u0259 m\u00fcdir m\u00fcavini d\u0259 i\u015fd\u0259n azad edilm\u0259lidir. Bu \u015f\u0259xs yarars\u0131zd\u0131rsa, onu niy\u0259 i\u015f\u0259 g\u00f6t\u00fcr\u00fcb, i\u015fl\u0259tmisiniz? Pozuntu el\u0259 buradan ba\u015flay\u0131r. Bizd\u0259 b\u0259zil\u0259ri \u018fm\u0259k M\u0259c\u0259ll\u0259sinin t\u0259l\u0259bl\u0259rini bilm\u0259d\u0259n i\u015f\u00e7ini g\u00f6t\u00fcr\u00fcrl\u0259r, amma bunun \u00f6z\u00fc qanun pozuntusudur\u201d.<\/p>\n","protected":false},"excerpt":{"rendered":"<p>&#8221;Ba\u011f\u00e7ada yeyinti oldu\u011funu, \u015forban\u0131n \u00fcz\u00fcnd\u0259 bit oldu\u011funu dediyim \u00fc\u00e7\u00fcn m\u0259ni i\u015fd\u0259n \u00e7\u0131xard\u0131lar&#8221;<\/p>\n","protected":false},"author":11,"featured_media":116924,"comment_status":"closed","ping_status":"open","sticky":false,"template":"","format":"standard","meta":{"_acf_changed":false,"_sitemap_exclude":false,"_sitemap_priority":"","_sitemap_frequency":"","footnotes":""},"categories":[60],"tags":[],"class_list":["post-193765","post","type-post","status-publish","format-standard","has-post-thumbnail","hentry","category-bolge","infinite-scroll-item","generate-columns","tablet-grid-50","mobile-grid-100","grid-parent","grid-33","no-featured-image-padding"],"acf":[],"yoast_head":"<!-- This site is optimized with the Yoast SEO plugin v27.4 - https:\/\/yoast.com\/product\/yoast-seo-wordpress\/ -->\n<title>L\u0259nk\u0259randa: Qanunsuzlu\u011fa etiraz ed\u0259n m\u00fc\u0259llim\u0259 c\u0259zaland\u0131r\u0131ld\u0131\u011f\u0131n\u0131 deyir - MEYDAN.TV<\/title>\n<meta name=\"robots\" content=\"index, follow, max-snippet:-1, max-image-preview:large, max-video-preview:-1\" \/>\n<link rel=\"canonical\" href=\"https:\/\/www.meydan.tv\/az\/article\/lenkeranda-qanunsuzluga-etiraz-eden-muellime-cezalandirildigini-deyir\/\" \/>\n<meta property=\"og:locale\" content=\"az_AZ\" \/>\n<meta property=\"og:type\" content=\"article\" \/>\n<meta property=\"og:title\" content=\"L\u0259nk\u0259randa: Qanunsuzlu\u011fa etiraz ed\u0259n m\u00fc\u0259llim\u0259 c\u0259zaland\u0131r\u0131ld\u0131\u011f\u0131n\u0131 deyir - MEYDAN.TV\" \/>\n<meta property=\"og:description\" content=\"&#039;&#039;Ba\u011f\u00e7ada yeyinti oldu\u011funu, \u015forban\u0131n \u00fcz\u00fcnd\u0259 bit oldu\u011funu dediyim \u00fc\u00e7\u00fcn m\u0259ni i\u015fd\u0259n \u00e7\u0131xard\u0131lar&#039;&#039;\" \/>\n<meta property=\"og:url\" content=\"https:\/\/www.meydan.tv\/az\/article\/lenkeranda-qanunsuzluga-etiraz-eden-muellime-cezalandirildigini-deyir\/\" \/>\n<meta property=\"og:site_name\" content=\"MEYDAN.TV\" \/>\n<meta property=\"article:published_time\" content=\"2019-01-31T17:51:16+00:00\" \/>\n<meta property=\"og:image\" content=\"https:\/\/www.meydan.tv\/wp-content\/uploads\/46638.jpg\" \/>\n\t<meta property=\"og:image:width\" content=\"1280\" \/>\n\t<meta property=\"og:image:height\" content=\"847\" \/>\n\t<meta property=\"og:image:type\" content=\"image\/jpeg\" \/>\n<meta name=\"author\" content=\"user-manager\" \/>\n<meta name=\"twitter:card\" content=\"summary_large_image\" \/>\n<script type=\"application\/ld+json\" class=\"yoast-schema-graph\">{\"@context\":\"https:\\\/\\\/schema.org\",\"@graph\":[{\"@type\":\"Article\",\"@id\":\"https:\\\/\\\/www.meydan.tv\\\/az\\\/article\\\/lenkeranda-qanunsuzluga-etiraz-eden-muellime-cezalandirildigini-deyir\\\/#article\",\"isPartOf\":{\"@id\":\"https:\\\/\\\/www.meydan.tv\\\/az\\\/article\\\/lenkeranda-qanunsuzluga-etiraz-eden-muellime-cezalandirildigini-deyir\\\/\"},\"author\":{\"name\":\"user-manager\",\"@id\":\"https:\\\/\\\/www.meydan.tv\\\/az\\\/#\\\/schema\\\/person\\\/10d11eccf6da3662cf5fdab9806ea91a\"},\"headline\":\"L\u0259nk\u0259randa: Qanunsuzlu\u011fa etiraz ed\u0259n m\u00fc\u0259llim\u0259 c\u0259zaland\u0131r\u0131ld\u0131\u011f\u0131n\u0131 deyir\",\"datePublished\":\"2019-01-31T17:51:16+00:00\",\"mainEntityOfPage\":{\"@id\":\"https:\\\/\\\/www.meydan.tv\\\/az\\\/article\\\/lenkeranda-qanunsuzluga-etiraz-eden-muellime-cezalandirildigini-deyir\\\/\"},\"wordCount\":1598,\"publisher\":{\"@id\":\"https:\\\/\\\/www.meydan.tv\\\/az\\\/#organization\"},\"image\":{\"@id\":\"https:\\\/\\\/www.meydan.tv\\\/az\\\/article\\\/lenkeranda-qanunsuzluga-etiraz-eden-muellime-cezalandirildigini-deyir\\\/#primaryimage\"},\"thumbnailUrl\":\"https:\\\/\\\/www.meydan.tv\\\/wp-content\\\/uploads\\\/46638.jpg\",\"articleSection\":[\"B\u00f6lg\u0259\"],\"inLanguage\":\"az\"},{\"@type\":\"WebPage\",\"@id\":\"https:\\\/\\\/www.meydan.tv\\\/az\\\/article\\\/lenkeranda-qanunsuzluga-etiraz-eden-muellime-cezalandirildigini-deyir\\\/\",\"url\":\"https:\\\/\\\/www.meydan.tv\\\/az\\\/article\\\/lenkeranda-qanunsuzluga-etiraz-eden-muellime-cezalandirildigini-deyir\\\/\",\"name\":\"L\u0259nk\u0259randa: Qanunsuzlu\u011fa etiraz ed\u0259n m\u00fc\u0259llim\u0259 c\u0259zaland\u0131r\u0131ld\u0131\u011f\u0131n\u0131 deyir - MEYDAN.TV\",\"isPartOf\":{\"@id\":\"https:\\\/\\\/www.meydan.tv\\\/az\\\/#website\"},\"primaryImageOfPage\":{\"@id\":\"https:\\\/\\\/www.meydan.tv\\\/az\\\/article\\\/lenkeranda-qanunsuzluga-etiraz-eden-muellime-cezalandirildigini-deyir\\\/#primaryimage\"},\"image\":{\"@id\":\"https:\\\/\\\/www.meydan.tv\\\/az\\\/article\\\/lenkeranda-qanunsuzluga-etiraz-eden-muellime-cezalandirildigini-deyir\\\/#primaryimage\"},\"thumbnailUrl\":\"https:\\\/\\\/www.meydan.tv\\\/wp-content\\\/uploads\\\/46638.jpg\",\"datePublished\":\"2019-01-31T17:51:16+00:00\",\"breadcrumb\":{\"@id\":\"https:\\\/\\\/www.meydan.tv\\\/az\\\/article\\\/lenkeranda-qanunsuzluga-etiraz-eden-muellime-cezalandirildigini-deyir\\\/#breadcrumb\"},\"inLanguage\":\"az\",\"potentialAction\":[{\"@type\":\"ReadAction\",\"target\":[\"https:\\\/\\\/www.meydan.tv\\\/az\\\/article\\\/lenkeranda-qanunsuzluga-etiraz-eden-muellime-cezalandirildigini-deyir\\\/\"]}]},{\"@type\":\"ImageObject\",\"inLanguage\":\"az\",\"@id\":\"https:\\\/\\\/www.meydan.tv\\\/az\\\/article\\\/lenkeranda-qanunsuzluga-etiraz-eden-muellime-cezalandirildigini-deyir\\\/#primaryimage\",\"url\":\"https:\\\/\\\/www.meydan.tv\\\/wp-content\\\/uploads\\\/46638.jpg\",\"contentUrl\":\"https:\\\/\\\/www.meydan.tv\\\/wp-content\\\/uploads\\\/46638.jpg\",\"width\":1280,\"height\":847,\"caption\":\"Source:\"},{\"@type\":\"BreadcrumbList\",\"@id\":\"https:\\\/\\\/www.meydan.tv\\\/az\\\/article\\\/lenkeranda-qanunsuzluga-etiraz-eden-muellime-cezalandirildigini-deyir\\\/#breadcrumb\",\"itemListElement\":[{\"@type\":\"ListItem\",\"position\":1,\"name\":\"Ana s\u0259hif\u0259\",\"item\":\"https:\\\/\\\/www.meydan.tv\\\/az\\\/\"},{\"@type\":\"ListItem\",\"position\":2,\"name\":\"B\u00f6lg\u0259\",\"item\":\"https:\\\/\\\/www.meydan.tv\\\/az\\\/section\\\/bolge\\\/\"},{\"@type\":\"ListItem\",\"position\":3,\"name\":\"L\u0259nk\u0259randa: Qanunsuzlu\u011fa etiraz ed\u0259n m\u00fc\u0259llim\u0259 c\u0259zaland\u0131r\u0131ld\u0131\u011f\u0131n\u0131 deyir\"}]},{\"@type\":\"WebSite\",\"@id\":\"https:\\\/\\\/www.meydan.tv\\\/az\\\/#website\",\"url\":\"https:\\\/\\\/www.meydan.tv\\\/az\\\/\",\"name\":\"MEYDAN.TV\",\"description\":\"Meydan TV Az\u0259rbaycan\u0131n media m\u0259kan\u0131ndak\u0131 alternativ s\u0259sidir\",\"publisher\":{\"@id\":\"https:\\\/\\\/www.meydan.tv\\\/az\\\/#organization\"},\"potentialAction\":[{\"@type\":\"SearchAction\",\"target\":{\"@type\":\"EntryPoint\",\"urlTemplate\":\"https:\\\/\\\/www.meydan.tv\\\/az\\\/?s={search_term_string}\"},\"query-input\":{\"@type\":\"PropertyValueSpecification\",\"valueRequired\":true,\"valueName\":\"search_term_string\"}}],\"inLanguage\":\"az\"},{\"@type\":\"Organization\",\"@id\":\"https:\\\/\\\/www.meydan.tv\\\/az\\\/#organization\",\"name\":\"Meydan TV\",\"url\":\"https:\\\/\\\/www.meydan.tv\\\/az\\\/\",\"logo\":{\"@type\":\"ImageObject\",\"inLanguage\":\"az\",\"@id\":\"https:\\\/\\\/www.meydan.tv\\\/az\\\/#\\\/schema\\\/logo\\\/image\\\/\",\"url\":\"https:\\\/\\\/www.meydan.tv\\\/wp-content\\\/uploads\\\/2021\\\/07\\\/meydan-logo.svg\",\"contentUrl\":\"https:\\\/\\\/www.meydan.tv\\\/wp-content\\\/uploads\\\/2021\\\/07\\\/meydan-logo.svg\",\"width\":195,\"height\":46,\"caption\":\"Meydan TV\"},\"image\":{\"@id\":\"https:\\\/\\\/www.meydan.tv\\\/az\\\/#\\\/schema\\\/logo\\\/image\\\/\"}},{\"@type\":\"Person\",\"@id\":\"https:\\\/\\\/www.meydan.tv\\\/az\\\/#\\\/schema\\\/person\\\/10d11eccf6da3662cf5fdab9806ea91a\",\"name\":\"user-manager\"}]}<\/script>\n<!-- \/ Yoast SEO plugin. -->","yoast_head_json":{"title":"L\u0259nk\u0259randa: Qanunsuzlu\u011fa etiraz ed\u0259n m\u00fc\u0259llim\u0259 c\u0259zaland\u0131r\u0131ld\u0131\u011f\u0131n\u0131 deyir - MEYDAN.TV","robots":{"index":"index","follow":"follow","max-snippet":"max-snippet:-1","max-image-preview":"max-image-preview:large","max-video-preview":"max-video-preview:-1"},"canonical":"https:\/\/www.meydan.tv\/az\/article\/lenkeranda-qanunsuzluga-etiraz-eden-muellime-cezalandirildigini-deyir\/","og_locale":"az_AZ","og_type":"article","og_title":"L\u0259nk\u0259randa: Qanunsuzlu\u011fa etiraz ed\u0259n m\u00fc\u0259llim\u0259 c\u0259zaland\u0131r\u0131ld\u0131\u011f\u0131n\u0131 deyir - MEYDAN.TV","og_description":"''Ba\u011f\u00e7ada yeyinti oldu\u011funu, \u015forban\u0131n \u00fcz\u00fcnd\u0259 bit oldu\u011funu dediyim \u00fc\u00e7\u00fcn m\u0259ni i\u015fd\u0259n \u00e7\u0131xard\u0131lar''","og_url":"https:\/\/www.meydan.tv\/az\/article\/lenkeranda-qanunsuzluga-etiraz-eden-muellime-cezalandirildigini-deyir\/","og_site_name":"MEYDAN.TV","article_published_time":"2019-01-31T17:51:16+00:00","og_image":[{"width":1280,"height":847,"url":"https:\/\/www.meydan.tv\/wp-content\/uploads\/46638.jpg","type":"image\/jpeg"}],"author":"user-manager","twitter_card":"summary_large_image","schema":{"@context":"https:\/\/schema.org","@graph":[{"@type":"Article","@id":"https:\/\/www.meydan.tv\/az\/article\/lenkeranda-qanunsuzluga-etiraz-eden-muellime-cezalandirildigini-deyir\/#article","isPartOf":{"@id":"https:\/\/www.meydan.tv\/az\/article\/lenkeranda-qanunsuzluga-etiraz-eden-muellime-cezalandirildigini-deyir\/"},"author":{"name":"user-manager","@id":"https:\/\/www.meydan.tv\/az\/#\/schema\/person\/10d11eccf6da3662cf5fdab9806ea91a"},"headline":"L\u0259nk\u0259randa: Qanunsuzlu\u011fa etiraz ed\u0259n m\u00fc\u0259llim\u0259 c\u0259zaland\u0131r\u0131ld\u0131\u011f\u0131n\u0131 deyir","datePublished":"2019-01-31T17:51:16+00:00","mainEntityOfPage":{"@id":"https:\/\/www.meydan.tv\/az\/article\/lenkeranda-qanunsuzluga-etiraz-eden-muellime-cezalandirildigini-deyir\/"},"wordCount":1598,"publisher":{"@id":"https:\/\/www.meydan.tv\/az\/#organization"},"image":{"@id":"https:\/\/www.meydan.tv\/az\/article\/lenkeranda-qanunsuzluga-etiraz-eden-muellime-cezalandirildigini-deyir\/#primaryimage"},"thumbnailUrl":"https:\/\/www.meydan.tv\/wp-content\/uploads\/46638.jpg","articleSection":["B\u00f6lg\u0259"],"inLanguage":"az"},{"@type":"WebPage","@id":"https:\/\/www.meydan.tv\/az\/article\/lenkeranda-qanunsuzluga-etiraz-eden-muellime-cezalandirildigini-deyir\/","url":"https:\/\/www.meydan.tv\/az\/article\/lenkeranda-qanunsuzluga-etiraz-eden-muellime-cezalandirildigini-deyir\/","name":"L\u0259nk\u0259randa: Qanunsuzlu\u011fa etiraz ed\u0259n m\u00fc\u0259llim\u0259 c\u0259zaland\u0131r\u0131ld\u0131\u011f\u0131n\u0131 deyir - MEYDAN.TV","isPartOf":{"@id":"https:\/\/www.meydan.tv\/az\/#website"},"primaryImageOfPage":{"@id":"https:\/\/www.meydan.tv\/az\/article\/lenkeranda-qanunsuzluga-etiraz-eden-muellime-cezalandirildigini-deyir\/#primaryimage"},"image":{"@id":"https:\/\/www.meydan.tv\/az\/article\/lenkeranda-qanunsuzluga-etiraz-eden-muellime-cezalandirildigini-deyir\/#primaryimage"},"thumbnailUrl":"https:\/\/www.meydan.tv\/wp-content\/uploads\/46638.jpg","datePublished":"2019-01-31T17:51:16+00:00","breadcrumb":{"@id":"https:\/\/www.meydan.tv\/az\/article\/lenkeranda-qanunsuzluga-etiraz-eden-muellime-cezalandirildigini-deyir\/#breadcrumb"},"inLanguage":"az","potentialAction":[{"@type":"ReadAction","target":["https:\/\/www.meydan.tv\/az\/article\/lenkeranda-qanunsuzluga-etiraz-eden-muellime-cezalandirildigini-deyir\/"]}]},{"@type":"ImageObject","inLanguage":"az","@id":"https:\/\/www.meydan.tv\/az\/article\/lenkeranda-qanunsuzluga-etiraz-eden-muellime-cezalandirildigini-deyir\/#primaryimage","url":"https:\/\/www.meydan.tv\/wp-content\/uploads\/46638.jpg","contentUrl":"https:\/\/www.meydan.tv\/wp-content\/uploads\/46638.jpg","width":1280,"height":847,"caption":"Source:"},{"@type":"BreadcrumbList","@id":"https:\/\/www.meydan.tv\/az\/article\/lenkeranda-qanunsuzluga-etiraz-eden-muellime-cezalandirildigini-deyir\/#breadcrumb","itemListElement":[{"@type":"ListItem","position":1,"name":"Ana s\u0259hif\u0259","item":"https:\/\/www.meydan.tv\/az\/"},{"@type":"ListItem","position":2,"name":"B\u00f6lg\u0259","item":"https:\/\/www.meydan.tv\/az\/section\/bolge\/"},{"@type":"ListItem","position":3,"name":"L\u0259nk\u0259randa: Qanunsuzlu\u011fa etiraz ed\u0259n m\u00fc\u0259llim\u0259 c\u0259zaland\u0131r\u0131ld\u0131\u011f\u0131n\u0131 deyir"}]},{"@type":"WebSite","@id":"https:\/\/www.meydan.tv\/az\/#website","url":"https:\/\/www.meydan.tv\/az\/","name":"MEYDAN.TV","description":"Meydan TV Az\u0259rbaycan\u0131n media m\u0259kan\u0131ndak\u0131 alternativ s\u0259sidir","publisher":{"@id":"https:\/\/www.meydan.tv\/az\/#organization"},"potentialAction":[{"@type":"SearchAction","target":{"@type":"EntryPoint","urlTemplate":"https:\/\/www.meydan.tv\/az\/?s={search_term_string}"},"query-input":{"@type":"PropertyValueSpecification","valueRequired":true,"valueName":"search_term_string"}}],"inLanguage":"az"},{"@type":"Organization","@id":"https:\/\/www.meydan.tv\/az\/#organization","name":"Meydan TV","url":"https:\/\/www.meydan.tv\/az\/","logo":{"@type":"ImageObject","inLanguage":"az","@id":"https:\/\/www.meydan.tv\/az\/#\/schema\/logo\/image\/","url":"https:\/\/www.meydan.tv\/wp-content\/uploads\/2021\/07\/meydan-logo.svg","contentUrl":"https:\/\/www.meydan.tv\/wp-content\/uploads\/2021\/07\/meydan-logo.svg","width":195,"height":46,"caption":"Meydan TV"},"image":{"@id":"https:\/\/www.meydan.tv\/az\/#\/schema\/logo\/image\/"}},{"@type":"Person","@id":"https:\/\/www.meydan.tv\/az\/#\/schema\/person\/10d11eccf6da3662cf5fdab9806ea91a","name":"user-manager"}]}},"_links":{"self":[{"href":"https:\/\/www.meydan.tv\/az\/wp-json\/wp\/v2\/posts\/193765","targetHints":{"allow":["GET"]}}],"collection":[{"href":"https:\/\/www.meydan.tv\/az\/wp-json\/wp\/v2\/posts"}],"about":[{"href":"https:\/\/www.meydan.tv\/az\/wp-json\/wp\/v2\/types\/post"}],"author":[{"embeddable":true,"href":"https:\/\/www.meydan.tv\/az\/wp-json\/wp\/v2\/users\/11"}],"replies":[{"embeddable":true,"href":"https:\/\/www.meydan.tv\/az\/wp-json\/wp\/v2\/comments?post=193765"}],"version-history":[{"count":0,"href":"https:\/\/www.meydan.tv\/az\/wp-json\/wp\/v2\/posts\/193765\/revisions"}],"wp:featuredmedia":[{"embeddable":true,"href":"https:\/\/www.meydan.tv\/az\/wp-json\/wp\/v2\/media\/116924"}],"wp:attachment":[{"href":"https:\/\/www.meydan.tv\/az\/wp-json\/wp\/v2\/media?parent=193765"}],"wp:term":[{"taxonomy":"category","embeddable":true,"href":"https:\/\/www.meydan.tv\/az\/wp-json\/wp\/v2\/categories?post=193765"},{"taxonomy":"post_tag","embeddable":true,"href":"https:\/\/www.meydan.tv\/az\/wp-json\/wp\/v2\/tags?post=193765"}],"curies":[{"name":"wp","href":"https:\/\/api.w.org\/{rel}","templated":true}]}}