{"id":193750,"date":"2019-01-30T20:22:09","date_gmt":"2019-01-30T20:22:09","guid":{"rendered":"https:\/\/www.meydan.tv\/article\/sehid-ailelerine-verilen-teqaudun-meblegi-artirildi\/"},"modified":"2019-01-30T20:22:09","modified_gmt":"2019-01-30T20:22:09","slug":"sehid-ailelerine-verilen-teqaudun-meblegi-artirildi","status":"publish","type":"post","link":"https:\/\/www.meydan.tv\/az\/article\/sehid-ailelerine-verilen-teqaudun-meblegi-artirildi\/","title":{"rendered":"\u015e\u0259hid ail\u0259l\u0259rin\u0259 veril\u0259n t\u0259qa\u00fcd\u00fcn m\u0259bl\u0259\u011fi art\u0131r\u0131ld\u0131"},"content":{"rendered":"<figure class=\"wp-block-image size-large\">\n  <img decoding=\"async\" src=\"https:\/\/www.meydan.tv\/az\/ilham-eliyev-serencam-imzalayir-arxiv-foto\/\" alt=\"\u0130lham \u018fliyev s\u0259r\u0259ncam imzalay\u0131r (arxiv foto)\" class=\"wp-image-107643\"\/><figcaption>\n    \u0130lham \u018fliyev s\u0259r\u0259ncam imzalay\u0131r (arxiv foto)<br \/>\n  <\/figcaption><\/figure>\n<p>\n  <i><br \/>\n    Prezidentin f\u0259rman\u0131 fevral\u0131n 1-d\u0259n icra olunmal\u0131d\u0131r<br \/>\n  <\/i>\n<\/p>\n<p>\n  \u015e\u0259hid ail\u0259l\u0259ri \u00fc\u00e7\u00fcn n\u0259z\u0259rd\u0259 tutulan prezident t\u0259qa\u00fcd\u00fc art\u0131r\u0131l\u0131r. Yanvar\u0131n 30-da prezident \u0130lham \u018fliyev bununla ba\u011fl\u0131 f\u0259rman<br \/>\n  <a href=\"https:\/\/president.az\/articles\/31714\" target=\"_blank\" rel=\"noopener\"><br \/>\n    imzalay\u0131b.<br \/>\n  <\/a>\n<\/p>\n<p>\n  F\u0259rmanda deyilir ki, \u015f\u0259hid ail\u0259sinin sosial m\u00fcdafi\u0259sini g\u00fccl\u0259ndirm\u0259k v\u0259 onlara d\u00f6vl\u0259t qay\u011f\u0131s\u0131n\u0131 art\u0131rmaq m\u0259qs\u0259dil\u0259 Az\u0259rbaycan Respublikas\u0131 Prezidentinin t\u0259qa\u00fcd\u00fcn\u00fcn ayl\u0131q m\u0259bl\u0259\u011fi art\u0131r\u0131laraq 2019-cu il fevral\u0131n 1-d\u0259n 300 manat m\u00fc\u0259yy\u0259n edilib.\n<\/p>\n<p>\n  Nazirl\u0259r Kabinetin\u0259 bu f\u0259rmandan ir\u0259li g\u0259l\u0259n m\u0259s\u0259l\u0259l\u0259ri h\u0259ll etm\u0259k tap\u015f\u0131r\u0131l\u0131b.\n<\/p>\n<p>\n  Haz\u0131rda bu m\u0259bl\u0259\u011f 242 manatd\u0131r.\n<\/p>\n<p>\n  Yanvar\u0131n 28-d\u0259 prezident v\u0259 xan\u0131m\u0131 Mehriban \u018fliyeva \u015f\u0259hid ail\u0259l\u0259ri il\u0259<br \/>\n  <a href=\"\/az\/article\/prezident-ve-birinci-xanim-sehid-aileleri-ile-gorusubler-yenilenib\/\" target=\"_blank\" rel=\"noopener\"><br \/>\n    g\u00f6r\u00fc\u015f\u00fcb.<br \/>\n  <\/a>\n<\/p>\n<p>\n  G\u00f6r\u00fc\u015fd\u0259 \u015f\u0259hid ail\u0259l\u0259rin\u0259 bildirilib ki, h\u0259rbi qulluq\u00e7ular\u0131n v\u0259r\u0259s\u0259l\u0259rin\u0259 bird\u0259f\u0259lik \u00f6d\u0259m\u0259l\u0259rin verilm\u0259si m\u0259s\u0259l\u0259si il\u0259 ba\u011fl\u0131 probleml\u0259r h\u0259ll olunacaq.\n<\/p>\n<p>\n  Prezident \u0130lham \u018fliyev \u00f6t\u0259n ilin aprelin 19-da \u201cAz\u0259rbaycan Respublikas\u0131n\u0131n \u0259razi b\u00fct\u00f6vl\u00fcy\u00fc u\u011frunda h\u0259lak olmu\u015f, \u00f6lm\u00fc\u015f v\u0259 h\u0259rbi \u0259m\u0259liyyatlarla \u0259laq\u0259dar x\u0259b\u0259rsiz itkin d\u00fc\u015fd\u00fcy\u00fcn\u0259 g\u00f6r\u0259 \u00f6lm\u00fc\u015f elan edilmi\u015f h\u0259rbi qulluq\u00e7ular\u0131n ail\u0259 \u00fczvl\u0259rinin sosial m\u00fcdafi\u0259sinin yax\u015f\u0131la\u015fd\u0131r\u0131lmas\u0131 il\u0259 ba\u011fl\u0131 \u0259lav\u0259 t\u0259dbirl\u0259r haqq\u0131nda\u201d f\u0259rman imzalay\u0131b.\n<\/p>\n<p>\n  F\u0259rmana \u0259sas\u0259n \u015f\u0259hid h\u0259rbi qulluq\u00e7ular\u0131n v\u0259r\u0259s\u0259l\u0259rin\u0259 bird\u0259f\u0259lik \u00f6d\u0259m\u0259l\u0259rin (11 min manat) verilm\u0259si mexanizmini m\u00fc\u0259yy\u0259n ed\u0259n Qaydalar\u0131n layih\u0259si haz\u0131rlansa da, indiy\u0259 q\u0259d\u0259r bir \u00e7ox \u015f\u0259hid ail\u0259si m\u00fcavin\u0259tl\u0259rini ala bilm\u0259dikl\u0259rini deyirl\u0259r.\n<\/p>\n<p>\n  Buna etiraz ed\u0259n ail\u0259l\u0259r bir ne\u00e7\u0259 d\u0259f\u0259 aksiya ke\u00e7iribl\u0259r.<\/p>\n","protected":false},"excerpt":{"rendered":"<p>Prezidentin f\u0259rman\u0131 fevral\u0131n 1-d\u0259n icra olunmal\u0131d\u0131r<\/p>\n","protected":false},"author":11,"featured_media":107643,"comment_status":"closed","ping_status":"open","sticky":false,"template":"","format":"standard","meta":{"_acf_changed":false,"_sitemap_exclude":false,"_sitemap_priority":"","_sitemap_frequency":"","footnotes":""},"categories":[56],"tags":[],"class_list":["post-193750","post","type-post","status-publish","format-standard","has-post-thumbnail","hentry","category-xeberler","infinite-scroll-item","generate-columns","tablet-grid-50","mobile-grid-100","grid-parent","grid-33","no-featured-image-padding"],"acf":[],"yoast_head":"<!-- This site is optimized with the Yoast SEO plugin v27.4 - https:\/\/yoast.com\/product\/yoast-seo-wordpress\/ -->\n<title>\u015e\u0259hid ail\u0259l\u0259rin\u0259 veril\u0259n t\u0259qa\u00fcd\u00fcn m\u0259bl\u0259\u011fi art\u0131r\u0131ld\u0131 - MEYDAN.TV<\/title>\n<meta name=\"robots\" content=\"index, follow, max-snippet:-1, max-image-preview:large, max-video-preview:-1\" \/>\n<link rel=\"canonical\" href=\"https:\/\/www.meydan.tv\/az\/article\/sehid-ailelerine-verilen-teqaudun-meblegi-artirildi\/\" \/>\n<meta property=\"og:locale\" content=\"az_AZ\" \/>\n<meta property=\"og:type\" content=\"article\" \/>\n<meta property=\"og:title\" content=\"\u015e\u0259hid ail\u0259l\u0259rin\u0259 veril\u0259n t\u0259qa\u00fcd\u00fcn m\u0259bl\u0259\u011fi art\u0131r\u0131ld\u0131 - MEYDAN.TV\" \/>\n<meta property=\"og:description\" content=\"Prezidentin f\u0259rman\u0131 fevral\u0131n 1-d\u0259n icra olunmal\u0131d\u0131r\" \/>\n<meta property=\"og:url\" content=\"https:\/\/www.meydan.tv\/az\/article\/sehid-ailelerine-verilen-teqaudun-meblegi-artirildi\/\" \/>\n<meta property=\"og:site_name\" content=\"MEYDAN.TV\" \/>\n<meta property=\"article:published_time\" content=\"2019-01-30T20:22:09+00:00\" \/>\n<meta property=\"og:image\" content=\"https:\/\/www.meydan.tv\/wp-content\/uploads\/42749.jpg\" \/>\n\t<meta property=\"og:image:width\" content=\"1000\" \/>\n\t<meta property=\"og:image:height\" content=\"541\" \/>\n\t<meta property=\"og:image:type\" content=\"image\/jpeg\" \/>\n<meta name=\"author\" content=\"user-manager\" \/>\n<meta name=\"twitter:card\" content=\"summary_large_image\" \/>\n<script type=\"application\/ld+json\" class=\"yoast-schema-graph\">{\"@context\":\"https:\\\/\\\/schema.org\",\"@graph\":[{\"@type\":\"Article\",\"@id\":\"https:\\\/\\\/www.meydan.tv\\\/az\\\/article\\\/sehid-ailelerine-verilen-teqaudun-meblegi-artirildi\\\/#article\",\"isPartOf\":{\"@id\":\"https:\\\/\\\/www.meydan.tv\\\/az\\\/article\\\/sehid-ailelerine-verilen-teqaudun-meblegi-artirildi\\\/\"},\"author\":{\"name\":\"user-manager\",\"@id\":\"https:\\\/\\\/www.meydan.tv\\\/az\\\/#\\\/schema\\\/person\\\/10d11eccf6da3662cf5fdab9806ea91a\"},\"headline\":\"\u015e\u0259hid ail\u0259l\u0259rin\u0259 veril\u0259n t\u0259qa\u00fcd\u00fcn m\u0259bl\u0259\u011fi art\u0131r\u0131ld\u0131\",\"datePublished\":\"2019-01-30T20:22:09+00:00\",\"mainEntityOfPage\":{\"@id\":\"https:\\\/\\\/www.meydan.tv\\\/az\\\/article\\\/sehid-ailelerine-verilen-teqaudun-meblegi-artirildi\\\/\"},\"wordCount\":357,\"publisher\":{\"@id\":\"https:\\\/\\\/www.meydan.tv\\\/az\\\/#organization\"},\"image\":{\"@id\":\"https:\\\/\\\/www.meydan.tv\\\/az\\\/article\\\/sehid-ailelerine-verilen-teqaudun-meblegi-artirildi\\\/#primaryimage\"},\"thumbnailUrl\":\"https:\\\/\\\/www.meydan.tv\\\/wp-content\\\/uploads\\\/42749.jpg\",\"articleSection\":[\"X\u0259b\u0259rl\u0259r\"],\"inLanguage\":\"az\"},{\"@type\":\"WebPage\",\"@id\":\"https:\\\/\\\/www.meydan.tv\\\/az\\\/article\\\/sehid-ailelerine-verilen-teqaudun-meblegi-artirildi\\\/\",\"url\":\"https:\\\/\\\/www.meydan.tv\\\/az\\\/article\\\/sehid-ailelerine-verilen-teqaudun-meblegi-artirildi\\\/\",\"name\":\"\u015e\u0259hid ail\u0259l\u0259rin\u0259 veril\u0259n t\u0259qa\u00fcd\u00fcn m\u0259bl\u0259\u011fi art\u0131r\u0131ld\u0131 - MEYDAN.TV\",\"isPartOf\":{\"@id\":\"https:\\\/\\\/www.meydan.tv\\\/az\\\/#website\"},\"primaryImageOfPage\":{\"@id\":\"https:\\\/\\\/www.meydan.tv\\\/az\\\/article\\\/sehid-ailelerine-verilen-teqaudun-meblegi-artirildi\\\/#primaryimage\"},\"image\":{\"@id\":\"https:\\\/\\\/www.meydan.tv\\\/az\\\/article\\\/sehid-ailelerine-verilen-teqaudun-meblegi-artirildi\\\/#primaryimage\"},\"thumbnailUrl\":\"https:\\\/\\\/www.meydan.tv\\\/wp-content\\\/uploads\\\/42749.jpg\",\"datePublished\":\"2019-01-30T20:22:09+00:00\",\"breadcrumb\":{\"@id\":\"https:\\\/\\\/www.meydan.tv\\\/az\\\/article\\\/sehid-ailelerine-verilen-teqaudun-meblegi-artirildi\\\/#breadcrumb\"},\"inLanguage\":\"az\",\"potentialAction\":[{\"@type\":\"ReadAction\",\"target\":[\"https:\\\/\\\/www.meydan.tv\\\/az\\\/article\\\/sehid-ailelerine-verilen-teqaudun-meblegi-artirildi\\\/\"]}]},{\"@type\":\"ImageObject\",\"inLanguage\":\"az\",\"@id\":\"https:\\\/\\\/www.meydan.tv\\\/az\\\/article\\\/sehid-ailelerine-verilen-teqaudun-meblegi-artirildi\\\/#primaryimage\",\"url\":\"https:\\\/\\\/www.meydan.tv\\\/wp-content\\\/uploads\\\/42749.jpg\",\"contentUrl\":\"https:\\\/\\\/www.meydan.tv\\\/wp-content\\\/uploads\\\/42749.jpg\",\"width\":1000,\"height\":541,\"caption\":\"Foto: president.az\"},{\"@type\":\"BreadcrumbList\",\"@id\":\"https:\\\/\\\/www.meydan.tv\\\/az\\\/article\\\/sehid-ailelerine-verilen-teqaudun-meblegi-artirildi\\\/#breadcrumb\",\"itemListElement\":[{\"@type\":\"ListItem\",\"position\":1,\"name\":\"Ana s\u0259hif\u0259\",\"item\":\"https:\\\/\\\/www.meydan.tv\\\/az\\\/\"},{\"@type\":\"ListItem\",\"position\":2,\"name\":\"X\u0259b\u0259rl\u0259r\",\"item\":\"https:\\\/\\\/www.meydan.tv\\\/az\\\/section\\\/xeberler\\\/\"},{\"@type\":\"ListItem\",\"position\":3,\"name\":\"\u015e\u0259hid ail\u0259l\u0259rin\u0259 veril\u0259n t\u0259qa\u00fcd\u00fcn m\u0259bl\u0259\u011fi art\u0131r\u0131ld\u0131\"}]},{\"@type\":\"WebSite\",\"@id\":\"https:\\\/\\\/www.meydan.tv\\\/az\\\/#website\",\"url\":\"https:\\\/\\\/www.meydan.tv\\\/az\\\/\",\"name\":\"MEYDAN.TV\",\"description\":\"Meydan TV Az\u0259rbaycan\u0131n media m\u0259kan\u0131ndak\u0131 alternativ s\u0259sidir\",\"publisher\":{\"@id\":\"https:\\\/\\\/www.meydan.tv\\\/az\\\/#organization\"},\"potentialAction\":[{\"@type\":\"SearchAction\",\"target\":{\"@type\":\"EntryPoint\",\"urlTemplate\":\"https:\\\/\\\/www.meydan.tv\\\/az\\\/?s={search_term_string}\"},\"query-input\":{\"@type\":\"PropertyValueSpecification\",\"valueRequired\":true,\"valueName\":\"search_term_string\"}}],\"inLanguage\":\"az\"},{\"@type\":\"Organization\",\"@id\":\"https:\\\/\\\/www.meydan.tv\\\/az\\\/#organization\",\"name\":\"Meydan TV\",\"url\":\"https:\\\/\\\/www.meydan.tv\\\/az\\\/\",\"logo\":{\"@type\":\"ImageObject\",\"inLanguage\":\"az\",\"@id\":\"https:\\\/\\\/www.meydan.tv\\\/az\\\/#\\\/schema\\\/logo\\\/image\\\/\",\"url\":\"https:\\\/\\\/www.meydan.tv\\\/wp-content\\\/uploads\\\/2021\\\/07\\\/meydan-logo.svg\",\"contentUrl\":\"https:\\\/\\\/www.meydan.tv\\\/wp-content\\\/uploads\\\/2021\\\/07\\\/meydan-logo.svg\",\"width\":195,\"height\":46,\"caption\":\"Meydan TV\"},\"image\":{\"@id\":\"https:\\\/\\\/www.meydan.tv\\\/az\\\/#\\\/schema\\\/logo\\\/image\\\/\"}},{\"@type\":\"Person\",\"@id\":\"https:\\\/\\\/www.meydan.tv\\\/az\\\/#\\\/schema\\\/person\\\/10d11eccf6da3662cf5fdab9806ea91a\",\"name\":\"user-manager\"}]}<\/script>\n<!-- \/ Yoast SEO plugin. -->","yoast_head_json":{"title":"\u015e\u0259hid ail\u0259l\u0259rin\u0259 veril\u0259n t\u0259qa\u00fcd\u00fcn m\u0259bl\u0259\u011fi art\u0131r\u0131ld\u0131 - MEYDAN.TV","robots":{"index":"index","follow":"follow","max-snippet":"max-snippet:-1","max-image-preview":"max-image-preview:large","max-video-preview":"max-video-preview:-1"},"canonical":"https:\/\/www.meydan.tv\/az\/article\/sehid-ailelerine-verilen-teqaudun-meblegi-artirildi\/","og_locale":"az_AZ","og_type":"article","og_title":"\u015e\u0259hid ail\u0259l\u0259rin\u0259 veril\u0259n t\u0259qa\u00fcd\u00fcn m\u0259bl\u0259\u011fi art\u0131r\u0131ld\u0131 - MEYDAN.TV","og_description":"Prezidentin f\u0259rman\u0131 fevral\u0131n 1-d\u0259n icra olunmal\u0131d\u0131r","og_url":"https:\/\/www.meydan.tv\/az\/article\/sehid-ailelerine-verilen-teqaudun-meblegi-artirildi\/","og_site_name":"MEYDAN.TV","article_published_time":"2019-01-30T20:22:09+00:00","og_image":[{"width":1000,"height":541,"url":"https:\/\/www.meydan.tv\/wp-content\/uploads\/42749.jpg","type":"image\/jpeg"}],"author":"user-manager","twitter_card":"summary_large_image","schema":{"@context":"https:\/\/schema.org","@graph":[{"@type":"Article","@id":"https:\/\/www.meydan.tv\/az\/article\/sehid-ailelerine-verilen-teqaudun-meblegi-artirildi\/#article","isPartOf":{"@id":"https:\/\/www.meydan.tv\/az\/article\/sehid-ailelerine-verilen-teqaudun-meblegi-artirildi\/"},"author":{"name":"user-manager","@id":"https:\/\/www.meydan.tv\/az\/#\/schema\/person\/10d11eccf6da3662cf5fdab9806ea91a"},"headline":"\u015e\u0259hid ail\u0259l\u0259rin\u0259 veril\u0259n t\u0259qa\u00fcd\u00fcn m\u0259bl\u0259\u011fi art\u0131r\u0131ld\u0131","datePublished":"2019-01-30T20:22:09+00:00","mainEntityOfPage":{"@id":"https:\/\/www.meydan.tv\/az\/article\/sehid-ailelerine-verilen-teqaudun-meblegi-artirildi\/"},"wordCount":357,"publisher":{"@id":"https:\/\/www.meydan.tv\/az\/#organization"},"image":{"@id":"https:\/\/www.meydan.tv\/az\/article\/sehid-ailelerine-verilen-teqaudun-meblegi-artirildi\/#primaryimage"},"thumbnailUrl":"https:\/\/www.meydan.tv\/wp-content\/uploads\/42749.jpg","articleSection":["X\u0259b\u0259rl\u0259r"],"inLanguage":"az"},{"@type":"WebPage","@id":"https:\/\/www.meydan.tv\/az\/article\/sehid-ailelerine-verilen-teqaudun-meblegi-artirildi\/","url":"https:\/\/www.meydan.tv\/az\/article\/sehid-ailelerine-verilen-teqaudun-meblegi-artirildi\/","name":"\u015e\u0259hid ail\u0259l\u0259rin\u0259 veril\u0259n t\u0259qa\u00fcd\u00fcn m\u0259bl\u0259\u011fi art\u0131r\u0131ld\u0131 - MEYDAN.TV","isPartOf":{"@id":"https:\/\/www.meydan.tv\/az\/#website"},"primaryImageOfPage":{"@id":"https:\/\/www.meydan.tv\/az\/article\/sehid-ailelerine-verilen-teqaudun-meblegi-artirildi\/#primaryimage"},"image":{"@id":"https:\/\/www.meydan.tv\/az\/article\/sehid-ailelerine-verilen-teqaudun-meblegi-artirildi\/#primaryimage"},"thumbnailUrl":"https:\/\/www.meydan.tv\/wp-content\/uploads\/42749.jpg","datePublished":"2019-01-30T20:22:09+00:00","breadcrumb":{"@id":"https:\/\/www.meydan.tv\/az\/article\/sehid-ailelerine-verilen-teqaudun-meblegi-artirildi\/#breadcrumb"},"inLanguage":"az","potentialAction":[{"@type":"ReadAction","target":["https:\/\/www.meydan.tv\/az\/article\/sehid-ailelerine-verilen-teqaudun-meblegi-artirildi\/"]}]},{"@type":"ImageObject","inLanguage":"az","@id":"https:\/\/www.meydan.tv\/az\/article\/sehid-ailelerine-verilen-teqaudun-meblegi-artirildi\/#primaryimage","url":"https:\/\/www.meydan.tv\/wp-content\/uploads\/42749.jpg","contentUrl":"https:\/\/www.meydan.tv\/wp-content\/uploads\/42749.jpg","width":1000,"height":541,"caption":"Foto: president.az"},{"@type":"BreadcrumbList","@id":"https:\/\/www.meydan.tv\/az\/article\/sehid-ailelerine-verilen-teqaudun-meblegi-artirildi\/#breadcrumb","itemListElement":[{"@type":"ListItem","position":1,"name":"Ana s\u0259hif\u0259","item":"https:\/\/www.meydan.tv\/az\/"},{"@type":"ListItem","position":2,"name":"X\u0259b\u0259rl\u0259r","item":"https:\/\/www.meydan.tv\/az\/section\/xeberler\/"},{"@type":"ListItem","position":3,"name":"\u015e\u0259hid ail\u0259l\u0259rin\u0259 veril\u0259n t\u0259qa\u00fcd\u00fcn m\u0259bl\u0259\u011fi art\u0131r\u0131ld\u0131"}]},{"@type":"WebSite","@id":"https:\/\/www.meydan.tv\/az\/#website","url":"https:\/\/www.meydan.tv\/az\/","name":"MEYDAN.TV","description":"Meydan TV Az\u0259rbaycan\u0131n media m\u0259kan\u0131ndak\u0131 alternativ s\u0259sidir","publisher":{"@id":"https:\/\/www.meydan.tv\/az\/#organization"},"potentialAction":[{"@type":"SearchAction","target":{"@type":"EntryPoint","urlTemplate":"https:\/\/www.meydan.tv\/az\/?s={search_term_string}"},"query-input":{"@type":"PropertyValueSpecification","valueRequired":true,"valueName":"search_term_string"}}],"inLanguage":"az"},{"@type":"Organization","@id":"https:\/\/www.meydan.tv\/az\/#organization","name":"Meydan TV","url":"https:\/\/www.meydan.tv\/az\/","logo":{"@type":"ImageObject","inLanguage":"az","@id":"https:\/\/www.meydan.tv\/az\/#\/schema\/logo\/image\/","url":"https:\/\/www.meydan.tv\/wp-content\/uploads\/2021\/07\/meydan-logo.svg","contentUrl":"https:\/\/www.meydan.tv\/wp-content\/uploads\/2021\/07\/meydan-logo.svg","width":195,"height":46,"caption":"Meydan TV"},"image":{"@id":"https:\/\/www.meydan.tv\/az\/#\/schema\/logo\/image\/"}},{"@type":"Person","@id":"https:\/\/www.meydan.tv\/az\/#\/schema\/person\/10d11eccf6da3662cf5fdab9806ea91a","name":"user-manager"}]}},"_links":{"self":[{"href":"https:\/\/www.meydan.tv\/az\/wp-json\/wp\/v2\/posts\/193750","targetHints":{"allow":["GET"]}}],"collection":[{"href":"https:\/\/www.meydan.tv\/az\/wp-json\/wp\/v2\/posts"}],"about":[{"href":"https:\/\/www.meydan.tv\/az\/wp-json\/wp\/v2\/types\/post"}],"author":[{"embeddable":true,"href":"https:\/\/www.meydan.tv\/az\/wp-json\/wp\/v2\/users\/11"}],"replies":[{"embeddable":true,"href":"https:\/\/www.meydan.tv\/az\/wp-json\/wp\/v2\/comments?post=193750"}],"version-history":[{"count":0,"href":"https:\/\/www.meydan.tv\/az\/wp-json\/wp\/v2\/posts\/193750\/revisions"}],"wp:featuredmedia":[{"embeddable":true,"href":"https:\/\/www.meydan.tv\/az\/wp-json\/wp\/v2\/media\/107643"}],"wp:attachment":[{"href":"https:\/\/www.meydan.tv\/az\/wp-json\/wp\/v2\/media?parent=193750"}],"wp:term":[{"taxonomy":"category","embeddable":true,"href":"https:\/\/www.meydan.tv\/az\/wp-json\/wp\/v2\/categories?post=193750"},{"taxonomy":"post_tag","embeddable":true,"href":"https:\/\/www.meydan.tv\/az\/wp-json\/wp\/v2\/tags?post=193750"}],"curies":[{"name":"wp","href":"https:\/\/api.w.org\/{rel}","templated":true}]}}