{"id":193743,"date":"2019-01-30T16:23:58","date_gmt":"2019-01-30T16:23:58","guid":{"rendered":"https:\/\/www.meydan.tv\/article\/redaktordan-sikayet-eden-qadinlar-hansi-meqaleden-tesirlendiklerini-deye-bilmeyibler\/"},"modified":"2019-01-30T16:23:58","modified_gmt":"2019-01-30T16:23:58","slug":"redaktordan-sikayet-eden-qadinlar-hansi-meqaleden-tesirlendiklerini-deye-bilmeyibler","status":"publish","type":"post","link":"https:\/\/www.meydan.tv\/az\/article\/redaktordan-sikayet-eden-qadinlar-hansi-meqaleden-tesirlendiklerini-deye-bilmeyibler\/","title":{"rendered":"Redaktordan \u015fikay\u0259t ed\u0259n qad\u0131nlar hans\u0131 m\u0259qal\u0259d\u0259n t\u0259sirl\u0259ndikl\u0259rini dey\u0259 bilm\u0259yibl\u0259r"},"content":{"rendered":"<figure class=\"wp-block-image size-large\">\n  <img decoding=\"async\" src=\"https:\/\/www.meydan.tv\/az\/anar-memmedov-4\/\" alt=\"Anar M\u0259mm\u0259dov\" class=\"wp-image-115770\"\/><figcaption>\n    Anar M\u0259mm\u0259dov<br \/>\n  <\/figcaption><\/figure>\n<p>\n  <i><br \/>\n    Anar M\u0259mm\u0259dovun m\u0259hk\u0259m\u0259sind\u0259 \u015fikay\u0259t\u00e7il\u0259r bloger Orduxan B\u0259birovdan dan\u0131\u015f\u0131blar<br \/>\n  <\/i>\n<\/p>\n<p>\n  Bak\u0131 \u015e\u0259h\u0259r Prokurorlu\u011funda \u201ccriminalaz.com\u201d sayt\u0131n\u0131n t\u0259sis\u00e7isi v\u0259 ba\u015f redaktoru Anar M\u0259mm\u0259dovun \u0259leyhin\u0259 ifad\u0259 ver\u0259r\u0259k, saytda G\u0259nc\u0259 hadis\u0259l\u0259ri haqq\u0131nda yaz\u0131lardan qorxub, narahatl\u0131q ke\u00e7irdiyini iddia ed\u0259n ana-bala \u2013 M\u0259lah\u0259t M\u0259mm\u0259dova v\u0259 Samir\u0259 Can\u0131yeva Bak\u0131 A\u011f\u0131r Cinay\u0259tl\u0259r M\u0259hk\u0259m\u0259sind\u0259 dindirilib. Onlar m\u0259hk\u0259m\u0259d\u0259 suallar\u0131 cavabland\u0131rark\u0259n n\u0259 \u015fikay\u0259t\u00e7i olduqlar\u0131 sayt\u0131n ad\u0131n\u0131 d\u00fcz dey\u0259 bilibl\u0259r, n\u0259 d\u0259 qorxuya d\u00fc\u015fd\u00fckl\u0259ri yaz\u0131lar\u0131n n\u0259d\u0259n ibar\u0259t olduqlar\u0131n\u0131 a\u00e7\u0131qlay\u0131blar.\n<\/p>\n<p>\n  Hakim Eldar Mikay\u0131lovun s\u0259drliyil\u0259 ke\u00e7iril\u0259n m\u0259hk\u0259m\u0259d\u0259 \u0259vv\u0259lc\u0259 M\u0259lah\u0259t M\u0259mm\u0259dova \u015fahid qismind\u0259 ifad\u0259 verib. O bildirib ki, Anar M\u0259mm\u0259dovu tan\u0131may\u0131b, m\u0259hk\u0259m\u0259d\u0259 ilk d\u0259f\u0259 g\u00f6r\u00fcr. X\u0259z\u0259r rayonu, M\u0259rd\u0259kan q\u0259s\u0259b\u0259si 11 \u00fcnvan\u0131nda ya\u015fad\u0131\u011f\u0131n\u0131, \u201c\u015e\u00fcv\u0259lan\u201d ASC-d\u0259 kadrlar \u015f\u00f6b\u0259sinin m\u00fcdiri i\u015fl\u0259diyini s\u00f6yl\u0259y\u0259n M.M\u0259mm\u0259dova hakimin \u201csiz\u0259 n\u0259 m\u0259lumdursa, dan\u0131\u015f\u0131n\u201d dem\u0259sind\u0259n sonra ifad\u0259 verib:\n<\/p>\n<p>\n  \u201cAx\u015famlar \u201ccriminalaz.com\u201da girir\u0259m, bax\u0131m g\u00f6r\u00fcm n\u0259 var, n\u0259 yoxdu. M\u0259n s\u00f6z\u00fcn a\u00e7\u0131\u011f\u0131, qorxuram. Ay m\u00fcharib\u0259l\u0259r olacaq, ay al\u0259m qar\u0131\u015far bir-birin\u0259&#8230; Onsuz da o q\u0259d\u0259r \u015f\u0259hid vermi\u015fik. T\u0259k q\u0131z\u0131m var, iki n\u0259v\u0259m var. \u0130st\u0259mir\u0259m, u\u015faqlar\u0131n ba\u015f\u0131 bel\u0259 \u015feyl\u0259rl\u0259 dolsun. Xahi\u015f etmi\u015f\u0259m ki, bu kanal y\u0131\u011f\u0131\u015fd\u0131r\u0131ls\u0131n, ba\u015fqa he\u00e7 n\u0259. S\u00f6z\u00fcm budur&#8230; Qorxuram da. S\u00f6z\u00fcn a\u00e7\u0131\u011f\u0131, ya\u015fl\u0131 qad\u0131nam, \u00fcr\u0259yim x\u0259st\u0259dir, \u0130rana m\u00fcalic\u0259y\u0259 gedir\u0259m. Bel\u0259 \u015feyl\u0259rd\u0259n qorxuram. Buna g\u00f6r\u0259 g\u0259lib \u015fikay\u0259t etmi\u015f\u0259m ki, bu kanal ba\u011flans\u0131n, ya da bu kanal\u0131n b\u00f6y\u00fcy\u00fc varsa&#8230; A\u00e7\u0131rsan, bir yax\u015f\u0131 \u015fey g\u00f6r\u0259 bilmirs\u0259n\u201d.\n<\/p>\n<p>\n  \u015eahid M.M\u0259mm\u0259dova m\u0259hk\u0259m\u0259d\u0259 sosial \u015f\u0259b\u0259k\u0259l\u0259rd\u0259 f\u0259al olan bloqer Orduxan B\u0259birov haqq\u0131nda dan\u0131\u015f\u0131b, lakin onun bu i\u015f\u0259 hans\u0131 aidiyy\u0259ti oldu\u011funun izahat\u0131n\u0131 verm\u0259yib:\n<\/p>\n<p>\n  \u201cCavan o\u011fland\u0131, sa\u00e7\u0131n\u0131 arxadan ba\u011flay\u0131b g\u0259zir \u015f\u0259h\u0259rd\u0259. M\u0259n filan \u015f\u0259h\u0259rd\u0259y\u0259m, ay camaat, oyan\u0131n, mitinq ed\u0259k. M\u0259n adi v\u0259t\u0259nda\u015fam. Girib bu \u015feyl\u0259ri g\u00f6r\u00fcrs\u0259n, adam ist\u0259r-ist\u0259m\u0259z pis olur. Birin\u0259 bax\u0131rsan, ard\u0131nca ba\u015fqa x\u0259b\u0259rl\u0259r \u00e7\u0131x\u0131r. \u00c7\u0131x\u0131rsan, ard\u0131nca Orduxan dan\u0131\u015f\u0131r. \u00c7ox ay\u0131b olsun, \u0259l qat\u0131rlar prezidentimiz\u0259. C\u00fcrb\u0259c\u00fcr \u015feyl\u0259r, siz m\u0259nd\u0259n yax\u015f\u0131 bilirsiz\u201d.\n<\/p>\n<p>\n  Cinay\u0259t i\u015finin materiallar\u0131na \u0259sas\u0259n, M.M\u0259mm\u0259dova q\u0131z\u0131 il\u0259 birlikd\u0259 Bak\u0131 \u015e\u0259h\u0259r Prokurorlu\u011funa \u201ccriminalaz.com\u201d sayt\u0131nda ged\u0259n iki yaz\u0131dan narahatl\u0131q ke\u00e7irdikl\u0259ri haqda \u015fikay\u0259t edibl\u0259r. \u015eikay\u0259td\u0259 m\u0259qal\u0259l\u0259rin adlar\u0131, m\u0259zmunu da qeyd olunub. Lakin m\u0259hk\u0259m\u0259d\u0259 onlar he\u00e7 \u00fcmumi \u015f\u0259kild\u0259 d\u0259 h\u0259min yaz\u0131larda n\u0259d\u0259n s\u00f6hb\u0259t getdiyini dey\u0259 bilm\u0259yibl\u0259r.\n<\/p>\n<p>\n  M\u0259hk\u0259m\u0259d\u0259 \u015fahidl\u0259 v\u0259kil aras\u0131nda dialoq:\n<\/p>\n<p>\n  <b><br \/>\n    <i><br \/>\n      &#8211; M\u0259qal\u0259d\u0259 sizi qorxudan ifad\u0259l\u0259r hans\u0131lard\u0131r?<br \/>\n    <\/i><br \/>\n  <\/b>\n<\/p>\n<p>\n  <b><br \/>\n    <i><br \/>\n      &#8211; M\u0259ni qorxudan budur ki, ist\u0259mir\u0259m dava-dala\u015f olsun. Qorxuram ki, mitinql\u0259r olacaq, dava-dala\u015flar olar. U\u015faqlar \u00fc\u00e7\u00fcn qorxuram. Allaha \u015f\u00fck\u00fcr m\u0259kt\u0259b\u0259 ged\u0259n u\u015faqlard\u0131. \u0130nternet\u0259 girirl\u0259r. Orada saytlar var, orada d\u0259rs axtar\u0131rlar. \u0130st\u0259mir\u0259m bel\u0259 \u015feyl\u0259r g\u00f6rs\u00fcnl\u0259r. Bu yolda\u015fla he\u00e7 bir \u015f\u0259xsi-q\u0259r\u0259zim yoxdur. He\u00e7 onu tan\u0131m\u0131ram. M\u0259n bit\u0259r\u0259f adamam.<br \/>\n    <\/i><br \/>\n  <\/b><br \/>\n  <br \/>\n  <b><br \/>\n    <i><br \/>\n      &#8211; Hans\u0131 m\u0259qal\u0259l\u0259r, hans\u0131 ifad\u0259l\u0259r sizi qorxudub?<br \/>\n    <\/i><br \/>\n  <\/b>\n<\/p>\n<p>\n  <b><br \/>\n    <i><br \/>\n      &#8211; Yad\u0131mda deyil.<br \/>\n    <\/i><br \/>\n  <\/b>\n<\/p>\n<p>\n  <b><br \/>\n    <i><br \/>\n      &#8211; H\u0259min m\u0259qal\u0259l\u0259r n\u0259 bar\u0259d\u0259 idi?<br \/>\n    <\/i><br \/>\n  <\/b>\n<\/p>\n<p>\n  <b><br \/>\n    <i><br \/>\n      &#8211; Ham\u0131 ist\u0259yir sakit ya\u015fas\u0131n.<br \/>\n    <\/i><br \/>\n  <\/b>\n<\/p>\n<p>\n  <b><br \/>\n    <i><br \/>\n      &#8211; M\u0259n soru\u015fmuram ki, kim sakit ya\u015famaq ist\u0259yir. Deyir\u0259m ki, m\u0259qal\u0259 n\u0259 bar\u0259d\u0259 idi?<br \/>\n    <\/i><br \/>\n  <\/b>\n<\/p>\n<p>\n  <b><br \/>\n    <i><br \/>\n      &#8211; M\u0259n g\u0259lmi\u015f\u0259m Bak\u0131 \u015e\u0259h\u0259r Prokurorlu\u011funa. Xahi\u015f etmi\u015f\u0259m ki, ba\u011flay\u0131n d\u0259 bu saytlar\u0131.<br \/>\n    <\/i><br \/>\n  <\/b>\n<\/p>\n<p>\n  <b><br \/>\n    <i><br \/>\n      &#8211; M\u0259qal\u0259l\u0259r n\u0259 bar\u0259d\u0259 idi?<br \/>\n    <\/i><br \/>\n  <\/b>\n<\/p>\n<p>\n  <b><br \/>\n    <i><br \/>\n      &#8211; M\u0259n mitinql\u0259rd\u0259n qorxuram, \u015f\u0259hidlikd\u0259n qorxuram. M\u0259n bunlardan qorxuram, yolda\u015f hakim.<br \/>\n    <\/i><br \/>\n  <\/b>\n<\/p>\n<figure class=\"wp-block-image size-large\">\n  <img decoding=\"async\" src=\"https:\/\/www.meydan.tv\/az\/116841\/\" alt=\"\" class=\"wp-image-116841\"\/><figcaption><\/figcaption><\/figure>\n<p>\n  Daha sonra dig\u0259r \u015fahid, M.M\u0259mm\u0259dovan\u0131n q\u0131z\u0131 Samir\u0259 Can\u0131yeva ifad\u0259 verib.\n<\/p>\n<p>\n  M.M\u0259mm\u0259dovan\u0131n q\u0131z\u0131 Samir\u0259 Can\u0131yeva \u015fahid qismind\u0259 dindiril\u0259rk\u0259n bildirib ki, i\u015fd\u0259n ev\u0259 g\u0259l\u0259nd\u0259 anas\u0131n\u0131n saytlarda oxudu\u011fu yaz\u0131lara g\u00f6r\u0259 narahatl\u0131q ke\u00e7irdiyini g\u00f6r\u00fcb. Anas\u0131na t\u00f6vsiy\u0259 edib ki, bel\u0259 yaz\u0131lar\u0131 oxumas\u0131n. \u00d6z\u00fc d\u0259 jurnalist Anar M\u0259mm\u0259dovdan \u015fikay\u0259t\u00e7i olub, amma onun r\u0259hb\u0259rlik etdiyi saytda yaz\u0131lanlar\u0131 oxumay\u0131b. Daha do\u011frusu, \u0259vv\u0259lc\u0259, saytdak\u0131 m\u0259qal\u0259l\u0259ri oxumad\u0131\u011f\u0131n\u0131 des\u0259 d\u0259, sonra \u201cg\u00f6zucu baxd\u0131\u011f\u0131n\u0131\u201d s\u00f6yl\u0259yib: \u201cYox, yox, oxumam\u0131\u015fam. G\u00f6zucu baxm\u0131\u015fam. D\u0259qiq m\u0259lumatl\u0131 deyil\u0259m, anama g\u00f6r\u0259 narahat oluram. Yalandan n\u0259 deyim ki, ay filan tarixd\u0259, filan m\u0259qal\u0259, n\u0259 bilim n\u0259. M\u0259n bunlar\u0131 yalan dey\u0259r\u0259m. M\u0259n \u00f6z\u00fcm d\u0259 x\u0259st\u0259xanada i\u015fl\u0259yir\u0259m. 26 sayl\u0131 Birl\u0259\u015fmi\u015f \u015e\u0259h\u0259r X\u0259st\u0259xanas\u0131nda. G\u0259lir\u0259m ev\u0259, g\u00f6r\u00fcr\u0259m, anam narahatd\u0131r. 21 dekabr hadis\u0259si oldu, dedil\u0259r, ay d\u00fcnya da\u011f\u0131lacaq, n\u0259 bilim, n\u0259. Bununla da \u0259laq\u0259dar biz\u0259 z\u0259ngl\u0259r olurdu. X\u0259st\u0259l\u0259r z\u0259ng vururdu ki, bel\u0259 bir \u015fey do\u011frudan olacaq? \u00d6z\u00fcm d\u0259 g\u0259rgin\u0259m. \u0130st\u0259yir\u0259m sakit\u00e7ilik olsun. Evd\u0259 s\u00f6z-s\u00f6hb\u0259tl\u0259r&#8230; Anam x\u0259st\u0259 adamd\u0131r. He\u00e7 k\u0259si tan\u0131m\u0131ram, he\u00e7 k\u0259sl\u0259 \u015f\u0259xsi m\u00fcnasib\u0259tim, problemim, q\u0259r\u0259zim d\u0259 yoxdur\u201d.\n<\/p>\n<p>\n  M\u0259hk\u0259m\u0259 prosesi fevral\u0131n 8-n\u0259 q\u0259d\u0259r t\u0259xir\u0259 sal\u0131n\u0131b.\n<\/p>\n<p>\n  Ba\u015f Prokurorluq G\u0259nc\u0259 \u015e\u0259h\u0259r \u0130cra Hakimiyy\u0259tinin ba\u015f\u00e7\u0131s\u0131 Elmar V\u0259liyev\u0259 qar\u015f\u0131 2018-ci il iyulun 3-d\u0259 t\u00f6r\u0259dilmi\u015f sui-q\u0259sdl\u0259 \u0259laq\u0259dar b\u0259zi informasiya resurslar\u0131 haqq\u0131nda h\u00fcquqi t\u0259dbirl\u0259rin g\u00f6r\u00fcld\u00fcy\u00fcn\u00fc bildirmi\u015fdi.\n<\/p>\n<p>\n  Cinay\u0259t M\u0259c\u0259ll\u0259sinin 214-2-ci (terror\u00e7ulu\u011fa a\u00e7\u0131q \u00e7a\u011f\u0131r\u0131\u015flar), 281.1-ci (d\u00f6vl\u0259t \u0259leyhin\u0259 y\u00f6n\u0259l\u0259n a\u00e7\u0131q \u00e7a\u011f\u0131r\u0131\u015flar) v\u0259 313-c\u00fc (v\u0259zif\u0259li \u015f\u0259xsin informasiya resurslar\u0131na bil\u0259-bil\u0259 yalan m\u0259lumatlar daxil etm\u0259si) madd\u0259l\u0259ri il\u0259 cinay\u0259t i\u015fi ba\u015fland\u0131\u011f\u0131 vur\u011fulan\u0131rd\u0131.\n<\/p>\n<p>\n  \u0130yulun 12-d\u0259 A.M\u0259mm\u0259dovun xan\u0131m\u0131 v\u0259 qay\u0131natas\u0131 da Bak\u0131 \u015e\u0259h\u0259r Prokurorlu\u011funda dindirilmi\u015fdi. Bundan sonra \u00f6lk\u0259 daxilind\u0259 bir ne\u00e7\u0259 sayta, o c\u00fcml\u0259d\u0259n \u201cCriminal.az\u201d sayt\u0131na giri\u015f\u0259 m\u0259hdudiyy\u0259t qoyulmu\u015fdu.\n<\/p>\n<p>\n  Dekabr\u0131n 12-d\u0259 Anar M\u0259mm\u0259dov haqq\u0131nda a\u00e7\u0131lm\u0131\u015f cinay\u0259t i\u015finin istintaq\u0131 ba\u015fa \u00e7at\u0131b. A.M\u0259mm\u0259dov Cinay\u0259t M\u0259c\u0259ll\u0259sinin 281.2 (d\u00f6vl\u0259t \u0259leyhin\u0259 y\u00f6n\u0259l\u0259n a\u00e7\u0131q \u00e7a\u011f\u0131r\u0131\u015flar), 309.2 (v\u0259zif\u0259 s\u0259lahiyy\u0259tl\u0259rini a\u015fma) v\u0259 313 (v\u0259zif\u0259 saxtakarl\u0131\u011f\u0131) madd\u0259l\u0259ri il\u0259 ittiham olunur.<\/p>\n","protected":false},"excerpt":{"rendered":"<p>Anar M\u0259mm\u0259dovun m\u0259hk\u0259m\u0259sind\u0259 \u015fikay\u0259t\u00e7il\u0259r bloger Orduxan B\u0259birovdan dan\u0131\u015f\u0131blar<\/p>\n","protected":false},"author":11,"featured_media":115770,"comment_status":"closed","ping_status":"open","sticky":false,"template":"","format":"standard","meta":{"_acf_changed":false,"_sitemap_exclude":false,"_sitemap_priority":"","_sitemap_frequency":"","footnotes":""},"categories":[61],"tags":[],"class_list":["post-193743","post","type-post","status-publish","format-standard","has-post-thumbnail","hentry","category-reportaj","infinite-scroll-item","generate-columns","tablet-grid-50","mobile-grid-100","grid-parent","grid-33","no-featured-image-padding"],"acf":[],"yoast_head":"<!-- This site is optimized with the Yoast SEO plugin v27.4 - https:\/\/yoast.com\/product\/yoast-seo-wordpress\/ -->\n<title>Redaktordan \u015fikay\u0259t ed\u0259n qad\u0131nlar hans\u0131 m\u0259qal\u0259d\u0259n t\u0259sirl\u0259ndikl\u0259rini dey\u0259 bilm\u0259yibl\u0259r - MEYDAN.TV<\/title>\n<meta name=\"robots\" content=\"index, follow, max-snippet:-1, max-image-preview:large, max-video-preview:-1\" \/>\n<link rel=\"canonical\" href=\"https:\/\/www.meydan.tv\/az\/article\/redaktordan-sikayet-eden-qadinlar-hansi-meqaleden-tesirlendiklerini-deye-bilmeyibler\/\" \/>\n<meta property=\"og:locale\" content=\"az_AZ\" \/>\n<meta property=\"og:type\" content=\"article\" \/>\n<meta property=\"og:title\" content=\"Redaktordan \u015fikay\u0259t ed\u0259n qad\u0131nlar hans\u0131 m\u0259qal\u0259d\u0259n t\u0259sirl\u0259ndikl\u0259rini dey\u0259 bilm\u0259yibl\u0259r - MEYDAN.TV\" \/>\n<meta property=\"og:description\" content=\"Anar M\u0259mm\u0259dovun m\u0259hk\u0259m\u0259sind\u0259 \u015fikay\u0259t\u00e7il\u0259r bloger Orduxan B\u0259birovdan dan\u0131\u015f\u0131blar\" \/>\n<meta property=\"og:url\" content=\"https:\/\/www.meydan.tv\/az\/article\/redaktordan-sikayet-eden-qadinlar-hansi-meqaleden-tesirlendiklerini-deye-bilmeyibler\/\" \/>\n<meta property=\"og:site_name\" content=\"MEYDAN.TV\" \/>\n<meta property=\"article:published_time\" content=\"2019-01-30T16:23:58+00:00\" \/>\n<meta property=\"og:image\" content=\"https:\/\/www.meydan.tv\/wp-content\/uploads\/46137.jpg\" \/>\n\t<meta property=\"og:image:width\" content=\"1000\" \/>\n\t<meta property=\"og:image:height\" content=\"750\" \/>\n\t<meta property=\"og:image:type\" content=\"image\/jpeg\" \/>\n<meta name=\"author\" content=\"user-manager\" \/>\n<meta name=\"twitter:card\" content=\"summary_large_image\" \/>\n<script type=\"application\/ld+json\" class=\"yoast-schema-graph\">{\"@context\":\"https:\\\/\\\/schema.org\",\"@graph\":[{\"@type\":\"Article\",\"@id\":\"https:\\\/\\\/www.meydan.tv\\\/az\\\/article\\\/redaktordan-sikayet-eden-qadinlar-hansi-meqaleden-tesirlendiklerini-deye-bilmeyibler\\\/#article\",\"isPartOf\":{\"@id\":\"https:\\\/\\\/www.meydan.tv\\\/az\\\/article\\\/redaktordan-sikayet-eden-qadinlar-hansi-meqaleden-tesirlendiklerini-deye-bilmeyibler\\\/\"},\"author\":{\"name\":\"user-manager\",\"@id\":\"https:\\\/\\\/www.meydan.tv\\\/az\\\/#\\\/schema\\\/person\\\/10d11eccf6da3662cf5fdab9806ea91a\"},\"headline\":\"Redaktordan \u015fikay\u0259t ed\u0259n qad\u0131nlar hans\u0131 m\u0259qal\u0259d\u0259n t\u0259sirl\u0259ndikl\u0259rini dey\u0259 bilm\u0259yibl\u0259r\",\"datePublished\":\"2019-01-30T16:23:58+00:00\",\"mainEntityOfPage\":{\"@id\":\"https:\\\/\\\/www.meydan.tv\\\/az\\\/article\\\/redaktordan-sikayet-eden-qadinlar-hansi-meqaleden-tesirlendiklerini-deye-bilmeyibler\\\/\"},\"wordCount\":1273,\"publisher\":{\"@id\":\"https:\\\/\\\/www.meydan.tv\\\/az\\\/#organization\"},\"image\":{\"@id\":\"https:\\\/\\\/www.meydan.tv\\\/az\\\/article\\\/redaktordan-sikayet-eden-qadinlar-hansi-meqaleden-tesirlendiklerini-deye-bilmeyibler\\\/#primaryimage\"},\"thumbnailUrl\":\"https:\\\/\\\/www.meydan.tv\\\/wp-content\\\/uploads\\\/46137.jpg\",\"articleSection\":[\"Reportaj\"],\"inLanguage\":\"az\"},{\"@type\":\"WebPage\",\"@id\":\"https:\\\/\\\/www.meydan.tv\\\/az\\\/article\\\/redaktordan-sikayet-eden-qadinlar-hansi-meqaleden-tesirlendiklerini-deye-bilmeyibler\\\/\",\"url\":\"https:\\\/\\\/www.meydan.tv\\\/az\\\/article\\\/redaktordan-sikayet-eden-qadinlar-hansi-meqaleden-tesirlendiklerini-deye-bilmeyibler\\\/\",\"name\":\"Redaktordan \u015fikay\u0259t ed\u0259n qad\u0131nlar hans\u0131 m\u0259qal\u0259d\u0259n t\u0259sirl\u0259ndikl\u0259rini dey\u0259 bilm\u0259yibl\u0259r - MEYDAN.TV\",\"isPartOf\":{\"@id\":\"https:\\\/\\\/www.meydan.tv\\\/az\\\/#website\"},\"primaryImageOfPage\":{\"@id\":\"https:\\\/\\\/www.meydan.tv\\\/az\\\/article\\\/redaktordan-sikayet-eden-qadinlar-hansi-meqaleden-tesirlendiklerini-deye-bilmeyibler\\\/#primaryimage\"},\"image\":{\"@id\":\"https:\\\/\\\/www.meydan.tv\\\/az\\\/article\\\/redaktordan-sikayet-eden-qadinlar-hansi-meqaleden-tesirlendiklerini-deye-bilmeyibler\\\/#primaryimage\"},\"thumbnailUrl\":\"https:\\\/\\\/www.meydan.tv\\\/wp-content\\\/uploads\\\/46137.jpg\",\"datePublished\":\"2019-01-30T16:23:58+00:00\",\"breadcrumb\":{\"@id\":\"https:\\\/\\\/www.meydan.tv\\\/az\\\/article\\\/redaktordan-sikayet-eden-qadinlar-hansi-meqaleden-tesirlendiklerini-deye-bilmeyibler\\\/#breadcrumb\"},\"inLanguage\":\"az\",\"potentialAction\":[{\"@type\":\"ReadAction\",\"target\":[\"https:\\\/\\\/www.meydan.tv\\\/az\\\/article\\\/redaktordan-sikayet-eden-qadinlar-hansi-meqaleden-tesirlendiklerini-deye-bilmeyibler\\\/\"]}]},{\"@type\":\"ImageObject\",\"inLanguage\":\"az\",\"@id\":\"https:\\\/\\\/www.meydan.tv\\\/az\\\/article\\\/redaktordan-sikayet-eden-qadinlar-hansi-meqaleden-tesirlendiklerini-deye-bilmeyibler\\\/#primaryimage\",\"url\":\"https:\\\/\\\/www.meydan.tv\\\/wp-content\\\/uploads\\\/46137.jpg\",\"contentUrl\":\"https:\\\/\\\/www.meydan.tv\\\/wp-content\\\/uploads\\\/46137.jpg\",\"width\":1000,\"height\":750,\"caption\":\"Source:\"},{\"@type\":\"BreadcrumbList\",\"@id\":\"https:\\\/\\\/www.meydan.tv\\\/az\\\/article\\\/redaktordan-sikayet-eden-qadinlar-hansi-meqaleden-tesirlendiklerini-deye-bilmeyibler\\\/#breadcrumb\",\"itemListElement\":[{\"@type\":\"ListItem\",\"position\":1,\"name\":\"Ana s\u0259hif\u0259\",\"item\":\"https:\\\/\\\/www.meydan.tv\\\/az\\\/\"},{\"@type\":\"ListItem\",\"position\":2,\"name\":\"Reportaj\",\"item\":\"https:\\\/\\\/www.meydan.tv\\\/az\\\/section\\\/reportaj\\\/\"},{\"@type\":\"ListItem\",\"position\":3,\"name\":\"Redaktordan \u015fikay\u0259t ed\u0259n qad\u0131nlar hans\u0131 m\u0259qal\u0259d\u0259n t\u0259sirl\u0259ndikl\u0259rini dey\u0259 bilm\u0259yibl\u0259r\"}]},{\"@type\":\"WebSite\",\"@id\":\"https:\\\/\\\/www.meydan.tv\\\/az\\\/#website\",\"url\":\"https:\\\/\\\/www.meydan.tv\\\/az\\\/\",\"name\":\"MEYDAN.TV\",\"description\":\"Meydan TV Az\u0259rbaycan\u0131n media m\u0259kan\u0131ndak\u0131 alternativ s\u0259sidir\",\"publisher\":{\"@id\":\"https:\\\/\\\/www.meydan.tv\\\/az\\\/#organization\"},\"potentialAction\":[{\"@type\":\"SearchAction\",\"target\":{\"@type\":\"EntryPoint\",\"urlTemplate\":\"https:\\\/\\\/www.meydan.tv\\\/az\\\/?s={search_term_string}\"},\"query-input\":{\"@type\":\"PropertyValueSpecification\",\"valueRequired\":true,\"valueName\":\"search_term_string\"}}],\"inLanguage\":\"az\"},{\"@type\":\"Organization\",\"@id\":\"https:\\\/\\\/www.meydan.tv\\\/az\\\/#organization\",\"name\":\"Meydan TV\",\"url\":\"https:\\\/\\\/www.meydan.tv\\\/az\\\/\",\"logo\":{\"@type\":\"ImageObject\",\"inLanguage\":\"az\",\"@id\":\"https:\\\/\\\/www.meydan.tv\\\/az\\\/#\\\/schema\\\/logo\\\/image\\\/\",\"url\":\"https:\\\/\\\/www.meydan.tv\\\/wp-content\\\/uploads\\\/2021\\\/07\\\/meydan-logo.svg\",\"contentUrl\":\"https:\\\/\\\/www.meydan.tv\\\/wp-content\\\/uploads\\\/2021\\\/07\\\/meydan-logo.svg\",\"width\":195,\"height\":46,\"caption\":\"Meydan TV\"},\"image\":{\"@id\":\"https:\\\/\\\/www.meydan.tv\\\/az\\\/#\\\/schema\\\/logo\\\/image\\\/\"}},{\"@type\":\"Person\",\"@id\":\"https:\\\/\\\/www.meydan.tv\\\/az\\\/#\\\/schema\\\/person\\\/10d11eccf6da3662cf5fdab9806ea91a\",\"name\":\"user-manager\"}]}<\/script>\n<!-- \/ Yoast SEO plugin. -->","yoast_head_json":{"title":"Redaktordan \u015fikay\u0259t ed\u0259n qad\u0131nlar hans\u0131 m\u0259qal\u0259d\u0259n t\u0259sirl\u0259ndikl\u0259rini dey\u0259 bilm\u0259yibl\u0259r - MEYDAN.TV","robots":{"index":"index","follow":"follow","max-snippet":"max-snippet:-1","max-image-preview":"max-image-preview:large","max-video-preview":"max-video-preview:-1"},"canonical":"https:\/\/www.meydan.tv\/az\/article\/redaktordan-sikayet-eden-qadinlar-hansi-meqaleden-tesirlendiklerini-deye-bilmeyibler\/","og_locale":"az_AZ","og_type":"article","og_title":"Redaktordan \u015fikay\u0259t ed\u0259n qad\u0131nlar hans\u0131 m\u0259qal\u0259d\u0259n t\u0259sirl\u0259ndikl\u0259rini dey\u0259 bilm\u0259yibl\u0259r - MEYDAN.TV","og_description":"Anar M\u0259mm\u0259dovun m\u0259hk\u0259m\u0259sind\u0259 \u015fikay\u0259t\u00e7il\u0259r bloger Orduxan B\u0259birovdan dan\u0131\u015f\u0131blar","og_url":"https:\/\/www.meydan.tv\/az\/article\/redaktordan-sikayet-eden-qadinlar-hansi-meqaleden-tesirlendiklerini-deye-bilmeyibler\/","og_site_name":"MEYDAN.TV","article_published_time":"2019-01-30T16:23:58+00:00","og_image":[{"width":1000,"height":750,"url":"https:\/\/www.meydan.tv\/wp-content\/uploads\/46137.jpg","type":"image\/jpeg"}],"author":"user-manager","twitter_card":"summary_large_image","schema":{"@context":"https:\/\/schema.org","@graph":[{"@type":"Article","@id":"https:\/\/www.meydan.tv\/az\/article\/redaktordan-sikayet-eden-qadinlar-hansi-meqaleden-tesirlendiklerini-deye-bilmeyibler\/#article","isPartOf":{"@id":"https:\/\/www.meydan.tv\/az\/article\/redaktordan-sikayet-eden-qadinlar-hansi-meqaleden-tesirlendiklerini-deye-bilmeyibler\/"},"author":{"name":"user-manager","@id":"https:\/\/www.meydan.tv\/az\/#\/schema\/person\/10d11eccf6da3662cf5fdab9806ea91a"},"headline":"Redaktordan \u015fikay\u0259t ed\u0259n qad\u0131nlar hans\u0131 m\u0259qal\u0259d\u0259n t\u0259sirl\u0259ndikl\u0259rini dey\u0259 bilm\u0259yibl\u0259r","datePublished":"2019-01-30T16:23:58+00:00","mainEntityOfPage":{"@id":"https:\/\/www.meydan.tv\/az\/article\/redaktordan-sikayet-eden-qadinlar-hansi-meqaleden-tesirlendiklerini-deye-bilmeyibler\/"},"wordCount":1273,"publisher":{"@id":"https:\/\/www.meydan.tv\/az\/#organization"},"image":{"@id":"https:\/\/www.meydan.tv\/az\/article\/redaktordan-sikayet-eden-qadinlar-hansi-meqaleden-tesirlendiklerini-deye-bilmeyibler\/#primaryimage"},"thumbnailUrl":"https:\/\/www.meydan.tv\/wp-content\/uploads\/46137.jpg","articleSection":["Reportaj"],"inLanguage":"az"},{"@type":"WebPage","@id":"https:\/\/www.meydan.tv\/az\/article\/redaktordan-sikayet-eden-qadinlar-hansi-meqaleden-tesirlendiklerini-deye-bilmeyibler\/","url":"https:\/\/www.meydan.tv\/az\/article\/redaktordan-sikayet-eden-qadinlar-hansi-meqaleden-tesirlendiklerini-deye-bilmeyibler\/","name":"Redaktordan \u015fikay\u0259t ed\u0259n qad\u0131nlar hans\u0131 m\u0259qal\u0259d\u0259n t\u0259sirl\u0259ndikl\u0259rini dey\u0259 bilm\u0259yibl\u0259r - MEYDAN.TV","isPartOf":{"@id":"https:\/\/www.meydan.tv\/az\/#website"},"primaryImageOfPage":{"@id":"https:\/\/www.meydan.tv\/az\/article\/redaktordan-sikayet-eden-qadinlar-hansi-meqaleden-tesirlendiklerini-deye-bilmeyibler\/#primaryimage"},"image":{"@id":"https:\/\/www.meydan.tv\/az\/article\/redaktordan-sikayet-eden-qadinlar-hansi-meqaleden-tesirlendiklerini-deye-bilmeyibler\/#primaryimage"},"thumbnailUrl":"https:\/\/www.meydan.tv\/wp-content\/uploads\/46137.jpg","datePublished":"2019-01-30T16:23:58+00:00","breadcrumb":{"@id":"https:\/\/www.meydan.tv\/az\/article\/redaktordan-sikayet-eden-qadinlar-hansi-meqaleden-tesirlendiklerini-deye-bilmeyibler\/#breadcrumb"},"inLanguage":"az","potentialAction":[{"@type":"ReadAction","target":["https:\/\/www.meydan.tv\/az\/article\/redaktordan-sikayet-eden-qadinlar-hansi-meqaleden-tesirlendiklerini-deye-bilmeyibler\/"]}]},{"@type":"ImageObject","inLanguage":"az","@id":"https:\/\/www.meydan.tv\/az\/article\/redaktordan-sikayet-eden-qadinlar-hansi-meqaleden-tesirlendiklerini-deye-bilmeyibler\/#primaryimage","url":"https:\/\/www.meydan.tv\/wp-content\/uploads\/46137.jpg","contentUrl":"https:\/\/www.meydan.tv\/wp-content\/uploads\/46137.jpg","width":1000,"height":750,"caption":"Source:"},{"@type":"BreadcrumbList","@id":"https:\/\/www.meydan.tv\/az\/article\/redaktordan-sikayet-eden-qadinlar-hansi-meqaleden-tesirlendiklerini-deye-bilmeyibler\/#breadcrumb","itemListElement":[{"@type":"ListItem","position":1,"name":"Ana s\u0259hif\u0259","item":"https:\/\/www.meydan.tv\/az\/"},{"@type":"ListItem","position":2,"name":"Reportaj","item":"https:\/\/www.meydan.tv\/az\/section\/reportaj\/"},{"@type":"ListItem","position":3,"name":"Redaktordan \u015fikay\u0259t ed\u0259n qad\u0131nlar hans\u0131 m\u0259qal\u0259d\u0259n t\u0259sirl\u0259ndikl\u0259rini dey\u0259 bilm\u0259yibl\u0259r"}]},{"@type":"WebSite","@id":"https:\/\/www.meydan.tv\/az\/#website","url":"https:\/\/www.meydan.tv\/az\/","name":"MEYDAN.TV","description":"Meydan TV Az\u0259rbaycan\u0131n media m\u0259kan\u0131ndak\u0131 alternativ s\u0259sidir","publisher":{"@id":"https:\/\/www.meydan.tv\/az\/#organization"},"potentialAction":[{"@type":"SearchAction","target":{"@type":"EntryPoint","urlTemplate":"https:\/\/www.meydan.tv\/az\/?s={search_term_string}"},"query-input":{"@type":"PropertyValueSpecification","valueRequired":true,"valueName":"search_term_string"}}],"inLanguage":"az"},{"@type":"Organization","@id":"https:\/\/www.meydan.tv\/az\/#organization","name":"Meydan TV","url":"https:\/\/www.meydan.tv\/az\/","logo":{"@type":"ImageObject","inLanguage":"az","@id":"https:\/\/www.meydan.tv\/az\/#\/schema\/logo\/image\/","url":"https:\/\/www.meydan.tv\/wp-content\/uploads\/2021\/07\/meydan-logo.svg","contentUrl":"https:\/\/www.meydan.tv\/wp-content\/uploads\/2021\/07\/meydan-logo.svg","width":195,"height":46,"caption":"Meydan TV"},"image":{"@id":"https:\/\/www.meydan.tv\/az\/#\/schema\/logo\/image\/"}},{"@type":"Person","@id":"https:\/\/www.meydan.tv\/az\/#\/schema\/person\/10d11eccf6da3662cf5fdab9806ea91a","name":"user-manager"}]}},"_links":{"self":[{"href":"https:\/\/www.meydan.tv\/az\/wp-json\/wp\/v2\/posts\/193743","targetHints":{"allow":["GET"]}}],"collection":[{"href":"https:\/\/www.meydan.tv\/az\/wp-json\/wp\/v2\/posts"}],"about":[{"href":"https:\/\/www.meydan.tv\/az\/wp-json\/wp\/v2\/types\/post"}],"author":[{"embeddable":true,"href":"https:\/\/www.meydan.tv\/az\/wp-json\/wp\/v2\/users\/11"}],"replies":[{"embeddable":true,"href":"https:\/\/www.meydan.tv\/az\/wp-json\/wp\/v2\/comments?post=193743"}],"version-history":[{"count":0,"href":"https:\/\/www.meydan.tv\/az\/wp-json\/wp\/v2\/posts\/193743\/revisions"}],"wp:featuredmedia":[{"embeddable":true,"href":"https:\/\/www.meydan.tv\/az\/wp-json\/wp\/v2\/media\/115770"}],"wp:attachment":[{"href":"https:\/\/www.meydan.tv\/az\/wp-json\/wp\/v2\/media?parent=193743"}],"wp:term":[{"taxonomy":"category","embeddable":true,"href":"https:\/\/www.meydan.tv\/az\/wp-json\/wp\/v2\/categories?post=193743"},{"taxonomy":"post_tag","embeddable":true,"href":"https:\/\/www.meydan.tv\/az\/wp-json\/wp\/v2\/tags?post=193743"}],"curies":[{"name":"wp","href":"https:\/\/api.w.org\/{rel}","templated":true}]}}