{"id":193731,"date":"2019-01-29T17:00:41","date_gmt":"2019-01-29T17:00:41","guid":{"rendered":"https:\/\/www.meydan.tv\/article\/hazirlasin-sulh-gelir\/"},"modified":"2019-01-29T17:00:41","modified_gmt":"2019-01-29T17:00:41","slug":"hazirlasin-sulh-gelir","status":"publish","type":"post","link":"https:\/\/www.meydan.tv\/az\/article\/hazirlasin-sulh-gelir\/","title":{"rendered":"Haz\u0131rla\u015f\u0131n, S\u00fclh g\u0259lir"},"content":{"rendered":"<figure class=\"wp-block-image size-large\">\n  <img decoding=\"async\" src=\"https:\/\/www.meydan.tv\/az\/eliyev-ve-pasinyan-3\/\" alt=\"\u018fliyev v\u0259 Pa\u015finyan\" class=\"wp-image-115116\"\/><figcaption>\n    \u018fliyev v\u0259 Pa\u015finyan<br \/>\n  <\/figcaption><\/figure>\n<p>\n  Erm\u0259nistan v\u0259 Az\u0259rbaycan h\u00f6kum\u0259tl\u0259rin\u0259 tap\u015f\u0131r\u0131l\u0131b ki, \u00f6z xalqlar\u0131n\u0131 s\u00fclh\u0259 haz\u0131rlas\u0131nlar. Bunun n\u0259 dem\u0259k oldu\u011funu anlamaq bu toplumlar\u0131n i\u00e7ind\u0259 olanda \u00e7ox \u00e7\u0259tin olur. Ona g\u00f6r\u0259 d\u0259 indi \u201cs\u00fch\u0259 bizi nec\u0259 haz\u0131rlayacaqlar\u201d sual\u0131 tez-tez verilir. Az\u0259rbaycanda haz\u0131rk\u0131 rejimin d\u00f6vr\u00fcnd\u0259 m\u00fcnaqi\u015f\u0259nin h\u0259lli inand\u0131r\u0131c\u0131 olmasa da, ehtimallara baxa bil\u0259rik.\n<\/p>\n<p>\n  \u00c7\u0259tinlik ondad\u0131r ki, biz t\u0259r\u0259fl\u0259rik. Xalqlar\u0131n aras\u0131nda d\u0259rin etnik nifr\u0259t var. H\u0259r k\u0259s s\u00fclh\u0259 qar\u015f\u0131 t\u0259r\u0259fin haz\u0131rla\u015fmal\u0131 oldu\u011funu deyir. M\u0259s\u0259l\u0259n, Az\u0259rbaycan c\u0259miyy\u0259tind\u0259 \u0259sas\u0259n, bel\u0259 hesab olunur ki, Az\u0259rbaycan t\u0259r\u0259fi Da\u011fl\u0131q Qaraba\u011f erm\u0259nil\u0259rin\u0259 y\u00fcks\u0259k muxtariyy\u0259t v\u0259d etm\u0259kl\u0259 b\u00fct\u00fcn m\u00fcmk\u00fcn g\u00fcz\u0259\u015ftl\u0259ri etmi\u015f olur, c\u0259miyy\u0259t d\u0259 buna haz\u0131rd\u0131r, bir s\u00f6zl\u0259, s\u00fclh\u0259 haz\u0131rlanmal\u0131 t\u0259r\u0259f qar\u015f\u0131 t\u0259r\u0259fdir.\n<\/p>\n<p>\n  \u0130lk bax\u0131\u015fda m\u0259ntiqli g\u00f6r\u00fcn\u00fcr. Ax\u0131 i\u015f\u011fal Erm\u0259nistan Respublikas\u0131 t\u0259r\u0259find\u0259n h\u0259yata ke\u00e7irilib, i\u015f\u011fal olunmu\u015f \u0259razil\u0259rd\u0259 Erm\u0259nistan etnik t\u0259mizl\u0259m\u0259, q\u0259tliamlar v\u0259 s. apar\u0131b. Bir s\u00f6zl\u0259, onlar nifr\u0259t doludurlar v\u0259 s\u00fclh\u0259 haz\u0131r olmal\u0131d\u0131rlar.\n<\/p>\n<p>\n  Amma&#8230;\n<\/p>\n<p>\n  M\u0259s\u0259l\u0259 buras\u0131ndad\u0131r ki, bu, sad\u0259c\u0259 ilkin bax\u0131\u015fd\u0131r v\u0259 empatiyan\u0131 \u00f6z\u00fcnd\u0259 ehtiva etmir. \u00dcmumiyy\u0259tl\u0259, s\u00fclh dedikd\u0259 biz n\u0259 ba\u015fa d\u00fc\u015f\u00fcr\u00fck? \u018fvv\u0259l-\u0259vv\u0259l ba\u015fa d\u00fc\u015fd\u00fcy\u00fcm\u00fcz odur ki, bu, yax\u015f\u0131 bir \u015feydir. Q\u0131r\u011f\u0131n olmayacaq, dan\u0131\u015f\u0131b, problemi h\u0259ll ed\u0259c\u0259yik. Yax\u015f\u0131 bir \u015fey is\u0259 \u00f6z\u00fcnd\u0259 bizim \u00fc\u00e7\u00fcn pis olan n\u0259yis\u0259 da\u015f\u0131ya bilm\u0259z. Bizim \u00fc\u00e7\u00fcn pis olan n\u0259dir? \u2013 Torpaqlar\u0131n itirilm\u0259si. \u018fks\u0259r vaxt \u201cS\u00fclh biz\u0259 torpaqlar\u0131n itirilm\u0259si bahas\u0131na ba\u015fa g\u0259l\u0259c\u0259kmi\u201d sual\u0131 veril\u0259nd\u0259 cavab olaraq \u201cBu, art\u0131q s\u00fclh deyil\u201d- deyirl\u0259r.\n<\/p>\n<p>\n  \u018fg\u0259r s\u00fclh Az\u0259rbaycan\u0131n \u0259razi b\u00fct\u00f6vl\u00fcy\u00fcn\u00fc qorumayacaqsa, onda bizi n\u0259y\u0259 haz\u0131rlay\u0131rlar? Sad\u0259c\u0259 etnik nifr\u0259ti yox etm\u0259kmi? M\u0259n bel\u0259 d\u00fc\u015f\u00fcnm\u00fcr\u0259m.\n<\/p>\n<p>\n  Xalqlar\u0131n h\u0259r ikisini haz\u0131rlamaq laz\u0131md\u0131rsa, s\u00fclh h\u0259r iki t\u0259r\u0259f \u00fc\u00e7\u00fcn m\u0259\u011flubiyy\u0259t olacaq. \u018fg\u0259r Da\u011fl\u0131q Qaraba\u011f s\u00fclh\u00fcn n\u0259tic\u0259sind\u0259 n\u0259 vaxtsa m\u00fcst\u0259qill\u0259\u015f\u0259c\u0259ks\u0259, bu, Erm\u0259nistan \u00fc\u00e7\u00fcn nec\u0259 m\u0259\u011flubiyy\u0259t ola bil\u0259r? Bu sual\u0131 verirsinizs\u0259, dem\u0259li, erm\u0259ni t\u0259r\u0259fin m\u00fcnaqi\u015f\u0259 bar\u0259d\u0259 n\u0259 d\u00fc\u015f\u00fcnm\u0259sini o q\u0259d\u0259r d\u0259 bilmirsiniz. O zaman bilin ki, erm\u0259nil\u0259rin \u0259ks\u0259riyy\u0259ti i\u015f\u011fal olunmu\u015f torpaqlardan bir k\u0259ndin d\u0259 verilm\u0259sini t\u0259slim\u00e7ilik say\u0131rlar. H\u0259min erm\u0259nil\u0259ri Da\u011fl\u0131q Qaraba\u011f v\u0259 onunla Erm\u0259nistan aras\u0131ndak\u0131 La\u00e7\u0131nla K\u0259l\u0259b\u0259c\u0259r bir q\u0131ra\u011fa qals\u0131n, m\u00fcnaqi\u015f\u0259nin mahiyy\u0259tin\u0259 d\u0259xli olmayan Z\u0259ngil\u0259n, Qubadl\u0131, C\u0259bray\u0131l, F\u00fczuli v\u0259 A\u011fdam\u0131n geri qaytar\u0131lmas\u0131na raz\u0131 salmaq bir xeyli \u0259ziyy\u0259t olacaq.\n<\/p>\n<p>\n  Erm\u0259nil\u0259rin s\u00fclh\u0259 haz\u0131rlanmas\u0131 onlar\u0131 bu 5 rayonun qeyd-\u015f\u0259rtsiz qaytar\u0131lmas\u0131na, K\u0259lb\u0259c\u0259rl\u0259 La\u00e7\u0131n\u0131n hans\u0131sa end\u0259 d\u0259hliz a\u00e7\u0131lmas\u0131 \u015f\u0259rti il\u0259 qaytar\u0131lmas\u0131na, Erm\u0259nistana az\u0259rbaycanl\u0131 qa\u00e7q\u0131nlar\u0131n geri qaytar\u0131l\u0131b, h\u00fcquqlar\u0131n\u0131n t\u0259min olunmas\u0131na, Da\u011fl\u0131q Qaraba\u011f\u0131n az\u0259rbaycanl\u0131 \u0259halisinin \u00f6z ya\u015fay\u0131\u015f yerl\u0259rin\u0259 qaytar\u0131lmas\u0131na raz\u0131 salmaq dem\u0259kdir.\n<\/p>\n<p>\n  Az\u0259rbaycanl\u0131lar\u0131n s\u00fclh\u0259 haz\u0131rlanmas\u0131 is\u0259 onlar\u0131n Madrid prinsipl\u0259rinin h\u0259lledici \u015f\u0259rtin\u0259 raz\u0131 sal\u0131nmas\u0131 dem\u0259kdir. N\u0259dir Madrid prinsipl\u0259rinin h\u0259lledici \u015f\u0259rti? Madrid prinsipl\u0259rin\u0259 g\u00f6r\u0259 Da\u011fl\u0131q Qaraba\u011f\u0131n m\u00fcst\u0259qil olub-olmamas\u0131 bar\u0259d\u0259 q\u0259rar\u0131 Da\u011fl\u0131q Qaraba\u011f \u0259halisi (erm\u0259nil\u0259r v\u0259 az\u0259rbaycanl\u0131lar) \u00f6zl\u0259ri ver\u0259c\u0259kl\u0259r. B\u0259s hans\u0131 t\u0259rkibd\u0259 \u0259hali b\u0259rpa olunacaq? G\u00fcman ki 1989-cu il\u0259 siyah\u0131yaal\u0131nmas\u0131na uy\u011fun t\u0259rkibd\u0259. Bax\u0131n, bu x\u0259rit\u0259d\u0259 1989-cu ild\u0259 Da\u011fl\u0131q Qaraba\u011f Muxtar Vilay\u0259tind\u0259 \u0259halisinin \u0259ks\u0259riyy\u0259ti erm\u0259ni v\u0259 az\u0259rbaycanl\u0131 olan ya\u015fay\u0131\u015f m\u0259nt\u0259q\u0259l\u0259ri g\u00f6st\u0259rilib. Q\u0131rm\u0131z\u0131 il\u0259 g\u00f6st\u0259ril\u0259nl\u0259r erm\u0259nil\u0259rin \u0259ks\u0259riyy\u0259t t\u0259\u015fkil etdiyi ya\u015fay\u0131\u015f m\u0259nt\u0259q\u0259l\u0259ridir, g\u00f6yl\u0259r is\u0259 az\u0259rbaycanl\u0131lar\u0131n. Asanl\u0131qla g\u00f6rm\u0259k olur ki, \u015eu\u015fadan ba\u015fqa h\u0259r yerd\u0259 az\u0259rbaycanl\u0131lar azl\u0131qdad\u0131rlar. 1989-cu il siyah\u0131yaalmas\u0131na g\u00f6r\u0259 Da\u011fl\u0131q Qaraba\u011f MV-nin \u0259halisinin 60%-d\u0259n \u00e7oxu etnik erm\u0259ni idi. Y\u0259ni Da\u011fl\u0131q Qaraba\u011f\u0131 \u0259hat\u0259 ed\u0259c\u0259k referendumda \u0259razinin Az\u0259rbaycan\u0131n t\u0259rkibind\u0259 qalmas\u0131 lehin\u0259 n\u0259tic\u0259 almaq, dem\u0259k olar, qeyri-m\u00fcmk\u00fcnd\u00fcr.\n<\/p>\n<figure class=\"wp-block-image size-large\">\n  <img decoding=\"async\" src=\"https:\/\/www.meydan.tv\/az\/115120\/\" alt=\"\" class=\"wp-image-115120\"\/><figcaption><\/figcaption><\/figure>\n<p>\n  Madrid prinsipl\u0259ri t\u0259tbiq oluna bils\u0259, Da\u011fl\u0131q Qaraba\u011f referenduma q\u0259d\u0259r x\u00fcsusi statuslu \u0259razi olacaq, y\u0259ni Az\u0259rbaycan\u0131n idar\u0259\u00e7iliyind\u0259 olmayacaq, \u0259traf \u0259razil\u0259r Az\u0259rbaycana qaytar\u0131lacaq, La\u00e7\u0131n v\u0259 K\u0259lb\u0259c\u0259r zonas\u0131ndan is\u0259 Da\u011fl\u0131q Qaraba\u011f \u00fc\u00e7\u00fcn d\u0259hliz a\u00e7\u0131lacaq, g\u00fcman ki, La\u00e7\u0131n\u0131n bir hiss\u0259si Da\u011fl\u0131q Qaraba\u011fa birl\u0259\u015fdiril\u0259c\u0259k. \u018fhali geri qaytar\u0131lacaq, faiz nisb\u0259tind\u0259 is\u0259 1989-cu il siyah\u0131yaalmas\u0131n\u0131n n\u0259tic\u0259l\u0259rinin d\u0259yi\u015film\u0259sin\u0259 imkan verilm\u0259y\u0259c\u0259k. Referendumdan sonra is\u0259 Az\u0259rbaycan Da\u011fl\u0131q Qaraba\u011f\u0131n m\u00fcst\u0259qilliyini tan\u0131ma\u011fa m\u0259cbur edil\u0259c\u0259k.\n<\/p>\n<p>\n  T\u0259bii ki, h\u0259r iki t\u0259r\u0259fin q\u0259bullanmas\u0131n\u0131n \u00e7\u0259tin oldu\u011fu bir qa\u00e7q\u0131nlar problemi d\u0259 var (m\u0259cburi k\u00f6\u00e7k\u00fcnl\u0259r yox). Az\u0259rbaycandan qovulmu\u015f erm\u0259nil\u0259r v\u0259 Erm\u0259nistandan qovulmu\u015f az\u0259rbaycanl\u0131lar. Bunlar\u0131n saylar\u0131 m\u00fcvafiq olaraq, 300 min n\u0259f\u0259r v\u0259 250 min n\u0259f\u0259r kimi t\u0259qdim olunur. Bir hiss\u0259si d\u00fcnyas\u0131n\u0131 d\u0259yi\u015fib, \u00f6vladlar\u0131n\u0131n qay\u0131tmaq ist\u0259yib-ist\u0259m\u0259y\u0259c\u0259yi sual alt\u0131ndad\u0131r. Amma onlar\u0131n qay\u0131tmas\u0131na onlar\u0131n vaxtil\u0259 ya\u015fad\u0131qlar\u0131 evl\u0259ri v\u0259 dig\u0259r \u00fcst\u00fcnl\u00fckl\u0259ri \u0259l\u0259 ke\u00e7irmi\u015f insanlar raz\u0131 olacaqlarm\u0131? Bak\u0131n\u0131n, G\u0259nc\u0259nin, Sumqay\u0131t\u0131n m\u0259rk\u0259zind\u0259 erm\u0259nil\u0259rin, \u0130r\u0259van\u0131n v\u0259 az\u0259rbaycanl\u0131lar ya\u015fam\u0131\u015f dig\u0259r yerl\u0259rd\u0259 az\u0259rbaycanl\u0131lar\u0131n \u00f6z m\u00fclkiyy\u0259t h\u00fcquqlar\u0131n\u0131 b\u0259rpa edib, yenid\u0259n ya\u015famalar\u0131na, kompensasiya daxil, b\u00fct\u00fcn \u00fcst\u00fcnl\u00fckl\u0259rd\u0259n istifad\u0259 etm\u0259l\u0259rin\u0259 yerli \u0259hali raz\u0131 olacaqm\u0131? Bu da s\u00fclh\u0259 haz\u0131rlanma probleminin \u0259sas hiss\u0259l\u0259rind\u0259n biridir.\n<\/p>\n<p>\n  Bir d\u0259 s\u00fclh olarsa, etik m\u0259s\u0259l\u0259l\u0259r n\u0259z\u0259r\u0259 al\u0131nacaqm\u0131? Sumqay\u0131ta, \u00c7ayk\u0259nd\u0259 g\u00f6r\u0259 Az\u0259rbaycan t\u0259r\u0259fi, Xocal\u0131ya, Bo\u011fanis Ayr\u0131ma v\u0259 s.-\u0259 g\u00f6r\u0259 Erm\u0259nistan t\u0259r\u0259fi r\u0259smi \u00fczr ist\u0259y\u0259c\u0259kl\u0259rmi? Xalqlar bu \u00fczrxahl\u0131qlara n\u0259 q\u0259d\u0259r tolerant yana\u015facaqlar? \u0130ndiy\u0259 q\u0259d\u0259r h\u00f6kum\u0259tl\u0259r t\u0259r\u0259find\u0259n d\u0259st\u0259kl\u0259n\u0259n nifr\u0259t nitql\u0259rinin, fa\u015fist ayr\u0131se\u00e7kilikl\u0259rin davam etm\u0259sinin qar\u015f\u0131s\u0131 al\u0131na bil\u0259c\u0259kmi?\n<\/p>\n<p>\n  Suallar \u00e7oxdur. Amma bizim az\u0259rbaycanl\u0131lar olaraq, bilm\u0259li oldu\u011fumuz \u0259sas m\u0259s\u0259l\u0259l\u0259rd\u0259n biri odur ki, bizim h\u00f6kum\u0259t Da\u011fl\u0131q Qaraba\u011f\u0131n taleyinin yerli (\u0259ks\u0259riyy\u0259ti erm\u0259ni olan se\u00e7icil\u0259r t\u0259r\u0259find\u0259n) referendumla h\u0259ll edilm\u0259sini \u00f6z\u00fcnd\u0259 ehtiva ed\u0259n Madrid prinsipl\u0259rin\u0259 imza at\u0131b v\u0259 bizi buna haz\u0131rlamaqla ba\u011fl\u0131 yenic\u0259 \u00f6hd\u0259lik g\u00f6t\u00fcr\u00fcb.\n<\/p>\n<p>\n  Haz\u0131rla\u015f\u0131n, s\u00fclh g\u0259lir.\n<\/p>\n<p>\n  <i><br \/>\n    <b><br \/>\n      Yaz\u0131 m\u00fc\u0259llifin fikirl\u0259rini \u0259ks etdirir v\u0259 Meydan TV-nin m\u00f6vqeyi il\u0259 \u00fcst-\u00fcst\u0259 d\u00fc\u015fm\u0259y\u0259 bil\u0259r.<br \/>\n    <\/b><br \/>\n  <\/i><\/p>\n","protected":false},"excerpt":{"rendered":"<p>Erm\u0259nistan v\u0259 Az\u0259rbaycan h\u00f6kum\u0259tl\u0259rin\u0259 tap\u015f\u0131r\u0131l\u0131b ki, \u00f6z xalqlar\u0131n\u0131 s\u00fclh\u0259 haz\u0131rlas\u0131nlar<\/p>\n","protected":false},"author":11,"featured_media":115116,"comment_status":"closed","ping_status":"open","sticky":false,"template":"","format":"standard","meta":{"_acf_changed":false,"_sitemap_exclude":false,"_sitemap_priority":"","_sitemap_frequency":"","footnotes":""},"categories":[57],"tags":[],"class_list":["post-193731","post","type-post","status-publish","format-standard","has-post-thumbnail","hentry","category-menim-fikrimce","infinite-scroll-item","generate-columns","tablet-grid-50","mobile-grid-100","grid-parent","grid-33","no-featured-image-padding"],"acf":[],"yoast_head":"<!-- This site is optimized with the Yoast SEO plugin v27.4 - https:\/\/yoast.com\/product\/yoast-seo-wordpress\/ -->\n<title>Haz\u0131rla\u015f\u0131n, S\u00fclh g\u0259lir - MEYDAN.TV<\/title>\n<meta name=\"robots\" content=\"index, follow, max-snippet:-1, max-image-preview:large, max-video-preview:-1\" \/>\n<link rel=\"canonical\" href=\"https:\/\/www.meydan.tv\/az\/article\/hazirlasin-sulh-gelir\/\" \/>\n<meta property=\"og:locale\" content=\"az_AZ\" \/>\n<meta property=\"og:type\" content=\"article\" \/>\n<meta property=\"og:title\" content=\"Haz\u0131rla\u015f\u0131n, S\u00fclh g\u0259lir - MEYDAN.TV\" \/>\n<meta property=\"og:description\" content=\"Erm\u0259nistan v\u0259 Az\u0259rbaycan h\u00f6kum\u0259tl\u0259rin\u0259 tap\u015f\u0131r\u0131l\u0131b ki, \u00f6z xalqlar\u0131n\u0131 s\u00fclh\u0259 haz\u0131rlas\u0131nlar\" \/>\n<meta property=\"og:url\" content=\"https:\/\/www.meydan.tv\/az\/article\/hazirlasin-sulh-gelir\/\" \/>\n<meta property=\"og:site_name\" content=\"MEYDAN.TV\" \/>\n<meta property=\"article:published_time\" content=\"2019-01-29T17:00:41+00:00\" \/>\n<meta property=\"og:image\" content=\"https:\/\/www.meydan.tv\/wp-content\/uploads\/46570.jpg\" \/>\n\t<meta property=\"og:image:width\" content=\"800\" \/>\n\t<meta property=\"og:image:height\" content=\"460\" \/>\n\t<meta property=\"og:image:type\" content=\"image\/jpeg\" \/>\n<meta name=\"author\" content=\"user-manager\" \/>\n<meta name=\"twitter:card\" content=\"summary_large_image\" \/>\n<script type=\"application\/ld+json\" class=\"yoast-schema-graph\">{\"@context\":\"https:\\\/\\\/schema.org\",\"@graph\":[{\"@type\":\"Article\",\"@id\":\"https:\\\/\\\/www.meydan.tv\\\/az\\\/article\\\/hazirlasin-sulh-gelir\\\/#article\",\"isPartOf\":{\"@id\":\"https:\\\/\\\/www.meydan.tv\\\/az\\\/article\\\/hazirlasin-sulh-gelir\\\/\"},\"author\":{\"name\":\"user-manager\",\"@id\":\"https:\\\/\\\/www.meydan.tv\\\/az\\\/#\\\/schema\\\/person\\\/10d11eccf6da3662cf5fdab9806ea91a\"},\"headline\":\"Haz\u0131rla\u015f\u0131n, S\u00fclh g\u0259lir\",\"datePublished\":\"2019-01-29T17:00:41+00:00\",\"mainEntityOfPage\":{\"@id\":\"https:\\\/\\\/www.meydan.tv\\\/az\\\/article\\\/hazirlasin-sulh-gelir\\\/\"},\"wordCount\":1375,\"publisher\":{\"@id\":\"https:\\\/\\\/www.meydan.tv\\\/az\\\/#organization\"},\"image\":{\"@id\":\"https:\\\/\\\/www.meydan.tv\\\/az\\\/article\\\/hazirlasin-sulh-gelir\\\/#primaryimage\"},\"thumbnailUrl\":\"https:\\\/\\\/www.meydan.tv\\\/wp-content\\\/uploads\\\/46570.jpg\",\"articleSection\":[\"M\u0259nim Fikrimc\u0259\"],\"inLanguage\":\"az\"},{\"@type\":\"WebPage\",\"@id\":\"https:\\\/\\\/www.meydan.tv\\\/az\\\/article\\\/hazirlasin-sulh-gelir\\\/\",\"url\":\"https:\\\/\\\/www.meydan.tv\\\/az\\\/article\\\/hazirlasin-sulh-gelir\\\/\",\"name\":\"Haz\u0131rla\u015f\u0131n, S\u00fclh g\u0259lir - MEYDAN.TV\",\"isPartOf\":{\"@id\":\"https:\\\/\\\/www.meydan.tv\\\/az\\\/#website\"},\"primaryImageOfPage\":{\"@id\":\"https:\\\/\\\/www.meydan.tv\\\/az\\\/article\\\/hazirlasin-sulh-gelir\\\/#primaryimage\"},\"image\":{\"@id\":\"https:\\\/\\\/www.meydan.tv\\\/az\\\/article\\\/hazirlasin-sulh-gelir\\\/#primaryimage\"},\"thumbnailUrl\":\"https:\\\/\\\/www.meydan.tv\\\/wp-content\\\/uploads\\\/46570.jpg\",\"datePublished\":\"2019-01-29T17:00:41+00:00\",\"breadcrumb\":{\"@id\":\"https:\\\/\\\/www.meydan.tv\\\/az\\\/article\\\/hazirlasin-sulh-gelir\\\/#breadcrumb\"},\"inLanguage\":\"az\",\"potentialAction\":[{\"@type\":\"ReadAction\",\"target\":[\"https:\\\/\\\/www.meydan.tv\\\/az\\\/article\\\/hazirlasin-sulh-gelir\\\/\"]}]},{\"@type\":\"ImageObject\",\"inLanguage\":\"az\",\"@id\":\"https:\\\/\\\/www.meydan.tv\\\/az\\\/article\\\/hazirlasin-sulh-gelir\\\/#primaryimage\",\"url\":\"https:\\\/\\\/www.meydan.tv\\\/wp-content\\\/uploads\\\/46570.jpg\",\"contentUrl\":\"https:\\\/\\\/www.meydan.tv\\\/wp-content\\\/uploads\\\/46570.jpg\",\"width\":800,\"height\":460,\"caption\":\"Source:\"},{\"@type\":\"BreadcrumbList\",\"@id\":\"https:\\\/\\\/www.meydan.tv\\\/az\\\/article\\\/hazirlasin-sulh-gelir\\\/#breadcrumb\",\"itemListElement\":[{\"@type\":\"ListItem\",\"position\":1,\"name\":\"Ana s\u0259hif\u0259\",\"item\":\"https:\\\/\\\/www.meydan.tv\\\/az\\\/\"},{\"@type\":\"ListItem\",\"position\":2,\"name\":\"M\u0259nim Fikrimc\u0259\",\"item\":\"https:\\\/\\\/www.meydan.tv\\\/az\\\/section\\\/menim-fikrimce\\\/\"},{\"@type\":\"ListItem\",\"position\":3,\"name\":\"Haz\u0131rla\u015f\u0131n, S\u00fclh g\u0259lir\"}]},{\"@type\":\"WebSite\",\"@id\":\"https:\\\/\\\/www.meydan.tv\\\/az\\\/#website\",\"url\":\"https:\\\/\\\/www.meydan.tv\\\/az\\\/\",\"name\":\"MEYDAN.TV\",\"description\":\"Meydan TV Az\u0259rbaycan\u0131n media m\u0259kan\u0131ndak\u0131 alternativ s\u0259sidir\",\"publisher\":{\"@id\":\"https:\\\/\\\/www.meydan.tv\\\/az\\\/#organization\"},\"potentialAction\":[{\"@type\":\"SearchAction\",\"target\":{\"@type\":\"EntryPoint\",\"urlTemplate\":\"https:\\\/\\\/www.meydan.tv\\\/az\\\/?s={search_term_string}\"},\"query-input\":{\"@type\":\"PropertyValueSpecification\",\"valueRequired\":true,\"valueName\":\"search_term_string\"}}],\"inLanguage\":\"az\"},{\"@type\":\"Organization\",\"@id\":\"https:\\\/\\\/www.meydan.tv\\\/az\\\/#organization\",\"name\":\"Meydan TV\",\"url\":\"https:\\\/\\\/www.meydan.tv\\\/az\\\/\",\"logo\":{\"@type\":\"ImageObject\",\"inLanguage\":\"az\",\"@id\":\"https:\\\/\\\/www.meydan.tv\\\/az\\\/#\\\/schema\\\/logo\\\/image\\\/\",\"url\":\"https:\\\/\\\/www.meydan.tv\\\/wp-content\\\/uploads\\\/2021\\\/07\\\/meydan-logo.svg\",\"contentUrl\":\"https:\\\/\\\/www.meydan.tv\\\/wp-content\\\/uploads\\\/2021\\\/07\\\/meydan-logo.svg\",\"width\":195,\"height\":46,\"caption\":\"Meydan TV\"},\"image\":{\"@id\":\"https:\\\/\\\/www.meydan.tv\\\/az\\\/#\\\/schema\\\/logo\\\/image\\\/\"}},{\"@type\":\"Person\",\"@id\":\"https:\\\/\\\/www.meydan.tv\\\/az\\\/#\\\/schema\\\/person\\\/10d11eccf6da3662cf5fdab9806ea91a\",\"name\":\"user-manager\"}]}<\/script>\n<!-- \/ Yoast SEO plugin. -->","yoast_head_json":{"title":"Haz\u0131rla\u015f\u0131n, S\u00fclh g\u0259lir - MEYDAN.TV","robots":{"index":"index","follow":"follow","max-snippet":"max-snippet:-1","max-image-preview":"max-image-preview:large","max-video-preview":"max-video-preview:-1"},"canonical":"https:\/\/www.meydan.tv\/az\/article\/hazirlasin-sulh-gelir\/","og_locale":"az_AZ","og_type":"article","og_title":"Haz\u0131rla\u015f\u0131n, S\u00fclh g\u0259lir - MEYDAN.TV","og_description":"Erm\u0259nistan v\u0259 Az\u0259rbaycan h\u00f6kum\u0259tl\u0259rin\u0259 tap\u015f\u0131r\u0131l\u0131b ki, \u00f6z xalqlar\u0131n\u0131 s\u00fclh\u0259 haz\u0131rlas\u0131nlar","og_url":"https:\/\/www.meydan.tv\/az\/article\/hazirlasin-sulh-gelir\/","og_site_name":"MEYDAN.TV","article_published_time":"2019-01-29T17:00:41+00:00","og_image":[{"width":800,"height":460,"url":"https:\/\/www.meydan.tv\/wp-content\/uploads\/46570.jpg","type":"image\/jpeg"}],"author":"user-manager","twitter_card":"summary_large_image","schema":{"@context":"https:\/\/schema.org","@graph":[{"@type":"Article","@id":"https:\/\/www.meydan.tv\/az\/article\/hazirlasin-sulh-gelir\/#article","isPartOf":{"@id":"https:\/\/www.meydan.tv\/az\/article\/hazirlasin-sulh-gelir\/"},"author":{"name":"user-manager","@id":"https:\/\/www.meydan.tv\/az\/#\/schema\/person\/10d11eccf6da3662cf5fdab9806ea91a"},"headline":"Haz\u0131rla\u015f\u0131n, S\u00fclh g\u0259lir","datePublished":"2019-01-29T17:00:41+00:00","mainEntityOfPage":{"@id":"https:\/\/www.meydan.tv\/az\/article\/hazirlasin-sulh-gelir\/"},"wordCount":1375,"publisher":{"@id":"https:\/\/www.meydan.tv\/az\/#organization"},"image":{"@id":"https:\/\/www.meydan.tv\/az\/article\/hazirlasin-sulh-gelir\/#primaryimage"},"thumbnailUrl":"https:\/\/www.meydan.tv\/wp-content\/uploads\/46570.jpg","articleSection":["M\u0259nim Fikrimc\u0259"],"inLanguage":"az"},{"@type":"WebPage","@id":"https:\/\/www.meydan.tv\/az\/article\/hazirlasin-sulh-gelir\/","url":"https:\/\/www.meydan.tv\/az\/article\/hazirlasin-sulh-gelir\/","name":"Haz\u0131rla\u015f\u0131n, S\u00fclh g\u0259lir - MEYDAN.TV","isPartOf":{"@id":"https:\/\/www.meydan.tv\/az\/#website"},"primaryImageOfPage":{"@id":"https:\/\/www.meydan.tv\/az\/article\/hazirlasin-sulh-gelir\/#primaryimage"},"image":{"@id":"https:\/\/www.meydan.tv\/az\/article\/hazirlasin-sulh-gelir\/#primaryimage"},"thumbnailUrl":"https:\/\/www.meydan.tv\/wp-content\/uploads\/46570.jpg","datePublished":"2019-01-29T17:00:41+00:00","breadcrumb":{"@id":"https:\/\/www.meydan.tv\/az\/article\/hazirlasin-sulh-gelir\/#breadcrumb"},"inLanguage":"az","potentialAction":[{"@type":"ReadAction","target":["https:\/\/www.meydan.tv\/az\/article\/hazirlasin-sulh-gelir\/"]}]},{"@type":"ImageObject","inLanguage":"az","@id":"https:\/\/www.meydan.tv\/az\/article\/hazirlasin-sulh-gelir\/#primaryimage","url":"https:\/\/www.meydan.tv\/wp-content\/uploads\/46570.jpg","contentUrl":"https:\/\/www.meydan.tv\/wp-content\/uploads\/46570.jpg","width":800,"height":460,"caption":"Source:"},{"@type":"BreadcrumbList","@id":"https:\/\/www.meydan.tv\/az\/article\/hazirlasin-sulh-gelir\/#breadcrumb","itemListElement":[{"@type":"ListItem","position":1,"name":"Ana s\u0259hif\u0259","item":"https:\/\/www.meydan.tv\/az\/"},{"@type":"ListItem","position":2,"name":"M\u0259nim Fikrimc\u0259","item":"https:\/\/www.meydan.tv\/az\/section\/menim-fikrimce\/"},{"@type":"ListItem","position":3,"name":"Haz\u0131rla\u015f\u0131n, S\u00fclh g\u0259lir"}]},{"@type":"WebSite","@id":"https:\/\/www.meydan.tv\/az\/#website","url":"https:\/\/www.meydan.tv\/az\/","name":"MEYDAN.TV","description":"Meydan TV Az\u0259rbaycan\u0131n media m\u0259kan\u0131ndak\u0131 alternativ s\u0259sidir","publisher":{"@id":"https:\/\/www.meydan.tv\/az\/#organization"},"potentialAction":[{"@type":"SearchAction","target":{"@type":"EntryPoint","urlTemplate":"https:\/\/www.meydan.tv\/az\/?s={search_term_string}"},"query-input":{"@type":"PropertyValueSpecification","valueRequired":true,"valueName":"search_term_string"}}],"inLanguage":"az"},{"@type":"Organization","@id":"https:\/\/www.meydan.tv\/az\/#organization","name":"Meydan TV","url":"https:\/\/www.meydan.tv\/az\/","logo":{"@type":"ImageObject","inLanguage":"az","@id":"https:\/\/www.meydan.tv\/az\/#\/schema\/logo\/image\/","url":"https:\/\/www.meydan.tv\/wp-content\/uploads\/2021\/07\/meydan-logo.svg","contentUrl":"https:\/\/www.meydan.tv\/wp-content\/uploads\/2021\/07\/meydan-logo.svg","width":195,"height":46,"caption":"Meydan TV"},"image":{"@id":"https:\/\/www.meydan.tv\/az\/#\/schema\/logo\/image\/"}},{"@type":"Person","@id":"https:\/\/www.meydan.tv\/az\/#\/schema\/person\/10d11eccf6da3662cf5fdab9806ea91a","name":"user-manager"}]}},"_links":{"self":[{"href":"https:\/\/www.meydan.tv\/az\/wp-json\/wp\/v2\/posts\/193731","targetHints":{"allow":["GET"]}}],"collection":[{"href":"https:\/\/www.meydan.tv\/az\/wp-json\/wp\/v2\/posts"}],"about":[{"href":"https:\/\/www.meydan.tv\/az\/wp-json\/wp\/v2\/types\/post"}],"author":[{"embeddable":true,"href":"https:\/\/www.meydan.tv\/az\/wp-json\/wp\/v2\/users\/11"}],"replies":[{"embeddable":true,"href":"https:\/\/www.meydan.tv\/az\/wp-json\/wp\/v2\/comments?post=193731"}],"version-history":[{"count":0,"href":"https:\/\/www.meydan.tv\/az\/wp-json\/wp\/v2\/posts\/193731\/revisions"}],"wp:featuredmedia":[{"embeddable":true,"href":"https:\/\/www.meydan.tv\/az\/wp-json\/wp\/v2\/media\/115116"}],"wp:attachment":[{"href":"https:\/\/www.meydan.tv\/az\/wp-json\/wp\/v2\/media?parent=193731"}],"wp:term":[{"taxonomy":"category","embeddable":true,"href":"https:\/\/www.meydan.tv\/az\/wp-json\/wp\/v2\/categories?post=193731"},{"taxonomy":"post_tag","embeddable":true,"href":"https:\/\/www.meydan.tv\/az\/wp-json\/wp\/v2\/tags?post=193731"}],"curies":[{"name":"wp","href":"https:\/\/api.w.org\/{rel}","templated":true}]}}