{"id":193729,"date":"2019-01-29T16:49:10","date_gmt":"2019-01-29T16:49:10","guid":{"rendered":"https:\/\/www.meydan.tv\/article\/qaracaylinin-sonuncu-sakini-de-kendden-cixarilir\/"},"modified":"2019-01-29T16:49:10","modified_gmt":"2019-01-29T16:49:10","slug":"qaracaylinin-sonuncu-sakini-de-kendden-cixarilir","status":"publish","type":"post","link":"https:\/\/www.meydan.tv\/az\/article\/qaracaylinin-sonuncu-sakini-de-kendden-cixarilir\/","title":{"rendered":"Qara\u00e7ayl\u0131n\u0131n sonuncu sakini d\u0259 k\u0259ndd\u0259n \u00e7\u0131xar\u0131l\u0131r"},"content":{"rendered":"<figure class=\"wp-block-image size-large\">\n  <img decoding=\"async\" src=\"https:\/\/www.meydan.tv\/az\/kend-sakininin-yasadigi-yer\/\" alt=\"K\u0259nd sakininin ya\u015fad\u0131\u011f\u0131 yer\" class=\"wp-image-116829\"\/><figcaption>\n    K\u0259nd sakininin ya\u015fad\u0131\u011f\u0131 yer<br \/>\n  <\/figcaption><\/figure>\n<p>\n  <i><br \/>\n    Tahir R\u0259sulov: H\u0259r\u0259ni bir yolla k\u0259ndd\u0259n qa\u00e7\u0131rtd\u0131lar, n\u00f6vb\u0259 biz\u0259 \u00e7at\u0131b<br \/>\n  <\/i>\n<\/p>\n<p>\n  \u201cH\u0259r\u0259ni bir yolla k\u0259ndd\u0259n qa\u00e7\u0131rtd\u0131lar. \u0130ndi d\u0259 a\u011f\u0131r texnikalar\u0131 sal\u0131b t\u0259s\u0259rr\u00fcfat\u0131m\u0131 alt-\u00fcst edibl\u0259r. H\u0259r g\u00fcn ya\u015fad\u0131\u011f\u0131m\u0131z yeri s\u00f6km\u0259y\u0259 g\u0259lirl\u0259r. Traktorlar\u0131n qar\u015f\u0131s\u0131n\u0131 al\u0131r\u0131q, imkan vermirik. Deyirl\u0259r, \u00e7\u0131x\u0131n burdan&#8230; Ancaq n\u0259 kompensasiya \u00f6d\u0259yirl\u0259r, n\u0259 ba\u015fqa yer\u0259 yerl\u0259\u015fdirirl\u0259r. Qalm\u0131\u015f\u0131q ortal\u0131qda&#8230;\u201d\n<\/p>\n<p>\n  Bunu Meydan TV-y\u0259 \u015eabran\u0131n Qara\u00e7ayl\u0131 k\u0259nd sakini Mirtahir R\u0259sulov deyir. Onun s\u00f6zl\u0259rin\u0259 g\u00f6r\u0259, ail\u0259si il\u0259 birlikd\u0259 ya\u015fad\u0131\u011f\u0131 v\u0259 t\u0259s\u0259rr\u00fcfatla m\u0259\u015f\u011ful oldu\u011fu yerd\u0259n \u00e7\u0131xar\u0131l\u0131r.\n<\/p>\n<blockquote><p>\n  \u018fkdiyim a\u011faclar\u0131 k\u00f6k\u00fcnd\u0259n qopar\u0131b atd\u0131lar\n<\/p><\/blockquote>\n<p>\n  Yerli icra hakimiyy\u0259ti sakin\u0259 bildirib ki, burada daha irimiqyasl\u0131 k\u0259nd t\u0259s\u0259rr\u00fcfat\u0131n\u0131n yarad\u0131lmas\u0131 n\u0259z\u0259rd\u0259 tutulub dey\u0259 \u0259razi bo\u015fald\u0131lmal\u0131d\u0131r:\n<\/p>\n<p>\n  \u201cDeyirl\u0259r, burda aqropark sal\u0131nacaq. Yax\u015f\u0131 ed\u0259c\u0259kl\u0259r, n\u0259 deyir\u0259m ki, Allah xeyirli el\u0259sin. Ancaq he\u00e7 olmasa, bizi d\u0259 v\u0259t\u0259nda\u015f olaraq n\u0259z\u0259r\u0259 als\u0131nlar. \u0130ll\u0259rdir ki, burada t\u0259s\u0259rr\u00fcfat yaratm\u0131\u015fam, h\u0259m ya\u015fay\u0131r, h\u0259m t\u0259s\u0259rr\u00fcfatla m\u0259\u015f\u011ful oluram. \u018fkdiyim a\u011faclar\u0131 k\u00f6k\u00fcnd\u0259n qopar\u0131b tullad\u0131lar. He\u00e7 z\u0259r\u0259rini d\u0259 hesablamad\u0131lar\u201d.\n<\/p>\n<blockquote><p>\n  Heyvanlar\u0131n \u00e7aya d\u00fc\u015f\u00fcrm\u0259sin\u0259 imkan vermirl\u0259r\n<\/p><\/blockquote>\n<p>\n  Mirtahir R\u0259sulovun ya\u015fad\u0131\u011f\u0131 v\u0259 heyvandarl\u0131qla m\u0259\u015f\u011ful oldu\u011fu \u0259raziy\u0259 g\u0259l\u0259n suyu k\u0259sibl\u0259r, \u0259razini torla hasarlay\u0131blar:\n<\/p>\n<p>\n  \u201c\u0130ki ayd\u0131r heyvanlar\u0131 otaqma\u011fa yer yoxdur, t\u00f6vl\u0259d\u0259 qal\u0131blar. Bizd\u0259n a\u015fa\u011f\u0131da V\u0259lv\u0259l\u0259 \u00e7ay\u0131d\u0131r, ancaq heyvanlar\u0131n ora d\u00fc\u015f\u00fcrm\u0259sin\u0259 imkan vermirl\u0259r. \u018ftraf\u0131m\u0131z\u0131 tora al\u0131blar. Yolumuzu h\u0259r t\u0259r\u0259fd\u0259n ba\u011flay\u0131blar. H\u0259m \u00f6z\u00fcm\u00fcz\u0259, h\u0259m d\u0259 heyvanlara suyu uzaq m\u0259saf\u0259l\u0259rd\u0259n qablarla da\u015f\u0131y\u0131b g\u0259tiririk. S\u00f6z\u00fcn \u0259sl m\u0259nas\u0131nda bizi blokadaya al\u0131blar\u201d.\n<\/p>\n<p>\n  Qara\u00e7ayl\u0131 k\u0259ndinin el\u0259 d\u0259 \u00e7ox sakini olmay\u0131b. Yax\u0131n vaxtlarad\u0259k vur-tut bir ne\u00e7\u0259 ail\u0259 ya\u015fay\u0131b. Bu yax\u0131nlarda k\u0259nd\u0259 g\u0259l\u0259n yerli icra hakimiyy\u0259tinin n\u00fcmay\u0259nd\u0259l\u0259ri sakinl\u0259r\u0259 bildiribl\u0259r ki, h\u00f6kum\u0259t \u0259razid\u0259 iri t\u0259s\u0259rr\u00fcfat yarad\u0131r.\n<\/p>\n<blockquote><p>\n  Ham\u0131 \u015f\u0259raitsizlikd\u0259n k\u00f6\u00e7\u00fcb getdi\n<\/p><\/blockquote>\n<p>\n  \u201cB\u00f6y\u00fck k\u0259nd idi, ail\u0259l\u0259r \u00e7ox idi. Burdan h\u0259rbi xidm\u0259t\u0259 \u00e7a\u011f\u0131r\u0131\u015f\u00e7\u0131 da olub. \u015e\u0259xsiyy\u0259t v\u0259siq\u0259l\u0259rimizd\u0259 d\u0259 qeydiyyat\u0131m\u0131z bu k\u0259nd\u0259dir. Sad\u0259c\u0259, \u015f\u0259raitsizlikd\u0259n \u00e7oxu k\u00f6\u00e7\u00fcb getdi. Son vaxtlar 4-5 ev qalm\u0131\u015fd\u0131. Sonra iki ev qald\u0131, biri bizim, biri d\u0259 qon\u015fumun&#8230; Qon\u015fumu h\u0259d\u0259l\u0259dil\u0259r, evini qoyub getdi, t\u0259k biz qald\u0131q. He\u00e7 bizim d\u0259 burda qalmaq fikrimiz yoxdur. Ancaq hara ged\u0259k? Yeri olanlar getdi, bizim getm\u0259y\u0259 yerimiz yoxdur. \u0130ll\u0259rl\u0259 qurdu\u011fum t\u0259s\u0259rr\u00fcfat\u0131 da\u011f\u0131d\u0131r, kompensasiya \u00f6d\u0259mir. Tikdiyim, ill\u0259rl\u0259 i\u00e7\u0259risind\u0259 ya\u015fad\u0131\u011f\u0131m evimi da\u011f\u0131d\u0131r, kompensasiya \u00f6d\u0259mir&#8230;\u201d\n<\/p>\n<p>\n  \u015eabran Rayon \u0130cra Hakimiyy\u0259tind\u0259n Meydan TV-y\u0259 bildirilib ki, Qara\u00e7ayl\u0131da yaln\u0131z bir ail\u0259 qald\u0131\u011f\u0131ndan h\u00f6kum\u0259t \u0259razini t\u0259s\u0259rr\u00fcfat sah\u0259sin\u0259 \u00e7evirm\u0259yi planla\u015fd\u0131r\u0131r. Mirtahir R\u0259sulova t\u0259s\u0259rr\u00fcfat\u0131n\u0131 k\u00f6\u00e7\u00fcrm\u0259k \u00fc\u00e7\u00fcn bir ne\u00e7\u0259 yer t\u0259klif olunsa da, raz\u0131la\u015fm\u0131r. Haz\u0131rda icra hakimiyy\u0259ti v\u0259t\u0259nda\u015f\u0131 raz\u0131 salmaq \u00fc\u00e7\u00fcn ba\u015fqa variantlar\u0131 n\u0259z\u0259rd\u0259n ke\u00e7irir.<\/p>\n","protected":false},"excerpt":{"rendered":"<p>Tahir R\u0259sulov: H\u0259r\u0259ni bir yolla k\u0259ndd\u0259n qa\u00e7\u0131rtd\u0131lar, n\u00f6vb\u0259 biz\u0259 \u00e7at\u0131b<\/p>\n","protected":false},"author":11,"featured_media":116829,"comment_status":"closed","ping_status":"open","sticky":false,"template":"","format":"standard","meta":{"_acf_changed":false,"_sitemap_exclude":false,"_sitemap_priority":"","_sitemap_frequency":"","footnotes":""},"categories":[60],"tags":[],"class_list":["post-193729","post","type-post","status-publish","format-standard","has-post-thumbnail","hentry","category-bolge","infinite-scroll-item","generate-columns","tablet-grid-50","mobile-grid-100","grid-parent","grid-33","no-featured-image-padding"],"acf":[],"yoast_head":"<!-- This site is optimized with the Yoast SEO plugin v27.4 - https:\/\/yoast.com\/product\/yoast-seo-wordpress\/ -->\n<title>Qara\u00e7ayl\u0131n\u0131n sonuncu sakini d\u0259 k\u0259ndd\u0259n \u00e7\u0131xar\u0131l\u0131r - MEYDAN.TV<\/title>\n<meta name=\"robots\" content=\"index, follow, max-snippet:-1, max-image-preview:large, max-video-preview:-1\" \/>\n<link rel=\"canonical\" href=\"https:\/\/www.meydan.tv\/az\/article\/qaracaylinin-sonuncu-sakini-de-kendden-cixarilir\/\" \/>\n<meta property=\"og:locale\" content=\"az_AZ\" \/>\n<meta property=\"og:type\" content=\"article\" \/>\n<meta property=\"og:title\" content=\"Qara\u00e7ayl\u0131n\u0131n sonuncu sakini d\u0259 k\u0259ndd\u0259n \u00e7\u0131xar\u0131l\u0131r - MEYDAN.TV\" \/>\n<meta property=\"og:description\" content=\"Tahir R\u0259sulov: H\u0259r\u0259ni bir yolla k\u0259ndd\u0259n qa\u00e7\u0131rtd\u0131lar, n\u00f6vb\u0259 biz\u0259 \u00e7at\u0131b\" \/>\n<meta property=\"og:url\" content=\"https:\/\/www.meydan.tv\/az\/article\/qaracaylinin-sonuncu-sakini-de-kendden-cixarilir\/\" \/>\n<meta property=\"og:site_name\" content=\"MEYDAN.TV\" \/>\n<meta property=\"article:published_time\" content=\"2019-01-29T16:49:10+00:00\" \/>\n<meta property=\"og:image\" content=\"https:\/\/www.meydan.tv\/wp-content\/uploads\/46569.png\" \/>\n\t<meta property=\"og:image:width\" content=\"1117\" \/>\n\t<meta property=\"og:image:height\" content=\"652\" \/>\n\t<meta property=\"og:image:type\" content=\"image\/png\" \/>\n<meta name=\"author\" content=\"user-manager\" \/>\n<meta name=\"twitter:card\" content=\"summary_large_image\" \/>\n<script type=\"application\/ld+json\" class=\"yoast-schema-graph\">{\"@context\":\"https:\\\/\\\/schema.org\",\"@graph\":[{\"@type\":\"Article\",\"@id\":\"https:\\\/\\\/www.meydan.tv\\\/az\\\/article\\\/qaracaylinin-sonuncu-sakini-de-kendden-cixarilir\\\/#article\",\"isPartOf\":{\"@id\":\"https:\\\/\\\/www.meydan.tv\\\/az\\\/article\\\/qaracaylinin-sonuncu-sakini-de-kendden-cixarilir\\\/\"},\"author\":{\"name\":\"user-manager\",\"@id\":\"https:\\\/\\\/www.meydan.tv\\\/az\\\/#\\\/schema\\\/person\\\/10d11eccf6da3662cf5fdab9806ea91a\"},\"headline\":\"Qara\u00e7ayl\u0131n\u0131n sonuncu sakini d\u0259 k\u0259ndd\u0259n \u00e7\u0131xar\u0131l\u0131r\",\"datePublished\":\"2019-01-29T16:49:10+00:00\",\"mainEntityOfPage\":{\"@id\":\"https:\\\/\\\/www.meydan.tv\\\/az\\\/article\\\/qaracaylinin-sonuncu-sakini-de-kendden-cixarilir\\\/\"},\"wordCount\":644,\"publisher\":{\"@id\":\"https:\\\/\\\/www.meydan.tv\\\/az\\\/#organization\"},\"image\":{\"@id\":\"https:\\\/\\\/www.meydan.tv\\\/az\\\/article\\\/qaracaylinin-sonuncu-sakini-de-kendden-cixarilir\\\/#primaryimage\"},\"thumbnailUrl\":\"https:\\\/\\\/www.meydan.tv\\\/wp-content\\\/uploads\\\/46569.png\",\"articleSection\":[\"B\u00f6lg\u0259\"],\"inLanguage\":\"az\"},{\"@type\":\"WebPage\",\"@id\":\"https:\\\/\\\/www.meydan.tv\\\/az\\\/article\\\/qaracaylinin-sonuncu-sakini-de-kendden-cixarilir\\\/\",\"url\":\"https:\\\/\\\/www.meydan.tv\\\/az\\\/article\\\/qaracaylinin-sonuncu-sakini-de-kendden-cixarilir\\\/\",\"name\":\"Qara\u00e7ayl\u0131n\u0131n sonuncu sakini d\u0259 k\u0259ndd\u0259n \u00e7\u0131xar\u0131l\u0131r - MEYDAN.TV\",\"isPartOf\":{\"@id\":\"https:\\\/\\\/www.meydan.tv\\\/az\\\/#website\"},\"primaryImageOfPage\":{\"@id\":\"https:\\\/\\\/www.meydan.tv\\\/az\\\/article\\\/qaracaylinin-sonuncu-sakini-de-kendden-cixarilir\\\/#primaryimage\"},\"image\":{\"@id\":\"https:\\\/\\\/www.meydan.tv\\\/az\\\/article\\\/qaracaylinin-sonuncu-sakini-de-kendden-cixarilir\\\/#primaryimage\"},\"thumbnailUrl\":\"https:\\\/\\\/www.meydan.tv\\\/wp-content\\\/uploads\\\/46569.png\",\"datePublished\":\"2019-01-29T16:49:10+00:00\",\"breadcrumb\":{\"@id\":\"https:\\\/\\\/www.meydan.tv\\\/az\\\/article\\\/qaracaylinin-sonuncu-sakini-de-kendden-cixarilir\\\/#breadcrumb\"},\"inLanguage\":\"az\",\"potentialAction\":[{\"@type\":\"ReadAction\",\"target\":[\"https:\\\/\\\/www.meydan.tv\\\/az\\\/article\\\/qaracaylinin-sonuncu-sakini-de-kendden-cixarilir\\\/\"]}]},{\"@type\":\"ImageObject\",\"inLanguage\":\"az\",\"@id\":\"https:\\\/\\\/www.meydan.tv\\\/az\\\/article\\\/qaracaylinin-sonuncu-sakini-de-kendden-cixarilir\\\/#primaryimage\",\"url\":\"https:\\\/\\\/www.meydan.tv\\\/wp-content\\\/uploads\\\/46569.png\",\"contentUrl\":\"https:\\\/\\\/www.meydan.tv\\\/wp-content\\\/uploads\\\/46569.png\",\"width\":1117,\"height\":652,\"caption\":\"Source:\"},{\"@type\":\"BreadcrumbList\",\"@id\":\"https:\\\/\\\/www.meydan.tv\\\/az\\\/article\\\/qaracaylinin-sonuncu-sakini-de-kendden-cixarilir\\\/#breadcrumb\",\"itemListElement\":[{\"@type\":\"ListItem\",\"position\":1,\"name\":\"Ana s\u0259hif\u0259\",\"item\":\"https:\\\/\\\/www.meydan.tv\\\/az\\\/\"},{\"@type\":\"ListItem\",\"position\":2,\"name\":\"B\u00f6lg\u0259\",\"item\":\"https:\\\/\\\/www.meydan.tv\\\/az\\\/section\\\/bolge\\\/\"},{\"@type\":\"ListItem\",\"position\":3,\"name\":\"Qara\u00e7ayl\u0131n\u0131n sonuncu sakini d\u0259 k\u0259ndd\u0259n \u00e7\u0131xar\u0131l\u0131r\"}]},{\"@type\":\"WebSite\",\"@id\":\"https:\\\/\\\/www.meydan.tv\\\/az\\\/#website\",\"url\":\"https:\\\/\\\/www.meydan.tv\\\/az\\\/\",\"name\":\"MEYDAN.TV\",\"description\":\"Meydan TV Az\u0259rbaycan\u0131n media m\u0259kan\u0131ndak\u0131 alternativ s\u0259sidir\",\"publisher\":{\"@id\":\"https:\\\/\\\/www.meydan.tv\\\/az\\\/#organization\"},\"potentialAction\":[{\"@type\":\"SearchAction\",\"target\":{\"@type\":\"EntryPoint\",\"urlTemplate\":\"https:\\\/\\\/www.meydan.tv\\\/az\\\/?s={search_term_string}\"},\"query-input\":{\"@type\":\"PropertyValueSpecification\",\"valueRequired\":true,\"valueName\":\"search_term_string\"}}],\"inLanguage\":\"az\"},{\"@type\":\"Organization\",\"@id\":\"https:\\\/\\\/www.meydan.tv\\\/az\\\/#organization\",\"name\":\"Meydan TV\",\"url\":\"https:\\\/\\\/www.meydan.tv\\\/az\\\/\",\"logo\":{\"@type\":\"ImageObject\",\"inLanguage\":\"az\",\"@id\":\"https:\\\/\\\/www.meydan.tv\\\/az\\\/#\\\/schema\\\/logo\\\/image\\\/\",\"url\":\"https:\\\/\\\/www.meydan.tv\\\/wp-content\\\/uploads\\\/2021\\\/07\\\/meydan-logo.svg\",\"contentUrl\":\"https:\\\/\\\/www.meydan.tv\\\/wp-content\\\/uploads\\\/2021\\\/07\\\/meydan-logo.svg\",\"width\":195,\"height\":46,\"caption\":\"Meydan TV\"},\"image\":{\"@id\":\"https:\\\/\\\/www.meydan.tv\\\/az\\\/#\\\/schema\\\/logo\\\/image\\\/\"}},{\"@type\":\"Person\",\"@id\":\"https:\\\/\\\/www.meydan.tv\\\/az\\\/#\\\/schema\\\/person\\\/10d11eccf6da3662cf5fdab9806ea91a\",\"name\":\"user-manager\"}]}<\/script>\n<!-- \/ Yoast SEO plugin. -->","yoast_head_json":{"title":"Qara\u00e7ayl\u0131n\u0131n sonuncu sakini d\u0259 k\u0259ndd\u0259n \u00e7\u0131xar\u0131l\u0131r - MEYDAN.TV","robots":{"index":"index","follow":"follow","max-snippet":"max-snippet:-1","max-image-preview":"max-image-preview:large","max-video-preview":"max-video-preview:-1"},"canonical":"https:\/\/www.meydan.tv\/az\/article\/qaracaylinin-sonuncu-sakini-de-kendden-cixarilir\/","og_locale":"az_AZ","og_type":"article","og_title":"Qara\u00e7ayl\u0131n\u0131n sonuncu sakini d\u0259 k\u0259ndd\u0259n \u00e7\u0131xar\u0131l\u0131r - MEYDAN.TV","og_description":"Tahir R\u0259sulov: H\u0259r\u0259ni bir yolla k\u0259ndd\u0259n qa\u00e7\u0131rtd\u0131lar, n\u00f6vb\u0259 biz\u0259 \u00e7at\u0131b","og_url":"https:\/\/www.meydan.tv\/az\/article\/qaracaylinin-sonuncu-sakini-de-kendden-cixarilir\/","og_site_name":"MEYDAN.TV","article_published_time":"2019-01-29T16:49:10+00:00","og_image":[{"width":1117,"height":652,"url":"https:\/\/www.meydan.tv\/wp-content\/uploads\/46569.png","type":"image\/png"}],"author":"user-manager","twitter_card":"summary_large_image","schema":{"@context":"https:\/\/schema.org","@graph":[{"@type":"Article","@id":"https:\/\/www.meydan.tv\/az\/article\/qaracaylinin-sonuncu-sakini-de-kendden-cixarilir\/#article","isPartOf":{"@id":"https:\/\/www.meydan.tv\/az\/article\/qaracaylinin-sonuncu-sakini-de-kendden-cixarilir\/"},"author":{"name":"user-manager","@id":"https:\/\/www.meydan.tv\/az\/#\/schema\/person\/10d11eccf6da3662cf5fdab9806ea91a"},"headline":"Qara\u00e7ayl\u0131n\u0131n sonuncu sakini d\u0259 k\u0259ndd\u0259n \u00e7\u0131xar\u0131l\u0131r","datePublished":"2019-01-29T16:49:10+00:00","mainEntityOfPage":{"@id":"https:\/\/www.meydan.tv\/az\/article\/qaracaylinin-sonuncu-sakini-de-kendden-cixarilir\/"},"wordCount":644,"publisher":{"@id":"https:\/\/www.meydan.tv\/az\/#organization"},"image":{"@id":"https:\/\/www.meydan.tv\/az\/article\/qaracaylinin-sonuncu-sakini-de-kendden-cixarilir\/#primaryimage"},"thumbnailUrl":"https:\/\/www.meydan.tv\/wp-content\/uploads\/46569.png","articleSection":["B\u00f6lg\u0259"],"inLanguage":"az"},{"@type":"WebPage","@id":"https:\/\/www.meydan.tv\/az\/article\/qaracaylinin-sonuncu-sakini-de-kendden-cixarilir\/","url":"https:\/\/www.meydan.tv\/az\/article\/qaracaylinin-sonuncu-sakini-de-kendden-cixarilir\/","name":"Qara\u00e7ayl\u0131n\u0131n sonuncu sakini d\u0259 k\u0259ndd\u0259n \u00e7\u0131xar\u0131l\u0131r - MEYDAN.TV","isPartOf":{"@id":"https:\/\/www.meydan.tv\/az\/#website"},"primaryImageOfPage":{"@id":"https:\/\/www.meydan.tv\/az\/article\/qaracaylinin-sonuncu-sakini-de-kendden-cixarilir\/#primaryimage"},"image":{"@id":"https:\/\/www.meydan.tv\/az\/article\/qaracaylinin-sonuncu-sakini-de-kendden-cixarilir\/#primaryimage"},"thumbnailUrl":"https:\/\/www.meydan.tv\/wp-content\/uploads\/46569.png","datePublished":"2019-01-29T16:49:10+00:00","breadcrumb":{"@id":"https:\/\/www.meydan.tv\/az\/article\/qaracaylinin-sonuncu-sakini-de-kendden-cixarilir\/#breadcrumb"},"inLanguage":"az","potentialAction":[{"@type":"ReadAction","target":["https:\/\/www.meydan.tv\/az\/article\/qaracaylinin-sonuncu-sakini-de-kendden-cixarilir\/"]}]},{"@type":"ImageObject","inLanguage":"az","@id":"https:\/\/www.meydan.tv\/az\/article\/qaracaylinin-sonuncu-sakini-de-kendden-cixarilir\/#primaryimage","url":"https:\/\/www.meydan.tv\/wp-content\/uploads\/46569.png","contentUrl":"https:\/\/www.meydan.tv\/wp-content\/uploads\/46569.png","width":1117,"height":652,"caption":"Source:"},{"@type":"BreadcrumbList","@id":"https:\/\/www.meydan.tv\/az\/article\/qaracaylinin-sonuncu-sakini-de-kendden-cixarilir\/#breadcrumb","itemListElement":[{"@type":"ListItem","position":1,"name":"Ana s\u0259hif\u0259","item":"https:\/\/www.meydan.tv\/az\/"},{"@type":"ListItem","position":2,"name":"B\u00f6lg\u0259","item":"https:\/\/www.meydan.tv\/az\/section\/bolge\/"},{"@type":"ListItem","position":3,"name":"Qara\u00e7ayl\u0131n\u0131n sonuncu sakini d\u0259 k\u0259ndd\u0259n \u00e7\u0131xar\u0131l\u0131r"}]},{"@type":"WebSite","@id":"https:\/\/www.meydan.tv\/az\/#website","url":"https:\/\/www.meydan.tv\/az\/","name":"MEYDAN.TV","description":"Meydan TV Az\u0259rbaycan\u0131n media m\u0259kan\u0131ndak\u0131 alternativ s\u0259sidir","publisher":{"@id":"https:\/\/www.meydan.tv\/az\/#organization"},"potentialAction":[{"@type":"SearchAction","target":{"@type":"EntryPoint","urlTemplate":"https:\/\/www.meydan.tv\/az\/?s={search_term_string}"},"query-input":{"@type":"PropertyValueSpecification","valueRequired":true,"valueName":"search_term_string"}}],"inLanguage":"az"},{"@type":"Organization","@id":"https:\/\/www.meydan.tv\/az\/#organization","name":"Meydan TV","url":"https:\/\/www.meydan.tv\/az\/","logo":{"@type":"ImageObject","inLanguage":"az","@id":"https:\/\/www.meydan.tv\/az\/#\/schema\/logo\/image\/","url":"https:\/\/www.meydan.tv\/wp-content\/uploads\/2021\/07\/meydan-logo.svg","contentUrl":"https:\/\/www.meydan.tv\/wp-content\/uploads\/2021\/07\/meydan-logo.svg","width":195,"height":46,"caption":"Meydan TV"},"image":{"@id":"https:\/\/www.meydan.tv\/az\/#\/schema\/logo\/image\/"}},{"@type":"Person","@id":"https:\/\/www.meydan.tv\/az\/#\/schema\/person\/10d11eccf6da3662cf5fdab9806ea91a","name":"user-manager"}]}},"_links":{"self":[{"href":"https:\/\/www.meydan.tv\/az\/wp-json\/wp\/v2\/posts\/193729","targetHints":{"allow":["GET"]}}],"collection":[{"href":"https:\/\/www.meydan.tv\/az\/wp-json\/wp\/v2\/posts"}],"about":[{"href":"https:\/\/www.meydan.tv\/az\/wp-json\/wp\/v2\/types\/post"}],"author":[{"embeddable":true,"href":"https:\/\/www.meydan.tv\/az\/wp-json\/wp\/v2\/users\/11"}],"replies":[{"embeddable":true,"href":"https:\/\/www.meydan.tv\/az\/wp-json\/wp\/v2\/comments?post=193729"}],"version-history":[{"count":0,"href":"https:\/\/www.meydan.tv\/az\/wp-json\/wp\/v2\/posts\/193729\/revisions"}],"wp:featuredmedia":[{"embeddable":true,"href":"https:\/\/www.meydan.tv\/az\/wp-json\/wp\/v2\/media\/116829"}],"wp:attachment":[{"href":"https:\/\/www.meydan.tv\/az\/wp-json\/wp\/v2\/media?parent=193729"}],"wp:term":[{"taxonomy":"category","embeddable":true,"href":"https:\/\/www.meydan.tv\/az\/wp-json\/wp\/v2\/categories?post=193729"},{"taxonomy":"post_tag","embeddable":true,"href":"https:\/\/www.meydan.tv\/az\/wp-json\/wp\/v2\/tags?post=193729"}],"curies":[{"name":"wp","href":"https:\/\/api.w.org\/{rel}","templated":true}]}}