{"id":193716,"date":"2019-01-28T19:59:40","date_gmt":"2019-01-28T19:59:40","guid":{"rendered":"https:\/\/www.meydan.tv\/article\/muharibe-istirakcisi-qelpeler-meni-oldurmeyibse-teqsirkaram\/"},"modified":"2019-01-28T19:59:40","modified_gmt":"2019-01-28T19:59:40","slug":"muharibe-istirakcisi-qelpeler-meni-oldurmeyibse-teqsirkaram","status":"publish","type":"post","link":"https:\/\/www.meydan.tv\/az\/article\/muharibe-istirakcisi-qelpeler-meni-oldurmeyibse-teqsirkaram\/","title":{"rendered":"M\u00fcharib\u0259 i\u015ftirak\u00e7\u0131s\u0131: Q\u0259lp\u0259l\u0259r m\u0259ni \u00f6ld\u00fcrm\u0259yibs\u0259, t\u0259qsirkaram?"},"content":{"rendered":"<figure class=\"wp-block-image size-large\">\n  <img decoding=\"async\" src=\"https:\/\/www.meydan.tv\/az\/nicat-tamazov\/\" alt=\"Nicat Tamazov\" class=\"wp-image-116760\"\/><figcaption>\n    Nicat Tamazov<br \/>\n  <\/figcaption><\/figure>\n<p>\n  <i><br \/>\n    &#8221;Bu torpaq u\u011frunda qan ax\u0131danlar qal\u0131b, m\u00fcharib\u0259d\u0259 vuru\u015fmayanlar firavan ya\u015fay\u0131rlar&#8221;<br \/>\n  <\/i>\n<\/p>\n<p>\n  &#8220;Bayra\u011f\u0131n\u0131 qolunda sar\u011f\u0131 el\u0259, m\u00fcharib\u0259d\u0259 vuru\u015f, amma q\u0259dir-qiym\u0259tin bilinm\u0259sin. V\u0259t\u0259n u\u011frunda yar\u0131mcan ol, sonra da yuyulmu\u015f \u0259ski kimi at\u0131l k\u0259nara&#8230; G\u00f6rd\u00fcy\u00fcm haqs\u0131zl\u0131q m\u0259n\u0259 \u00e7ox pis t\u0259sir edir&#8221;.\n<\/p>\n<p>\n  Bu s\u00f6zl\u0259ri Meydan TV-y\u0259 Qax rayonu, Z\u0259y\u0259m k\u0259nd sakini 1974-c\u00fc il t\u0259v\u0259ll\u00fcdl\u00fc Nicat Haqverdi o\u011flu Tamazov deyir. S\u00f6yl\u0259yir ki, 1992-ci ild\u0259 Qax Rayon H\u0259rbi Komissarl\u0131\u011f\u0131 t\u0259r\u0259find\u0259n h\u0259rbi xidm\u0259t\u0259 \u00e7a\u011fr\u0131l\u0131b. 1993-c\u00fc ilin iyulun 6-da A\u011fdam\u0131n X\u0131d\u0131rl\u0131 k\u0259ndind\u0259 ged\u0259n d\u00f6y\u00fc\u015fl\u0259r zaman\u0131 yaralan\u0131b. 251 sayl\u0131 h\u0259rbi hiss\u0259d\u0259 m\u00fcayin\u0259 v\u0259 m\u00fcalic\u0259 olunub.\n<\/p>\n<p>\n  &#8220;Qrad m\u0259rmisi m\u0259nd\u0259n t\u0259xmin\u0259n 5-10 metr k\u0259nara d\u00fc\u015fd\u00fc, partlad\u0131. Q\u0259lp\u0259l\u0259r qoluma, ba\u015f\u0131ma, b\u0259d\u0259nim\u0259 doldu. H\u0259r iki bazunun yum\u015faq toxumalar\u0131, b\u0259d\u0259nin \u00e7oxsayl\u0131 q\u0259lp\u0259 yaralanmas\u0131 il\u0259 m\u00fcalic\u0259 olunmu\u015fam. Kontuziyam var, ald\u0131\u011f\u0131m x\u0259sar\u0259t n\u0259tic\u0259sind\u0259 orqanizmim \u00fcmumi olaraq z\u0259ifl\u0259yib. He\u00e7 bir fiziki i\u015fl\u0259 m\u0259\u015f\u011ful ola bilmir\u0259m. Q\u0259lp\u0259l\u0259ri d\u0259 b\u0259d\u0259nimd\u0259n \u00e7\u0131xarmaq olmaz, h\u0259kiml\u0259r deyir ki, \u00f6l\u00fcm t\u0259hl\u00fck\u0259si yarana bil\u0259r. \u0130st\u0259yim odur ki, can\u0131m\u0131 v\u0259t\u0259n yolunda qoydu\u011fum d\u00f6vl\u0259tim m\u0259n\u0259 \u0259lillik d\u0259r\u0259c\u0259si versin, ail\u0259mi doland\u0131r bilim&#8221;, &#8211; Nicat Tahmazov bel\u0259 deyir.\n<\/p>\n<figure class=\"wp-block-image size-large\">\n  <img decoding=\"async\" src=\"https:\/\/www.meydan.tv\/az\/116763\/\" alt=\"\" class=\"wp-image-116763\"\/><figcaption><\/figcaption><\/figure>\n<p>\n  Bildirir ki, \u0259lind\u0259 x\u0259sar\u0259t almas\u0131 il\u0259 ba\u011fl\u0131 tibbi-r\u0259y var. Amma \u0259lillik v\u0259ziyy\u0259tinin m\u00fc\u0259yy\u0259n olunmas\u0131na g\u00f6r\u0259 d\u0259f\u0259l\u0259rl\u0259 s\u0259lahiyy\u0259tli orqanlara etdiyi m\u00fcraci\u0259tl\u0259ri n\u0259tic\u0259siz qal\u0131b:\n<\/p>\n<p>\n  &#8220;S\u0259n\u0259dd\u0259 g\u00f6st\u0259rilib ki, h\u0259qiq\u0259t\u0259n d\u0259 Az\u0259rabaycan\u0131n m\u00fcdafi\u0259si zaman\u0131 h\u0259rbi travma alm\u0131\u015fam. 2012-ci ild\u0259 Qax Rayonu \u00fczr\u0259 Tibbi-Sosial Ekspert Kommisiyas\u0131na m\u00fcraci\u0259t etdim. S\u0259n\u0259dl\u0259rim\u0259 bax\u0131b, dedil\u0259r ki, s\u0259n\u0259 \u0259lillik d\u00fc\u015fm\u00fcr, amma 3 min manat g\u0259tir, m\u0259s\u0259l\u0259ni h\u0259ll ed\u0259k. Ondan sonra ruhdan d\u00fc\u015fd\u00fcm, bir daha maraqlanmad\u0131m bu i\u015fl\u0259. Amma getdikc\u0259, s\u0259hh\u0259tim daha da pisl\u0259\u015fir. M\u00fcalic\u0259 oluna bilmir\u0259m. \u00d6z\u00fcmd\u0259n as\u0131l\u0131 deyil, s\u0259hh\u0259tim a\u011f\u0131rla\u015fd\u0131qca, daha aqressiv v\u0259 \u0259s\u0259bi oluram. U\u015faqlar evd\u0259 oynay\u0131r, \u0259s\u0259bl\u0259\u015fir\u0259m. Bu da m\u0259nim \u00f6z\u00fcmd\u0259n as\u0131l\u0131 olan bir \u015fey deyil. M\u0259n evd\u0259 olanda ham\u0131 sakit dayan\u0131r ki, birc\u0259 \u0259s\u0259bl\u0259\u015fm\u0259yim. Ail\u0259 durmum \u00e7ox a\u011f\u0131rd\u0131r. Evd\u0259 i\u015fl\u0259y\u0259n yoxdur. Anamla-atam\u0131n t\u0259qa\u00fcd\u00fc il\u0259 dolan\u0131r\u0131q. Anam \u015f\u0259k\u0259r x\u0259st\u0259sidir, t\u0259qa\u00fcd\u00fc il\u0259 bilmir bizi doland\u0131rs\u0131n, ya iyn\u0259-d\u0259rman\u0131n\u0131 als\u0131n. Aya\u011f\u0131 2-3 d\u0259f\u0259 qanqren edib. Dolan\u0131\u015f\u0131q \u00e7ox \u00e7\u0259tindir, h\u0259yat yolda\u015f\u0131m da i\u015fl\u0259mir&#8221;.\n<\/p>\n<p>\n  &#8220;Bu torpaq u\u011frunda qan ax\u0131danlar, can\u0131ndan ke\u00e7\u0259nl\u0259r k\u0259narda qal\u0131b, lakin m\u00fcharib\u0259d\u0259 vuru\u015fmayanlar haz\u0131rda firavan ya\u015fay\u0131rlar. M\u0259nim d\u0259 haqq\u0131md\u0131r, bu \u00f6lk\u0259nin v\u0259t\u0259nda\u015f\u0131yam. Bu torpa\u011f\u0131 m\u00fcdafi\u0259 etmi\u015f\u0259m, \u00f6l\u00fcmd\u0259n qay\u0131tm\u0131\u015fam. \u00d6l\u00fcm ani bir \u015feydir. Q\u0259lp\u0259l\u0259r m\u0259ni \u00f6ld\u00fcrm\u0259yibs\u0259, t\u0259qsirkaram? G\u0259r\u0259k ki, daha a\u011f\u0131r yaralanayd\u0131m, yaxud da h\u0259yat\u0131m\u0131 itir\u0259ydim?&#8221;, &#8211; \u015fikay\u0259t\u00e7i deyir.\n<\/p>\n<p>\n  Nicat Tamazovun h\u0259yat yolda\u015f\u0131 \u0130lham\u0259 Tamazova is\u0259 h\u0259tta g\u00fcnd\u0259lik x\u0259rcl\u0259rini bel\u0259, qar\u015f\u0131lama\u011fa imkanlar\u0131n\u0131n olmad\u0131\u011f\u0131n\u0131 s\u00f6yl\u0259yir:\n<\/p>\n<p>\n  &#8220;U\u015faqlar\u0131m x\u0259st\u0259l\u0259n\u0259nd\u0259, problem yarananda 5 manat pulum olmur ki, h\u0259kim\u0259 apar\u0131m, d\u0259rdin\u0259 \u00e7ar\u0259 edim. Yaxud pulumu g\u00f6t\u00fcr\u00fcm, gedim, aptekd\u0259n u\u015fa\u011f\u0131ma n\u0259s\u0259 bir d\u0259rman al\u0131m. \u00d6z\u00fcm\u00fcn d\u0259 ayaqlar\u0131mda varikoz geni\u015fl\u0259nm\u0259 var, \u0259m\u0259liyyata pul tapm\u0131ram. Tutulur, b\u0259z\u0259n evd\u0259 bel\u0259 i\u015fl\u0259y\u0259 bilmir\u0259m. Ham\u0131s\u0131 pulsuzlu\u011fun, imkans\u0131zl\u0131\u011f\u0131n n\u0259tic\u0259sidir. U\u015faqlar\u0131n \u0259yni-ba\u015f\u0131, m\u0259kt\u0259bi var. T\u0259l\u0259bat \u00e7oxdur. \u00c7ox xahi\u015f edirik ki, h\u00f6kum\u0259t yolda\u015f\u0131ma \u0259lillik d\u0259r\u0259c\u0259si versin, he\u00e7 olmasa h\u0259min pulla ya\u015fayaq, \u00f6lm\u0259y\u0259k&#8221;.\n<\/p>\n<figure class=\"wp-block-image size-large\">\n  <img decoding=\"async\" src=\"https:\/\/www.meydan.tv\/az\/116766\/\" alt=\"\" class=\"wp-image-116766\"\/><figcaption><\/figcaption><\/figure>\n<p>\n  Az\u0259rbaycan Respublikas\u0131 Nazirl\u0259r Kabinetinin 2016-c\u0131 il 11 noyabr tarixli 446 n\u00f6mr\u0259li q\u0259rar\u0131 il\u0259 Tibbi-Sosial Ekspert Komissiyalar\u0131 (TSEK) haqq\u0131nda \u0259sasnam\u0259y\u0259 edilmi\u015f d\u0259yi\u015fiklikl\u0259r\u0259 \u0259sas\u0259n, v\u0259t\u0259nda\u015flar\u0131n onlara \u0259lillik d\u0259r\u0259c\u0259l\u0259rinin t\u0259yin edilm\u0259si m\u0259qs\u0259dil\u0259 TSEK-l\u0259r\u0259 m\u00fcvafiq s\u0259n\u0259dl\u0259rl\u0259 m\u00fcraci\u0259t etm\u0259l\u0259ri, TSEK-d\u0259 m\u00fcayin\u0259 olunmaqla \u0259lilliyin qiym\u0259tl\u0259ndirilm\u0259si proseduru l\u0259\u011fv olunub.\n<\/p>\n<p>\n  \u018fm\u0259k v\u0259 \u018fhalinin Sosial M\u00fcdafi\u0259 Nazirliyi, \u018flill\u0259rin sosial m\u00fcdafi\u0259si siyas\u0259ti \u015f\u00f6b\u0259sind\u0259n Meydan TV-y\u0259 bildirilib ki, art\u0131q prosedur elektron qaydadad\u0131r:\n<\/p>\n<p>\n  &#8220;Nicat Tahmazov \u0259lillik d\u0259r\u0259c\u0259si almaq \u00fc\u00e7\u00fcn t\u0259krar olaraq, qeydiyyatda oldu\u011fu poliklinikaya yax\u0131nla\u015fmal\u0131d\u0131r. Onun g\u00f6nd\u0259ri\u015fi (forma 88) ba\u015f h\u0259kim t\u0259r\u0259find\u0259n doldurulumal\u0131 v\u0259 sistem\u0259 vurulmal\u0131d\u0131r. Bundan sonra g\u00f6nd\u0259ri\u015f S\u0259hiyy\u0259 Nazirliyind\u0259n elektron qaydada \u018fm\u0259k v\u0259 \u018fhalinin Sosial M\u00fcdafi\u0259si Nazirliyinin m\u00fcvafiq elektron sistemin\u0259 \u00f6t\u00fcr\u00fcl\u00fcr. H\u0259min s\u0259n\u0259dd\u0259 qeyd olunan x\u0259st\u0259liyin v\u0259ziyy\u0259ti bar\u0259d\u0259 m\u0259lumatlar \u0259sas\u0131nda \u015f\u0259xsin \u0259lilliyi qiym\u0259tl\u0259ndirilir v\u0259 \u0259lillik t\u0259yin olunub-olunmamas\u0131na dair q\u0259rar q\u0259bul edilir. H\u0259m\u00e7ini \u0259lillik qrupunun t\u0259yin edilib-edilm\u0259m\u0259sin\u0259 dair q\u0259rar bar\u0259d\u0259 m\u0259lumat, el\u0259c\u0259 d\u0259, \u0259lillik t\u0259yin olunmas\u0131ndan imtina olarsa, s\u0259b\u0259bi d\u0259 v\u0259t\u0259nda\u015f\u0131n elektron \u00fcnvan\u0131na v\u0259 ya telefonla mesaj vasit\u0259sil\u0259 \u00e7atd\u0131r\u0131l\u0131r. Y\u0259ni bu proses tam \u015f\u0259ffaf \u015f\u0259kild\u0259 h\u0259yata ke\u00e7irilir. \u018fg\u0259r h\u0259min \u015f\u0259xs poliklinkada olark\u0259n, &#8220;siz\u0259 \u0259lillik d\u0259r\u0259c\u0259si d\u00fc\u015fm\u00fcr, filan miqdarda pul g\u0259tirin&#8221;,- des\u0259l\u0259r, m\u00fctl\u0259q S\u0259hiyy\u0259 Nazirliyin\u0259 m\u00fcraci\u0259t edib, \u015fikay\u0259tini bildirm\u0259lidir&#8221;.\n<\/p><\/p>\n","protected":false},"excerpt":{"rendered":"<p>&#8221;Bu torpaq u\u011frunda qan ax\u0131danlar qal\u0131b, m\u00fcharib\u0259d\u0259 vuru\u015fmayanlar firavan ya\u015fay\u0131rlar&#8221;<\/p>\n","protected":false},"author":11,"featured_media":116760,"comment_status":"closed","ping_status":"open","sticky":false,"template":"","format":"standard","meta":{"_acf_changed":false,"_sitemap_exclude":false,"_sitemap_priority":"","_sitemap_frequency":"","footnotes":""},"categories":[60],"tags":[],"class_list":["post-193716","post","type-post","status-publish","format-standard","has-post-thumbnail","hentry","category-bolge","infinite-scroll-item","generate-columns","tablet-grid-50","mobile-grid-100","grid-parent","grid-33","no-featured-image-padding"],"acf":[],"yoast_head":"<!-- This site is optimized with the Yoast SEO plugin v27.4 - https:\/\/yoast.com\/product\/yoast-seo-wordpress\/ -->\n<title>M\u00fcharib\u0259 i\u015ftirak\u00e7\u0131s\u0131: Q\u0259lp\u0259l\u0259r m\u0259ni \u00f6ld\u00fcrm\u0259yibs\u0259, t\u0259qsirkaram? - MEYDAN.TV<\/title>\n<meta name=\"robots\" content=\"index, follow, max-snippet:-1, max-image-preview:large, max-video-preview:-1\" \/>\n<link rel=\"canonical\" href=\"https:\/\/www.meydan.tv\/az\/article\/muharibe-istirakcisi-qelpeler-meni-oldurmeyibse-teqsirkaram\/\" \/>\n<meta property=\"og:locale\" content=\"az_AZ\" \/>\n<meta property=\"og:type\" content=\"article\" \/>\n<meta property=\"og:title\" content=\"M\u00fcharib\u0259 i\u015ftirak\u00e7\u0131s\u0131: Q\u0259lp\u0259l\u0259r m\u0259ni \u00f6ld\u00fcrm\u0259yibs\u0259, t\u0259qsirkaram? - MEYDAN.TV\" \/>\n<meta property=\"og:description\" content=\"&#039;&#039;Bu torpaq u\u011frunda qan ax\u0131danlar qal\u0131b, m\u00fcharib\u0259d\u0259 vuru\u015fmayanlar firavan ya\u015fay\u0131rlar&#039;&#039;\" \/>\n<meta property=\"og:url\" content=\"https:\/\/www.meydan.tv\/az\/article\/muharibe-istirakcisi-qelpeler-meni-oldurmeyibse-teqsirkaram\/\" \/>\n<meta property=\"og:site_name\" content=\"MEYDAN.TV\" \/>\n<meta property=\"article:published_time\" content=\"2019-01-28T19:59:40+00:00\" \/>\n<meta property=\"og:image\" content=\"https:\/\/www.meydan.tv\/wp-content\/uploads\/46544.jpg\" \/>\n\t<meta property=\"og:image:width\" content=\"960\" \/>\n\t<meta property=\"og:image:height\" content=\"720\" \/>\n\t<meta property=\"og:image:type\" content=\"image\/jpeg\" \/>\n<meta name=\"author\" content=\"user-manager\" \/>\n<meta name=\"twitter:card\" content=\"summary_large_image\" \/>\n<script type=\"application\/ld+json\" class=\"yoast-schema-graph\">{\"@context\":\"https:\\\/\\\/schema.org\",\"@graph\":[{\"@type\":\"Article\",\"@id\":\"https:\\\/\\\/www.meydan.tv\\\/az\\\/article\\\/muharibe-istirakcisi-qelpeler-meni-oldurmeyibse-teqsirkaram\\\/#article\",\"isPartOf\":{\"@id\":\"https:\\\/\\\/www.meydan.tv\\\/az\\\/article\\\/muharibe-istirakcisi-qelpeler-meni-oldurmeyibse-teqsirkaram\\\/\"},\"author\":{\"name\":\"user-manager\",\"@id\":\"https:\\\/\\\/www.meydan.tv\\\/az\\\/#\\\/schema\\\/person\\\/10d11eccf6da3662cf5fdab9806ea91a\"},\"headline\":\"M\u00fcharib\u0259 i\u015ftirak\u00e7\u0131s\u0131: Q\u0259lp\u0259l\u0259r m\u0259ni \u00f6ld\u00fcrm\u0259yibs\u0259, t\u0259qsirkaram?\",\"datePublished\":\"2019-01-28T19:59:40+00:00\",\"mainEntityOfPage\":{\"@id\":\"https:\\\/\\\/www.meydan.tv\\\/az\\\/article\\\/muharibe-istirakcisi-qelpeler-meni-oldurmeyibse-teqsirkaram\\\/\"},\"wordCount\":1086,\"publisher\":{\"@id\":\"https:\\\/\\\/www.meydan.tv\\\/az\\\/#organization\"},\"image\":{\"@id\":\"https:\\\/\\\/www.meydan.tv\\\/az\\\/article\\\/muharibe-istirakcisi-qelpeler-meni-oldurmeyibse-teqsirkaram\\\/#primaryimage\"},\"thumbnailUrl\":\"https:\\\/\\\/www.meydan.tv\\\/wp-content\\\/uploads\\\/46544.jpg\",\"articleSection\":[\"B\u00f6lg\u0259\"],\"inLanguage\":\"az\"},{\"@type\":\"WebPage\",\"@id\":\"https:\\\/\\\/www.meydan.tv\\\/az\\\/article\\\/muharibe-istirakcisi-qelpeler-meni-oldurmeyibse-teqsirkaram\\\/\",\"url\":\"https:\\\/\\\/www.meydan.tv\\\/az\\\/article\\\/muharibe-istirakcisi-qelpeler-meni-oldurmeyibse-teqsirkaram\\\/\",\"name\":\"M\u00fcharib\u0259 i\u015ftirak\u00e7\u0131s\u0131: Q\u0259lp\u0259l\u0259r m\u0259ni \u00f6ld\u00fcrm\u0259yibs\u0259, t\u0259qsirkaram? - MEYDAN.TV\",\"isPartOf\":{\"@id\":\"https:\\\/\\\/www.meydan.tv\\\/az\\\/#website\"},\"primaryImageOfPage\":{\"@id\":\"https:\\\/\\\/www.meydan.tv\\\/az\\\/article\\\/muharibe-istirakcisi-qelpeler-meni-oldurmeyibse-teqsirkaram\\\/#primaryimage\"},\"image\":{\"@id\":\"https:\\\/\\\/www.meydan.tv\\\/az\\\/article\\\/muharibe-istirakcisi-qelpeler-meni-oldurmeyibse-teqsirkaram\\\/#primaryimage\"},\"thumbnailUrl\":\"https:\\\/\\\/www.meydan.tv\\\/wp-content\\\/uploads\\\/46544.jpg\",\"datePublished\":\"2019-01-28T19:59:40+00:00\",\"breadcrumb\":{\"@id\":\"https:\\\/\\\/www.meydan.tv\\\/az\\\/article\\\/muharibe-istirakcisi-qelpeler-meni-oldurmeyibse-teqsirkaram\\\/#breadcrumb\"},\"inLanguage\":\"az\",\"potentialAction\":[{\"@type\":\"ReadAction\",\"target\":[\"https:\\\/\\\/www.meydan.tv\\\/az\\\/article\\\/muharibe-istirakcisi-qelpeler-meni-oldurmeyibse-teqsirkaram\\\/\"]}]},{\"@type\":\"ImageObject\",\"inLanguage\":\"az\",\"@id\":\"https:\\\/\\\/www.meydan.tv\\\/az\\\/article\\\/muharibe-istirakcisi-qelpeler-meni-oldurmeyibse-teqsirkaram\\\/#primaryimage\",\"url\":\"https:\\\/\\\/www.meydan.tv\\\/wp-content\\\/uploads\\\/46544.jpg\",\"contentUrl\":\"https:\\\/\\\/www.meydan.tv\\\/wp-content\\\/uploads\\\/46544.jpg\",\"width\":960,\"height\":720,\"caption\":\"Source:\"},{\"@type\":\"BreadcrumbList\",\"@id\":\"https:\\\/\\\/www.meydan.tv\\\/az\\\/article\\\/muharibe-istirakcisi-qelpeler-meni-oldurmeyibse-teqsirkaram\\\/#breadcrumb\",\"itemListElement\":[{\"@type\":\"ListItem\",\"position\":1,\"name\":\"Ana s\u0259hif\u0259\",\"item\":\"https:\\\/\\\/www.meydan.tv\\\/az\\\/\"},{\"@type\":\"ListItem\",\"position\":2,\"name\":\"B\u00f6lg\u0259\",\"item\":\"https:\\\/\\\/www.meydan.tv\\\/az\\\/section\\\/bolge\\\/\"},{\"@type\":\"ListItem\",\"position\":3,\"name\":\"M\u00fcharib\u0259 i\u015ftirak\u00e7\u0131s\u0131: Q\u0259lp\u0259l\u0259r m\u0259ni \u00f6ld\u00fcrm\u0259yibs\u0259, t\u0259qsirkaram?\"}]},{\"@type\":\"WebSite\",\"@id\":\"https:\\\/\\\/www.meydan.tv\\\/az\\\/#website\",\"url\":\"https:\\\/\\\/www.meydan.tv\\\/az\\\/\",\"name\":\"MEYDAN.TV\",\"description\":\"Meydan TV Az\u0259rbaycan\u0131n media m\u0259kan\u0131ndak\u0131 alternativ s\u0259sidir\",\"publisher\":{\"@id\":\"https:\\\/\\\/www.meydan.tv\\\/az\\\/#organization\"},\"potentialAction\":[{\"@type\":\"SearchAction\",\"target\":{\"@type\":\"EntryPoint\",\"urlTemplate\":\"https:\\\/\\\/www.meydan.tv\\\/az\\\/?s={search_term_string}\"},\"query-input\":{\"@type\":\"PropertyValueSpecification\",\"valueRequired\":true,\"valueName\":\"search_term_string\"}}],\"inLanguage\":\"az\"},{\"@type\":\"Organization\",\"@id\":\"https:\\\/\\\/www.meydan.tv\\\/az\\\/#organization\",\"name\":\"Meydan TV\",\"url\":\"https:\\\/\\\/www.meydan.tv\\\/az\\\/\",\"logo\":{\"@type\":\"ImageObject\",\"inLanguage\":\"az\",\"@id\":\"https:\\\/\\\/www.meydan.tv\\\/az\\\/#\\\/schema\\\/logo\\\/image\\\/\",\"url\":\"https:\\\/\\\/www.meydan.tv\\\/wp-content\\\/uploads\\\/2021\\\/07\\\/meydan-logo.svg\",\"contentUrl\":\"https:\\\/\\\/www.meydan.tv\\\/wp-content\\\/uploads\\\/2021\\\/07\\\/meydan-logo.svg\",\"width\":195,\"height\":46,\"caption\":\"Meydan TV\"},\"image\":{\"@id\":\"https:\\\/\\\/www.meydan.tv\\\/az\\\/#\\\/schema\\\/logo\\\/image\\\/\"}},{\"@type\":\"Person\",\"@id\":\"https:\\\/\\\/www.meydan.tv\\\/az\\\/#\\\/schema\\\/person\\\/10d11eccf6da3662cf5fdab9806ea91a\",\"name\":\"user-manager\"}]}<\/script>\n<!-- \/ Yoast SEO plugin. -->","yoast_head_json":{"title":"M\u00fcharib\u0259 i\u015ftirak\u00e7\u0131s\u0131: Q\u0259lp\u0259l\u0259r m\u0259ni \u00f6ld\u00fcrm\u0259yibs\u0259, t\u0259qsirkaram? - MEYDAN.TV","robots":{"index":"index","follow":"follow","max-snippet":"max-snippet:-1","max-image-preview":"max-image-preview:large","max-video-preview":"max-video-preview:-1"},"canonical":"https:\/\/www.meydan.tv\/az\/article\/muharibe-istirakcisi-qelpeler-meni-oldurmeyibse-teqsirkaram\/","og_locale":"az_AZ","og_type":"article","og_title":"M\u00fcharib\u0259 i\u015ftirak\u00e7\u0131s\u0131: Q\u0259lp\u0259l\u0259r m\u0259ni \u00f6ld\u00fcrm\u0259yibs\u0259, t\u0259qsirkaram? - MEYDAN.TV","og_description":"''Bu torpaq u\u011frunda qan ax\u0131danlar qal\u0131b, m\u00fcharib\u0259d\u0259 vuru\u015fmayanlar firavan ya\u015fay\u0131rlar''","og_url":"https:\/\/www.meydan.tv\/az\/article\/muharibe-istirakcisi-qelpeler-meni-oldurmeyibse-teqsirkaram\/","og_site_name":"MEYDAN.TV","article_published_time":"2019-01-28T19:59:40+00:00","og_image":[{"width":960,"height":720,"url":"https:\/\/www.meydan.tv\/wp-content\/uploads\/46544.jpg","type":"image\/jpeg"}],"author":"user-manager","twitter_card":"summary_large_image","schema":{"@context":"https:\/\/schema.org","@graph":[{"@type":"Article","@id":"https:\/\/www.meydan.tv\/az\/article\/muharibe-istirakcisi-qelpeler-meni-oldurmeyibse-teqsirkaram\/#article","isPartOf":{"@id":"https:\/\/www.meydan.tv\/az\/article\/muharibe-istirakcisi-qelpeler-meni-oldurmeyibse-teqsirkaram\/"},"author":{"name":"user-manager","@id":"https:\/\/www.meydan.tv\/az\/#\/schema\/person\/10d11eccf6da3662cf5fdab9806ea91a"},"headline":"M\u00fcharib\u0259 i\u015ftirak\u00e7\u0131s\u0131: Q\u0259lp\u0259l\u0259r m\u0259ni \u00f6ld\u00fcrm\u0259yibs\u0259, t\u0259qsirkaram?","datePublished":"2019-01-28T19:59:40+00:00","mainEntityOfPage":{"@id":"https:\/\/www.meydan.tv\/az\/article\/muharibe-istirakcisi-qelpeler-meni-oldurmeyibse-teqsirkaram\/"},"wordCount":1086,"publisher":{"@id":"https:\/\/www.meydan.tv\/az\/#organization"},"image":{"@id":"https:\/\/www.meydan.tv\/az\/article\/muharibe-istirakcisi-qelpeler-meni-oldurmeyibse-teqsirkaram\/#primaryimage"},"thumbnailUrl":"https:\/\/www.meydan.tv\/wp-content\/uploads\/46544.jpg","articleSection":["B\u00f6lg\u0259"],"inLanguage":"az"},{"@type":"WebPage","@id":"https:\/\/www.meydan.tv\/az\/article\/muharibe-istirakcisi-qelpeler-meni-oldurmeyibse-teqsirkaram\/","url":"https:\/\/www.meydan.tv\/az\/article\/muharibe-istirakcisi-qelpeler-meni-oldurmeyibse-teqsirkaram\/","name":"M\u00fcharib\u0259 i\u015ftirak\u00e7\u0131s\u0131: Q\u0259lp\u0259l\u0259r m\u0259ni \u00f6ld\u00fcrm\u0259yibs\u0259, t\u0259qsirkaram? - MEYDAN.TV","isPartOf":{"@id":"https:\/\/www.meydan.tv\/az\/#website"},"primaryImageOfPage":{"@id":"https:\/\/www.meydan.tv\/az\/article\/muharibe-istirakcisi-qelpeler-meni-oldurmeyibse-teqsirkaram\/#primaryimage"},"image":{"@id":"https:\/\/www.meydan.tv\/az\/article\/muharibe-istirakcisi-qelpeler-meni-oldurmeyibse-teqsirkaram\/#primaryimage"},"thumbnailUrl":"https:\/\/www.meydan.tv\/wp-content\/uploads\/46544.jpg","datePublished":"2019-01-28T19:59:40+00:00","breadcrumb":{"@id":"https:\/\/www.meydan.tv\/az\/article\/muharibe-istirakcisi-qelpeler-meni-oldurmeyibse-teqsirkaram\/#breadcrumb"},"inLanguage":"az","potentialAction":[{"@type":"ReadAction","target":["https:\/\/www.meydan.tv\/az\/article\/muharibe-istirakcisi-qelpeler-meni-oldurmeyibse-teqsirkaram\/"]}]},{"@type":"ImageObject","inLanguage":"az","@id":"https:\/\/www.meydan.tv\/az\/article\/muharibe-istirakcisi-qelpeler-meni-oldurmeyibse-teqsirkaram\/#primaryimage","url":"https:\/\/www.meydan.tv\/wp-content\/uploads\/46544.jpg","contentUrl":"https:\/\/www.meydan.tv\/wp-content\/uploads\/46544.jpg","width":960,"height":720,"caption":"Source:"},{"@type":"BreadcrumbList","@id":"https:\/\/www.meydan.tv\/az\/article\/muharibe-istirakcisi-qelpeler-meni-oldurmeyibse-teqsirkaram\/#breadcrumb","itemListElement":[{"@type":"ListItem","position":1,"name":"Ana s\u0259hif\u0259","item":"https:\/\/www.meydan.tv\/az\/"},{"@type":"ListItem","position":2,"name":"B\u00f6lg\u0259","item":"https:\/\/www.meydan.tv\/az\/section\/bolge\/"},{"@type":"ListItem","position":3,"name":"M\u00fcharib\u0259 i\u015ftirak\u00e7\u0131s\u0131: Q\u0259lp\u0259l\u0259r m\u0259ni \u00f6ld\u00fcrm\u0259yibs\u0259, t\u0259qsirkaram?"}]},{"@type":"WebSite","@id":"https:\/\/www.meydan.tv\/az\/#website","url":"https:\/\/www.meydan.tv\/az\/","name":"MEYDAN.TV","description":"Meydan TV Az\u0259rbaycan\u0131n media m\u0259kan\u0131ndak\u0131 alternativ s\u0259sidir","publisher":{"@id":"https:\/\/www.meydan.tv\/az\/#organization"},"potentialAction":[{"@type":"SearchAction","target":{"@type":"EntryPoint","urlTemplate":"https:\/\/www.meydan.tv\/az\/?s={search_term_string}"},"query-input":{"@type":"PropertyValueSpecification","valueRequired":true,"valueName":"search_term_string"}}],"inLanguage":"az"},{"@type":"Organization","@id":"https:\/\/www.meydan.tv\/az\/#organization","name":"Meydan TV","url":"https:\/\/www.meydan.tv\/az\/","logo":{"@type":"ImageObject","inLanguage":"az","@id":"https:\/\/www.meydan.tv\/az\/#\/schema\/logo\/image\/","url":"https:\/\/www.meydan.tv\/wp-content\/uploads\/2021\/07\/meydan-logo.svg","contentUrl":"https:\/\/www.meydan.tv\/wp-content\/uploads\/2021\/07\/meydan-logo.svg","width":195,"height":46,"caption":"Meydan TV"},"image":{"@id":"https:\/\/www.meydan.tv\/az\/#\/schema\/logo\/image\/"}},{"@type":"Person","@id":"https:\/\/www.meydan.tv\/az\/#\/schema\/person\/10d11eccf6da3662cf5fdab9806ea91a","name":"user-manager"}]}},"_links":{"self":[{"href":"https:\/\/www.meydan.tv\/az\/wp-json\/wp\/v2\/posts\/193716","targetHints":{"allow":["GET"]}}],"collection":[{"href":"https:\/\/www.meydan.tv\/az\/wp-json\/wp\/v2\/posts"}],"about":[{"href":"https:\/\/www.meydan.tv\/az\/wp-json\/wp\/v2\/types\/post"}],"author":[{"embeddable":true,"href":"https:\/\/www.meydan.tv\/az\/wp-json\/wp\/v2\/users\/11"}],"replies":[{"embeddable":true,"href":"https:\/\/www.meydan.tv\/az\/wp-json\/wp\/v2\/comments?post=193716"}],"version-history":[{"count":0,"href":"https:\/\/www.meydan.tv\/az\/wp-json\/wp\/v2\/posts\/193716\/revisions"}],"wp:featuredmedia":[{"embeddable":true,"href":"https:\/\/www.meydan.tv\/az\/wp-json\/wp\/v2\/media\/116760"}],"wp:attachment":[{"href":"https:\/\/www.meydan.tv\/az\/wp-json\/wp\/v2\/media?parent=193716"}],"wp:term":[{"taxonomy":"category","embeddable":true,"href":"https:\/\/www.meydan.tv\/az\/wp-json\/wp\/v2\/categories?post=193716"},{"taxonomy":"post_tag","embeddable":true,"href":"https:\/\/www.meydan.tv\/az\/wp-json\/wp\/v2\/tags?post=193716"}],"curies":[{"name":"wp","href":"https:\/\/api.w.org\/{rel}","templated":true}]}}