{"id":193710,"date":"2019-01-28T17:25:55","date_gmt":"2019-01-28T17:25:55","guid":{"rendered":"https:\/\/www.meydan.tv\/article\/yarpaq-esen-kimi-isigimiz-sonur\/"},"modified":"2019-01-28T17:25:55","modified_gmt":"2019-01-28T17:25:55","slug":"yarpaq-esen-kimi-isigimiz-sonur","status":"publish","type":"post","link":"https:\/\/www.meydan.tv\/az\/article\/yarpaq-esen-kimi-isigimiz-sonur\/","title":{"rendered":"&#8221;Yarpaq \u0259s\u0259n kimi i\u015f\u0131\u011f\u0131m\u0131z s\u00f6n\u00fcr&#8221;"},"content":{"rendered":"<figure class=\"wp-block-image size-large\">\n  <img decoding=\"async\" src=\"https:\/\/www.meydan.tv\/az\/116718\/\" alt=\"\" class=\"wp-image-116718\"\/><figcaption><\/figcaption><\/figure>\n<p>\n  <i><br \/>\n    Qarabaqqal k\u0259nd sakinl\u0259ri i\u015f\u0131q, su, yol problemind\u0259n gileylidirl\u0259r<br \/>\n  <\/i>\n<\/p>\n<p>\n  \u201cN\u0259 suyumuz, n\u0259 i\u015f\u0131\u011f\u0131m\u0131z, n\u0259 qaz\u0131m\u0131z, n\u0259 d\u0259 normal yolumuz var. Hans\u0131ndan dan\u0131\u015f\u0131m, bilmir\u0259m. A\u011facda 2 yarpaq \u0259s\u0259n kimi i\u015f\u0131\u011f\u0131m\u0131z k\u0259silir, x\u0259tl\u0259r b\u0259rbad g\u00fcnd\u0259dir. Qaz des\u0259n, s\u0131zqa g\u0259lir, yol is\u0259 \u00fcmumiyy\u0259tl\u0259 yoxdur\u201d.\n<\/p>\n<p>\n  G\u00f6y\u00e7ay\u0131n Qarabaqqal k\u0259ndinin sakini Azad Z\u00fclfiqarov bel\u0259 deyir.\n<\/p>\n<blockquote><p>\n  \u018fn geriqalm\u0131\u015f, b\u0259db\u0259xt k\u0259nddir\n<\/p><\/blockquote>\n<p>\n  Qarabaqqal k\u0259ndinin 3000-d\u0259n art\u0131q \u0259halisi var. \u015e\u0259h\u0259r m\u0259rk\u0259zin\u0259 el\u0259 d\u0259 uzaq olmayan k\u0259ndin yollar\u0131 da\u011f\u0131l\u0131b. \u0130nsanlar\u0131 arx suyundan istifad\u0259 edirl\u0259r. \u0130\u015f\u0131q v\u0259 qaz x\u0259tl\u0259ri k\u00f6hn\u0259 oldu\u011fundan q\u0131\u015f aylard\u0131nda tez-tez elektrik v\u0259 qaz k\u0259silm\u0259l\u0259ri ya\u015fan\u0131r.\n<\/p>\n<figure class=\"wp-block-image size-large\">\n  <img decoding=\"async\" src=\"https:\/\/www.meydan.tv\/az\/azad-zulfiqarov\/\" alt=\"Azad Z\u00fclfiqarov\" class=\"wp-image-116730\"\/><figcaption>\n    Azad Z\u00fclfiqarov<br \/>\n  <\/figcaption><\/figure>\n<p>\n  A.Z\u00fclfiqarov da deyir ki, k\u0259ndl\u0259ri G\u00f6y\u00e7ay\u0131n m\u0259rk\u0259zin\u0259 yax\u0131nd\u0131r, ancaq v\u0259ziyy\u0259tin\u0259 baxanda, \u0259n ac\u0131nacaql\u0131 durumdad\u0131r:\n<\/p>\n<p>\n  \u201c\u018fn geriqalm\u0131\u015f, b\u0259db\u0259xt k\u0259nddir. Qaz x\u0259tl\u0259ri Sovet h\u00f6kum\u0259tinin d\u00f6vr\u00fcnd\u0259n qal\u0131b. Tez-tez de\u015filir, camaat pul y\u0131\u011f\u0131b yamay\u0131r. \u0130ndi d\u0259 qorxurlar, normal a\u00e7m\u0131rlar. N\u0259tic\u0259d\u0259 \u00e7ox z\u0259if g\u0259lir. Sanki \u00f6lm\u0259m\u0259k, q\u0131\u015fdan birt\u0259h\u0259r \u00e7\u0131xmaq \u00fc\u00e7\u00fcn verirl\u0259r. He\u00e7 evl\u0259ri isitmir d\u0259. Suya g\u0259linc\u0259, iki d\u0259f\u0259 insanlardan pul y\u0131\u011f\u0131b \u00e7\u0259kibl\u0259r. Ancaq i\u00e7m\u0259y\u0259 bir qurtum su tap\u0131lm\u0131r. A\u00e7\u0131l\u0131\u015f\u0131nda ma\u015f\u0131nla vurdular, \u015f\u0259klini \u00e7\u0259kdil\u0259r, v\u0259ss\u0259lam. Ma\u015f\u0131n o t\u0259r\u0259fd\u0259n vurdu, bu t\u0259r\u0259fd\u0259n su g\u0259ldi. \u015e\u0259kil \u00e7\u0259kib getdil\u0259r. Y\u0259qin hesabatlar\u0131na \u0259lav\u0259 edibl\u0259r ki, k\u0259nd\u0259 su g\u0259lir\u201d.\n<\/p>\n<blockquote><p>\n  Yolu ax\u0131r\u0131nc\u0131 d\u0259f\u0259 n\u0259 vaxt \u00e7\u0259kibl\u0259r, bilmirik\n<\/p><\/blockquote>\n<p>\n  Raqif M\u00fcrs\u0259lov da bu k\u0259ndd\u0259 ya\u015fay\u0131r. Deyir, yel \u0259s\u0259, o d\u0259qiq\u0259 i\u015f\u0131\u011f\u0131 s\u00f6nd\u00fcr\u00fcrl\u0259r. Ya\u011f\u0131\u015f ya\u011fanda is\u0259 qaz \u00fcz\u00fcn\u0259 h\u0259sr\u0259t qal\u0131rlar:\n<\/p>\n<figure class=\"wp-block-image size-large\">\n  <img decoding=\"async\" src=\"https:\/\/www.meydan.tv\/az\/116724\/\" alt=\"\" class=\"wp-image-116724\"\/><figcaption><\/figcaption><\/figure>\n<p>\n  \u201cN\u0259 qal\u0131bsa, Sovetl\u0259rd\u0259n qal\u0131b. Ondan bu yana da\u011f\u0131la-da\u011f\u0131la gedib. Yolu ax\u0131r\u0131nc\u0131 d\u0259f\u0259 n\u0259 vaxt \u00e7\u0259kibl\u0259r, bilmirik. Camaat \u00f6zl\u0259ri 3-5 manat verib da\u015f t\u00f6kd\u00fcr\u00fcr\u201d.\n<\/p>\n<blockquote><p>\n  AzTV-y\u0259 baxanda el\u0259 bilir\u0259m b\u00fct\u00fcn d\u00f6vl\u0259tl\u0259ri vurub ke\u00e7mi\u015fik \u00f6n\u0259\n<\/p><\/blockquote>\n<p>\n  R.M\u00fcrs\u0259lov televiziyalara baxanda hirsl\u0259nir. Deyir, oradak\u0131 Az\u0259rbaycanda ya\u015famaq ist\u0259yir:\n<\/p>\n<figure class=\"wp-block-image size-large\">\n  <img decoding=\"async\" src=\"https:\/\/www.meydan.tv\/az\/raqif-murselov\/\" alt=\"Raqif M\u00fcrs\u0259lov\" class=\"wp-image-116721\"\/><figcaption>\n    Raqif M\u00fcrs\u0259lov<br \/>\n  <\/figcaption><\/figure>\n<p>\n  \u201cQara qutu deyir\u0259m m\u0259n ona. AzTV-y\u0259 baxanda el\u0259 ba\u015fa d\u00fc\u015f\u00fcr\u0259m ki, b\u00fct\u00fcn d\u00f6vl\u0259tl\u0259ri vurub ke\u00e7mi\u015fik qaba\u011fa. Sonra \u00e7\u0131x\u0131b \u00e7\u00f6l\u0259 h\u0259yat\u0131m\u0131za baxanda deyir\u0259m, yox, y\u0259qin inki\u015faf var, amma biz\u0259 g\u0259lib \u00e7\u0131xmay\u0131b. Sonra internetd\u0259n yay\u0131mlanan televiziyalar\u0131 g\u00f6r\u0259nd\u0259 deyir\u0259m, yox, problem t\u0259kc\u0259 bizd\u0259 deyil, problem onlardad\u0131r. Su i\u00e7diyimiz arx\u0131 g\u00f6r\u00fcrs\u00fcn\u00fcz? Ne\u00e7\u0259 ildir biz yalvar\u0131r\u0131q ki, nolar ya k\u0259nd\u0259 artezian \u00e7\u0259kin, ya da bu arx\u0131 zibill\u0259rd\u0259n t\u0259mizl\u0259yin. He\u00e7 birini etmirl\u0259r. Dan\u0131\u015fanda da pis adam oluruq\u201d.\n<\/p>\n<blockquote><p>\n  Sabah qar ya\u011facaq, v\u0259ziyy\u0259t bundan da pis olacaq\n<\/p><\/blockquote>\n<p>\n  Raqif M\u00fcrs\u0259lov deyir ki, ist\u0259yirl\u0259r camaat sussun, dan\u0131\u015fmas\u0131n:\n<\/p>\n<figure class=\"wp-block-image size-large\">\n  <img decoding=\"async\" src=\"https:\/\/www.meydan.tv\/az\/116727\/\" alt=\"\" class=\"wp-image-116727\"\/><figcaption><\/figcaption><\/figure>\n<p>\n  \u201c\u0130st\u0259yirl\u0259r a\u011fz\u0131m\u0131za su al\u0131b oturaq. U\u015faqlar\u0131m\u0131z h\u0259r g\u00fcn bu yolu m\u0259kt\u0259b\u0259 gedib-g\u0259lirl\u0259r. Bir d\u00fc\u015f\u00fcn\u00fcn d\u0259, onun paltarlar\u0131 n\u0259 v\u0259ziyy\u0259td\u0259 olar. Burdan m\u0259kt\u0259b\u0259 2 kilometrdir. Ordan g\u0259lib-ged\u0259nl\u0259r d\u0259 var. Sabah qar ya\u011facaq, v\u0259ziyy\u0259t bundan da pis olacaq. Deyirik, oluruq pis adam. Demirik d\u0259, olmur\u201d.\n<\/p>\n<blockquote><p>\n  Demirl\u0259r ki, meyv\u0259 ba\u011flar\u0131na ged\u0259 bilmirik, yol yoxdu\n<\/p><\/blockquote>\n<p>\n  Sakinl\u0259rd\u0259n Ayaz H\u0259s\u0259nov deyir ki, g\u00fcc\u00fc \u00e7atan arx\u0131n suyunu i\u00e7mir. H\u0259r h\u0259ft\u0259 20 manat verib, bir ma\u015f\u0131n su al\u0131r. Ancaq imkan\u0131 olmayan m\u0259cburdur arx suyu i\u00e7sin:\n<\/p>\n<figure class=\"wp-block-image size-large\">\n  <img decoding=\"async\" src=\"https:\/\/www.meydan.tv\/az\/116724\/\" alt=\"\" class=\"wp-image-116724\"\/><figcaption><\/figcaption><\/figure>\n<p>\n  \u201cNeyl\u0259sin kas\u0131b? Suya, \u00e7\u00f6r\u0259y\u0259 versin, ya dolan\u0131\u015f\u0131\u011f\u0131na? \u0130\u015fsizlik d\u0259 ba\u015f al\u0131b gedir. Yola bir bax\u0131n h\u0259l\u0259. Bir d\u0259f\u0259 x\u0259rc \u00e7\u0259kib bir ma\u015f\u0131n da\u015f t\u00f6kd\u00fcrm\u00fc\u015f\u0259m. Yen\u0259 itib-bat\u0131r. B\u0259l\u0259diyy\u0259 faktiki i\u015fl\u0259mir, maket kimi bir \u015feydir. N\u0259 edirik, \u00f6z cibimizd\u0259n edirik. H\u0259l\u0259 bir g\u0259lib deyirl\u0259r ki, meyv\u0259 ba\u011flar\u0131na g\u00f6r\u0259 n\u0259 q\u0259d\u0259rs\u0259 r\u00fcsum \u00f6d\u0259m\u0259lisiniz. Daha demirl\u0259r ki, meyv\u0259 ba\u011flar\u0131na ged\u0259 bilmirik, yol yoxdu. Ax\u0131r\u0131nc\u0131 d\u0259f\u0259 n\u0259 zaman t\u0259mir olunub, m\u0259n xat\u0131rlam\u0131ram\u201d.\n<\/p>\n<blockquote><p>\n  U\u015faqlar bu pal\u00e7\u0131qda n\u0259 etsin?\n<\/p><\/blockquote>\n<p>\n  Ayaz H\u0259s\u0259nov deyir ki, el\u0259 qaz borular\u0131, i\u015f\u0131q x\u0259tl\u0259rini d\u0259 Sovet d\u00f6n\u0259mind\u0259 cibl\u0259rind\u0259n pul qoyub \u00e7\u0259kdiribl\u0259r:\n<\/p>\n<figure class=\"wp-block-image size-large\">\n  <img decoding=\"async\" src=\"https:\/\/www.meydan.tv\/az\/ayaz-hesenov\/\" alt=\"Ayaz H\u0259s\u0259nov\" class=\"wp-image-116739\"\/><figcaption>\n    Ayaz H\u0259s\u0259nov<br \/>\n  <\/figcaption><\/figure>\n<p>\n  \u201cBir trayler boru g\u0259tirtdik. Ona da indiki pulla 5 min dollara yax\u0131n pul x\u0259rcl\u0259mi\u015fik. D\u00f6vl\u0259t biz\u0259 he\u00e7 n\u0259 etm\u0259yib. H\u0259r \u015feyi \u00f6z cibimizin pulu il\u0259 etmi\u015fik. Gedib Moskvada i\u015fl\u0259mi\u015f\u0259m, g\u0259lmi\u015f\u0259m ev tikmi\u015f\u0259m, \u015f\u0259rait qurmu\u015fam, i\u015f\u0131q, qaz x\u0259tti \u00e7\u0259kmi\u015f\u0259m. Bu g\u00f6rd\u00fcy\u00fcn\u00fcz arx\u0131 da \u00f6z cibimizin pulu il\u0259 qazd\u0131rm\u0131\u015f\u0131q. D\u0259f\u0259l\u0259rl\u0259 demi\u015fik, xeyli olmay\u0131b. Dem\u0259yin, yazma\u011f\u0131n t\u0259siri yoxdu bunlara. U\u015faqlar n\u0259 etsin bu pal\u00e7\u0131qd? Yol yoxdu. Bax\u0131n d\u0259, v\u0259ziyy\u0259timiz budur\u201d.\n<\/p>\n<blockquote><p>\n  K\u0259ndd\u0259 bulaqlar var v\u0259 \u0259halinin su problemi yoxdur\n<\/p><\/blockquote>\n<p>\n  Meydan TV m\u0259s\u0259l\u0259y\u0259 m\u00fcnasib\u0259t \u00f6yr\u0259nm\u0259k \u00fc\u00e7\u00fcn G\u00f6y\u00e7ay Rayon \u0130cra Hakimiyy\u0259ti il\u0259 \u0259laq\u0259 saxlay\u0131b. \u0130cra hakimiyy\u0259tinin informasiya \u015f\u00f6b\u0259sind\u0259n deyibl\u0259r ki, h\u0259min k\u0259ndd\u0259 bulaqlar var v\u0259 \u0259halinin su problemi yoxdur:\n<\/p>\n<p>\n  \u201cB\u0259lk\u0259 1-2 n\u0259f\u0259r \u015fikay\u0259t\u00e7idir. Ayd\u0131nla\u015fd\u0131rmaq laz\u0131md\u0131r. \u00dcmumi k\u0259ndd\u0259 su problemi yoxdur. Yollara g\u0259linc\u0259, h\u0259min k\u0259ndin yollar\u0131 normald\u0131r ax\u0131. S\u00f6k\u00fcl\u00fcb t\u00f6k\u00fclm\u00fcr, bildiyimiz normal k\u0259nd yoludur. Elektrik dir\u0259kl\u0259rini is\u0259 bilmir\u0259m, g\u0259r\u0259k ara\u015fd\u0131raq, baxaq g\u00f6r\u0259k niy\u0259 tez-tez enerjinin verilm\u0259sind\u0259 problem yaran\u0131r. H\u0259r bir halda, he\u00e7 biri h\u0259ll olunmas\u0131 m\u00fcmk\u00fcn olmayan probleml\u0259r deyil\u201d.\n<\/p>\n<figure class=\"wp-block-image size-large\">\n  <img decoding=\"async\" src=\"https:\/\/www.meydan.tv\/az\/116733\/\" alt=\"\" class=\"wp-image-116733\"\/><figcaption><\/figcaption><\/figure>\n<figure class=\"wp-block-image size-large\">\n  <img decoding=\"async\" src=\"https:\/\/www.meydan.tv\/az\/116736\/\" alt=\"\" class=\"wp-image-116736\"\/><figcaption><\/figcaption><\/figure>\n<figure class=\"wp-block-image size-large\">\n  <img decoding=\"async\" src=\"https:\/\/www.meydan.tv\/az\/116742\/\" alt=\"\" class=\"wp-image-116742\"\/><figcaption><\/figcaption><\/figure>\n<figure class=\"wp-block-image size-large\">\n  <img decoding=\"async\" src=\"https:\/\/www.meydan.tv\/az\/116748\/\" alt=\"\" class=\"wp-image-116748\"\/><figcaption><\/figcaption><\/figure>\n","protected":false},"excerpt":{"rendered":"<p>Qarabaqqal k\u0259nd sakinl\u0259ri i\u015f\u0131q, su, yol problemind\u0259n gileylidirl\u0259r<\/p>\n","protected":false},"author":11,"featured_media":116718,"comment_status":"closed","ping_status":"open","sticky":false,"template":"","format":"standard","meta":{"_acf_changed":false,"_sitemap_exclude":false,"_sitemap_priority":"","_sitemap_frequency":"","footnotes":""},"categories":[60],"tags":[],"class_list":["post-193710","post","type-post","status-publish","format-standard","has-post-thumbnail","hentry","category-bolge","infinite-scroll-item","generate-columns","tablet-grid-50","mobile-grid-100","grid-parent","grid-33","no-featured-image-padding"],"acf":[],"yoast_head":"<!-- This site is optimized with the Yoast SEO plugin v27.4 - https:\/\/yoast.com\/product\/yoast-seo-wordpress\/ -->\n<title>&#039;&#039;Yarpaq \u0259s\u0259n kimi i\u015f\u0131\u011f\u0131m\u0131z s\u00f6n\u00fcr&#039;&#039; - MEYDAN.TV<\/title>\n<meta name=\"robots\" content=\"index, follow, max-snippet:-1, max-image-preview:large, max-video-preview:-1\" \/>\n<link rel=\"canonical\" href=\"https:\/\/www.meydan.tv\/az\/article\/yarpaq-esen-kimi-isigimiz-sonur\/\" \/>\n<meta property=\"og:locale\" content=\"az_AZ\" \/>\n<meta property=\"og:type\" content=\"article\" \/>\n<meta property=\"og:title\" content=\"&#039;&#039;Yarpaq \u0259s\u0259n kimi i\u015f\u0131\u011f\u0131m\u0131z s\u00f6n\u00fcr&#039;&#039; - MEYDAN.TV\" \/>\n<meta property=\"og:description\" content=\"Qarabaqqal k\u0259nd sakinl\u0259ri i\u015f\u0131q, su, yol problemind\u0259n gileylidirl\u0259r\" \/>\n<meta property=\"og:url\" content=\"https:\/\/www.meydan.tv\/az\/article\/yarpaq-esen-kimi-isigimiz-sonur\/\" \/>\n<meta property=\"og:site_name\" content=\"MEYDAN.TV\" \/>\n<meta property=\"article:published_time\" content=\"2019-01-28T17:25:55+00:00\" \/>\n<meta property=\"og:image\" content=\"https:\/\/www.meydan.tv\/wp-content\/uploads\/46526-scaled.jpg\" \/>\n\t<meta property=\"og:image:width\" content=\"2560\" \/>\n\t<meta property=\"og:image:height\" content=\"1920\" \/>\n\t<meta property=\"og:image:type\" content=\"image\/jpeg\" \/>\n<meta name=\"author\" content=\"user-manager\" \/>\n<meta name=\"twitter:card\" content=\"summary_large_image\" \/>\n<script type=\"application\/ld+json\" class=\"yoast-schema-graph\">{\"@context\":\"https:\\\/\\\/schema.org\",\"@graph\":[{\"@type\":\"Article\",\"@id\":\"https:\\\/\\\/www.meydan.tv\\\/az\\\/article\\\/yarpaq-esen-kimi-isigimiz-sonur\\\/#article\",\"isPartOf\":{\"@id\":\"https:\\\/\\\/www.meydan.tv\\\/az\\\/article\\\/yarpaq-esen-kimi-isigimiz-sonur\\\/\"},\"author\":{\"name\":\"user-manager\",\"@id\":\"https:\\\/\\\/www.meydan.tv\\\/az\\\/#\\\/schema\\\/person\\\/10d11eccf6da3662cf5fdab9806ea91a\"},\"headline\":\"&#8221;Yarpaq \u0259s\u0259n kimi i\u015f\u0131\u011f\u0131m\u0131z s\u00f6n\u00fcr&#8221;\",\"datePublished\":\"2019-01-28T17:25:55+00:00\",\"mainEntityOfPage\":{\"@id\":\"https:\\\/\\\/www.meydan.tv\\\/az\\\/article\\\/yarpaq-esen-kimi-isigimiz-sonur\\\/\"},\"wordCount\":1078,\"publisher\":{\"@id\":\"https:\\\/\\\/www.meydan.tv\\\/az\\\/#organization\"},\"image\":{\"@id\":\"https:\\\/\\\/www.meydan.tv\\\/az\\\/article\\\/yarpaq-esen-kimi-isigimiz-sonur\\\/#primaryimage\"},\"thumbnailUrl\":\"https:\\\/\\\/www.meydan.tv\\\/wp-content\\\/uploads\\\/46526-scaled.jpg\",\"articleSection\":[\"B\u00f6lg\u0259\"],\"inLanguage\":\"az\"},{\"@type\":\"WebPage\",\"@id\":\"https:\\\/\\\/www.meydan.tv\\\/az\\\/article\\\/yarpaq-esen-kimi-isigimiz-sonur\\\/\",\"url\":\"https:\\\/\\\/www.meydan.tv\\\/az\\\/article\\\/yarpaq-esen-kimi-isigimiz-sonur\\\/\",\"name\":\"''Yarpaq \u0259s\u0259n kimi i\u015f\u0131\u011f\u0131m\u0131z s\u00f6n\u00fcr'' - MEYDAN.TV\",\"isPartOf\":{\"@id\":\"https:\\\/\\\/www.meydan.tv\\\/az\\\/#website\"},\"primaryImageOfPage\":{\"@id\":\"https:\\\/\\\/www.meydan.tv\\\/az\\\/article\\\/yarpaq-esen-kimi-isigimiz-sonur\\\/#primaryimage\"},\"image\":{\"@id\":\"https:\\\/\\\/www.meydan.tv\\\/az\\\/article\\\/yarpaq-esen-kimi-isigimiz-sonur\\\/#primaryimage\"},\"thumbnailUrl\":\"https:\\\/\\\/www.meydan.tv\\\/wp-content\\\/uploads\\\/46526-scaled.jpg\",\"datePublished\":\"2019-01-28T17:25:55+00:00\",\"breadcrumb\":{\"@id\":\"https:\\\/\\\/www.meydan.tv\\\/az\\\/article\\\/yarpaq-esen-kimi-isigimiz-sonur\\\/#breadcrumb\"},\"inLanguage\":\"az\",\"potentialAction\":[{\"@type\":\"ReadAction\",\"target\":[\"https:\\\/\\\/www.meydan.tv\\\/az\\\/article\\\/yarpaq-esen-kimi-isigimiz-sonur\\\/\"]}]},{\"@type\":\"ImageObject\",\"inLanguage\":\"az\",\"@id\":\"https:\\\/\\\/www.meydan.tv\\\/az\\\/article\\\/yarpaq-esen-kimi-isigimiz-sonur\\\/#primaryimage\",\"url\":\"https:\\\/\\\/www.meydan.tv\\\/wp-content\\\/uploads\\\/46526-scaled.jpg\",\"contentUrl\":\"https:\\\/\\\/www.meydan.tv\\\/wp-content\\\/uploads\\\/46526-scaled.jpg\",\"width\":2560,\"height\":1920,\"caption\":\"Source:\"},{\"@type\":\"BreadcrumbList\",\"@id\":\"https:\\\/\\\/www.meydan.tv\\\/az\\\/article\\\/yarpaq-esen-kimi-isigimiz-sonur\\\/#breadcrumb\",\"itemListElement\":[{\"@type\":\"ListItem\",\"position\":1,\"name\":\"Ana s\u0259hif\u0259\",\"item\":\"https:\\\/\\\/www.meydan.tv\\\/az\\\/\"},{\"@type\":\"ListItem\",\"position\":2,\"name\":\"B\u00f6lg\u0259\",\"item\":\"https:\\\/\\\/www.meydan.tv\\\/az\\\/section\\\/bolge\\\/\"},{\"@type\":\"ListItem\",\"position\":3,\"name\":\"&#8221;Yarpaq \u0259s\u0259n kimi i\u015f\u0131\u011f\u0131m\u0131z s\u00f6n\u00fcr&#8221;\"}]},{\"@type\":\"WebSite\",\"@id\":\"https:\\\/\\\/www.meydan.tv\\\/az\\\/#website\",\"url\":\"https:\\\/\\\/www.meydan.tv\\\/az\\\/\",\"name\":\"MEYDAN.TV\",\"description\":\"Meydan TV Az\u0259rbaycan\u0131n media m\u0259kan\u0131ndak\u0131 alternativ s\u0259sidir\",\"publisher\":{\"@id\":\"https:\\\/\\\/www.meydan.tv\\\/az\\\/#organization\"},\"potentialAction\":[{\"@type\":\"SearchAction\",\"target\":{\"@type\":\"EntryPoint\",\"urlTemplate\":\"https:\\\/\\\/www.meydan.tv\\\/az\\\/?s={search_term_string}\"},\"query-input\":{\"@type\":\"PropertyValueSpecification\",\"valueRequired\":true,\"valueName\":\"search_term_string\"}}],\"inLanguage\":\"az\"},{\"@type\":\"Organization\",\"@id\":\"https:\\\/\\\/www.meydan.tv\\\/az\\\/#organization\",\"name\":\"Meydan TV\",\"url\":\"https:\\\/\\\/www.meydan.tv\\\/az\\\/\",\"logo\":{\"@type\":\"ImageObject\",\"inLanguage\":\"az\",\"@id\":\"https:\\\/\\\/www.meydan.tv\\\/az\\\/#\\\/schema\\\/logo\\\/image\\\/\",\"url\":\"https:\\\/\\\/www.meydan.tv\\\/wp-content\\\/uploads\\\/2021\\\/07\\\/meydan-logo.svg\",\"contentUrl\":\"https:\\\/\\\/www.meydan.tv\\\/wp-content\\\/uploads\\\/2021\\\/07\\\/meydan-logo.svg\",\"width\":195,\"height\":46,\"caption\":\"Meydan TV\"},\"image\":{\"@id\":\"https:\\\/\\\/www.meydan.tv\\\/az\\\/#\\\/schema\\\/logo\\\/image\\\/\"}},{\"@type\":\"Person\",\"@id\":\"https:\\\/\\\/www.meydan.tv\\\/az\\\/#\\\/schema\\\/person\\\/10d11eccf6da3662cf5fdab9806ea91a\",\"name\":\"user-manager\"}]}<\/script>\n<!-- \/ Yoast SEO plugin. -->","yoast_head_json":{"title":"''Yarpaq \u0259s\u0259n kimi i\u015f\u0131\u011f\u0131m\u0131z s\u00f6n\u00fcr'' - MEYDAN.TV","robots":{"index":"index","follow":"follow","max-snippet":"max-snippet:-1","max-image-preview":"max-image-preview:large","max-video-preview":"max-video-preview:-1"},"canonical":"https:\/\/www.meydan.tv\/az\/article\/yarpaq-esen-kimi-isigimiz-sonur\/","og_locale":"az_AZ","og_type":"article","og_title":"''Yarpaq \u0259s\u0259n kimi i\u015f\u0131\u011f\u0131m\u0131z s\u00f6n\u00fcr'' - MEYDAN.TV","og_description":"Qarabaqqal k\u0259nd sakinl\u0259ri i\u015f\u0131q, su, yol problemind\u0259n gileylidirl\u0259r","og_url":"https:\/\/www.meydan.tv\/az\/article\/yarpaq-esen-kimi-isigimiz-sonur\/","og_site_name":"MEYDAN.TV","article_published_time":"2019-01-28T17:25:55+00:00","og_image":[{"width":2560,"height":1920,"url":"https:\/\/www.meydan.tv\/wp-content\/uploads\/46526-scaled.jpg","type":"image\/jpeg"}],"author":"user-manager","twitter_card":"summary_large_image","schema":{"@context":"https:\/\/schema.org","@graph":[{"@type":"Article","@id":"https:\/\/www.meydan.tv\/az\/article\/yarpaq-esen-kimi-isigimiz-sonur\/#article","isPartOf":{"@id":"https:\/\/www.meydan.tv\/az\/article\/yarpaq-esen-kimi-isigimiz-sonur\/"},"author":{"name":"user-manager","@id":"https:\/\/www.meydan.tv\/az\/#\/schema\/person\/10d11eccf6da3662cf5fdab9806ea91a"},"headline":"&#8221;Yarpaq \u0259s\u0259n kimi i\u015f\u0131\u011f\u0131m\u0131z s\u00f6n\u00fcr&#8221;","datePublished":"2019-01-28T17:25:55+00:00","mainEntityOfPage":{"@id":"https:\/\/www.meydan.tv\/az\/article\/yarpaq-esen-kimi-isigimiz-sonur\/"},"wordCount":1078,"publisher":{"@id":"https:\/\/www.meydan.tv\/az\/#organization"},"image":{"@id":"https:\/\/www.meydan.tv\/az\/article\/yarpaq-esen-kimi-isigimiz-sonur\/#primaryimage"},"thumbnailUrl":"https:\/\/www.meydan.tv\/wp-content\/uploads\/46526-scaled.jpg","articleSection":["B\u00f6lg\u0259"],"inLanguage":"az"},{"@type":"WebPage","@id":"https:\/\/www.meydan.tv\/az\/article\/yarpaq-esen-kimi-isigimiz-sonur\/","url":"https:\/\/www.meydan.tv\/az\/article\/yarpaq-esen-kimi-isigimiz-sonur\/","name":"''Yarpaq \u0259s\u0259n kimi i\u015f\u0131\u011f\u0131m\u0131z s\u00f6n\u00fcr'' - MEYDAN.TV","isPartOf":{"@id":"https:\/\/www.meydan.tv\/az\/#website"},"primaryImageOfPage":{"@id":"https:\/\/www.meydan.tv\/az\/article\/yarpaq-esen-kimi-isigimiz-sonur\/#primaryimage"},"image":{"@id":"https:\/\/www.meydan.tv\/az\/article\/yarpaq-esen-kimi-isigimiz-sonur\/#primaryimage"},"thumbnailUrl":"https:\/\/www.meydan.tv\/wp-content\/uploads\/46526-scaled.jpg","datePublished":"2019-01-28T17:25:55+00:00","breadcrumb":{"@id":"https:\/\/www.meydan.tv\/az\/article\/yarpaq-esen-kimi-isigimiz-sonur\/#breadcrumb"},"inLanguage":"az","potentialAction":[{"@type":"ReadAction","target":["https:\/\/www.meydan.tv\/az\/article\/yarpaq-esen-kimi-isigimiz-sonur\/"]}]},{"@type":"ImageObject","inLanguage":"az","@id":"https:\/\/www.meydan.tv\/az\/article\/yarpaq-esen-kimi-isigimiz-sonur\/#primaryimage","url":"https:\/\/www.meydan.tv\/wp-content\/uploads\/46526-scaled.jpg","contentUrl":"https:\/\/www.meydan.tv\/wp-content\/uploads\/46526-scaled.jpg","width":2560,"height":1920,"caption":"Source:"},{"@type":"BreadcrumbList","@id":"https:\/\/www.meydan.tv\/az\/article\/yarpaq-esen-kimi-isigimiz-sonur\/#breadcrumb","itemListElement":[{"@type":"ListItem","position":1,"name":"Ana s\u0259hif\u0259","item":"https:\/\/www.meydan.tv\/az\/"},{"@type":"ListItem","position":2,"name":"B\u00f6lg\u0259","item":"https:\/\/www.meydan.tv\/az\/section\/bolge\/"},{"@type":"ListItem","position":3,"name":"&#8221;Yarpaq \u0259s\u0259n kimi i\u015f\u0131\u011f\u0131m\u0131z s\u00f6n\u00fcr&#8221;"}]},{"@type":"WebSite","@id":"https:\/\/www.meydan.tv\/az\/#website","url":"https:\/\/www.meydan.tv\/az\/","name":"MEYDAN.TV","description":"Meydan TV Az\u0259rbaycan\u0131n media m\u0259kan\u0131ndak\u0131 alternativ s\u0259sidir","publisher":{"@id":"https:\/\/www.meydan.tv\/az\/#organization"},"potentialAction":[{"@type":"SearchAction","target":{"@type":"EntryPoint","urlTemplate":"https:\/\/www.meydan.tv\/az\/?s={search_term_string}"},"query-input":{"@type":"PropertyValueSpecification","valueRequired":true,"valueName":"search_term_string"}}],"inLanguage":"az"},{"@type":"Organization","@id":"https:\/\/www.meydan.tv\/az\/#organization","name":"Meydan TV","url":"https:\/\/www.meydan.tv\/az\/","logo":{"@type":"ImageObject","inLanguage":"az","@id":"https:\/\/www.meydan.tv\/az\/#\/schema\/logo\/image\/","url":"https:\/\/www.meydan.tv\/wp-content\/uploads\/2021\/07\/meydan-logo.svg","contentUrl":"https:\/\/www.meydan.tv\/wp-content\/uploads\/2021\/07\/meydan-logo.svg","width":195,"height":46,"caption":"Meydan TV"},"image":{"@id":"https:\/\/www.meydan.tv\/az\/#\/schema\/logo\/image\/"}},{"@type":"Person","@id":"https:\/\/www.meydan.tv\/az\/#\/schema\/person\/10d11eccf6da3662cf5fdab9806ea91a","name":"user-manager"}]}},"_links":{"self":[{"href":"https:\/\/www.meydan.tv\/az\/wp-json\/wp\/v2\/posts\/193710","targetHints":{"allow":["GET"]}}],"collection":[{"href":"https:\/\/www.meydan.tv\/az\/wp-json\/wp\/v2\/posts"}],"about":[{"href":"https:\/\/www.meydan.tv\/az\/wp-json\/wp\/v2\/types\/post"}],"author":[{"embeddable":true,"href":"https:\/\/www.meydan.tv\/az\/wp-json\/wp\/v2\/users\/11"}],"replies":[{"embeddable":true,"href":"https:\/\/www.meydan.tv\/az\/wp-json\/wp\/v2\/comments?post=193710"}],"version-history":[{"count":0,"href":"https:\/\/www.meydan.tv\/az\/wp-json\/wp\/v2\/posts\/193710\/revisions"}],"wp:featuredmedia":[{"embeddable":true,"href":"https:\/\/www.meydan.tv\/az\/wp-json\/wp\/v2\/media\/116718"}],"wp:attachment":[{"href":"https:\/\/www.meydan.tv\/az\/wp-json\/wp\/v2\/media?parent=193710"}],"wp:term":[{"taxonomy":"category","embeddable":true,"href":"https:\/\/www.meydan.tv\/az\/wp-json\/wp\/v2\/categories?post=193710"},{"taxonomy":"post_tag","embeddable":true,"href":"https:\/\/www.meydan.tv\/az\/wp-json\/wp\/v2\/tags?post=193710"}],"curies":[{"name":"wp","href":"https:\/\/api.w.org\/{rel}","templated":true}]}}