{"id":193703,"date":"2019-01-28T14:53:52","date_gmt":"2019-01-28T14:53:52","guid":{"rendered":"https:\/\/www.meydan.tv\/article\/prezident-ve-birinci-xanim-sehid-aileleri-ile-gorusubler-yenilenib\/"},"modified":"2019-01-28T14:53:52","modified_gmt":"2019-01-28T14:53:52","slug":"prezident-ve-birinci-xanim-sehid-aileleri-ile-gorusubler-yenilenib","status":"publish","type":"post","link":"https:\/\/www.meydan.tv\/az\/article\/prezident-ve-birinci-xanim-sehid-aileleri-ile-gorusubler-yenilenib\/","title":{"rendered":"Prezident v\u0259 birinci xan\u0131m \u015f\u0259hid ail\u0259l\u0259ri il\u0259 g\u00f6r\u00fc\u015f\u00fcbl\u0259r (yenil\u0259nib)"},"content":{"rendered":"<figure class=\"wp-block-image size-large\">\n  <img decoding=\"async\" src=\"https:\/\/www.meydan.tv\/az\/ilham-eliyev-66\/\" alt=\"\u0130lham \u018fliyev\" class=\"wp-image-116688\"\/><figcaption>\n    \u0130lham \u018fliyev<br \/>\n  <\/figcaption><\/figure>\n<p>\n  ***\n<\/p>\n<p>\n  <i><br \/>\n    <a href=\"https:\/\/azertag.az\/xeber\/Azerbaycan_Prezidenti_Ilham_Aliyev_sehid_aileleri_ile_gorusub__YENILANIB-1238708\"><br \/>\n      \u201cAz\u0259rtac\u201d<br \/>\n    <\/a><br \/>\n    agentliyinin g\u00f6r\u00fc\u015fl\u0259 ba\u011fl\u0131 x\u0259b\u0259rin\u0259 g\u00f6r\u0259, prezident \u0130lham \u018fliyev \u00e7\u0131x\u0131\u015f\u0131nda bildirib ki, ke\u00e7\u0259n il prezident se\u00e7ildikd\u0259n sonra ilk F\u0259rman\u0131n\u0131n \u015f\u0259hid ail\u0259l\u0259rinin sosial m\u00fcdafi\u0259sinin g\u00fccl\u0259ndirilm\u0259si il\u0259 ba\u011fl\u0131 olub.<br \/>\n  <\/i>\n<\/p>\n<p>\n  <i><br \/>\n    Prezident qeyd edib ki, bu<br \/>\n    <a href=\"https:\/\/azertag.az\/xeber\/Azerbaycan_Respublikasinin_erazi_butovluyu_ugrunda_helak_olmus_olmus_ve_herbi_emeliyyatlarla_elaqedar_xebersiz_itkin_dusduyune_gore_olmus_elan_edilmis_herbi_qulluqchularin_aile_uzvlerinin_sosial_mudafiesinin_yaxsilasdirilmasi_ile_bagli_elave_tedbirler_haqqinda_Azerbaycan_Respublikasi_Prezidentinin_2018_ci_il_19_aprel_tarixli_1_nomreli_Fermaninda_deyisiklik_edilmesi_barede__Azerbaycan_Respublikasi_Prezidentinin_Fermani-1238866\"><br \/>\n      F\u0259rman<br \/>\n    <\/a><br \/>\n    la 10 min\u0259 yax\u0131n \u015f\u0259hid ail\u0259sin\u0259 11 min manat m\u0259bl\u0259\u011find\u0259 bird\u0259f\u0259lik \u00f6d\u0259m\u0259l\u0259rin verilm\u0259sinin n\u0259z\u0259rd\u0259 tutulur v\u0259 art\u0131q 3 mind\u0259n \u00e7ox \u015f\u0259hid ail\u0259sinin v\u0259sait al\u0131b.<br \/>\n  <\/i>\n<\/p>\n<p>\n  <i><br \/>\n    \u0130lham \u018fliyev vaxtil\u0259 m\u00fcavin\u0259ti alm\u0131\u015f ail\u0259l\u0259rl\u0259 ba\u011fl\u0131 ara\u015fd\u0131rmalar\u0131n apar\u0131ld\u0131\u011f\u0131n\u0131, onlar\u0131n ald\u0131\u011f\u0131 v\u0259saitin bu g\u00fcn\u00fcn m\u0259z\u0259nn\u0259si il\u0259 uy\u011funsuzluq t\u0259\u015fkil etdiyini n\u0259z\u0259r\u0259 alaraq yeni F\u0259rman imzalad\u0131\u011f\u0131n\u0131 v\u0259 bu F\u0259rmana \u0259sas\u0259n 11 min manat alacaq v\u0259t\u0259nda\u015flar\u0131n say\u0131n\u0131n artd\u0131\u011f\u0131n\u0131 bildirdi.<br \/>\n  <\/i>\n<\/p>\n<p>\n  ***\n<\/p>\n<p>\n  <i><br \/>\n    \u201cH\u0259m \u015f\u0259hid olan polis ail\u0259l\u0259ri, h\u0259m d\u0259 vaxtil\u0259 s\u0131\u011forta edilmi\u015f v\u0259r\u0259s\u0259ni ala bilm\u0259y\u0259n \u015f\u0259hid ail\u0259l\u0259ri v\u0259saiti alacaq\u201d<br \/>\n  <\/i>\n<\/p>\n<p>\n  Az\u0259rbaycan Respublikas\u0131n\u0131n Prezidenti \u0130lham \u018fliyev v\u0259 birinci xan\u0131m Mehriban \u018fliyeva yanvar\u0131n 28-d\u0259 Prezident Saray\u0131nda \u015f\u0259hid ail\u0259l\u0259ri il\u0259 g\u00f6r\u00fc\u015f\u00fcbl\u0259r.\n<\/p>\n<p>\n  G\u00f6r\u00fc\u015fd\u0259 i\u015ftirak ed\u0259nl\u0259rd\u0259n 1994-c\u00fc ild\u0259 A\u011fd\u0259r\u0259 d\u00f6y\u00fc\u015fl\u0259rind\u0259 h\u0259lak olan N\u0259simi Rzayevin bac\u0131s\u0131 q\u0131z\u0131 Sevinc Quluzad\u0259 Meydan TV-y\u0259 deyib ki, o t\u0259dbird\u0259 \u00e7\u0131x\u0131\u015f ed\u0259nl\u0259rd\u0259n olub:\n<\/p>\n<p>\n  \u201cPrezident g\u00f6r\u00fc\u015fd\u0259 bildirdi ki, yeni f\u0259rman imzalay\u0131r. Buna \u0259sas\u0259n h\u0259m \u015f\u0259hid olan polis ail\u0259l\u0259ri, h\u0259m d\u0259 vaxtil\u0259 s\u0131\u011forta edilmi\u015f v\u0259r\u0259s\u0259ni ala bilm\u0259y\u0259n \u015f\u0259hid ail\u0259l\u0259ri v\u0259saiti alacaq. Bu f\u0259rmanla problem h\u0259llini tapacaq\u201d.\n<\/p>\n<p>\n  Sevinc Quluzad\u0259 bildirib ki, o, haz\u0131rda s\u0259n\u0259dl\u0259ri haz\u0131rlay\u0131b m\u00fcvafiq qurumlara t\u0259qdim ed\u0259c\u0259k.\n<\/p>\n<p>\n  Prezident \u0130lham \u018fliyev \u00f6t\u0259n ilin aprelin 19-da \u201cAz\u0259rbaycan Respublikas\u0131n\u0131n \u0259razi b\u00fct\u00f6vl\u00fcy\u00fc u\u011frunda h\u0259lak olmu\u015f, \u00f6lm\u00fc\u015f v\u0259 h\u0259rbi \u0259m\u0259liyyatlarla \u0259laq\u0259dar x\u0259b\u0259rsiz itkin d\u00fc\u015fd\u00fcy\u00fcn\u0259 g\u00f6r\u0259 \u00f6lm\u00fc\u015f elan edilmi\u015f h\u0259rbi qulluq\u00e7ular\u0131n ail\u0259 \u00fczvl\u0259rinin sosial m\u00fcdafi\u0259sinin yax\u015f\u0131la\u015fd\u0131r\u0131lmas\u0131 il\u0259 ba\u011fl\u0131 \u0259lav\u0259 t\u0259dbirl\u0259r haqq\u0131nda\u201d f\u0259rman imzalay\u0131b.\n<\/p>\n<p>\n  F\u0259rmana \u0259sas\u0259n \u015f\u0259hid h\u0259rbi qulluq\u00e7ular\u0131n v\u0259r\u0259s\u0259l\u0259rin\u0259 bird\u0259f\u0259lik \u00f6d\u0259m\u0259l\u0259rin (11 min manat) verilm\u0259si mexanizmini m\u00fc\u0259yy\u0259n ed\u0259n Qaydalar\u0131n layih\u0259si haz\u0131rlansa da, indiy\u0259 q\u0259d\u0259r bir \u00e7ox \u015f\u0259hid ail\u0259si m\u00fcavin\u0259tl\u0259rini ala bilm\u0259dikl\u0259rini deyirl\u0259r.\n<\/p>\n<p>\n  Buna etiraz ed\u0259n ail\u0259l\u0259r bir ne\u00e7\u0259 d\u0259f\u0259 aksiya<br \/>\n  <a href=\"\/az\/article\/sehid-veresesini-polis-idaresine-cagiriblar\/\" target=\"_blank\" rel=\"noopener\"><br \/>\n    ke\u00e7iribl\u0259r.<br \/>\n  <\/a>\n<\/p>\n<p>\n  Prezident \u0130lham \u018fliyev bundan \u0259vv\u0259l dekabr\u0131n 17-d\u0259 Sabun\u00e7u rayonunda h\u0259rb\u00e7il\u0259r\u0259 yeni m\u0259nzill\u0259rin verilm\u0259si m\u0259rasimind\u0259 \u015f\u0259hid ail\u0259l\u0259rin\u0259 11 min manat pulun verilm\u0259si bar\u0259d\u0259 F\u0259rman bar\u0259d\u0259<br \/>\n  <a href=\"\/az\/article\/ilham-eliyev-hele-de-icra-olunmayan-fermanindan-danisdi\/\" target=\"_blank\" rel=\"noopener\"><br \/>\n    dan\u0131\u015fm\u0131\u015fd\u0131.<br \/>\n  <\/a>\n<\/p>\n<p>\n  D\u00f6vl\u0259t ba\u015f\u00e7\u0131s\u0131 deyib ki, t\u0259qrib\u0259n, 10 min\u0259 yax\u0131n ail\u0259 d\u00f6vl\u0259t t\u0259r\u0259find\u0259n pul t\u0259minat\u0131n\u0131 alacaq. Haz\u0131rda siyah\u0131lar d\u0259qiql\u0259\u015fdirilir.\n<\/p>\n<p>\n  \u201cBu, d\u00f6vl\u0259tin \u00f6z \u015f\u0259hidl\u0259rinin q\u0259hr\u0259manl\u0131\u011f\u0131na g\u00f6r\u0259 g\u00f6st\u0259rdiyi diqq\u0259tdir, onlar\u0131n ail\u0259l\u0259rin\u0259 g\u00f6st\u0259rdiyi qay\u011f\u0131d\u0131r. Ancaq t\u0259bii ki, h\u0259r sah\u0259d\u0259 oldu\u011fu kimi, bu sah\u0259d\u0259 d\u0259 \u0259dal\u0259t prinsipi \u0259sas olmal\u0131d\u0131r\u201d.<\/p>\n","protected":false},"excerpt":{"rendered":"<p>\u201cH\u0259m \u015f\u0259hid olan polis ail\u0259l\u0259ri, h\u0259m d\u0259 vaxtil\u0259 s\u0131\u011forta edilmi\u015f v\u0259r\u0259s\u0259ni ala bilm\u0259y\u0259n \u015f\u0259hid ail\u0259l\u0259ri v\u0259saiti alacaq\u201d<\/p>\n","protected":false},"author":11,"featured_media":116688,"comment_status":"closed","ping_status":"open","sticky":false,"template":"","format":"standard","meta":{"_acf_changed":false,"_sitemap_exclude":false,"_sitemap_priority":"","_sitemap_frequency":"","footnotes":""},"categories":[56],"tags":[],"class_list":["post-193703","post","type-post","status-publish","format-standard","has-post-thumbnail","hentry","category-xeberler","infinite-scroll-item","generate-columns","tablet-grid-50","mobile-grid-100","grid-parent","grid-33","no-featured-image-padding"],"acf":[],"yoast_head":"<!-- This site is optimized with the Yoast SEO plugin v27.4 - https:\/\/yoast.com\/product\/yoast-seo-wordpress\/ -->\n<title>Prezident v\u0259 birinci xan\u0131m \u015f\u0259hid ail\u0259l\u0259ri il\u0259 g\u00f6r\u00fc\u015f\u00fcbl\u0259r (yenil\u0259nib) - MEYDAN.TV<\/title>\n<meta name=\"robots\" content=\"index, follow, max-snippet:-1, max-image-preview:large, max-video-preview:-1\" \/>\n<link rel=\"canonical\" href=\"https:\/\/www.meydan.tv\/az\/article\/prezident-ve-birinci-xanim-sehid-aileleri-ile-gorusubler-yenilenib\/\" \/>\n<meta property=\"og:locale\" content=\"az_AZ\" \/>\n<meta property=\"og:type\" content=\"article\" \/>\n<meta property=\"og:title\" content=\"Prezident v\u0259 birinci xan\u0131m \u015f\u0259hid ail\u0259l\u0259ri il\u0259 g\u00f6r\u00fc\u015f\u00fcbl\u0259r (yenil\u0259nib) - MEYDAN.TV\" \/>\n<meta property=\"og:description\" content=\"\u201cH\u0259m \u015f\u0259hid olan polis ail\u0259l\u0259ri, h\u0259m d\u0259 vaxtil\u0259 s\u0131\u011forta edilmi\u015f v\u0259r\u0259s\u0259ni ala bilm\u0259y\u0259n \u015f\u0259hid ail\u0259l\u0259ri v\u0259saiti alacaq\u201d\" \/>\n<meta property=\"og:url\" content=\"https:\/\/www.meydan.tv\/az\/article\/prezident-ve-birinci-xanim-sehid-aileleri-ile-gorusubler-yenilenib\/\" \/>\n<meta property=\"og:site_name\" content=\"MEYDAN.TV\" \/>\n<meta property=\"article:published_time\" content=\"2019-01-28T14:53:52+00:00\" \/>\n<meta property=\"og:image\" content=\"https:\/\/www.meydan.tv\/wp-content\/uploads\/46517.jpg\" \/>\n\t<meta property=\"og:image:width\" content=\"2360\" \/>\n\t<meta property=\"og:image:height\" content=\"1196\" \/>\n\t<meta property=\"og:image:type\" content=\"image\/jpeg\" \/>\n<meta name=\"author\" content=\"user-manager\" \/>\n<meta name=\"twitter:card\" content=\"summary_large_image\" \/>\n<script type=\"application\/ld+json\" class=\"yoast-schema-graph\">{\"@context\":\"https:\\\/\\\/schema.org\",\"@graph\":[{\"@type\":\"Article\",\"@id\":\"https:\\\/\\\/www.meydan.tv\\\/az\\\/article\\\/prezident-ve-birinci-xanim-sehid-aileleri-ile-gorusubler-yenilenib\\\/#article\",\"isPartOf\":{\"@id\":\"https:\\\/\\\/www.meydan.tv\\\/az\\\/article\\\/prezident-ve-birinci-xanim-sehid-aileleri-ile-gorusubler-yenilenib\\\/\"},\"author\":{\"name\":\"user-manager\",\"@id\":\"https:\\\/\\\/www.meydan.tv\\\/az\\\/#\\\/schema\\\/person\\\/10d11eccf6da3662cf5fdab9806ea91a\"},\"headline\":\"Prezident v\u0259 birinci xan\u0131m \u015f\u0259hid ail\u0259l\u0259ri il\u0259 g\u00f6r\u00fc\u015f\u00fcbl\u0259r (yenil\u0259nib)\",\"datePublished\":\"2019-01-28T14:53:52+00:00\",\"mainEntityOfPage\":{\"@id\":\"https:\\\/\\\/www.meydan.tv\\\/az\\\/article\\\/prezident-ve-birinci-xanim-sehid-aileleri-ile-gorusubler-yenilenib\\\/\"},\"wordCount\":627,\"publisher\":{\"@id\":\"https:\\\/\\\/www.meydan.tv\\\/az\\\/#organization\"},\"image\":{\"@id\":\"https:\\\/\\\/www.meydan.tv\\\/az\\\/article\\\/prezident-ve-birinci-xanim-sehid-aileleri-ile-gorusubler-yenilenib\\\/#primaryimage\"},\"thumbnailUrl\":\"https:\\\/\\\/www.meydan.tv\\\/wp-content\\\/uploads\\\/46517.jpg\",\"articleSection\":[\"X\u0259b\u0259rl\u0259r\"],\"inLanguage\":\"az\"},{\"@type\":\"WebPage\",\"@id\":\"https:\\\/\\\/www.meydan.tv\\\/az\\\/article\\\/prezident-ve-birinci-xanim-sehid-aileleri-ile-gorusubler-yenilenib\\\/\",\"url\":\"https:\\\/\\\/www.meydan.tv\\\/az\\\/article\\\/prezident-ve-birinci-xanim-sehid-aileleri-ile-gorusubler-yenilenib\\\/\",\"name\":\"Prezident v\u0259 birinci xan\u0131m \u015f\u0259hid ail\u0259l\u0259ri il\u0259 g\u00f6r\u00fc\u015f\u00fcbl\u0259r (yenil\u0259nib) - MEYDAN.TV\",\"isPartOf\":{\"@id\":\"https:\\\/\\\/www.meydan.tv\\\/az\\\/#website\"},\"primaryImageOfPage\":{\"@id\":\"https:\\\/\\\/www.meydan.tv\\\/az\\\/article\\\/prezident-ve-birinci-xanim-sehid-aileleri-ile-gorusubler-yenilenib\\\/#primaryimage\"},\"image\":{\"@id\":\"https:\\\/\\\/www.meydan.tv\\\/az\\\/article\\\/prezident-ve-birinci-xanim-sehid-aileleri-ile-gorusubler-yenilenib\\\/#primaryimage\"},\"thumbnailUrl\":\"https:\\\/\\\/www.meydan.tv\\\/wp-content\\\/uploads\\\/46517.jpg\",\"datePublished\":\"2019-01-28T14:53:52+00:00\",\"breadcrumb\":{\"@id\":\"https:\\\/\\\/www.meydan.tv\\\/az\\\/article\\\/prezident-ve-birinci-xanim-sehid-aileleri-ile-gorusubler-yenilenib\\\/#breadcrumb\"},\"inLanguage\":\"az\",\"potentialAction\":[{\"@type\":\"ReadAction\",\"target\":[\"https:\\\/\\\/www.meydan.tv\\\/az\\\/article\\\/prezident-ve-birinci-xanim-sehid-aileleri-ile-gorusubler-yenilenib\\\/\"]}]},{\"@type\":\"ImageObject\",\"inLanguage\":\"az\",\"@id\":\"https:\\\/\\\/www.meydan.tv\\\/az\\\/article\\\/prezident-ve-birinci-xanim-sehid-aileleri-ile-gorusubler-yenilenib\\\/#primaryimage\",\"url\":\"https:\\\/\\\/www.meydan.tv\\\/wp-content\\\/uploads\\\/46517.jpg\",\"contentUrl\":\"https:\\\/\\\/www.meydan.tv\\\/wp-content\\\/uploads\\\/46517.jpg\",\"width\":2360,\"height\":1196,\"caption\":\"Source:\"},{\"@type\":\"BreadcrumbList\",\"@id\":\"https:\\\/\\\/www.meydan.tv\\\/az\\\/article\\\/prezident-ve-birinci-xanim-sehid-aileleri-ile-gorusubler-yenilenib\\\/#breadcrumb\",\"itemListElement\":[{\"@type\":\"ListItem\",\"position\":1,\"name\":\"Ana s\u0259hif\u0259\",\"item\":\"https:\\\/\\\/www.meydan.tv\\\/az\\\/\"},{\"@type\":\"ListItem\",\"position\":2,\"name\":\"X\u0259b\u0259rl\u0259r\",\"item\":\"https:\\\/\\\/www.meydan.tv\\\/az\\\/section\\\/xeberler\\\/\"},{\"@type\":\"ListItem\",\"position\":3,\"name\":\"Prezident v\u0259 birinci xan\u0131m \u015f\u0259hid ail\u0259l\u0259ri il\u0259 g\u00f6r\u00fc\u015f\u00fcbl\u0259r (yenil\u0259nib)\"}]},{\"@type\":\"WebSite\",\"@id\":\"https:\\\/\\\/www.meydan.tv\\\/az\\\/#website\",\"url\":\"https:\\\/\\\/www.meydan.tv\\\/az\\\/\",\"name\":\"MEYDAN.TV\",\"description\":\"Meydan TV Az\u0259rbaycan\u0131n media m\u0259kan\u0131ndak\u0131 alternativ s\u0259sidir\",\"publisher\":{\"@id\":\"https:\\\/\\\/www.meydan.tv\\\/az\\\/#organization\"},\"potentialAction\":[{\"@type\":\"SearchAction\",\"target\":{\"@type\":\"EntryPoint\",\"urlTemplate\":\"https:\\\/\\\/www.meydan.tv\\\/az\\\/?s={search_term_string}\"},\"query-input\":{\"@type\":\"PropertyValueSpecification\",\"valueRequired\":true,\"valueName\":\"search_term_string\"}}],\"inLanguage\":\"az\"},{\"@type\":\"Organization\",\"@id\":\"https:\\\/\\\/www.meydan.tv\\\/az\\\/#organization\",\"name\":\"Meydan TV\",\"url\":\"https:\\\/\\\/www.meydan.tv\\\/az\\\/\",\"logo\":{\"@type\":\"ImageObject\",\"inLanguage\":\"az\",\"@id\":\"https:\\\/\\\/www.meydan.tv\\\/az\\\/#\\\/schema\\\/logo\\\/image\\\/\",\"url\":\"https:\\\/\\\/www.meydan.tv\\\/wp-content\\\/uploads\\\/2021\\\/07\\\/meydan-logo.svg\",\"contentUrl\":\"https:\\\/\\\/www.meydan.tv\\\/wp-content\\\/uploads\\\/2021\\\/07\\\/meydan-logo.svg\",\"width\":195,\"height\":46,\"caption\":\"Meydan TV\"},\"image\":{\"@id\":\"https:\\\/\\\/www.meydan.tv\\\/az\\\/#\\\/schema\\\/logo\\\/image\\\/\"}},{\"@type\":\"Person\",\"@id\":\"https:\\\/\\\/www.meydan.tv\\\/az\\\/#\\\/schema\\\/person\\\/10d11eccf6da3662cf5fdab9806ea91a\",\"name\":\"user-manager\"}]}<\/script>\n<!-- \/ Yoast SEO plugin. -->","yoast_head_json":{"title":"Prezident v\u0259 birinci xan\u0131m \u015f\u0259hid ail\u0259l\u0259ri il\u0259 g\u00f6r\u00fc\u015f\u00fcbl\u0259r (yenil\u0259nib) - MEYDAN.TV","robots":{"index":"index","follow":"follow","max-snippet":"max-snippet:-1","max-image-preview":"max-image-preview:large","max-video-preview":"max-video-preview:-1"},"canonical":"https:\/\/www.meydan.tv\/az\/article\/prezident-ve-birinci-xanim-sehid-aileleri-ile-gorusubler-yenilenib\/","og_locale":"az_AZ","og_type":"article","og_title":"Prezident v\u0259 birinci xan\u0131m \u015f\u0259hid ail\u0259l\u0259ri il\u0259 g\u00f6r\u00fc\u015f\u00fcbl\u0259r (yenil\u0259nib) - MEYDAN.TV","og_description":"\u201cH\u0259m \u015f\u0259hid olan polis ail\u0259l\u0259ri, h\u0259m d\u0259 vaxtil\u0259 s\u0131\u011forta edilmi\u015f v\u0259r\u0259s\u0259ni ala bilm\u0259y\u0259n \u015f\u0259hid ail\u0259l\u0259ri v\u0259saiti alacaq\u201d","og_url":"https:\/\/www.meydan.tv\/az\/article\/prezident-ve-birinci-xanim-sehid-aileleri-ile-gorusubler-yenilenib\/","og_site_name":"MEYDAN.TV","article_published_time":"2019-01-28T14:53:52+00:00","og_image":[{"width":2360,"height":1196,"url":"https:\/\/www.meydan.tv\/wp-content\/uploads\/46517.jpg","type":"image\/jpeg"}],"author":"user-manager","twitter_card":"summary_large_image","schema":{"@context":"https:\/\/schema.org","@graph":[{"@type":"Article","@id":"https:\/\/www.meydan.tv\/az\/article\/prezident-ve-birinci-xanim-sehid-aileleri-ile-gorusubler-yenilenib\/#article","isPartOf":{"@id":"https:\/\/www.meydan.tv\/az\/article\/prezident-ve-birinci-xanim-sehid-aileleri-ile-gorusubler-yenilenib\/"},"author":{"name":"user-manager","@id":"https:\/\/www.meydan.tv\/az\/#\/schema\/person\/10d11eccf6da3662cf5fdab9806ea91a"},"headline":"Prezident v\u0259 birinci xan\u0131m \u015f\u0259hid ail\u0259l\u0259ri il\u0259 g\u00f6r\u00fc\u015f\u00fcbl\u0259r (yenil\u0259nib)","datePublished":"2019-01-28T14:53:52+00:00","mainEntityOfPage":{"@id":"https:\/\/www.meydan.tv\/az\/article\/prezident-ve-birinci-xanim-sehid-aileleri-ile-gorusubler-yenilenib\/"},"wordCount":627,"publisher":{"@id":"https:\/\/www.meydan.tv\/az\/#organization"},"image":{"@id":"https:\/\/www.meydan.tv\/az\/article\/prezident-ve-birinci-xanim-sehid-aileleri-ile-gorusubler-yenilenib\/#primaryimage"},"thumbnailUrl":"https:\/\/www.meydan.tv\/wp-content\/uploads\/46517.jpg","articleSection":["X\u0259b\u0259rl\u0259r"],"inLanguage":"az"},{"@type":"WebPage","@id":"https:\/\/www.meydan.tv\/az\/article\/prezident-ve-birinci-xanim-sehid-aileleri-ile-gorusubler-yenilenib\/","url":"https:\/\/www.meydan.tv\/az\/article\/prezident-ve-birinci-xanim-sehid-aileleri-ile-gorusubler-yenilenib\/","name":"Prezident v\u0259 birinci xan\u0131m \u015f\u0259hid ail\u0259l\u0259ri il\u0259 g\u00f6r\u00fc\u015f\u00fcbl\u0259r (yenil\u0259nib) - MEYDAN.TV","isPartOf":{"@id":"https:\/\/www.meydan.tv\/az\/#website"},"primaryImageOfPage":{"@id":"https:\/\/www.meydan.tv\/az\/article\/prezident-ve-birinci-xanim-sehid-aileleri-ile-gorusubler-yenilenib\/#primaryimage"},"image":{"@id":"https:\/\/www.meydan.tv\/az\/article\/prezident-ve-birinci-xanim-sehid-aileleri-ile-gorusubler-yenilenib\/#primaryimage"},"thumbnailUrl":"https:\/\/www.meydan.tv\/wp-content\/uploads\/46517.jpg","datePublished":"2019-01-28T14:53:52+00:00","breadcrumb":{"@id":"https:\/\/www.meydan.tv\/az\/article\/prezident-ve-birinci-xanim-sehid-aileleri-ile-gorusubler-yenilenib\/#breadcrumb"},"inLanguage":"az","potentialAction":[{"@type":"ReadAction","target":["https:\/\/www.meydan.tv\/az\/article\/prezident-ve-birinci-xanim-sehid-aileleri-ile-gorusubler-yenilenib\/"]}]},{"@type":"ImageObject","inLanguage":"az","@id":"https:\/\/www.meydan.tv\/az\/article\/prezident-ve-birinci-xanim-sehid-aileleri-ile-gorusubler-yenilenib\/#primaryimage","url":"https:\/\/www.meydan.tv\/wp-content\/uploads\/46517.jpg","contentUrl":"https:\/\/www.meydan.tv\/wp-content\/uploads\/46517.jpg","width":2360,"height":1196,"caption":"Source:"},{"@type":"BreadcrumbList","@id":"https:\/\/www.meydan.tv\/az\/article\/prezident-ve-birinci-xanim-sehid-aileleri-ile-gorusubler-yenilenib\/#breadcrumb","itemListElement":[{"@type":"ListItem","position":1,"name":"Ana s\u0259hif\u0259","item":"https:\/\/www.meydan.tv\/az\/"},{"@type":"ListItem","position":2,"name":"X\u0259b\u0259rl\u0259r","item":"https:\/\/www.meydan.tv\/az\/section\/xeberler\/"},{"@type":"ListItem","position":3,"name":"Prezident v\u0259 birinci xan\u0131m \u015f\u0259hid ail\u0259l\u0259ri il\u0259 g\u00f6r\u00fc\u015f\u00fcbl\u0259r (yenil\u0259nib)"}]},{"@type":"WebSite","@id":"https:\/\/www.meydan.tv\/az\/#website","url":"https:\/\/www.meydan.tv\/az\/","name":"MEYDAN.TV","description":"Meydan TV Az\u0259rbaycan\u0131n media m\u0259kan\u0131ndak\u0131 alternativ s\u0259sidir","publisher":{"@id":"https:\/\/www.meydan.tv\/az\/#organization"},"potentialAction":[{"@type":"SearchAction","target":{"@type":"EntryPoint","urlTemplate":"https:\/\/www.meydan.tv\/az\/?s={search_term_string}"},"query-input":{"@type":"PropertyValueSpecification","valueRequired":true,"valueName":"search_term_string"}}],"inLanguage":"az"},{"@type":"Organization","@id":"https:\/\/www.meydan.tv\/az\/#organization","name":"Meydan TV","url":"https:\/\/www.meydan.tv\/az\/","logo":{"@type":"ImageObject","inLanguage":"az","@id":"https:\/\/www.meydan.tv\/az\/#\/schema\/logo\/image\/","url":"https:\/\/www.meydan.tv\/wp-content\/uploads\/2021\/07\/meydan-logo.svg","contentUrl":"https:\/\/www.meydan.tv\/wp-content\/uploads\/2021\/07\/meydan-logo.svg","width":195,"height":46,"caption":"Meydan TV"},"image":{"@id":"https:\/\/www.meydan.tv\/az\/#\/schema\/logo\/image\/"}},{"@type":"Person","@id":"https:\/\/www.meydan.tv\/az\/#\/schema\/person\/10d11eccf6da3662cf5fdab9806ea91a","name":"user-manager"}]}},"_links":{"self":[{"href":"https:\/\/www.meydan.tv\/az\/wp-json\/wp\/v2\/posts\/193703","targetHints":{"allow":["GET"]}}],"collection":[{"href":"https:\/\/www.meydan.tv\/az\/wp-json\/wp\/v2\/posts"}],"about":[{"href":"https:\/\/www.meydan.tv\/az\/wp-json\/wp\/v2\/types\/post"}],"author":[{"embeddable":true,"href":"https:\/\/www.meydan.tv\/az\/wp-json\/wp\/v2\/users\/11"}],"replies":[{"embeddable":true,"href":"https:\/\/www.meydan.tv\/az\/wp-json\/wp\/v2\/comments?post=193703"}],"version-history":[{"count":0,"href":"https:\/\/www.meydan.tv\/az\/wp-json\/wp\/v2\/posts\/193703\/revisions"}],"wp:featuredmedia":[{"embeddable":true,"href":"https:\/\/www.meydan.tv\/az\/wp-json\/wp\/v2\/media\/116688"}],"wp:attachment":[{"href":"https:\/\/www.meydan.tv\/az\/wp-json\/wp\/v2\/media?parent=193703"}],"wp:term":[{"taxonomy":"category","embeddable":true,"href":"https:\/\/www.meydan.tv\/az\/wp-json\/wp\/v2\/categories?post=193703"},{"taxonomy":"post_tag","embeddable":true,"href":"https:\/\/www.meydan.tv\/az\/wp-json\/wp\/v2\/tags?post=193703"}],"curies":[{"name":"wp","href":"https:\/\/api.w.org\/{rel}","templated":true}]}}