{"id":193702,"date":"2019-01-28T14:26:57","date_gmt":"2019-01-28T14:26:57","guid":{"rendered":"https:\/\/www.meydan.tv\/article\/fealiyyetine-xitam-verilmis-huquq\/"},"modified":"2019-01-28T14:26:57","modified_gmt":"2019-01-28T14:26:57","slug":"fealiyyetine-xitam-verilmis-huquq","status":"publish","type":"post","link":"https:\/\/www.meydan.tv\/az\/article\/fealiyyetine-xitam-verilmis-huquq\/","title":{"rendered":"F\u0259aliyy\u0259tin\u0259 xitam verilmi\u015f h\u00fcquq"},"content":{"rendered":"<p>\n  <i><br \/>\n    B\u0259s hardad\u0131r o t\u0259kmill\u0259\u015f\u0259n m\u0259hk\u0259m\u0259-h\u00fcquq sistemi?<br \/>\n  <\/i>\n<\/p>\n<p>\n  Az\u0259rbaycan\u0131n h\u00fcquq sistemi haqq\u0131nda \u00e7ox s\u00f6z dem\u0259k olar, deyilir d\u0259, x\u00fcsusil\u0259 m\u00fcxt\u0259lif t\u0259dbirl\u0259rd\u0259 d\u00f6vl\u0259t ba\u015f\u00e7\u0131s\u0131ndan \u00fcz\u00fca\u015fa\u011f\u0131 s\u0259lahiyy\u0259tlil\u0259rin ham\u0131s\u0131 ondan dan\u0131\u015f\u0131r. \u00d6lk\u0259d\u0259 insan h\u00fcquq v\u0259 azadl\u0131qlar\u0131n\u0131n qorundu\u011fu deyilir. S\u0259rb\u0259st topla\u015fmaq, m\u0259tbuat azadl\u0131\u011f\u0131, m\u0259hk\u0259m\u0259l\u0259rin m\u00fcst\u0259qilliyi, bir s\u00f6zl\u0259, b\u00fct\u00fcn sah\u0259l\u0259rd\u0259 u\u011fur fontan vurur. \u201cBiz \u00f6lk\u0259mizd\u0259 demokratiyan\u0131n, insan h\u00fcquqlar\u0131n\u0131n inki\u015faf\u0131na v\u0259 qorunmas\u0131na \u00e7ox b\u00f6y\u00fck \u0259h\u0259miyy\u0259t veririk\u201d &#8211; bunu da d\u00f6vl\u0259t ba\u015f\u00e7\u0131s\u0131 \u0130lham \u018fliyev deyir.\n<\/p>\n<p>\n  \u201c\u00d6lk\u0259mizin h\u0259rt\u0259r\u0259fli inki\u015faf\u0131 \u00fc\u00e7\u00fcn, demokratik, h\u00fcquqi d\u00f6vl\u0259tin \u0259saslar\u0131n\u0131n m\u00f6hk\u0259ml\u0259nm\u0259si \u00fc\u00e7\u00fcn m\u0259hk\u0259m\u0259-h\u00fcquq sisteminin t\u0259kmill\u0259\u015fm\u0259si ba\u015fl\u0131ca \u015f\u0259rtdir\u201d. Bu da \u0130lham \u018fliyevin s\u00f6zl\u0259ridir, hardasa divara da vurublar. B\u0259s hardad\u0131r o t\u0259kmill\u0259\u015f\u0259n m\u0259hk\u0259m\u0259-h\u00fcquq sistemi? Onu biz\u0259 niy\u0259 g\u00f6st\u0259rmirl\u0259r? M\u0259hk\u0259m\u0259l\u0259rd\u0259 g\u00f6rd\u00fckl\u0259rimiz tamam bamba\u015fqad\u0131r. \u0130nsaf namin\u0259 dey\u0259k ki, b\u0259z\u0259n hakiml\u0259r m\u00fctt\u0259him\u0259, ya da cavabdeh\u0259 qar\u015f\u0131 \u0259dal\u0259tsizlik oldu\u011funu deyir, prosesi el\u0259 apar\u0131r, \u00e7oxlunda \u00fcmid yaran\u0131r, ancaq sonda he\u00e7 n\u0259 t\u0259min olunmur; n\u0259 veril\u0259n v\u0259sat\u0259tl\u0259r, n\u0259 q\u0259rardan \u015fikay\u0259tl\u0259r. G\u00f6z de\u015f\u0259n h\u00fcquq pozuntusunu prokurorluq da, m\u0259hk\u0259m\u0259 d\u0259 h\u0259qiq\u0259t kimi q\u0259bul edir, \u00fcst\u0259lik, h\u00f6km d\u0259 oxunur. Ancaq hakimiyy\u0259tin ba\u015fqa bir qolunun r\u0259hb\u0259ri g\u00f6st\u0259ri\u015f &#8211; bu halda onun ad\u0131 \u201ct\u00f6vsiy\u0259\u201d olur \u2013 ver\u0259nd\u0259n sonra \u0259dal\u0259t \u201cz\u0259f\u0259r\u201d \u00e7al\u0131r, hans\u0131sa cinay\u0259t i\u015fin\u0259 xitam verilir. \u018fslind\u0259, bel\u0259 m\u00fcdaxil\u0259l\u0259r \u00f6lk\u0259d\u0259 h\u00fcququn, m\u0259hk\u0259m\u0259-h\u00fcquq sisteminin f\u0259aliyy\u0259tin\u0259 xitam verilm\u0259sidir.\n<\/p>\n<p>\n  Mehman H\u00fcseynovla ba\u011fl\u0131 son ba\u015f ver\u0259nl\u0259r d\u0259 bunun \u0259n tutarl\u0131 \u00f6rn\u0259yidir. H\u0259bs m\u00fcdd\u0259tinin bitm\u0259sin\u0259 2 ay qalm\u0131\u015f Mehman H\u00fcseynova qondarma cinay\u0259t i\u015fi a\u00e7d\u0131lar. D\u00f6vl\u0259t qurumu olan Penitensiar Xidm\u0259t bununla ba\u011fl\u0131 \u00f6t\u0259n il dekabr\u0131n dekabr\u0131n 26-da a\u00e7\u0131qlama yayd\u0131: \u201c14 sayl\u0131 c\u0259za\u00e7\u0259km\u0259 m\u00fc\u0259ssis\u0259sind\u0259 plan \u00fczr\u0259 apar\u0131lan n\u00f6vb\u0259ti \u00fcmumi axtar\u0131\u015f-bax\u0131\u015f t\u0259dbirl\u0259ri zaman\u0131 m\u0259hkum H\u00fcseynov Mehman Rafiq o\u011flu m\u00fc\u0259ssis\u0259nin Rejim-n\u0259zar\u0259t \u015f\u00f6b\u0259sinin b\u00f6y\u00fck inspektoru, \u0259dliyy\u0259 leytenant\u0131 Abdalov \u018fli \u018fl\u0259ddin o\u011flunun qanuni t\u0259l\u0259bl\u0259rin\u0259 tabe olmayaraq ona qar\u015f\u0131 zor t\u0259tbiq edib, fiziki m\u00fcqavim\u0259t g\u00f6st\u0259r\u0259r\u0259k sonuncuya b\u0259d\u0259n x\u0259sar\u0259ti yetirib, xidm\u0259ti otaqda olan \u0259\u015fyalar\u0131 da\u011f\u0131daraq s\u0131nd\u0131r\u0131b. Bu faktla ba\u011fl\u0131 Bak\u0131 \u015f\u0259h\u0259ri Qarada\u011f Rayon Prokurorlu\u011funda Cinay\u0259t M\u0259c\u0259ll\u0259sinin 315.2-ci madd\u0259si (hakimiyy\u0259t n\u00fcmay\u0259nd\u0259sin\u0259 xidm\u0259ti v\u0259zif\u0259l\u0259rini yerin\u0259 yetir\u0259rk\u0259n h\u0259yat v\u0259 sa\u011flaml\u0131q \u00fc\u00e7\u00fcn t\u0259hl\u00fck\u0259li olan zor t\u0259tbiq etm\u0259kl\u0259 m\u00fcqavim\u0259t g\u00f6st\u0259rm\u0259) il\u0259 cinay\u0259t i\u015fi ba\u015flan\u0131b\u201d.\n<\/p>\n<p>\n  B\u00fct\u00fcn bunlardansa Mehman\u0131n v\u0259kill\u0259ri h\u0259min m\u0259lumat yay\u0131landan sonra x\u0259b\u0259r tutdu. V\u0259kil \u015e\u0259hla H\u00fcmb\u0259tova Mehman H\u00fcseynovla g\u00f6r\u00fc\u015fd\u00fc v\u0259&#8230; ham\u0131n\u0131n g\u00fcman\u0131 \u00f6z\u00fcn\u00fc do\u011frultdu. Mehman v\u0259kil\u0259 \u015f\u0259rl\u0259ndiyini deyib v\u0259 acl\u0131q aksiyas\u0131na ba\u015flad\u0131\u011f\u0131n\u0131 bildirmi\u015fdi. Bundan sonrak\u0131 prosesl\u0259ri d\u0259 \u00e7oxu bilir. \u0130ctimai m\u00fcqavim\u0259t artan kimi hakimiyy\u0259t s\u00f6z\u00e7\u00fcl\u0259rin\u0259 g\u00f6st\u0259ri\u015f verildi v\u0259 onlar dan\u0131\u015fma\u011fa ba\u015flad\u0131. M\u0259s\u0259l\u0259n, S.Novruzov \u201ckim hans\u0131 \u0259m\u0259li t\u00f6r\u0259dibs\u0259, c\u0259zas\u0131n\u0131 almal\u0131d\u0131r\u201d dedi: \u201cMehman H\u00fcseynov cinay\u0259t t\u00f6r\u0259dib, eyni zamanda v\u0259zif\u0259sini yerin\u0259 yetir\u0259n zabit\u0259 qar\u015f\u0131 zor t\u0259tbiq edib. Kim olursa-olsun, cinay\u0259t t\u00f6r\u0259dibs\u0259, m\u00fctl\u0259q c\u0259zas\u0131n\u0131 almal\u0131d\u0131r. H\u0259r k\u0259s qanun qar\u015f\u0131s\u0131nda birdir v\u0259 t\u00f6r\u0259tdiyi cinay\u0259t\u0259 g\u00f6r\u0259 c\u0259zas\u0131n\u0131 almal\u0131d\u0131r\u201d.\n<\/p>\n<p>\n  Bu tipli ba\u015fqa a\u00e7\u0131qlamalar da oldu v\u0259 hakimiyy\u0259t s\u00f6z\u00e7\u00fcl\u0259ri Mehman\u0131n h\u0259l\u0259 s\u00fcbuta yetirilm\u0259y\u0259n cinay\u0259tl\u0259rind\u0259n dan\u0131\u015fd\u0131lar. H\u0259l\u0259 xaricd\u0259n g\u0259l\u0259n Mehmana azadl\u0131q \u00e7a\u011f\u0131r\u0131\u015flar\u0131na da t\u0259pki g\u00f6st\u0259rdil\u0259r. Avropa Parlamentinin q\u0259tnam\u0259si, onun ard\u0131nca Az\u0259rbaycandak\u0131 siyasi m\u0259hbuslar m\u0259s\u0259l\u0259sinin A\u015ePA-n\u0131n g\u00fcnd\u0259liyin\u0259 sal\u0131nmas\u0131 prezidentin m\u00fcdaxil\u0259sini z\u0259ruri etdi. O, A\u015ePA-n\u0131n daha s\u0259rt q\u0259rarlar verm\u0259m\u0259si \u00fc\u00e7\u00fcn prokurorlu\u011fa t\u00f6vsiy\u0259l\u0259rini verdi: \u201cMehman\u0131n g\u0259nc olmas\u0131n\u0131, art\u0131q iki il\u0259 yax\u0131n c\u0259za \u00e7\u0259kdiyini, ail\u0259 v\u0259ziyy\u0259tini v\u0259 atas\u0131n\u0131n ya\u015fl\u0131 oldu\u011funu n\u0259z\u0259r\u0259 alaraq, Mehman H\u00fcseynovun i\u015find\u0259 humanizm prinsipinin \u00f6n\u0259 \u00e7\u0259kilm\u0259sini, ara\u015fd\u0131rman\u0131n obyektiv v\u0259 \u0259dal\u0259tli olmas\u0131 \u00fc\u00e7\u00fcn qanunla n\u0259z\u0259rd\u0259 tutulmu\u015f b\u00fct\u00fcn z\u0259ruri t\u0259dbirl\u0259rin g\u00f6r\u00fclm\u0259sini Az\u0259rbaycan Respublikas\u0131n\u0131n Ba\u015f prokuroruna t\u00f6vsiy\u0259 etdi\u201d.\n<\/p>\n<p>\n  \u0130cra hakimiyy\u0259ti ba\u015f\u00e7\u0131s\u0131n\u0131n h\u00fcquqa m\u00fcdaxil\u0259si m\u0259hk\u0259m\u0259-h\u00fcquq sisteminin t\u0259kmill\u0259\u015fm\u0259sidirmi? Mehman 2 il qabaq daha g\u0259nc idi, atas\u0131 c\u0259mi 2 il ya\u015fla\u015f\u0131b, el\u0259 2 il qabaq da ya\u015fl\u0131 say\u0131l\u0131rd\u0131. 2 il qabaq da Mehman\u0131n anas\u0131 x\u0259st\u0259ydi, \u0259n az\u0131 1 il \u0259vv\u0259l Mehman\u0131n humanizm\u0259 daha \u00e7ox ehtiyac\u0131 vard\u0131, x\u0259st\u0259 anas\u0131n\u0131n yan\u0131nda olar, onun qay\u011f\u0131lar\u0131n\u0131 bir q\u0259d\u0259r azaldard\u0131. Ancaq h\u0259min x\u0259st\u0259 qad\u0131n h\u0259r h\u0259ft\u0259 Mehman \u00fc\u00e7\u00fcn yem\u0259k haz\u0131rlay\u0131b apar\u0131rd\u0131, h\u0259m d\u0259 t\u0259kc\u0259 Mehman \u00fc\u00e7\u00fcn yox, h\u0259bsxana \u0259traf\u0131nda dola\u015fan sahibsiz itl\u0259r-pi\u015fikl\u0259r \u00fc\u00e7\u00fcn d\u0259. Humanizm bel\u0259 olur&#8230;\n<\/p>\n<p>\n  \u0130ndi hakimiyy\u0259t s\u00f6z\u00e7\u00fcl\u0259ri d\u00fcn\u0259n cinay\u0259tkar adland\u0131rd\u0131qlar\u0131 Mehman haqda ba\u015fqa c\u00fcr dan\u0131\u015f\u0131r; yeni yaranm\u0131\u015f \u015f\u0259rait\u0259 uy\u011fun. \u018fn maraql\u0131s\u0131sa jurnalistl\u0259rin m\u00f6vqeyidir. \u201cJal\u0259\u201d medias\u0131nda \u00e7al\u0131\u015fanlar, yaz\u0131lar\u0131na imza qoyma\u011fa bel\u0259 c\u0259sar\u0259ti \u00e7atmayanlar, \u201caz a\u015f\u0131m, a\u011fr\u0131maz ba\u015f\u0131m\u201d prinsipiyl\u0259 ya\u015fayanlar, ortada yeyib q\u0131raqda g\u0259z\u0259nl\u0259r Facebook q\u0259hr\u0259man\u0131na d\u00f6n\u00fcb Mehmana d\u0259rs ke\u00e7m\u0259y\u0259 giri\u015fibl\u0259r. \u201cMehman onu etm\u0259m\u0259liydi\u201d, \u201cMehman \u018fli Abdalovla qucaqla\u015fmamal\u0131yd\u0131\u201d. Sanki Mehman\u0131n bunlar\u0131n qar\u015f\u0131s\u0131nda \u00f6hd\u0259liyi olub, siyasi lider kimi daim m\u00fcbariz\u0259 aparaca\u011f\u0131n\u0131, zor aparat\u0131n\u0131n qar\u015f\u0131s\u0131nda, &#8211; b\u00fct\u00fcn \u00e7\u0259tinlikl\u0259r\u0259, a\u011fr\u0131-ac\u0131lara baxmayaraq, &#8211; m\u0259rdlikl\u0259 dayanaca\u011f\u0131n\u0131, h\u0259yat\u0131n\u0131 bunlar\u0131n yax\u015f\u0131 qazanmas\u0131, yax\u015f\u0131 ya\u015famas\u0131 \u00fc\u00e7\u00fcn qurban bel\u0259 ver\u0259c\u0259yini deyibmi\u015f, ancaq indi \u0259m\u0259l etm\u0259yib&#8230; Biri lap qaba\u011fa ged\u0259r\u0259k \u201c\u0130lham \u018fliyev Mehman H\u00fcseynov i\u015fini n\u0259zar\u0259t\u0259 g\u00f6t\u00fcrm\u0259kl\u0259 se\u00e7kil\u0259rd\u0259n sonra dediyi \u201cm\u0259n h\u0259r bir az\u0259rbaycanl\u0131n\u0131n prezidenti olaca\u011fam\u201d fikrin\u0259 sadiq qald\u0131\u011f\u0131n\u0131 bir daha n\u00fcmayi\u015f etdirdi\u201d deyib. \u015e\u0259rl\u0259n\u0259r\u0259k h\u0259bs\u0259 at\u0131lanlar da, bu g\u00fcnl\u0259r m\u0259hk\u0259m\u0259si ke\u00e7iril\u0259n, tutulandan sonra a\u011flas\u0131\u011fmaz i\u015fg\u0259nc\u0259l\u0259r veril\u0259n Saleh R\u00fcst\u0259mli, Aqil M\u0259h\u0259rr\u0259mli, Ruslan N\u0259sirli, Bab\u0259k H\u0259s\u0259nov, Vidadi R\u00fcst\u0259mli d\u0259 az\u0259rbaycanl\u0131d\u0131r&#8230;\n<\/p>\n<p>\n  U\u015faqlar, bir az diri oynay\u0131n!\n<\/p><\/p>\n","protected":false},"excerpt":{"rendered":"<p>B\u0259s hardad\u0131r o t\u0259kmill\u0259\u015f\u0259n m\u0259hk\u0259m\u0259-h\u00fcquq sistemi?<\/p>\n","protected":false},"author":11,"featured_media":116679,"comment_status":"closed","ping_status":"open","sticky":false,"template":"","format":"standard","meta":{"_acf_changed":false,"_sitemap_exclude":false,"_sitemap_priority":"","_sitemap_frequency":"","footnotes":""},"categories":[51],"tags":[],"class_list":["post-193702","post","type-post","status-publish","format-standard","has-post-thumbnail","hentry","category-analitika","infinite-scroll-item","generate-columns","tablet-grid-50","mobile-grid-100","grid-parent","grid-33","no-featured-image-padding"],"acf":[],"yoast_head":"<!-- This site is optimized with the Yoast SEO plugin v27.4 - https:\/\/yoast.com\/product\/yoast-seo-wordpress\/ -->\n<title>F\u0259aliyy\u0259tin\u0259 xitam verilmi\u015f h\u00fcquq - MEYDAN.TV<\/title>\n<meta name=\"robots\" content=\"index, follow, max-snippet:-1, max-image-preview:large, max-video-preview:-1\" \/>\n<link rel=\"canonical\" href=\"https:\/\/www.meydan.tv\/az\/article\/fealiyyetine-xitam-verilmis-huquq\/\" \/>\n<meta property=\"og:locale\" content=\"az_AZ\" \/>\n<meta property=\"og:type\" content=\"article\" \/>\n<meta property=\"og:title\" content=\"F\u0259aliyy\u0259tin\u0259 xitam verilmi\u015f h\u00fcquq - MEYDAN.TV\" \/>\n<meta property=\"og:description\" content=\"B\u0259s hardad\u0131r o t\u0259kmill\u0259\u015f\u0259n m\u0259hk\u0259m\u0259-h\u00fcquq sistemi?\" \/>\n<meta property=\"og:url\" content=\"https:\/\/www.meydan.tv\/az\/article\/fealiyyetine-xitam-verilmis-huquq\/\" \/>\n<meta property=\"og:site_name\" content=\"MEYDAN.TV\" \/>\n<meta property=\"article:published_time\" content=\"2019-01-28T14:26:57+00:00\" \/>\n<meta property=\"og:image\" content=\"https:\/\/www.meydan.tv\/wp-content\/uploads\/46515.jpg\" \/>\n\t<meta property=\"og:image:width\" content=\"2400\" \/>\n\t<meta property=\"og:image:height\" content=\"1600\" \/>\n\t<meta property=\"og:image:type\" content=\"image\/jpeg\" \/>\n<meta name=\"author\" content=\"user-manager\" \/>\n<meta name=\"twitter:card\" content=\"summary_large_image\" \/>\n<script type=\"application\/ld+json\" class=\"yoast-schema-graph\">{\"@context\":\"https:\\\/\\\/schema.org\",\"@graph\":[{\"@type\":\"Article\",\"@id\":\"https:\\\/\\\/www.meydan.tv\\\/az\\\/article\\\/fealiyyetine-xitam-verilmis-huquq\\\/#article\",\"isPartOf\":{\"@id\":\"https:\\\/\\\/www.meydan.tv\\\/az\\\/article\\\/fealiyyetine-xitam-verilmis-huquq\\\/\"},\"author\":{\"name\":\"user-manager\",\"@id\":\"https:\\\/\\\/www.meydan.tv\\\/az\\\/#\\\/schema\\\/person\\\/10d11eccf6da3662cf5fdab9806ea91a\"},\"headline\":\"F\u0259aliyy\u0259tin\u0259 xitam verilmi\u015f h\u00fcquq\",\"datePublished\":\"2019-01-28T14:26:57+00:00\",\"mainEntityOfPage\":{\"@id\":\"https:\\\/\\\/www.meydan.tv\\\/az\\\/article\\\/fealiyyetine-xitam-verilmis-huquq\\\/\"},\"wordCount\":1332,\"publisher\":{\"@id\":\"https:\\\/\\\/www.meydan.tv\\\/az\\\/#organization\"},\"image\":{\"@id\":\"https:\\\/\\\/www.meydan.tv\\\/az\\\/article\\\/fealiyyetine-xitam-verilmis-huquq\\\/#primaryimage\"},\"thumbnailUrl\":\"https:\\\/\\\/www.meydan.tv\\\/wp-content\\\/uploads\\\/46515.jpg\",\"articleSection\":[\"Analitika\"],\"inLanguage\":\"az\"},{\"@type\":\"WebPage\",\"@id\":\"https:\\\/\\\/www.meydan.tv\\\/az\\\/article\\\/fealiyyetine-xitam-verilmis-huquq\\\/\",\"url\":\"https:\\\/\\\/www.meydan.tv\\\/az\\\/article\\\/fealiyyetine-xitam-verilmis-huquq\\\/\",\"name\":\"F\u0259aliyy\u0259tin\u0259 xitam verilmi\u015f h\u00fcquq - MEYDAN.TV\",\"isPartOf\":{\"@id\":\"https:\\\/\\\/www.meydan.tv\\\/az\\\/#website\"},\"primaryImageOfPage\":{\"@id\":\"https:\\\/\\\/www.meydan.tv\\\/az\\\/article\\\/fealiyyetine-xitam-verilmis-huquq\\\/#primaryimage\"},\"image\":{\"@id\":\"https:\\\/\\\/www.meydan.tv\\\/az\\\/article\\\/fealiyyetine-xitam-verilmis-huquq\\\/#primaryimage\"},\"thumbnailUrl\":\"https:\\\/\\\/www.meydan.tv\\\/wp-content\\\/uploads\\\/46515.jpg\",\"datePublished\":\"2019-01-28T14:26:57+00:00\",\"breadcrumb\":{\"@id\":\"https:\\\/\\\/www.meydan.tv\\\/az\\\/article\\\/fealiyyetine-xitam-verilmis-huquq\\\/#breadcrumb\"},\"inLanguage\":\"az\",\"potentialAction\":[{\"@type\":\"ReadAction\",\"target\":[\"https:\\\/\\\/www.meydan.tv\\\/az\\\/article\\\/fealiyyetine-xitam-verilmis-huquq\\\/\"]}]},{\"@type\":\"ImageObject\",\"inLanguage\":\"az\",\"@id\":\"https:\\\/\\\/www.meydan.tv\\\/az\\\/article\\\/fealiyyetine-xitam-verilmis-huquq\\\/#primaryimage\",\"url\":\"https:\\\/\\\/www.meydan.tv\\\/wp-content\\\/uploads\\\/46515.jpg\",\"contentUrl\":\"https:\\\/\\\/www.meydan.tv\\\/wp-content\\\/uploads\\\/46515.jpg\",\"width\":2400,\"height\":1600,\"caption\":\"Source:\"},{\"@type\":\"BreadcrumbList\",\"@id\":\"https:\\\/\\\/www.meydan.tv\\\/az\\\/article\\\/fealiyyetine-xitam-verilmis-huquq\\\/#breadcrumb\",\"itemListElement\":[{\"@type\":\"ListItem\",\"position\":1,\"name\":\"Ana s\u0259hif\u0259\",\"item\":\"https:\\\/\\\/www.meydan.tv\\\/az\\\/\"},{\"@type\":\"ListItem\",\"position\":2,\"name\":\"Analitika\",\"item\":\"https:\\\/\\\/www.meydan.tv\\\/az\\\/section\\\/analitika\\\/\"},{\"@type\":\"ListItem\",\"position\":3,\"name\":\"F\u0259aliyy\u0259tin\u0259 xitam verilmi\u015f h\u00fcquq\"}]},{\"@type\":\"WebSite\",\"@id\":\"https:\\\/\\\/www.meydan.tv\\\/az\\\/#website\",\"url\":\"https:\\\/\\\/www.meydan.tv\\\/az\\\/\",\"name\":\"MEYDAN.TV\",\"description\":\"Meydan TV Az\u0259rbaycan\u0131n media m\u0259kan\u0131ndak\u0131 alternativ s\u0259sidir\",\"publisher\":{\"@id\":\"https:\\\/\\\/www.meydan.tv\\\/az\\\/#organization\"},\"potentialAction\":[{\"@type\":\"SearchAction\",\"target\":{\"@type\":\"EntryPoint\",\"urlTemplate\":\"https:\\\/\\\/www.meydan.tv\\\/az\\\/?s={search_term_string}\"},\"query-input\":{\"@type\":\"PropertyValueSpecification\",\"valueRequired\":true,\"valueName\":\"search_term_string\"}}],\"inLanguage\":\"az\"},{\"@type\":\"Organization\",\"@id\":\"https:\\\/\\\/www.meydan.tv\\\/az\\\/#organization\",\"name\":\"Meydan TV\",\"url\":\"https:\\\/\\\/www.meydan.tv\\\/az\\\/\",\"logo\":{\"@type\":\"ImageObject\",\"inLanguage\":\"az\",\"@id\":\"https:\\\/\\\/www.meydan.tv\\\/az\\\/#\\\/schema\\\/logo\\\/image\\\/\",\"url\":\"https:\\\/\\\/www.meydan.tv\\\/wp-content\\\/uploads\\\/2021\\\/07\\\/meydan-logo.svg\",\"contentUrl\":\"https:\\\/\\\/www.meydan.tv\\\/wp-content\\\/uploads\\\/2021\\\/07\\\/meydan-logo.svg\",\"width\":195,\"height\":46,\"caption\":\"Meydan TV\"},\"image\":{\"@id\":\"https:\\\/\\\/www.meydan.tv\\\/az\\\/#\\\/schema\\\/logo\\\/image\\\/\"}},{\"@type\":\"Person\",\"@id\":\"https:\\\/\\\/www.meydan.tv\\\/az\\\/#\\\/schema\\\/person\\\/10d11eccf6da3662cf5fdab9806ea91a\",\"name\":\"user-manager\"}]}<\/script>\n<!-- \/ Yoast SEO plugin. -->","yoast_head_json":{"title":"F\u0259aliyy\u0259tin\u0259 xitam verilmi\u015f h\u00fcquq - MEYDAN.TV","robots":{"index":"index","follow":"follow","max-snippet":"max-snippet:-1","max-image-preview":"max-image-preview:large","max-video-preview":"max-video-preview:-1"},"canonical":"https:\/\/www.meydan.tv\/az\/article\/fealiyyetine-xitam-verilmis-huquq\/","og_locale":"az_AZ","og_type":"article","og_title":"F\u0259aliyy\u0259tin\u0259 xitam verilmi\u015f h\u00fcquq - MEYDAN.TV","og_description":"B\u0259s hardad\u0131r o t\u0259kmill\u0259\u015f\u0259n m\u0259hk\u0259m\u0259-h\u00fcquq sistemi?","og_url":"https:\/\/www.meydan.tv\/az\/article\/fealiyyetine-xitam-verilmis-huquq\/","og_site_name":"MEYDAN.TV","article_published_time":"2019-01-28T14:26:57+00:00","og_image":[{"width":2400,"height":1600,"url":"https:\/\/www.meydan.tv\/wp-content\/uploads\/46515.jpg","type":"image\/jpeg"}],"author":"user-manager","twitter_card":"summary_large_image","schema":{"@context":"https:\/\/schema.org","@graph":[{"@type":"Article","@id":"https:\/\/www.meydan.tv\/az\/article\/fealiyyetine-xitam-verilmis-huquq\/#article","isPartOf":{"@id":"https:\/\/www.meydan.tv\/az\/article\/fealiyyetine-xitam-verilmis-huquq\/"},"author":{"name":"user-manager","@id":"https:\/\/www.meydan.tv\/az\/#\/schema\/person\/10d11eccf6da3662cf5fdab9806ea91a"},"headline":"F\u0259aliyy\u0259tin\u0259 xitam verilmi\u015f h\u00fcquq","datePublished":"2019-01-28T14:26:57+00:00","mainEntityOfPage":{"@id":"https:\/\/www.meydan.tv\/az\/article\/fealiyyetine-xitam-verilmis-huquq\/"},"wordCount":1332,"publisher":{"@id":"https:\/\/www.meydan.tv\/az\/#organization"},"image":{"@id":"https:\/\/www.meydan.tv\/az\/article\/fealiyyetine-xitam-verilmis-huquq\/#primaryimage"},"thumbnailUrl":"https:\/\/www.meydan.tv\/wp-content\/uploads\/46515.jpg","articleSection":["Analitika"],"inLanguage":"az"},{"@type":"WebPage","@id":"https:\/\/www.meydan.tv\/az\/article\/fealiyyetine-xitam-verilmis-huquq\/","url":"https:\/\/www.meydan.tv\/az\/article\/fealiyyetine-xitam-verilmis-huquq\/","name":"F\u0259aliyy\u0259tin\u0259 xitam verilmi\u015f h\u00fcquq - MEYDAN.TV","isPartOf":{"@id":"https:\/\/www.meydan.tv\/az\/#website"},"primaryImageOfPage":{"@id":"https:\/\/www.meydan.tv\/az\/article\/fealiyyetine-xitam-verilmis-huquq\/#primaryimage"},"image":{"@id":"https:\/\/www.meydan.tv\/az\/article\/fealiyyetine-xitam-verilmis-huquq\/#primaryimage"},"thumbnailUrl":"https:\/\/www.meydan.tv\/wp-content\/uploads\/46515.jpg","datePublished":"2019-01-28T14:26:57+00:00","breadcrumb":{"@id":"https:\/\/www.meydan.tv\/az\/article\/fealiyyetine-xitam-verilmis-huquq\/#breadcrumb"},"inLanguage":"az","potentialAction":[{"@type":"ReadAction","target":["https:\/\/www.meydan.tv\/az\/article\/fealiyyetine-xitam-verilmis-huquq\/"]}]},{"@type":"ImageObject","inLanguage":"az","@id":"https:\/\/www.meydan.tv\/az\/article\/fealiyyetine-xitam-verilmis-huquq\/#primaryimage","url":"https:\/\/www.meydan.tv\/wp-content\/uploads\/46515.jpg","contentUrl":"https:\/\/www.meydan.tv\/wp-content\/uploads\/46515.jpg","width":2400,"height":1600,"caption":"Source:"},{"@type":"BreadcrumbList","@id":"https:\/\/www.meydan.tv\/az\/article\/fealiyyetine-xitam-verilmis-huquq\/#breadcrumb","itemListElement":[{"@type":"ListItem","position":1,"name":"Ana s\u0259hif\u0259","item":"https:\/\/www.meydan.tv\/az\/"},{"@type":"ListItem","position":2,"name":"Analitika","item":"https:\/\/www.meydan.tv\/az\/section\/analitika\/"},{"@type":"ListItem","position":3,"name":"F\u0259aliyy\u0259tin\u0259 xitam verilmi\u015f h\u00fcquq"}]},{"@type":"WebSite","@id":"https:\/\/www.meydan.tv\/az\/#website","url":"https:\/\/www.meydan.tv\/az\/","name":"MEYDAN.TV","description":"Meydan TV Az\u0259rbaycan\u0131n media m\u0259kan\u0131ndak\u0131 alternativ s\u0259sidir","publisher":{"@id":"https:\/\/www.meydan.tv\/az\/#organization"},"potentialAction":[{"@type":"SearchAction","target":{"@type":"EntryPoint","urlTemplate":"https:\/\/www.meydan.tv\/az\/?s={search_term_string}"},"query-input":{"@type":"PropertyValueSpecification","valueRequired":true,"valueName":"search_term_string"}}],"inLanguage":"az"},{"@type":"Organization","@id":"https:\/\/www.meydan.tv\/az\/#organization","name":"Meydan TV","url":"https:\/\/www.meydan.tv\/az\/","logo":{"@type":"ImageObject","inLanguage":"az","@id":"https:\/\/www.meydan.tv\/az\/#\/schema\/logo\/image\/","url":"https:\/\/www.meydan.tv\/wp-content\/uploads\/2021\/07\/meydan-logo.svg","contentUrl":"https:\/\/www.meydan.tv\/wp-content\/uploads\/2021\/07\/meydan-logo.svg","width":195,"height":46,"caption":"Meydan TV"},"image":{"@id":"https:\/\/www.meydan.tv\/az\/#\/schema\/logo\/image\/"}},{"@type":"Person","@id":"https:\/\/www.meydan.tv\/az\/#\/schema\/person\/10d11eccf6da3662cf5fdab9806ea91a","name":"user-manager"}]}},"_links":{"self":[{"href":"https:\/\/www.meydan.tv\/az\/wp-json\/wp\/v2\/posts\/193702","targetHints":{"allow":["GET"]}}],"collection":[{"href":"https:\/\/www.meydan.tv\/az\/wp-json\/wp\/v2\/posts"}],"about":[{"href":"https:\/\/www.meydan.tv\/az\/wp-json\/wp\/v2\/types\/post"}],"author":[{"embeddable":true,"href":"https:\/\/www.meydan.tv\/az\/wp-json\/wp\/v2\/users\/11"}],"replies":[{"embeddable":true,"href":"https:\/\/www.meydan.tv\/az\/wp-json\/wp\/v2\/comments?post=193702"}],"version-history":[{"count":0,"href":"https:\/\/www.meydan.tv\/az\/wp-json\/wp\/v2\/posts\/193702\/revisions"}],"wp:featuredmedia":[{"embeddable":true,"href":"https:\/\/www.meydan.tv\/az\/wp-json\/wp\/v2\/media\/116679"}],"wp:attachment":[{"href":"https:\/\/www.meydan.tv\/az\/wp-json\/wp\/v2\/media?parent=193702"}],"wp:term":[{"taxonomy":"category","embeddable":true,"href":"https:\/\/www.meydan.tv\/az\/wp-json\/wp\/v2\/categories?post=193702"},{"taxonomy":"post_tag","embeddable":true,"href":"https:\/\/www.meydan.tv\/az\/wp-json\/wp\/v2\/tags?post=193702"}],"curies":[{"name":"wp","href":"https:\/\/api.w.org\/{rel}","templated":true}]}}