{"id":193699,"date":"2019-01-27T21:12:21","date_gmt":"2019-01-27T21:12:21","guid":{"rendered":"https:\/\/www.meydan.tv\/article\/briqadir-emek-muqavilesi-baglamadan-bize-328-min-manatliq-is-gordurduler\/"},"modified":"2019-01-27T21:12:21","modified_gmt":"2019-01-27T21:12:21","slug":"briqadir-emek-muqavilesi-baglamadan-bize-328-min-manatliq-is-gordurduler","status":"publish","type":"post","link":"https:\/\/www.meydan.tv\/az\/article\/briqadir-emek-muqavilesi-baglamadan-bize-328-min-manatliq-is-gordurduler\/","title":{"rendered":"Briqadir: \u018fm\u0259k m\u00fcqavil\u0259si ba\u011flamadan biz\u0259 328 min manatl\u0131q i\u015f g\u00f6rd\u00fcrd\u00fcl\u0259r"},"content":{"rendered":"<figure class=\"wp-block-image size-large\">\n  <img decoding=\"async\" src=\"https:\/\/www.meydan.tv\/az\/tikiler-obyekt\/\" alt=\"Tikil\u0259r obyekt\" class=\"wp-image-116661\"\/><figcaption>\n    Tikil\u0259r obyekt<br \/>\n  <\/figcaption><\/figure>\n<p>\n  <i><br \/>\n    S\u0259dr m\u00fcavini: \u201cEtibar \u018fliyev bel\u0259 \u015f\u0259rl\u0259m\u0259kl\u0259 bizd\u0259n 3 d\u0259f\u0259 pul al\u0131b\u201d<br \/>\n  <\/i>\n<\/p>\n<p>\n  \u201c3 kilometrd\u0259n \u00e7ox yol \u00e7\u0259kdik, 7 \u0259d\u0259d istixana kompleksi, komendant postu, g\u00f6z\u0259t\u00e7i ota\u011f\u0131, b\u00f6y\u00fck bir anbar tikdik, 250 tonluq su hovuzunun b\u00fcn\u00f6vr\u0259sini qoyduq, \u0259razinin t\u0259mizl\u0259nm\u0259 i\u015fl\u0259rini g\u00f6rd\u00fck&#8230; M\u0259nim briqadirliyim alt\u0131nda b\u00f6y\u00fck bir briqada g\u00f6r\u00fcrd\u00fc bu i\u015fl\u0259ri&#8230; Biziml\u0259 m\u00fcqavil\u0259 ba\u011flamad\u0131lar, dedil\u0259r, bu i\u015fl\u0259rin ba\u015f\u0131nda Daxili \u0130\u015fl\u0259r Nazirliyinin y\u00fcks\u0259k v\u0259zif\u0259li \u015f\u0259xsl\u0259ri dayan\u0131r, ortada ki\u015fi s\u00f6z\u00fc varsa, m\u00fcqavil\u0259y\u0259 ehtiyac yoxdur. N\u0259 i\u015f g\u00f6r\u0259c\u0259ksinizs\u0259, z\u0259hm\u0259tinizin haqq\u0131 \u00f6d\u0259nil\u0259c\u0259k. Ancaq z\u0259hm\u0259timizin haqq\u0131 yar\u0131m\u00e7\u0131q \u00f6d\u0259nildi, bu, bir t\u0259r\u0259f\u0259, haqq\u0131m\u0131z\u0131 t\u0259l\u0259b etdikd\u0259 d\u0259 bizi \u015f\u0259rl\u0259y\u0259c\u0259kl\u0259ril\u0259, prokurorluqdak\u0131 adamlar\u0131 il\u0259 h\u0259d\u0259l\u0259dil\u0259r\u201d.\n<\/p>\n<p>\n  Tovuz rayonu, \u018fsrik C\u0131rdaxan k\u0259nd sakini Etibar \u018fliyev Meydan TV-y\u0259 dan\u0131\u015f\u0131r ki, \u201c\u018frzaq m\u0259hsullar\u0131n\u0131n t\u0259minat\u0131-t\u0259chizat\u0131\u201d ASC-nin s\u0259dr m\u00fcavini, \u201cMeyv\u0259li bazar\u0131\u201dn\u0131n direktoru Anar Novruzovun v\u0259 h\u0259min ASC-nin \u0259m\u0259kda\u015f\u0131 V\u0259li \u018fmirovun \u015f\u0259xsi g\u00f6st\u0259ri\u015fl\u0259ri \u0259sas\u0131nda Tovuz rayonunun K\u00fcr \u00e7ay\u0131 sahilind\u0259 &#8211; Hunanlar k\u0259ndi \u0259razisind\u0259 istixana kompleksi, anbar v\u0259 dig\u0259r m\u00fch\u0259ndis qur\u011fular\u0131 tikilib. Bu tikinti i\u015fl\u0259ri adlar\u0131 qeyd olunan \u015f\u0259xsl\u0259rin sifari\u015fi \u0259sas\u0131nda onun ba\u015f\u00e7\u0131l\u0131q etdiyi f\u0259hl\u0259 briqadas\u0131 t\u0259r\u0259find\u0259n h\u0259yata ke\u00e7irilib. Ancaq i\u015fl\u0259r ba\u015fa \u00e7atd\u0131qdan sonra f\u0259hl\u0259l\u0259rin maa\u015flar\u0131 tam \u00f6d\u0259nilm\u0259yib.\n<\/p>\n<blockquote><p>\n  Borc 52 min manata \u00e7atanda c\u0131\u011fall\u0131\u011fa ba\u015flad\u0131lar\n<\/p><\/blockquote>\n<p>\n  \u201cM\u0259n briqadir idim, i\u015f\u0259 60 f\u0259hl\u0259 il\u0259 \u00e7\u0131xd\u0131q. \u0130\u015fl\u0259r 2017-ci ilin may\u0131ndan 2018-ci ilin yanvar\u0131nad\u0259k davam el\u0259di. \u00dcmumi g\u00f6rd\u00fcy\u00fcm\u00fcz i\u015fin h\u0259cmi 328 min manat idi. Pullar\u0131 biz\u0259 hiss\u0259-hiss\u0259 \u00f6d\u0259yirdil\u0259r. Biz\u0259 olan borclar\u0131ndan 52 min manat qalanda ba\u015flad\u0131lar c\u0131\u011fall\u0131q el\u0259m\u0259y\u0259&#8230; N\u0259 fikirl\u0259\u015fdil\u0259rs\u0259, \u00f6d\u0259m\u0259ni dayand\u0131rd\u0131lar. F\u0259hl\u0259l\u0259r m\u0259nd\u0259n, m\u0259n is\u0259 onlardan t\u0259l\u0259b etm\u0259y\u0259 ba\u015flayanda bildirdil\u0259r ki, n\u0259 \u00f6d\u0259mi\u015fik, Allah\u0131n\u0131za \u015f\u00fck\u00fcr edin. M\u0259cbur etm\u0259yin ki, 52 min manat\u0131n yar\u0131s\u0131n\u0131 prokurorlu\u011fa ver\u0259k, sizi tutduraq. M\u0259n onlar\u0131n bu h\u0259r\u0259k\u0259tl\u0259rind\u0259n m\u00fcxt\u0259lif qurumlara 26 d\u0259f\u0259 teleqram vurmu\u015fam, yazd\u0131\u011f\u0131m m\u0259ktublar\u0131n say\u0131-hesab\u0131 yoxdur. \u015eikay\u0259tl\u0259rimizd\u0259 d\u0259 g\u00f6st\u0259rmi\u015fik ki, ASC-nin \u0259m\u0259kda\u015flar\u0131 V\u0259li \u018fmirov, Nazim M\u0259mm\u0259dov, Anar Novruzov t\u0259r\u0259find\u0259n veril\u0259n sifari\u015fl\u0259ri tikib t\u0259hvil vers\u0259k d\u0259, pullar\u0131m\u0131z\u0131 k\u0259sibl\u0259r. Bunlar n\u0259tic\u0259 \u00e7\u0131xarmaq \u0259v\u0259zin\u0259, bizi \u015f\u0259rl\u0259m\u0259kl\u0259 h\u0259d\u0259l\u0259yirl\u0259r\u201d, &#8211; Etibar \u018fliyev deyir.\n<\/p>\n<blockquote><p>\n  F\u0259hl\u0259l\u0259rin \u0259lind\u0259 qalm\u0131\u015fam\n<\/p><\/blockquote>\n<p>\n  ASC-nin s\u0259dr m\u00fcavini Xaliq M\u0259mm\u0259dov Etibar \u018fliyevin v\u0259 f\u0259hl\u0259l\u0259rin ad\u0131ndan yaz\u0131lm\u0131\u015f m\u0259ktublara iki d\u0259f\u0259 f\u0259rqli cavab m\u0259ktubu yaz\u0131b g\u00f6nd\u0259rib. M\u0259ktublardan birind\u0259 qeyd olunur ki, bu briqada il\u0259 \u00fcmumiyy\u0259tl\u0259, i\u015fl\u0259m\u0259yibl\u0259r v\u0259 briqada r\u0259hb\u0259rini, \u00fczvl\u0259rini tan\u0131m\u0131rlar. Dig\u0259rind\u0259 yaz\u0131l\u0131b ki, ASC-d\u0259, \u00fcmumiyy\u0259tl\u0259, briqadirin v\u0259 f\u0259hl\u0259l\u0259rin iddia etdiyi V\u0259li \u018fmirov, Nazim M\u0259mm\u0259dov, Anar Novruzov adl\u0131 i\u015f\u00e7il\u0259r yoxdur.\n<\/p>\n<p>\n  Etibar \u018fliyevin v\u0259 briqada \u00fczvl\u0259rinin m\u00fcraci\u0259tl\u0259rind\u0259n sonra 52 min manatdan da hiss\u0259-hiss\u0259 \u00f6d\u0259nilib. Borc 11.692 manata endirilib. \u0130ndi d\u0259 briqadirin t\u0259l\u0259bi bu borcun \u00f6d\u0259nilm\u0259sidir:\n<\/p>\n<p>\n  \u201cM\u00fcxt\u0259lif qurumlara vurdu\u011fum teleqramlardan, yazd\u0131\u011f\u0131m m\u0259ktublardan sonra ASC-nin \u0259m\u0259kda\u015flar\u0131 v\u0259 Anar Novruzov m\u0259ni \u00e7a\u011f\u0131rd\u0131. Bildiridil\u0259r ki, s\u0259nin vurdu\u011fun teleqramlar ham\u0131n\u0131 aya\u011fa qald\u0131r\u0131b. \u018fm\u0259k haqq\u0131 borcunu tam \u00f6d\u0259y\u0259c\u0259yik, ancaq \u015f\u0259rtimiz var. \u018fm\u0259k v\u0259 \u018fhalinin Sosial M\u00fcdafi\u0259si Naziliyinin \u018fm\u0259k M\u00fcf\u0259tti\u015fliyin\u0259 gedib izahat yazmal\u0131san ki, qal\u0131q \u0259m\u0259k haqq\u0131 borcunu alm\u0131san, \u015fikay\u0259tinin ara\u015fd\u0131r\u0131lmas\u0131 dayand\u0131r\u0131ls\u0131n, he\u00e7 bir t\u0259l\u0259bin d\u0259 yoxdur v\u0259 bir daha \u015fikay\u0259t etm\u0259y\u0259c\u0259y\u0259ks\u0259n. Bu yolla m\u0259ni aldatd\u0131lar. M\u0259n\u0259 olan \u0259m\u0259k haqq\u0131 borclar\u0131ndan 8.200 manat da \u00f6d\u0259dil\u0259r. M\u0259n d\u0259 f\u0259hl\u0259l\u0259rin qal\u0131q \u0259m\u0259k haqq\u0131 borcunu paylad\u0131m. Haz\u0131rda ASC-nin f\u0259hl\u0259l\u0259r\u0259 11.692 manat qal\u0131q \u0259m\u0259k haqq\u0131 borcu qal\u0131b. Ancaq borcu \u00f6d\u0259m\u0259kd\u0259n imtina edirl\u0259r. M\u0259ni aldadaraq f\u0259hl\u0259l\u0259rin yan\u0131nda olduqca \u00e7\u0259tin duruma sal\u0131blar. Haz\u0131rda 11 f\u0259hl\u0259 m\u0259nd\u0259n pulunu t\u0259l\u0259b edir\u201d.\n<\/p>\n<p>\n  Etibar \u018fliyevin s\u00f6zl\u0259rin\u0259 g\u00f6r\u0259, ASC r\u0259hb\u0259rliyi h\u0259r d\u0259f\u0259 bir b\u0259han\u0259 il\u0259 borcu \u00f6d\u0259m\u0259kd\u0259n yay\u0131n\u0131r:\n<\/p>\n<p>\n  \u201cGah deyirdil\u0259r, \u201cPa\u015fa Holdinq\u201din adamlar\u0131y\u0131q, gah deyirdil\u0259r, arxam\u0131z Daxili \u0130\u015fl\u0259r Nazirliyin\u0259 ba\u011fl\u0131d\u0131r, bu i\u015fin arxas\u0131nda \u00e7ox yek\u0259 v\u0259zif\u0259li adamlar dayan\u0131r, gah deyirl\u0259r, biz, \u00fcmumiyy\u0259tl\u0259, sizi tan\u0131m\u0131r\u0131q, siz\u0259 sifari\u015f-filan verm\u0259mi\u015fik&#8230; Halbuki, g\u00f6rd\u00fcy\u00fcm\u00fcz i\u015fl\u0259ri t\u0259sdiql\u0259y\u0259n fotog\u00f6r\u00fcnt\u00fcl\u0259r var&#8230; Gah da deyirl\u0259r, ASC f\u0259aliyy\u0259tini dayand\u0131r\u0131b\u201d.\n<\/p>\n<p>\n  Anar Novruzov is\u0259 Meydan TV-y\u0259 deyib ki, f\u0259hl\u0259l\u0259rin pullar\u0131 tam \u00f6d\u0259nib, buna baxmayaraq, Etibar \u018fliyev onlar\u0131 \u015f\u0259rl\u0259m\u0259kl\u0259 m\u0259\u015f\u011fuldur:\n<\/p>\n<p>\n  \u201cEtibar \u018fliyev bel\u0259 \u015f\u0259rl\u0259m\u0259kl\u0259 bizd\u0259n 3 d\u0259f\u0259 pul al\u0131b. Sonuncu d\u0259f\u0259 \u00f6z imzas\u0131yla s\u0259n\u0259d verib ki, he\u00e7 bir borcunuz yoxdur. Notariusda da t\u0259sdiql\u0259nib. Maa\u015flar 100 faiz \u00f6d\u0259nilib. \u018fm\u0259k M\u00fcf\u0259tti\u015fliyind\u0259n d\u0259 \u00e7a\u011f\u0131r\u0131blar, orda da yaz\u0131b qoyub ki, \u0259s\u0259bi olub \u015fikay\u0259t etmi\u015f\u0259m, pullar\u0131m\u0131z tam \u00f6d\u0259nib, anla\u015f\u0131lmazl\u0131q olub, aram\u0131zda he\u00e7 bir problem yoxdur. H\u0259min \u0259r\u0259f\u0259l\u0259rd\u0259 d\u0259 g\u0259lib m\u0259nd\u0259n pul al\u0131b ki, m\u00fc\u0259llim, bir s\u0259hvdir etmi\u015f\u0259m, dolana bilmir\u0259m. K\u00f6m\u0259k etmi\u015f\u0259m, 5-6 ay ke\u00e7ib, yen\u0259 ba\u015flay\u0131b \u015fikay\u0259t\u0259 ki, pullar\u0131m\u0131z \u00f6d\u0259nm\u0259yib. Bel\u0259c\u0259 \u015f\u0259rl\u0259yib, bizi biab\u0131r etm\u0259kl\u0259 m\u0259\u015f\u011fuldur. Kim bu adamla i\u015f g\u00f6r\u00fcbs\u0259, bel\u0259 2-3 d\u0259f\u0259 \u00f6d\u0259ni\u015f edib\u201d.<\/p>\n","protected":false},"excerpt":{"rendered":"<p>S\u0259dr m\u00fcavini: \u201cEtibar \u018fliyev bel\u0259 \u015f\u0259rl\u0259m\u0259kl\u0259 bizd\u0259n 3 d\u0259f\u0259 pul al\u0131b\u201d<\/p>\n","protected":false},"author":11,"featured_media":116661,"comment_status":"closed","ping_status":"open","sticky":false,"template":"","format":"standard","meta":{"_acf_changed":false,"_sitemap_exclude":false,"_sitemap_priority":"","_sitemap_frequency":"","footnotes":""},"categories":[60],"tags":[],"class_list":["post-193699","post","type-post","status-publish","format-standard","has-post-thumbnail","hentry","category-bolge","infinite-scroll-item","generate-columns","tablet-grid-50","mobile-grid-100","grid-parent","grid-33","no-featured-image-padding"],"acf":[],"yoast_head":"<!-- This site is optimized with the Yoast SEO plugin v27.4 - https:\/\/yoast.com\/product\/yoast-seo-wordpress\/ -->\n<title>Briqadir: \u018fm\u0259k m\u00fcqavil\u0259si ba\u011flamadan biz\u0259 328 min manatl\u0131q i\u015f g\u00f6rd\u00fcrd\u00fcl\u0259r - MEYDAN.TV<\/title>\n<meta name=\"robots\" content=\"index, follow, max-snippet:-1, max-image-preview:large, max-video-preview:-1\" \/>\n<link rel=\"canonical\" href=\"https:\/\/www.meydan.tv\/az\/article\/briqadir-emek-muqavilesi-baglamadan-bize-328-min-manatliq-is-gordurduler\/\" \/>\n<meta property=\"og:locale\" content=\"az_AZ\" \/>\n<meta property=\"og:type\" content=\"article\" \/>\n<meta property=\"og:title\" content=\"Briqadir: \u018fm\u0259k m\u00fcqavil\u0259si ba\u011flamadan biz\u0259 328 min manatl\u0131q i\u015f g\u00f6rd\u00fcrd\u00fcl\u0259r - MEYDAN.TV\" \/>\n<meta property=\"og:description\" content=\"S\u0259dr m\u00fcavini: \u201cEtibar \u018fliyev bel\u0259 \u015f\u0259rl\u0259m\u0259kl\u0259 bizd\u0259n 3 d\u0259f\u0259 pul al\u0131b\u201d\" \/>\n<meta property=\"og:url\" content=\"https:\/\/www.meydan.tv\/az\/article\/briqadir-emek-muqavilesi-baglamadan-bize-328-min-manatliq-is-gordurduler\/\" \/>\n<meta property=\"og:site_name\" content=\"MEYDAN.TV\" \/>\n<meta property=\"article:published_time\" content=\"2019-01-27T21:12:21+00:00\" \/>\n<meta property=\"og:image\" content=\"https:\/\/www.meydan.tv\/wp-content\/uploads\/46508.jpg\" \/>\n\t<meta property=\"og:image:width\" content=\"1280\" \/>\n\t<meta property=\"og:image:height\" content=\"770\" \/>\n\t<meta property=\"og:image:type\" content=\"image\/jpeg\" \/>\n<meta name=\"author\" content=\"user-manager\" \/>\n<meta name=\"twitter:card\" content=\"summary_large_image\" \/>\n<script type=\"application\/ld+json\" class=\"yoast-schema-graph\">{\"@context\":\"https:\\\/\\\/schema.org\",\"@graph\":[{\"@type\":\"Article\",\"@id\":\"https:\\\/\\\/www.meydan.tv\\\/az\\\/article\\\/briqadir-emek-muqavilesi-baglamadan-bize-328-min-manatliq-is-gordurduler\\\/#article\",\"isPartOf\":{\"@id\":\"https:\\\/\\\/www.meydan.tv\\\/az\\\/article\\\/briqadir-emek-muqavilesi-baglamadan-bize-328-min-manatliq-is-gordurduler\\\/\"},\"author\":{\"name\":\"user-manager\",\"@id\":\"https:\\\/\\\/www.meydan.tv\\\/az\\\/#\\\/schema\\\/person\\\/10d11eccf6da3662cf5fdab9806ea91a\"},\"headline\":\"Briqadir: \u018fm\u0259k m\u00fcqavil\u0259si ba\u011flamadan biz\u0259 328 min manatl\u0131q i\u015f g\u00f6rd\u00fcrd\u00fcl\u0259r\",\"datePublished\":\"2019-01-27T21:12:21+00:00\",\"mainEntityOfPage\":{\"@id\":\"https:\\\/\\\/www.meydan.tv\\\/az\\\/article\\\/briqadir-emek-muqavilesi-baglamadan-bize-328-min-manatliq-is-gordurduler\\\/\"},\"wordCount\":1138,\"publisher\":{\"@id\":\"https:\\\/\\\/www.meydan.tv\\\/az\\\/#organization\"},\"image\":{\"@id\":\"https:\\\/\\\/www.meydan.tv\\\/az\\\/article\\\/briqadir-emek-muqavilesi-baglamadan-bize-328-min-manatliq-is-gordurduler\\\/#primaryimage\"},\"thumbnailUrl\":\"https:\\\/\\\/www.meydan.tv\\\/wp-content\\\/uploads\\\/46508.jpg\",\"articleSection\":[\"B\u00f6lg\u0259\"],\"inLanguage\":\"az\"},{\"@type\":\"WebPage\",\"@id\":\"https:\\\/\\\/www.meydan.tv\\\/az\\\/article\\\/briqadir-emek-muqavilesi-baglamadan-bize-328-min-manatliq-is-gordurduler\\\/\",\"url\":\"https:\\\/\\\/www.meydan.tv\\\/az\\\/article\\\/briqadir-emek-muqavilesi-baglamadan-bize-328-min-manatliq-is-gordurduler\\\/\",\"name\":\"Briqadir: \u018fm\u0259k m\u00fcqavil\u0259si ba\u011flamadan biz\u0259 328 min manatl\u0131q i\u015f g\u00f6rd\u00fcrd\u00fcl\u0259r - MEYDAN.TV\",\"isPartOf\":{\"@id\":\"https:\\\/\\\/www.meydan.tv\\\/az\\\/#website\"},\"primaryImageOfPage\":{\"@id\":\"https:\\\/\\\/www.meydan.tv\\\/az\\\/article\\\/briqadir-emek-muqavilesi-baglamadan-bize-328-min-manatliq-is-gordurduler\\\/#primaryimage\"},\"image\":{\"@id\":\"https:\\\/\\\/www.meydan.tv\\\/az\\\/article\\\/briqadir-emek-muqavilesi-baglamadan-bize-328-min-manatliq-is-gordurduler\\\/#primaryimage\"},\"thumbnailUrl\":\"https:\\\/\\\/www.meydan.tv\\\/wp-content\\\/uploads\\\/46508.jpg\",\"datePublished\":\"2019-01-27T21:12:21+00:00\",\"breadcrumb\":{\"@id\":\"https:\\\/\\\/www.meydan.tv\\\/az\\\/article\\\/briqadir-emek-muqavilesi-baglamadan-bize-328-min-manatliq-is-gordurduler\\\/#breadcrumb\"},\"inLanguage\":\"az\",\"potentialAction\":[{\"@type\":\"ReadAction\",\"target\":[\"https:\\\/\\\/www.meydan.tv\\\/az\\\/article\\\/briqadir-emek-muqavilesi-baglamadan-bize-328-min-manatliq-is-gordurduler\\\/\"]}]},{\"@type\":\"ImageObject\",\"inLanguage\":\"az\",\"@id\":\"https:\\\/\\\/www.meydan.tv\\\/az\\\/article\\\/briqadir-emek-muqavilesi-baglamadan-bize-328-min-manatliq-is-gordurduler\\\/#primaryimage\",\"url\":\"https:\\\/\\\/www.meydan.tv\\\/wp-content\\\/uploads\\\/46508.jpg\",\"contentUrl\":\"https:\\\/\\\/www.meydan.tv\\\/wp-content\\\/uploads\\\/46508.jpg\",\"width\":1280,\"height\":770,\"caption\":\"Source:\"},{\"@type\":\"BreadcrumbList\",\"@id\":\"https:\\\/\\\/www.meydan.tv\\\/az\\\/article\\\/briqadir-emek-muqavilesi-baglamadan-bize-328-min-manatliq-is-gordurduler\\\/#breadcrumb\",\"itemListElement\":[{\"@type\":\"ListItem\",\"position\":1,\"name\":\"Ana s\u0259hif\u0259\",\"item\":\"https:\\\/\\\/www.meydan.tv\\\/az\\\/\"},{\"@type\":\"ListItem\",\"position\":2,\"name\":\"B\u00f6lg\u0259\",\"item\":\"https:\\\/\\\/www.meydan.tv\\\/az\\\/section\\\/bolge\\\/\"},{\"@type\":\"ListItem\",\"position\":3,\"name\":\"Briqadir: \u018fm\u0259k m\u00fcqavil\u0259si ba\u011flamadan biz\u0259 328 min manatl\u0131q i\u015f g\u00f6rd\u00fcrd\u00fcl\u0259r\"}]},{\"@type\":\"WebSite\",\"@id\":\"https:\\\/\\\/www.meydan.tv\\\/az\\\/#website\",\"url\":\"https:\\\/\\\/www.meydan.tv\\\/az\\\/\",\"name\":\"MEYDAN.TV\",\"description\":\"Meydan TV Az\u0259rbaycan\u0131n media m\u0259kan\u0131ndak\u0131 alternativ s\u0259sidir\",\"publisher\":{\"@id\":\"https:\\\/\\\/www.meydan.tv\\\/az\\\/#organization\"},\"potentialAction\":[{\"@type\":\"SearchAction\",\"target\":{\"@type\":\"EntryPoint\",\"urlTemplate\":\"https:\\\/\\\/www.meydan.tv\\\/az\\\/?s={search_term_string}\"},\"query-input\":{\"@type\":\"PropertyValueSpecification\",\"valueRequired\":true,\"valueName\":\"search_term_string\"}}],\"inLanguage\":\"az\"},{\"@type\":\"Organization\",\"@id\":\"https:\\\/\\\/www.meydan.tv\\\/az\\\/#organization\",\"name\":\"Meydan TV\",\"url\":\"https:\\\/\\\/www.meydan.tv\\\/az\\\/\",\"logo\":{\"@type\":\"ImageObject\",\"inLanguage\":\"az\",\"@id\":\"https:\\\/\\\/www.meydan.tv\\\/az\\\/#\\\/schema\\\/logo\\\/image\\\/\",\"url\":\"https:\\\/\\\/www.meydan.tv\\\/wp-content\\\/uploads\\\/2021\\\/07\\\/meydan-logo.svg\",\"contentUrl\":\"https:\\\/\\\/www.meydan.tv\\\/wp-content\\\/uploads\\\/2021\\\/07\\\/meydan-logo.svg\",\"width\":195,\"height\":46,\"caption\":\"Meydan TV\"},\"image\":{\"@id\":\"https:\\\/\\\/www.meydan.tv\\\/az\\\/#\\\/schema\\\/logo\\\/image\\\/\"}},{\"@type\":\"Person\",\"@id\":\"https:\\\/\\\/www.meydan.tv\\\/az\\\/#\\\/schema\\\/person\\\/10d11eccf6da3662cf5fdab9806ea91a\",\"name\":\"user-manager\"}]}<\/script>\n<!-- \/ Yoast SEO plugin. -->","yoast_head_json":{"title":"Briqadir: \u018fm\u0259k m\u00fcqavil\u0259si ba\u011flamadan biz\u0259 328 min manatl\u0131q i\u015f g\u00f6rd\u00fcrd\u00fcl\u0259r - MEYDAN.TV","robots":{"index":"index","follow":"follow","max-snippet":"max-snippet:-1","max-image-preview":"max-image-preview:large","max-video-preview":"max-video-preview:-1"},"canonical":"https:\/\/www.meydan.tv\/az\/article\/briqadir-emek-muqavilesi-baglamadan-bize-328-min-manatliq-is-gordurduler\/","og_locale":"az_AZ","og_type":"article","og_title":"Briqadir: \u018fm\u0259k m\u00fcqavil\u0259si ba\u011flamadan biz\u0259 328 min manatl\u0131q i\u015f g\u00f6rd\u00fcrd\u00fcl\u0259r - MEYDAN.TV","og_description":"S\u0259dr m\u00fcavini: \u201cEtibar \u018fliyev bel\u0259 \u015f\u0259rl\u0259m\u0259kl\u0259 bizd\u0259n 3 d\u0259f\u0259 pul al\u0131b\u201d","og_url":"https:\/\/www.meydan.tv\/az\/article\/briqadir-emek-muqavilesi-baglamadan-bize-328-min-manatliq-is-gordurduler\/","og_site_name":"MEYDAN.TV","article_published_time":"2019-01-27T21:12:21+00:00","og_image":[{"width":1280,"height":770,"url":"https:\/\/www.meydan.tv\/wp-content\/uploads\/46508.jpg","type":"image\/jpeg"}],"author":"user-manager","twitter_card":"summary_large_image","schema":{"@context":"https:\/\/schema.org","@graph":[{"@type":"Article","@id":"https:\/\/www.meydan.tv\/az\/article\/briqadir-emek-muqavilesi-baglamadan-bize-328-min-manatliq-is-gordurduler\/#article","isPartOf":{"@id":"https:\/\/www.meydan.tv\/az\/article\/briqadir-emek-muqavilesi-baglamadan-bize-328-min-manatliq-is-gordurduler\/"},"author":{"name":"user-manager","@id":"https:\/\/www.meydan.tv\/az\/#\/schema\/person\/10d11eccf6da3662cf5fdab9806ea91a"},"headline":"Briqadir: \u018fm\u0259k m\u00fcqavil\u0259si ba\u011flamadan biz\u0259 328 min manatl\u0131q i\u015f g\u00f6rd\u00fcrd\u00fcl\u0259r","datePublished":"2019-01-27T21:12:21+00:00","mainEntityOfPage":{"@id":"https:\/\/www.meydan.tv\/az\/article\/briqadir-emek-muqavilesi-baglamadan-bize-328-min-manatliq-is-gordurduler\/"},"wordCount":1138,"publisher":{"@id":"https:\/\/www.meydan.tv\/az\/#organization"},"image":{"@id":"https:\/\/www.meydan.tv\/az\/article\/briqadir-emek-muqavilesi-baglamadan-bize-328-min-manatliq-is-gordurduler\/#primaryimage"},"thumbnailUrl":"https:\/\/www.meydan.tv\/wp-content\/uploads\/46508.jpg","articleSection":["B\u00f6lg\u0259"],"inLanguage":"az"},{"@type":"WebPage","@id":"https:\/\/www.meydan.tv\/az\/article\/briqadir-emek-muqavilesi-baglamadan-bize-328-min-manatliq-is-gordurduler\/","url":"https:\/\/www.meydan.tv\/az\/article\/briqadir-emek-muqavilesi-baglamadan-bize-328-min-manatliq-is-gordurduler\/","name":"Briqadir: \u018fm\u0259k m\u00fcqavil\u0259si ba\u011flamadan biz\u0259 328 min manatl\u0131q i\u015f g\u00f6rd\u00fcrd\u00fcl\u0259r - MEYDAN.TV","isPartOf":{"@id":"https:\/\/www.meydan.tv\/az\/#website"},"primaryImageOfPage":{"@id":"https:\/\/www.meydan.tv\/az\/article\/briqadir-emek-muqavilesi-baglamadan-bize-328-min-manatliq-is-gordurduler\/#primaryimage"},"image":{"@id":"https:\/\/www.meydan.tv\/az\/article\/briqadir-emek-muqavilesi-baglamadan-bize-328-min-manatliq-is-gordurduler\/#primaryimage"},"thumbnailUrl":"https:\/\/www.meydan.tv\/wp-content\/uploads\/46508.jpg","datePublished":"2019-01-27T21:12:21+00:00","breadcrumb":{"@id":"https:\/\/www.meydan.tv\/az\/article\/briqadir-emek-muqavilesi-baglamadan-bize-328-min-manatliq-is-gordurduler\/#breadcrumb"},"inLanguage":"az","potentialAction":[{"@type":"ReadAction","target":["https:\/\/www.meydan.tv\/az\/article\/briqadir-emek-muqavilesi-baglamadan-bize-328-min-manatliq-is-gordurduler\/"]}]},{"@type":"ImageObject","inLanguage":"az","@id":"https:\/\/www.meydan.tv\/az\/article\/briqadir-emek-muqavilesi-baglamadan-bize-328-min-manatliq-is-gordurduler\/#primaryimage","url":"https:\/\/www.meydan.tv\/wp-content\/uploads\/46508.jpg","contentUrl":"https:\/\/www.meydan.tv\/wp-content\/uploads\/46508.jpg","width":1280,"height":770,"caption":"Source:"},{"@type":"BreadcrumbList","@id":"https:\/\/www.meydan.tv\/az\/article\/briqadir-emek-muqavilesi-baglamadan-bize-328-min-manatliq-is-gordurduler\/#breadcrumb","itemListElement":[{"@type":"ListItem","position":1,"name":"Ana s\u0259hif\u0259","item":"https:\/\/www.meydan.tv\/az\/"},{"@type":"ListItem","position":2,"name":"B\u00f6lg\u0259","item":"https:\/\/www.meydan.tv\/az\/section\/bolge\/"},{"@type":"ListItem","position":3,"name":"Briqadir: \u018fm\u0259k m\u00fcqavil\u0259si ba\u011flamadan biz\u0259 328 min manatl\u0131q i\u015f g\u00f6rd\u00fcrd\u00fcl\u0259r"}]},{"@type":"WebSite","@id":"https:\/\/www.meydan.tv\/az\/#website","url":"https:\/\/www.meydan.tv\/az\/","name":"MEYDAN.TV","description":"Meydan TV Az\u0259rbaycan\u0131n media m\u0259kan\u0131ndak\u0131 alternativ s\u0259sidir","publisher":{"@id":"https:\/\/www.meydan.tv\/az\/#organization"},"potentialAction":[{"@type":"SearchAction","target":{"@type":"EntryPoint","urlTemplate":"https:\/\/www.meydan.tv\/az\/?s={search_term_string}"},"query-input":{"@type":"PropertyValueSpecification","valueRequired":true,"valueName":"search_term_string"}}],"inLanguage":"az"},{"@type":"Organization","@id":"https:\/\/www.meydan.tv\/az\/#organization","name":"Meydan TV","url":"https:\/\/www.meydan.tv\/az\/","logo":{"@type":"ImageObject","inLanguage":"az","@id":"https:\/\/www.meydan.tv\/az\/#\/schema\/logo\/image\/","url":"https:\/\/www.meydan.tv\/wp-content\/uploads\/2021\/07\/meydan-logo.svg","contentUrl":"https:\/\/www.meydan.tv\/wp-content\/uploads\/2021\/07\/meydan-logo.svg","width":195,"height":46,"caption":"Meydan TV"},"image":{"@id":"https:\/\/www.meydan.tv\/az\/#\/schema\/logo\/image\/"}},{"@type":"Person","@id":"https:\/\/www.meydan.tv\/az\/#\/schema\/person\/10d11eccf6da3662cf5fdab9806ea91a","name":"user-manager"}]}},"_links":{"self":[{"href":"https:\/\/www.meydan.tv\/az\/wp-json\/wp\/v2\/posts\/193699","targetHints":{"allow":["GET"]}}],"collection":[{"href":"https:\/\/www.meydan.tv\/az\/wp-json\/wp\/v2\/posts"}],"about":[{"href":"https:\/\/www.meydan.tv\/az\/wp-json\/wp\/v2\/types\/post"}],"author":[{"embeddable":true,"href":"https:\/\/www.meydan.tv\/az\/wp-json\/wp\/v2\/users\/11"}],"replies":[{"embeddable":true,"href":"https:\/\/www.meydan.tv\/az\/wp-json\/wp\/v2\/comments?post=193699"}],"version-history":[{"count":0,"href":"https:\/\/www.meydan.tv\/az\/wp-json\/wp\/v2\/posts\/193699\/revisions"}],"wp:featuredmedia":[{"embeddable":true,"href":"https:\/\/www.meydan.tv\/az\/wp-json\/wp\/v2\/media\/116661"}],"wp:attachment":[{"href":"https:\/\/www.meydan.tv\/az\/wp-json\/wp\/v2\/media?parent=193699"}],"wp:term":[{"taxonomy":"category","embeddable":true,"href":"https:\/\/www.meydan.tv\/az\/wp-json\/wp\/v2\/categories?post=193699"},{"taxonomy":"post_tag","embeddable":true,"href":"https:\/\/www.meydan.tv\/az\/wp-json\/wp\/v2\/tags?post=193699"}],"curies":[{"name":"wp","href":"https:\/\/api.w.org\/{rel}","templated":true}]}}