{"id":193692,"date":"2019-01-25T23:56:27","date_gmt":"2019-01-25T23:56:27","guid":{"rendered":"https:\/\/www.meydan.tv\/article\/qarabag-elili-bir-elimde-celik-bir-elimde-balta-cir-cirpi-dograyiram\/"},"modified":"2019-01-25T23:56:27","modified_gmt":"2019-01-25T23:56:27","slug":"qarabag-elili-bir-elimde-celik-bir-elimde-balta-cir-cirpi-dograyiram","status":"publish","type":"post","link":"https:\/\/www.meydan.tv\/az\/article\/qarabag-elili-bir-elimde-celik-bir-elimde-balta-cir-cirpi-dograyiram\/","title":{"rendered":"Qaraba\u011f \u0259lili: Bir \u0259limd\u0259 \u00e7\u0259lik, bir \u0259limd\u0259 balta, \u00e7\u0131r-\u00e7\u0131rp\u0131 do\u011fray\u0131ram"},"content":{"rendered":"<figure class=\"wp-block-image size-large\">\n  <img decoding=\"async\" src=\"https:\/\/www.meydan.tv\/az\/116628\/\" alt=\"\" class=\"wp-image-116628\"\/><figcaption><\/figcaption><\/figure>\n<p>\n  <i><br \/>\n    Ming\u0259\u00e7evird\u0259 K\u0259lb\u0259c\u0259r k\u00f6\u00e7k\u00fcn\u00fc olan m\u00fcharib\u0259 \u0259lilinin evin\u0259 ged\u0259n qaz\u0131 borca g\u00f6r\u0259 k\u0259sibl\u0259r<br \/>\n  <\/i>\n<\/p>\n<p>\n  \u201cU\u015faqlar k\u00fc\u00e7\u0259l\u0259rd\u0259n \u00e7\u0131r-\u00e7\u0131rp\u0131 toplay\u0131b g\u0259tirir, m\u0259n d\u0259 do\u011fray\u0131b, odun pe\u00e7in\u0259 at\u0131ram ki, ev bir az isinsin. Yen\u0259 xeyri yoxdur\u201d.\n<\/p>\n<p>\n  \u018fnv\u0259r Abbasov deyir ki, h\u0259r g\u00fcn bir \u0259lind\u0259ki \u00e7\u0259liyin\u0259 s\u00f6yk\u0259nib, dig\u0259r \u0259lind\u0259ki baltayla \u00e7\u0131r-\u00e7\u0131rp\u0131 do\u011fray\u0131r&#8230; 1 h\u0259ft\u0259dir ki, Ming\u0259\u00e7evirin qaz idar\u0259si 5 sayl\u0131 beton zavodunun \u0259razisind\u0259 m\u0259skunla\u015fm\u0131\u015f K\u0259lb\u0259c\u0259r k\u00f6\u00e7k\u00fcn\u00fcn\u00fcn evin\u0259 ged\u0259n qaz x\u0259ttini borca g\u00f6r\u0259 k\u0259sib. Ail\u0259nin ba\u015f\u00e7\u0131s\u0131 imkans\u0131zl\u0131qdan borcu \u00f6d\u0259y\u0259 bilmir dey\u0259 g\u00fcc\u00fc u\u015faqlar\u0131n can\u0131n\u0131 \u00e7\u0131r-\u00e7\u0131rp\u0131yla q\u0131zd\u0131rma\u011fa \u00e7at\u0131r. Ancaq \u00e7ox vaxt \u00e7\u0131r-\u00e7\u0131rp\u0131 da kara g\u0259lmir.\n<\/p>\n<blockquote><p>\n  M\u0259n d\u0259rman ala bilmir\u0259m, bunlar isti evimi soyudurlar\n<\/p><\/blockquote>\n<p>\n  2-ci qrup Qaraba\u011f \u0259lil he\u00e7 yerd\u0259 i\u015fl\u0259mir. B\u0259lk\u0259 d\u0259 can\u0131 sa\u011flam olsayd\u0131, birt\u0259h\u0259r i\u015f tapard\u0131. Ancaq s\u0259hh\u0259ti \u0259m\u0259k f\u0259aliyy\u0259ti il\u0259 m\u0259\u015f\u011ful olma\u011fa imkan vermir. \u00dcz azya\u015fl\u0131 \u00f6vlad\u0131 var. \u0130mkans\u0131zl\u0131qdan m\u0259kt\u0259b\u0259 g\u00f6nd\u0259r\u0259 bilmir, bu, bir t\u0259r\u0259f\u0259 qals\u0131n, x\u0259st\u0259l\u0259n\u0259nd\u0259 he\u00e7 d\u0259rmanlar\u0131n\u0131 da ala bilmir. Bir t\u0259r\u0259fd\u0259n d\u0259 q\u0131\u015f gir\u0259nd\u0259n ev\u0259 g\u0259l\u0259n qaz x\u0259ttini borca g\u00f6r\u0259 k\u0259sibl\u0259r. Bu, \u0259lil ail\u0259sin\u0259 daha da \u00e7\u0259tinlikl\u0259r yarad\u0131b.\n<\/p>\n<p>\n  \u201cSa\u011flaml\u0131\u011f\u0131m\u0131 m\u00fcharib\u0259d\u0259 itirmi\u015f\u0259m, indi d\u0259 \u0259m\u0259k f\u0259aliyy\u0259ti il\u0259 m\u0259\u015f\u011ful ola bilmir\u0259m. Ail\u0259mi \u0259lillik pensiyamla doland\u0131r\u0131ram. Bunun yem\u0259yi, geyimi, d\u0259rman\u0131, h\u0259kimi, ba\u015fqa x\u0259rcl\u0259ri var. Qazpuluna 500 manata yax\u0131n borcum yaranm\u0131\u015fd\u0131. 100 manat\u0131n\u0131 birt\u0259h\u0259r \u00f6d\u0259mi\u015f\u0259m, qalan\u0131n\u0131 \u00f6d\u0259y\u0259 bilmir\u0259m. 1 h\u0259ft\u0259dir ki, g\u0259lib qaz\u0131 k\u0259sib, gedibl\u0259r. Dedim, d\u0259ym\u0259yin, aybaay \u0259lim\u0259 pul d\u00fc\u015f\u0259nd\u0259 \u00f6d\u0259y\u0259r\u0259m. Dedil\u0259r, yox, ham\u0131s\u0131n\u0131 \u00f6d\u0259m\u0259lis\u0259n&#8230; \u00c7\u0131xar\u0131b reseptl\u0259ri g\u00f6st\u0259rdim ki, u\u015faqlar\u0131n 130 manatl\u0131q d\u0259rman\u0131n\u0131 ala bilmir\u0259m, bir ayd\u0131r resepti cibimd\u0259 g\u0259zdirir\u0259m&#8230; Qulaq asmad\u0131lar, qaz x\u0259ttini ay\u0131rd\u0131lar, \u201cget, ham\u0131s\u0131n\u0131 \u00f6d\u0259, g\u0259l\u0259k birl\u0259\u015fdir\u0259k,\u201d- deyib getdil\u0259r\u201d.\n<\/p>\n<blockquote><p>\n  U\u015faqlar qohumlar\u0131n evind\u0259 gec\u0259l\u0259yir\n<\/p><\/blockquote>\n<p>\n  \u018fnv\u0259r Abbasov da m\u0259cbur olub ki, 7-11 ya\u015flar\u0131nda olan \u00fc\u00e7 u\u015fa\u011f\u0131 qohumlar\u0131n evind\u0259 saxlas\u0131n:\n<\/p>\n<p>\n  \u201cGec\u0259 d\u00fc\u015f\u0259nd\u0259 apar\u0131b qohum evin\u0259 qoyuram, s\u0259h\u0259r gedib g\u00f6t\u00fcr\u00fcr\u0259m. \u015eaxtad\u0131r, evin divarlar\u0131 da donub, \u00e7\u0131r-\u00e7\u0131rp\u0131 evi isitmir. M\u0259n bu u\u015faqlar\u0131n d\u0259rman\u0131na pul axtar\u0131ram, bunlar g\u0259lib u\u015faqlar\u0131 \u015faxtada istiliksiz qoydu\u201d.\n<\/p>\n<p>\n  \u018fnv\u0259r Abbasov deyir, qaz idar\u0259sinin r\u0259hb\u0259rliyi bundan \u0259vv\u0259l d\u0259 onun evin\u0259 ged\u0259n qaz x\u0259ttini k\u0259sibmi\u015f:\n<\/p>\n<p>\n  \u201cEl\u0259 bil d\u00f6vl\u0259tin qar\u015f\u0131s\u0131nda qocan\u0131, u\u015fa\u011f\u0131 soyuqdan \u00f6ld\u00fcrm\u0259k kimi \u00f6hd\u0259lik g\u00f6t\u00fcr\u00fcbl\u0259r. El\u0259 bil and i\u00e7ibl\u0259r ki, ac qal\u0131b \u00f6lm\u0259y\u0259nl\u0259ri dondurub \u00f6ld\u00fcrs\u00fcnl\u0259r&#8230; Ke\u00e7\u0259n il fevralda u\u015faqlardan birinin ad g\u00fcn\u00fc idi, g\u0259ldil\u0259r ki, qaz\u0131 k\u0259sm\u0259liyik. Yalvard\u0131m ki, u\u015fa\u011f\u0131n ad g\u00fcn\u00fcd\u00fcr, balaca s\u00fcfr\u0259 d\u00fcz\u0259ltmi\u015fik, etm\u0259yin, el\u0259m\u0259yin&#8230; Dedil\u0259r, yox ki yox, ya pulu qoy bura, ya da k\u0259sirik. K\u0259sib getdil\u0259r. 8 ay qazs\u0131z qald\u0131q, \u00fcz\u00fcq\u0131\u015fa apard\u0131q 100 manata yax\u0131n \u00f6d\u0259dik, g\u0259lib qaz\u0131 birl\u0259\u015fdirdil\u0259r. Bax, bir h\u0259ft\u0259dir yen\u0259 k\u0259sibl\u0259r\u201d.\n<\/p>\n<blockquote><p>\n  Elektrik cihaz\u0131 yand\u0131rsam, i\u015f\u0131\u011f\u0131 da k\u0259s\u0259c\u0259kl\u0259r\n<\/p><\/blockquote>\n<p>\n  \u018fnv\u0259r Abbasov evi elektrik cihaz\u0131yla da q\u0131zd\u0131ra bilmir:\n<\/p>\n<p>\n  \u201cSabah i\u015f\u0131\u011f\u0131n pulunu \u00f6d\u0259y\u0259 bilm\u0259y\u0259c\u0259m, g\u0259lib onu da k\u0259s\u0259kl\u0259r. Neyl\u0259y\u0259k? Can\u0131m\u0131z\u0131 hara qoyaq? Can\u0131m\u0131, sa\u011flaml\u0131\u011f\u0131m\u0131 m\u00fcharib\u0259d\u0259 ona g\u00f6r\u0259 itirmi\u015fdim ki, balalar\u0131m g\u00f6z\u00fcm g\u00f6r\u0259-g\u00f6r\u0259 soyuqdan donub \u00f6ls\u00fcn? H\u00f6kum\u0259t xarici \u00f6lk\u0259l\u0259r\u0259 qaz\u0131 \u00f6z v\u0259t\u0259nda\u015f\u0131na sard\u0131\u011f\u0131ndan qat-qat ucuz sat\u0131r, h\u0259l\u0259 pulsuz ba\u011f\u0131\u015flad\u0131\u011f\u0131 da olur. Ancaq \u00f6z \u0259lilini soyqdan dondurur. \u00d6z m\u00fcharib\u0259 \u0259lilinin k\u00f6rp\u0259l\u0259rinin g\u00f6z ya\u015f\u0131na baxm\u0131r. M\u0259nim u\u015faqlar\u0131m\u0131n soyuqdan \u0259l-ayaqlar\u0131 donur. Sa\u011falmam\u0131\u015f, x\u0259st\u0259likl\u0259rinin \u00fcst\u00fcn\u0259 x\u0259st\u0259lik g\u0259lir\u201d.\n<\/p>\n<p>\n  <b><br \/>\n    <i><br \/>\n      Qaz idar\u0259si: \u201cT\u0259\u0259ss\u00fcf ki, d\u00f6vl\u0259tin bel\u0259 imtiyazlar\u0131 yoxdur\u201d<br \/>\n    <\/i><br \/>\n  <\/b>\n<\/p>\n<p>\n  T\u0259rt\u0259r Regional Qaz-\u0130stismar \u0130dar\u0259sinin Ming\u0259\u00e7evir Xidm\u0259t Sah\u0259sind\u0259n bildirilib ki, \u018fnv\u0259r Abbasova d\u0259f\u0259l\u0259rl\u0259 x\u0259b\u0259rdarl\u0131q olunmas\u0131na baxmayaraq, uzun m\u00fcdd\u0259tdir ki, qaz s\u0259rfiyyat\u0131na g\u00f6r\u0259 y\u0131\u011f\u0131lm\u0131\u015f borcu \u00f6d\u0259mir. \u0130ki ay \u0259vv\u0259l borcun bir qismini \u00f6d\u0259y\u0259c\u0259yin\u0259 s\u00f6z vers\u0259 d\u0259, yen\u0259 \u00f6d\u0259ni\u015f el\u0259m\u0259yib. Bu s\u0259b\u0259bd\u0259n d\u0259 ya\u015fad\u0131\u011f\u0131 \u00fcnvana ged\u0259n qaz x\u0259tti k\u0259silib:\n<\/p>\n<p>\n  \u201cKimd\u0259 imkan var ki? Ancaq bu, s\u0259b\u0259b deyil ki, d\u00f6vl\u0259tin qaz\u0131n\u0131 i\u015fl\u0259dib, pulunu \u00f6d\u0259m\u0259y\u0259s\u0259n. M\u00fcharib\u0259 \u0259lilidir, Allah can\u0131n\u0131 sa\u011f el\u0259sin, v\u0259t\u0259n \u00fc\u00e7\u00fcn d\u00f6y\u00fc\u015f\u00fcb, torpaq \u00fc\u00e7\u00fcn d\u00f6y\u00fc\u015f\u00fcb. T\u0259\u0259ss\u00fcf ki, d\u00f6vl\u0259tin bel\u0259 imtiyazlar\u0131 yoxdur. He\u00e7 olmasa bir hiss\u0259sini \u00f6d\u0259sin ki, qaz x\u0259tti d\u0259 b\u0259rpa olunsun,\u201d &#8211; qaz idar\u0259sind\u0259n deyilib.<\/p>\n","protected":false},"excerpt":{"rendered":"<p>Ming\u0259\u00e7evird\u0259 K\u0259lb\u0259c\u0259r k\u00f6\u00e7k\u00fcn\u00fc olan m\u00fcharib\u0259 \u0259lilinin evin\u0259 ged\u0259n qaz\u0131 borca g\u00f6r\u0259 k\u0259sibl\u0259r<\/p>\n","protected":false},"author":11,"featured_media":116628,"comment_status":"closed","ping_status":"open","sticky":false,"template":"","format":"standard","meta":{"_acf_changed":false,"_sitemap_exclude":false,"_sitemap_priority":"","_sitemap_frequency":"","footnotes":""},"categories":[60],"tags":[],"class_list":["post-193692","post","type-post","status-publish","format-standard","has-post-thumbnail","hentry","category-bolge","infinite-scroll-item","generate-columns","tablet-grid-50","mobile-grid-100","grid-parent","grid-33","no-featured-image-padding"],"acf":[],"yoast_head":"<!-- This site is optimized with the Yoast SEO plugin v27.4 - https:\/\/yoast.com\/product\/yoast-seo-wordpress\/ -->\n<title>Qaraba\u011f \u0259lili: Bir \u0259limd\u0259 \u00e7\u0259lik, bir \u0259limd\u0259 balta, \u00e7\u0131r-\u00e7\u0131rp\u0131 do\u011fray\u0131ram - MEYDAN.TV<\/title>\n<meta name=\"robots\" content=\"index, follow, max-snippet:-1, max-image-preview:large, max-video-preview:-1\" \/>\n<link rel=\"canonical\" href=\"https:\/\/www.meydan.tv\/az\/article\/qarabag-elili-bir-elimde-celik-bir-elimde-balta-cir-cirpi-dograyiram\/\" \/>\n<meta property=\"og:locale\" content=\"az_AZ\" \/>\n<meta property=\"og:type\" content=\"article\" \/>\n<meta property=\"og:title\" content=\"Qaraba\u011f \u0259lili: Bir \u0259limd\u0259 \u00e7\u0259lik, bir \u0259limd\u0259 balta, \u00e7\u0131r-\u00e7\u0131rp\u0131 do\u011fray\u0131ram - MEYDAN.TV\" \/>\n<meta property=\"og:description\" content=\"Ming\u0259\u00e7evird\u0259 K\u0259lb\u0259c\u0259r k\u00f6\u00e7k\u00fcn\u00fc olan m\u00fcharib\u0259 \u0259lilinin evin\u0259 ged\u0259n qaz\u0131 borca g\u00f6r\u0259 k\u0259sibl\u0259r\" \/>\n<meta property=\"og:url\" content=\"https:\/\/www.meydan.tv\/az\/article\/qarabag-elili-bir-elimde-celik-bir-elimde-balta-cir-cirpi-dograyiram\/\" \/>\n<meta property=\"og:site_name\" content=\"MEYDAN.TV\" \/>\n<meta property=\"article:published_time\" content=\"2019-01-25T23:56:27+00:00\" \/>\n<meta property=\"og:image\" content=\"https:\/\/www.meydan.tv\/wp-content\/uploads\/46499.jpg\" \/>\n\t<meta property=\"og:image:width\" content=\"734\" \/>\n\t<meta property=\"og:image:height\" content=\"497\" \/>\n\t<meta property=\"og:image:type\" content=\"image\/jpeg\" \/>\n<meta name=\"author\" content=\"user-manager\" \/>\n<meta name=\"twitter:card\" content=\"summary_large_image\" \/>\n<script type=\"application\/ld+json\" class=\"yoast-schema-graph\">{\"@context\":\"https:\\\/\\\/schema.org\",\"@graph\":[{\"@type\":\"Article\",\"@id\":\"https:\\\/\\\/www.meydan.tv\\\/az\\\/article\\\/qarabag-elili-bir-elimde-celik-bir-elimde-balta-cir-cirpi-dograyiram\\\/#article\",\"isPartOf\":{\"@id\":\"https:\\\/\\\/www.meydan.tv\\\/az\\\/article\\\/qarabag-elili-bir-elimde-celik-bir-elimde-balta-cir-cirpi-dograyiram\\\/\"},\"author\":{\"name\":\"user-manager\",\"@id\":\"https:\\\/\\\/www.meydan.tv\\\/az\\\/#\\\/schema\\\/person\\\/10d11eccf6da3662cf5fdab9806ea91a\"},\"headline\":\"Qaraba\u011f \u0259lili: Bir \u0259limd\u0259 \u00e7\u0259lik, bir \u0259limd\u0259 balta, \u00e7\u0131r-\u00e7\u0131rp\u0131 do\u011fray\u0131ram\",\"datePublished\":\"2019-01-25T23:56:27+00:00\",\"mainEntityOfPage\":{\"@id\":\"https:\\\/\\\/www.meydan.tv\\\/az\\\/article\\\/qarabag-elili-bir-elimde-celik-bir-elimde-balta-cir-cirpi-dograyiram\\\/\"},\"wordCount\":975,\"publisher\":{\"@id\":\"https:\\\/\\\/www.meydan.tv\\\/az\\\/#organization\"},\"image\":{\"@id\":\"https:\\\/\\\/www.meydan.tv\\\/az\\\/article\\\/qarabag-elili-bir-elimde-celik-bir-elimde-balta-cir-cirpi-dograyiram\\\/#primaryimage\"},\"thumbnailUrl\":\"https:\\\/\\\/www.meydan.tv\\\/wp-content\\\/uploads\\\/46499.jpg\",\"articleSection\":[\"B\u00f6lg\u0259\"],\"inLanguage\":\"az\"},{\"@type\":\"WebPage\",\"@id\":\"https:\\\/\\\/www.meydan.tv\\\/az\\\/article\\\/qarabag-elili-bir-elimde-celik-bir-elimde-balta-cir-cirpi-dograyiram\\\/\",\"url\":\"https:\\\/\\\/www.meydan.tv\\\/az\\\/article\\\/qarabag-elili-bir-elimde-celik-bir-elimde-balta-cir-cirpi-dograyiram\\\/\",\"name\":\"Qaraba\u011f \u0259lili: Bir \u0259limd\u0259 \u00e7\u0259lik, bir \u0259limd\u0259 balta, \u00e7\u0131r-\u00e7\u0131rp\u0131 do\u011fray\u0131ram - MEYDAN.TV\",\"isPartOf\":{\"@id\":\"https:\\\/\\\/www.meydan.tv\\\/az\\\/#website\"},\"primaryImageOfPage\":{\"@id\":\"https:\\\/\\\/www.meydan.tv\\\/az\\\/article\\\/qarabag-elili-bir-elimde-celik-bir-elimde-balta-cir-cirpi-dograyiram\\\/#primaryimage\"},\"image\":{\"@id\":\"https:\\\/\\\/www.meydan.tv\\\/az\\\/article\\\/qarabag-elili-bir-elimde-celik-bir-elimde-balta-cir-cirpi-dograyiram\\\/#primaryimage\"},\"thumbnailUrl\":\"https:\\\/\\\/www.meydan.tv\\\/wp-content\\\/uploads\\\/46499.jpg\",\"datePublished\":\"2019-01-25T23:56:27+00:00\",\"breadcrumb\":{\"@id\":\"https:\\\/\\\/www.meydan.tv\\\/az\\\/article\\\/qarabag-elili-bir-elimde-celik-bir-elimde-balta-cir-cirpi-dograyiram\\\/#breadcrumb\"},\"inLanguage\":\"az\",\"potentialAction\":[{\"@type\":\"ReadAction\",\"target\":[\"https:\\\/\\\/www.meydan.tv\\\/az\\\/article\\\/qarabag-elili-bir-elimde-celik-bir-elimde-balta-cir-cirpi-dograyiram\\\/\"]}]},{\"@type\":\"ImageObject\",\"inLanguage\":\"az\",\"@id\":\"https:\\\/\\\/www.meydan.tv\\\/az\\\/article\\\/qarabag-elili-bir-elimde-celik-bir-elimde-balta-cir-cirpi-dograyiram\\\/#primaryimage\",\"url\":\"https:\\\/\\\/www.meydan.tv\\\/wp-content\\\/uploads\\\/46499.jpg\",\"contentUrl\":\"https:\\\/\\\/www.meydan.tv\\\/wp-content\\\/uploads\\\/46499.jpg\",\"width\":734,\"height\":497,\"caption\":\"Source:\"},{\"@type\":\"BreadcrumbList\",\"@id\":\"https:\\\/\\\/www.meydan.tv\\\/az\\\/article\\\/qarabag-elili-bir-elimde-celik-bir-elimde-balta-cir-cirpi-dograyiram\\\/#breadcrumb\",\"itemListElement\":[{\"@type\":\"ListItem\",\"position\":1,\"name\":\"Ana s\u0259hif\u0259\",\"item\":\"https:\\\/\\\/www.meydan.tv\\\/az\\\/\"},{\"@type\":\"ListItem\",\"position\":2,\"name\":\"B\u00f6lg\u0259\",\"item\":\"https:\\\/\\\/www.meydan.tv\\\/az\\\/section\\\/bolge\\\/\"},{\"@type\":\"ListItem\",\"position\":3,\"name\":\"Qaraba\u011f \u0259lili: Bir \u0259limd\u0259 \u00e7\u0259lik, bir \u0259limd\u0259 balta, \u00e7\u0131r-\u00e7\u0131rp\u0131 do\u011fray\u0131ram\"}]},{\"@type\":\"WebSite\",\"@id\":\"https:\\\/\\\/www.meydan.tv\\\/az\\\/#website\",\"url\":\"https:\\\/\\\/www.meydan.tv\\\/az\\\/\",\"name\":\"MEYDAN.TV\",\"description\":\"Meydan TV Az\u0259rbaycan\u0131n media m\u0259kan\u0131ndak\u0131 alternativ s\u0259sidir\",\"publisher\":{\"@id\":\"https:\\\/\\\/www.meydan.tv\\\/az\\\/#organization\"},\"potentialAction\":[{\"@type\":\"SearchAction\",\"target\":{\"@type\":\"EntryPoint\",\"urlTemplate\":\"https:\\\/\\\/www.meydan.tv\\\/az\\\/?s={search_term_string}\"},\"query-input\":{\"@type\":\"PropertyValueSpecification\",\"valueRequired\":true,\"valueName\":\"search_term_string\"}}],\"inLanguage\":\"az\"},{\"@type\":\"Organization\",\"@id\":\"https:\\\/\\\/www.meydan.tv\\\/az\\\/#organization\",\"name\":\"Meydan TV\",\"url\":\"https:\\\/\\\/www.meydan.tv\\\/az\\\/\",\"logo\":{\"@type\":\"ImageObject\",\"inLanguage\":\"az\",\"@id\":\"https:\\\/\\\/www.meydan.tv\\\/az\\\/#\\\/schema\\\/logo\\\/image\\\/\",\"url\":\"https:\\\/\\\/www.meydan.tv\\\/wp-content\\\/uploads\\\/2021\\\/07\\\/meydan-logo.svg\",\"contentUrl\":\"https:\\\/\\\/www.meydan.tv\\\/wp-content\\\/uploads\\\/2021\\\/07\\\/meydan-logo.svg\",\"width\":195,\"height\":46,\"caption\":\"Meydan TV\"},\"image\":{\"@id\":\"https:\\\/\\\/www.meydan.tv\\\/az\\\/#\\\/schema\\\/logo\\\/image\\\/\"}},{\"@type\":\"Person\",\"@id\":\"https:\\\/\\\/www.meydan.tv\\\/az\\\/#\\\/schema\\\/person\\\/10d11eccf6da3662cf5fdab9806ea91a\",\"name\":\"user-manager\"}]}<\/script>\n<!-- \/ Yoast SEO plugin. -->","yoast_head_json":{"title":"Qaraba\u011f \u0259lili: Bir \u0259limd\u0259 \u00e7\u0259lik, bir \u0259limd\u0259 balta, \u00e7\u0131r-\u00e7\u0131rp\u0131 do\u011fray\u0131ram - MEYDAN.TV","robots":{"index":"index","follow":"follow","max-snippet":"max-snippet:-1","max-image-preview":"max-image-preview:large","max-video-preview":"max-video-preview:-1"},"canonical":"https:\/\/www.meydan.tv\/az\/article\/qarabag-elili-bir-elimde-celik-bir-elimde-balta-cir-cirpi-dograyiram\/","og_locale":"az_AZ","og_type":"article","og_title":"Qaraba\u011f \u0259lili: Bir \u0259limd\u0259 \u00e7\u0259lik, bir \u0259limd\u0259 balta, \u00e7\u0131r-\u00e7\u0131rp\u0131 do\u011fray\u0131ram - MEYDAN.TV","og_description":"Ming\u0259\u00e7evird\u0259 K\u0259lb\u0259c\u0259r k\u00f6\u00e7k\u00fcn\u00fc olan m\u00fcharib\u0259 \u0259lilinin evin\u0259 ged\u0259n qaz\u0131 borca g\u00f6r\u0259 k\u0259sibl\u0259r","og_url":"https:\/\/www.meydan.tv\/az\/article\/qarabag-elili-bir-elimde-celik-bir-elimde-balta-cir-cirpi-dograyiram\/","og_site_name":"MEYDAN.TV","article_published_time":"2019-01-25T23:56:27+00:00","og_image":[{"width":734,"height":497,"url":"https:\/\/www.meydan.tv\/wp-content\/uploads\/46499.jpg","type":"image\/jpeg"}],"author":"user-manager","twitter_card":"summary_large_image","schema":{"@context":"https:\/\/schema.org","@graph":[{"@type":"Article","@id":"https:\/\/www.meydan.tv\/az\/article\/qarabag-elili-bir-elimde-celik-bir-elimde-balta-cir-cirpi-dograyiram\/#article","isPartOf":{"@id":"https:\/\/www.meydan.tv\/az\/article\/qarabag-elili-bir-elimde-celik-bir-elimde-balta-cir-cirpi-dograyiram\/"},"author":{"name":"user-manager","@id":"https:\/\/www.meydan.tv\/az\/#\/schema\/person\/10d11eccf6da3662cf5fdab9806ea91a"},"headline":"Qaraba\u011f \u0259lili: Bir \u0259limd\u0259 \u00e7\u0259lik, bir \u0259limd\u0259 balta, \u00e7\u0131r-\u00e7\u0131rp\u0131 do\u011fray\u0131ram","datePublished":"2019-01-25T23:56:27+00:00","mainEntityOfPage":{"@id":"https:\/\/www.meydan.tv\/az\/article\/qarabag-elili-bir-elimde-celik-bir-elimde-balta-cir-cirpi-dograyiram\/"},"wordCount":975,"publisher":{"@id":"https:\/\/www.meydan.tv\/az\/#organization"},"image":{"@id":"https:\/\/www.meydan.tv\/az\/article\/qarabag-elili-bir-elimde-celik-bir-elimde-balta-cir-cirpi-dograyiram\/#primaryimage"},"thumbnailUrl":"https:\/\/www.meydan.tv\/wp-content\/uploads\/46499.jpg","articleSection":["B\u00f6lg\u0259"],"inLanguage":"az"},{"@type":"WebPage","@id":"https:\/\/www.meydan.tv\/az\/article\/qarabag-elili-bir-elimde-celik-bir-elimde-balta-cir-cirpi-dograyiram\/","url":"https:\/\/www.meydan.tv\/az\/article\/qarabag-elili-bir-elimde-celik-bir-elimde-balta-cir-cirpi-dograyiram\/","name":"Qaraba\u011f \u0259lili: Bir \u0259limd\u0259 \u00e7\u0259lik, bir \u0259limd\u0259 balta, \u00e7\u0131r-\u00e7\u0131rp\u0131 do\u011fray\u0131ram - MEYDAN.TV","isPartOf":{"@id":"https:\/\/www.meydan.tv\/az\/#website"},"primaryImageOfPage":{"@id":"https:\/\/www.meydan.tv\/az\/article\/qarabag-elili-bir-elimde-celik-bir-elimde-balta-cir-cirpi-dograyiram\/#primaryimage"},"image":{"@id":"https:\/\/www.meydan.tv\/az\/article\/qarabag-elili-bir-elimde-celik-bir-elimde-balta-cir-cirpi-dograyiram\/#primaryimage"},"thumbnailUrl":"https:\/\/www.meydan.tv\/wp-content\/uploads\/46499.jpg","datePublished":"2019-01-25T23:56:27+00:00","breadcrumb":{"@id":"https:\/\/www.meydan.tv\/az\/article\/qarabag-elili-bir-elimde-celik-bir-elimde-balta-cir-cirpi-dograyiram\/#breadcrumb"},"inLanguage":"az","potentialAction":[{"@type":"ReadAction","target":["https:\/\/www.meydan.tv\/az\/article\/qarabag-elili-bir-elimde-celik-bir-elimde-balta-cir-cirpi-dograyiram\/"]}]},{"@type":"ImageObject","inLanguage":"az","@id":"https:\/\/www.meydan.tv\/az\/article\/qarabag-elili-bir-elimde-celik-bir-elimde-balta-cir-cirpi-dograyiram\/#primaryimage","url":"https:\/\/www.meydan.tv\/wp-content\/uploads\/46499.jpg","contentUrl":"https:\/\/www.meydan.tv\/wp-content\/uploads\/46499.jpg","width":734,"height":497,"caption":"Source:"},{"@type":"BreadcrumbList","@id":"https:\/\/www.meydan.tv\/az\/article\/qarabag-elili-bir-elimde-celik-bir-elimde-balta-cir-cirpi-dograyiram\/#breadcrumb","itemListElement":[{"@type":"ListItem","position":1,"name":"Ana s\u0259hif\u0259","item":"https:\/\/www.meydan.tv\/az\/"},{"@type":"ListItem","position":2,"name":"B\u00f6lg\u0259","item":"https:\/\/www.meydan.tv\/az\/section\/bolge\/"},{"@type":"ListItem","position":3,"name":"Qaraba\u011f \u0259lili: Bir \u0259limd\u0259 \u00e7\u0259lik, bir \u0259limd\u0259 balta, \u00e7\u0131r-\u00e7\u0131rp\u0131 do\u011fray\u0131ram"}]},{"@type":"WebSite","@id":"https:\/\/www.meydan.tv\/az\/#website","url":"https:\/\/www.meydan.tv\/az\/","name":"MEYDAN.TV","description":"Meydan TV Az\u0259rbaycan\u0131n media m\u0259kan\u0131ndak\u0131 alternativ s\u0259sidir","publisher":{"@id":"https:\/\/www.meydan.tv\/az\/#organization"},"potentialAction":[{"@type":"SearchAction","target":{"@type":"EntryPoint","urlTemplate":"https:\/\/www.meydan.tv\/az\/?s={search_term_string}"},"query-input":{"@type":"PropertyValueSpecification","valueRequired":true,"valueName":"search_term_string"}}],"inLanguage":"az"},{"@type":"Organization","@id":"https:\/\/www.meydan.tv\/az\/#organization","name":"Meydan TV","url":"https:\/\/www.meydan.tv\/az\/","logo":{"@type":"ImageObject","inLanguage":"az","@id":"https:\/\/www.meydan.tv\/az\/#\/schema\/logo\/image\/","url":"https:\/\/www.meydan.tv\/wp-content\/uploads\/2021\/07\/meydan-logo.svg","contentUrl":"https:\/\/www.meydan.tv\/wp-content\/uploads\/2021\/07\/meydan-logo.svg","width":195,"height":46,"caption":"Meydan TV"},"image":{"@id":"https:\/\/www.meydan.tv\/az\/#\/schema\/logo\/image\/"}},{"@type":"Person","@id":"https:\/\/www.meydan.tv\/az\/#\/schema\/person\/10d11eccf6da3662cf5fdab9806ea91a","name":"user-manager"}]}},"_links":{"self":[{"href":"https:\/\/www.meydan.tv\/az\/wp-json\/wp\/v2\/posts\/193692","targetHints":{"allow":["GET"]}}],"collection":[{"href":"https:\/\/www.meydan.tv\/az\/wp-json\/wp\/v2\/posts"}],"about":[{"href":"https:\/\/www.meydan.tv\/az\/wp-json\/wp\/v2\/types\/post"}],"author":[{"embeddable":true,"href":"https:\/\/www.meydan.tv\/az\/wp-json\/wp\/v2\/users\/11"}],"replies":[{"embeddable":true,"href":"https:\/\/www.meydan.tv\/az\/wp-json\/wp\/v2\/comments?post=193692"}],"version-history":[{"count":0,"href":"https:\/\/www.meydan.tv\/az\/wp-json\/wp\/v2\/posts\/193692\/revisions"}],"wp:featuredmedia":[{"embeddable":true,"href":"https:\/\/www.meydan.tv\/az\/wp-json\/wp\/v2\/media\/116628"}],"wp:attachment":[{"href":"https:\/\/www.meydan.tv\/az\/wp-json\/wp\/v2\/media?parent=193692"}],"wp:term":[{"taxonomy":"category","embeddable":true,"href":"https:\/\/www.meydan.tv\/az\/wp-json\/wp\/v2\/categories?post=193692"},{"taxonomy":"post_tag","embeddable":true,"href":"https:\/\/www.meydan.tv\/az\/wp-json\/wp\/v2\/tags?post=193692"}],"curies":[{"name":"wp","href":"https:\/\/api.w.org\/{rel}","templated":true}]}}