{"id":193687,"date":"2019-01-25T16:37:48","date_gmt":"2019-01-25T16:37:48","guid":{"rendered":"https:\/\/www.meydan.tv\/article\/lerik-sakini-prezidentle-gorusmeyim-deye-meni-aparib-bir-sutka-su-kanal-idaresinde-saxladilar\/"},"modified":"2019-01-25T16:37:48","modified_gmt":"2019-01-25T16:37:48","slug":"lerik-sakini-prezidentle-gorusmeyim-deye-meni-aparib-bir-sutka-su-kanal-idaresinde-saxladilar","status":"publish","type":"post","link":"https:\/\/www.meydan.tv\/az\/article\/lerik-sakini-prezidentle-gorusmeyim-deye-meni-aparib-bir-sutka-su-kanal-idaresinde-saxladilar\/","title":{"rendered":"Lerik sakini: Prezidentl\u0259 g\u00f6r\u00fc\u015fm\u0259yim dey\u0259 m\u0259ni apar\u0131b bir sutka su-kanal idar\u0259sind\u0259 saxlad\u0131lar"},"content":{"rendered":"<figure class=\"wp-block-image size-large\">\n  <img decoding=\"async\" src=\"https:\/\/www.meydan.tv\/az\/116595\/\" alt=\"\" class=\"wp-image-116595\"\/><figcaption><\/figcaption><\/figure>\n<p>\n  <i><br \/>\n    Z\u0259lz\u0259l\u0259d\u0259n sonra \u00e7ad\u0131rda ya\u015fayan k\u0259nd sakini ona he\u00e7 kimin k\u00f6m\u0259k etm\u0259diyini deyir<br \/>\n  <\/i>\n<\/p>\n<p>\n  &#8220;Q\u0131\u015f\u0131n soyu\u011funda evsiz-e\u015fiksiz qalm\u0131\u015f\u0131q. \u00dc\u00e7 azya\u015fl\u0131 u\u015fa\u011f\u0131mla \u00e7ad\u0131rda ya\u015fay\u0131r\u0131q. Qaz da yoxdur ki, he\u00e7 olmasa, can\u0131m\u0131z isinsin&#8221;.\n<\/p>\n<p>\n  Bu s\u00f6zl\u0259ri Meydan TV-y\u0259 Lerik rayonu, Q\u0131\u015flaq k\u0259nd sakini Qalib K\u0259rimov deyir. Bildirir ki, \u00f6t\u0259n il avqustun 28-d\u0259 ba\u015f ver\u0259n 5,1 bal g\u00fcc\u00fcnd\u0259 z\u0259lz\u0259l\u0259 n\u0259tic\u0259sind\u0259 evi q\u0259zal\u0131 v\u0259ziyy\u0259t\u0259 d\u00fc\u015f\u00fcb:\n<\/p>\n<p>\n  &#8220;T\u0259s\u0259vv\u00fcr edin, z\u0259lz\u0259l\u0259d\u0259n sonra biz bir h\u0259ft\u0259 \u00e7\u00f6ld\u0259 qald\u0131q. F\u00f6vq\u0259lad\u0259 Hallar Nazirliyinin Lerik rayonundak\u0131 komissiyas\u0131n\u0131n \u00fczvl\u0259ri ev\u0259 bax\u0131\u015f ke\u00e7ir\u0259r\u0259k, \u00e7ad\u0131r qurub, o ged\u0259n-getdil\u0259r, bir d\u0259 geri qay\u0131tmad\u0131lar. H\u00f6kum\u0259t \u00e7ad\u0131r verib, q\u0131\u015f\u0131n soyu\u011funda burada ya\u015fay\u0131r\u0131q. Ucqar da\u011f k\u0259ndidir, q\u0131\u015fda qar\u0131 \u0259skik olmur. U\u015faqlar\u0131m h\u0259l\u0259 balacad\u0131r, biz\u0259 he\u00e7 kimin r\u0259hmi g\u0259lmir&#8221;.\n<\/p>\n<figure class=\"wp-block-image size-large\">\n  <img decoding=\"async\" src=\"https:\/\/www.meydan.tv\/az\/116601\/\" alt=\"\" class=\"wp-image-116601\"\/><figcaption><\/figcaption><\/figure>\n<p>\n  \u015eikay\u0259t\u00e7i s\u00f6yl\u0259yir ki, m\u0259s\u0259l\u0259 il\u0259 ba\u011fl\u0131 Lerik Rayon \u0130cra Hakimiyy\u0259tin\u0259, F\u00f6vq\u0259lad\u0259 Hallar Nazirliyin\u0259, Prezident Adminstrasiyas\u0131na m\u00fcraci\u0259t edib:\n<\/p>\n<p>\n  &#8220;H\u0259tta \u00f6t\u0259n il prezident bura, Lerik rayonunun Piran-Hamarat-Vijaker avtomobil yolunun yenid\u0259nqurmadan sonra a\u00e7\u0131l\u0131\u015f\u0131na g\u0259l\u0259nd\u0259 g\u00f6r\u00fc\u015f\u00fcb, d\u0259rdimi dem\u0259k ist\u0259dim, amma qoymad\u0131lar. Yol k\u0259nar\u0131nda dayanm\u0131\u015fd\u0131m. D\u00f6rd n\u0259f\u0259r polis \u0259m\u0259kda\u015f\u0131 g\u0259ldi, dedi ki, burada dayanma, prezident ke\u00e7\u0259c\u0259k. \u018flimd\u0259 m\u0259ktubum vard\u0131, g\u00f6st\u0259rdim, dedim ki, bunu prezident\u0259 verm\u0259liy\u0259m. M\u0259ni apar\u0131b, bir sutka su-kanal idar\u0259sind\u0259 saxlad\u0131lar. Prezident ged\u0259nd\u0259n sonra rayonun r\u0259is m\u00fcavini g\u0259ldi, m\u0259ktubu m\u0259nd\u0259n alanda, dedim ki, \u0259l vurma, s\u0259n\u0259 yox, c\u0259nab prezident\u0259 yaz\u0131l\u0131b. M\u0259n\u0259 dedi ki, s\u0259n \u00e7ox dan\u0131\u015f\u0131rsan, m\u0259ktubu da g\u00f6t\u00fcr\u00fcb getdi. N\u0259yim var, satm\u0131\u015fam, d\u00fc\u015fm\u00fc\u015f\u0259m bu i\u015fin arxas\u0131nca. Hindu\u015fka, toyuq sat\u0131b Bak\u0131ya gedir\u0259m ki, prezident\u0259 s\u00f6z\u00fcm\u00fc deyim, \u00e7\u00fcnki rayonda m\u0259ni e\u015fid\u0259n yoxdur. Prezident Adminstrasiyas\u0131na getdim, orada dedil\u0131r ki, Lerik rayon icra ba\u015f\u00e7\u0131s\u0131na tap\u015f\u0131rm\u0131\u015f\u0131q, problemin h\u0259ll olunacaq. M\u0259n d\u0259 onlara inand\u0131m, \u0130cra ba\u015f\u00e7\u0131s\u0131n\u0131n yan\u0131nda oldum, s\u00f6z\u00fc bu oldu ki, hara v\u0259 kim\u0259 \u015fikay\u0259t\u0259 gedirs\u0259n, get. \u0130kinci d\u0259f\u0259 Prezident Adminstrasiyas\u0131na getdim, bir n\u0259tic\u0259si olmad\u0131. \u018flim h\u0259r yerd\u0259n \u00fcz\u00fcld\u00fc, yolland\u0131m \u0130rana. Az\u0259rbaycan\u0131n \u0130randak\u0131 s\u0259firliyind\u0259 oldum, dedim ki, \u00f6lk\u0259min v\u0259t\u0259nda\u015fl\u0131\u011f\u0131ndan imtina edir\u0259m. Oradan Az\u0259rbaycana, Prezident Adminstrasiyas\u0131na m\u00fcraci\u0259t etdim. \u0130randa da m\u0259n\u0259 dedil\u0259r ki, geri qay\u0131t, Lerikin icra ba\u015f\u00e7\u0131s\u0131 s\u0259ni yerb\u0259yer ed\u0259c\u0259k. G\u0259ldim, icra ba\u015f\u00e7\u0131s\u0131 il\u0259 g\u00f6r\u00fc\u015fd\u00fcm, son s\u00f6z\u00fc bu oldu ki, get hara m\u00fcraci\u0259t edirs\u0259n, et, daha m\u0259nim yan\u0131ma \u015fikay\u0259t\u0259 g\u0259lm\u0259&#8221;.\n<\/p>\n<figure class=\"wp-block-image size-large\">\n  <img decoding=\"async\" src=\"https:\/\/www.meydan.tv\/az\/qalib-kerimov\/\" alt=\"Qalib K\u0259rimov\" class=\"wp-image-116604\"\/><figcaption>\n    Qalib K\u0259rimov<br \/>\n  <\/figcaption><\/figure>\n<p>\n  &#8220;Biz uzaq m\u0259saf\u0259d\u0259 ya\u015fay\u0131r\u0131q, d\u0259rdimizi, problemimizi h\u00f6kum\u0259t\u0259 \u00e7atd\u0131ra bilmirik. C\u0259nab prezidentin x\u0259b\u0259ri olsa, bu i\u015fi bel\u0259 saxlamayacaq. \u0130mkan da vermirl\u0259r ki, gedib, d\u0259rdimizi prezidentimiz\u0259 dey\u0259k&#8221;,- dey\u0259 Qalib K\u0259rimov \u0259lav\u0259 edir:\n<\/p>\n<p>\n  &#8220;He\u00e7 bir yerd\u0259 i\u015fl\u0259mir\u0259m. K\u0259nd\u0259 i\u015f yeri yoxdur. Neyl\u0259yim, gedim, me\u015f\u0259d\u0259n a\u011fac q\u0131r\u0131m? Buna g\u00f6r\u0259 d\u0259 min manat c\u0259rim\u0259 yaz\u0131rlar. H\u00f6kum\u0259t m\u0259nim balalar\u0131ma sahib \u00e7\u0131xs\u0131n, yoxsa u\u015faqlar\u0131m q\u0131\u015f\u0131n soyu\u011funda q\u0131r\u0131l\u0131b-batacaq. K\u0259ndin qaz\u0131 yoxdur. \u00c7ad\u0131r\u0131 da odun pe\u00e7i il\u0259 isidirik. Odun alma\u011fa da pulumuz yoxdur&#8221;.\n<\/p>\n<figure class=\"wp-block-image size-large\">\n  <img decoding=\"async\" src=\"https:\/\/www.meydan.tv\/az\/116598\/\" alt=\"\" class=\"wp-image-116598\"\/><figcaption><\/figcaption><\/figure>\n<p>\n  Meydan TV m\u0259s\u0259l\u0259 il\u0259 ba\u011fl\u0131 Lerik Rayon \u0130cra Hakimiyy\u0259ti il\u0259 \u0259laq\u0259 saxlay\u0131b. Qurumun sosial-iqtisadi inki\u015faf\u0131n t\u0259hlili v\u0259 proqnozla\u015fd\u0131r\u0131lmas\u0131 \u015f\u00f6b\u0259sinin m\u00fcdiri Habil M\u0259likov \u0259m\u0259kda\u015f\u0131m\u0131zla s\u00f6hb\u0259tind\u0259 bildirib ki, Qalib K\u0259rimovun \u015fikay\u0259ti yerind\u0259 ara\u015fd\u0131r\u0131l\u0131b. Ev\u0259 bax\u0131\u015fdan sonra m\u00fcvafiq s\u0259n\u0259dl\u0259r haz\u0131rlan\u0131b, Ekologiya v\u0259 T\u0259bii S\u0259rv\u0259tl\u0259r Nazirliyi il\u0259 F\u00f6vq\u0259lad\u0259 Hallar Nazirliyin\u0259 g\u00f6nd\u0259rilib:\n<\/p>\n<p>\n  &#8220;H\u0259r iki nazirliyin m\u00fct\u0259x\u0259ssisl\u0259ri, h\u0259m\u00e7inin rayon icra hakimiyy\u0259tind\u0259n n\u00fcmay\u0259nd\u0259 il\u0259 evd\u0259 olmu\u015fuq. Onu da deyim ki, evd\u0259 q\u0259za v\u0259ziyy\u0259ti, t\u0259bii f\u0259lak\u0259t n\u0259tic\u0259sind\u0259 yox, uzun m\u00fcdd\u0259t \u0259sasl\u0131 t\u0259mir apar\u0131lmadan istismar edildiyind\u0259n yaran\u0131b. Amma biz g\u00f6nd\u0259ril\u0259n s\u0259n\u0259dl\u0259rd\u0259 qeyd etdik ki, ev t\u0259bii f\u0259lak\u0259t n\u0259tic\u0259sind\u0259 q\u0259zal\u0131 v\u0259ziyy\u0259t\u0259 d\u00fc\u015f\u00fcb. Y\u0259ni h\u0259min evd\u0259 m\u00fc\u0259yy\u0259n q\u00fcsurlar var idi. Z\u0259lz\u0259l\u0259 v\u0259ziyy\u0259ti daha da pisl\u0259\u015fdirib.\n<\/p>\n<figure class=\"wp-block-image size-large\">\n  <img decoding=\"async\" src=\"https:\/\/www.meydan.tv\/az\/116607\/\" alt=\"\" class=\"wp-image-116607\"\/><figcaption><\/figcaption><\/figure>\n<p>\n  Ekologiya v\u0259 T\u0259bii S\u0259rv\u0259tl\u0259r Nazirliyi r\u0259y verdi ki, 5,1 bal g\u00fcc\u00fcnd\u0259 z\u0259lz\u0259l\u0259 t\u0259bii f\u0259lak\u0259t hesab edilmir. 7 v\u0259 daha y\u00fcks\u0259k bal olduqda, t\u0259bii f\u0259lak\u0259t hesab olunur v\u0259 onda d\u0259ymi\u015f ziyana g\u00f6r\u0259 v\u0259t\u0259nda\u015flara m\u00fc\u0259yy\u0259n k\u00f6m\u0259klik g\u00f6st\u0259rilir.\n<\/p>\n<p>\n  F\u00f6vq\u0259lad\u0259 Hallar Nazirliyinin m\u00fct\u0259x\u0259ssisl\u0259ri is\u0259 h\u0259min \u015f\u0259xsin ail\u0259 v\u0259ziyy\u0259tini n\u0259z\u0259r\u0259 alaraq, ail\u0259ni \u00e7ad\u0131rla t\u0259min etdi.\n<\/p>\n<p>\n  Q\u0259zal\u0131 evl\u0259rl\u0259 ba\u011fl\u0131 \u0130H-d\u0259 hec c\u00fcr v\u0259sait n\u0259z\u0259rd\u0259 tutulmur ki, biz kiml\u0259r\u0259s\u0259 n\u0259s\u0259 k\u00f6m\u0259k ed\u0259k. Ona g\u00f6r\u0259 d\u0259 Lerik Rayon \u0130cra Hakimiyy\u0259ti bununla da \u00f6z i\u015fini bitirmi\u015f hesab edir&#8221;.\n<\/p>\n<\/p>\n<figure class=\"wp-block-image size-large\">\n  <img decoding=\"async\" src=\"https:\/\/www.meydan.tv\/az\/116612\/\" alt=\"\" class=\"wp-image-116612\"\/><figcaption><\/figcaption><\/figure>\n<figure class=\"wp-block-image size-large\">\n  <img decoding=\"async\" src=\"https:\/\/www.meydan.tv\/az\/116610\/\" alt=\"\" class=\"wp-image-116610\"\/><figcaption><\/figcaption><\/figure>\n<figure class=\"wp-block-image size-large\">\n  <img decoding=\"async\" src=\"https:\/\/www.meydan.tv\/az\/116616\/\" alt=\"\" class=\"wp-image-116616\"\/><figcaption><\/figcaption><\/figure>\n<figure class=\"wp-block-image size-large\">\n  <img decoding=\"async\" src=\"https:\/\/www.meydan.tv\/az\/116619\/\" alt=\"\" class=\"wp-image-116619\"\/><figcaption><\/figcaption><\/figure>\n","protected":false},"excerpt":{"rendered":"<p>Z\u0259lz\u0259l\u0259d\u0259n sonra \u00e7ad\u0131rda ya\u015fayan k\u0259nd sakini ona he\u00e7 kimin k\u00f6m\u0259k etm\u0259diyini deyir<\/p>\n","protected":false},"author":11,"featured_media":116595,"comment_status":"closed","ping_status":"open","sticky":false,"template":"","format":"standard","meta":{"_acf_changed":false,"_sitemap_exclude":false,"_sitemap_priority":"","_sitemap_frequency":"","footnotes":""},"categories":[60],"tags":[],"class_list":["post-193687","post","type-post","status-publish","format-standard","has-post-thumbnail","hentry","category-bolge","infinite-scroll-item","generate-columns","tablet-grid-50","mobile-grid-100","grid-parent","grid-33","no-featured-image-padding"],"acf":[],"yoast_head":"<!-- This site is optimized with the Yoast SEO plugin v27.4 - https:\/\/yoast.com\/product\/yoast-seo-wordpress\/ -->\n<title>Lerik sakini: Prezidentl\u0259 g\u00f6r\u00fc\u015fm\u0259yim dey\u0259 m\u0259ni apar\u0131b bir sutka su-kanal idar\u0259sind\u0259 saxlad\u0131lar - MEYDAN.TV<\/title>\n<meta name=\"robots\" content=\"index, follow, max-snippet:-1, max-image-preview:large, max-video-preview:-1\" \/>\n<link rel=\"canonical\" href=\"https:\/\/www.meydan.tv\/az\/article\/lerik-sakini-prezidentle-gorusmeyim-deye-meni-aparib-bir-sutka-su-kanal-idaresinde-saxladilar\/\" \/>\n<meta property=\"og:locale\" content=\"az_AZ\" \/>\n<meta property=\"og:type\" content=\"article\" \/>\n<meta property=\"og:title\" content=\"Lerik sakini: Prezidentl\u0259 g\u00f6r\u00fc\u015fm\u0259yim dey\u0259 m\u0259ni apar\u0131b bir sutka su-kanal idar\u0259sind\u0259 saxlad\u0131lar - MEYDAN.TV\" \/>\n<meta property=\"og:description\" content=\"Z\u0259lz\u0259l\u0259d\u0259n sonra \u00e7ad\u0131rda ya\u015fayan k\u0259nd sakini ona he\u00e7 kimin k\u00f6m\u0259k etm\u0259diyini deyir\" \/>\n<meta property=\"og:url\" content=\"https:\/\/www.meydan.tv\/az\/article\/lerik-sakini-prezidentle-gorusmeyim-deye-meni-aparib-bir-sutka-su-kanal-idaresinde-saxladilar\/\" \/>\n<meta property=\"og:site_name\" content=\"MEYDAN.TV\" \/>\n<meta property=\"article:published_time\" content=\"2019-01-25T16:37:48+00:00\" \/>\n<meta property=\"og:image\" content=\"https:\/\/www.meydan.tv\/wp-content\/uploads\/46484.jpg\" \/>\n\t<meta property=\"og:image:width\" content=\"960\" \/>\n\t<meta property=\"og:image:height\" content=\"720\" \/>\n\t<meta property=\"og:image:type\" content=\"image\/jpeg\" \/>\n<meta name=\"author\" content=\"user-manager\" \/>\n<meta name=\"twitter:card\" content=\"summary_large_image\" \/>\n<script type=\"application\/ld+json\" class=\"yoast-schema-graph\">{\"@context\":\"https:\\\/\\\/schema.org\",\"@graph\":[{\"@type\":\"Article\",\"@id\":\"https:\\\/\\\/www.meydan.tv\\\/az\\\/article\\\/lerik-sakini-prezidentle-gorusmeyim-deye-meni-aparib-bir-sutka-su-kanal-idaresinde-saxladilar\\\/#article\",\"isPartOf\":{\"@id\":\"https:\\\/\\\/www.meydan.tv\\\/az\\\/article\\\/lerik-sakini-prezidentle-gorusmeyim-deye-meni-aparib-bir-sutka-su-kanal-idaresinde-saxladilar\\\/\"},\"author\":{\"name\":\"user-manager\",\"@id\":\"https:\\\/\\\/www.meydan.tv\\\/az\\\/#\\\/schema\\\/person\\\/10d11eccf6da3662cf5fdab9806ea91a\"},\"headline\":\"Lerik sakini: Prezidentl\u0259 g\u00f6r\u00fc\u015fm\u0259yim dey\u0259 m\u0259ni apar\u0131b bir sutka su-kanal idar\u0259sind\u0259 saxlad\u0131lar\",\"datePublished\":\"2019-01-25T16:37:48+00:00\",\"mainEntityOfPage\":{\"@id\":\"https:\\\/\\\/www.meydan.tv\\\/az\\\/article\\\/lerik-sakini-prezidentle-gorusmeyim-deye-meni-aparib-bir-sutka-su-kanal-idaresinde-saxladilar\\\/\"},\"wordCount\":1006,\"publisher\":{\"@id\":\"https:\\\/\\\/www.meydan.tv\\\/az\\\/#organization\"},\"image\":{\"@id\":\"https:\\\/\\\/www.meydan.tv\\\/az\\\/article\\\/lerik-sakini-prezidentle-gorusmeyim-deye-meni-aparib-bir-sutka-su-kanal-idaresinde-saxladilar\\\/#primaryimage\"},\"thumbnailUrl\":\"https:\\\/\\\/www.meydan.tv\\\/wp-content\\\/uploads\\\/46484.jpg\",\"articleSection\":[\"B\u00f6lg\u0259\"],\"inLanguage\":\"az\"},{\"@type\":\"WebPage\",\"@id\":\"https:\\\/\\\/www.meydan.tv\\\/az\\\/article\\\/lerik-sakini-prezidentle-gorusmeyim-deye-meni-aparib-bir-sutka-su-kanal-idaresinde-saxladilar\\\/\",\"url\":\"https:\\\/\\\/www.meydan.tv\\\/az\\\/article\\\/lerik-sakini-prezidentle-gorusmeyim-deye-meni-aparib-bir-sutka-su-kanal-idaresinde-saxladilar\\\/\",\"name\":\"Lerik sakini: Prezidentl\u0259 g\u00f6r\u00fc\u015fm\u0259yim dey\u0259 m\u0259ni apar\u0131b bir sutka su-kanal idar\u0259sind\u0259 saxlad\u0131lar - MEYDAN.TV\",\"isPartOf\":{\"@id\":\"https:\\\/\\\/www.meydan.tv\\\/az\\\/#website\"},\"primaryImageOfPage\":{\"@id\":\"https:\\\/\\\/www.meydan.tv\\\/az\\\/article\\\/lerik-sakini-prezidentle-gorusmeyim-deye-meni-aparib-bir-sutka-su-kanal-idaresinde-saxladilar\\\/#primaryimage\"},\"image\":{\"@id\":\"https:\\\/\\\/www.meydan.tv\\\/az\\\/article\\\/lerik-sakini-prezidentle-gorusmeyim-deye-meni-aparib-bir-sutka-su-kanal-idaresinde-saxladilar\\\/#primaryimage\"},\"thumbnailUrl\":\"https:\\\/\\\/www.meydan.tv\\\/wp-content\\\/uploads\\\/46484.jpg\",\"datePublished\":\"2019-01-25T16:37:48+00:00\",\"breadcrumb\":{\"@id\":\"https:\\\/\\\/www.meydan.tv\\\/az\\\/article\\\/lerik-sakini-prezidentle-gorusmeyim-deye-meni-aparib-bir-sutka-su-kanal-idaresinde-saxladilar\\\/#breadcrumb\"},\"inLanguage\":\"az\",\"potentialAction\":[{\"@type\":\"ReadAction\",\"target\":[\"https:\\\/\\\/www.meydan.tv\\\/az\\\/article\\\/lerik-sakini-prezidentle-gorusmeyim-deye-meni-aparib-bir-sutka-su-kanal-idaresinde-saxladilar\\\/\"]}]},{\"@type\":\"ImageObject\",\"inLanguage\":\"az\",\"@id\":\"https:\\\/\\\/www.meydan.tv\\\/az\\\/article\\\/lerik-sakini-prezidentle-gorusmeyim-deye-meni-aparib-bir-sutka-su-kanal-idaresinde-saxladilar\\\/#primaryimage\",\"url\":\"https:\\\/\\\/www.meydan.tv\\\/wp-content\\\/uploads\\\/46484.jpg\",\"contentUrl\":\"https:\\\/\\\/www.meydan.tv\\\/wp-content\\\/uploads\\\/46484.jpg\",\"width\":960,\"height\":720,\"caption\":\"Source:\"},{\"@type\":\"BreadcrumbList\",\"@id\":\"https:\\\/\\\/www.meydan.tv\\\/az\\\/article\\\/lerik-sakini-prezidentle-gorusmeyim-deye-meni-aparib-bir-sutka-su-kanal-idaresinde-saxladilar\\\/#breadcrumb\",\"itemListElement\":[{\"@type\":\"ListItem\",\"position\":1,\"name\":\"Ana s\u0259hif\u0259\",\"item\":\"https:\\\/\\\/www.meydan.tv\\\/az\\\/\"},{\"@type\":\"ListItem\",\"position\":2,\"name\":\"B\u00f6lg\u0259\",\"item\":\"https:\\\/\\\/www.meydan.tv\\\/az\\\/section\\\/bolge\\\/\"},{\"@type\":\"ListItem\",\"position\":3,\"name\":\"Lerik sakini: Prezidentl\u0259 g\u00f6r\u00fc\u015fm\u0259yim dey\u0259 m\u0259ni apar\u0131b bir sutka su-kanal idar\u0259sind\u0259 saxlad\u0131lar\"}]},{\"@type\":\"WebSite\",\"@id\":\"https:\\\/\\\/www.meydan.tv\\\/az\\\/#website\",\"url\":\"https:\\\/\\\/www.meydan.tv\\\/az\\\/\",\"name\":\"MEYDAN.TV\",\"description\":\"Meydan TV Az\u0259rbaycan\u0131n media m\u0259kan\u0131ndak\u0131 alternativ s\u0259sidir\",\"publisher\":{\"@id\":\"https:\\\/\\\/www.meydan.tv\\\/az\\\/#organization\"},\"potentialAction\":[{\"@type\":\"SearchAction\",\"target\":{\"@type\":\"EntryPoint\",\"urlTemplate\":\"https:\\\/\\\/www.meydan.tv\\\/az\\\/?s={search_term_string}\"},\"query-input\":{\"@type\":\"PropertyValueSpecification\",\"valueRequired\":true,\"valueName\":\"search_term_string\"}}],\"inLanguage\":\"az\"},{\"@type\":\"Organization\",\"@id\":\"https:\\\/\\\/www.meydan.tv\\\/az\\\/#organization\",\"name\":\"Meydan TV\",\"url\":\"https:\\\/\\\/www.meydan.tv\\\/az\\\/\",\"logo\":{\"@type\":\"ImageObject\",\"inLanguage\":\"az\",\"@id\":\"https:\\\/\\\/www.meydan.tv\\\/az\\\/#\\\/schema\\\/logo\\\/image\\\/\",\"url\":\"https:\\\/\\\/www.meydan.tv\\\/wp-content\\\/uploads\\\/2021\\\/07\\\/meydan-logo.svg\",\"contentUrl\":\"https:\\\/\\\/www.meydan.tv\\\/wp-content\\\/uploads\\\/2021\\\/07\\\/meydan-logo.svg\",\"width\":195,\"height\":46,\"caption\":\"Meydan TV\"},\"image\":{\"@id\":\"https:\\\/\\\/www.meydan.tv\\\/az\\\/#\\\/schema\\\/logo\\\/image\\\/\"}},{\"@type\":\"Person\",\"@id\":\"https:\\\/\\\/www.meydan.tv\\\/az\\\/#\\\/schema\\\/person\\\/10d11eccf6da3662cf5fdab9806ea91a\",\"name\":\"user-manager\"}]}<\/script>\n<!-- \/ Yoast SEO plugin. -->","yoast_head_json":{"title":"Lerik sakini: Prezidentl\u0259 g\u00f6r\u00fc\u015fm\u0259yim dey\u0259 m\u0259ni apar\u0131b bir sutka su-kanal idar\u0259sind\u0259 saxlad\u0131lar - MEYDAN.TV","robots":{"index":"index","follow":"follow","max-snippet":"max-snippet:-1","max-image-preview":"max-image-preview:large","max-video-preview":"max-video-preview:-1"},"canonical":"https:\/\/www.meydan.tv\/az\/article\/lerik-sakini-prezidentle-gorusmeyim-deye-meni-aparib-bir-sutka-su-kanal-idaresinde-saxladilar\/","og_locale":"az_AZ","og_type":"article","og_title":"Lerik sakini: Prezidentl\u0259 g\u00f6r\u00fc\u015fm\u0259yim dey\u0259 m\u0259ni apar\u0131b bir sutka su-kanal idar\u0259sind\u0259 saxlad\u0131lar - MEYDAN.TV","og_description":"Z\u0259lz\u0259l\u0259d\u0259n sonra \u00e7ad\u0131rda ya\u015fayan k\u0259nd sakini ona he\u00e7 kimin k\u00f6m\u0259k etm\u0259diyini deyir","og_url":"https:\/\/www.meydan.tv\/az\/article\/lerik-sakini-prezidentle-gorusmeyim-deye-meni-aparib-bir-sutka-su-kanal-idaresinde-saxladilar\/","og_site_name":"MEYDAN.TV","article_published_time":"2019-01-25T16:37:48+00:00","og_image":[{"width":960,"height":720,"url":"https:\/\/www.meydan.tv\/wp-content\/uploads\/46484.jpg","type":"image\/jpeg"}],"author":"user-manager","twitter_card":"summary_large_image","schema":{"@context":"https:\/\/schema.org","@graph":[{"@type":"Article","@id":"https:\/\/www.meydan.tv\/az\/article\/lerik-sakini-prezidentle-gorusmeyim-deye-meni-aparib-bir-sutka-su-kanal-idaresinde-saxladilar\/#article","isPartOf":{"@id":"https:\/\/www.meydan.tv\/az\/article\/lerik-sakini-prezidentle-gorusmeyim-deye-meni-aparib-bir-sutka-su-kanal-idaresinde-saxladilar\/"},"author":{"name":"user-manager","@id":"https:\/\/www.meydan.tv\/az\/#\/schema\/person\/10d11eccf6da3662cf5fdab9806ea91a"},"headline":"Lerik sakini: Prezidentl\u0259 g\u00f6r\u00fc\u015fm\u0259yim dey\u0259 m\u0259ni apar\u0131b bir sutka su-kanal idar\u0259sind\u0259 saxlad\u0131lar","datePublished":"2019-01-25T16:37:48+00:00","mainEntityOfPage":{"@id":"https:\/\/www.meydan.tv\/az\/article\/lerik-sakini-prezidentle-gorusmeyim-deye-meni-aparib-bir-sutka-su-kanal-idaresinde-saxladilar\/"},"wordCount":1006,"publisher":{"@id":"https:\/\/www.meydan.tv\/az\/#organization"},"image":{"@id":"https:\/\/www.meydan.tv\/az\/article\/lerik-sakini-prezidentle-gorusmeyim-deye-meni-aparib-bir-sutka-su-kanal-idaresinde-saxladilar\/#primaryimage"},"thumbnailUrl":"https:\/\/www.meydan.tv\/wp-content\/uploads\/46484.jpg","articleSection":["B\u00f6lg\u0259"],"inLanguage":"az"},{"@type":"WebPage","@id":"https:\/\/www.meydan.tv\/az\/article\/lerik-sakini-prezidentle-gorusmeyim-deye-meni-aparib-bir-sutka-su-kanal-idaresinde-saxladilar\/","url":"https:\/\/www.meydan.tv\/az\/article\/lerik-sakini-prezidentle-gorusmeyim-deye-meni-aparib-bir-sutka-su-kanal-idaresinde-saxladilar\/","name":"Lerik sakini: Prezidentl\u0259 g\u00f6r\u00fc\u015fm\u0259yim dey\u0259 m\u0259ni apar\u0131b bir sutka su-kanal idar\u0259sind\u0259 saxlad\u0131lar - MEYDAN.TV","isPartOf":{"@id":"https:\/\/www.meydan.tv\/az\/#website"},"primaryImageOfPage":{"@id":"https:\/\/www.meydan.tv\/az\/article\/lerik-sakini-prezidentle-gorusmeyim-deye-meni-aparib-bir-sutka-su-kanal-idaresinde-saxladilar\/#primaryimage"},"image":{"@id":"https:\/\/www.meydan.tv\/az\/article\/lerik-sakini-prezidentle-gorusmeyim-deye-meni-aparib-bir-sutka-su-kanal-idaresinde-saxladilar\/#primaryimage"},"thumbnailUrl":"https:\/\/www.meydan.tv\/wp-content\/uploads\/46484.jpg","datePublished":"2019-01-25T16:37:48+00:00","breadcrumb":{"@id":"https:\/\/www.meydan.tv\/az\/article\/lerik-sakini-prezidentle-gorusmeyim-deye-meni-aparib-bir-sutka-su-kanal-idaresinde-saxladilar\/#breadcrumb"},"inLanguage":"az","potentialAction":[{"@type":"ReadAction","target":["https:\/\/www.meydan.tv\/az\/article\/lerik-sakini-prezidentle-gorusmeyim-deye-meni-aparib-bir-sutka-su-kanal-idaresinde-saxladilar\/"]}]},{"@type":"ImageObject","inLanguage":"az","@id":"https:\/\/www.meydan.tv\/az\/article\/lerik-sakini-prezidentle-gorusmeyim-deye-meni-aparib-bir-sutka-su-kanal-idaresinde-saxladilar\/#primaryimage","url":"https:\/\/www.meydan.tv\/wp-content\/uploads\/46484.jpg","contentUrl":"https:\/\/www.meydan.tv\/wp-content\/uploads\/46484.jpg","width":960,"height":720,"caption":"Source:"},{"@type":"BreadcrumbList","@id":"https:\/\/www.meydan.tv\/az\/article\/lerik-sakini-prezidentle-gorusmeyim-deye-meni-aparib-bir-sutka-su-kanal-idaresinde-saxladilar\/#breadcrumb","itemListElement":[{"@type":"ListItem","position":1,"name":"Ana s\u0259hif\u0259","item":"https:\/\/www.meydan.tv\/az\/"},{"@type":"ListItem","position":2,"name":"B\u00f6lg\u0259","item":"https:\/\/www.meydan.tv\/az\/section\/bolge\/"},{"@type":"ListItem","position":3,"name":"Lerik sakini: Prezidentl\u0259 g\u00f6r\u00fc\u015fm\u0259yim dey\u0259 m\u0259ni apar\u0131b bir sutka su-kanal idar\u0259sind\u0259 saxlad\u0131lar"}]},{"@type":"WebSite","@id":"https:\/\/www.meydan.tv\/az\/#website","url":"https:\/\/www.meydan.tv\/az\/","name":"MEYDAN.TV","description":"Meydan TV Az\u0259rbaycan\u0131n media m\u0259kan\u0131ndak\u0131 alternativ s\u0259sidir","publisher":{"@id":"https:\/\/www.meydan.tv\/az\/#organization"},"potentialAction":[{"@type":"SearchAction","target":{"@type":"EntryPoint","urlTemplate":"https:\/\/www.meydan.tv\/az\/?s={search_term_string}"},"query-input":{"@type":"PropertyValueSpecification","valueRequired":true,"valueName":"search_term_string"}}],"inLanguage":"az"},{"@type":"Organization","@id":"https:\/\/www.meydan.tv\/az\/#organization","name":"Meydan TV","url":"https:\/\/www.meydan.tv\/az\/","logo":{"@type":"ImageObject","inLanguage":"az","@id":"https:\/\/www.meydan.tv\/az\/#\/schema\/logo\/image\/","url":"https:\/\/www.meydan.tv\/wp-content\/uploads\/2021\/07\/meydan-logo.svg","contentUrl":"https:\/\/www.meydan.tv\/wp-content\/uploads\/2021\/07\/meydan-logo.svg","width":195,"height":46,"caption":"Meydan TV"},"image":{"@id":"https:\/\/www.meydan.tv\/az\/#\/schema\/logo\/image\/"}},{"@type":"Person","@id":"https:\/\/www.meydan.tv\/az\/#\/schema\/person\/10d11eccf6da3662cf5fdab9806ea91a","name":"user-manager"}]}},"_links":{"self":[{"href":"https:\/\/www.meydan.tv\/az\/wp-json\/wp\/v2\/posts\/193687","targetHints":{"allow":["GET"]}}],"collection":[{"href":"https:\/\/www.meydan.tv\/az\/wp-json\/wp\/v2\/posts"}],"about":[{"href":"https:\/\/www.meydan.tv\/az\/wp-json\/wp\/v2\/types\/post"}],"author":[{"embeddable":true,"href":"https:\/\/www.meydan.tv\/az\/wp-json\/wp\/v2\/users\/11"}],"replies":[{"embeddable":true,"href":"https:\/\/www.meydan.tv\/az\/wp-json\/wp\/v2\/comments?post=193687"}],"version-history":[{"count":0,"href":"https:\/\/www.meydan.tv\/az\/wp-json\/wp\/v2\/posts\/193687\/revisions"}],"wp:featuredmedia":[{"embeddable":true,"href":"https:\/\/www.meydan.tv\/az\/wp-json\/wp\/v2\/media\/116595"}],"wp:attachment":[{"href":"https:\/\/www.meydan.tv\/az\/wp-json\/wp\/v2\/media?parent=193687"}],"wp:term":[{"taxonomy":"category","embeddable":true,"href":"https:\/\/www.meydan.tv\/az\/wp-json\/wp\/v2\/categories?post=193687"},{"taxonomy":"post_tag","embeddable":true,"href":"https:\/\/www.meydan.tv\/az\/wp-json\/wp\/v2\/tags?post=193687"}],"curies":[{"name":"wp","href":"https:\/\/api.w.org\/{rel}","templated":true}]}}