{"id":193676,"date":"2019-01-25T12:40:43","date_gmt":"2019-01-25T12:40:43","guid":{"rendered":"https:\/\/www.meydan.tv\/article\/zimbabve-prezidenti-azerbaycana-niye-gelmisdi\/"},"modified":"2019-01-25T12:40:43","modified_gmt":"2019-01-25T12:40:43","slug":"zimbabve-prezidenti-azerbaycana-niye-gelmisdi","status":"publish","type":"post","link":"https:\/\/www.meydan.tv\/az\/article\/zimbabve-prezidenti-azerbaycana-niye-gelmisdi\/","title":{"rendered":"Zimbabve prezidenti Az\u0259rbaycana niy\u0259 g\u0259lmi\u015fdi?"},"content":{"rendered":"<figure class=\"wp-block-image size-large\">\n  <img decoding=\"async\" src=\"https:\/\/www.meydan.tv\/az\/116556\/\" alt=\"\" class=\"wp-image-116556\"\/><figcaption><\/figcaption><\/figure>\n<p>\n  <i><br \/>\n    &#8221;\u0130ki \u00f6lk\u0259 aras\u0131nda m\u00fcnasib\u0259t yoxdur&#8221;<br \/>\n  <\/i>\n<\/p>\n<p>\n  2019-cu il yanvar\u0131n 19-da Afrika \u00f6lk\u0259si olan Zimbabvenin prezidenti &#8211; Emmerson Mnanqaqva Az\u0259rbaycana s\u0259f\u0259r\u0259 g\u0259lib.\n<\/p>\n<p>\n  \u201cTuran\u201d agentliyi analitik yaz\u0131s\u0131nda s\u0259f\u0259rin m\u00fcmk\u00fcn m\u0259qs\u0259dl\u0259ri t\u0259hlil edilib. H\u0259min yaz\u0131n\u0131 t\u0259qdim edirik:\n<\/p>\n<p>\n  \u201cAz\u0259rbaycan-Zimbabve m\u00fcnasib\u0259tl\u0259ri haqq\u0131nda dan\u0131\u015fark\u0259n \u0259n yax\u015f\u0131s\u0131 bel\u0259 m\u00fcnasib\u0259tl\u0259rin he\u00e7 olmad\u0131\u011f\u0131n\u0131 dem\u0259kdir: Bak\u0131da v\u0259 Harared\u0259 Zimbabve v\u0259 Az\u0259rbaycan s\u0259firlikl\u0259ri yoxdur, Mnanqaqvan\u0131n Bak\u0131ya s\u0259f\u0259ri is\u0259 iki \u00f6lk\u0259nin prezidentl\u0259r s\u0259viyy\u0259sind\u0259 ilk g\u00f6r\u00fc\u015f\u00fc oldu.\n<\/p>\n<p>\n  Mnanqaqvan\u0131n s\u0259f\u0259ri onun ke\u00e7mi\u015f sovet respublikalar\u0131 &#8211; Belarus, Rusiya, Qazax\u0131stan turnesi \u00e7\u0259r\u00e7iv\u0259sind\u0259 ba\u015f tutub.\n<\/p>\n<p>\n  Az\u0259rbaycan v\u0259 Zimbabve, BMT-ni saymasaq, he\u00e7 bir beyn\u0259lxalq t\u0259\u015fkilatda birg\u0259 i\u015ftirak etmir. Az\u0259rbaycan X\u0130N-in sayt\u0131nda Zimbabve il\u0259 \u0259laq\u0259si olan son qeyd Az\u0259rbaycan\u0131n C\u0259nubi Afrikadak\u0131 s\u0259firi Elxan Poluxovun bu \u00f6lk\u0259d\u0259ki \u00e7\u0131x\u0131\u015f\u0131n\u0131n m\u0259tnidir.\n<\/p>\n<p>\n  O, eyni zamanda Zimbabved\u0259 \u00f6lk\u0259nin maraqlar\u0131n\u0131 t\u0259msil edir. Poluxov 2015-ci ilin iyulunda Harared\u0259 olub, onun nitqi iki \u00f6lk\u0259 aras\u0131nda dostluq v\u0259 \u0259razi b\u00fct\u00f6vl\u00fcy\u00fcn\u0259 qar\u015f\u0131l\u0131ql\u0131 h\u00f6rm\u0259t haqq\u0131nda \u00fcmumi ifad\u0259l\u0259rd\u0259n ibar\u0259t olub.\n<\/p>\n<p>\n  X\u0130N-in sayt\u0131 Mnanqaqvan\u0131n Az\u0259rbaycana bu yax\u0131nlarda ba\u015f tutmu\u015f s\u0259f\u0259ri haqq\u0131nda m\u0259lumat yaymay\u0131b. President.az sayt\u0131nda yanvar\u0131n 19-da prezidentl\u0259r \u018fliyev v\u0259 Mnanqaqvan\u0131n bir-birini salamlama nitqi d\u0259rc edilib. Qar\u015f\u0131l\u0131ql\u0131 diplomatik iltifatlardan sonra h\u0259r iki liderin \u00e7\u0131x\u0131\u015f\u0131nda yegan\u0259 konkret m\u00fcdd\u0259a iki \u00f6lk\u0259 aras\u0131nda iqtisadi v\u0259 ticari m\u00fcnasib\u0259tl\u0259ri inki\u015faf etdirm\u0259k ist\u0259yi olub.<br \/>\n  <br \/>\n  Zimbabved\u0259 Az\u0259rbaycan iqtisadiyyat\u0131n\u0131 n\u0259 maraqland\u0131ra bil\u0259r v\u0259 Az\u0259rbaycan prezident Mnanqaqvan\u0131 n\u0259 il\u0259 c\u0259lb edir?\n<\/p>\n<p>\n  Zimbabve h\u0259ddind\u0259n art\u0131q z\u0259ngin t\u0259bii qaz\u0131nt\u0131lara malik h\u0259dsiz kas\u0131b \u00f6lk\u0259dir. D\u0259niz\u0259 \u00e7\u0131x\u0131\u015f\u0131 olmayan, Zambezi \u00e7ay\u0131 \u00fcz\u0259rind\u0259 Viktoriya \u015f\u0259lal\u0259si v\u0259 b\u00fct\u00fcn d\u00fcnyan\u0131n z\u0259nginl\u0259rinin ovla m\u0259\u015f\u011ful oldu\u011fu milli parklar\u0131 il\u0259 m\u0259\u015fhur olan \u00f6lk\u0259dir. Milli valyutas\u0131 yoxdur, 2008-ci ild\u0259 d\u00fcnyada rekord s\u0259viyy\u0259d\u0259 &#8211; 79,6 mlrd. faizlik inflyasiyadan sonra milli valyuta l\u0259\u011fv edilib, h\u0259m d\u0259 b\u00f6hran zimbabviyal\u0131lar\u0131n azsayl\u0131 a\u011f d\u0259rili insanlardan torpaqlar\u0131 \u0259ll\u0259rind\u0259n al\u0131nmas\u0131 v\u0259 qarad\u0259rili \u0259haliy\u0259 verilm\u0259si n\u0259tic\u0259sind\u0259 ba\u015flay\u0131b. Az\u0259rbaycana s\u0259f\u0259ri \u0259r\u0259f\u0259sind\u0259 prezident yanacaq qiym\u0259tini \u00fc\u00e7 d\u0259f\u0259 qald\u0131r\u0131b v\u0259 indi Zimbabved\u0259 bir litr benzin 3 AB\u015e dollar\u0131ndan baha sat\u0131l\u0131r.\n<\/p>\n<p>\n  \u00d6lk\u0259d\u0259 s\u0259kkiz d\u00f6vl\u0259t dili var, bu da daxili etnik v\u0259ziyy\u0259tin a\u011f\u0131r oldu\u011funu g\u00f6st\u0259rir.<br \/>\n  <br \/>\n  R\u0259smi Bak\u0131 \u018fliyev v\u0259 Mnanqaqva aras\u0131ndak\u0131 dan\u0131\u015f\u0131qlar\u0131n t\u0259fsilat\u0131n\u0131 a\u00e7\u0131qlamay\u0131b.\n<\/p>\n<p>\n  T\u0259xmin etm\u0259k qal\u0131r. Zimbabvenin a\u011f\u0131r maliyy\u0259 v\u0259ziyy\u0259tini n\u0259z\u0259r\u0259 alsaq, bu \u00f6lk\u0259nin prezidenti \u0130.\u018fliyev\u0259 pul krediti \u00fc\u00e7\u00fcn m\u00fcraci\u0259t ed\u0259 bil\u0259r.\n<\/p>\n<p>\n  S\u0259f\u0259rin ikinci, daha \u00e7ox ehtimal olunan s\u0259b\u0259bi Zimbabvenin yeni k\u0259\u015ff edil\u0259n qaz yataqlar\u0131ndan hasilat\u0131 v\u0259 ixracat\u0131 inki\u015faf etdirm\u0259k ist\u0259yi il\u0259 ba\u011fl\u0131d\u0131r. Fed.az-dak\u0131 m\u0259qal\u0259nin m\u00fc\u0259llifi hesab edir ki, Zimbabve prezidenti Az\u0259rbaycandak\u0131 m\u00fct\u0259x\u0259ssisl\u0259rin y\u00fcks\u0259k t\u0259cr\u00fcb\u0259sini v\u0259 ixtisas\u0131n\u0131 n\u0259z\u0259r\u0259 alaraq, bu yataqlar\u0131n i\u015fl\u0259nm\u0259sind\u0259 Az\u0259rbaycan neft\u00e7il\u0259rinin i\u015ftirak\u0131na raz\u0131l\u0131q almaq ist\u0259yir.<br \/>\n  <br \/>\n  Mnanqaqva Bak\u0131ya g\u0259lm\u0259zd\u0259n \u0259vv\u0259l Az\u0259rbaycan prezidenti il\u0259 neft \u0259m\u0259kda\u015fl\u0131\u011f\u0131n\u0131 m\u00fczakir\u0259 etm\u0259k niyy\u0259tind\u0259n dan\u0131\u015f\u0131b. Sayt SOCAR-\u0131n Zimbabve layih\u0259l\u0259rind\u0259 i\u015ftirak\u0131n\u0131n m\u00fczakir\u0259 edildiyini t\u0259xmin etmir. Zimbabved\u0259 yaln\u0131z Avstraliyan\u0131n \u201c\u0130nvictus\u201d \u015firk\u0259ti i\u015fl\u0259yir, amma Zimbabve r\u0259hb\u0259rliyi \u00f6z iqtisadiyyat\u0131n\u0131 inhisar\u00e7\u0131 il\u0259 \u0259laq\u0259l\u0259ndirm\u0259k ist\u0259mir.\n<\/p>\n<p>\n  \u201c\u0130ndi bu rayonda qazma i\u015fl\u0259ri gedir, h\u0259l\u0259lik n\u0259tic\u0259l\u0259r m\u00fcsb\u0259tdir. Amma biz bunu yaln\u0131z bir \u015firk\u0259tl\u0259 m\u0259hdudla\u015fd\u0131rmamal\u0131y\u0131q. \u0130st\u0259rdik ki, dig\u0259r \u015firk\u0259tl\u0259r d\u0259 g\u0259lib bunda i\u015ftirak etsinl\u0259r\u201d, dey\u0259 Zimbabve prezidenti rusiyal\u0131 jurnalist\u0259 bildirib. Bir ne\u00e7\u0259 g\u00fcn \u0259vv\u0259l Mnanqaqva Rusiya \u015firk\u0259tl\u0259rini Zimbabved\u0259 i\u015fl\u0259m\u0259y\u0259 d\u0259v\u0259t edib, Bak\u0131dan sonra is\u0259 Qazax\u0131stana yola d\u00fc\u015f\u00fcb. Ayd\u0131n olur ki, o, neft-qaz iqtisadiyyat\u0131 olan \u00f6lk\u0259l\u0259r\u0259 s\u0259f\u0259r edir.\n<\/p>\n<p>\n  M\u00fcsahib\u0259l\u0259rind\u0259n birind\u0259 Mnanqaqva \u00f6lk\u0259sind\u0259 neft v\u0259 qaz k\u0259\u015ff edildiyind\u0259n dan\u0131\u015f\u0131b. Ba\u015fqa m\u0259nb\u0259l\u0259rin m\u0259lumat\u0131na g\u00f6r\u0259, Zimbabved\u0259 neft yoxdur, 1999-cu ild\u0259 Amerika investorlar\u0131 \u201cZimasco\u201d (Zimbabwe Mining and Smelting) \u015firk\u0259ti il\u0259 birlikd\u0259 Lupane yax\u0131nl\u0131\u011f\u0131nda (Q\u0259rbi Matabelelend) qaz yata\u011f\u0131n\u0131n k\u0259\u015ff edildiyini elan edibl\u0259r. Onun i\u015fl\u0259nm\u0259si \u00fc\u00e7\u00fcn birg\u0259 m\u00fc\u0259ssis\u0259 yarad\u0131l\u0131b, amma tezlikl\u0259 Zimbabvey\u0259 qar\u015f\u0131 Amerika sanksiyalar\u0131 t\u0259tbiq edilib. \u201cZimasco\u201d elan edib ki, Lupaned\u0259 500 mlrd. kubmetr qaz var, amma ekspertl\u0259r hesab edirl\u0259r ki, \u0259slind\u0259 hasil edil\u0259n ehtiyatlar t\u0259xmin\u0259n 50-100 mlrd. kubmetr t\u0259\u015fkil ed\u0259c\u0259k.<br \/>\n  <br \/>\n  Mnanqaqvan\u0131n m\u00fcmk\u00fcn t\u0259xminl\u0259rinin m\u0259nfi c\u0259h\u0259ti odur ki, yeni m\u0259d\u0259nl\u0259r Mozambikl\u0259 s\u0259rh\u0259din yax\u0131nl\u0131\u011f\u0131ndad\u0131r, bu da Afrika \u00f6lk\u0259l\u0259ri aras\u0131ndak\u0131 z\u0259if s\u00fclh\u00fc n\u0259z\u0259r\u0259 almaqla, orada hasilat\u0131 riskli edir.\n<\/p>\n<p>\n  Az\u0259rbaycan Mnanqaqvan\u0131n t\u0259xminl\u0259rini t\u0259hlil ed\u0259rk\u0259n diqq\u0259tli olmal\u0131d\u0131r. O, Bak\u0131dan sonra Astanaya gedib, orada prezident Nazarbayevl\u0259 g\u00f6r\u00fc\u015f\u00fcb.\n<\/p>\n<p>\n  \u201cQazax\u0131stan da\u011f-m\u0259d\u0259n s\u0259nayesind\u0259 \u0259m\u0259kda\u015fl\u0131\u011f\u0131, h\u0259m\u00e7inin \u0259rzaq, bu\u011fda, \u0259t v\u0259 dig\u0259r k\u0259nd t\u0259s\u0259rr\u00fcfat\u0131 m\u0259hsullar\u0131n\u0131n ixrac\u0131 m\u0259s\u0259l\u0259l\u0259rini n\u0259z\u0259rd\u0259n ke\u00e7irm\u0259y\u0259 haz\u0131rd\u0131r\u201d, dey\u0259 Nazarbayev bildirib. Qazax\u0131stan m\u00fc\u0259ssis\u0259l\u0259ri Zimbabve \u0259razisind\u0259 faydal\u0131 qaz\u0131nt\u0131lar\u0131n \u00e7\u0131xar\u0131lmas\u0131 \u00fczr\u0259 birg\u0259 layih\u0259l\u0259rd\u0259 i\u015ftirak edirl\u0259r, dey\u0259 Tend bu m\u0259lumata \u0259lav\u0259 edib.<br \/>\n  <br \/>\n  Az\u0259rbaycan\u0131n G\u00f6mr\u00fck Komit\u0259si \u00f6lk\u0259miz v\u0259 Zimbabve aras\u0131nda \u00e7ox ki\u00e7ik ticar\u0259t oldu\u011funu bildirir. 2018-ci ild\u0259 Az\u0259rbaycandan Zimbabvey\u0259 774,7 min dollarl\u0131q mal g\u0259tirilib. Az\u0259rbaycandan Zimbabvey\u0259 ixrac olmay\u0131b.<\/p>\n","protected":false},"excerpt":{"rendered":"<p>&#8221;\u0130ki \u00f6lk\u0259 aras\u0131nda m\u00fcnasib\u0259t yoxdur&#8221;<\/p>\n","protected":false},"author":11,"featured_media":116556,"comment_status":"closed","ping_status":"open","sticky":false,"template":"","format":"standard","meta":{"_acf_changed":false,"_sitemap_exclude":false,"_sitemap_priority":"","_sitemap_frequency":"","footnotes":""},"categories":[51],"tags":[],"class_list":["post-193676","post","type-post","status-publish","format-standard","has-post-thumbnail","hentry","category-analitika","infinite-scroll-item","generate-columns","tablet-grid-50","mobile-grid-100","grid-parent","grid-33","no-featured-image-padding"],"acf":[],"yoast_head":"<!-- This site is optimized with the Yoast SEO plugin v27.4 - https:\/\/yoast.com\/product\/yoast-seo-wordpress\/ -->\n<title>Zimbabve prezidenti Az\u0259rbaycana niy\u0259 g\u0259lmi\u015fdi? - MEYDAN.TV<\/title>\n<meta name=\"robots\" content=\"index, follow, max-snippet:-1, max-image-preview:large, max-video-preview:-1\" \/>\n<link rel=\"canonical\" href=\"https:\/\/www.meydan.tv\/az\/article\/zimbabve-prezidenti-azerbaycana-niye-gelmisdi\/\" \/>\n<meta property=\"og:locale\" content=\"az_AZ\" \/>\n<meta property=\"og:type\" content=\"article\" \/>\n<meta property=\"og:title\" content=\"Zimbabve prezidenti Az\u0259rbaycana niy\u0259 g\u0259lmi\u015fdi? - MEYDAN.TV\" \/>\n<meta property=\"og:description\" content=\"&#039;&#039;\u0130ki \u00f6lk\u0259 aras\u0131nda m\u00fcnasib\u0259t yoxdur&#039;&#039;\" \/>\n<meta property=\"og:url\" content=\"https:\/\/www.meydan.tv\/az\/article\/zimbabve-prezidenti-azerbaycana-niye-gelmisdi\/\" \/>\n<meta property=\"og:site_name\" content=\"MEYDAN.TV\" \/>\n<meta property=\"article:published_time\" content=\"2019-01-25T12:40:43+00:00\" \/>\n<meta property=\"og:image\" content=\"https:\/\/www.meydan.tv\/wp-content\/uploads\/46475.jpg\" \/>\n\t<meta property=\"og:image:width\" content=\"1000\" \/>\n\t<meta property=\"og:image:height\" content=\"541\" \/>\n\t<meta property=\"og:image:type\" content=\"image\/jpeg\" \/>\n<meta name=\"author\" content=\"user-manager\" \/>\n<meta name=\"twitter:card\" content=\"summary_large_image\" \/>\n<script type=\"application\/ld+json\" class=\"yoast-schema-graph\">{\"@context\":\"https:\\\/\\\/schema.org\",\"@graph\":[{\"@type\":\"Article\",\"@id\":\"https:\\\/\\\/www.meydan.tv\\\/az\\\/article\\\/zimbabve-prezidenti-azerbaycana-niye-gelmisdi\\\/#article\",\"isPartOf\":{\"@id\":\"https:\\\/\\\/www.meydan.tv\\\/az\\\/article\\\/zimbabve-prezidenti-azerbaycana-niye-gelmisdi\\\/\"},\"author\":{\"name\":\"user-manager\",\"@id\":\"https:\\\/\\\/www.meydan.tv\\\/az\\\/#\\\/schema\\\/person\\\/10d11eccf6da3662cf5fdab9806ea91a\"},\"headline\":\"Zimbabve prezidenti Az\u0259rbaycana niy\u0259 g\u0259lmi\u015fdi?\",\"datePublished\":\"2019-01-25T12:40:43+00:00\",\"mainEntityOfPage\":{\"@id\":\"https:\\\/\\\/www.meydan.tv\\\/az\\\/article\\\/zimbabve-prezidenti-azerbaycana-niye-gelmisdi\\\/\"},\"wordCount\":1106,\"publisher\":{\"@id\":\"https:\\\/\\\/www.meydan.tv\\\/az\\\/#organization\"},\"image\":{\"@id\":\"https:\\\/\\\/www.meydan.tv\\\/az\\\/article\\\/zimbabve-prezidenti-azerbaycana-niye-gelmisdi\\\/#primaryimage\"},\"thumbnailUrl\":\"https:\\\/\\\/www.meydan.tv\\\/wp-content\\\/uploads\\\/46475.jpg\",\"articleSection\":[\"Analitika\"],\"inLanguage\":\"az\"},{\"@type\":\"WebPage\",\"@id\":\"https:\\\/\\\/www.meydan.tv\\\/az\\\/article\\\/zimbabve-prezidenti-azerbaycana-niye-gelmisdi\\\/\",\"url\":\"https:\\\/\\\/www.meydan.tv\\\/az\\\/article\\\/zimbabve-prezidenti-azerbaycana-niye-gelmisdi\\\/\",\"name\":\"Zimbabve prezidenti Az\u0259rbaycana niy\u0259 g\u0259lmi\u015fdi? - MEYDAN.TV\",\"isPartOf\":{\"@id\":\"https:\\\/\\\/www.meydan.tv\\\/az\\\/#website\"},\"primaryImageOfPage\":{\"@id\":\"https:\\\/\\\/www.meydan.tv\\\/az\\\/article\\\/zimbabve-prezidenti-azerbaycana-niye-gelmisdi\\\/#primaryimage\"},\"image\":{\"@id\":\"https:\\\/\\\/www.meydan.tv\\\/az\\\/article\\\/zimbabve-prezidenti-azerbaycana-niye-gelmisdi\\\/#primaryimage\"},\"thumbnailUrl\":\"https:\\\/\\\/www.meydan.tv\\\/wp-content\\\/uploads\\\/46475.jpg\",\"datePublished\":\"2019-01-25T12:40:43+00:00\",\"breadcrumb\":{\"@id\":\"https:\\\/\\\/www.meydan.tv\\\/az\\\/article\\\/zimbabve-prezidenti-azerbaycana-niye-gelmisdi\\\/#breadcrumb\"},\"inLanguage\":\"az\",\"potentialAction\":[{\"@type\":\"ReadAction\",\"target\":[\"https:\\\/\\\/www.meydan.tv\\\/az\\\/article\\\/zimbabve-prezidenti-azerbaycana-niye-gelmisdi\\\/\"]}]},{\"@type\":\"ImageObject\",\"inLanguage\":\"az\",\"@id\":\"https:\\\/\\\/www.meydan.tv\\\/az\\\/article\\\/zimbabve-prezidenti-azerbaycana-niye-gelmisdi\\\/#primaryimage\",\"url\":\"https:\\\/\\\/www.meydan.tv\\\/wp-content\\\/uploads\\\/46475.jpg\",\"contentUrl\":\"https:\\\/\\\/www.meydan.tv\\\/wp-content\\\/uploads\\\/46475.jpg\",\"width\":1000,\"height\":541,\"caption\":\"Source:\"},{\"@type\":\"BreadcrumbList\",\"@id\":\"https:\\\/\\\/www.meydan.tv\\\/az\\\/article\\\/zimbabve-prezidenti-azerbaycana-niye-gelmisdi\\\/#breadcrumb\",\"itemListElement\":[{\"@type\":\"ListItem\",\"position\":1,\"name\":\"Ana s\u0259hif\u0259\",\"item\":\"https:\\\/\\\/www.meydan.tv\\\/az\\\/\"},{\"@type\":\"ListItem\",\"position\":2,\"name\":\"Analitika\",\"item\":\"https:\\\/\\\/www.meydan.tv\\\/az\\\/section\\\/analitika\\\/\"},{\"@type\":\"ListItem\",\"position\":3,\"name\":\"Zimbabve prezidenti Az\u0259rbaycana niy\u0259 g\u0259lmi\u015fdi?\"}]},{\"@type\":\"WebSite\",\"@id\":\"https:\\\/\\\/www.meydan.tv\\\/az\\\/#website\",\"url\":\"https:\\\/\\\/www.meydan.tv\\\/az\\\/\",\"name\":\"MEYDAN.TV\",\"description\":\"Meydan TV Az\u0259rbaycan\u0131n media m\u0259kan\u0131ndak\u0131 alternativ s\u0259sidir\",\"publisher\":{\"@id\":\"https:\\\/\\\/www.meydan.tv\\\/az\\\/#organization\"},\"potentialAction\":[{\"@type\":\"SearchAction\",\"target\":{\"@type\":\"EntryPoint\",\"urlTemplate\":\"https:\\\/\\\/www.meydan.tv\\\/az\\\/?s={search_term_string}\"},\"query-input\":{\"@type\":\"PropertyValueSpecification\",\"valueRequired\":true,\"valueName\":\"search_term_string\"}}],\"inLanguage\":\"az\"},{\"@type\":\"Organization\",\"@id\":\"https:\\\/\\\/www.meydan.tv\\\/az\\\/#organization\",\"name\":\"Meydan TV\",\"url\":\"https:\\\/\\\/www.meydan.tv\\\/az\\\/\",\"logo\":{\"@type\":\"ImageObject\",\"inLanguage\":\"az\",\"@id\":\"https:\\\/\\\/www.meydan.tv\\\/az\\\/#\\\/schema\\\/logo\\\/image\\\/\",\"url\":\"https:\\\/\\\/www.meydan.tv\\\/wp-content\\\/uploads\\\/2021\\\/07\\\/meydan-logo.svg\",\"contentUrl\":\"https:\\\/\\\/www.meydan.tv\\\/wp-content\\\/uploads\\\/2021\\\/07\\\/meydan-logo.svg\",\"width\":195,\"height\":46,\"caption\":\"Meydan TV\"},\"image\":{\"@id\":\"https:\\\/\\\/www.meydan.tv\\\/az\\\/#\\\/schema\\\/logo\\\/image\\\/\"}},{\"@type\":\"Person\",\"@id\":\"https:\\\/\\\/www.meydan.tv\\\/az\\\/#\\\/schema\\\/person\\\/10d11eccf6da3662cf5fdab9806ea91a\",\"name\":\"user-manager\"}]}<\/script>\n<!-- \/ Yoast SEO plugin. -->","yoast_head_json":{"title":"Zimbabve prezidenti Az\u0259rbaycana niy\u0259 g\u0259lmi\u015fdi? - MEYDAN.TV","robots":{"index":"index","follow":"follow","max-snippet":"max-snippet:-1","max-image-preview":"max-image-preview:large","max-video-preview":"max-video-preview:-1"},"canonical":"https:\/\/www.meydan.tv\/az\/article\/zimbabve-prezidenti-azerbaycana-niye-gelmisdi\/","og_locale":"az_AZ","og_type":"article","og_title":"Zimbabve prezidenti Az\u0259rbaycana niy\u0259 g\u0259lmi\u015fdi? - MEYDAN.TV","og_description":"''\u0130ki \u00f6lk\u0259 aras\u0131nda m\u00fcnasib\u0259t yoxdur''","og_url":"https:\/\/www.meydan.tv\/az\/article\/zimbabve-prezidenti-azerbaycana-niye-gelmisdi\/","og_site_name":"MEYDAN.TV","article_published_time":"2019-01-25T12:40:43+00:00","og_image":[{"width":1000,"height":541,"url":"https:\/\/www.meydan.tv\/wp-content\/uploads\/46475.jpg","type":"image\/jpeg"}],"author":"user-manager","twitter_card":"summary_large_image","schema":{"@context":"https:\/\/schema.org","@graph":[{"@type":"Article","@id":"https:\/\/www.meydan.tv\/az\/article\/zimbabve-prezidenti-azerbaycana-niye-gelmisdi\/#article","isPartOf":{"@id":"https:\/\/www.meydan.tv\/az\/article\/zimbabve-prezidenti-azerbaycana-niye-gelmisdi\/"},"author":{"name":"user-manager","@id":"https:\/\/www.meydan.tv\/az\/#\/schema\/person\/10d11eccf6da3662cf5fdab9806ea91a"},"headline":"Zimbabve prezidenti Az\u0259rbaycana niy\u0259 g\u0259lmi\u015fdi?","datePublished":"2019-01-25T12:40:43+00:00","mainEntityOfPage":{"@id":"https:\/\/www.meydan.tv\/az\/article\/zimbabve-prezidenti-azerbaycana-niye-gelmisdi\/"},"wordCount":1106,"publisher":{"@id":"https:\/\/www.meydan.tv\/az\/#organization"},"image":{"@id":"https:\/\/www.meydan.tv\/az\/article\/zimbabve-prezidenti-azerbaycana-niye-gelmisdi\/#primaryimage"},"thumbnailUrl":"https:\/\/www.meydan.tv\/wp-content\/uploads\/46475.jpg","articleSection":["Analitika"],"inLanguage":"az"},{"@type":"WebPage","@id":"https:\/\/www.meydan.tv\/az\/article\/zimbabve-prezidenti-azerbaycana-niye-gelmisdi\/","url":"https:\/\/www.meydan.tv\/az\/article\/zimbabve-prezidenti-azerbaycana-niye-gelmisdi\/","name":"Zimbabve prezidenti Az\u0259rbaycana niy\u0259 g\u0259lmi\u015fdi? - MEYDAN.TV","isPartOf":{"@id":"https:\/\/www.meydan.tv\/az\/#website"},"primaryImageOfPage":{"@id":"https:\/\/www.meydan.tv\/az\/article\/zimbabve-prezidenti-azerbaycana-niye-gelmisdi\/#primaryimage"},"image":{"@id":"https:\/\/www.meydan.tv\/az\/article\/zimbabve-prezidenti-azerbaycana-niye-gelmisdi\/#primaryimage"},"thumbnailUrl":"https:\/\/www.meydan.tv\/wp-content\/uploads\/46475.jpg","datePublished":"2019-01-25T12:40:43+00:00","breadcrumb":{"@id":"https:\/\/www.meydan.tv\/az\/article\/zimbabve-prezidenti-azerbaycana-niye-gelmisdi\/#breadcrumb"},"inLanguage":"az","potentialAction":[{"@type":"ReadAction","target":["https:\/\/www.meydan.tv\/az\/article\/zimbabve-prezidenti-azerbaycana-niye-gelmisdi\/"]}]},{"@type":"ImageObject","inLanguage":"az","@id":"https:\/\/www.meydan.tv\/az\/article\/zimbabve-prezidenti-azerbaycana-niye-gelmisdi\/#primaryimage","url":"https:\/\/www.meydan.tv\/wp-content\/uploads\/46475.jpg","contentUrl":"https:\/\/www.meydan.tv\/wp-content\/uploads\/46475.jpg","width":1000,"height":541,"caption":"Source:"},{"@type":"BreadcrumbList","@id":"https:\/\/www.meydan.tv\/az\/article\/zimbabve-prezidenti-azerbaycana-niye-gelmisdi\/#breadcrumb","itemListElement":[{"@type":"ListItem","position":1,"name":"Ana s\u0259hif\u0259","item":"https:\/\/www.meydan.tv\/az\/"},{"@type":"ListItem","position":2,"name":"Analitika","item":"https:\/\/www.meydan.tv\/az\/section\/analitika\/"},{"@type":"ListItem","position":3,"name":"Zimbabve prezidenti Az\u0259rbaycana niy\u0259 g\u0259lmi\u015fdi?"}]},{"@type":"WebSite","@id":"https:\/\/www.meydan.tv\/az\/#website","url":"https:\/\/www.meydan.tv\/az\/","name":"MEYDAN.TV","description":"Meydan TV Az\u0259rbaycan\u0131n media m\u0259kan\u0131ndak\u0131 alternativ s\u0259sidir","publisher":{"@id":"https:\/\/www.meydan.tv\/az\/#organization"},"potentialAction":[{"@type":"SearchAction","target":{"@type":"EntryPoint","urlTemplate":"https:\/\/www.meydan.tv\/az\/?s={search_term_string}"},"query-input":{"@type":"PropertyValueSpecification","valueRequired":true,"valueName":"search_term_string"}}],"inLanguage":"az"},{"@type":"Organization","@id":"https:\/\/www.meydan.tv\/az\/#organization","name":"Meydan TV","url":"https:\/\/www.meydan.tv\/az\/","logo":{"@type":"ImageObject","inLanguage":"az","@id":"https:\/\/www.meydan.tv\/az\/#\/schema\/logo\/image\/","url":"https:\/\/www.meydan.tv\/wp-content\/uploads\/2021\/07\/meydan-logo.svg","contentUrl":"https:\/\/www.meydan.tv\/wp-content\/uploads\/2021\/07\/meydan-logo.svg","width":195,"height":46,"caption":"Meydan TV"},"image":{"@id":"https:\/\/www.meydan.tv\/az\/#\/schema\/logo\/image\/"}},{"@type":"Person","@id":"https:\/\/www.meydan.tv\/az\/#\/schema\/person\/10d11eccf6da3662cf5fdab9806ea91a","name":"user-manager"}]}},"_links":{"self":[{"href":"https:\/\/www.meydan.tv\/az\/wp-json\/wp\/v2\/posts\/193676","targetHints":{"allow":["GET"]}}],"collection":[{"href":"https:\/\/www.meydan.tv\/az\/wp-json\/wp\/v2\/posts"}],"about":[{"href":"https:\/\/www.meydan.tv\/az\/wp-json\/wp\/v2\/types\/post"}],"author":[{"embeddable":true,"href":"https:\/\/www.meydan.tv\/az\/wp-json\/wp\/v2\/users\/11"}],"replies":[{"embeddable":true,"href":"https:\/\/www.meydan.tv\/az\/wp-json\/wp\/v2\/comments?post=193676"}],"version-history":[{"count":0,"href":"https:\/\/www.meydan.tv\/az\/wp-json\/wp\/v2\/posts\/193676\/revisions"}],"wp:featuredmedia":[{"embeddable":true,"href":"https:\/\/www.meydan.tv\/az\/wp-json\/wp\/v2\/media\/116556"}],"wp:attachment":[{"href":"https:\/\/www.meydan.tv\/az\/wp-json\/wp\/v2\/media?parent=193676"}],"wp:term":[{"taxonomy":"category","embeddable":true,"href":"https:\/\/www.meydan.tv\/az\/wp-json\/wp\/v2\/categories?post=193676"},{"taxonomy":"post_tag","embeddable":true,"href":"https:\/\/www.meydan.tv\/az\/wp-json\/wp\/v2\/tags?post=193676"}],"curies":[{"name":"wp","href":"https:\/\/api.w.org\/{rel}","templated":true}]}}