{"id":193675,"date":"2019-01-25T02:42:56","date_gmt":"2019-01-25T02:42:56","guid":{"rendered":"https:\/\/www.meydan.tv\/article\/venesuelada-parlament-muxalifetin-nezerindedirse-onda-niye-diktaturadan-danisilir\/"},"modified":"2019-01-25T02:42:56","modified_gmt":"2019-01-25T02:42:56","slug":"venesuelada-parlament-muxalifetin-nezerindedirse-onda-niye-diktaturadan-danisilir","status":"publish","type":"post","link":"https:\/\/www.meydan.tv\/az\/article\/venesuelada-parlament-muxalifetin-nezerindedirse-onda-niye-diktaturadan-danisilir\/","title":{"rendered":"Venesuelada parlament m\u00fcxalif\u0259tin n\u0259z\u0259rind\u0259dirs\u0259, onda niy\u0259 diktaturadan dan\u0131\u015f\u0131l\u0131r?"},"content":{"rendered":"<figure class=\"wp-block-image size-large\">\n  <img decoding=\"async\" src=\"https:\/\/www.meydan.tv\/az\/maduro-2\/\" alt=\"Maduro\" class=\"wp-image-116565\"\/><figcaption>\n    Maduro<br \/>\n  <\/figcaption><\/figure>\n<p>\n  Siyasi \u015f\u0259rh\u00e7i m\u0259s\u0259l\u0259y\u0259 ayd\u0131nl\u0131q g\u0259tirib\n<\/p>\n<p>\n  Venesuela Milli Assambleyas\u0131n\u0131n (parlament) s\u0259dri Xuan Quaido (Juan Guaido) \u00f6z\u00fcn\u00fc \u00f6lk\u0259nin m\u00fcv\u0259qq\u0259ti olaraq prezident s\u0259lahiyy\u0259tl\u0259rini icra ed\u0259n \u015f\u0259xs elan edib.\n<\/p>\n<p>\n  Yanvar\u0131n 23-d\u0259 AB\u015e prezidenti Tramp Venesuelada m\u00fcxalif\u0259tin liderini prezident kimi tan\u0131y\u0131b.\n<\/p>\n<p>\n  Venesuelada parlament m\u00fcxalif\u0259tin n\u0259z\u0259rind\u0259dirs\u0259, onda niy\u0259 avtoritarizmd\u0259n, diktaturadan dan\u0131\u015f\u0131l\u0131r?\n<\/p>\n<p>\n  Siyasi \u015f\u0259rh\u00e7i \u015eahin C\u0259f\u0259rli \u00f6z \u201cFacebook\u201d hesab\u0131nda m\u0259s\u0259l\u0259y\u0259 ayd\u0131nl\u0131q g\u0259tirm\u0259y\u0259 \u00e7al\u0131\u015f\u0131b.\n<\/p>\n<p>\n  \u201cVenesuela yax\u0131n ill\u0259r\u0259 q\u0259d\u0259r demokratik \u00f6lk\u0259 idi, \u0259n az\u0131 se\u00e7kil\u0259r normal ke\u00e7irilirdi. \u00dcmumiyy\u0259tl\u0259, b\u00fct\u00fcn Lat\u0131n Amerikas\u0131nda parlamentarizm ilk d\u0259f\u0259, 1811-ci ild\u0259 m\u0259hz Venesuelada t\u0259\u015f\u0259kk\u00fcl tap\u0131b. Nikolas Maduro \u00f6z\u00fcn\u00fcn ilk se\u00e7kisind\u0259, 2013-c\u00fc ild\u0259 50,7 faiz s\u0259sl\u0259 qalib g\u0259lib. \u0130ndiki parlament &#8211; Milli Assambleya 2015-ci ilin dekabr se\u00e7kil\u0259rind\u0259 formala\u015f\u0131b v\u0259 m\u00fcxalif\u0259t bloku (&#8220;Demokratik birliyin d\u0259yirmi masas\u0131&#8221;) 164 yerd\u0259n 109-nu \u0259ld\u0259 edib. Maduro parlamentin q\u0259bul etdiyi qanunlar\u0131 yerin\u0259 yetirm\u0259kd\u0259n imtina edib, hans\u0131 ki, bu, a\u00e7\u0131q Konstitusiya pozuntusu idi. N\u0259tic\u0259d\u0259 \u00f6lk\u0259d\u0259 siyasi b\u00f6hran v\u0259 ikitir\u0259lik ba\u015flay\u0131b,\u201d- \u015f\u0259rh\u00e7i izah edib.\n<\/p>\n<p>\n  \u015eahin C\u0259f\u0259rli deyib ki, Neftin qiym\u0259ti a\u015fa\u011f\u0131 d\u00fc\u015fd\u00fckd\u0259n sonra \u00f6lk\u0259 a\u011f\u0131r iqtisadi b\u00f6hran girdab\u0131na yuvarlan\u0131b v\u0259 xalq aras\u0131nda d\u0259st\u0259yini itir\u0259n Maduro avtoritar rejim qurma\u011fa ba\u015flay\u0131b. Parlament 2016-c\u0131 ilin oktyabr\u0131na Maduroya etimad referendumu t\u0259yin edib, lakin h\u00f6kum\u0259t\u0259 ba\u011fl\u0131 olan se\u00e7ki qurumu referendumu t\u0259\u015fkil etm\u0259yib. 2017-ci ilin yanvar\u0131nda parlament Maduronu impi\u00e7ment edib, prezident\u0259 yax\u0131n Ali M\u0259hk\u0259m\u0259 is\u0259 bu q\u0259rar\u0131 qanunsuz say\u0131b.\n<\/p>\n<p>\n  Maduro 2017-ci ilin may\u0131nda Konstitusiya Assambleyas\u0131 (KA) adl\u0131 yeni orqan t\u0259sis edib v\u0259 iyunda bu quruma se\u00e7ki ke\u00e7irib. Milli Assambleya (MA) bu orqan\u0131 anti-konstitusion say\u0131b v\u0259 m\u00fcxalif\u0259t partiyalar\u0131 se\u00e7kil\u0259ri boykot edibl\u0259r.\n<\/p>\n<p>\n  N\u0259tic\u0259d\u0259 KA-ya yaln\u0131z Maduronu d\u0259st\u0259kl\u0259y\u0259n partiyalar\u0131n n\u00fcmay\u0259nd\u0259l\u0259ri se\u00e7ilib, daha do\u011frusu, t\u0259yin olunub. Q\u0259rb d\u00f6vl\u0259tl\u0259ri v\u0259 \u0259ks\u0259r Lat\u0131n Amerikas\u0131 \u00f6lk\u0259l\u0259ri KA-n\u0131 tan\u0131may\u0131b. KA 2017-ci ilin avqustunda MA-n\u0131 burax\u0131b v\u0259 parlamentin funksiyalar\u0131n\u0131 \u00f6z \u00fcz\u0259rin\u0259 g\u00f6t\u00fcr\u00fcb. T\u0259bii ki, MA bu q\u0259rar\u0131 r\u0259dd edib v\u0259 indiy\u0259 kimi f\u0259aliyy\u0259tini davam etdirir.\n<\/p>\n<p>\n  \u201cMaduro 2018-ci ilin may\u0131nda prezident se\u00e7kisi ke\u00e7irib. \u018fsas m\u00fcxalif q\u00fcvv\u0259l\u0259r se\u00e7kini boykot edib v\u0259 Maduro 67,8 faiz s\u0259sl\u0259 qalib elan olunub. MA v\u0259 onu d\u0259st\u0259kl\u0259y\u0259n d\u00fcnya \u00f6lk\u0259l\u0259ri se\u00e7kini tan\u0131may\u0131blar. N\u00fcfuzunun pik vaxt\u0131nda v\u0259 \u00f6lk\u0259d\u0259 v\u0259ziyy\u0259tin nisb\u0259t\u0259n yax\u015f\u0131 oldu\u011fu d\u00f6vrd\u0259 50 faizd\u0259n bir q\u0259d\u0259r art\u0131q s\u0259s alan Maduronun \u00f6lk\u0259 acl\u0131q v\u0259 s\u0259fal\u0259t\u0259 s\u00fcr\u00fckl\u0259ndikd\u0259n sonra b\u00f6y\u00fck xalq d\u0259st\u0259yi il\u0259 se\u00e7ilm\u0259si y\u0259qin ki, he\u00e7 kim\u0259 inand\u0131r\u0131c\u0131 g\u00f6r\u00fcnm\u00fcr,\u201d- \u015eahin C\u0259f\u0259rli yaz\u0131b.\n<\/p>\n<p>\n  Venesuelan\u0131n prezidenti Nikolas Maduro \u0259leyhin\u0259 aksiyalar onun yanvar\u0131n 10-da prezident kimi and i\u00e7\u0259r\u0259k, ikinci d\u0259f\u0259 bu v\u0259zif\u0259l\u0259ri icra etm\u0259y\u0259 ba\u015flad\u0131qdan sonra start g\u00f6t\u00fcr\u00fcb. Aksiya b\u00fct\u00fcn \u00f6lk\u0259ni b\u00fcr\u00fcy\u00fcb.\n<\/p>\n<p>\n  Yanvar\u0131n 23-d\u0259 paytaxt Karakasda parlament s\u0259dri Xuan Quaido prezidentin s\u0259lahiyy\u0259tl\u0259rini icra etm\u0259yi \u00f6z \u00fcz\u0259rin\u0259 g\u00f6t\u00fcr\u00fcb.\n<\/p>\n<p>\n  Maduronun t\u0259r\u0259fdarlar\u0131n\u0131n da aksiya ke\u00e7irdiyi haqda m\u0259lumat verilir. Venesuelada h\u00f6kum\u0259t \u0259leyhin\u0259 mitinql\u0259rd\u0259 15 n\u0259f\u0259rd\u0259n \u00e7ox adam\u0131n \u00f6ld\u00fcr\u00fcld\u00fcy\u00fc bildirilir.\n<\/p>\n<p>\n  N.Maduro 2018-ci ilin may\u0131nda ke\u00e7iril\u0259n se\u00e7kil\u0259rd\u0259 qalib elan edilib, andi\u00e7m\u0259 m\u0259rasimini is\u0259 2019-cu il yanvar\u0131n 10-da ke\u00e7irib.\n<\/p>\n<p>\n  M\u00fcxalif\u0259t se\u00e7icil\u0259ri n\u0259tic\u0259l\u0259rinin Maduronun xeyrin\u0259 olaca\u011f\u0131n\u0131n \u0259vv\u0259lc\u0259d\u0259n m\u0259lum olan se\u00e7kil\u0259ri boykot etm\u0259y\u0259 \u00e7a\u011f\u0131r\u0131b.\n<\/p>\n<p>\n  Se\u00e7kil\u0259rin legitimliyi v\u0259 \u015f\u0259ffafl\u0131\u011f\u0131 AB\u015e v\u0259 Avropa \u0130ttifaq\u0131nda suallar yarad\u0131b v\u0259 se\u00e7kil\u0259rin n\u0259tic\u0259l\u0259ri tan\u0131nmay\u0131b.\n<\/p>\n<p>\n  T\u0259r\u0259fda\u015flar\u0131 qar\u015f\u0131s\u0131nda \u00e7\u0131x\u0131\u015f ed\u0259n N.Maduro AB\u015e-\u0131n Venesueladan getm\u0259li oldu\u011funu v\u0259 AB\u015e-\u0131n Venesuelan\u0131\u0131n siyas\u0259tin\u0259 v\u0259 iqtisadiyyat\u0131na m\u00fcdaxil\u0259 etm\u0259sind\u0259n t\u0259ng\u0259 g\u0259ldiyini b\u0259yan edib.<\/p>\n","protected":false},"excerpt":{"rendered":"<p>Siyasi \u015f\u0259rh\u00e7i m\u0259s\u0259l\u0259y\u0259 ayd\u0131nl\u0131q g\u0259tirib<\/p>\n","protected":false},"author":11,"featured_media":116565,"comment_status":"closed","ping_status":"open","sticky":false,"template":"","format":"standard","meta":{"_acf_changed":false,"_sitemap_exclude":false,"_sitemap_priority":"","_sitemap_frequency":"","footnotes":""},"categories":[51],"tags":[],"class_list":["post-193675","post","type-post","status-publish","format-standard","has-post-thumbnail","hentry","category-analitika","infinite-scroll-item","generate-columns","tablet-grid-50","mobile-grid-100","grid-parent","grid-33","no-featured-image-padding"],"acf":[],"yoast_head":"<!-- This site is optimized with the Yoast SEO plugin v27.4 - https:\/\/yoast.com\/product\/yoast-seo-wordpress\/ -->\n<title>Venesuelada parlament m\u00fcxalif\u0259tin n\u0259z\u0259rind\u0259dirs\u0259, onda niy\u0259 diktaturadan dan\u0131\u015f\u0131l\u0131r? - MEYDAN.TV<\/title>\n<meta name=\"robots\" content=\"index, follow, max-snippet:-1, max-image-preview:large, max-video-preview:-1\" \/>\n<link rel=\"canonical\" href=\"https:\/\/www.meydan.tv\/az\/article\/venesuelada-parlament-muxalifetin-nezerindedirse-onda-niye-diktaturadan-danisilir\/\" \/>\n<meta property=\"og:locale\" content=\"az_AZ\" \/>\n<meta property=\"og:type\" content=\"article\" \/>\n<meta property=\"og:title\" content=\"Venesuelada parlament m\u00fcxalif\u0259tin n\u0259z\u0259rind\u0259dirs\u0259, onda niy\u0259 diktaturadan dan\u0131\u015f\u0131l\u0131r? - MEYDAN.TV\" \/>\n<meta property=\"og:description\" content=\"Siyasi \u015f\u0259rh\u00e7i m\u0259s\u0259l\u0259y\u0259 ayd\u0131nl\u0131q g\u0259tirib\" \/>\n<meta property=\"og:url\" content=\"https:\/\/www.meydan.tv\/az\/article\/venesuelada-parlament-muxalifetin-nezerindedirse-onda-niye-diktaturadan-danisilir\/\" \/>\n<meta property=\"og:site_name\" content=\"MEYDAN.TV\" \/>\n<meta property=\"article:published_time\" content=\"2019-01-25T02:42:56+00:00\" \/>\n<meta property=\"og:image\" content=\"https:\/\/www.meydan.tv\/wp-content\/uploads\/46474.jpg\" \/>\n\t<meta property=\"og:image:width\" content=\"1920\" \/>\n\t<meta property=\"og:image:height\" content=\"1265\" \/>\n\t<meta property=\"og:image:type\" content=\"image\/jpeg\" \/>\n<meta name=\"author\" content=\"user-manager\" \/>\n<meta name=\"twitter:card\" content=\"summary_large_image\" \/>\n<script type=\"application\/ld+json\" class=\"yoast-schema-graph\">{\"@context\":\"https:\\\/\\\/schema.org\",\"@graph\":[{\"@type\":\"Article\",\"@id\":\"https:\\\/\\\/www.meydan.tv\\\/az\\\/article\\\/venesuelada-parlament-muxalifetin-nezerindedirse-onda-niye-diktaturadan-danisilir\\\/#article\",\"isPartOf\":{\"@id\":\"https:\\\/\\\/www.meydan.tv\\\/az\\\/article\\\/venesuelada-parlament-muxalifetin-nezerindedirse-onda-niye-diktaturadan-danisilir\\\/\"},\"author\":{\"name\":\"user-manager\",\"@id\":\"https:\\\/\\\/www.meydan.tv\\\/az\\\/#\\\/schema\\\/person\\\/10d11eccf6da3662cf5fdab9806ea91a\"},\"headline\":\"Venesuelada parlament m\u00fcxalif\u0259tin n\u0259z\u0259rind\u0259dirs\u0259, onda niy\u0259 diktaturadan dan\u0131\u015f\u0131l\u0131r?\",\"datePublished\":\"2019-01-25T02:42:56+00:00\",\"mainEntityOfPage\":{\"@id\":\"https:\\\/\\\/www.meydan.tv\\\/az\\\/article\\\/venesuelada-parlament-muxalifetin-nezerindedirse-onda-niye-diktaturadan-danisilir\\\/\"},\"wordCount\":808,\"publisher\":{\"@id\":\"https:\\\/\\\/www.meydan.tv\\\/az\\\/#organization\"},\"image\":{\"@id\":\"https:\\\/\\\/www.meydan.tv\\\/az\\\/article\\\/venesuelada-parlament-muxalifetin-nezerindedirse-onda-niye-diktaturadan-danisilir\\\/#primaryimage\"},\"thumbnailUrl\":\"https:\\\/\\\/www.meydan.tv\\\/wp-content\\\/uploads\\\/46474.jpg\",\"articleSection\":[\"Analitika\"],\"inLanguage\":\"az\"},{\"@type\":\"WebPage\",\"@id\":\"https:\\\/\\\/www.meydan.tv\\\/az\\\/article\\\/venesuelada-parlament-muxalifetin-nezerindedirse-onda-niye-diktaturadan-danisilir\\\/\",\"url\":\"https:\\\/\\\/www.meydan.tv\\\/az\\\/article\\\/venesuelada-parlament-muxalifetin-nezerindedirse-onda-niye-diktaturadan-danisilir\\\/\",\"name\":\"Venesuelada parlament m\u00fcxalif\u0259tin n\u0259z\u0259rind\u0259dirs\u0259, onda niy\u0259 diktaturadan dan\u0131\u015f\u0131l\u0131r? - MEYDAN.TV\",\"isPartOf\":{\"@id\":\"https:\\\/\\\/www.meydan.tv\\\/az\\\/#website\"},\"primaryImageOfPage\":{\"@id\":\"https:\\\/\\\/www.meydan.tv\\\/az\\\/article\\\/venesuelada-parlament-muxalifetin-nezerindedirse-onda-niye-diktaturadan-danisilir\\\/#primaryimage\"},\"image\":{\"@id\":\"https:\\\/\\\/www.meydan.tv\\\/az\\\/article\\\/venesuelada-parlament-muxalifetin-nezerindedirse-onda-niye-diktaturadan-danisilir\\\/#primaryimage\"},\"thumbnailUrl\":\"https:\\\/\\\/www.meydan.tv\\\/wp-content\\\/uploads\\\/46474.jpg\",\"datePublished\":\"2019-01-25T02:42:56+00:00\",\"breadcrumb\":{\"@id\":\"https:\\\/\\\/www.meydan.tv\\\/az\\\/article\\\/venesuelada-parlament-muxalifetin-nezerindedirse-onda-niye-diktaturadan-danisilir\\\/#breadcrumb\"},\"inLanguage\":\"az\",\"potentialAction\":[{\"@type\":\"ReadAction\",\"target\":[\"https:\\\/\\\/www.meydan.tv\\\/az\\\/article\\\/venesuelada-parlament-muxalifetin-nezerindedirse-onda-niye-diktaturadan-danisilir\\\/\"]}]},{\"@type\":\"ImageObject\",\"inLanguage\":\"az\",\"@id\":\"https:\\\/\\\/www.meydan.tv\\\/az\\\/article\\\/venesuelada-parlament-muxalifetin-nezerindedirse-onda-niye-diktaturadan-danisilir\\\/#primaryimage\",\"url\":\"https:\\\/\\\/www.meydan.tv\\\/wp-content\\\/uploads\\\/46474.jpg\",\"contentUrl\":\"https:\\\/\\\/www.meydan.tv\\\/wp-content\\\/uploads\\\/46474.jpg\",\"width\":1920,\"height\":1265,\"caption\":\"Source:\"},{\"@type\":\"BreadcrumbList\",\"@id\":\"https:\\\/\\\/www.meydan.tv\\\/az\\\/article\\\/venesuelada-parlament-muxalifetin-nezerindedirse-onda-niye-diktaturadan-danisilir\\\/#breadcrumb\",\"itemListElement\":[{\"@type\":\"ListItem\",\"position\":1,\"name\":\"Ana s\u0259hif\u0259\",\"item\":\"https:\\\/\\\/www.meydan.tv\\\/az\\\/\"},{\"@type\":\"ListItem\",\"position\":2,\"name\":\"Analitika\",\"item\":\"https:\\\/\\\/www.meydan.tv\\\/az\\\/section\\\/analitika\\\/\"},{\"@type\":\"ListItem\",\"position\":3,\"name\":\"Venesuelada parlament m\u00fcxalif\u0259tin n\u0259z\u0259rind\u0259dirs\u0259, onda niy\u0259 diktaturadan dan\u0131\u015f\u0131l\u0131r?\"}]},{\"@type\":\"WebSite\",\"@id\":\"https:\\\/\\\/www.meydan.tv\\\/az\\\/#website\",\"url\":\"https:\\\/\\\/www.meydan.tv\\\/az\\\/\",\"name\":\"MEYDAN.TV\",\"description\":\"Meydan TV Az\u0259rbaycan\u0131n media m\u0259kan\u0131ndak\u0131 alternativ s\u0259sidir\",\"publisher\":{\"@id\":\"https:\\\/\\\/www.meydan.tv\\\/az\\\/#organization\"},\"potentialAction\":[{\"@type\":\"SearchAction\",\"target\":{\"@type\":\"EntryPoint\",\"urlTemplate\":\"https:\\\/\\\/www.meydan.tv\\\/az\\\/?s={search_term_string}\"},\"query-input\":{\"@type\":\"PropertyValueSpecification\",\"valueRequired\":true,\"valueName\":\"search_term_string\"}}],\"inLanguage\":\"az\"},{\"@type\":\"Organization\",\"@id\":\"https:\\\/\\\/www.meydan.tv\\\/az\\\/#organization\",\"name\":\"Meydan TV\",\"url\":\"https:\\\/\\\/www.meydan.tv\\\/az\\\/\",\"logo\":{\"@type\":\"ImageObject\",\"inLanguage\":\"az\",\"@id\":\"https:\\\/\\\/www.meydan.tv\\\/az\\\/#\\\/schema\\\/logo\\\/image\\\/\",\"url\":\"https:\\\/\\\/www.meydan.tv\\\/wp-content\\\/uploads\\\/2021\\\/07\\\/meydan-logo.svg\",\"contentUrl\":\"https:\\\/\\\/www.meydan.tv\\\/wp-content\\\/uploads\\\/2021\\\/07\\\/meydan-logo.svg\",\"width\":195,\"height\":46,\"caption\":\"Meydan TV\"},\"image\":{\"@id\":\"https:\\\/\\\/www.meydan.tv\\\/az\\\/#\\\/schema\\\/logo\\\/image\\\/\"}},{\"@type\":\"Person\",\"@id\":\"https:\\\/\\\/www.meydan.tv\\\/az\\\/#\\\/schema\\\/person\\\/10d11eccf6da3662cf5fdab9806ea91a\",\"name\":\"user-manager\"}]}<\/script>\n<!-- \/ Yoast SEO plugin. -->","yoast_head_json":{"title":"Venesuelada parlament m\u00fcxalif\u0259tin n\u0259z\u0259rind\u0259dirs\u0259, onda niy\u0259 diktaturadan dan\u0131\u015f\u0131l\u0131r? - MEYDAN.TV","robots":{"index":"index","follow":"follow","max-snippet":"max-snippet:-1","max-image-preview":"max-image-preview:large","max-video-preview":"max-video-preview:-1"},"canonical":"https:\/\/www.meydan.tv\/az\/article\/venesuelada-parlament-muxalifetin-nezerindedirse-onda-niye-diktaturadan-danisilir\/","og_locale":"az_AZ","og_type":"article","og_title":"Venesuelada parlament m\u00fcxalif\u0259tin n\u0259z\u0259rind\u0259dirs\u0259, onda niy\u0259 diktaturadan dan\u0131\u015f\u0131l\u0131r? - MEYDAN.TV","og_description":"Siyasi \u015f\u0259rh\u00e7i m\u0259s\u0259l\u0259y\u0259 ayd\u0131nl\u0131q g\u0259tirib","og_url":"https:\/\/www.meydan.tv\/az\/article\/venesuelada-parlament-muxalifetin-nezerindedirse-onda-niye-diktaturadan-danisilir\/","og_site_name":"MEYDAN.TV","article_published_time":"2019-01-25T02:42:56+00:00","og_image":[{"width":1920,"height":1265,"url":"https:\/\/www.meydan.tv\/wp-content\/uploads\/46474.jpg","type":"image\/jpeg"}],"author":"user-manager","twitter_card":"summary_large_image","schema":{"@context":"https:\/\/schema.org","@graph":[{"@type":"Article","@id":"https:\/\/www.meydan.tv\/az\/article\/venesuelada-parlament-muxalifetin-nezerindedirse-onda-niye-diktaturadan-danisilir\/#article","isPartOf":{"@id":"https:\/\/www.meydan.tv\/az\/article\/venesuelada-parlament-muxalifetin-nezerindedirse-onda-niye-diktaturadan-danisilir\/"},"author":{"name":"user-manager","@id":"https:\/\/www.meydan.tv\/az\/#\/schema\/person\/10d11eccf6da3662cf5fdab9806ea91a"},"headline":"Venesuelada parlament m\u00fcxalif\u0259tin n\u0259z\u0259rind\u0259dirs\u0259, onda niy\u0259 diktaturadan dan\u0131\u015f\u0131l\u0131r?","datePublished":"2019-01-25T02:42:56+00:00","mainEntityOfPage":{"@id":"https:\/\/www.meydan.tv\/az\/article\/venesuelada-parlament-muxalifetin-nezerindedirse-onda-niye-diktaturadan-danisilir\/"},"wordCount":808,"publisher":{"@id":"https:\/\/www.meydan.tv\/az\/#organization"},"image":{"@id":"https:\/\/www.meydan.tv\/az\/article\/venesuelada-parlament-muxalifetin-nezerindedirse-onda-niye-diktaturadan-danisilir\/#primaryimage"},"thumbnailUrl":"https:\/\/www.meydan.tv\/wp-content\/uploads\/46474.jpg","articleSection":["Analitika"],"inLanguage":"az"},{"@type":"WebPage","@id":"https:\/\/www.meydan.tv\/az\/article\/venesuelada-parlament-muxalifetin-nezerindedirse-onda-niye-diktaturadan-danisilir\/","url":"https:\/\/www.meydan.tv\/az\/article\/venesuelada-parlament-muxalifetin-nezerindedirse-onda-niye-diktaturadan-danisilir\/","name":"Venesuelada parlament m\u00fcxalif\u0259tin n\u0259z\u0259rind\u0259dirs\u0259, onda niy\u0259 diktaturadan dan\u0131\u015f\u0131l\u0131r? - MEYDAN.TV","isPartOf":{"@id":"https:\/\/www.meydan.tv\/az\/#website"},"primaryImageOfPage":{"@id":"https:\/\/www.meydan.tv\/az\/article\/venesuelada-parlament-muxalifetin-nezerindedirse-onda-niye-diktaturadan-danisilir\/#primaryimage"},"image":{"@id":"https:\/\/www.meydan.tv\/az\/article\/venesuelada-parlament-muxalifetin-nezerindedirse-onda-niye-diktaturadan-danisilir\/#primaryimage"},"thumbnailUrl":"https:\/\/www.meydan.tv\/wp-content\/uploads\/46474.jpg","datePublished":"2019-01-25T02:42:56+00:00","breadcrumb":{"@id":"https:\/\/www.meydan.tv\/az\/article\/venesuelada-parlament-muxalifetin-nezerindedirse-onda-niye-diktaturadan-danisilir\/#breadcrumb"},"inLanguage":"az","potentialAction":[{"@type":"ReadAction","target":["https:\/\/www.meydan.tv\/az\/article\/venesuelada-parlament-muxalifetin-nezerindedirse-onda-niye-diktaturadan-danisilir\/"]}]},{"@type":"ImageObject","inLanguage":"az","@id":"https:\/\/www.meydan.tv\/az\/article\/venesuelada-parlament-muxalifetin-nezerindedirse-onda-niye-diktaturadan-danisilir\/#primaryimage","url":"https:\/\/www.meydan.tv\/wp-content\/uploads\/46474.jpg","contentUrl":"https:\/\/www.meydan.tv\/wp-content\/uploads\/46474.jpg","width":1920,"height":1265,"caption":"Source:"},{"@type":"BreadcrumbList","@id":"https:\/\/www.meydan.tv\/az\/article\/venesuelada-parlament-muxalifetin-nezerindedirse-onda-niye-diktaturadan-danisilir\/#breadcrumb","itemListElement":[{"@type":"ListItem","position":1,"name":"Ana s\u0259hif\u0259","item":"https:\/\/www.meydan.tv\/az\/"},{"@type":"ListItem","position":2,"name":"Analitika","item":"https:\/\/www.meydan.tv\/az\/section\/analitika\/"},{"@type":"ListItem","position":3,"name":"Venesuelada parlament m\u00fcxalif\u0259tin n\u0259z\u0259rind\u0259dirs\u0259, onda niy\u0259 diktaturadan dan\u0131\u015f\u0131l\u0131r?"}]},{"@type":"WebSite","@id":"https:\/\/www.meydan.tv\/az\/#website","url":"https:\/\/www.meydan.tv\/az\/","name":"MEYDAN.TV","description":"Meydan TV Az\u0259rbaycan\u0131n media m\u0259kan\u0131ndak\u0131 alternativ s\u0259sidir","publisher":{"@id":"https:\/\/www.meydan.tv\/az\/#organization"},"potentialAction":[{"@type":"SearchAction","target":{"@type":"EntryPoint","urlTemplate":"https:\/\/www.meydan.tv\/az\/?s={search_term_string}"},"query-input":{"@type":"PropertyValueSpecification","valueRequired":true,"valueName":"search_term_string"}}],"inLanguage":"az"},{"@type":"Organization","@id":"https:\/\/www.meydan.tv\/az\/#organization","name":"Meydan TV","url":"https:\/\/www.meydan.tv\/az\/","logo":{"@type":"ImageObject","inLanguage":"az","@id":"https:\/\/www.meydan.tv\/az\/#\/schema\/logo\/image\/","url":"https:\/\/www.meydan.tv\/wp-content\/uploads\/2021\/07\/meydan-logo.svg","contentUrl":"https:\/\/www.meydan.tv\/wp-content\/uploads\/2021\/07\/meydan-logo.svg","width":195,"height":46,"caption":"Meydan TV"},"image":{"@id":"https:\/\/www.meydan.tv\/az\/#\/schema\/logo\/image\/"}},{"@type":"Person","@id":"https:\/\/www.meydan.tv\/az\/#\/schema\/person\/10d11eccf6da3662cf5fdab9806ea91a","name":"user-manager"}]}},"_links":{"self":[{"href":"https:\/\/www.meydan.tv\/az\/wp-json\/wp\/v2\/posts\/193675","targetHints":{"allow":["GET"]}}],"collection":[{"href":"https:\/\/www.meydan.tv\/az\/wp-json\/wp\/v2\/posts"}],"about":[{"href":"https:\/\/www.meydan.tv\/az\/wp-json\/wp\/v2\/types\/post"}],"author":[{"embeddable":true,"href":"https:\/\/www.meydan.tv\/az\/wp-json\/wp\/v2\/users\/11"}],"replies":[{"embeddable":true,"href":"https:\/\/www.meydan.tv\/az\/wp-json\/wp\/v2\/comments?post=193675"}],"version-history":[{"count":0,"href":"https:\/\/www.meydan.tv\/az\/wp-json\/wp\/v2\/posts\/193675\/revisions"}],"wp:featuredmedia":[{"embeddable":true,"href":"https:\/\/www.meydan.tv\/az\/wp-json\/wp\/v2\/media\/116565"}],"wp:attachment":[{"href":"https:\/\/www.meydan.tv\/az\/wp-json\/wp\/v2\/media?parent=193675"}],"wp:term":[{"taxonomy":"category","embeddable":true,"href":"https:\/\/www.meydan.tv\/az\/wp-json\/wp\/v2\/categories?post=193675"},{"taxonomy":"post_tag","embeddable":true,"href":"https:\/\/www.meydan.tv\/az\/wp-json\/wp\/v2\/tags?post=193675"}],"curies":[{"name":"wp","href":"https:\/\/api.w.org\/{rel}","templated":true}]}}