{"id":193673,"date":"2019-01-24T22:09:38","date_gmt":"2019-01-24T22:09:38","guid":{"rendered":"https:\/\/www.meydan.tv\/article\/bas-nazire-1000-dene-alt-tumani\/"},"modified":"2019-01-24T22:09:38","modified_gmt":"2019-01-24T22:09:38","slug":"bas-nazire-1000-dene-alt-tumani","status":"publish","type":"post","link":"https:\/\/www.meydan.tv\/az\/article\/bas-nazire-1000-dene-alt-tumani\/","title":{"rendered":"Ba\u015f nazir\u0259 1000 d\u0259n\u0259 alt tuman\u0131"},"content":{"rendered":"<figure class=\"wp-block-image size-large\">\n  <img decoding=\"async\" src=\"https:\/\/www.meydan.tv\/az\/116568\/\" alt=\"\" class=\"wp-image-116568\"\/><figcaption><\/figcaption><\/figure>\n<p>\n  <i><br \/>\n    Abort yasa\u011f\u0131na nec\u0259 etiraz etm\u0259li?<br \/>\n  <\/i>\n<\/p>\n<p>\n  T\u0259xmin\u0259n bir ay \u0259vv\u0259l Norve\u00e7d\u0259 formala\u015fma \u0259r\u0259f\u0259sind\u0259 olan h\u00f6kum\u0259t abort yasa\u011f\u0131n\u0131 g\u00fcnd\u0259m\u0259 g\u0259tirdi. \u018fvv\u0259lc\u0259 qeyd edim ki, Norve\u00e7d\u0259 abort hamil\u0259liyin ilk 12 h\u0259ft\u0259sind\u0259 ana, ondan sonra is\u0259 ancaq h\u0259kimin q\u0259rar\u0131 (anan\u0131n s\u0259hh\u0259tin\u0259 t\u0259hl\u00fck\u0259 yaranarsa v\u0259 daun sindromu kimi \u00e7\u0259tinl\u0259\u015fm\u0259l\u0259r a\u015fkar edil\u0259rs\u0259) il\u0259 sonland\u0131r\u0131la bil\u0259r. Amma indi h\u00f6kum\u0259t t\u0259klif edirdi ki, abort, \u00fcmumiyy\u0259tl\u0259, qada\u011fan edilsin. Ail\u0259 institutunu qorumaq, demoqrafik v\u0259ziyy\u0259ti d\u00fcz\u0259ltm\u0259k v\u0259 d\u00f6l\u00fcn ya\u015fama haqq\u0131 kimi arqumentl\u0259r buna \u0259sas g\u0259tirilirdi.\n<\/p>\n<p>\n  \u018fslind\u0259 is\u0259 s\u0259b\u0259b sad\u0259 idi. \u018fsl s\u0259b\u0259b is\u0259 hakim Sa\u011f (H\u00f8yre) partiyan\u0131n parlamentd\u0259 azl\u0131qda olan, amma h\u0259lledici rola malik v\u0259 \u0259sas\u0259n ail\u0259 d\u0259y\u0259rl\u0259rini qoruyan Xristian Xalq Partiyas\u0131n\u0131n (KrF-Kristelig Folkeparti) d\u0259st\u0259yini qazanmaq m\u0259qs\u0259di idi.\n<\/p>\n<p>\n  Amma el\u0259 m\u00fczakir\u0259l\u0259r ba\u015flar-ba\u015flamaz, \u00f6lk\u0259 bir-birin\u0259 d\u0259ydi. Televiziya, m\u0259tbuat, m\u00fcxt\u0259lif t\u0259\u015fkilatlar debatlar t\u0259\u015fkil etdi. Fikir liderl\u0259ri, yarad\u0131c\u0131 adamlar, siyas\u0259t\u00e7il\u0259r, m\u00fc\u0259lliml\u0259r, t\u0259qa\u00fcd\u00e7\u00fcl\u0259r \u2013 bir s\u00f6zl\u0259, ham\u0131 etiraza qalxd\u0131. Abort bar\u0259d\u0259 qada\u011fan\u0131n insan haqlar\u0131na ciddi z\u0259rb\u0259 oldu\u011funu \u0259sas g\u0259tirib, qad\u0131n\u0131n b\u0259d\u0259nin\u0259 m\u00fcdaxil\u0259 kimi qiym\u0259tl\u0259ndirdil\u0259r. Tibb, psixologiya, gender ekspertl\u0259ri abort bar\u0259d\u0259 qada\u011fan\u0131n hans\u0131 f\u0259sadlara g\u0259tirib \u00e7\u0131xara bil\u0259c\u0259yini kompetent bir \u015f\u0259kild\u0259 m\u00fczakir\u0259 etm\u0259y\u0259, tutarl\u0131 arqumentl\u0259r g\u0259tirm\u0259y\u0259 ba\u015flad\u0131lar. Bir \u00e7ox halda, abort qada\u011fas\u0131 t\u0259r\u0259fdarlar\u0131 bel\u0259 bu arqumentl\u0259rin qar\u015f\u0131s\u0131nda aciz qald\u0131lar.\n<\/p>\n<p>\n  M\u0259s\u0259l\u0259n, ekspertl\u0259rd\u0259n biri deyirdi ki, zorlama zaman\u0131 hamil\u0259 qalm\u0131\u015f bir qad\u0131n reabilitasiya ke\u00e7m\u0259lidir, ya\u015fad\u0131qlar\u0131n\u0131 utunmal\u0131d\u0131r. O zorlamadan d\u00fcnyaya g\u0259l\u0259n u\u015fa\u011f\u0131 ist\u0259mirs\u0259, bir \u015fidd\u0259t qurban\u0131n\u0131 nec\u0259 buna m\u0259cbur etm\u0259k olar? V\u0259 ya erk\u0259n ya\u015flarda cinsi h\u0259yata ba\u015flam\u0131\u015f, h\u0259yat\u0131n\u0131 qurmaq \u00fc\u00e7\u00fcn qar\u015f\u0131da minl\u0259rl\u0259 i\u015f g\u00f6rm\u0259li, m\u0259rh\u0259l\u0259 adlamal\u0131 olan g\u0259nc qad\u0131ndan bunu nec\u0259 t\u0259l\u0259b etm\u0259k m\u00fcmk\u00fcnd\u00fcr? Lap he\u00e7 bunlar olmas\u0131n, \u00f6vlada haz\u0131r olmayan bir insan s\u0131rf qada\u011faya g\u00f6r\u0259 u\u015faq do\u011facaqsa, o u\u015fa\u011f\u0131 nec\u0259 sev\u0259c\u0259k, nec\u0259 qay\u011f\u0131s\u0131na qalacaq?\n<\/p>\n<p>\n  Sonra etiraz aksiyalar\u0131 ba\u015flad\u0131. Bu aksiyalara t\u0259kc\u0259 qad\u0131nlar deyil, b\u00fct\u00fcn cinsl\u0259r qo\u015fuldu. T\u0259bii ki, feminist t\u0259\u015fkilatlar daha s\u0259rt v\u0259 daha parlaq aksiyalara ba\u015flad\u0131lar. M\u0259s\u0259l\u0259n, bu etiraz\u00e7\u0131lardan biri Ba\u015f nazir Erna Sulberq\u0259 kirli alt paltar\u0131 g\u00f6nd\u0259rm\u0259 aksiyas\u0131 ba\u015flatd\u0131. Bu aksiyada mesaj Ba\u015f naziri insanlar\u0131n intim yerl\u0259rin\u0259 burnunu soxmaq c\u0259hdind\u0259n \u00e7\u0259kindirm\u0259k idi. Po\u00e7t paketi al\u0131b, i\u00e7in\u0259 geyilmi\u015f tuman qoyub, z\u0259rfin \u00fcst\u00fcn\u0259 Ba\u015f nazirin ofisinin \u00fcnvan\u0131n\u0131 yazan adamlar sosial mediada bu fotolar\u0131 payla\u015f\u0131r, insanlar\u0131 da bu aksiyaya qo\u015fulma\u011fa d\u0259v\u0259t edirdil\u0259r.\n<\/p>\n<p>\n  Bu qada\u011fa daha \u00e7ox qad\u0131nlar\u0131n h\u00fcquqlar\u0131na z\u0259rb\u0259 olsa da, etiraz t\u0259kc\u0259 qad\u0131nlar\u0131n etiraz\u0131 olmad\u0131. B\u00fct\u00fcn cinsl\u0259r, b\u00fct\u00fcn pe\u015f\u0259 sahibl\u0259ri, siyasi bax\u0131\u015flar\u0131ndan as\u0131l\u0131 olmadan b\u00f6y\u00fck \u00e7oxluq bu qada\u011fa il\u0259 bar\u0131\u015fmad\u0131. \u00c7\u00fcnki \u0259sas prinsip insan haqlar\u0131, insanlar\u0131n \u015f\u0259xsi h\u0259yat\u0131n\u0131n toxunulmazl\u0131\u011f\u0131 idi. \u015e\u0259xsi h\u0259yatlar\u0131na \u00e7ox \u00f6n\u0259m ver\u0259n norve\u00e7lil\u0259r bel\u0259 bir qada\u011fan\u0131 h\u0259zm ed\u0259 bilm\u0259zdil\u0259r. Etm\u0259dil\u0259r d\u0259.\n<\/p>\n<p>\n  N\u0259tic\u0259d\u0259 h\u00f6kum\u0259t geri \u00e7\u0259kildi. Abort qada\u011fas\u0131n\u0131 t\u0259l\u0259b ed\u0259n Xristianlar Partiyas\u0131n\u0131 is\u0259 \u00fcmumiyy\u0259tl\u0259, koalisiyaya almad\u0131lar.\n<\/p>\n<p>\n  Bu hadis\u0259d\u0259 m\u0259ni \u0259n \u00e7ox k\u00f6vr\u0259ld\u0259n ki\u015fil\u0259rin abort qada\u011fas\u0131n\u0131 qad\u0131nlar q\u0259d\u0259r ehtirasla r\u0259dd etm\u0259si oldu. Bu m\u00fcdd\u0259t \u0259rzind\u0259 m\u0259n m\u0259tbuatda, televiziyada, m\u0259kt\u0259bd\u0259, kitabxanada, sosial \u015f\u0259b\u0259k\u0259l\u0259rd\u0259 \u201cQad\u0131n \u00f6z b\u0259d\u0259ni il\u0259 ba\u011fl\u0131 q\u0259rarlar\u0131 ancaq \u00f6z\u00fc ver\u0259 bil\u0259r!\u201d c\u00fcml\u0259sini b\u0259lk\u0259 d\u0259 y\u00fczl\u0259rl\u0259 ki\u015finin dilind\u0259n e\u015fitdim.\n<\/p>\n<p>\n  H\u0259yat\u0131mda ilk d\u0259f\u0259 idi ki, bu q\u0259d\u0259r ki\u015finin dilind\u0259n \u201cBu, qad\u0131n\u0131n \u00f6z i\u015fidir, qar\u0131\u015fa bilm\u0259zsiniz!\u201d e\u015fidirdim. S\u00f6hb\u0259t qad\u0131n haqlar\u0131ndan d\u00fc\u015f\u0259nd\u0259, \u201cnamus\u201d, \u201cmentalitet\u201d, \u201c\u0259n\u0259n\u0259\u201d, \u201cail\u0259 d\u0259y\u0259rl\u0259ri\u201d, \u201cmilli d\u0259y\u0259rl\u0259r\u201d kimi pafosla dolu v\u0259 b\u0259z\u0259n b\u00fct\u00fcn \u0259clafl\u0131qlara haqq qazand\u0131ran s\u00f6zl\u0259ri yox, \u201cqad\u0131n haqlar\u0131\u201d, \u201cqar\u0131\u015fa bilm\u0259zsiniz\u201d kimi s\u00f6zl\u0259r. \u00d6z\u00fc d\u0259 bunu dey\u0259nl\u0259rin ham\u0131s\u0131 he\u00e7 d\u0259 siyas\u0259t\u00e7i, fikir liderl\u0259ri deyildi, m\u0259kt\u0259b m\u00fc\u0259lliml\u0259ri, \u0259m\u0259k\u00e7il\u0259r, s\u0259n\u0259tkarlar &#8211; h\u0259r k\u0259s qad\u0131n\u0131n \u00f6z haqq\u0131 oldu\u011funu q\u0259bul edirdi.\n<\/p>\n<p>\n  B\u0259s biz n\u0259 vaxtsa namus, millilik, \u0259n\u0259n\u0259, mentalitet deyil, sad\u0259c\u0259 qad\u0131n\u0131n \u0259traf\u0131nda birl\u0259\u015fib, onun haqq\u0131na g\u00f6r\u0259 narahat olaca\u011f\u0131qm\u0131? Biz d\u0259 n\u0259 vaxtsa pe\u015f\u0259sind\u0259n as\u0131l\u0131 olmayaraq, ki\u015fil\u0259rimizin bu haqq\u0131 m\u00fcq\u0259dd\u0259s bir \u015fey kimi q\u0259bul etdiyini g\u00f6r\u0259c\u0259yikmi?\n<\/p>\n<p>\n  <i><br \/>\n    <b><br \/>\n      Yaz\u0131 m\u00fc\u0259llifin fikirl\u0259rini \u0259ks etdirir v\u0259 Meydan TV-nin m\u00f6vqeyi il\u0259 \u00fcst-\u00fcst\u0259 d\u00fc\u015fm\u0259y\u0259 bil\u0259r.<br \/>\n    <\/b><br \/>\n  <\/i><\/p>\n","protected":false},"excerpt":{"rendered":"<p>Abort yasa\u011f\u0131na nec\u0259 etiraz etm\u0259li?<\/p>\n","protected":false},"author":11,"featured_media":116568,"comment_status":"closed","ping_status":"open","sticky":false,"template":"","format":"standard","meta":{"_acf_changed":false,"_sitemap_exclude":false,"_sitemap_priority":"","_sitemap_frequency":"","footnotes":""},"categories":[57],"tags":[],"class_list":["post-193673","post","type-post","status-publish","format-standard","has-post-thumbnail","hentry","category-menim-fikrimce","infinite-scroll-item","generate-columns","tablet-grid-50","mobile-grid-100","grid-parent","grid-33","no-featured-image-padding"],"acf":[],"yoast_head":"<!-- This site is optimized with the Yoast SEO plugin v27.4 - https:\/\/yoast.com\/product\/yoast-seo-wordpress\/ -->\n<title>Ba\u015f nazir\u0259 1000 d\u0259n\u0259 alt tuman\u0131 - MEYDAN.TV<\/title>\n<meta name=\"robots\" content=\"index, follow, max-snippet:-1, max-image-preview:large, max-video-preview:-1\" \/>\n<link rel=\"canonical\" href=\"https:\/\/www.meydan.tv\/az\/article\/bas-nazire-1000-dene-alt-tumani\/\" \/>\n<meta property=\"og:locale\" content=\"az_AZ\" \/>\n<meta property=\"og:type\" content=\"article\" \/>\n<meta property=\"og:title\" content=\"Ba\u015f nazir\u0259 1000 d\u0259n\u0259 alt tuman\u0131 - MEYDAN.TV\" \/>\n<meta property=\"og:description\" content=\"Abort yasa\u011f\u0131na nec\u0259 etiraz etm\u0259li?\" \/>\n<meta property=\"og:url\" content=\"https:\/\/www.meydan.tv\/az\/article\/bas-nazire-1000-dene-alt-tumani\/\" \/>\n<meta property=\"og:site_name\" content=\"MEYDAN.TV\" \/>\n<meta property=\"article:published_time\" content=\"2019-01-24T22:09:38+00:00\" \/>\n<meta property=\"og:image\" content=\"https:\/\/www.meydan.tv\/wp-content\/uploads\/46472.jpg\" \/>\n\t<meta property=\"og:image:width\" content=\"2048\" \/>\n\t<meta property=\"og:image:height\" content=\"1365\" \/>\n\t<meta property=\"og:image:type\" content=\"image\/jpeg\" \/>\n<meta name=\"author\" content=\"user-manager\" \/>\n<meta name=\"twitter:card\" content=\"summary_large_image\" \/>\n<script type=\"application\/ld+json\" class=\"yoast-schema-graph\">{\"@context\":\"https:\\\/\\\/schema.org\",\"@graph\":[{\"@type\":\"Article\",\"@id\":\"https:\\\/\\\/www.meydan.tv\\\/az\\\/article\\\/bas-nazire-1000-dene-alt-tumani\\\/#article\",\"isPartOf\":{\"@id\":\"https:\\\/\\\/www.meydan.tv\\\/az\\\/article\\\/bas-nazire-1000-dene-alt-tumani\\\/\"},\"author\":{\"name\":\"user-manager\",\"@id\":\"https:\\\/\\\/www.meydan.tv\\\/az\\\/#\\\/schema\\\/person\\\/10d11eccf6da3662cf5fdab9806ea91a\"},\"headline\":\"Ba\u015f nazir\u0259 1000 d\u0259n\u0259 alt tuman\u0131\",\"datePublished\":\"2019-01-24T22:09:38+00:00\",\"mainEntityOfPage\":{\"@id\":\"https:\\\/\\\/www.meydan.tv\\\/az\\\/article\\\/bas-nazire-1000-dene-alt-tumani\\\/\"},\"wordCount\":955,\"publisher\":{\"@id\":\"https:\\\/\\\/www.meydan.tv\\\/az\\\/#organization\"},\"image\":{\"@id\":\"https:\\\/\\\/www.meydan.tv\\\/az\\\/article\\\/bas-nazire-1000-dene-alt-tumani\\\/#primaryimage\"},\"thumbnailUrl\":\"https:\\\/\\\/www.meydan.tv\\\/wp-content\\\/uploads\\\/46472.jpg\",\"articleSection\":[\"M\u0259nim Fikrimc\u0259\"],\"inLanguage\":\"az\"},{\"@type\":\"WebPage\",\"@id\":\"https:\\\/\\\/www.meydan.tv\\\/az\\\/article\\\/bas-nazire-1000-dene-alt-tumani\\\/\",\"url\":\"https:\\\/\\\/www.meydan.tv\\\/az\\\/article\\\/bas-nazire-1000-dene-alt-tumani\\\/\",\"name\":\"Ba\u015f nazir\u0259 1000 d\u0259n\u0259 alt tuman\u0131 - MEYDAN.TV\",\"isPartOf\":{\"@id\":\"https:\\\/\\\/www.meydan.tv\\\/az\\\/#website\"},\"primaryImageOfPage\":{\"@id\":\"https:\\\/\\\/www.meydan.tv\\\/az\\\/article\\\/bas-nazire-1000-dene-alt-tumani\\\/#primaryimage\"},\"image\":{\"@id\":\"https:\\\/\\\/www.meydan.tv\\\/az\\\/article\\\/bas-nazire-1000-dene-alt-tumani\\\/#primaryimage\"},\"thumbnailUrl\":\"https:\\\/\\\/www.meydan.tv\\\/wp-content\\\/uploads\\\/46472.jpg\",\"datePublished\":\"2019-01-24T22:09:38+00:00\",\"breadcrumb\":{\"@id\":\"https:\\\/\\\/www.meydan.tv\\\/az\\\/article\\\/bas-nazire-1000-dene-alt-tumani\\\/#breadcrumb\"},\"inLanguage\":\"az\",\"potentialAction\":[{\"@type\":\"ReadAction\",\"target\":[\"https:\\\/\\\/www.meydan.tv\\\/az\\\/article\\\/bas-nazire-1000-dene-alt-tumani\\\/\"]}]},{\"@type\":\"ImageObject\",\"inLanguage\":\"az\",\"@id\":\"https:\\\/\\\/www.meydan.tv\\\/az\\\/article\\\/bas-nazire-1000-dene-alt-tumani\\\/#primaryimage\",\"url\":\"https:\\\/\\\/www.meydan.tv\\\/wp-content\\\/uploads\\\/46472.jpg\",\"contentUrl\":\"https:\\\/\\\/www.meydan.tv\\\/wp-content\\\/uploads\\\/46472.jpg\",\"width\":2048,\"height\":1365,\"caption\":\"Source:\"},{\"@type\":\"BreadcrumbList\",\"@id\":\"https:\\\/\\\/www.meydan.tv\\\/az\\\/article\\\/bas-nazire-1000-dene-alt-tumani\\\/#breadcrumb\",\"itemListElement\":[{\"@type\":\"ListItem\",\"position\":1,\"name\":\"Ana s\u0259hif\u0259\",\"item\":\"https:\\\/\\\/www.meydan.tv\\\/az\\\/\"},{\"@type\":\"ListItem\",\"position\":2,\"name\":\"M\u0259nim Fikrimc\u0259\",\"item\":\"https:\\\/\\\/www.meydan.tv\\\/az\\\/section\\\/menim-fikrimce\\\/\"},{\"@type\":\"ListItem\",\"position\":3,\"name\":\"Ba\u015f nazir\u0259 1000 d\u0259n\u0259 alt tuman\u0131\"}]},{\"@type\":\"WebSite\",\"@id\":\"https:\\\/\\\/www.meydan.tv\\\/az\\\/#website\",\"url\":\"https:\\\/\\\/www.meydan.tv\\\/az\\\/\",\"name\":\"MEYDAN.TV\",\"description\":\"Meydan TV Az\u0259rbaycan\u0131n media m\u0259kan\u0131ndak\u0131 alternativ s\u0259sidir\",\"publisher\":{\"@id\":\"https:\\\/\\\/www.meydan.tv\\\/az\\\/#organization\"},\"potentialAction\":[{\"@type\":\"SearchAction\",\"target\":{\"@type\":\"EntryPoint\",\"urlTemplate\":\"https:\\\/\\\/www.meydan.tv\\\/az\\\/?s={search_term_string}\"},\"query-input\":{\"@type\":\"PropertyValueSpecification\",\"valueRequired\":true,\"valueName\":\"search_term_string\"}}],\"inLanguage\":\"az\"},{\"@type\":\"Organization\",\"@id\":\"https:\\\/\\\/www.meydan.tv\\\/az\\\/#organization\",\"name\":\"Meydan TV\",\"url\":\"https:\\\/\\\/www.meydan.tv\\\/az\\\/\",\"logo\":{\"@type\":\"ImageObject\",\"inLanguage\":\"az\",\"@id\":\"https:\\\/\\\/www.meydan.tv\\\/az\\\/#\\\/schema\\\/logo\\\/image\\\/\",\"url\":\"https:\\\/\\\/www.meydan.tv\\\/wp-content\\\/uploads\\\/2021\\\/07\\\/meydan-logo.svg\",\"contentUrl\":\"https:\\\/\\\/www.meydan.tv\\\/wp-content\\\/uploads\\\/2021\\\/07\\\/meydan-logo.svg\",\"width\":195,\"height\":46,\"caption\":\"Meydan TV\"},\"image\":{\"@id\":\"https:\\\/\\\/www.meydan.tv\\\/az\\\/#\\\/schema\\\/logo\\\/image\\\/\"}},{\"@type\":\"Person\",\"@id\":\"https:\\\/\\\/www.meydan.tv\\\/az\\\/#\\\/schema\\\/person\\\/10d11eccf6da3662cf5fdab9806ea91a\",\"name\":\"user-manager\"}]}<\/script>\n<!-- \/ Yoast SEO plugin. -->","yoast_head_json":{"title":"Ba\u015f nazir\u0259 1000 d\u0259n\u0259 alt tuman\u0131 - MEYDAN.TV","robots":{"index":"index","follow":"follow","max-snippet":"max-snippet:-1","max-image-preview":"max-image-preview:large","max-video-preview":"max-video-preview:-1"},"canonical":"https:\/\/www.meydan.tv\/az\/article\/bas-nazire-1000-dene-alt-tumani\/","og_locale":"az_AZ","og_type":"article","og_title":"Ba\u015f nazir\u0259 1000 d\u0259n\u0259 alt tuman\u0131 - MEYDAN.TV","og_description":"Abort yasa\u011f\u0131na nec\u0259 etiraz etm\u0259li?","og_url":"https:\/\/www.meydan.tv\/az\/article\/bas-nazire-1000-dene-alt-tumani\/","og_site_name":"MEYDAN.TV","article_published_time":"2019-01-24T22:09:38+00:00","og_image":[{"width":2048,"height":1365,"url":"https:\/\/www.meydan.tv\/wp-content\/uploads\/46472.jpg","type":"image\/jpeg"}],"author":"user-manager","twitter_card":"summary_large_image","schema":{"@context":"https:\/\/schema.org","@graph":[{"@type":"Article","@id":"https:\/\/www.meydan.tv\/az\/article\/bas-nazire-1000-dene-alt-tumani\/#article","isPartOf":{"@id":"https:\/\/www.meydan.tv\/az\/article\/bas-nazire-1000-dene-alt-tumani\/"},"author":{"name":"user-manager","@id":"https:\/\/www.meydan.tv\/az\/#\/schema\/person\/10d11eccf6da3662cf5fdab9806ea91a"},"headline":"Ba\u015f nazir\u0259 1000 d\u0259n\u0259 alt tuman\u0131","datePublished":"2019-01-24T22:09:38+00:00","mainEntityOfPage":{"@id":"https:\/\/www.meydan.tv\/az\/article\/bas-nazire-1000-dene-alt-tumani\/"},"wordCount":955,"publisher":{"@id":"https:\/\/www.meydan.tv\/az\/#organization"},"image":{"@id":"https:\/\/www.meydan.tv\/az\/article\/bas-nazire-1000-dene-alt-tumani\/#primaryimage"},"thumbnailUrl":"https:\/\/www.meydan.tv\/wp-content\/uploads\/46472.jpg","articleSection":["M\u0259nim Fikrimc\u0259"],"inLanguage":"az"},{"@type":"WebPage","@id":"https:\/\/www.meydan.tv\/az\/article\/bas-nazire-1000-dene-alt-tumani\/","url":"https:\/\/www.meydan.tv\/az\/article\/bas-nazire-1000-dene-alt-tumani\/","name":"Ba\u015f nazir\u0259 1000 d\u0259n\u0259 alt tuman\u0131 - MEYDAN.TV","isPartOf":{"@id":"https:\/\/www.meydan.tv\/az\/#website"},"primaryImageOfPage":{"@id":"https:\/\/www.meydan.tv\/az\/article\/bas-nazire-1000-dene-alt-tumani\/#primaryimage"},"image":{"@id":"https:\/\/www.meydan.tv\/az\/article\/bas-nazire-1000-dene-alt-tumani\/#primaryimage"},"thumbnailUrl":"https:\/\/www.meydan.tv\/wp-content\/uploads\/46472.jpg","datePublished":"2019-01-24T22:09:38+00:00","breadcrumb":{"@id":"https:\/\/www.meydan.tv\/az\/article\/bas-nazire-1000-dene-alt-tumani\/#breadcrumb"},"inLanguage":"az","potentialAction":[{"@type":"ReadAction","target":["https:\/\/www.meydan.tv\/az\/article\/bas-nazire-1000-dene-alt-tumani\/"]}]},{"@type":"ImageObject","inLanguage":"az","@id":"https:\/\/www.meydan.tv\/az\/article\/bas-nazire-1000-dene-alt-tumani\/#primaryimage","url":"https:\/\/www.meydan.tv\/wp-content\/uploads\/46472.jpg","contentUrl":"https:\/\/www.meydan.tv\/wp-content\/uploads\/46472.jpg","width":2048,"height":1365,"caption":"Source:"},{"@type":"BreadcrumbList","@id":"https:\/\/www.meydan.tv\/az\/article\/bas-nazire-1000-dene-alt-tumani\/#breadcrumb","itemListElement":[{"@type":"ListItem","position":1,"name":"Ana s\u0259hif\u0259","item":"https:\/\/www.meydan.tv\/az\/"},{"@type":"ListItem","position":2,"name":"M\u0259nim Fikrimc\u0259","item":"https:\/\/www.meydan.tv\/az\/section\/menim-fikrimce\/"},{"@type":"ListItem","position":3,"name":"Ba\u015f nazir\u0259 1000 d\u0259n\u0259 alt tuman\u0131"}]},{"@type":"WebSite","@id":"https:\/\/www.meydan.tv\/az\/#website","url":"https:\/\/www.meydan.tv\/az\/","name":"MEYDAN.TV","description":"Meydan TV Az\u0259rbaycan\u0131n media m\u0259kan\u0131ndak\u0131 alternativ s\u0259sidir","publisher":{"@id":"https:\/\/www.meydan.tv\/az\/#organization"},"potentialAction":[{"@type":"SearchAction","target":{"@type":"EntryPoint","urlTemplate":"https:\/\/www.meydan.tv\/az\/?s={search_term_string}"},"query-input":{"@type":"PropertyValueSpecification","valueRequired":true,"valueName":"search_term_string"}}],"inLanguage":"az"},{"@type":"Organization","@id":"https:\/\/www.meydan.tv\/az\/#organization","name":"Meydan TV","url":"https:\/\/www.meydan.tv\/az\/","logo":{"@type":"ImageObject","inLanguage":"az","@id":"https:\/\/www.meydan.tv\/az\/#\/schema\/logo\/image\/","url":"https:\/\/www.meydan.tv\/wp-content\/uploads\/2021\/07\/meydan-logo.svg","contentUrl":"https:\/\/www.meydan.tv\/wp-content\/uploads\/2021\/07\/meydan-logo.svg","width":195,"height":46,"caption":"Meydan TV"},"image":{"@id":"https:\/\/www.meydan.tv\/az\/#\/schema\/logo\/image\/"}},{"@type":"Person","@id":"https:\/\/www.meydan.tv\/az\/#\/schema\/person\/10d11eccf6da3662cf5fdab9806ea91a","name":"user-manager"}]}},"_links":{"self":[{"href":"https:\/\/www.meydan.tv\/az\/wp-json\/wp\/v2\/posts\/193673","targetHints":{"allow":["GET"]}}],"collection":[{"href":"https:\/\/www.meydan.tv\/az\/wp-json\/wp\/v2\/posts"}],"about":[{"href":"https:\/\/www.meydan.tv\/az\/wp-json\/wp\/v2\/types\/post"}],"author":[{"embeddable":true,"href":"https:\/\/www.meydan.tv\/az\/wp-json\/wp\/v2\/users\/11"}],"replies":[{"embeddable":true,"href":"https:\/\/www.meydan.tv\/az\/wp-json\/wp\/v2\/comments?post=193673"}],"version-history":[{"count":0,"href":"https:\/\/www.meydan.tv\/az\/wp-json\/wp\/v2\/posts\/193673\/revisions"}],"wp:featuredmedia":[{"embeddable":true,"href":"https:\/\/www.meydan.tv\/az\/wp-json\/wp\/v2\/media\/116568"}],"wp:attachment":[{"href":"https:\/\/www.meydan.tv\/az\/wp-json\/wp\/v2\/media?parent=193673"}],"wp:term":[{"taxonomy":"category","embeddable":true,"href":"https:\/\/www.meydan.tv\/az\/wp-json\/wp\/v2\/categories?post=193673"},{"taxonomy":"post_tag","embeddable":true,"href":"https:\/\/www.meydan.tv\/az\/wp-json\/wp\/v2\/tags?post=193673"}],"curies":[{"name":"wp","href":"https:\/\/api.w.org\/{rel}","templated":true}]}}