{"id":193640,"date":"2019-01-23T15:01:36","date_gmt":"2019-01-23T15:01:36","guid":{"rendered":"https:\/\/www.meydan.tv\/article\/ucem-atasi-bize-hansi-olke-sahib-cixarsa-basimizi-goturub-ora-gedek\/"},"modified":"2019-01-23T15:01:36","modified_gmt":"2019-01-23T15:01:36","slug":"ucem-atasi-bize-hansi-olke-sahib-cixarsa-basimizi-goturub-ora-gedek","status":"publish","type":"post","link":"https:\/\/www.meydan.tv\/az\/article\/ucem-atasi-bize-hansi-olke-sahib-cixarsa-basimizi-goturub-ora-gedek\/","title":{"rendered":"\u00dc\u00e7\u0259m atas\u0131: Biz\u0259 hans\u0131 \u00f6lk\u0259 sahib \u00e7\u0131xarsa, ba\u015f\u0131m\u0131z\u0131 g\u00f6t\u00fcr\u00fcb ora ged\u0259k"},"content":{"rendered":"<p>\n  <i><br \/>\n    &#8221;Anam\u0131n q\u0259pik-quru\u015fluq t\u0259qa\u00fcd\u00fcn\u0259 m\u00f6htac\u0131q&#8221;<br \/>\n  <\/i>\n<\/p>\n<p>\n  Ucar\u0131n Qazyan k\u0259ndinin sakinl\u0259ri \u2013 K\u00f6n\u00fcl v\u0259 \u018fli M\u0259mm\u0259dovlar\u0131n \u00fc\u00e7\u0259m \u00f6vladlar\u0131 d\u00fcnyaya g\u0259lib. Onlar bilmirl\u0259r, bird\u0259n-bir\u0259 3 u\u015faq sahibi olduqlar\u0131na sevinsinl\u0259r, ya \u00fcz\u00fcls\u00fcnl\u0259r. 6 n\u0259f\u0259rlik ail\u0259d\u0259 \u00e7al\u0131\u015fan yoxdur. Yegan\u0259 g\u0259lir, \u018fli M\u0259mm\u0259dovun anas\u0131n\u0131n ald\u0131\u011f\u0131 t\u0259qa\u00fcd v\u0259 \u00fc\u00e7\u0259m u\u015faqlara g\u00f6r\u0259 Ucar Rayon \u0130cra Hakimiyy\u0259tinin verdiyi ayl\u0131q 100 manatd\u0131r. Bunlar birg\u0259 270 manat edir. \u018fli M\u0259mm\u0259dov bu v\u0259saitin 6 n\u0259f\u0259rlik ail\u0259sini 1 h\u0259ft\u0259 idar\u0259 etm\u0259y\u0259 yetdiyini s\u00f6yl\u0259yir. \u00dcst\u0259lik, anas\u0131 \u015f\u0259k\u0259r v\u0259 t\u0259zyiq x\u0259st\u0259sidir.\n<\/p>\n<p>\n  \u201cOnun 170 manatl\u0131q t\u0259qa\u00fcd\u00fcn\u00fc \u0259lind\u0259n ald\u0131\u011f\u0131m\u0131z azm\u0131\u015f kimi, d\u0259rman\u0131n\u0131, iyn\u0259sini d\u0259 \u00e7atd\u0131ra bilmirik. \u0130st\u0259rdim, yax\u015f\u0131 \u00f6vlad olum, anama yax\u015f\u0131 bax\u0131m. N\u0259 yaz\u0131q ki, bu g\u00fcn onun q\u0259pik-quru\u015fluq t\u0259qa\u00fcd\u00fcn\u0259 m\u00f6htacam. N\u0259inki ona baxa bilir\u0259m, \u0259lind\u0259ki q\u0259pik-quru\u015funu da al\u0131ram. \u0130\u015f tapa bilmir\u0259m, yoxsa, i\u015fl\u0259y\u0259r, ail\u0259mi doland\u0131rard\u0131m\u201d.\n<\/p>\n<blockquote><p>\n  \u018flimd\u0259n he\u00e7 n\u0259 g\u0259lm\u0259m\u0259si m\u0259ni \u00e7ox \u00fcz\u00fcr\n<\/p><\/blockquote>\n<p>\n  30 ya\u015fl\u0131 \u018fli M\u0259mm\u0259dovun h\u0259yat yolda\u015f\u0131 K\u00f6n\u00fcl\u00fcn 24 ya\u015f\u0131 var. Deyir, bu d\u0259qiq\u0259 u\u015faqlar\u0131n \u00fc\u00e7\u00fc d\u0259 h\u0259rar\u0259t i\u00e7ind\u0259dir. H\u0259yat yolda\u015f\u0131 is\u0259 onlardan bet\u0259r durumdad\u0131r:\n<\/p>\n<p>\n  \u201cD\u0259li olmaq h\u0259ddind\u0259dir. \u0130nan\u0131n, \u0259limd\u0259n he\u00e7 n\u0259 g\u0259lm\u0259m\u0259si m\u0259ni \u00e7ox \u00fcz\u00fcr. H\u0259kim\u0259 apara bilm\u0259dik. Sa\u011f olsunlar, z\u0259ng etdik, onlar g\u0259lib, baxd\u0131lar. U\u015faqd\u0131r d\u0259, h\u0259r d\u0259qiq\u0259si f\u0259rqlidir. H\u0259l\u0259 bizd\u0259 \u00fc\u00e7d\u00fcr\u201d.\n<\/p>\n<blockquote><p>\n  Sosial yard\u0131m \u00fc\u00e7\u00fcn o q\u0259d\u0259r s\u0259n\u0259d ist\u0259yibl\u0259r ki&#8230;\n<\/p><\/blockquote>\n<p>\n  \u018f. M\u0259mm\u0259dov i\u015fl\u0259mir, he\u00e7 i\u015f tapa da bilmir. Deyir, evl\u0259rin\u0259 ayl\u0131q g\u0259l\u0259n 270 manatla is\u0259 he\u00e7 n\u0259yi \u00e7atd\u0131ra bilmirl\u0259r. Odur ki, ekstra x\u0259rc \u00e7\u0131xanda, qar\u015f\u0131laya bilmirl\u0259r:\n<\/p>\n<figure class=\"wp-block-image size-large\">\n  <img decoding=\"async\" src=\"https:\/\/www.meydan.tv\/az\/116427\/\" alt=\"\" class=\"wp-image-116427\"\/><figcaption><\/figcaption><\/figure>\n<p>\n  \u201cBezi, yem\u0259yi \u00e7atd\u0131ra bilmirik. Geyim bir yana dursun. Qald\u0131, x\u0259st\u0259l\u0259n\u0259nd\u0259 h\u0259kim\u0259 aparmaq. Bu yax\u0131nlarda \u00fcnvanl\u0131 sosial yard\u0131mla ba\u011fl\u0131 iki \u0259riz\u0259 verdim. Cavab g\u0259ldi, g\u0259lm\u0259s\u0259ydi ondan yax\u015f\u0131 idi. O q\u0259d\u0259r s\u0259n\u0259d ist\u0259yirl\u0259r ki&#8230; O s\u0259n\u0259dl\u0259ri toplamaq \u00fc\u00e7\u00fcn el\u0259 500-600 manata ehtiyac var. Biz o pulu haradan alaq? Getdim q\u0259bula, dedil\u0259r ki, \u0259slind\u0259 he\u00e7 siz\u0259 d\u00fc\u015fm\u00fcr d\u0259. Niy\u0259sini soru\u015fdum. Dedil\u0259r, ma\u015f\u0131n\u0131n\u0131z var. Ma\u015f\u0131n\u0131 g\u00f6r\u0259siniz, t\u00f6k\u00fcl\u00fcb-itir. Ancaq deyirl\u0259r, ma\u015f\u0131nd\u0131 d\u0259\u201d.\n<\/p>\n<blockquote><p>\n  Sosial yard\u0131ma g\u00f6r\u0259 toplanacaq s\u0259n\u0259dl\u0259r \u00fc\u00e7\u00fcn pul laz\u0131md\u0131r\n<\/p><\/blockquote>\n<p>\n  30 ya\u015fl\u0131 ata deyir ki, ma\u015f\u0131n\u0131 d\u0259f\u0259l\u0259rl\u0259 satmaq q\u0259rar\u0131na g\u0259lib. Ancaq sonra fikrind\u0259n yay\u0131n\u0131b. S\u0131rf u\u015faqlar\u0131 h\u0259kim\u0259 aparmaq \u00fc\u00e7\u00fcn saxlay\u0131b:\n<\/p>\n<p>\n  \u201cU\u015faqlar\u0131 h\u0259kim\u0259 apar\u0131ram dey\u0259 satmam\u0131\u015fam. Amma g\u00f6r\u00fcn\u00fcr, satmal\u0131 olaca\u011fam. Sosial yard\u0131ma g\u00f6r\u0259 toplanacaq s\u0259n\u0259dl\u0259r \u00fc\u00e7\u00fcn pul laz\u0131md\u0131r. Ma\u015f\u0131n ancaq 600-700 manata ged\u0259r. \u0130ndi bir ne\u00e7\u0259 ayd\u0131r qoymu\u015fam sat\u0131\u015fa, he\u00e7 ad\u0131n\u0131 tutan da yoxdur. Pis g\u00fcnd\u0259dir, kimin n\u0259yin\u0259 laz\u0131md\u0131r? D\u00fczd\u00fcr, m\u0259n\u0259 g\u0259tir biz\u0259 pul ver, dey\u0259n olmay\u0131b. Sad\u0259c\u0259 o q\u0259d\u0259r \u015fey t\u0259l\u0259b edirl\u0259r ki, m\u0259n h\u0259min s\u0259n\u0259dl\u0259ri toplamaq \u00fc\u00e7\u00fcn g\u0259r\u0259k yollarda qalam. Bu \u015feyl\u0259rin d\u0259 he\u00e7 biri havay\u0131 ba\u015fa g\u0259lmir\u201d.\n<\/p>\n<blockquote><p>\n  V\u0259kild\u0259n xahi\u015f ed\u0259c\u0259y\u0259m ki\u2026\n<\/p><\/blockquote>\n<p>\n  \u018fli M\u0259mm\u0259dov a\u011f\u0131r i\u015fd\u0259 d\u0259 \u00e7al\u0131\u015fa bilmir. Deyir, u\u015faq vaxt\u0131 \u00e7ox pis y\u0131x\u0131l\u0131b, aya\u011f\u0131n\u0131n birin\u0259 mil qoyublar. \u0130ndi h\u0259min aya\u011f\u0131n\u0131 yax\u015f\u0131 i\u015fl\u0259d\u0259 bilmir. H\u0259kiml\u0259r a\u011f\u0131r qald\u0131rmaq, \u00e7\u0259tin i\u015fl\u0259rd\u0259 \u00e7al\u0131\u015fma\u011f\u0131 qada\u011fan edibl\u0259r, olmaz:\n<\/p>\n<p>\n  \u201cD\u00fczd\u00fcr, f\u0259hl\u0259lik etdiyim d\u0259 olub, a\u011f\u0131r i\u015f g\u00f6rd\u00fcy\u00fcm d\u0259. Amma daha ed\u0259 bilmir\u0259m. Fiziki g\u00fcc\u00fcm yoxdur. M\u0259n bilmir\u0259m, x\u0259b\u0259rsiz\u0259m, qanunda nec\u0259dir? N\u0259 var qanunda? Biz n\u0259 etm\u0259liyik? Bir az pulum olan kimi ged\u0259c\u0259y\u0259m \u015f\u0259h\u0259r\u0259 bir v\u0259kil var, onunla g\u00f6r\u00fc\u015f\u0259c\u0259y\u0259m. Xahi\u015f ed\u0259c\u0259y\u0259m ki, m\u0259nim ad\u0131mdan xarici d\u00f6vl\u0259tl\u0259r\u0259 m\u00fcraci\u0259t etsin. G\u00f6r\u0259k biz\u0259 hans\u0131 \u00f6lk\u0259 sahib \u00e7\u0131xarsa, ba\u015f\u0131m\u0131z\u0131 g\u00f6t\u00fcr\u00fcb ora ged\u0259k\u201d.\n<\/p>\n<blockquote><p>\n  Nec\u0259 b\u00f6y\u00fcd\u0259k bu u\u015faqlar\u0131?\n<\/p><\/blockquote>\n<p>\n  Ail\u0259 kommunal x\u0259rcl\u0259rini d\u0259 \u00e7atd\u0131r\u0131b, \u00f6d\u0259y\u0259 bilmir. Ayl\u0131q g\u0259lirl\u0259ri yem\u0259kl\u0259rin\u0259 v\u0259 t\u0259m\u0259l ehtiyaclar\u0131na g\u00fcc-b\u0259la il\u0259 yetir:\n<\/p>\n<figure class=\"wp-block-image size-large\">\n  <img decoding=\"async\" src=\"https:\/\/www.meydan.tv\/az\/116421\/\" alt=\"\" class=\"wp-image-116421\"\/><figcaption><\/figcaption><\/figure>\n<p>\n  \u201cB\u0259z\u0259n he\u00e7 \u00e7atm\u0131r. \u0130\u015f\u0131\u011fa, qaza haradan al\u0131b ver\u0259k? Soyuqdan donmamaq \u00fc\u00e7\u00fcn odun sobas\u0131 qoymu\u015fuq. Ki\u00e7ik bir m\u0259tb\u0259xtd\u0259 oturub, dururuq. U\u015faqlar\u0131 da orada saxlay\u0131r\u0131q. N\u0259 ed\u0259k, ba\u015fqa \u00e7ar\u0259miz yoxdur ax\u0131. Evimizi g\u00f6r\u00fcn, t\u00f6k\u00fcl\u00fcb, itir. Babadan qalmad\u0131r. Yen\u0259 bunu birt\u0259h\u0259r yola verm\u0259k olur, k\u00f6hn\u0259 d\u0259 olsa, ya\u015famaq olur. B\u0259s qalan\u0131n\u0131 n\u0259 ed\u0259k? Nec\u0259 b\u00f6y\u00fcd\u0259k bu u\u015faqlar\u0131?\u201d &#8211; dey\u0259, \u018fli M\u0259mm\u0259dov sual edir.\n<\/p>\n<blockquote><p>\n  Ail\u0259 onlara deyil\u0259n s\u0259n\u0259dl\u0259rl\u0259 b\u0259rab\u0259r idar\u0259y\u0259 m\u00fcraci\u0259t etm\u0259lidir\n<\/p><\/blockquote>\n<p>\n  Meydan TV m\u0259s\u0259l\u0259y\u0259 m\u00fcnasib\u0259t \u00f6yr\u0259nm\u0259k \u00fc\u00e7\u00fcn Ucar Rayon \u0130cra Hakimiyy\u0259ti il\u0259 \u0259laq\u0259 saxlay\u0131b. \u0130cra hakimiyy\u0259tind\u0259n ail\u0259y\u0259 d\u0259st\u0259k olduqlar\u0131 s\u00f6yl\u0259nib:\n<\/p>\n<p>\n  \u201cBiz \u0259limizd\u0259n g\u0259l\u0259n d\u0259st\u0259yi g\u00f6st\u0259ririk. Bundan art\u0131\u011f\u0131n\u0131 etm\u0259k icra hakimiyy\u0259ti s\u0259lahiyy\u0259tind\u0259 deyil\u201d.\n<\/p>\n<p>\n  Ucar Rayon Sosial M\u00fcdafi\u0259 Fondundan is\u0259 bildiribl\u0259r ki, ail\u0259 onlara deyil\u0259n s\u0259n\u0259dl\u0259rl\u0259 b\u0259rab\u0259r idar\u0259y\u0259 m\u00fcraci\u0259t etm\u0259lidir. Bunu elektron qaydada da ed\u0259 bil\u0259rl\u0259r:<br \/>\n  <br \/>\n  \u201cDeyil\u0259n s\u0259n\u0259dl\u0259r laz\u0131m olanlard\u0131r. Onlar\u0131 toplay\u0131b, m\u00fcraci\u0259t etm\u0259lidirl\u0259r. Ayd\u0131n olmayan bir \u015fey varsa, yax\u0131nla\u015f\u0131b soru\u015fa da bil\u0259rl\u0259r\u201d.<\/p>\n","protected":false},"excerpt":{"rendered":"<p>&#8221;Anam\u0131n q\u0259pik-quru\u015fluq t\u0259qa\u00fcd\u00fcn\u0259 m\u00f6htac\u0131q&#8221;<\/p>\n","protected":false},"author":11,"featured_media":116418,"comment_status":"closed","ping_status":"open","sticky":false,"template":"","format":"standard","meta":{"_acf_changed":false,"_sitemap_exclude":false,"_sitemap_priority":"","_sitemap_frequency":"","footnotes":""},"categories":[60],"tags":[],"class_list":["post-193640","post","type-post","status-publish","format-standard","has-post-thumbnail","hentry","category-bolge","infinite-scroll-item","generate-columns","tablet-grid-50","mobile-grid-100","grid-parent","grid-33","no-featured-image-padding"],"acf":[],"yoast_head":"<!-- This site is optimized with the Yoast SEO plugin v27.4 - https:\/\/yoast.com\/product\/yoast-seo-wordpress\/ -->\n<title>\u00dc\u00e7\u0259m atas\u0131: Biz\u0259 hans\u0131 \u00f6lk\u0259 sahib \u00e7\u0131xarsa, ba\u015f\u0131m\u0131z\u0131 g\u00f6t\u00fcr\u00fcb ora ged\u0259k - MEYDAN.TV<\/title>\n<meta name=\"robots\" content=\"index, follow, max-snippet:-1, max-image-preview:large, max-video-preview:-1\" \/>\n<link rel=\"canonical\" href=\"https:\/\/www.meydan.tv\/az\/article\/ucem-atasi-bize-hansi-olke-sahib-cixarsa-basimizi-goturub-ora-gedek\/\" \/>\n<meta property=\"og:locale\" content=\"az_AZ\" \/>\n<meta property=\"og:type\" content=\"article\" \/>\n<meta property=\"og:title\" content=\"\u00dc\u00e7\u0259m atas\u0131: Biz\u0259 hans\u0131 \u00f6lk\u0259 sahib \u00e7\u0131xarsa, ba\u015f\u0131m\u0131z\u0131 g\u00f6t\u00fcr\u00fcb ora ged\u0259k - MEYDAN.TV\" \/>\n<meta property=\"og:description\" content=\"&#039;&#039;Anam\u0131n q\u0259pik-quru\u015fluq t\u0259qa\u00fcd\u00fcn\u0259 m\u00f6htac\u0131q&#039;&#039;\" \/>\n<meta property=\"og:url\" content=\"https:\/\/www.meydan.tv\/az\/article\/ucem-atasi-bize-hansi-olke-sahib-cixarsa-basimizi-goturub-ora-gedek\/\" \/>\n<meta property=\"og:site_name\" content=\"MEYDAN.TV\" \/>\n<meta property=\"article:published_time\" content=\"2019-01-23T15:01:36+00:00\" \/>\n<meta property=\"og:image\" content=\"https:\/\/www.meydan.tv\/wp-content\/uploads\/46421-scaled.jpg\" \/>\n\t<meta property=\"og:image:width\" content=\"2560\" \/>\n\t<meta property=\"og:image:height\" content=\"1440\" \/>\n\t<meta property=\"og:image:type\" content=\"image\/jpeg\" \/>\n<meta name=\"author\" content=\"user-manager\" \/>\n<meta name=\"twitter:card\" content=\"summary_large_image\" \/>\n<script type=\"application\/ld+json\" class=\"yoast-schema-graph\">{\"@context\":\"https:\\\/\\\/schema.org\",\"@graph\":[{\"@type\":\"Article\",\"@id\":\"https:\\\/\\\/www.meydan.tv\\\/az\\\/article\\\/ucem-atasi-bize-hansi-olke-sahib-cixarsa-basimizi-goturub-ora-gedek\\\/#article\",\"isPartOf\":{\"@id\":\"https:\\\/\\\/www.meydan.tv\\\/az\\\/article\\\/ucem-atasi-bize-hansi-olke-sahib-cixarsa-basimizi-goturub-ora-gedek\\\/\"},\"author\":{\"name\":\"user-manager\",\"@id\":\"https:\\\/\\\/www.meydan.tv\\\/az\\\/#\\\/schema\\\/person\\\/10d11eccf6da3662cf5fdab9806ea91a\"},\"headline\":\"\u00dc\u00e7\u0259m atas\u0131: Biz\u0259 hans\u0131 \u00f6lk\u0259 sahib \u00e7\u0131xarsa, ba\u015f\u0131m\u0131z\u0131 g\u00f6t\u00fcr\u00fcb ora ged\u0259k\",\"datePublished\":\"2019-01-23T15:01:36+00:00\",\"mainEntityOfPage\":{\"@id\":\"https:\\\/\\\/www.meydan.tv\\\/az\\\/article\\\/ucem-atasi-bize-hansi-olke-sahib-cixarsa-basimizi-goturub-ora-gedek\\\/\"},\"wordCount\":1097,\"publisher\":{\"@id\":\"https:\\\/\\\/www.meydan.tv\\\/az\\\/#organization\"},\"image\":{\"@id\":\"https:\\\/\\\/www.meydan.tv\\\/az\\\/article\\\/ucem-atasi-bize-hansi-olke-sahib-cixarsa-basimizi-goturub-ora-gedek\\\/#primaryimage\"},\"thumbnailUrl\":\"https:\\\/\\\/www.meydan.tv\\\/wp-content\\\/uploads\\\/46421-scaled.jpg\",\"articleSection\":[\"B\u00f6lg\u0259\"],\"inLanguage\":\"az\"},{\"@type\":\"WebPage\",\"@id\":\"https:\\\/\\\/www.meydan.tv\\\/az\\\/article\\\/ucem-atasi-bize-hansi-olke-sahib-cixarsa-basimizi-goturub-ora-gedek\\\/\",\"url\":\"https:\\\/\\\/www.meydan.tv\\\/az\\\/article\\\/ucem-atasi-bize-hansi-olke-sahib-cixarsa-basimizi-goturub-ora-gedek\\\/\",\"name\":\"\u00dc\u00e7\u0259m atas\u0131: Biz\u0259 hans\u0131 \u00f6lk\u0259 sahib \u00e7\u0131xarsa, ba\u015f\u0131m\u0131z\u0131 g\u00f6t\u00fcr\u00fcb ora ged\u0259k - MEYDAN.TV\",\"isPartOf\":{\"@id\":\"https:\\\/\\\/www.meydan.tv\\\/az\\\/#website\"},\"primaryImageOfPage\":{\"@id\":\"https:\\\/\\\/www.meydan.tv\\\/az\\\/article\\\/ucem-atasi-bize-hansi-olke-sahib-cixarsa-basimizi-goturub-ora-gedek\\\/#primaryimage\"},\"image\":{\"@id\":\"https:\\\/\\\/www.meydan.tv\\\/az\\\/article\\\/ucem-atasi-bize-hansi-olke-sahib-cixarsa-basimizi-goturub-ora-gedek\\\/#primaryimage\"},\"thumbnailUrl\":\"https:\\\/\\\/www.meydan.tv\\\/wp-content\\\/uploads\\\/46421-scaled.jpg\",\"datePublished\":\"2019-01-23T15:01:36+00:00\",\"breadcrumb\":{\"@id\":\"https:\\\/\\\/www.meydan.tv\\\/az\\\/article\\\/ucem-atasi-bize-hansi-olke-sahib-cixarsa-basimizi-goturub-ora-gedek\\\/#breadcrumb\"},\"inLanguage\":\"az\",\"potentialAction\":[{\"@type\":\"ReadAction\",\"target\":[\"https:\\\/\\\/www.meydan.tv\\\/az\\\/article\\\/ucem-atasi-bize-hansi-olke-sahib-cixarsa-basimizi-goturub-ora-gedek\\\/\"]}]},{\"@type\":\"ImageObject\",\"inLanguage\":\"az\",\"@id\":\"https:\\\/\\\/www.meydan.tv\\\/az\\\/article\\\/ucem-atasi-bize-hansi-olke-sahib-cixarsa-basimizi-goturub-ora-gedek\\\/#primaryimage\",\"url\":\"https:\\\/\\\/www.meydan.tv\\\/wp-content\\\/uploads\\\/46421-scaled.jpg\",\"contentUrl\":\"https:\\\/\\\/www.meydan.tv\\\/wp-content\\\/uploads\\\/46421-scaled.jpg\",\"width\":2560,\"height\":1440,\"caption\":\"Source:\"},{\"@type\":\"BreadcrumbList\",\"@id\":\"https:\\\/\\\/www.meydan.tv\\\/az\\\/article\\\/ucem-atasi-bize-hansi-olke-sahib-cixarsa-basimizi-goturub-ora-gedek\\\/#breadcrumb\",\"itemListElement\":[{\"@type\":\"ListItem\",\"position\":1,\"name\":\"Ana s\u0259hif\u0259\",\"item\":\"https:\\\/\\\/www.meydan.tv\\\/az\\\/\"},{\"@type\":\"ListItem\",\"position\":2,\"name\":\"B\u00f6lg\u0259\",\"item\":\"https:\\\/\\\/www.meydan.tv\\\/az\\\/section\\\/bolge\\\/\"},{\"@type\":\"ListItem\",\"position\":3,\"name\":\"\u00dc\u00e7\u0259m atas\u0131: Biz\u0259 hans\u0131 \u00f6lk\u0259 sahib \u00e7\u0131xarsa, ba\u015f\u0131m\u0131z\u0131 g\u00f6t\u00fcr\u00fcb ora ged\u0259k\"}]},{\"@type\":\"WebSite\",\"@id\":\"https:\\\/\\\/www.meydan.tv\\\/az\\\/#website\",\"url\":\"https:\\\/\\\/www.meydan.tv\\\/az\\\/\",\"name\":\"MEYDAN.TV\",\"description\":\"Meydan TV Az\u0259rbaycan\u0131n media m\u0259kan\u0131ndak\u0131 alternativ s\u0259sidir\",\"publisher\":{\"@id\":\"https:\\\/\\\/www.meydan.tv\\\/az\\\/#organization\"},\"potentialAction\":[{\"@type\":\"SearchAction\",\"target\":{\"@type\":\"EntryPoint\",\"urlTemplate\":\"https:\\\/\\\/www.meydan.tv\\\/az\\\/?s={search_term_string}\"},\"query-input\":{\"@type\":\"PropertyValueSpecification\",\"valueRequired\":true,\"valueName\":\"search_term_string\"}}],\"inLanguage\":\"az\"},{\"@type\":\"Organization\",\"@id\":\"https:\\\/\\\/www.meydan.tv\\\/az\\\/#organization\",\"name\":\"Meydan TV\",\"url\":\"https:\\\/\\\/www.meydan.tv\\\/az\\\/\",\"logo\":{\"@type\":\"ImageObject\",\"inLanguage\":\"az\",\"@id\":\"https:\\\/\\\/www.meydan.tv\\\/az\\\/#\\\/schema\\\/logo\\\/image\\\/\",\"url\":\"https:\\\/\\\/www.meydan.tv\\\/wp-content\\\/uploads\\\/2021\\\/07\\\/meydan-logo.svg\",\"contentUrl\":\"https:\\\/\\\/www.meydan.tv\\\/wp-content\\\/uploads\\\/2021\\\/07\\\/meydan-logo.svg\",\"width\":195,\"height\":46,\"caption\":\"Meydan TV\"},\"image\":{\"@id\":\"https:\\\/\\\/www.meydan.tv\\\/az\\\/#\\\/schema\\\/logo\\\/image\\\/\"}},{\"@type\":\"Person\",\"@id\":\"https:\\\/\\\/www.meydan.tv\\\/az\\\/#\\\/schema\\\/person\\\/10d11eccf6da3662cf5fdab9806ea91a\",\"name\":\"user-manager\"}]}<\/script>\n<!-- \/ Yoast SEO plugin. -->","yoast_head_json":{"title":"\u00dc\u00e7\u0259m atas\u0131: Biz\u0259 hans\u0131 \u00f6lk\u0259 sahib \u00e7\u0131xarsa, ba\u015f\u0131m\u0131z\u0131 g\u00f6t\u00fcr\u00fcb ora ged\u0259k - MEYDAN.TV","robots":{"index":"index","follow":"follow","max-snippet":"max-snippet:-1","max-image-preview":"max-image-preview:large","max-video-preview":"max-video-preview:-1"},"canonical":"https:\/\/www.meydan.tv\/az\/article\/ucem-atasi-bize-hansi-olke-sahib-cixarsa-basimizi-goturub-ora-gedek\/","og_locale":"az_AZ","og_type":"article","og_title":"\u00dc\u00e7\u0259m atas\u0131: Biz\u0259 hans\u0131 \u00f6lk\u0259 sahib \u00e7\u0131xarsa, ba\u015f\u0131m\u0131z\u0131 g\u00f6t\u00fcr\u00fcb ora ged\u0259k - MEYDAN.TV","og_description":"''Anam\u0131n q\u0259pik-quru\u015fluq t\u0259qa\u00fcd\u00fcn\u0259 m\u00f6htac\u0131q''","og_url":"https:\/\/www.meydan.tv\/az\/article\/ucem-atasi-bize-hansi-olke-sahib-cixarsa-basimizi-goturub-ora-gedek\/","og_site_name":"MEYDAN.TV","article_published_time":"2019-01-23T15:01:36+00:00","og_image":[{"width":2560,"height":1440,"url":"https:\/\/www.meydan.tv\/wp-content\/uploads\/46421-scaled.jpg","type":"image\/jpeg"}],"author":"user-manager","twitter_card":"summary_large_image","schema":{"@context":"https:\/\/schema.org","@graph":[{"@type":"Article","@id":"https:\/\/www.meydan.tv\/az\/article\/ucem-atasi-bize-hansi-olke-sahib-cixarsa-basimizi-goturub-ora-gedek\/#article","isPartOf":{"@id":"https:\/\/www.meydan.tv\/az\/article\/ucem-atasi-bize-hansi-olke-sahib-cixarsa-basimizi-goturub-ora-gedek\/"},"author":{"name":"user-manager","@id":"https:\/\/www.meydan.tv\/az\/#\/schema\/person\/10d11eccf6da3662cf5fdab9806ea91a"},"headline":"\u00dc\u00e7\u0259m atas\u0131: Biz\u0259 hans\u0131 \u00f6lk\u0259 sahib \u00e7\u0131xarsa, ba\u015f\u0131m\u0131z\u0131 g\u00f6t\u00fcr\u00fcb ora ged\u0259k","datePublished":"2019-01-23T15:01:36+00:00","mainEntityOfPage":{"@id":"https:\/\/www.meydan.tv\/az\/article\/ucem-atasi-bize-hansi-olke-sahib-cixarsa-basimizi-goturub-ora-gedek\/"},"wordCount":1097,"publisher":{"@id":"https:\/\/www.meydan.tv\/az\/#organization"},"image":{"@id":"https:\/\/www.meydan.tv\/az\/article\/ucem-atasi-bize-hansi-olke-sahib-cixarsa-basimizi-goturub-ora-gedek\/#primaryimage"},"thumbnailUrl":"https:\/\/www.meydan.tv\/wp-content\/uploads\/46421-scaled.jpg","articleSection":["B\u00f6lg\u0259"],"inLanguage":"az"},{"@type":"WebPage","@id":"https:\/\/www.meydan.tv\/az\/article\/ucem-atasi-bize-hansi-olke-sahib-cixarsa-basimizi-goturub-ora-gedek\/","url":"https:\/\/www.meydan.tv\/az\/article\/ucem-atasi-bize-hansi-olke-sahib-cixarsa-basimizi-goturub-ora-gedek\/","name":"\u00dc\u00e7\u0259m atas\u0131: Biz\u0259 hans\u0131 \u00f6lk\u0259 sahib \u00e7\u0131xarsa, ba\u015f\u0131m\u0131z\u0131 g\u00f6t\u00fcr\u00fcb ora ged\u0259k - MEYDAN.TV","isPartOf":{"@id":"https:\/\/www.meydan.tv\/az\/#website"},"primaryImageOfPage":{"@id":"https:\/\/www.meydan.tv\/az\/article\/ucem-atasi-bize-hansi-olke-sahib-cixarsa-basimizi-goturub-ora-gedek\/#primaryimage"},"image":{"@id":"https:\/\/www.meydan.tv\/az\/article\/ucem-atasi-bize-hansi-olke-sahib-cixarsa-basimizi-goturub-ora-gedek\/#primaryimage"},"thumbnailUrl":"https:\/\/www.meydan.tv\/wp-content\/uploads\/46421-scaled.jpg","datePublished":"2019-01-23T15:01:36+00:00","breadcrumb":{"@id":"https:\/\/www.meydan.tv\/az\/article\/ucem-atasi-bize-hansi-olke-sahib-cixarsa-basimizi-goturub-ora-gedek\/#breadcrumb"},"inLanguage":"az","potentialAction":[{"@type":"ReadAction","target":["https:\/\/www.meydan.tv\/az\/article\/ucem-atasi-bize-hansi-olke-sahib-cixarsa-basimizi-goturub-ora-gedek\/"]}]},{"@type":"ImageObject","inLanguage":"az","@id":"https:\/\/www.meydan.tv\/az\/article\/ucem-atasi-bize-hansi-olke-sahib-cixarsa-basimizi-goturub-ora-gedek\/#primaryimage","url":"https:\/\/www.meydan.tv\/wp-content\/uploads\/46421-scaled.jpg","contentUrl":"https:\/\/www.meydan.tv\/wp-content\/uploads\/46421-scaled.jpg","width":2560,"height":1440,"caption":"Source:"},{"@type":"BreadcrumbList","@id":"https:\/\/www.meydan.tv\/az\/article\/ucem-atasi-bize-hansi-olke-sahib-cixarsa-basimizi-goturub-ora-gedek\/#breadcrumb","itemListElement":[{"@type":"ListItem","position":1,"name":"Ana s\u0259hif\u0259","item":"https:\/\/www.meydan.tv\/az\/"},{"@type":"ListItem","position":2,"name":"B\u00f6lg\u0259","item":"https:\/\/www.meydan.tv\/az\/section\/bolge\/"},{"@type":"ListItem","position":3,"name":"\u00dc\u00e7\u0259m atas\u0131: Biz\u0259 hans\u0131 \u00f6lk\u0259 sahib \u00e7\u0131xarsa, ba\u015f\u0131m\u0131z\u0131 g\u00f6t\u00fcr\u00fcb ora ged\u0259k"}]},{"@type":"WebSite","@id":"https:\/\/www.meydan.tv\/az\/#website","url":"https:\/\/www.meydan.tv\/az\/","name":"MEYDAN.TV","description":"Meydan TV Az\u0259rbaycan\u0131n media m\u0259kan\u0131ndak\u0131 alternativ s\u0259sidir","publisher":{"@id":"https:\/\/www.meydan.tv\/az\/#organization"},"potentialAction":[{"@type":"SearchAction","target":{"@type":"EntryPoint","urlTemplate":"https:\/\/www.meydan.tv\/az\/?s={search_term_string}"},"query-input":{"@type":"PropertyValueSpecification","valueRequired":true,"valueName":"search_term_string"}}],"inLanguage":"az"},{"@type":"Organization","@id":"https:\/\/www.meydan.tv\/az\/#organization","name":"Meydan TV","url":"https:\/\/www.meydan.tv\/az\/","logo":{"@type":"ImageObject","inLanguage":"az","@id":"https:\/\/www.meydan.tv\/az\/#\/schema\/logo\/image\/","url":"https:\/\/www.meydan.tv\/wp-content\/uploads\/2021\/07\/meydan-logo.svg","contentUrl":"https:\/\/www.meydan.tv\/wp-content\/uploads\/2021\/07\/meydan-logo.svg","width":195,"height":46,"caption":"Meydan TV"},"image":{"@id":"https:\/\/www.meydan.tv\/az\/#\/schema\/logo\/image\/"}},{"@type":"Person","@id":"https:\/\/www.meydan.tv\/az\/#\/schema\/person\/10d11eccf6da3662cf5fdab9806ea91a","name":"user-manager"}]}},"_links":{"self":[{"href":"https:\/\/www.meydan.tv\/az\/wp-json\/wp\/v2\/posts\/193640","targetHints":{"allow":["GET"]}}],"collection":[{"href":"https:\/\/www.meydan.tv\/az\/wp-json\/wp\/v2\/posts"}],"about":[{"href":"https:\/\/www.meydan.tv\/az\/wp-json\/wp\/v2\/types\/post"}],"author":[{"embeddable":true,"href":"https:\/\/www.meydan.tv\/az\/wp-json\/wp\/v2\/users\/11"}],"replies":[{"embeddable":true,"href":"https:\/\/www.meydan.tv\/az\/wp-json\/wp\/v2\/comments?post=193640"}],"version-history":[{"count":0,"href":"https:\/\/www.meydan.tv\/az\/wp-json\/wp\/v2\/posts\/193640\/revisions"}],"wp:featuredmedia":[{"embeddable":true,"href":"https:\/\/www.meydan.tv\/az\/wp-json\/wp\/v2\/media\/116418"}],"wp:attachment":[{"href":"https:\/\/www.meydan.tv\/az\/wp-json\/wp\/v2\/media?parent=193640"}],"wp:term":[{"taxonomy":"category","embeddable":true,"href":"https:\/\/www.meydan.tv\/az\/wp-json\/wp\/v2\/categories?post=193640"},{"taxonomy":"post_tag","embeddable":true,"href":"https:\/\/www.meydan.tv\/az\/wp-json\/wp\/v2\/tags?post=193640"}],"curies":[{"name":"wp","href":"https:\/\/api.w.org\/{rel}","templated":true}]}}