{"id":193627,"date":"2019-01-22T19:06:33","date_gmt":"2019-01-22T19:06:33","guid":{"rendered":"https:\/\/www.meydan.tv\/article\/azerbaycan-genc-ateistlerine-aciq-mektub\/"},"modified":"2019-01-22T19:06:33","modified_gmt":"2019-01-22T19:06:33","slug":"azerbaycan-genc-ateistlerine-aciq-mektub","status":"publish","type":"post","link":"https:\/\/www.meydan.tv\/az\/article\/azerbaycan-genc-ateistlerine-aciq-mektub\/","title":{"rendered":"Az\u0259rbaycan g\u0259nc ateistl\u0259rin\u0259 a\u00e7\u0131q m\u0259ktub"},"content":{"rendered":"<figure class=\"wp-block-image size-large\">\n  <img decoding=\"async\" src=\"https:\/\/www.meydan.tv\/az\/agalar-qut-2\/\" alt=\"A\u011falar Qut\" class=\"wp-image-114612\"\/><figcaption>\n    A\u011falar Qut<br \/>\n  <\/figcaption><\/figure>\n<p>\n  Ateizminiz ancaq t\u0259bi\u0259t elml\u0259rind\u0259n \u00e7\u0131x\u0131\u015f etm\u0259m\u0259lidir. \u018fks halda, ateizm sizi m\u0259hdud elm\u00e7iliy\u0259 yuvarlaya bil\u0259r. Elm\u00e7ilik \u2013 din\u00e7ilik kimi yanl\u0131\u015f yollardan biridir. \u018fslind\u0259 d\u00fcnyada bir elm var \u2013 o, \u201cfilosofia\u201dd\u0131r. Biz m\u00fcs\u0259lman \u0259r\u0259bin a\u011fz\u0131yla \u201cf\u0259ls\u0259f\u0259\u201d (\u201cfalsafa\u201d) yox, q\u0259dim yunanca orijinall\u0131\u011f\u0131yla \u201cfilosofia\u201d dem\u0259li v\u0259 yazmal\u0131y\u0131q. Platondan ta Hegel\u0259d\u0259k \u201celm\u201d dedikd\u0259 filosofia ba\u015fa d\u00fc\u015f\u00fcl\u00fcrd\u00fc, ancaq son 150-200 ild\u0259 \u201celm\u201d dey\u0259rk\u0259n, fizika, biologiya, sosiologiya kimi ayr\u0131-ayr\u0131 elm sah\u0259l\u0259ri ba\u015fa d\u00fc\u015f\u00fclm\u0259kd\u0259dir. Filosofia \u2013 bilm\u0259k ist\u0259yidir. B\u0259\u015f\u0259r n\u0259yi bilm\u0259k ist\u0259yir? \u2013 H\u0259r \u015feyi! Bunun m\u00fcqabilind\u0259 fizika, biologiya, sosiologiya kimi elm sah\u0259l\u0259ri n\u0259yi bilm\u0259k ist\u0259yir? \u2013 Kosmik m\u0259saf\u0259, qan t\u0259zyiqi, d\u0259b v\u0259 s. bu kimi m\u0259kanda v\u0259 zamanda yerl\u0259\u015f\u0259n, t\u0259cr\u00fcb\u0259 edil\u0259 bil\u0259n, \u00f6l\u00e7\u00fcl\u0259 bil\u0259n, bir s\u00f6zl\u0259, pozitiv (ingilisc\u0259 \u201cto posit\u201dd\u0259n \u2013 qoyulu, yaxud verili olan, qar\u015f\u0131m\u0131zda bulunan) parametrl\u0259ri v\u0259 onlar\u0131n d\u0259yi\u015fm\u0259l\u0259rini. Bu s\u0259b\u0259bd\u0259n m\u00fcasir elm anlay\u0131\u015f\u0131na \u201cpozitivist elm\u201d d\u0259 deyilir. M\u00fcasir elml\u0259r filosofian\u0131n pozitivizml\u0259 r\u0259nd\u0259l\u0259nm\u0259sind\u0259n yaranm\u0131\u015flar.\n<\/p>\n<p>\n  Pozitivist elm m\u00f6vcudat\u0131n ancaq m\u0259kanda v\u0259 zamanda yerl\u0259\u015f\u0259n, ancaq t\u0259cr\u00fcb\u0259 edil\u0259 bil\u0259n, ancaq \u00f6l\u00e7\u00fcl\u0259 bil\u0259n hiss\u0259sini bilm\u0259y\u0259 layiq say\u0131b, bunlar\u0131n o tay\u0131nda qalan varl\u0131\u011f\u0131 dinin ixtiyar\u0131na v\u0259 iqtidar\u0131na buraxm\u0131\u015f olur, bununla da m\u00f6vhumat\u0131 ya\u015fad\u0131r v\u0259 geni\u015fl\u0259ndirir. M\u00f6vhumat\u0131 ya\u015fadan v\u0259 geni\u015fl\u0259ndir\u0259n \u2013 ba\u015fda fizika olmaqla el\u0259 t\u0259bi\u0259t elml\u0259rinin \u00f6z\u00fcd\u00fcr. Bu, elmin pozitivist metodologiyas\u0131ndan ir\u0259li g\u0259lir. Kils\u0259 t\u0259r\u0259find\u0259n \u00f6l\u00fcm\u0259 m\u0259hkum edil\u0259n brunolar\u0131n, \u00f6l\u00fcml\u0259 h\u0259d\u0259l\u0259n\u0259n qalileyl\u0259rin varisl\u0259ri dinin \u0259razil\u0259rin\u0259 burnunu soxmayan elm modeli haz\u0131rlad\u0131lar.\n<\/p>\n<p>\n  Siz filosofluq ets\u0259niz, dindarlar sizi oxuyacaq v\u0259 qulaq asacaqlar; yox, elm\u00e7i, t\u0259cr\u00fcb\u0259\u00e7i, pozitivist olsan\u0131z, onlar sizi cahil sayacaqlar. \u00c7\u00fcnki dinin inand\u0131\u011f\u0131 allah \u2013 dindarlar \u00f6zl\u0259ri bunu b\u0259lk\u0259 bilm\u0259s\u0259l\u0259r d\u0259 \u2013 elml\u0259rin baxd\u0131\u011f\u0131 yox, \u00fcz d\u00f6nd\u0259rdiyi sferadad\u0131r. Dindar aliml\u0259 yox, filosofla eyni y\u00f6n\u0259 bax\u0131r. Dindar \u00fc\u00e7\u00fcn alimin \u201cAllah\u0131 g\u00f6rm\u00fcr\u0259m\u201dind\u0259n, filosofun \u201cAllah\u0131 g\u00f6rm\u00fcr\u0259m\u201di daha sars\u0131d\u0131c\u0131 x\u0259b\u0259rdir.\n<\/p>\n<p>\n  \u201cQuran\u201d, \u201c\u0130ncil\u201d kimi m\u0259lum din kitablar\u0131n\u0131n if\u015fas\u0131 \u2013 h\u0259l\u0259 allah\u0131n m\u00f6vcud olmad\u0131\u011f\u0131n\u0131n s\u00fcbutu deyildir. Allaha do\u011fru\u00e7u inanan birisi bel\u0259 dey\u0259 bil\u0259rdi, yaxud dey\u0259 bilm\u0259lidir: \u201cApar\u0131n \u201cQuran\u201dda, \u201c\u0130ncil\u201dd\u0259 v\u0259 ba\u015fqalar\u0131nda yaz\u0131lanlar\u0131 tullay\u0131n, m\u0259n yen\u0259 d\u0259 Allaha inan\u0131ram!\u201d S\u0131ravi m\u00fcs\u0259lmanlar\u0131n \u00e7oxu Allaha el\u0259 bu c\u00fcr d\u0259 inan\u0131r: \u201cQuran\u201ds\u0131z, daha do\u011frusu, \u201cQuran\u201ddan x\u0259b\u0259rsiz. Siz, tutal\u0131m, bir islam\u00e7\u0131ya \u201cQuran\u201ddak\u0131 m\u0259nas\u0131zl\u0131qlar\u0131, a\u00e7\u0131q-a\u015fkar s\u0259hvl\u0259ri, \u0259dal\u0259tsizlikl\u0259ri, yalanlar\u0131 v\u0259 s. g\u00f6st\u0259rm\u0259kl\u0259, islam dinini if\u015fa etmi\u015f olursunuz, \u00f6z\u00fc d\u0259 \u00e7ox haql\u0131 olaraq. Ancaq b\u00fct\u00f6vl\u00fckd\u0259 Allah ideyas\u0131n\u0131n pu\u00e7lu\u011funu ancaq filosofiada g\u00f6r\u0259 v\u0259 filosofia il\u0259 g\u00f6st\u0259r\u0259 bil\u0259rsiniz.\n<\/p>\n<p>\n  \u0130nam \u2013 a\u011fl\u0131 k\u0259sm\u0259y\u0259ni, a\u011f\u0131ls\u0131z\u0131, v\u0259h\u015fini yola g\u0259tirm\u0259k \u00fc\u00e7\u00fcn anla\u011f\u0131 (idrak\u0131) \u0259v\u0259zl\u0259y\u0259n ehtiyat qabiliyy\u0259timizdir. U\u015faq \u2013 \u00f6z anas\u0131na inanmasayd\u0131, \u00f6z u\u015faq a\u011fl\u0131n\u0131n azl\u0131\u011f\u0131 v\u0259 t\u0259cr\u00fcb\u0259sizliyi ucundan qurda-qu\u015fa yem olard\u0131. Bizim bir \u00e7ox halda s\u00f6zl\u0259rimizin k\u0259s\u0259rsizliyi \u2013 qar\u015f\u0131m\u0131zdak\u0131n\u0131n a\u011f\u0131ls\u0131zl\u0131\u011f\u0131ndan v\u0259 yaxud bizim arqumentl\u0259rimizin g\u00fccs\u00fczl\u00fcy\u00fcnd\u0259n deyildir, s\u0259b\u0259b sad\u0259dir: qar\u015f\u0131m\u0131zdak\u0131 biz\u0259 inanm\u0131r. Bu s\u0259tirl\u0259rin m\u00fc\u0259llifi \u00f6z bildikl\u0259rini ancaq ona inanan t\u0259l\u0259b\u0259l\u0259r\u0259 \u00f6yr\u0259d\u0259 bilmi\u015fdir. H\u0259r s\u00f6z\u00fcnd\u0259 d\u0259rinlik gizl\u0259ndiyin\u0259 inand\u0131\u011f\u0131m\u0131z m\u0259tnl\u0259rd\u0259n daha \u00e7ox \u015fey \u00f6yr\u0259nirik. \u018flb\u0259tt\u0259, arqumentl\u0259r d\u0259 inam yarada v\u0259 yaxud bir inam\u0131 m\u0259hv ed\u0259 bilir. Ancaq anla\u011f\u0131 qabaqlayan, anla\u011f\u0131 quran inam da var. O, sevgi kimi el\u0259 bil s\u0259b\u0259bsizdir. \u00d6z t\u0259bi\u0259ti bax\u0131m\u0131ndan inamda da sevgid\u0259ki kimi d\u0259lilik, a\u011f\u0131ls\u0131zl\u0131q, m\u0259ntiqsizlik vard\u0131r. Bunu q\u0259dimd\u0259 d\u0259 g\u00f6r\u00fcbl\u0259r: \u201cAllah dilin, a\u011fl\u0131n, m\u0259ntiqin o tay\u0131ndad\u0131r\u201d, \u201c\u0130nand\u0131\u011f\u0131m \u00fc\u00e7\u00fcn anlad\u0131m\u201d, dey\u0259rk\u0259n.\n<\/p>\n<p>\n  \u0130nam arxay\u0131nl\u0131qd\u0131r, din bu arxay\u0131nl\u0131\u011f\u0131n sui-istifad\u0259si. Siz din\u0259 qar\u015f\u0131 \u00e7\u0131x\u0131\u015f ed\u0259rk\u0259n, inam qabiliyy\u0259timiz\u0259 yox, \u0259ksin\u0259, inam\u0131n sui-istifad\u0259sin\u0259 qar\u015f\u0131 \u00e7\u0131x\u0131rs\u0131n\u0131z v\u0259 \u00e7ox d\u00fcz edirsiniz. Siz inam\u0131n ke\u015fik\u00e7il\u0259ri, x\u0259yan\u0259tin detektivl\u0259risiniz.\n<\/p>\n<p>\n  Q\u0259rbd\u0259 n\u00fcv\u0259 enerjisind\u0259n atom bombas\u0131 d\u00fcz\u0259ldildiyi kimi, q\u0259dim \u015e\u0259rqd\u0259 inamdan din \u2013 d\u00f6vl\u0259t, iqtidar, ordu \u2013 d\u00fcz\u0259ltdil\u0259r. G\u00f6r\u00fcn\u00fcr, bu, o vaxtlar insanl\u0131\u011f\u0131n sa\u011f qalmas\u0131 \u00fc\u00e7\u00fcn g\u0259r\u0259kli olmu\u015fdur. \u0130nam\u0131n formulas\u0131 budur: \u201cSizi ba\u015fa sala bilm\u0259r\u0259m, ba\u015fa salsam da anlamazs\u0131n\u0131z, siz el\u0259c\u0259 ard\u0131mca g\u0259lin!\u201d Atalar s\u00f6zl\u0259rimizd\u0259n biri bel\u0259 s\u0259sl\u0259nir: \u201cYol bilmirs\u0259n, yola g\u0259l\u201d. Bir g\u00fcn g\u0259ldi, Q\u0259rb bu modeli t\u0259rk ed\u0259r\u0259k, \u0130mmanuel Kant\u0131n \u201cAufklaerung\u201d (Maarif) f\u0259ls\u0259f\u0259sinin diliyl\u0259 \u201cU\u015faql\u0131\u011f\u0131 burax, daha inanma, \u00f6z a\u011fl\u0131n\u0131 i\u015fl\u0259t, \u0259m\u0259k qoy, \u00f6z\u00fcn fikirl\u0259\u015f, t\u0259kba\u015f\u0131na q\u0259rar ver!\u201d dedi.\n<\/p>\n<p>\n  Bu, m\u00fcasir individualizmin, rasionalizmin v\u0259 \u0259m\u0259yin n\u0259z\u0259riyy\u0259si idi. Bu, eyni zamanda, eqoizmin, pozitivizmin v\u0259 kapitalizmin legitimasiyas\u0131 idi.\n<\/p>\n<p>\n  \u0130namda arxay\u0131nl\u0131q, u\u015faq qay\u011f\u0131s\u0131zl\u0131\u011f\u0131 v\u0259 \u0259m\u0259ksizlik var! Qar\u015f\u0131ndak\u0131 s\u0259n\u0259 inan\u0131rsa, qay\u011f\u0131s\u0131z-qay\u011f\u0131s\u0131z s\u0259n\u0259 arxay\u0131nd\u0131rsa, s\u0259n daha z\u0259hm\u0259t \u00e7\u0259kib arqumentl\u0259rini par\u0131ldatmal\u0131 deyils\u0259n. Qar\u015f\u0131ndak\u0131na inan\u0131rsansa, daha z\u0259hm\u0259t \u00e7\u0259kib onu anlamal\u0131 da deyils\u0259n. A\u011fl\u0131 g\u0259r\u0259ksizl\u0259\u015fdir\u0259n bu dini \u0259n\u0259n\u0259 \u2013 \u015e\u0259rqd\u0259 anla\u011f\u0131n kor\u015falmas\u0131na, \u015feir, musiqi, m\u00f6c\u00fcz\u0259li na\u011f\u0131llar v\u0259 s. bu kimi p\u0259r\u0259sti\u015f yarada bil\u0259n, t\u0259sirli estetik vasit\u0259l\u0259rin \u00e7oxalmas\u0131na v\u0259 n\u0259tic\u0259d\u0259 d\u0259 gerid\u0259 qalm\u0131\u015fl\u0131\u011fa s\u0259b\u0259b oldu.\n<\/p>\n<p>\n  Anlamaq v\u0259 anlatmaq \u00e7\u0259tindir, \u00e7\u00fcnki bunlar uzun \u00e7\u0259k\u0259n bir \u0259m\u0259k ist\u0259yir, inanmaq v\u0259 inand\u0131rmaq is\u0259 asand\u0131r, onlar g\u00f6zba\u011fl\u0131ca il\u0259 d\u0259 \u0259ld\u0259 edil\u0259 bil\u0259r, m\u00f6c\u00fcz\u0259yl\u0259 d\u0259, \u015feirl\u0259 d\u0259, musiqiyl\u0259 d\u0259 v\u0259 s. Son ill\u0259r Az\u0259rbaycanda n\u0259 \u00fc\u00e7\u00fcn m\u00fc\u011f\u0259nnil\u0259rin, \u201cyazar\u201dlar\u0131n, \u015fairl\u0259rin, aktyorlar\u0131n bir bel\u0259 artmas\u0131n\u0131n s\u0259b\u0259bl\u0259rind\u0259n biri d\u0259 budur: bu sah\u0259l\u0259rin qabaqcadan haz\u0131rl\u0131q \u0259m\u0259yi t\u0259l\u0259b etm\u0259m\u0259si. Az\u0259rbaycanda g\u0259ncl\u0259rin b\u00f6y\u00fck \u0259m\u0259k t\u0259l\u0259b ed\u0259n elm v\u0259 filosofia yolu tutmay\u0131b, \u0259v\u0259zind\u0259 \u015feir yazma\u011fa, roman yazma\u011fa giri\u015fm\u0259kl\u0259rind\u0259 \u2013 gizli dindarl\u0131q v\u0259 gizli korrupsionerlik sezilir.\n<\/p>\n<p>\n  V\u0259hy\u0259 inanan dindarl\u0131qla, ilhamla yaza bil\u0259c\u0259yin\u0259 inanan \u015fair, yaxud o andak\u0131 emosiyas\u0131yla o anda a\u011fl\u0131na g\u0259l\u0259nl\u0259ri biroturuma yazan \u201cyazar\u201d il\u0259, v\u0259zif\u0259y\u0259 g\u0259lib s\u00fcr\u0259tl\u0259 pullanmaq ist\u0259y\u0259n korrupsioner aras\u0131nda yax\u0131n \u201cqohumluq\u201d \u0259laq\u0259l\u0259ri vard\u0131r. \u00c7\u00fcnki onlar\u0131n ham\u0131s\u0131 a\u011f\u0131r v\u0259 yorucu \u0259m\u0259yin bar\u0131n\u0131 ill\u0259rl\u0259 b\u0259sl\u0259m\u0259k \u0259v\u0259zin\u0259, ilahi vergiy\u0259, anadang\u0259lm\u0259 istedada arxay\u0131nd\u0131rlar. \u0130lahi vergi il\u0259 yazd\u0131\u011f\u0131na inan\u0131lan \u015fairin, \u00f6z \u0259m\u0259yi il\u0259 yazan alimd\u0259n \u00fcst\u00fcn say\u0131ld\u0131\u011f\u0131 irrasional bir kulturadan dan\u0131\u015f\u0131ram. Siz kitablarla \u00f6m\u00fcr s\u00fcr\u00fcrs\u00fcn\u00fcz, onlar is\u0259 bir gec\u0259y\u0259 yazd\u0131qlar\u0131 \u015feirl\u0259rl\u0259 sizi \u00fcst\u0259l\u0259y\u0259c\u0259kl\u0259rin\u0259 inan\u0131rlar, Az\u0259rbaycan kimi \u015e\u0259rq kulturas\u0131nda \u00fcst\u0259l\u0259yirl\u0259r d\u0259. \u018flb\u0259tt\u0259, \u015feir \u00f6zl\u00fcy\u00fcnd\u0259 pis deyildir, \u015feir\u00e7ilik \u0259n\u0259n\u0259miz ana dilimizi qoruyub saxlam\u0131\u015f, g\u00f6z\u0259ll\u0259\u015fdirmi\u015fdir; folkorumuzda ancaq xeyir q\u00fcvv\u0259l\u0259r (m\u0259s\u0259l\u0259n, buta veril\u0259n a\u015fiq) \u015feir s\u00f6yl\u0259yir, \u015f\u0259r q\u00fcvv\u0259 \u015feir dem\u0259z, dey\u0259 bilm\u0259z. Bir s\u00f6zl\u0259, biz \u015fair xalq\u0131q v\u0259 bu, \u00e7ox yax\u015f\u0131d\u0131r. Ancaq s\u0259n m\u0259n\u0259 xo\u015fag\u0259limli ritm v\u0259 emosional harmoniya vasit\u0259sil\u0259 t\u0259sir etm\u0259y\u0259 yox, intellektual \u0259m\u0259yinl\u0259 \u0259ld\u0259 etdiyin arqumentl\u0259rini izah etm\u0259y\u0259 \u00e7al\u0131\u015f. M\u00fcasir \u015feir\u00e7iliyimiz \u2013 m\u0259zmunu ritm v\u0259 harmoniya il\u0259 t\u0259sirli edib, m\u00fc\u015ft\u0259ri tovlamaq ist\u0259y\u0259n reklam\u00e7\u0131l\u0131\u011fa b\u0259nz\u0259yir.\n<\/p>\n<p>\n  Az\u0259rbaycan kulturas\u0131n\u0131n ciddi irrasional k\u00f6t\u00fcy\u00fc v\u0259 lay\u0131 vard\u0131r. Milli irrasionall\u0131\u011f\u0131m\u0131za misal kimi Koro\u011flunun d\u0259lil\u0259ri, F\u00fczulinin M\u0259cnunu, \u201cd\u0259li o\u011flanl\u0131\u011f\u201d\u0131m\u0131z, \u201cd\u0259li k\u00f6nl\u00fc\u201dm\u00fcz, Molla N\u0259sr\u0259ddinin a\u011f\u0131ls\u0131z m\u0259ntiqi v\u0259 s. g\u00f6st\u0259ril\u0259 bil\u0259r. Bu d\u0259lilik infantillik m\u0259nas\u0131nda a\u011f\u0131ls\u0131zl\u0131q yox, a\u011fl\u0131 a\u015fmaq, a\u011fl\u0131n o tay\u0131na ke\u00e7m\u0259k, yaxud alternativ a\u011f\u0131l m\u0259nas\u0131nda d\u0259lilikdir. Biz\u0259 bir Mi\u015fel Fuko g\u0259r\u0259kdir, kulturam\u0131zdak\u0131 d\u0259liliyi t\u0259dqiq etsin dey\u0259. Dem\u0259li, Avropa maarif\u00e7iliyinin rasionalizmini birba\u015fa \u00f6z\u00fcm\u00fcz\u0259 k\u00f6\u00e7\u00fcrm\u0259y\u0259 \u0259ng\u0259l olan mexanizmalar i\u015fl\u0259yir kulturam\u0131zda. T\u0259\u0259ss\u00fcf ki, bunu bizim axundovlar, mirz\u0259c\u0259lill\u0259r g\u00f6r\u0259 bilm\u0259dil\u0259r.\n<\/p>\n<p>\n  Bu, bizim milli b\u0259xt\u0259v\u0259rliyimizdir ki, M\u0259h\u0259mm\u0259d pey\u011f\u0259mb\u0259r bizim mill\u0259td\u0259n deyildir, yoxsa, m\u00fcs\u0259lmanl\u0131q az qala \u0259b\u0259di m\u0259hkumiyy\u0259timiz olacaqd\u0131. Baxmayaraq ki, islam\u0131n i\u00e7ind\u0259 proto-t\u00fcrkl\u00fckd\u0259n d\u0259 b\u0259z\u0259n n\u0259l\u0259rs\u0259 tapmaq olur.\n<\/p>\n<p>\n  Y\u00fcz ill\u0259r d\u0259 ke\u00e7s\u0259 \u00fcz\u00fcm\u00fcz islam dinin\u0259 g\u00fcl\u00fcms\u0259m\u0259y\u0259c\u0259kdir. Ancaq bununla yana\u015f\u0131 olaraq, insan beyninin plastikas\u0131n\u0131 \u2013 beyind\u0259ki \u201ckabel\u201dl\u0259ri a\u00e7\u0131b ba\u015fqa c\u00fcr ba\u011flamaq say\u0259sind\u0259 orada ba\u015fqa \u00e7\u0131raqlar\u0131 yand\u0131rma\u011f\u0131n m\u00fcmk\u00fcnl\u00fcy\u00fcn\u00fc d\u0259 unutmamal\u0131s\u0131n\u0131z. Bu yax\u0131nlarda bir g\u0259nc m\u0259n\u0259 bel\u0259 yazm\u0131\u015fd\u0131: \u201cA\u015fma kitab\u0131n\u0131z\u0131 oxuma\u011fa ba\u015flayanda v\u0259hhabi idim. Kitab\u0131 \u0259limd\u0259 kibrit oxuyurdum, indic\u0259 onu yand\u0131raca\u011fam dey\u0259. Kitab\u0131 bitir\u0259nd\u0259 art\u0131q dinsiz idim&#8230;\u201d Bu, m\u0259n\u0259 ke\u00e7mi\u015f t\u0259l\u0259b\u0259l\u0259rimin etiraflar\u0131n\u0131 xat\u0131rlatd\u0131.\n<\/p>\n<p>\n  Roman oxumaq m\u00fctali\u0259 deyildir. \u018fd\u0259biyyat\u00e7\u0131lar\u0131n tez-tez t\u0259rtib etdikl\u0259ri \u201cOxunas\u0131 kitablar\u201d siyah\u0131lar\u0131n\u0131 ciddi q\u0259bul etm\u0259yin, onlar b\u0259dii \u0259d\u0259biyyatdan ba\u015fqa \u0259d\u0259biyyat tan\u0131mad\u0131qlar\u0131ndan bel\u0259 romanesk siyah\u0131lar t\u0259rtib edirl\u0259r. T\u0259kc\u0259 b\u0259dii \u0259d\u0259biyyat oxumaqla b\u0259dii \u0259d\u0259biyyat yarada bilm\u0259zsiniz. Ba\u015fl\u0131ca olaraq filosofian\u0131, kultura elml\u0259rini v\u0259 oradak\u0131 n\u0259z\u0259riyy\u0259l\u0259ri \u00f6yr\u0259nm\u0259lisiniz. Filosofiada v\u0259 kultura elml\u0259rind\u0259 ne\u00e7\u0259 n\u0259z\u0259riyy\u0259ni anlam\u0131s\u0131n\u0131zsa, o boyda m\u00fctali\u0259lisiniz.\n<\/p>\n<p>\n  Az\u0259rbaycan xalq\u0131n\u0131n milli xarakteri \u2013 arxay\u0131nl\u0131qd\u0131r. Arxay\u0131n s\u00f6z\u00fc \u00e7ox-\u00e7ox q\u0259dim s\u00f6z\u00fcm\u00fcz olub, ba\u015fqa dill\u0259r\u0259 t\u0259rc\u00fcm\u0259 edil\u0259 bilmir. He\u00e7 qohum dill\u0259rd\u0259, m\u0259s\u0259l\u0259n, T\u00fcrkiy\u0259d\u0259 dan\u0131\u015f\u0131lan t\u00fcrk dilind\u0259 d\u0259 \u201carxay\u0131n\u201d s\u00f6z\u00fc yoxdur. Mill\u0259timizin arxay\u0131nl\u0131\u011f\u0131n\u0131n arxas\u0131nda yatan, arxaland\u0131\u011f\u0131m\u0131z inam\u0131n \u2013 d\u0259liliyin? \u2013 n\u0259 oldu\u011funu axtarmal\u0131y\u0131q. \u0130rrasional sirrimiz oradad\u0131r. Bunu ancaq dayazlar \u201cbigan\u0259lik\u201d, \u201claqeydlik\u201d, \u201chissizlik\u201d (\u201cDara\u015f\u0131b can\u0131na bitl\u0259r-bir\u0259l\u0259r, hiss el\u0259mir\u201d), \u201ct\u0259nb\u0259llik\u201d, \u201cm\u0259suliyy\u0259tsizlik\u201d (\u201cUsta Zeynal\u201d) kimi yoza, qar\u011f\u0131ya, \u0259l\u0259 sala bil\u0259rl\u0259r. Daim t\u0259la\u015f v\u0259 t\u0259\u015fvi\u015f i\u00e7ind\u0259 ir\u0259liy\u0259 can atan erm\u0259nid\u0259n d\u0259, g\u00fcrc\u00fcd\u0259n d\u0259 bizi ay\u0131rd ed\u0259n budur: arxay\u0131nl\u0131\u011f\u0131m\u0131z.\n<\/p>\n<p>\n  Dini pisl\u0259dik, elmi d\u0259 b\u0259y\u0259nm\u0259dik, buradan el\u0259 \u00e7\u0131xmas\u0131n ki, filosofia aydan ar\u0131, sudan durudur. Din \u015e\u0259rqd\u0259 anla\u011f\u0131 kor\u015faltd\u0131sa, filosofia Q\u0259rbd\u0259 totalitarizm yaratd\u0131. N\u0259hay\u0259t, XX \u0259srd\u0259 Avropa filosoflar\u0131 ba\u015fa d\u00fc\u015fd\u00fcl\u0259r ki, s\u0259n dem\u0259, \u0259n \u00fcmumi ali h\u0259qiq\u0259ti tap\u0131b m\u00fc\u0259yy\u0259nl\u0259\u015fdirm\u0259k ehtiras\u0131 kimi filosofia \u2013 Platondan, Kant da daxil, ta Hegel\u0259d\u0259k \u2013 ba\u015fqalar\u0131n\u0131 manipulyasiya v\u0259 idar\u0259 etm\u0259k vasit\u0259si imi\u015f. T\u0259kc\u0259 elml\u0259r b\u00f6y\u00fck d\u00f6vl\u0259tl\u0259rin mara\u011f\u0131na, h\u0259rb texnologiyas\u0131na v\u0259 kapitalizm\u0259 xidm\u0259t etmir, \u0259n \u00fcmumi (total) h\u0259qiq\u0259tl\u0259ri tapan filosofia da totalitarizm b\u0259sl\u0259yirmi\u015f. Filosoflar\u0131n son y\u00fcz \u0259lli ild\u0259 yerb\u0259yerd\u0259n \u201cfilosofian\u0131n \u00f6l\u00fcm\u00fc\u201dnd\u0259n dan\u0131\u015fmaqlar\u0131 \u2013 bu filosofiadan imtina etm\u0259k, filosofian\u0131 yenid\u0259n yaratmaq ist\u0259yind\u0259n do\u011fur; postmodernizm bel\u0259 t\u0259\u015f\u0259bb\u00fcsl\u0259rd\u0259n biridir. Ancaq filosofian\u0131n elmd\u0259n d\u0259, dind\u0259n d\u0259, inc\u0259s\u0259n\u0259td\u0259n d\u0259 \u0259n az bir \u00fcst\u00fcnl\u00fcy\u00fc var: b\u00fct\u00fcn bunlar\u0131 o, \u00f6z\u00fc d\u0259 ancaq o, g\u00f6r\u00fcr.\n<\/p>\n<p>\n  Bir dindar din haqq\u0131nda, bir yaz\u0131\u00e7\u0131 inc\u0259s\u0259n\u0259t haqq\u0131nda, bir alim elm haqq\u0131nda dan\u0131\u015fma\u011fa ba\u015flad\u0131\u011f\u0131 anda o, art\u0131q filosofian\u0131n i\u00e7ind\u0259dir. Baxd\u0131\u011f\u0131n\u0131z bir teatr tama\u015fas\u0131, oxudu\u011funuz bir roman, tan\u0131\u015f oldu\u011funuz bir elmi n\u0259z\u0259riyy\u0259 bar\u0259sind\u0259 \u00f6z fikirl\u0259rinizi dem\u0259y\u0259 ba\u015flad\u0131\u011f\u0131n\u0131z anda siz art\u0131q filosofian\u0131n i\u00e7ind\u0259siniz. Ateizm \u00f6z\u00fc d\u0259 filosofiad\u0131r, elm deyildir. Filosofia \u2013 universal a\u00e7ar, qovu\u015fdurucu dildir.\n<\/p>\n<p>\n  M\u0259nim g\u0259nc dostlar\u0131m, m\u0259n siz\u0259 \u00f6z intellektual yetirm\u0259l\u0259rim, m\u0259n\u0259vi balalar\u0131m, orijinal ard\u0131c\u0131llar\u0131m kimi bax\u0131ram. Bu ki\u00e7ik v\u0259 indilik ilk m\u0259ktubumda m\u0259n sizin g\u00fcc\u00fcn\u00fcz\u00fc art\u0131rma\u011fa \u00e7al\u0131\u015fmaqla yana\u015f\u0131, siz\u0259 yeni \u00fcf\u00fcql\u0259r d\u0259 a\u00e7ma\u011fa, sizi aldan\u0131\u015flardan da qoruma\u011fa \u00e7al\u0131\u015fd\u0131m. \u0130st\u0259yir\u0259m bil\u0259siniz ki, ill\u0259rdir \u00fcz\u0259rind\u0259 i\u015fl\u0259diyim \u00e7oxcildli filosofia kitab\u0131m\u0131n birinci cildi, dem\u0259k olar haz\u0131rd\u0131r. \u00c7ox \u00e7\u0259km\u0259y\u0259c\u0259k, X\u0131d\u0131r kimi k\u00f6m\u0259yiniz\u0259 yeti\u015fib, sizi sevindir\u0259c\u0259y\u0259m.\n<\/p>\n<p>\n  <i><br \/>\n    <b><br \/>\n      Yaz\u0131 m\u00fc\u0259llifin fikirl\u0259rini \u0259ks etdirir v\u0259 Meydan TV-nin m\u00f6vqeyi il\u0259 \u00fcst-\u00fcst\u0259 d\u00fc\u015fm\u0259y\u0259 bil\u0259r.<br \/>\n    <\/b><br \/>\n  <\/i><\/p>\n","protected":false},"excerpt":{"rendered":"<p>Ateizminiz ancaq t\u0259bi\u0259t elml\u0259rind\u0259n \u00e7\u0131x\u0131\u015f etm\u0259m\u0259lidir<\/p>\n","protected":false},"author":11,"featured_media":114612,"comment_status":"closed","ping_status":"open","sticky":false,"template":"","format":"standard","meta":{"_acf_changed":false,"_sitemap_exclude":false,"_sitemap_priority":"","_sitemap_frequency":"","footnotes":""},"categories":[57],"tags":[],"class_list":["post-193627","post","type-post","status-publish","format-standard","has-post-thumbnail","hentry","category-menim-fikrimce","infinite-scroll-item","generate-columns","tablet-grid-50","mobile-grid-100","grid-parent","grid-33","no-featured-image-padding"],"acf":[],"yoast_head":"<!-- This site is optimized with the Yoast SEO plugin v27.4 - https:\/\/yoast.com\/product\/yoast-seo-wordpress\/ -->\n<title>Az\u0259rbaycan g\u0259nc ateistl\u0259rin\u0259 a\u00e7\u0131q m\u0259ktub - MEYDAN.TV<\/title>\n<meta name=\"robots\" content=\"index, follow, max-snippet:-1, max-image-preview:large, max-video-preview:-1\" \/>\n<link rel=\"canonical\" href=\"https:\/\/www.meydan.tv\/az\/article\/azerbaycan-genc-ateistlerine-aciq-mektub\/\" \/>\n<meta property=\"og:locale\" content=\"az_AZ\" \/>\n<meta property=\"og:type\" content=\"article\" \/>\n<meta property=\"og:title\" content=\"Az\u0259rbaycan g\u0259nc ateistl\u0259rin\u0259 a\u00e7\u0131q m\u0259ktub - MEYDAN.TV\" \/>\n<meta property=\"og:description\" content=\"Ateizminiz ancaq t\u0259bi\u0259t elml\u0259rind\u0259n \u00e7\u0131x\u0131\u015f etm\u0259m\u0259lidir\" \/>\n<meta property=\"og:url\" content=\"https:\/\/www.meydan.tv\/az\/article\/azerbaycan-genc-ateistlerine-aciq-mektub\/\" \/>\n<meta property=\"og:site_name\" content=\"MEYDAN.TV\" \/>\n<meta property=\"article:published_time\" content=\"2019-01-22T19:06:33+00:00\" \/>\n<meta property=\"og:image\" content=\"https:\/\/www.meydan.tv\/wp-content\/uploads\/45654.jpg\" \/>\n\t<meta property=\"og:image:width\" content=\"1755\" \/>\n\t<meta property=\"og:image:height\" content=\"1307\" \/>\n\t<meta property=\"og:image:type\" content=\"image\/jpeg\" \/>\n<meta name=\"author\" content=\"user-manager\" \/>\n<meta name=\"twitter:card\" content=\"summary_large_image\" \/>\n<script type=\"application\/ld+json\" class=\"yoast-schema-graph\">{\"@context\":\"https:\\\/\\\/schema.org\",\"@graph\":[{\"@type\":\"Article\",\"@id\":\"https:\\\/\\\/www.meydan.tv\\\/az\\\/article\\\/azerbaycan-genc-ateistlerine-aciq-mektub\\\/#article\",\"isPartOf\":{\"@id\":\"https:\\\/\\\/www.meydan.tv\\\/az\\\/article\\\/azerbaycan-genc-ateistlerine-aciq-mektub\\\/\"},\"author\":{\"name\":\"user-manager\",\"@id\":\"https:\\\/\\\/www.meydan.tv\\\/az\\\/#\\\/schema\\\/person\\\/10d11eccf6da3662cf5fdab9806ea91a\"},\"headline\":\"Az\u0259rbaycan g\u0259nc ateistl\u0259rin\u0259 a\u00e7\u0131q m\u0259ktub\",\"datePublished\":\"2019-01-22T19:06:33+00:00\",\"mainEntityOfPage\":{\"@id\":\"https:\\\/\\\/www.meydan.tv\\\/az\\\/article\\\/azerbaycan-genc-ateistlerine-aciq-mektub\\\/\"},\"wordCount\":2473,\"publisher\":{\"@id\":\"https:\\\/\\\/www.meydan.tv\\\/az\\\/#organization\"},\"image\":{\"@id\":\"https:\\\/\\\/www.meydan.tv\\\/az\\\/article\\\/azerbaycan-genc-ateistlerine-aciq-mektub\\\/#primaryimage\"},\"thumbnailUrl\":\"https:\\\/\\\/www.meydan.tv\\\/wp-content\\\/uploads\\\/45654.jpg\",\"articleSection\":[\"M\u0259nim Fikrimc\u0259\"],\"inLanguage\":\"az\"},{\"@type\":\"WebPage\",\"@id\":\"https:\\\/\\\/www.meydan.tv\\\/az\\\/article\\\/azerbaycan-genc-ateistlerine-aciq-mektub\\\/\",\"url\":\"https:\\\/\\\/www.meydan.tv\\\/az\\\/article\\\/azerbaycan-genc-ateistlerine-aciq-mektub\\\/\",\"name\":\"Az\u0259rbaycan g\u0259nc ateistl\u0259rin\u0259 a\u00e7\u0131q m\u0259ktub - MEYDAN.TV\",\"isPartOf\":{\"@id\":\"https:\\\/\\\/www.meydan.tv\\\/az\\\/#website\"},\"primaryImageOfPage\":{\"@id\":\"https:\\\/\\\/www.meydan.tv\\\/az\\\/article\\\/azerbaycan-genc-ateistlerine-aciq-mektub\\\/#primaryimage\"},\"image\":{\"@id\":\"https:\\\/\\\/www.meydan.tv\\\/az\\\/article\\\/azerbaycan-genc-ateistlerine-aciq-mektub\\\/#primaryimage\"},\"thumbnailUrl\":\"https:\\\/\\\/www.meydan.tv\\\/wp-content\\\/uploads\\\/45654.jpg\",\"datePublished\":\"2019-01-22T19:06:33+00:00\",\"breadcrumb\":{\"@id\":\"https:\\\/\\\/www.meydan.tv\\\/az\\\/article\\\/azerbaycan-genc-ateistlerine-aciq-mektub\\\/#breadcrumb\"},\"inLanguage\":\"az\",\"potentialAction\":[{\"@type\":\"ReadAction\",\"target\":[\"https:\\\/\\\/www.meydan.tv\\\/az\\\/article\\\/azerbaycan-genc-ateistlerine-aciq-mektub\\\/\"]}]},{\"@type\":\"ImageObject\",\"inLanguage\":\"az\",\"@id\":\"https:\\\/\\\/www.meydan.tv\\\/az\\\/article\\\/azerbaycan-genc-ateistlerine-aciq-mektub\\\/#primaryimage\",\"url\":\"https:\\\/\\\/www.meydan.tv\\\/wp-content\\\/uploads\\\/45654.jpg\",\"contentUrl\":\"https:\\\/\\\/www.meydan.tv\\\/wp-content\\\/uploads\\\/45654.jpg\",\"width\":1755,\"height\":1307,\"caption\":\"Source:\"},{\"@type\":\"BreadcrumbList\",\"@id\":\"https:\\\/\\\/www.meydan.tv\\\/az\\\/article\\\/azerbaycan-genc-ateistlerine-aciq-mektub\\\/#breadcrumb\",\"itemListElement\":[{\"@type\":\"ListItem\",\"position\":1,\"name\":\"Ana s\u0259hif\u0259\",\"item\":\"https:\\\/\\\/www.meydan.tv\\\/az\\\/\"},{\"@type\":\"ListItem\",\"position\":2,\"name\":\"M\u0259nim Fikrimc\u0259\",\"item\":\"https:\\\/\\\/www.meydan.tv\\\/az\\\/section\\\/menim-fikrimce\\\/\"},{\"@type\":\"ListItem\",\"position\":3,\"name\":\"Az\u0259rbaycan g\u0259nc ateistl\u0259rin\u0259 a\u00e7\u0131q m\u0259ktub\"}]},{\"@type\":\"WebSite\",\"@id\":\"https:\\\/\\\/www.meydan.tv\\\/az\\\/#website\",\"url\":\"https:\\\/\\\/www.meydan.tv\\\/az\\\/\",\"name\":\"MEYDAN.TV\",\"description\":\"Meydan TV Az\u0259rbaycan\u0131n media m\u0259kan\u0131ndak\u0131 alternativ s\u0259sidir\",\"publisher\":{\"@id\":\"https:\\\/\\\/www.meydan.tv\\\/az\\\/#organization\"},\"potentialAction\":[{\"@type\":\"SearchAction\",\"target\":{\"@type\":\"EntryPoint\",\"urlTemplate\":\"https:\\\/\\\/www.meydan.tv\\\/az\\\/?s={search_term_string}\"},\"query-input\":{\"@type\":\"PropertyValueSpecification\",\"valueRequired\":true,\"valueName\":\"search_term_string\"}}],\"inLanguage\":\"az\"},{\"@type\":\"Organization\",\"@id\":\"https:\\\/\\\/www.meydan.tv\\\/az\\\/#organization\",\"name\":\"Meydan TV\",\"url\":\"https:\\\/\\\/www.meydan.tv\\\/az\\\/\",\"logo\":{\"@type\":\"ImageObject\",\"inLanguage\":\"az\",\"@id\":\"https:\\\/\\\/www.meydan.tv\\\/az\\\/#\\\/schema\\\/logo\\\/image\\\/\",\"url\":\"https:\\\/\\\/www.meydan.tv\\\/wp-content\\\/uploads\\\/2021\\\/07\\\/meydan-logo.svg\",\"contentUrl\":\"https:\\\/\\\/www.meydan.tv\\\/wp-content\\\/uploads\\\/2021\\\/07\\\/meydan-logo.svg\",\"width\":195,\"height\":46,\"caption\":\"Meydan TV\"},\"image\":{\"@id\":\"https:\\\/\\\/www.meydan.tv\\\/az\\\/#\\\/schema\\\/logo\\\/image\\\/\"}},{\"@type\":\"Person\",\"@id\":\"https:\\\/\\\/www.meydan.tv\\\/az\\\/#\\\/schema\\\/person\\\/10d11eccf6da3662cf5fdab9806ea91a\",\"name\":\"user-manager\"}]}<\/script>\n<!-- \/ Yoast SEO plugin. -->","yoast_head_json":{"title":"Az\u0259rbaycan g\u0259nc ateistl\u0259rin\u0259 a\u00e7\u0131q m\u0259ktub - MEYDAN.TV","robots":{"index":"index","follow":"follow","max-snippet":"max-snippet:-1","max-image-preview":"max-image-preview:large","max-video-preview":"max-video-preview:-1"},"canonical":"https:\/\/www.meydan.tv\/az\/article\/azerbaycan-genc-ateistlerine-aciq-mektub\/","og_locale":"az_AZ","og_type":"article","og_title":"Az\u0259rbaycan g\u0259nc ateistl\u0259rin\u0259 a\u00e7\u0131q m\u0259ktub - MEYDAN.TV","og_description":"Ateizminiz ancaq t\u0259bi\u0259t elml\u0259rind\u0259n \u00e7\u0131x\u0131\u015f etm\u0259m\u0259lidir","og_url":"https:\/\/www.meydan.tv\/az\/article\/azerbaycan-genc-ateistlerine-aciq-mektub\/","og_site_name":"MEYDAN.TV","article_published_time":"2019-01-22T19:06:33+00:00","og_image":[{"width":1755,"height":1307,"url":"https:\/\/www.meydan.tv\/wp-content\/uploads\/45654.jpg","type":"image\/jpeg"}],"author":"user-manager","twitter_card":"summary_large_image","schema":{"@context":"https:\/\/schema.org","@graph":[{"@type":"Article","@id":"https:\/\/www.meydan.tv\/az\/article\/azerbaycan-genc-ateistlerine-aciq-mektub\/#article","isPartOf":{"@id":"https:\/\/www.meydan.tv\/az\/article\/azerbaycan-genc-ateistlerine-aciq-mektub\/"},"author":{"name":"user-manager","@id":"https:\/\/www.meydan.tv\/az\/#\/schema\/person\/10d11eccf6da3662cf5fdab9806ea91a"},"headline":"Az\u0259rbaycan g\u0259nc ateistl\u0259rin\u0259 a\u00e7\u0131q m\u0259ktub","datePublished":"2019-01-22T19:06:33+00:00","mainEntityOfPage":{"@id":"https:\/\/www.meydan.tv\/az\/article\/azerbaycan-genc-ateistlerine-aciq-mektub\/"},"wordCount":2473,"publisher":{"@id":"https:\/\/www.meydan.tv\/az\/#organization"},"image":{"@id":"https:\/\/www.meydan.tv\/az\/article\/azerbaycan-genc-ateistlerine-aciq-mektub\/#primaryimage"},"thumbnailUrl":"https:\/\/www.meydan.tv\/wp-content\/uploads\/45654.jpg","articleSection":["M\u0259nim Fikrimc\u0259"],"inLanguage":"az"},{"@type":"WebPage","@id":"https:\/\/www.meydan.tv\/az\/article\/azerbaycan-genc-ateistlerine-aciq-mektub\/","url":"https:\/\/www.meydan.tv\/az\/article\/azerbaycan-genc-ateistlerine-aciq-mektub\/","name":"Az\u0259rbaycan g\u0259nc ateistl\u0259rin\u0259 a\u00e7\u0131q m\u0259ktub - MEYDAN.TV","isPartOf":{"@id":"https:\/\/www.meydan.tv\/az\/#website"},"primaryImageOfPage":{"@id":"https:\/\/www.meydan.tv\/az\/article\/azerbaycan-genc-ateistlerine-aciq-mektub\/#primaryimage"},"image":{"@id":"https:\/\/www.meydan.tv\/az\/article\/azerbaycan-genc-ateistlerine-aciq-mektub\/#primaryimage"},"thumbnailUrl":"https:\/\/www.meydan.tv\/wp-content\/uploads\/45654.jpg","datePublished":"2019-01-22T19:06:33+00:00","breadcrumb":{"@id":"https:\/\/www.meydan.tv\/az\/article\/azerbaycan-genc-ateistlerine-aciq-mektub\/#breadcrumb"},"inLanguage":"az","potentialAction":[{"@type":"ReadAction","target":["https:\/\/www.meydan.tv\/az\/article\/azerbaycan-genc-ateistlerine-aciq-mektub\/"]}]},{"@type":"ImageObject","inLanguage":"az","@id":"https:\/\/www.meydan.tv\/az\/article\/azerbaycan-genc-ateistlerine-aciq-mektub\/#primaryimage","url":"https:\/\/www.meydan.tv\/wp-content\/uploads\/45654.jpg","contentUrl":"https:\/\/www.meydan.tv\/wp-content\/uploads\/45654.jpg","width":1755,"height":1307,"caption":"Source:"},{"@type":"BreadcrumbList","@id":"https:\/\/www.meydan.tv\/az\/article\/azerbaycan-genc-ateistlerine-aciq-mektub\/#breadcrumb","itemListElement":[{"@type":"ListItem","position":1,"name":"Ana s\u0259hif\u0259","item":"https:\/\/www.meydan.tv\/az\/"},{"@type":"ListItem","position":2,"name":"M\u0259nim Fikrimc\u0259","item":"https:\/\/www.meydan.tv\/az\/section\/menim-fikrimce\/"},{"@type":"ListItem","position":3,"name":"Az\u0259rbaycan g\u0259nc ateistl\u0259rin\u0259 a\u00e7\u0131q m\u0259ktub"}]},{"@type":"WebSite","@id":"https:\/\/www.meydan.tv\/az\/#website","url":"https:\/\/www.meydan.tv\/az\/","name":"MEYDAN.TV","description":"Meydan TV Az\u0259rbaycan\u0131n media m\u0259kan\u0131ndak\u0131 alternativ s\u0259sidir","publisher":{"@id":"https:\/\/www.meydan.tv\/az\/#organization"},"potentialAction":[{"@type":"SearchAction","target":{"@type":"EntryPoint","urlTemplate":"https:\/\/www.meydan.tv\/az\/?s={search_term_string}"},"query-input":{"@type":"PropertyValueSpecification","valueRequired":true,"valueName":"search_term_string"}}],"inLanguage":"az"},{"@type":"Organization","@id":"https:\/\/www.meydan.tv\/az\/#organization","name":"Meydan TV","url":"https:\/\/www.meydan.tv\/az\/","logo":{"@type":"ImageObject","inLanguage":"az","@id":"https:\/\/www.meydan.tv\/az\/#\/schema\/logo\/image\/","url":"https:\/\/www.meydan.tv\/wp-content\/uploads\/2021\/07\/meydan-logo.svg","contentUrl":"https:\/\/www.meydan.tv\/wp-content\/uploads\/2021\/07\/meydan-logo.svg","width":195,"height":46,"caption":"Meydan TV"},"image":{"@id":"https:\/\/www.meydan.tv\/az\/#\/schema\/logo\/image\/"}},{"@type":"Person","@id":"https:\/\/www.meydan.tv\/az\/#\/schema\/person\/10d11eccf6da3662cf5fdab9806ea91a","name":"user-manager"}]}},"_links":{"self":[{"href":"https:\/\/www.meydan.tv\/az\/wp-json\/wp\/v2\/posts\/193627","targetHints":{"allow":["GET"]}}],"collection":[{"href":"https:\/\/www.meydan.tv\/az\/wp-json\/wp\/v2\/posts"}],"about":[{"href":"https:\/\/www.meydan.tv\/az\/wp-json\/wp\/v2\/types\/post"}],"author":[{"embeddable":true,"href":"https:\/\/www.meydan.tv\/az\/wp-json\/wp\/v2\/users\/11"}],"replies":[{"embeddable":true,"href":"https:\/\/www.meydan.tv\/az\/wp-json\/wp\/v2\/comments?post=193627"}],"version-history":[{"count":0,"href":"https:\/\/www.meydan.tv\/az\/wp-json\/wp\/v2\/posts\/193627\/revisions"}],"wp:featuredmedia":[{"embeddable":true,"href":"https:\/\/www.meydan.tv\/az\/wp-json\/wp\/v2\/media\/114612"}],"wp:attachment":[{"href":"https:\/\/www.meydan.tv\/az\/wp-json\/wp\/v2\/media?parent=193627"}],"wp:term":[{"taxonomy":"category","embeddable":true,"href":"https:\/\/www.meydan.tv\/az\/wp-json\/wp\/v2\/categories?post=193627"},{"taxonomy":"post_tag","embeddable":true,"href":"https:\/\/www.meydan.tv\/az\/wp-json\/wp\/v2\/tags?post=193627"}],"curies":[{"name":"wp","href":"https:\/\/api.w.org\/{rel}","templated":true}]}}