{"id":193626,"date":"2019-01-22T19:00:40","date_gmt":"2019-01-22T19:00:40","guid":{"rendered":"https:\/\/www.meydan.tv\/article\/xalqin-xususiyyeti-yoxdur\/"},"modified":"2019-01-22T19:00:40","modified_gmt":"2019-01-22T19:00:40","slug":"xalqin-xususiyyeti-yoxdur","status":"publish","type":"post","link":"https:\/\/www.meydan.tv\/az\/article\/xalqin-xususiyyeti-yoxdur\/","title":{"rendered":"Xalq\u0131n x\u00fcsusiyy\u0259ti yoxdur"},"content":{"rendered":"<figure class=\"wp-block-image size-large\">\n  <img decoding=\"async\" src=\"https:\/\/www.meydan.tv\/az\/19-yanvar-mitinqi\/\" alt=\"19 yanvar mitinqi\" class=\"wp-image-116403\"\/><figcaption>\n    19 yanvar mitinqi<br \/>\n  <\/figcaption><\/figure>\n<p>\n  \u018fks\u0259riyy\u0259tini \u00e7inlil\u0259rin t\u0259\u015fkil etdiyi ne\u00e7\u0259 m\u00fcst\u0259qil v\u0259 yar\u0131m-m\u00fcst\u0259qil d\u00f6vl\u0259t var, bilirsiniz? M\u0259n 5-ni sayd\u0131m \u2013 \u00c7in Xalq Respublikas\u0131 (\u00c7XR), tan\u0131nmam\u0131\u015f \u00c7in Respublikas\u0131 (biz bunu Tayvan kimi e\u015fitmi\u015fik), Honq-Konq, Aom\u0131n, Sinqapur. Bunlar h\u0259r biri f\u0259rqli sisteml\u0259rdir. \u00c7XR kommunist ideologiyas\u0131n\u0131 \u0259sas elan edib, \u00f6lk\u0259d\u0259 totalitarizmdir (1 partiyadan ba\u015fqa b\u00fct\u00fcn partiyalar qada\u011fand\u0131r. Kommunist Partiyas\u0131ndan ba\u015fqa \u201cm\u00f6vcud olan\u201d daha 5 partiya is\u0259 Kommunist Partiyas\u0131n\u0131n oyuncaq peykl\u0259ridir), amma eyni zamanda kapitalist y\u00f6n\u00fcml\u00fc iqtisadiyyat qurulmas\u0131 istiqam\u0259tind\u0259 d\u00f6vl\u0259t m\u0259rk\u0259zli t\u0259\u015f\u0259bb\u00fcsl\u0259r h\u0259yata ke\u00e7irilir. D\u00fcnyada unikal sisteml\u0259rd\u0259n biridir, n\u0259tic\u0259si d\u0259 \u00e7ox ziddiyy\u0259tlidir: bel\u0259 ki, makro-iqtisadi g\u00f6st\u0259ricil\u0259rd\u0259 d\u00fcnyan\u0131n \u0259n g\u00fccl\u00fc \u00f6lk\u0259l\u0259rind\u0259ndir, amma insanlar\u0131n maddi v\u0259ziyy\u0259ti, insan h\u00fcquqlar\u0131n\u0131n s\u0259viyy\u0259sin\u0259 g\u00f6r\u0259 durum ac\u0131nacaql\u0131d\u0131r.\n<\/p>\n<p>\n  Tayvanda is\u0259 kapitalizmdir, demokratiyad\u0131r, \u00c7XR-a nisb\u0259t\u0259n ki\u00e7ik olmas\u0131na baxmayaraq, n\u0259h\u0259ng iqtisadi u\u011furlar\u0131 il\u0259 f\u0259rql\u0259nir. Eyni zamanda insan h\u00fcquqlar\u0131na da qoyulan h\u00f6rm\u0259td\u0259 \u00c7XR-dan xeyli qabaqdad\u0131r.\n<\/p>\n<p>\n  Honq-Konq v\u0259 Aom\u0131n m\u00fcvafiq olaraq Britaniya v\u0259 Portuqaliyan\u0131n m\u00fclkl\u0259ri olmu\u015f anklav \u0259razil\u0259rdir. 1990-c\u0131 ill\u0259rin sonlar\u0131nda h\u0259r iki \u0259razi \u00c7XR il\u0259 Britaniya v\u0259 Portuqaliya aras\u0131nda olan raz\u0131la\u015fmalara \u0259sas\u0259n, \u015f\u0259rtl\u0259rl\u0259 \u00c7XR-n\u0131n t\u0259rkibin\u0259 qat\u0131ld\u0131lar. Amma bu, a\u011fr\u0131s\u0131z ba\u015f verm\u0259di. M\u0259s\u0259l\u0259n, Honq-Konq Britaniya demokratiyas\u0131n\u0131 m\u0259nims\u0259mi\u015f, kapitalist iqtisadi qurulu\u015fa malik yerdir. \u00c7XR-n\u0131n totalitar siyas\u0259ti onlarda etiraz do\u011furur. 2014-c\u00fc ild\u0259 ba\u015f vermi\u015f etirazlar bunlar\u0131n \u0259n geni\u015fl\u0259rind\u0259n biri idi.\n<\/p>\n<p>\n  Sinqapur is\u0259 \u00f6z\u00fcn\u0259m\u0259xsus sistem\u0259 malik \u015f\u0259h\u0259r-d\u00f6vl\u0259tdir. Bu ki\u00e7ik \u0259razid\u0259 \u0259halinin \u00be-\u00fc \u00e7inlil\u0259rdir. Onlar siyasi azadl\u0131qlar\u0131n olmad\u0131\u011f\u0131, amma iqtisadi azadl\u0131qlar\u0131n y\u00fcks\u0259k s\u0259viyy\u0259d\u0259 t\u0259min olundu\u011fu d\u00f6vl\u0259td\u0259 ya\u015fay\u0131rlar. Klassik n\u0259z\u0259riyy\u0259l\u0259rin ehtimallar\u0131na zidd olan bu ger\u00e7\u0259klik d\u00fcnyada nadir fenomenl\u0259rd\u0259ndir.\n<\/p>\n<p>\n  Bu, s\u00fcbut olunmaqdan bezmi\u015f arqumentdir ki, xalq\u0131n x\u00fcsusiyy\u0259ti kimi t\u0259qdim olunan n\u0259l\u0259rs\u0259 \u0259slind\u0259 bo\u015f \u015feyl\u0259rdir. \u0130nsan toplumunun nec\u0259 ya\u015famas\u0131, hans\u0131 hadis\u0259l\u0259r\u0259 reaksiya verm\u0259si, \u00fcsyankar, yoxsa m\u00fcti olmas\u0131, proqressiv, yoxsa geriz\u0259kal\u0131 olmas\u0131 \u2013 ham\u0131s\u0131 onun ba\u015f\u0131nda duran siyasi rejimd\u0259n as\u0131l\u0131d\u0131r. \u00c7inlil\u0259rin (bunlara lap mandarinl\u0259r d\u0259 dey\u0259 bil\u0259rsiniz) 5 f\u0259rqli sistem yaratmas\u0131 v\u0259 bu sisteml\u0259ri ya\u015fatmas\u0131, h\u0259r biri il\u0259 f\u0259rqli u\u011furlar qazanmas\u0131, el\u0259c\u0259 d\u0259 f\u0259rqli r\u00fcsvay\u00e7\u0131l\u0131qlara imza atmas\u0131 reall\u0131qd\u0131r. \u018fg\u0259r \u00e7inlil\u0259r honq-konqlular kimi \u00fcsyankard\u0131rlarsa, niy\u0259 milyarddan \u00e7ox \u00e7inli \u00c7XR-d\u0259 siyasi c\u0259h\u0259td\u0259n h\u00fcquqsuz v\u0259ziyy\u0259td\u0259 ya\u015fay\u0131r? \u018fg\u0259r \u00e7inlil\u0259r m\u00fctidirl\u0259rs\u0259, niy\u0259 Tayvanda qeyri-demokratik h\u0259r\u0259k\u0259t ed\u0259n deputatlar\u0131 d\u00f6y\u00fcb, qovurlar? \u018fg\u0259r \u00e7inlil\u0259r Sinqapurdak\u0131 kimi siyasi h\u00fcquqlar\u0131n\u0131 vec\u0259 almadan ya\u015faya bilirl\u0259rs\u0259, niy\u0259 Honq-Konqda demokratiya u\u011frunda m\u00fcbariz\u0259 apar\u0131rlar?\n<\/p>\n<p>\n  Bu \u201cxalq\u0131n x\u00fcsusiyy\u0259ti\u201d \u201c\u0259sasland\u0131rmas\u0131\u201dn\u0131n yanl\u0131\u015fl\u0131\u011f\u0131na T\u00fcrkiy\u0259d\u0259 olark\u0259n, bir daha \u0259min oldum. Dili, q\u0259dim ke\u00e7mi\u015fi, dini bir olan qarda\u015flar\u0131m\u0131z \u2013 T\u00fcrkiy\u0259. Az\u0259rbaycanda T\u00fcrkiy\u0259 sevgisi y\u00fcks\u0259k h\u0259dd\u0259dir: \u201cQalatasaray\u201d\u0131n q\u0259l\u0259b\u0259l\u0259rind\u0259 a\u011flayan, Hasan \u015ea\u015f\u0131n sol aya\u011f\u0131na qurban olma\u011fa haz\u0131r olan, t\u00fcrk ordusu il\u0259 q\u00fcrur duyan, atat\u00fcrk\u00e7\u00fc, bozqurd\u00e7u, h\u0259tta \u0259rdo\u011fan\u00e7\u0131 y\u00fczminl\u0259rl\u0259 (b\u0259lk\u0259, milyonlarla) az\u0259rbaycanl\u0131 var. B\u00fct\u00fcn bu m\u0259n\u0259vi yax\u0131nl\u0131\u011f\u0131n, qarda\u015fl\u0131\u011f\u0131n fonunda bir h\u0259qiq\u0259t var \u2013 T\u00fcrkiy\u0259 v\u0259 Az\u0259rbaycan aras\u0131nda dil v\u0259 dind\u0259n ba\u015fqa he\u00e7 bir ox\u015farl\u0131q yoxdur. Q\u0259tiyy\u0259n yoxdur. Adi m\u0259i\u015f\u0259td\u0259n tutmu\u015f, elm\u0259, t\u0259hsil\u0259 m\u00fcnasib\u0259t\u0259, g\u00fcnd\u0259lik h\u0259yata, inc\u0259s\u0259n\u0259t\u0259, siyas\u0259t\u0259 q\u0259d\u0259r \u2013 HE\u00c7 B\u0130R \u015eEYD\u018f bir qram da ox\u015farl\u0131\u011f\u0131m\u0131z yoxdur. T\u00fcrkiy\u0259 il\u0259 Az\u0259rbaycan\u0131n ox\u015farl\u0131\u011f\u0131 Lesoto il\u0259 Az\u0259rbaycan\u0131n ox\u015farl\u0131\u011f\u0131 q\u0259d\u0259rdir. Tamamil\u0259 f\u0259rqli toplumlar, f\u0259rqli \u00f6lk\u0259l\u0259rik. Amma biz, dem\u0259k olar ki, eyni xalq\u0131q. Stalin ad\u0131m\u0131z\u0131 d\u0259yi\u015fm\u0259s\u0259 idi, indi d\u0259 Az\u0259rbaycandak\u0131 etnik \u00e7oxluq t\u00fcrk dilind\u0259 dan\u0131\u015fan t\u00fcrkl\u0259r adlan\u0131rd\u0131. Nec\u0259 ki, honq-konqlular da \u00e7inlidir, tayvanl\u0131lar da, sinqapurlular da, \u00c7XR \u0259halisinin \u0259ks\u0259riyy\u0259ti d\u0259.\n<\/p>\n<p>\n  S\u0259b\u0259b m\u0259lumdur: toplumlar\u0131n x\u00fcsusiyy\u0259tl\u0259ri onlar\u0131 idar\u0259 ed\u0259n rejiml\u0259r\u0259 uy\u011fundur, toplumlar\u0131 rejiml\u0259r formala\u015fd\u0131r\u0131r, rejiml\u0259ri toplumlar yox. S\u0259lcuqlar\u0131n X\u0259z\u0259rin q\u0259rbind\u0259 qalan hiss\u0259si il\u0259 Ki\u00e7ik Asiya yar\u0131madas\u0131nda m\u0259skunla\u015fan hiss\u0259l\u0259ri \u0259srl\u0259rl\u0259 f\u0259rqli siyasi rejiml\u0259rin alt\u0131nda ya\u015fad\u0131qlar\u0131na g\u00f6r\u0259, indi Az\u0259rbaycanla T\u00fcrkiy\u0259 dan\u0131\u015fanda bir-birl\u0259rinin dill\u0259rini anlasa da, bir-birl\u0259ri il\u0259 b\u0259nz\u0259rlikl\u0259ri olmayan toplumlard\u0131r. B\u0259s niy\u0259 hans\u0131sa rejim Az\u0259rbaycanda v\u0259 ya T\u00fcrkiy\u0259d\u0259, yaxud \u00c7ind\u0259 hakim olur? Bunun s\u0259b\u0259bl\u0259ri \u00e7oxdur \u2013 co\u011frafi d\u0259, iqtisadi d\u0259 ola bil\u0259r v\u0259 s. \u018fks\u0259r vaxt bir \u00e7ox m\u00fcxt\u0259lif m\u0259n\u015f\u0259li s\u0259b\u0259bl\u0259rin kompleks t\u0259siri n\u0259tic\u0259sind\u0259 hans\u0131sa siyasi rejim ortaya \u00e7\u0131x\u0131r. Amma \u0259min olun, bu s\u0259b\u0259bl\u0259r i\u00e7\u0259risind\u0259 \u201cxalq\u0131n x\u00fcsusiyy\u0259ti\u201d deyil\u0259n am\u00f6rf anlay\u0131\u015f yoxdur. \u00c7\u00fcnki, \u00fcmumiyy\u0259tl\u0259, bel\u0259 anlay\u0131\u015f m\u00f6vcud deyil.\n<\/p>\n<p>\n  M\u00f6vcud olsa idi, \u201c\u00e7in xalq\u0131n\u0131n x\u00fcsusiyy\u0259ti\u201d n\u0259dir, g\u00f6r\u0259s\u0259n?\n<\/p>\n<p>\n  <i><br \/>\n    <b><br \/>\n      Yaz\u0131 m\u00fc\u0259llifin fikirl\u0259rini \u0259ks etdirir v\u0259 Meydan TV-nin m\u00f6vqeyi il\u0259 \u00fcst-\u00fcst\u0259 d\u00fc\u015fm\u0259y\u0259 bil\u0259r.<br \/>\n    <\/b><br \/>\n  <\/i><\/p>\n","protected":false},"excerpt":{"rendered":"<p>Toplumlar\u0131 rejiml\u0259r formala\u015fd\u0131r\u0131r, rejiml\u0259ri toplumlar yox<\/p>\n","protected":false},"author":11,"featured_media":116403,"comment_status":"closed","ping_status":"open","sticky":false,"template":"","format":"standard","meta":{"_acf_changed":false,"_sitemap_exclude":false,"_sitemap_priority":"","_sitemap_frequency":"","footnotes":""},"categories":[57],"tags":[],"class_list":["post-193626","post","type-post","status-publish","format-standard","has-post-thumbnail","hentry","category-menim-fikrimce","infinite-scroll-item","generate-columns","tablet-grid-50","mobile-grid-100","grid-parent","grid-33","no-featured-image-padding"],"acf":[],"yoast_head":"<!-- This site is optimized with the Yoast SEO plugin v27.4 - https:\/\/yoast.com\/product\/yoast-seo-wordpress\/ -->\n<title>Xalq\u0131n x\u00fcsusiyy\u0259ti yoxdur - MEYDAN.TV<\/title>\n<meta name=\"robots\" content=\"index, follow, max-snippet:-1, max-image-preview:large, max-video-preview:-1\" \/>\n<link rel=\"canonical\" href=\"https:\/\/www.meydan.tv\/az\/article\/xalqin-xususiyyeti-yoxdur\/\" \/>\n<meta property=\"og:locale\" content=\"az_AZ\" \/>\n<meta property=\"og:type\" content=\"article\" \/>\n<meta property=\"og:title\" content=\"Xalq\u0131n x\u00fcsusiyy\u0259ti yoxdur - MEYDAN.TV\" \/>\n<meta property=\"og:description\" content=\"Toplumlar\u0131 rejiml\u0259r formala\u015fd\u0131r\u0131r, rejiml\u0259ri toplumlar yox\" \/>\n<meta property=\"og:url\" content=\"https:\/\/www.meydan.tv\/az\/article\/xalqin-xususiyyeti-yoxdur\/\" \/>\n<meta property=\"og:site_name\" content=\"MEYDAN.TV\" \/>\n<meta property=\"article:published_time\" content=\"2019-01-22T19:00:40+00:00\" \/>\n<meta property=\"og:image\" content=\"https:\/\/www.meydan.tv\/wp-content\/uploads\/46411.jpg\" \/>\n\t<meta property=\"og:image:width\" content=\"1242\" \/>\n\t<meta property=\"og:image:height\" content=\"696\" \/>\n\t<meta property=\"og:image:type\" content=\"image\/jpeg\" \/>\n<meta name=\"author\" content=\"user-manager\" \/>\n<meta name=\"twitter:card\" content=\"summary_large_image\" \/>\n<script type=\"application\/ld+json\" class=\"yoast-schema-graph\">{\"@context\":\"https:\\\/\\\/schema.org\",\"@graph\":[{\"@type\":\"Article\",\"@id\":\"https:\\\/\\\/www.meydan.tv\\\/az\\\/article\\\/xalqin-xususiyyeti-yoxdur\\\/#article\",\"isPartOf\":{\"@id\":\"https:\\\/\\\/www.meydan.tv\\\/az\\\/article\\\/xalqin-xususiyyeti-yoxdur\\\/\"},\"author\":{\"name\":\"user-manager\",\"@id\":\"https:\\\/\\\/www.meydan.tv\\\/az\\\/#\\\/schema\\\/person\\\/10d11eccf6da3662cf5fdab9806ea91a\"},\"headline\":\"Xalq\u0131n x\u00fcsusiyy\u0259ti yoxdur\",\"datePublished\":\"2019-01-22T19:00:40+00:00\",\"mainEntityOfPage\":{\"@id\":\"https:\\\/\\\/www.meydan.tv\\\/az\\\/article\\\/xalqin-xususiyyeti-yoxdur\\\/\"},\"wordCount\":1023,\"publisher\":{\"@id\":\"https:\\\/\\\/www.meydan.tv\\\/az\\\/#organization\"},\"image\":{\"@id\":\"https:\\\/\\\/www.meydan.tv\\\/az\\\/article\\\/xalqin-xususiyyeti-yoxdur\\\/#primaryimage\"},\"thumbnailUrl\":\"https:\\\/\\\/www.meydan.tv\\\/wp-content\\\/uploads\\\/46411.jpg\",\"articleSection\":[\"M\u0259nim Fikrimc\u0259\"],\"inLanguage\":\"az\"},{\"@type\":\"WebPage\",\"@id\":\"https:\\\/\\\/www.meydan.tv\\\/az\\\/article\\\/xalqin-xususiyyeti-yoxdur\\\/\",\"url\":\"https:\\\/\\\/www.meydan.tv\\\/az\\\/article\\\/xalqin-xususiyyeti-yoxdur\\\/\",\"name\":\"Xalq\u0131n x\u00fcsusiyy\u0259ti yoxdur - MEYDAN.TV\",\"isPartOf\":{\"@id\":\"https:\\\/\\\/www.meydan.tv\\\/az\\\/#website\"},\"primaryImageOfPage\":{\"@id\":\"https:\\\/\\\/www.meydan.tv\\\/az\\\/article\\\/xalqin-xususiyyeti-yoxdur\\\/#primaryimage\"},\"image\":{\"@id\":\"https:\\\/\\\/www.meydan.tv\\\/az\\\/article\\\/xalqin-xususiyyeti-yoxdur\\\/#primaryimage\"},\"thumbnailUrl\":\"https:\\\/\\\/www.meydan.tv\\\/wp-content\\\/uploads\\\/46411.jpg\",\"datePublished\":\"2019-01-22T19:00:40+00:00\",\"breadcrumb\":{\"@id\":\"https:\\\/\\\/www.meydan.tv\\\/az\\\/article\\\/xalqin-xususiyyeti-yoxdur\\\/#breadcrumb\"},\"inLanguage\":\"az\",\"potentialAction\":[{\"@type\":\"ReadAction\",\"target\":[\"https:\\\/\\\/www.meydan.tv\\\/az\\\/article\\\/xalqin-xususiyyeti-yoxdur\\\/\"]}]},{\"@type\":\"ImageObject\",\"inLanguage\":\"az\",\"@id\":\"https:\\\/\\\/www.meydan.tv\\\/az\\\/article\\\/xalqin-xususiyyeti-yoxdur\\\/#primaryimage\",\"url\":\"https:\\\/\\\/www.meydan.tv\\\/wp-content\\\/uploads\\\/46411.jpg\",\"contentUrl\":\"https:\\\/\\\/www.meydan.tv\\\/wp-content\\\/uploads\\\/46411.jpg\",\"width\":1242,\"height\":696,\"caption\":\"Source:\"},{\"@type\":\"BreadcrumbList\",\"@id\":\"https:\\\/\\\/www.meydan.tv\\\/az\\\/article\\\/xalqin-xususiyyeti-yoxdur\\\/#breadcrumb\",\"itemListElement\":[{\"@type\":\"ListItem\",\"position\":1,\"name\":\"Ana s\u0259hif\u0259\",\"item\":\"https:\\\/\\\/www.meydan.tv\\\/az\\\/\"},{\"@type\":\"ListItem\",\"position\":2,\"name\":\"M\u0259nim Fikrimc\u0259\",\"item\":\"https:\\\/\\\/www.meydan.tv\\\/az\\\/section\\\/menim-fikrimce\\\/\"},{\"@type\":\"ListItem\",\"position\":3,\"name\":\"Xalq\u0131n x\u00fcsusiyy\u0259ti yoxdur\"}]},{\"@type\":\"WebSite\",\"@id\":\"https:\\\/\\\/www.meydan.tv\\\/az\\\/#website\",\"url\":\"https:\\\/\\\/www.meydan.tv\\\/az\\\/\",\"name\":\"MEYDAN.TV\",\"description\":\"Meydan TV Az\u0259rbaycan\u0131n media m\u0259kan\u0131ndak\u0131 alternativ s\u0259sidir\",\"publisher\":{\"@id\":\"https:\\\/\\\/www.meydan.tv\\\/az\\\/#organization\"},\"potentialAction\":[{\"@type\":\"SearchAction\",\"target\":{\"@type\":\"EntryPoint\",\"urlTemplate\":\"https:\\\/\\\/www.meydan.tv\\\/az\\\/?s={search_term_string}\"},\"query-input\":{\"@type\":\"PropertyValueSpecification\",\"valueRequired\":true,\"valueName\":\"search_term_string\"}}],\"inLanguage\":\"az\"},{\"@type\":\"Organization\",\"@id\":\"https:\\\/\\\/www.meydan.tv\\\/az\\\/#organization\",\"name\":\"Meydan TV\",\"url\":\"https:\\\/\\\/www.meydan.tv\\\/az\\\/\",\"logo\":{\"@type\":\"ImageObject\",\"inLanguage\":\"az\",\"@id\":\"https:\\\/\\\/www.meydan.tv\\\/az\\\/#\\\/schema\\\/logo\\\/image\\\/\",\"url\":\"https:\\\/\\\/www.meydan.tv\\\/wp-content\\\/uploads\\\/2021\\\/07\\\/meydan-logo.svg\",\"contentUrl\":\"https:\\\/\\\/www.meydan.tv\\\/wp-content\\\/uploads\\\/2021\\\/07\\\/meydan-logo.svg\",\"width\":195,\"height\":46,\"caption\":\"Meydan TV\"},\"image\":{\"@id\":\"https:\\\/\\\/www.meydan.tv\\\/az\\\/#\\\/schema\\\/logo\\\/image\\\/\"}},{\"@type\":\"Person\",\"@id\":\"https:\\\/\\\/www.meydan.tv\\\/az\\\/#\\\/schema\\\/person\\\/10d11eccf6da3662cf5fdab9806ea91a\",\"name\":\"user-manager\"}]}<\/script>\n<!-- \/ Yoast SEO plugin. -->","yoast_head_json":{"title":"Xalq\u0131n x\u00fcsusiyy\u0259ti yoxdur - MEYDAN.TV","robots":{"index":"index","follow":"follow","max-snippet":"max-snippet:-1","max-image-preview":"max-image-preview:large","max-video-preview":"max-video-preview:-1"},"canonical":"https:\/\/www.meydan.tv\/az\/article\/xalqin-xususiyyeti-yoxdur\/","og_locale":"az_AZ","og_type":"article","og_title":"Xalq\u0131n x\u00fcsusiyy\u0259ti yoxdur - MEYDAN.TV","og_description":"Toplumlar\u0131 rejiml\u0259r formala\u015fd\u0131r\u0131r, rejiml\u0259ri toplumlar yox","og_url":"https:\/\/www.meydan.tv\/az\/article\/xalqin-xususiyyeti-yoxdur\/","og_site_name":"MEYDAN.TV","article_published_time":"2019-01-22T19:00:40+00:00","og_image":[{"width":1242,"height":696,"url":"https:\/\/www.meydan.tv\/wp-content\/uploads\/46411.jpg","type":"image\/jpeg"}],"author":"user-manager","twitter_card":"summary_large_image","schema":{"@context":"https:\/\/schema.org","@graph":[{"@type":"Article","@id":"https:\/\/www.meydan.tv\/az\/article\/xalqin-xususiyyeti-yoxdur\/#article","isPartOf":{"@id":"https:\/\/www.meydan.tv\/az\/article\/xalqin-xususiyyeti-yoxdur\/"},"author":{"name":"user-manager","@id":"https:\/\/www.meydan.tv\/az\/#\/schema\/person\/10d11eccf6da3662cf5fdab9806ea91a"},"headline":"Xalq\u0131n x\u00fcsusiyy\u0259ti yoxdur","datePublished":"2019-01-22T19:00:40+00:00","mainEntityOfPage":{"@id":"https:\/\/www.meydan.tv\/az\/article\/xalqin-xususiyyeti-yoxdur\/"},"wordCount":1023,"publisher":{"@id":"https:\/\/www.meydan.tv\/az\/#organization"},"image":{"@id":"https:\/\/www.meydan.tv\/az\/article\/xalqin-xususiyyeti-yoxdur\/#primaryimage"},"thumbnailUrl":"https:\/\/www.meydan.tv\/wp-content\/uploads\/46411.jpg","articleSection":["M\u0259nim Fikrimc\u0259"],"inLanguage":"az"},{"@type":"WebPage","@id":"https:\/\/www.meydan.tv\/az\/article\/xalqin-xususiyyeti-yoxdur\/","url":"https:\/\/www.meydan.tv\/az\/article\/xalqin-xususiyyeti-yoxdur\/","name":"Xalq\u0131n x\u00fcsusiyy\u0259ti yoxdur - MEYDAN.TV","isPartOf":{"@id":"https:\/\/www.meydan.tv\/az\/#website"},"primaryImageOfPage":{"@id":"https:\/\/www.meydan.tv\/az\/article\/xalqin-xususiyyeti-yoxdur\/#primaryimage"},"image":{"@id":"https:\/\/www.meydan.tv\/az\/article\/xalqin-xususiyyeti-yoxdur\/#primaryimage"},"thumbnailUrl":"https:\/\/www.meydan.tv\/wp-content\/uploads\/46411.jpg","datePublished":"2019-01-22T19:00:40+00:00","breadcrumb":{"@id":"https:\/\/www.meydan.tv\/az\/article\/xalqin-xususiyyeti-yoxdur\/#breadcrumb"},"inLanguage":"az","potentialAction":[{"@type":"ReadAction","target":["https:\/\/www.meydan.tv\/az\/article\/xalqin-xususiyyeti-yoxdur\/"]}]},{"@type":"ImageObject","inLanguage":"az","@id":"https:\/\/www.meydan.tv\/az\/article\/xalqin-xususiyyeti-yoxdur\/#primaryimage","url":"https:\/\/www.meydan.tv\/wp-content\/uploads\/46411.jpg","contentUrl":"https:\/\/www.meydan.tv\/wp-content\/uploads\/46411.jpg","width":1242,"height":696,"caption":"Source:"},{"@type":"BreadcrumbList","@id":"https:\/\/www.meydan.tv\/az\/article\/xalqin-xususiyyeti-yoxdur\/#breadcrumb","itemListElement":[{"@type":"ListItem","position":1,"name":"Ana s\u0259hif\u0259","item":"https:\/\/www.meydan.tv\/az\/"},{"@type":"ListItem","position":2,"name":"M\u0259nim Fikrimc\u0259","item":"https:\/\/www.meydan.tv\/az\/section\/menim-fikrimce\/"},{"@type":"ListItem","position":3,"name":"Xalq\u0131n x\u00fcsusiyy\u0259ti yoxdur"}]},{"@type":"WebSite","@id":"https:\/\/www.meydan.tv\/az\/#website","url":"https:\/\/www.meydan.tv\/az\/","name":"MEYDAN.TV","description":"Meydan TV Az\u0259rbaycan\u0131n media m\u0259kan\u0131ndak\u0131 alternativ s\u0259sidir","publisher":{"@id":"https:\/\/www.meydan.tv\/az\/#organization"},"potentialAction":[{"@type":"SearchAction","target":{"@type":"EntryPoint","urlTemplate":"https:\/\/www.meydan.tv\/az\/?s={search_term_string}"},"query-input":{"@type":"PropertyValueSpecification","valueRequired":true,"valueName":"search_term_string"}}],"inLanguage":"az"},{"@type":"Organization","@id":"https:\/\/www.meydan.tv\/az\/#organization","name":"Meydan TV","url":"https:\/\/www.meydan.tv\/az\/","logo":{"@type":"ImageObject","inLanguage":"az","@id":"https:\/\/www.meydan.tv\/az\/#\/schema\/logo\/image\/","url":"https:\/\/www.meydan.tv\/wp-content\/uploads\/2021\/07\/meydan-logo.svg","contentUrl":"https:\/\/www.meydan.tv\/wp-content\/uploads\/2021\/07\/meydan-logo.svg","width":195,"height":46,"caption":"Meydan TV"},"image":{"@id":"https:\/\/www.meydan.tv\/az\/#\/schema\/logo\/image\/"}},{"@type":"Person","@id":"https:\/\/www.meydan.tv\/az\/#\/schema\/person\/10d11eccf6da3662cf5fdab9806ea91a","name":"user-manager"}]}},"_links":{"self":[{"href":"https:\/\/www.meydan.tv\/az\/wp-json\/wp\/v2\/posts\/193626","targetHints":{"allow":["GET"]}}],"collection":[{"href":"https:\/\/www.meydan.tv\/az\/wp-json\/wp\/v2\/posts"}],"about":[{"href":"https:\/\/www.meydan.tv\/az\/wp-json\/wp\/v2\/types\/post"}],"author":[{"embeddable":true,"href":"https:\/\/www.meydan.tv\/az\/wp-json\/wp\/v2\/users\/11"}],"replies":[{"embeddable":true,"href":"https:\/\/www.meydan.tv\/az\/wp-json\/wp\/v2\/comments?post=193626"}],"version-history":[{"count":0,"href":"https:\/\/www.meydan.tv\/az\/wp-json\/wp\/v2\/posts\/193626\/revisions"}],"wp:featuredmedia":[{"embeddable":true,"href":"https:\/\/www.meydan.tv\/az\/wp-json\/wp\/v2\/media\/116403"}],"wp:attachment":[{"href":"https:\/\/www.meydan.tv\/az\/wp-json\/wp\/v2\/media?parent=193626"}],"wp:term":[{"taxonomy":"category","embeddable":true,"href":"https:\/\/www.meydan.tv\/az\/wp-json\/wp\/v2\/categories?post=193626"},{"taxonomy":"post_tag","embeddable":true,"href":"https:\/\/www.meydan.tv\/az\/wp-json\/wp\/v2\/tags?post=193626"}],"curies":[{"name":"wp","href":"https:\/\/api.w.org\/{rel}","templated":true}]}}