{"id":193621,"date":"2019-01-22T16:44:44","date_gmt":"2019-01-22T16:44:44","guid":{"rendered":"https:\/\/www.meydan.tv\/article\/kurdemirde-siniflerin-birlesdirilmesi-naraziliq-yaradib\/"},"modified":"2019-01-22T16:44:44","modified_gmt":"2019-01-22T16:44:44","slug":"kurdemirde-siniflerin-birlesdirilmesi-naraziliq-yaradib","status":"publish","type":"post","link":"https:\/\/www.meydan.tv\/az\/article\/kurdemirde-siniflerin-birlesdirilmesi-naraziliq-yaradib\/","title":{"rendered":"K\u00fcrd\u0259mird\u0259 sinifl\u0259rin birl\u0259\u015fdirilm\u0259si naraz\u0131l\u0131q yarad\u0131b"},"content":{"rendered":"<figure class=\"wp-block-image size-large\">\n  <img decoding=\"async\" src=\"https:\/\/www.meydan.tv\/az\/116385\/\" alt=\"\" class=\"wp-image-116385\"\/><figcaption><\/figcaption><\/figure>\n<p>\n  &#8220;Birincil\u0259r\u0259 veril\u0259n suala 3-c\u00fc sinfin \u015fagirdi cavab verir\u201d\n<\/p>\n<p>\n  \u201cBirinci sinfl\u0259 \u00fc\u00e7\u00fcnc\u00fcl\u0259ri, ikinci sinfl\u0259 d\u00f6rd\u00fcnc\u00fcl\u0259ri birl\u0259\u015fdirib, birg\u0259 d\u0259rs ke\u00e7irl\u0259r. Bu, harada g\u00f6r\u00fcl\u00fcb? Bel\u0259 bir \u015fey n\u0259 d\u0259r\u0259c\u0259d\u0259 do\u011frudur?\u201d\n<\/p>\n<p>\n  K\u00fcrd\u0259mir rayonu \u015e\u00fc\u015f\u00fcm k\u0259ndinin orta m\u0259kt\u0259bind\u0259 v\u0259ziyy\u0259t bel\u0259dir. Bu bar\u0259d\u0259 Meydan TV-y\u0259 dan\u0131\u015fan m\u0259kt\u0259bin 57 ya\u015fl\u0131 biologiya m\u00fc\u0259llimi v\u0259 d\u0259rs hiss\u0259 m\u00fcdiri Abdulla Abdullayev deyib ki, eyni iki sinfi birl\u0259\u015fdirm\u0259k olar, ancaq ayr\u0131, f\u0259rqli iki sinfi birl\u0259\u015fdirm\u0259k he\u00e7 bir qanuna s\u0131\u011fm\u0131r, do\u011fru deyil:\n<\/p>\n<p>\n  \u201cD\u00fczd\u00fcr, bax\u0131n, biz\u0259 yeni tipli m\u0259kt\u0259b tikibl\u0259r. Sinif otaqlar\u0131n\u0131n h\u0259r biri 31 kvadrat metrdir. Problem odur ki, m\u0259kt\u0259b yeni d\u0259 olsa, daxili probleml\u0259ri \u00e7oxdur. Deyirl\u0259r, sinifd\u0259 u\u015faq say\u0131 20-d\u0259n a\u015fa\u011f\u0131d\u0131r, bel\u0259 olmaz. G\u00f6t\u00fcr\u00fcb 1-ci sinifl\u0259 3-\u00fc, 2-ci sinifl\u0259 4-\u00fc birl\u0259\u015fdiribl\u0259r. \u0130ki sinf\u0259 birlikd\u0259 d\u0259rs ke\u00e7irl\u0259r\u201d.<\/p>\n<figure class=\"wp-block-image size-large\">\n  <img decoding=\"async\" src=\"https:\/\/www.meydan.tv\/az\/abdulla-abdullayev\/\" alt=\"Abdulla Abdullayev\" class=\"wp-image-116379\"\/><figcaption>\n    Abdulla Abdullayev<br \/>\n  <\/figcaption><\/figure>\n<p>\n  Bu qaydan\u0131 do\u011fru hesab etm\u0259y\u0259n m\u00fc\u0259llimin s\u00f6zl\u0259rin\u0259 g\u00f6r\u0259, sinif say\u0131 azald\u0131\u011f\u0131 \u00fc\u00e7\u00fcn bir ne\u00e7\u0259 n\u0259f\u0259r i\u015f\u00e7ini d\u0259 ixtisar edibl\u0259r:\n<\/p>\n<p>\n  \u201cBu, azm\u0131\u015f kimi maa\u015flar a\u015fa\u011f\u0131 d\u00fc\u015f\u00fcb. Bu, n\u0259 d\u0259r\u0259c\u0259d\u0259 do\u011frudur? F\u0259rqli ya\u015f qruplar\u0131nda, f\u0259rqli bilgil\u0259r\u0259 sahib \u015fagirdl\u0259r\u0259 birlikd\u0259 d\u0259rs ke\u00e7m\u0259k n\u0259 q\u0259d\u0259r m\u0259ntiqlidir? 1-ci sinf\u0259 veril\u0259n suala 3-c\u00fc sinfin \u015fagirdi cavab verir. N\u0259tic\u0259d\u0259 birincil\u0259r he\u00e7 n\u0259 \u00f6yr\u0259n\u0259 bilmirl\u0259r. Dig\u0259r sinfl\u0259rd\u0259 d\u0259 eynil\u0259. Sinifl\u0259rin ham\u0131s\u0131nda 19 \u015fagird t\u0259hsil al\u0131r. Qanunla birl\u0259\u015fdirilm\u0259m\u0259lidir. Lap birl\u0259\u015fdirils\u0259 d\u0259, 2 ayr\u0131 sinfi birl\u0259\u015fdir\u0259 bilm\u0259zl\u0259r. Onlar\u0131n bilik s\u0259viyy\u0259si eyni deyil ax\u0131\u201d.\n<\/p>\n<p>\n  69 ya\u015fl\u0131 k\u0259nd sakini \u0130brahim \u0130brahimovun n\u0259v\u0259l\u0259ri d\u0259 m\u0259kt\u0259blidir. Deyir, sinifl\u0259rin birl\u0259\u015fdirilm\u0259si onu da narahat edir. Ki\u00e7ik n\u0259v\u0259si d\u0259rs \u00f6yr\u0259n\u0259, anlaya bilmir:\n<\/p>\n<p>\n  \u201cM\u0259nim d\u0259 n\u0259v\u0259l\u0259rim m\u0259kt\u0259bd\u0259 oxuyur. D\u00fczd\u00fcr, m\u0259kt\u0259b yax\u015f\u0131 yerd\u0259dir, yeni tikilib. Ancaq sinifl\u0259ri birl\u0259\u015fdiribl\u0259r, t\u0259hsilin s\u0259viyy\u0259si a\u015fa\u011f\u0131 d\u00fc\u015f\u00fcb. Bundan \u0259lav\u0259, istiliyi yoxdur. N\u0259tic\u0259d\u0259 u\u015faqlar soyuq sinif otaqlar\u0131nda d\u0259rs ke\u00e7irl\u0259r, \u00fc\u015f\u00fcy\u00fcrl\u0259r. D\u00f6vl\u0259t neftl\u0259 t\u0259min etmir, valideynl\u0259r pul y\u0131\u011f\u0131b al\u0131r, n\u0259 bilim, evd\u0259n apar\u0131rlar q\u0131\u015f aylar\u0131 \u0259rzind\u0259. Halbuki m\u0259kt\u0259bin q\u0131zd\u0131r\u0131lmas\u0131 \u00fc\u00e7\u00fcn g\u00fcn\u0259 50-60 litr neft laz\u0131md\u0131r. Ancaq onu vermirl\u0259r. Valideynl\u0259r t\u0259min etm\u0259s\u0259, u\u015faqlar donur. M\u00fc\u0259lliml\u0259r, valideynl\u0259r neft almaqdan birt\u0259h\u0259r olublar. M\u0259n m\u00fcraci\u0259t etmi\u015fdim. El\u0259 bel\u0259 d\u0259 qald\u0131, bax\u0131lmad\u0131\u201d.<\/p>\n<p>  Abdulla m\u00fc\u0259llim deyir ki, d\u00fczd\u00fcr, \u0259vv\u0259lki ill\u0259rd\u0259 m\u0259kt\u0259b probleml\u0259ri daha d\u0259rin olub. M\u0259kt\u0259b k\u00f6hn\u0259, \u015f\u0259raitsiz imi\u015f:\n<\/p>\n<p>\n  \u201c\u0130ndi m\u0259kt\u0259bimiz yeni tiplidir, 220 yerlikdir, \u00e7ox g\u00f6z\u0259ldir. G\u00f6z\u0259l d\u0259 naliyy\u0259tl\u0259rimiz var. H\u0259r il 3-4 n\u0259f\u0259r ali m\u0259kt\u0259b\u0259 q\u0259bul olur. Amma m\u0259n bax\u0131ram ki, yax\u0131n g\u0259l\u0259c\u0259kd\u0259 i\u015fl\u0259rimiz \u00e7ox \u00e7\u0259tin olacaq. Sinifl\u0259rimiz 31 kvadratmetrdir. T\u0259hsil qanunlar\u0131na g\u00f6r\u0259, sinifl\u0259rd\u0259 birinci parta il\u0259 yaz\u0131 l\u00f6vh\u0259si aras\u0131ndak\u0131 m\u0259saf\u0259 \u0259n az\u0131 2 metr 50 santimetr olmal\u0131d\u0131r. Sinifl\u0259ri birl\u0259\u015fdirdikl\u0259ri \u00fc\u00e7\u00fcn partalar 3 yox, 4 s\u0131ra d\u00fcz\u00fcl\u00fcb. H\u0259r sinifd\u0259 is\u0259 az\u0131 19 n\u0259f\u0259r oldu\u011funu n\u0259z\u0259r\u0259 alsaq, bir sinifd\u0259 40-a yax\u0131n \u015fagird t\u0259hsil al\u0131r. \u00dcst\u0259lik, onlar eyni s\u0259viyy\u0259d\u0259 d\u0259 deyill\u0259r. L\u00f6vh\u0259 il\u0259 birinci parta aras\u0131 1 metr 30 santimetrdir. M\u0259nc\u0259, bunlar \u015fagirdl\u0259rin sa\u011flaml\u0131\u011f\u0131na b\u00f6y\u00fck ziyand\u0131r\u201d.\n<\/p>\n<p>\n  M\u00fc\u0259llim deyir ki, 2 ayr\u0131 sinfin birlikd\u0259 t\u0259hsil almas\u0131n\u0131n ba\u015fqa \u00e7\u0259tinlikl\u0259ri d\u0259 var. M\u0259s\u0259l\u0259n, m\u00fc\u0259llim 45 d\u0259qiq\u0259 \u0259rzind\u0259 gah 1-ci, gah 3-c\u00fc sinifl\u0259 m\u0259\u015f\u011ful olur:\n<\/p>\n<p>\n  \u201cEl aras\u0131nda buna \u201cl\u0259zgi xa\u015f\u0131l\u0131\u201d deyirl\u0259r. Birl\u0259\u015fdirm\u0259y\u0259 s\u0259b\u0259b kimi \u015fagird say\u0131n\u0131n azl\u0131\u011f\u0131n\u0131 g\u00f6st\u0259rirl\u0259r. Ancaq m\u0259n \u00f6yr\u0259nmi\u015f\u0259m ki, sinifd\u0259 \u015fa\u011f\u0131rd say\u0131 19-dan a\u015fa\u011f\u0131 olanda birl\u0259\u015fdirm\u0259k olar v\u0259 h\u0259min birl\u0259\u015fdiril\u0259n sinifl\u0259r h\u0259r ikisi eyni olmald\u0131r. Y\u0259ni 1-ci sinifl\u0259 1-ci sinfi birl\u0259\u015fdir\u0259 bil\u0259rl\u0259r. Daha 1-l\u0259 3-\u00fc yox\u201d.\n<\/p>\n<p>\n  Abdulla m\u00fc\u0259llim yaranm\u0131\u015f probleml\u0259 ba\u011fl\u0131 T\u0259hsil Nazirliyinin \u201cqaynar x\u0259tti\u201dn\u0259 m\u00fcraci\u0259t edib, cavab g\u00f6zl\u0259yir:\n<\/p>\n<p>\n  \u201cB\u0259lk\u0259 m\u0259n bilmir\u0259m, normald\u0131r. K\u00fcrd\u0259mir Rayon T\u0259hsil \u015e\u00f6b\u0259sin\u0259 d\u0259 m\u00fcraci\u0259t etmi\u015f\u0259m. G\u00f6r\u0259k nec\u0259 olacaq\u201d.<br \/>\n  \n<\/p>\n<figure class=\"wp-block-image size-large\">\n  <img decoding=\"async\" src=\"https:\/\/www.meydan.tv\/az\/sahmur-huseynov\/\" alt=\"\u015eahmur H\u00fcseynov\" class=\"wp-image-116380\"\/><figcaption>\n    \u015eahmur H\u00fcseynov<br \/>\n  <\/figcaption><\/figure>\n<p>\n  59 ya\u015fl\u0131 k\u0259nd sakini \u015eahmur H\u00fcseynovun o\u011flu da m\u0259kt\u0259blidir, 5-ci sinf\u0259 gedir. Deyir, az qal\u0131r, o\u011flunu m\u0259kt\u0259bd\u0259n \u00e7\u0131xar\u0131b, evd\u0259 oturtsun:\n<\/p>\n<p>\n  \u201cG\u00fccl\u0259 g\u00f6nd\u0259rir\u0259m. Deyir, ata \u00fc\u015f\u00fcy\u00fcr\u0259m, orada istilik yoxdur. Deyir\u0259m, camaat\u0131n u\u015fa\u011f\u0131 nec\u0259, s\u0259n d\u0259 el\u0259, get, d\u00f6z. \u00d6t\u0259n il soyu\u011fa g\u00f6r\u0259 \u00e7ox u\u015faq x\u0259st\u0259 d\u00fc\u015fd\u00fc. M\u00fc\u0259llim\u0259l\u0259r cibl\u0259rinin pulu il\u0259 u\u015faqlara d\u0259rman ald\u0131lar. Niy\u0259? Bunu etm\u0259y\u0259 borclar\u0131 yoxdur. Odur ki, h\u00f6kum\u0259t m\u0259kt\u0259bi istilikl\u0259 t\u0259min etm\u0259lidir. \u015e\u0259raitsiz bir yerd\u0259 nec\u0259 d\u0259rs oxumaq olar ax\u0131? Dona-dona da adam\u0131n ba\u015f\u0131na elm gir\u0259r? Yanacaqla t\u0259min etsinl\u0259r m\u0259kt\u0259bi. Yoxsa, m\u0259nim u\u015fa\u011f\u0131m\u0131n m\u0259kt\u0259b\u0259 getm\u0259y\u0259 taq\u0259ti yoxdur. Gedib ba\u011fdan odunumu q\u0131r\u0131b g\u0259tir\u0259c\u0259m, u\u015fa\u011f\u0131ma pe\u00e7 qalay\u0131b, onu isid\u0259c\u0259y\u0259m. Daha donsun dey\u0259 m\u0259kt\u0259b\u0259 g\u00f6nd\u0259r\u0259n deyil\u0259m\u201d.\n<\/p>\n<p>\n  Sakinl\u0259rd\u0259n Bayram\u0259li Ta\u011f\u0131yevin d\u0259 2 n\u0259v\u0259si m\u0259kt\u0259b\u0259 gedir. O da h\u0259m istilik problemind\u0259n, h\u0259m d\u0259 sinifl\u0259rin birl\u0259\u015fdirilm\u0259sind\u0259n naraz\u0131d\u0131r. Deyir, h\u0259r \u015fey t\u0259hsild\u0259n ba\u015flay\u0131r:\n<\/p>\n<figure class=\"wp-block-image size-large\">\n  <img decoding=\"async\" src=\"https:\/\/www.meydan.tv\/az\/bayrameli-tagiyev\/\" alt=\"Bayram\u0259li Ta\u011f\u0131yev\" class=\"wp-image-116394\"\/><figcaption>\n    Bayram\u0259li Ta\u011f\u0131yev<br \/>\n  <\/figcaption><\/figure>\n<p>\n  \u201cD\u00f6rd sinifi iki ota\u011fa y\u0131\u011f\u0131blar. M\u00fc\u0259llim birincil\u0259r\u0259 sad\u0259 sual verir, 3-c\u00fc sinfin \u015fagirdi ondan tez cavablay\u0131r. Bu u\u015faq bel\u0259 \u015f\u0259raitd\u0259 n\u0259 \u00f6yr\u0259nsin? M\u0259kt\u0259bin istiliyi, qaz\u0131 yox. \u0130nan\u0131n, u\u015faqlar soyuqdan donurlar. Ke\u00e7\u0259n il n\u0259v\u0259l\u0259rimin g\u00f6z\u00fc x\u0259st\u0259likd\u0259n ay\u0131lmad\u0131. Bel\u0259 v\u0259ziyy\u0259td\u0259 n\u0259s\u0259 \u00f6yr\u0259n\u0259 d\u0259 bilmirl\u0259r, n\u0259tic\u0259d\u0259 savads\u0131zl\u0131q yay\u0131l\u0131r. Bir ki\u00e7ik q\u0131\u011f\u0131lc\u0131m olan kimi ellikl\u0259 b\u00fct\u00fcn k\u0259ndin i\u015f\u0131\u011f\u0131 da k\u0259silir. U\u015faqlar yen\u0259 i\u015f\u0131q plit\u0259l\u0259rind\u0259n istifad\u0259 edirdil\u0259r, o da \u00e7\u0259tinl\u0259\u015fir. Qal\u0131rlar soyuq idar\u0259d\u0259. Valideynl\u0259rin \u00e7oxu soyu\u011fa g\u00f6r\u0259 u\u015fa\u011f\u0131n\u0131 d\u0259rs\u0259 yollam\u0131r. Bunun ax\u0131r\u0131 hara ged\u0259c\u0259k? Problem \u00e7oxdu, bilmir\u0259m, hans\u0131ndan dan\u0131\u015fam. D\u00f6vl\u0259t r\u0259hb\u0259rl\u0259ri s\u0259simizi e\u015fitsinl\u0259r, probleml\u0259rimizi h\u0259ll etsinl\u0259r\u201d.\n<\/p>\n<p>\n  Meydan TV m\u0259s\u0259l\u0259y\u0259 m\u00fcnasib\u0259t \u00f6yr\u0259nm\u0259k \u00fc\u00e7\u00fcn K\u00fcrd\u0259mir Rayon T\u0259hsil \u015e\u00f6b\u0259si il\u0259 \u0259laq\u0259 saxlay\u0131b. T\u0259hsil \u015f\u00f6b\u0259sind\u0259n bildiribl\u0259r ki, sinifl\u0259rin komplektl\u0259\u015fdirilm\u0259si, birl\u0259\u015fdirilm\u0259si normal hald\u0131r:\n<\/p>\n<p>\n  \u201cAd\u0259t\u0259n bir sinifd\u0259 20-d\u0259n a\u015fa\u011f\u0131 \u015fagird olanda birl\u0259\u015fdirirl\u0259r. Burada da v\u0259ziyy\u0259t y\u0259qin el\u0259dir. D\u00fczd\u00fcr, iki ayr\u0131 sinfi birl\u0259\u015fdiribl\u0259r. O m\u0259kt\u0259bd\u0259 h\u0259r sinfd\u0259n bir d\u0259n\u0259dir \u00e7\u00fcnki. \u0130ndi hardan alaq iki birinci sinfi? Yoxdur, y\u0259qin ona g\u00f6r\u0259 d\u0259 bel\u0259 bir \u00e7\u0131x\u0131\u015f yolu tap\u0131blar\u201d.<\/p>\n","protected":false},"excerpt":{"rendered":"<p>&#8220;Birincil\u0259r\u0259 veril\u0259n suala 3-c\u00fc sinfin \u015fagirdi cavab verir\u201d<\/p>\n","protected":false},"author":11,"featured_media":116385,"comment_status":"closed","ping_status":"open","sticky":false,"template":"","format":"standard","meta":{"_acf_changed":false,"_sitemap_exclude":false,"_sitemap_priority":"","_sitemap_frequency":"","footnotes":""},"categories":[60],"tags":[],"class_list":["post-193621","post","type-post","status-publish","format-standard","has-post-thumbnail","hentry","category-bolge","infinite-scroll-item","generate-columns","tablet-grid-50","mobile-grid-100","grid-parent","grid-33","no-featured-image-padding"],"acf":[],"yoast_head":"<!-- This site is optimized with the Yoast SEO plugin v27.4 - https:\/\/yoast.com\/product\/yoast-seo-wordpress\/ -->\n<title>K\u00fcrd\u0259mird\u0259 sinifl\u0259rin birl\u0259\u015fdirilm\u0259si naraz\u0131l\u0131q yarad\u0131b - MEYDAN.TV<\/title>\n<meta name=\"robots\" content=\"index, follow, max-snippet:-1, max-image-preview:large, max-video-preview:-1\" \/>\n<link rel=\"canonical\" href=\"https:\/\/www.meydan.tv\/az\/article\/kurdemirde-siniflerin-birlesdirilmesi-naraziliq-yaradib\/\" \/>\n<meta property=\"og:locale\" content=\"az_AZ\" \/>\n<meta property=\"og:type\" content=\"article\" \/>\n<meta property=\"og:title\" content=\"K\u00fcrd\u0259mird\u0259 sinifl\u0259rin birl\u0259\u015fdirilm\u0259si naraz\u0131l\u0131q yarad\u0131b - MEYDAN.TV\" \/>\n<meta property=\"og:description\" content=\"&quot;Birincil\u0259r\u0259 veril\u0259n suala 3-c\u00fc sinfin \u015fagirdi cavab verir\u201d\" \/>\n<meta property=\"og:url\" content=\"https:\/\/www.meydan.tv\/az\/article\/kurdemirde-siniflerin-birlesdirilmesi-naraziliq-yaradib\/\" \/>\n<meta property=\"og:site_name\" content=\"MEYDAN.TV\" \/>\n<meta property=\"article:published_time\" content=\"2019-01-22T16:44:44+00:00\" \/>\n<meta property=\"og:image\" content=\"https:\/\/www.meydan.tv\/wp-content\/uploads\/46403.jpg\" \/>\n\t<meta property=\"og:image:width\" content=\"1536\" \/>\n\t<meta property=\"og:image:height\" content=\"1073\" \/>\n\t<meta property=\"og:image:type\" content=\"image\/jpeg\" \/>\n<meta name=\"author\" content=\"user-manager\" \/>\n<meta name=\"twitter:card\" content=\"summary_large_image\" \/>\n<script type=\"application\/ld+json\" class=\"yoast-schema-graph\">{\"@context\":\"https:\\\/\\\/schema.org\",\"@graph\":[{\"@type\":\"Article\",\"@id\":\"https:\\\/\\\/www.meydan.tv\\\/az\\\/article\\\/kurdemirde-siniflerin-birlesdirilmesi-naraziliq-yaradib\\\/#article\",\"isPartOf\":{\"@id\":\"https:\\\/\\\/www.meydan.tv\\\/az\\\/article\\\/kurdemirde-siniflerin-birlesdirilmesi-naraziliq-yaradib\\\/\"},\"author\":{\"name\":\"user-manager\",\"@id\":\"https:\\\/\\\/www.meydan.tv\\\/az\\\/#\\\/schema\\\/person\\\/10d11eccf6da3662cf5fdab9806ea91a\"},\"headline\":\"K\u00fcrd\u0259mird\u0259 sinifl\u0259rin birl\u0259\u015fdirilm\u0259si naraz\u0131l\u0131q yarad\u0131b\",\"datePublished\":\"2019-01-22T16:44:44+00:00\",\"mainEntityOfPage\":{\"@id\":\"https:\\\/\\\/www.meydan.tv\\\/az\\\/article\\\/kurdemirde-siniflerin-birlesdirilmesi-naraziliq-yaradib\\\/\"},\"wordCount\":1340,\"publisher\":{\"@id\":\"https:\\\/\\\/www.meydan.tv\\\/az\\\/#organization\"},\"image\":{\"@id\":\"https:\\\/\\\/www.meydan.tv\\\/az\\\/article\\\/kurdemirde-siniflerin-birlesdirilmesi-naraziliq-yaradib\\\/#primaryimage\"},\"thumbnailUrl\":\"https:\\\/\\\/www.meydan.tv\\\/wp-content\\\/uploads\\\/46403.jpg\",\"articleSection\":[\"B\u00f6lg\u0259\"],\"inLanguage\":\"az\"},{\"@type\":\"WebPage\",\"@id\":\"https:\\\/\\\/www.meydan.tv\\\/az\\\/article\\\/kurdemirde-siniflerin-birlesdirilmesi-naraziliq-yaradib\\\/\",\"url\":\"https:\\\/\\\/www.meydan.tv\\\/az\\\/article\\\/kurdemirde-siniflerin-birlesdirilmesi-naraziliq-yaradib\\\/\",\"name\":\"K\u00fcrd\u0259mird\u0259 sinifl\u0259rin birl\u0259\u015fdirilm\u0259si naraz\u0131l\u0131q yarad\u0131b - MEYDAN.TV\",\"isPartOf\":{\"@id\":\"https:\\\/\\\/www.meydan.tv\\\/az\\\/#website\"},\"primaryImageOfPage\":{\"@id\":\"https:\\\/\\\/www.meydan.tv\\\/az\\\/article\\\/kurdemirde-siniflerin-birlesdirilmesi-naraziliq-yaradib\\\/#primaryimage\"},\"image\":{\"@id\":\"https:\\\/\\\/www.meydan.tv\\\/az\\\/article\\\/kurdemirde-siniflerin-birlesdirilmesi-naraziliq-yaradib\\\/#primaryimage\"},\"thumbnailUrl\":\"https:\\\/\\\/www.meydan.tv\\\/wp-content\\\/uploads\\\/46403.jpg\",\"datePublished\":\"2019-01-22T16:44:44+00:00\",\"breadcrumb\":{\"@id\":\"https:\\\/\\\/www.meydan.tv\\\/az\\\/article\\\/kurdemirde-siniflerin-birlesdirilmesi-naraziliq-yaradib\\\/#breadcrumb\"},\"inLanguage\":\"az\",\"potentialAction\":[{\"@type\":\"ReadAction\",\"target\":[\"https:\\\/\\\/www.meydan.tv\\\/az\\\/article\\\/kurdemirde-siniflerin-birlesdirilmesi-naraziliq-yaradib\\\/\"]}]},{\"@type\":\"ImageObject\",\"inLanguage\":\"az\",\"@id\":\"https:\\\/\\\/www.meydan.tv\\\/az\\\/article\\\/kurdemirde-siniflerin-birlesdirilmesi-naraziliq-yaradib\\\/#primaryimage\",\"url\":\"https:\\\/\\\/www.meydan.tv\\\/wp-content\\\/uploads\\\/46403.jpg\",\"contentUrl\":\"https:\\\/\\\/www.meydan.tv\\\/wp-content\\\/uploads\\\/46403.jpg\",\"width\":1536,\"height\":1073,\"caption\":\"Source:\"},{\"@type\":\"BreadcrumbList\",\"@id\":\"https:\\\/\\\/www.meydan.tv\\\/az\\\/article\\\/kurdemirde-siniflerin-birlesdirilmesi-naraziliq-yaradib\\\/#breadcrumb\",\"itemListElement\":[{\"@type\":\"ListItem\",\"position\":1,\"name\":\"Ana s\u0259hif\u0259\",\"item\":\"https:\\\/\\\/www.meydan.tv\\\/az\\\/\"},{\"@type\":\"ListItem\",\"position\":2,\"name\":\"B\u00f6lg\u0259\",\"item\":\"https:\\\/\\\/www.meydan.tv\\\/az\\\/section\\\/bolge\\\/\"},{\"@type\":\"ListItem\",\"position\":3,\"name\":\"K\u00fcrd\u0259mird\u0259 sinifl\u0259rin birl\u0259\u015fdirilm\u0259si naraz\u0131l\u0131q yarad\u0131b\"}]},{\"@type\":\"WebSite\",\"@id\":\"https:\\\/\\\/www.meydan.tv\\\/az\\\/#website\",\"url\":\"https:\\\/\\\/www.meydan.tv\\\/az\\\/\",\"name\":\"MEYDAN.TV\",\"description\":\"Meydan TV Az\u0259rbaycan\u0131n media m\u0259kan\u0131ndak\u0131 alternativ s\u0259sidir\",\"publisher\":{\"@id\":\"https:\\\/\\\/www.meydan.tv\\\/az\\\/#organization\"},\"potentialAction\":[{\"@type\":\"SearchAction\",\"target\":{\"@type\":\"EntryPoint\",\"urlTemplate\":\"https:\\\/\\\/www.meydan.tv\\\/az\\\/?s={search_term_string}\"},\"query-input\":{\"@type\":\"PropertyValueSpecification\",\"valueRequired\":true,\"valueName\":\"search_term_string\"}}],\"inLanguage\":\"az\"},{\"@type\":\"Organization\",\"@id\":\"https:\\\/\\\/www.meydan.tv\\\/az\\\/#organization\",\"name\":\"Meydan TV\",\"url\":\"https:\\\/\\\/www.meydan.tv\\\/az\\\/\",\"logo\":{\"@type\":\"ImageObject\",\"inLanguage\":\"az\",\"@id\":\"https:\\\/\\\/www.meydan.tv\\\/az\\\/#\\\/schema\\\/logo\\\/image\\\/\",\"url\":\"https:\\\/\\\/www.meydan.tv\\\/wp-content\\\/uploads\\\/2021\\\/07\\\/meydan-logo.svg\",\"contentUrl\":\"https:\\\/\\\/www.meydan.tv\\\/wp-content\\\/uploads\\\/2021\\\/07\\\/meydan-logo.svg\",\"width\":195,\"height\":46,\"caption\":\"Meydan TV\"},\"image\":{\"@id\":\"https:\\\/\\\/www.meydan.tv\\\/az\\\/#\\\/schema\\\/logo\\\/image\\\/\"}},{\"@type\":\"Person\",\"@id\":\"https:\\\/\\\/www.meydan.tv\\\/az\\\/#\\\/schema\\\/person\\\/10d11eccf6da3662cf5fdab9806ea91a\",\"name\":\"user-manager\"}]}<\/script>\n<!-- \/ Yoast SEO plugin. -->","yoast_head_json":{"title":"K\u00fcrd\u0259mird\u0259 sinifl\u0259rin birl\u0259\u015fdirilm\u0259si naraz\u0131l\u0131q yarad\u0131b - MEYDAN.TV","robots":{"index":"index","follow":"follow","max-snippet":"max-snippet:-1","max-image-preview":"max-image-preview:large","max-video-preview":"max-video-preview:-1"},"canonical":"https:\/\/www.meydan.tv\/az\/article\/kurdemirde-siniflerin-birlesdirilmesi-naraziliq-yaradib\/","og_locale":"az_AZ","og_type":"article","og_title":"K\u00fcrd\u0259mird\u0259 sinifl\u0259rin birl\u0259\u015fdirilm\u0259si naraz\u0131l\u0131q yarad\u0131b - MEYDAN.TV","og_description":"\"Birincil\u0259r\u0259 veril\u0259n suala 3-c\u00fc sinfin \u015fagirdi cavab verir\u201d","og_url":"https:\/\/www.meydan.tv\/az\/article\/kurdemirde-siniflerin-birlesdirilmesi-naraziliq-yaradib\/","og_site_name":"MEYDAN.TV","article_published_time":"2019-01-22T16:44:44+00:00","og_image":[{"width":1536,"height":1073,"url":"https:\/\/www.meydan.tv\/wp-content\/uploads\/46403.jpg","type":"image\/jpeg"}],"author":"user-manager","twitter_card":"summary_large_image","schema":{"@context":"https:\/\/schema.org","@graph":[{"@type":"Article","@id":"https:\/\/www.meydan.tv\/az\/article\/kurdemirde-siniflerin-birlesdirilmesi-naraziliq-yaradib\/#article","isPartOf":{"@id":"https:\/\/www.meydan.tv\/az\/article\/kurdemirde-siniflerin-birlesdirilmesi-naraziliq-yaradib\/"},"author":{"name":"user-manager","@id":"https:\/\/www.meydan.tv\/az\/#\/schema\/person\/10d11eccf6da3662cf5fdab9806ea91a"},"headline":"K\u00fcrd\u0259mird\u0259 sinifl\u0259rin birl\u0259\u015fdirilm\u0259si naraz\u0131l\u0131q yarad\u0131b","datePublished":"2019-01-22T16:44:44+00:00","mainEntityOfPage":{"@id":"https:\/\/www.meydan.tv\/az\/article\/kurdemirde-siniflerin-birlesdirilmesi-naraziliq-yaradib\/"},"wordCount":1340,"publisher":{"@id":"https:\/\/www.meydan.tv\/az\/#organization"},"image":{"@id":"https:\/\/www.meydan.tv\/az\/article\/kurdemirde-siniflerin-birlesdirilmesi-naraziliq-yaradib\/#primaryimage"},"thumbnailUrl":"https:\/\/www.meydan.tv\/wp-content\/uploads\/46403.jpg","articleSection":["B\u00f6lg\u0259"],"inLanguage":"az"},{"@type":"WebPage","@id":"https:\/\/www.meydan.tv\/az\/article\/kurdemirde-siniflerin-birlesdirilmesi-naraziliq-yaradib\/","url":"https:\/\/www.meydan.tv\/az\/article\/kurdemirde-siniflerin-birlesdirilmesi-naraziliq-yaradib\/","name":"K\u00fcrd\u0259mird\u0259 sinifl\u0259rin birl\u0259\u015fdirilm\u0259si naraz\u0131l\u0131q yarad\u0131b - MEYDAN.TV","isPartOf":{"@id":"https:\/\/www.meydan.tv\/az\/#website"},"primaryImageOfPage":{"@id":"https:\/\/www.meydan.tv\/az\/article\/kurdemirde-siniflerin-birlesdirilmesi-naraziliq-yaradib\/#primaryimage"},"image":{"@id":"https:\/\/www.meydan.tv\/az\/article\/kurdemirde-siniflerin-birlesdirilmesi-naraziliq-yaradib\/#primaryimage"},"thumbnailUrl":"https:\/\/www.meydan.tv\/wp-content\/uploads\/46403.jpg","datePublished":"2019-01-22T16:44:44+00:00","breadcrumb":{"@id":"https:\/\/www.meydan.tv\/az\/article\/kurdemirde-siniflerin-birlesdirilmesi-naraziliq-yaradib\/#breadcrumb"},"inLanguage":"az","potentialAction":[{"@type":"ReadAction","target":["https:\/\/www.meydan.tv\/az\/article\/kurdemirde-siniflerin-birlesdirilmesi-naraziliq-yaradib\/"]}]},{"@type":"ImageObject","inLanguage":"az","@id":"https:\/\/www.meydan.tv\/az\/article\/kurdemirde-siniflerin-birlesdirilmesi-naraziliq-yaradib\/#primaryimage","url":"https:\/\/www.meydan.tv\/wp-content\/uploads\/46403.jpg","contentUrl":"https:\/\/www.meydan.tv\/wp-content\/uploads\/46403.jpg","width":1536,"height":1073,"caption":"Source:"},{"@type":"BreadcrumbList","@id":"https:\/\/www.meydan.tv\/az\/article\/kurdemirde-siniflerin-birlesdirilmesi-naraziliq-yaradib\/#breadcrumb","itemListElement":[{"@type":"ListItem","position":1,"name":"Ana s\u0259hif\u0259","item":"https:\/\/www.meydan.tv\/az\/"},{"@type":"ListItem","position":2,"name":"B\u00f6lg\u0259","item":"https:\/\/www.meydan.tv\/az\/section\/bolge\/"},{"@type":"ListItem","position":3,"name":"K\u00fcrd\u0259mird\u0259 sinifl\u0259rin birl\u0259\u015fdirilm\u0259si naraz\u0131l\u0131q yarad\u0131b"}]},{"@type":"WebSite","@id":"https:\/\/www.meydan.tv\/az\/#website","url":"https:\/\/www.meydan.tv\/az\/","name":"MEYDAN.TV","description":"Meydan TV Az\u0259rbaycan\u0131n media m\u0259kan\u0131ndak\u0131 alternativ s\u0259sidir","publisher":{"@id":"https:\/\/www.meydan.tv\/az\/#organization"},"potentialAction":[{"@type":"SearchAction","target":{"@type":"EntryPoint","urlTemplate":"https:\/\/www.meydan.tv\/az\/?s={search_term_string}"},"query-input":{"@type":"PropertyValueSpecification","valueRequired":true,"valueName":"search_term_string"}}],"inLanguage":"az"},{"@type":"Organization","@id":"https:\/\/www.meydan.tv\/az\/#organization","name":"Meydan TV","url":"https:\/\/www.meydan.tv\/az\/","logo":{"@type":"ImageObject","inLanguage":"az","@id":"https:\/\/www.meydan.tv\/az\/#\/schema\/logo\/image\/","url":"https:\/\/www.meydan.tv\/wp-content\/uploads\/2021\/07\/meydan-logo.svg","contentUrl":"https:\/\/www.meydan.tv\/wp-content\/uploads\/2021\/07\/meydan-logo.svg","width":195,"height":46,"caption":"Meydan TV"},"image":{"@id":"https:\/\/www.meydan.tv\/az\/#\/schema\/logo\/image\/"}},{"@type":"Person","@id":"https:\/\/www.meydan.tv\/az\/#\/schema\/person\/10d11eccf6da3662cf5fdab9806ea91a","name":"user-manager"}]}},"_links":{"self":[{"href":"https:\/\/www.meydan.tv\/az\/wp-json\/wp\/v2\/posts\/193621","targetHints":{"allow":["GET"]}}],"collection":[{"href":"https:\/\/www.meydan.tv\/az\/wp-json\/wp\/v2\/posts"}],"about":[{"href":"https:\/\/www.meydan.tv\/az\/wp-json\/wp\/v2\/types\/post"}],"author":[{"embeddable":true,"href":"https:\/\/www.meydan.tv\/az\/wp-json\/wp\/v2\/users\/11"}],"replies":[{"embeddable":true,"href":"https:\/\/www.meydan.tv\/az\/wp-json\/wp\/v2\/comments?post=193621"}],"version-history":[{"count":0,"href":"https:\/\/www.meydan.tv\/az\/wp-json\/wp\/v2\/posts\/193621\/revisions"}],"wp:featuredmedia":[{"embeddable":true,"href":"https:\/\/www.meydan.tv\/az\/wp-json\/wp\/v2\/media\/116385"}],"wp:attachment":[{"href":"https:\/\/www.meydan.tv\/az\/wp-json\/wp\/v2\/media?parent=193621"}],"wp:term":[{"taxonomy":"category","embeddable":true,"href":"https:\/\/www.meydan.tv\/az\/wp-json\/wp\/v2\/categories?post=193621"},{"taxonomy":"post_tag","embeddable":true,"href":"https:\/\/www.meydan.tv\/az\/wp-json\/wp\/v2\/tags?post=193621"}],"curies":[{"name":"wp","href":"https:\/\/api.w.org\/{rel}","templated":true}]}}