{"id":193601,"date":"2019-01-21T18:12:15","date_gmt":"2019-01-21T18:12:15","guid":{"rendered":"https:\/\/www.meydan.tv\/article\/polis-reisi-dedi-ki-torpagimi-menimseyen-adamin-arxasinda-durub\/"},"modified":"2019-01-21T18:12:15","modified_gmt":"2019-01-21T18:12:15","slug":"polis-reisi-dedi-ki-torpagimi-menimseyen-adamin-arxasinda-durub","status":"publish","type":"post","link":"https:\/\/www.meydan.tv\/az\/article\/polis-reisi-dedi-ki-torpagimi-menimseyen-adamin-arxasinda-durub\/","title":{"rendered":"&#8221;Polis r\u0259isi dedi ki, torpa\u011f\u0131m\u0131 m\u0259nims\u0259y\u0259n adam\u0131n arxas\u0131nda durub&#8221;"},"content":{"rendered":"<p>\n  <i><br \/>\n    F\u00fczuli rayon sakini m\u0259hk\u0259m\u0259 q\u0259rar\u0131n\u0131n icra olunmad\u0131\u011f\u0131n\u0131 deyir<br \/>\n  <\/i>\n<\/p>\n<p>\n  <br \/>\n  \u201cF\u00fczulinin Z\u0259rg\u0259r k\u0259ndind\u0259n olan imkanl\u0131 bir k\u00f6\u00e7k\u00fcn var. Qohumlar\u0131n\u0131n ham\u0131s\u0131 polisd\u0259, v\u0259zif\u0259d\u0259 i\u015fl\u0259yir. Bunlardan istifad\u0259 edib, m\u0259nim torpa\u011f\u0131m\u0131 al\u0131b, vermir. Ev d\u0259 tikib i\u00e7ind\u0259. N\u0259 az, n\u0259 \u00e7ox, 77 sot torpaq sah\u0259sidir, qaytarm\u0131r\u201d.<br \/>\n  <br \/>\n  F\u00fczulinin K\u00fcrdmahmudlu k\u0259ndinin sakini Elxan \u018fliyev bel\u0259 deyir.\n<\/p>\n<blockquote><p>\n  S\u0259n\u0259dl\u0259 ad\u0131ma olan torpa\u011f\u0131m\u0131 z\u0259bt edib, qaytarm\u0131rlar\n<\/p><\/blockquote>\n<p>\n  E.\u018fliyev Meydan TV-y\u0259 bildirib ki, 1998-ci ild\u0259 h\u00f6kum\u0259t ona 1 hektar 77 sotluq pay torpa\u011f\u0131 verib. H\u0259min Hac\u0131 \u018fliyev adl\u0131 \u015f\u0259xs o torpaq sah\u0259sinin 77 sotunu z\u0259bt edib, qaytarm\u0131r:\n<\/p>\n<p>\n  \u201cS\u0259n\u0259dl\u0259, s\u00fcbutla, \u00f6z ad\u0131mad\u0131r. Z\u0259bt edil\u0259n 77 sotda 2 b\u00f6y\u00fck ev tikib, yol, ba\u011f sal\u0131b. Bir s\u00f6zl\u0259, ist\u0259diyini edib. \u0130ll\u0259rl\u0259 aram\u0131zda \u00e7\u0259ki\u015fm\u0259 oldu. N\u0259 icra hakimiyy\u0259ti, n\u0259 b\u0259l\u0259diyy\u0259 bacara bildi onunla. \u018flac\u0131m k\u0259sildi, 2014-c\u00fc ild\u0259 m\u0259hk\u0259m\u0259y\u0259 \u00fcz tutdum. \u0130\u015f\u0259 F\u00fczuli Rayon M\u0259hk\u0259m\u0259si baxd\u0131 v\u0259 o q\u0259na\u0259t\u0259 g\u0259ldi ki, b\u0259li, m\u0259n haql\u0131yam. Torpa\u011f\u0131m\u0131n m\u0259n\u0259 qaytar\u0131lmas\u0131 q\u0259rar\u0131n\u0131 \u00e7\u0131xard\u0131. Ancaq kim\u0259 deyirs\u0259n, yen\u0259 vecin\u0259 olmad\u0131\u201d.\n<\/p>\n<blockquote><p>\n  Bir \u00f6lk\u0259d\u0259 ki, m\u0259hk\u0259m\u0259nin q\u0259rar\u0131, prezidentin t\u0259l\u0259bi yerin\u0259 yetirilmir\n<\/p><\/blockquote>\n<p>\n  E.\u018fliyev deyir ki, Hac\u0131 \u018fliyev bir m\u00fcdd\u0259t sonra m\u0259hk\u0259m\u0259nin q\u0259rar\u0131ndan apelyasiya \u015fikay\u0259ti verib. \u0130\u015f\u0259 \u015eirvan Apelyasiya M\u0259hk\u0259m\u0259si bax\u0131b:<br \/>\n  <br \/>\n  \u201c\u0130nan\u0131n, \u015eirvan Apelyasiya M\u0259hk\u0259m\u0259si d\u0259 i\u015f\u0259 baxd\u0131 v\u0259 q\u0259rara g\u0259ldi ki, haql\u0131 olan m\u0259n\u0259m. Birinci instansiya m\u0259hk\u0259m\u0259sinin q\u0259rar\u0131n\u0131 q\u00fcvv\u0259d\u0259 saxlad\u0131. Di g\u0259l, icra m\u0259murlar\u0131 i\u015fl\u0259rini g\u00f6rm\u0259k ist\u0259mirl\u0259r. M\u0259hk\u0259m\u0259nin q\u0259rar\u0131 icraya y\u00f6n\u0259ldilib, ancaq icra edilmir. Buna g\u00f6r\u0259 \u018fdliyy\u0259 Nazirliyi v\u0259 Prezident Administrasiyas\u0131na da \u015fikay\u0259t etdim. M\u0259ktubuma cavab da ald\u0131m. Onlar da i\u015fin icra olunmas\u0131n\u0131 t\u0259l\u0259b edibl\u0259r. Ancaq edilmir, bax\u0131lm\u0131r. Qalm\u0131\u015fam pis v\u0259ziyy\u0259t\u0259. Bir \u00f6lk\u0259d\u0259 ki, m\u0259hk\u0259m\u0259nin q\u0259rar\u0131, prezidentin t\u0259l\u0259bi yerin\u0259 yetirilmir, daha kimd\u0259n n\u0259 g\u00f6zl\u0259y\u0259k?\u201d\n<\/p>\n<blockquote><p>\n  Yuxar\u0131lardan nec\u0259 tap\u015f\u0131r\u0131l\u0131bsa, he\u00e7 kim ona bata bilmir\n<\/p><\/blockquote>\n<p>\n  Elxan \u018fliyev deyir ki, m\u0259ktublar\u0131na cavab alandan sonra icra m\u0259murlar\u0131 g\u0259lib, onunla g\u00f6r\u00fc\u015f\u00fcbl\u0259r. Ancaq yen\u0259 i\u015fl\u0259rini g\u00f6rm\u0259d\u0259n \u00e7\u0131x\u0131b gedibl\u0259r:\n<\/p>\n<figure class=\"wp-block-image size-large\">\n  <img decoding=\"async\" src=\"https:\/\/www.meydan.tv\/az\/116325\/\" alt=\"\" class=\"wp-image-116325\"\/><figcaption><\/figcaption><\/figure>\n<p>\n  \u201cG\u0259ldil\u0259r, g\u00f6r\u00fc\u015fd\u00fck. Ax\u015famacan telefon qulaqlar\u0131nda dan\u0131\u015fd\u0131lar, \u00e7aydan i\u00e7ib, m\u00fcr\u0259bb\u0259d\u0259n yedil\u0259r. Sonda da \u00e7\u0131x\u0131b getdil\u0259r. El\u0259 bil deyirl\u0259r ki, buran\u0131n \u015fah\u0131 bizik. Hac\u0131 \u018fliyev kimdirs\u0259, o, prezidentd\u0259n d\u0259, nazirlikd\u0259n d\u0259 b\u00f6y\u00fck adamd\u0131 dey\u0259s\u0259n. Yuxar\u0131lardan nec\u0259 tap\u015f\u0131r\u0131l\u0131bsa, he\u00e7 kim ona bata bilmir\u201d.\n<\/p>\n<blockquote><p>\n  R\u0259is m\u0259n\u0259 dedi ki, o ki\u015fid\u0259n n\u0259 ist\u0259yirs\u0259n?\n<\/p><\/blockquote>\n<p>\n  Elxan \u018fliyev deyir ki, bu yax\u0131nlarda F\u00fczuli Rayon Polis \u0130dar\u0259sinin r\u0259isi d\u0259 onu g\u00f6r\u00fc\u015f\u0259 \u00e7a\u011f\u0131r\u0131b. O, he\u00e7 bir cinay\u0259t t\u00f6r\u0259tm\u0259diyi v\u0259 polislik bir i\u015finin olmad\u0131\u011f\u0131 \u00fc\u00e7\u00fcn \u0259vv\u0259lc\u0259 getm\u0259yib. Sonra israrla x\u0259b\u0259r g\u00f6nd\u0259rdikl\u0259ri \u00fc\u00e7\u00fcn gedib idar\u0259y\u0259:\n<\/p>\n<p>\n  \u201cDedim m\u0259n n\u0259 etmi\u015f\u0259m ki, polis\u0259 \u00e7a\u011f\u0131r\u0131rs\u0131z? R\u0259is m\u0259n\u0259 dedi ki, o ki\u015fid\u0259n n\u0259 ist\u0259yirs\u0259n? Soru\u015fdum ki\u015fi kimdi. Dedi, Hac\u0131dan \u0259l \u00e7\u0259k. Dedim, m\u0259n niy\u0259 \u0259l \u00e7\u0259kim? O, m\u0259nim torpa\u011f\u0131m\u0131 m\u0259nims\u0259yib, o, \u0259l \u00e7\u0259ksin. Dedi, onun arxas\u0131nda m\u0259n durmu\u015fam, ona he\u00e7 n\u0259 ed\u0259 bilm\u0259zs\u0259n, \u0259l \u00e7\u0259k dedims\u0259, \u0259l \u00e7\u0259km\u0259lis\u0259n. Ax\u0131rda da bildirdi ki, Hac\u0131 \u018fliyev onun i\u015f\u00e7isidir, arxas\u0131nda da o durub. Dedim, ax\u0131 1998-ci ild\u0259 d\u00f6vl\u0259t bu torpa\u011f\u0131 m\u0259n\u0259 verib. Bu, nec\u0259 olacaq? M\u0259sl\u0259h\u0259t g\u00f6rd\u00fc ki, gedib ba\u015fqa yerd\u0259n torpaq t\u0259l\u0259b edim. Bildirdim ki, verirs\u0259ns\u0259, \u00f6z i\u015f\u00e7in\u0259 ver, m\u0259nim yerim var. He\u00e7 dinl\u0259m\u0259di d\u0259. Bax\u0131n d\u0259, ham\u0131 \u00fcst\u00fcm\u0259 g\u0259lir, h\u0259tta polis r\u0259isi bel\u0259. M\u0259n\u0259 t\u0259zyiq g\u00f6st\u0259rirl\u0259r\u201d.\n<\/p>\n<blockquote><p>\n  \u0130ll\u0259rdir bu v\u0259ziyy\u0259td\u0259yik\n<\/p><\/blockquote>\n<p>\n  E.\u018fliyev haz\u0131rk\u0131 torpa\u011f\u0131ndan raz\u0131d\u0131r. Deyir, yeri yax\u015f\u0131d\u0131r, yola yax\u0131nd\u0131r:\n<\/p>\n<p>\n  \u201cVer\u0259c\u0259kl\u0259ri torpaq kim bilir harada olacaq, ist\u0259mir\u0259m, laz\u0131m deyil. Yol k\u0259nar\u0131nda, evim\u0259 yax\u0131n yeri qoyub, niy\u0259 d\u00fc\u015fm\u0259liy\u0259m d\u0259r\u0259l\u0259r\u0259? Neyl\u0259yim kilometrl\u0259rl\u0259 uzaq yerd\u0259n olan torpa\u011f\u0131? Camaat \u0259kib-bi\u00e7ir, pul qazan\u0131r, t\u0259s\u0259rr\u00fcfatla m\u0259\u015f\u011ful olur. Biz ill\u0259rdir bu v\u0259ziyy\u0259td\u0259yik\u201d.\n<\/p>\n<blockquote><p>\n  H\u0259m h\u0259yat a\u011f\u0131rd\u0131r, h\u0259m ya\u015famaq, h\u0259m d\u0259 dolan\u0131\u015f\u0131q\n<\/p><\/blockquote>\n<p>\n  \u015eikay\u0259t\u00e7i deyir ki, \u00e7\u0259tin, kas\u0131bkarl\u0131qla dolanan z\u0259hm\u0259t adam\u0131d\u0131r. Bir-birinin ard\u0131nca h\u0259yat yolda\u015f\u0131 v\u0259 q\u0131z\u0131 d\u00fcnyas\u0131n\u0131 d\u00fcnyas\u0131n\u0131 d\u0259yi\u015fib. Ald\u0131\u011f\u0131 z\u0259rb\u0259l\u0259rd\u0259n h\u0259l\u0259 d\u0259 \u00f6z\u00fcn\u0259 g\u0259lm\u0259yib:\n<\/p>\n<p>\n  \u201cBir t\u0259r\u0259fd\u0259n d\u0259 maddi \u00e7\u0259tinlikl\u0259r s\u0131x\u0131r adam\u0131. H\u0259m h\u0259yat a\u011f\u0131rd\u0131r, h\u0259m ya\u015famaq, h\u0259m d\u0259 dolan\u0131\u015f\u0131q\u201d.\n<\/p>\n<figure class=\"wp-block-image size-large\">\n  <img decoding=\"async\" src=\"https:\/\/www.meydan.tv\/az\/116322\/\" alt=\"\" class=\"wp-image-116322\"\/><figcaption><\/figcaption><\/figure>\n<p>\n  Meydan TV m\u0259s\u0259l\u0259y\u0259 m\u00fcnasib\u0259t \u00f6yr\u0259nm\u0259k \u00fc\u00e7\u00fcn K\u00fcrdmahmudlu B\u0259l\u0259diyy\u0259si il\u0259 \u0259laq\u0259 saxlay\u0131b. B\u0259l\u0259diyy\u0259nin s\u0259dri Eynulla Xudiyev F\u00fczuli rayonunun i\u015f\u011fal olunmu\u015f Z\u0259rg\u0259r k\u0259ndind\u0259n olan m\u0259cburi k\u00f6\u00e7k\u00fcn Hac\u0131 \u018fliyevin h\u0259qiq\u0259t\u0259n d\u0259 Elxan \u018fliyev\u0259 m\u0259xsus torpaqda \u00f6z\u00fcn\u0259 ev tikdiyini t\u0259sdiql\u0259yib. Onun do\u011fru etm\u0259diyini s\u00f6yl\u0259yib:\n<\/p>\n<p>\n  \u201cBiz olar\u0131n aras\u0131ndak\u0131 problemi h\u0259ll etm\u0259y\u0259 \u00e7al\u0131\u015fd\u0131q. Raz\u0131la\u015fd\u0131ra bilm\u0259dik. M\u00fcsb\u0259t n\u0259tic\u0259 almad\u0131\u011f\u0131m\u0131zdan Elxan \u018fliyev m\u0259hk\u0259m\u0259y\u0259 m\u00fcraci\u0259t etdi. Daha sonras\u0131n\u0131n nec\u0259 oldu\u011funu bilmir\u0259m\u201d.\n<\/p>\n<blockquote><p>\n  Bir yolunu tap\u0131b h\u0259ll etm\u0259y\u0259 \u00e7al\u0131\u015f\u0131r\u0131q\n<\/p><\/blockquote>\n<p>\n  F\u00fczuli Rayon \u0130cra \u015e\u00f6b\u0259sind\u0259n d\u0259 i\u015fin onlarda oldu\u011funu t\u0259sdiql\u0259yibl\u0259r. Tezlikl\u0259 problemi h\u0259ll ed\u0259c\u0259kl\u0259rini s\u00f6yl\u0259yibl\u0259r:<br \/>\n  <br \/>\n  \u201cBir az m\u00fcbahis\u0259li m\u0259s\u0259l\u0259dir. Dig\u0259ri d\u0259 m\u0259cburi k\u00f6\u00e7k\u00fcnd\u00fcr. \u00c7\u00f6l\u0259 atmaq olmur. Bir yolunu tap\u0131b h\u0259ll etm\u0259y\u0259 \u00e7al\u0131\u015f\u0131r\u0131q. Tezlikl\u0259 naraz\u0131l\u0131q aradan qald\u0131r\u0131lar\u201d.\n<\/p><\/p>\n","protected":false},"excerpt":{"rendered":"<p>F\u00fczuli rayon sakini m\u0259hk\u0259m\u0259 q\u0259rar\u0131n\u0131n icra olunmad\u0131\u011f\u0131n\u0131 deyir<\/p>\n","protected":false},"author":11,"featured_media":116313,"comment_status":"closed","ping_status":"open","sticky":false,"template":"","format":"standard","meta":{"_acf_changed":false,"_sitemap_exclude":false,"_sitemap_priority":"","_sitemap_frequency":"","footnotes":""},"categories":[60],"tags":[],"class_list":["post-193601","post","type-post","status-publish","format-standard","has-post-thumbnail","hentry","category-bolge","infinite-scroll-item","generate-columns","tablet-grid-50","mobile-grid-100","grid-parent","grid-33","no-featured-image-padding"],"acf":[],"yoast_head":"<!-- This site is optimized with the Yoast SEO plugin v27.4 - https:\/\/yoast.com\/product\/yoast-seo-wordpress\/ -->\n<title>&#039;&#039;Polis r\u0259isi dedi ki, torpa\u011f\u0131m\u0131 m\u0259nims\u0259y\u0259n adam\u0131n arxas\u0131nda durub&#039;&#039; - MEYDAN.TV<\/title>\n<meta name=\"robots\" content=\"index, follow, max-snippet:-1, max-image-preview:large, max-video-preview:-1\" \/>\n<link rel=\"canonical\" href=\"https:\/\/www.meydan.tv\/az\/article\/polis-reisi-dedi-ki-torpagimi-menimseyen-adamin-arxasinda-durub\/\" \/>\n<meta property=\"og:locale\" content=\"az_AZ\" \/>\n<meta property=\"og:type\" content=\"article\" \/>\n<meta property=\"og:title\" content=\"&#039;&#039;Polis r\u0259isi dedi ki, torpa\u011f\u0131m\u0131 m\u0259nims\u0259y\u0259n adam\u0131n arxas\u0131nda durub&#039;&#039; - MEYDAN.TV\" \/>\n<meta property=\"og:description\" content=\"F\u00fczuli rayon sakini m\u0259hk\u0259m\u0259 q\u0259rar\u0131n\u0131n icra olunmad\u0131\u011f\u0131n\u0131 deyir\" \/>\n<meta property=\"og:url\" content=\"https:\/\/www.meydan.tv\/az\/article\/polis-reisi-dedi-ki-torpagimi-menimseyen-adamin-arxasinda-durub\/\" \/>\n<meta property=\"og:site_name\" content=\"MEYDAN.TV\" \/>\n<meta property=\"article:published_time\" content=\"2019-01-21T18:12:15+00:00\" \/>\n<meta property=\"og:image\" content=\"https:\/\/www.meydan.tv\/wp-content\/uploads\/46381-scaled.jpg\" \/>\n\t<meta property=\"og:image:width\" content=\"2560\" \/>\n\t<meta property=\"og:image:height\" content=\"1920\" \/>\n\t<meta property=\"og:image:type\" content=\"image\/jpeg\" \/>\n<meta name=\"author\" content=\"user-manager\" \/>\n<meta name=\"twitter:card\" content=\"summary_large_image\" \/>\n<script type=\"application\/ld+json\" class=\"yoast-schema-graph\">{\"@context\":\"https:\\\/\\\/schema.org\",\"@graph\":[{\"@type\":\"Article\",\"@id\":\"https:\\\/\\\/www.meydan.tv\\\/az\\\/article\\\/polis-reisi-dedi-ki-torpagimi-menimseyen-adamin-arxasinda-durub\\\/#article\",\"isPartOf\":{\"@id\":\"https:\\\/\\\/www.meydan.tv\\\/az\\\/article\\\/polis-reisi-dedi-ki-torpagimi-menimseyen-adamin-arxasinda-durub\\\/\"},\"author\":{\"name\":\"user-manager\",\"@id\":\"https:\\\/\\\/www.meydan.tv\\\/az\\\/#\\\/schema\\\/person\\\/10d11eccf6da3662cf5fdab9806ea91a\"},\"headline\":\"&#8221;Polis r\u0259isi dedi ki, torpa\u011f\u0131m\u0131 m\u0259nims\u0259y\u0259n adam\u0131n arxas\u0131nda durub&#8221;\",\"datePublished\":\"2019-01-21T18:12:15+00:00\",\"mainEntityOfPage\":{\"@id\":\"https:\\\/\\\/www.meydan.tv\\\/az\\\/article\\\/polis-reisi-dedi-ki-torpagimi-menimseyen-adamin-arxasinda-durub\\\/\"},\"wordCount\":1141,\"publisher\":{\"@id\":\"https:\\\/\\\/www.meydan.tv\\\/az\\\/#organization\"},\"image\":{\"@id\":\"https:\\\/\\\/www.meydan.tv\\\/az\\\/article\\\/polis-reisi-dedi-ki-torpagimi-menimseyen-adamin-arxasinda-durub\\\/#primaryimage\"},\"thumbnailUrl\":\"https:\\\/\\\/www.meydan.tv\\\/wp-content\\\/uploads\\\/46381-scaled.jpg\",\"articleSection\":[\"B\u00f6lg\u0259\"],\"inLanguage\":\"az\"},{\"@type\":\"WebPage\",\"@id\":\"https:\\\/\\\/www.meydan.tv\\\/az\\\/article\\\/polis-reisi-dedi-ki-torpagimi-menimseyen-adamin-arxasinda-durub\\\/\",\"url\":\"https:\\\/\\\/www.meydan.tv\\\/az\\\/article\\\/polis-reisi-dedi-ki-torpagimi-menimseyen-adamin-arxasinda-durub\\\/\",\"name\":\"''Polis r\u0259isi dedi ki, torpa\u011f\u0131m\u0131 m\u0259nims\u0259y\u0259n adam\u0131n arxas\u0131nda durub'' - MEYDAN.TV\",\"isPartOf\":{\"@id\":\"https:\\\/\\\/www.meydan.tv\\\/az\\\/#website\"},\"primaryImageOfPage\":{\"@id\":\"https:\\\/\\\/www.meydan.tv\\\/az\\\/article\\\/polis-reisi-dedi-ki-torpagimi-menimseyen-adamin-arxasinda-durub\\\/#primaryimage\"},\"image\":{\"@id\":\"https:\\\/\\\/www.meydan.tv\\\/az\\\/article\\\/polis-reisi-dedi-ki-torpagimi-menimseyen-adamin-arxasinda-durub\\\/#primaryimage\"},\"thumbnailUrl\":\"https:\\\/\\\/www.meydan.tv\\\/wp-content\\\/uploads\\\/46381-scaled.jpg\",\"datePublished\":\"2019-01-21T18:12:15+00:00\",\"breadcrumb\":{\"@id\":\"https:\\\/\\\/www.meydan.tv\\\/az\\\/article\\\/polis-reisi-dedi-ki-torpagimi-menimseyen-adamin-arxasinda-durub\\\/#breadcrumb\"},\"inLanguage\":\"az\",\"potentialAction\":[{\"@type\":\"ReadAction\",\"target\":[\"https:\\\/\\\/www.meydan.tv\\\/az\\\/article\\\/polis-reisi-dedi-ki-torpagimi-menimseyen-adamin-arxasinda-durub\\\/\"]}]},{\"@type\":\"ImageObject\",\"inLanguage\":\"az\",\"@id\":\"https:\\\/\\\/www.meydan.tv\\\/az\\\/article\\\/polis-reisi-dedi-ki-torpagimi-menimseyen-adamin-arxasinda-durub\\\/#primaryimage\",\"url\":\"https:\\\/\\\/www.meydan.tv\\\/wp-content\\\/uploads\\\/46381-scaled.jpg\",\"contentUrl\":\"https:\\\/\\\/www.meydan.tv\\\/wp-content\\\/uploads\\\/46381-scaled.jpg\",\"width\":2560,\"height\":1920,\"caption\":\"Source:\"},{\"@type\":\"BreadcrumbList\",\"@id\":\"https:\\\/\\\/www.meydan.tv\\\/az\\\/article\\\/polis-reisi-dedi-ki-torpagimi-menimseyen-adamin-arxasinda-durub\\\/#breadcrumb\",\"itemListElement\":[{\"@type\":\"ListItem\",\"position\":1,\"name\":\"Ana s\u0259hif\u0259\",\"item\":\"https:\\\/\\\/www.meydan.tv\\\/az\\\/\"},{\"@type\":\"ListItem\",\"position\":2,\"name\":\"B\u00f6lg\u0259\",\"item\":\"https:\\\/\\\/www.meydan.tv\\\/az\\\/section\\\/bolge\\\/\"},{\"@type\":\"ListItem\",\"position\":3,\"name\":\"&#8221;Polis r\u0259isi dedi ki, torpa\u011f\u0131m\u0131 m\u0259nims\u0259y\u0259n adam\u0131n arxas\u0131nda durub&#8221;\"}]},{\"@type\":\"WebSite\",\"@id\":\"https:\\\/\\\/www.meydan.tv\\\/az\\\/#website\",\"url\":\"https:\\\/\\\/www.meydan.tv\\\/az\\\/\",\"name\":\"MEYDAN.TV\",\"description\":\"Meydan TV Az\u0259rbaycan\u0131n media m\u0259kan\u0131ndak\u0131 alternativ s\u0259sidir\",\"publisher\":{\"@id\":\"https:\\\/\\\/www.meydan.tv\\\/az\\\/#organization\"},\"potentialAction\":[{\"@type\":\"SearchAction\",\"target\":{\"@type\":\"EntryPoint\",\"urlTemplate\":\"https:\\\/\\\/www.meydan.tv\\\/az\\\/?s={search_term_string}\"},\"query-input\":{\"@type\":\"PropertyValueSpecification\",\"valueRequired\":true,\"valueName\":\"search_term_string\"}}],\"inLanguage\":\"az\"},{\"@type\":\"Organization\",\"@id\":\"https:\\\/\\\/www.meydan.tv\\\/az\\\/#organization\",\"name\":\"Meydan TV\",\"url\":\"https:\\\/\\\/www.meydan.tv\\\/az\\\/\",\"logo\":{\"@type\":\"ImageObject\",\"inLanguage\":\"az\",\"@id\":\"https:\\\/\\\/www.meydan.tv\\\/az\\\/#\\\/schema\\\/logo\\\/image\\\/\",\"url\":\"https:\\\/\\\/www.meydan.tv\\\/wp-content\\\/uploads\\\/2021\\\/07\\\/meydan-logo.svg\",\"contentUrl\":\"https:\\\/\\\/www.meydan.tv\\\/wp-content\\\/uploads\\\/2021\\\/07\\\/meydan-logo.svg\",\"width\":195,\"height\":46,\"caption\":\"Meydan TV\"},\"image\":{\"@id\":\"https:\\\/\\\/www.meydan.tv\\\/az\\\/#\\\/schema\\\/logo\\\/image\\\/\"}},{\"@type\":\"Person\",\"@id\":\"https:\\\/\\\/www.meydan.tv\\\/az\\\/#\\\/schema\\\/person\\\/10d11eccf6da3662cf5fdab9806ea91a\",\"name\":\"user-manager\"}]}<\/script>\n<!-- \/ Yoast SEO plugin. -->","yoast_head_json":{"title":"''Polis r\u0259isi dedi ki, torpa\u011f\u0131m\u0131 m\u0259nims\u0259y\u0259n adam\u0131n arxas\u0131nda durub'' - MEYDAN.TV","robots":{"index":"index","follow":"follow","max-snippet":"max-snippet:-1","max-image-preview":"max-image-preview:large","max-video-preview":"max-video-preview:-1"},"canonical":"https:\/\/www.meydan.tv\/az\/article\/polis-reisi-dedi-ki-torpagimi-menimseyen-adamin-arxasinda-durub\/","og_locale":"az_AZ","og_type":"article","og_title":"''Polis r\u0259isi dedi ki, torpa\u011f\u0131m\u0131 m\u0259nims\u0259y\u0259n adam\u0131n arxas\u0131nda durub'' - MEYDAN.TV","og_description":"F\u00fczuli rayon sakini m\u0259hk\u0259m\u0259 q\u0259rar\u0131n\u0131n icra olunmad\u0131\u011f\u0131n\u0131 deyir","og_url":"https:\/\/www.meydan.tv\/az\/article\/polis-reisi-dedi-ki-torpagimi-menimseyen-adamin-arxasinda-durub\/","og_site_name":"MEYDAN.TV","article_published_time":"2019-01-21T18:12:15+00:00","og_image":[{"width":2560,"height":1920,"url":"https:\/\/www.meydan.tv\/wp-content\/uploads\/46381-scaled.jpg","type":"image\/jpeg"}],"author":"user-manager","twitter_card":"summary_large_image","schema":{"@context":"https:\/\/schema.org","@graph":[{"@type":"Article","@id":"https:\/\/www.meydan.tv\/az\/article\/polis-reisi-dedi-ki-torpagimi-menimseyen-adamin-arxasinda-durub\/#article","isPartOf":{"@id":"https:\/\/www.meydan.tv\/az\/article\/polis-reisi-dedi-ki-torpagimi-menimseyen-adamin-arxasinda-durub\/"},"author":{"name":"user-manager","@id":"https:\/\/www.meydan.tv\/az\/#\/schema\/person\/10d11eccf6da3662cf5fdab9806ea91a"},"headline":"&#8221;Polis r\u0259isi dedi ki, torpa\u011f\u0131m\u0131 m\u0259nims\u0259y\u0259n adam\u0131n arxas\u0131nda durub&#8221;","datePublished":"2019-01-21T18:12:15+00:00","mainEntityOfPage":{"@id":"https:\/\/www.meydan.tv\/az\/article\/polis-reisi-dedi-ki-torpagimi-menimseyen-adamin-arxasinda-durub\/"},"wordCount":1141,"publisher":{"@id":"https:\/\/www.meydan.tv\/az\/#organization"},"image":{"@id":"https:\/\/www.meydan.tv\/az\/article\/polis-reisi-dedi-ki-torpagimi-menimseyen-adamin-arxasinda-durub\/#primaryimage"},"thumbnailUrl":"https:\/\/www.meydan.tv\/wp-content\/uploads\/46381-scaled.jpg","articleSection":["B\u00f6lg\u0259"],"inLanguage":"az"},{"@type":"WebPage","@id":"https:\/\/www.meydan.tv\/az\/article\/polis-reisi-dedi-ki-torpagimi-menimseyen-adamin-arxasinda-durub\/","url":"https:\/\/www.meydan.tv\/az\/article\/polis-reisi-dedi-ki-torpagimi-menimseyen-adamin-arxasinda-durub\/","name":"''Polis r\u0259isi dedi ki, torpa\u011f\u0131m\u0131 m\u0259nims\u0259y\u0259n adam\u0131n arxas\u0131nda durub'' - MEYDAN.TV","isPartOf":{"@id":"https:\/\/www.meydan.tv\/az\/#website"},"primaryImageOfPage":{"@id":"https:\/\/www.meydan.tv\/az\/article\/polis-reisi-dedi-ki-torpagimi-menimseyen-adamin-arxasinda-durub\/#primaryimage"},"image":{"@id":"https:\/\/www.meydan.tv\/az\/article\/polis-reisi-dedi-ki-torpagimi-menimseyen-adamin-arxasinda-durub\/#primaryimage"},"thumbnailUrl":"https:\/\/www.meydan.tv\/wp-content\/uploads\/46381-scaled.jpg","datePublished":"2019-01-21T18:12:15+00:00","breadcrumb":{"@id":"https:\/\/www.meydan.tv\/az\/article\/polis-reisi-dedi-ki-torpagimi-menimseyen-adamin-arxasinda-durub\/#breadcrumb"},"inLanguage":"az","potentialAction":[{"@type":"ReadAction","target":["https:\/\/www.meydan.tv\/az\/article\/polis-reisi-dedi-ki-torpagimi-menimseyen-adamin-arxasinda-durub\/"]}]},{"@type":"ImageObject","inLanguage":"az","@id":"https:\/\/www.meydan.tv\/az\/article\/polis-reisi-dedi-ki-torpagimi-menimseyen-adamin-arxasinda-durub\/#primaryimage","url":"https:\/\/www.meydan.tv\/wp-content\/uploads\/46381-scaled.jpg","contentUrl":"https:\/\/www.meydan.tv\/wp-content\/uploads\/46381-scaled.jpg","width":2560,"height":1920,"caption":"Source:"},{"@type":"BreadcrumbList","@id":"https:\/\/www.meydan.tv\/az\/article\/polis-reisi-dedi-ki-torpagimi-menimseyen-adamin-arxasinda-durub\/#breadcrumb","itemListElement":[{"@type":"ListItem","position":1,"name":"Ana s\u0259hif\u0259","item":"https:\/\/www.meydan.tv\/az\/"},{"@type":"ListItem","position":2,"name":"B\u00f6lg\u0259","item":"https:\/\/www.meydan.tv\/az\/section\/bolge\/"},{"@type":"ListItem","position":3,"name":"&#8221;Polis r\u0259isi dedi ki, torpa\u011f\u0131m\u0131 m\u0259nims\u0259y\u0259n adam\u0131n arxas\u0131nda durub&#8221;"}]},{"@type":"WebSite","@id":"https:\/\/www.meydan.tv\/az\/#website","url":"https:\/\/www.meydan.tv\/az\/","name":"MEYDAN.TV","description":"Meydan TV Az\u0259rbaycan\u0131n media m\u0259kan\u0131ndak\u0131 alternativ s\u0259sidir","publisher":{"@id":"https:\/\/www.meydan.tv\/az\/#organization"},"potentialAction":[{"@type":"SearchAction","target":{"@type":"EntryPoint","urlTemplate":"https:\/\/www.meydan.tv\/az\/?s={search_term_string}"},"query-input":{"@type":"PropertyValueSpecification","valueRequired":true,"valueName":"search_term_string"}}],"inLanguage":"az"},{"@type":"Organization","@id":"https:\/\/www.meydan.tv\/az\/#organization","name":"Meydan TV","url":"https:\/\/www.meydan.tv\/az\/","logo":{"@type":"ImageObject","inLanguage":"az","@id":"https:\/\/www.meydan.tv\/az\/#\/schema\/logo\/image\/","url":"https:\/\/www.meydan.tv\/wp-content\/uploads\/2021\/07\/meydan-logo.svg","contentUrl":"https:\/\/www.meydan.tv\/wp-content\/uploads\/2021\/07\/meydan-logo.svg","width":195,"height":46,"caption":"Meydan TV"},"image":{"@id":"https:\/\/www.meydan.tv\/az\/#\/schema\/logo\/image\/"}},{"@type":"Person","@id":"https:\/\/www.meydan.tv\/az\/#\/schema\/person\/10d11eccf6da3662cf5fdab9806ea91a","name":"user-manager"}]}},"_links":{"self":[{"href":"https:\/\/www.meydan.tv\/az\/wp-json\/wp\/v2\/posts\/193601","targetHints":{"allow":["GET"]}}],"collection":[{"href":"https:\/\/www.meydan.tv\/az\/wp-json\/wp\/v2\/posts"}],"about":[{"href":"https:\/\/www.meydan.tv\/az\/wp-json\/wp\/v2\/types\/post"}],"author":[{"embeddable":true,"href":"https:\/\/www.meydan.tv\/az\/wp-json\/wp\/v2\/users\/11"}],"replies":[{"embeddable":true,"href":"https:\/\/www.meydan.tv\/az\/wp-json\/wp\/v2\/comments?post=193601"}],"version-history":[{"count":0,"href":"https:\/\/www.meydan.tv\/az\/wp-json\/wp\/v2\/posts\/193601\/revisions"}],"wp:featuredmedia":[{"embeddable":true,"href":"https:\/\/www.meydan.tv\/az\/wp-json\/wp\/v2\/media\/116313"}],"wp:attachment":[{"href":"https:\/\/www.meydan.tv\/az\/wp-json\/wp\/v2\/media?parent=193601"}],"wp:term":[{"taxonomy":"category","embeddable":true,"href":"https:\/\/www.meydan.tv\/az\/wp-json\/wp\/v2\/categories?post=193601"},{"taxonomy":"post_tag","embeddable":true,"href":"https:\/\/www.meydan.tv\/az\/wp-json\/wp\/v2\/tags?post=193601"}],"curies":[{"name":"wp","href":"https:\/\/api.w.org\/{rel}","templated":true}]}}