{"id":193596,"date":"2019-01-21T16:42:42","date_gmt":"2019-01-21T16:42:42","guid":{"rendered":"https:\/\/www.meydan.tv\/article\/sehid-ailesi-gosterdiyi-bele-munasibete-gore-bu-hokumete-ayib-olsun\/"},"modified":"2019-01-21T16:42:42","modified_gmt":"2019-01-21T16:42:42","slug":"sehid-ailesi-gosterdiyi-bele-munasibete-gore-bu-hokumete-ayib-olsun","status":"publish","type":"post","link":"https:\/\/www.meydan.tv\/az\/article\/sehid-ailesi-gosterdiyi-bele-munasibete-gore-bu-hokumete-ayib-olsun\/","title":{"rendered":"\u015e\u0259hid ail\u0259si: G\u00f6st\u0259rdiyi bel\u0259 m\u00fcnasib\u0259t\u0259 g\u00f6r\u0259 bu h\u00f6kum\u0259t\u0259 ay\u0131b olsun"},"content":{"rendered":"<p>\n  <i><br \/>\n    A\u011fstafada ya\u015fayan ail\u0259 h\u00f6kum\u0259td\u0259n m\u0259nzil v\u0259 \u015f\u0259hid\u0259 g\u00f6r\u0259 veril\u0259n s\u0131\u011fortan\u0131 t\u0259l\u0259b edir<br \/>\n  <\/i>\n<\/p>\n<p>\n  \u201cAtam \u015f\u0259hid, \u00f6z\u00fcm h\u0259rbi \u0259lil\u0259m, d\u00f6vl\u0259tin b\u00fct\u00fcn qay\u011f\u0131lar\u0131ndan m\u0259hrumuq\u201d.\n<\/p>\n<p>\n  Bunu Meydan TV-t\u0259 A\u011fstafan\u0131n Yenig\u00fcn k\u0259nd sakini S\u0259rxan M\u0259rdanov deyir.\n<\/p>\n<p>\n  S\u0259rxan M\u0259rdanov 2008-ci ild\u0259 h\u0259rbi xidm\u0259td\u0259 olark\u0259n ald\u0131\u011f\u0131 x\u0259sar\u0259tl\u0259rd\u0259n \u0259lil\u0259 \u00e7evrilib. Atas\u0131 Elxan M\u0259rdanovsa h\u0259l\u0259 1994-c\u00fc ild\u0259 A\u011fdamda ged\u0259n d\u00f6y\u00fc\u015fl\u0259rd\u0259 h\u0259lak olub. Bel\u0259c\u0259, M\u0259rdanovlar ail\u0259si h\u0259m \u015f\u0259hid, h\u0259m d\u0259 h\u0259rbi \u0259lil ail\u0259sidir. Ancaq Meydan TV-y\u0259 dan\u0131\u015f\u0131rlar ki, indiy\u0259d\u0259k 133 manat m\u0259bl\u0259\u011find\u0259 pensiyadan ba\u015fqa \u015f\u0259hid ail\u0259si kimi d\u00f6vl\u0259rd\u0259n h\u0259r hans\u0131 qay\u011f\u0131 g\u00f6rm\u0259yibl\u0259r. Ya\u015fad\u0131qlar\u0131 m\u0259nzil d\u0259 d\u0259d\u0259-babadan qal\u0131b, q\u0259zal\u0131d\u0131r.\n<\/p>\n<blockquote><p>\n  Hara yaz\u0131r\u0131qsa, sora\u011f\u0131 icra hakimiyy\u0259tind\u0259n g\u0259lir\n<\/p><\/blockquote>\n<p>\n  S\u0259rxan M\u0259rdanov dan\u0131\u015f\u0131r:\n<\/p>\n<p>\n  \u201cD\u0259d\u0259-babadan qalma q\u0259zal\u0131 evd\u0259 ya\u015fay\u0131r\u0131q. M\u0259n, anam, qarda\u015f\u0131m v\u0259 ail\u0259si&#8230; Evin tavan\u0131 \u00e7\u00f6km\u00fc\u015fd\u00fc, \u00f6z\u00fcm\u00fcz taxta vurub b\u0259rkitdik. B\u00fct\u00fcn qurumlara m\u00fcraci\u0259t etmi\u015fik ki, biz\u0259 d\u0259 \u015f\u0259hid ail\u0259si kimi m\u0259nzil verilsin, ill\u0259rdir ki, m\u0259ktublar\u0131m\u0131z icra hakimiyy\u0259tin\u0259 g\u00f6nd\u0259rilir, ordansa bizi \u00e7a\u011f\u0131r\u0131b deyirl\u0259r ki, siz\u0259 m\u0259nzil verm\u0259k imkan\u0131m\u0131z yoxdur. Ya\u015fad\u0131\u011f\u0131n\u0131z m\u0259nzili t\u0259mir etm\u0259k imkan\u0131m\u0131z da yoxdur\u201d.\n<\/p>\n<blockquote><p>\n  B\u00f6y\u00fck ail\u0259 133 manat\u0131n \u00fcmidin\u0259 qal\u0131b\n<\/p><\/blockquote>\n<p>\n  Onun s\u00f6zl\u0259rin\u0259 g\u00f6r\u0259, anas\u0131 astma-bronxitd\u0259n \u0259ziyy\u0259t \u00e7\u0259kir. \u00d6z\u00fcn\u00fcn is\u0259 g\u00f6zl\u0259ri dem\u0259k olar ki, g\u00f6rm\u00fcr, qaraciy\u0259ri d\u0259 b\u0259rbad v\u0259ziyy\u0259td\u0259dir. Qarda\u015f\u0131 ail\u0259lidir, o da ail\u0259siyl\u0259 birlikd\u0259 eyni evd\u0259 ya\u015fay\u0131r:\n<\/p>\n<figure class=\"wp-block-image size-large\">\n  <img decoding=\"async\" src=\"https:\/\/www.meydan.tv\/az\/116280\/\" alt=\"\" class=\"wp-image-116280\"\/><figcaption><\/figcaption><\/figure>\n<p>\n  \u201cQarda\u015f\u0131m ail\u0259siyl\u0259 bizd\u0259 ya\u015fay\u0131r dey\u0259 m\u0259n ail\u0259 qura bilmir\u0259m. Ya\u015fama\u011fa ev, \u015f\u0259rait yoxdur. Ham\u0131m\u0131z i\u015fsizik, i\u015f \u00fc\u00e7\u00fcn hara m\u00fcraci\u0259t ediriks\u0259, deyirl\u0259r, \u00f6lk\u0259d\u0259 i\u015f yoxdur, s\u0259n\u0259 hardan i\u015f tapaq&#8230; Atam\u0131n \u015f\u0259hidliyin\u0259 g\u00f6r\u0259 anama veril\u0259n 133 manat pensiya il\u0259 dolan\u0131r\u0131q. Bu yax\u0131nlarda g\u0259lmi\u015fdil\u0259r qaz\u0131 k\u0259ssinl\u0259r, borcu \u00f6d\u0259y\u0259 bilmirik. Han\u0131 \u015f\u0259hid ail\u0259l\u0259rin\u0259 qay\u011f\u0131, han\u0131 tikil\u0259n evl\u0259r? A\u011fstafan\u0131n m\u0259rk\u0259zind\u0259 \u015f\u0259hid ail\u0259l\u0259rin\u0259 binalar tikildi, e\u015fitdiyimiz\u0259 g\u00f6r\u0259 orada el\u0259 ail\u0259l\u0259r ya\u015fay\u0131r ki, \u015f\u0259hidi olmay\u0131b\u201d.\n<\/p>\n<p>\n  M\u0259rdanovlar ail\u0259si m\u0259nzill\u0259 ba\u011fl\u0131 rayondak\u0131 qurumlara m\u00fcraci\u0259t ets\u0259l\u0259r d\u0259, faydas\u0131 olmay\u0131b. Ona g\u00f6r\u0259 d\u0259 Bak\u0131ya \u00fcz tutublar. Ancaq h\u0259r d\u0259f\u0259 Prezident Administrasiyas\u0131na yazd\u0131qlar\u0131 m\u0259ktublara yerli icra hakimiyy\u0259tind\u0259n \u015fifahi cavab verilir.\n<\/p>\n<p>\n  <b><br \/>\n    <i><br \/>\n      Hamam yoxdur, qon\u015fularda yuyunuruq<br \/>\n    <\/i><br \/>\n  <\/b>\n<\/p>\n<p>\n  \u201cB\u0259lk\u0259 y\u00fczl\u0259rl\u0259 m\u0259ktub yazm\u0131\u015f\u0131q. H\u0259r d\u0259f\u0259 bizi icra hakimiyy\u0259tin\u0259 \u00e7a\u011f\u0131r\u0131b \u015fifahi bildirirl\u0259r ki, ad\u0131n\u0131zda ev var, ona g\u00f6r\u0259 d\u0259 sizin ad\u0131n\u0131z\u0131 m\u0259nzil siyah\u0131s\u0131na sala bilmirik. Tutaq ki, m\u0259nim ad\u0131ma ev var, ax\u0131 bu dar\u0131sqal evd\u0259 ana, iki o\u011ful v\u0259 o\u011fullardan birinin ail\u0259si ya\u015fay\u0131r. M\u0259nim qarda\u015f\u0131m ail\u0259lidir, eyni evd\u0259 ya\u015fay\u0131r\u0131q, m\u0259n evim olmad\u0131\u011f\u0131na g\u00f6r\u0259 ail\u0259 qura bilmir\u0259m. Ayd\u0131n m\u0259s\u0259l\u0259dir ki, ev verdikl\u0259ri he\u00e7 bir \u015f\u0259hid ail\u0259si k\u00fc\u00e7\u0259d\u0259 ya\u015fam\u0131r. Evi \u015f\u0259hid ail\u0259sinin m\u0259nzil \u015f\u0259raitinin yax\u015f\u0131la\u015fd\u0131r\u0131lmas\u0131 \u00fc\u00e7\u00fcn verirl\u0259r. Bizim d\u0259 \u015f\u0259raitimiz, v\u0259ziyy\u0259timiz d\u00f6z\u00fclm\u0259zdir,\u201d \u2013 S\u0259rxan M\u0259rdanov deyir.\n<\/p>\n<figure class=\"wp-block-image size-large\">\n  <img decoding=\"async\" src=\"https:\/\/www.meydan.tv\/az\/116283\/\" alt=\"\" class=\"wp-image-116283\"\/><figcaption><\/figcaption><\/figure>\n<p>\n  M\u0259rdanovlar ail\u0259si m\u0259nzill\u0259 t\u0259min olunmaqdan \u0259l \u00fcz\u0259nd\u0259n sonra bu d\u0259f\u0259 ya\u015fad\u0131qlar\u0131 evin t\u0259mir olunmas\u0131na k\u00f6m\u0259k \u00fc\u00e7\u00fcn m\u00fcraci\u0259t edibl\u0259r. Ancaq h\u0259r d\u0259f\u0259 d\u0259 cavab g\u0259lib ki, icra hakimiyy\u0259tinin buna imkan\u0131 yoxdur. S\u0259rxan M\u0259rdanov deyir ki, imkans\u0131zl\u0131qdan indiy\u0259d\u0259k hamam d\u00fcz\u0259ld\u0259 bilm\u0259yibl\u0259r. Qon\u015fularda yuyunurlar:\n<\/p>\n<p>\n  \u201cHe\u00e7 hamam\u0131m\u0131z da yoxdur, qon\u015fularda yuyunuruq, pal-paltar\u0131m\u0131z\u0131 qon\u015fularda yuyuruq. 133 manat\u0131 \u00e7\u00f6r\u0259y\u0259 ver\u0259k, hamam tik\u0259k, ya evin tavan\u0131n\u0131 d\u00fcz\u0259ld\u0259k? \u015e\u0259hidin, h\u0259rbi \u0259lilin ail\u0259si qon\u015fularda yuyunur. G\u00f6st\u0259rdiyi bel\u0259 m\u00fcnasib\u0259t\u0259 g\u00f6r\u0259 bu h\u00f6kum\u0259t\u0259 ay\u0131b olsun\u201d.\n<\/p>\n<blockquote><p>\n  Qanpulunu vermirl\u0259r\n<\/p><\/blockquote>\n<p>\n  D\u0259rd bununla da bitmir. M\u0259rdanovlar ail\u0259si \u015f\u0259hid ail\u0259l\u0259rin\u0259 veril\u0259n 11 min manat m\u0259bl\u0259\u011find\u0259 s\u0131\u011fortan\u0131 da ala bilmir:\n<\/p>\n<p>\n  \u201c\u00dcz\u00fcm\u00fcz\u0259 dir\u0259\u015firl\u0259r ki, alm\u0131s\u0131z&#8230; Deyirik, n\u0259 vaxt ald\u0131q, kimd\u0259n ald\u0131q ki, x\u0259b\u0259rimiz olmad\u0131. Bir s\u0259n\u0259d qoyun ortaya ki, o pulu biz\u0259 \u00f6d\u0259misiz&#8230; Deyril\u0259r, arxiv yan\u0131b, s\u0259n\u0259dl\u0259r d\u0259 yan\u0131b. Nec\u0259 odur ki, h\u0259mi\u015f\u0259 yan\u011f\u0131nlar el\u0259 arxivl\u0259rd\u0259 ba\u015f verir&#8230; N\u0259 f\u0131r\u0131ldaqlar\u0131 olursa, y\u0131x\u0131rlar yand\u0131rd\u0131qlar\u0131 arxivin \u00fcst\u00fcn\u0259&#8230;\u201d\n<\/p>\n<figure class=\"wp-block-image size-large\">\n  <img decoding=\"async\" src=\"https:\/\/www.meydan.tv\/az\/116286\/\" alt=\"\" class=\"wp-image-116286\"\/><figcaption><\/figcaption><\/figure>\n<p>\n  A\u011fstafa Rayon \u0130cra Hakimiyy\u0259tind\u0259n bildirilib ki, M\u0259rdanovlar ail\u0259sinin m\u00fcraci\u0259ti \u0259sas\u0131nda onlar\u0131n ya\u015fad\u0131qlar\u0131 \u00fcnvana ged\u0259n icra hakimiyy\u0259tinin i\u015f\u00e7il\u0259ri m\u0259nzil\u0259 bax\u0131\u015f ke\u00e7iribl\u0259r. Sonuncu d\u0259f\u0259 \u00f6t\u0259n ilin noyabr\u0131nda m\u0259nzil\u0259 t\u0259krar bax\u0131\u015f ke\u00e7irilib. Ancaq ail\u0259y\u0259 tikinti materiallar\u0131 il\u0259 k\u00f6m\u0259k etm\u0259k \u00fc\u00e7\u00fcn icra hakimiyy\u0259tind\u0259 v\u0259sait yoxdur.\n<\/p>\n<p>\n  \u015e\u0259hid ail\u0259sinin m\u0259nzil m\u0259s\u0259l\u0259sin\u0259 g\u0259linc\u0259, qurumdan bildirilib ki, ail\u0259nin t\u0259qdim etdiyi s\u0259n\u0259dl\u0259r bir daha g\u00f6zd\u0259n ke\u00e7iril\u0259c\u0259k v\u0259 m\u00fcvafiq qurumlara g\u00f6nd\u0259ril\u0259c\u0259k.\n<\/p>\n<p>\n  S\u0131\u011fortaya g\u0259linc\u0259, qurumdan deyilib ki, bu m\u0259s\u0259l\u0259nin ara\u015fd\u0131r\u0131lmas\u0131 onlar\u0131n v\u0259zif\u0259sin\u0259 daxil deyil. \u015e\u0259hid ail\u0259si bu m\u0259s\u0259l\u0259l\u0259r\u0259 cavabdeh olan qurumun h\u0259r\u0259k\u0259tl\u0259rind\u0259n m\u0259hk\u0259m\u0259y\u0259 m\u00fcraci\u0259t ed\u0259 bil\u0259r.<\/p>\n","protected":false},"excerpt":{"rendered":"<p>A\u011fstafada ya\u015fayan ail\u0259 h\u00f6kum\u0259td\u0259n m\u0259nzil v\u0259 \u015f\u0259hid\u0259 g\u00f6r\u0259 veril\u0259n s\u0131\u011fortan\u0131 t\u0259l\u0259b edir<\/p>\n","protected":false},"author":11,"featured_media":116277,"comment_status":"closed","ping_status":"open","sticky":false,"template":"","format":"standard","meta":{"_acf_changed":false,"_sitemap_exclude":false,"_sitemap_priority":"","_sitemap_frequency":"","footnotes":""},"categories":[60],"tags":[],"class_list":["post-193596","post","type-post","status-publish","format-standard","has-post-thumbnail","hentry","category-bolge","infinite-scroll-item","generate-columns","tablet-grid-50","mobile-grid-100","grid-parent","grid-33","no-featured-image-padding"],"acf":[],"yoast_head":"<!-- This site is optimized with the Yoast SEO plugin v27.4 - https:\/\/yoast.com\/product\/yoast-seo-wordpress\/ -->\n<title>\u015e\u0259hid ail\u0259si: G\u00f6st\u0259rdiyi bel\u0259 m\u00fcnasib\u0259t\u0259 g\u00f6r\u0259 bu h\u00f6kum\u0259t\u0259 ay\u0131b olsun - MEYDAN.TV<\/title>\n<meta name=\"robots\" content=\"index, follow, max-snippet:-1, max-image-preview:large, max-video-preview:-1\" \/>\n<link rel=\"canonical\" href=\"https:\/\/www.meydan.tv\/az\/article\/sehid-ailesi-gosterdiyi-bele-munasibete-gore-bu-hokumete-ayib-olsun\/\" \/>\n<meta property=\"og:locale\" content=\"az_AZ\" \/>\n<meta property=\"og:type\" content=\"article\" \/>\n<meta property=\"og:title\" content=\"\u015e\u0259hid ail\u0259si: G\u00f6st\u0259rdiyi bel\u0259 m\u00fcnasib\u0259t\u0259 g\u00f6r\u0259 bu h\u00f6kum\u0259t\u0259 ay\u0131b olsun - MEYDAN.TV\" \/>\n<meta property=\"og:description\" content=\"A\u011fstafada ya\u015fayan ail\u0259 h\u00f6kum\u0259td\u0259n m\u0259nzil v\u0259 \u015f\u0259hid\u0259 g\u00f6r\u0259 veril\u0259n s\u0131\u011fortan\u0131 t\u0259l\u0259b edir\" \/>\n<meta property=\"og:url\" content=\"https:\/\/www.meydan.tv\/az\/article\/sehid-ailesi-gosterdiyi-bele-munasibete-gore-bu-hokumete-ayib-olsun\/\" \/>\n<meta property=\"og:site_name\" content=\"MEYDAN.TV\" \/>\n<meta property=\"article:published_time\" content=\"2019-01-21T16:42:42+00:00\" \/>\n<meta property=\"og:image\" content=\"https:\/\/www.meydan.tv\/wp-content\/uploads\/46368.jpg\" \/>\n\t<meta property=\"og:image:width\" content=\"1280\" \/>\n\t<meta property=\"og:image:height\" content=\"956\" \/>\n\t<meta property=\"og:image:type\" content=\"image\/jpeg\" \/>\n<meta name=\"author\" content=\"user-manager\" \/>\n<meta name=\"twitter:card\" content=\"summary_large_image\" \/>\n<script type=\"application\/ld+json\" class=\"yoast-schema-graph\">{\"@context\":\"https:\\\/\\\/schema.org\",\"@graph\":[{\"@type\":\"Article\",\"@id\":\"https:\\\/\\\/www.meydan.tv\\\/az\\\/article\\\/sehid-ailesi-gosterdiyi-bele-munasibete-gore-bu-hokumete-ayib-olsun\\\/#article\",\"isPartOf\":{\"@id\":\"https:\\\/\\\/www.meydan.tv\\\/az\\\/article\\\/sehid-ailesi-gosterdiyi-bele-munasibete-gore-bu-hokumete-ayib-olsun\\\/\"},\"author\":{\"name\":\"user-manager\",\"@id\":\"https:\\\/\\\/www.meydan.tv\\\/az\\\/#\\\/schema\\\/person\\\/10d11eccf6da3662cf5fdab9806ea91a\"},\"headline\":\"\u015e\u0259hid ail\u0259si: G\u00f6st\u0259rdiyi bel\u0259 m\u00fcnasib\u0259t\u0259 g\u00f6r\u0259 bu h\u00f6kum\u0259t\u0259 ay\u0131b olsun\",\"datePublished\":\"2019-01-21T16:42:42+00:00\",\"mainEntityOfPage\":{\"@id\":\"https:\\\/\\\/www.meydan.tv\\\/az\\\/article\\\/sehid-ailesi-gosterdiyi-bele-munasibete-gore-bu-hokumete-ayib-olsun\\\/\"},\"wordCount\":1049,\"publisher\":{\"@id\":\"https:\\\/\\\/www.meydan.tv\\\/az\\\/#organization\"},\"image\":{\"@id\":\"https:\\\/\\\/www.meydan.tv\\\/az\\\/article\\\/sehid-ailesi-gosterdiyi-bele-munasibete-gore-bu-hokumete-ayib-olsun\\\/#primaryimage\"},\"thumbnailUrl\":\"https:\\\/\\\/www.meydan.tv\\\/wp-content\\\/uploads\\\/46368.jpg\",\"articleSection\":[\"B\u00f6lg\u0259\"],\"inLanguage\":\"az\"},{\"@type\":\"WebPage\",\"@id\":\"https:\\\/\\\/www.meydan.tv\\\/az\\\/article\\\/sehid-ailesi-gosterdiyi-bele-munasibete-gore-bu-hokumete-ayib-olsun\\\/\",\"url\":\"https:\\\/\\\/www.meydan.tv\\\/az\\\/article\\\/sehid-ailesi-gosterdiyi-bele-munasibete-gore-bu-hokumete-ayib-olsun\\\/\",\"name\":\"\u015e\u0259hid ail\u0259si: G\u00f6st\u0259rdiyi bel\u0259 m\u00fcnasib\u0259t\u0259 g\u00f6r\u0259 bu h\u00f6kum\u0259t\u0259 ay\u0131b olsun - MEYDAN.TV\",\"isPartOf\":{\"@id\":\"https:\\\/\\\/www.meydan.tv\\\/az\\\/#website\"},\"primaryImageOfPage\":{\"@id\":\"https:\\\/\\\/www.meydan.tv\\\/az\\\/article\\\/sehid-ailesi-gosterdiyi-bele-munasibete-gore-bu-hokumete-ayib-olsun\\\/#primaryimage\"},\"image\":{\"@id\":\"https:\\\/\\\/www.meydan.tv\\\/az\\\/article\\\/sehid-ailesi-gosterdiyi-bele-munasibete-gore-bu-hokumete-ayib-olsun\\\/#primaryimage\"},\"thumbnailUrl\":\"https:\\\/\\\/www.meydan.tv\\\/wp-content\\\/uploads\\\/46368.jpg\",\"datePublished\":\"2019-01-21T16:42:42+00:00\",\"breadcrumb\":{\"@id\":\"https:\\\/\\\/www.meydan.tv\\\/az\\\/article\\\/sehid-ailesi-gosterdiyi-bele-munasibete-gore-bu-hokumete-ayib-olsun\\\/#breadcrumb\"},\"inLanguage\":\"az\",\"potentialAction\":[{\"@type\":\"ReadAction\",\"target\":[\"https:\\\/\\\/www.meydan.tv\\\/az\\\/article\\\/sehid-ailesi-gosterdiyi-bele-munasibete-gore-bu-hokumete-ayib-olsun\\\/\"]}]},{\"@type\":\"ImageObject\",\"inLanguage\":\"az\",\"@id\":\"https:\\\/\\\/www.meydan.tv\\\/az\\\/article\\\/sehid-ailesi-gosterdiyi-bele-munasibete-gore-bu-hokumete-ayib-olsun\\\/#primaryimage\",\"url\":\"https:\\\/\\\/www.meydan.tv\\\/wp-content\\\/uploads\\\/46368.jpg\",\"contentUrl\":\"https:\\\/\\\/www.meydan.tv\\\/wp-content\\\/uploads\\\/46368.jpg\",\"width\":1280,\"height\":956,\"caption\":\"Source:\"},{\"@type\":\"BreadcrumbList\",\"@id\":\"https:\\\/\\\/www.meydan.tv\\\/az\\\/article\\\/sehid-ailesi-gosterdiyi-bele-munasibete-gore-bu-hokumete-ayib-olsun\\\/#breadcrumb\",\"itemListElement\":[{\"@type\":\"ListItem\",\"position\":1,\"name\":\"Ana s\u0259hif\u0259\",\"item\":\"https:\\\/\\\/www.meydan.tv\\\/az\\\/\"},{\"@type\":\"ListItem\",\"position\":2,\"name\":\"B\u00f6lg\u0259\",\"item\":\"https:\\\/\\\/www.meydan.tv\\\/az\\\/section\\\/bolge\\\/\"},{\"@type\":\"ListItem\",\"position\":3,\"name\":\"\u015e\u0259hid ail\u0259si: G\u00f6st\u0259rdiyi bel\u0259 m\u00fcnasib\u0259t\u0259 g\u00f6r\u0259 bu h\u00f6kum\u0259t\u0259 ay\u0131b olsun\"}]},{\"@type\":\"WebSite\",\"@id\":\"https:\\\/\\\/www.meydan.tv\\\/az\\\/#website\",\"url\":\"https:\\\/\\\/www.meydan.tv\\\/az\\\/\",\"name\":\"MEYDAN.TV\",\"description\":\"Meydan TV Az\u0259rbaycan\u0131n media m\u0259kan\u0131ndak\u0131 alternativ s\u0259sidir\",\"publisher\":{\"@id\":\"https:\\\/\\\/www.meydan.tv\\\/az\\\/#organization\"},\"potentialAction\":[{\"@type\":\"SearchAction\",\"target\":{\"@type\":\"EntryPoint\",\"urlTemplate\":\"https:\\\/\\\/www.meydan.tv\\\/az\\\/?s={search_term_string}\"},\"query-input\":{\"@type\":\"PropertyValueSpecification\",\"valueRequired\":true,\"valueName\":\"search_term_string\"}}],\"inLanguage\":\"az\"},{\"@type\":\"Organization\",\"@id\":\"https:\\\/\\\/www.meydan.tv\\\/az\\\/#organization\",\"name\":\"Meydan TV\",\"url\":\"https:\\\/\\\/www.meydan.tv\\\/az\\\/\",\"logo\":{\"@type\":\"ImageObject\",\"inLanguage\":\"az\",\"@id\":\"https:\\\/\\\/www.meydan.tv\\\/az\\\/#\\\/schema\\\/logo\\\/image\\\/\",\"url\":\"https:\\\/\\\/www.meydan.tv\\\/wp-content\\\/uploads\\\/2021\\\/07\\\/meydan-logo.svg\",\"contentUrl\":\"https:\\\/\\\/www.meydan.tv\\\/wp-content\\\/uploads\\\/2021\\\/07\\\/meydan-logo.svg\",\"width\":195,\"height\":46,\"caption\":\"Meydan TV\"},\"image\":{\"@id\":\"https:\\\/\\\/www.meydan.tv\\\/az\\\/#\\\/schema\\\/logo\\\/image\\\/\"}},{\"@type\":\"Person\",\"@id\":\"https:\\\/\\\/www.meydan.tv\\\/az\\\/#\\\/schema\\\/person\\\/10d11eccf6da3662cf5fdab9806ea91a\",\"name\":\"user-manager\"}]}<\/script>\n<!-- \/ Yoast SEO plugin. -->","yoast_head_json":{"title":"\u015e\u0259hid ail\u0259si: G\u00f6st\u0259rdiyi bel\u0259 m\u00fcnasib\u0259t\u0259 g\u00f6r\u0259 bu h\u00f6kum\u0259t\u0259 ay\u0131b olsun - MEYDAN.TV","robots":{"index":"index","follow":"follow","max-snippet":"max-snippet:-1","max-image-preview":"max-image-preview:large","max-video-preview":"max-video-preview:-1"},"canonical":"https:\/\/www.meydan.tv\/az\/article\/sehid-ailesi-gosterdiyi-bele-munasibete-gore-bu-hokumete-ayib-olsun\/","og_locale":"az_AZ","og_type":"article","og_title":"\u015e\u0259hid ail\u0259si: G\u00f6st\u0259rdiyi bel\u0259 m\u00fcnasib\u0259t\u0259 g\u00f6r\u0259 bu h\u00f6kum\u0259t\u0259 ay\u0131b olsun - MEYDAN.TV","og_description":"A\u011fstafada ya\u015fayan ail\u0259 h\u00f6kum\u0259td\u0259n m\u0259nzil v\u0259 \u015f\u0259hid\u0259 g\u00f6r\u0259 veril\u0259n s\u0131\u011fortan\u0131 t\u0259l\u0259b edir","og_url":"https:\/\/www.meydan.tv\/az\/article\/sehid-ailesi-gosterdiyi-bele-munasibete-gore-bu-hokumete-ayib-olsun\/","og_site_name":"MEYDAN.TV","article_published_time":"2019-01-21T16:42:42+00:00","og_image":[{"width":1280,"height":956,"url":"https:\/\/www.meydan.tv\/wp-content\/uploads\/46368.jpg","type":"image\/jpeg"}],"author":"user-manager","twitter_card":"summary_large_image","schema":{"@context":"https:\/\/schema.org","@graph":[{"@type":"Article","@id":"https:\/\/www.meydan.tv\/az\/article\/sehid-ailesi-gosterdiyi-bele-munasibete-gore-bu-hokumete-ayib-olsun\/#article","isPartOf":{"@id":"https:\/\/www.meydan.tv\/az\/article\/sehid-ailesi-gosterdiyi-bele-munasibete-gore-bu-hokumete-ayib-olsun\/"},"author":{"name":"user-manager","@id":"https:\/\/www.meydan.tv\/az\/#\/schema\/person\/10d11eccf6da3662cf5fdab9806ea91a"},"headline":"\u015e\u0259hid ail\u0259si: G\u00f6st\u0259rdiyi bel\u0259 m\u00fcnasib\u0259t\u0259 g\u00f6r\u0259 bu h\u00f6kum\u0259t\u0259 ay\u0131b olsun","datePublished":"2019-01-21T16:42:42+00:00","mainEntityOfPage":{"@id":"https:\/\/www.meydan.tv\/az\/article\/sehid-ailesi-gosterdiyi-bele-munasibete-gore-bu-hokumete-ayib-olsun\/"},"wordCount":1049,"publisher":{"@id":"https:\/\/www.meydan.tv\/az\/#organization"},"image":{"@id":"https:\/\/www.meydan.tv\/az\/article\/sehid-ailesi-gosterdiyi-bele-munasibete-gore-bu-hokumete-ayib-olsun\/#primaryimage"},"thumbnailUrl":"https:\/\/www.meydan.tv\/wp-content\/uploads\/46368.jpg","articleSection":["B\u00f6lg\u0259"],"inLanguage":"az"},{"@type":"WebPage","@id":"https:\/\/www.meydan.tv\/az\/article\/sehid-ailesi-gosterdiyi-bele-munasibete-gore-bu-hokumete-ayib-olsun\/","url":"https:\/\/www.meydan.tv\/az\/article\/sehid-ailesi-gosterdiyi-bele-munasibete-gore-bu-hokumete-ayib-olsun\/","name":"\u015e\u0259hid ail\u0259si: G\u00f6st\u0259rdiyi bel\u0259 m\u00fcnasib\u0259t\u0259 g\u00f6r\u0259 bu h\u00f6kum\u0259t\u0259 ay\u0131b olsun - MEYDAN.TV","isPartOf":{"@id":"https:\/\/www.meydan.tv\/az\/#website"},"primaryImageOfPage":{"@id":"https:\/\/www.meydan.tv\/az\/article\/sehid-ailesi-gosterdiyi-bele-munasibete-gore-bu-hokumete-ayib-olsun\/#primaryimage"},"image":{"@id":"https:\/\/www.meydan.tv\/az\/article\/sehid-ailesi-gosterdiyi-bele-munasibete-gore-bu-hokumete-ayib-olsun\/#primaryimage"},"thumbnailUrl":"https:\/\/www.meydan.tv\/wp-content\/uploads\/46368.jpg","datePublished":"2019-01-21T16:42:42+00:00","breadcrumb":{"@id":"https:\/\/www.meydan.tv\/az\/article\/sehid-ailesi-gosterdiyi-bele-munasibete-gore-bu-hokumete-ayib-olsun\/#breadcrumb"},"inLanguage":"az","potentialAction":[{"@type":"ReadAction","target":["https:\/\/www.meydan.tv\/az\/article\/sehid-ailesi-gosterdiyi-bele-munasibete-gore-bu-hokumete-ayib-olsun\/"]}]},{"@type":"ImageObject","inLanguage":"az","@id":"https:\/\/www.meydan.tv\/az\/article\/sehid-ailesi-gosterdiyi-bele-munasibete-gore-bu-hokumete-ayib-olsun\/#primaryimage","url":"https:\/\/www.meydan.tv\/wp-content\/uploads\/46368.jpg","contentUrl":"https:\/\/www.meydan.tv\/wp-content\/uploads\/46368.jpg","width":1280,"height":956,"caption":"Source:"},{"@type":"BreadcrumbList","@id":"https:\/\/www.meydan.tv\/az\/article\/sehid-ailesi-gosterdiyi-bele-munasibete-gore-bu-hokumete-ayib-olsun\/#breadcrumb","itemListElement":[{"@type":"ListItem","position":1,"name":"Ana s\u0259hif\u0259","item":"https:\/\/www.meydan.tv\/az\/"},{"@type":"ListItem","position":2,"name":"B\u00f6lg\u0259","item":"https:\/\/www.meydan.tv\/az\/section\/bolge\/"},{"@type":"ListItem","position":3,"name":"\u015e\u0259hid ail\u0259si: G\u00f6st\u0259rdiyi bel\u0259 m\u00fcnasib\u0259t\u0259 g\u00f6r\u0259 bu h\u00f6kum\u0259t\u0259 ay\u0131b olsun"}]},{"@type":"WebSite","@id":"https:\/\/www.meydan.tv\/az\/#website","url":"https:\/\/www.meydan.tv\/az\/","name":"MEYDAN.TV","description":"Meydan TV Az\u0259rbaycan\u0131n media m\u0259kan\u0131ndak\u0131 alternativ s\u0259sidir","publisher":{"@id":"https:\/\/www.meydan.tv\/az\/#organization"},"potentialAction":[{"@type":"SearchAction","target":{"@type":"EntryPoint","urlTemplate":"https:\/\/www.meydan.tv\/az\/?s={search_term_string}"},"query-input":{"@type":"PropertyValueSpecification","valueRequired":true,"valueName":"search_term_string"}}],"inLanguage":"az"},{"@type":"Organization","@id":"https:\/\/www.meydan.tv\/az\/#organization","name":"Meydan TV","url":"https:\/\/www.meydan.tv\/az\/","logo":{"@type":"ImageObject","inLanguage":"az","@id":"https:\/\/www.meydan.tv\/az\/#\/schema\/logo\/image\/","url":"https:\/\/www.meydan.tv\/wp-content\/uploads\/2021\/07\/meydan-logo.svg","contentUrl":"https:\/\/www.meydan.tv\/wp-content\/uploads\/2021\/07\/meydan-logo.svg","width":195,"height":46,"caption":"Meydan TV"},"image":{"@id":"https:\/\/www.meydan.tv\/az\/#\/schema\/logo\/image\/"}},{"@type":"Person","@id":"https:\/\/www.meydan.tv\/az\/#\/schema\/person\/10d11eccf6da3662cf5fdab9806ea91a","name":"user-manager"}]}},"_links":{"self":[{"href":"https:\/\/www.meydan.tv\/az\/wp-json\/wp\/v2\/posts\/193596","targetHints":{"allow":["GET"]}}],"collection":[{"href":"https:\/\/www.meydan.tv\/az\/wp-json\/wp\/v2\/posts"}],"about":[{"href":"https:\/\/www.meydan.tv\/az\/wp-json\/wp\/v2\/types\/post"}],"author":[{"embeddable":true,"href":"https:\/\/www.meydan.tv\/az\/wp-json\/wp\/v2\/users\/11"}],"replies":[{"embeddable":true,"href":"https:\/\/www.meydan.tv\/az\/wp-json\/wp\/v2\/comments?post=193596"}],"version-history":[{"count":0,"href":"https:\/\/www.meydan.tv\/az\/wp-json\/wp\/v2\/posts\/193596\/revisions"}],"wp:featuredmedia":[{"embeddable":true,"href":"https:\/\/www.meydan.tv\/az\/wp-json\/wp\/v2\/media\/116277"}],"wp:attachment":[{"href":"https:\/\/www.meydan.tv\/az\/wp-json\/wp\/v2\/media?parent=193596"}],"wp:term":[{"taxonomy":"category","embeddable":true,"href":"https:\/\/www.meydan.tv\/az\/wp-json\/wp\/v2\/categories?post=193596"},{"taxonomy":"post_tag","embeddable":true,"href":"https:\/\/www.meydan.tv\/az\/wp-json\/wp\/v2\/tags?post=193596"}],"curies":[{"name":"wp","href":"https:\/\/api.w.org\/{rel}","templated":true}]}}