{"id":193575,"date":"2019-01-19T00:10:06","date_gmt":"2019-01-19T00:10:06","guid":{"rendered":"https:\/\/www.meydan.tv\/article\/mirtagi-esedovun-hebsinin-sebebi-hokumet-siyaseti-yoxsa-dindarlarin-savasi\/"},"modified":"2019-01-19T00:10:06","modified_gmt":"2019-01-19T00:10:06","slug":"mirtagi-esedovun-hebsinin-sebebi-hokumet-siyaseti-yoxsa-dindarlarin-savasi","status":"publish","type":"post","link":"https:\/\/www.meydan.tv\/az\/article\/mirtagi-esedovun-hebsinin-sebebi-hokumet-siyaseti-yoxsa-dindarlarin-savasi\/","title":{"rendered":"Mirta\u011f\u0131 \u018fs\u0259dovun h\u0259bsinin s\u0259b\u0259bi; h\u00f6kum\u0259t siyas\u0259ti, yoxsa dindarlar\u0131n sava\u015f\u0131?"},"content":{"rendered":"<p>\n  \u201cNoyabr\u0131n 7-si g\u00fcnorta saat 1 rad\u0259l\u0259rind\u0259 \u201cS\u0131n\u0131q k\u00f6rp\u00fc\u201d s\u0259rh\u0259d-ke\u00e7id m\u0259nt\u0259q\u0259sind\u0259n qohumlar\u0131m\u0131 ziyar\u0259t etm\u0259k m\u0259qs\u0259dil\u0259 Az\u0259rbaycana ke\u00e7dim. S\u0259rh\u0259d\u00e7i pasportuma m\u00f6h\u00fcr vurduqdan sonra m\u0259ni arxa ota\u011fa d\u0259v\u0259t etdi. Onunla getdim. Otaqda 2 n\u0259f\u0259r var idi. Biri polis serjant\u0131 idi, dig\u0259ri is\u0259 n\u00f6vb\u0259 r\u0259isi. Ad v\u0259 soyad\u0131m\u0131 qeyd etdikd\u0259n sonra m\u0259ni polis\u0259 t\u0259hvil verdil\u0259r\u201d, \u2013 \u00dcmumg\u00fcrc\u00fcstan M\u00fcs\u0259lmanlar\u0131 Ali Dini \u0130dar\u0259si (\u00dcGMAD\u0130) s\u0259dri Mirta\u011f\u0131 \u018fs\u0259dov Az\u0259rbaycanda h\u0259bs olunmas\u0131n\u0131 bel\u0259 xat\u0131rlay\u0131r. O, noyabr\u0131n 7-d\u0259 polis t\u0259r\u0259find\u0259n saxlan\u0131l\u0131b.\n<\/p>\n<blockquote><p>\n  H\u00fcquqlar\u0131m sadalanmad\u0131\n<\/p><\/blockquote>\n<p>\n  Dediyin\u0259 g\u00f6r\u0259, \u0259vv\u0259lc\u0259 Qazax Rayon Polis \u015e\u00f6b\u0259sin\u0259 apar\u0131l\u0131b v\u0259\u00a0 m\u00fcv\u0259qq\u0259ti t\u0259cridxanaya sal\u0131n\u0131b. Bir saat orada g\u00f6zl\u0259dikd\u0259n sonra is\u0259 Bak\u0131ya apar\u0131l\u0131b. M.\u018fs\u0259dovun s\u00f6zl\u0259rin\u0259 g\u00f6r\u0259, bu zaman ona h\u00fcquqlar\u0131 sadalanmay\u0131b v\u0259 h\u0259bsinin s\u0259b\u0259bi bar\u0259d\u0259 m\u0259lumat verilm\u0259yib. Onu daha \u00e7ox narahat ed\u0259n is\u0259 h\u0259min vaxt ail\u0259sin\u0259 m\u0259lumat verilm\u0259sin\u0259 d\u0259 \u0259ng\u0259l t\u00f6r\u0259dilm\u0259sidir.\n<\/p>\n<p>\n  \u201cYaln\u0131z bir n\u0259f\u0259r, m\u0259ni ma\u015f\u0131n\u0131nda aparan \u015f\u0259xs bu haqda m\u0259lumatl\u0131 idi. Onun da yaln\u0131z Qazax Rayon Polis \u015e\u00f6b\u0259sin\u0259 apar\u0131lma\u011f\u0131mdan x\u0259b\u0259ri oldu. Dig\u0259r he\u00e7 kim\u0259 x\u0259b\u0259r ed\u0259 bilm\u0259dim\u201d, \u2013 dey\u0259 \u018fs\u0259dov \u015fikay\u0259tl\u0259nir.\n<\/p>\n<p>\n  O, Ba\u015f M\u00fct\u0259\u015f\u0259kkil Cinay\u0259tkarl\u0131qla M\u00fcbariz\u0259 \u0130dar\u0259sin\u0259 apar\u0131ld\u0131\u011f\u0131n\u0131, t\u0259zyiq alt\u0131nda saxta ittihama qol \u00e7\u0259km\u0259y\u0259 m\u0259cbur edildiyini deyir:\n<\/p>\n<p>\n  \u201cGec\u0259 saat 23 rad\u0259l\u0259rind\u0259 \u201cBandotdel\u201d\u0259 \u00e7atd\u0131q. S\u0259h\u0259r saat 8-d\u0259 m\u0259ni ota\u011fa \u00e7a\u011f\u0131rd\u0131lar v\u0259 dindirm\u0259 ba\u015flad\u0131. G\u00fcrc\u00fcstandak\u0131 dini f\u0259aliyy\u0259tim bar\u0259d\u0259 sor\u011fu-sual etdil\u0259r, oradak\u0131 dini qurumlar bar\u0259d\u0259 maraqland\u0131lar. Bel\u0259 ba\u015fa d\u00fc\u015fd\u00fcm ki, bu suallar formal idi. H\u0259r \u015feyi bilirdil\u0259r. Sad\u0259c\u0259 m\u0259ni qorxutma\u011fa \u00e7al\u0131\u015f\u0131rd\u0131lar. M\u0259n onlardan n\u0259y\u0259 g\u00f6r\u0259 b\u00fct\u00fcn bunlarla maraqland\u0131qlar\u0131n\u0131 soru\u015fdum. \u00c7\u00fcnki m\u0259nim G\u00fcrc\u00fcstandak\u0131 f\u0259aliyy\u0259tim h\u0259min \u00f6lk\u0259nin qanunvericiliyi \u00e7\u0259r\u00e7iv\u0259sind\u0259dir. Sizin \u00f6lk\u0259y\u0259 qar\u015f\u0131 da bir qanunsuzluq etm\u0259mi\u015f\u0259m. Dedil\u0259r ki, xalq\u0131m\u0131z\u0131n birliyini ist\u0259yirik. Bildirdim ki, bu, sizin ist\u0259yinizdirs\u0259, m\u0259nim d\u0259 buna qar\u015f\u0131 bir f\u0259aliyy\u0259tim yoxdur. M\u0259nim f\u0259aliyy\u0259t y\u00f6n\u00fcm xalq\u0131m\u0131n m\u00fc\u0259yy\u0259n haqlar\u0131n\u0131 qorumaqdan, onlar\u0131n m\u00fcdafi\u0259sind\u0259n ibar\u0259tdir. N\u0259 etmi\u015fiks\u0259, G\u00fcrc\u00fcstan \u00fc\u00e7\u00fcn etmi\u015fik. Bunun siz\u0259 he\u00e7 bir d\u0259xli yoxdur. Yaz\u0131b qeydl\u0259r g\u00f6t\u00fcrd\u00fcl\u0259r. Saat 4 rad\u0259l\u0259rin\u0259 q\u0259d\u0259r sor\u011fu davam etdi. Sonda is\u0259 bildirdil\u0259r ki, ged\u0259 bilm\u0259r\u0259m. Daha sonra anla\u015f\u0131lmaz, bir-biri il\u0259 \u0259laq\u0259si olmayan s\u00f6hb\u0259tl\u0259r etm\u0259y\u0259, orada qalma\u011f\u0131m\u0131 guya vacib ed\u0259n g\u00fcl\u00fcnc s\u0259b\u0259bl\u0259r dem\u0259y\u0259 ba\u015flad\u0131lar. Dedil\u0259r, s\u0259ni ya narkotik alveri, ya da polis\u0259 m\u00fcqavim\u0259t ittiham\u0131 il\u0259 qeydiyyata alaca\u011f\u0131q v\u0259 burada saxlayaca\u011f\u0131q. Daha sonra q\u0259rara g\u0259ldil\u0259r ki, polis\u0259 m\u00fcqavim\u0259t madd\u0259si il\u0259 qeydiyyata als\u0131nlar. Bundan sonra m\u0259hk\u0259m\u0259y\u0259 \u00e7\u0131xard\u0131lar. Noyabr\u0131n 8-d\u0259 m\u0259hk\u0259m\u0259 30 sutkal\u0131q h\u0259bsim\u0259 q\u0259rar verdi. H\u0259bs vaxt\u0131m da h\u0259min g\u00fcnd\u0259n hesabland\u0131. Halbuki, noyabr\u0131n 7-si saxlan\u0131lm\u0131\u015fd\u0131m. 15 g\u00fcn\u0259 yax\u0131n \u201cBandotdel\u201dd\u0259 qald\u0131m. Ail\u0259min m\u0259niml\u0259 \u0259laq\u0259 saxlamaq \u015fans\u0131 olmad\u0131. Biz\u0259 bel\u0259 bir h\u00fcquq tan\u0131mad\u0131lar. Apelyasiya M\u0259hk\u0259m\u0259sin\u0259 \u00e7\u0131xana q\u0259d\u0259r v\u0259kilsiz qald\u0131m. \u201cBandotdel\u201d is\u0259 h\u0259min g\u00fcn\u0259 q\u0259d\u0259r inkar edirdi ki, bizd\u0259 bel\u0259 bir adam yoxdur. Yaln\u0131z Apelyasiya M\u0259hk\u0259m\u0259sind\u0259n sonra Binq\u0259did\u0259ki t\u0259cridxanaya yollad\u0131lar\u201d.\n<\/p>\n<p>\n  Sonra M.\u018fs\u0259dovun daha bir apelyasiya \u015fikay\u0259tin\u0259 bax\u0131l\u0131b v\u0259 c\u0259za m\u00fcdd\u0259ti 21 g\u00fcn\u0259 q\u0259d\u0259r azald\u0131laraq s\u0259rb\u0259st burax\u0131l\u0131b: \u201cG\u00fcrc\u00fcstandak\u0131 prezident se\u00e7kisind\u0259n bir g\u00fcn sonra m\u0259n\u0259 dedil\u0259r ki, ikinci apelyasiya m\u0259hk\u0259m\u0259sin\u0259 \u00e7\u0131xacaqsan. Ay\u0131n 29-da m\u0259hk\u0259m\u0259d\u0259 azadl\u0131\u011fa burax\u0131ld\u0131m. Bu m\u00fcdd\u0259t \u0259rzind\u0259 G\u00fcrc\u00fcstan s\u0259firliyinin m\u0259niml\u0259 maraqland\u0131\u011f\u0131n\u0131 g\u00f6rm\u0259dim. S\u0259firliyin haqq\u0131 var idi ki, \u00f6z h\u0259bs olunmu\u015f v\u0259t\u0259nda\u015f\u0131 il\u0259 g\u00f6r\u00fc\u015f\u0259 bilsin. Amma bir d\u0259f\u0259 d\u0259 olsun m\u0259niml\u0259 maraqlanmad\u0131lar. Fikrimc\u0259, bu h\u0259bs G\u00fcrc\u00fcstan h\u00f6kum\u0259tinin siyasi sifari\u015fi idi\u201d.\n<\/p>\n<p>\n  <b><br \/>\n    H\u00fcquq\u015f\u00fcnas Ruslan \u018fliyev deyir ki, saxlan\u0131lan \u015f\u0259xsl\u0259rin h\u00fcquqlar\u0131n\u0131n pozulmas\u0131 hal\u0131 adil\u0259\u015fib:<br \/>\n  <\/b>\n<\/p>\n<p>\n  <b><br \/>\n    \u201cPolis\u0259 m\u00fcqavim\u0259t g\u00f6st\u0259rm\u0259kd\u0259 ittiham olunan \u015f\u0259xsin 15 g\u00fcn \u201cBandotdel\u201dd\u0259 (Ba\u015f M\u00fct\u0259\u015f\u0259kkil Cinay\u0259tkarl\u0131qla M\u00fcbariz\u0259 \u0130dar\u0259si) saxlan\u0131lmas\u0131na he\u00e7 bir \u0259sas yoxdur. M\u0259hk\u0259m\u0259 q\u0259rar\u0131ndan sonra, o, saxlan\u0131lma yerin\u0259 k\u00f6\u00e7\u00fcr\u00fclm\u0259lidir. Amma bu qanunsuz praktika \u201cBandotdel\u201dd\u0259 \u00e7oxdan var. M\u0259tbuatda bu haqda m\u00fct\u0259madi informasiyalar gedir. Haz\u0131rda Avropa M\u0259hk\u0259m\u0259sind\u0259 bax\u0131lan bir \u00e7ox i\u015fd\u0259 bu qurumun ad\u0131 d\u0259f\u0259l\u0259rl\u0259 \u00e7\u0259kilir. Saxlan\u0131lan \u015f\u0259xsin \u015f\u0259xsiyy\u0259ti m\u00fc\u0259yy\u0259n edildikd\u0259n v\u0259 bar\u0259sind\u0259 hans\u0131 icraat, ittiham olaca\u011f\u0131 m\u00fc\u0259yy\u0259n edildikd\u0259n sonra he\u00e7 bir halda \u015f\u0259xs \u201cBandotdel\u201dd\u0259 saxlan\u0131lmamal\u0131, qanuni saxlanma yerin\u0259 k\u00f6\u00e7\u00fcr\u00fclm\u0259lidir. Lakin biz bunun d\u0259f\u0259l\u0259rl\u0259 qanunazidd \u015f\u0259kild\u0259 t\u0259tbiq edildiyini g\u00f6rm\u00fc\u015f\u00fck. Veril\u0259n m\u0259lumatlardan bu n\u0259tic\u0259y\u0259 g\u0259lm\u0259k olar ki, ad\u0259t\u0259n, bu praktika h\u0259min \u015f\u0259xsl\u0259rin psixoloji m\u00fcqavim\u0259tini q\u0131rma\u011fa, h\u0259min quruma laz\u0131m olan ifad\u0259l\u0259ri o \u015f\u0259xsd\u0259n alma\u011fa, \u015f\u0259xsi \u00f6z n\u0259zar\u0259tind\u0259 saxlama\u011fa xidm\u0259t edir. \u201cBandotdel\u201din ad\u0131n\u0131n vahim\u0259li olmas\u0131n\u0131ndan yararlanmaq \u00fc\u00e7\u00fcn bel\u0259 edirl\u0259r, bu bar\u0259d\u0259 vahim\u0259ni d\u0259 \u00f6zl\u0259ri yarad\u0131blar v\u0259 bunda maraql\u0131d\u0131rlar. \u00c7\u00fcnki bu vahim\u0259 onlara saxlan\u0131lan \u015f\u0259xsl\u0259rl\u0259 ist\u0259dikl\u0259ri kimi davranma\u011fa k\u00f6m\u0259k edir\u201d.<br \/>\n  <\/b>\n<\/p>\n<figure class=\"wp-block-image size-large\">\n  <img decoding=\"async\" src=\"https:\/\/www.meydan.tv\/az\/huquqsunas-ruslan-eliyev\/\" alt=\"H\u00fcquq\u015f\u00fcnas Ruslan \u018fliyev\" class=\"wp-image-115129\"\/><figcaption>\n    H\u00fcquq\u015f\u00fcnas Ruslan \u018fliyev<br \/>\n  <\/figcaption><\/figure>\n<p>\n  <b><br \/>\n    R.\u018fliyev bildirir ki, h\u0259bsin qeydiyyata al\u0131nma m\u0259s\u0259l\u0259si \u00e7ox prinsipial h\u00fcquqi m\u0259s\u0259l\u0259dir:<br \/>\n  <\/b><br \/>\n  <b><br \/>\n    \u201c\u00dcmumiyy\u0259tl\u0259, bir \u015f\u0259sin tutuldu\u011fu anda \u00e7evik qeydiyyata al\u0131nmamas\u0131 \u00e7ox kobud pozuntudur. Avropa M\u0259hk\u0259m\u0259sinin praktikas\u0131nda bel\u0259 bir m\u0259s\u0259l\u0259 var ki, qeydiyyata sal\u0131nman\u0131n, tutulman\u0131n r\u0259smil\u0259\u015fdirilm\u0259m\u0259sinin v\u0259 izah edilm\u0259m\u0259sinin, m\u0259lumats\u0131z saxlanman\u0131n bir ne\u00e7\u0259 saat gecikm\u0259sini bel\u0259 qanun pozuntusu kimi tan\u0131y\u0131b\u201d.<br \/>\n  <\/b>\n<\/p>\n<blockquote><p>\n  \u00a0Bu h\u0259bs siyasi sifari\u015flidir\n<\/p><\/blockquote>\n<p>\n  Mirta\u011f\u0131 \u018fs\u0259dovun dostu, dini f\u0259al Oqtay Kaz\u0131mov da m\u0259hk\u0259m\u0259d\u0259ki iddialara inanmad\u0131\u011f\u0131n\u0131 v\u0259 h\u0259bsin siyasi oldu\u011funu d\u00fc\u015f\u00fcn\u00fcr. O, bunu G\u00fcrc\u00fcstandak\u0131 az\u0259rbaycanl\u0131 etnik azl\u0131qlarla ba\u011fl\u0131 \u00fcmumi siyasi prosesin davam\u0131 kimi g\u00f6r\u00fcr:\n<\/p>\n<p>\n  \u201cS\u00f6hb\u0259tl\u0259r g\u0259zir ki, Mirta\u011f\u0131n\u0131n i\u015fi iki \u00f6lk\u0259nin s\u00f6vd\u0259l\u0259\u015fm\u0259si il\u0259 ba\u011fl\u0131d\u0131r. Fakt budur ki, qon\u015fu \u00f6lk\u0259l\u0259r G\u00fcrc\u00fcstan\u0131n demokratik \u00f6lk\u0259 olmas\u0131n\u0131 ist\u0259mirl\u0259r. \u00c7\u00fcnki burada yaranan president onlara da \u015famil oluna bil\u0259r. Biz bunu h\u0259l\u0259 2016-c\u0131 ild\u0259 parlament se\u00e7kil\u0259rin\u0259 namiz\u0259dliyini vermi\u015f \u018fhm\u0259d \u0130mamquliyevin m\u0259s\u0259l\u0259sind\u0259 g\u00f6rd\u00fck. Se\u00e7kil\u0259rd\u0259 onunla ba\u011fl\u0131 ba\u015f ver\u0259n hadis\u0259 olduqca simtomatikdir. Burda g\u00fcrc\u00fc h\u00f6kum\u0259tinin biz\u0259 olan fikri bu oldu ki, siz h\u0259r zaman susmal\u0131s\u0131z. M\u00fcxalif\u0259t namiz\u0259di qalib g\u0259lm\u0259m\u0259lidir. \u0130kincisi, Az\u0259rbaycan da buna d\u0259st\u0259k verir. Dem\u0259k ist\u0259yir ki, m\u0259nim idar\u0259md\u0259siz. M\u0259n kimi dey\u0259c\u0259m, onu da se\u00e7\u0259c\u0259ksiz. D\u00fc\u015f\u00fcn\u00fcr\u0259m ki, bu, G\u00fcrc\u00fcstan h\u00f6kum\u0259ti t\u0259r\u0259find\u0259n G\u00fcrc\u00fcstana qar\u015f\u0131 at\u0131lan \u0259n z\u0259r\u0259rli add\u0131md\u0131r\u201d.\n<\/p>\n<p>\n  Kaz\u0131mov son ill\u0259rd\u0259 ba\u015f ver\u0259n siyasi prosesl\u0259ri d\u0259 bir-biri il\u0259 \u0259laq\u0259l\u0259ndirir v\u0259 az\u0259rbaycanl\u0131 etnik azl\u0131qlara qar\u015f\u0131 t\u0259ziql\u0259ri h\u0259r iki \u00f6lk\u0259nin siyasi maraqlar\u0131na ba\u011flay\u0131r:\n<\/p>\n<p>\n  \u201cBu yax\u0131nlarda R\u00f6vn\u0259q Abdullayevin G\u00fcrc\u00fcstana g\u0259li\u015fi m\u00fcxalif\u0259t t\u0259r\u0259find\u0259n etiraz aksiyas\u0131 il\u0259 qar\u015f\u0131land\u0131. Onu g\u00fcrc\u00fc h\u00f6kum\u0259ti d\u0259v\u0259t etmi\u015fdi. Sabiq Ba\u015f nazir Georgi Kvirika\u015fvili biz\u0259 Novruz bayram\u0131 \u0259r\u0259f\u0259sind\u0259 t\u0259\u015f\u0259kk\u00fcr etmi\u015fdi ki, G\u00fcrc\u00fcstan az\u0259rbaycanl\u0131lar\u0131 \u00f6z v\u0259t\u0259ni Az\u0259rbaycan\u0131 unutmurlar. Bu, o dem\u0259kdir ki, siz ordan g\u0259libsiz v\u0259 bilin ki, oral\u0131s\u0131z, bural\u0131 deyilsiz. Sizin tarixi v\u0259t\u0259niniz Az\u0259rbaycand\u0131r. Sabah bir \u015fey olsa, dey\u0259c\u0259kl\u0259r ki, get \u00f6z tarixi v\u0259t\u0259nin\u0259. Bir t\u0259r\u0259fd\u0259n bunlar inteqrasiyadan, v\u0259t\u0259nda\u015f h\u00fcququndan dan\u0131\u015f\u0131rlar, dig\u0259r t\u0259r\u0259fd\u0259n biz\u0259 s\u0259tiralt\u0131 i\u015far\u0259 edirl\u0259r ki, s\u0259n g\u0259lm\u0259s\u0259n, el\u0259 g\u0259ldiyin yer\u0259 d\u0259 ged\u0259c\u0259ks\u0259n. G\u00fcrc\u00fcl\u0259rin biz\u0259 etibars\u0131z yana\u015fmas\u0131n\u0131n k\u00f6k\u00fcnd\u0259 d\u0259 bu durur. G\u00fcrc\u00fc bizi \u00f6z v\u0259t\u0259nda\u015f\u0131 kimi q\u0259bul etm\u0259k ist\u0259mir. B\u0259li, r\u0259smi \u015f\u0259kild\u0259 h\u0259r \u015fey var. Amma real h\u0259yatda bu laz\u0131mi q\u0259d\u0259r t\u0259tbiq olunmur v\u0259 bunu d\u0259rinl\u0259\u015fdir\u0259n Az\u0259rbaycan\u0131n siyas\u0259tidir. Az\u0259rbaycan d\u00f6vl\u0259tinin Diaspora Komit\u0259sinin s\u0259dri g\u0259lir v\u0259 g\u00fcrc\u00fcl\u0259r\u0259 m\u0259nim haqlar\u0131mdan dan\u0131\u015f\u0131r. M\u0259nim ad\u0131mdan yaln\u0131z se\u00e7diyim h\u00f6kum\u0259t n\u00fcmay\u0259nd\u0259si dan\u0131\u015fa bil\u0259r. S\u0259n kims\u0259n ki, diaspora komit\u0259sind\u0259n g\u0259lib m\u0259nd\u0259n dan\u0131\u015f\u0131rsan? Deyirl\u0259r ki, G\u00fcrc\u00fcstan az\u0259rbaycanl\u0131lar\u0131 diasporad\u0131r. Halbuki, bu k\u0259lm\u0259ni i\u015fl\u0259tdiyin\u0259 g\u00f6r\u0259 Saaka\u015fvili d\u00f6n\u0259mind\u0259 inteqrasiya nazirini istefaya g\u00f6nd\u0259rdil\u0259r. \u00c7\u00fcnki o demi\u015fdi ki, az\u0259rbaycanl\u0131lar G\u00fcrc\u00fcstanda diasporad\u0131r. Ax\u0131 burda diplomtik bir c\u0259f\u0259ngiyyat var. Yana\u015fmalar he\u00e7 bir \u015f\u0259kild\u0259 d\u00fczg\u00fcn deyil. Problem budur ki, bu mill\u0259tin \u00fcz\u0259rind\u0259n b\u00f6y\u00fck siyasi alverl\u0259r gedir. T\u0259s\u0259vv\u00fcr edin ki, \u018fhm\u0259d \u0130mamquliyev m\u00fcxalif\u0259td\u0259n deputatl\u0131\u011f\u0131 qazanm\u0131\u015f olsayd\u0131, n\u0259 olard\u0131. Bu presidentdir. Bu, Az\u0259rbaycan\u0131n qorxulu r\u00f6yas\u0131 m\u0259s\u0259l\u0259sidir. Bunun \u00fc\u00e7\u00fcn d\u0259 \u00e7al\u0131\u015f\u0131rd\u0131lar ki, m\u0259s\u0259l\u0259ni bo\u011fsunlar. \u00c7\u00fcnki 9 milyonluq Az\u0259rbaycan qalx\u0131b dey\u0259 bil\u0259r ki, 300 minlik az\u0259rbaycanl\u0131 orada \u00f6z\u00fcn\u0259 m\u00fcst\u0259qil \u015f\u0259kild\u0259 deputat se\u00e7irs\u0259, biz niy\u0259 se\u00e7m\u0259y\u0259k? Mirta\u011f\u0131n\u0131n da xalq\u0131n haqq\u0131 \u00fc\u00e7\u00fcn m\u00fcbariz\u0259si bel\u0259 \u015feyl\u0259r\u0259 g\u00f6r\u0259 xo\u015flar\u0131na g\u0259lmir\u201d.\n<\/p>\n<p>\n  Mirta\u011f\u0131 \u018fs\u0259dovun c\u0259za m\u00fcdd\u0259tinin bitm\u0259sin\u0259 bir h\u0259ft\u0259 qalm\u0131\u015f, G\u00fcrc\u00fcstandak\u0131 prezident se\u00e7kil\u0259rind\u0259n d\u0259rhal sonra burax\u0131lmas\u0131 da m\u0259s\u0259l\u0259nin siyasi oldu\u011funa dair \u015f\u00fcbh\u0259l\u0259r yarad\u0131b.\n<\/p>\n<figure class=\"wp-block-image size-large\">\n  <img decoding=\"async\" src=\"https:\/\/www.meydan.tv\/az\/115132\/\" alt=\"\" class=\"wp-image-115132\"\/><figcaption><\/figcaption><\/figure>\n<p>\n  \u018fs\u0259dov m\u0259s\u0259l\u0259nin siyasi oldu\u011funu bildirs\u0259 d\u0259, he\u00e7 zaman siyasi m\u0259s\u0259l\u0259l\u0259rd\u0259 aktivlik etm\u0259diyini vur\u011fulay\u0131r:\n<\/p>\n<p>\n  \u201cM\u0259n indiy\u0259 q\u0259d\u0259r Az\u0259rbaycana aid he\u00e7 bir i\u015f\u0259 qar\u0131\u015fmam\u0131\u015fam. \u00c7\u00fcnki f\u0259aliyy\u0259tim dinidir v\u0259 t\u0259l\u0259bl\u0259rimin d\u0259 ham\u0131s\u0131 G\u00fcrc\u00fcstan h\u00f6kum\u0259tind\u0259ndir. \u0130ndiy\u0259 q\u0259d\u0259r G\u00fcrc\u00fcstan h\u00f6kum\u0259ti il\u0259 aram\u0131zda bir \u00e7ox m\u0259hk\u0259m\u0259 \u00e7\u0259ki\u015fm\u0259si olub. M\u0259nd\u0259n naraz\u0131 ola bil\u0259c\u0259k bir t\u0259r\u0259f varsa, o da ancaq G\u00fcrc\u00fcstan h\u00f6kum\u0259ti ola bil\u0259r. Ba\u015fqa \u00f6lk\u0259l\u0259rl\u0259 ba\u011fl\u0131 he\u00e7 bir f\u0259aliyy\u0259tim olmay\u0131b. Sad\u0259c\u0259 G\u00fcrc\u00fcstan h\u00f6kum\u0259ti h\u0259bsimi \u00f6lk\u0259 daxilind\u0259 ed\u0259 bilm\u0259zdi. \u00c7\u00fcnki G\u00fcrc\u00fcstanda azdan-\u00e7oxdan qanun-qayda var. Bu, daha \u00e7ox s\u0259s-k\u00fcy yaradacaqd\u0131. Bunu el\u0259 bir yerd\u0259 el\u0259dil\u0259r ki, orda qanun-qayda yoxdur, \u00f6zl\u0259ri \u00f6z bildiyi kimi h\u0259r\u0259k\u0259t ed\u0259 bilirl\u0259r. M\u0259hk\u0259m\u0259 d\u0259, polis d\u0259 \u00f6z \u0259ll\u0259rind\u0259dir. O da m\u0259lumdur ki, bu iki \u00f6lk\u0259 aras\u0131nda d\u0259rin \u0259laq\u0259l\u0259r var. Bilirdil\u0259r ki, ail\u0259m Az\u0259rbaycanda ya\u015fay\u0131r v\u0259 buna g\u00f6r\u0259 d\u0259 tez-tez Az\u0259rbaycana g\u0259lib-gedir\u0259m. Buna g\u00f6r\u0259 d\u0259 Az\u0259rbaycan t\u0259r\u0259fin\u0259 deyibil\u0259r ki, m\u0259ni bir az saxlay\u0131b qorxuzsunlar. B\u0259lli d\u00f6vrd\u0259n sonra is\u0259 azad etsinl\u0259r. M\u0259n dindar adamam. Dinin v\u0259 siyas\u0259tin bir yerd\u0259 olmas\u0131n\u0131n da \u0259leyhin\u0259y\u0259m. Dindar \u00f6z i\u015fi il\u0259 m\u0259\u015f\u011ful olmal\u0131d\u0131r, siyas\u0259t\u00e7i d\u0259 \u00f6z i\u015fi il\u0259. Din m\u0259s\u0259l\u0259sin\u0259 d\u0259 insan haqlar\u0131 prizmas\u0131ndan yana\u015f\u0131ram. Ona g\u00f6r\u0259 d\u0259 ilk g\u00fcnd\u0259n a\u00e7\u0131q bildirmi\u015f\u0259m ki, hakimiyy\u0259t\u0259 kimin g\u0259lm\u0259sind\u0259n as\u0131l\u0131 olmayaraq, ham\u0131s\u0131na u\u011fur arzu edir\u0259m v\u0259 he\u00e7 vaxt da \u00e7a\u011f\u0131r\u0131\u015f etm\u0259mi\u015f\u0259m ki, kim\u0259s\u0259, yaxud hans\u0131sa partiyaya s\u0259s verilsin. Amma g\u00f6r\u00fcn\u0259n budur ki, G\u00fcrc\u00fcstan hakimiyy\u0259ti m\u0259s\u0259l\u0259y\u0259 daha geni\u015f prizmadan bax\u0131r v\u0259 bu m\u00f6vzuda \u00f6z d\u00fc\u015f\u00fcnc\u0259l\u0259ri var\u201d.\n<\/p>\n<blockquote><p>\n  G\u00fcrc\u00fcstan m\u00fcs\u0259lmanlar\u0131 kiml\u0259rdir?\n<\/p><\/blockquote>\n<p>\n  R\u0259smi statistikaya g\u00f6r\u0259, G\u00fcrc\u00fcstanda \u0259halinin 11 faizini m\u00fcs\u0259lmanlar t\u0259\u015fkil edir. Onlar xristianlardan sonra sayca ikinci \u0259n b\u00f6y\u00fck dini k\u0259sim say\u0131l\u0131rlar. G\u00fcrc\u00fcstan m\u00fcs\u0259lmanlar\u0131n\u0131n \u0259ks\u0259riyy\u0259ti etnik az\u0259rbaycanl\u0131lardan (\u0259sas\u0259n \u015fi\u0259 m\u0259zh\u0259bi) v\u0259 acarlardan (\u0259sas\u0259n s\u00fcnni m\u0259zh\u0259bi) t\u0259\u015fkil olunur. G\u00fcrc\u00fcstanda \u00e7ox ki\u00e7ik etnik azl\u0131qlar olan avarlar, \u00e7e\u00e7enl\u0259r, kazan tatarlar\u0131n\u0131n da \u0259ks\u0259riyy\u0259ti m\u00fcs\u0259lmanlard\u0131r. G\u00fcrc\u00fcstandak\u0131 az\u0259rbaycanl\u0131 etnik azl\u0131\u011f\u0131 tarix\u0259n Az\u0259rbaycanla s\u0131x \u0259laq\u0259l\u0259r\u0259 sahib oldu\u011fu kimi, T\u00fcrkiy\u0259 s\u0259rh\u0259dind\u0259 ya\u015fayan acarlara da t\u00fcrkl\u0259rin t\u0259siri ayd\u0131n hiss olunur.\n<\/p>\n<p>\n  G\u00fcrc\u00fcstan m\u00fcs\u0259lmanlar\u0131 2011-ci il\u0259 q\u0259d\u0259r Qafqaz M\u00fcs\u0259lmanlar \u0130dar\u0259sinin (QM\u0130) tabeliyind\u0259 olublar. Ekspertl\u0259r d\u00fc\u015f\u00fcn\u00fcr ki, QM\u0130-nin t\u0259siri yaln\u0131z G\u00fcrc\u00fcstan az\u0259rbaycanl\u0131lar\u0131 \u00fcz\u0259rind\u0259 olub. Dig\u0259r m\u00fcs\u0259lman etnikl\u0259r is\u0259 QM\u0130-y\u0259 tabe olmay\u0131b. 2005-ci ild\u0259 G\u00fcrc\u00fcstanda m\u00fcs\u0259lmanlar\u0131 \u00f6z m\u00fcst\u0259qillikl\u0259ri \u00fc\u00e7\u00fcn h\u0259r\u0259kata ba\u015flay\u0131b. 2011-ci ild\u0259 B\u00fct\u00fcn G\u00fcrc\u00fcstan M\u00fcs\u0259lmanlar\u0131 \u0130dar\u0259si (BGM) adl\u0131 qurum yaran\u0131b v\u0259 G\u00fcrc\u00fcstan m\u00fcs\u0259lmanlar\u0131 QM\u0130-d\u0259n r\u0259sm\u0259n ayr\u0131l\u0131b. Bu, Az\u0259rbaycan t\u0259r\u0259find\u0259n xo\u015f qar\u015f\u0131lanmay\u0131b. 2011-ci ild\u0259 is\u0259 QM\u0130 v\u0259 BGM aras\u0131nda k\u0259skin fikir ayr\u0131l\u0131qlar\u0131 olub. \u015eeyx Allah\u015f\u00fck\u00fcr Pa\u015fazad\u0259 2011-ci ilin may\u0131nda G\u00fcrc\u00fcstan m\u00fcs\u0259lmanlar\u0131n\u0131n QM\u0130-d\u0259n ayr\u0131lmas\u0131n\u0131 k\u0259skin pisl\u0259yib. &#8220;G\u00fcrc\u00fcstanda bu t\u0259\u015fkilat\u0131n yarad\u0131lmas\u0131 h\u0259min \u00f6lk\u0259d\u0259 ya\u015fayan m\u00fcs\u0259lmanlar\u0131n Az\u0259rbaycandan qopar\u0131lmas\u0131 m\u0259qs\u0259di da\u015f\u0131y\u0131r\u201d, \u2013 dey\u0259 Qafqaz\u00a0\u015feyxi<br \/>\n  <a href=\"http:\/\/www.turan.az\/ext\/news\/2018\/11\/free\/Social\/az\/76585.htm\" target=\"_blank\" rel=\"noopener\"><br \/>\n    bildirib<br \/>\n  <\/a><br \/>\n  .\n<\/p>\n<p>\n  \u0130dar\u0259nin haz\u0131rk\u0131 s\u0259dri Ramin \u0130gidov h\u0259m d\u0259 QM\u0130-nin ke\u00e7mi\u015f i\u015f\u00e7isidir. O, t\u0259\u015fkilat\u0131n yarad\u0131lmas\u0131n\u0131 QM\u0130-nin f\u0259aliyy\u0259tsizliyi il\u0259 izah edir:\n<\/p>\n<p>\n  \u201c2005-ci ild\u0259 m\u00fcs\u0259lmanlar bir dini qurumun olmas\u0131n\u0131 vacib hesab etdil\u0259r. Biz h\u0259min vaxt\u0131 Az\u0259rbaycan Respublikas\u0131n\u0131n prezindenti \u0130lham \u018fliyev\u0259 m\u0259ktub \u00fcnvanlad\u0131q. Bildirdik ki, dindarlar\u0131n dini sah\u0259d\u0259 maddi ehtiyaclar\u0131 var v\u0259 bunu qar\u015f\u0131lamaq laz\u0131md\u0131r. Bizim axundlar m\u0259cburiyy\u0259td\u0259n ba\u015fqa i\u015fl\u0259rl\u0259 m\u0259\u015f\u011ful olma\u011fa ba\u015flam\u0131\u015fd\u0131lar. B\u00f6lg\u0259d\u0259 qeyri-\u0259n\u0259n\u0259vi m\u0259zh\u0259bl\u0259rin t\u0259bli\u011fat\u0131 gedirdi. QM\u0130-y\u0259 m\u00fcraci\u0259t ed\u0259nd\u0259 is\u0259 deyirdil\u0259r ki, bizim bu sah\u0259d\u0259 imkan\u0131m\u0131z yoxdur. D\u00f6vl\u0259t v\u0259sait ay\u0131rmay\u0131b, bir \u015fey ed\u0259 bilm\u0259rik. Yaln\u0131z adda n\u00fcmay\u0259nd\u0259lik idik. H\u0259qiq\u0259td\u0259 is\u0259 he\u00e7 bir proses getmirdi. Problem t\u0259k maddi m\u0259s\u0259l\u0259 d\u0259 deyildi. Misal \u00fc\u00e7\u00fcn, h\u0259min vaxt\u0131 az\u0259rbaycanl\u0131lar \u00fc\u00e7\u00fcn Az\u0259rbaycan dilind\u0259 \u201cQuran\u201d bel\u0259 ala bilmirdik. Bu, bizim ehtiyac\u0131m\u0131z idi. Burda olan m\u00fcs\u0259lmanlar da ba\u015flad\u0131lar i\u015fl\u0259rini T\u00fcrkiy\u0259 il\u0259 qurma\u011fa v\u0259 yard\u0131mlar alma\u011fa. Bu tip adamlara da \u201cT\u00fcrkiy\u0259 agenti\u201d ad\u0131 yap\u0131\u015fd\u0131rma\u011fa ba\u015flad\u0131lar. QM\u0130-d\u0259 h\u0259tta G\u00fcrc\u00fcstandak\u0131 m\u0259scidl\u0259rin say\u0131n\u0131 da bilmirdil\u0259r. Bu, onu g\u00f6st\u0259rirdi ki, onlarda m\u0259lumat q\u0131tl\u0131\u011f\u0131 var. S\u00fcnnil\u0259r v\u0259 dig\u0259r m\u0259zh\u0259bl\u0259r, \u00fcmumiyy\u0259tl\u0259, QM\u0130-ni q\u0259bul etmirdi. Verilm\u0259y\u0259n d\u0259st\u0259k v\u0259 diqq\u0259tsizliy\u0259 g\u00f6r\u0259, v\u0259ziyy\u0259t el\u0259 g\u0259tirdi ki, biz yeni t\u0259\u015fkilat yaratd\u0131q\u201d.\n<\/p>\n<p>\n  Oqtay Kaz\u0131mov is\u0259 bu t\u0259\u015fkilat\u0131n yaranmas\u0131na ehtiyac oldu\u011funu des\u0259 d\u0259, probleml\u0259ri h\u0259ll ed\u0259 bilm\u0259diyini vur\u011fulay\u0131r:\n<\/p>\n<p>\n  \u201cBiz s\u0259h\u0259r oyand\u0131q v\u0259 g\u00f6rd\u00fck ki, t\u0259\u015fkilat qurulub. Bu m\u00f6vzuda mediada v\u0259 ictimaiyy\u0259td\u0259 he\u00e7 bir m\u00fczakir\u0259 olmad\u0131. 5-6 az\u0259rbaycanl\u0131n\u0131n ad\u0131ndan dan\u0131\u015fan k\u0259s gedib h\u00f6kum\u0259tin dediyi \u015f\u0259rtl\u0259r\u0259 he\u00e7 bir sor\u011fulama aparmadan imza atd\u0131. Bununla da dem\u0259y\u0259 \u00e7al\u0131\u015fd\u0131lar ki, guya bu, az\u0259rbaycanl\u0131lar\u0131n irad\u0259sidir\u201d.\n<\/p>\n<p>\n  T\u0259\u015fkilat yarand\u0131qdan sonra ona Vaqif \u018fkb\u0259rov s\u0259dirlik etm\u0259y\u0259 ba\u015flay\u0131b. Vaqif \u018fkb\u0259rovun s\u0259dirliyinin \u0259sas d\u00f6vr\u00fc Saaka\u015fvili h\u00f6kum\u0259ti zaman\u0131nda olub. Yeni h\u00f6kum\u0259t g\u0259ldikd\u0259n sonra is\u0259 Dini M\u0259s\u0259l\u0259l\u0259r \u00dczr\u0259 D\u00f6vl\u0259t Agentliyi yaran\u0131b. Bundan sonra Vaqif \u018fkb\u0259rov idar\u0259d\u0259ki s\u0259drliyind\u0259n imtina edib. O, istefas\u0131n\u0131n s\u0259b\u0259bini BGM-in G\u00fcrc\u00fcstan\u0131n T\u0259hl\u00fck\u0259sizlik orqanlar\u0131n\u0131n n\u0259zar\u0259tind\u0259 olmas\u0131 il\u0259 \u0259laq\u0259l\u0259ndirir:\n<\/p>\n<p>\n  \u201cM\u0259n bu idar\u0259nin yaranmas\u0131nda i\u015ftirak etmi\u015f\u0259m. \u0130st\u0259yirdik ki, m\u00fcst\u0259qil idar\u0259 yaradaq v\u0259 QM\u0130-y\u0259 tabe olmayaq. Bu, bir paradoks idi ki, G\u00fcrc\u00fcstan\u0131n dini k\u0259smi ba\u015fqa bir \u00f6lk\u0259nin dini qurumu t\u0259r\u0259find\u0259n idar\u0259 olunurdu. \u0130st\u0259yirdik ki, \u00f6z problemimizi \u00f6z\u00fcm\u00fcz h\u0259ll ed\u0259k. H\u0259min vaxt\u0131 bizim he\u00e7 h\u0259cc\u0259 getm\u0259k \u00fc\u00e7\u00fcn kvotam\u0131z da yox idi. \u0130lk ba\u015flan\u011f\u0131cda he\u00e7 bir problemimiz olmad\u0131. Amma 2012-ci ild\u0259n sonra probleml\u0259r yarand\u0131. \u0130vana\u015fvili (G\u00fcrc\u00fcstan\u0131n sabiq Ba\u015f naziri) art\u0131q i\u015fl\u0259rimiz\u0259 m\u00fcdaxil\u0259 etm\u0259y\u0259 ba\u015flad\u0131. M\u0259ni x\u00fcsusi xidm\u0259t orqanlar\u0131 n\u0259zar\u0259td\u0259 saxlama\u011fa \u00e7al\u0131\u015f\u0131r v\u0259 qada\u011falar qoyma\u011fa, g\u00f6st\u0259ri\u015fl\u0259r verm\u0259y\u0259 ba\u015flay\u0131rd\u0131. Deyirdil\u0259r ki, \u201cbizim dedikl\u0259rimiz\u0259 uy\u011fun h\u0259r\u0259k\u0259t et\u201d. Onlar\u0131n dedikl\u0259rini etm\u0259y\u0259nd\u0259 is\u0259 m\u0259ni l\u0259k\u0259m\u0259y\u0259 ba\u015flad\u0131lar. \u0130st\u0259s\u0259ydim, orada qala bil\u0259rdim. Nec\u0259 ki, indi orada bu \u015f\u0259rtl\u0259r alt\u0131nda qal\u0131b i\u015fl\u0259y\u0259nl\u0259r var. Amma m\u0259n bel\u0259 \u015f\u0259rtl\u0259ri q\u0259bul ed\u0259 bilm\u0259dim\u201d.\n<\/p>\n<p>\n  Vaqif \u018fkb\u0259rovun gedi\u015find\u0259n sonra is\u0259 Ramin \u0130gidov t\u0259\u015fkilat\u0131n s\u0259dri olur. Lakin Ramin \u0130gidov Vaqif \u018fkb\u0259rovun dedikl\u0259rini do\u011fru saym\u0131r:\n<\/p>\n<p>\n  \u201cM\u00fcxt\u0259lif qruplar \u015f\u0259klind\u0259 t\u0259bli\u011fatlar gedirdi. Bunlar\u0131n da b\u0259z\u0259n m\u0259nb\u0259yi b\u0259lli idi, b\u0259z\u0259n b\u0259lli deyildi. Buna g\u00f6r\u0259 d\u0259 d\u00f6vl\u0259tin n\u0259zar\u0259ti g\u00fccl\u0259nm\u0259y\u0259 ba\u015flad\u0131. Milli T\u0259hl\u00fck\u0259sizlik bunu \u00e7ox ciddi n\u0259zar\u0259t alt\u0131na ald\u0131. Amma biz des\u0259k ki, t\u0259hl\u00fck\u0259sizlik orqanlar\u0131 bizi idar\u0259 edir, bu yanl\u0131\u015fd\u0131r. Ola bilsin, Saaka\u015fvili zaman\u0131nda \u00e7ox yaln\u0131\u015fl\u0131qlar olub. Bunu q\u0259bul edir\u0259m. H\u0259tta T\u00fcrkiy\u0259d\u0259, \u0130randa oxuyan bir din xadiminin idar\u0259d\u0259 i\u015fl\u0259m\u0259yin\u0259 pis bax\u0131rd\u0131lar. Amma \u0130vana\u015fvili h\u00f6kum\u0259ti d\u00f6vr\u00fcnd\u0259 bel\u0259 bir \u015fey ba\u015f verm\u0259di\u201d.\n<\/p>\n<p>\n  Vaqif \u018fkb\u0259rov idar\u0259nin haz\u0131rda da m\u00fcst\u0259qil olmad\u0131\u011f\u0131n\u0131 iddia edir v\u0259 h\u00f6kum\u0259tin bu sah\u0259d\u0259 siyas\u0259tini s\u0259rt t\u0259nqid edir:\n<\/p>\n<p>\n  \u201cMaddi c\u0259h\u0259td\u0259n xarici \u00f6lk\u0259l\u0259r bu m\u00f6vzuda G\u00fcrc\u00fcstana \u00e7ox ciddi t\u0259sir edir. H\u0259r d\u00f6vl\u0259t ist\u0259yir ki, G\u00fcrc\u00fcstanda \u00f6z dini x\u0259ttini qursun. G\u00fcrc\u00fcstanda \u00f6lk\u0259nin dini maraqlar\u0131n\u0131 qoruyan dini qurum yoxdur. H\u0259r birinin \u00f6z mara\u011f\u0131 var. Xarici d\u00f6vl\u0259tl\u0259rd\u0259n yard\u0131m al\u0131rlar. D\u00f6vl\u0259t pulu yanl\u0131\u015f istiqam\u0259td\u0259 ay\u0131r\u0131r. Buna g\u00f6r\u0259 d\u0259 din adamlar\u0131n\u0131n \u00e7oxu pula g\u00f6r\u0259 bu i\u015fl\u0259 m\u0259\u015f\u011ful olur. Onlar dindar deyil, biznesmendirl\u0259rr. M\u0259s\u0259l\u0259y\u0259 biznes t\u0259f\u0259kk\u00fcr\u00fcnd\u0259n bax\u0131rlar. V\u0259ziyy\u0259t o yer\u0259 \u00e7at\u0131b ki, mollalar\u0131n \u00fc\u00e7m\u0259rt\u0259b\u0259li evl\u0259ri, h\u0259y\u0259tl\u0259rind\u0259 bir ne\u00e7\u0259 ma\u015f\u0131nlar\u0131 var. Dini t\u0259hsil, din haqq\u0131nda is\u0259 d\u00fc\u015f\u00fcnm\u00fcrl\u0259r. El\u0259 dindarlar var ki, eyni anda Az\u0259rbaycan, T\u00fcrkiy\u0259, \u0130ran v\u0259 G\u00fcrc\u00fcstan h\u00f6kum\u0259tl\u0259rind\u0259n pul al\u0131r. Bunun g\u00fcnahkar\u0131 haz\u0131rk\u0131 h\u00f6kum\u0259tdir. Din\u0259 biznes kimi baxanlar\u0131 yuxar\u0131 ba\u015fa g\u0259tirdi, indi is\u0259 onlar\u0131n pul h\u0259risliyin\u0259 n\u0259zar\u0259t ed\u0259 bilmir. Bel\u0259 insanlara irad bildir\u0259nd\u0259 deyirl\u0259r ki, \u201c\u018f\u015f\u015fi, n\u0259 ist\u0259yirs\u0259n? \u0130\u015fl\u0259yirik d\u0259\u201d. Y\u0259ni he\u00e7 bir dini t\u0259f\u0259kk\u00fcr qalmay\u0131b. Ramin \u0130gidovun \u00f6z\u00fc d\u0259 he\u00e7 n\u0259yi h\u0259ll etmir. Ona t\u0259hl\u00fck\u0259sizlik orqanlar\u0131ndan n\u0259 tap\u015f\u0131r\u0131q g\u0259lirs\u0259, onu da edir. Olmas\u0131n \u0130gidov, olsun ba\u015fqas\u0131. He\u00e7 kim orda t\u0259hl\u00fck\u0259sizlik orqanlar\u0131n\u0131n n\u0259zar\u0259ti olmadan m\u00fcst\u0259qil \u015f\u0259kild\u0259 h\u0259r\u0259k\u0259t ed\u0259 bilm\u0259z\u201d.\n<\/p>\n<p>\n  Yenic\u0259 azadl\u0131\u011fa \u00e7\u0131xm\u0131\u015f Mirta\u011f\u0131 \u018fs\u0259dov da Vaqif \u018fkb\u0259rovla h\u0259mr\u0259y fikir n\u00fcmayi\u015f etdirir:\n<\/p>\n<p>\n  \u201cBGM-ni ke\u00e7mi\u015f v\u0259 indiki hakimiyy\u0259t yarad\u0131b v\u0259 a\u00e7\u0131q-a\u015fkar d\u0259st\u0259kliyir. O t\u0259\u015fkilata dini r\u0259hb\u0259rl\u0259r se\u00e7ilmir, t\u0259hl\u00fck\u0259sizlik orqanlar\u0131 t\u0259r\u0259find\u0259n t\u0259yin edilir. Se\u00e7im is\u0259 formal olur. QM\u0130-y\u0259 qar\u015f\u0131 yarad\u0131lm\u0131\u015f bir qurumdur\u201d.\n<\/p>\n<p>\n  Ramin \u0130gidov is\u0259 G\u00fcrc\u00fcstan h\u00f6kum\u0259tind\u0259n maliyy\u0259l\u0259\u015fdikl\u0259rini, h\u0259m\u00e7inin T\u00fcrkiy\u0259nin Diyan\u0259t \u0130\u015fl\u0259r \u0130dar\u0259sind\u0259n d\u0259 r\u0259smi \u015f\u0259kild\u0259 yard\u0131m ald\u0131qlar\u0131n\u0131 t\u0259sdiq edir.\n<\/p>\n<p>\n  \u201cLakin bu yard\u0131mlar\u0131n nec\u0259 x\u0259rcl\u0259n\u0259c\u0259yin\u0259 idar\u0259nin \u00f6z\u00fc m\u00fcst\u0259qil \u015f\u0259kild\u0259 q\u0259rar verir v\u0259 n\u0259zar\u0259t edir\u201d, \u2013 dey\u0259 \u0130gidov yard\u0131m ald\u0131qlar\u0131 qurumlardan as\u0131l\u0131 olmad\u0131qlar\u0131n\u0131 vur\u011fulay\u0131r.\n<\/p>\n<blockquote><p>\n  Probleml\u0259r n\u0259d\u0259dir?\n<\/p><\/blockquote>\n<p>\n  2014-c\u00fc ild\u0259 Ba\u015f nazir \u0130rakli Qariba\u015fvili 117 n\u00f6mr\u0259li q\u0259rar verib. Bu q\u0259rar Dini Agentliyin yaranmas\u0131ndan sonraya t\u0259sad\u00fcf edirdi. \u201cSovet totalitar rejmi d\u00f6vr\u00fcnd\u0259 dinl\u0259r\u0259 vurulan z\u0259r\u0259rin qism\u0259n \u00f6d\u0259nilm\u0259si\u201d adl\u0131 q\u0259rara \u0259sas\u0259n sovet d\u00f6vr\u00fcnd\u0259 z\u0259r\u0259r \u00e7\u0259kmi\u015f dinl\u0259r\u0259 t\u0259zminat \u00f6d\u0259nm\u0259li idi. Bu haqq qeydiyyatdan din statusunda ke\u00e7\u0259n \u00fc\u00e7 xristian m\u0259zh\u0259bin\u0259 (G\u00fcrc\u00fc Pavoslav, Erm\u0259ni Qriqoryan v\u0259 Katolik), y\u0259hudilik v\u0259 islama tan\u0131nd\u0131. B\u00fct\u00fcn m\u00fcbahis\u0259li prosesl\u0259r d\u0259 bu q\u0259rar\u0131n t\u0259tbiqi prosesind\u0259n sonra yaran\u0131b.\n<\/p>\n<p>\n  Oqtay Kaz\u0131mov bu d\u00fc\u015f\u00fcnc\u0259d\u0259dir ki, q\u0259rardak\u0131 \u015f\u0259rtl\u0259r\u0259 tam \u0259m\u0259l olunmay\u0131b: \u201cBurada b\u0259zi \u015f\u0259rtl\u0259r var. Biri bel\u0259dir: Agentlik yaranana q\u0259d\u0259r qeydiyyatdan ke\u00e7\u0259n dini icmalar bu t\u0259zminat\u0131 ala bil\u0259r. O d\u00f6vr \u00fc\u00e7\u00fcn 4 t\u0259\u015fkilat var \u2013 B\u00fct\u00fcn G\u00fcrc\u00fcstan M\u00fcs\u0259lmanlar \u0130dar\u0259si (BGM), \u00dcmumg\u00fcrc\u00fcstan M\u00fcs\u0259lmanlar\u0131 Ali Dini \u0130dar\u0259si (\u00dcGMAD\u0130), \u00dcmumg\u00fcrc\u00fcstan M\u00fcs\u0259lmanlar\u0131 Birliyi\u00a0(GMB), dig\u0259ri is\u0259 v\u0259hhabil\u0259rl\u0259 ba\u011fl\u0131 t\u0259\u015fkilatd\u0131r. H\u00f6kum\u0259t onlar\u0131, \u00fcmumiyy\u0259tl\u0259, \u00f6z\u00fcn\u0259 yax\u0131n buraxm\u0131r. Bu pulu almaq \u00fc\u00e7\u00fcn iki yol var. Ya g\u0259r\u0259k b\u00fct\u00fcn t\u0259\u015fkilatlar bir ictimai h\u00fcquqlu \u015f\u0259xsin \u00e7\u0259tiri alt\u0131na toplana, ya da ki, t\u0259msil\u00e7ilik \u015furas\u0131 yaradalar. Bu q\u0259rar veril\u0259nd\u0259n sonra agentlik b\u00fct\u00fcn t\u0259\u015fkilatlar\u0131 toplad\u0131 v\u0259 m\u00fczakir\u0259 etdi. \u018fsas ist\u0259kl\u0259ri d\u0259 o idi ki, ham\u0131n\u0131 bir t\u0259\u015fkilat alt\u0131nda toplas\u0131n. BGM-i \u00e7\u0131xmaq \u015f\u0259rti il\u0259 he\u00e7 kim buna raz\u0131 olmad\u0131\u201d.\n<\/p>\n<p>\n  Mirta\u011f\u0131 \u018fs\u0259dov is\u0259 ikinci h\u00fcquqdan istifad\u0259nin t\u0259r\u0259fdar\u0131 olub: \u201cQanuna g\u00f6r\u0259 4 y\u00fcks\u0259k statuslu idar\u0259 var. Bunlar\u0131n biri d\u0259 s\u0259dri oldu\u011fum \u00dcGMAD\u0130-dir. H\u00f6kum\u0259tin 2014-c\u00fc ilin 27 yanvar tarixli 117 n\u00f6mr\u0259li q\u0259rar\u0131 var. Bu q\u0259rarda bildirilir ki, Sovet rejimi zaman\u0131 dinl\u0259r\u0259 d\u0259y\u0259n z\u0259r\u0259ri h\u00f6kum\u0259t qism\u0259n tan\u0131y\u0131r. H\u0259min qanunda h\u0259m\u00e7inin bildirilir ki, qanun q\u0259bul edil\u0259n\u0259 q\u0259d\u0259r hans\u0131 t\u0259\u015fkilatlar qeydiyyatdan ke\u00e7ibs\u0259, yard\u0131m\u0131 h\u0259min t\u0259\u015fkilatlar ala bil\u0259r. H\u0259min yard\u0131m\u0131 da onlar\u0131n b\u00f6lg\u00fcs\u00fcn\u0259 g\u00f6r\u0259 t\u0259yin edilmi\u015f 5 din\u0259 m\u0259xsus qurumlar ala bil\u0259r. Bundan sonra hakimiyy\u0259t bizi dan\u0131\u015f\u0131qlara \u00e7a\u011f\u0131r\u0131b diqt\u0259 etm\u0259y\u0259 \u00e7al\u0131\u015fd\u0131 ki, g\u0259lin BGM-\u0259 tabe olun, h\u0259min idar\u0259y\u0259 bi\u0259t edin. M\u0259n d\u0259 onlara sual verdim ki, burda tabelik nec\u0259 ola bil\u0259r ki, qanun biz\u0259 iki se\u00e7im t\u0259klif edib. Birinci yol budur, \u0259g\u0259r idar\u0259l\u0259rin say\u0131 3-d\u0259n yuxar\u0131d\u0131rsa, qanun t\u0259klif edir ki, bir idar\u0259nin \u0259traf\u0131nda birl\u0259\u015f\u0259k. \u018fg\u0259r bu raz\u0131l\u015fama ba\u015f tutmursa, parlamentar \u015f\u0259kild\u0259 T\u0259msil\u00e7ilik \u015euras\u0131 yarad\u0131l\u0131r. \u0130kinci se\u00e7im h\u0259r k\u0259s\u0259 b\u0259rab\u0259r h\u00fcquq tan\u0131y\u0131r v\u0259 m\u0259n d\u0259 bu se\u00e7imi daha m\u0259qbul sayd\u0131m. Daha sonra is\u0259 qanunsuz olaraq bizi dan\u0131\u015f\u0131qlardan uzaqla\u015fd\u0131rd\u0131lar. Bu, art\u0131q siyasi q\u0259rar idi. Dini Agentlik bir s\u0259n\u0259d imzalad\u0131 v\u0259 Ramin b\u0259y d\u0259 imza atd\u0131 ki, guya m\u0259n imtina etmi\u015f\u0259m. Y\u0259ni m\u0259nim yerim\u0259 q\u0259rar vermi\u015fdil\u0259r. Bu, nec\u0259 ola bil\u0259rdi? Bundan sonra i\u015fi m\u0259hk\u0259m\u0259y\u0259 verdim. \u0130lkin m\u0259hk\u0259m\u0259 \u0259leyhimiz\u0259 q\u0259rar verdi. Apeliyasiya M\u0259hk\u0259msind\u0259 is\u0259 udduq. Amma q\u0259rarda deyildi ki, biz b\u00fcd\u0259c\u0259d\u0259n pul ala bil\u0259rik, amma \u015eurada olmaq haqq\u0131m\u0131z yoxdur. \u0130r\u0259lid\u0259 ola bilsin ki, daha bir m\u0259hk\u0259m\u0259miz olsun\u201d.\n<\/p>\n<figure class=\"wp-block-image size-large\">\n  <img decoding=\"async\" src=\"https:\/\/www.meydan.tv\/az\/115135\/\" alt=\"\" class=\"wp-image-115135\"\/><figcaption><\/figcaption><\/figure>\n<p>\n  \u018fs\u0259dov h\u0259m\u00e7inin eyni din\u0259 aid m\u0259zh\u0259bl\u0259rin f\u0259rqli din kimi qeyd\u0259 al\u0131nd\u0131\u011f\u0131 halda m\u00fcs\u0259lmanlar\u0131n yaln\u0131z \u0130slam kimi qeyd edilm\u0259sini d\u0259 d\u00fczg\u00fcn saym\u0131r v\u0259 buna g\u00f6r\u0259 d\u0259 m\u0259hk\u0259m\u0259 prosesi ba\u015flad\u0131b: \u201c\u00c7\u00fcnki biz d\u0259 m\u0259zh\u0259b olaraq ayr\u0131 yaz\u0131lmal\u0131y\u0131q. \u015ei\u0259 v\u0259 s\u00fcnni m\u0259zh\u0259bl\u0259rinin idar\u0259 mexanizmi ayr\u0131d\u0131r v\u0259 bir yerd\u0259 olmalar\u0131 d\u00fczg\u00fcn deyil. Bundan \u0259lav\u0259, s\u00fcnni v\u0259 \u015fi\u0259likd\u0259n f\u0259rqli radikal olan dini c\u0259r\u0259yanlar da var. Onlar gedib Suriyada, \u0130raqda adam \u00f6ld\u00fcr\u00fcr. Sonra onlar\u0131n m\u0259suliyy\u0259tini niy\u0259 b\u00fct\u00fcn islam m\u0259zh\u0259bl\u0259ri da\u015f\u0131mal\u0131d\u0131r? Niy\u0259 g\u0259lib bizim ad\u0131m\u0131za yaxmal\u0131d\u0131rlar bel\u0259 m\u0259s\u0259l\u0259l\u0259ri? Ona g\u00f6r\u0259 d\u0259 m\u0259zh\u0259bl\u0259ri ayr\u0131 yazmaq laz\u0131md\u0131r ki, h\u0259r k\u0259s \u00f6z\u00fcn\u0259 g\u00f6r\u0259 cavab versin\u201d.\n<\/p>\n<p>\n  Oqtay Kazimov Dini Agentliyin h\u0259r iki t\u0259riq\u0259ti eyni m\u0259rk\u0259zd\u0259n idar\u0259 etm\u0259y\u0259 \u00e7al\u0131\u015fmas\u0131n\u0131 m\u0259qs\u0259dli say\u0131r: \u201cBir halda ki, erm\u0259nil\u0259r v\u0259 g\u00fcrc\u00fcl\u0259r eyni din v\u0259 m\u0259zh\u0259b\u0259 m\u0259nsub oldu\u011fu halda h\u00f6kum\u0259t onlar\u0131 m\u00fcst\u0259qil \u015f\u0259kild\u0259 g\u00f6st\u0259rir, b\u0259s bizi niy\u0259 s\u00fcnni v\u0259 \u015fi\u0259 olaraq ayr\u0131 g\u00f6st\u0259rmir? H\u00f6kum\u0259tin ist\u0259yi budur ki, h\u0259r iki m\u0259zh\u0259bi bir yerd\u0259 saxlamaqla bir m\u0259rk\u0259zd\u0259n idar\u0259 etsin. Halbuki, onlar\u0131 \u00f6z daxilind\u0259 \u015e\u0259rqi v\u0259 Q\u0259rbi hiss\u0259l\u0259r\u0259 b\u00f6l\u00fcb. H\u0259tta etnik z\u0259mind\u0259 d\u0259 b\u00f6l\u00fcn\u00fcb. Bu m\u0259s\u0259l\u0259 Konstitusiya M\u0259hk\u0259m\u0259sind\u0259 q\u0259rar verm\u0259 m\u0259rh\u0259l\u0259sind\u0259dir. H\u00f6kum\u0259t \u00e7ox narahatd\u0131r. \u00c7\u00fcnki bu zaman \u015fi\u0259l\u0259rin \u00f6z, s\u00fcnnil\u0259rin \u00f6z t\u0259msil\u00e7ilik \u015furas\u0131 olacaq. BGM-d\u0259 qeyri-r\u0259smi s\u00f6hb\u0259tl\u0259rd\u0259 d\u0259 deyibl\u0259r ki, b\u0259zi m\u0259s\u0259l\u0259l\u0259r ki, \u015fi\u0259l\u0259r q\u0259bulunu ist\u0259yir, s\u00fcnnil\u0259r qar\u015f\u0131 oldu\u011fu \u00fc\u00e7\u00fcn q\u0259bul etmirik. Onda s\u00fcnnil\u0259r\u0259 d\u0259 bel\u0259 etm\u0259liyik. Y\u0259ni, \u015fi\u0259l\u0259r\u0259 qar\u015f\u0131 s\u00fcnnil\u0259rin s\u0259sind\u0259n istifad\u0259 olunur, s\u00fcnnil\u0259r\u0259 qar\u015f\u0131 is\u0259 \u0259ksin\u0259. Bununla da, h\u0259r iki t\u0259r\u0259fin effektivliyi azald\u0131l\u0131r. \u00c7\u00fcnki s\u00fcnnil\u0259r v\u0259 \u015fi\u0259l\u0259r aras\u0131nda min ild\u0259n \u00e7oxdur ki, fikir ayr\u0131l\u0131\u011f\u0131 var\u201d.\n<\/p>\n<p>\n  Ramin \u0130gidov is\u0259 iddia edir ki, m\u0259zh\u0259b ayr\u0131l\u0131\u011f\u0131na s\u0259b\u0259b xaricd\u0259n t\u0259\u015fkilatlanmad\u0131r: \u201cG\u00fcrc\u00fcstanda \u015fi\u0259 v\u0259 s\u00fcnnil\u0259r bir dini idar\u0259d\u0259 i\u015ftirak edir. D\u00f6vl\u0259t t\u0259r\u0259find\u0259n \u0130slam kimi tan\u0131n\u0131b. Mirta\u011f\u0131 \u018fs\u0259dov Konstitusiya M\u0259hk\u0259m\u0259sin\u0259 m\u00fcraci\u0259t edib ki, katolik v\u0259 pravaslavlar\u0131 bir-birind\u0259n ay\u0131r\u0131blarsa, \u015fi\u0259 v\u0259 s\u00fcnnil\u0259r d\u0259 ayr\u0131lmal\u0131d\u0131rlar, ayr\u0131 icma olaraq tan\u0131nmal\u0131d\u0131rlar. Onu s\u0259mimi hesab etmir\u0259m. \u00c7\u00fcnki biz bir arada oldu\u011fumuz zaman ba\u015fqa \u015feyl\u0259r dan\u0131\u015f\u0131rd\u0131. Daha sonra tamam ba\u015fqa \u015feyl\u0259r dan\u0131\u015fd\u0131. D\u00fc\u015f\u00fcnd\u00fcy\u00fcm d\u0259 budur ki, idar\u0259 olunur. M\u0259nc\u0259, bu, onun \u00f6z fikri deyil. Onu da d\u0259st\u0259kl\u0259y\u0259n t\u0259\u015fkilatlar\u0131n \u00f6z maraqlar\u0131 var. Hans\u0131 ki, ona v\u0259kill\u0259r t\u0259yin edirl\u0259r v\u0259 bu v\u0259kill\u0259rl\u0259 prosesi apar\u0131rlar ki, m\u0259s\u0259l\u0259 h\u0259yata ke\u00e7sin, G\u00fcrc\u00fcstanda m\u0259zh\u0259bl\u0259r ayr\u0131ls\u0131n. Bu m\u0259s\u0259l\u0259 \u0130ran t\u0259r\u0259fd\u0259n deyil. \u00c7\u00fcnki \u0130ran t\u0259r\u0259fi h\u0259r zaman v\u0259hd\u0259t\u0259 \u00e7a\u011f\u0131r\u0131r. Bu m\u0259s\u0259l\u0259d\u0259 onlar da narahat idil\u0259r. Onu d\u0259st\u0259kl\u0259y\u0259n t\u0259\u015fkilatlar xaricd\u0259n maliyy\u0259l\u0259\u015fir. Bu, bizim \u00fc\u00e7\u00fcn \u015f\u00fcbh\u0259lidir. Bu, x\u00fcsusi bir proqramd\u0131r v\u0259 G\u00fcrc\u00fcstanda icra etm\u0259k ist\u0259yirl\u0259r. EMC, SAYO, TD\u0130 adl\u0131 t\u0259\u015fkilatlar var. Bilmir\u0259m h\u0259min t\u0259\u015fkilatlar Avropadan maliyy\u0259l\u0259\u015fir, ya yox, amma bu m\u0259s\u0259l\u0259d\u0259 \u00e7ox canf\u0259\u015fanl\u0131q edirl\u0259r. Bizim idar\u0259 il\u0259 is\u0259 he\u00e7 bir d\u0259f\u0259 d\u0259 g\u00f6r\u00fc\u015fm\u0259yibl\u0259r. Bizim fikirl\u0259ri n\u0259z\u0259r\u0259 almay\u0131blar\u201d.\n<\/p>\n<p>\n  EMC t\u0259\u015fkilat\u0131 is\u0259 insan azadl\u0131qlar\u0131n\u0131 m\u00fcdafi\u0259 ed\u0259n t\u0259\u015fkilat oldu\u011funu b\u0259yan edib v\u0259 dini azadl\u0131qlar\u0131n qorunmas\u0131n\u0131 pioritetl\u0259rind\u0259n biri kimi g\u00f6st\u0259rib. H\u0259m\u00e7inin t\u0259\u015fkilat r\u0259smi sayt\u0131nda donorlar\u0131n\u0131 da a\u00e7\u0131q \u015f\u0259kild\u0259 g\u00f6st\u0259rib. Onlar\u0131n donorlar\u0131ndan ikisi &#8211; Avropa Birliyi v\u0259 G\u00fcrc\u00fcstan \u00dc\u00e7\u00fcn Avropa Birliyi (The European Union For Georgia) t\u0259\u015fkilatlar\u0131 G\u00fcrc\u00fcstan h\u00f6k\u00fcm\u0259tinin strateji t\u0259r\u0259fda\u015flar\u0131 say\u0131l\u0131r.\n<\/p>\n<p>\n  Tolerantl\u0131q v\u0259 R\u0259ngar\u0259nglik \u0130nstitutu (Tolerance and Diversity Institute) da G\u00fcrc\u00fcstanda dini azadl\u0131qlar\u0131n qorunmas\u0131n\u0131 \u0259sas pioritetl\u0259rind\u0259n biri kimi g\u00f6st\u0259rir v\u0259 bu tip i\u015fl\u0259r\u0259 d\u0259st\u0259k verdiyini b\u0259yan edir.\n<\/p>\n<p>\n  Mirta\u011f\u0131 \u018fs\u0259dov is\u0259 m\u00fcbariz\u0259sinin \u00f6z xalq\u0131n\u0131n h\u00fcquqlar\u0131 v\u0259 g\u0259l\u0259c\u0259yi u\u011frunda oldu\u011funu bildirir: \u201cBir \u00e7ox m\u0259hk\u0259m\u0259 prosedurlar\u0131m\u0131z var. Onlardan b\u0259zil\u0259rin\u0259 \u00e7oxdan ba\u015flam\u0131\u015f\u0131q, b\u0259zil\u0259rin\u0259 is\u0259 yeni. \u0130nan\u0131ram ki, haqq-\u0259dal\u0259t yerini tapacaq v\u0259 ist\u0259kl\u0259rimiz\u0259 nail olaca\u011f\u0131q\u201d.<\/p>\n","protected":false},"excerpt":{"rendered":"<p>\u201cG\u00fcrc\u00fcstanda h\u0259r dini qurumun \u00f6z mara\u011f\u0131 var\u201d<\/p>\n","protected":false},"author":11,"featured_media":115126,"comment_status":"closed","ping_status":"open","sticky":false,"template":"","format":"standard","meta":{"_acf_changed":false,"_sitemap_exclude":false,"_sitemap_priority":"","_sitemap_frequency":"","footnotes":""},"categories":[51],"tags":[],"class_list":["post-193575","post","type-post","status-publish","format-standard","has-post-thumbnail","hentry","category-analitika","infinite-scroll-item","generate-columns","tablet-grid-50","mobile-grid-100","grid-parent","grid-33","no-featured-image-padding"],"acf":[],"yoast_head":"<!-- This site is optimized with the Yoast SEO plugin v27.4 - https:\/\/yoast.com\/product\/yoast-seo-wordpress\/ -->\n<title>Mirta\u011f\u0131 \u018fs\u0259dovun h\u0259bsinin s\u0259b\u0259bi; h\u00f6kum\u0259t siyas\u0259ti, yoxsa dindarlar\u0131n sava\u015f\u0131? - MEYDAN.TV<\/title>\n<meta name=\"robots\" content=\"index, follow, max-snippet:-1, max-image-preview:large, max-video-preview:-1\" \/>\n<link rel=\"canonical\" href=\"https:\/\/www.meydan.tv\/az\/article\/mirtagi-esedovun-hebsinin-sebebi-hokumet-siyaseti-yoxsa-dindarlarin-savasi\/\" \/>\n<meta property=\"og:locale\" content=\"az_AZ\" \/>\n<meta property=\"og:type\" content=\"article\" \/>\n<meta property=\"og:title\" content=\"Mirta\u011f\u0131 \u018fs\u0259dovun h\u0259bsinin s\u0259b\u0259bi; h\u00f6kum\u0259t siyas\u0259ti, yoxsa dindarlar\u0131n sava\u015f\u0131? - MEYDAN.TV\" \/>\n<meta property=\"og:description\" content=\"\u201cG\u00fcrc\u00fcstanda h\u0259r dini qurumun \u00f6z mara\u011f\u0131 var\u201d\" \/>\n<meta property=\"og:url\" content=\"https:\/\/www.meydan.tv\/az\/article\/mirtagi-esedovun-hebsinin-sebebi-hokumet-siyaseti-yoxsa-dindarlarin-savasi\/\" \/>\n<meta property=\"og:site_name\" content=\"MEYDAN.TV\" \/>\n<meta property=\"article:published_time\" content=\"2019-01-19T00:10:06+00:00\" \/>\n<meta property=\"og:image\" content=\"https:\/\/www.meydan.tv\/wp-content\/uploads\/46320.jpg\" \/>\n\t<meta property=\"og:image:width\" content=\"1280\" \/>\n\t<meta property=\"og:image:height\" content=\"853\" \/>\n\t<meta property=\"og:image:type\" content=\"image\/jpeg\" \/>\n<meta name=\"author\" content=\"user-manager\" \/>\n<meta name=\"twitter:card\" content=\"summary_large_image\" \/>\n<script type=\"application\/ld+json\" class=\"yoast-schema-graph\">{\"@context\":\"https:\\\/\\\/schema.org\",\"@graph\":[{\"@type\":\"Article\",\"@id\":\"https:\\\/\\\/www.meydan.tv\\\/az\\\/article\\\/mirtagi-esedovun-hebsinin-sebebi-hokumet-siyaseti-yoxsa-dindarlarin-savasi\\\/#article\",\"isPartOf\":{\"@id\":\"https:\\\/\\\/www.meydan.tv\\\/az\\\/article\\\/mirtagi-esedovun-hebsinin-sebebi-hokumet-siyaseti-yoxsa-dindarlarin-savasi\\\/\"},\"author\":{\"name\":\"user-manager\",\"@id\":\"https:\\\/\\\/www.meydan.tv\\\/az\\\/#\\\/schema\\\/person\\\/10d11eccf6da3662cf5fdab9806ea91a\"},\"headline\":\"Mirta\u011f\u0131 \u018fs\u0259dovun h\u0259bsinin s\u0259b\u0259bi; h\u00f6kum\u0259t siyas\u0259ti, yoxsa dindarlar\u0131n sava\u015f\u0131?\",\"datePublished\":\"2019-01-19T00:10:06+00:00\",\"mainEntityOfPage\":{\"@id\":\"https:\\\/\\\/www.meydan.tv\\\/az\\\/article\\\/mirtagi-esedovun-hebsinin-sebebi-hokumet-siyaseti-yoxsa-dindarlarin-savasi\\\/\"},\"wordCount\":5501,\"publisher\":{\"@id\":\"https:\\\/\\\/www.meydan.tv\\\/az\\\/#organization\"},\"image\":{\"@id\":\"https:\\\/\\\/www.meydan.tv\\\/az\\\/article\\\/mirtagi-esedovun-hebsinin-sebebi-hokumet-siyaseti-yoxsa-dindarlarin-savasi\\\/#primaryimage\"},\"thumbnailUrl\":\"https:\\\/\\\/www.meydan.tv\\\/wp-content\\\/uploads\\\/46320.jpg\",\"articleSection\":[\"Analitika\"],\"inLanguage\":\"az\"},{\"@type\":\"WebPage\",\"@id\":\"https:\\\/\\\/www.meydan.tv\\\/az\\\/article\\\/mirtagi-esedovun-hebsinin-sebebi-hokumet-siyaseti-yoxsa-dindarlarin-savasi\\\/\",\"url\":\"https:\\\/\\\/www.meydan.tv\\\/az\\\/article\\\/mirtagi-esedovun-hebsinin-sebebi-hokumet-siyaseti-yoxsa-dindarlarin-savasi\\\/\",\"name\":\"Mirta\u011f\u0131 \u018fs\u0259dovun h\u0259bsinin s\u0259b\u0259bi; h\u00f6kum\u0259t siyas\u0259ti, yoxsa dindarlar\u0131n sava\u015f\u0131? - MEYDAN.TV\",\"isPartOf\":{\"@id\":\"https:\\\/\\\/www.meydan.tv\\\/az\\\/#website\"},\"primaryImageOfPage\":{\"@id\":\"https:\\\/\\\/www.meydan.tv\\\/az\\\/article\\\/mirtagi-esedovun-hebsinin-sebebi-hokumet-siyaseti-yoxsa-dindarlarin-savasi\\\/#primaryimage\"},\"image\":{\"@id\":\"https:\\\/\\\/www.meydan.tv\\\/az\\\/article\\\/mirtagi-esedovun-hebsinin-sebebi-hokumet-siyaseti-yoxsa-dindarlarin-savasi\\\/#primaryimage\"},\"thumbnailUrl\":\"https:\\\/\\\/www.meydan.tv\\\/wp-content\\\/uploads\\\/46320.jpg\",\"datePublished\":\"2019-01-19T00:10:06+00:00\",\"breadcrumb\":{\"@id\":\"https:\\\/\\\/www.meydan.tv\\\/az\\\/article\\\/mirtagi-esedovun-hebsinin-sebebi-hokumet-siyaseti-yoxsa-dindarlarin-savasi\\\/#breadcrumb\"},\"inLanguage\":\"az\",\"potentialAction\":[{\"@type\":\"ReadAction\",\"target\":[\"https:\\\/\\\/www.meydan.tv\\\/az\\\/article\\\/mirtagi-esedovun-hebsinin-sebebi-hokumet-siyaseti-yoxsa-dindarlarin-savasi\\\/\"]}]},{\"@type\":\"ImageObject\",\"inLanguage\":\"az\",\"@id\":\"https:\\\/\\\/www.meydan.tv\\\/az\\\/article\\\/mirtagi-esedovun-hebsinin-sebebi-hokumet-siyaseti-yoxsa-dindarlarin-savasi\\\/#primaryimage\",\"url\":\"https:\\\/\\\/www.meydan.tv\\\/wp-content\\\/uploads\\\/46320.jpg\",\"contentUrl\":\"https:\\\/\\\/www.meydan.tv\\\/wp-content\\\/uploads\\\/46320.jpg\",\"width\":1280,\"height\":853,\"caption\":\"Source:\"},{\"@type\":\"BreadcrumbList\",\"@id\":\"https:\\\/\\\/www.meydan.tv\\\/az\\\/article\\\/mirtagi-esedovun-hebsinin-sebebi-hokumet-siyaseti-yoxsa-dindarlarin-savasi\\\/#breadcrumb\",\"itemListElement\":[{\"@type\":\"ListItem\",\"position\":1,\"name\":\"Ana s\u0259hif\u0259\",\"item\":\"https:\\\/\\\/www.meydan.tv\\\/az\\\/\"},{\"@type\":\"ListItem\",\"position\":2,\"name\":\"Analitika\",\"item\":\"https:\\\/\\\/www.meydan.tv\\\/az\\\/section\\\/analitika\\\/\"},{\"@type\":\"ListItem\",\"position\":3,\"name\":\"Mirta\u011f\u0131 \u018fs\u0259dovun h\u0259bsinin s\u0259b\u0259bi; h\u00f6kum\u0259t siyas\u0259ti, yoxsa dindarlar\u0131n sava\u015f\u0131?\"}]},{\"@type\":\"WebSite\",\"@id\":\"https:\\\/\\\/www.meydan.tv\\\/az\\\/#website\",\"url\":\"https:\\\/\\\/www.meydan.tv\\\/az\\\/\",\"name\":\"MEYDAN.TV\",\"description\":\"Meydan TV Az\u0259rbaycan\u0131n media m\u0259kan\u0131ndak\u0131 alternativ s\u0259sidir\",\"publisher\":{\"@id\":\"https:\\\/\\\/www.meydan.tv\\\/az\\\/#organization\"},\"potentialAction\":[{\"@type\":\"SearchAction\",\"target\":{\"@type\":\"EntryPoint\",\"urlTemplate\":\"https:\\\/\\\/www.meydan.tv\\\/az\\\/?s={search_term_string}\"},\"query-input\":{\"@type\":\"PropertyValueSpecification\",\"valueRequired\":true,\"valueName\":\"search_term_string\"}}],\"inLanguage\":\"az\"},{\"@type\":\"Organization\",\"@id\":\"https:\\\/\\\/www.meydan.tv\\\/az\\\/#organization\",\"name\":\"Meydan TV\",\"url\":\"https:\\\/\\\/www.meydan.tv\\\/az\\\/\",\"logo\":{\"@type\":\"ImageObject\",\"inLanguage\":\"az\",\"@id\":\"https:\\\/\\\/www.meydan.tv\\\/az\\\/#\\\/schema\\\/logo\\\/image\\\/\",\"url\":\"https:\\\/\\\/www.meydan.tv\\\/wp-content\\\/uploads\\\/2021\\\/07\\\/meydan-logo.svg\",\"contentUrl\":\"https:\\\/\\\/www.meydan.tv\\\/wp-content\\\/uploads\\\/2021\\\/07\\\/meydan-logo.svg\",\"width\":195,\"height\":46,\"caption\":\"Meydan TV\"},\"image\":{\"@id\":\"https:\\\/\\\/www.meydan.tv\\\/az\\\/#\\\/schema\\\/logo\\\/image\\\/\"}},{\"@type\":\"Person\",\"@id\":\"https:\\\/\\\/www.meydan.tv\\\/az\\\/#\\\/schema\\\/person\\\/10d11eccf6da3662cf5fdab9806ea91a\",\"name\":\"user-manager\"}]}<\/script>\n<!-- \/ Yoast SEO plugin. -->","yoast_head_json":{"title":"Mirta\u011f\u0131 \u018fs\u0259dovun h\u0259bsinin s\u0259b\u0259bi; h\u00f6kum\u0259t siyas\u0259ti, yoxsa dindarlar\u0131n sava\u015f\u0131? - MEYDAN.TV","robots":{"index":"index","follow":"follow","max-snippet":"max-snippet:-1","max-image-preview":"max-image-preview:large","max-video-preview":"max-video-preview:-1"},"canonical":"https:\/\/www.meydan.tv\/az\/article\/mirtagi-esedovun-hebsinin-sebebi-hokumet-siyaseti-yoxsa-dindarlarin-savasi\/","og_locale":"az_AZ","og_type":"article","og_title":"Mirta\u011f\u0131 \u018fs\u0259dovun h\u0259bsinin s\u0259b\u0259bi; h\u00f6kum\u0259t siyas\u0259ti, yoxsa dindarlar\u0131n sava\u015f\u0131? - MEYDAN.TV","og_description":"\u201cG\u00fcrc\u00fcstanda h\u0259r dini qurumun \u00f6z mara\u011f\u0131 var\u201d","og_url":"https:\/\/www.meydan.tv\/az\/article\/mirtagi-esedovun-hebsinin-sebebi-hokumet-siyaseti-yoxsa-dindarlarin-savasi\/","og_site_name":"MEYDAN.TV","article_published_time":"2019-01-19T00:10:06+00:00","og_image":[{"width":1280,"height":853,"url":"https:\/\/www.meydan.tv\/wp-content\/uploads\/46320.jpg","type":"image\/jpeg"}],"author":"user-manager","twitter_card":"summary_large_image","schema":{"@context":"https:\/\/schema.org","@graph":[{"@type":"Article","@id":"https:\/\/www.meydan.tv\/az\/article\/mirtagi-esedovun-hebsinin-sebebi-hokumet-siyaseti-yoxsa-dindarlarin-savasi\/#article","isPartOf":{"@id":"https:\/\/www.meydan.tv\/az\/article\/mirtagi-esedovun-hebsinin-sebebi-hokumet-siyaseti-yoxsa-dindarlarin-savasi\/"},"author":{"name":"user-manager","@id":"https:\/\/www.meydan.tv\/az\/#\/schema\/person\/10d11eccf6da3662cf5fdab9806ea91a"},"headline":"Mirta\u011f\u0131 \u018fs\u0259dovun h\u0259bsinin s\u0259b\u0259bi; h\u00f6kum\u0259t siyas\u0259ti, yoxsa dindarlar\u0131n sava\u015f\u0131?","datePublished":"2019-01-19T00:10:06+00:00","mainEntityOfPage":{"@id":"https:\/\/www.meydan.tv\/az\/article\/mirtagi-esedovun-hebsinin-sebebi-hokumet-siyaseti-yoxsa-dindarlarin-savasi\/"},"wordCount":5501,"publisher":{"@id":"https:\/\/www.meydan.tv\/az\/#organization"},"image":{"@id":"https:\/\/www.meydan.tv\/az\/article\/mirtagi-esedovun-hebsinin-sebebi-hokumet-siyaseti-yoxsa-dindarlarin-savasi\/#primaryimage"},"thumbnailUrl":"https:\/\/www.meydan.tv\/wp-content\/uploads\/46320.jpg","articleSection":["Analitika"],"inLanguage":"az"},{"@type":"WebPage","@id":"https:\/\/www.meydan.tv\/az\/article\/mirtagi-esedovun-hebsinin-sebebi-hokumet-siyaseti-yoxsa-dindarlarin-savasi\/","url":"https:\/\/www.meydan.tv\/az\/article\/mirtagi-esedovun-hebsinin-sebebi-hokumet-siyaseti-yoxsa-dindarlarin-savasi\/","name":"Mirta\u011f\u0131 \u018fs\u0259dovun h\u0259bsinin s\u0259b\u0259bi; h\u00f6kum\u0259t siyas\u0259ti, yoxsa dindarlar\u0131n sava\u015f\u0131? - MEYDAN.TV","isPartOf":{"@id":"https:\/\/www.meydan.tv\/az\/#website"},"primaryImageOfPage":{"@id":"https:\/\/www.meydan.tv\/az\/article\/mirtagi-esedovun-hebsinin-sebebi-hokumet-siyaseti-yoxsa-dindarlarin-savasi\/#primaryimage"},"image":{"@id":"https:\/\/www.meydan.tv\/az\/article\/mirtagi-esedovun-hebsinin-sebebi-hokumet-siyaseti-yoxsa-dindarlarin-savasi\/#primaryimage"},"thumbnailUrl":"https:\/\/www.meydan.tv\/wp-content\/uploads\/46320.jpg","datePublished":"2019-01-19T00:10:06+00:00","breadcrumb":{"@id":"https:\/\/www.meydan.tv\/az\/article\/mirtagi-esedovun-hebsinin-sebebi-hokumet-siyaseti-yoxsa-dindarlarin-savasi\/#breadcrumb"},"inLanguage":"az","potentialAction":[{"@type":"ReadAction","target":["https:\/\/www.meydan.tv\/az\/article\/mirtagi-esedovun-hebsinin-sebebi-hokumet-siyaseti-yoxsa-dindarlarin-savasi\/"]}]},{"@type":"ImageObject","inLanguage":"az","@id":"https:\/\/www.meydan.tv\/az\/article\/mirtagi-esedovun-hebsinin-sebebi-hokumet-siyaseti-yoxsa-dindarlarin-savasi\/#primaryimage","url":"https:\/\/www.meydan.tv\/wp-content\/uploads\/46320.jpg","contentUrl":"https:\/\/www.meydan.tv\/wp-content\/uploads\/46320.jpg","width":1280,"height":853,"caption":"Source:"},{"@type":"BreadcrumbList","@id":"https:\/\/www.meydan.tv\/az\/article\/mirtagi-esedovun-hebsinin-sebebi-hokumet-siyaseti-yoxsa-dindarlarin-savasi\/#breadcrumb","itemListElement":[{"@type":"ListItem","position":1,"name":"Ana s\u0259hif\u0259","item":"https:\/\/www.meydan.tv\/az\/"},{"@type":"ListItem","position":2,"name":"Analitika","item":"https:\/\/www.meydan.tv\/az\/section\/analitika\/"},{"@type":"ListItem","position":3,"name":"Mirta\u011f\u0131 \u018fs\u0259dovun h\u0259bsinin s\u0259b\u0259bi; h\u00f6kum\u0259t siyas\u0259ti, yoxsa dindarlar\u0131n sava\u015f\u0131?"}]},{"@type":"WebSite","@id":"https:\/\/www.meydan.tv\/az\/#website","url":"https:\/\/www.meydan.tv\/az\/","name":"MEYDAN.TV","description":"Meydan TV Az\u0259rbaycan\u0131n media m\u0259kan\u0131ndak\u0131 alternativ s\u0259sidir","publisher":{"@id":"https:\/\/www.meydan.tv\/az\/#organization"},"potentialAction":[{"@type":"SearchAction","target":{"@type":"EntryPoint","urlTemplate":"https:\/\/www.meydan.tv\/az\/?s={search_term_string}"},"query-input":{"@type":"PropertyValueSpecification","valueRequired":true,"valueName":"search_term_string"}}],"inLanguage":"az"},{"@type":"Organization","@id":"https:\/\/www.meydan.tv\/az\/#organization","name":"Meydan TV","url":"https:\/\/www.meydan.tv\/az\/","logo":{"@type":"ImageObject","inLanguage":"az","@id":"https:\/\/www.meydan.tv\/az\/#\/schema\/logo\/image\/","url":"https:\/\/www.meydan.tv\/wp-content\/uploads\/2021\/07\/meydan-logo.svg","contentUrl":"https:\/\/www.meydan.tv\/wp-content\/uploads\/2021\/07\/meydan-logo.svg","width":195,"height":46,"caption":"Meydan TV"},"image":{"@id":"https:\/\/www.meydan.tv\/az\/#\/schema\/logo\/image\/"}},{"@type":"Person","@id":"https:\/\/www.meydan.tv\/az\/#\/schema\/person\/10d11eccf6da3662cf5fdab9806ea91a","name":"user-manager"}]}},"_links":{"self":[{"href":"https:\/\/www.meydan.tv\/az\/wp-json\/wp\/v2\/posts\/193575","targetHints":{"allow":["GET"]}}],"collection":[{"href":"https:\/\/www.meydan.tv\/az\/wp-json\/wp\/v2\/posts"}],"about":[{"href":"https:\/\/www.meydan.tv\/az\/wp-json\/wp\/v2\/types\/post"}],"author":[{"embeddable":true,"href":"https:\/\/www.meydan.tv\/az\/wp-json\/wp\/v2\/users\/11"}],"replies":[{"embeddable":true,"href":"https:\/\/www.meydan.tv\/az\/wp-json\/wp\/v2\/comments?post=193575"}],"version-history":[{"count":0,"href":"https:\/\/www.meydan.tv\/az\/wp-json\/wp\/v2\/posts\/193575\/revisions"}],"wp:featuredmedia":[{"embeddable":true,"href":"https:\/\/www.meydan.tv\/az\/wp-json\/wp\/v2\/media\/115126"}],"wp:attachment":[{"href":"https:\/\/www.meydan.tv\/az\/wp-json\/wp\/v2\/media?parent=193575"}],"wp:term":[{"taxonomy":"category","embeddable":true,"href":"https:\/\/www.meydan.tv\/az\/wp-json\/wp\/v2\/categories?post=193575"},{"taxonomy":"post_tag","embeddable":true,"href":"https:\/\/www.meydan.tv\/az\/wp-json\/wp\/v2\/tags?post=193575"}],"curies":[{"name":"wp","href":"https:\/\/api.w.org\/{rel}","templated":true}]}}