{"id":193572,"date":"2019-01-18T22:35:44","date_gmt":"2019-01-18T22:35:44","guid":{"rendered":"https:\/\/www.meydan.tv\/article\/sarkozi-bakiya-niye-gelmisdi\/"},"modified":"2019-01-18T22:35:44","modified_gmt":"2019-01-18T22:35:44","slug":"sarkozi-bakiya-niye-gelmisdi","status":"publish","type":"post","link":"https:\/\/www.meydan.tv\/az\/article\/sarkozi-bakiya-niye-gelmisdi\/","title":{"rendered":"Sarkozi Bak\u0131ya niy\u0259 g\u0259lmi\u015fdi?"},"content":{"rendered":"<figure class=\"wp-block-image size-large\">\n  <img decoding=\"async\" src=\"https:\/\/www.meydan.tv\/az\/sarkozi-ve-eliyev\/\" alt=\"Sarkozi v\u0259 \u018fliyev\" class=\"wp-image-116211\"\/><figcaption>\n    Sarkozi v\u0259 \u018fliyev<br \/>\n  <\/figcaption><\/figure>\n<p>\n  <i><br \/>\n    Sabiq prezident\u0259 Fransa xarici siyas\u0259tinin el\u00e7isi kimi baxmaq olar<br \/>\n  <\/i>\n<\/p>\n<p>\n  Fransan\u0131n sabiq prezidenti Nikolya Sarkozi yanvar\u0131n 15-16-da bir q\u0259d\u0259r gizli \u015f\u0259raitd\u0259 Az\u0259rbaycana \u015f\u0259xsi s\u0259f\u0259r\u0259 g\u0259lib. Qar\u015f\u0131da duran s\u0259f\u0259r bar\u0259d\u0259 anons verilm\u0259mi\u015fdi. Sarkozinin Bak\u0131da oldu\u011fu, prezident \u0130lham \u018fliyevl\u0259 g\u00f6r\u00fc\u015fd\u00fcy\u00fc haqq\u0131nda ilk m\u0259lumat yanvar\u0131n 15-d\u0259 ax\u015fam \u201cpresident.az\u201d sayt\u0131nda yerl\u0259\u015fdirilib.\n<\/p>\n<p>\n  N\u00f6vb\u0259ti g\u00fcn Sarkozi Fransa Universitetind\u0259 \u00e7\u0131x\u0131\u015f edib &#8211; ke\u00e7mi\u015f r\u0259hb\u0259rl\u0259r ad\u0259t\u0259n y\u00fcks\u0259k qonorar m\u00fcqabilind\u0259 m\u00fcxt\u0259lif auditoriyalarda m\u0259ruz\u0259 il\u0259 \u00e7\u0131x\u0131\u015f edir. Amma beyn\u0259lxalq b\u00f6hran v\u0259ziyy\u0259tl\u0259rind\u0259 Sarkozinin vasit\u0259\u00e7ilik rollar\u0131 v\u0259 y\u00fcks\u0259k s\u0259viyy\u0259li fransal\u0131 qona\u011f\u0131n bu elan edilm\u0259mi\u015f s\u0259f\u0259rinin ke\u00e7irildiyi \u015f\u0259raiti bildiyimiz halda, onun missiyas\u0131n\u0131n yaln\u0131z bu hiss\u0259si il\u0259 kifay\u0259tl\u0259nm\u0259k olar? Sarkozu, sabiql\u0259r s\u0131ras\u0131nda olsa bel\u0259, yen\u0259 d\u0259 Fransan\u0131n apar\u0131c\u0131 m\u00fcxalif Respublika\u00e7\u0131lar Partiyas\u0131n\u0131n lideridir.\n<\/p>\n<p>\n  \u0130lk n\u00f6vb\u0259d\u0259 qeyd etm\u0259k laz\u0131md\u0131r ki, Sarkozinin s\u0259f\u0259ri yanvar\u0131n 16-da AT\u018fT-in Minsk Qrupunun h\u0259ms\u0259drl\u0259rinin i\u015ftirak\u0131 v\u0259 prezident Makronun himay\u0259si alt\u0131nda Qaraba\u011f m\u00fcnaqi\u015f\u0259sinin h\u0259lli \u00fczr\u0259 dan\u0131\u015f\u0131qlar\u0131n n\u00f6vb\u0259ti m\u0259rh\u0259l\u0259sini ke\u00e7ir\u0259n Az\u0259rbaycan v\u0259 Fransa xarici i\u015fl\u0259r nazirl\u0259rinin Paris\u0259 g\u0259ldiyi g\u00fcn ke\u00e7irilib.\n<\/p>\n<p>\n  G\u00f6r\u00fc\u015f\u00fcn n\u0259tic\u0259l\u0259ri haqq\u0131nda yekun b\u0259yanatlar g\u00f6st\u0259rir ki, prezident \u018fliyev v\u0259 Ba\u015f nazir Pa\u015finyan\u0131n g\u00f6r\u00fc\u015f\u00fcn\u00fcn ke\u00e7irilm\u0259si \u00fc\u00e7\u00fcn platforma haz\u0131rlan\u0131r. Bu g\u00f6r\u00fc\u015f \u0259n tez fevralda v\u0259 y\u0259qin ki, Parisd\u0259 ke\u00e7iril\u0259 bil\u0259r. Niy\u0259 \u0259n tez fevralda v\u0259 Parisd\u0259? M\u0259lumatdan bel\u0259 \u00e7\u0131x\u0131r ki, nazirl\u0259rin n\u00f6vb\u0259ti g\u00f6r\u00fc\u015f\u00fc fevralda ke\u00e7iril\u0259c\u0259k, Paris ona g\u00f6r\u0259 \u018fliyev-Pa\u015finyan g\u00f6r\u00fc\u015f\u00fc \u00fc\u00e7\u00fcn real yer ola bil\u0259r ki, nazirl\u0259rin dan\u0131\u015f\u0131qlar\u0131n\u0131n gedi\u015fat\u0131 haqq\u0131nda Makronun m\u00fc\u015favirl\u0259rin\u0259 m\u0259ruz\u0259 edilib, bel\u0259likl\u0259, o, dan\u0131\u015f\u0131qlar prosesin\u0259 n\u0259zar\u0259t edib.\n<\/p>\n<p>\n  &#8220;Nazirl\u0259r Da\u011fl\u0131q Qaraba\u011f m\u00fcnaqi\u015f\u0259sinin nizamlanmas\u0131 il\u0259 ba\u011fl\u0131 geni\u015f m\u0259s\u0259l\u0259l\u0259r dair\u0259sini m\u00fczakir\u0259 edibl\u0259r v\u0259 \u0259halinin s\u00fclh\u0259 haz\u0131rlanmas\u0131 \u00fczr\u0259 konkret t\u0259dbirl\u0259rin g\u00f6r\u00fclm\u0259si z\u0259rur\u0259ti bar\u0259d\u0259 raz\u0131l\u0131q \u0259ld\u0259 edibl\u0259r&#8221;. AT\u018fT-in Minsk Qrupu h\u0259ms\u0259drl\u0259rinin 2018-ci il yanvar\u0131n 16-da Parisd\u0259 Az\u0259rbaycan v\u0259 Erm\u0259nistan X\u0130N ba\u015f\u00e7\u0131lar\u0131n\u0131n g\u00f6r\u00fc\u015f\u00fcn\u00fcn yekunlar\u0131 \u00fczr\u0259 b\u0259yanat\u0131ndan..\n<\/p>\n<p>\n  Haz\u0131rda Fransa Rusiya il\u0259 yana\u015f\u0131 \u018fliyev v\u0259 Pa\u015finyan aras\u0131nda vasit\u0259\u00e7ilik missiyas\u0131nda daha f\u0259ald\u0131r &#8211; onlar\u0131n ilk formal g\u00f6r\u00fc\u015fl\u0259ri MDB d\u00f6vl\u0259t v\u0259 h\u00f6kum\u0259t ba\u015f\u00e7\u0131lar\u0131n\u0131n postsovet t\u0259dbirl\u0259rind\u0259 ke\u00e7irilib.\n<\/p>\n<p>\n  Bu m\u0259nada Sarkozi, Fransa siyas\u0259t\u00e7isi v\u0259 Kremlin dostu kimi Bak\u0131 v\u0259 Yerevan aras\u0131nda qeyri-formal vasit\u0259\u00e7ilik missiyas\u0131na h\u0259r k\u0259sd\u0259n daha \u00e7ox uy\u011fundur. O, Fransa prezidenti olark\u0259n 2018-ci il &#8220;G\u00fcrc\u00fcstan b\u00f6hran\u0131\u201dn\u0131n nizamlanmas\u0131nda apar\u0131c\u0131 rol oynay\u0131b. H\u0259min vaxt Q\u0259rbin el\u00e7isi kimi G\u00fcrc\u00fcstan ruslar\u0131 aras\u0131nda m\u00fc\u0259yy\u0259n g\u00fcz\u0259\u015ft\u0259 v\u0259 Avqust m\u00fcharib\u0259sinin ba\u015fa \u00e7atmas\u0131na nail ola bilib. 2014-c\u00fc il Ukrayna b\u00f6hran\u0131 zaman\u0131 da, o, \u00f6z\u00fcn\u00fc t\u0259mkinli siyas\u0259t\u00e7i kimi g\u00f6st\u0259rib, ruslar v\u0259 Ukraynal\u0131lar aras\u0131nda t\u0259zim\u0259 nail olub.\n<\/p>\n<p>\n  Bu iki faktdan ir\u0259li g\u0259l\u0259r\u0259k (vasit\u0259\u00e7ilik+m\u00fchit), Sarkoziy\u0259 Prezident \u018fliyevi qar\u015f\u0131l\u0131ql\u0131 g\u00fcz\u0259\u015ftl\u0259r yolu il\u0259 Erm\u0259nistanla s\u00fclh\u0259 nail olmaq z\u0259rur\u0259tin\u0259 inand\u0131rma\u011fa \u00e7al\u0131\u015fan Fransa xarici siyas\u0259tinin el\u00e7isi kimi baxmaq olar. G\u00fcz\u0259\u015ft sxemi informasiya \u015f\u0259b\u0259k\u0259sind\u0259 dola\u015f\u0131r v\u0259 bel\u0259 n\u0259tic\u0259l\u0259nir: Da\u011fl\u0131q Qaraba\u011f \u0259traf\u0131ndak\u0131 rayonlar\u0131n azad edilm\u0259si, DQ-nin m\u00fcv\u0259qq\u0259ti statusu v\u0259 daha sonra yekun status. Bax, el\u0259 bu yekun status nizamlanma prosesind\u0259 i\u015ftirak ed\u0259n b\u00fct\u00fcn t\u0259r\u0259fl\u0259r \u00fc\u00e7\u00fcn problemdir.\n<\/p>\n<p>\n  Amma b\u00fct\u00fcn bunlara baxmayaraq, nizamlanma prosesinin dinamikas\u0131 v\u0259 t\u0259r\u0259fl\u0259rin b\u0259yanatlar\u0131 son \u0259hval-ruhiyy\u0259nin formala\u015fmas\u0131ndan &#8211; s\u00fclh\u00fcn b\u0259rq\u0259rar olunmas\u0131ndan x\u0259b\u0259r verir. Bu, x\u00fcsus\u0259n Erm\u0259nistan t\u0259r\u0259fin \u0259m\u0259ll\u0259rind\u0259 ayd\u0131n \u015f\u0259kild\u0259 \u00f6z\u00fcn\u00fc g\u00f6st\u0259rir, onun &#8220;geriy\u0259 bir add\u0131m bel\u0259 at\u0131lmayacaq&#8221; m\u00f6vqeyi 2018-ci ild\u0259 hakimiyy\u0259tin d\u0259yi\u015fm\u0259sind\u0259n v\u0259 vaxtil\u0259 Az\u0259rbaycanla g\u00fcz\u0259\u015ft \u0259ld\u0259 edilm\u0259sinin t\u0259r\u0259fdar\u0131 olan q\u00fcvv\u0259l\u0259rin hakimiyy\u0259t\u0259 g\u0259lm\u0259sind\u0259n sonra &#8220;\u0259g\u0259r bel\u0259 olsa&#8221;ya \u00e7evrilib.\n<\/p>\n<p>\n  Sarkozinin Osmanl\u0131 imperiyas\u0131nda erm\u0259ni soyq\u0131r\u0131m\u0131n tan\u0131nmas\u0131ndak\u0131 s\u0259yl\u0259rini n\u0259z\u0259r\u0259 alsaq, Erm\u0259nistan\u0131n onun vasit\u0259\u00e7iliyin\u0259 etiraz etm\u0259si \u00e7\u0259tin olacaq, Az\u0259rbaycan is\u0259 C\u0259nubi Qafqaza yay\u0131lmas\u0131 t\u0259hl\u00fck\u0259si olan Rusiya-G\u00fcrc\u00fcstan m\u00fcharib\u0259sinin lokalla\u015fd\u0131r\u0131lmas\u0131nda onun rolunu etiraf etm\u0259y\u0259 bilm\u0259z.\n<\/p>\n<p>\n  Sarkozinin 2008-ci ild\u0259 G\u00fcrc\u00fcstanla ba\u011fl\u0131 oldu\u011fu kimi, bu d\u0259f\u0259 d\u0259 m\u00fcnaqi\u015f\u0259nin h\u0259lli \u00fczr\u0259 \u00f6z plan\u0131n\u0131n olub-olmad\u0131\u011f\u0131n\u0131 dem\u0259k \u00e7\u0259tindir, amma bununla \u0259laq\u0259dar 2010-cu ilin iyununda Medvedev-Obama-Sarkozinin Qaraba\u011f m\u00fcnaqi\u015f\u0259si il\u0259 ba\u011fl\u0131 verdiyi birg\u0259 b\u0259yanat\u0131 yada salmaq olar. H\u0259min b\u0259yanatda onlar Erm\u0259nistan v\u0259 Az\u0259rbaycan liderl\u0259rini Minsk sazi\u015fi layih\u0259sinin haz\u0131rlanmas\u0131na ba\u015flamaq \u00fc\u00e7\u00fcn m\u00fcnaqi\u015f\u0259nin nizamlanmas\u0131 \u00fczr\u0259 T\u0259m\u0259l Prinsipl\u0259r \u00fcz\u0259rind\u0259 i\u015fi s\u00fcr\u0259tl\u0259ndirm\u0259y\u0259 \u00e7a\u011f\u0131r\u0131rd\u0131lar. B\u0259yanatda qeyd edilirdi ki, &#8220;m\u00f6hk\u0259m nizamlanma bir s\u0131ra prinsipl\u0259r\u0259 \u0259saslanmal\u0131d\u0131r, onlar aras\u0131nda, x\u00fcsus\u0259n, Da\u011fl\u0131q Qaraba\u011f \u0259traf\u0131ndak\u0131 \u0259razil\u0259rin qaytar\u0131lmas\u0131; Da\u011fl\u0131q Qaraba\u011f\u0131n t\u0259hl\u00fck\u0259sizlik v\u0259 \u00f6z\u00fcn\u00fcidar\u0259 z\u0259man\u0259tini t\u0259min ed\u0259n aral\u0131q statusu; Erm\u0259nistan\u0131 Da\u011fl\u0131q Qaraba\u011fla birl\u0259\u015fdir\u0259n d\u0259hliz m\u0259s\u0259l\u0259si var&#8221;.\n<\/p>\n<p>\n  <b><br \/>\n    Turan Analitik Qrupu<br \/>\n  <\/b><\/p>\n","protected":false},"excerpt":{"rendered":"<p>Sabiq prezident\u0259 Fransa xarici siyas\u0259tinin el\u00e7isi kimi baxmaq olar<\/p>\n","protected":false},"author":11,"featured_media":116211,"comment_status":"closed","ping_status":"open","sticky":false,"template":"","format":"standard","meta":{"_acf_changed":false,"_sitemap_exclude":false,"_sitemap_priority":"","_sitemap_frequency":"","footnotes":""},"categories":[51],"tags":[],"class_list":["post-193572","post","type-post","status-publish","format-standard","has-post-thumbnail","hentry","category-analitika","infinite-scroll-item","generate-columns","tablet-grid-50","mobile-grid-100","grid-parent","grid-33","no-featured-image-padding"],"acf":[],"yoast_head":"<!-- This site is optimized with the Yoast SEO plugin v27.4 - https:\/\/yoast.com\/product\/yoast-seo-wordpress\/ -->\n<title>Sarkozi Bak\u0131ya niy\u0259 g\u0259lmi\u015fdi? - MEYDAN.TV<\/title>\n<meta name=\"robots\" content=\"index, follow, max-snippet:-1, max-image-preview:large, max-video-preview:-1\" \/>\n<link rel=\"canonical\" href=\"https:\/\/www.meydan.tv\/az\/article\/sarkozi-bakiya-niye-gelmisdi\/\" \/>\n<meta property=\"og:locale\" content=\"az_AZ\" \/>\n<meta property=\"og:type\" content=\"article\" \/>\n<meta property=\"og:title\" content=\"Sarkozi Bak\u0131ya niy\u0259 g\u0259lmi\u015fdi? - MEYDAN.TV\" \/>\n<meta property=\"og:description\" content=\"Sabiq prezident\u0259 Fransa xarici siyas\u0259tinin el\u00e7isi kimi baxmaq olar\" \/>\n<meta property=\"og:url\" content=\"https:\/\/www.meydan.tv\/az\/article\/sarkozi-bakiya-niye-gelmisdi\/\" \/>\n<meta property=\"og:site_name\" content=\"MEYDAN.TV\" \/>\n<meta property=\"article:published_time\" content=\"2019-01-18T22:35:44+00:00\" \/>\n<meta property=\"og:image\" content=\"https:\/\/www.meydan.tv\/wp-content\/uploads\/46319.jpg\" \/>\n\t<meta property=\"og:image:width\" content=\"800\" \/>\n\t<meta property=\"og:image:height\" content=\"405\" \/>\n\t<meta property=\"og:image:type\" content=\"image\/jpeg\" \/>\n<meta name=\"author\" content=\"user-manager\" \/>\n<meta name=\"twitter:card\" content=\"summary_large_image\" \/>\n<script type=\"application\/ld+json\" class=\"yoast-schema-graph\">{\"@context\":\"https:\\\/\\\/schema.org\",\"@graph\":[{\"@type\":\"Article\",\"@id\":\"https:\\\/\\\/www.meydan.tv\\\/az\\\/article\\\/sarkozi-bakiya-niye-gelmisdi\\\/#article\",\"isPartOf\":{\"@id\":\"https:\\\/\\\/www.meydan.tv\\\/az\\\/article\\\/sarkozi-bakiya-niye-gelmisdi\\\/\"},\"author\":{\"name\":\"user-manager\",\"@id\":\"https:\\\/\\\/www.meydan.tv\\\/az\\\/#\\\/schema\\\/person\\\/10d11eccf6da3662cf5fdab9806ea91a\"},\"headline\":\"Sarkozi Bak\u0131ya niy\u0259 g\u0259lmi\u015fdi?\",\"datePublished\":\"2019-01-18T22:35:44+00:00\",\"mainEntityOfPage\":{\"@id\":\"https:\\\/\\\/www.meydan.tv\\\/az\\\/article\\\/sarkozi-bakiya-niye-gelmisdi\\\/\"},\"wordCount\":1073,\"publisher\":{\"@id\":\"https:\\\/\\\/www.meydan.tv\\\/az\\\/#organization\"},\"image\":{\"@id\":\"https:\\\/\\\/www.meydan.tv\\\/az\\\/article\\\/sarkozi-bakiya-niye-gelmisdi\\\/#primaryimage\"},\"thumbnailUrl\":\"https:\\\/\\\/www.meydan.tv\\\/wp-content\\\/uploads\\\/46319.jpg\",\"articleSection\":[\"Analitika\"],\"inLanguage\":\"az\"},{\"@type\":\"WebPage\",\"@id\":\"https:\\\/\\\/www.meydan.tv\\\/az\\\/article\\\/sarkozi-bakiya-niye-gelmisdi\\\/\",\"url\":\"https:\\\/\\\/www.meydan.tv\\\/az\\\/article\\\/sarkozi-bakiya-niye-gelmisdi\\\/\",\"name\":\"Sarkozi Bak\u0131ya niy\u0259 g\u0259lmi\u015fdi? - MEYDAN.TV\",\"isPartOf\":{\"@id\":\"https:\\\/\\\/www.meydan.tv\\\/az\\\/#website\"},\"primaryImageOfPage\":{\"@id\":\"https:\\\/\\\/www.meydan.tv\\\/az\\\/article\\\/sarkozi-bakiya-niye-gelmisdi\\\/#primaryimage\"},\"image\":{\"@id\":\"https:\\\/\\\/www.meydan.tv\\\/az\\\/article\\\/sarkozi-bakiya-niye-gelmisdi\\\/#primaryimage\"},\"thumbnailUrl\":\"https:\\\/\\\/www.meydan.tv\\\/wp-content\\\/uploads\\\/46319.jpg\",\"datePublished\":\"2019-01-18T22:35:44+00:00\",\"breadcrumb\":{\"@id\":\"https:\\\/\\\/www.meydan.tv\\\/az\\\/article\\\/sarkozi-bakiya-niye-gelmisdi\\\/#breadcrumb\"},\"inLanguage\":\"az\",\"potentialAction\":[{\"@type\":\"ReadAction\",\"target\":[\"https:\\\/\\\/www.meydan.tv\\\/az\\\/article\\\/sarkozi-bakiya-niye-gelmisdi\\\/\"]}]},{\"@type\":\"ImageObject\",\"inLanguage\":\"az\",\"@id\":\"https:\\\/\\\/www.meydan.tv\\\/az\\\/article\\\/sarkozi-bakiya-niye-gelmisdi\\\/#primaryimage\",\"url\":\"https:\\\/\\\/www.meydan.tv\\\/wp-content\\\/uploads\\\/46319.jpg\",\"contentUrl\":\"https:\\\/\\\/www.meydan.tv\\\/wp-content\\\/uploads\\\/46319.jpg\",\"width\":800,\"height\":405,\"caption\":\"Source:\"},{\"@type\":\"BreadcrumbList\",\"@id\":\"https:\\\/\\\/www.meydan.tv\\\/az\\\/article\\\/sarkozi-bakiya-niye-gelmisdi\\\/#breadcrumb\",\"itemListElement\":[{\"@type\":\"ListItem\",\"position\":1,\"name\":\"Ana s\u0259hif\u0259\",\"item\":\"https:\\\/\\\/www.meydan.tv\\\/az\\\/\"},{\"@type\":\"ListItem\",\"position\":2,\"name\":\"Analitika\",\"item\":\"https:\\\/\\\/www.meydan.tv\\\/az\\\/section\\\/analitika\\\/\"},{\"@type\":\"ListItem\",\"position\":3,\"name\":\"Sarkozi Bak\u0131ya niy\u0259 g\u0259lmi\u015fdi?\"}]},{\"@type\":\"WebSite\",\"@id\":\"https:\\\/\\\/www.meydan.tv\\\/az\\\/#website\",\"url\":\"https:\\\/\\\/www.meydan.tv\\\/az\\\/\",\"name\":\"MEYDAN.TV\",\"description\":\"Meydan TV Az\u0259rbaycan\u0131n media m\u0259kan\u0131ndak\u0131 alternativ s\u0259sidir\",\"publisher\":{\"@id\":\"https:\\\/\\\/www.meydan.tv\\\/az\\\/#organization\"},\"potentialAction\":[{\"@type\":\"SearchAction\",\"target\":{\"@type\":\"EntryPoint\",\"urlTemplate\":\"https:\\\/\\\/www.meydan.tv\\\/az\\\/?s={search_term_string}\"},\"query-input\":{\"@type\":\"PropertyValueSpecification\",\"valueRequired\":true,\"valueName\":\"search_term_string\"}}],\"inLanguage\":\"az\"},{\"@type\":\"Organization\",\"@id\":\"https:\\\/\\\/www.meydan.tv\\\/az\\\/#organization\",\"name\":\"Meydan TV\",\"url\":\"https:\\\/\\\/www.meydan.tv\\\/az\\\/\",\"logo\":{\"@type\":\"ImageObject\",\"inLanguage\":\"az\",\"@id\":\"https:\\\/\\\/www.meydan.tv\\\/az\\\/#\\\/schema\\\/logo\\\/image\\\/\",\"url\":\"https:\\\/\\\/www.meydan.tv\\\/wp-content\\\/uploads\\\/2021\\\/07\\\/meydan-logo.svg\",\"contentUrl\":\"https:\\\/\\\/www.meydan.tv\\\/wp-content\\\/uploads\\\/2021\\\/07\\\/meydan-logo.svg\",\"width\":195,\"height\":46,\"caption\":\"Meydan TV\"},\"image\":{\"@id\":\"https:\\\/\\\/www.meydan.tv\\\/az\\\/#\\\/schema\\\/logo\\\/image\\\/\"}},{\"@type\":\"Person\",\"@id\":\"https:\\\/\\\/www.meydan.tv\\\/az\\\/#\\\/schema\\\/person\\\/10d11eccf6da3662cf5fdab9806ea91a\",\"name\":\"user-manager\"}]}<\/script>\n<!-- \/ Yoast SEO plugin. -->","yoast_head_json":{"title":"Sarkozi Bak\u0131ya niy\u0259 g\u0259lmi\u015fdi? - MEYDAN.TV","robots":{"index":"index","follow":"follow","max-snippet":"max-snippet:-1","max-image-preview":"max-image-preview:large","max-video-preview":"max-video-preview:-1"},"canonical":"https:\/\/www.meydan.tv\/az\/article\/sarkozi-bakiya-niye-gelmisdi\/","og_locale":"az_AZ","og_type":"article","og_title":"Sarkozi Bak\u0131ya niy\u0259 g\u0259lmi\u015fdi? - MEYDAN.TV","og_description":"Sabiq prezident\u0259 Fransa xarici siyas\u0259tinin el\u00e7isi kimi baxmaq olar","og_url":"https:\/\/www.meydan.tv\/az\/article\/sarkozi-bakiya-niye-gelmisdi\/","og_site_name":"MEYDAN.TV","article_published_time":"2019-01-18T22:35:44+00:00","og_image":[{"width":800,"height":405,"url":"https:\/\/www.meydan.tv\/wp-content\/uploads\/46319.jpg","type":"image\/jpeg"}],"author":"user-manager","twitter_card":"summary_large_image","schema":{"@context":"https:\/\/schema.org","@graph":[{"@type":"Article","@id":"https:\/\/www.meydan.tv\/az\/article\/sarkozi-bakiya-niye-gelmisdi\/#article","isPartOf":{"@id":"https:\/\/www.meydan.tv\/az\/article\/sarkozi-bakiya-niye-gelmisdi\/"},"author":{"name":"user-manager","@id":"https:\/\/www.meydan.tv\/az\/#\/schema\/person\/10d11eccf6da3662cf5fdab9806ea91a"},"headline":"Sarkozi Bak\u0131ya niy\u0259 g\u0259lmi\u015fdi?","datePublished":"2019-01-18T22:35:44+00:00","mainEntityOfPage":{"@id":"https:\/\/www.meydan.tv\/az\/article\/sarkozi-bakiya-niye-gelmisdi\/"},"wordCount":1073,"publisher":{"@id":"https:\/\/www.meydan.tv\/az\/#organization"},"image":{"@id":"https:\/\/www.meydan.tv\/az\/article\/sarkozi-bakiya-niye-gelmisdi\/#primaryimage"},"thumbnailUrl":"https:\/\/www.meydan.tv\/wp-content\/uploads\/46319.jpg","articleSection":["Analitika"],"inLanguage":"az"},{"@type":"WebPage","@id":"https:\/\/www.meydan.tv\/az\/article\/sarkozi-bakiya-niye-gelmisdi\/","url":"https:\/\/www.meydan.tv\/az\/article\/sarkozi-bakiya-niye-gelmisdi\/","name":"Sarkozi Bak\u0131ya niy\u0259 g\u0259lmi\u015fdi? - MEYDAN.TV","isPartOf":{"@id":"https:\/\/www.meydan.tv\/az\/#website"},"primaryImageOfPage":{"@id":"https:\/\/www.meydan.tv\/az\/article\/sarkozi-bakiya-niye-gelmisdi\/#primaryimage"},"image":{"@id":"https:\/\/www.meydan.tv\/az\/article\/sarkozi-bakiya-niye-gelmisdi\/#primaryimage"},"thumbnailUrl":"https:\/\/www.meydan.tv\/wp-content\/uploads\/46319.jpg","datePublished":"2019-01-18T22:35:44+00:00","breadcrumb":{"@id":"https:\/\/www.meydan.tv\/az\/article\/sarkozi-bakiya-niye-gelmisdi\/#breadcrumb"},"inLanguage":"az","potentialAction":[{"@type":"ReadAction","target":["https:\/\/www.meydan.tv\/az\/article\/sarkozi-bakiya-niye-gelmisdi\/"]}]},{"@type":"ImageObject","inLanguage":"az","@id":"https:\/\/www.meydan.tv\/az\/article\/sarkozi-bakiya-niye-gelmisdi\/#primaryimage","url":"https:\/\/www.meydan.tv\/wp-content\/uploads\/46319.jpg","contentUrl":"https:\/\/www.meydan.tv\/wp-content\/uploads\/46319.jpg","width":800,"height":405,"caption":"Source:"},{"@type":"BreadcrumbList","@id":"https:\/\/www.meydan.tv\/az\/article\/sarkozi-bakiya-niye-gelmisdi\/#breadcrumb","itemListElement":[{"@type":"ListItem","position":1,"name":"Ana s\u0259hif\u0259","item":"https:\/\/www.meydan.tv\/az\/"},{"@type":"ListItem","position":2,"name":"Analitika","item":"https:\/\/www.meydan.tv\/az\/section\/analitika\/"},{"@type":"ListItem","position":3,"name":"Sarkozi Bak\u0131ya niy\u0259 g\u0259lmi\u015fdi?"}]},{"@type":"WebSite","@id":"https:\/\/www.meydan.tv\/az\/#website","url":"https:\/\/www.meydan.tv\/az\/","name":"MEYDAN.TV","description":"Meydan TV Az\u0259rbaycan\u0131n media m\u0259kan\u0131ndak\u0131 alternativ s\u0259sidir","publisher":{"@id":"https:\/\/www.meydan.tv\/az\/#organization"},"potentialAction":[{"@type":"SearchAction","target":{"@type":"EntryPoint","urlTemplate":"https:\/\/www.meydan.tv\/az\/?s={search_term_string}"},"query-input":{"@type":"PropertyValueSpecification","valueRequired":true,"valueName":"search_term_string"}}],"inLanguage":"az"},{"@type":"Organization","@id":"https:\/\/www.meydan.tv\/az\/#organization","name":"Meydan TV","url":"https:\/\/www.meydan.tv\/az\/","logo":{"@type":"ImageObject","inLanguage":"az","@id":"https:\/\/www.meydan.tv\/az\/#\/schema\/logo\/image\/","url":"https:\/\/www.meydan.tv\/wp-content\/uploads\/2021\/07\/meydan-logo.svg","contentUrl":"https:\/\/www.meydan.tv\/wp-content\/uploads\/2021\/07\/meydan-logo.svg","width":195,"height":46,"caption":"Meydan TV"},"image":{"@id":"https:\/\/www.meydan.tv\/az\/#\/schema\/logo\/image\/"}},{"@type":"Person","@id":"https:\/\/www.meydan.tv\/az\/#\/schema\/person\/10d11eccf6da3662cf5fdab9806ea91a","name":"user-manager"}]}},"_links":{"self":[{"href":"https:\/\/www.meydan.tv\/az\/wp-json\/wp\/v2\/posts\/193572","targetHints":{"allow":["GET"]}}],"collection":[{"href":"https:\/\/www.meydan.tv\/az\/wp-json\/wp\/v2\/posts"}],"about":[{"href":"https:\/\/www.meydan.tv\/az\/wp-json\/wp\/v2\/types\/post"}],"author":[{"embeddable":true,"href":"https:\/\/www.meydan.tv\/az\/wp-json\/wp\/v2\/users\/11"}],"replies":[{"embeddable":true,"href":"https:\/\/www.meydan.tv\/az\/wp-json\/wp\/v2\/comments?post=193572"}],"version-history":[{"count":0,"href":"https:\/\/www.meydan.tv\/az\/wp-json\/wp\/v2\/posts\/193572\/revisions"}],"wp:featuredmedia":[{"embeddable":true,"href":"https:\/\/www.meydan.tv\/az\/wp-json\/wp\/v2\/media\/116211"}],"wp:attachment":[{"href":"https:\/\/www.meydan.tv\/az\/wp-json\/wp\/v2\/media?parent=193572"}],"wp:term":[{"taxonomy":"category","embeddable":true,"href":"https:\/\/www.meydan.tv\/az\/wp-json\/wp\/v2\/categories?post=193572"},{"taxonomy":"post_tag","embeddable":true,"href":"https:\/\/www.meydan.tv\/az\/wp-json\/wp\/v2\/tags?post=193572"}],"curies":[{"name":"wp","href":"https:\/\/api.w.org\/{rel}","templated":true}]}}