{"id":193556,"date":"2019-01-17T23:00:14","date_gmt":"2019-01-17T23:00:14","guid":{"rendered":"https:\/\/www.meydan.tv\/article\/aliment-odemir-kicik-oglunun-uzunu-de-gormeyib\/"},"modified":"2019-01-17T23:00:14","modified_gmt":"2019-01-17T23:00:14","slug":"aliment-odemir-kicik-oglunun-uzunu-de-gormeyib","status":"publish","type":"post","link":"https:\/\/www.meydan.tv\/az\/article\/aliment-odemir-kicik-oglunun-uzunu-de-gormeyib\/","title":{"rendered":"&#8221;Aliment \u00f6d\u0259mir, ki\u00e7ik o\u011flunun \u00fcz\u00fcn\u00fc d\u0259 g\u00f6rm\u0259yib&#8221;"},"content":{"rendered":"<figure class=\"wp-block-image size-large\">\n  <img decoding=\"async\" src=\"https:\/\/www.meydan.tv\/az\/valide-zahidova\/\" alt=\"Valid\u0259 Zahidova\" class=\"wp-image-116181\"\/><figcaption>\n    Valid\u0259 Zahidova<br \/>\n  <\/figcaption><\/figure>\n<p>\n  <i><br \/>\n    A\u011fsu sakini m\u0259hk\u0259m\u0259 q\u0259rar\u0131n\u0131n icra olunmamas\u0131ndan naraz\u0131d\u0131r<br \/>\n  <\/i>\n<\/p>\n<p>\n  &#8220;Q\u0131z\u0131m R\u00fcxsar\u0259 Zahidova d\u00f6rd ildir ki, h\u0259yat yolda\u015f\u0131ndan r\u0259smi qaydada bo\u015fan\u0131b. Bu evlilikd\u0259n iki azya\u015fl\u0131 o\u011flu var. Ke\u00e7mi\u015f h\u0259yat yolda\u015f\u0131 A\u011fsu Rayon M\u0259hk\u0259m\u0259sinin q\u0259rar\u0131n\u0131 saym\u0131r, u\u015faqlar\u0131na aliment \u00f6d\u0259m\u0259k ist\u0259mir&#8221;.\n<\/p>\n<p>\n  Bu s\u00f6zl\u0259ri Meydan TV-y\u0259 \u00c7aparl\u0131 k\u0259nd sakini Valid\u0259 Zahidova deyir. Onun s\u00f6zl\u0259rin\u0259 g\u00f6r\u0259, Hac\u0131yev Anar V\u0259li o\u011flu \u00f6vladlar\u0131 il\u0259 maraqlanmad\u0131\u011f\u0131 \u00fc\u00e7\u00fcn, 7 v\u0259 8 ya\u015flar\u0131nda olan h\u0259r iki u\u015faq onun himay\u0259sind\u0259dir:\n<\/p>\n<p>\n  &#8220;Arada s\u00f6z-s\u00f6hb\u0259t olub, d\u0259f\u0259l\u0259rl\u0259 demi\u015fik. Amma bu adam\u0131n he\u00e7 vecin\u0259 deyil. \u0130kinci u\u015fa\u011f\u0131n\u0131n \u00fcz\u00fcn\u00fc h\u0259l\u0259 g\u00f6rm\u0259yib. Bu, nec\u0259 atad\u0131r? H\u0259yat yola\u015f\u0131m Qaraba\u011f d\u00f6y\u00fc\u015fl\u0259rind\u0259 g\u00fcll\u0259 yaras\u0131 alm\u0131\u015fd\u0131, amma ya\u015fay\u0131rd\u0131. G\u00fcll\u0259 yan\u0131ndan girib, sin\u0259sind\u0259 qalm\u0131\u015fd\u0131. Bir m\u00fcdd\u0259t sonra q\u0259lp\u0259 bo\u011faz\u0131nda g\u00f6y\u0259rm\u0259 verdi. H\u0259kiml\u0259r \u0259m\u0259liyyat ed\u0259n vaxt \u00f6ld\u00fc. Dem\u0259yim odur ki, v\u0259ziyy\u0259tim \u00e7\u0259tindir. \u0130mkan\u0131m olsa, onlardan pul t\u0259l\u0259b etm\u0259r\u0259m&#8221;.\n<\/p>\n<p>\n  Valid\u0259 Zahidova deyir ki, A\u011fsu Rayon M\u0259hk\u0259m\u0259sinin \u00e7\u0131xard\u0131\u011f\u0131 q\u0259rara \u0259sas\u0259n, Anar Hac\u0131yev h\u0259r ay iki u\u015fa\u011fa g\u00f6r\u0259 160 manat aliment \u00f6d\u0259m\u0259li oldu\u011fu halda bundan boyun qa\u00e7\u0131r\u0131r:\n<\/p>\n<p>\n  &#8220;H\u0259r u\u015fa\u011fa g\u00f6r\u0259 80 manat k\u0259silib. Bak\u0131da f\u0259hl\u0259 i\u015fl\u0259yir, amma u\u015faqlar\u0131na k\u00f6m\u0259k etmir. Q\u0131z\u0131m bo\u015fanandan sonra onun dal\u0131nca d\u00fc\u015fm\u00fc\u015f\u0259m, kiray\u0259l\u0259rd\u0259 qalm\u0131\u015fam. &#8220;Azqranata&#8221;da i\u015fl\u0259yir, ald\u0131\u011f\u0131 180 manat maa\u015f\u0131n 70-ni kiray\u0259y\u0259 veririk. Qalan pulla da dil\u0259nirik, ya\u015fam\u0131r\u0131q&#8221;.\n<\/p>\n<p>\n  Valid\u0259 Zahidova bildirib ki, q\u0131z\u0131 m\u0259l\u0259s\u0259 il\u0259 ba\u011fl\u0131 art\u0131q A\u011fsu Ryon Prokurorlu\u011funa \u015fikay\u0259t m\u0259ktubu yaz\u0131b.\n<\/p>\n<figure class=\"wp-block-image size-large\">\n  <img decoding=\"async\" src=\"https:\/\/www.meydan.tv\/az\/116184\/\" alt=\"\" class=\"wp-image-116184\"\/><figcaption><\/figcaption><\/figure>\n<p>\n  R\u00fcxsar\u0259 Zahidovan\u0131n ke\u00e7mi\u015f qay\u0131nanas\u0131 Lyuba Hac\u0131yeva is\u0259 Meydan TV-y\u0259 deyir ki, g\u0259lini he\u00e7 bir \u0259sas olmadan o\u011flundan bo\u015fan\u0131b. H\u0259tta m\u0259hk\u0259m\u0259 onlara bar\u0131\u015fmaq \u00fc\u00e7\u00fcn \u00fc\u00e7 ay vaxt ver\u0259nd\u0259 bel\u0259, buna etiraz edib:\n<\/p>\n<p>\n  &#8220;M\u0259n anlam\u0131ram, bo\u015fanma\u011f\u0131 \u00f6z\u00fc ist\u0259di. O\u011flumun var\u0131n\u0131-yoxunu x\u0259rcl\u0259yib yedil\u0259r, pulu qurtaran kimi \u00f6z\u00fc onu bo\u015fad\u0131. Anar onu ovcunun i\u00e7ind\u0259 saxlay\u0131rd\u0131. \u0130ndi bizd\u0259n n\u0259 t\u0259l\u0259b edir? A\u011fsuda ya\u015fayanda Anar bir g\u00fcn g\u0259ldi ki, evl\u0259nm\u0259k ist\u0259yir\u0259m. M\u0259n d\u0259 dedim ki, s\u0259ni evl\u0259ndirm\u0259y\u0259 pulum yoxdur. O da dedi ki, toyumu \u00f6z\u00fcm ed\u0259c\u0259y\u0259m. Sonradan \u00f6yr\u0259ndim ki, R\u00fcxsar\u0259 be\u015fayl\u0131q hamil\u0259dir. Ona g\u00f6r\u0259 d\u0259 q\u0131z t\u0259r\u0259f \u00f6zl\u0259ri t\u0259l\u0259sik toy etdil\u0259r ki, rayon yerind\u0259 biab\u0131r olmas\u0131nlar. O\u011flum \u00fc\u00e7\u00fcnc\u00fc qrup \u0259lildir. U\u015faql\u0131qda ke\u00e7irdiyi x\u0259st\u0259likd\u0259n sonra sa\u011f qolu i\u015fl\u0259mir, qald\u0131ra bilmir. Sol qolu il\u0259 birt\u0259h\u0259r f\u0259hl\u0259lik edir. F\u0259hl\u0259 i\u015fi d\u0259 daimi deyil. Pulu olanda u\u015faqlar\u0131na g\u00f6nd\u0259rir. \u018flilliyin\u0259 g\u00f6r\u0259 d\u00f6vl\u0259td\u0259n 50 manat t\u0259qa\u00fcd al\u0131r. Pensiya kart\u0131n\u0131 onlara verib, pulu onlar g\u00f6t\u00fcr\u00fcr. Daha n\u0259 ist\u0259yirl\u0259r? O\u011flumla m\u0259n Bak\u0131da kiray\u0259d\u0259 ya\u015fay\u0131r\u0131q. A\u011fsuda evim var idi, o\u011flum 12 min manata sat\u0131b, R\u00fcxsar\u0259y\u0259 yedizdirdi. O\u011flum indi he\u00e7 n\u0259siz, l\u00fct qal\u0131b. Saxlaya bilmir, bir u\u015fa\u011f\u0131 biz\u0259 versin. Niy\u0259 vermir? O \u00f6z\u00fc Anarla evl\u0259nm\u0259k ist\u0259yib. Toyu da \u00f6z\u00fc edib. Amma indi Anar\u0131 b\u0259y\u0259nmir. O\u011flumun h\u0259r \u015feyi olanda yax\u015f\u0131 idi, pul qurtarandan sonra t\u0259pik vurub, qovdu. R\u00fcxsar\u0259 ist\u0259yir ki, m\u0259nim o\u011flum onun anas\u0131n\u0131, qarda\u015f\u0131n\u0131, b\u00fct\u00fcn ail\u0259sini saxlas\u0131n. Amma onu g\u00f6rm\u0259y\u0259c\u0259k. M\u0259n q\u0131za dedim ki, iki u\u015fa\u011f\u0131n\u0131z var, bar\u0131\u015f\u0131n. Raz\u0131la\u015fmad\u0131, dedi ki, yox, m\u0259n onu sevmir\u0259m&#8221;.\n<\/p>\n<figure class=\"wp-block-image size-large\">\n  <img decoding=\"async\" src=\"https:\/\/www.meydan.tv\/az\/116187\/\" alt=\"\" class=\"wp-image-116187\"\/><figcaption><\/figcaption><\/figure>\n<p>\n  V\u0259kil El\u00e7in Sad\u0131qov Meydan TV-y\u0259 a\u00e7\u0131qlamas\u0131nda bildirib ki, ata u\u015fa\u011f\u0131na aliment \u00f6d\u0259m\u0259kd\u0259n imtina etdiyi t\u0259qdird\u0259, Cinay\u0259t M\u0259c\u0259ll\u0259sinin 306-c\u0131 madd\u0259si il\u0259 cinay\u0259t m\u0259suliyy\u0259tin\u0259 c\u0259lb oluna bil\u0259r:\n<\/p>\n<p>\n  &#8220;Alimentd\u0259n yay\u0131nma hal\u0131n\u0131n qar\u015f\u0131s\u0131n\u0131n al\u0131nmas\u0131 il\u0259 ba\u011fl\u0131 qanunvericilikd\u0259 h\u00fcquqi prosedurlar m\u00f6vcuddur. \u018fr qanunvericilikd\u0259 n\u0259z\u0259rd\u0259 tutulmu\u015f valideynlik v\u0259zif\u0259l\u0259rini pozarsa, ondan u\u015faqlar\u0131n\u0131 saxlamas\u0131 m\u0259hk\u0259m\u0259 yolu il\u0259 t\u0259l\u0259b oluna bil\u0259r. \u015eikay\u0259t\u00e7i aliment q\u0259tnam\u0259sinin icra olunmas\u0131 il\u0259 ba\u011fl\u0131 \u018fdliyy\u0259 Nazirliyinin icra xidm\u0259tin\u0259 \u015fikay\u0259t etm\u0259lidir, bundan sonra m\u00fcvafiq t\u0259dbirl\u0259r g\u00f6r\u00fcl\u0259c\u0259k. M\u0259hk\u0259m\u0259nin q\u0259rar\u0131 varsa, b\u00fct\u00fcn hallarda icra olunmal\u0131d\u0131r. Sad\u0259c\u0259 olaraq, b\u0259z\u0259n el\u0259 hallar yaran\u0131r ki, atan\u0131n imkan\u0131 olmur. Xarici \u00f6lk\u0259l\u0259rd\u0259 bununla ba\u011fl\u0131 aliment fondlar\u0131 yarad\u0131l\u0131r. H\u0259min alimentl\u0259r m\u00fcvafiq ian\u0259l\u0259r v\u0259 d\u00f6vl\u0259t hesab\u0131na \u00f6d\u0259nilir. Ancaq bizd\u0259 bu yoxdur&#8221;.\n<\/p><\/p>\n","protected":false},"excerpt":{"rendered":"<p>A\u011fsu sakini m\u0259hk\u0259m\u0259 q\u0259rar\u0131n\u0131n icra olunmamas\u0131ndan naraz\u0131d\u0131r<\/p>\n","protected":false},"author":11,"featured_media":116181,"comment_status":"closed","ping_status":"open","sticky":false,"template":"","format":"standard","meta":{"_acf_changed":false,"_sitemap_exclude":false,"_sitemap_priority":"","_sitemap_frequency":"","footnotes":""},"categories":[60],"tags":[],"class_list":["post-193556","post","type-post","status-publish","format-standard","has-post-thumbnail","hentry","category-bolge","infinite-scroll-item","generate-columns","tablet-grid-50","mobile-grid-100","grid-parent","grid-33","no-featured-image-padding"],"acf":[],"yoast_head":"<!-- This site is optimized with the Yoast SEO plugin v27.4 - https:\/\/yoast.com\/product\/yoast-seo-wordpress\/ -->\n<title>&#039;&#039;Aliment \u00f6d\u0259mir, ki\u00e7ik o\u011flunun \u00fcz\u00fcn\u00fc d\u0259 g\u00f6rm\u0259yib&#039;&#039; - MEYDAN.TV<\/title>\n<meta name=\"robots\" content=\"index, follow, max-snippet:-1, max-image-preview:large, max-video-preview:-1\" \/>\n<link rel=\"canonical\" href=\"https:\/\/www.meydan.tv\/az\/article\/aliment-odemir-kicik-oglunun-uzunu-de-gormeyib\/\" \/>\n<meta property=\"og:locale\" content=\"az_AZ\" \/>\n<meta property=\"og:type\" content=\"article\" \/>\n<meta property=\"og:title\" content=\"&#039;&#039;Aliment \u00f6d\u0259mir, ki\u00e7ik o\u011flunun \u00fcz\u00fcn\u00fc d\u0259 g\u00f6rm\u0259yib&#039;&#039; - MEYDAN.TV\" \/>\n<meta property=\"og:description\" content=\"A\u011fsu sakini m\u0259hk\u0259m\u0259 q\u0259rar\u0131n\u0131n icra olunmamas\u0131ndan naraz\u0131d\u0131r\" \/>\n<meta property=\"og:url\" content=\"https:\/\/www.meydan.tv\/az\/article\/aliment-odemir-kicik-oglunun-uzunu-de-gormeyib\/\" \/>\n<meta property=\"og:site_name\" content=\"MEYDAN.TV\" \/>\n<meta property=\"article:published_time\" content=\"2019-01-17T23:00:14+00:00\" \/>\n<meta property=\"og:image\" content=\"https:\/\/www.meydan.tv\/wp-content\/uploads\/46299.jpg\" \/>\n\t<meta property=\"og:image:width\" content=\"2224\" \/>\n\t<meta property=\"og:image:height\" content=\"1668\" \/>\n\t<meta property=\"og:image:type\" content=\"image\/jpeg\" \/>\n<meta name=\"author\" content=\"user-manager\" \/>\n<meta name=\"twitter:card\" content=\"summary_large_image\" \/>\n<script type=\"application\/ld+json\" class=\"yoast-schema-graph\">{\"@context\":\"https:\\\/\\\/schema.org\",\"@graph\":[{\"@type\":\"Article\",\"@id\":\"https:\\\/\\\/www.meydan.tv\\\/az\\\/article\\\/aliment-odemir-kicik-oglunun-uzunu-de-gormeyib\\\/#article\",\"isPartOf\":{\"@id\":\"https:\\\/\\\/www.meydan.tv\\\/az\\\/article\\\/aliment-odemir-kicik-oglunun-uzunu-de-gormeyib\\\/\"},\"author\":{\"name\":\"user-manager\",\"@id\":\"https:\\\/\\\/www.meydan.tv\\\/az\\\/#\\\/schema\\\/person\\\/10d11eccf6da3662cf5fdab9806ea91a\"},\"headline\":\"&#8221;Aliment \u00f6d\u0259mir, ki\u00e7ik o\u011flunun \u00fcz\u00fcn\u00fc d\u0259 g\u00f6rm\u0259yib&#8221;\",\"datePublished\":\"2019-01-17T23:00:14+00:00\",\"mainEntityOfPage\":{\"@id\":\"https:\\\/\\\/www.meydan.tv\\\/az\\\/article\\\/aliment-odemir-kicik-oglunun-uzunu-de-gormeyib\\\/\"},\"wordCount\":925,\"publisher\":{\"@id\":\"https:\\\/\\\/www.meydan.tv\\\/az\\\/#organization\"},\"image\":{\"@id\":\"https:\\\/\\\/www.meydan.tv\\\/az\\\/article\\\/aliment-odemir-kicik-oglunun-uzunu-de-gormeyib\\\/#primaryimage\"},\"thumbnailUrl\":\"https:\\\/\\\/www.meydan.tv\\\/wp-content\\\/uploads\\\/46299.jpg\",\"articleSection\":[\"B\u00f6lg\u0259\"],\"inLanguage\":\"az\"},{\"@type\":\"WebPage\",\"@id\":\"https:\\\/\\\/www.meydan.tv\\\/az\\\/article\\\/aliment-odemir-kicik-oglunun-uzunu-de-gormeyib\\\/\",\"url\":\"https:\\\/\\\/www.meydan.tv\\\/az\\\/article\\\/aliment-odemir-kicik-oglunun-uzunu-de-gormeyib\\\/\",\"name\":\"''Aliment \u00f6d\u0259mir, ki\u00e7ik o\u011flunun \u00fcz\u00fcn\u00fc d\u0259 g\u00f6rm\u0259yib'' - MEYDAN.TV\",\"isPartOf\":{\"@id\":\"https:\\\/\\\/www.meydan.tv\\\/az\\\/#website\"},\"primaryImageOfPage\":{\"@id\":\"https:\\\/\\\/www.meydan.tv\\\/az\\\/article\\\/aliment-odemir-kicik-oglunun-uzunu-de-gormeyib\\\/#primaryimage\"},\"image\":{\"@id\":\"https:\\\/\\\/www.meydan.tv\\\/az\\\/article\\\/aliment-odemir-kicik-oglunun-uzunu-de-gormeyib\\\/#primaryimage\"},\"thumbnailUrl\":\"https:\\\/\\\/www.meydan.tv\\\/wp-content\\\/uploads\\\/46299.jpg\",\"datePublished\":\"2019-01-17T23:00:14+00:00\",\"breadcrumb\":{\"@id\":\"https:\\\/\\\/www.meydan.tv\\\/az\\\/article\\\/aliment-odemir-kicik-oglunun-uzunu-de-gormeyib\\\/#breadcrumb\"},\"inLanguage\":\"az\",\"potentialAction\":[{\"@type\":\"ReadAction\",\"target\":[\"https:\\\/\\\/www.meydan.tv\\\/az\\\/article\\\/aliment-odemir-kicik-oglunun-uzunu-de-gormeyib\\\/\"]}]},{\"@type\":\"ImageObject\",\"inLanguage\":\"az\",\"@id\":\"https:\\\/\\\/www.meydan.tv\\\/az\\\/article\\\/aliment-odemir-kicik-oglunun-uzunu-de-gormeyib\\\/#primaryimage\",\"url\":\"https:\\\/\\\/www.meydan.tv\\\/wp-content\\\/uploads\\\/46299.jpg\",\"contentUrl\":\"https:\\\/\\\/www.meydan.tv\\\/wp-content\\\/uploads\\\/46299.jpg\",\"width\":2224,\"height\":1668,\"caption\":\"Source:\"},{\"@type\":\"BreadcrumbList\",\"@id\":\"https:\\\/\\\/www.meydan.tv\\\/az\\\/article\\\/aliment-odemir-kicik-oglunun-uzunu-de-gormeyib\\\/#breadcrumb\",\"itemListElement\":[{\"@type\":\"ListItem\",\"position\":1,\"name\":\"Ana s\u0259hif\u0259\",\"item\":\"https:\\\/\\\/www.meydan.tv\\\/az\\\/\"},{\"@type\":\"ListItem\",\"position\":2,\"name\":\"B\u00f6lg\u0259\",\"item\":\"https:\\\/\\\/www.meydan.tv\\\/az\\\/section\\\/bolge\\\/\"},{\"@type\":\"ListItem\",\"position\":3,\"name\":\"&#8221;Aliment \u00f6d\u0259mir, ki\u00e7ik o\u011flunun \u00fcz\u00fcn\u00fc d\u0259 g\u00f6rm\u0259yib&#8221;\"}]},{\"@type\":\"WebSite\",\"@id\":\"https:\\\/\\\/www.meydan.tv\\\/az\\\/#website\",\"url\":\"https:\\\/\\\/www.meydan.tv\\\/az\\\/\",\"name\":\"MEYDAN.TV\",\"description\":\"Meydan TV Az\u0259rbaycan\u0131n media m\u0259kan\u0131ndak\u0131 alternativ s\u0259sidir\",\"publisher\":{\"@id\":\"https:\\\/\\\/www.meydan.tv\\\/az\\\/#organization\"},\"potentialAction\":[{\"@type\":\"SearchAction\",\"target\":{\"@type\":\"EntryPoint\",\"urlTemplate\":\"https:\\\/\\\/www.meydan.tv\\\/az\\\/?s={search_term_string}\"},\"query-input\":{\"@type\":\"PropertyValueSpecification\",\"valueRequired\":true,\"valueName\":\"search_term_string\"}}],\"inLanguage\":\"az\"},{\"@type\":\"Organization\",\"@id\":\"https:\\\/\\\/www.meydan.tv\\\/az\\\/#organization\",\"name\":\"Meydan TV\",\"url\":\"https:\\\/\\\/www.meydan.tv\\\/az\\\/\",\"logo\":{\"@type\":\"ImageObject\",\"inLanguage\":\"az\",\"@id\":\"https:\\\/\\\/www.meydan.tv\\\/az\\\/#\\\/schema\\\/logo\\\/image\\\/\",\"url\":\"https:\\\/\\\/www.meydan.tv\\\/wp-content\\\/uploads\\\/2021\\\/07\\\/meydan-logo.svg\",\"contentUrl\":\"https:\\\/\\\/www.meydan.tv\\\/wp-content\\\/uploads\\\/2021\\\/07\\\/meydan-logo.svg\",\"width\":195,\"height\":46,\"caption\":\"Meydan TV\"},\"image\":{\"@id\":\"https:\\\/\\\/www.meydan.tv\\\/az\\\/#\\\/schema\\\/logo\\\/image\\\/\"}},{\"@type\":\"Person\",\"@id\":\"https:\\\/\\\/www.meydan.tv\\\/az\\\/#\\\/schema\\\/person\\\/10d11eccf6da3662cf5fdab9806ea91a\",\"name\":\"user-manager\"}]}<\/script>\n<!-- \/ Yoast SEO plugin. -->","yoast_head_json":{"title":"''Aliment \u00f6d\u0259mir, ki\u00e7ik o\u011flunun \u00fcz\u00fcn\u00fc d\u0259 g\u00f6rm\u0259yib'' - MEYDAN.TV","robots":{"index":"index","follow":"follow","max-snippet":"max-snippet:-1","max-image-preview":"max-image-preview:large","max-video-preview":"max-video-preview:-1"},"canonical":"https:\/\/www.meydan.tv\/az\/article\/aliment-odemir-kicik-oglunun-uzunu-de-gormeyib\/","og_locale":"az_AZ","og_type":"article","og_title":"''Aliment \u00f6d\u0259mir, ki\u00e7ik o\u011flunun \u00fcz\u00fcn\u00fc d\u0259 g\u00f6rm\u0259yib'' - MEYDAN.TV","og_description":"A\u011fsu sakini m\u0259hk\u0259m\u0259 q\u0259rar\u0131n\u0131n icra olunmamas\u0131ndan naraz\u0131d\u0131r","og_url":"https:\/\/www.meydan.tv\/az\/article\/aliment-odemir-kicik-oglunun-uzunu-de-gormeyib\/","og_site_name":"MEYDAN.TV","article_published_time":"2019-01-17T23:00:14+00:00","og_image":[{"width":2224,"height":1668,"url":"https:\/\/www.meydan.tv\/wp-content\/uploads\/46299.jpg","type":"image\/jpeg"}],"author":"user-manager","twitter_card":"summary_large_image","schema":{"@context":"https:\/\/schema.org","@graph":[{"@type":"Article","@id":"https:\/\/www.meydan.tv\/az\/article\/aliment-odemir-kicik-oglunun-uzunu-de-gormeyib\/#article","isPartOf":{"@id":"https:\/\/www.meydan.tv\/az\/article\/aliment-odemir-kicik-oglunun-uzunu-de-gormeyib\/"},"author":{"name":"user-manager","@id":"https:\/\/www.meydan.tv\/az\/#\/schema\/person\/10d11eccf6da3662cf5fdab9806ea91a"},"headline":"&#8221;Aliment \u00f6d\u0259mir, ki\u00e7ik o\u011flunun \u00fcz\u00fcn\u00fc d\u0259 g\u00f6rm\u0259yib&#8221;","datePublished":"2019-01-17T23:00:14+00:00","mainEntityOfPage":{"@id":"https:\/\/www.meydan.tv\/az\/article\/aliment-odemir-kicik-oglunun-uzunu-de-gormeyib\/"},"wordCount":925,"publisher":{"@id":"https:\/\/www.meydan.tv\/az\/#organization"},"image":{"@id":"https:\/\/www.meydan.tv\/az\/article\/aliment-odemir-kicik-oglunun-uzunu-de-gormeyib\/#primaryimage"},"thumbnailUrl":"https:\/\/www.meydan.tv\/wp-content\/uploads\/46299.jpg","articleSection":["B\u00f6lg\u0259"],"inLanguage":"az"},{"@type":"WebPage","@id":"https:\/\/www.meydan.tv\/az\/article\/aliment-odemir-kicik-oglunun-uzunu-de-gormeyib\/","url":"https:\/\/www.meydan.tv\/az\/article\/aliment-odemir-kicik-oglunun-uzunu-de-gormeyib\/","name":"''Aliment \u00f6d\u0259mir, ki\u00e7ik o\u011flunun \u00fcz\u00fcn\u00fc d\u0259 g\u00f6rm\u0259yib'' - MEYDAN.TV","isPartOf":{"@id":"https:\/\/www.meydan.tv\/az\/#website"},"primaryImageOfPage":{"@id":"https:\/\/www.meydan.tv\/az\/article\/aliment-odemir-kicik-oglunun-uzunu-de-gormeyib\/#primaryimage"},"image":{"@id":"https:\/\/www.meydan.tv\/az\/article\/aliment-odemir-kicik-oglunun-uzunu-de-gormeyib\/#primaryimage"},"thumbnailUrl":"https:\/\/www.meydan.tv\/wp-content\/uploads\/46299.jpg","datePublished":"2019-01-17T23:00:14+00:00","breadcrumb":{"@id":"https:\/\/www.meydan.tv\/az\/article\/aliment-odemir-kicik-oglunun-uzunu-de-gormeyib\/#breadcrumb"},"inLanguage":"az","potentialAction":[{"@type":"ReadAction","target":["https:\/\/www.meydan.tv\/az\/article\/aliment-odemir-kicik-oglunun-uzunu-de-gormeyib\/"]}]},{"@type":"ImageObject","inLanguage":"az","@id":"https:\/\/www.meydan.tv\/az\/article\/aliment-odemir-kicik-oglunun-uzunu-de-gormeyib\/#primaryimage","url":"https:\/\/www.meydan.tv\/wp-content\/uploads\/46299.jpg","contentUrl":"https:\/\/www.meydan.tv\/wp-content\/uploads\/46299.jpg","width":2224,"height":1668,"caption":"Source:"},{"@type":"BreadcrumbList","@id":"https:\/\/www.meydan.tv\/az\/article\/aliment-odemir-kicik-oglunun-uzunu-de-gormeyib\/#breadcrumb","itemListElement":[{"@type":"ListItem","position":1,"name":"Ana s\u0259hif\u0259","item":"https:\/\/www.meydan.tv\/az\/"},{"@type":"ListItem","position":2,"name":"B\u00f6lg\u0259","item":"https:\/\/www.meydan.tv\/az\/section\/bolge\/"},{"@type":"ListItem","position":3,"name":"&#8221;Aliment \u00f6d\u0259mir, ki\u00e7ik o\u011flunun \u00fcz\u00fcn\u00fc d\u0259 g\u00f6rm\u0259yib&#8221;"}]},{"@type":"WebSite","@id":"https:\/\/www.meydan.tv\/az\/#website","url":"https:\/\/www.meydan.tv\/az\/","name":"MEYDAN.TV","description":"Meydan TV Az\u0259rbaycan\u0131n media m\u0259kan\u0131ndak\u0131 alternativ s\u0259sidir","publisher":{"@id":"https:\/\/www.meydan.tv\/az\/#organization"},"potentialAction":[{"@type":"SearchAction","target":{"@type":"EntryPoint","urlTemplate":"https:\/\/www.meydan.tv\/az\/?s={search_term_string}"},"query-input":{"@type":"PropertyValueSpecification","valueRequired":true,"valueName":"search_term_string"}}],"inLanguage":"az"},{"@type":"Organization","@id":"https:\/\/www.meydan.tv\/az\/#organization","name":"Meydan TV","url":"https:\/\/www.meydan.tv\/az\/","logo":{"@type":"ImageObject","inLanguage":"az","@id":"https:\/\/www.meydan.tv\/az\/#\/schema\/logo\/image\/","url":"https:\/\/www.meydan.tv\/wp-content\/uploads\/2021\/07\/meydan-logo.svg","contentUrl":"https:\/\/www.meydan.tv\/wp-content\/uploads\/2021\/07\/meydan-logo.svg","width":195,"height":46,"caption":"Meydan TV"},"image":{"@id":"https:\/\/www.meydan.tv\/az\/#\/schema\/logo\/image\/"}},{"@type":"Person","@id":"https:\/\/www.meydan.tv\/az\/#\/schema\/person\/10d11eccf6da3662cf5fdab9806ea91a","name":"user-manager"}]}},"_links":{"self":[{"href":"https:\/\/www.meydan.tv\/az\/wp-json\/wp\/v2\/posts\/193556","targetHints":{"allow":["GET"]}}],"collection":[{"href":"https:\/\/www.meydan.tv\/az\/wp-json\/wp\/v2\/posts"}],"about":[{"href":"https:\/\/www.meydan.tv\/az\/wp-json\/wp\/v2\/types\/post"}],"author":[{"embeddable":true,"href":"https:\/\/www.meydan.tv\/az\/wp-json\/wp\/v2\/users\/11"}],"replies":[{"embeddable":true,"href":"https:\/\/www.meydan.tv\/az\/wp-json\/wp\/v2\/comments?post=193556"}],"version-history":[{"count":0,"href":"https:\/\/www.meydan.tv\/az\/wp-json\/wp\/v2\/posts\/193556\/revisions"}],"wp:featuredmedia":[{"embeddable":true,"href":"https:\/\/www.meydan.tv\/az\/wp-json\/wp\/v2\/media\/116181"}],"wp:attachment":[{"href":"https:\/\/www.meydan.tv\/az\/wp-json\/wp\/v2\/media?parent=193556"}],"wp:term":[{"taxonomy":"category","embeddable":true,"href":"https:\/\/www.meydan.tv\/az\/wp-json\/wp\/v2\/categories?post=193556"},{"taxonomy":"post_tag","embeddable":true,"href":"https:\/\/www.meydan.tv\/az\/wp-json\/wp\/v2\/tags?post=193556"}],"curies":[{"name":"wp","href":"https:\/\/api.w.org\/{rel}","templated":true}]}}