{"id":193554,"date":"2019-01-17T21:36:56","date_gmt":"2019-01-17T21:36:56","guid":{"rendered":"https:\/\/www.meydan.tv\/article\/azerbaycanda-boyuk-qardas-her-yerde-sizi-izleyir\/"},"modified":"2019-01-17T21:36:56","modified_gmt":"2019-01-17T21:36:56","slug":"azerbaycanda-boyuk-qardas-her-yerde-sizi-izleyir","status":"publish","type":"post","link":"https:\/\/www.meydan.tv\/az\/article\/azerbaycanda-boyuk-qardas-her-yerde-sizi-izleyir\/","title":{"rendered":"Az\u0259rbaycanda &#8221;b\u00f6y\u00fck qarda\u015f&#8221; h\u0259r yerd\u0259 sizi izl\u0259yir"},"content":{"rendered":"<figure class=\"wp-block-image size-large\">\n  <img decoding=\"async\" src=\"https:\/\/www.meydan.tv\/az\/mehman-huseynov-7\/\" alt=\"Mehman H\u00fcseynov\" class=\"wp-image-116172\"\/><figcaption>\n    Mehman H\u00fcseynov<br \/>\n  <\/figcaption><\/figure>\n<p>\n  <i><br \/>\n    \u0130nternetd\u0259 aktiv olmayanda, onlayn olanda, mobil qur\u011fularda v\u0259 sosial media proqramlar\u0131nda n\u0259zar\u0259td\u0259siz<br \/>\n  <\/i>\n<\/p>\n<p>\n  2019-cu il 7 yanvar tarixind\u0259 Qurium Media Fondunun t\u0259hl\u00fck\u0259siz hostinq layih\u0259si olan \u201cVirtualRoad\u201d Az\u0259rbaycan\u0131n \u0259n k\u00f6kl\u00fc m\u00fcxalif\u0259t q\u0259zeti olan \u201cAzadl\u0131q\u201d q\u0259zetinin (azadliq.info) sayt\u0131na qar\u015f\u0131 yeni h\u00fccumlar bar\u0259sind\u0259 hesabat<br \/>\n  <a href=\"https:\/\/www.qurium.org\/alerts\/azerbaijan\/political-motivated-attacks-against-azadliq-info\/\" target=\"_blank\" rel=\"noopener\"><br \/>\n    yay\u0131mlad\u0131.<br \/>\n  <\/a>\n<\/p>\n<p>\n  Hesabatda bel\u0259 deyilir: &#8221;<br \/>\n  <a href=\"https:\/\/www.qurium.org\/bifrost\" target=\"_blank\" rel=\"noopener\"><br \/>\n    Bifrost<br \/>\n  <\/a><br \/>\n  xidm\u0259timizd\u0259n v\u0259 on milyonlarla dollarl\u0131q DPI payla\u015f\u0131m\u0131ndan istifad\u0259 ed\u0259r\u0259k Az\u0259rbaycan daxilind\u0259 \u201cazadliq.info\u201d sayt\u0131n\u0131 a\u00e7\u0131q saxlama\u011fa \u00e7al\u0131\u015fma\u011f\u0131m\u0131zdan on ay ke\u00e7dikd\u0259n sonra dey\u0259 bil\u0259rik ki, bu, bir daha h\u00f6kum\u0259tin informasiya n\u0259zar\u0259tin\u0259 n\u0259 d\u0259r\u0259c\u0259d\u0259 ba\u011fl\u0131 oldu\u011funu g\u00f6st\u0259rir&#8221;.<br \/>\n  <br \/>\n  D\u0259rin paket yoxlamas\u0131 (DPY) kimi tan\u0131nan DP\u0130-nin yerl\u0259\u015fdirilm\u0259si Az\u0259rbaycanda 2017-ci il mart ay\u0131ndan etibar\u0259n istifad\u0259 olunur v\u0259 informasiyan\u0131n \u0259l\u0259 ke\u00e7irilm\u0259sin\u0259 imkan ver\u0259n \u0259n yax\u015f\u0131 r\u0259q\u0259msal dinl\u0259m\u0259 vasit\u0259si kimi tan\u0131n\u0131r.\n<\/p>\n<p>\n  Lakin &#8220;Azadl\u0131q&#8221; q\u0259zeti h\u0259d\u0259fd\u0259 olan yegan\u0259 media orqan\u0131 deyil. 2018-ci il dekabr\u0131n 27-d\u0259 dig\u0259r bir m\u00fcxalif media qurulu\u015fu \u201cabzas.net\u201d-\u0259 \u201cFacebook\u201d t\u0259r\u0259find\u0259n x\u0259b\u0259rdarl\u0131q edilib ki, sayt\u0131n \u201cFacebook\u201d s\u0259hif\u0259si &#8220;ictimai standartlar\u0131n pozulmas\u0131&#8221; s\u0259b\u0259bil\u0259 silinib.\n<\/p>\n<p>\n  S\u0259hif\u0259nin silinm\u0259sind\u0259n bir ne\u00e7\u0259 g\u00fcn \u0259vv\u0259l s\u0259hif\u0259nin adminl\u0259ri y\u00fczl\u0259rl\u0259 trol h\u00fccumuna m\u0259ruz qald\u0131qlar\u0131 haqda m\u0259lumat veribl\u0259r v\u0259 onlar s\u0259hif\u0259nin qayda pozuntular\u0131na yol verm\u0259si bar\u0259d\u0259 anonim \u015fikay\u0259tl\u0259rin n\u0259tic\u0259sind\u0259 \u00e7\u00f6kd\u00fcr\u00fcld\u00fcy\u00fcn\u0259 inan\u0131rlar. Bu yaz\u0131 yaz\u0131ld\u0131\u011f\u0131 m\u00fcdd\u0259td\u0259 s\u0259hif\u0259 h\u0259l\u0259 d\u0259 ba\u011fl\u0131 olaraq qal\u0131r.\n<\/p>\n<p>\n  \u00d6t\u0259n ilin noyabr ay\u0131ndan etibar\u0259n h\u00fccumlara m\u0259ruz qalan dig\u0259r media qurumu Azad Avropa Radiosunun Az\u0259rbaycan b\u00f6lm\u0259si olan Azadl\u0131q Radiosudur (&#8220;Azadl\u0131q&#8221; q\u0259zeti il\u0259 \u0259laq\u0259si yoxdur). 24 noyabr 2018-ci il tarixind\u0259 qurumun \u201cFacebook\u201d s\u0259hif\u0259si o\u011furlan\u0131b v\u0259 bir ne\u00e7\u0259 saat \u0259rzind\u0259 s\u0259hif\u0259nin aktiv oldu\u011fu g\u00fcn\u0259 q\u0259d\u0259r payla\u015f\u0131lan b\u00fct\u00fcn video v\u0259 foto\u015f\u0259kill\u0259r silinib.\n<\/p>\n<p>\n  H\u00fccumdan sonra radio \u201cFacebook\u201d s\u0259hif\u0259sinin n\u0259zar\u0259tini geri ala bilib. \u00d6t\u0259n ilin yanvar ay\u0131nda m\u0259rk\u0259zi ofisi Berlind\u0259 yerl\u0259\u015f\u0259n, Az\u0259rbaycanla ba\u011fl\u0131 \u00fc\u00e7 dild\u0259 x\u0259b\u0259r payla\u015fan Meydan TV \u00f6z \u201cFacebook\u201d s\u0259hif\u0259sin\u0259 n\u0259zar\u0259ti itirdi. Xakerl\u0259r sayt\u0131n yarad\u0131ld\u0131\u011f\u0131 2014-c\u00fc ild\u0259n b\u0259ri s\u0259hif\u0259d\u0259 payla\u015f\u0131lan b\u00fct\u00fcn payla\u015f\u0131mlar\u0131, videolar\u0131 v\u0259 foto\u015f\u0259kill\u0259ri sildi.\n<\/p>\n<p>\n  Son h\u00fccumlar\u0131n ard\u0131c\u0131ll\u0131\u011f\u0131n\u0131 m\u00fc\u015fahid\u0259 ed\u0259n ekspertl\u0259r \u00fc\u00e7\u00fcn bu ba\u015f ver\u0259nl\u0259r Az\u0259rbaycan\u0131n n\u0259zar\u0259t v\u0259 izl\u0259m\u0259 proqramlar\u0131n\u0131n sat\u0131n al\u0131nmas\u0131na olan mara\u011f\u0131n\u0131 ifad\u0259 etm\u0259sind\u0259n sonra he\u00e7 d\u0259 t\u0259\u0259cc\u00fcbl\u00fc v\u0259 ya yeni bir \u015fey kimi g\u00f6r\u00fcnm\u00fcr. Bel\u0259 ki, 2011-ci il dekabr\u0131n \u0259vv\u0259lind\u0259 Milli T\u0259hl\u00fck\u0259sizlik Xidm\u0259ti (2015-ci ilin dekabr\u0131nda r\u0259sm\u0259n l\u0259\u011fv edilmi\u015f v\u0259 Milli T\u0259hl\u00fck\u0259sizlik Xidm\u0259tinin yeni bir orqan\u0131 il\u0259 \u0259v\u0259zl\u0259nmi\u015fdir) qanuni xakerlik xidm\u0259ti almaq \u00fc\u00e7\u00fcn NICE Sisteml\u0259rin\u0259 (\u0130srailin Xakerl\u0259r Komandas\u0131 \u00fc\u00e7\u00fcn r\u0259smi diller) m\u00fcraci\u0259t etdi.\n<\/p>\n<p>\n  Xakerl\u0259r komandas\u0131n\u0131n s\u0131zd\u0131r\u0131lm\u0131\u015f 2012-ci il may ay\u0131 tarixli elektron m\u0259ktublar\u0131ndan biri Milli T\u0259hl\u00fck\u0259sizlik Xidm\u0259tinin x\u00fcsusi mara\u011f\u0131n\u0131 ortaya qoyur. &#8220;M\u00fc\u015ft\u0259ri ISP virusu (HT NIA) v\u0259 mobil viruslara olan mara\u011f\u0131n\u0131 vur\u011fulad\u0131,&#8221; \u2013 elektron m\u0259ktubda deyilir.\n<\/p>\n<p>\n  Provayderl\u0259r aras\u0131ndak\u0131 n\u00f6vb\u0259ti elektron m\u0259ktubda detallar daha ayd\u0131n \u00fcz\u0259 \u00e7\u0131x\u0131r. M\u0259ktubda deyilir: \u201cISP\/ M\u0130M vasit\u0259sil\u0259 \u201cSkype\u201d hesab\u0131n\u0131n \u0259l\u0259 ke\u00e7irilm\u0259si, mobil telefonlarda (Android, IOs v\u0259 Windows) v\u0259 komp\u00fcterd\u0259 (IOS v\u0259 Windows) \u201cSkype\u201d hesab\u0131n\u0131n \u0259l\u0259 ke\u00e7irilm\u0259si\u201d.\n<\/p>\n<p>\n  Uzaqdan \u0130dar\u0259etm\u0259 Sisteminin t\u0259klif etdiyi dig\u0259r vasit\u0259l\u0259r olaraq Milli T\u0259hl\u00fck\u0259sizlik Nazirliyi x\u00fcsusil\u0259 h\u0259d\u0259f \u015f\u0259b\u0259k\u0259sini izl\u0259y\u0259n, se\u00e7ilmi\u015f RMI (Uzaqdan Mobil Virus) v\u0259 Veb resurslar\u0131na agent yerl\u0259\u015fdir\u0259n v\u0259 RCS agentl\u0259rinin mobil telefonda qura\u015fd\u0131r\u0131lmas\u0131na imkan ver\u0259n TNI (Taktiki \u015e\u0259b\u0259k\u0259 \u0130njeksiyas\u0131) RCS moduluna maraq g\u00f6st\u0259rir.\n<\/p>\n<p>\n  RCS texnologiyas\u0131 virusa yoluxmu\u015f cihazlarda onlayn v\u0259 oflayn v\u0259ziyy\u0259td\u0259 m\u0259lumatlar\u0131n toplanmas\u0131na imkan verir. M\u0259lumatlar bas\u0131lan d\u00fcym\u0259l\u0259ri qeyd\u0259 al\u0131r v\u0259 sistem xakerl\u0259rin istifad\u0259\u00e7il\u0259rin m\u0259lumat\u0131 olmadan cihazlardak\u0131 kameralar\u0131 v\u0259 mikrofonlar\u0131 a\u00e7mas\u0131na imkan verir.\n<\/p>\n<p>\n  Bu texnologiyan\u0131n v\u0259t\u0259nda\u015f c\u0259miyy\u0259ti \u0259leyhin\u0259 istifad\u0259 edildiyini g\u00f6st\u0259r\u0259n n\u00fcmun\u0259l\u0259rd\u0259n biri \u201cAmnesty \u0130nternational\u201d t\u0259\u015fkilat\u0131n\u0131n 2017-ci il hesabat\u0131nda yay\u0131mland\u0131. \u201cAmnesty \u0130nternational\u201d t\u0259\u015fkilat\u0131n\u0131n m\u0259lumat\u0131na g\u00f6r\u0259 2015-ci ild\u0259 Az\u0259rbaycan Avropa H\u0259r\u0259kat\u0131n\u0131n prezidenti Ramin Hac\u0131l\u0131n\u0131n komp\u00fcterind\u0259 z\u0259r\u0259rli proqram a\u015fkar edilib. Z\u0259r\u0259rli proqram t\u0259l\u0259 kimi bir s\u0259n\u0259d a\u00e7\u0131r.\n<\/p>\n<p>\n  \u201cBu proqram qur\u011fu sisteminin parametrl\u0259rini (IP \u00fcnvanlar\u0131n\u0131 v\u0259 sistem qur\u011fular\u0131n\u0131) toplay\u0131r. Agent daha sonra v\u0259 e-po\u00e7t, sosial media kimi onlayn platformalarda \u015f\u0259xsi m\u0259lumatlar\u0131 \u0259ld\u0259 etm\u0259k \u00fc\u00e7\u00fcn istifad\u0259\u00e7inin basd\u0131\u011f\u0131 tu\u015flar\u0131, ekran g\u00f6r\u00fcnt\u00fcl\u0259rini qeyd\u0259 al\u0131r&#8221;.\n<\/p>\n<p>\n  Eyni z\u0259r\u0259rli proqram insan h\u00fcquqlar\u0131 m\u00fcdafi\u0259\u00e7isi v\u0259 k\u00f6hn\u0259 siyasi m\u0259hbus R\u0259sul C\u0259f\u0259rli v\u0259 dig\u0259rl\u0259rin\u0259 qar\u015f\u0131 da istifad\u0259 edilib.\n<\/p>\n<p>\n  Dig\u0259r h\u00fccum formalar\u0131na bir s\u0131ra x\u0259b\u0259r saytlar\u0131na daxil olma\u011f\u0131n (bu veb saytlar\u0131n \u0259ks\u0259riyy\u0259ti r\u0259smi olaraq 2017-ci ilin may ay\u0131ndan etibar\u0259n ba\u011flanm\u0131\u015fd\u0131r) qar\u015f\u0131s\u0131n\u0131 almaqda k\u00f6m\u0259k ed\u0259n internet \u015f\u0259b\u0259k\u0259sinin s\u00fcni \u015f\u0259kild\u0259 h\u0259dd\u0259n art\u0131q y\u00fckl\u0259nm\u0259si daxildir. Bel\u0259 ki bu bar\u0259d\u0259 \u201cVirtualRoad\u201d 2016-c\u0131 il hesabat\u0131nda m\u0259lumat verib. Daha sonra 2017-ci ild\u0259 n\u0259\u015fr olunan n\u00f6vb\u0259ti hesabat\u0131nda \u201cVirtualRoad\u201d m\u00fcst\u0259qil media qurumlar\u0131na qar\u015f\u0131 DDoS v\u0259 h\u00f6kum\u0259t qurumlar\u0131n\u0131n istifad\u0259 etdiyi IP \u00fcnvanlar\u0131ndan edil\u0259n h\u00fccumlar\u0131n s\u00fcbutlar\u0131n\u0131 verib.\n<\/p>\n<p>\n  \u201cAzadl\u0131q\u201d q\u0259zetin\u0259, Azadl\u0131q Radiosuna v\u0259 dig\u0259r platformalara qar\u015f\u0131 \u0259n son h\u00fccumlardan ayd\u0131nd\u0131r ki, media v\u0259 ifad\u0259 azadl\u0131\u011f\u0131na qar\u015f\u0131 t\u0259zyiq g\u00f6st\u0259rilm\u0259sind\u0259n, siyasi h\u0259d\u0259-qorxudan v\u0259 dig\u0259r t\u0259zyiq formalar\u0131ndan \u0259lav\u0259 Az\u0259rbaycan h\u00f6kum\u0259ti DDoS h\u00fccumlar\u0131, veb-saytlar\u0131n bloklanmas\u0131, sosial media hesablar\u0131n\u0131n v\u0259 m\u00fcst\u0259qil v\u0259t\u0259nda\u015f c\u0259miyy\u0259ti f\u0259allar\u0131n\u0131n elektron po\u00e7t \u00fcnvanlar\u0131n\u0131n \u0259l\u0259 ke\u00e7irilm\u0259si, \u201cYouTube\u201d sayt\u0131na m\u0259zmunun \u00e7\u0131xar\u0131lmas\u0131 bar\u0259d\u0259 t\u0259l\u0259bl\u0259r g\u00f6nd\u0259rilm\u0259si, d\u00f6vl\u0259t qulluq\u00e7ular\u0131n\u0131n v\u0259 g\u0259nc k\u00f6n\u00fcll\u00fcl\u0259rin k\u00fctl\u0259vi \u015f\u0259kild\u0259 trol kimi ixtisasla\u015fd\u0131r\u0131lmas\u0131 v\u0259 D\u0259rin Paket Yoxlama vasit\u0259l\u0259rinin istifad\u0259si kimi bir s\u0131ra informasiyan\u0131n idar\u0259edilm\u0259si \u00fcsullar\u0131 t\u0259tbiq edir.\n<\/p>\n<blockquote><p>\n  Bu texnologiya haradan g\u0259lir?\n<\/p><\/blockquote>\n<p>\n  \u201cVirtualRoad\u201d-un qiym\u0259tl\u0259ndirm\u0259sin\u0259 \u0259sas\u0259n 2016-c\u0131 ilin oktyabr ay\u0131ndan 2017-ci ilin mart ay\u0131na q\u0259d\u0259r olan DDoS h\u00fccumlar\u0131 az\u0259rbaycanl\u0131 administratorlar t\u0259r\u0259find\u0259n idar\u0259 olunan x\u00fcsusi serverl\u0259rd\u0259n h\u0259yata ke\u00e7irilib v\u0259 \u201cVirtualRoad\u201d h\u00fccum\u00e7ular\u0131n \u00f6lk\u0259nin kibert\u0259hl\u00fck\u0259sizlik xidm\u0259tin\u0259 yax\u0131n oldu\u011fu q\u0259na\u0259tin\u0259 g\u0259lib. \u201cVirtualRoad\u201d h\u0259m\u00e7inin 2017-ci ild\u0259 edil\u0259n qanuni d\u0259yi\u015fiklikl\u0259r n\u0259tic\u0259sind\u0259 \u201cabzas.net\u201d v\u0259 \u201cazadliq.info\u201d saytlar\u0131na daxil olma\u011fa mane\u0259 t\u00f6r\u0259dilm\u0259mi\u015fd\u0259n \u00f6nc\u0259 bu saytlar\u0131n botnet h\u00fccumlar\u0131na m\u0259ruz qald\u0131qlar\u0131n\u0131 a\u015fkara \u00e7\u0131xar\u0131b.\n<\/p>\n<p>\n  2018-ci ilin aprelind\u0259 n\u0259\u015fr olunan dig\u0259r hesabatda h\u00f6kum\u0259tin 2017-ci ilin mart ay\u0131ndan etibar\u0259n D\u0259rin Paket Yoxlamas\u0131-DPY (Deep Packet Inspection) istifad\u0259 etdiyi s\u00fcbutlarla g\u00f6st\u0259rilir. Hesabatda h\u0259m\u00e7inin Az\u0259rbaycan h\u00f6kum\u0259tinin bu x\u00fcsusi t\u0259hl\u00fck\u0259sizlik avadanl\u0131\u011f\u0131n\u0131 \u0130srailin \u201cAllot Communication\u201d t\u0259hl\u00fck\u0259sizlik \u015firk\u0259tind\u0259n 3 milyon AB\u015e dollar\u0131na sat\u0131n ald\u0131\u011f\u0131 m\u0259lum olur.\n<\/p>\n<p>\n  NICE Sisteml\u0259ri il\u0259 \u00e7al\u0131\u015fmaqla Az\u0259rbaycan h\u00f6kum\u0259ti \u0130srail \u015firk\u0259tl\u0259ri il\u0259 s\u0131x \u0259m\u0259kda\u015fl\u0131q edirdi. Yeni n\u0259\u015fr olunan hesabatda \u201cVirtualRoad\u201d h\u0259m\u00e7inin Az\u0259rbaycan\u0131n \u201cAllot Communications\u201d texnologiyas\u0131 il\u0259 birlikd\u0259 \u015f\u0259b\u0259k\u0259 trafikinin idar\u0259 edilm\u0259si v\u0259 D\u0259rin Paket Yoxlamas\u0131 \u00fczr\u0259 ixtisasla\u015fan, Kanadan\u0131n Vaterlo \u015f\u0259h\u0259rind\u0259 yerl\u0259\u015f\u0259n \u015f\u0259b\u0259k\u0259 avadanl\u0131qlar\u0131 \u015firk\u0259ti \u201cProcera Sandvine\u201d \u015firk\u0259ti il\u0259 \u0259m\u0259kda\u015fl\u0131q etdiyini ortaya \u00e7\u0131xar\u0131b. V\u0259t\u0259nda\u015f laboratoriyas\u0131n\u0131n hesabat\u0131na \u0259sas\u0259n daha \u00f6nc\u0259 bu \u015firk\u0259tin avadanl\u0131qlar\u0131ndan&#8221; \u201cT\u00fcrkiy\u0259 v\u0259 bilavasit\u0259 Suriya d\u00f6vl\u0259tin\u0259 z\u0259r\u0259rli proqramlar t\u0259qdim etm\u0259k v\u0259 Misird\u0259ki qapal\u0131 qurumlar \u00fc\u00e7\u00fcn reklamlar v\u0259 kriptovalyuta m\u0259d\u0259n\u00e7iliyi yolu il\u0259 gizlic\u0259 pul toplamaq\u201d m\u0259qs\u0259dil\u0259 istifad\u0259 olunub.\n<\/p>\n<blockquote><p>\n  Niy\u0259 bu m\u0259s\u0259l\u0259l\u0259r vacibdir?\n<\/p><\/blockquote>\n<p>\n  M\u00fcst\u0259qil k\u00fctl\u0259vi informasiya vasit\u0259l\u0259rind\u0259 \u00e7al\u0131\u015fan jurnalistl\u0259rin say\u0131n\u0131n bir ne\u00e7\u0259 n\u0259f\u0259r\u0259 d\u00fc\u015fd\u00fcy\u00fc, h\u0259bsxanalar\u0131n jurnalistl\u0259r\u0259 v\u0259 v\u0259t\u0259nda\u015f f\u0259allar\u0131na qollar\u0131n\u0131 a\u00e7d\u0131\u011f\u0131, m\u0259hk\u0259m\u0259l\u0259rin saxta ittihamlarla onlar haqq\u0131nda h\u0259bs q\u0259rar\u0131 verdiyi bir \u00f6lk\u0259d\u0259 suveren h\u00f6kum\u0259tin \u00f6z v\u0259t\u0259nda\u015flar\u0131n\u0131n onlayn v\u0259 ya oflayn olark\u0259n g\u00f6rd\u00fcy\u00fc i\u015fl\u0259rin ke\u00e7mi\u015fini ara\u015fd\u0131rmas\u0131na imkan ver\u0259n texnologiyalardan istifad\u0259 etm\u0259si sad\u0259c\u0259 x\u0259b\u0259rdarl\u0131q deyil, gizlilik, anonimlik v\u0259 t\u0259hl\u00fck\u0259sizlik h\u00fcquqlar\u0131n\u0131n birba\u015fa pozulmas\u0131d\u0131r.\n<\/p>\n<p>\n  \u018fn son t\u0259qib hadis\u0259si Mehman H\u00fcseynova qar\u015f\u0131 ba\u015f verib. Mehman H\u00fcseynov \u201cSancaq TV\u201d adl\u0131 \u201cYouTube\u201d kanal\u0131 il\u0259 h\u00f6kum\u0259tin yol verdiyi korrupsiyalar\u0131, sosial b\u0259rab\u0259rsizliyi v\u0259 dig\u0259r m\u0259s\u0259l\u0259l\u0259ri s\u0259n\u0259dl\u0259\u015fdir\u0259n jurnalistdir. H\u00fcseynov iki il bundan \u0259vv\u0259l saxta ittihamlarla h\u0259bs olunub. 2019-cu ilin mart ay\u0131nda h\u0259bs m\u00fcdd\u0259tinin bitm\u0259sin\u0259 baxmayaraq, H\u00fcseynova \u201chakimiyy\u0259t n\u00fcmay\u0259nd\u0259sin\u0259 sa\u011flaml\u0131\u011f\u0131 v\u0259 h\u0259yat\u0131 \u00fc\u00e7\u00fcn t\u0259hl\u00fck\u0259 yaradan \u015fidd\u0259t t\u0259tbiq ed\u0259r\u0259k m\u00fcqavim\u0259t g\u00f6st\u0259rm\u0259k&#8221; ittiham\u0131 il\u0259 yeddi il \u0259lav\u0259 h\u0259bs c\u0259zas\u0131 veril\u0259 bil\u0259r. 26 dekabr 2018-ci ild\u0259 yeni cinay\u0259t i\u015finin elan\u0131ndan sonra H\u00fcseynov acl\u0131q aksiyas\u0131na ba\u015flay\u0131b.\n<\/p>\n<p>\n  Yeni ittihamlar sosial mediada k\u00fctl\u0259vi d\u0259st\u0259y\u0259 s\u0259b\u0259b oldu. B\u0259zi aktivistl\u0259r Bak\u0131da H\u00fcseynova d\u0259st\u0259k m\u0259qs\u0259dil\u0259 icaz\u0259siz etiraz aksiyalar\u0131 ke\u00e7irdil\u0259r v\u0259 bu aksiyalar h\u0259bs v\u0259 c\u0259rim\u0259l\u0259rl\u0259 n\u0259tic\u0259l\u0259ndi. Bir s\u0131ra h\u00fcquq-m\u00fchafiz\u0259 qruplar\u0131 beyn\u0259lxalq \u00e7a\u011f\u0131r\u0131\u015flar etdi. H\u0259m\u00e7inin Avropa \u015euras\u0131n\u0131n \u0130nsan H\u00fcquqlar\u0131 \u00fczr\u0259 m\u00fc\u015faviri Dunya Miyatovi\u00e7 d\u0259 yeni ittihamlar\u0131 d\u0259rhal dayand\u0131rmas\u0131 v\u0259 H\u00fcseynovun azad etm\u0259si \u00fc\u00e7\u00fcn Az\u0259rbaycan\u0131n h\u00f6k\u00fcm\u0259tin\u0259 \u00e7a\u011f\u0131r\u0131\u015f etdi.\n<\/p>\n<p>\n  H\u00fcseynov g\u00fcnahs\u0131z oldu\u011funu deyir v\u0259 ona d\u0259st\u0259k olanlar inan\u0131r ki, yeni ittihamlar sad\u0259c\u0259 blogeri h\u0259bsd\u0259 saxlamaq m\u0259qs\u0259di da\u015f\u0131y\u0131r. Lakin hakimiyy\u0259t bununla raz\u0131la\u015fm\u0131r. H\u00fcseynov acl\u0131q aksiyas\u0131na ba\u015flayandan v\u0259 beyn\u0259lxalq t\u0259zyiqin ba\u015flanmas\u0131ndan sonra h\u00f6kum\u0259t n\u00fcmay\u0259nd\u0259l\u0259ri H\u00fcseynovun qanunu pozdu\u011funa g\u00f6r\u0259 h\u0259bsxanada oldu\u011funu v\u0259 i\u015fl\u0259diyi cinay\u0259tl\u0259r\u0259 g\u00f6r\u0259 m\u0259hkumlu\u011funun davam etdiyini vur\u011fulay\u0131r.\n<\/p>\n<p>\n  11 yanvar 2019-cu ild\u0259 H\u00fcseynovun verdiyi ifad\u0259 sosial \u015f\u0259b\u0259k\u0259l\u0259rd\u0259 yay\u0131l\u0131b. M\u0259tbuata g\u00f6nd\u0259rdiyi a\u00e7\u0131qlamada H\u00fcseynov qeyd edir ki, o yax\u015f\u0131d\u0131r, acl\u0131q aksiyas\u0131na son ver\u0259c\u0259k v\u0259 ona qar\u015f\u0131 a\u00e7\u0131lan cinay\u0259t i\u015finin istintaq\u0131n \u0259dal\u0259tli olaca\u011f\u0131n\u0131 g\u00f6zl\u0259yir.\n<\/p>\n<p>\n  Lakin \u00e7ox az insan b\u0259yanat\u0131n h\u0259qiqiliyin\u0259 inan\u0131r. Bir g\u00fcn \u0259vv\u0259l H\u00fcseynovla g\u00f6r\u00fc\u015f\u0259n v\u0259kili \u015eahla H\u00fcmb\u0259tova deyir ki, H\u00fcseynov ona b\u0259yanat bar\u0259d\u0259 he\u00e7 n\u0259 dem\u0259yib.\n<\/p>\n<p>\n  &#8220;B\u0259yanatda yaz\u0131lanlardan f\u0259rqli olaraq Mehman m\u0259n\u0259 dedi ki, qat\u0131 qidalardan imtina etm\u0259y\u0259 v\u0259 yaln\u0131z su v\u0259 s\u00fcd i\u00e7m\u0259y\u0259 davam ed\u0259c\u0259k. O bildirdi ki, bu aksiyan\u0131 2 martad\u0259k, y\u0259ni azad edil\u0259c\u0259yi g\u00fcn\u0259 q\u0259d\u0259r davam etdir\u0259c\u0259k,&#8221; &#8211; Mehman\u0131n qarda\u015f\u0131 Emin H\u00fcseynov Azadl\u0131q Radiosuna m\u00fcsahib\u0259sind\u0259 bildirib v\u0259 m\u0259ktubun haz\u0131rland\u0131\u011f\u0131n\u0131 t\u0259sdiql\u0259yib.\n<\/p>\n<p>\n  \u018fdal\u0259tin nadir hallarda qalib g\u0259ldiyi bir \u00f6lk\u0259d\u0259 m\u0259cburi v\u0259 uydurma b\u0259yanatlar t\u0259\u0259cc\u00fcbl\u00fc olmamal\u0131d\u0131r. Art\u0131q m\u00f6vcud b\u00fct\u00fcn g\u00fcc\u0259 sahib olan bir h\u00f6kum\u0259tin n\u0259 q\u0259d\u0259r ir\u0259li ged\u0259 bil\u0259c\u0259yi h\u0259l\u0259 sual olaraq qal\u0131r.\n<\/p>\n<p>\n  <i><br \/>\n    <a href=\"https:\/\/fpc.org.uk\/in-azerbaijan-big-brother-is-watching-you-everywhere-offline-online-on-mobile-devices-and-social-media-apps\/\" target=\"_blank\" rel=\"noopener\"><br \/>\n      M\u0259qal\u0259<br \/>\n    <\/a><br \/>\n    <b><br \/>\n      &#8220;The Foreign Policy Centre&#8221;<br \/>\n    <\/b><br \/>\n    t\u0259r\u0259find\u0259n d\u0259rc olunub<br \/>\n    <a href=\"https:\/\/fpc.org.uk\/in-azerbaijan-big-brother-is-watching-you-everywhere-offline-online-on-mobile-devices-and-social-media-apps\/\" target=\"_blank\" rel=\"noopener\"><br \/>\n      .<br \/>\n    <\/a><br \/>\n  <\/i>\n<\/p>\n<p>\n  <a href=\"https:\/\/fpc.org.uk\/in-azerbaijan-big-brother-is-watching-you-everywhere-offline-online-on-mobile-devices-and-social-media-apps\/?fbclid=IwAR0zDwqqCQaCcPVNEcdsa5URywMoqRvaeam52WXxUluTnpoSPc6GcjmpsLk\" target=\"_blank\" rel=\"noopener\"><br \/>\n    <i><br \/>\n      <b><br \/>\n        Link<br \/>\n      <\/b><br \/>\n    <\/i><br \/>\n  <\/a><\/p>\n","protected":false},"excerpt":{"rendered":"<p>\u0130nternetd\u0259 aktiv olmayanda, onlayn olanda, mobil qur\u011fularda v\u0259 sosial media proqramlar\u0131nda n\u0259zar\u0259td\u0259siz<\/p>\n","protected":false},"author":11,"featured_media":116172,"comment_status":"closed","ping_status":"open","sticky":false,"template":"","format":"standard","meta":{"_acf_changed":false,"_sitemap_exclude":false,"_sitemap_priority":"","_sitemap_frequency":"","footnotes":""},"categories":[55],"tags":[],"class_list":["post-193554","post","type-post","status-publish","format-standard","has-post-thumbnail","hentry","category-arasdirma","infinite-scroll-item","generate-columns","tablet-grid-50","mobile-grid-100","grid-parent","grid-33","no-featured-image-padding"],"acf":[],"yoast_head":"<!-- This site is optimized with the Yoast SEO plugin v27.4 - https:\/\/yoast.com\/product\/yoast-seo-wordpress\/ -->\n<title>Az\u0259rbaycanda &#039;&#039;b\u00f6y\u00fck qarda\u015f&#039;&#039; h\u0259r yerd\u0259 sizi izl\u0259yir - MEYDAN.TV<\/title>\n<meta name=\"robots\" content=\"index, follow, max-snippet:-1, max-image-preview:large, max-video-preview:-1\" \/>\n<link rel=\"canonical\" href=\"https:\/\/www.meydan.tv\/az\/article\/azerbaycanda-boyuk-qardas-her-yerde-sizi-izleyir\/\" \/>\n<meta property=\"og:locale\" content=\"az_AZ\" \/>\n<meta property=\"og:type\" content=\"article\" \/>\n<meta property=\"og:title\" content=\"Az\u0259rbaycanda &#039;&#039;b\u00f6y\u00fck qarda\u015f&#039;&#039; h\u0259r yerd\u0259 sizi izl\u0259yir - MEYDAN.TV\" \/>\n<meta property=\"og:description\" content=\"\u0130nternetd\u0259 aktiv olmayanda, onlayn olanda, mobil qur\u011fularda v\u0259 sosial media proqramlar\u0131nda n\u0259zar\u0259td\u0259siz\" \/>\n<meta property=\"og:url\" content=\"https:\/\/www.meydan.tv\/az\/article\/azerbaycanda-boyuk-qardas-her-yerde-sizi-izleyir\/\" \/>\n<meta property=\"og:site_name\" content=\"MEYDAN.TV\" \/>\n<meta property=\"article:published_time\" content=\"2019-01-17T21:36:56+00:00\" \/>\n<meta property=\"og:image\" content=\"https:\/\/www.meydan.tv\/wp-content\/uploads\/46296.jpg\" \/>\n\t<meta property=\"og:image:width\" content=\"960\" \/>\n\t<meta property=\"og:image:height\" content=\"640\" \/>\n\t<meta property=\"og:image:type\" content=\"image\/jpeg\" \/>\n<meta name=\"author\" content=\"user-manager\" \/>\n<meta name=\"twitter:card\" content=\"summary_large_image\" \/>\n<script type=\"application\/ld+json\" class=\"yoast-schema-graph\">{\"@context\":\"https:\\\/\\\/schema.org\",\"@graph\":[{\"@type\":\"Article\",\"@id\":\"https:\\\/\\\/www.meydan.tv\\\/az\\\/article\\\/azerbaycanda-boyuk-qardas-her-yerde-sizi-izleyir\\\/#article\",\"isPartOf\":{\"@id\":\"https:\\\/\\\/www.meydan.tv\\\/az\\\/article\\\/azerbaycanda-boyuk-qardas-her-yerde-sizi-izleyir\\\/\"},\"author\":{\"name\":\"user-manager\",\"@id\":\"https:\\\/\\\/www.meydan.tv\\\/az\\\/#\\\/schema\\\/person\\\/10d11eccf6da3662cf5fdab9806ea91a\"},\"headline\":\"Az\u0259rbaycanda &#8221;b\u00f6y\u00fck qarda\u015f&#8221; h\u0259r yerd\u0259 sizi izl\u0259yir\",\"datePublished\":\"2019-01-17T21:36:56+00:00\",\"mainEntityOfPage\":{\"@id\":\"https:\\\/\\\/www.meydan.tv\\\/az\\\/article\\\/azerbaycanda-boyuk-qardas-her-yerde-sizi-izleyir\\\/\"},\"wordCount\":2270,\"publisher\":{\"@id\":\"https:\\\/\\\/www.meydan.tv\\\/az\\\/#organization\"},\"image\":{\"@id\":\"https:\\\/\\\/www.meydan.tv\\\/az\\\/article\\\/azerbaycanda-boyuk-qardas-her-yerde-sizi-izleyir\\\/#primaryimage\"},\"thumbnailUrl\":\"https:\\\/\\\/www.meydan.tv\\\/wp-content\\\/uploads\\\/46296.jpg\",\"articleSection\":[\"Ara\u015fd\u0131rma\"],\"inLanguage\":\"az\"},{\"@type\":\"WebPage\",\"@id\":\"https:\\\/\\\/www.meydan.tv\\\/az\\\/article\\\/azerbaycanda-boyuk-qardas-her-yerde-sizi-izleyir\\\/\",\"url\":\"https:\\\/\\\/www.meydan.tv\\\/az\\\/article\\\/azerbaycanda-boyuk-qardas-her-yerde-sizi-izleyir\\\/\",\"name\":\"Az\u0259rbaycanda ''b\u00f6y\u00fck qarda\u015f'' h\u0259r yerd\u0259 sizi izl\u0259yir - MEYDAN.TV\",\"isPartOf\":{\"@id\":\"https:\\\/\\\/www.meydan.tv\\\/az\\\/#website\"},\"primaryImageOfPage\":{\"@id\":\"https:\\\/\\\/www.meydan.tv\\\/az\\\/article\\\/azerbaycanda-boyuk-qardas-her-yerde-sizi-izleyir\\\/#primaryimage\"},\"image\":{\"@id\":\"https:\\\/\\\/www.meydan.tv\\\/az\\\/article\\\/azerbaycanda-boyuk-qardas-her-yerde-sizi-izleyir\\\/#primaryimage\"},\"thumbnailUrl\":\"https:\\\/\\\/www.meydan.tv\\\/wp-content\\\/uploads\\\/46296.jpg\",\"datePublished\":\"2019-01-17T21:36:56+00:00\",\"breadcrumb\":{\"@id\":\"https:\\\/\\\/www.meydan.tv\\\/az\\\/article\\\/azerbaycanda-boyuk-qardas-her-yerde-sizi-izleyir\\\/#breadcrumb\"},\"inLanguage\":\"az\",\"potentialAction\":[{\"@type\":\"ReadAction\",\"target\":[\"https:\\\/\\\/www.meydan.tv\\\/az\\\/article\\\/azerbaycanda-boyuk-qardas-her-yerde-sizi-izleyir\\\/\"]}]},{\"@type\":\"ImageObject\",\"inLanguage\":\"az\",\"@id\":\"https:\\\/\\\/www.meydan.tv\\\/az\\\/article\\\/azerbaycanda-boyuk-qardas-her-yerde-sizi-izleyir\\\/#primaryimage\",\"url\":\"https:\\\/\\\/www.meydan.tv\\\/wp-content\\\/uploads\\\/46296.jpg\",\"contentUrl\":\"https:\\\/\\\/www.meydan.tv\\\/wp-content\\\/uploads\\\/46296.jpg\",\"width\":960,\"height\":640,\"caption\":\"\"},{\"@type\":\"BreadcrumbList\",\"@id\":\"https:\\\/\\\/www.meydan.tv\\\/az\\\/article\\\/azerbaycanda-boyuk-qardas-her-yerde-sizi-izleyir\\\/#breadcrumb\",\"itemListElement\":[{\"@type\":\"ListItem\",\"position\":1,\"name\":\"Ana s\u0259hif\u0259\",\"item\":\"https:\\\/\\\/www.meydan.tv\\\/az\\\/\"},{\"@type\":\"ListItem\",\"position\":2,\"name\":\"Ara\u015fd\u0131rma\",\"item\":\"https:\\\/\\\/www.meydan.tv\\\/az\\\/section\\\/arasdirma\\\/\"},{\"@type\":\"ListItem\",\"position\":3,\"name\":\"Az\u0259rbaycanda &#8221;b\u00f6y\u00fck qarda\u015f&#8221; h\u0259r yerd\u0259 sizi izl\u0259yir\"}]},{\"@type\":\"WebSite\",\"@id\":\"https:\\\/\\\/www.meydan.tv\\\/az\\\/#website\",\"url\":\"https:\\\/\\\/www.meydan.tv\\\/az\\\/\",\"name\":\"MEYDAN.TV\",\"description\":\"Meydan TV Az\u0259rbaycan\u0131n media m\u0259kan\u0131ndak\u0131 alternativ s\u0259sidir\",\"publisher\":{\"@id\":\"https:\\\/\\\/www.meydan.tv\\\/az\\\/#organization\"},\"potentialAction\":[{\"@type\":\"SearchAction\",\"target\":{\"@type\":\"EntryPoint\",\"urlTemplate\":\"https:\\\/\\\/www.meydan.tv\\\/az\\\/?s={search_term_string}\"},\"query-input\":{\"@type\":\"PropertyValueSpecification\",\"valueRequired\":true,\"valueName\":\"search_term_string\"}}],\"inLanguage\":\"az\"},{\"@type\":\"Organization\",\"@id\":\"https:\\\/\\\/www.meydan.tv\\\/az\\\/#organization\",\"name\":\"Meydan TV\",\"url\":\"https:\\\/\\\/www.meydan.tv\\\/az\\\/\",\"logo\":{\"@type\":\"ImageObject\",\"inLanguage\":\"az\",\"@id\":\"https:\\\/\\\/www.meydan.tv\\\/az\\\/#\\\/schema\\\/logo\\\/image\\\/\",\"url\":\"https:\\\/\\\/www.meydan.tv\\\/wp-content\\\/uploads\\\/2021\\\/07\\\/meydan-logo.svg\",\"contentUrl\":\"https:\\\/\\\/www.meydan.tv\\\/wp-content\\\/uploads\\\/2021\\\/07\\\/meydan-logo.svg\",\"width\":195,\"height\":46,\"caption\":\"Meydan TV\"},\"image\":{\"@id\":\"https:\\\/\\\/www.meydan.tv\\\/az\\\/#\\\/schema\\\/logo\\\/image\\\/\"}},{\"@type\":\"Person\",\"@id\":\"https:\\\/\\\/www.meydan.tv\\\/az\\\/#\\\/schema\\\/person\\\/10d11eccf6da3662cf5fdab9806ea91a\",\"name\":\"user-manager\"}]}<\/script>\n<!-- \/ Yoast SEO plugin. -->","yoast_head_json":{"title":"Az\u0259rbaycanda ''b\u00f6y\u00fck qarda\u015f'' h\u0259r yerd\u0259 sizi izl\u0259yir - MEYDAN.TV","robots":{"index":"index","follow":"follow","max-snippet":"max-snippet:-1","max-image-preview":"max-image-preview:large","max-video-preview":"max-video-preview:-1"},"canonical":"https:\/\/www.meydan.tv\/az\/article\/azerbaycanda-boyuk-qardas-her-yerde-sizi-izleyir\/","og_locale":"az_AZ","og_type":"article","og_title":"Az\u0259rbaycanda ''b\u00f6y\u00fck qarda\u015f'' h\u0259r yerd\u0259 sizi izl\u0259yir - MEYDAN.TV","og_description":"\u0130nternetd\u0259 aktiv olmayanda, onlayn olanda, mobil qur\u011fularda v\u0259 sosial media proqramlar\u0131nda n\u0259zar\u0259td\u0259siz","og_url":"https:\/\/www.meydan.tv\/az\/article\/azerbaycanda-boyuk-qardas-her-yerde-sizi-izleyir\/","og_site_name":"MEYDAN.TV","article_published_time":"2019-01-17T21:36:56+00:00","og_image":[{"width":960,"height":640,"url":"https:\/\/www.meydan.tv\/wp-content\/uploads\/46296.jpg","type":"image\/jpeg"}],"author":"user-manager","twitter_card":"summary_large_image","schema":{"@context":"https:\/\/schema.org","@graph":[{"@type":"Article","@id":"https:\/\/www.meydan.tv\/az\/article\/azerbaycanda-boyuk-qardas-her-yerde-sizi-izleyir\/#article","isPartOf":{"@id":"https:\/\/www.meydan.tv\/az\/article\/azerbaycanda-boyuk-qardas-her-yerde-sizi-izleyir\/"},"author":{"name":"user-manager","@id":"https:\/\/www.meydan.tv\/az\/#\/schema\/person\/10d11eccf6da3662cf5fdab9806ea91a"},"headline":"Az\u0259rbaycanda &#8221;b\u00f6y\u00fck qarda\u015f&#8221; h\u0259r yerd\u0259 sizi izl\u0259yir","datePublished":"2019-01-17T21:36:56+00:00","mainEntityOfPage":{"@id":"https:\/\/www.meydan.tv\/az\/article\/azerbaycanda-boyuk-qardas-her-yerde-sizi-izleyir\/"},"wordCount":2270,"publisher":{"@id":"https:\/\/www.meydan.tv\/az\/#organization"},"image":{"@id":"https:\/\/www.meydan.tv\/az\/article\/azerbaycanda-boyuk-qardas-her-yerde-sizi-izleyir\/#primaryimage"},"thumbnailUrl":"https:\/\/www.meydan.tv\/wp-content\/uploads\/46296.jpg","articleSection":["Ara\u015fd\u0131rma"],"inLanguage":"az"},{"@type":"WebPage","@id":"https:\/\/www.meydan.tv\/az\/article\/azerbaycanda-boyuk-qardas-her-yerde-sizi-izleyir\/","url":"https:\/\/www.meydan.tv\/az\/article\/azerbaycanda-boyuk-qardas-her-yerde-sizi-izleyir\/","name":"Az\u0259rbaycanda ''b\u00f6y\u00fck qarda\u015f'' h\u0259r yerd\u0259 sizi izl\u0259yir - MEYDAN.TV","isPartOf":{"@id":"https:\/\/www.meydan.tv\/az\/#website"},"primaryImageOfPage":{"@id":"https:\/\/www.meydan.tv\/az\/article\/azerbaycanda-boyuk-qardas-her-yerde-sizi-izleyir\/#primaryimage"},"image":{"@id":"https:\/\/www.meydan.tv\/az\/article\/azerbaycanda-boyuk-qardas-her-yerde-sizi-izleyir\/#primaryimage"},"thumbnailUrl":"https:\/\/www.meydan.tv\/wp-content\/uploads\/46296.jpg","datePublished":"2019-01-17T21:36:56+00:00","breadcrumb":{"@id":"https:\/\/www.meydan.tv\/az\/article\/azerbaycanda-boyuk-qardas-her-yerde-sizi-izleyir\/#breadcrumb"},"inLanguage":"az","potentialAction":[{"@type":"ReadAction","target":["https:\/\/www.meydan.tv\/az\/article\/azerbaycanda-boyuk-qardas-her-yerde-sizi-izleyir\/"]}]},{"@type":"ImageObject","inLanguage":"az","@id":"https:\/\/www.meydan.tv\/az\/article\/azerbaycanda-boyuk-qardas-her-yerde-sizi-izleyir\/#primaryimage","url":"https:\/\/www.meydan.tv\/wp-content\/uploads\/46296.jpg","contentUrl":"https:\/\/www.meydan.tv\/wp-content\/uploads\/46296.jpg","width":960,"height":640,"caption":""},{"@type":"BreadcrumbList","@id":"https:\/\/www.meydan.tv\/az\/article\/azerbaycanda-boyuk-qardas-her-yerde-sizi-izleyir\/#breadcrumb","itemListElement":[{"@type":"ListItem","position":1,"name":"Ana s\u0259hif\u0259","item":"https:\/\/www.meydan.tv\/az\/"},{"@type":"ListItem","position":2,"name":"Ara\u015fd\u0131rma","item":"https:\/\/www.meydan.tv\/az\/section\/arasdirma\/"},{"@type":"ListItem","position":3,"name":"Az\u0259rbaycanda &#8221;b\u00f6y\u00fck qarda\u015f&#8221; h\u0259r yerd\u0259 sizi izl\u0259yir"}]},{"@type":"WebSite","@id":"https:\/\/www.meydan.tv\/az\/#website","url":"https:\/\/www.meydan.tv\/az\/","name":"MEYDAN.TV","description":"Meydan TV Az\u0259rbaycan\u0131n media m\u0259kan\u0131ndak\u0131 alternativ s\u0259sidir","publisher":{"@id":"https:\/\/www.meydan.tv\/az\/#organization"},"potentialAction":[{"@type":"SearchAction","target":{"@type":"EntryPoint","urlTemplate":"https:\/\/www.meydan.tv\/az\/?s={search_term_string}"},"query-input":{"@type":"PropertyValueSpecification","valueRequired":true,"valueName":"search_term_string"}}],"inLanguage":"az"},{"@type":"Organization","@id":"https:\/\/www.meydan.tv\/az\/#organization","name":"Meydan TV","url":"https:\/\/www.meydan.tv\/az\/","logo":{"@type":"ImageObject","inLanguage":"az","@id":"https:\/\/www.meydan.tv\/az\/#\/schema\/logo\/image\/","url":"https:\/\/www.meydan.tv\/wp-content\/uploads\/2021\/07\/meydan-logo.svg","contentUrl":"https:\/\/www.meydan.tv\/wp-content\/uploads\/2021\/07\/meydan-logo.svg","width":195,"height":46,"caption":"Meydan TV"},"image":{"@id":"https:\/\/www.meydan.tv\/az\/#\/schema\/logo\/image\/"}},{"@type":"Person","@id":"https:\/\/www.meydan.tv\/az\/#\/schema\/person\/10d11eccf6da3662cf5fdab9806ea91a","name":"user-manager"}]}},"_links":{"self":[{"href":"https:\/\/www.meydan.tv\/az\/wp-json\/wp\/v2\/posts\/193554","targetHints":{"allow":["GET"]}}],"collection":[{"href":"https:\/\/www.meydan.tv\/az\/wp-json\/wp\/v2\/posts"}],"about":[{"href":"https:\/\/www.meydan.tv\/az\/wp-json\/wp\/v2\/types\/post"}],"author":[{"embeddable":true,"href":"https:\/\/www.meydan.tv\/az\/wp-json\/wp\/v2\/users\/11"}],"replies":[{"embeddable":true,"href":"https:\/\/www.meydan.tv\/az\/wp-json\/wp\/v2\/comments?post=193554"}],"version-history":[{"count":0,"href":"https:\/\/www.meydan.tv\/az\/wp-json\/wp\/v2\/posts\/193554\/revisions"}],"wp:featuredmedia":[{"embeddable":true,"href":"https:\/\/www.meydan.tv\/az\/wp-json\/wp\/v2\/media\/116172"}],"wp:attachment":[{"href":"https:\/\/www.meydan.tv\/az\/wp-json\/wp\/v2\/media?parent=193554"}],"wp:term":[{"taxonomy":"category","embeddable":true,"href":"https:\/\/www.meydan.tv\/az\/wp-json\/wp\/v2\/categories?post=193554"},{"taxonomy":"post_tag","embeddable":true,"href":"https:\/\/www.meydan.tv\/az\/wp-json\/wp\/v2\/tags?post=193554"}],"curies":[{"name":"wp","href":"https:\/\/api.w.org\/{rel}","templated":true}]}}