{"id":193550,"date":"2019-01-17T17:40:21","date_gmt":"2019-01-17T17:40:21","guid":{"rendered":"https:\/\/www.meydan.tv\/article\/qarabag-doyuscusu-men-canimdan-ona-gore-kecmirdim-ki\/"},"modified":"2019-01-17T17:40:21","modified_gmt":"2019-01-17T17:40:21","slug":"qarabag-doyuscusu-men-canimdan-ona-gore-kecmirdim-ki","status":"publish","type":"post","link":"https:\/\/www.meydan.tv\/az\/article\/qarabag-doyuscusu-men-canimdan-ona-gore-kecmirdim-ki\/","title":{"rendered":"Qaraba\u011f d\u00f6y\u00fc\u015f\u00e7\u00fcs\u00fc: M\u0259n can\u0131mdan ona g\u00f6r\u0259 ke\u00e7mirdim ki\u2026"},"content":{"rendered":"<figure class=\"wp-block-image size-large\">\n  <img decoding=\"async\" src=\"https:\/\/www.meydan.tv\/az\/116109\/\" alt=\"\" class=\"wp-image-116109\"\/><figcaption><\/figcaption><\/figure>\n<p>\n  <i><br \/>\n    &#8221;Yorulmu\u015fam ora-bura m\u0259ktub g\u00f6nd\u0259rm\u0259kd\u0259n&#8221;<br \/>\n  <\/i>\n<\/p>\n<p>\n  \u201cBu g\u00fcn d\u00f6y\u00fc\u015f\u00e7\u00fcy\u0259 d\u0259y\u0259r verilmir. Halbuki biz bu v\u0259t\u0259n u\u011furunda n\u0259 g\u00fcnl\u0259r ya\u015fam\u0131\u015f\u0131q, n\u0259l\u0259r g\u00f6rm\u00fc\u015f\u00fck. K\u0259lb\u0259c\u0259rin, La\u00e7\u0131n\u0131n m\u00fcdafi\u0259sind\u0259 n\u0259 dostlar itirmi\u015fik, onlar\u0131n meyitl\u0259rini ciynimizd\u0259 da\u015f\u0131m\u0131\u015f\u0131q\u201d.\n<\/p>\n<blockquote><p>\n  Odun-alovun i\u00e7ind\u0259n \u00e7\u0131xm\u0131\u015f\u0131q\n<\/p><\/blockquote>\n<p>\n  K\u0259lb\u0259c\u0259r rayonundan olan m\u0259cburi k\u00f6\u00e7k\u00fcn \u018fl\u0259kb\u0259r Bayramov bel\u0259 deyir. O, ya\u015fama t\u0259yinat\u0131 olmayan, Beyl\u0259qan rayonundak\u0131 7 evl\u0259r deyil\u0259n \u0259razid\u0259 Su-Melorasiya \u0130dar\u0259sinin inzibati binas\u0131nda ail\u0259si il\u0259 ya\u015fay\u0131r. \u0130kinci qrup \u0259lildir. Qaraba\u011f M\u00fcharib\u0259sind\u0259 ill\u0259rl\u0259 d\u00f6y\u00fc\u015f\u00fcb.\n<\/p>\n<p>\n  O g\u00fcnl\u0259ri xat\u0131rlayanda indi d\u0259 k\u00f6vr\u0259lir. \u018fn yax\u0131n dostunu da el\u0259 g\u00f6zl\u0259ri \u00f6n\u00fcnd\u0259 itirib:\n<\/p>\n<figure class=\"wp-block-image size-large\">\n  <img decoding=\"async\" src=\"https:\/\/www.meydan.tv\/az\/elekber-bayramov\/\" alt=\"\u018fl\u0259kb\u0259r Bayramov\" class=\"wp-image-116112\"\/><figcaption>\n    \u018fl\u0259kb\u0259r Bayramov<br \/>\n  <\/figcaption><\/figure>\n<p>\n  \u201cX\u0259lil can dostum, \u0259n yax\u0131n\u0131m idi. Qaraba\u011fda birg\u0259 vuru\u015furduq. C\u0259bh\u0259d\u0259 siqaret tapmaq \u00e7\u0259tin olurdu. Onunla zarafat\u0131m\u0131z vard\u0131. Bir-birimizin siqaretini o\u011furlay\u0131rd\u0131q. Sonuncu birg\u0259 \u0259m\u0259liyyat\u0131m\u0131z K\u0259lb\u0259c\u0259rd\u0259 oldu. Yana\u015f\u0131 d\u00f6y\u00fc\u015f\u00fcrd\u00fck. Bizi m\u00fchasir\u0259y\u0259 ald\u0131lar. Dedi, \u018fl\u0259kb\u0259r, qoy m\u0259n durum \u00f6n\u00fcnd\u0259, s\u0259n\u0259 g\u00fcll\u0259 d\u0259ym\u0259sin. Raz\u0131la\u015fmad\u0131m. K\u00fcr\u0259k-k\u00fcr\u0259y\u0259 d\u00f6y\u00fc\u015fd\u00fck. Bird\u0259n ah s\u0259si e\u015fitdim. Baxmaq \u00fc\u00e7\u00fcn \u00e7evril\u0259nd\u0259 X\u0259lil quca\u011f\u0131ma y\u0131x\u0131ld\u0131. Tez \u00e7\u0259kdim da\u015f\u0131n dal\u0131na, k\u00fcr\u0259yini s\u00f6yk\u0259dim. Dedi, \u018fl\u0259kb\u0259r, h\u0259mi\u015f\u0259 siqaretini qa\u00e7\u0131rm\u0131\u015fam, bu d\u0259f\u0259 birini \u00f6z\u00fcn yand\u0131r ver. H\u0259min siqareti \u00e7\u0259kib bitir\u0259nd\u0259n sonra can\u0131n\u0131 tap\u015f\u0131rd\u0131. Dostumun meyitini s\u00fcr\u00fcn\u0259-s\u00fcr\u00fcn\u0259 \u00e7\u0131xard\u0131m ordan. Biz o g\u00fcnl\u0259ri g\u00f6rm\u00fc\u015f adamlar\u0131q. Odun-alovun i\u00e7ind\u0259n \u00e7\u0131xm\u0131\u015f\u0131q\u201d.\n<\/p>\n<blockquote><p>\n  K\u0259lb\u0259c\u0259r camaat\u0131 m\u0259ni yax\u015f\u0131 tan\u0131y\u0131r\n<\/p><\/blockquote>\n<p>\n  \u018fl\u0259kb\u0259r Bayramov deyir ki, A\u011fdamda d\u00f6y\u00fc\u015f\u0259nd\u0259 d\u0259 yolda\u015flar\u0131n\u0131n meyitini belind\u0259 da\u015f\u0131y\u0131b. \u0130ndi d\u0259 bu ya\u015fad\u0131qlar\u0131 yad\u0131na d\u00fc\u015f\u0259nd\u0259 \u00f6z\u00fcn\u00fc saxlaya bilmir:\n<\/p>\n<figure class=\"wp-block-image size-large\">\n  <img decoding=\"async\" src=\"https:\/\/www.meydan.tv\/az\/116121\/\" alt=\"\" class=\"wp-image-116121\"\/><figcaption><\/figcaption><\/figure>\n<p>\n  \u201cO vaxt \u00e7ox pis vertolyot q\u0259zas\u0131 oldu K\u0259b\u0259c\u0259rd\u0259. M\u0259n bu \u0259ll\u0259riml\u0259 u\u015faqlar\u0131n meyitl\u0259rinin tik\u0259l\u0259rini toplam\u0131\u015fam. H\u0259min q\u0259zada m\u0259nim bir k\u0259ndlimin iki o\u011flu bird\u0259n \u00f6ld\u00fc. Yad\u0131mdad\u0131, h\u0259min vaxt hamama d\u00f6\u015f\u0259tdirm\u0259k \u00fc\u00e7\u00fcn \u00f6z\u00fcm\u0259 m\u0259rm\u0259r g\u0259tirmi\u015fdim Bak\u0131dan. K\u0259lb\u0259c\u0259rd\u0259 q\u0259zada h\u0259lak olanlara abid\u0259 tikirdil\u0259r. M\u0259n o m\u0259rm\u0259rl\u0259ri \u015f\u0259hidl\u0259rin abid\u0259sin\u0259 vurmaq \u00fc\u00e7\u00fcn ba\u011f\u0131\u015flad\u0131m\u201d.\n<\/p>\n<blockquote><p>\n  \u0130dar\u0259dir, u\u00e7ub-da\u011f\u0131l\u0131r, dam\u0131r, r\u00fctub\u0259tdir\n<\/p><\/blockquote>\n<p>\n  D\u00f6y\u00fc\u015f\u00e7\u00fcn\u00fcn xan\u0131m\u0131 G\u00fclb\u0259niz Bayramova ya\u015fay\u0131\u015flar\u0131ndan, \u015f\u0259raitl\u0259rind\u0259n gileyl\u0259nir. Deyir, r\u00fctub\u0259tli, suyu, qaz\u0131, h\u0259tta p\u0259nc\u0259r\u0259si olmayan bir evd\u0259 iki u\u015faq b\u00f6y\u00fcd\u00fcr, \u00e7\u0259tindir:\n<\/p>\n<figure class=\"wp-block-image size-large\">\n  <img decoding=\"async\" src=\"https:\/\/www.meydan.tv\/az\/gulbeniz-bayramova\/\" alt=\"G\u00fclb\u0259niz Bayramova\" class=\"wp-image-116118\"\/><figcaption>\n    G\u00fclb\u0259niz Bayramova<br \/>\n  <\/figcaption><\/figure>\n<p>\n  \u201cB\u00f6y\u00fck o\u011flum birinci sinf\u0259, dig\u0259ri m\u0259kt\u0259b\u0259q\u0259d\u0259r haz\u0131rl\u0131\u011fa getm\u0259lidir. Ancaq yax\u0131n\u0131m\u0131zda m\u0259kt\u0259b yoxdur. \u015e\u0259rait d\u0259 \u00f6z\u00fcn\u00fcz g\u00f6r\u00fcrs\u00fcn\u00fcz, idar\u0259dir, u\u00e7ub-da\u011f\u0131l\u0131r, dam\u0131r, r\u00fctub\u0259tdir. U\u015faqlar buna g\u00f6r\u0259 tez-tez x\u0259st\u0259l\u0259nirl\u0259r. H\u0259kim\u0259 aparmaq da d\u0259rddir. Yax\u0131nda deyil x\u0259st\u0259xana. M\u0259cburuq rayona aparaq. Gedib-g\u0259lm\u0259y\u0259 h\u0259r d\u0259f\u0259 10 manat\u0131m\u0131z \u00e7\u0131x\u0131r. Bel\u0259 ba\u015fa d\u00fc\u015f\u00fcr\u0259m ki, m\u0259kt\u0259b\u0259 aparanda da eyni v\u0259ziyy\u0259t olacaq\u201d.\n<\/p>\n<blockquote><p>\n  U\u015fa\u011f\u0131n d\u0259ft\u0259rini, kitab\u0131n\u0131 da ala bilmirik\n<\/p><\/blockquote>\n<p>\n  \u018fl\u0259kb\u0259r Bayramov v\u0259ziyy\u0259ti il\u0259 ba\u011fl\u0131 m\u0259ktub yazmaqdan da yorulub. Deyir, indic\u0259 g\u0259lir po\u00e7tdan. Son \u00fcmid yeri kimi k\u0259lb\u0259c\u0259rli, Az\u0259rbaycan D\u0259mir Yollar\u0131 Qapal\u0131 S\u0259hmdar C\u0259miyy\u0259ti QSC r\u0259hb\u0259ri Cavid Qurbanova m\u0259ktub g\u00f6nd\u0259rib. Ail\u0259 v\u0259ziyy\u0259tinin, ya\u015fay\u0131\u015f\u0131n\u0131n a\u011f\u0131rl\u0131\u011f\u0131ndan yaz\u0131b. B\u0259lk\u0259 oxuya, bir k\u00f6m\u0259k ed\u0259r dey\u0259:\n<\/p>\n<figure class=\"wp-block-image size-large\">\n  <img decoding=\"async\" src=\"https:\/\/www.meydan.tv\/az\/116115\/\" alt=\"\" class=\"wp-image-116115\"\/><figcaption><\/figcaption><\/figure>\n<p>\n  \u201cYorulmu\u015fam ora-bura m\u0259ktub g\u00f6nd\u0259rm\u0259kd\u0259n. 5 ild\u0259n \u00e7oxdur yazmad\u0131\u011f\u0131m yer qalmay\u0131b. M\u0259murlar \u00f6lk\u0259ni \u00e7\u00fcr\u00fcd\u0259- \u00e7\u00fcr\u00fcd\u0259 gedibl\u0259r. Prezident yax\u015f\u0131d\u0131r, amma m\u0259murlar yox. M\u0259n nec\u0259 \u00e7\u0259tinlikl\u0259rd\u0259n \u00e7\u0131xm\u0131\u015fam. \u0130ndi qalm\u0131\u015fam aralarda, qap\u0131larda. Bu, n\u0259 ya\u015fay\u0131\u015fd\u0131r, \u015f\u0259raitdir g\u00f6r\u00fcrs\u00fcn\u00fcz. \u018fn \u00e7\u0259tini d\u0259 bel\u0259 bir \u015f\u0259raitd\u0259 bu u\u015faqlara t\u0259hsil ver\u0259 bilm\u0259m\u0259kdir. Yax\u015f\u0131 oxuyur, ancaq d\u0259ft\u0259rini, kitab\u0131n\u0131 ala bilmirik \u00e7ox vaxt\u201d.\n<\/p>\n<blockquote><p>\n  Baxmay\u0131blar, hans\u0131 \u015f\u0259raitd\u0259 ya\u015fad\u0131\u011f\u0131m\u0131z\u0131 bilmirl\u0259r\n<\/p><\/blockquote>\n<p>\n  \u018fl\u0259kb\u0259r Bayramov u\u015fa\u011f\u0131na kitab ala bilm\u0259k \u00fc\u00e7\u00fcn Beyl\u0259qan Rayon \u0130cra Hakimiyy\u0259ti ba\u015f\u00e7\u0131s\u0131n\u0131n da q\u0259bulunda olub. Deyir, q\u0259buldan sonra t\u0259hsil \u015f\u00f6b\u0259sinin m\u00fcdiri u\u015fa\u011f\u0131n kitablar\u0131n\u0131 verib:\n<\/p>\n<figure class=\"wp-block-image size-large\">\n  <img decoding=\"async\" src=\"https:\/\/www.meydan.tv\/az\/116124\/\" alt=\"\" class=\"wp-image-116124\"\/><figcaption><\/figcaption><\/figure>\n<p>\n  \u201cR\u00fctub\u0259t bir yandan, z\u0259lz\u0259l\u0259d\u0259n sonra \u00e7atlayan ev bir t\u0259r\u0259fd\u0259n. Getdim \u201cQa\u00e7q\u0131nkom\u201da dedim. Dedi, F\u00f6vq\u0259lad\u0259 Hallar Nazirliyin\u0259 de, bizlik deyil. Bir d\u0259f\u0259 g\u0259lib baxmay\u0131blar, hans\u0131 \u015f\u0259raitd\u0259 ya\u015fad\u0131\u011f\u0131m\u0131z\u0131 bilmirl\u0259r. Ya\u011f\u0131\u015f ya\u011f\u0131r, su ax\u0131r i\u00e7\u0259ri. 160 manat \u00e7\u00f6r\u0259k pulu, 60 manat t\u0259qa\u00fcd al\u0131ram. K\u0259lb\u0259c\u0259rd\u0259n g\u0259l\u0259n staj\u0131m\u0131 q\u0259bul etm\u0259dikl\u0259ri \u00fc\u00e7\u00fcn t\u0259qa\u00fcd bel\u0259 azd\u0131r. Bu ev\u0259 ayda 220 manat pul girir. \u0130ndi 4 n\u0259f\u0259ri doland\u0131r, g\u00f6r\u00fcm nec\u0259 doland\u0131r\u0131rsan o pula\u201d.\n<\/p>\n<blockquote><p>\n  M\u0259n azad, daha g\u00f6z\u0259l bir \u00f6lk\u0259d\u0259 ya\u015famaq \u00fc\u00e7\u00fcn can\u0131mdan ke\u00e7irdim\n<\/p><\/blockquote>\n<p>\n  \u018fl\u0259kb\u0259r Bayramov deyir ki, b\u0259li, o, Qaraba\u011f M\u00fcharib\u0259sind\u0259 k\u00f6n\u00fcll\u00fc i\u015ftirak edib. Ancaq ona g\u00f6r\u0259 yox ki, bu g\u00fcn d\u00f6vl\u0259tin inki\u015faf etdiyi vaxt onun \u00f6vladlar\u0131 t\u0259hsilsiz qals\u0131n:\n<\/p>\n<figure class=\"wp-block-image size-large\">\n  <img decoding=\"async\" src=\"https:\/\/www.meydan.tv\/az\/116127\/\" alt=\"\" class=\"wp-image-116127\"\/><figcaption><\/figcaption><\/figure>\n<p>\n  \u201cM\u0259n azad, daha g\u00f6z\u0259l bir \u00f6lk\u0259d\u0259 ya\u015famaq \u00fc\u00e7\u00fcn can\u0131mdan ke\u00e7irdim. Bu \u015feyl\u0259ri g\u00f6rd\u00fckc\u0259, yazd\u0131\u011f\u0131m m\u0259ktublara cavab almad\u0131qca, q\u0131r\u0131l\u0131ram, \u00fcz\u00fcl\u00fcr\u0259m\u201d.\n<\/p>\n<p>\n  Qa\u00e7q\u0131nlar\u0131n v\u0259 M\u0259cburi K\u00f6\u00e7k\u00fcnl\u0259rin \u0130\u015fl\u0259ri \u00dczr\u0259 D\u00f6vl\u0259t Komit\u0259sind\u0259n Meydan TV-y\u0259 bildiribl\u0259r ki, m\u0259cburi k\u00f6\u00e7k\u00fcnl\u0259rin m\u0259nzil sah\u0259si il\u0259 t\u0259min olunmas\u0131 Az\u0259rbaycan Respublikas\u0131 prezidentinin f\u0259rman, s\u0259r\u0259ncamlar\u0131 v\u0259 bu sah\u0259 il\u0259 ba\u011fl\u0131 t\u0259sdiq olunmu\u015f D\u00f6vl\u0259t Proqram\u0131 \u0259sas\u0131nda, m\u0259rh\u0259l\u0259li \u015f\u0259kild\u0259 h\u0259yata ke\u00e7irilir. H\u0259r bir evsiz k\u00f6\u00e7k\u00fcn\u00fcn evl\u0259 t\u0259min olunmas\u0131na qanunla n\u0259z\u0259rd\u0259 tutulmu\u015f qaydada, n\u00f6vb\u0259 il\u0259 bax\u0131l\u0131r:\n<\/p>\n<p>\n  \u201cG\u0259l\u0259c\u0259kd\u0259 onlara yax\u0131n \u0259razil\u0259rd\u0259 ev tikil\u0259rs\u0259, m\u00fctl\u0259q n\u0259z\u0259r\u0259 al\u0131nacaq\u201d.\n<\/p>\n<figure class=\"wp-block-image size-large\">\n  <img decoding=\"async\" src=\"https:\/\/www.meydan.tv\/az\/116130\/\" alt=\"\" class=\"wp-image-116130\"\/><figcaption><\/figcaption><\/figure>\n<figure class=\"wp-block-image size-large\">\n  <img decoding=\"async\" src=\"https:\/\/www.meydan.tv\/az\/116139\/\" alt=\"\" class=\"wp-image-116139\"\/><figcaption><\/figcaption><\/figure>\n<figure class=\"wp-block-image size-large\">\n  <img decoding=\"async\" src=\"https:\/\/www.meydan.tv\/az\/116145\/\" alt=\"\" class=\"wp-image-116145\"\/><figcaption><\/figcaption><\/figure>\n<figure class=\"wp-block-image size-large\">\n  <img decoding=\"async\" src=\"https:\/\/www.meydan.tv\/az\/116133\/\" alt=\"\" class=\"wp-image-116133\"\/><figcaption><\/figcaption><\/figure>\n<\/p>\n<figure class=\"wp-block-image size-large\">\n  <img decoding=\"async\" src=\"https:\/\/www.meydan.tv\/az\/116142\/\" alt=\"\" class=\"wp-image-116142\"\/><figcaption><\/figcaption><\/figure><\/p>\n","protected":false},"excerpt":{"rendered":"<p>&#8221;Yorulmu\u015fam ora-bura m\u0259ktub g\u00f6nd\u0259rm\u0259kd\u0259n&#8221;<\/p>\n","protected":false},"author":11,"featured_media":116109,"comment_status":"closed","ping_status":"open","sticky":false,"template":"","format":"standard","meta":{"_acf_changed":false,"_sitemap_exclude":false,"_sitemap_priority":"","_sitemap_frequency":"","footnotes":""},"categories":[60],"tags":[],"class_list":["post-193550","post","type-post","status-publish","format-standard","has-post-thumbnail","hentry","category-bolge","infinite-scroll-item","generate-columns","tablet-grid-50","mobile-grid-100","grid-parent","grid-33","no-featured-image-padding"],"acf":[],"yoast_head":"<!-- This site is optimized with the Yoast SEO plugin v27.4 - https:\/\/yoast.com\/product\/yoast-seo-wordpress\/ -->\n<title>Qaraba\u011f d\u00f6y\u00fc\u015f\u00e7\u00fcs\u00fc: M\u0259n can\u0131mdan ona g\u00f6r\u0259 ke\u00e7mirdim ki\u2026 - MEYDAN.TV<\/title>\n<meta name=\"robots\" content=\"index, follow, max-snippet:-1, max-image-preview:large, max-video-preview:-1\" \/>\n<link rel=\"canonical\" href=\"https:\/\/www.meydan.tv\/az\/article\/qarabag-doyuscusu-men-canimdan-ona-gore-kecmirdim-ki\/\" \/>\n<meta property=\"og:locale\" content=\"az_AZ\" \/>\n<meta property=\"og:type\" content=\"article\" \/>\n<meta property=\"og:title\" content=\"Qaraba\u011f d\u00f6y\u00fc\u015f\u00e7\u00fcs\u00fc: M\u0259n can\u0131mdan ona g\u00f6r\u0259 ke\u00e7mirdim ki\u2026 - MEYDAN.TV\" \/>\n<meta property=\"og:description\" content=\"&#039;&#039;Yorulmu\u015fam ora-bura m\u0259ktub g\u00f6nd\u0259rm\u0259kd\u0259n&#039;&#039;\" \/>\n<meta property=\"og:url\" content=\"https:\/\/www.meydan.tv\/az\/article\/qarabag-doyuscusu-men-canimdan-ona-gore-kecmirdim-ki\/\" \/>\n<meta property=\"og:site_name\" content=\"MEYDAN.TV\" \/>\n<meta property=\"article:published_time\" content=\"2019-01-17T17:40:21+00:00\" \/>\n<meta property=\"og:image\" content=\"https:\/\/www.meydan.tv\/wp-content\/uploads\/46263-scaled.jpg\" \/>\n\t<meta property=\"og:image:width\" content=\"2560\" \/>\n\t<meta property=\"og:image:height\" content=\"1920\" \/>\n\t<meta property=\"og:image:type\" content=\"image\/jpeg\" \/>\n<meta name=\"author\" content=\"user-manager\" \/>\n<meta name=\"twitter:card\" content=\"summary_large_image\" \/>\n<script type=\"application\/ld+json\" class=\"yoast-schema-graph\">{\"@context\":\"https:\\\/\\\/schema.org\",\"@graph\":[{\"@type\":\"Article\",\"@id\":\"https:\\\/\\\/www.meydan.tv\\\/az\\\/article\\\/qarabag-doyuscusu-men-canimdan-ona-gore-kecmirdim-ki\\\/#article\",\"isPartOf\":{\"@id\":\"https:\\\/\\\/www.meydan.tv\\\/az\\\/article\\\/qarabag-doyuscusu-men-canimdan-ona-gore-kecmirdim-ki\\\/\"},\"author\":{\"name\":\"user-manager\",\"@id\":\"https:\\\/\\\/www.meydan.tv\\\/az\\\/#\\\/schema\\\/person\\\/10d11eccf6da3662cf5fdab9806ea91a\"},\"headline\":\"Qaraba\u011f d\u00f6y\u00fc\u015f\u00e7\u00fcs\u00fc: M\u0259n can\u0131mdan ona g\u00f6r\u0259 ke\u00e7mirdim ki\u2026\",\"datePublished\":\"2019-01-17T17:40:21+00:00\",\"mainEntityOfPage\":{\"@id\":\"https:\\\/\\\/www.meydan.tv\\\/az\\\/article\\\/qarabag-doyuscusu-men-canimdan-ona-gore-kecmirdim-ki\\\/\"},\"wordCount\":1184,\"publisher\":{\"@id\":\"https:\\\/\\\/www.meydan.tv\\\/az\\\/#organization\"},\"image\":{\"@id\":\"https:\\\/\\\/www.meydan.tv\\\/az\\\/article\\\/qarabag-doyuscusu-men-canimdan-ona-gore-kecmirdim-ki\\\/#primaryimage\"},\"thumbnailUrl\":\"https:\\\/\\\/www.meydan.tv\\\/wp-content\\\/uploads\\\/46263-scaled.jpg\",\"articleSection\":[\"B\u00f6lg\u0259\"],\"inLanguage\":\"az\"},{\"@type\":\"WebPage\",\"@id\":\"https:\\\/\\\/www.meydan.tv\\\/az\\\/article\\\/qarabag-doyuscusu-men-canimdan-ona-gore-kecmirdim-ki\\\/\",\"url\":\"https:\\\/\\\/www.meydan.tv\\\/az\\\/article\\\/qarabag-doyuscusu-men-canimdan-ona-gore-kecmirdim-ki\\\/\",\"name\":\"Qaraba\u011f d\u00f6y\u00fc\u015f\u00e7\u00fcs\u00fc: M\u0259n can\u0131mdan ona g\u00f6r\u0259 ke\u00e7mirdim ki\u2026 - MEYDAN.TV\",\"isPartOf\":{\"@id\":\"https:\\\/\\\/www.meydan.tv\\\/az\\\/#website\"},\"primaryImageOfPage\":{\"@id\":\"https:\\\/\\\/www.meydan.tv\\\/az\\\/article\\\/qarabag-doyuscusu-men-canimdan-ona-gore-kecmirdim-ki\\\/#primaryimage\"},\"image\":{\"@id\":\"https:\\\/\\\/www.meydan.tv\\\/az\\\/article\\\/qarabag-doyuscusu-men-canimdan-ona-gore-kecmirdim-ki\\\/#primaryimage\"},\"thumbnailUrl\":\"https:\\\/\\\/www.meydan.tv\\\/wp-content\\\/uploads\\\/46263-scaled.jpg\",\"datePublished\":\"2019-01-17T17:40:21+00:00\",\"breadcrumb\":{\"@id\":\"https:\\\/\\\/www.meydan.tv\\\/az\\\/article\\\/qarabag-doyuscusu-men-canimdan-ona-gore-kecmirdim-ki\\\/#breadcrumb\"},\"inLanguage\":\"az\",\"potentialAction\":[{\"@type\":\"ReadAction\",\"target\":[\"https:\\\/\\\/www.meydan.tv\\\/az\\\/article\\\/qarabag-doyuscusu-men-canimdan-ona-gore-kecmirdim-ki\\\/\"]}]},{\"@type\":\"ImageObject\",\"inLanguage\":\"az\",\"@id\":\"https:\\\/\\\/www.meydan.tv\\\/az\\\/article\\\/qarabag-doyuscusu-men-canimdan-ona-gore-kecmirdim-ki\\\/#primaryimage\",\"url\":\"https:\\\/\\\/www.meydan.tv\\\/wp-content\\\/uploads\\\/46263-scaled.jpg\",\"contentUrl\":\"https:\\\/\\\/www.meydan.tv\\\/wp-content\\\/uploads\\\/46263-scaled.jpg\",\"width\":2560,\"height\":1920,\"caption\":\"Source:\"},{\"@type\":\"BreadcrumbList\",\"@id\":\"https:\\\/\\\/www.meydan.tv\\\/az\\\/article\\\/qarabag-doyuscusu-men-canimdan-ona-gore-kecmirdim-ki\\\/#breadcrumb\",\"itemListElement\":[{\"@type\":\"ListItem\",\"position\":1,\"name\":\"Ana s\u0259hif\u0259\",\"item\":\"https:\\\/\\\/www.meydan.tv\\\/az\\\/\"},{\"@type\":\"ListItem\",\"position\":2,\"name\":\"B\u00f6lg\u0259\",\"item\":\"https:\\\/\\\/www.meydan.tv\\\/az\\\/section\\\/bolge\\\/\"},{\"@type\":\"ListItem\",\"position\":3,\"name\":\"Qaraba\u011f d\u00f6y\u00fc\u015f\u00e7\u00fcs\u00fc: M\u0259n can\u0131mdan ona g\u00f6r\u0259 ke\u00e7mirdim ki\u2026\"}]},{\"@type\":\"WebSite\",\"@id\":\"https:\\\/\\\/www.meydan.tv\\\/az\\\/#website\",\"url\":\"https:\\\/\\\/www.meydan.tv\\\/az\\\/\",\"name\":\"MEYDAN.TV\",\"description\":\"Meydan TV Az\u0259rbaycan\u0131n media m\u0259kan\u0131ndak\u0131 alternativ s\u0259sidir\",\"publisher\":{\"@id\":\"https:\\\/\\\/www.meydan.tv\\\/az\\\/#organization\"},\"potentialAction\":[{\"@type\":\"SearchAction\",\"target\":{\"@type\":\"EntryPoint\",\"urlTemplate\":\"https:\\\/\\\/www.meydan.tv\\\/az\\\/?s={search_term_string}\"},\"query-input\":{\"@type\":\"PropertyValueSpecification\",\"valueRequired\":true,\"valueName\":\"search_term_string\"}}],\"inLanguage\":\"az\"},{\"@type\":\"Organization\",\"@id\":\"https:\\\/\\\/www.meydan.tv\\\/az\\\/#organization\",\"name\":\"Meydan TV\",\"url\":\"https:\\\/\\\/www.meydan.tv\\\/az\\\/\",\"logo\":{\"@type\":\"ImageObject\",\"inLanguage\":\"az\",\"@id\":\"https:\\\/\\\/www.meydan.tv\\\/az\\\/#\\\/schema\\\/logo\\\/image\\\/\",\"url\":\"https:\\\/\\\/www.meydan.tv\\\/wp-content\\\/uploads\\\/2021\\\/07\\\/meydan-logo.svg\",\"contentUrl\":\"https:\\\/\\\/www.meydan.tv\\\/wp-content\\\/uploads\\\/2021\\\/07\\\/meydan-logo.svg\",\"width\":195,\"height\":46,\"caption\":\"Meydan TV\"},\"image\":{\"@id\":\"https:\\\/\\\/www.meydan.tv\\\/az\\\/#\\\/schema\\\/logo\\\/image\\\/\"}},{\"@type\":\"Person\",\"@id\":\"https:\\\/\\\/www.meydan.tv\\\/az\\\/#\\\/schema\\\/person\\\/10d11eccf6da3662cf5fdab9806ea91a\",\"name\":\"user-manager\"}]}<\/script>\n<!-- \/ Yoast SEO plugin. -->","yoast_head_json":{"title":"Qaraba\u011f d\u00f6y\u00fc\u015f\u00e7\u00fcs\u00fc: M\u0259n can\u0131mdan ona g\u00f6r\u0259 ke\u00e7mirdim ki\u2026 - MEYDAN.TV","robots":{"index":"index","follow":"follow","max-snippet":"max-snippet:-1","max-image-preview":"max-image-preview:large","max-video-preview":"max-video-preview:-1"},"canonical":"https:\/\/www.meydan.tv\/az\/article\/qarabag-doyuscusu-men-canimdan-ona-gore-kecmirdim-ki\/","og_locale":"az_AZ","og_type":"article","og_title":"Qaraba\u011f d\u00f6y\u00fc\u015f\u00e7\u00fcs\u00fc: M\u0259n can\u0131mdan ona g\u00f6r\u0259 ke\u00e7mirdim ki\u2026 - MEYDAN.TV","og_description":"''Yorulmu\u015fam ora-bura m\u0259ktub g\u00f6nd\u0259rm\u0259kd\u0259n''","og_url":"https:\/\/www.meydan.tv\/az\/article\/qarabag-doyuscusu-men-canimdan-ona-gore-kecmirdim-ki\/","og_site_name":"MEYDAN.TV","article_published_time":"2019-01-17T17:40:21+00:00","og_image":[{"width":2560,"height":1920,"url":"https:\/\/www.meydan.tv\/wp-content\/uploads\/46263-scaled.jpg","type":"image\/jpeg"}],"author":"user-manager","twitter_card":"summary_large_image","schema":{"@context":"https:\/\/schema.org","@graph":[{"@type":"Article","@id":"https:\/\/www.meydan.tv\/az\/article\/qarabag-doyuscusu-men-canimdan-ona-gore-kecmirdim-ki\/#article","isPartOf":{"@id":"https:\/\/www.meydan.tv\/az\/article\/qarabag-doyuscusu-men-canimdan-ona-gore-kecmirdim-ki\/"},"author":{"name":"user-manager","@id":"https:\/\/www.meydan.tv\/az\/#\/schema\/person\/10d11eccf6da3662cf5fdab9806ea91a"},"headline":"Qaraba\u011f d\u00f6y\u00fc\u015f\u00e7\u00fcs\u00fc: M\u0259n can\u0131mdan ona g\u00f6r\u0259 ke\u00e7mirdim ki\u2026","datePublished":"2019-01-17T17:40:21+00:00","mainEntityOfPage":{"@id":"https:\/\/www.meydan.tv\/az\/article\/qarabag-doyuscusu-men-canimdan-ona-gore-kecmirdim-ki\/"},"wordCount":1184,"publisher":{"@id":"https:\/\/www.meydan.tv\/az\/#organization"},"image":{"@id":"https:\/\/www.meydan.tv\/az\/article\/qarabag-doyuscusu-men-canimdan-ona-gore-kecmirdim-ki\/#primaryimage"},"thumbnailUrl":"https:\/\/www.meydan.tv\/wp-content\/uploads\/46263-scaled.jpg","articleSection":["B\u00f6lg\u0259"],"inLanguage":"az"},{"@type":"WebPage","@id":"https:\/\/www.meydan.tv\/az\/article\/qarabag-doyuscusu-men-canimdan-ona-gore-kecmirdim-ki\/","url":"https:\/\/www.meydan.tv\/az\/article\/qarabag-doyuscusu-men-canimdan-ona-gore-kecmirdim-ki\/","name":"Qaraba\u011f d\u00f6y\u00fc\u015f\u00e7\u00fcs\u00fc: M\u0259n can\u0131mdan ona g\u00f6r\u0259 ke\u00e7mirdim ki\u2026 - MEYDAN.TV","isPartOf":{"@id":"https:\/\/www.meydan.tv\/az\/#website"},"primaryImageOfPage":{"@id":"https:\/\/www.meydan.tv\/az\/article\/qarabag-doyuscusu-men-canimdan-ona-gore-kecmirdim-ki\/#primaryimage"},"image":{"@id":"https:\/\/www.meydan.tv\/az\/article\/qarabag-doyuscusu-men-canimdan-ona-gore-kecmirdim-ki\/#primaryimage"},"thumbnailUrl":"https:\/\/www.meydan.tv\/wp-content\/uploads\/46263-scaled.jpg","datePublished":"2019-01-17T17:40:21+00:00","breadcrumb":{"@id":"https:\/\/www.meydan.tv\/az\/article\/qarabag-doyuscusu-men-canimdan-ona-gore-kecmirdim-ki\/#breadcrumb"},"inLanguage":"az","potentialAction":[{"@type":"ReadAction","target":["https:\/\/www.meydan.tv\/az\/article\/qarabag-doyuscusu-men-canimdan-ona-gore-kecmirdim-ki\/"]}]},{"@type":"ImageObject","inLanguage":"az","@id":"https:\/\/www.meydan.tv\/az\/article\/qarabag-doyuscusu-men-canimdan-ona-gore-kecmirdim-ki\/#primaryimage","url":"https:\/\/www.meydan.tv\/wp-content\/uploads\/46263-scaled.jpg","contentUrl":"https:\/\/www.meydan.tv\/wp-content\/uploads\/46263-scaled.jpg","width":2560,"height":1920,"caption":"Source:"},{"@type":"BreadcrumbList","@id":"https:\/\/www.meydan.tv\/az\/article\/qarabag-doyuscusu-men-canimdan-ona-gore-kecmirdim-ki\/#breadcrumb","itemListElement":[{"@type":"ListItem","position":1,"name":"Ana s\u0259hif\u0259","item":"https:\/\/www.meydan.tv\/az\/"},{"@type":"ListItem","position":2,"name":"B\u00f6lg\u0259","item":"https:\/\/www.meydan.tv\/az\/section\/bolge\/"},{"@type":"ListItem","position":3,"name":"Qaraba\u011f d\u00f6y\u00fc\u015f\u00e7\u00fcs\u00fc: M\u0259n can\u0131mdan ona g\u00f6r\u0259 ke\u00e7mirdim ki\u2026"}]},{"@type":"WebSite","@id":"https:\/\/www.meydan.tv\/az\/#website","url":"https:\/\/www.meydan.tv\/az\/","name":"MEYDAN.TV","description":"Meydan TV Az\u0259rbaycan\u0131n media m\u0259kan\u0131ndak\u0131 alternativ s\u0259sidir","publisher":{"@id":"https:\/\/www.meydan.tv\/az\/#organization"},"potentialAction":[{"@type":"SearchAction","target":{"@type":"EntryPoint","urlTemplate":"https:\/\/www.meydan.tv\/az\/?s={search_term_string}"},"query-input":{"@type":"PropertyValueSpecification","valueRequired":true,"valueName":"search_term_string"}}],"inLanguage":"az"},{"@type":"Organization","@id":"https:\/\/www.meydan.tv\/az\/#organization","name":"Meydan TV","url":"https:\/\/www.meydan.tv\/az\/","logo":{"@type":"ImageObject","inLanguage":"az","@id":"https:\/\/www.meydan.tv\/az\/#\/schema\/logo\/image\/","url":"https:\/\/www.meydan.tv\/wp-content\/uploads\/2021\/07\/meydan-logo.svg","contentUrl":"https:\/\/www.meydan.tv\/wp-content\/uploads\/2021\/07\/meydan-logo.svg","width":195,"height":46,"caption":"Meydan TV"},"image":{"@id":"https:\/\/www.meydan.tv\/az\/#\/schema\/logo\/image\/"}},{"@type":"Person","@id":"https:\/\/www.meydan.tv\/az\/#\/schema\/person\/10d11eccf6da3662cf5fdab9806ea91a","name":"user-manager"}]}},"_links":{"self":[{"href":"https:\/\/www.meydan.tv\/az\/wp-json\/wp\/v2\/posts\/193550","targetHints":{"allow":["GET"]}}],"collection":[{"href":"https:\/\/www.meydan.tv\/az\/wp-json\/wp\/v2\/posts"}],"about":[{"href":"https:\/\/www.meydan.tv\/az\/wp-json\/wp\/v2\/types\/post"}],"author":[{"embeddable":true,"href":"https:\/\/www.meydan.tv\/az\/wp-json\/wp\/v2\/users\/11"}],"replies":[{"embeddable":true,"href":"https:\/\/www.meydan.tv\/az\/wp-json\/wp\/v2\/comments?post=193550"}],"version-history":[{"count":0,"href":"https:\/\/www.meydan.tv\/az\/wp-json\/wp\/v2\/posts\/193550\/revisions"}],"wp:featuredmedia":[{"embeddable":true,"href":"https:\/\/www.meydan.tv\/az\/wp-json\/wp\/v2\/media\/116109"}],"wp:attachment":[{"href":"https:\/\/www.meydan.tv\/az\/wp-json\/wp\/v2\/media?parent=193550"}],"wp:term":[{"taxonomy":"category","embeddable":true,"href":"https:\/\/www.meydan.tv\/az\/wp-json\/wp\/v2\/categories?post=193550"},{"taxonomy":"post_tag","embeddable":true,"href":"https:\/\/www.meydan.tv\/az\/wp-json\/wp\/v2\/tags?post=193550"}],"curies":[{"name":"wp","href":"https:\/\/api.w.org\/{rel}","templated":true}]}}