{"id":193542,"date":"2019-01-17T15:09:15","date_gmt":"2019-01-17T15:09:15","guid":{"rendered":"https:\/\/www.meydan.tv\/article\/ilham-ismayil-azerbaycan-xalqini-qarabagin-musteqilliyine-hazirlayirlar\/"},"modified":"2019-01-17T15:09:15","modified_gmt":"2019-01-17T15:09:15","slug":"ilham-ismayil-azerbaycan-xalqini-qarabagin-musteqilliyine-hazirlayirlar","status":"publish","type":"post","link":"https:\/\/www.meydan.tv\/az\/article\/ilham-ismayil-azerbaycan-xalqini-qarabagin-musteqilliyine-hazirlayirlar\/","title":{"rendered":"\u0130lham \u0130smay\u0131l: Az\u0259rbaycan xalq\u0131n\u0131 Qaraba\u011f\u0131n m\u00fcst\u0259qilliyin\u0259 haz\u0131rlay\u0131rlar"},"content":{"rendered":"<figure class=\"wp-block-image size-large\">\n  <img decoding=\"async\" src=\"https:\/\/www.meydan.tv\/az\/116088\/\" alt=\"\" class=\"wp-image-116088\"\/><figcaption><\/figcaption><\/figure>\n<p>\n  <i><br \/>\n    Ekspertl\u0259r xarici i\u015fl\u0259r nazirl\u0259rinin g\u00f6r\u00fc\u015f\u00fcn\u00fc \u015f\u0259rh edir<br \/>\n  <\/i>\n<\/p>\n<p>\n  Az\u0259rbaycan Xarici \u0130\u015fl\u0259r Nazirliyi xarici i\u015fl\u0259r naziri Elmar M\u0259mm\u0259dyarov v\u0259 Erm\u0259nistan xarici i\u015fl\u0259r naziri Z\u00f6hrab Mnatsakanyan aras\u0131nda ke\u00e7\u0259n Paris g\u00f6r\u00fc\u015f\u00fc haqda \u015f\u0259rh verib.\n<\/p>\n<p>\n  Nazirl\u0259rin yanvar\u0131n 16-da ba\u015f tutan g\u00f6r\u00fc\u015f\u00fcnd\u0259 AT\u018fT-in Minsk Qrupu h\u0259ms\u0259drl\u0259ri d\u0259 i\u015ftirak edib.\n<\/p>\n<p>\n  Az\u0259rbaycan\u0131n X\u0130N dan\u0131\u015f\u0131qar\u0131n 4 saatdan \u00e7ox davam etdiyini bildirib.\n<\/p>\n<p>\n  Nazirliyin \u015f\u0259rhin\u0259 g\u00f6r\u0259, dan\u0131\u015f\u0131qlarda daha \u00e7ox anlay\u0131\u015f v\u0259 etimad\u0131n qurulmas\u0131n\u0131n \u0259h\u0259miyy\u0259ti d\u0259 daxil olmaqla faydal\u0131 v\u0259 \u00e7ox m\u00fcsb\u0259t fikir m\u00fcbadil\u0259si apar\u0131l\u0131b.\n<\/p>\n<p>\n  \u015e\u0259rhd\u0259 vur\u011fulan\u0131r ki, ard\u0131c\u0131l v\u0259 n\u0259tic\u0259y\u0259 y\u00f6n\u0259lik dan\u0131\u015f\u0131qlar\u0131n qar\u015f\u0131dan g\u0259l\u0259n ayda da davam etdirilm\u0259si raz\u0131la\u015fd\u0131r\u0131l\u0131b.\n<\/p>\n<p>\n  \u015e\u0259rh m\u00fc\u0259llifl\u0259ri bildirirl\u0259r ki, t\u0259r\u0259fl\u0259r dan\u0131\u015f\u0131qlar zaman\u0131 bir s\u0131ra m\u0259s\u0259l\u0259l\u0259ri, o c\u00fcml\u0259d\u0259n h\u0259r iki t\u0259r\u0259fin \u0259halisinin s\u00fclh\u0259, t\u0259hl\u00fck\u0259sizliy\u0259 v\u0259 dayan\u0131ql\u0131 regional inki\u015fafa haz\u0131rlanmas\u0131 yollar\u0131n\u0131 m\u00fczakir\u0259 edibl\u0259r.\n<\/p>\n<blockquote><p>\n  Haz\u0131rda xalqlar\u0131 s\u00fclh\u0259 haz\u0131rlama\u011f\u0131n yeni m\u0259rh\u0259l\u0259si ba\u015flay\u0131r\n<\/p><\/blockquote>\n<p>\n  Az\u0259rbaycan X\u0130N-nin \u015f\u0259rhi il\u0259 ba\u011fl\u0131 Meydan TV-nin sor\u011fusunu cavablayan t\u0259hl\u00fck\u0259sizlik m\u0259s\u0259l\u0259l\u0259ri \u00fczr\u0259 ekspert \u0130lham \u0130smay\u0131l xat\u0131rlad\u0131b ki, Madrid Prinsipl\u0259ri q\u0259bul edil\u0259rk\u0259n orada xalqlar\u0131 s\u00fclh\u0259 haz\u0131rlamaq b\u0259ndi yer alm\u0131\u015fd\u0131. Xalqlar\u0131 s\u00fclh\u0259 haz\u0131rlama\u011f\u0131n mahiyy\u0259ti ondan ibar\u0259tdir ki, Madrid Prinsipl\u0259rinin 6-c\u0131 b\u0259ndin\u0259 \u0259sas\u0259n \u0259traf rayonlar qaytar\u0131landan sonra Da\u011fl\u0131q Qaraba\u011fda referendum ke\u00e7irilir, n\u0259tic\u0259d\u0259 erm\u0259ni separat\u00e7\u0131lar\u0131n\u0131n m\u00fcst\u0259qilliyi elan olunur v\u0259 Az\u0259rbaycan da bunu tan\u0131y\u0131r.\n<\/p>\n<p>\n  \u201cH\u0259tta 2011-ci ild\u0259 Kremlin t\u0259\u015f\u0259bb\u00fcs\u00fcyl\u0259 prezidentl\u0259rin Kazan g\u00f6r\u00fc\u015f\u00fcnd\u0259 Madrid Prinsipl\u0259ri \u0259sas\u0131nda s\u0259n\u0259d\u0259 imza at\u0131lmal\u0131yd\u0131. Amma r\u0259smi Bak\u0131 \u0259lav\u0259 10 b\u0259nd ir\u0259li s\u00fcrd\u00fcy\u00fcnd\u0259n Serj Sarkisyan q\u0259bul etm\u0259di, g\u00f6r\u00fc\u015f yar\u0131m\u00e7\u0131q yekunla\u015fd\u0131\u201d, &#8211; ekspert deyir.\n<\/p>\n<figure class=\"wp-block-image size-large\">\n  <img decoding=\"async\" src=\"https:\/\/www.meydan.tv\/az\/ilham-ismayil-3\/\" alt=\"\u0130lham \u0130smay\u0131l\" class=\"wp-image-100970\"\/><figcaption>\n    \u0130lham \u0130smay\u0131l<br \/>\n  <\/figcaption><\/figure>\n<p>\n  \u0130lham \u0130smay\u0131l hesab edir ki, haz\u0131rda xalqlar\u0131 s\u00fclh\u0259 haz\u0131rlama\u011f\u0131n yeni m\u0259rh\u0259l\u0259si ba\u015flay\u0131r:\n<\/p>\n<p>\n  \u201cBu prosesd\u0259 Erm\u0259nistan\u0131n itir\u0259c\u0259yi Da\u011fl\u0131q Qaraba\u011f \u0259traf\u0131ndak\u0131 rayonlard\u0131r, Az\u0259rbaycan xalq\u0131n\u0131 is\u0259 Qaraba\u011f\u0131n m\u00fcst\u0259qilliyin\u0259 haz\u0131rlay\u0131rlar. M\u0259n niy\u0259 bu fikrimd\u0259 israrl\u0131yam? Erm\u0259nistan\u0131n sabiq prezidenti Robert K\u00f6\u00e7\u0259ryan Moskvada \u00e7apdan \u00e7\u0131xan \u201cH\u0259yat v\u0259 azadl\u0131q\u201d kitab\u0131nda g\u00f6st\u0259rir ki, Ki-Uest g\u00f6r\u00fc\u015f\u00fcnd\u0259 sabiq prezident Heyd\u0259r \u018fliyev La\u00e7\u0131na d\u0259hliz verilm\u0259kl\u0259 Da\u011fl\u0131q Qaraba\u011f\u0131n m\u00fcst\u0259qilliyini tan\u0131yan s\u0259n\u0259d\u0259 imza atma\u011fa raz\u0131la\u015fm\u0131\u015fd\u0131. Ancaq son anda geri \u00e7\u0259kildi, bundan sonra K\u00f6\u00e7\u0259ryan bunun s\u0259b\u0259bini soru\u015fduqda, Heyd\u0259r \u018fliyev cavab verib ki, o, h\u0259tta ail\u0259sind\u0259 bu raz\u0131la\u015fman\u0131 q\u0259bul etdir\u0259 bilm\u0259yib, n\u0259inki xalq t\u0259r\u0259find\u0259n. Dem\u0259li, Da\u011fl\u0131q Qaraba\u011f\u0131n m\u00fcst\u0259qilliyin\u0259 raz\u0131la\u015fmaq meyli olub v\u0259 bu g\u00fcn d\u0259 davam edir\u201d.\n<\/p>\n<blockquote><p>\n  Rus ordusunun yenid\u0259n Az\u0259rbaycana g\u0259lm\u0259k t\u0259hl\u00fck\u0259si qal\u0131r\n<\/p><\/blockquote>\n<p>\n  \u0130lham \u0130smay\u0131l\u0131n fikrinc\u0259, Rusiya xarici i\u015fl\u0259r naziri Sergey Lavrovun bu m\u0259s\u0259l\u0259d\u0259 x\u00fcsusi canf\u0259\u015fanl\u0131\u011f\u0131, m\u00fcsb\u0259t yana\u015fmas\u0131 g\u00f6st\u0259rir ki, rus ordusunun yenid\u0259n Az\u0259rbaycana g\u0259lm\u0259k t\u0259hl\u00fck\u0259si qal\u0131r. H\u0259tta rus ordusu g\u0259l\u0259c\u0259ks\u0259, Az\u0259rbaycan\u0131n \u0259razi b\u00fct\u00f6vl\u00fcy\u00fc b\u0259rpa olunmur:\n<\/p>\n<p>\n  \u201cHalbuki, rus ordusunu da s\u00fclhm\u0259raml\u0131 saymaq olmaz. \u00dc\u00e7\u00fcnc\u00fc, xalqlar\u0131 s\u00fclh\u0259 haz\u0131rlamaq m\u0259qam\u0131 Minsk Qrupu H\u0259ms\u0259drl\u0259rin b\u0259yanat\u0131nda da x\u00fcsusi vur\u011fulan\u0131r. Bu bax\u0131mdan Az\u0259rbaycan c\u0259miyy\u0259ti s\u00fclh\u0259 haz\u0131rlama\u011f\u0131 \u0259razi b\u00fct\u00f6vl\u00fcy\u00fcn\u00fcn itirilm\u0259si, Qaraba\u011fa m\u00fcst\u0259qilliyin verilm\u0259si kimi anlamal\u0131d\u0131r. Ona g\u00f6r\u0259 xalq bunun qar\u015f\u0131s\u0131n\u0131 alma\u011fa haz\u0131r olmal\u0131d\u0131r, n\u0259inki al\u00e7aq s\u00fclh\u0259\u201d.\n<\/p>\n<blockquote><p>\n  Moskva t\u0259zyiq vasit\u0259sini saxlay\u0131r\n<\/p><\/blockquote>\n<p>\n  \u201cSiz v\u0259 h\u0259mkarlar\u0131n\u0131z d\u0259f\u0259l\u0259rl\u0259 deyirsiniz ki, Rusiya m\u00fcnaqi\u015f\u0259nin tam h\u0259llini ist\u0259mir, o c\u00fcml\u0259d\u0259n, prezident \u0130lham \u018fliyev Nazirl\u0259r Kabinetinin sonuncu m\u00fc\u015favir\u0259sind\u0259 m\u00fcnaqi\u015f\u0259 Az\u0259rbaycan\u0131n \u0259razi b\u00fct\u00f6vl\u00fcy\u00fc \u00e7\u0259r\u00e7iv\u0259sind\u0259 h\u0259ll olunacaq\u201d s\u00f6yl\u0259yirs\u0259, xalqlar\u0131 haz\u0131rlamaq tezisi nec\u0259 izah oluna bil\u0259r\u201d- sual\u0131na cavab\u0131nda \u0130lham \u0130smay\u0131l deyib ki, indiki prosesd\u0259 v\u0259 planda Rusiyan\u0131n ba\u015f rolu qal\u0131r, rus qo\u015funlar\u0131 Aran Qaraba\u011fla Da\u011fl\u0131q Qaraba\u011f aras\u0131nda yerl\u0259\u015fdirilir. N\u0259tic\u0259d\u0259 25 kilometrlik m\u0259saf\u0259d\u0259 Az\u0259rbaycan \u00f6z\u00fcn\u00fcn ordusunu yerl\u0259\u015fdir\u0259 bilm\u0259z. Y\u0259ni Moskva t\u0259zyiq vasit\u0259sini saxlay\u0131r.\n<\/p>\n<p>\n  \u201cH\u0259l\u0259 biz imzalanacaq s\u00fclh sazi\u015find\u0259 Rusiyan\u0131n xeyrin\u0259 hans\u0131 \u0259lav\u0259 b\u0259ndl\u0259r olaca\u011f\u0131n\u0131 bilmirik. Yax\u015f\u0131 olard\u0131, Az\u0259rbaycan X\u0130N h\u0259m \u00f6z \u015f\u0259rhind\u0259, h\u0259m d\u0259 h\u0259ms\u0259drl\u0259rin b\u0259yanat\u0131ndak\u0131 xalqlar\u0131 s\u00fclh\u0259 haz\u0131rlamaq dey\u0259nd\u0259, n\u0259l\u0259r n\u0259z\u0259rd\u0259 tutuldu\u011funu izah etsin. B\u0259li, birg\u0259 ya\u015fay\u0131\u015f, m\u0259tbuatda, n\u0259\u015frl\u0259rd\u0259 d\u00fc\u015fm\u0259n\u00e7iliyin aradan qald\u0131r\u0131lmas\u0131 v\u0259 s. Bunlar s\u00fclhd\u0259n sonrak\u0131 prosesdir. M\u0259nc\u0259, bu ifad\u0259 Az\u0259rbaycan\u0131 b\u0259d x\u0259b\u0259r\u0259 haz\u0131rlamaq dem\u0259kdir\u201d, &#8211; \u0130lham \u0130smay\u0131l bildirir.\n<\/p>\n<p>\n  Ekspert deyir ki, \u0130lham \u018fliyev m\u00fc\u015favir\u0259d\u0259 s\u0259sl\u0259ndirdiyi fikirl\u0259ri \u0259vv\u0259ll\u0259r d\u0259 deyib. \u0130ndi is\u0259 xalqlar\u0131 s\u00fclh\u0259 haz\u0131rlama\u011f\u0131n n\u0259 oldu\u011funun izahat\u0131 verilm\u0259lidir:\n<\/p>\n<p>\n  \u201c\u00c7\u00fcnki Erm\u0259nistan xarici i\u015fl\u0259r naziri Z\u00f6hrab Mnatsakanyan yerli m\u0259tbuata demi\u015fdi ki, \u00f6t\u0259n ilin sonunda M\u0259mm\u0259dyarovla g\u00f6r\u00fc\u015fd\u0259 m\u00fcharib\u0259 ritorikas\u0131n\u0131n s\u0259b\u0259bini sorduqda, o, \u201cbu xalq, daxili auidotoriya \u00fc\u00e7\u00fcn hesablan\u0131b, sizin \u00fc\u00e7\u00fcn yox\u201d,- dey\u0259 cavab\u0131n\u0131 verdi. Burdan bel\u0259 n\u0259tic\u0259 \u00e7\u0131x\u0131r ki, hakimiyy\u0259t xalq\u0131 aldad\u0131r, erm\u0259niy\u0259 is\u0259 tamam ba\u015fqa \u015fey deyir\u201d.\n<\/p>\n<blockquote><p>\n  G\u0259rginliyin artmas\u0131 h\u0259rbi \u0259m\u0259liyyatlar\u0131n t\u0259hrikin\u0259 g\u0259tir\u0259r\n<\/p><\/blockquote>\n<p>\n  M\u00fchacir\u0259td\u0259 ya\u015fayan siyasi icmal\u00e7\u0131 Rauf Mirq\u0259dirov haz\u0131rk\u0131 situasiyan\u0131 t\u0259r\u0259fl\u0259rin yeni m\u00fcharib\u0259nin ba\u015flanmas\u0131ndan qorxmas\u0131 kimi \u015f\u0259rh edib:\n<\/p>\n<figure class=\"wp-block-image size-large\">\n  <img decoding=\"async\" src=\"https:\/\/www.meydan.tv\/az\/rauf-mirqedirov-5\/\" alt=\"Rauf Mirq\u0259dirov\" class=\"wp-image-108453\"\/><figcaption>\n    Rauf Mirq\u0259dirov<br \/>\n  <\/figcaption><\/figure>\n<p>\n  \u201cOna g\u00f6r\u0259 d\u0259 dan\u0131\u015f\u0131qlar\u0131n intensivl\u0259\u015fm\u0259si prosesi gedir. Dan\u0131\u015f\u0131qlarda t\u0259r\u0259fl\u0259r c\u0259miyy\u0259tl\u0259rin\u0259 m\u00fc\u0259yy\u0259n pozitiv mesajlar verir, amma bu o dem\u0259k deyil ki, mesajlar ciddi n\u0259tic\u0259l\u0259rin olaca\u011f\u0131 ehtimal\u0131n\u0131, \u00fcmidl\u0259rini yaratmal\u0131d\u0131r. Bu, daha \u00e7ox t\u0259hl\u00fck\u0259li v\u0259ziyy\u0259td\u0259n bir add\u0131m geri \u00e7\u0259kilm\u0259kdir. \u0130ndiki geosiyasi v\u0259ziyy\u0259td\u0259 Bak\u0131 da, \u0130r\u0259van da ba\u015fa d\u00fc\u015f\u00fcr ki, g\u0259rginliyin artmas\u0131 h\u0259rbi \u0259m\u0259liyyatlar\u0131n t\u0259hrikin\u0259 g\u0259tir\u0259r. Bu is\u0259 h\u0259r iki t\u0259r\u0259f\u0259 a\u011f\u0131r n\u0259tic\u0259l\u0259r ver\u0259r. Y\u0259ni t\u0259r\u0259fl\u0259ri s\u00fclh\u0259 m\u0259cbur etm\u0259k h\u0259r\u0259k\u0259tl\u0259ri ola bil\u0259r. Bel\u0259 bir \u015f\u0259raitd\u0259 qlobal qar\u015f\u0131durman\u0131n n\u0259tic\u0259l\u0259ri m\u0259lum olmam\u0131\u015f Az\u0259rbaycan v\u0259 Erm\u0259nistan b\u00f6y\u00fck g\u00fccl\u0259rin birinin regionu tamamil\u0259 n\u0259zar\u0259t\u0259 almas\u0131nda maraql\u0131 deyil\u201d.\n<\/p>\n<p>\n  <b><br \/>\n    Xat\u0131rlatma<br \/>\n  <\/b>\n<\/p>\n<p>\n  Da\u011fl\u0131q Qaraba\u011f m\u00fcnaqi\u015f\u0259sinin m\u00fcasir m\u0259rh\u0259l\u0259si 1988-ci ild\u0259 Erm\u0259nistan SSR-in Az\u0259rbaycan SSR-\u0259 qar\u015f\u0131 \u0259razi iddialar\u0131 \u0259sas\u0131nda ba\u015flay\u0131b. 1991-1994-c\u00fc ill\u0259rd\u0259 Az\u0259rbaycan\u0131n Da\u011fl\u0131q Qaraba\u011f \u0259razisi u\u011frunda Erm\u0259nistanla Az\u0259rbaycan aras\u0131nda m\u00fcharib\u0259 ba\u015f verib. N\u0259tic\u0259d\u0259 Az\u0259rbaycan \u0259razil\u0259rinin 20 faizi &#8211; Da\u011fl\u0131q Qaraba\u011f v\u0259 \u0259traf 7 inzibati rayon (La\u00e7\u0131n, K\u0259lb\u0259c\u0259r, A\u011fdam, F\u00fczuli, C\u0259bray\u0131l, Qubadl\u0131, Z\u0259ngilan) Erm\u0259nistan Silahl\u0131 Q\u00fcvv\u0259l\u0259ri t\u0259r\u0259find\u0259n i\u015f\u011fal olunub, 1 milyondan art\u0131q insan qa\u00e7q\u0131n v\u0259 m\u0259cburi k\u00f6\u00e7k\u00fcn v\u0259ziyy\u0259tin\u0259 d\u00fc\u015f\u00fcb. H\u0259rbi \u0259m\u0259liyyatlar 1994-c\u00fc ilin may ay\u0131nda Bi\u015fkekd\u0259 Az\u0259rbaycan v\u0259 Erm\u0259nistan aras\u0131nda imzalanm\u0131\u015f at\u0259\u015fk\u0259s sazi\u015fi il\u0259 ba\u015fa \u00e7at\u0131b.Da\u011fl\u0131q Qaraba\u011f m\u00fcnaqi\u015f\u0259sinin h\u0259lli il\u0259 AT\u018fT-in Minsk Qrupu v\u0259 Rusiya, AB\u015e, Fransadan ibar\u0259t h\u0259ms\u0259drl\u0259ri m\u0259\u015f\u011ful olur.<\/p>\n","protected":false},"excerpt":{"rendered":"<p>Ekspertl\u0259r xarici i\u015fl\u0259r nazirl\u0259rinin g\u00f6r\u00fc\u015f\u00fcn\u00fc \u015f\u0259rh edir<\/p>\n","protected":false},"author":11,"featured_media":116088,"comment_status":"closed","ping_status":"open","sticky":false,"template":"","format":"standard","meta":{"_acf_changed":false,"_sitemap_exclude":false,"_sitemap_priority":"","_sitemap_frequency":"","footnotes":""},"categories":[51],"tags":[],"class_list":["post-193542","post","type-post","status-publish","format-standard","has-post-thumbnail","hentry","category-analitika","infinite-scroll-item","generate-columns","tablet-grid-50","mobile-grid-100","grid-parent","grid-33","no-featured-image-padding"],"acf":[],"yoast_head":"<!-- This site is optimized with the Yoast SEO plugin v27.4 - https:\/\/yoast.com\/product\/yoast-seo-wordpress\/ -->\n<title>\u0130lham \u0130smay\u0131l: Az\u0259rbaycan xalq\u0131n\u0131 Qaraba\u011f\u0131n m\u00fcst\u0259qilliyin\u0259 haz\u0131rlay\u0131rlar - MEYDAN.TV<\/title>\n<meta name=\"robots\" content=\"index, follow, max-snippet:-1, max-image-preview:large, max-video-preview:-1\" \/>\n<link rel=\"canonical\" href=\"https:\/\/www.meydan.tv\/az\/article\/ilham-ismayil-azerbaycan-xalqini-qarabagin-musteqilliyine-hazirlayirlar\/\" \/>\n<meta property=\"og:locale\" content=\"az_AZ\" \/>\n<meta property=\"og:type\" content=\"article\" \/>\n<meta property=\"og:title\" content=\"\u0130lham \u0130smay\u0131l: Az\u0259rbaycan xalq\u0131n\u0131 Qaraba\u011f\u0131n m\u00fcst\u0259qilliyin\u0259 haz\u0131rlay\u0131rlar - MEYDAN.TV\" \/>\n<meta property=\"og:description\" content=\"Ekspertl\u0259r xarici i\u015fl\u0259r nazirl\u0259rinin g\u00f6r\u00fc\u015f\u00fcn\u00fc \u015f\u0259rh edir\" \/>\n<meta property=\"og:url\" content=\"https:\/\/www.meydan.tv\/az\/article\/ilham-ismayil-azerbaycan-xalqini-qarabagin-musteqilliyine-hazirlayirlar\/\" \/>\n<meta property=\"og:site_name\" content=\"MEYDAN.TV\" \/>\n<meta property=\"article:published_time\" content=\"2019-01-17T15:09:15+00:00\" \/>\n<meta property=\"og:image\" content=\"https:\/\/www.meydan.tv\/wp-content\/uploads\/46255.jpg\" \/>\n\t<meta property=\"og:image:width\" content=\"1023\" \/>\n\t<meta property=\"og:image:height\" content=\"575\" \/>\n\t<meta property=\"og:image:type\" content=\"image\/jpeg\" \/>\n<meta name=\"author\" content=\"user-manager\" \/>\n<meta name=\"twitter:card\" content=\"summary_large_image\" \/>\n<script type=\"application\/ld+json\" class=\"yoast-schema-graph\">{\"@context\":\"https:\\\/\\\/schema.org\",\"@graph\":[{\"@type\":\"Article\",\"@id\":\"https:\\\/\\\/www.meydan.tv\\\/az\\\/article\\\/ilham-ismayil-azerbaycan-xalqini-qarabagin-musteqilliyine-hazirlayirlar\\\/#article\",\"isPartOf\":{\"@id\":\"https:\\\/\\\/www.meydan.tv\\\/az\\\/article\\\/ilham-ismayil-azerbaycan-xalqini-qarabagin-musteqilliyine-hazirlayirlar\\\/\"},\"author\":{\"name\":\"user-manager\",\"@id\":\"https:\\\/\\\/www.meydan.tv\\\/az\\\/#\\\/schema\\\/person\\\/10d11eccf6da3662cf5fdab9806ea91a\"},\"headline\":\"\u0130lham \u0130smay\u0131l: Az\u0259rbaycan xalq\u0131n\u0131 Qaraba\u011f\u0131n m\u00fcst\u0259qilliyin\u0259 haz\u0131rlay\u0131rlar\",\"datePublished\":\"2019-01-17T15:09:15+00:00\",\"mainEntityOfPage\":{\"@id\":\"https:\\\/\\\/www.meydan.tv\\\/az\\\/article\\\/ilham-ismayil-azerbaycan-xalqini-qarabagin-musteqilliyine-hazirlayirlar\\\/\"},\"wordCount\":1468,\"publisher\":{\"@id\":\"https:\\\/\\\/www.meydan.tv\\\/az\\\/#organization\"},\"image\":{\"@id\":\"https:\\\/\\\/www.meydan.tv\\\/az\\\/article\\\/ilham-ismayil-azerbaycan-xalqini-qarabagin-musteqilliyine-hazirlayirlar\\\/#primaryimage\"},\"thumbnailUrl\":\"https:\\\/\\\/www.meydan.tv\\\/wp-content\\\/uploads\\\/46255.jpg\",\"articleSection\":[\"Analitika\"],\"inLanguage\":\"az\"},{\"@type\":\"WebPage\",\"@id\":\"https:\\\/\\\/www.meydan.tv\\\/az\\\/article\\\/ilham-ismayil-azerbaycan-xalqini-qarabagin-musteqilliyine-hazirlayirlar\\\/\",\"url\":\"https:\\\/\\\/www.meydan.tv\\\/az\\\/article\\\/ilham-ismayil-azerbaycan-xalqini-qarabagin-musteqilliyine-hazirlayirlar\\\/\",\"name\":\"\u0130lham \u0130smay\u0131l: Az\u0259rbaycan xalq\u0131n\u0131 Qaraba\u011f\u0131n m\u00fcst\u0259qilliyin\u0259 haz\u0131rlay\u0131rlar - MEYDAN.TV\",\"isPartOf\":{\"@id\":\"https:\\\/\\\/www.meydan.tv\\\/az\\\/#website\"},\"primaryImageOfPage\":{\"@id\":\"https:\\\/\\\/www.meydan.tv\\\/az\\\/article\\\/ilham-ismayil-azerbaycan-xalqini-qarabagin-musteqilliyine-hazirlayirlar\\\/#primaryimage\"},\"image\":{\"@id\":\"https:\\\/\\\/www.meydan.tv\\\/az\\\/article\\\/ilham-ismayil-azerbaycan-xalqini-qarabagin-musteqilliyine-hazirlayirlar\\\/#primaryimage\"},\"thumbnailUrl\":\"https:\\\/\\\/www.meydan.tv\\\/wp-content\\\/uploads\\\/46255.jpg\",\"datePublished\":\"2019-01-17T15:09:15+00:00\",\"breadcrumb\":{\"@id\":\"https:\\\/\\\/www.meydan.tv\\\/az\\\/article\\\/ilham-ismayil-azerbaycan-xalqini-qarabagin-musteqilliyine-hazirlayirlar\\\/#breadcrumb\"},\"inLanguage\":\"az\",\"potentialAction\":[{\"@type\":\"ReadAction\",\"target\":[\"https:\\\/\\\/www.meydan.tv\\\/az\\\/article\\\/ilham-ismayil-azerbaycan-xalqini-qarabagin-musteqilliyine-hazirlayirlar\\\/\"]}]},{\"@type\":\"ImageObject\",\"inLanguage\":\"az\",\"@id\":\"https:\\\/\\\/www.meydan.tv\\\/az\\\/article\\\/ilham-ismayil-azerbaycan-xalqini-qarabagin-musteqilliyine-hazirlayirlar\\\/#primaryimage\",\"url\":\"https:\\\/\\\/www.meydan.tv\\\/wp-content\\\/uploads\\\/46255.jpg\",\"contentUrl\":\"https:\\\/\\\/www.meydan.tv\\\/wp-content\\\/uploads\\\/46255.jpg\",\"width\":1023,\"height\":575,\"caption\":\"Source:\"},{\"@type\":\"BreadcrumbList\",\"@id\":\"https:\\\/\\\/www.meydan.tv\\\/az\\\/article\\\/ilham-ismayil-azerbaycan-xalqini-qarabagin-musteqilliyine-hazirlayirlar\\\/#breadcrumb\",\"itemListElement\":[{\"@type\":\"ListItem\",\"position\":1,\"name\":\"Ana s\u0259hif\u0259\",\"item\":\"https:\\\/\\\/www.meydan.tv\\\/az\\\/\"},{\"@type\":\"ListItem\",\"position\":2,\"name\":\"Analitika\",\"item\":\"https:\\\/\\\/www.meydan.tv\\\/az\\\/section\\\/analitika\\\/\"},{\"@type\":\"ListItem\",\"position\":3,\"name\":\"\u0130lham \u0130smay\u0131l: Az\u0259rbaycan xalq\u0131n\u0131 Qaraba\u011f\u0131n m\u00fcst\u0259qilliyin\u0259 haz\u0131rlay\u0131rlar\"}]},{\"@type\":\"WebSite\",\"@id\":\"https:\\\/\\\/www.meydan.tv\\\/az\\\/#website\",\"url\":\"https:\\\/\\\/www.meydan.tv\\\/az\\\/\",\"name\":\"MEYDAN.TV\",\"description\":\"Meydan TV Az\u0259rbaycan\u0131n media m\u0259kan\u0131ndak\u0131 alternativ s\u0259sidir\",\"publisher\":{\"@id\":\"https:\\\/\\\/www.meydan.tv\\\/az\\\/#organization\"},\"potentialAction\":[{\"@type\":\"SearchAction\",\"target\":{\"@type\":\"EntryPoint\",\"urlTemplate\":\"https:\\\/\\\/www.meydan.tv\\\/az\\\/?s={search_term_string}\"},\"query-input\":{\"@type\":\"PropertyValueSpecification\",\"valueRequired\":true,\"valueName\":\"search_term_string\"}}],\"inLanguage\":\"az\"},{\"@type\":\"Organization\",\"@id\":\"https:\\\/\\\/www.meydan.tv\\\/az\\\/#organization\",\"name\":\"Meydan TV\",\"url\":\"https:\\\/\\\/www.meydan.tv\\\/az\\\/\",\"logo\":{\"@type\":\"ImageObject\",\"inLanguage\":\"az\",\"@id\":\"https:\\\/\\\/www.meydan.tv\\\/az\\\/#\\\/schema\\\/logo\\\/image\\\/\",\"url\":\"https:\\\/\\\/www.meydan.tv\\\/wp-content\\\/uploads\\\/2021\\\/07\\\/meydan-logo.svg\",\"contentUrl\":\"https:\\\/\\\/www.meydan.tv\\\/wp-content\\\/uploads\\\/2021\\\/07\\\/meydan-logo.svg\",\"width\":195,\"height\":46,\"caption\":\"Meydan TV\"},\"image\":{\"@id\":\"https:\\\/\\\/www.meydan.tv\\\/az\\\/#\\\/schema\\\/logo\\\/image\\\/\"}},{\"@type\":\"Person\",\"@id\":\"https:\\\/\\\/www.meydan.tv\\\/az\\\/#\\\/schema\\\/person\\\/10d11eccf6da3662cf5fdab9806ea91a\",\"name\":\"user-manager\"}]}<\/script>\n<!-- \/ Yoast SEO plugin. -->","yoast_head_json":{"title":"\u0130lham \u0130smay\u0131l: Az\u0259rbaycan xalq\u0131n\u0131 Qaraba\u011f\u0131n m\u00fcst\u0259qilliyin\u0259 haz\u0131rlay\u0131rlar - MEYDAN.TV","robots":{"index":"index","follow":"follow","max-snippet":"max-snippet:-1","max-image-preview":"max-image-preview:large","max-video-preview":"max-video-preview:-1"},"canonical":"https:\/\/www.meydan.tv\/az\/article\/ilham-ismayil-azerbaycan-xalqini-qarabagin-musteqilliyine-hazirlayirlar\/","og_locale":"az_AZ","og_type":"article","og_title":"\u0130lham \u0130smay\u0131l: Az\u0259rbaycan xalq\u0131n\u0131 Qaraba\u011f\u0131n m\u00fcst\u0259qilliyin\u0259 haz\u0131rlay\u0131rlar - MEYDAN.TV","og_description":"Ekspertl\u0259r xarici i\u015fl\u0259r nazirl\u0259rinin g\u00f6r\u00fc\u015f\u00fcn\u00fc \u015f\u0259rh edir","og_url":"https:\/\/www.meydan.tv\/az\/article\/ilham-ismayil-azerbaycan-xalqini-qarabagin-musteqilliyine-hazirlayirlar\/","og_site_name":"MEYDAN.TV","article_published_time":"2019-01-17T15:09:15+00:00","og_image":[{"width":1023,"height":575,"url":"https:\/\/www.meydan.tv\/wp-content\/uploads\/46255.jpg","type":"image\/jpeg"}],"author":"user-manager","twitter_card":"summary_large_image","schema":{"@context":"https:\/\/schema.org","@graph":[{"@type":"Article","@id":"https:\/\/www.meydan.tv\/az\/article\/ilham-ismayil-azerbaycan-xalqini-qarabagin-musteqilliyine-hazirlayirlar\/#article","isPartOf":{"@id":"https:\/\/www.meydan.tv\/az\/article\/ilham-ismayil-azerbaycan-xalqini-qarabagin-musteqilliyine-hazirlayirlar\/"},"author":{"name":"user-manager","@id":"https:\/\/www.meydan.tv\/az\/#\/schema\/person\/10d11eccf6da3662cf5fdab9806ea91a"},"headline":"\u0130lham \u0130smay\u0131l: Az\u0259rbaycan xalq\u0131n\u0131 Qaraba\u011f\u0131n m\u00fcst\u0259qilliyin\u0259 haz\u0131rlay\u0131rlar","datePublished":"2019-01-17T15:09:15+00:00","mainEntityOfPage":{"@id":"https:\/\/www.meydan.tv\/az\/article\/ilham-ismayil-azerbaycan-xalqini-qarabagin-musteqilliyine-hazirlayirlar\/"},"wordCount":1468,"publisher":{"@id":"https:\/\/www.meydan.tv\/az\/#organization"},"image":{"@id":"https:\/\/www.meydan.tv\/az\/article\/ilham-ismayil-azerbaycan-xalqini-qarabagin-musteqilliyine-hazirlayirlar\/#primaryimage"},"thumbnailUrl":"https:\/\/www.meydan.tv\/wp-content\/uploads\/46255.jpg","articleSection":["Analitika"],"inLanguage":"az"},{"@type":"WebPage","@id":"https:\/\/www.meydan.tv\/az\/article\/ilham-ismayil-azerbaycan-xalqini-qarabagin-musteqilliyine-hazirlayirlar\/","url":"https:\/\/www.meydan.tv\/az\/article\/ilham-ismayil-azerbaycan-xalqini-qarabagin-musteqilliyine-hazirlayirlar\/","name":"\u0130lham \u0130smay\u0131l: Az\u0259rbaycan xalq\u0131n\u0131 Qaraba\u011f\u0131n m\u00fcst\u0259qilliyin\u0259 haz\u0131rlay\u0131rlar - MEYDAN.TV","isPartOf":{"@id":"https:\/\/www.meydan.tv\/az\/#website"},"primaryImageOfPage":{"@id":"https:\/\/www.meydan.tv\/az\/article\/ilham-ismayil-azerbaycan-xalqini-qarabagin-musteqilliyine-hazirlayirlar\/#primaryimage"},"image":{"@id":"https:\/\/www.meydan.tv\/az\/article\/ilham-ismayil-azerbaycan-xalqini-qarabagin-musteqilliyine-hazirlayirlar\/#primaryimage"},"thumbnailUrl":"https:\/\/www.meydan.tv\/wp-content\/uploads\/46255.jpg","datePublished":"2019-01-17T15:09:15+00:00","breadcrumb":{"@id":"https:\/\/www.meydan.tv\/az\/article\/ilham-ismayil-azerbaycan-xalqini-qarabagin-musteqilliyine-hazirlayirlar\/#breadcrumb"},"inLanguage":"az","potentialAction":[{"@type":"ReadAction","target":["https:\/\/www.meydan.tv\/az\/article\/ilham-ismayil-azerbaycan-xalqini-qarabagin-musteqilliyine-hazirlayirlar\/"]}]},{"@type":"ImageObject","inLanguage":"az","@id":"https:\/\/www.meydan.tv\/az\/article\/ilham-ismayil-azerbaycan-xalqini-qarabagin-musteqilliyine-hazirlayirlar\/#primaryimage","url":"https:\/\/www.meydan.tv\/wp-content\/uploads\/46255.jpg","contentUrl":"https:\/\/www.meydan.tv\/wp-content\/uploads\/46255.jpg","width":1023,"height":575,"caption":"Source:"},{"@type":"BreadcrumbList","@id":"https:\/\/www.meydan.tv\/az\/article\/ilham-ismayil-azerbaycan-xalqini-qarabagin-musteqilliyine-hazirlayirlar\/#breadcrumb","itemListElement":[{"@type":"ListItem","position":1,"name":"Ana s\u0259hif\u0259","item":"https:\/\/www.meydan.tv\/az\/"},{"@type":"ListItem","position":2,"name":"Analitika","item":"https:\/\/www.meydan.tv\/az\/section\/analitika\/"},{"@type":"ListItem","position":3,"name":"\u0130lham \u0130smay\u0131l: Az\u0259rbaycan xalq\u0131n\u0131 Qaraba\u011f\u0131n m\u00fcst\u0259qilliyin\u0259 haz\u0131rlay\u0131rlar"}]},{"@type":"WebSite","@id":"https:\/\/www.meydan.tv\/az\/#website","url":"https:\/\/www.meydan.tv\/az\/","name":"MEYDAN.TV","description":"Meydan TV Az\u0259rbaycan\u0131n media m\u0259kan\u0131ndak\u0131 alternativ s\u0259sidir","publisher":{"@id":"https:\/\/www.meydan.tv\/az\/#organization"},"potentialAction":[{"@type":"SearchAction","target":{"@type":"EntryPoint","urlTemplate":"https:\/\/www.meydan.tv\/az\/?s={search_term_string}"},"query-input":{"@type":"PropertyValueSpecification","valueRequired":true,"valueName":"search_term_string"}}],"inLanguage":"az"},{"@type":"Organization","@id":"https:\/\/www.meydan.tv\/az\/#organization","name":"Meydan TV","url":"https:\/\/www.meydan.tv\/az\/","logo":{"@type":"ImageObject","inLanguage":"az","@id":"https:\/\/www.meydan.tv\/az\/#\/schema\/logo\/image\/","url":"https:\/\/www.meydan.tv\/wp-content\/uploads\/2021\/07\/meydan-logo.svg","contentUrl":"https:\/\/www.meydan.tv\/wp-content\/uploads\/2021\/07\/meydan-logo.svg","width":195,"height":46,"caption":"Meydan TV"},"image":{"@id":"https:\/\/www.meydan.tv\/az\/#\/schema\/logo\/image\/"}},{"@type":"Person","@id":"https:\/\/www.meydan.tv\/az\/#\/schema\/person\/10d11eccf6da3662cf5fdab9806ea91a","name":"user-manager"}]}},"_links":{"self":[{"href":"https:\/\/www.meydan.tv\/az\/wp-json\/wp\/v2\/posts\/193542","targetHints":{"allow":["GET"]}}],"collection":[{"href":"https:\/\/www.meydan.tv\/az\/wp-json\/wp\/v2\/posts"}],"about":[{"href":"https:\/\/www.meydan.tv\/az\/wp-json\/wp\/v2\/types\/post"}],"author":[{"embeddable":true,"href":"https:\/\/www.meydan.tv\/az\/wp-json\/wp\/v2\/users\/11"}],"replies":[{"embeddable":true,"href":"https:\/\/www.meydan.tv\/az\/wp-json\/wp\/v2\/comments?post=193542"}],"version-history":[{"count":0,"href":"https:\/\/www.meydan.tv\/az\/wp-json\/wp\/v2\/posts\/193542\/revisions"}],"wp:featuredmedia":[{"embeddable":true,"href":"https:\/\/www.meydan.tv\/az\/wp-json\/wp\/v2\/media\/116088"}],"wp:attachment":[{"href":"https:\/\/www.meydan.tv\/az\/wp-json\/wp\/v2\/media?parent=193542"}],"wp:term":[{"taxonomy":"category","embeddable":true,"href":"https:\/\/www.meydan.tv\/az\/wp-json\/wp\/v2\/categories?post=193542"},{"taxonomy":"post_tag","embeddable":true,"href":"https:\/\/www.meydan.tv\/az\/wp-json\/wp\/v2\/tags?post=193542"}],"curies":[{"name":"wp","href":"https:\/\/api.w.org\/{rel}","templated":true}]}}