{"id":193529,"date":"2019-01-16T19:16:14","date_gmt":"2019-01-16T19:16:14","guid":{"rendered":"https:\/\/www.meydan.tv\/article\/atocanin-servetleri\/"},"modified":"2019-01-16T19:16:14","modified_gmt":"2019-01-16T19:16:14","slug":"atocanin-servetleri","status":"publish","type":"post","link":"https:\/\/www.meydan.tv\/az\/article\/atocanin-servetleri\/","title":{"rendered":"&#8221;Ato\u00e7a&#8221;n\u0131n s\u0259rv\u0259tl\u0259ri"},"content":{"rendered":"<figure class=\"wp-block-image size-large\">\n  <img decoding=\"async\" src=\"https:\/\/www.meydan.tv\/az\/116037\/\" alt=\"\" class=\"wp-image-116037\"\/><figcaption><\/figcaption><\/figure>\n<p>\n  O g\u00fcn \u2013 bu g\u00fcnd\u00fcr!\n<\/p>\n<p>\n  1622-ci il. \u0130spaniya donanmas\u0131 h\u0259l\u0259 d\u0259 Hindistan adland\u0131rd\u0131qlar\u0131 Amerikadan n\u00f6vb\u0259ti qiym\u0259tli s\u0259rv\u0259tl\u0259r da\u015f\u0131ma\u011fa haz\u0131rla\u015f\u0131r. Kral VI Filipp bu y\u00fck\u00fc s\u0259birsizlikl\u0259 g\u00f6zl\u0259yir: art\u0131q d\u00f6rd ildir ki, b\u00fct\u00fcn Avropan\u0131 b\u00fcr\u00fcy\u0259n Otuzillik m\u00fcharib\u0259 (1618-1648) b\u00f6y\u00fck x\u0259rcl\u0259r t\u0259l\u0259b edir.\n<\/p>\n<p>\n  \u0130spaniya XVI \u0259srin ortalar\u0131ndan etibar\u0259n M\u0259rk\u0259zi v\u0259 C\u0259nubi Amerikan\u0131n g\u00fcm\u00fc\u015f m\u0259d\u0259nl\u0259rini istismar edir. X\u00fcsus\u0259n Potosi (haz\u0131rda Boliviyada yerl\u0259\u015fir) \u015f\u0259h\u0259rind\u0259ki g\u00fcm\u00fc\u015f m\u0259d\u0259nl\u0259ri olduqca z\u0259ngindir. Hesablamalara g\u00f6r\u0259, 1556-1783-c\u00fc ill\u0259rd\u0259 buradan 820,5 milyon peso d\u0259y\u0259rind\u0259 v\u0259 ya 20 min ton g\u00fcm\u00fc\u015f \u00e7\u0131xar\u0131l\u0131b.\n<\/p>\n<p>\n  Potosi C\u0259nubi Ameikan\u0131n q\u0259rb sahill\u0259rin\u0259 daha yax\u0131nd\u0131r. Buna g\u00f6r\u0259 d\u0259 g\u00fcm\u00fc\u015f qat\u0131rlara y\u00fckl\u0259n\u0259r\u0259k Arika liman\u0131na (indiki \u00c7ilid\u0259) g\u0259tirilir, buradan g\u0259mil\u0259r vasit\u0259sil\u0259 Panamaya apar\u0131l\u0131r, \u00e7\u00fcnki orada torpaq zola\u011f\u0131 daha ensizdir v\u0259 yen\u0259 d\u0259 qat\u0131rlarala \u015f\u0259rq sahilin\u0259 &#8211; Portobelo liman\u0131na da\u015f\u0131n\u0131l\u0131r.\n<\/p>\n<figure class=\"wp-block-image size-large\">\n  <img decoding=\"async\" src=\"https:\/\/www.meydan.tv\/az\/116040\/\" alt=\"\" class=\"wp-image-116040\"\/><figcaption><\/figcaption><\/figure>\n<p>\n  \u00dcmumiyy\u0259tl\u0259, b\u00fct\u00fcn M\u0259rk\u0259zi v\u0259 C\u0259nubi Amerikadan \u0130spaniyaya da\u015f\u0131n\u0131lan t\u0259kc\u0259 g\u00fcm\u00fc\u015f\u00fcn d\u0259y\u0259rinin indiki kursla 500 milyard dollar oldu\u011fu g\u00fcman edilir. Lakin bu misilsiz s\u0259rv\u0259t yanl\u0131\u015f idar\u0259etm\u0259 \u00fcz\u00fcnd\u0259n \u0130spaniyan\u0131n inki\u015faf\u0131na xidm\u0259t etmir, Habsburqlar s\u00fclal\u0259sini Avropada hegemonlu\u011fa nail olmaq \u00fc\u00e7\u00fcn t\u0259cav\u00fczkar siyas\u0259t y\u00fcr\u00fctm\u0259y\u0259 h\u0259v\u0259sl\u0259ndirir.\n<\/p>\n<p>\n  \u00dcst\u0259lik, k\u00fclli miqdarda s\u0259rv\u0259t t\u0259kc\u0259 \u0130spaniyada deyil, b\u00fct\u00fcn Avropada inflyasiyaya s\u0259b\u0259b olur, qiym\u0259tl\u0259r bir ne\u00e7\u0259 d\u0259f\u0259 art\u0131r. XVI \u0259srin sonu v\u0259 XVII \u0259srin \u0259vv\u0259ll\u0259rind\u0259 Osmanl\u0131 d\u00f6vl\u0259tinin iqtisadi \u00e7\u00f6k\u00fc\u015f\u00fc d\u0259 C\u0259nubi Amerikadan axan q\u0131z\u0131l v\u0259 g\u00fcm\u00fc\u015fd\u0259n do\u011fan effekt idi. Avropa \u00f6lk\u0259l\u0259rind\u0259n f\u0259rqli olaraq, Osmanl\u0131da qiym\u0259tl\u0259rin d\u00f6vl\u0259t t\u0259r\u0259find\u0259n t\u0259nziml\u0259nm\u0259si \u0259n\u0259n\u0259si bu prosesi daha a\u011fr\u0131l\u0131 etmi\u015f, \u00f6lk\u0259ni anarxiya v\u0259 C\u0259lali \u00fcsyanlar\u0131 b\u00fcr\u00fcm\u00fc\u015fd\u00fc.\n<\/p>\n<\/p>\n<p>\n  ***\n<\/p>\n<p>\n  \u0130spaniyadan g\u0259l\u0259n g\u0259mil\u0259r Amerikaya yax\u0131nla\u015fd\u0131qda bir ne\u00e7\u0259 d\u0259st\u0259y\u0259 b\u00f6l\u00fcn\u00fcr v\u0259 m\u00fcxt\u0259lif limanlara yollan\u0131rd\u0131lar. Toplanan s\u0259rv\u0259tin g\u0259mil\u0259r\u0259 y\u00fckl\u0259nm\u0259si bir ne\u00e7\u0259 ay davam edirdi. \u0130mperiyada ciddi b\u00fcrokratiya m\u00f6vcuddur. H\u0259r bir q\u0131z\u0131l v\u0259 g\u00fcm\u00fc\u015f k\u00fcl\u00e7\u0259nin \u00fcz\u0259rind\u0259 n\u00f6mr\u0259si olur. M\u0259murlar bu n\u00f6mr\u0259l\u0259ri, k\u00fcl\u00e7\u0259l\u0259rin a\u011f\u0131rl\u0131\u011f\u0131n\u0131 \u00f6z d\u0259ft\u0259rl\u0259rind\u0259 qeyd edirdil\u0259r.\n<\/p>\n<p>\n  Muzo m\u0259d\u0259nl\u0259rind\u0259 (indiki Kolumbiyada) \u00e7\u0131xar\u0131lan misilsiz z\u00fcmr\u00fcdl\u0259r, Marqarita adas\u0131 (indiki Venesuelada) sahill\u0259rind\u0259 y\u0131\u011f\u0131lan mirvaril\u0259r v\u0259 dig\u0259r s\u0259rv\u0259tl\u0259r &#8211; ham\u0131s\u0131 bir-bir yaz\u0131l\u0131rd\u0131. B\u00fct\u00fcn bu uzuns\u00fcr\u0259n prosesd\u0259n sonra y\u00fckl\u0259n\u0259n g\u0259mil\u0259r yan ald\u0131qlar\u0131 limanlardan \u00e7\u0131xaraq t\u0259hl\u00fck\u0259sizlik m\u0259qs\u0259dil\u0259 Havanada toplan\u0131r v\u0259 birlikd\u0259 \u0130spaniyaya yollan\u0131rd\u0131lar. D\u00f6vr pis d\u00f6vr idi, ingilis v\u0259 holland g\u0259mil\u0259ri karvana h\u00fccum ed\u0259 bil\u0259rdil\u0259r.\n<\/p>\n<p>\n  M\u0259qal\u0259mizin \u0259sas q\u0259hr\u0259man\u0131 olan, q\u0131sa \u015f\u0259kild\u0259 &#8220;Ato\u00e7a&#8221; yazaca\u011f\u0131m\u0131z &#8220;Nuestra Senyora de Ato\u00e7a&#8221; g\u0259misi 1620-ci ild\u0259 in\u015fa edilmi\u015fdi. 20 topu v\u0259 550 ton y\u00fckg\u00f6t\u00fcrm\u0259 qabiliyy\u0259ti olan bu qaleon h\u0259m h\u0259rbi, h\u0259m d\u0259 y\u00fck g\u0259misi kimi yararl\u0131 idi.\n<\/p>\n<p>\n  &#8220;Ato\u00e7a&#8221; ba\u015fqa g\u0259mil\u0259rl\u0259 birlikd\u0259 1622-ci ilin mart\u0131nda Sevilya liman\u0131ndan \u00e7\u0131xaraq Yeni d\u00fcnyaya istiqam\u0259t g\u00f6t\u00fcrd\u00fc. Qeyd ed\u0259k ki, \u0130spaniyadan Amerikaya ged\u0259n g\u0259mil\u0259rin d\u0259 \u00f6z y\u00fck\u00fc olurdu. Bunlar \u015f\u0259rab, par\u00e7alar, metal m\u0259mulatlar, g\u00fcm\u00fc\u015f m\u0259d\u0259nl\u0259rind\u0259 istifad\u0259 olunan civ\u0259 v\u0259 ba\u015fqa mallar olurdu.<br \/>\n  <br \/>\n  Amerika sahill\u0259rin\u0259 az qalm\u0131\u015f karvan b\u00f6l\u00fcn\u0259r\u0259k ayr\u0131-ayr\u0131 limanlara yolland\u0131. &#8220;Ato\u00e7a&#8221; v\u0259 daha bir ne\u00e7\u0259 g\u0259mi Portobelo liman\u0131na yan ald\u0131. Art\u0131q may\u0131n 24-\u00fc idi. T\u0259xmin\u0259n \u00fc\u00e7 ay sonra is\u0259 &#8220;Ato\u00e7a&#8221; geriy\u0259 qay\u0131tmaq \u00fc\u00e7\u00fcn Havana liman\u0131nda idi.\n<\/p>\n<p>\n  Onun y\u00fck yerind\u0259 misilsiz s\u0259rv\u0259tl\u0259r toplanm\u0131\u015fd\u0131: \u00fcmumi \u00e7\u0259kisi 40 tondan \u00e7ox olan 1038 g\u00fcm\u00fc\u015f k\u00fcl\u00e7\u0259, g\u00fcm\u00fc\u015f sikk\u0259l\u0259rl\u0259 180 min peso, 125 q\u0131z\u0131l k\u00fcl\u00e7\u0259 v\u0259 disk, 500 kiloqramdan \u00e7ox g\u00fcm\u00fc\u015f m\u0259mulatlar, 350 sand\u0131q indiqo, 525 ba\u011flama t\u00fct\u00fcn v\u0259 s. Bundan \u0259lav\u0259, o d\u00f6vr h\u0259r g\u0259mid\u0259 oldu\u011fu kimi qeyd\u0259 al\u0131nmayan qa\u00e7aqmal da vard\u0131.\n<\/p>\n<figure class=\"wp-block-image size-large\">\n  <img decoding=\"async\" src=\"https:\/\/www.meydan.tv\/az\/116043\/\" alt=\"\" class=\"wp-image-116043\"\/><figcaption><\/figcaption><\/figure>\n<p>\n  \u00dcst\u0259lik, g\u0259mid\u0259 xeyli z\u0259ngin s\u0259rni\u015finl\u0259r vard\u0131 ki, onlar\u0131n \u015f\u0259xsi \u0259mlak\u0131 qeyd\u0259 al\u0131nm\u0131rd\u0131. O zaman q\u0131z\u0131l v\u0259 g\u00fcm\u00fc\u015fd\u0259n haz\u0131rlanan b\u0259z\u0259k \u0259\u015fyalar\u0131na g\u00f6mr\u00fck vergisi t\u0259tbiq olunmurdu. Buna g\u00f6r\u0259 d\u0259, bir \u00e7oxu \u00f6z var-d\u00f6vl\u0259tini k\u00fcl\u00e7\u0259 \u015f\u0259klind\u0259 deyil, m\u0259s\u0259l\u0259n, metrl\u0259rl\u0259 uzunlu\u011fu olan boyun z\u0259nciri \u015f\u0259klind\u0259 da\u015f\u0131y\u0131rd\u0131.\n<\/p>\n<p>\n  Havanada topla\u015fan yelk\u0259nli donanma bir ne\u00e7\u0259 g\u00fcn k\u00fcl\u0259yin olmamas\u0131 s\u0259b\u0259bind\u0259n yerind\u0259n t\u0259rp\u0259n\u0259 bilm\u0259di. N\u0259hay\u0259t, sentyabr\u0131n 4-d\u0259 28 g\u0259mid\u0259n ibar\u0259t karvan \u00e7ox g\u00f6z\u0259l hava \u015f\u0259raitind\u0259 \u0130spaniyaya do\u011fru yola d\u00fc\u015f\u00fcr. A\u011f\u0131r y\u00fck \u00fcz\u00fcnd\u0259n xeyli suya oturmu\u015f &#8220;Ato\u00e7a&#8221; karvan\u0131 arxadan h\u00fccumdan qorumaq \u00fc\u00e7\u00fcn lap sonda yer al\u0131b. Ondan \u00f6nd\u0259 ged\u0259n &#8220;Santa-Marqarita&#8221; g\u0259misind\u0259 d\u0259 xeyli s\u0259rv\u0259tl\u0259r var.\n<\/p>\n<p>\n  Noyabr\u0131n 5-d\u0259 hava q\u0259fild\u0259n korlan\u0131r. G\u00fccl\u00fc f\u0131rt\u0131na qalx\u0131r. Ert\u0259si g\u00fcn is\u0259 qas\u0131r\u011faya \u00e7evrilir. D\u00f6rd g\u0259mi sulara q\u0259rq olur. Qalan 24 g\u0259mid\u0259n iyirmisi nisb\u0259t\u0259n t\u0259hl\u00fck\u0259siz Meksika k\u00f6rf\u0259zind\u0259 gizl\u0259n\u0259 bils\u0259l\u0259r d\u0259, sondak\u0131 4 g\u0259mi gecikir. Dora\u011faclar\u0131 y\u0131x\u0131lan, s\u00fckanlar\u0131 s\u0131nan bu g\u0259mil\u0259ri n\u0259h\u0259ng dal\u011falar taxta par\u00e7as\u0131 kimi at\u0131b tutur.\n<\/p>\n<p>\n  Qas\u0131r\u011fa bu k\u00f6m\u0259ksiz g\u0259mil\u0259ri t\u0259dric\u0259n Florida-Kis adalar\u0131na do\u011fru apar\u0131r. Onlar\u0131n ham\u0131s\u0131 bat\u0131r. &#8220;Ato\u00e7a&#8221; h\u00fcnd\u00fcr bir dal\u011fan\u0131n \u00fcz\u0259rin\u0259 qalxd\u0131qdan, yuxar\u0131 qald\u0131rd\u0131qdan sonra s\u00fcr\u0259tl\u0259 a\u015fa\u011f\u0131 en\u0259r\u0259k m\u0259rcan rifin\u0259 \u00e7\u0131rp\u0131l\u0131r. N\u00f6vb\u0259ti dal\u011fa is\u0259 onu daha d\u0259rin hiss\u0259y\u0259 apar\u0131r. A\u015fa\u011f\u0131 hiss\u0259si da\u011f\u0131lm\u0131\u015f g\u0259mi bir g\u00f6z q\u0131rp\u0131m\u0131nda bat\u0131r. &#8220;Santa-Marqarita&#8221;, &#8220;Nuestra Senyora del-Rosario&#8221; v\u0259 daha be\u015f ki\u00e7ik g\u0259mi d\u0259 eyni aqib\u0259ti ya\u015fay\u0131rlar.\n<\/p>\n<p>\n  &#8220;Ato\u00e7a&#8221;da olan 265 hey\u0259t \u00fczv\u00fc v\u0259 s\u0259rni\u015find\u0259n yaln\u0131z 5 n\u0259f\u0259r xilas olur. &#8220;Santa-Marqarita&#8221;dan 142 n\u0259f\u0259r h\u0259lak olur. &#8220;Rosario&#8221; dayaz yerd\u0259 quruya oturdu\u011fu \u00fc\u00e7\u00fcn \u00f6l\u0259nl\u0259r olmur. Batan s\u0259kkiz g\u0259mid\u0259 \u00fcmum\u0259n 550 n\u0259f\u0259r h\u0259lak olur, 2 milyon pesodan art\u0131q d\u0259y\u0259rd\u0259 s\u0259rv\u0259t (\u0259sas\u0259n \u201cAto\u00e7a\u201dda v\u0259 \u201cSanta-Marqarita\u201dda) suyun alt\u0131na gedir.\n<\/p>\n<p>\n  ***\n<\/p>\n<p>\n  Ba\u015f ver\u0259n f\u0259lak\u0259t haqq\u0131nda x\u0259b\u0259r Madrid\u0259 \u00e7atd\u0131qda kral saray\u0131nda d\u0259rin mat\u0259m\u0259 v\u0259 hidd\u0259t\u0259 s\u0259b\u0259b oldu. G\u0259nc kral IV Filipp g\u0259mil\u0259rin batd\u0131\u011f\u0131 yeri tapma\u011f\u0131 v\u0259 s\u0259rv\u0259tl\u0259ri xilas etm\u0259yi \u0259mr edir.\n<\/p>\n<p>\n  M\u0259lumatlara g\u00f6r\u0259, g\u0259mil\u0259r el\u0259 d\u0259 d\u0259rin yerd\u0259 batmam\u0131\u015fd\u0131lar v\u0259 &#8220;Ato\u00e7a&#8221;n\u0131n bizan-dora\u011fac\u0131 bir m\u00fcdd\u0259t sudan \u00e7\u00f6l\u0259 \u00e7\u0131xaraq g\u00f6r\u00fcn\u00fcrd\u00fc. Lakin bu i\u015f\u0259 m\u0259sul edil\u0259n kapitan Qaspar de Varqas suyun d\u0259rinlikl\u0259rind\u0259n mirvari toplamaq \u00fczr\u0259 ixtisasla\u015fan qullar\u0131 toplay\u0131b hadis\u0259 yerin\u0259 g\u0259l\u0259n\u0259 q\u0259d\u0259r n\u00f6vb\u0259ti qas\u0131r\u011fa &#8220;Ato\u00e7a&#8221;n\u0131n qal\u0131qlar\u0131n\u0131 daha d\u0259rinlikl\u0259r\u0259 it\u0259l\u0259y\u0259r\u0259k g\u00f6r\u00fcnm\u0259z etdi.\n<\/p>\n<p>\n  B\u00fct\u00fcn c\u0259hdl\u0259rin\u0259 baxmayaraq, de Varqas n\u0259 &#8220;Ato\u00e7a&#8221;, n\u0259 d\u0259 &#8220;Santa-Marqarita&#8221;n\u0131 tapd\u0131. Torpa\u011fa oturan, lakin batmayan &#8220;Rosario&#8221;nun y\u00fck\u00fcn\u00fc g\u00f6t\u00fcrd\u00fc, faydas\u0131z g\u0259mini yand\u0131rararq geri qay\u0131td\u0131. Bu g\u0259mid\u0259ki y\u00fck is\u0259 el\u0259 d\u0259 qiym\u0259tli deyildi.\n<\/p>\n<p>\n  \u0130spanlar axtar\u0131\u015flar\u0131 1624-c\u00fc ild\u0259 b\u0259rpa etdil\u0259r. Bu d\u0259f\u0259 i\u015fl\u0259r\u0259 kapitan Fransisko Nunyes Melian r\u0259hb\u0259rlik edirdi. Onun d\u00fcz\u0259ltdiyi, kils\u0259 z\u0259ngini xat\u0131rladan qur\u011funun k\u00f6m\u0259yi il\u0259 it\u0259n s\u0259rv\u0259tl\u0259r suyun alt\u0131nda axtar\u0131l\u0131r. 1626-c\u0131 ilin iyulunda Xuan Balyon adl\u0131 dal\u011f\u0131c qul k\u00fcl\u00e7\u0259 tapd\u0131 v\u0259 d\u0259rhal azadl\u0131q \u0259ld\u0259 etdi.\n<\/p>\n<p>\n  Bundan sonra 4 il \u0259rzind\u0259 apar\u0131lan axtar\u0131\u015flar n\u0259tic\u0259sind\u0259 380 g\u00fcm\u00fc\u015f k\u00fcl\u00e7\u0259, 67 min g\u00fcm\u00fc\u015f sikk\u0259 v\u0259 8 b\u00fcr\u00fcnc top tap\u0131ld\u0131. Lakin bunlar\u0131n ham\u0131s\u0131 &#8220;Santa-Marqarita&#8221; g\u0259misind\u0259n idi. B\u00fct\u00fcn c\u0259hdl\u0259r\u0259 baxmayaraq, &#8220;Ato\u00e7a&#8221;n\u0131n izin\u0259 d\u00fc\u015fm\u0259k m\u00fcmk\u00fcn olmad\u0131.\n<\/p>\n<p>\n  Tez-tez t\u0259krar olunan qas\u0131r\u011falar, d\u00fc\u015fm\u0259n donanmalar\u0131n\u0131n h\u0259ml\u0259l\u0259ri, x\u00fcsus\u0259n d\u0259 suyun alt\u0131ndak\u0131 qumun h\u0259r\u0259k\u0259tliliyi i\u015fl\u0259r\u0259 ciddi mane\u0259 olurdu. M\u00fc\u0259yy\u0259n bir \u0259razi qumdan t\u0259mizl\u0259ndikd\u0259n az sonra yenid\u0259n \u00f6rt\u00fcl\u00fcrd\u00fc.\n<\/p>\n<p>\n  Sonrak\u0131 axtar\u0131\u015flar fasil\u0259l\u0259rl\u0259 1641-ci il\u0259 kimi davam etdi. Lakin n\u0259 &#8220;Ato\u00e7a&#8221;, n\u0259 d\u0259 &#8220;Santa-Marqarita&#8221;n\u0131n qalan s\u0259rv\u0259tl\u0259ri tap\u0131ld\u0131. Otuzillik m\u00fcharib\u0259d\u0259 m\u0259\u011flub olan \u0130spaniyan\u0131n q\u00fcrubu s\u00fcr\u0259tl\u0259ndi v\u0259 Avropadak\u0131 hegemonlu\u011funa son qoyuldu.\n<\/p>\n<p>\n  Lakin bu u\u011fursuz axtar\u0131\u015flar\u0131n ciddi bir \u00f6n\u0259mi yen\u0259 d\u0259 ispan b\u00fcrokratiyas\u0131 oldu. G\u0259mil\u0259rin batd\u0131\u011f\u0131 t\u0259xmin edil\u0259n yerin koordinatlar\u0131, apar\u0131lan axtar\u0131\u015flar bar\u0259d\u0259 qeydl\u0259r d\u0259qiqlikl\u0259 yaz\u0131laraq Sevilyadak\u0131 arxiv\u0259 qoyuldu.\n<\/p>\n<p>\n  ***\n<\/p>\n<figure class=\"wp-block-image size-large\">\n  <img decoding=\"async\" src=\"https:\/\/www.meydan.tv\/az\/116046\/\" alt=\"\" class=\"wp-image-116046\"\/><figcaption><\/figcaption><\/figure>\n<p>\n  1960-c\u0131 ill\u0259rin \u0259vv\u0259ll\u0259rind\u0259n sualt\u0131 d\u0259fin\u0259l\u0259rin axtar\u0131\u015f\u0131 il\u0259 m\u0259\u015f\u011ful olan AB\u015e v\u0259t\u0259nda\u015f\u0131 Mel Fi\u015fer &#8220;Nuestra Senyora de Ato\u00e7a&#8221; g\u0259misinin axtar\u0131\u015f\u0131 il\u0259 m\u0259\u015f\u011ful olmaqdan \u00f6tr\u00fc 1969-cu ild\u0259 Treasure Salvors \u0130nc. t\u0259sis etdi. Bir il \u0259rzind\u0259 tarix\u00e7i Yucin Layons Sevilya arxivl\u0259rini \u0259l\u0259k-v\u0259l\u0259k ed\u0259r\u0259k g\u0259minin batd\u0131\u011f\u0131 yer v\u0259 apar\u0131lan axrar\u0131\u015flar bar\u0259d\u0259 m\u0259lumatlar toplad\u0131.\n<\/p>\n<p>\n  1970-ci ild\u0259 axtar\u0131\u015flar ba\u015flad\u0131. Bu istiqam\u0259td\u0259 bir ne\u00e7\u0259 ciddi mane\u0259l\u0259r var idi. Bunun birincisi az \u00f6nc\u0259 xat\u0131rlad\u0131\u011f\u0131m\u0131z h\u0259rk\u0259tli qum idi. Bu problemi h\u0259ll etm\u0259k \u00fc\u00e7\u00fcn ixtira etdiyi qur\u011fuya Mel Fi\u015fer &#8220;po\u00e7t qutusu&#8221; ad\u0131n\u0131 vermi\u015fdi.\n<\/p>\n<figure class=\"wp-block-image size-large\">\n  <img decoding=\"async\" src=\"https:\/\/www.meydan.tv\/az\/mel-fiserin-poct-qutusu-adlandirdigi-qurgu\/\" alt=\"Mel Fi\u015ferin &#8216;Po\u00e7t qutusu&#8217; adland\u0131rd\u0131\u011f\u0131 qur\u011fu\" class=\"wp-image-116049\"\/><figcaption>\n    Mel Fi\u015ferin &#8216;Po\u00e7t qutusu&#8217; adland\u0131rd\u0131\u011f\u0131 qur\u011fu<br \/>\n  <\/figcaption><\/figure>\n<p>\n  H\u0259min qur\u011fu katerl\u0259rin vintl\u0259rin\u0259 b\u0259rkidil\u0259n, L \u015f\u0259klind\u0259 \u0259yilmi\u015f silindrl\u0259rd\u0259n ibar\u0259t idi. Vintl\u0259r i\u015fl\u0259dikc\u0259 suyu \u015faquli \u015f\u0259kild\u0259 a\u015fa\u011f\u0131, qumlara t\u0259r\u0259f y\u00f6n\u0259ldir v\u0259 onlar\u0131 \u0259trafa &#8220;s\u00fcp\u00fcr\u00fcrd\u00fc&#8221;. Bel\u0259 suvuran say\u0259sind\u0259 on d\u0259qiq\u0259y\u0259 d\u0259rinliyi 3, eni 9 metr olan sah\u0259 qumdan t\u0259mizl\u0259nirdi.\n<\/p>\n<p>\n  Ba\u015fqa bir mane\u0259 a\u00e7\u0131q d\u0259nizd\u0259 h\u0259r\u0259k\u0259tsiz oriyentirl\u0259rin olmamas\u0131d\u0131r. Bu da bir sah\u0259nin iki d\u0259f\u0259 ara\u015fd\u0131r\u0131lmas\u0131na, ba\u015fqa sah\u0259nin is\u0259 he\u00e7 ara\u015fd\u0131r\u0131lmamas\u0131na s\u0259b\u0259b ola bil\u0259rdi. Mel Fi\u015fer burada da \u00e7\u0131x\u0131\u015f yolu tapd\u0131.\n<\/p>\n<p>\n  D\u0259nizd\u0259 bir-birind\u0259n 3 mil (1 d\u0259niz mili &#8211; 1852 metr) aral\u0131da v\u0259 su s\u0259thind\u0259n 3-5 metr h\u00fcnd\u00fcrl\u00fckd\u0259 ucalan iki q\u00fcll\u0259 yerl\u0259\u015fdirildi. Onlar\u0131n g\u00f6nd\u0259rdiyi q\u0131sadal\u011fal\u0131 siqnallar n\u0259tic\u0259sind\u0259 axtar\u0131\u015f aparan qay\u0131qlar olduqlar\u0131 yeri d\u0259qiq m\u00fc\u0259yy\u0259n edirdil\u0259r.\n<\/p>\n<p>\n  Qay\u0131qlar suya sallanan maqnitometrl\u0259 dibi yoxlay\u0131r, \u0259g\u0259r metal m\u00f6vcudlu\u011fu bar\u0259d\u0259 siqnal al\u0131nard\u0131sa, d\u0259rhal dal\u011f\u0131c suya ba\u015f vururdu. T\u0259dqiq edil\u0259n \u0259razi el\u0259 d\u0259 d\u0259rin olmad\u0131\u011f\u0131 \u00fc\u00e7\u00fcn dal\u011f\u0131clara adi akvalanqdan savay\u0131 x\u00fcsusi geyim laz\u0131m olmurdu.\n<\/p>\n<p>\n  Bir il \u0259rzind\u0259 120 min kvadrat mild\u0259n art\u0131q \u0259razi axtar\u0131ld\u0131, ancaq konserv qutular\u0131 v\u0259 b\u0259nz\u0259r \u0259\u015fyalardan ba\u015fqa bir \u015fey tap\u0131lmad\u0131. Mel Fi\u015ferin arvad\u0131 da daxil olmaqla b\u00fct\u00fcn ail\u0259 \u00fczvl\u0259ri axtar\u0131\u015flarda i\u015ftirak edir v\u0259 h\u0259tta bir-birl\u0259ri il\u0259 yar\u0131\u015f\u0131rd\u0131lar. Ail\u0259 ba\u015f\u00e7\u0131s\u0131n\u0131n ir\u0259li s\u00fcrd\u00fcy\u00fc &#8220;h\u0259min g\u00fcn &#8211; bu g\u00fcnd\u00fcr!&#8221; \u015f\u00fcar\u0131 onlar\u0131n devizin\u0259 \u00e7evrilmi\u015fdi.\n<\/p>\n<figure class=\"wp-block-image size-large\">\n  <img decoding=\"async\" src=\"https:\/\/www.meydan.tv\/az\/116052\/\" alt=\"\" class=\"wp-image-116052\"\/><figcaption><\/figcaption><\/figure>\n<p>\n  1971-ci ilin yay\u0131nda maqnitometrin \u0259qr\u0259bi suyun dibind\u0259 xeyli metal k\u00fctl\u0259nin oldu\u011funu x\u0259b\u0259r verdi. Suya ba\u015f vuran dal\u011f\u0131c d\u0259nizin dibind\u0259 \u00e7ox yek\u0259 l\u00f6vb\u0259rin oldu\u011funu s\u00f6yl\u0259di. Bu, Fi\u015ferin axtard\u0131\u011f\u0131 olmasa da, fotoqraf Don Kinkeyd\u0259 a\u015fa\u011f\u0131 en\u0259r\u0259k l\u00f6vb\u0259rin \u015f\u0259klini \u00e7\u0259km\u0259yi tap\u015f\u0131rd\u0131.\n<\/p>\n<p>\n  Fotoqraf tap\u015f\u0131r\u0131\u011f\u0131 yerin\u0259 yetirib yuxar\u0131 qalmaq ist\u0259rk\u0259n t\u0259sad\u00fcf\u0259n g\u00f6z\u00fc d\u0259nizin dibind\u0259ki ba\u015fqa bir artefakta sata\u015fd\u0131. Bu, qal\u0131n v\u0259 3 metr uzunlu\u011funda olan boyun z\u0259nciri idi. Kinkeyd \u0259vv\u0259lc\u0259 onun latun oldu\u011funu d\u00fc\u015f\u00fcn\u00fcr, lakin suyun \u00fcz\u0259rin\u0259 qalxd\u0131qdan sonra q\u0131z\u0131l oldu\u011fu m\u0259lum olur. Bu, \u0259lb\u0259tt\u0259, \u00e7ox qiym\u0259tli tap\u0131nt\u0131 idi, lakin &#8220;Ato\u00e7a&#8221;ya, yoxsa ba\u015fqa g\u0259miy\u0259 m\u0259xsus olmas\u0131 bilinmirdi.\n<\/p>\n<p>\n  Bundan sonra iki il m\u00fcdd\u0259tind\u0259 he\u00e7 bir \u015fey tap\u0131lmad\u0131. 1973-c\u00fc ild\u0259 is\u0259 bir \u0259razid\u0259 1460 g\u00fcm\u00fc\u015f pul tap\u0131ld\u0131. Dal\u011f\u0131clar h\u0259min yerin &#8220;ispan bank\u0131&#8221; adland\u0131rma\u011fa ba\u015flad\u0131lar. Lakin bu pullar\u0131n da &#8220;Ato\u00e7a&#8221;ya, yoxsa ba\u015fqa g\u0259miy\u0259 m\u0259xsus oldu\u011funu s\u00f6yl\u0259m\u0259k \u00e7\u0259tin idi.\n<\/p>\n<p>\n  \u00dcmidverici c\u0259h\u0259t o idi ki, onlar\u0131n ham\u0131s\u0131 1616-1621-ci ill\u0259rd\u0259 k\u0259silmi\u015fdi. \u018fg\u0259r 1622-ci ild\u0259n sonraya aid olsayd\u0131lar, t\u0259bii ki, he\u00e7 c\u00fcr \u201cAto\u00e7a\u201dn\u0131n y\u00fck\u00fc ola bilm\u0259zdil\u0259r.\n<\/p>\n<p>\n  \u0130yulun 4-d\u0259 Fi\u015ferin ki\u00e7ik o\u011flu Keyn \u00fc\u00e7 q\u0131z\u0131l k\u00fcl\u00e7\u0259 tapd\u0131. Onlar\u0131n \u00fcz\u0259rind\u0259 Roma r\u0259q\u0259ml\u0259ri il\u0259 n\u00f6mr\u0259l\u0259r h\u0259kk olunmu\u015fdu. \u0130spaniya arxivl\u0259rind\u0259ki s\u0259n\u0259dd\u0259n \u00e7\u0131xar\u0131lan sur\u0259tl\u0259 tutu\u015fdurark\u0259n bu n\u00f6mr\u0259 onlar\u0131n &#8220;Ato\u00e7a&#8221;ya m\u0259xsus oldu\u011funu g\u00f6st\u0259rirdi. K\u00fcl\u00e7\u0259l\u0259rin \u00e7\u0259kil\u0259ri d\u0259 s\u0259n\u0259dd\u0259 g\u00f6st\u0259ril\u0259n q\u0259d\u0259r idi, 36 kiloqram.\n<\/p>\n<p>\n  Lakin bir ne\u00e7\u0259 azsayl\u0131 g\u00fcm\u00fc\u015f v\u0259 q\u0131z\u0131l artefakt istisna olmaqla k\u00fcl\u00e7\u0259l\u0259rin yan\u0131nda daha ba\u015fqa \u015fey tap\u0131lmad\u0131. G\u00f6r\u00fcn\u00fcr, qas\u0131r\u011fan\u0131n vurdu\u011fu &#8220;Ato\u00e7a&#8221; s\u0259rv\u0259tl\u0259rini suyun alt\u0131nda s\u0259p\u0259l\u0259y\u0259-s\u0259p\u0259l\u0259y\u0259 \u00fcz\u00fca\u015fa\u011f\u0131 getmi\u015fdi. Bununla bel\u0259, bu 3 k\u00fcl\u00e7\u0259 &#8220;Ato\u00e7a&#8221;n\u0131n s\u0259rv\u0259tl\u0259rinin tap\u0131la bil\u0259c\u0259yin\u0259 inam\u0131 art\u0131rd\u0131.\n<\/p>\n<figure class=\"wp-block-image size-large\">\n  <img decoding=\"async\" src=\"https:\/\/www.meydan.tv\/az\/116055\/\" alt=\"\" class=\"wp-image-116055\"\/><figcaption><\/figcaption><\/figure>\n<p>\n  1975-ci ilin iyulun 13-d\u0259 Mel Fi\u015ferin b\u00f6y\u00fck o\u011flu Dirk \u00fcst-\u00fcst\u0259 d\u00fc\u015fm\u00fc\u015f be\u015f b\u00fcr\u00fcnc top tapd\u0131. 30 metr aral\u0131da is\u0259 daha d\u00f6rd top vard\u0131. Bu \u0259razid\u0259 daha \u00fc\u00e7 q\u0131z\u0131l k\u00fcl\u00e7\u0259 v\u0259 \u00e7oxlu sayda g\u00fcm\u00fc\u015f pul topland\u0131. Tap\u0131nt\u0131 d\u0259fin\u0259 ov\u00e7ular\u0131n\u0131n b\u00f6y\u00fck sevincin\u0259 s\u0259b\u0259b oldu. He\u00e7 k\u0259s \u015f\u00fcbh\u0259 etmirdi ki, \u0259sas s\u0259rv\u0259tl\u0259r haradasa yax\u0131nl\u0131qdad\u0131r.\n<\/p>\n<p>\n  Lakin g\u00f6zl\u0259nildiyinin \u0259ksin\u0259 olaraq toplar\u0131n h\u0259nd\u0259v\u0259rind\u0259 ba\u015fqa bir \u015fey tap\u0131lmad\u0131. Bununla bel\u0259, tap\u0131nt\u0131 &#8220;Ato\u00e7a&#8221;n\u0131n batandan sonra getdiyi istiqam\u0259tin m\u00fc\u0259yy\u0259n olunmas\u0131nda m\u00fch\u00fcm rol oynad\u0131 &#8211; c\u0259nub-\u015f\u0259rq. Bu da axtar\u0131\u015flar\u0131 daha konkret istiqam\u0259td\u0259 aparmaq \u00fc\u00e7\u00fcn \u00e7ox \u00f6n\u0259mli idi.\n<\/p>\n<p>\n  Toplar\u0131n tap\u0131lmas\u0131ndan bir h\u0259ft\u0259 sonra, iyulun 20-d\u0259 is\u0259 faci\u0259 ba\u015f verdi. Gec\u0259l\u0259dikl\u0259ri qay\u0131\u011fa su dolmas\u0131 v\u0259 \u00e7evrilm\u0259si n\u0259tic\u0259sind\u0259 Dirk Fi\u015fer, arvad\u0131 Anjela v\u0259 daha bir dal\u011f\u0131c h\u0259lak oldu. Bununla axtar\u0131\u015flarda fasil\u0259 yarand\u0131. Mel Fi\u015fer b\u0259lk\u0259 ilk d\u0259f\u0259 i\u015fl\u0259ri dayand\u0131rmaq bar\u0259d\u0259 d\u00fc\u015f\u00fcnd\u00fc.\n<\/p>\n<p>\n  Fi\u015fer ail\u0259si \u00fczvl\u0259rinin dediyin\u0259 g\u00f6r\u0259, bu zaman onlar\u0131 d\u00fc\u015f\u00fcnd\u00fcr\u0259n &#8220;Dirk nec\u0259 ist\u0259rdi?&#8221; sual\u0131 idi. Sonda &#8220;Dirk y\u0259qin ki, i\u015fl\u0259rin davam etdirilm\u0259sini ist\u0259rdi&#8221; q\u0259na\u0259tin\u0259 g\u0259lindi v\u0259 iki ay sonra i\u015fl\u0259r b\u0259rpa olundu. Mel Fi\u015fer yen\u0259 d\u0259 h\u0259r s\u0259h\u0259r &#8220;O g\u00fcn &#8211; bu g\u00fcnd\u00fcr!&#8221; dem\u0259kd\u0259 davam edir.\n<\/p>\n<p>\n  &#8220;Ato\u00e7a&#8221; is\u0259 yen\u0259 d\u0259 gizl\u0259nm\u0259kd\u0259 davam edirdi. Ara-s\u0131ra q\u0131z\u0131l v\u0259 g\u00fcm\u00fc\u015f \u0259\u015fyalar tap\u0131l\u0131rd\u0131. G\u0259mi sanki gizl\u0259ndiyi istiqam\u0259t\u0259 do\u011fru ipucu verirdi. Lakin s\u0259rv\u0259tin \u0259sas hiss\u0259si tap\u0131lm\u0131rd\u0131.\n<\/p>\n<p>\n  1980-ci ilin yay\u0131nda yet\u0259rinc\u0259 geni\u015f \u0259raziy\u0259 s\u0259p\u0259l\u0259n\u0259n q\u0131z\u0131l v\u0259 g\u00fcm\u00fc\u015f k\u00fcl\u00e7\u0259l\u0259r, pullar, m\u00fcxt\u0259lif \u0259\u015fyalar tap\u0131ld\u0131. B\u00fct\u00fcn bu s\u0259rv\u0259tin d\u0259y\u0259ri 20 milyon dollar civar\u0131nda qiym\u0259tl\u0259ndirildi. Lakin ara\u015fd\u0131rma zaman\u0131 onlar\u0131n &#8220;Ato\u00e7a&#8221; il\u0259 eyni g\u00fcnd\u0259 batm\u0131\u015f &#8220;Santa-Marqarita&#8221; g\u0259misin\u0259 aid oldu\u011fu a\u015fkarland\u0131.\n<\/p>\n<p>\n  1983-c\u00fc ild\u0259 axtar\u0131\u015flar\u0131n \u0259n\u0259n\u0259vi c\u0259nub-\u015f\u0259rq x\u0259ttind\u0259n bir q\u0259d\u0259r \u015f\u0259rq\u0259 do\u011fru k\u0259narla\u015fan istiqam\u0259td\u0259 &#8220;Ato\u00e7a&#8221;ya aid bir ne\u00e7\u0259 artefakt v\u0259 mis k\u00fcl\u00e7\u0259l\u0259r tapd\u0131lar. Tap\u0131nt\u0131n\u0131n maddi d\u0259y\u0259ri el\u0259 d\u0259 b\u00f6y\u00fck deyildi, lakin dal\u011f\u0131clara yeni istiqam\u0259tin g\u00f6st\u0259rilm\u0259si bax\u0131m\u0131ndan \u0259h\u0259miyy\u0259tli idi. Keyn Fi\u015ferin r\u0259hb\u0259rlik etdiyi qrup m\u0259hz bu istiqam\u0259ti ara\u015fd\u0131rma\u011fa ba\u015flay\u0131r.\n<\/p>\n<p>\n  20 iyul 1985-ci il, Dirk Fi\u015ferin \u00f6l\u00fcm\u00fcn\u00fcn 10-cu ild\u00f6n\u00fcm\u00fc g\u00fcn\u00fc. \u0130ki dal\u011f\u0131c d\u0259nizin dibini maqnitometrl\u0259 axtarmaqda davam edirl\u0259r. Q\u0259fild\u0259n onlardan biri dig\u0259rinin k\u00fcr\u0259yin\u0259 vuraraq barma\u011f\u0131n\u0131 harasa uzad\u0131r. Onun g\u00f6st\u0259rdiyi istiqam\u0259td\u0259 qaya par\u00e7as\u0131n\u0131 xat\u0131rladan bir \u015fey var. H\u00fcnd\u00fcrl\u00fcy\u00fc 1 metr\u0259 \u00e7atan, uzunlu\u011fu 22 metr, eni 6 metr olan qaya par\u00e7as\u0131.\n<\/p>\n<p>\n  Lakin yax\u0131nla\u015fanda m\u0259lum olur ki, bunlar \u00fcst-\u00fcst\u0259 toplanm\u0131\u015f y\u00fczl\u0259rl\u0259 g\u00fcm\u00fc\u015f k\u00fcl\u00e7\u0259l\u0259rdir. &#8220;Ato\u00e7a&#8221;n\u0131n k\u00fcl\u00e7\u0259l\u0259ri! Mel Fi\u015fer 16 il \u0259rzind\u0259 axtard\u0131\u011f\u0131 s\u0259rv\u0259ti n\u0259hay\u0259t ki, tapd\u0131. Burada 363 il \u0259rzind\u0259 bir-birin\u0259 yap\u0131\u015faraq qalm\u0131\u015f 1000-d\u0259n art\u0131q k\u00fcl\u00e7\u0259 vard\u0131.\n<\/p>\n<p>\n  X\u0259b\u0259ri \u201cTreasure Salvors\u201d \u015firk\u0259tinin ofisin\u0259 \u00f6t\u00fcr\u0259nd\u0259 Mel Fi\u015fer orada deyildi. A\u011f\u0131la g\u0259l\u0259n b\u00fct\u00fcn yerl\u0259ri axtard\u0131lar, lakin tapmad\u0131lar. M\u0259cbur qal\u0131b yerli radioda elan verdil\u0259r. Yol\u00fcst\u00fc ki\u00e7ik barlar\u0131n birin\u0259 gir\u0259r\u0259k s\u0259rinl\u0259\u015fdirici i\u00e7ki i\u00e7\u0259n Mel bu elan say\u0259sind\u0259 anlad\u0131 ki, h\u0259min g\u00fcn &#8211; bu g\u00fcnd\u00fcr, 20 iyul 1985-ci il.\n<\/p>\n<p>\n  \u00dcmumi \u00e7\u0259kisi 40 tondan art\u0131q olan g\u00fcm\u00fc\u015f k\u00fcl\u00e7\u0259l\u0259rin yan\u0131nda 114 min \u0259d\u0259d g\u00fcm\u00fc\u015f pul, 3200 \u0259d\u0259d cilalanmam\u0131\u015f z\u00fcmr\u00fcd tap\u0131ld\u0131. Bu z\u00fcmr\u00fcdl\u0259r g\u0259minin s\u0259n\u0259dl\u0259rind\u0259 qeyd olunmam\u0131\u015fd\u0131, qa\u00e7aqmal idi. Tap\u0131lan s\u0259rv\u0259tin \u00fcmumi d\u0259y\u0259ri sonralar 450 milyon civar\u0131nda qiym\u0259tl\u0259ndiril\u0259c\u0259k!\n<\/p>\n<p>\n  ***\n<\/p>\n<p>\n  Florida \u015ftat\u0131 \u00f6z sahill\u0259ri yax\u0131nl\u0131\u011f\u0131nda batan g\u0259mid\u0259n tap\u0131lan s\u0259rv\u0259tl\u0259rd\u0259 haqq\u0131 oldu\u011funu iddia edir v\u0259 25% pay ist\u0259yirdi. \u0130ll\u0259rl\u0259 s\u00fcr\u0259n m\u0259hk\u0259m\u0259 \u00e7\u0259ki\u015fm\u0259l\u0259rind\u0259n sonra AB\u015e Ali M\u0259hk\u0259m\u0259si 1992-ci ild\u0259 \u015ftat\u0131n iddias\u0131n\u0131 \u0259sass\u0131z hesab etdi v\u0259 tap\u0131lan s\u0259rv\u0259t \u00fcz\u0259rind\u0259 Mel Fi\u015ferin \u015f\u0259riksiz h\u00fcququnu tan\u0131d\u0131.\n<\/p>\n<p>\n  Onu da qeyd ed\u0259k ki, tap\u0131lan qiym\u0259tli \u0259\u015fyalar &#8220;Ato\u00e7a&#8221;n\u0131n s\u0259rv\u0259tinin yaln\u0131z yar\u0131s\u0131n\u0131 t\u0259\u015fkil edir. \u0130ndiki qiym\u0259tl\u0259rl\u0259 500 milyon dollar d\u0259y\u0259rind\u0259 s\u0259rv\u0259tin h\u0259l\u0259 d\u0259 d\u0259nizin dibind\u0259 oldu\u011fu g\u00fcman edilir. Bir \u00f6z\u0259l m\u0259ktuba \u0259sas\u0259n \u201cAto\u00e7a\u201dda 32 kq qa\u00e7aqmal z\u00fcmr\u00fcd\u00fcn oldu\u011fu t\u0259xmin edilir. \u0130ndi tap\u0131lanlar\u0131n \u00e7\u0259kisi is\u0259 he\u00e7 3 kq etmir.\n<\/p>\n<p>\n  Mel Fi\u015fer 1998-ci ild\u0259 v\u0259fat ets\u0259 d\u0259, \u00f6vladlar\u0131, h\u0259tta n\u0259v\u0259l\u0259ri axtar\u0131\u015flar\u0131 davam etdirirl\u0259r. H\u0259rd\u0259n qiym\u0259tli \u0259\u015fyalar tap\u0131rlar. M\u0259s\u0259l\u0259n, 2011-ci ild\u0259 tap\u0131lan v\u0259 g\u00fcman ki, z\u0259ngin s\u0259rni\u015finl\u0259rd\u0259n birin\u0259 m\u0259xsus olan 10 karatl\u0131q z\u00fcmr\u00fcd qa\u015fl\u0131 \u00fcz\u00fcy\u0259 m\u00fct\u0259x\u0259ssisl\u0259r t\u0259r\u0259find\u0259n 500 min dollar qiym\u0259t qoyuldu.\n<\/p>\n<p>\n  ***\n<\/p>\n<p>\n  Otuzillik m\u00fcharib\u0259nin n\u0259tic\u0259l\u0259ri Avropada dinin siyas\u0259t\u0259 t\u0259sirini xeyli azaltd\u0131. Bir \u0259sr davam ed\u0259n m\u0259zh\u0259b m\u00fcharib\u0259l\u0259rin\u0259 son qoyuldu, d\u00f6z\u00fcml\u00fcl\u00fckd\u0259n ba\u015fqa yol olmad\u0131\u011f\u0131 q\u0259bul edildi. \u0130ndi d\u00f6vl\u0259tl\u0259r xan\u0259dan, milli v\u0259 iqtisadi maraqlara \u0259saslanan xarici siyas\u0259t y\u00fcr\u00fcd\u00fcrd\u00fcl\u0259r.\n<\/p>\n<p>\n  M\u00fcharib\u0259d\u0259n sonra Vestfal beyn\u0259lxalq m\u00fcnasib\u0259tl\u0259r sistemi formala\u015fd\u0131. Bu sistem &#8220;tarixi h\u0259qiq\u0259t&#8221; h\u00fcququnu r\u0259dd etdi. M\u0259hz Vestfal s\u00fclh\u00fc il\u0259 milli d\u00f6vl\u0259tl\u0259r prinsipi q\u0259bul edildi. Bu sistemin bir \u00e7ox prinsipi h\u0259tta bu g\u00fcn d\u0259 f\u0259aliyy\u0259t g\u00f6st\u0259rir. M\u00fcasir Avropan\u0131n b\u00fcn\u00f6vr\u0259sinin m\u0259hz Otuzillik m\u00fcharib\u0259d\u0259n sonra qoyuldu\u011funu s\u00f6yl\u0259m\u0259y\u0259 xeyli \u0259saslar var.\n<\/p>\n<p>\n  B\u00fct\u00fcn bunlar \u0130spaniyan\u0131n daxil oldu\u011fu koalisiyan\u0131n m\u0259\u011flubiyy\u0259ti n\u0259tic\u0259sind\u0259 m\u00fcmk\u00fcn oldu. Kim bilir, b\u0259lk\u0259 d\u0259 &#8220;Nuestra Senyora de Ato\u00e7a&#8221; g\u0259misi batmasayd\u0131 v\u0259 ispan kral\u0131n\u0131n k\u0259skin ehtiyac\u0131 olan s\u0259rv\u0259tl\u0259ri \u00f6z\u00fc il\u0259 d\u0259nizin dibin\u0259 aparmasayd\u0131, indi tamamil\u0259 ba\u015fqa, he\u00e7 d\u0259 daha yax\u015f\u0131 olmayan d\u00fcnyada ya\u015fayard\u0131q?<\/p>\n","protected":false},"excerpt":{"rendered":"<p>O g\u00fcn \u2013 bu g\u00fcnd\u00fcr!<\/p>\n","protected":false},"author":11,"featured_media":116037,"comment_status":"closed","ping_status":"open","sticky":false,"template":"","format":"standard","meta":{"_acf_changed":false,"_sitemap_exclude":false,"_sitemap_priority":"","_sitemap_frequency":"","footnotes":""},"categories":[51],"tags":[],"class_list":["post-193529","post","type-post","status-publish","format-standard","has-post-thumbnail","hentry","category-analitika","infinite-scroll-item","generate-columns","tablet-grid-50","mobile-grid-100","grid-parent","grid-33","no-featured-image-padding"],"acf":[],"yoast_head":"<!-- This site is optimized with the Yoast SEO plugin v27.4 - https:\/\/yoast.com\/product\/yoast-seo-wordpress\/ -->\n<title>&#039;&#039;Ato\u00e7a&#039;&#039;n\u0131n s\u0259rv\u0259tl\u0259ri - MEYDAN.TV<\/title>\n<meta name=\"robots\" content=\"index, follow, max-snippet:-1, max-image-preview:large, max-video-preview:-1\" \/>\n<link rel=\"canonical\" href=\"https:\/\/www.meydan.tv\/az\/article\/atocanin-servetleri\/\" \/>\n<meta property=\"og:locale\" content=\"az_AZ\" \/>\n<meta property=\"og:type\" content=\"article\" \/>\n<meta property=\"og:title\" content=\"&#039;&#039;Ato\u00e7a&#039;&#039;n\u0131n s\u0259rv\u0259tl\u0259ri - MEYDAN.TV\" \/>\n<meta property=\"og:description\" content=\"O g\u00fcn \u2013 bu g\u00fcnd\u00fcr!\" \/>\n<meta property=\"og:url\" content=\"https:\/\/www.meydan.tv\/az\/article\/atocanin-servetleri\/\" \/>\n<meta property=\"og:site_name\" content=\"MEYDAN.TV\" \/>\n<meta property=\"article:published_time\" content=\"2019-01-16T19:16:14+00:00\" \/>\n<meta property=\"og:image\" content=\"https:\/\/www.meydan.tv\/wp-content\/uploads\/46241.jpg\" \/>\n\t<meta property=\"og:image:width\" content=\"690\" \/>\n\t<meta property=\"og:image:height\" content=\"506\" \/>\n\t<meta property=\"og:image:type\" content=\"image\/jpeg\" \/>\n<meta name=\"author\" content=\"user-manager\" \/>\n<meta name=\"twitter:card\" content=\"summary_large_image\" \/>\n<script type=\"application\/ld+json\" class=\"yoast-schema-graph\">{\"@context\":\"https:\\\/\\\/schema.org\",\"@graph\":[{\"@type\":\"Article\",\"@id\":\"https:\\\/\\\/www.meydan.tv\\\/az\\\/article\\\/atocanin-servetleri\\\/#article\",\"isPartOf\":{\"@id\":\"https:\\\/\\\/www.meydan.tv\\\/az\\\/article\\\/atocanin-servetleri\\\/\"},\"author\":{\"name\":\"user-manager\",\"@id\":\"https:\\\/\\\/www.meydan.tv\\\/az\\\/#\\\/schema\\\/person\\\/10d11eccf6da3662cf5fdab9806ea91a\"},\"headline\":\"&#8221;Ato\u00e7a&#8221;n\u0131n s\u0259rv\u0259tl\u0259ri\",\"datePublished\":\"2019-01-16T19:16:14+00:00\",\"mainEntityOfPage\":{\"@id\":\"https:\\\/\\\/www.meydan.tv\\\/az\\\/article\\\/atocanin-servetleri\\\/\"},\"wordCount\":3728,\"publisher\":{\"@id\":\"https:\\\/\\\/www.meydan.tv\\\/az\\\/#organization\"},\"image\":{\"@id\":\"https:\\\/\\\/www.meydan.tv\\\/az\\\/article\\\/atocanin-servetleri\\\/#primaryimage\"},\"thumbnailUrl\":\"https:\\\/\\\/www.meydan.tv\\\/wp-content\\\/uploads\\\/46241.jpg\",\"articleSection\":[\"Analitika\"],\"inLanguage\":\"az\"},{\"@type\":\"WebPage\",\"@id\":\"https:\\\/\\\/www.meydan.tv\\\/az\\\/article\\\/atocanin-servetleri\\\/\",\"url\":\"https:\\\/\\\/www.meydan.tv\\\/az\\\/article\\\/atocanin-servetleri\\\/\",\"name\":\"''Ato\u00e7a''n\u0131n s\u0259rv\u0259tl\u0259ri - MEYDAN.TV\",\"isPartOf\":{\"@id\":\"https:\\\/\\\/www.meydan.tv\\\/az\\\/#website\"},\"primaryImageOfPage\":{\"@id\":\"https:\\\/\\\/www.meydan.tv\\\/az\\\/article\\\/atocanin-servetleri\\\/#primaryimage\"},\"image\":{\"@id\":\"https:\\\/\\\/www.meydan.tv\\\/az\\\/article\\\/atocanin-servetleri\\\/#primaryimage\"},\"thumbnailUrl\":\"https:\\\/\\\/www.meydan.tv\\\/wp-content\\\/uploads\\\/46241.jpg\",\"datePublished\":\"2019-01-16T19:16:14+00:00\",\"breadcrumb\":{\"@id\":\"https:\\\/\\\/www.meydan.tv\\\/az\\\/article\\\/atocanin-servetleri\\\/#breadcrumb\"},\"inLanguage\":\"az\",\"potentialAction\":[{\"@type\":\"ReadAction\",\"target\":[\"https:\\\/\\\/www.meydan.tv\\\/az\\\/article\\\/atocanin-servetleri\\\/\"]}]},{\"@type\":\"ImageObject\",\"inLanguage\":\"az\",\"@id\":\"https:\\\/\\\/www.meydan.tv\\\/az\\\/article\\\/atocanin-servetleri\\\/#primaryimage\",\"url\":\"https:\\\/\\\/www.meydan.tv\\\/wp-content\\\/uploads\\\/46241.jpg\",\"contentUrl\":\"https:\\\/\\\/www.meydan.tv\\\/wp-content\\\/uploads\\\/46241.jpg\",\"width\":690,\"height\":506,\"caption\":\"Source:\"},{\"@type\":\"BreadcrumbList\",\"@id\":\"https:\\\/\\\/www.meydan.tv\\\/az\\\/article\\\/atocanin-servetleri\\\/#breadcrumb\",\"itemListElement\":[{\"@type\":\"ListItem\",\"position\":1,\"name\":\"Ana s\u0259hif\u0259\",\"item\":\"https:\\\/\\\/www.meydan.tv\\\/az\\\/\"},{\"@type\":\"ListItem\",\"position\":2,\"name\":\"Analitika\",\"item\":\"https:\\\/\\\/www.meydan.tv\\\/az\\\/section\\\/analitika\\\/\"},{\"@type\":\"ListItem\",\"position\":3,\"name\":\"&#8221;Ato\u00e7a&#8221;n\u0131n s\u0259rv\u0259tl\u0259ri\"}]},{\"@type\":\"WebSite\",\"@id\":\"https:\\\/\\\/www.meydan.tv\\\/az\\\/#website\",\"url\":\"https:\\\/\\\/www.meydan.tv\\\/az\\\/\",\"name\":\"MEYDAN.TV\",\"description\":\"Meydan TV Az\u0259rbaycan\u0131n media m\u0259kan\u0131ndak\u0131 alternativ s\u0259sidir\",\"publisher\":{\"@id\":\"https:\\\/\\\/www.meydan.tv\\\/az\\\/#organization\"},\"potentialAction\":[{\"@type\":\"SearchAction\",\"target\":{\"@type\":\"EntryPoint\",\"urlTemplate\":\"https:\\\/\\\/www.meydan.tv\\\/az\\\/?s={search_term_string}\"},\"query-input\":{\"@type\":\"PropertyValueSpecification\",\"valueRequired\":true,\"valueName\":\"search_term_string\"}}],\"inLanguage\":\"az\"},{\"@type\":\"Organization\",\"@id\":\"https:\\\/\\\/www.meydan.tv\\\/az\\\/#organization\",\"name\":\"Meydan TV\",\"url\":\"https:\\\/\\\/www.meydan.tv\\\/az\\\/\",\"logo\":{\"@type\":\"ImageObject\",\"inLanguage\":\"az\",\"@id\":\"https:\\\/\\\/www.meydan.tv\\\/az\\\/#\\\/schema\\\/logo\\\/image\\\/\",\"url\":\"https:\\\/\\\/www.meydan.tv\\\/wp-content\\\/uploads\\\/2021\\\/07\\\/meydan-logo.svg\",\"contentUrl\":\"https:\\\/\\\/www.meydan.tv\\\/wp-content\\\/uploads\\\/2021\\\/07\\\/meydan-logo.svg\",\"width\":195,\"height\":46,\"caption\":\"Meydan TV\"},\"image\":{\"@id\":\"https:\\\/\\\/www.meydan.tv\\\/az\\\/#\\\/schema\\\/logo\\\/image\\\/\"}},{\"@type\":\"Person\",\"@id\":\"https:\\\/\\\/www.meydan.tv\\\/az\\\/#\\\/schema\\\/person\\\/10d11eccf6da3662cf5fdab9806ea91a\",\"name\":\"user-manager\"}]}<\/script>\n<!-- \/ Yoast SEO plugin. -->","yoast_head_json":{"title":"''Ato\u00e7a''n\u0131n s\u0259rv\u0259tl\u0259ri - MEYDAN.TV","robots":{"index":"index","follow":"follow","max-snippet":"max-snippet:-1","max-image-preview":"max-image-preview:large","max-video-preview":"max-video-preview:-1"},"canonical":"https:\/\/www.meydan.tv\/az\/article\/atocanin-servetleri\/","og_locale":"az_AZ","og_type":"article","og_title":"''Ato\u00e7a''n\u0131n s\u0259rv\u0259tl\u0259ri - MEYDAN.TV","og_description":"O g\u00fcn \u2013 bu g\u00fcnd\u00fcr!","og_url":"https:\/\/www.meydan.tv\/az\/article\/atocanin-servetleri\/","og_site_name":"MEYDAN.TV","article_published_time":"2019-01-16T19:16:14+00:00","og_image":[{"width":690,"height":506,"url":"https:\/\/www.meydan.tv\/wp-content\/uploads\/46241.jpg","type":"image\/jpeg"}],"author":"user-manager","twitter_card":"summary_large_image","schema":{"@context":"https:\/\/schema.org","@graph":[{"@type":"Article","@id":"https:\/\/www.meydan.tv\/az\/article\/atocanin-servetleri\/#article","isPartOf":{"@id":"https:\/\/www.meydan.tv\/az\/article\/atocanin-servetleri\/"},"author":{"name":"user-manager","@id":"https:\/\/www.meydan.tv\/az\/#\/schema\/person\/10d11eccf6da3662cf5fdab9806ea91a"},"headline":"&#8221;Ato\u00e7a&#8221;n\u0131n s\u0259rv\u0259tl\u0259ri","datePublished":"2019-01-16T19:16:14+00:00","mainEntityOfPage":{"@id":"https:\/\/www.meydan.tv\/az\/article\/atocanin-servetleri\/"},"wordCount":3728,"publisher":{"@id":"https:\/\/www.meydan.tv\/az\/#organization"},"image":{"@id":"https:\/\/www.meydan.tv\/az\/article\/atocanin-servetleri\/#primaryimage"},"thumbnailUrl":"https:\/\/www.meydan.tv\/wp-content\/uploads\/46241.jpg","articleSection":["Analitika"],"inLanguage":"az"},{"@type":"WebPage","@id":"https:\/\/www.meydan.tv\/az\/article\/atocanin-servetleri\/","url":"https:\/\/www.meydan.tv\/az\/article\/atocanin-servetleri\/","name":"''Ato\u00e7a''n\u0131n s\u0259rv\u0259tl\u0259ri - MEYDAN.TV","isPartOf":{"@id":"https:\/\/www.meydan.tv\/az\/#website"},"primaryImageOfPage":{"@id":"https:\/\/www.meydan.tv\/az\/article\/atocanin-servetleri\/#primaryimage"},"image":{"@id":"https:\/\/www.meydan.tv\/az\/article\/atocanin-servetleri\/#primaryimage"},"thumbnailUrl":"https:\/\/www.meydan.tv\/wp-content\/uploads\/46241.jpg","datePublished":"2019-01-16T19:16:14+00:00","breadcrumb":{"@id":"https:\/\/www.meydan.tv\/az\/article\/atocanin-servetleri\/#breadcrumb"},"inLanguage":"az","potentialAction":[{"@type":"ReadAction","target":["https:\/\/www.meydan.tv\/az\/article\/atocanin-servetleri\/"]}]},{"@type":"ImageObject","inLanguage":"az","@id":"https:\/\/www.meydan.tv\/az\/article\/atocanin-servetleri\/#primaryimage","url":"https:\/\/www.meydan.tv\/wp-content\/uploads\/46241.jpg","contentUrl":"https:\/\/www.meydan.tv\/wp-content\/uploads\/46241.jpg","width":690,"height":506,"caption":"Source:"},{"@type":"BreadcrumbList","@id":"https:\/\/www.meydan.tv\/az\/article\/atocanin-servetleri\/#breadcrumb","itemListElement":[{"@type":"ListItem","position":1,"name":"Ana s\u0259hif\u0259","item":"https:\/\/www.meydan.tv\/az\/"},{"@type":"ListItem","position":2,"name":"Analitika","item":"https:\/\/www.meydan.tv\/az\/section\/analitika\/"},{"@type":"ListItem","position":3,"name":"&#8221;Ato\u00e7a&#8221;n\u0131n s\u0259rv\u0259tl\u0259ri"}]},{"@type":"WebSite","@id":"https:\/\/www.meydan.tv\/az\/#website","url":"https:\/\/www.meydan.tv\/az\/","name":"MEYDAN.TV","description":"Meydan TV Az\u0259rbaycan\u0131n media m\u0259kan\u0131ndak\u0131 alternativ s\u0259sidir","publisher":{"@id":"https:\/\/www.meydan.tv\/az\/#organization"},"potentialAction":[{"@type":"SearchAction","target":{"@type":"EntryPoint","urlTemplate":"https:\/\/www.meydan.tv\/az\/?s={search_term_string}"},"query-input":{"@type":"PropertyValueSpecification","valueRequired":true,"valueName":"search_term_string"}}],"inLanguage":"az"},{"@type":"Organization","@id":"https:\/\/www.meydan.tv\/az\/#organization","name":"Meydan TV","url":"https:\/\/www.meydan.tv\/az\/","logo":{"@type":"ImageObject","inLanguage":"az","@id":"https:\/\/www.meydan.tv\/az\/#\/schema\/logo\/image\/","url":"https:\/\/www.meydan.tv\/wp-content\/uploads\/2021\/07\/meydan-logo.svg","contentUrl":"https:\/\/www.meydan.tv\/wp-content\/uploads\/2021\/07\/meydan-logo.svg","width":195,"height":46,"caption":"Meydan TV"},"image":{"@id":"https:\/\/www.meydan.tv\/az\/#\/schema\/logo\/image\/"}},{"@type":"Person","@id":"https:\/\/www.meydan.tv\/az\/#\/schema\/person\/10d11eccf6da3662cf5fdab9806ea91a","name":"user-manager"}]}},"_links":{"self":[{"href":"https:\/\/www.meydan.tv\/az\/wp-json\/wp\/v2\/posts\/193529","targetHints":{"allow":["GET"]}}],"collection":[{"href":"https:\/\/www.meydan.tv\/az\/wp-json\/wp\/v2\/posts"}],"about":[{"href":"https:\/\/www.meydan.tv\/az\/wp-json\/wp\/v2\/types\/post"}],"author":[{"embeddable":true,"href":"https:\/\/www.meydan.tv\/az\/wp-json\/wp\/v2\/users\/11"}],"replies":[{"embeddable":true,"href":"https:\/\/www.meydan.tv\/az\/wp-json\/wp\/v2\/comments?post=193529"}],"version-history":[{"count":0,"href":"https:\/\/www.meydan.tv\/az\/wp-json\/wp\/v2\/posts\/193529\/revisions"}],"wp:featuredmedia":[{"embeddable":true,"href":"https:\/\/www.meydan.tv\/az\/wp-json\/wp\/v2\/media\/116037"}],"wp:attachment":[{"href":"https:\/\/www.meydan.tv\/az\/wp-json\/wp\/v2\/media?parent=193529"}],"wp:term":[{"taxonomy":"category","embeddable":true,"href":"https:\/\/www.meydan.tv\/az\/wp-json\/wp\/v2\/categories?post=193529"},{"taxonomy":"post_tag","embeddable":true,"href":"https:\/\/www.meydan.tv\/az\/wp-json\/wp\/v2\/tags?post=193529"}],"curies":[{"name":"wp","href":"https:\/\/api.w.org\/{rel}","templated":true}]}}