{"id":193512,"date":"2019-01-15T18:36:03","date_gmt":"2019-01-15T18:36:03","guid":{"rendered":"https:\/\/www.meydan.tv\/article\/bize-edilen-cuzi-yardima-gore-birdefelik-odemeden-imtina-etdiler\/"},"modified":"2019-01-15T18:36:03","modified_gmt":"2019-01-15T18:36:03","slug":"bize-edilen-cuzi-yardima-gore-birdefelik-odemeden-imtina-etdiler","status":"publish","type":"post","link":"https:\/\/www.meydan.tv\/az\/article\/bize-edilen-cuzi-yardima-gore-birdefelik-odemeden-imtina-etdiler\/","title":{"rendered":"&#8221;Biz\u0259 edil\u0259n c\u00fczi yard\u0131ma g\u00f6r\u0259 bird\u0259f\u0259lik \u00f6d\u0259m\u0259d\u0259n imtina etdil\u0259r&#8221;"},"content":{"rendered":"<figure class=\"wp-block-image size-large\">\n  <img decoding=\"async\" src=\"https:\/\/www.meydan.tv\/az\/115905\/\" alt=\"\" class=\"wp-image-115905\"\/><figcaption><\/figcaption><\/figure>\n<p>\n  <i><br \/>\n    \u015e\u0259hid anas\u0131 prezident\u0259 m\u00fcraci\u0259t \u00fcnvanlay\u0131b<br \/>\n  <\/i>\n<\/p>\n<p>\n  \u201cO\u011flum 1994-c\u00fc ild\u0259 \u015f\u0259hid olub. O vaxt r\u0259hm\u0259tlik yolda\u015f\u0131m M\u0259mm\u0259d\u0259liy\u0259 o\u011flum Faiq\u0259 g\u00f6r\u0259 d\u0259fn pulu verildi. T\u0259xmin\u0259n 30-40 \u201c\u015firvan\u201d pul (o vaxt\u0131n kursuna g\u00f6r\u0259 90 dollar) \u00f6d\u0259mi\u015fdil\u0259r. Evd\u0259 m\u0259sl\u0259h\u0259tl\u0259\u015fdik, h\u0259min pula 7-8 qoyun ald\u0131q v\u0259 baxma\u011fa ba\u015flad\u0131q\u201d.\n<\/p>\n<p>\n  \u015e\u0259ki rayonunun A\u015fa\u011f\u0131 G\u00f6yn\u00fck k\u0259ndind\u0259 ya\u015fayan \u015f\u0259hid anas\u0131 M\u0259hkur\u0259 Zamanova bel\u0259 deyir. O, 5 o\u011ful, 3 q\u0131z anas\u0131d\u0131r. \u0130tirdiyi o\u011flu Faiq u\u015faqlar\u0131n\u0131n \u0259n b\u00f6y\u00fcy\u00fc olub:\n<\/p>\n<p>\n  \u201c\u0130tirdim, torpa\u011fa verdik. Bu v\u0259t\u0259n\u0259 g\u00f6r\u0259. Amma bir \u015f\u0259hid ail\u0259si olaraq 27 yanvar 1994-c\u00fc ild\u0259n bug\u00fcn\u0259 q\u0259d\u0259r bizim g\u00f6rd\u00fcy\u00fcm\u00fcz bu 40 \u201c\u015firvan\u201d pul olub. Biz\u0259 n\u0259 bir ev, n\u0259 bir torpaq sah\u0259si, n\u0259 avtomobil, n\u0259 maddi yard\u0131m, he\u00e7 n\u0259 verilm\u0259yib. H\u0259dd\u0259n art\u0131q kas\u0131b v\u0259ziyy\u0259td\u0259 ya\u015fasaq da, d\u00f6vl\u0259t idar\u0259l\u0259rind\u0259n n\u0259 is\u0259 ist\u0259m\u0259yi, qap\u0131lar d\u00f6ym\u0259yi q\u00fcrurumuza s\u0131\u011f\u0131\u015fd\u0131rmam\u0131\u015f\u0131q\u201d.\n<\/p>\n<p>\n  M.Zamanova deyir ki, 1994-c\u00fc il\u0259 q\u0259d\u0259r u\u00e7uq-s\u00f6k\u00fck bir daxmada 8 u\u015faq b\u00f6y\u00fcd\u00fcb. B\u00f6y\u00fck o\u011flu Faiqi d\u0259 el\u0259 h\u0259min daxmadan \u00f6nc\u0259 iki illik \u0259sg\u0259rliy\u0259, sonra da 1992-ci ild\u0259 Qaraba\u011f M\u00fcharib\u0259sin\u0259 yola sal\u0131b:\n<\/p>\n<p>\n  \u201cFaiq c\u0259bh\u0259y\u0259 getm\u0259mi\u015fd\u0259n \u0259vv\u0259l G\u00fcrc\u00fcstana getdi. Muzdla i\u015fl\u0259di. H\u0259min pula h\u0259y\u0259timizd\u0259 da\u015fdan ev tikm\u0259k ist\u0259yirdi. T\u0259\u0259ss\u00fcf ki, 1994-c\u00fc ild\u0259 onun tikdiyi, lakin ba\u015fa \u00e7atd\u0131ra bilm\u0259diyi evin da\u015f divarlar\u0131 aras\u0131na onun tabutu \u201cqonaq\u201d oldu\u201d.\n<\/p>\n<p>\n  Ana deyir ki, indiy\u0259d\u0259k o\u011fluna g\u00f6r\u0259 onlara olunan bird\u0259f\u0259lik yard\u0131mdan ba\u015fqa, he\u00e7 n\u0259yi q\u0259bul etm\u0259yib. H\u0259tta kolxozdan bayramlarda g\u00f6nd\u0259ril\u0259n paylar\u0131 da geri qaytar\u0131b:\n<\/p>\n<p>\n  \u201cAmma ail\u0259miz\u0259 \u0259n \u00e7ox t\u0259sir ed\u0259n prezidentin s\u0259r\u0259ncam\u0131 \u0259sas\u0131nda \u015f\u0259hid ail\u0259l\u0259ri v\u0259r\u0259s\u0259l\u0259rin\u0259 ayr\u0131lan 11000 manat pulun D\u00f6vl\u0259t S\u0131\u011forta Kommersiya T\u0259\u015fkilat\u0131n\u0131n verdiyi \u201c5-6 manata\u201d g\u00f6r\u0259 verilm\u0259m\u0259si oldu. Bu, biz\u0259 m\u0259n\u0259vi t\u0259r\u0259fd\u0259n \u00e7ox pis t\u0259sir g\u00f6st\u0259rdi. O vaxt \u00f6d\u0259dikl\u0259ri kursa g\u00f6r\u0259 100 dollar\u0131 bu g\u00fcn 500 dollar kimi hesablay\u0131b, dey\u0259rdil\u0259r ki, n\u0259z\u0259rd\u0259 tutulan 11000 manatdan 800 manat \u00e7\u0131x\u0131b, qalan\u0131n\u0131 siz\u0259 veririk. Bunu etm\u0259dil\u0259r, \u0259ksin\u0259, bizi yard\u0131mdan m\u0259hrum etdil\u0259r\u201d.\n<\/p>\n<p>\n  M\u0259hkur\u0259 Zamanova deyir ki, vaxtil\u0259 \u00f6d\u0259dikl\u0259ri 90 dollara g\u00f6r\u0259 bu g\u00fcn bird\u0259f\u0259lik \u00f6d\u0259m\u0259d\u0259n imtina etm\u0259l\u0259ri ba\u015fa d\u00fc\u015f\u00fcl\u0259n deyil:\n<\/p>\n<p>\n  \u201cHe\u00e7 olmasa \u015f\u0259hidin \u201cqan pulu\u201dna g\u00f6z dik\u0259nl\u0259r \u0259vv\u0259lc\u0259 erm\u0259nil\u0259rd\u0259n soru\u015fayd\u0131lar ki, siz niy\u0259 1993-c\u00fc ild\u0259 Z\u0259ngilan c\u0259bh\u0259sind\u0259 Daxili Qo\u015funlar batalyonunun pe\u015f\u0259kar d\u00f6y\u00fc\u015f\u00e7\u00fcs\u00fc olmaqla yana\u015f\u0131 tibb v\u0259 maliyy\u0259 xidm\u0259ti r\u0259hb\u0259ri v\u0259zif\u0259l\u0259rini icra ed\u0259n ba\u015f \u00e7avu\u015f \u201c\u015e\u0259kili Faiq\u201din ba\u015f\u0131na 3 milyon rubl pul qoymu\u015fdunuz?\u201d\n<\/p>\n<figure class=\"wp-block-image size-large\">\n  <img decoding=\"async\" src=\"https:\/\/www.meydan.tv\/az\/115911\/\" alt=\"\" class=\"wp-image-115911\"\/><figcaption><\/figcaption><\/figure>\n<p>\n  Ana deyir ki, o\u011flunun d\u00f6y\u00fc\u015f yolda\u015flar\u0131 bu bar\u0259d\u0259 ona dan\u0131\u015f\u0131blar. \u00c7\u00fcnki Z\u0259ngilan\u0131n son g\u00fcn\u00fcn\u0259 q\u0259d\u0259r Faiqin batalyonu, artilleriya alay\u0131n\u0131n d\u00f6y\u00fc\u015f\u00e7\u00fcl\u0259ril\u0259 birlikd\u0259 d\u00fc\u015fm\u0259nin muzdlulardan ibar\u0259t pe\u015f\u0259karlar\u0131n\u0131n b\u00fct\u00fcn s\u0259rh\u0259d boyu h\u00fccumlar\u0131n\u0131n qar\u015f\u0131s\u0131n\u0131 al\u0131b v\u0259 qar\u015f\u0131 t\u0259r\u0259f h\u0259r h\u00fccumdan sonra xeyli canl\u0131 q\u00fcvv\u0259 itir\u0259r\u0259k geri \u00e7\u0259kilm\u0259k m\u0259cburiyy\u0259tind\u0259 qal\u0131b:\n<\/p>\n<p>\n  \u201cR\u0259hm\u0259tlik Faiq \u0259vv\u0259ll\u0259r Almaniyada h\u0259rbi xidm\u0259td\u0259 olub v\u0259 pe\u015f\u0259kar bir h\u0259rb\u00e7i kimi Qaraba\u011f d\u00f6y\u00fc\u015fl\u0259rinin \u0259n q\u0131z\u011f\u0131n yerl\u0259rind\u0259 i\u015ftirak edib\u201d.\n<\/p>\n<p>\n  M\u0259hkur\u0259 Zamanova deyir ki, Z\u0259ngilan\u0131n i\u015f\u011fal\u0131ndan sonra Faiq F\u00fczuli rayonu istiqam\u0259tind\u0259 d\u00f6y\u00fc\u015fl\u0259rd\u0259 i\u015ftirak edib. Horadiz q\u0259s\u0259b\u0259si v\u0259 22 k\u0259ndin erm\u0259ni-rus birl\u0259\u015fm\u0259l\u0259rind\u0259n azad olunmas\u0131nda polkovnik F\u0259tulla H\u00fcseynovun komandanl\u0131\u011f\u0131 alt\u0131nda d\u00f6y\u00fc\u015f\u00fcb:\n<\/p>\n<p>\n  \u201cT\u0259\u0259ss\u00fcfl\u0259r olsun ki, o vaxt daxili qo\u015funlar\u0131n briqada komandirinin m\u00fcavini v\u0259zif\u0259sini icra ed\u0259n polkovnik Sabir \u015eabanovla aralar\u0131nda davam ed\u0259n soyuq m\u00fcnasib\u0259tl\u0259r\u0259 1994-c\u00fc ilin yanvar\u0131n 27-d\u0259, saat 16:00-da son qoyulur. Bel\u0259 ki, o zaman Namiq o\u011flum da Faiqin yan\u0131nda k\u00f6n\u00fcll\u00fc olaraq birlikd\u0259 c\u0259bh\u0259d\u0259 d\u00f6y\u00fc\u015f\u00fcrd\u00fcl\u0259r. Yanvar\u0131n 27-d\u0259 gec\u0259 d\u00f6y\u00fc\u015fd\u0259n sonrak\u0131 istirah\u0259t vaxt\u0131 S.\u015eabanov Faiqin ota\u011f\u0131na daxil olaraq \u00f6z\u00fc il\u0259 daha iki n\u0259f\u0259ri g\u00f6t\u00fcr\u00fcb t\u0259cili olaraq yax\u0131nl\u0131qdak\u0131 t\u0259p\u0259d\u0259n d\u00fc\u015fm\u0259n m\u00f6vqeni m\u00fc\u015fahid\u0259 etm\u0259y\u0259 getm\u0259yi \u0259mr edir. Namiqin dediyin\u0259 g\u00f6r\u0259, Faiq ona qalma\u011f\u0131 tap\u015f\u0131r\u0131r v\u0259 \u00f6z\u00fc il\u0259 iki n\u0259f\u0259ri g\u00f6t\u00fcr\u00fcb \u015eabanovla gedirl\u0259r. Bu onun son gedi\u015fi olur. Bel\u0259 ki, \u015eabanov \u0259vv\u0259lc\u0259d\u0259n t\u0259yin etdiyi koordinata \u00e7atd\u0131qda \u0259mr verir ki, qabaqda Faiq olmaqla \u00fc\u00e7bucaq (sacaya\u011f\u0131) formada d\u00fczl\u0259nib m\u00fc\u015fahid\u0259y\u0259 haz\u0131r olsunlar. \u00d6z\u00fc is\u0259 40-50 metr k\u0259nara \u00e7\u0259kil\u0259r\u0259k durbinl\u0259 qar\u015f\u0131 t\u0259r\u0259fi m\u00fc\u015fahid\u0259 etm\u0259y\u0259 ba\u015flay\u0131r v\u0259 el\u0259 bu anda, saat 16-00-da h\u0259r \u00fc\u00e7 \u0259sg\u0259rin d\u00fcz ortal\u0131\u011f\u0131na \u0259vv\u0259lc\u0259d\u0259n hesablanm\u0131\u015f koordinat \u00fczr\u0259 mina m\u0259rmisi d\u00fc\u015f\u00fcr. V\u0259 h\u0259r \u00fc\u00e7 \u0259sg\u0259rimiz \u015f\u0259hid olurlar. Faiqi yanvar\u0131n 28-d\u0259 ata yurdu olan A\u015fa\u011f\u0131 G\u00f6yn\u00fckd\u0259 d\u0259fn etdik\u201d.\n<\/p>\n<figure class=\"wp-block-image size-large\">\n  <img decoding=\"async\" src=\"https:\/\/www.meydan.tv\/az\/115914\/\" alt=\"\" class=\"wp-image-115914\"\/><figcaption><\/figcaption><\/figure>\n<p>\n  Ana deyir ki, bu g\u00fcn v\u0259t\u0259n \u00fc\u00e7\u00fcn can\u0131ndan ke\u00e7\u0259nl\u0259rin xatir\u0259sin\u0259 h\u00f6rm\u0259t edilmir:\n<\/p>\n<p>\n  \u201cBudur, bu g\u00fcn bizim \u015f\u0259hid ail\u0259miz\u0259 qoyulan qiym\u0259t d\u0259 g\u00f6z qaba\u011f\u0131ndad\u0131r. \u018fdal\u0259tsizlikl\u0259 \u00fczl\u0259\u015fmi\u015fik. V\u0259 bug\u00fcn\u0259 kimi he\u00e7 bir imtiyazdan istifad\u0259 etm\u0259diyimiz halda, D\u00f6v\u0259t S\u0131\u011forta \u015eirk\u0259ti vaxtil\u0259 ail\u0259miz\u0259 etdiyi c\u00fczi yard\u0131m\u0131 fil\u0259 d\u00f6nd\u0259rib. Deyir ki, \u015f\u0259hid Faiq \u018fbd\u00fcr\u0259hmanovun v\u0259r\u0259s\u0259sin\u0259 yard\u0131m verilib. Bir daha deyir\u0259m, biz 10 n\u0259f\u0259rlik ail\u0259mizl\u0259 birlikd\u0259 1994-c\u00fc il\u0259d\u0259k a\u011fac v\u0259 qam\u0131\u015fdan tikilmi\u015f, bir otaql\u0131 daxmada \u015f\u0259raitsiz formada ya\u015fam\u0131\u015f\u0131q, amma kims\u0259y\u0259 \u0259l a\u00e7mam\u0131\u015f\u0131q\u201d.\n<\/p>\n<p>\n  M\u0259hkur\u0259 Zamanova sonda prezident \u0130lham \u018fliyev\u0259 m\u00fcraci\u0259t ed\u0259r\u0259k xahi\u015f edir ki, S\u0131\u011forta \u015firk\u0259tinin 1994-c\u00fc ild\u0259 ail\u0259sin\u0259 etdiyi c\u00fczi \u00f6d\u0259m\u0259nin m\u0259bl\u0259\u011fini \u00e7\u0131xd\u0131qdan sonra bird\u0259f\u0259lik \u00f6d\u0259m\u0259nin qalan hiss\u0259sini h\u0259rbi qulluq\u00e7u olmu\u015f \u015f\u0259hid o\u011flu Faiq \u018fbd\u00fcr\u0259himovun v\u0259r\u0259s\u0259si kimi ona \u00f6d\u0259nilm\u0259sin\u0259 k\u00f6m\u0259k etsin.<\/p>\n","protected":false},"excerpt":{"rendered":"<p>\u015e\u0259hid anas\u0131 prezident\u0259 m\u00fcraci\u0259t \u00fcnvanlay\u0131b<\/p>\n","protected":false},"author":11,"featured_media":115905,"comment_status":"closed","ping_status":"open","sticky":false,"template":"","format":"standard","meta":{"_acf_changed":false,"_sitemap_exclude":false,"_sitemap_priority":"","_sitemap_frequency":"","footnotes":""},"categories":[60],"tags":[],"class_list":["post-193512","post","type-post","status-publish","format-standard","has-post-thumbnail","hentry","category-bolge","infinite-scroll-item","generate-columns","tablet-grid-50","mobile-grid-100","grid-parent","grid-33","no-featured-image-padding"],"acf":[],"yoast_head":"<!-- This site is optimized with the Yoast SEO plugin v27.4 - https:\/\/yoast.com\/product\/yoast-seo-wordpress\/ -->\n<title>&#039;&#039;Biz\u0259 edil\u0259n c\u00fczi yard\u0131ma g\u00f6r\u0259 bird\u0259f\u0259lik \u00f6d\u0259m\u0259d\u0259n imtina etdil\u0259r&#039;&#039; - MEYDAN.TV<\/title>\n<meta name=\"robots\" content=\"index, follow, max-snippet:-1, max-image-preview:large, max-video-preview:-1\" \/>\n<link rel=\"canonical\" href=\"https:\/\/www.meydan.tv\/az\/article\/bize-edilen-cuzi-yardima-gore-birdefelik-odemeden-imtina-etdiler\/\" \/>\n<meta property=\"og:locale\" content=\"az_AZ\" \/>\n<meta property=\"og:type\" content=\"article\" \/>\n<meta property=\"og:title\" content=\"&#039;&#039;Biz\u0259 edil\u0259n c\u00fczi yard\u0131ma g\u00f6r\u0259 bird\u0259f\u0259lik \u00f6d\u0259m\u0259d\u0259n imtina etdil\u0259r&#039;&#039; - MEYDAN.TV\" \/>\n<meta property=\"og:description\" content=\"\u015e\u0259hid anas\u0131 prezident\u0259 m\u00fcraci\u0259t \u00fcnvanlay\u0131b\" \/>\n<meta property=\"og:url\" content=\"https:\/\/www.meydan.tv\/az\/article\/bize-edilen-cuzi-yardima-gore-birdefelik-odemeden-imtina-etdiler\/\" \/>\n<meta property=\"og:site_name\" content=\"MEYDAN.TV\" \/>\n<meta property=\"article:published_time\" content=\"2019-01-15T18:36:03+00:00\" \/>\n<meta property=\"og:image\" content=\"https:\/\/www.meydan.tv\/wp-content\/uploads\/46206.jpg\" \/>\n\t<meta property=\"og:image:width\" content=\"1280\" \/>\n\t<meta property=\"og:image:height\" content=\"768\" \/>\n\t<meta property=\"og:image:type\" content=\"image\/jpeg\" \/>\n<meta name=\"author\" content=\"user-manager\" \/>\n<meta name=\"twitter:card\" content=\"summary_large_image\" \/>\n<script type=\"application\/ld+json\" class=\"yoast-schema-graph\">{\"@context\":\"https:\\\/\\\/schema.org\",\"@graph\":[{\"@type\":\"Article\",\"@id\":\"https:\\\/\\\/www.meydan.tv\\\/az\\\/article\\\/bize-edilen-cuzi-yardima-gore-birdefelik-odemeden-imtina-etdiler\\\/#article\",\"isPartOf\":{\"@id\":\"https:\\\/\\\/www.meydan.tv\\\/az\\\/article\\\/bize-edilen-cuzi-yardima-gore-birdefelik-odemeden-imtina-etdiler\\\/\"},\"author\":{\"name\":\"user-manager\",\"@id\":\"https:\\\/\\\/www.meydan.tv\\\/az\\\/#\\\/schema\\\/person\\\/10d11eccf6da3662cf5fdab9806ea91a\"},\"headline\":\"&#8221;Biz\u0259 edil\u0259n c\u00fczi yard\u0131ma g\u00f6r\u0259 bird\u0259f\u0259lik \u00f6d\u0259m\u0259d\u0259n imtina etdil\u0259r&#8221;\",\"datePublished\":\"2019-01-15T18:36:03+00:00\",\"mainEntityOfPage\":{\"@id\":\"https:\\\/\\\/www.meydan.tv\\\/az\\\/article\\\/bize-edilen-cuzi-yardima-gore-birdefelik-odemeden-imtina-etdiler\\\/\"},\"wordCount\":1189,\"publisher\":{\"@id\":\"https:\\\/\\\/www.meydan.tv\\\/az\\\/#organization\"},\"image\":{\"@id\":\"https:\\\/\\\/www.meydan.tv\\\/az\\\/article\\\/bize-edilen-cuzi-yardima-gore-birdefelik-odemeden-imtina-etdiler\\\/#primaryimage\"},\"thumbnailUrl\":\"https:\\\/\\\/www.meydan.tv\\\/wp-content\\\/uploads\\\/46206.jpg\",\"articleSection\":[\"B\u00f6lg\u0259\"],\"inLanguage\":\"az\"},{\"@type\":\"WebPage\",\"@id\":\"https:\\\/\\\/www.meydan.tv\\\/az\\\/article\\\/bize-edilen-cuzi-yardima-gore-birdefelik-odemeden-imtina-etdiler\\\/\",\"url\":\"https:\\\/\\\/www.meydan.tv\\\/az\\\/article\\\/bize-edilen-cuzi-yardima-gore-birdefelik-odemeden-imtina-etdiler\\\/\",\"name\":\"''Biz\u0259 edil\u0259n c\u00fczi yard\u0131ma g\u00f6r\u0259 bird\u0259f\u0259lik \u00f6d\u0259m\u0259d\u0259n imtina etdil\u0259r'' - MEYDAN.TV\",\"isPartOf\":{\"@id\":\"https:\\\/\\\/www.meydan.tv\\\/az\\\/#website\"},\"primaryImageOfPage\":{\"@id\":\"https:\\\/\\\/www.meydan.tv\\\/az\\\/article\\\/bize-edilen-cuzi-yardima-gore-birdefelik-odemeden-imtina-etdiler\\\/#primaryimage\"},\"image\":{\"@id\":\"https:\\\/\\\/www.meydan.tv\\\/az\\\/article\\\/bize-edilen-cuzi-yardima-gore-birdefelik-odemeden-imtina-etdiler\\\/#primaryimage\"},\"thumbnailUrl\":\"https:\\\/\\\/www.meydan.tv\\\/wp-content\\\/uploads\\\/46206.jpg\",\"datePublished\":\"2019-01-15T18:36:03+00:00\",\"breadcrumb\":{\"@id\":\"https:\\\/\\\/www.meydan.tv\\\/az\\\/article\\\/bize-edilen-cuzi-yardima-gore-birdefelik-odemeden-imtina-etdiler\\\/#breadcrumb\"},\"inLanguage\":\"az\",\"potentialAction\":[{\"@type\":\"ReadAction\",\"target\":[\"https:\\\/\\\/www.meydan.tv\\\/az\\\/article\\\/bize-edilen-cuzi-yardima-gore-birdefelik-odemeden-imtina-etdiler\\\/\"]}]},{\"@type\":\"ImageObject\",\"inLanguage\":\"az\",\"@id\":\"https:\\\/\\\/www.meydan.tv\\\/az\\\/article\\\/bize-edilen-cuzi-yardima-gore-birdefelik-odemeden-imtina-etdiler\\\/#primaryimage\",\"url\":\"https:\\\/\\\/www.meydan.tv\\\/wp-content\\\/uploads\\\/46206.jpg\",\"contentUrl\":\"https:\\\/\\\/www.meydan.tv\\\/wp-content\\\/uploads\\\/46206.jpg\",\"width\":1280,\"height\":768,\"caption\":\"Source:\"},{\"@type\":\"BreadcrumbList\",\"@id\":\"https:\\\/\\\/www.meydan.tv\\\/az\\\/article\\\/bize-edilen-cuzi-yardima-gore-birdefelik-odemeden-imtina-etdiler\\\/#breadcrumb\",\"itemListElement\":[{\"@type\":\"ListItem\",\"position\":1,\"name\":\"Ana s\u0259hif\u0259\",\"item\":\"https:\\\/\\\/www.meydan.tv\\\/az\\\/\"},{\"@type\":\"ListItem\",\"position\":2,\"name\":\"B\u00f6lg\u0259\",\"item\":\"https:\\\/\\\/www.meydan.tv\\\/az\\\/section\\\/bolge\\\/\"},{\"@type\":\"ListItem\",\"position\":3,\"name\":\"&#8221;Biz\u0259 edil\u0259n c\u00fczi yard\u0131ma g\u00f6r\u0259 bird\u0259f\u0259lik \u00f6d\u0259m\u0259d\u0259n imtina etdil\u0259r&#8221;\"}]},{\"@type\":\"WebSite\",\"@id\":\"https:\\\/\\\/www.meydan.tv\\\/az\\\/#website\",\"url\":\"https:\\\/\\\/www.meydan.tv\\\/az\\\/\",\"name\":\"MEYDAN.TV\",\"description\":\"Meydan TV Az\u0259rbaycan\u0131n media m\u0259kan\u0131ndak\u0131 alternativ s\u0259sidir\",\"publisher\":{\"@id\":\"https:\\\/\\\/www.meydan.tv\\\/az\\\/#organization\"},\"potentialAction\":[{\"@type\":\"SearchAction\",\"target\":{\"@type\":\"EntryPoint\",\"urlTemplate\":\"https:\\\/\\\/www.meydan.tv\\\/az\\\/?s={search_term_string}\"},\"query-input\":{\"@type\":\"PropertyValueSpecification\",\"valueRequired\":true,\"valueName\":\"search_term_string\"}}],\"inLanguage\":\"az\"},{\"@type\":\"Organization\",\"@id\":\"https:\\\/\\\/www.meydan.tv\\\/az\\\/#organization\",\"name\":\"Meydan TV\",\"url\":\"https:\\\/\\\/www.meydan.tv\\\/az\\\/\",\"logo\":{\"@type\":\"ImageObject\",\"inLanguage\":\"az\",\"@id\":\"https:\\\/\\\/www.meydan.tv\\\/az\\\/#\\\/schema\\\/logo\\\/image\\\/\",\"url\":\"https:\\\/\\\/www.meydan.tv\\\/wp-content\\\/uploads\\\/2021\\\/07\\\/meydan-logo.svg\",\"contentUrl\":\"https:\\\/\\\/www.meydan.tv\\\/wp-content\\\/uploads\\\/2021\\\/07\\\/meydan-logo.svg\",\"width\":195,\"height\":46,\"caption\":\"Meydan TV\"},\"image\":{\"@id\":\"https:\\\/\\\/www.meydan.tv\\\/az\\\/#\\\/schema\\\/logo\\\/image\\\/\"}},{\"@type\":\"Person\",\"@id\":\"https:\\\/\\\/www.meydan.tv\\\/az\\\/#\\\/schema\\\/person\\\/10d11eccf6da3662cf5fdab9806ea91a\",\"name\":\"user-manager\"}]}<\/script>\n<!-- \/ Yoast SEO plugin. -->","yoast_head_json":{"title":"''Biz\u0259 edil\u0259n c\u00fczi yard\u0131ma g\u00f6r\u0259 bird\u0259f\u0259lik \u00f6d\u0259m\u0259d\u0259n imtina etdil\u0259r'' - MEYDAN.TV","robots":{"index":"index","follow":"follow","max-snippet":"max-snippet:-1","max-image-preview":"max-image-preview:large","max-video-preview":"max-video-preview:-1"},"canonical":"https:\/\/www.meydan.tv\/az\/article\/bize-edilen-cuzi-yardima-gore-birdefelik-odemeden-imtina-etdiler\/","og_locale":"az_AZ","og_type":"article","og_title":"''Biz\u0259 edil\u0259n c\u00fczi yard\u0131ma g\u00f6r\u0259 bird\u0259f\u0259lik \u00f6d\u0259m\u0259d\u0259n imtina etdil\u0259r'' - MEYDAN.TV","og_description":"\u015e\u0259hid anas\u0131 prezident\u0259 m\u00fcraci\u0259t \u00fcnvanlay\u0131b","og_url":"https:\/\/www.meydan.tv\/az\/article\/bize-edilen-cuzi-yardima-gore-birdefelik-odemeden-imtina-etdiler\/","og_site_name":"MEYDAN.TV","article_published_time":"2019-01-15T18:36:03+00:00","og_image":[{"width":1280,"height":768,"url":"https:\/\/www.meydan.tv\/wp-content\/uploads\/46206.jpg","type":"image\/jpeg"}],"author":"user-manager","twitter_card":"summary_large_image","schema":{"@context":"https:\/\/schema.org","@graph":[{"@type":"Article","@id":"https:\/\/www.meydan.tv\/az\/article\/bize-edilen-cuzi-yardima-gore-birdefelik-odemeden-imtina-etdiler\/#article","isPartOf":{"@id":"https:\/\/www.meydan.tv\/az\/article\/bize-edilen-cuzi-yardima-gore-birdefelik-odemeden-imtina-etdiler\/"},"author":{"name":"user-manager","@id":"https:\/\/www.meydan.tv\/az\/#\/schema\/person\/10d11eccf6da3662cf5fdab9806ea91a"},"headline":"&#8221;Biz\u0259 edil\u0259n c\u00fczi yard\u0131ma g\u00f6r\u0259 bird\u0259f\u0259lik \u00f6d\u0259m\u0259d\u0259n imtina etdil\u0259r&#8221;","datePublished":"2019-01-15T18:36:03+00:00","mainEntityOfPage":{"@id":"https:\/\/www.meydan.tv\/az\/article\/bize-edilen-cuzi-yardima-gore-birdefelik-odemeden-imtina-etdiler\/"},"wordCount":1189,"publisher":{"@id":"https:\/\/www.meydan.tv\/az\/#organization"},"image":{"@id":"https:\/\/www.meydan.tv\/az\/article\/bize-edilen-cuzi-yardima-gore-birdefelik-odemeden-imtina-etdiler\/#primaryimage"},"thumbnailUrl":"https:\/\/www.meydan.tv\/wp-content\/uploads\/46206.jpg","articleSection":["B\u00f6lg\u0259"],"inLanguage":"az"},{"@type":"WebPage","@id":"https:\/\/www.meydan.tv\/az\/article\/bize-edilen-cuzi-yardima-gore-birdefelik-odemeden-imtina-etdiler\/","url":"https:\/\/www.meydan.tv\/az\/article\/bize-edilen-cuzi-yardima-gore-birdefelik-odemeden-imtina-etdiler\/","name":"''Biz\u0259 edil\u0259n c\u00fczi yard\u0131ma g\u00f6r\u0259 bird\u0259f\u0259lik \u00f6d\u0259m\u0259d\u0259n imtina etdil\u0259r'' - MEYDAN.TV","isPartOf":{"@id":"https:\/\/www.meydan.tv\/az\/#website"},"primaryImageOfPage":{"@id":"https:\/\/www.meydan.tv\/az\/article\/bize-edilen-cuzi-yardima-gore-birdefelik-odemeden-imtina-etdiler\/#primaryimage"},"image":{"@id":"https:\/\/www.meydan.tv\/az\/article\/bize-edilen-cuzi-yardima-gore-birdefelik-odemeden-imtina-etdiler\/#primaryimage"},"thumbnailUrl":"https:\/\/www.meydan.tv\/wp-content\/uploads\/46206.jpg","datePublished":"2019-01-15T18:36:03+00:00","breadcrumb":{"@id":"https:\/\/www.meydan.tv\/az\/article\/bize-edilen-cuzi-yardima-gore-birdefelik-odemeden-imtina-etdiler\/#breadcrumb"},"inLanguage":"az","potentialAction":[{"@type":"ReadAction","target":["https:\/\/www.meydan.tv\/az\/article\/bize-edilen-cuzi-yardima-gore-birdefelik-odemeden-imtina-etdiler\/"]}]},{"@type":"ImageObject","inLanguage":"az","@id":"https:\/\/www.meydan.tv\/az\/article\/bize-edilen-cuzi-yardima-gore-birdefelik-odemeden-imtina-etdiler\/#primaryimage","url":"https:\/\/www.meydan.tv\/wp-content\/uploads\/46206.jpg","contentUrl":"https:\/\/www.meydan.tv\/wp-content\/uploads\/46206.jpg","width":1280,"height":768,"caption":"Source:"},{"@type":"BreadcrumbList","@id":"https:\/\/www.meydan.tv\/az\/article\/bize-edilen-cuzi-yardima-gore-birdefelik-odemeden-imtina-etdiler\/#breadcrumb","itemListElement":[{"@type":"ListItem","position":1,"name":"Ana s\u0259hif\u0259","item":"https:\/\/www.meydan.tv\/az\/"},{"@type":"ListItem","position":2,"name":"B\u00f6lg\u0259","item":"https:\/\/www.meydan.tv\/az\/section\/bolge\/"},{"@type":"ListItem","position":3,"name":"&#8221;Biz\u0259 edil\u0259n c\u00fczi yard\u0131ma g\u00f6r\u0259 bird\u0259f\u0259lik \u00f6d\u0259m\u0259d\u0259n imtina etdil\u0259r&#8221;"}]},{"@type":"WebSite","@id":"https:\/\/www.meydan.tv\/az\/#website","url":"https:\/\/www.meydan.tv\/az\/","name":"MEYDAN.TV","description":"Meydan TV Az\u0259rbaycan\u0131n media m\u0259kan\u0131ndak\u0131 alternativ s\u0259sidir","publisher":{"@id":"https:\/\/www.meydan.tv\/az\/#organization"},"potentialAction":[{"@type":"SearchAction","target":{"@type":"EntryPoint","urlTemplate":"https:\/\/www.meydan.tv\/az\/?s={search_term_string}"},"query-input":{"@type":"PropertyValueSpecification","valueRequired":true,"valueName":"search_term_string"}}],"inLanguage":"az"},{"@type":"Organization","@id":"https:\/\/www.meydan.tv\/az\/#organization","name":"Meydan TV","url":"https:\/\/www.meydan.tv\/az\/","logo":{"@type":"ImageObject","inLanguage":"az","@id":"https:\/\/www.meydan.tv\/az\/#\/schema\/logo\/image\/","url":"https:\/\/www.meydan.tv\/wp-content\/uploads\/2021\/07\/meydan-logo.svg","contentUrl":"https:\/\/www.meydan.tv\/wp-content\/uploads\/2021\/07\/meydan-logo.svg","width":195,"height":46,"caption":"Meydan TV"},"image":{"@id":"https:\/\/www.meydan.tv\/az\/#\/schema\/logo\/image\/"}},{"@type":"Person","@id":"https:\/\/www.meydan.tv\/az\/#\/schema\/person\/10d11eccf6da3662cf5fdab9806ea91a","name":"user-manager"}]}},"_links":{"self":[{"href":"https:\/\/www.meydan.tv\/az\/wp-json\/wp\/v2\/posts\/193512","targetHints":{"allow":["GET"]}}],"collection":[{"href":"https:\/\/www.meydan.tv\/az\/wp-json\/wp\/v2\/posts"}],"about":[{"href":"https:\/\/www.meydan.tv\/az\/wp-json\/wp\/v2\/types\/post"}],"author":[{"embeddable":true,"href":"https:\/\/www.meydan.tv\/az\/wp-json\/wp\/v2\/users\/11"}],"replies":[{"embeddable":true,"href":"https:\/\/www.meydan.tv\/az\/wp-json\/wp\/v2\/comments?post=193512"}],"version-history":[{"count":0,"href":"https:\/\/www.meydan.tv\/az\/wp-json\/wp\/v2\/posts\/193512\/revisions"}],"wp:featuredmedia":[{"embeddable":true,"href":"https:\/\/www.meydan.tv\/az\/wp-json\/wp\/v2\/media\/115905"}],"wp:attachment":[{"href":"https:\/\/www.meydan.tv\/az\/wp-json\/wp\/v2\/media?parent=193512"}],"wp:term":[{"taxonomy":"category","embeddable":true,"href":"https:\/\/www.meydan.tv\/az\/wp-json\/wp\/v2\/categories?post=193512"},{"taxonomy":"post_tag","embeddable":true,"href":"https:\/\/www.meydan.tv\/az\/wp-json\/wp\/v2\/tags?post=193512"}],"curies":[{"name":"wp","href":"https:\/\/api.w.org\/{rel}","templated":true}]}}