{"id":193491,"date":"2019-01-14T21:09:54","date_gmt":"2019-01-14T21:09:54","guid":{"rendered":"https:\/\/www.meydan.tv\/article\/bu-da-sahibkara-destek-siyaseti-kreditle-yukleyir-sonra-torpagini-elinden-alir\/"},"modified":"2019-01-14T21:09:54","modified_gmt":"2019-01-14T21:09:54","slug":"bu-da-sahibkara-destek-siyaseti-kreditle-yukleyir-sonra-torpagini-elinden-alir","status":"publish","type":"post","link":"https:\/\/www.meydan.tv\/az\/article\/bu-da-sahibkara-destek-siyaseti-kreditle-yukleyir-sonra-torpagini-elinden-alir\/","title":{"rendered":"&#8221;Bu da sahibkara d\u0259st\u0259k siyas\u0259ti &#8211; kreditl\u0259 y\u00fckl\u0259yir, sonra torpa\u011f\u0131n\u0131 \u0259lind\u0259n al\u0131r&#8221;"},"content":{"rendered":"<p>\n  <i><br \/>\n    \u0130mi\u015flid\u0259 h\u0259r ay d\u00f6vl\u0259t\u0259 970 manat kredit \u00f6d\u0259y\u0259n daha bir sahibkar torpa\u011f\u0131n\u0131n z\u0259bt olundu\u011funu deyir<br \/>\n  <\/i>\n<\/p>\n<p>\n  \u201cBak\u0131dayd\u0131m, k\u0259ndd\u0259n z\u0259ng vurdular ki, tez \u00f6z\u00fcn\u00fc \u00e7atd\u0131r, sah\u0259n\u0259 traktorlar sal\u0131blar, \u015fumlay\u0131rlar&#8230; \u0130\u015fl\u0259rimi yar\u0131m\u00e7\u0131q at\u0131b, \u00f6z\u00fcm\u00fc \u00e7atd\u0131rd\u0131m k\u0259nd\u0259&#8230; Baxd\u0131m ki, 15 hektar yeri \u015fumlay\u0131b tax\u0131l s\u0259pibl\u0259r. \u018flimd\u0259 s\u0259n\u0259dim, s\u00fcbutum, deyir\u0259m, a ki\u015fi, bu torpaq m\u0259nim icar\u0259md\u0259dir, deyirl\u0259r ki, get, hara \u015fikay\u0259t edirs\u0259n, et&#8230;\u201d\n<\/p>\n<p>\n  \u0130mi\u015flinin S\u0259rxanl\u0131 k\u0259nd sakini V\u00fcsal \u015eirinov sahibkad\u0131r. Heyvandarl\u0131qla m\u0259\u015f\u011ful olur. \u0130qtisadi \u0130nki\u015faf Nazirliyi Yan\u0131nda Sahibkarl\u0131\u011fa K\u00f6m\u0259k Milli Fondundan (indiki Sahibkarl\u0131\u011f\u0131n \u0130nki\u015faf\u0131 Fondu) ona ayr\u0131lm\u0131\u015f 20 min manat m\u0259bl\u0259\u011find\u0259 kreditl\u0259 iri v\u0259 x\u0131rdabuynuzlu heyvan alaraq heyvandarl\u0131qla m\u0259\u015f\u011ful olma\u011fa ba\u015flay\u0131b. K\u0259ndd\u0259ki \u00fcmumi torpaq sah\u0259sind\u0259 50 hektar yeri olub. \u00d6t\u0259n il k\u0259nd\u0259 g\u0259l\u0259n yerli icra hakimiyy\u0259tinin r\u0259hb\u0259rliyi k\u0259ndlil\u0259r\u0259 h\u00f6kum\u0259tin pamb\u0131q \u0259kimiyl\u0259 ba\u011fl\u0131 q\u0259rar\u0131n\u0131 bildirib. V\u00fcsal \u015eirinov da yerli pamb\u0131q zavodu il\u0259 m\u00fcqavil\u0259 ba\u011flayaraq qanuni istifad\u0259sind\u0259 olan 50 hektarl\u0131q torpaq sah\u0259sinin 15 hektar\u0131nda pamb\u0131q \u0259kib, zavoda 30 ton pamb\u0131q t\u0259hvil verib. Bu il n\u00f6vb\u0259ti d\u0259f\u0259 pamb\u0131q zavoduyla ba\u011flad\u0131\u011f\u0131 m\u00fcqavil\u0259 ikinci t\u0259r\u0259find\u0259n pozulub. \u018fv\u0259zind\u0259 is\u0259 h\u0259min 15 hektarl\u0131q sah\u0259d\u0259 tax\u0131l \u0259km\u0259y\u0259 g\u0259libl\u0259r. K\u0259nd sakininin s\u00f6zl\u0259rin\u0259 g\u00f6r\u0259, heyvandarl\u0131q \u00fc\u00e7\u00fcn qanuni istifad\u0259sind\u0259 olan 15 hektar sah\u0259si ba\u015fqalar\u0131 t\u0259r\u0259find\u0259n ondan x\u0259b\u0259rsiz \u015fumlan\u0131b.\n<\/p>\n<blockquote><p>\n  Dedil\u0259r, irad\u0131n varsa, icra hakimiyy\u0259tin\u0259 bildir\n<\/p><\/blockquote>\n<p>\n  \u201cDedim, siz burda neynirsiz? Bu, n\u0259 \u00f6zba\u015f\u0131nal\u0131qd\u0131r? Bu torpaq m\u0259nim istifad\u0259md\u0259dir. Siz kimsiz ax\u0131? Biri g\u00fcrc\u00fcstanl\u0131d\u0131r, ad\u0131 Tofiqdir, o biri Q\u0259b\u0259l\u0259d\u0259ndir, ad\u0131 Qafurdur. Dedil\u0259r, \u201cGilan Holdinq\u201d burda heyvandarl\u0131q i\u015fi qurur, biz d\u0259 burda h\u0259min heyvanlar \u00fc\u00e7\u00fcn tax\u0131l, arpa yem t\u0259dar\u00fck\u00fc g\u00f6r\u00fcr\u00fck. Bundan sonra bu torpaqda tax\u0131l, arpa \u0259kil\u0259c\u0259k. N\u0259 s\u00f6z\u00fcn varsa, get, icra hakimiyy\u0259tin\u0259 de,\u201d \u2013 V\u00fcsal \u015eirinov deyir.<br \/>\n  <br \/>\n  Bu proses h\u0259m S\u0259rxanl\u0131, h\u0259m d\u0259 dig\u0259r k\u0259ndl\u0259rd\u0259 k\u00fctl\u0259vi \u015f\u0259kild\u0259 davam edir. \u00d6z\u00fcn\u00fc \u201cGilan Holdinq\u201din i\u015f\u00e7il\u0259ri kimi t\u0259qdim ed\u0259n \u015f\u0259xsl\u0259r heyvandarl\u0131q \u00fc\u00e7\u00fcn k\u0259ndlil\u0259rin qanuni istifad\u0259sind\u0259 olan torpaq sah\u0259l\u0259rini z\u0259bt ed\u0259r\u0259k tax\u0131l, arpa \u0259kirl\u0259r.\n<\/p>\n<blockquote><p>\n  M\u0259ni illik qazanc\u0131mdan m\u0259hrum edibl\u0259r\n<\/p><\/blockquote>\n<p>\n  V\u00fcsal \u015eirinovun s\u00f6zl\u0259rin\u0259 g\u00f6r\u0259, dig\u0259r k\u0259nd sakinl\u0259rinin torpaqlar\u0131 \u0259ll\u0259rind\u0259n al\u0131nanda, h\u0259mk\u0259ndlil\u0259ri il\u0259 birlikd\u0259 o da \u0130mi\u015flinin \u0130cra Hakimiyy\u0259tinin ba\u015f\u00e7\u0131s\u0131 Vilyam Hac\u0131yevin q\u0259bulunda olub. Ba\u015f\u00e7\u0131 dig\u0259r k\u0259ndlil\u0259r kimi, onu da arxay\u0131n edib ki, k\u0259nd\u0259 g\u0259l\u0259nl\u0259r pamb\u0131q \u0259k\u0259nl\u0259rdir v\u0259 buna g\u00f6r\u0259 ayr\u0131ca torpaq sah\u0259l\u0259ri ayr\u0131l\u0131b:\n<\/p>\n<p>\n  \u201cDedi, bu, d\u00f6vl\u0259t t\u0259dbiridir, prezidentin tap\u015f\u0131r\u0131\u011f\u0131 var, icras\u0131 da vacibdir. Ancaq bunun sizin torpaqlara aidiyy\u0259ti yoxdur. Bu i\u015fl\u0259r\u0259 g\u00f6r\u0259 torpaqlar ayr\u0131l\u0131b. Birinci il pamb\u0131q \u0259kildi, ikinci il baxd\u0131q ki, bizim d\u0259 torpaqlar\u0131 h\u0259min torpaqlar\u0131n g\u00f6z\u00fcn\u0259 qat\u0131b \u015fumlay\u0131rlar. \u00dcst\u0259lik d\u0259, pamb\u0131q yox, \u00f6zl\u0259ri \u00fc\u00e7\u00fcn tax\u0131l, arpa, qar\u011f\u0131dal\u0131 \u0259kirl\u0259r\u201d.\n<\/p>\n<p>\n  Pamb\u0131q \u0259kinin\u0259 g\u0259linc\u0259, \u00f6t\u0259n il V\u00fcsal \u015eirinov 15 hektar sah\u0259d\u0259 apard\u0131\u011f\u0131 pamb\u0131q \u0259kinind\u0259n 30 ton pamb\u0131q g\u00f6t\u00fcr\u0259r\u0259k yerli pamb\u0131q zavoduna t\u0259hvil verib v\u0259 13 min manata yax\u0131n qazanc \u0259ld\u0259 edib. \u0130ndi torpa\u011f\u0131n\u0131 \u0259lind\u0259n almaqla onu h\u0259m d\u0259 bu qazancdan m\u0259hrum etmi\u015f olurlar:\n<\/p>\n<p>\n  \u201c\u00d6t\u0259n il g\u00f6t\u00fcrd\u00fcy\u00fcm qazancla h\u0259m ayl\u0131q kreditl\u0259rimi \u00f6d\u0259yirdim, h\u0259m heyvan art\u0131r\u0131rd\u0131m, h\u0259m \u00e7obanlar\u0131n maa\u015f\u0131n\u0131 verirdim, h\u0259m ail\u0259mi doland\u0131r\u0131rd\u0131m&#8230; Kreditin ayl\u0131\u011f\u0131 \u0259vv\u0259l 180 manat idi, \u00f6t\u0259n aydan 970 manat \u00f6d\u0259yir\u0259m. H\u0259r ay 970 manat olmaqla h\u0259l\u0259 iki il \u00f6d\u0259m\u0259liy\u0259m. M\u0259n d\u0259 h\u0259r \u015feyi 15 hektarl\u0131q yerd\u0259ki \u0259kin\u0259 hesablam\u0131\u015fd\u0131m. D\u00fc\u015f\u00fcn\u00fcrd\u00fcm ki, h\u0259r il 14-15 min manat g\u0259lirim olacaq, o g\u0259lird\u0259n h\u0259m \u00e7oban\u0131n maa\u015f\u0131, h\u0259m dolan\u0131\u015f\u0131\u011f\u0131m, h\u0259m d\u0259 rahatca kreditim \u00f6d\u0259nil\u0259c\u0259k. G\u00f6r\u00fcn bunlar bizim belimizi nec\u0259 q\u0131r\u0131rlar&#8230;\u201d\n<\/p>\n<blockquote><p>\n  Sahibkar krediti \u00f6d\u0259m\u0259k \u00fc\u00e7\u00fcn heyvan\u0131 satmal\u0131 olur\n<\/p><\/blockquote>\n<p>\n  V\u00fcsal \u015eirinovun 50 hektarl\u0131q torpaq sah\u0259sinin 15 hektar\u0131nda haz\u0131rda \u015fumlama v\u0259 toxums\u0259pm\u0259 i\u015fl\u0259ri ba\u015fa \u00e7at\u0131b. 35 hektarda is\u0259 sahibkar 240 ba\u015f qoyun v\u0259 15 iribuynuzlu heyvan saxlay\u0131r:\n<\/p>\n<p>\n  \u201cQ\u0131\u015f vaxt\u0131d\u0131r, heyvandarl\u0131\u011f\u0131m\u0131z m\u0259hv olub gedir. Yerl\u0259ri z\u0259bt etdikc\u0259, sah\u0259l\u0259rimiz darald\u0131qca, heyvandarl\u0131\u011f\u0131 inki\u015faf etdirm\u0259k d\u0259 m\u00fcmk\u00fcn olmur. N\u0259tic\u0259d\u0259 qazanc\u0131m\u0131z da yoxa \u00e7\u0131x\u0131r. Bir azdan krediti \u00f6d\u0259y\u0259 bilm\u0259y\u0259nd\u0259 m\u0259cbur olacam ki, heyvanlar\u0131 sat\u0131m&#8230; Bu da h\u00f6kum\u0259tin sahibkarlara d\u0259st\u0259k siyas\u0259ti&#8230; Kreditl\u0259 y\u00fckl\u0259yir, sonra torpa\u011f\u0131n\u0131 \u0259lind\u0259n al\u0131r, t\u0259s\u0259rr\u00fcfat\u0131n\u0131 da\u011f\u0131d\u0131r, deyir, get, olan-qalan\u0131n\u0131 sat, g\u0259tir m\u0259nim pulumu, faizl\u0259rimi ver&#8230;\u201d\n<\/p>\n<blockquote><p>\n  M\u0259hk\u0259m\u0259y\u0259 m\u00fcraci\u0259t ed\u0259 bil\u0259rl\u0259r\n<\/p><\/blockquote>\n<p>\n  \u0130mi\u015fli Rayon \u0130cra Hakimiyy\u0259tind\u0259n bildirilib ki, bar\u0259sind\u0259 dan\u0131\u015f\u0131lan torpaq sah\u0259l\u0259rinin t\u0259yinat\u0131 d\u0259yi\u015fdiril\u0259r\u0259k \u201cGilan Holdinq\u201d\u0259 pamb\u0131q \u0259kini \u00fc\u00e7\u00fcn verilib:\n<\/p>\n<p>\n  \u201c\u201cD\u00f6vl\u0259t torpaqlar\u0131 haqq\u0131nda\u201d qanuna \u0259sas\u0259n, \u0259g\u0259r torpaq d\u00f6vl\u0259t ehtiyac\u0131 \u00fc\u00e7\u00fcn laz\u0131m olarsa, o zaman h\u0259min torpaqlar v\u0259t\u0259nda\u015fdan qeyri-\u015f\u0259rtsiz geri al\u0131n\u0131r. V\u0259t\u0259nda\u015flar m\u0259hk\u0259m\u0259y\u0259 m\u00fcraci\u0259t ed\u0259 bil\u0259rl\u0259r\u201d.\n<\/p>\n<p>\n  H\u00fcquq\u015f\u00fcnas Vaqif Al\u0131yev deyir, Nazirl\u0259r Kabinetinin 20 yanvar 2017-ci il tarixli 10 sayl\u0131 q\u0259rar\u0131 il\u0259 \u201cTorpaqlar\u0131n kateqoriyalara aid edilm\u0259si v\u0259 onlar\u0131n bir kateqoriyadan dig\u0259rin\u0259 ke\u00e7irilm\u0259si\u201d Qaydalar\u0131 t\u0259sdiq edilib:\n<\/p>\n<p>\n  \u201cM\u00fclkiyy\u0259t\u00e7id\u0259n, istifad\u0259\u00e7id\u0259n (icar\u0259\u00e7id\u0259n) torpa\u011f\u0131n al\u0131nmas\u0131, yaxud onlara eyni \u00f6l\u00e7\u00fcd\u0259 v\u0259 keyfiyy\u0259td\u0259 ba\u015fqa yerd\u0259 torpaq sah\u0259sinin verilm\u0259si, h\u0259m\u00e7inin, kompensasiyan\u0131n \u00f6d\u0259nilm\u0259si t\u0259min olunmal\u0131d\u0131r\u201d.\n<\/p>\n<p>\n  H\u00fcquq\u015f\u00fcnas deyir, icar\u0259\u00e7i kimi istifad\u0259l\u0259rind\u0259 olan torpaqlar\u0131 \u0259ll\u0259rind\u0259n \u00e7\u0131xm\u0131\u015f k\u0259ndlil\u0259r \u0130qtisad M\u0259hk\u0259m\u0259sin\u0259 m\u00fcraci\u0259t etm\u0259lidirl\u0259r.<\/p>\n","protected":false},"excerpt":{"rendered":"<p>\u0130mi\u015flid\u0259 h\u0259r ay d\u00f6vl\u0259t\u0259 970 manat kredit \u00f6d\u0259y\u0259n daha bir sahibkar torpa\u011f\u0131n\u0131n z\u0259bt olundu\u011funu deyir<\/p>\n","protected":false},"author":11,"featured_media":115935,"comment_status":"closed","ping_status":"open","sticky":false,"template":"","format":"standard","meta":{"_acf_changed":false,"_sitemap_exclude":false,"_sitemap_priority":"","_sitemap_frequency":"","footnotes":""},"categories":[60],"tags":[],"class_list":["post-193491","post","type-post","status-publish","format-standard","has-post-thumbnail","hentry","category-bolge","infinite-scroll-item","generate-columns","tablet-grid-50","mobile-grid-100","grid-parent","grid-33","no-featured-image-padding"],"acf":[],"yoast_head":"<!-- This site is optimized with the Yoast SEO plugin v27.4 - https:\/\/yoast.com\/product\/yoast-seo-wordpress\/ -->\n<title>&#039;&#039;Bu da sahibkara d\u0259st\u0259k siyas\u0259ti - kreditl\u0259 y\u00fckl\u0259yir, sonra torpa\u011f\u0131n\u0131 \u0259lind\u0259n al\u0131r&#039;&#039; - MEYDAN.TV<\/title>\n<meta name=\"robots\" content=\"index, follow, max-snippet:-1, max-image-preview:large, max-video-preview:-1\" \/>\n<link rel=\"canonical\" href=\"https:\/\/www.meydan.tv\/az\/article\/bu-da-sahibkara-destek-siyaseti-kreditle-yukleyir-sonra-torpagini-elinden-alir\/\" \/>\n<meta property=\"og:locale\" content=\"az_AZ\" \/>\n<meta property=\"og:type\" content=\"article\" \/>\n<meta property=\"og:title\" content=\"&#039;&#039;Bu da sahibkara d\u0259st\u0259k siyas\u0259ti - kreditl\u0259 y\u00fckl\u0259yir, sonra torpa\u011f\u0131n\u0131 \u0259lind\u0259n al\u0131r&#039;&#039; - MEYDAN.TV\" \/>\n<meta property=\"og:description\" content=\"\u0130mi\u015flid\u0259 h\u0259r ay d\u00f6vl\u0259t\u0259 970 manat kredit \u00f6d\u0259y\u0259n daha bir sahibkar torpa\u011f\u0131n\u0131n z\u0259bt olundu\u011funu deyir\" \/>\n<meta property=\"og:url\" content=\"https:\/\/www.meydan.tv\/az\/article\/bu-da-sahibkara-destek-siyaseti-kreditle-yukleyir-sonra-torpagini-elinden-alir\/\" \/>\n<meta property=\"og:site_name\" content=\"MEYDAN.TV\" \/>\n<meta property=\"article:published_time\" content=\"2019-01-14T21:09:54+00:00\" \/>\n<meta property=\"og:image\" content=\"https:\/\/www.meydan.tv\/wp-content\/uploads\/46182-1200x797.png\" \/>\n\t<meta property=\"og:image:width\" content=\"1200\" \/>\n\t<meta property=\"og:image:height\" content=\"797\" \/>\n\t<meta property=\"og:image:type\" content=\"image\/png\" \/>\n<meta name=\"author\" content=\"user-manager\" \/>\n<meta name=\"twitter:card\" content=\"summary_large_image\" \/>\n<script type=\"application\/ld+json\" class=\"yoast-schema-graph\">{\"@context\":\"https:\\\/\\\/schema.org\",\"@graph\":[{\"@type\":\"Article\",\"@id\":\"https:\\\/\\\/www.meydan.tv\\\/az\\\/article\\\/bu-da-sahibkara-destek-siyaseti-kreditle-yukleyir-sonra-torpagini-elinden-alir\\\/#article\",\"isPartOf\":{\"@id\":\"https:\\\/\\\/www.meydan.tv\\\/az\\\/article\\\/bu-da-sahibkara-destek-siyaseti-kreditle-yukleyir-sonra-torpagini-elinden-alir\\\/\"},\"author\":{\"name\":\"user-manager\",\"@id\":\"https:\\\/\\\/www.meydan.tv\\\/az\\\/#\\\/schema\\\/person\\\/10d11eccf6da3662cf5fdab9806ea91a\"},\"headline\":\"&#8221;Bu da sahibkara d\u0259st\u0259k siyas\u0259ti &#8211; kreditl\u0259 y\u00fckl\u0259yir, sonra torpa\u011f\u0131n\u0131 \u0259lind\u0259n al\u0131r&#8221;\",\"datePublished\":\"2019-01-14T21:09:54+00:00\",\"mainEntityOfPage\":{\"@id\":\"https:\\\/\\\/www.meydan.tv\\\/az\\\/article\\\/bu-da-sahibkara-destek-siyaseti-kreditle-yukleyir-sonra-torpagini-elinden-alir\\\/\"},\"wordCount\":1163,\"publisher\":{\"@id\":\"https:\\\/\\\/www.meydan.tv\\\/az\\\/#organization\"},\"image\":{\"@id\":\"https:\\\/\\\/www.meydan.tv\\\/az\\\/article\\\/bu-da-sahibkara-destek-siyaseti-kreditle-yukleyir-sonra-torpagini-elinden-alir\\\/#primaryimage\"},\"thumbnailUrl\":\"https:\\\/\\\/www.meydan.tv\\\/wp-content\\\/uploads\\\/46182-e1725025912165.png\",\"articleSection\":[\"B\u00f6lg\u0259\"],\"inLanguage\":\"az\"},{\"@type\":\"WebPage\",\"@id\":\"https:\\\/\\\/www.meydan.tv\\\/az\\\/article\\\/bu-da-sahibkara-destek-siyaseti-kreditle-yukleyir-sonra-torpagini-elinden-alir\\\/\",\"url\":\"https:\\\/\\\/www.meydan.tv\\\/az\\\/article\\\/bu-da-sahibkara-destek-siyaseti-kreditle-yukleyir-sonra-torpagini-elinden-alir\\\/\",\"name\":\"''Bu da sahibkara d\u0259st\u0259k siyas\u0259ti - kreditl\u0259 y\u00fckl\u0259yir, sonra torpa\u011f\u0131n\u0131 \u0259lind\u0259n al\u0131r'' - MEYDAN.TV\",\"isPartOf\":{\"@id\":\"https:\\\/\\\/www.meydan.tv\\\/az\\\/#website\"},\"primaryImageOfPage\":{\"@id\":\"https:\\\/\\\/www.meydan.tv\\\/az\\\/article\\\/bu-da-sahibkara-destek-siyaseti-kreditle-yukleyir-sonra-torpagini-elinden-alir\\\/#primaryimage\"},\"image\":{\"@id\":\"https:\\\/\\\/www.meydan.tv\\\/az\\\/article\\\/bu-da-sahibkara-destek-siyaseti-kreditle-yukleyir-sonra-torpagini-elinden-alir\\\/#primaryimage\"},\"thumbnailUrl\":\"https:\\\/\\\/www.meydan.tv\\\/wp-content\\\/uploads\\\/46182-e1725025912165.png\",\"datePublished\":\"2019-01-14T21:09:54+00:00\",\"breadcrumb\":{\"@id\":\"https:\\\/\\\/www.meydan.tv\\\/az\\\/article\\\/bu-da-sahibkara-destek-siyaseti-kreditle-yukleyir-sonra-torpagini-elinden-alir\\\/#breadcrumb\"},\"inLanguage\":\"az\",\"potentialAction\":[{\"@type\":\"ReadAction\",\"target\":[\"https:\\\/\\\/www.meydan.tv\\\/az\\\/article\\\/bu-da-sahibkara-destek-siyaseti-kreditle-yukleyir-sonra-torpagini-elinden-alir\\\/\"]}]},{\"@type\":\"ImageObject\",\"inLanguage\":\"az\",\"@id\":\"https:\\\/\\\/www.meydan.tv\\\/az\\\/article\\\/bu-da-sahibkara-destek-siyaseti-kreditle-yukleyir-sonra-torpagini-elinden-alir\\\/#primaryimage\",\"url\":\"https:\\\/\\\/www.meydan.tv\\\/wp-content\\\/uploads\\\/46182-e1725025912165.png\",\"contentUrl\":\"https:\\\/\\\/www.meydan.tv\\\/wp-content\\\/uploads\\\/46182-e1725025912165.png\",\"width\":3215,\"height\":1495,\"caption\":\"Foto: \u0130mi\u015fli Rayon \u0130cra Hakimiyy\u0259ti\"},{\"@type\":\"BreadcrumbList\",\"@id\":\"https:\\\/\\\/www.meydan.tv\\\/az\\\/article\\\/bu-da-sahibkara-destek-siyaseti-kreditle-yukleyir-sonra-torpagini-elinden-alir\\\/#breadcrumb\",\"itemListElement\":[{\"@type\":\"ListItem\",\"position\":1,\"name\":\"Ana s\u0259hif\u0259\",\"item\":\"https:\\\/\\\/www.meydan.tv\\\/az\\\/\"},{\"@type\":\"ListItem\",\"position\":2,\"name\":\"B\u00f6lg\u0259\",\"item\":\"https:\\\/\\\/www.meydan.tv\\\/az\\\/section\\\/bolge\\\/\"},{\"@type\":\"ListItem\",\"position\":3,\"name\":\"&#8221;Bu da sahibkara d\u0259st\u0259k siyas\u0259ti &#8211; kreditl\u0259 y\u00fckl\u0259yir, sonra torpa\u011f\u0131n\u0131 \u0259lind\u0259n al\u0131r&#8221;\"}]},{\"@type\":\"WebSite\",\"@id\":\"https:\\\/\\\/www.meydan.tv\\\/az\\\/#website\",\"url\":\"https:\\\/\\\/www.meydan.tv\\\/az\\\/\",\"name\":\"MEYDAN.TV\",\"description\":\"Meydan TV Az\u0259rbaycan\u0131n media m\u0259kan\u0131ndak\u0131 alternativ s\u0259sidir\",\"publisher\":{\"@id\":\"https:\\\/\\\/www.meydan.tv\\\/az\\\/#organization\"},\"potentialAction\":[{\"@type\":\"SearchAction\",\"target\":{\"@type\":\"EntryPoint\",\"urlTemplate\":\"https:\\\/\\\/www.meydan.tv\\\/az\\\/?s={search_term_string}\"},\"query-input\":{\"@type\":\"PropertyValueSpecification\",\"valueRequired\":true,\"valueName\":\"search_term_string\"}}],\"inLanguage\":\"az\"},{\"@type\":\"Organization\",\"@id\":\"https:\\\/\\\/www.meydan.tv\\\/az\\\/#organization\",\"name\":\"Meydan TV\",\"url\":\"https:\\\/\\\/www.meydan.tv\\\/az\\\/\",\"logo\":{\"@type\":\"ImageObject\",\"inLanguage\":\"az\",\"@id\":\"https:\\\/\\\/www.meydan.tv\\\/az\\\/#\\\/schema\\\/logo\\\/image\\\/\",\"url\":\"https:\\\/\\\/www.meydan.tv\\\/wp-content\\\/uploads\\\/2021\\\/07\\\/meydan-logo.svg\",\"contentUrl\":\"https:\\\/\\\/www.meydan.tv\\\/wp-content\\\/uploads\\\/2021\\\/07\\\/meydan-logo.svg\",\"width\":195,\"height\":46,\"caption\":\"Meydan TV\"},\"image\":{\"@id\":\"https:\\\/\\\/www.meydan.tv\\\/az\\\/#\\\/schema\\\/logo\\\/image\\\/\"}},{\"@type\":\"Person\",\"@id\":\"https:\\\/\\\/www.meydan.tv\\\/az\\\/#\\\/schema\\\/person\\\/10d11eccf6da3662cf5fdab9806ea91a\",\"name\":\"user-manager\"}]}<\/script>\n<!-- \/ Yoast SEO plugin. -->","yoast_head_json":{"title":"''Bu da sahibkara d\u0259st\u0259k siyas\u0259ti - kreditl\u0259 y\u00fckl\u0259yir, sonra torpa\u011f\u0131n\u0131 \u0259lind\u0259n al\u0131r'' - MEYDAN.TV","robots":{"index":"index","follow":"follow","max-snippet":"max-snippet:-1","max-image-preview":"max-image-preview:large","max-video-preview":"max-video-preview:-1"},"canonical":"https:\/\/www.meydan.tv\/az\/article\/bu-da-sahibkara-destek-siyaseti-kreditle-yukleyir-sonra-torpagini-elinden-alir\/","og_locale":"az_AZ","og_type":"article","og_title":"''Bu da sahibkara d\u0259st\u0259k siyas\u0259ti - kreditl\u0259 y\u00fckl\u0259yir, sonra torpa\u011f\u0131n\u0131 \u0259lind\u0259n al\u0131r'' - MEYDAN.TV","og_description":"\u0130mi\u015flid\u0259 h\u0259r ay d\u00f6vl\u0259t\u0259 970 manat kredit \u00f6d\u0259y\u0259n daha bir sahibkar torpa\u011f\u0131n\u0131n z\u0259bt olundu\u011funu deyir","og_url":"https:\/\/www.meydan.tv\/az\/article\/bu-da-sahibkara-destek-siyaseti-kreditle-yukleyir-sonra-torpagini-elinden-alir\/","og_site_name":"MEYDAN.TV","article_published_time":"2019-01-14T21:09:54+00:00","og_image":[{"width":1200,"height":797,"url":"https:\/\/www.meydan.tv\/wp-content\/uploads\/46182-1200x797.png","type":"image\/png"}],"author":"user-manager","twitter_card":"summary_large_image","schema":{"@context":"https:\/\/schema.org","@graph":[{"@type":"Article","@id":"https:\/\/www.meydan.tv\/az\/article\/bu-da-sahibkara-destek-siyaseti-kreditle-yukleyir-sonra-torpagini-elinden-alir\/#article","isPartOf":{"@id":"https:\/\/www.meydan.tv\/az\/article\/bu-da-sahibkara-destek-siyaseti-kreditle-yukleyir-sonra-torpagini-elinden-alir\/"},"author":{"name":"user-manager","@id":"https:\/\/www.meydan.tv\/az\/#\/schema\/person\/10d11eccf6da3662cf5fdab9806ea91a"},"headline":"&#8221;Bu da sahibkara d\u0259st\u0259k siyas\u0259ti &#8211; kreditl\u0259 y\u00fckl\u0259yir, sonra torpa\u011f\u0131n\u0131 \u0259lind\u0259n al\u0131r&#8221;","datePublished":"2019-01-14T21:09:54+00:00","mainEntityOfPage":{"@id":"https:\/\/www.meydan.tv\/az\/article\/bu-da-sahibkara-destek-siyaseti-kreditle-yukleyir-sonra-torpagini-elinden-alir\/"},"wordCount":1163,"publisher":{"@id":"https:\/\/www.meydan.tv\/az\/#organization"},"image":{"@id":"https:\/\/www.meydan.tv\/az\/article\/bu-da-sahibkara-destek-siyaseti-kreditle-yukleyir-sonra-torpagini-elinden-alir\/#primaryimage"},"thumbnailUrl":"https:\/\/www.meydan.tv\/wp-content\/uploads\/46182-e1725025912165.png","articleSection":["B\u00f6lg\u0259"],"inLanguage":"az"},{"@type":"WebPage","@id":"https:\/\/www.meydan.tv\/az\/article\/bu-da-sahibkara-destek-siyaseti-kreditle-yukleyir-sonra-torpagini-elinden-alir\/","url":"https:\/\/www.meydan.tv\/az\/article\/bu-da-sahibkara-destek-siyaseti-kreditle-yukleyir-sonra-torpagini-elinden-alir\/","name":"''Bu da sahibkara d\u0259st\u0259k siyas\u0259ti - kreditl\u0259 y\u00fckl\u0259yir, sonra torpa\u011f\u0131n\u0131 \u0259lind\u0259n al\u0131r'' - MEYDAN.TV","isPartOf":{"@id":"https:\/\/www.meydan.tv\/az\/#website"},"primaryImageOfPage":{"@id":"https:\/\/www.meydan.tv\/az\/article\/bu-da-sahibkara-destek-siyaseti-kreditle-yukleyir-sonra-torpagini-elinden-alir\/#primaryimage"},"image":{"@id":"https:\/\/www.meydan.tv\/az\/article\/bu-da-sahibkara-destek-siyaseti-kreditle-yukleyir-sonra-torpagini-elinden-alir\/#primaryimage"},"thumbnailUrl":"https:\/\/www.meydan.tv\/wp-content\/uploads\/46182-e1725025912165.png","datePublished":"2019-01-14T21:09:54+00:00","breadcrumb":{"@id":"https:\/\/www.meydan.tv\/az\/article\/bu-da-sahibkara-destek-siyaseti-kreditle-yukleyir-sonra-torpagini-elinden-alir\/#breadcrumb"},"inLanguage":"az","potentialAction":[{"@type":"ReadAction","target":["https:\/\/www.meydan.tv\/az\/article\/bu-da-sahibkara-destek-siyaseti-kreditle-yukleyir-sonra-torpagini-elinden-alir\/"]}]},{"@type":"ImageObject","inLanguage":"az","@id":"https:\/\/www.meydan.tv\/az\/article\/bu-da-sahibkara-destek-siyaseti-kreditle-yukleyir-sonra-torpagini-elinden-alir\/#primaryimage","url":"https:\/\/www.meydan.tv\/wp-content\/uploads\/46182-e1725025912165.png","contentUrl":"https:\/\/www.meydan.tv\/wp-content\/uploads\/46182-e1725025912165.png","width":3215,"height":1495,"caption":"Foto: \u0130mi\u015fli Rayon \u0130cra Hakimiyy\u0259ti"},{"@type":"BreadcrumbList","@id":"https:\/\/www.meydan.tv\/az\/article\/bu-da-sahibkara-destek-siyaseti-kreditle-yukleyir-sonra-torpagini-elinden-alir\/#breadcrumb","itemListElement":[{"@type":"ListItem","position":1,"name":"Ana s\u0259hif\u0259","item":"https:\/\/www.meydan.tv\/az\/"},{"@type":"ListItem","position":2,"name":"B\u00f6lg\u0259","item":"https:\/\/www.meydan.tv\/az\/section\/bolge\/"},{"@type":"ListItem","position":3,"name":"&#8221;Bu da sahibkara d\u0259st\u0259k siyas\u0259ti &#8211; kreditl\u0259 y\u00fckl\u0259yir, sonra torpa\u011f\u0131n\u0131 \u0259lind\u0259n al\u0131r&#8221;"}]},{"@type":"WebSite","@id":"https:\/\/www.meydan.tv\/az\/#website","url":"https:\/\/www.meydan.tv\/az\/","name":"MEYDAN.TV","description":"Meydan TV Az\u0259rbaycan\u0131n media m\u0259kan\u0131ndak\u0131 alternativ s\u0259sidir","publisher":{"@id":"https:\/\/www.meydan.tv\/az\/#organization"},"potentialAction":[{"@type":"SearchAction","target":{"@type":"EntryPoint","urlTemplate":"https:\/\/www.meydan.tv\/az\/?s={search_term_string}"},"query-input":{"@type":"PropertyValueSpecification","valueRequired":true,"valueName":"search_term_string"}}],"inLanguage":"az"},{"@type":"Organization","@id":"https:\/\/www.meydan.tv\/az\/#organization","name":"Meydan TV","url":"https:\/\/www.meydan.tv\/az\/","logo":{"@type":"ImageObject","inLanguage":"az","@id":"https:\/\/www.meydan.tv\/az\/#\/schema\/logo\/image\/","url":"https:\/\/www.meydan.tv\/wp-content\/uploads\/2021\/07\/meydan-logo.svg","contentUrl":"https:\/\/www.meydan.tv\/wp-content\/uploads\/2021\/07\/meydan-logo.svg","width":195,"height":46,"caption":"Meydan TV"},"image":{"@id":"https:\/\/www.meydan.tv\/az\/#\/schema\/logo\/image\/"}},{"@type":"Person","@id":"https:\/\/www.meydan.tv\/az\/#\/schema\/person\/10d11eccf6da3662cf5fdab9806ea91a","name":"user-manager"}]}},"_links":{"self":[{"href":"https:\/\/www.meydan.tv\/az\/wp-json\/wp\/v2\/posts\/193491","targetHints":{"allow":["GET"]}}],"collection":[{"href":"https:\/\/www.meydan.tv\/az\/wp-json\/wp\/v2\/posts"}],"about":[{"href":"https:\/\/www.meydan.tv\/az\/wp-json\/wp\/v2\/types\/post"}],"author":[{"embeddable":true,"href":"https:\/\/www.meydan.tv\/az\/wp-json\/wp\/v2\/users\/11"}],"replies":[{"embeddable":true,"href":"https:\/\/www.meydan.tv\/az\/wp-json\/wp\/v2\/comments?post=193491"}],"version-history":[{"count":0,"href":"https:\/\/www.meydan.tv\/az\/wp-json\/wp\/v2\/posts\/193491\/revisions"}],"wp:featuredmedia":[{"embeddable":true,"href":"https:\/\/www.meydan.tv\/az\/wp-json\/wp\/v2\/media\/115935"}],"wp:attachment":[{"href":"https:\/\/www.meydan.tv\/az\/wp-json\/wp\/v2\/media?parent=193491"}],"wp:term":[{"taxonomy":"category","embeddable":true,"href":"https:\/\/www.meydan.tv\/az\/wp-json\/wp\/v2\/categories?post=193491"},{"taxonomy":"post_tag","embeddable":true,"href":"https:\/\/www.meydan.tv\/az\/wp-json\/wp\/v2\/tags?post=193491"}],"curies":[{"name":"wp","href":"https:\/\/api.w.org\/{rel}","templated":true}]}}