{"id":193487,"date":"2019-01-14T19:14:28","date_gmt":"2019-01-14T19:14:28","guid":{"rendered":"https:\/\/www.meydan.tv\/article\/masalli-sakini-her-defe-ruhi-xeste-kimi-mesuliyyetden-azad-edirler\/"},"modified":"2019-01-14T19:14:28","modified_gmt":"2019-01-14T19:14:28","slug":"masalli-sakini-her-defe-ruhi-xeste-kimi-mesuliyyetden-azad-edirler","status":"publish","type":"post","link":"https:\/\/www.meydan.tv\/az\/article\/masalli-sakini-her-defe-ruhi-xeste-kimi-mesuliyyetden-azad-edirler\/","title":{"rendered":"Masall\u0131 sakini: H\u0259r d\u0259f\u0259 ruhi x\u0259st\u0259 kimi m\u0259suliyy\u0259td\u0259n azad edirl\u0259r"},"content":{"rendered":"<figure class=\"wp-block-image size-large\">\n  <img decoding=\"async\" src=\"https:\/\/www.meydan.tv\/az\/urfan-hesenov\/\" alt=\"Urfan H\u0259s\u0259nov\" class=\"wp-image-115872\"\/><figcaption>\n    Urfan H\u0259s\u0259nov<br \/>\n  <\/figcaption><\/figure>\n<p>\n  <i><br \/>\n    Eld\u0259niz S\u0259f\u0259rli atas\u0131n\u0131n q\u0259tli il\u0259 ba\u011fl\u0131 cinay\u0259t i\u015finin d\u00fczg\u00fcn apar\u0131lmad\u0131\u011f\u0131n\u0131 deyir<br \/>\n  <\/i>\n<\/p>\n<p>\n  \u201c\u018fmim Rusiyadan g\u0259lmi\u015fdi, biz d\u0259 onlara y\u0131\u011f\u0131\u015fm\u0131\u015fd\u0131q. Atam onun g\u0259li\u015fin\u0259 g\u00f6r\u0259 qurban k\u0259sm\u0259k \u00fc\u00e7\u00fcn qoyun alma\u011fa getdi. Az sonra x\u0259b\u0259r g\u0259ldi ki, onu k\u0259ndd\u0259ki q\u0259biristanl\u0131qda vurublar. Q\u0259biristanl\u0131\u011fa t\u0259r\u0259f qa\u00e7d\u0131q, baxd\u0131q ki, atam qan i\u00e7\u0259risind\u0259, h\u0259r\u0259k\u0259tsiz v\u0259ziyy\u0259td\u0259 qal\u0131b. Ona 12 b\u0131\u00e7aq z\u0259rb\u0259si vurulmu\u015fdu\u201d.\n<\/p>\n<p>\n  Masall\u0131n\u0131n Mollabad k\u0259nd sakini Eld\u0259niz S\u0259f\u0259rli Meydan TV-y\u0259 dan\u0131\u015f\u0131r ki, \u00f6t\u0259n il aprelin 8-d\u0259 atas\u0131 Urfan H\u0259s\u0259novun \u00fcz\u0259rind\u0259 x\u0259sar\u0259tl\u0259r olan c\u0259s\u0259di k\u0259nd q\u0259biristanl\u0131\u011f\u0131ndak\u0131 a\u011faclar\u0131n aras\u0131ndan tap\u0131l\u0131b. Tezlikl\u0259 q\u0259tli t\u00f6r\u0259d\u0259nin kimliyi d\u0259 b\u0259lli olub. M\u0259lum olub ki, q\u0259tld\u0259 Urfan H\u0259s\u0259novun uzaq qohumu v\u0259 Sumqay\u0131t sakini olan \u0130lqar Camalov \u015f\u00fcbh\u0259li bilinir.\n<\/p>\n<blockquote><p>\n  Q\u0131sa zamanda tutuldu, q\u0259tli etiraf etdi, amma\u2026\n<\/p><\/blockquote>\n<p>\n  M\u0259rhumun o\u011flu s\u00f6z\u00fcn\u0259 davam edir:\n<\/p>\n<p>\n  \u201cAtam ibad\u0259tl\u0259 m\u0259\u015f\u011ful olan, ham\u0131ya yax\u015f\u0131l\u0131q ed\u0259n, xasiyy\u0259tc\u0259 sakit insan idi. H\u0259min q\u0259biristanl\u0131q evimiz\u0259 yax\u0131n oldu\u011fu \u00fc\u00e7\u00fcn ora da t\u0259m\u0259nnas\u0131z n\u0259zar\u0259t edirdi. Q\u0259biristanl\u0131\u011f\u0131n yax\u0131nl\u0131\u011f\u0131ndak\u0131 kameran\u0131n yadda\u015f\u0131 ara\u015fd\u0131r\u0131landa atamla \u0130lqar\u0131n s\u00f6hb\u0259t ed\u0259-ed\u0259 q\u0259biristanl\u0131\u011fa girm\u0259si g\u00f6r\u00fcnt\u00fcl\u0259ri a\u015fkar olundu. \u0130lqar tez bir zamanda tutuldu v\u0259 q\u0259tli etiraf etdi. Atam\u0131 \u00f6ld\u00fcrm\u0259sinin s\u0259b\u0259bini bel\u0259 izah etdi ki, \u201consuz da Sumqay\u0131tdan k\u0259nd\u0259 g\u0259l\u0259nd\u0259n kimis\u0259 vuracaqd\u0131m, qaba\u011f\u0131ma o \u00e7\u0131xd\u0131, onu vurdum\u201d. Bir d\u0259 x\u0259b\u0259r tutduq ki, Masall\u0131 Prokurorlu\u011fu \u0130lqar\u0131n ruhi x\u0259st\u0259 olmas\u0131 bar\u0259d\u0259 q\u0259rar \u00e7\u0131xar\u0131b v\u0259 i\u015f materiallar\u0131n\u0131 m\u0259hk\u0259m\u0259y\u0259 g\u00f6nd\u0259rib\u201d.\n<\/p>\n<p>\n  <b><br \/>\n    <i><br \/>\n      M\u0259hk\u0259m\u0259 m\u0259suliyy\u0259td\u0259n azad edib<br \/>\n    <\/i><br \/>\n  <\/b>\n<\/p>\n<p>\n  \u015eikay\u0259t\u00e7i deyir, ibtidai istintaq d\u00f6vr\u00fcnd\u0259 n\u0259 m\u00fcst\u0259ntiq, n\u0259 prokuror onu v\u0259 ail\u0259 \u00fczvl\u0259rini q\u0259bul ed\u0259r\u0259k dinl\u0259yib. Onlar cinay\u0259tin gizl\u0259dilm\u0259sind\u0259 \u0130lqar Camalovun anas\u0131 il\u0259 ba\u011fl\u0131 \u015f\u00fcbh\u0259l\u0259rini bildirs\u0259l\u0259r d\u0259, bu \u015f\u00fcbh\u0259l\u0259r ara\u015fd\u0131r\u0131lmay\u0131b.\n<\/p>\n<figure class=\"wp-block-image size-large\">\n  <img decoding=\"async\" src=\"https:\/\/www.meydan.tv\/az\/115869\/\" alt=\"\" class=\"wp-image-115869\"\/><figcaption><\/figcaption><\/figure>\n<p>\n  \u00d6t\u0259n ilin noyabr\u0131nda i\u015f materiallar\u0131 L\u0259nk\u0259ran A\u011f\u0131r Cinay\u0259tl\u0259r M\u0259hk\u0259m\u0259sin\u0259 g\u00f6nd\u0259rilib. M\u0259hk\u0259m\u0259 \u0130lqar Camalovu cinay\u0259t m\u0259suliyy\u0259tind\u0259n azad edib, onu m\u0259cburi m\u00fcalic\u0259y\u0259 c\u0259lb edib. M\u0259hk\u0259m\u0259 h\u00f6km\u00fcnd\u0259 qeyd olunur ki, \u0130lqar Camalov x\u00fcsusi amans\u0131zl\u0131qla q\u0259sd\u0259n adam\u00f6ld\u00fcrm\u0259 cinay\u0259tind\u0259 ittiham olunsa da, ibtidai istintaq\u0131n g\u0259ldiyi q\u0259na\u0259t\u0259 g\u00f6r\u0259, o, bu cinay\u0259ti anlaqs\u0131z v\u0259ziyy\u0259td\u0259 t\u00f6r\u0259dib. M\u0259hk\u0259m\u0259 i\u015f\u0259 \u0130lqar Camalov bar\u0259sind\u0259 tibbi xarakterli m\u0259cburi t\u0259dbirl\u0259rin t\u0259tbiq olunmas\u0131 \u00fczr\u0259 bax\u0131b. Onun bar\u0259sind\u0259 1 sayl\u0131 Respublika Psixatriya X\u0259st\u0259xanas\u0131na g\u00f6nd\u0259ril\u0259r\u0259k, m\u0259cburi m\u00fcalic\u0259y\u0259 c\u0259lb olunmas\u0131 il\u0259 ba\u011fl\u0131 h\u00f6km \u00e7\u0131xar\u0131b. M\u0259rhum Urfan H\u0259s\u0259novun ail\u0259si is\u0259 h\u00f6kml\u0259 raz\u0131la\u015fm\u0131r. Eld\u0259niz S\u0259f\u0259rli deyir, \u0130lqar Camalov bundan \u0259vv\u0259l d\u0259 m\u0259hkum edilib v\u0259 eyni x\u0259st\u0259xanada m\u0259cburi m\u00fcalic\u0259y\u0259 c\u0259lb edilib. Ancaq bu, formal olub.\n<\/p>\n<blockquote><p>\n  \u018fvv\u0259ll\u0259r d\u0259 odlu silahla cinay\u0259t t\u00f6r\u0259dib, ruhi x\u0259st\u0259xanaya g\u00f6nd\u0259rilib\n<\/p><\/blockquote>\n<p>\n  \u201cBu adam \u0259vv\u0259ll\u0259r d\u0259 bir ne\u00e7\u0259 d\u0259f\u0259 cinay\u0259t t\u00f6r\u0259dib, h\u0259tta odlu silahla adam da yaralay\u0131b. H\u0259r d\u0259f\u0259sind\u0259 m\u0259hk\u0259m\u0259 onu ruhi x\u0259st\u0259xanaya g\u00f6nd\u0259rib. O da x\u0259st\u0259xanada bir az vaxt ke\u00e7irib, azadl\u0131\u011fa \u00e7\u0131x\u0131b. H\u0259tta h\u0259min \u0259r\u0259f\u0259l\u0259rd\u0259 \u0130stanbula istirah\u0259t\u0259 d\u0259 gedib. Bu, nec\u0259 ruhi x\u0259st\u0259dir ki, ruhi x\u0259st\u0259xanadan \u00e7\u0131x\u0131r, d\u00fcnyan\u0131n o ba\u015f\u0131na gedir, istirah\u0259t edib qay\u0131d\u0131r, yen\u0259 adam \u00f6ld\u00fcr\u00fcr, yen\u0259 ruhi x\u0259st\u0259 kimi \u201canlaqs\u0131zd\u0131r\u201d deyib, y\u0131x\u0131rlar Ma\u015fta\u011fadak\u0131 ruhi x\u0259st\u0259xanaya? Ruhi x\u0259st\u0259dirs\u0259, cinay\u0259ti x\u0259st\u0259likd\u0259n dolay\u0131 t\u00f6r\u0259dirs\u0259, c\u0259miyy\u0259t \u00fc\u00e7\u00fcn t\u0259hl\u00fck\u0259lidirs\u0259, bu adam\u0131 niy\u0259 ruhi x\u0259st\u0259xanadan \u00e7\u00f6l\u0259 burax\u0131rlar?\u201d \u2013 Eld\u0259niz S\u0259f\u0259rli soru\u015fur.\n<\/p>\n<p>\n  Hadis\u0259 ba\u015f ver\u0259nd\u0259n sonra m\u0259rhumun ail\u0259si i\u015f\u0259 obyektiv bax\u0131lmas\u0131 \u00fc\u00e7\u00fcn Daxili \u0130\u015fl\u0259r Nazirliyin\u0259, Ba\u015f Prokurorlu\u011fa m\u00fcraci\u0259t edib, ancaq m\u00fcsb\u0259t cavab almay\u0131b. M\u0259rhumun ail\u0259si h\u0259m d\u0259 \u0130lqar Camalovun anas\u0131 il\u0259 ba\u011fl\u0131 \u015fikay\u0259t\u00e7i olub. Ail\u0259 hesab edir ki, ana o\u011flunun cinay\u0259tini \u00f6rt-basd\u0131r etm\u0259y\u0259 \u00e7al\u0131\u015f\u0131b:\n<\/p>\n<p>\n  \u201cAna o\u011flunun q\u0259tl t\u00f6r\u0259tdiyini bil\u0259-bil\u0259 polis\u0259 m\u0259lumat verm\u0259yib. \u018fksin\u0259, qanl\u0131 paltarlar\u0131n\u0131 yuyub, gizl\u0259dib. Biz onun da m\u0259suliyy\u0259t\u0259 c\u0259lb olunmas\u0131 \u00fc\u00e7\u00fcn h\u00fcquq-m\u00fchafiz\u0259 orqanlar\u0131na m\u00fcraci\u0259t etmi\u015fik, ancaq he\u00e7 bir t\u0259dbir g\u00f6r\u00fclm\u0259yib. H\u0259tta m\u0259hk\u0259m\u0259d\u0259 d\u0259 bu bar\u0259d\u0259 bildirdik, hakim qulaqard\u0131na vurdu\u201d.\n<\/p>\n<p>\n  <b><br \/>\n    <i><br \/>\n      \u0130stintaqa nec\u0259 \u00f6ld\u00fcrm\u0259sind\u0259n dan\u0131\u015f\u0131b<br \/>\n    <\/i><br \/>\n  <\/b>\n<\/p>\n<p>\n  \u0130lqar Camalov m\u0259hk\u0259m\u0259d\u0259 ifad\u0259 verm\u0259yib. M\u0259hk\u0259m\u0259 onun istintaq zaman\u0131 v\u0259kilinin i\u015ftirak\u0131 il\u0259 verdiyi ifad\u0259sini t\u0259dqiq edib. O, h\u0259min ifad\u0259d\u0259 g\u00f6st\u0259rib ki, Sumqay\u0131t \u015f\u0259h\u0259rind\u0259 ail\u0259si il\u0259 birlikd\u0259 ya\u015fay\u0131r v\u0259 ruhi \u0259s\u0259b x\u0259st\u0259liyin\u0259 g\u00f6r\u0259 3-c\u00fc qrup \u0259lildir. Sumqay\u0131tda ya\u015fasa da, ara-s\u0131ra Masall\u0131ya g\u0259l\u0259r\u0259k valideynl\u0259rin\u0259 ba\u015f \u00e7\u0259kir. Urfan H\u0259s\u0259novla qohumdur. \u018fvv\u0259ll\u0259r m\u00fcnasib\u0259tl\u0259ri normal olsa da, son vaxtlar ona \u00e7at\u0131b ki, Urfan H\u0259s\u0259nov onun bar\u0259sind\u0259 xo\u015fag\u0259lm\u0259z s\u00f6hb\u0259tl\u0259r edir. O da m\u0259s\u0259l\u0259ni ayd\u0131nla\u015fd\u0131rmaq \u00fc\u00e7\u00fcn Sumqay\u0131tdan Mollaabad k\u0259ndin\u0259 g\u0259lib. Urfanla s\u00f6hb\u0259t etm\u0259k \u00fc\u00e7\u00fcn onu \u0259vv\u0259l k\u0259nd m\u0259scidinin qar\u015f\u0131s\u0131na d\u0259v\u0259t edib, sonra k\u0259nd q\u0259biristanl\u0131\u011f\u0131na gedibl\u0259r. Q\u0259biristanl\u0131\u011f\u0131n i\u00e7\u0259risind\u0259ki c\u0131\u011f\u0131rla add\u0131mlayark\u0259n qolunu Urfan H\u0259s\u0259novun boynuna sar\u0131y\u0131b, onunla dostcas\u0131na s\u00f6hb\u0259t etm\u0259k ist\u0259diyini deyib. Sonra da arxa cibin\u0259 qoydu\u011fu b\u0131\u00e7a\u011f\u0131 \u00e7\u0131xararaq Urfan H\u0259s\u0259nova 12 b\u0131\u00e7aq z\u0259rb\u0259si vurub.\n<\/p>\n<figure class=\"wp-block-image size-large\">\n  <img decoding=\"async\" src=\"https:\/\/www.meydan.tv\/az\/115875\/\" alt=\"\" class=\"wp-image-115875\"\/><figcaption><\/figcaption><\/figure>\n<p>\n  \u0130lqar Camalovun anas\u0131 M\u0259lah\u0259t Camalova da ifad\u0259 verib. Bildirib ki, o\u011flu ruhi-\u0259s\u0259b x\u0259st\u0259sidir. X\u0259st\u0259liyin\u0259 g\u00f6r\u0259 \u0259vv\u0259ll\u0259r m\u00fcalic\u0259 al\u0131b v\u0259 sonrak\u0131 vaxtlarda n\u0259zar\u0259td\u0259 saxlan\u0131l\u0131b. Aprelin 7-d\u0259 \u0130lqar Mollabad k\u0259ndin\u0259 onun yan\u0131na g\u0259lib. Geyimi c\u0131r\u0131lm\u0131\u015f v\u0259ziyy\u0259td\u0259 olub. O\u011flunun q\u0259tl t\u00f6r\u0259tm\u0259sind\u0259n x\u0259b\u0259ri olmay\u0131b.\n<\/p>\n<p>\n  <b><br \/>\n    <i><br \/>\n      \u015e\u00fcbh\u0259l\u0259r t\u0259sdiql\u0259nm\u0259yib<br \/>\n    <\/i><br \/>\n  <\/b>\n<\/p>\n<p>\n  Masall\u0131 Rayon Prokurorlu\u011fundan Meydan TV-y\u0259 bildirilib ki, bu i\u015f\u0259 m\u0259hk\u0259m\u0259 \u00f6z h\u00fcquqi qiym\u0259tini verib. \u018fg\u0259r z\u0259r\u0259r\u00e7\u0259kmi\u015f t\u0259r\u0259fin naraz\u0131l\u0131\u011f\u0131 varsa, m\u0259hk\u0259m\u0259 q\u0259rar\u0131ndan \u015eirvan Apelyasiya M\u0259hk\u0259m\u0259sin\u0259 apelyasiya \u015fikay\u0259ti ver\u0259 bil\u0259r:\n<\/p>\n<p>\n  \u201cZ\u0259r\u0259r\u00e7\u0259kmi\u015f t\u0259r\u0259f prokurorluqda d\u0259f\u0259l\u0259rl\u0259 q\u0259bul edilib, dinl\u0259nilib, \u0130lqar Camalovun anas\u0131 il\u0259 ba\u011fl\u0131 \u015f\u00fcbh\u0259l\u0259ri ara\u015fd\u0131r\u0131l\u0131b, ancaq t\u0259sdiqini tapmay\u0131b. \u0130lqar Camalova g\u0259linc\u0259, o, ruhi x\u0259st\u0259 kimi pensiya al\u0131r, x\u0259st\u0259 olmas\u0131 i\u015fin i\u00e7ind\u0259ki s\u0259n\u0259dl\u0259rl\u0259 d\u0259 t\u0259sdiql\u0259nib\u201d.\n<\/p>\n<p>\n  Urfan S\u0259f\u0259rovun ail\u0259 \u00fczvl\u0259ri L\u0259nk\u0259ran A\u011f\u0131r Cinay\u0259tl\u0259r M\u0259hk\u0259m\u0259sinin \u00e7\u0131xard\u0131\u011f\u0131 q\u0259rardan \u015eirvan Apelyasiya m\u0259hk\u0259m\u0259sin\u0259 apelyasiya \u015fikay\u0259ti verib.<\/p>\n","protected":false},"excerpt":{"rendered":"<p>Eld\u0259niz S\u0259f\u0259rli atas\u0131n\u0131n q\u0259tli il\u0259 ba\u011fl\u0131 cinay\u0259t i\u015finin d\u00fczg\u00fcn apar\u0131lmad\u0131\u011f\u0131n\u0131 deyir<\/p>\n","protected":false},"author":11,"featured_media":115872,"comment_status":"closed","ping_status":"open","sticky":false,"template":"","format":"standard","meta":{"_acf_changed":false,"_sitemap_exclude":false,"_sitemap_priority":"","_sitemap_frequency":"","footnotes":""},"categories":[60],"tags":[],"class_list":["post-193487","post","type-post","status-publish","format-standard","has-post-thumbnail","hentry","category-bolge","infinite-scroll-item","generate-columns","tablet-grid-50","mobile-grid-100","grid-parent","grid-33","no-featured-image-padding"],"acf":[],"yoast_head":"<!-- This site is optimized with the Yoast SEO plugin v27.4 - https:\/\/yoast.com\/product\/yoast-seo-wordpress\/ -->\n<title>Masall\u0131 sakini: H\u0259r d\u0259f\u0259 ruhi x\u0259st\u0259 kimi m\u0259suliyy\u0259td\u0259n azad edirl\u0259r - MEYDAN.TV<\/title>\n<meta name=\"robots\" content=\"index, follow, max-snippet:-1, max-image-preview:large, max-video-preview:-1\" \/>\n<link rel=\"canonical\" href=\"https:\/\/www.meydan.tv\/az\/article\/masalli-sakini-her-defe-ruhi-xeste-kimi-mesuliyyetden-azad-edirler\/\" \/>\n<meta property=\"og:locale\" content=\"az_AZ\" \/>\n<meta property=\"og:type\" content=\"article\" \/>\n<meta property=\"og:title\" content=\"Masall\u0131 sakini: H\u0259r d\u0259f\u0259 ruhi x\u0259st\u0259 kimi m\u0259suliyy\u0259td\u0259n azad edirl\u0259r - MEYDAN.TV\" \/>\n<meta property=\"og:description\" content=\"Eld\u0259niz S\u0259f\u0259rli atas\u0131n\u0131n q\u0259tli il\u0259 ba\u011fl\u0131 cinay\u0259t i\u015finin d\u00fczg\u00fcn apar\u0131lmad\u0131\u011f\u0131n\u0131 deyir\" \/>\n<meta property=\"og:url\" content=\"https:\/\/www.meydan.tv\/az\/article\/masalli-sakini-her-defe-ruhi-xeste-kimi-mesuliyyetden-azad-edirler\/\" \/>\n<meta property=\"og:site_name\" content=\"MEYDAN.TV\" \/>\n<meta property=\"article:published_time\" content=\"2019-01-14T19:14:28+00:00\" \/>\n<meta property=\"og:image\" content=\"https:\/\/www.meydan.tv\/wp-content\/uploads\/46177.jpg\" \/>\n\t<meta property=\"og:image:width\" content=\"1280\" \/>\n\t<meta property=\"og:image:height\" content=\"960\" \/>\n\t<meta property=\"og:image:type\" content=\"image\/jpeg\" \/>\n<meta name=\"author\" content=\"user-manager\" \/>\n<meta name=\"twitter:card\" content=\"summary_large_image\" \/>\n<script type=\"application\/ld+json\" class=\"yoast-schema-graph\">{\"@context\":\"https:\\\/\\\/schema.org\",\"@graph\":[{\"@type\":\"Article\",\"@id\":\"https:\\\/\\\/www.meydan.tv\\\/az\\\/article\\\/masalli-sakini-her-defe-ruhi-xeste-kimi-mesuliyyetden-azad-edirler\\\/#article\",\"isPartOf\":{\"@id\":\"https:\\\/\\\/www.meydan.tv\\\/az\\\/article\\\/masalli-sakini-her-defe-ruhi-xeste-kimi-mesuliyyetden-azad-edirler\\\/\"},\"author\":{\"name\":\"user-manager\",\"@id\":\"https:\\\/\\\/www.meydan.tv\\\/az\\\/#\\\/schema\\\/person\\\/10d11eccf6da3662cf5fdab9806ea91a\"},\"headline\":\"Masall\u0131 sakini: H\u0259r d\u0259f\u0259 ruhi x\u0259st\u0259 kimi m\u0259suliyy\u0259td\u0259n azad edirl\u0259r\",\"datePublished\":\"2019-01-14T19:14:28+00:00\",\"mainEntityOfPage\":{\"@id\":\"https:\\\/\\\/www.meydan.tv\\\/az\\\/article\\\/masalli-sakini-her-defe-ruhi-xeste-kimi-mesuliyyetden-azad-edirler\\\/\"},\"wordCount\":1372,\"publisher\":{\"@id\":\"https:\\\/\\\/www.meydan.tv\\\/az\\\/#organization\"},\"image\":{\"@id\":\"https:\\\/\\\/www.meydan.tv\\\/az\\\/article\\\/masalli-sakini-her-defe-ruhi-xeste-kimi-mesuliyyetden-azad-edirler\\\/#primaryimage\"},\"thumbnailUrl\":\"https:\\\/\\\/www.meydan.tv\\\/wp-content\\\/uploads\\\/46177.jpg\",\"articleSection\":[\"B\u00f6lg\u0259\"],\"inLanguage\":\"az\"},{\"@type\":\"WebPage\",\"@id\":\"https:\\\/\\\/www.meydan.tv\\\/az\\\/article\\\/masalli-sakini-her-defe-ruhi-xeste-kimi-mesuliyyetden-azad-edirler\\\/\",\"url\":\"https:\\\/\\\/www.meydan.tv\\\/az\\\/article\\\/masalli-sakini-her-defe-ruhi-xeste-kimi-mesuliyyetden-azad-edirler\\\/\",\"name\":\"Masall\u0131 sakini: H\u0259r d\u0259f\u0259 ruhi x\u0259st\u0259 kimi m\u0259suliyy\u0259td\u0259n azad edirl\u0259r - MEYDAN.TV\",\"isPartOf\":{\"@id\":\"https:\\\/\\\/www.meydan.tv\\\/az\\\/#website\"},\"primaryImageOfPage\":{\"@id\":\"https:\\\/\\\/www.meydan.tv\\\/az\\\/article\\\/masalli-sakini-her-defe-ruhi-xeste-kimi-mesuliyyetden-azad-edirler\\\/#primaryimage\"},\"image\":{\"@id\":\"https:\\\/\\\/www.meydan.tv\\\/az\\\/article\\\/masalli-sakini-her-defe-ruhi-xeste-kimi-mesuliyyetden-azad-edirler\\\/#primaryimage\"},\"thumbnailUrl\":\"https:\\\/\\\/www.meydan.tv\\\/wp-content\\\/uploads\\\/46177.jpg\",\"datePublished\":\"2019-01-14T19:14:28+00:00\",\"breadcrumb\":{\"@id\":\"https:\\\/\\\/www.meydan.tv\\\/az\\\/article\\\/masalli-sakini-her-defe-ruhi-xeste-kimi-mesuliyyetden-azad-edirler\\\/#breadcrumb\"},\"inLanguage\":\"az\",\"potentialAction\":[{\"@type\":\"ReadAction\",\"target\":[\"https:\\\/\\\/www.meydan.tv\\\/az\\\/article\\\/masalli-sakini-her-defe-ruhi-xeste-kimi-mesuliyyetden-azad-edirler\\\/\"]}]},{\"@type\":\"ImageObject\",\"inLanguage\":\"az\",\"@id\":\"https:\\\/\\\/www.meydan.tv\\\/az\\\/article\\\/masalli-sakini-her-defe-ruhi-xeste-kimi-mesuliyyetden-azad-edirler\\\/#primaryimage\",\"url\":\"https:\\\/\\\/www.meydan.tv\\\/wp-content\\\/uploads\\\/46177.jpg\",\"contentUrl\":\"https:\\\/\\\/www.meydan.tv\\\/wp-content\\\/uploads\\\/46177.jpg\",\"width\":1280,\"height\":960,\"caption\":\"Source:\"},{\"@type\":\"BreadcrumbList\",\"@id\":\"https:\\\/\\\/www.meydan.tv\\\/az\\\/article\\\/masalli-sakini-her-defe-ruhi-xeste-kimi-mesuliyyetden-azad-edirler\\\/#breadcrumb\",\"itemListElement\":[{\"@type\":\"ListItem\",\"position\":1,\"name\":\"Ana s\u0259hif\u0259\",\"item\":\"https:\\\/\\\/www.meydan.tv\\\/az\\\/\"},{\"@type\":\"ListItem\",\"position\":2,\"name\":\"B\u00f6lg\u0259\",\"item\":\"https:\\\/\\\/www.meydan.tv\\\/az\\\/section\\\/bolge\\\/\"},{\"@type\":\"ListItem\",\"position\":3,\"name\":\"Masall\u0131 sakini: H\u0259r d\u0259f\u0259 ruhi x\u0259st\u0259 kimi m\u0259suliyy\u0259td\u0259n azad edirl\u0259r\"}]},{\"@type\":\"WebSite\",\"@id\":\"https:\\\/\\\/www.meydan.tv\\\/az\\\/#website\",\"url\":\"https:\\\/\\\/www.meydan.tv\\\/az\\\/\",\"name\":\"MEYDAN.TV\",\"description\":\"Meydan TV Az\u0259rbaycan\u0131n media m\u0259kan\u0131ndak\u0131 alternativ s\u0259sidir\",\"publisher\":{\"@id\":\"https:\\\/\\\/www.meydan.tv\\\/az\\\/#organization\"},\"potentialAction\":[{\"@type\":\"SearchAction\",\"target\":{\"@type\":\"EntryPoint\",\"urlTemplate\":\"https:\\\/\\\/www.meydan.tv\\\/az\\\/?s={search_term_string}\"},\"query-input\":{\"@type\":\"PropertyValueSpecification\",\"valueRequired\":true,\"valueName\":\"search_term_string\"}}],\"inLanguage\":\"az\"},{\"@type\":\"Organization\",\"@id\":\"https:\\\/\\\/www.meydan.tv\\\/az\\\/#organization\",\"name\":\"Meydan TV\",\"url\":\"https:\\\/\\\/www.meydan.tv\\\/az\\\/\",\"logo\":{\"@type\":\"ImageObject\",\"inLanguage\":\"az\",\"@id\":\"https:\\\/\\\/www.meydan.tv\\\/az\\\/#\\\/schema\\\/logo\\\/image\\\/\",\"url\":\"https:\\\/\\\/www.meydan.tv\\\/wp-content\\\/uploads\\\/2021\\\/07\\\/meydan-logo.svg\",\"contentUrl\":\"https:\\\/\\\/www.meydan.tv\\\/wp-content\\\/uploads\\\/2021\\\/07\\\/meydan-logo.svg\",\"width\":195,\"height\":46,\"caption\":\"Meydan TV\"},\"image\":{\"@id\":\"https:\\\/\\\/www.meydan.tv\\\/az\\\/#\\\/schema\\\/logo\\\/image\\\/\"}},{\"@type\":\"Person\",\"@id\":\"https:\\\/\\\/www.meydan.tv\\\/az\\\/#\\\/schema\\\/person\\\/10d11eccf6da3662cf5fdab9806ea91a\",\"name\":\"user-manager\"}]}<\/script>\n<!-- \/ Yoast SEO plugin. -->","yoast_head_json":{"title":"Masall\u0131 sakini: H\u0259r d\u0259f\u0259 ruhi x\u0259st\u0259 kimi m\u0259suliyy\u0259td\u0259n azad edirl\u0259r - MEYDAN.TV","robots":{"index":"index","follow":"follow","max-snippet":"max-snippet:-1","max-image-preview":"max-image-preview:large","max-video-preview":"max-video-preview:-1"},"canonical":"https:\/\/www.meydan.tv\/az\/article\/masalli-sakini-her-defe-ruhi-xeste-kimi-mesuliyyetden-azad-edirler\/","og_locale":"az_AZ","og_type":"article","og_title":"Masall\u0131 sakini: H\u0259r d\u0259f\u0259 ruhi x\u0259st\u0259 kimi m\u0259suliyy\u0259td\u0259n azad edirl\u0259r - MEYDAN.TV","og_description":"Eld\u0259niz S\u0259f\u0259rli atas\u0131n\u0131n q\u0259tli il\u0259 ba\u011fl\u0131 cinay\u0259t i\u015finin d\u00fczg\u00fcn apar\u0131lmad\u0131\u011f\u0131n\u0131 deyir","og_url":"https:\/\/www.meydan.tv\/az\/article\/masalli-sakini-her-defe-ruhi-xeste-kimi-mesuliyyetden-azad-edirler\/","og_site_name":"MEYDAN.TV","article_published_time":"2019-01-14T19:14:28+00:00","og_image":[{"width":1280,"height":960,"url":"https:\/\/www.meydan.tv\/wp-content\/uploads\/46177.jpg","type":"image\/jpeg"}],"author":"user-manager","twitter_card":"summary_large_image","schema":{"@context":"https:\/\/schema.org","@graph":[{"@type":"Article","@id":"https:\/\/www.meydan.tv\/az\/article\/masalli-sakini-her-defe-ruhi-xeste-kimi-mesuliyyetden-azad-edirler\/#article","isPartOf":{"@id":"https:\/\/www.meydan.tv\/az\/article\/masalli-sakini-her-defe-ruhi-xeste-kimi-mesuliyyetden-azad-edirler\/"},"author":{"name":"user-manager","@id":"https:\/\/www.meydan.tv\/az\/#\/schema\/person\/10d11eccf6da3662cf5fdab9806ea91a"},"headline":"Masall\u0131 sakini: H\u0259r d\u0259f\u0259 ruhi x\u0259st\u0259 kimi m\u0259suliyy\u0259td\u0259n azad edirl\u0259r","datePublished":"2019-01-14T19:14:28+00:00","mainEntityOfPage":{"@id":"https:\/\/www.meydan.tv\/az\/article\/masalli-sakini-her-defe-ruhi-xeste-kimi-mesuliyyetden-azad-edirler\/"},"wordCount":1372,"publisher":{"@id":"https:\/\/www.meydan.tv\/az\/#organization"},"image":{"@id":"https:\/\/www.meydan.tv\/az\/article\/masalli-sakini-her-defe-ruhi-xeste-kimi-mesuliyyetden-azad-edirler\/#primaryimage"},"thumbnailUrl":"https:\/\/www.meydan.tv\/wp-content\/uploads\/46177.jpg","articleSection":["B\u00f6lg\u0259"],"inLanguage":"az"},{"@type":"WebPage","@id":"https:\/\/www.meydan.tv\/az\/article\/masalli-sakini-her-defe-ruhi-xeste-kimi-mesuliyyetden-azad-edirler\/","url":"https:\/\/www.meydan.tv\/az\/article\/masalli-sakini-her-defe-ruhi-xeste-kimi-mesuliyyetden-azad-edirler\/","name":"Masall\u0131 sakini: H\u0259r d\u0259f\u0259 ruhi x\u0259st\u0259 kimi m\u0259suliyy\u0259td\u0259n azad edirl\u0259r - MEYDAN.TV","isPartOf":{"@id":"https:\/\/www.meydan.tv\/az\/#website"},"primaryImageOfPage":{"@id":"https:\/\/www.meydan.tv\/az\/article\/masalli-sakini-her-defe-ruhi-xeste-kimi-mesuliyyetden-azad-edirler\/#primaryimage"},"image":{"@id":"https:\/\/www.meydan.tv\/az\/article\/masalli-sakini-her-defe-ruhi-xeste-kimi-mesuliyyetden-azad-edirler\/#primaryimage"},"thumbnailUrl":"https:\/\/www.meydan.tv\/wp-content\/uploads\/46177.jpg","datePublished":"2019-01-14T19:14:28+00:00","breadcrumb":{"@id":"https:\/\/www.meydan.tv\/az\/article\/masalli-sakini-her-defe-ruhi-xeste-kimi-mesuliyyetden-azad-edirler\/#breadcrumb"},"inLanguage":"az","potentialAction":[{"@type":"ReadAction","target":["https:\/\/www.meydan.tv\/az\/article\/masalli-sakini-her-defe-ruhi-xeste-kimi-mesuliyyetden-azad-edirler\/"]}]},{"@type":"ImageObject","inLanguage":"az","@id":"https:\/\/www.meydan.tv\/az\/article\/masalli-sakini-her-defe-ruhi-xeste-kimi-mesuliyyetden-azad-edirler\/#primaryimage","url":"https:\/\/www.meydan.tv\/wp-content\/uploads\/46177.jpg","contentUrl":"https:\/\/www.meydan.tv\/wp-content\/uploads\/46177.jpg","width":1280,"height":960,"caption":"Source:"},{"@type":"BreadcrumbList","@id":"https:\/\/www.meydan.tv\/az\/article\/masalli-sakini-her-defe-ruhi-xeste-kimi-mesuliyyetden-azad-edirler\/#breadcrumb","itemListElement":[{"@type":"ListItem","position":1,"name":"Ana s\u0259hif\u0259","item":"https:\/\/www.meydan.tv\/az\/"},{"@type":"ListItem","position":2,"name":"B\u00f6lg\u0259","item":"https:\/\/www.meydan.tv\/az\/section\/bolge\/"},{"@type":"ListItem","position":3,"name":"Masall\u0131 sakini: H\u0259r d\u0259f\u0259 ruhi x\u0259st\u0259 kimi m\u0259suliyy\u0259td\u0259n azad edirl\u0259r"}]},{"@type":"WebSite","@id":"https:\/\/www.meydan.tv\/az\/#website","url":"https:\/\/www.meydan.tv\/az\/","name":"MEYDAN.TV","description":"Meydan TV Az\u0259rbaycan\u0131n media m\u0259kan\u0131ndak\u0131 alternativ s\u0259sidir","publisher":{"@id":"https:\/\/www.meydan.tv\/az\/#organization"},"potentialAction":[{"@type":"SearchAction","target":{"@type":"EntryPoint","urlTemplate":"https:\/\/www.meydan.tv\/az\/?s={search_term_string}"},"query-input":{"@type":"PropertyValueSpecification","valueRequired":true,"valueName":"search_term_string"}}],"inLanguage":"az"},{"@type":"Organization","@id":"https:\/\/www.meydan.tv\/az\/#organization","name":"Meydan TV","url":"https:\/\/www.meydan.tv\/az\/","logo":{"@type":"ImageObject","inLanguage":"az","@id":"https:\/\/www.meydan.tv\/az\/#\/schema\/logo\/image\/","url":"https:\/\/www.meydan.tv\/wp-content\/uploads\/2021\/07\/meydan-logo.svg","contentUrl":"https:\/\/www.meydan.tv\/wp-content\/uploads\/2021\/07\/meydan-logo.svg","width":195,"height":46,"caption":"Meydan TV"},"image":{"@id":"https:\/\/www.meydan.tv\/az\/#\/schema\/logo\/image\/"}},{"@type":"Person","@id":"https:\/\/www.meydan.tv\/az\/#\/schema\/person\/10d11eccf6da3662cf5fdab9806ea91a","name":"user-manager"}]}},"_links":{"self":[{"href":"https:\/\/www.meydan.tv\/az\/wp-json\/wp\/v2\/posts\/193487","targetHints":{"allow":["GET"]}}],"collection":[{"href":"https:\/\/www.meydan.tv\/az\/wp-json\/wp\/v2\/posts"}],"about":[{"href":"https:\/\/www.meydan.tv\/az\/wp-json\/wp\/v2\/types\/post"}],"author":[{"embeddable":true,"href":"https:\/\/www.meydan.tv\/az\/wp-json\/wp\/v2\/users\/11"}],"replies":[{"embeddable":true,"href":"https:\/\/www.meydan.tv\/az\/wp-json\/wp\/v2\/comments?post=193487"}],"version-history":[{"count":0,"href":"https:\/\/www.meydan.tv\/az\/wp-json\/wp\/v2\/posts\/193487\/revisions"}],"wp:featuredmedia":[{"embeddable":true,"href":"https:\/\/www.meydan.tv\/az\/wp-json\/wp\/v2\/media\/115872"}],"wp:attachment":[{"href":"https:\/\/www.meydan.tv\/az\/wp-json\/wp\/v2\/media?parent=193487"}],"wp:term":[{"taxonomy":"category","embeddable":true,"href":"https:\/\/www.meydan.tv\/az\/wp-json\/wp\/v2\/categories?post=193487"},{"taxonomy":"post_tag","embeddable":true,"href":"https:\/\/www.meydan.tv\/az\/wp-json\/wp\/v2\/tags?post=193487"}],"curies":[{"name":"wp","href":"https:\/\/api.w.org\/{rel}","templated":true}]}}