{"id":193486,"date":"2019-01-14T18:58:45","date_gmt":"2019-01-14T18:58:45","guid":{"rendered":"https:\/\/www.meydan.tv\/article\/tovlama\/"},"modified":"2019-01-14T18:58:45","modified_gmt":"2019-01-14T18:58:45","slug":"tovlama","status":"publish","type":"post","link":"https:\/\/www.meydan.tv\/az\/article\/tovlama\/","title":{"rendered":"Tovlama"},"content":{"rendered":"<p>\n  X\u00fcsusi xidm\u0259t qurumlar\u0131n\u0131n pe\u015f\u0259kar i\u015f\u00e7il\u0259rinin f\u0259aliyy\u0259t n\u00f6vl\u0259rind\u0259n biri d\u0259 \u201cverbovka\u201dd\u0131r. M\u0259n bu s\u00f6z\u00fc dilimiz\u0259 h\u0259qiqi m\u0259nas\u0131na \u0259n yax\u0131n \u201ctovlama\u201d s\u00f6z\u00fc il\u0259 t\u0259rc\u00fcm\u0259 edir\u0259m.\n<\/p>\n<p>\n  H\u0259r hans\u0131 bir insan\u0131 DTK-n\u0131n m\u0259qs\u0259dl\u0259ri namin\u0259 \u0259m\u0259kda\u015fl\u0131\u011fa s\u00f6vq etm\u0259k \u00fc\u00e7\u00fcn onu ya \u00fcmumi m\u0259nafey\u0259 xeyir g\u0259tir\u0259 bil\u0259c\u0259k amallar u\u011frunda i\u015fbirliyi v\u0259d\u0259si il\u0259 aldad\u0131b, ya hans\u0131sa b\u0259d \u0259m\u0259linin if\u015fas\u0131 h\u0259d\u0259si il\u0259 qorxudub, ya tamah\u0131ndan sui-istifad\u0259 edib, pulla al\u0131b ba\u015f\u0131n\u0131 tovlay\u0131rlar v\u0259 tora sal\u0131rlar. Tovlan\u0131b tora d\u00fc\u015fm\u00fc\u015f adam x\u0259fiyy\u0259l\u0259rin \u00e7ar\u0259siz qurban\u0131na v\u0259 oyunca\u011f\u0131na \u00e7evrilir, nec\u0259 ist\u0259s\u0259l\u0259r, el\u0259 d\u0259 istifad\u0259 edirl\u0259r.<br \/>\n  <br \/>\n  Az\u0259rbaycan\u0131n bilin\u0259n tarixind\u0259 \u0259n bacar\u0131ql\u0131 tovlama ustas\u0131 Ulu \u00f6nd\u0259r olub. Bilinm\u0259y\u0259n tarixind\u0259 bu sah\u0259d\u0259 b\u0259lk\u0259 d\u0259 daha mahir ustalar olub, lakin bu bilinmir.\n<\/p>\n<p>\n  R\u0259smi d\u00f6vl\u0259t ziyar\u0259ti il\u0259 ilk d\u0259f\u0259 Az\u0259rbaycana g\u0259lmi\u015f yeni rus prezidenti podpolkovnik Vladimir Putin qocaman siyas\u0259t\u00e7i, general-mayor Heyd\u0259r \u018fliyev\u0259 \u0259ziz bir yadigar g\u0259tirmi\u015fdi: onun ikiillik Leninqrad DTK m\u0259kt\u0259bind\u0259 ald\u0131\u011f\u0131 qiym\u0259tl\u0259rin c\u0259dv\u0259lini&#8230; Kursant Heyd\u0259r \u018fliyev \u0259la\u00e7\u0131 imi\u015f, b\u00fct\u00fcn f\u0259nl\u0259rd\u0259n \u0259la qiym\u0259t al\u0131rm\u0131\u015f, o c\u00fcml\u0259d\u0259n \u201cVerbovka\u201d &#8211; \u201cTovlamaq\u201d f\u0259nnind\u0259n.\n<\/p>\n<p>\n  Ulu \u00f6nd\u0259r \u201c\u0259ziz Leonid \u0130li\u00e7 Brejnev\u201di nec\u0259 tovlay\u0131b v\u0259zif\u0259 pill\u0259kan\u0131nda s\u00fcr\u0259tl\u0259 y\u00fcks\u0259lmi\u015fdi? Onun sar\u0131 simini tapandan sonra, t\u0259rif v\u0259 h\u0259diyy\u0259l\u0259ri xo\u015flad\u0131\u011f\u0131n\u0131 bil\u0259nd\u0259n sonra, bu sar\u0131 simi o ki var \u00e7alm\u0131\u015fd\u0131 v\u0259 ist\u0259diyin\u0259 \u00e7atm\u0131\u015fd\u0131.\n<\/p>\n<p>\n  He\u00e7 d\u0259 ham\u0131 maddi nem\u0259tl\u0259r\u0259 tamarz\u0131 deyil. El\u0259 adamlar var ki, onlar \u00fc\u00e7\u00fcn v\u0259t\u0259nd\u0259n \u015firin he\u00e7 n\u0259 olmur. Ulu \u00f6nd\u0259r bel\u0259l\u0259rini&#8230; v\u0259t\u0259n\u0259 sevgi hissi il\u0259 tovlay\u0131rd\u0131. M\u0259s\u0259l\u0259n, qan x\u0259st\u0259likl\u0259ri \u00fczr\u0259 m\u0259\u015fhur h\u0259kim, elml\u0259r doktoru, Moskvada qan x\u0259st\u0259likl\u0259ri \u00fczr\u0259 apar\u0131c\u0131 elmi-t\u0259dqiqat \u0130nstitutunun direktoru H\u0259nif\u0259 Abdullayev bel\u0259l\u0259rind\u0259n idi. Ulu \u00f6nd\u0259r onunla Az\u0259rbaycan\u0131n s\u0259hiyy\u0259sinin d\u00fc\u015fd\u00fcy\u00fc a\u011f\u0131r b\u00f6hran\u0131 uzun-uzad\u0131 m\u00fczakir\u0259 edib onu tovlam\u0131\u015fd\u0131 v\u0259 Moskvadak\u0131 v\u0259zif\u0259sini t\u0259rk edib respublikan\u0131n s\u0259hiyy\u0259 naziri v\u0259zif\u0259sin\u0259 ke\u00e7m\u0259sin\u0259 raz\u0131l\u0131\u011f\u0131n\u0131 alm\u0131\u015fd\u0131.\n<\/p>\n<p>\n  T\u0259bii ki, H\u0259nif\u0259 Abdullayev nazir t\u0259yin olunan andan ona qar\u015f\u0131 kompromat haz\u0131rlanma\u011fa v\u0259 toplanma\u011fa ba\u015flanm\u0131\u015fd\u0131 v\u0259 n\u0259tic\u0259d\u0259 g\u00f6rk\u0259mli alim v\u0259 h\u0259kim h\u0259bs olunmu\u015fdu.\n<\/p>\n<p>\n  Az\u0259rbaycanda ham\u0131dan \u00e7ox Heyd\u0259r \u018fliyev\u0259 nifr\u0259t ed\u0259n adam Nadir A\u011fayev idi. M\u0259hz Heyd\u0259r \u018fliyevin tap\u015f\u0131r\u0131\u011f\u0131 il\u0259 memar Nadir A\u011fayev h\u0259bs edilib d\u0259lixana v\u0259 h\u0259bsxanalarda 18 il \u00e7\u00fcr\u00fcm\u00fc\u015fd\u00fc. Reyqan\u0131n m\u0259ktubu il\u0259 1987-ci ild\u0259 azadl\u0131\u011fa \u00e7\u0131xm\u0131\u015f dissident Nadir A\u011fayev t\u0259qa\u00fcd\u00e7\u00fc Heyd\u0259r \u018fliyev\u0259 qar\u015f\u0131 m\u0259hk\u0259m\u0259 iddias\u0131 qald\u0131rmaq \u00fc\u00e7\u00fcn prokurorlu\u011fa says\u0131z \u0259riz\u0259l\u0259r yaz\u0131rd\u0131.\n<\/p>\n<p>\n  1992-ci ild\u0259 onu Nax\u00e7\u0131vana apar\u0131rlar ki, \u201ch\u0259r \u015feyi onun \u00fcz\u00fcn\u0259 de!\u201d Bir ne\u00e7\u0259 saatl\u0131q s\u00f6hb\u0259td\u0259n sonra m\u0259tin dissident onun ota\u011f\u0131ndan &#8230;YAP-\u0131n t\u0259sis\u00e7il\u0259rind\u0259n biri kimi \u00e7\u0131xm\u0131\u015fd\u0131.\n<\/p>\n<p>\n  Bax, buna dey\u0259rl\u0259r tovlamaqda ali pilotaj!\n<\/p>\n<p>\n  T\u0259bii ki, Ulu \u00f6nd\u0259r hakimiyy\u0259t\u0259 g\u0259l\u0259nd\u0259n sonra Nadir A\u011fayevi Bin\u0259q\u0259di Rayon \u0130cra Hakimiyy\u0259ti ba\u015f\u00e7\u0131s\u0131n\u0131n m\u00fcavini v\u0259zif\u0259sin\u0259 t\u0259yin edir, bir ne\u00e7\u0259 aydan sonra ba\u015f\u00e7\u0131n\u0131n r\u00fc\u015fv\u0259txorlu\u011fundan \u0259riz\u0259l\u0259r yazd\u0131\u011f\u0131na g\u00f6r\u0259 i\u015fd\u0259n azad edir v\u0259 bel\u0259likl\u0259 d\u0259, s\u00f6z\u00fcn\u00fc k\u0259s\u0259rd\u0259n sal\u0131r.\n<\/p>\n<p>\n  Ulu \u00f6nd\u0259rin Sur\u0259t H\u00fcseynovu tovlamas\u0131 bar\u0259d\u0259 m\u00fcf\u0259ss\u0259l m\u0259lumat\u0131 ist\u0259nil\u0259n \u015f\u0259xs \u0130nternetd\u0259n tap\u0131b tan\u0131\u015f ola bil\u0259r.\n<\/p>\n<p>\n  Tovlama\u011f\u0131n f\u0259ndl\u0259ri m\u00fcxt\u0259lif oldu\u011fu kimi, onun h\u0259d\u0259fl\u0259ri d\u0259 m\u00fcxt\u0259lif olur. Var bir f\u0259rdin tovlanmas\u0131, var bir qrupun tovlanmas\u0131, bir d\u0259 var b\u00fct\u00f6v bir c\u0259miyy\u0259tin tovlanmas\u0131.\n<\/p>\n<p>\n  F\u0259rdl\u0259rin tovlanmas\u0131na dair bir ne\u00e7\u0259 misal\u0131 yuxar\u0131da qeyd etmi\u015f\u0259m. \u0130nsan qruplar\u0131n\u0131n tovlanmas\u0131na misal\u0131 biz hakim komandan\u0131n formala\u015fmas\u0131 n\u00fcmun\u0259sind\u0259 g\u00f6r\u0259 bil\u0259rik. Bu zaman bir f\u0259nd i\u015fl\u0259yir: kompromat. V\u0259zif\u0259y\u0259 t\u0259yin edil\u0259n v\u0259 v\u0259zif\u0259d\u0259 i\u015fl\u0259y\u0259n adam bar\u0259sind\u0259 daim kompromat toplan\u0131r v\u0259 yeri g\u0259l\u0259nd\u0259 i\u015f\u0259 sal\u0131n\u0131r. \u018fleyhin\u0259 kompromat olmayan insan\u0131, \u00e7\u0259tin ki, m\u0259sul v\u0259zif\u0259y\u0259 t\u0259yin ed\u0259rl\u0259r.\n<\/p>\n<p>\n  Yad\u0131n\u0131za sal\u0131n: s\u0259hiyy\u0259 naziri \u018fli \u0130nsanov, iqtisadi inki\u015faf naziri F\u0259rhad \u018fliyev v\u0259 onun qarda\u015f\u0131 Rafiq \u018fliyev, n\u0259qliyyat naziri Ziya M\u0259mm\u0259dov, sosial fondun r\u0259hb\u0259ri M\u00fcsl\u00fcm S\u0259limov, metronun ba\u015f\u00e7\u0131s\u0131 Ta\u011f\u0131 \u018fhm\u0259dov, rabit\u0259 v\u0259 informasiya texnologiyalar\u0131 naziri \u018fli Abbasov, MTN naziri Eldar Mahmudov&#8230; \u0130ndi d\u0259 R\u00fcf\u0259t Aslanl\u0131. Hakimiyy\u0259t ham\u0131s\u0131 bar\u0259sind\u0259 bolluca kompromat toplam\u0131\u015fd\u0131. Milyonlar, milyardlar!\n<\/p>\n<p>\n  Qara camaatda bel\u0259 bir inam var ki, bizd\u0259 milyon o\u011furlamayan nazir yoxdur v\u0259 ola da bilm\u0259z. B\u0259lk\u0259 d\u0259 qara camaat yan\u0131l\u0131r, b\u0259lk\u0259 d\u0259 he\u00e7 k\u0259sin tan\u0131mad\u0131\u011f\u0131 sad\u0259dil v\u0259 \u0259lit\u0259miz nazirl\u0259r gec\u0259-g\u00fcnd\u00fcz k\u00fcl\u00fcng \u00e7al\u0131b, Tofiq Qas\u0131mov demi\u015fk\u0259n, xalq\u0131n meyidini yerd\u0259n qald\u0131r\u0131r? Lakin birincil\u0259r g\u00f6z \u00f6n\u00fcnd\u0259dirl\u0259r, ikincil\u0259rd\u0259n x\u0259b\u0259r yoxdur.\n<\/p>\n<p>\n  S\u00f6z\u00fcm\u00fcn can\u0131 odur ki, bir qrup insan\u0131 maddi s\u0259rv\u0259t i\u015ftah\u0131 il\u0259 tovlay\u0131b y\u00f6n\u0259ltm\u0259k olar. Bizd\u0259 bu f\u0259nd i\u015fl\u0259yir v\u0259 n\u0259tic\u0259sini k\u00fclli-\u0259hli-Az\u0259rbaycan g\u00f6r\u00fcr.\n<\/p>\n<p>\n  B\u00fct\u00f6v bir toplumun tovlanmas\u0131 f\u0259ndi d\u0259 var. Y\u0259ni b\u00fct\u00fcn \u0259haliy\u0259 n\u0259yi is\u0259 v\u0259d edirs\u0259n v\u0259 bu \u0259hali oturub v\u0259din icras\u0131n\u0131 g\u00f6zl\u0259yir. Nec\u0259 ki, sovet xalq\u0131 70 il kommunizmin g\u0259lm\u0259sini g\u00f6zl\u0259di v\u0259 sonda zinhara g\u0259lib yalan\u00e7\u0131 kommunistl\u0259ri d\u0259b\u0259rtdi.\n<\/p>\n<p>\n  \u0130ndi d\u0259 bizd\u0259 son 30 ildir \u0259haliy\u0259 Laz\u0131m\u0131n g\u0259lm\u0259si v\u0259 Qaraba\u011f\u0131n lab\u00fcd azad edilm\u0259si na\u011f\u0131l\u0131n\u0131 dan\u0131\u015f\u0131b ba\u015f\u0131n\u0131 tovlay\u0131rlar. \u018fhali bu na\u011f\u0131l\u0131 dinl\u0259yir, dinl\u0259yir v\u0259 d\u0259xi inanm\u0131r. Na\u011f\u0131l\u0131n tovlamaq g\u00fcc\u00fc t\u00fck\u0259nib.\n<\/p>\n<p>\n  AB\u015e-\u0131n prezidenti Abraham Linkolnun m\u0259\u015fhur bir k\u0259lam\u0131 var: \u201cXalq\u0131n bir hiss\u0259sini h\u0259mi\u015f\u0259 aldatmaq olar, b\u00fct\u00fcn xalq\u0131 bir m\u00fcdd\u0259t aldatmaq olar, lakin he\u00e7 bir zaman b\u00fct\u00f6v xalq\u0131 h\u0259mi\u015f\u0259 aldatmaq olmaz\u201d.\n<\/p>\n<p>\n  M\u0259nc\u0259, bizim \u0259hali d\u0259 bu b\u00f6y\u00fck siyas\u0259t\u00e7inin s\u00f6zl\u0259rinin h\u0259qiqiliyini t\u0259sdiql\u0259m\u0259k an\u0131na yeti\u015fir.\n<\/p>\n<p>\n  Qald\u0131 bi tovlamaq s\u00f6hb\u0259tin\u0259, ondan yaxa qurtarma\u011f\u0131n \u0259n sad\u0259 yolunu vaxtil\u0259 diktator Pino\u00e7etin m\u0259hb\u0259s\u0259 atd\u0131\u011f\u0131 \u00c7ili Kommunist Partiyas\u0131n\u0131n lideri Luis Korvalana d\u0259yi\u015fdirilmi\u015f m\u0259\u015fhur sovet dissidenti Vladimir Bukovskiy g\u00f6st\u0259rmi\u015fdi: \u201cEl\u0259 ki, g\u00f6rd\u00fcn, s\u0259ni DTK i\u015f\u00e7isi s\u00f6hb\u0259t\u0259 d\u0259v\u0259t edir, bil ki, iki \u015feyd\u0259n biridir \u2013 ya s\u0259n\u0259 i\u015f tikir, ya tovlama\u011fa \u00e7al\u0131\u015f\u0131r. Odur ki, cavab bir olmal\u0131d\u0131r: \u0259l-h\u0259z\u0259r ondan, h\u0259z\u0259r\u201d.\n<\/p>\n<p>\n  <i><br \/>\n    <b><br \/>\n      Yaz\u0131 m\u00fc\u0259llifin fikirl\u0259rini \u0259ks etdirir v\u0259 Meydan TV-nin m\u00f6vqeyi il\u0259 \u00fcst-\u00fcst\u0259 d\u00fc\u015fm\u0259y\u0259 bil\u0259r.<br \/>\n    <\/b><br \/>\n  <\/i><\/p>\n","protected":false},"excerpt":{"rendered":"<p>X\u00fcsusi xidm\u0259t qurumlar\u0131n\u0131n pe\u015f\u0259kar i\u015f\u00e7il\u0259rinin f\u0259aliyy\u0259t n\u00f6vl\u0259rind\u0259n biri d\u0259 \u201cverbovka\u201dd\u0131r<\/p>\n","protected":false},"author":11,"featured_media":115806,"comment_status":"closed","ping_status":"open","sticky":false,"template":"","format":"standard","meta":{"_acf_changed":false,"_sitemap_exclude":false,"_sitemap_priority":"","_sitemap_frequency":"","footnotes":""},"categories":[57],"tags":[],"class_list":["post-193486","post","type-post","status-publish","format-standard","has-post-thumbnail","hentry","category-menim-fikrimce","infinite-scroll-item","generate-columns","tablet-grid-50","mobile-grid-100","grid-parent","grid-33","no-featured-image-padding"],"acf":[],"yoast_head":"<!-- This site is optimized with the Yoast SEO plugin v27.4 - https:\/\/yoast.com\/product\/yoast-seo-wordpress\/ -->\n<title>Tovlama - MEYDAN.TV<\/title>\n<meta name=\"robots\" content=\"index, follow, max-snippet:-1, max-image-preview:large, max-video-preview:-1\" \/>\n<link rel=\"canonical\" href=\"https:\/\/www.meydan.tv\/az\/article\/tovlama\/\" \/>\n<meta property=\"og:locale\" content=\"az_AZ\" \/>\n<meta property=\"og:type\" content=\"article\" \/>\n<meta property=\"og:title\" content=\"Tovlama - MEYDAN.TV\" \/>\n<meta property=\"og:description\" content=\"X\u00fcsusi xidm\u0259t qurumlar\u0131n\u0131n pe\u015f\u0259kar i\u015f\u00e7il\u0259rinin f\u0259aliyy\u0259t n\u00f6vl\u0259rind\u0259n biri d\u0259 \u201cverbovka\u201dd\u0131r\" \/>\n<meta property=\"og:url\" content=\"https:\/\/www.meydan.tv\/az\/article\/tovlama\/\" \/>\n<meta property=\"og:site_name\" content=\"MEYDAN.TV\" \/>\n<meta property=\"article:published_time\" content=\"2019-01-14T18:58:45+00:00\" \/>\n<meta property=\"og:image\" content=\"https:\/\/www.meydan.tv\/wp-content\/uploads\/46176.jpg\" \/>\n\t<meta property=\"og:image:width\" content=\"1200\" \/>\n\t<meta property=\"og:image:height\" content=\"675\" \/>\n\t<meta property=\"og:image:type\" content=\"image\/jpeg\" \/>\n<meta name=\"author\" content=\"user-manager\" \/>\n<meta name=\"twitter:card\" content=\"summary_large_image\" \/>\n<script type=\"application\/ld+json\" class=\"yoast-schema-graph\">{\"@context\":\"https:\\\/\\\/schema.org\",\"@graph\":[{\"@type\":\"Article\",\"@id\":\"https:\\\/\\\/www.meydan.tv\\\/az\\\/article\\\/tovlama\\\/#article\",\"isPartOf\":{\"@id\":\"https:\\\/\\\/www.meydan.tv\\\/az\\\/article\\\/tovlama\\\/\"},\"author\":{\"name\":\"user-manager\",\"@id\":\"https:\\\/\\\/www.meydan.tv\\\/az\\\/#\\\/schema\\\/person\\\/10d11eccf6da3662cf5fdab9806ea91a\"},\"headline\":\"Tovlama\",\"datePublished\":\"2019-01-14T18:58:45+00:00\",\"mainEntityOfPage\":{\"@id\":\"https:\\\/\\\/www.meydan.tv\\\/az\\\/article\\\/tovlama\\\/\"},\"wordCount\":1313,\"publisher\":{\"@id\":\"https:\\\/\\\/www.meydan.tv\\\/az\\\/#organization\"},\"image\":{\"@id\":\"https:\\\/\\\/www.meydan.tv\\\/az\\\/article\\\/tovlama\\\/#primaryimage\"},\"thumbnailUrl\":\"https:\\\/\\\/www.meydan.tv\\\/wp-content\\\/uploads\\\/46176.jpg\",\"articleSection\":[\"M\u0259nim Fikrimc\u0259\"],\"inLanguage\":\"az\"},{\"@type\":\"WebPage\",\"@id\":\"https:\\\/\\\/www.meydan.tv\\\/az\\\/article\\\/tovlama\\\/\",\"url\":\"https:\\\/\\\/www.meydan.tv\\\/az\\\/article\\\/tovlama\\\/\",\"name\":\"Tovlama - MEYDAN.TV\",\"isPartOf\":{\"@id\":\"https:\\\/\\\/www.meydan.tv\\\/az\\\/#website\"},\"primaryImageOfPage\":{\"@id\":\"https:\\\/\\\/www.meydan.tv\\\/az\\\/article\\\/tovlama\\\/#primaryimage\"},\"image\":{\"@id\":\"https:\\\/\\\/www.meydan.tv\\\/az\\\/article\\\/tovlama\\\/#primaryimage\"},\"thumbnailUrl\":\"https:\\\/\\\/www.meydan.tv\\\/wp-content\\\/uploads\\\/46176.jpg\",\"datePublished\":\"2019-01-14T18:58:45+00:00\",\"breadcrumb\":{\"@id\":\"https:\\\/\\\/www.meydan.tv\\\/az\\\/article\\\/tovlama\\\/#breadcrumb\"},\"inLanguage\":\"az\",\"potentialAction\":[{\"@type\":\"ReadAction\",\"target\":[\"https:\\\/\\\/www.meydan.tv\\\/az\\\/article\\\/tovlama\\\/\"]}]},{\"@type\":\"ImageObject\",\"inLanguage\":\"az\",\"@id\":\"https:\\\/\\\/www.meydan.tv\\\/az\\\/article\\\/tovlama\\\/#primaryimage\",\"url\":\"https:\\\/\\\/www.meydan.tv\\\/wp-content\\\/uploads\\\/46176.jpg\",\"contentUrl\":\"https:\\\/\\\/www.meydan.tv\\\/wp-content\\\/uploads\\\/46176.jpg\",\"width\":1200,\"height\":675,\"caption\":\"Source:\"},{\"@type\":\"BreadcrumbList\",\"@id\":\"https:\\\/\\\/www.meydan.tv\\\/az\\\/article\\\/tovlama\\\/#breadcrumb\",\"itemListElement\":[{\"@type\":\"ListItem\",\"position\":1,\"name\":\"Ana s\u0259hif\u0259\",\"item\":\"https:\\\/\\\/www.meydan.tv\\\/az\\\/\"},{\"@type\":\"ListItem\",\"position\":2,\"name\":\"M\u0259nim Fikrimc\u0259\",\"item\":\"https:\\\/\\\/www.meydan.tv\\\/az\\\/section\\\/menim-fikrimce\\\/\"},{\"@type\":\"ListItem\",\"position\":3,\"name\":\"Tovlama\"}]},{\"@type\":\"WebSite\",\"@id\":\"https:\\\/\\\/www.meydan.tv\\\/az\\\/#website\",\"url\":\"https:\\\/\\\/www.meydan.tv\\\/az\\\/\",\"name\":\"MEYDAN.TV\",\"description\":\"Meydan TV Az\u0259rbaycan\u0131n media m\u0259kan\u0131ndak\u0131 alternativ s\u0259sidir\",\"publisher\":{\"@id\":\"https:\\\/\\\/www.meydan.tv\\\/az\\\/#organization\"},\"potentialAction\":[{\"@type\":\"SearchAction\",\"target\":{\"@type\":\"EntryPoint\",\"urlTemplate\":\"https:\\\/\\\/www.meydan.tv\\\/az\\\/?s={search_term_string}\"},\"query-input\":{\"@type\":\"PropertyValueSpecification\",\"valueRequired\":true,\"valueName\":\"search_term_string\"}}],\"inLanguage\":\"az\"},{\"@type\":\"Organization\",\"@id\":\"https:\\\/\\\/www.meydan.tv\\\/az\\\/#organization\",\"name\":\"Meydan TV\",\"url\":\"https:\\\/\\\/www.meydan.tv\\\/az\\\/\",\"logo\":{\"@type\":\"ImageObject\",\"inLanguage\":\"az\",\"@id\":\"https:\\\/\\\/www.meydan.tv\\\/az\\\/#\\\/schema\\\/logo\\\/image\\\/\",\"url\":\"https:\\\/\\\/www.meydan.tv\\\/wp-content\\\/uploads\\\/2021\\\/07\\\/meydan-logo.svg\",\"contentUrl\":\"https:\\\/\\\/www.meydan.tv\\\/wp-content\\\/uploads\\\/2021\\\/07\\\/meydan-logo.svg\",\"width\":195,\"height\":46,\"caption\":\"Meydan TV\"},\"image\":{\"@id\":\"https:\\\/\\\/www.meydan.tv\\\/az\\\/#\\\/schema\\\/logo\\\/image\\\/\"}},{\"@type\":\"Person\",\"@id\":\"https:\\\/\\\/www.meydan.tv\\\/az\\\/#\\\/schema\\\/person\\\/10d11eccf6da3662cf5fdab9806ea91a\",\"name\":\"user-manager\"}]}<\/script>\n<!-- \/ Yoast SEO plugin. -->","yoast_head_json":{"title":"Tovlama - MEYDAN.TV","robots":{"index":"index","follow":"follow","max-snippet":"max-snippet:-1","max-image-preview":"max-image-preview:large","max-video-preview":"max-video-preview:-1"},"canonical":"https:\/\/www.meydan.tv\/az\/article\/tovlama\/","og_locale":"az_AZ","og_type":"article","og_title":"Tovlama - MEYDAN.TV","og_description":"X\u00fcsusi xidm\u0259t qurumlar\u0131n\u0131n pe\u015f\u0259kar i\u015f\u00e7il\u0259rinin f\u0259aliyy\u0259t n\u00f6vl\u0259rind\u0259n biri d\u0259 \u201cverbovka\u201dd\u0131r","og_url":"https:\/\/www.meydan.tv\/az\/article\/tovlama\/","og_site_name":"MEYDAN.TV","article_published_time":"2019-01-14T18:58:45+00:00","og_image":[{"width":1200,"height":675,"url":"https:\/\/www.meydan.tv\/wp-content\/uploads\/46176.jpg","type":"image\/jpeg"}],"author":"user-manager","twitter_card":"summary_large_image","schema":{"@context":"https:\/\/schema.org","@graph":[{"@type":"Article","@id":"https:\/\/www.meydan.tv\/az\/article\/tovlama\/#article","isPartOf":{"@id":"https:\/\/www.meydan.tv\/az\/article\/tovlama\/"},"author":{"name":"user-manager","@id":"https:\/\/www.meydan.tv\/az\/#\/schema\/person\/10d11eccf6da3662cf5fdab9806ea91a"},"headline":"Tovlama","datePublished":"2019-01-14T18:58:45+00:00","mainEntityOfPage":{"@id":"https:\/\/www.meydan.tv\/az\/article\/tovlama\/"},"wordCount":1313,"publisher":{"@id":"https:\/\/www.meydan.tv\/az\/#organization"},"image":{"@id":"https:\/\/www.meydan.tv\/az\/article\/tovlama\/#primaryimage"},"thumbnailUrl":"https:\/\/www.meydan.tv\/wp-content\/uploads\/46176.jpg","articleSection":["M\u0259nim Fikrimc\u0259"],"inLanguage":"az"},{"@type":"WebPage","@id":"https:\/\/www.meydan.tv\/az\/article\/tovlama\/","url":"https:\/\/www.meydan.tv\/az\/article\/tovlama\/","name":"Tovlama - MEYDAN.TV","isPartOf":{"@id":"https:\/\/www.meydan.tv\/az\/#website"},"primaryImageOfPage":{"@id":"https:\/\/www.meydan.tv\/az\/article\/tovlama\/#primaryimage"},"image":{"@id":"https:\/\/www.meydan.tv\/az\/article\/tovlama\/#primaryimage"},"thumbnailUrl":"https:\/\/www.meydan.tv\/wp-content\/uploads\/46176.jpg","datePublished":"2019-01-14T18:58:45+00:00","breadcrumb":{"@id":"https:\/\/www.meydan.tv\/az\/article\/tovlama\/#breadcrumb"},"inLanguage":"az","potentialAction":[{"@type":"ReadAction","target":["https:\/\/www.meydan.tv\/az\/article\/tovlama\/"]}]},{"@type":"ImageObject","inLanguage":"az","@id":"https:\/\/www.meydan.tv\/az\/article\/tovlama\/#primaryimage","url":"https:\/\/www.meydan.tv\/wp-content\/uploads\/46176.jpg","contentUrl":"https:\/\/www.meydan.tv\/wp-content\/uploads\/46176.jpg","width":1200,"height":675,"caption":"Source:"},{"@type":"BreadcrumbList","@id":"https:\/\/www.meydan.tv\/az\/article\/tovlama\/#breadcrumb","itemListElement":[{"@type":"ListItem","position":1,"name":"Ana s\u0259hif\u0259","item":"https:\/\/www.meydan.tv\/az\/"},{"@type":"ListItem","position":2,"name":"M\u0259nim Fikrimc\u0259","item":"https:\/\/www.meydan.tv\/az\/section\/menim-fikrimce\/"},{"@type":"ListItem","position":3,"name":"Tovlama"}]},{"@type":"WebSite","@id":"https:\/\/www.meydan.tv\/az\/#website","url":"https:\/\/www.meydan.tv\/az\/","name":"MEYDAN.TV","description":"Meydan TV Az\u0259rbaycan\u0131n media m\u0259kan\u0131ndak\u0131 alternativ s\u0259sidir","publisher":{"@id":"https:\/\/www.meydan.tv\/az\/#organization"},"potentialAction":[{"@type":"SearchAction","target":{"@type":"EntryPoint","urlTemplate":"https:\/\/www.meydan.tv\/az\/?s={search_term_string}"},"query-input":{"@type":"PropertyValueSpecification","valueRequired":true,"valueName":"search_term_string"}}],"inLanguage":"az"},{"@type":"Organization","@id":"https:\/\/www.meydan.tv\/az\/#organization","name":"Meydan TV","url":"https:\/\/www.meydan.tv\/az\/","logo":{"@type":"ImageObject","inLanguage":"az","@id":"https:\/\/www.meydan.tv\/az\/#\/schema\/logo\/image\/","url":"https:\/\/www.meydan.tv\/wp-content\/uploads\/2021\/07\/meydan-logo.svg","contentUrl":"https:\/\/www.meydan.tv\/wp-content\/uploads\/2021\/07\/meydan-logo.svg","width":195,"height":46,"caption":"Meydan TV"},"image":{"@id":"https:\/\/www.meydan.tv\/az\/#\/schema\/logo\/image\/"}},{"@type":"Person","@id":"https:\/\/www.meydan.tv\/az\/#\/schema\/person\/10d11eccf6da3662cf5fdab9806ea91a","name":"user-manager"}]}},"_links":{"self":[{"href":"https:\/\/www.meydan.tv\/az\/wp-json\/wp\/v2\/posts\/193486","targetHints":{"allow":["GET"]}}],"collection":[{"href":"https:\/\/www.meydan.tv\/az\/wp-json\/wp\/v2\/posts"}],"about":[{"href":"https:\/\/www.meydan.tv\/az\/wp-json\/wp\/v2\/types\/post"}],"author":[{"embeddable":true,"href":"https:\/\/www.meydan.tv\/az\/wp-json\/wp\/v2\/users\/11"}],"replies":[{"embeddable":true,"href":"https:\/\/www.meydan.tv\/az\/wp-json\/wp\/v2\/comments?post=193486"}],"version-history":[{"count":0,"href":"https:\/\/www.meydan.tv\/az\/wp-json\/wp\/v2\/posts\/193486\/revisions"}],"wp:featuredmedia":[{"embeddable":true,"href":"https:\/\/www.meydan.tv\/az\/wp-json\/wp\/v2\/media\/115806"}],"wp:attachment":[{"href":"https:\/\/www.meydan.tv\/az\/wp-json\/wp\/v2\/media?parent=193486"}],"wp:term":[{"taxonomy":"category","embeddable":true,"href":"https:\/\/www.meydan.tv\/az\/wp-json\/wp\/v2\/categories?post=193486"},{"taxonomy":"post_tag","embeddable":true,"href":"https:\/\/www.meydan.tv\/az\/wp-json\/wp\/v2\/tags?post=193486"}],"curies":[{"name":"wp","href":"https:\/\/api.w.org\/{rel}","templated":true}]}}