{"id":193484,"date":"2019-01-14T16:33:05","date_gmt":"2019-01-14T16:33:05","guid":{"rendered":"https:\/\/www.meydan.tv\/article\/allah-umidine-yasayiriq-harada-qirila-qirila\/"},"modified":"2019-01-14T16:33:05","modified_gmt":"2019-01-14T16:33:05","slug":"allah-umidine-yasayiriq-harada-qirila-qirila","status":"publish","type":"post","link":"https:\/\/www.meydan.tv\/az\/article\/allah-umidine-yasayiriq-harada-qirila-qirila\/","title":{"rendered":"&#8221;Allah \u00fcmidin\u0259 ya\u015fay\u0131r\u0131q, harada q\u0131r\u0131la-q\u0131r\u0131la&#8221;"},"content":{"rendered":"<figure class=\"wp-block-image size-large\">\n  <img decoding=\"async\" src=\"https:\/\/www.meydan.tv\/az\/elnare-qasimova\/\" alt=\"Elnar\u0259 Qas\u0131mova\" class=\"wp-image-115818\"\/><figcaption>\n    Elnar\u0259 Qas\u0131mova<br \/>\n  <\/figcaption><\/figure>\n<p>\n  <i><br \/>\n    A\u011fstafa sakini ya\u015fay\u0131\u015f\u0131ndan gileylidir<br \/>\n  <\/i>\n<\/p>\n<p>\n  \u201cAy\u0131n sonunu g\u00fccl\u0259 g\u0259tiririk. Maa\u015f a\u015fa\u011f\u0131, d\u0259rdimiz \u00e7oxdur. Azm\u0131\u015f kimi evim d\u0259 q\u0259zal\u0131 v\u0259ziyy\u0259td\u0259dir. U\u00e7urumun k\u0259nar\u0131nda ya\u015fay\u0131ram, s\u00fcr\u00fc\u015fm\u0259 t\u0259hl\u00fck\u0259si var. Ev is\u0259 babamdan, n\u0259n\u0259md\u0259n qalmad\u0131r, h\u0259r yeri \u00e7at-\u00e7at, u\u00e7ub-t\u00f6k\u00fcl\u00fcb\u201d.\n<\/p>\n<blockquote><p>\n  139 manat maa\u015f al\u0131ram, he\u00e7 n\u0259y\u0259 \u00e7atm\u0131r\n<\/p><\/blockquote>\n<p>\n  A\u011fstafa sakini Elnar\u0259 Qas\u0131mova bel\u0259 deyir. O, 40-c\u0131 ill\u0259rd\u0259 babas\u0131, n\u0259n\u0259sinin tikdiyi evd\u0259 o\u011flu il\u0259 birg\u0259 ya\u015fay\u0131r. H\u0259yat yolda\u015f\u0131n\u0131 itirib, 25 il anas\u0131na bax\u0131b. \u0130ndi anas\u0131 da yoxdur, \u00f6l\u00fcb. Qal\u0131b o\u011flu il\u0259 t\u0259kc\u0259. O\u011flu m\u0259kt\u0259blidir, deyir, \u00e7\u0259tindir, bir ist\u0259yini alanda dig\u0259rini ala bilmir:\n<\/p>\n<figure class=\"wp-block-image size-large\">\n  <img decoding=\"async\" src=\"https:\/\/www.meydan.tv\/az\/115815\/\" alt=\"\" class=\"wp-image-115815\"\/><figcaption><\/figcaption><\/figure>\n<p>\n  \u201cYax\u015f\u0131 ki, q\u0131z\u0131m\u0131 birt\u0259h\u0259r k\u00f6\u00e7\u00fcrm\u00fc\u015f\u0259m. \u0130ndi t\u0259kc\u0259 u\u015faqd\u0131r, onu da yoxluqla b\u00f6y\u00fcd\u00fcr\u0259m. M\u0259kt\u0259bd\u0259 xadim\u0259 i\u015fl\u0259yir\u0259m. Aya 139 manat maa\u015f al\u0131ram. \u0130nan\u0131n bu pul he\u00e7 t\u0259m\u0259l ehtiyaclar\u0131m\u0131za da \u00e7atm\u0131r, qald\u0131 ev t\u0259mir ed\u0259k, d\u00fcz\u0259ld\u0259k\u201d.\n<\/p>\n<blockquote><p>\n  K\u00fcl\u0259kli havalarda qorxumuzdan \u0259l dam\u0131nda yat\u0131r\u0131q\n<\/p><\/blockquote>\n<p>\n  E.Qas\u0131movan\u0131n evi 3 otaql\u0131d\u0131r. Yerd\u0259n tikilmi\u015f ki\u00e7ik evdir. Deyir, otaqlardan c\u0259mi birind\u0259n istifad\u0259 ed\u0259 bilir. Qalanlar\u0131n\u0131n divarlar\u0131 aralan\u0131b, \u00e7at yaran\u0131b, soyuq g\u0259lir:\n<\/p>\n<figure class=\"wp-block-image size-large\">\n  <img decoding=\"async\" src=\"https:\/\/www.meydan.tv\/az\/115827\/\" alt=\"\" class=\"wp-image-115827\"\/><figcaption><\/figcaption><\/figure>\n<p>\n  \u201cPal\u00e7\u0131qla h\u0259min \u00e7atlar\u0131n \u00fcz\u0259rini tutmu\u015fuq, ancaq o da i\u015f\u0259 yaram\u0131r. Pal\u00e7\u0131qla i\u015f olar? Ba\u015f\u0131m\u0131za t\u00f6k\u00fcl\u00fcr az qala. B\u0259zi soyuq, k\u00fcl\u0259kli havalarda qorxumuzdan \u0259l dam\u0131nda yat\u0131r\u0131q\u201d.\n<\/p>\n<blockquote><p>\n  Prezident\u0259 2 m\u0259ktub g\u00f6nd\u0259rmi\u015fik, xeyri yoxdu\n<\/p><\/blockquote>\n<p>\n  Elnar\u0259 deyir ki, son 1 ild\u0259 ev daha da q\u0259zal\u0131 hala d\u00fc\u015f\u00fcb. Otaqlarda yar\u011fanlar a\u00e7\u0131l\u0131b. K\u00fcncl\u0259ri \u00e7atlay\u0131b:\n<\/p>\n<figure class=\"wp-block-image size-large\">\n  <img decoding=\"async\" src=\"https:\/\/www.meydan.tv\/az\/115821\/\" alt=\"\" class=\"wp-image-115821\"\/><figcaption><\/figcaption><\/figure>\n<p>\n  \u201cK\u00f6hn\u0259 evdir d\u0259, nec\u0259 olmal\u0131d\u0131r? U\u00e7qun v\u0259ziyy\u0259tind\u0259dir, burada ya\u015famaq qorxuludur. \u0130ki m\u0259ktub yazm\u0131\u015f\u0131q prezident\u0259, bir m\u0259ktub da xan\u0131m Mehriban \u018fliyevaya. O vaxt anam sa\u011f idi. \u0130nan\u0131rd\u0131 ki, h\u0259min m\u0259ktublar i\u015f\u0259 yarayacaq v\u0259 bizim evi t\u0259mir ed\u0259c\u0259kl\u0259r. Anam indi yoxdur. He\u00e7 m\u0259ktublardan da s\u0259s-soraq yoxdur, olmad\u0131. Yaz\u0131q qad\u0131n\u0131n g\u00f6z\u00fc arxada getdi\u201d.\n<\/p>\n<blockquote><p>\n  Ev bizd\u0259n \u0259l \u00e7\u0259kib, biz ondan \u0259l \u00e7\u0259kmirik\n<\/p><\/blockquote>\n<p>\n  E.Qas\u0131mova deyir ki, m\u00fcraci\u0259t edir, sosial yard\u0131m da ala bilmir. Deyirl\u0259r ona d\u00fc\u015fm\u00fcr:\n<\/p>\n<figure class=\"wp-block-image size-large\">\n  <img decoding=\"async\" src=\"https:\/\/www.meydan.tv\/az\/115830\/\" alt=\"\" class=\"wp-image-115830\"\/><figcaption><\/figcaption><\/figure>\n<p>\n  \u201cDaha 139 manatla 2 u\u015faq b\u00f6y\u00fctm\u00fc\u015f\u0259m. Bundan art\u0131q n\u0259 olsun? C\u0259h\u0259nn\u0259m, yen\u0259 yar\u0131ac, yar\u0131tox ya\u015fay\u0131rd\u0131q. \u0130ndi bir t\u0259r\u0259fd\u0259n d\u0259 ev d\u0259rdi \u00e7\u0131x\u0131b. T\u0259s\u0259vv\u00fcr edin, anam bu ev\u0259 g\u0259lin g\u0259lib. Sonra biz bu evd\u0259 do\u011fulmu\u015fuq. Ev bizd\u0259n \u0259l \u00e7\u0259kib, biz ondan \u0259l \u00e7\u0259kmirik. Ya\u011f\u0131\u015f ya\u011fanda damdan i\u00e7\u0259riy\u0259 su dam\u0131r. Evin i\u00e7in\u0259 qablar d\u00fcz\u00fcr\u00fck, dolur, t\u00f6k\u00fcr\u00fck \u00e7\u00f6l\u0259, bir d\u0259 qoyuruq alt\u0131na. El\u0259c\u0259 q\u0131\u015f\u0131 bu v\u0259ziyy\u0259td\u0259 ke\u00e7iririk. K\u00fcl\u0259k d\u0259lm\u0259-de\u015fikd\u0259n ev\u0259 girib h\u0259r yeri soyudur. Qaz\u0131 da s\u00f6nd\u00fcr\u00fcr b\u0259z\u0259n\u201d.\n<\/p>\n<blockquote><p>\n  \u00c7atlar\u0131n \u00fcst\u00fcn\u00fc pal\u00e7\u0131qla \u00f6rtm\u00fc\u015f\u00fck ki, guya bir az yax\u015f\u0131 olsun\n<\/p><\/blockquote>\n<p>\n  Otaqlardan r\u00fctub\u0259t qoxusu g\u0259lir. D\u00f6\u015f\u0259m\u0259 buz kimidir. Otaqlar\u0131n divarlar\u0131 \u00e7at-\u00e7atd\u0131r, t\u00f6k\u00fcl\u00fcr. Elnar\u0259 Qas\u0131mova bir gec\u0259 evl\u0259ri ba\u015flar\u0131na u\u00e7acaq, \u00e7\u00f6ld\u0259 qalacaqlar dey\u0259 h\u0259y\u0259td\u0259ki balaca daxmaya qaz \u00e7\u0259km\u0259k ist\u0259yir. Deyir, he\u00e7 olmasa gedib orada ya\u015fayar:\n<\/p>\n<figure class=\"wp-block-image size-large\">\n  <img decoding=\"async\" src=\"https:\/\/www.meydan.tv\/az\/115824\/\" alt=\"\" class=\"wp-image-115824\"\/><figcaption><\/figcaption><\/figure>\n<p>\n  \u201cAncaq pulum yoxdu. El\u0259c\u0259 oraya da \u0259l g\u0259zdir\u0259 bilmir\u0259m. Evi d\u0259 g\u00f6r\u00fcrs\u00fcn\u00fcz d\u0259, iyd\u0259n, qoxudan durmaq olmur. N\u0259 q\u0259d\u0259r havaland\u0131r\u0131r\u0131q, i\u015f\u0259 yaram\u0131r. \u00c7atlar\u0131n \u00fcst\u00fcn\u00fc pal\u00e7\u0131qla \u00f6rtm\u00fc\u015f\u00fck ki, guya bir az yax\u015f\u0131 olsun. Han\u0131 e, g\u00fcn\u00fc-g\u00fcnd\u0259n b\u00f6y\u00fcy\u00fcr. M\u00fcv\u0259qq\u0259ti ya\u015fay\u0131r\u0131q da, harada q\u0131r\u0131la-q\u0131r\u0131la. \u0130nan\u0131n, yem\u0259y\u0259 \u00e7\u00f6r\u0259yi g\u00fccl\u0259 tapan adamlar\u0131q. Biz pulu hardan al\u0131b ev t\u0259mir ed\u0259k, bilmir\u0259m. \u00dcmumiyy\u0259tl\u0259, bu i\u015fl\u0259r bizim g\u00fcc\u00fcm\u00fcz \u00e7atan \u015feyl\u0259r deyil\u201d.\n<\/p>\n<blockquote><p>\n  Bu aydan dig\u0259rin g\u00fccl\u0259 \u00e7\u0131x\u0131r\u0131q\n<\/p><\/blockquote>\n<p>\n  Elnar\u0259 Qas\u0131mova q\u0131z\u0131n\u0131 oxutmaq \u00fc\u00e7\u00fcn pay torpa\u011f\u0131n\u0131 da sat\u0131b. Deyir, indi \u0259lav\u0259 bir g\u0259lir yeri d\u0259 qalmay\u0131b:\n<\/p>\n<figure class=\"wp-block-image size-large\">\n  <img decoding=\"async\" src=\"https:\/\/www.meydan.tv\/az\/115833\/\" alt=\"\" class=\"wp-image-115833\"\/><figcaption><\/figcaption><\/figure>\n<p>\n  \u201c\u0130mkan yoxdur, ya\u015faya bilmirik. Bu aydan o aya g\u00fccl\u0259 \u00e7\u0131x\u0131r\u0131q. M\u0259n\u0259 k\u00f6m\u0259k ets\u0259l\u0259r, \u00f6m\u00fcrboyu h\u00f6kum\u0259t\u0259 alq\u0131\u015f ed\u0259rdim\u201d.\n<\/p>\n<blockquote><p>\n  Problem 2019-da h\u0259ll edil\u0259c\u0259k\n<\/p><\/blockquote>\n<p>\n  Meydan TV m\u0259s\u0259l\u0259y\u0259 m\u00fcnasib\u0259t \u00f6yr\u0259nm\u0259k \u00fc\u00e7\u00fcn A\u011fstafa Rayon \u0130cra Hakimiyy\u0259ti il\u0259 \u0259laq\u0259 saxlay\u0131b. \u00d6z\u00fcn\u00fc icra ba\u015f\u00e7\u0131s\u0131n\u0131n k\u00f6m\u0259k\u00e7isi kimi t\u0259qdim ed\u0259n \u015f\u0259xs bildirib ki, Elnar\u0259 Qas\u0131movan\u0131n evi il\u0259 ba\u011fl\u0131 onlarda m\u0259lumat var:\n<\/p>\n<p>\n  \u201cB\u0259li, yar\u011fana yax\u0131n yerl\u0259\u015fib v\u0259 q\u0259zal\u0131d\u0131r. \u0130cra ba\u015f\u00e7\u0131s\u0131 da bu m\u0259s\u0259l\u0259d\u0259n x\u0259b\u0259rdard\u0131r. H\u0259tta \u0259raziy\u0259 d\u0259 getmi\u015fdi. 2019-cu ild\u0259 problem h\u0259ll edil\u0259c\u0259k. Qald\u0131 o qad\u0131n\u0131n \u00e7\u0259tin \u015f\u0259raitd\u0259 ya\u015famas\u0131na, biz \u0259m\u0259k haqq\u0131 art\u0131ran qurum deyilik, sosial fonda m\u00fcraci\u0259t etsin, yard\u0131m ayr\u0131ls\u0131n ona\u201d.\n<\/p>\n<figure class=\"wp-block-image size-large\">\n  <img decoding=\"async\" src=\"https:\/\/www.meydan.tv\/az\/115836\/\" alt=\"\" class=\"wp-image-115836\"\/><figcaption><\/figcaption><\/figure>\n<p>\n  A\u011fstafa Rayon Sosial M\u00fcdafi\u0259 Fondundan is\u0259 bildiribl\u0259r ki, v\u0259t\u0259nda\u015f onlara elektron qaydada m\u00fcraci\u0259t etm\u0259lidir. Onun h\u0259qiq\u0259t\u0259n yard\u0131ma ehtiyac\u0131 olub-olmad\u0131\u011f\u0131na bax\u0131lmal\u0131, bundan sonra bir q\u0259rar verilm\u0259lidir:\n<\/p>\n<p>\n  \u201cLaz\u0131mi \u015f\u0259rtl\u0259r\u0259 uy\u011fun olsa, yard\u0131m ayr\u0131lar. Uy\u011fun olmasa, bizim \u0259limizd\u0259n he\u00e7 n\u0259 g\u0259lmir\u201d.\n<\/p>\n<figure class=\"wp-block-image size-large\">\n  <img decoding=\"async\" src=\"https:\/\/www.meydan.tv\/az\/115845\/\" alt=\"\" class=\"wp-image-115845\"\/><figcaption><\/figcaption><\/figure><\/p>\n","protected":false},"excerpt":{"rendered":"<p>A\u011fstafa sakini ya\u015fay\u0131\u015f\u0131ndan gileylidir<\/p>\n","protected":false},"author":11,"featured_media":115818,"comment_status":"closed","ping_status":"open","sticky":false,"template":"","format":"standard","meta":{"_acf_changed":false,"_sitemap_exclude":false,"_sitemap_priority":"","_sitemap_frequency":"","footnotes":""},"categories":[60],"tags":[],"class_list":["post-193484","post","type-post","status-publish","format-standard","has-post-thumbnail","hentry","category-bolge","infinite-scroll-item","generate-columns","tablet-grid-50","mobile-grid-100","grid-parent","grid-33","no-featured-image-padding"],"acf":[],"yoast_head":"<!-- This site is optimized with the Yoast SEO plugin v27.4 - https:\/\/yoast.com\/product\/yoast-seo-wordpress\/ -->\n<title>&#039;&#039;Allah \u00fcmidin\u0259 ya\u015fay\u0131r\u0131q, harada q\u0131r\u0131la-q\u0131r\u0131la&#039;&#039; - MEYDAN.TV<\/title>\n<meta name=\"robots\" content=\"index, follow, max-snippet:-1, max-image-preview:large, max-video-preview:-1\" \/>\n<link rel=\"canonical\" href=\"https:\/\/www.meydan.tv\/az\/article\/allah-umidine-yasayiriq-harada-qirila-qirila\/\" \/>\n<meta property=\"og:locale\" content=\"az_AZ\" \/>\n<meta property=\"og:type\" content=\"article\" \/>\n<meta property=\"og:title\" content=\"&#039;&#039;Allah \u00fcmidin\u0259 ya\u015fay\u0131r\u0131q, harada q\u0131r\u0131la-q\u0131r\u0131la&#039;&#039; - MEYDAN.TV\" \/>\n<meta property=\"og:description\" content=\"A\u011fstafa sakini ya\u015fay\u0131\u015f\u0131ndan gileylidir\" \/>\n<meta property=\"og:url\" content=\"https:\/\/www.meydan.tv\/az\/article\/allah-umidine-yasayiriq-harada-qirila-qirila\/\" \/>\n<meta property=\"og:site_name\" content=\"MEYDAN.TV\" \/>\n<meta property=\"article:published_time\" content=\"2019-01-14T16:33:05+00:00\" \/>\n<meta property=\"og:image\" content=\"https:\/\/www.meydan.tv\/wp-content\/uploads\/46157-scaled.jpg\" \/>\n\t<meta property=\"og:image:width\" content=\"2560\" \/>\n\t<meta property=\"og:image:height\" content=\"1920\" \/>\n\t<meta property=\"og:image:type\" content=\"image\/jpeg\" \/>\n<meta name=\"author\" content=\"user-manager\" \/>\n<meta name=\"twitter:card\" content=\"summary_large_image\" \/>\n<script type=\"application\/ld+json\" class=\"yoast-schema-graph\">{\"@context\":\"https:\\\/\\\/schema.org\",\"@graph\":[{\"@type\":\"Article\",\"@id\":\"https:\\\/\\\/www.meydan.tv\\\/az\\\/article\\\/allah-umidine-yasayiriq-harada-qirila-qirila\\\/#article\",\"isPartOf\":{\"@id\":\"https:\\\/\\\/www.meydan.tv\\\/az\\\/article\\\/allah-umidine-yasayiriq-harada-qirila-qirila\\\/\"},\"author\":{\"name\":\"user-manager\",\"@id\":\"https:\\\/\\\/www.meydan.tv\\\/az\\\/#\\\/schema\\\/person\\\/10d11eccf6da3662cf5fdab9806ea91a\"},\"headline\":\"&#8221;Allah \u00fcmidin\u0259 ya\u015fay\u0131r\u0131q, harada q\u0131r\u0131la-q\u0131r\u0131la&#8221;\",\"datePublished\":\"2019-01-14T16:33:05+00:00\",\"mainEntityOfPage\":{\"@id\":\"https:\\\/\\\/www.meydan.tv\\\/az\\\/article\\\/allah-umidine-yasayiriq-harada-qirila-qirila\\\/\"},\"wordCount\":1006,\"publisher\":{\"@id\":\"https:\\\/\\\/www.meydan.tv\\\/az\\\/#organization\"},\"image\":{\"@id\":\"https:\\\/\\\/www.meydan.tv\\\/az\\\/article\\\/allah-umidine-yasayiriq-harada-qirila-qirila\\\/#primaryimage\"},\"thumbnailUrl\":\"https:\\\/\\\/www.meydan.tv\\\/wp-content\\\/uploads\\\/46157-scaled.jpg\",\"articleSection\":[\"B\u00f6lg\u0259\"],\"inLanguage\":\"az\"},{\"@type\":\"WebPage\",\"@id\":\"https:\\\/\\\/www.meydan.tv\\\/az\\\/article\\\/allah-umidine-yasayiriq-harada-qirila-qirila\\\/\",\"url\":\"https:\\\/\\\/www.meydan.tv\\\/az\\\/article\\\/allah-umidine-yasayiriq-harada-qirila-qirila\\\/\",\"name\":\"''Allah \u00fcmidin\u0259 ya\u015fay\u0131r\u0131q, harada q\u0131r\u0131la-q\u0131r\u0131la'' - MEYDAN.TV\",\"isPartOf\":{\"@id\":\"https:\\\/\\\/www.meydan.tv\\\/az\\\/#website\"},\"primaryImageOfPage\":{\"@id\":\"https:\\\/\\\/www.meydan.tv\\\/az\\\/article\\\/allah-umidine-yasayiriq-harada-qirila-qirila\\\/#primaryimage\"},\"image\":{\"@id\":\"https:\\\/\\\/www.meydan.tv\\\/az\\\/article\\\/allah-umidine-yasayiriq-harada-qirila-qirila\\\/#primaryimage\"},\"thumbnailUrl\":\"https:\\\/\\\/www.meydan.tv\\\/wp-content\\\/uploads\\\/46157-scaled.jpg\",\"datePublished\":\"2019-01-14T16:33:05+00:00\",\"breadcrumb\":{\"@id\":\"https:\\\/\\\/www.meydan.tv\\\/az\\\/article\\\/allah-umidine-yasayiriq-harada-qirila-qirila\\\/#breadcrumb\"},\"inLanguage\":\"az\",\"potentialAction\":[{\"@type\":\"ReadAction\",\"target\":[\"https:\\\/\\\/www.meydan.tv\\\/az\\\/article\\\/allah-umidine-yasayiriq-harada-qirila-qirila\\\/\"]}]},{\"@type\":\"ImageObject\",\"inLanguage\":\"az\",\"@id\":\"https:\\\/\\\/www.meydan.tv\\\/az\\\/article\\\/allah-umidine-yasayiriq-harada-qirila-qirila\\\/#primaryimage\",\"url\":\"https:\\\/\\\/www.meydan.tv\\\/wp-content\\\/uploads\\\/46157-scaled.jpg\",\"contentUrl\":\"https:\\\/\\\/www.meydan.tv\\\/wp-content\\\/uploads\\\/46157-scaled.jpg\",\"width\":2560,\"height\":1920,\"caption\":\"Source:\"},{\"@type\":\"BreadcrumbList\",\"@id\":\"https:\\\/\\\/www.meydan.tv\\\/az\\\/article\\\/allah-umidine-yasayiriq-harada-qirila-qirila\\\/#breadcrumb\",\"itemListElement\":[{\"@type\":\"ListItem\",\"position\":1,\"name\":\"Ana s\u0259hif\u0259\",\"item\":\"https:\\\/\\\/www.meydan.tv\\\/az\\\/\"},{\"@type\":\"ListItem\",\"position\":2,\"name\":\"B\u00f6lg\u0259\",\"item\":\"https:\\\/\\\/www.meydan.tv\\\/az\\\/section\\\/bolge\\\/\"},{\"@type\":\"ListItem\",\"position\":3,\"name\":\"&#8221;Allah \u00fcmidin\u0259 ya\u015fay\u0131r\u0131q, harada q\u0131r\u0131la-q\u0131r\u0131la&#8221;\"}]},{\"@type\":\"WebSite\",\"@id\":\"https:\\\/\\\/www.meydan.tv\\\/az\\\/#website\",\"url\":\"https:\\\/\\\/www.meydan.tv\\\/az\\\/\",\"name\":\"MEYDAN.TV\",\"description\":\"Meydan TV Az\u0259rbaycan\u0131n media m\u0259kan\u0131ndak\u0131 alternativ s\u0259sidir\",\"publisher\":{\"@id\":\"https:\\\/\\\/www.meydan.tv\\\/az\\\/#organization\"},\"potentialAction\":[{\"@type\":\"SearchAction\",\"target\":{\"@type\":\"EntryPoint\",\"urlTemplate\":\"https:\\\/\\\/www.meydan.tv\\\/az\\\/?s={search_term_string}\"},\"query-input\":{\"@type\":\"PropertyValueSpecification\",\"valueRequired\":true,\"valueName\":\"search_term_string\"}}],\"inLanguage\":\"az\"},{\"@type\":\"Organization\",\"@id\":\"https:\\\/\\\/www.meydan.tv\\\/az\\\/#organization\",\"name\":\"Meydan TV\",\"url\":\"https:\\\/\\\/www.meydan.tv\\\/az\\\/\",\"logo\":{\"@type\":\"ImageObject\",\"inLanguage\":\"az\",\"@id\":\"https:\\\/\\\/www.meydan.tv\\\/az\\\/#\\\/schema\\\/logo\\\/image\\\/\",\"url\":\"https:\\\/\\\/www.meydan.tv\\\/wp-content\\\/uploads\\\/2021\\\/07\\\/meydan-logo.svg\",\"contentUrl\":\"https:\\\/\\\/www.meydan.tv\\\/wp-content\\\/uploads\\\/2021\\\/07\\\/meydan-logo.svg\",\"width\":195,\"height\":46,\"caption\":\"Meydan TV\"},\"image\":{\"@id\":\"https:\\\/\\\/www.meydan.tv\\\/az\\\/#\\\/schema\\\/logo\\\/image\\\/\"}},{\"@type\":\"Person\",\"@id\":\"https:\\\/\\\/www.meydan.tv\\\/az\\\/#\\\/schema\\\/person\\\/10d11eccf6da3662cf5fdab9806ea91a\",\"name\":\"user-manager\"}]}<\/script>\n<!-- \/ Yoast SEO plugin. -->","yoast_head_json":{"title":"''Allah \u00fcmidin\u0259 ya\u015fay\u0131r\u0131q, harada q\u0131r\u0131la-q\u0131r\u0131la'' - MEYDAN.TV","robots":{"index":"index","follow":"follow","max-snippet":"max-snippet:-1","max-image-preview":"max-image-preview:large","max-video-preview":"max-video-preview:-1"},"canonical":"https:\/\/www.meydan.tv\/az\/article\/allah-umidine-yasayiriq-harada-qirila-qirila\/","og_locale":"az_AZ","og_type":"article","og_title":"''Allah \u00fcmidin\u0259 ya\u015fay\u0131r\u0131q, harada q\u0131r\u0131la-q\u0131r\u0131la'' - MEYDAN.TV","og_description":"A\u011fstafa sakini ya\u015fay\u0131\u015f\u0131ndan gileylidir","og_url":"https:\/\/www.meydan.tv\/az\/article\/allah-umidine-yasayiriq-harada-qirila-qirila\/","og_site_name":"MEYDAN.TV","article_published_time":"2019-01-14T16:33:05+00:00","og_image":[{"width":2560,"height":1920,"url":"https:\/\/www.meydan.tv\/wp-content\/uploads\/46157-scaled.jpg","type":"image\/jpeg"}],"author":"user-manager","twitter_card":"summary_large_image","schema":{"@context":"https:\/\/schema.org","@graph":[{"@type":"Article","@id":"https:\/\/www.meydan.tv\/az\/article\/allah-umidine-yasayiriq-harada-qirila-qirila\/#article","isPartOf":{"@id":"https:\/\/www.meydan.tv\/az\/article\/allah-umidine-yasayiriq-harada-qirila-qirila\/"},"author":{"name":"user-manager","@id":"https:\/\/www.meydan.tv\/az\/#\/schema\/person\/10d11eccf6da3662cf5fdab9806ea91a"},"headline":"&#8221;Allah \u00fcmidin\u0259 ya\u015fay\u0131r\u0131q, harada q\u0131r\u0131la-q\u0131r\u0131la&#8221;","datePublished":"2019-01-14T16:33:05+00:00","mainEntityOfPage":{"@id":"https:\/\/www.meydan.tv\/az\/article\/allah-umidine-yasayiriq-harada-qirila-qirila\/"},"wordCount":1006,"publisher":{"@id":"https:\/\/www.meydan.tv\/az\/#organization"},"image":{"@id":"https:\/\/www.meydan.tv\/az\/article\/allah-umidine-yasayiriq-harada-qirila-qirila\/#primaryimage"},"thumbnailUrl":"https:\/\/www.meydan.tv\/wp-content\/uploads\/46157-scaled.jpg","articleSection":["B\u00f6lg\u0259"],"inLanguage":"az"},{"@type":"WebPage","@id":"https:\/\/www.meydan.tv\/az\/article\/allah-umidine-yasayiriq-harada-qirila-qirila\/","url":"https:\/\/www.meydan.tv\/az\/article\/allah-umidine-yasayiriq-harada-qirila-qirila\/","name":"''Allah \u00fcmidin\u0259 ya\u015fay\u0131r\u0131q, harada q\u0131r\u0131la-q\u0131r\u0131la'' - MEYDAN.TV","isPartOf":{"@id":"https:\/\/www.meydan.tv\/az\/#website"},"primaryImageOfPage":{"@id":"https:\/\/www.meydan.tv\/az\/article\/allah-umidine-yasayiriq-harada-qirila-qirila\/#primaryimage"},"image":{"@id":"https:\/\/www.meydan.tv\/az\/article\/allah-umidine-yasayiriq-harada-qirila-qirila\/#primaryimage"},"thumbnailUrl":"https:\/\/www.meydan.tv\/wp-content\/uploads\/46157-scaled.jpg","datePublished":"2019-01-14T16:33:05+00:00","breadcrumb":{"@id":"https:\/\/www.meydan.tv\/az\/article\/allah-umidine-yasayiriq-harada-qirila-qirila\/#breadcrumb"},"inLanguage":"az","potentialAction":[{"@type":"ReadAction","target":["https:\/\/www.meydan.tv\/az\/article\/allah-umidine-yasayiriq-harada-qirila-qirila\/"]}]},{"@type":"ImageObject","inLanguage":"az","@id":"https:\/\/www.meydan.tv\/az\/article\/allah-umidine-yasayiriq-harada-qirila-qirila\/#primaryimage","url":"https:\/\/www.meydan.tv\/wp-content\/uploads\/46157-scaled.jpg","contentUrl":"https:\/\/www.meydan.tv\/wp-content\/uploads\/46157-scaled.jpg","width":2560,"height":1920,"caption":"Source:"},{"@type":"BreadcrumbList","@id":"https:\/\/www.meydan.tv\/az\/article\/allah-umidine-yasayiriq-harada-qirila-qirila\/#breadcrumb","itemListElement":[{"@type":"ListItem","position":1,"name":"Ana s\u0259hif\u0259","item":"https:\/\/www.meydan.tv\/az\/"},{"@type":"ListItem","position":2,"name":"B\u00f6lg\u0259","item":"https:\/\/www.meydan.tv\/az\/section\/bolge\/"},{"@type":"ListItem","position":3,"name":"&#8221;Allah \u00fcmidin\u0259 ya\u015fay\u0131r\u0131q, harada q\u0131r\u0131la-q\u0131r\u0131la&#8221;"}]},{"@type":"WebSite","@id":"https:\/\/www.meydan.tv\/az\/#website","url":"https:\/\/www.meydan.tv\/az\/","name":"MEYDAN.TV","description":"Meydan TV Az\u0259rbaycan\u0131n media m\u0259kan\u0131ndak\u0131 alternativ s\u0259sidir","publisher":{"@id":"https:\/\/www.meydan.tv\/az\/#organization"},"potentialAction":[{"@type":"SearchAction","target":{"@type":"EntryPoint","urlTemplate":"https:\/\/www.meydan.tv\/az\/?s={search_term_string}"},"query-input":{"@type":"PropertyValueSpecification","valueRequired":true,"valueName":"search_term_string"}}],"inLanguage":"az"},{"@type":"Organization","@id":"https:\/\/www.meydan.tv\/az\/#organization","name":"Meydan TV","url":"https:\/\/www.meydan.tv\/az\/","logo":{"@type":"ImageObject","inLanguage":"az","@id":"https:\/\/www.meydan.tv\/az\/#\/schema\/logo\/image\/","url":"https:\/\/www.meydan.tv\/wp-content\/uploads\/2021\/07\/meydan-logo.svg","contentUrl":"https:\/\/www.meydan.tv\/wp-content\/uploads\/2021\/07\/meydan-logo.svg","width":195,"height":46,"caption":"Meydan TV"},"image":{"@id":"https:\/\/www.meydan.tv\/az\/#\/schema\/logo\/image\/"}},{"@type":"Person","@id":"https:\/\/www.meydan.tv\/az\/#\/schema\/person\/10d11eccf6da3662cf5fdab9806ea91a","name":"user-manager"}]}},"_links":{"self":[{"href":"https:\/\/www.meydan.tv\/az\/wp-json\/wp\/v2\/posts\/193484","targetHints":{"allow":["GET"]}}],"collection":[{"href":"https:\/\/www.meydan.tv\/az\/wp-json\/wp\/v2\/posts"}],"about":[{"href":"https:\/\/www.meydan.tv\/az\/wp-json\/wp\/v2\/types\/post"}],"author":[{"embeddable":true,"href":"https:\/\/www.meydan.tv\/az\/wp-json\/wp\/v2\/users\/11"}],"replies":[{"embeddable":true,"href":"https:\/\/www.meydan.tv\/az\/wp-json\/wp\/v2\/comments?post=193484"}],"version-history":[{"count":0,"href":"https:\/\/www.meydan.tv\/az\/wp-json\/wp\/v2\/posts\/193484\/revisions"}],"wp:featuredmedia":[{"embeddable":true,"href":"https:\/\/www.meydan.tv\/az\/wp-json\/wp\/v2\/media\/115818"}],"wp:attachment":[{"href":"https:\/\/www.meydan.tv\/az\/wp-json\/wp\/v2\/media?parent=193484"}],"wp:term":[{"taxonomy":"category","embeddable":true,"href":"https:\/\/www.meydan.tv\/az\/wp-json\/wp\/v2\/categories?post=193484"},{"taxonomy":"post_tag","embeddable":true,"href":"https:\/\/www.meydan.tv\/az\/wp-json\/wp\/v2\/tags?post=193484"}],"curies":[{"name":"wp","href":"https:\/\/api.w.org\/{rel}","templated":true}]}}