{"id":193482,"date":"2019-01-14T18:25:54","date_gmt":"2019-01-14T18:25:54","guid":{"rendered":"https:\/\/www.meydan.tv\/article\/azerbaycan-gercekliyinde-corek-ve-tamasa\/"},"modified":"2019-01-14T18:25:54","modified_gmt":"2019-01-14T18:25:54","slug":"azerbaycan-gercekliyinde-corek-ve-tamasa","status":"publish","type":"post","link":"https:\/\/www.meydan.tv\/az\/article\/azerbaycan-gercekliyinde-corek-ve-tamasa\/","title":{"rendered":"Az\u0259rbaycan ger\u00e7\u0259kliyind\u0259 &#8221;\u00c7\u00f6r\u0259k v\u0259 tama\u015fa&#8221;"},"content":{"rendered":"<figure class=\"wp-block-image size-large\">\n  <img decoding=\"async\" src=\"https:\/\/www.meydan.tv\/az\/115839\/\" alt=\"\" class=\"wp-image-115839\"\/><figcaption><\/figcaption><\/figure>\n<p>\n  Roma satiriki Yuvenal \u00f6z\u00fcn\u00fcn 7-ci satiras\u0131n\u0131 m\u0259hz bel\u0259 adland\u0131rm\u0131\u015fd\u0131r&#8230; O, respublikadan monarxiyaya ke\u00e7id zaman\u0131 romal\u0131lar\u0131n d\u00fc\u015fd\u00fcy\u00fc ac\u0131nacaql\u0131 durumu \u201c\u00c7\u00f6r\u0259k v\u0259 tama\u015fa\u201d ad\u0131 alt\u0131nda inc\u0259 yumorla, satirik \u00fcslubda romal\u0131lar\u0131n pulsuz \u00e7\u00f6r\u0259k almaq v\u0259 \u00f6d\u0259ni\u015fsiz qladiator d\u00f6y\u00fc\u015fl\u0259rin\u0259 baxmaq h\u00fcququ \u0259ld\u0259 etm\u0259yin m\u00fcqabilind\u0259, demokratik d\u0259y\u0259rl\u0259rd\u0259n imtina edib, respublikan\u0131 monarxiyaya nec\u0259 qurban verdiyini b\u00f6y\u00fck ustal\u0131qla ifad\u0259 etmi\u015fdi.\n<\/p>\n<p>\n  \u201c\u00c7\u00f6r\u0259k v\u0259 tama\u015fa\u201d hakimiyy\u0259ti idar\u0259 etm\u0259yin klassik formas\u0131 olub Q\u0259dim Romadan bu g\u00fcn\u00fcm\u00fcz\u0259 q\u0259d\u0259r g\u0259l\u0259n v\u0259 h\u0259l\u0259 d\u0259 istifad\u0259 olunan bir modeldir. Bunun \u0259sas\u0131n\u0131 Oktavian Avqust Sezar e.\u0259. birinci y\u00fczillikd\u0259 qoymu\u015fdur.\n<\/p>\n<p>\n  \u0130ll\u0259rl\u0259 s\u00fcr\u0259n v\u0259t\u0259nda\u015f m\u00fcharib\u0259si Roma respublikas\u0131n\u0131 iflic etdib a\u011f\u0131r, \u00fcz\u00fcc\u00fc bir b\u00f6hrana salm\u0131\u015fd\u0131r. M\u0259n\u0259vi-psixoloji sars\u0131nt\u0131lar i\u00e7ind\u0259 \u00fcz\u00fcl\u0259n Roma v\u0259t\u0259nda\u015flar\u0131 d\u00fc\u015fd\u00fckl\u0259ri bu a\u011f\u0131r b\u00f6hrandan \u00e7\u0131xmaq \u00fc\u00e7\u00fcn k\u00fctl\u0259vi m\u0259suliyy\u0259ti \u00f6z \u00fcz\u0259rin\u0259 g\u00f6t\u00fcr\u0259 bil\u0259c\u0259k bir xilaskar- lider axtar\u0131\u015f\u0131nda idil\u0259r. Avqust bu f\u00fcrs\u0259td\u0259n istifad\u0259 ed\u0259r\u0259k art\u0131q get-ged\u0259 k\u00fctl\u0259l\u0259\u015f\u0259n romal\u0131lar\u0131n ist\u0259yini t\u0259min edib onun liderin\u0259 \u00e7evrildi.\n<\/p>\n<p>\n  Avqust Sezar t\u0259\u0259b\u0259l\u0259rini \u201cxo\u015fb\u0259xt\u201d etm\u0259k \u00fc\u00e7\u00fcn onlar\u0131n arzusunu \u00f6yr\u0259nm\u0259y\u0259 ba\u015flad\u0131. T\u0259\u0259b\u0259l\u0259r \u201c\u00e7\u00f6r\u0259k v\u0259 tama\u015fa\u201d ist\u0259yirdi. K\u00fctl\u0259nin bu ist\u0259yini n\u0259z\u0259r\u0259 alan Avqust Sezar Palatin y\u00fcks\u0259kliyind\u0259n c\u0259nuba do\u011fru geni\u015f d\u00fcz\u0259nlikd\u0259 c\u0131d\u0131r yar\u0131\u015flar\u0131n\u0131n ke\u00e7irilm\u0259si \u00fc\u00e7\u00fcn on minl\u0259rl\u0259 tama\u015fa\u00e7\u0131 tutumu olan tribunalar, imperator v\u0259 onun \u0259yanlar\u0131 \u00fc\u00e7\u00fcn is\u0259 b\u0259r-b\u0259z\u0259kli lojalar\u0131 olan n\u0259h\u0259ng bir c\u0131d\u0131r meydan\u0131 tikdirdi.\n<\/p>\n<p>\n  \u201cXo\u015fb\u0259xt\u201d olmaq ist\u0259y\u0259n romal\u0131lar\u0131 \u0259yl\u0259ndirm\u0259k \u00fc\u00e7\u00fcn bu meydanda 10.000 qladiator bir-biril\u0259 v\u0259 ya v\u0259h\u015fi heyvanlarla vuru\u015furdu. K\u00fctl\u0259nin \u0259n \u00e7ox sevdiyi tama\u015fa qladiator d\u00f6y\u00fc\u015fl\u0259ri v\u0259 d\u00f6y\u00fc\u015f arabalar\u0131n\u0131n \u00f6t\u00fc\u015fm\u0259si idi. Pulsuz paylanan \u00e7\u00f6r\u0259kd\u0259n yeyib, qladiatorlar\u0131n bir-birini \u00f6ld\u00fcrm\u0259sin\u0259 tama\u015fa ed\u0259n k\u00fctl\u0259 \u0259yl\u0259nir v\u0259 \u00f6z\u00fcn\u00fc \u201cxo\u015fb\u0259xt\u201d hiss edirdi&#8230; Onu daha he\u00e7 n\u0259 maraqland\u0131rm\u0131rd\u0131, sanki ist\u0259diyi arzusuna \u00e7atm\u0131\u015fd\u0131. K\u00fctl\u0259nin ist\u0259yini t\u0259min ed\u0259n Avqust Sezar f\u00fcrs\u0259td\u0259n istifad\u0259 ed\u0259r\u0259k Respublikaya son qoyub \u00f6z imperiyas\u0131n\u0131- m\u00fctl\u0259q monarxiya- yaratd\u0131. Avqustdan sonra Romada b\u00fct\u00fcn imperatorlar k\u00fctl\u0259ni qiyamlardan yay\u0131nd\u0131r\u0131b ita\u0259td\u0259 saxlamaq \u00fc\u00e7\u00fcn onlar\u0131 \u00e7\u00f6r\u0259kl\u0259 t\u0259min edir v\u0259 tama\u015fa- qladiator d\u00f6y\u00fc\u015fl\u0259ri d\u00fcz\u0259nl\u0259yirdil\u0259r.\n<\/p>\n<p>\n  \u018fsrl\u0259r \u00f6t\u00fcb ke\u00e7s\u0259 d\u0259, zaman v\u0259 m\u0259kan d\u0259yi\u015fs\u0259 d\u0259&#8230;\n<\/p>\n<p>\n  K\u00fctl\u0259nin \u201c\u00e7\u00f6r\u0259k v\u0259 tama\u015fa\u201dya m\u00fcnasib\u0259ti d\u0259yi\u015fm\u0259z olaraq qal\u0131r&#8230; \u00c7\u00fcnki tama\u015falar birba\u015fa k\u00fctl\u0259l\u0259rin t\u0259x\u0259yy\u00fcl\u00fcn\u0259 t\u0259sir edir. V\u0259 b\u00fct\u00fcn tama\u015fa\u00e7\u0131lar eyni emosiyalar\u0131 ya\u015fay\u0131rlar, amma h\u0259min anda bilmirl\u0259r ki, onlar \u2013 ill\u00fcziyalar\u0131n\u0131n qurban\u0131d\u0131r v\u0259 h\u0259qiqi ba\u015f ver\u0259nl\u0259r\u0259 g\u00f6r\u0259 yox, t\u0259x\u0259yy\u00fcl\u00fcn\u00fcn yaratd\u0131qlar\u0131ndan t\u0259sirl\u0259n\u0259r\u0259k a\u011flay\u0131b- g\u00fcl\u00fcrl\u0259r.\n<\/p>\n<p>\n  K\u00fctl\u0259ni h\u0259mi\u015f\u0259 \u00f6z ard\u0131nca \u0259sas\u0259n onun t\u0259x\u0259yy\u00fcl\u00fc \u00e7\u0259kib apar\u0131r. B\u00fct\u00fcn tarixi hadis\u0259l\u0259r \u2013 islahatlar v\u0259 inqilablar bilavasit\u0259 k\u00fctl\u0259nin t\u0259x\u0259yy\u00fcl\u00fcnd\u0259 \u0259m\u0259l\u0259 g\u0259l\u0259n v\u0259 yaxud ayr\u0131-ayr\u0131 hadis\u0259l\u0259rin t\u0259siri alt\u0131nda yaranan g\u00fccl\u00fc t\u0259\u0259ss\u00fcratlar\u0131n t\u0259zah\u00fcrl\u0259ridir. \u0130nsan n\u0259 q\u0259d\u0259r f\u0259rdil\u0259\u015fib individual t\u0259f\u0259kk\u00fcr\u0259 sahibl\u0259ns\u0259 d\u0259, onun alt yap\u0131s\u0131 k\u00fctl\u0259 \u015f\u00fcurunun da\u015f\u0131y\u0131c\u0131s\u0131 kimi t\u0259x\u0259yy\u00fcl\u00fcn yaratd\u0131qlar\u0131n\u0131n t\u0259siri altda olur. Ona g\u00f6r\u0259 d\u0259 f\u0259rdl\u0259r d\u00fc\u015fd\u00fckl\u0259ri \u015f\u0259raitd\u0259n as\u0131l\u0131 olaraq k\u00fctl\u0259y\u0259 meyilli olurlar&#8230;\n<\/p>\n<p>\n  X\u00fcsusil\u0259, ke\u00e7id d\u00f6vr\u00fc ya\u015fayan \u00f6lk\u0259l\u0259rd\u0259 bu meyl daha \u00e7ox hiss olunur. \u00c7\u00fcnki m\u00fcqavim\u0259t potensial\u0131 z\u0259if olan k\u00f6vr\u0259k toplum a\u011f\u0131r, \u00fcz\u00fcc\u00fc b\u00f6hrana qatla\u015fa bilmir; tez yorulur, ruhdan d\u00fc\u015f\u00fcr v\u0259 obyektiv d\u0259rketm\u0259 hissini itir\u0259r\u0259k \u015f\u00fcuralt\u0131ndan g\u0259l\u0259n nizams\u0131z siqnallar\u0131n t\u0259siri alt\u0131na d\u00fc\u015f\u00fcr. Bel\u0259 durumda insanlar f\u0259rdi qaydada m\u0259suliyy\u0259ti \u00f6z \u00fcz\u0259rin\u0259 g\u00f6t\u00fcrm\u0259kd\u0259n qorxurlar: Ya bu qorxunu ham\u0131n\u0131n aras\u0131nda b\u0259rab\u0259r b\u00f6l\u00fc\u015fd\u00fcr\u00fcb onu d\u0259f etm\u0259y\u0259 \u00e7al\u0131\u015f\u0131rlar, ya da ham\u0131n\u0131n kollektif m\u0259suliyy\u0259t da\u015f\u0131d\u0131\u011f\u0131 b\u0259rab\u0259rh\u00fcquqlu bir k\u00fctl\u0259y\u0259 \u00e7evrilirl\u0259r.V\u0259 bu k\u00fctl\u0259vi m\u0259suliyy\u0259tin a\u011f\u0131rl\u0131\u011f\u0131n\u0131 k\u00f6n\u00fcll\u00fc \u015f\u0259kild\u0259 \u00f6z \u00fcz\u0259rin\u0259 g\u00f6t\u00fcr\u0259 bil\u0259c\u0259k bir lider axtarma\u011fa ba\u015flay\u0131rlar .<br \/>\n  <br \/>\n  \u00c7\u00fcnki ekzistensiya hal\u0131nda transsendental situasiyaya u\u011fram\u0131\u015f bir toplum d\u00fc\u015fd\u00fcy\u00fc a\u011f\u0131r durumdan \u00f6z\u00fc m\u00fcst\u0259qil \u015f\u0259kild\u0259 bir \u00e7\u0131x\u0131\u015f yolu tapa bilmir. Onu bu durumdan \u00e7\u0131xarmaq \u00fc\u00e7\u00fcn tarixi, m\u0259n\u0259vi, psixi keyfiyy\u0259tind\u0259n as\u0131l\u0131 olmayaraq, kims\u0259 -k\u00fctl\u0259d\u0259n se\u00e7il\u0259n biri ortaya \u00e7\u0131x\u0131b b\u00fct\u00fcn m\u0259suliyy\u0259ti \u00f6z \u00fcz\u0259rin\u0259 g\u00f6t\u00fcr\u00fcr.\n<\/p>\n<blockquote><p>\n  K\u00fctl\u0259 v\u0259 hakimiyy\u0259t\n<\/p><\/blockquote>\n<p>\n  30 yanvar 1927-ci ild\u0259 Vyanan\u0131n m\u0259rk\u0259zind\u0259 yerl\u0259\u015f\u0259n \u201c\u018fdal\u0259t\u201d saray\u0131n\u0131n qar\u015f\u0131s\u0131nda ke\u00e7iril\u0259n n\u00fcmayi\u015f zaman\u0131 polisl\u0259 qa\u015f\u0131durmada biri u\u015faq olmaqla 5 n\u0259f\u0259r h\u0259lak olmu\u015fdur. N\u00fcmayi\u015f\u00e7il\u0259r\u0259 at\u0259\u015f a\u00e7an 3 polis \u0259m\u0259kda\u015f\u0131 il\u0259 ba\u011fl\u0131 cinay\u0259t i\u015fi a\u00e7\u0131lsa da, uzun s\u00fcr\u0259n prosesd\u0259n sonra 14 iyul 1927-ci ild\u0259 m\u0259hk\u0259m\u0259nin q\u0259rar\u0131 il\u0259 onlara b\u0259ra\u0259t verildi. \u018fdal\u0259tsiz q\u0259rara qar\u015f\u0131 etiraz ed\u0259n k\u00fctl\u0259 15 iyul 1927-ci ild\u0259 Vyanan\u0131n m\u0259rk\u0259zind\u0259 yerl\u0259\u015f\u0259n \u201c\u018fdal\u0259t\u201d saray\u0131n\u0131 yand\u0131rd\u0131. V\u0259 n\u0259tic\u0259d\u0259 84 n\u0259f\u0259r h\u0259lak oldu, 600 n\u0259f\u0259r is\u0259 yaraland\u0131. Bu faci\u0259nin \u015fahidi olan Elias Kanetti el\u0259 o vaxtan k\u00fctl\u0259 psixologiyas\u0131 v\u0259 onun davran\u0131\u015f qaydalar\u0131 il\u0259 ba\u011fl\u0131 ara\u015fd\u0131rmalara ba\u015flay\u0131r. V\u0259 30 il s\u00fcr\u0259n ara\u015fd\u0131rmalar\u0131n n\u0259tic\u0259si olaraq 1960- \u00e7\u0131 ild\u0259 \u201c K\u00fctl\u0259 v\u0259 hakimiyy\u0259t\u201d \u0259s\u0259rini yaz\u0131r.\n<\/p>\n<p>\n  \u018fs\u0259r iki hiss\u0259d\u0259n ibar\u0259tdir. Birinci hiss\u0259d\u0259 m\u00fc\u0259llif k\u00fctl\u0259nin c\u0259miyy\u0259td\u0259ki rolundan b\u0259hs edir, \u0259sas\u0259n onun sosial, siyasi v\u0259 psixoloji durumunu t\u0259hlil edir. \u0130kinci hiss\u0259d\u0259 is\u0259 k\u00fctl\u0259nin iqtidarla qar\u015f\u0131l\u0131ql\u0131 m\u00fcnasib\u0259tl\u0259rini, a\u015fa\u011f\u0131larla yuxar\u0131lar aras\u0131nda \u201c\u0259mr\u201d v\u0259 \u201cita\u0259t\u201d\u0259laq\u0259sinin nec\u0259 formala\u015fmas\u0131n\u0131 ara\u015fd\u0131r\u0131r.\n<\/p>\n<blockquote><p>\n  D\u00f6nm\u0259 k\u00fctl\u0259&#8230;\n<\/p><\/blockquote>\n<p>\n  Kanetti qapal\u0131 k\u00fctl\u0259nin q\u0259fild\u0259n a\u00e7\u0131q k\u00fctl\u0259y\u0259 ke\u00e7m\u0259sini p\u00fcsk\u00fcrm\u0259, daha do\u011frusu, partlay\u0131\u015f adland\u0131r\u0131r. Yuxar\u0131lar\u0131n t\u0259zyiqi alt\u0131nda s\u0131x\u0131lan k\u00fctl\u0259 qapal\u0131 m\u0259kanlardan p\u00fcsk\u00fcr\u00fcb meydanlara \u00e7\u0131x\u0131r v\u0259 ham\u0131n\u0131 &#8211; h\u0259r \u015feyi \u00f6z\u00fcn\u0259 \u00e7\u0259k\u0259r\u0259k yay\u0131lma\u011fa ba\u015flay\u0131r. Sanki \u00f6z\u00fcn\u00fcn t\u0259bii ehtiraslar\u0131ndan do\u011fan o b\u00f6y\u00fck hissi ya\u015famaq ist\u0259yir. K\u00fctl\u0259 h\u0259mi\u015f\u0259 b\u00f6y\u00fcm\u0259y\u0259 \u00e7an at\u0131r. Bu ist\u0259k qapal\u0131 k\u00fctl\u0259nin a\u00e7\u0131q k\u00fctl\u0259y\u0259 ke\u00e7id almas\u0131na \u015f\u0259rait yarad\u0131r.\n<\/p>\n<p>\n  K\u00fctl\u0259l\u0259ri affektiv t\u0259bi\u0259tin\u0259 g\u00f6r\u0259 t\u0259snifatla\u015fd\u0131ran Kanetti onlar\u0131 be\u015f n\u00f6v\u0259 b\u00f6l\u00fcr. Bunlar\u0131n i\u00e7\u0259risind\u0259 \u0259n aqressivi D\u00d6NM\u018f k\u00fctl\u0259dir. Onlar inflyasiya n\u0259tic\u0259sind\u0259 m\u00fcflisl\u0259\u015f\u0259n orta t\u0259b\u0259q\u0259 il\u0259 yoxsul t\u0259b\u0259q\u0259nin birl\u0259\u015fm\u0259sind\u0259n yaran\u0131r. \u0130nflyasya pul \u00fcz\u0259rind\u0259 qurulmu\u015f c\u0259miyy\u0259tl\u0259rd\u0259 k\u00fctl\u0259yaratma mexanizmin\u0259 \u00e7evrilir. \u00c7\u00fcnki bu prosesd\u0259 t\u0259kc\u0259 pul d\u0259y\u0259rd\u0259n d\u00fc\u015fm\u00fcr, h\u0259r \u015fey, h\u0259tta insanlar da bir \u015f\u0259xsiyy\u0259t kimi \u00f6z\u00fcn\u0259 g\u00fcv\u0259nini itirib d\u0259y\u0259rd\u0259n d\u00fc\u015f\u00fcr. Bel\u0259likl\u0259, uzun ill\u0259r \u0259rzind\u0259 qazand\u0131qlar\u0131n\u0131 itir\u0259n, m\u00fcxt\u0259lif t\u0259b\u0259q\u0259l\u0259ri t\u0259msil ed\u0259n insanlar art\u0131q eyni \u00e7\u0259tir alt\u0131nda birl\u0259\u015fib \u00f6zl\u0259rini qorumaq zorunda qal\u0131rlar.\n<\/p>\n<p>\n  Zaman-zaman yuxar\u0131larla a\u015fa\u011f\u0131lar aras\u0131nda bufer rolunu oynayan \u00f6t\u00fcr\u00fcc\u00fc, daha do\u011frusu, orta t\u0259b\u0259q\u0259nin s\u0131radan \u00e7\u0131xmas\u0131 is\u0259 hakimiyy\u0259tl\u0259 D\u00d6NM\u018f k\u00fctl\u0259ni \u00fcz-\u00fcz\u0259 qoyur. Bar\u0131\u015fmaz zidiyy\u0259tl\u0259r fonunda D\u00d6NM\u018f k\u00fctl\u0259 m\u0259qs\u0259din\u0259 \u00e7atmaq \u00fc\u015f\u00fcn s\u00fcr\u0259tl\u0259 b\u00f6y\u00fcm\u0259y\u0259 ba\u015flay\u0131r. M\u0259qs\u0259d \u0259dal\u0259tsiz b\u00f6lg\u00fcy\u0259 g\u00f6r\u0259 toplumda yaranm\u0131\u015f f\u0259rqi aradan qald\u0131rmaq, t\u0259b\u0259q\u0259l\u0259raras\u0131 \u00fcst\u00fcnl\u00fcy\u0259 son qoymaq v\u0259 b\u00fct\u00fcn imtiyazlar\u0131 l\u0259\u011fv edib ham\u0131n\u0131 b\u0259rab\u0259rl\u0259\u015fdirm\u0259kdir. Ona g\u00f6r\u0259 d\u0259 D\u00d6NM\u018f k\u00fctl\u0259 hakim t\u0259b\u0259q\u0259y\u0259 m\u0259xsus olan h\u0259r \u015feyi, x\u00fcsusil\u0259 d\u0259 g\u00f6zda\u011f\u0131 ver\u0259n b\u00fct\u00fcn m\u00fclkl\u0259ri da\u011f\u0131d\u0131r, h\u0259tta yenid\u0259n b\u0259rpa olunmas\u0131n dey\u0259 yand\u0131r\u0131r v\u0259 geriy\u0259 d\u00f6nm\u0259k \u00fc\u00e7\u00fcn he\u00e7 bir iz qoymur.\n<\/p>\n<p>\n  Kanetti D\u00d6NM\u018f k\u00fctl\u0259nin mahiyy\u0259tini a\u00e7maq \u00fc\u00e7\u00fcn B\u00f6y\u00fck Fransa inqilab\u0131 zaman\u0131 madam J\u00fclyenin o\u011fluna yazd\u0131\u011f\u0131 m\u0259ktubdan bir stat verir: \u018fziz o\u011flum, h\u0259mi\u015f\u0259 canavarlar qoyunlar\u0131 yeyib, do\u011furdanm\u0131, bu d\u0259f\u0259 qoyunlar canavarlar\u0131 yey\u0259c\u0259k?\u201d Bu c\u00fcml\u0259, \u0259slind\u0259 obrazl\u0131 \u015f\u0259kild\u0259 b\u00f6y\u00fck bir tarixi hadis\u0259nin \u0259sl mahiyy\u0259tini oz\u00fcnd\u0259 ifad\u0259 edir. M\u0259lumdur ki, qoyunlar \u0259t yem\u0259zl\u0259r. Lakin bu c\u00fcml\u0259 m\u0259hz el\u0259 \u00f6z m\u0259nas\u0131zl\u0131\u011f\u0131 il\u0259 m\u00f6vcud durumu xarakteriz\u0259 edir. Uzun zaman m\u00fcdafi\u0259siz qal\u0131b daim t\u0259qib olunanlar, son anda q\u0259fild\u0259n di\u015fl\u0259rini g\u00f6st\u0259rm\u0259y\u0259 ba\u015flay\u0131rlar. Onlar y\u0131rt\u0131c\u0131l\u0131q sar\u0131dan t\u0259cr\u00fcb\u0259sizlikl\u0259rini sayca \u00fcst\u00fcnl\u00fckl\u0259ri il\u0259 \u0259v\u0259z edirl\u0259r.\n<\/p>\n<p>\n  <i><br \/>\n    <b><br \/>\n      Yaz\u0131 m\u00fc\u0259llifin fikirl\u0259rini \u0259ks etdirir v\u0259 Meydan TV-nin m\u00f6vqeyi il\u0259 \u00fcst-\u00fcst\u0259 d\u00fc\u015fm\u0259y\u0259 bil\u0259r.<br \/>\n    <\/b><br \/>\n  <\/i><\/p>\n","protected":false},"excerpt":{"rendered":"<p>Roma satiriki Yuvenal \u00f6z\u00fcn\u00fcn 7-ci satiras\u0131n\u0131 m\u0259hz bel\u0259 adland\u0131rm\u0131\u015fd\u0131r..<\/p>\n","protected":false},"author":11,"featured_media":115839,"comment_status":"closed","ping_status":"open","sticky":false,"template":"","format":"standard","meta":{"_acf_changed":false,"_sitemap_exclude":false,"_sitemap_priority":"","_sitemap_frequency":"","footnotes":""},"categories":[57],"tags":[],"class_list":["post-193482","post","type-post","status-publish","format-standard","has-post-thumbnail","hentry","category-menim-fikrimce","infinite-scroll-item","generate-columns","tablet-grid-50","mobile-grid-100","grid-parent","grid-33","no-featured-image-padding"],"acf":[],"yoast_head":"<!-- This site is optimized with the Yoast SEO plugin v27.4 - https:\/\/yoast.com\/product\/yoast-seo-wordpress\/ -->\n<title>Az\u0259rbaycan ger\u00e7\u0259kliyind\u0259 &#039;&#039;\u00c7\u00f6r\u0259k v\u0259 tama\u015fa&#039;&#039; - MEYDAN.TV<\/title>\n<meta name=\"robots\" content=\"index, follow, max-snippet:-1, max-image-preview:large, max-video-preview:-1\" \/>\n<link rel=\"canonical\" href=\"https:\/\/www.meydan.tv\/az\/article\/azerbaycan-gercekliyinde-corek-ve-tamasa\/\" \/>\n<meta property=\"og:locale\" content=\"az_AZ\" \/>\n<meta property=\"og:type\" content=\"article\" \/>\n<meta property=\"og:title\" content=\"Az\u0259rbaycan ger\u00e7\u0259kliyind\u0259 &#039;&#039;\u00c7\u00f6r\u0259k v\u0259 tama\u015fa&#039;&#039; - MEYDAN.TV\" \/>\n<meta property=\"og:description\" content=\"Roma satiriki Yuvenal \u00f6z\u00fcn\u00fcn 7-ci satiras\u0131n\u0131 m\u0259hz bel\u0259 adland\u0131rm\u0131\u015fd\u0131r..\" \/>\n<meta property=\"og:url\" content=\"https:\/\/www.meydan.tv\/az\/article\/azerbaycan-gercekliyinde-corek-ve-tamasa\/\" \/>\n<meta property=\"og:site_name\" content=\"MEYDAN.TV\" \/>\n<meta property=\"article:published_time\" content=\"2019-01-14T18:25:54+00:00\" \/>\n<meta property=\"og:image\" content=\"https:\/\/www.meydan.tv\/wp-content\/uploads\/46175.jpg\" \/>\n\t<meta property=\"og:image:width\" content=\"800\" \/>\n\t<meta property=\"og:image:height\" content=\"384\" \/>\n\t<meta property=\"og:image:type\" content=\"image\/jpeg\" \/>\n<meta name=\"author\" content=\"user-manager\" \/>\n<meta name=\"twitter:card\" content=\"summary_large_image\" \/>\n<script type=\"application\/ld+json\" class=\"yoast-schema-graph\">{\"@context\":\"https:\\\/\\\/schema.org\",\"@graph\":[{\"@type\":\"Article\",\"@id\":\"https:\\\/\\\/www.meydan.tv\\\/az\\\/article\\\/azerbaycan-gercekliyinde-corek-ve-tamasa\\\/#article\",\"isPartOf\":{\"@id\":\"https:\\\/\\\/www.meydan.tv\\\/az\\\/article\\\/azerbaycan-gercekliyinde-corek-ve-tamasa\\\/\"},\"author\":{\"name\":\"user-manager\",\"@id\":\"https:\\\/\\\/www.meydan.tv\\\/az\\\/#\\\/schema\\\/person\\\/10d11eccf6da3662cf5fdab9806ea91a\"},\"headline\":\"Az\u0259rbaycan ger\u00e7\u0259kliyind\u0259 &#8221;\u00c7\u00f6r\u0259k v\u0259 tama\u015fa&#8221;\",\"datePublished\":\"2019-01-14T18:25:54+00:00\",\"mainEntityOfPage\":{\"@id\":\"https:\\\/\\\/www.meydan.tv\\\/az\\\/article\\\/azerbaycan-gercekliyinde-corek-ve-tamasa\\\/\"},\"wordCount\":1793,\"publisher\":{\"@id\":\"https:\\\/\\\/www.meydan.tv\\\/az\\\/#organization\"},\"image\":{\"@id\":\"https:\\\/\\\/www.meydan.tv\\\/az\\\/article\\\/azerbaycan-gercekliyinde-corek-ve-tamasa\\\/#primaryimage\"},\"thumbnailUrl\":\"https:\\\/\\\/www.meydan.tv\\\/wp-content\\\/uploads\\\/46175.jpg\",\"articleSection\":[\"M\u0259nim Fikrimc\u0259\"],\"inLanguage\":\"az\"},{\"@type\":\"WebPage\",\"@id\":\"https:\\\/\\\/www.meydan.tv\\\/az\\\/article\\\/azerbaycan-gercekliyinde-corek-ve-tamasa\\\/\",\"url\":\"https:\\\/\\\/www.meydan.tv\\\/az\\\/article\\\/azerbaycan-gercekliyinde-corek-ve-tamasa\\\/\",\"name\":\"Az\u0259rbaycan ger\u00e7\u0259kliyind\u0259 ''\u00c7\u00f6r\u0259k v\u0259 tama\u015fa'' - MEYDAN.TV\",\"isPartOf\":{\"@id\":\"https:\\\/\\\/www.meydan.tv\\\/az\\\/#website\"},\"primaryImageOfPage\":{\"@id\":\"https:\\\/\\\/www.meydan.tv\\\/az\\\/article\\\/azerbaycan-gercekliyinde-corek-ve-tamasa\\\/#primaryimage\"},\"image\":{\"@id\":\"https:\\\/\\\/www.meydan.tv\\\/az\\\/article\\\/azerbaycan-gercekliyinde-corek-ve-tamasa\\\/#primaryimage\"},\"thumbnailUrl\":\"https:\\\/\\\/www.meydan.tv\\\/wp-content\\\/uploads\\\/46175.jpg\",\"datePublished\":\"2019-01-14T18:25:54+00:00\",\"breadcrumb\":{\"@id\":\"https:\\\/\\\/www.meydan.tv\\\/az\\\/article\\\/azerbaycan-gercekliyinde-corek-ve-tamasa\\\/#breadcrumb\"},\"inLanguage\":\"az\",\"potentialAction\":[{\"@type\":\"ReadAction\",\"target\":[\"https:\\\/\\\/www.meydan.tv\\\/az\\\/article\\\/azerbaycan-gercekliyinde-corek-ve-tamasa\\\/\"]}]},{\"@type\":\"ImageObject\",\"inLanguage\":\"az\",\"@id\":\"https:\\\/\\\/www.meydan.tv\\\/az\\\/article\\\/azerbaycan-gercekliyinde-corek-ve-tamasa\\\/#primaryimage\",\"url\":\"https:\\\/\\\/www.meydan.tv\\\/wp-content\\\/uploads\\\/46175.jpg\",\"contentUrl\":\"https:\\\/\\\/www.meydan.tv\\\/wp-content\\\/uploads\\\/46175.jpg\",\"width\":800,\"height\":384,\"caption\":\"Source:\"},{\"@type\":\"BreadcrumbList\",\"@id\":\"https:\\\/\\\/www.meydan.tv\\\/az\\\/article\\\/azerbaycan-gercekliyinde-corek-ve-tamasa\\\/#breadcrumb\",\"itemListElement\":[{\"@type\":\"ListItem\",\"position\":1,\"name\":\"Ana s\u0259hif\u0259\",\"item\":\"https:\\\/\\\/www.meydan.tv\\\/az\\\/\"},{\"@type\":\"ListItem\",\"position\":2,\"name\":\"M\u0259nim Fikrimc\u0259\",\"item\":\"https:\\\/\\\/www.meydan.tv\\\/az\\\/section\\\/menim-fikrimce\\\/\"},{\"@type\":\"ListItem\",\"position\":3,\"name\":\"Az\u0259rbaycan ger\u00e7\u0259kliyind\u0259 &#8221;\u00c7\u00f6r\u0259k v\u0259 tama\u015fa&#8221;\"}]},{\"@type\":\"WebSite\",\"@id\":\"https:\\\/\\\/www.meydan.tv\\\/az\\\/#website\",\"url\":\"https:\\\/\\\/www.meydan.tv\\\/az\\\/\",\"name\":\"MEYDAN.TV\",\"description\":\"Meydan TV Az\u0259rbaycan\u0131n media m\u0259kan\u0131ndak\u0131 alternativ s\u0259sidir\",\"publisher\":{\"@id\":\"https:\\\/\\\/www.meydan.tv\\\/az\\\/#organization\"},\"potentialAction\":[{\"@type\":\"SearchAction\",\"target\":{\"@type\":\"EntryPoint\",\"urlTemplate\":\"https:\\\/\\\/www.meydan.tv\\\/az\\\/?s={search_term_string}\"},\"query-input\":{\"@type\":\"PropertyValueSpecification\",\"valueRequired\":true,\"valueName\":\"search_term_string\"}}],\"inLanguage\":\"az\"},{\"@type\":\"Organization\",\"@id\":\"https:\\\/\\\/www.meydan.tv\\\/az\\\/#organization\",\"name\":\"Meydan TV\",\"url\":\"https:\\\/\\\/www.meydan.tv\\\/az\\\/\",\"logo\":{\"@type\":\"ImageObject\",\"inLanguage\":\"az\",\"@id\":\"https:\\\/\\\/www.meydan.tv\\\/az\\\/#\\\/schema\\\/logo\\\/image\\\/\",\"url\":\"https:\\\/\\\/www.meydan.tv\\\/wp-content\\\/uploads\\\/2021\\\/07\\\/meydan-logo.svg\",\"contentUrl\":\"https:\\\/\\\/www.meydan.tv\\\/wp-content\\\/uploads\\\/2021\\\/07\\\/meydan-logo.svg\",\"width\":195,\"height\":46,\"caption\":\"Meydan TV\"},\"image\":{\"@id\":\"https:\\\/\\\/www.meydan.tv\\\/az\\\/#\\\/schema\\\/logo\\\/image\\\/\"}},{\"@type\":\"Person\",\"@id\":\"https:\\\/\\\/www.meydan.tv\\\/az\\\/#\\\/schema\\\/person\\\/10d11eccf6da3662cf5fdab9806ea91a\",\"name\":\"user-manager\"}]}<\/script>\n<!-- \/ Yoast SEO plugin. -->","yoast_head_json":{"title":"Az\u0259rbaycan ger\u00e7\u0259kliyind\u0259 ''\u00c7\u00f6r\u0259k v\u0259 tama\u015fa'' - MEYDAN.TV","robots":{"index":"index","follow":"follow","max-snippet":"max-snippet:-1","max-image-preview":"max-image-preview:large","max-video-preview":"max-video-preview:-1"},"canonical":"https:\/\/www.meydan.tv\/az\/article\/azerbaycan-gercekliyinde-corek-ve-tamasa\/","og_locale":"az_AZ","og_type":"article","og_title":"Az\u0259rbaycan ger\u00e7\u0259kliyind\u0259 ''\u00c7\u00f6r\u0259k v\u0259 tama\u015fa'' - MEYDAN.TV","og_description":"Roma satiriki Yuvenal \u00f6z\u00fcn\u00fcn 7-ci satiras\u0131n\u0131 m\u0259hz bel\u0259 adland\u0131rm\u0131\u015fd\u0131r..","og_url":"https:\/\/www.meydan.tv\/az\/article\/azerbaycan-gercekliyinde-corek-ve-tamasa\/","og_site_name":"MEYDAN.TV","article_published_time":"2019-01-14T18:25:54+00:00","og_image":[{"width":800,"height":384,"url":"https:\/\/www.meydan.tv\/wp-content\/uploads\/46175.jpg","type":"image\/jpeg"}],"author":"user-manager","twitter_card":"summary_large_image","schema":{"@context":"https:\/\/schema.org","@graph":[{"@type":"Article","@id":"https:\/\/www.meydan.tv\/az\/article\/azerbaycan-gercekliyinde-corek-ve-tamasa\/#article","isPartOf":{"@id":"https:\/\/www.meydan.tv\/az\/article\/azerbaycan-gercekliyinde-corek-ve-tamasa\/"},"author":{"name":"user-manager","@id":"https:\/\/www.meydan.tv\/az\/#\/schema\/person\/10d11eccf6da3662cf5fdab9806ea91a"},"headline":"Az\u0259rbaycan ger\u00e7\u0259kliyind\u0259 &#8221;\u00c7\u00f6r\u0259k v\u0259 tama\u015fa&#8221;","datePublished":"2019-01-14T18:25:54+00:00","mainEntityOfPage":{"@id":"https:\/\/www.meydan.tv\/az\/article\/azerbaycan-gercekliyinde-corek-ve-tamasa\/"},"wordCount":1793,"publisher":{"@id":"https:\/\/www.meydan.tv\/az\/#organization"},"image":{"@id":"https:\/\/www.meydan.tv\/az\/article\/azerbaycan-gercekliyinde-corek-ve-tamasa\/#primaryimage"},"thumbnailUrl":"https:\/\/www.meydan.tv\/wp-content\/uploads\/46175.jpg","articleSection":["M\u0259nim Fikrimc\u0259"],"inLanguage":"az"},{"@type":"WebPage","@id":"https:\/\/www.meydan.tv\/az\/article\/azerbaycan-gercekliyinde-corek-ve-tamasa\/","url":"https:\/\/www.meydan.tv\/az\/article\/azerbaycan-gercekliyinde-corek-ve-tamasa\/","name":"Az\u0259rbaycan ger\u00e7\u0259kliyind\u0259 ''\u00c7\u00f6r\u0259k v\u0259 tama\u015fa'' - MEYDAN.TV","isPartOf":{"@id":"https:\/\/www.meydan.tv\/az\/#website"},"primaryImageOfPage":{"@id":"https:\/\/www.meydan.tv\/az\/article\/azerbaycan-gercekliyinde-corek-ve-tamasa\/#primaryimage"},"image":{"@id":"https:\/\/www.meydan.tv\/az\/article\/azerbaycan-gercekliyinde-corek-ve-tamasa\/#primaryimage"},"thumbnailUrl":"https:\/\/www.meydan.tv\/wp-content\/uploads\/46175.jpg","datePublished":"2019-01-14T18:25:54+00:00","breadcrumb":{"@id":"https:\/\/www.meydan.tv\/az\/article\/azerbaycan-gercekliyinde-corek-ve-tamasa\/#breadcrumb"},"inLanguage":"az","potentialAction":[{"@type":"ReadAction","target":["https:\/\/www.meydan.tv\/az\/article\/azerbaycan-gercekliyinde-corek-ve-tamasa\/"]}]},{"@type":"ImageObject","inLanguage":"az","@id":"https:\/\/www.meydan.tv\/az\/article\/azerbaycan-gercekliyinde-corek-ve-tamasa\/#primaryimage","url":"https:\/\/www.meydan.tv\/wp-content\/uploads\/46175.jpg","contentUrl":"https:\/\/www.meydan.tv\/wp-content\/uploads\/46175.jpg","width":800,"height":384,"caption":"Source:"},{"@type":"BreadcrumbList","@id":"https:\/\/www.meydan.tv\/az\/article\/azerbaycan-gercekliyinde-corek-ve-tamasa\/#breadcrumb","itemListElement":[{"@type":"ListItem","position":1,"name":"Ana s\u0259hif\u0259","item":"https:\/\/www.meydan.tv\/az\/"},{"@type":"ListItem","position":2,"name":"M\u0259nim Fikrimc\u0259","item":"https:\/\/www.meydan.tv\/az\/section\/menim-fikrimce\/"},{"@type":"ListItem","position":3,"name":"Az\u0259rbaycan ger\u00e7\u0259kliyind\u0259 &#8221;\u00c7\u00f6r\u0259k v\u0259 tama\u015fa&#8221;"}]},{"@type":"WebSite","@id":"https:\/\/www.meydan.tv\/az\/#website","url":"https:\/\/www.meydan.tv\/az\/","name":"MEYDAN.TV","description":"Meydan TV Az\u0259rbaycan\u0131n media m\u0259kan\u0131ndak\u0131 alternativ s\u0259sidir","publisher":{"@id":"https:\/\/www.meydan.tv\/az\/#organization"},"potentialAction":[{"@type":"SearchAction","target":{"@type":"EntryPoint","urlTemplate":"https:\/\/www.meydan.tv\/az\/?s={search_term_string}"},"query-input":{"@type":"PropertyValueSpecification","valueRequired":true,"valueName":"search_term_string"}}],"inLanguage":"az"},{"@type":"Organization","@id":"https:\/\/www.meydan.tv\/az\/#organization","name":"Meydan TV","url":"https:\/\/www.meydan.tv\/az\/","logo":{"@type":"ImageObject","inLanguage":"az","@id":"https:\/\/www.meydan.tv\/az\/#\/schema\/logo\/image\/","url":"https:\/\/www.meydan.tv\/wp-content\/uploads\/2021\/07\/meydan-logo.svg","contentUrl":"https:\/\/www.meydan.tv\/wp-content\/uploads\/2021\/07\/meydan-logo.svg","width":195,"height":46,"caption":"Meydan TV"},"image":{"@id":"https:\/\/www.meydan.tv\/az\/#\/schema\/logo\/image\/"}},{"@type":"Person","@id":"https:\/\/www.meydan.tv\/az\/#\/schema\/person\/10d11eccf6da3662cf5fdab9806ea91a","name":"user-manager"}]}},"_links":{"self":[{"href":"https:\/\/www.meydan.tv\/az\/wp-json\/wp\/v2\/posts\/193482","targetHints":{"allow":["GET"]}}],"collection":[{"href":"https:\/\/www.meydan.tv\/az\/wp-json\/wp\/v2\/posts"}],"about":[{"href":"https:\/\/www.meydan.tv\/az\/wp-json\/wp\/v2\/types\/post"}],"author":[{"embeddable":true,"href":"https:\/\/www.meydan.tv\/az\/wp-json\/wp\/v2\/users\/11"}],"replies":[{"embeddable":true,"href":"https:\/\/www.meydan.tv\/az\/wp-json\/wp\/v2\/comments?post=193482"}],"version-history":[{"count":0,"href":"https:\/\/www.meydan.tv\/az\/wp-json\/wp\/v2\/posts\/193482\/revisions"}],"wp:featuredmedia":[{"embeddable":true,"href":"https:\/\/www.meydan.tv\/az\/wp-json\/wp\/v2\/media\/115839"}],"wp:attachment":[{"href":"https:\/\/www.meydan.tv\/az\/wp-json\/wp\/v2\/media?parent=193482"}],"wp:term":[{"taxonomy":"category","embeddable":true,"href":"https:\/\/www.meydan.tv\/az\/wp-json\/wp\/v2\/categories?post=193482"},{"taxonomy":"post_tag","embeddable":true,"href":"https:\/\/www.meydan.tv\/az\/wp-json\/wp\/v2\/tags?post=193482"}],"curies":[{"name":"wp","href":"https:\/\/api.w.org\/{rel}","templated":true}]}}