{"id":193458,"date":"2019-01-11T20:03:04","date_gmt":"2019-01-11T20:03:04","guid":{"rendered":"https:\/\/www.meydan.tv\/article\/2018-ci-ilde-iqtisadiyyat-boyumeyib-sisirdilib\/"},"modified":"2019-01-11T20:03:04","modified_gmt":"2019-01-11T20:03:04","slug":"2018-ci-ilde-iqtisadiyyat-boyumeyib-sisirdilib","status":"publish","type":"post","link":"https:\/\/www.meydan.tv\/az\/article\/2018-ci-ilde-iqtisadiyyat-boyumeyib-sisirdilib\/","title":{"rendered":"&#8221;2018-ci ild\u0259 iqtisadiyyat b\u00f6y\u00fcm\u0259yib, \u015fi\u015firdilib&#8221;"},"content":{"rendered":"<figure class=\"wp-block-image size-large\">\n  <img decoding=\"async\" src=\"https:\/\/www.meydan.tv\/az\/foto-azertac-37\/\" alt=\"Foto Az\u0259rtac\" class=\"wp-image-115746\"\/><figcaption>\n    Foto Az\u0259rtac<br \/>\n  <\/figcaption><\/figure>\n<p>\n  <i><br \/>\n    \u0130lham \u018fliyev \u00f6t\u0259n ili islahatlar ili adland\u0131rsa da, iqtisad\u00e7\u0131 bu fikirl\u0259 raz\u0131la\u015fm\u0131r<br \/>\n  <\/i>\n<\/p>\n<p>\n  Prezident<br \/>\n  <a href=\"https:\/\/azertag.az\/xeber\/Prezident_Ilham_Aliyevin_sedrliyi_ile_Nazirler_Kabinetinin_2018_ci_ilin_sosial_iqtisadi_inkisafinin_yekunlarina_ve_qarsida_duran_vezifelere_hesr_olunan_iclasi_kechirilib__YENILANIB_VIDEO-1232332\"><br \/>\n    \u0130lham \u018fliyev<br \/>\n  <\/a><br \/>\n  \u00f6t\u0259n ili d\u0259rin islahatlar d\u00f6vr\u00fc kimi xarakteriz\u0259 edib.\n<\/p>\n<p>\n  Bu bar\u0259d\u0259 Prezident yanvar\u0131n 11-d\u0259 Nazirl\u0259r Kabinetinin 2018-ci ilin sosial-iqtisadi inki\u015faf\u0131n\u0131n yekunlar\u0131na v\u0259 qar\u015f\u0131da duran v\u0259zif\u0259l\u0259r\u0259 h\u0259sr olunan iclas\u0131nda dan\u0131\u015f\u0131b.\n<\/p>\n<p>\n  \u00d6lk\u0259 ba\u015f\u00e7\u0131s\u0131 deyib ki, Az\u0259rbaycanda vergi v\u0259 g\u00f6mr\u00fck sah\u0259sind\u0259 apar\u0131lan islahatlar \u00e7ox b\u00f6y\u00fck \u0259h\u0259miyy\u0259t da\u015f\u0131y\u0131r. 2018-ci ild\u0259 Az\u0259rbaycanda \u00fcmumi daxili m\u0259hsul istehsal\u0131 1,4% art\u0131b, o c\u00fcml\u0259d\u0259n qeyri-neft sektoru 1,8%, s\u0259naye sektoru 1,5%, k\u0259nd t\u0259s\u0259rr\u00fcfat\u0131 sektoru is\u0259 4,6% b\u00f6y\u00fcy\u00fcb. \u00d6lk\u0259nin valyuta ehtiyatlar\u0131 45 mlrd. AB\u015e dollar\u0131na \u00e7at\u0131b, 118 min daimi i\u015f yeri yarad\u0131l\u0131b.\n<\/p>\n<p>\n  2019-cu ild\u0259 infrastruktur layih\u0259l\u0259rinin icra edil\u0259c\u0259yini dey\u0259n Prezident qazla\u015fd\u0131rma, i\u00e7m\u0259li su t\u0259minat\u0131, k\u0259nd v\u0259 magistral yollar\u0131n sal\u0131nmas\u0131, meliorativ t\u0259dbirl\u0259rin g\u00f6r\u00fclm\u0259si, m\u0259cburi k\u00f6\u00e7k\u00fcnl\u0259rin, \u015f\u0259hid ail\u0259l\u0259ri v\u0259 Qaraba\u011f \u0259lill\u0259rinin, h\u0259m\u00e7inin h\u0259rb\u00e7il\u0259rin sosial \u015f\u0259raitinin yax\u015f\u0131la\u015fd\u0131r\u0131lmas\u0131 il\u0259 ba\u011fl\u0131 t\u0259dbirl\u0259rin h\u0259yata ke\u00e7iril\u0259c\u0259yini qeyd edib.\n<\/p>\n<p>\n  Erm\u0259nistan-Az\u0259rbaycan m\u00fcnaqi\u015f\u0259si haqda da dan\u0131\u015fan \u018fliyev bildirib ki, Az\u0259rbaycan xalq\u0131 v\u0259 d\u00f6vl\u0259ti he\u00e7 vaxt i\u015f\u011falla bar\u0131\u015fmayacaq.\n<\/p>\n<figure class=\"wp-block-image size-large\">\n  <img decoding=\"async\" src=\"https:\/\/www.meydan.tv\/az\/115749\/\" alt=\"\" class=\"wp-image-115749\"\/><figcaption><\/figcaption><\/figure>\n<p>\n  Prezident iddia edir ki, 2018-ci ild\u0259 h\u0259rbi sah\u0259d\u0259 b\u00f6y\u00fck nailiyy\u0259tl\u0259r qazan\u0131l\u0131b, u\u011furlu Nax\u00e7\u0131van \u0259m\u0259liyyat\u0131 n\u0259tic\u0259sind\u0259 11 min hektar torpa\u011fa tam n\u0259zar\u0259t olunur.\n<\/p>\n<p>\n  Deyil\u0259nl\u0259ri Meydan TV-y\u0259 \u015f\u0259rh ed\u0259n iqtisad\u00e7\u0131, Az\u0259rbaycan Xalq C\u0259bh\u0259si Partiyas\u0131 R\u0259yas\u0259t Hey\u0259tinin (AXCP) \u00fczv\u00fc Nem\u0259t \u018fliyev is\u0259 maliyy\u0259, kredit sisteminin dig\u0259r sah\u0259l\u0259rind\u0259 m\u00fc\u0259yy\u0259n t\u0259dbirl\u0259rin g\u00f6r\u00fcld\u00fcy\u00fcn\u00fc istisna etm\u0259yib.\n<\/p>\n<p>\n  Ancaq Nem\u0259t \u018fliyev bildirib ki, \u00f6lk\u0259 ba\u015f\u00e7\u0131s\u0131n\u0131n \u201cvergi sah\u0259sind\u0259 islahat\u201d adland\u0131rd\u0131\u011f\u0131 t\u0259dbirl\u0259r fiziki v\u0259 h\u00fcquqi \u015f\u0259xsl\u0259rin n\u0259 maliyy\u0259, n\u0259 d\u0259 iqtisadi durumlar\u0131n\u0131n yax\u015f\u0131la\u015fmas\u0131na xidm\u0259t edir:\n<\/p>\n<p>\n  \u201cBu t\u0259dbirl\u0259r birba\u015fa vergi \u00f6d\u0259yicil\u0259rinin maliyy\u0259 durumunun a\u011f\u0131rla\u015fd\u0131r\u0131lmas\u0131na y\u00f6n\u0259lib. M\u0259nc\u0259, vergi sah\u0259sind\u0259ki d\u0259yi\u015fiklikl\u0259r daha a\u011f\u0131r f\u0259sadlar yaradacaq. Bu bax\u0131mdan d\u00f6vl\u0259t ba\u015f\u00e7\u0131s\u0131n\u0131n \u00dcDM-nin art\u0131m\u0131, qeyri-neft sektoturunun inki\u015faf\u0131 il\u0259 ba\u011fl\u0131 dedikl\u0259rini islahat il\u0259 \u0259laq\u0259l\u0259ndirm\u0259k do\u011fru deyil. \u00c7\u00fcnki vergi sah\u0259sind\u0259ki t\u0259dbirl\u0259rin n\u0259tic\u0259si bundan sonra m\u0259lum olacaq\u201d.\n<\/p>\n<p>\n  \u0130qtisad\u00e7\u0131 deyir ki, x\u00fcsus\u0259n d\u0259 \u00dcDM-in art\u0131m\u0131 bar\u0259d\u0259 s\u0259sl\u0259n\u0259n fikirl\u0259r \u00e7ox \u015f\u00fcbh\u0259lidir v\u0259 inand\u0131r\u0131c\u0131 deyil:\n<\/p>\n<p>\n  \u201cOna g\u00f6r\u0259 ki, \u00dcDM g\u00f6st\u0259ricisi hesablanark\u0259n deinflyasiya deyil\u0259n g\u00f6st\u0259rici saxtala\u015fd\u0131r\u0131l\u0131b. D\u00f6vl\u0259t Statistika Komit\u0259si (DSX) bil\u0259r\u0259kd\u0259n, ya bilm\u0259y\u0259r\u0259kd\u0259n manipulyasiyalar edib. Y\u0259ni bahala\u015fman\u0131n ger\u00e7\u0259k s\u0259viyy\u0259si ictimaiyy\u0259td\u0259n gizl\u0259dilib. Konkret olaraq, DSX \u00f6t\u0259n ilin 10 ayl\u0131q d\u00f6vr\u00fcn\u0259 dair \u00fcmumi bahala\u015fma s\u0259viyy\u0259sinin 2,3 faiz olmas\u0131 bar\u0259d\u0259 x\u0259b\u0259r yaym\u0131\u015fd\u0131. Bunun n\u0259tic\u0259sind\u0259 \u00dcDM-d\u0259 0,8 faiz art\u0131m oldu\u011fu qeyd edilmi\u015fdi. Ancaq r\u0259smi g\u00f6st\u0259ricl\u0259rin t\u0259hlili g\u00f6st\u0259rdi ki, \u00f6t\u0259n ilin 10 ay\u0131nda \u00f6lk\u0259 \u00fczr\u0259 bahala\u015fma s\u0259viyy\u0259si 2,3 faiz yox, az\u0131 10,3 faiz olub\u201d.<br \/>\n  <br \/>\n  Nem\u0259t \u018fliyevin fikrinc\u0259, \u0259g\u0259r DSX v\u0259 prezident h\u0259min g\u00f6st\u0259ricini 2,3 faiz t\u0259qdim edirs\u0259, saxtala\u015fd\u0131rman\u0131n b\u00fct\u00fcn konturlar\u0131 g\u00f6z \u00f6n\u00fcnd\u0259dir.<br \/>\n  <br \/>\n  \u201cBu m\u0259nada prezidentin iqtisadiyyat\u0131n b\u00f6y\u00fcm\u0259si bar\u0259d\u0259 fikirl\u0259ri bahala\u015fman\u0131n \u00f6rt-basd\u0131r edildiyi a\u015fa\u011f\u0131 s\u0259viyy\u0259 \u015f\u0259raitind\u0259 m\u00fcmk\u00fcnd\u00fcr. Real bahala\u015fma s\u0259viyy\u0259sini g\u00f6t\u00fcrd\u00fckd\u0259, 2018-ci ild\u0259 \u00f6lk\u0259 \u00fczr\u0259 iqtisadiyyat b\u00f6y\u00fcm\u0259yib, \u015fi\u015firdilib\u201d, &#8211; ekspert \u0259lav\u0259 edib.\n<\/p>\n<figure class=\"wp-block-image size-large\">\n  <img decoding=\"async\" src=\"https:\/\/www.meydan.tv\/az\/nemet-eliyev-4\/\" alt=\"Nem\u0259t \u018fliyev\" class=\"wp-image-115354\"\/><figcaption>\n    Nem\u0259t \u018fliyev<br \/>\n  <\/figcaption><\/figure>\n<p>\n  Nem\u0259t \u018fliyev xat\u0131rlad\u0131b ki, \u00f6t\u0259n ilin 10 ayl\u0131q g\u00f6st\u0259ricisind\u0259 orta ayl\u0131q \u0259m\u0259khaqq\u0131nda 2,8 faiz art\u0131m olub. Onun fikrinc\u0259, \u0259g\u0259r ger\u00e7\u0259k bahala\u015fma s\u0259viyy\u0259sinin 10,3 faizinin y\u00fcks\u0259k olmas\u0131 n\u0259z\u0259r\u0259 al\u0131nsa, o zaman h\u0259yat s\u0259viyy\u0259sinin 7,5 faiz pisl\u0259\u015fdiyini dem\u0259k m\u00fcmk\u00fcnd\u00fcr. Y\u0259ni d\u00f6vl\u0259t ba\u015f\u00e7\u0131s\u0131n\u0131n haqq\u0131nda dan\u0131\u015fd\u0131\u011f\u0131 \u00f6t\u0259n ild\u0259 \u0259halinin h\u0259yat s\u0259viyy\u0259sind\u0259 az\u0131 7,5 faiz pisl\u0259\u015fm\u0259 olub. \u018fg\u0259r iqtisadiyyat b\u00f6y\u00fcy\u00fcbs\u0259, onun real n\u0259tic\u0259si xalq\u0131n h\u0259yat\u0131nda ifad\u0259 olunmay\u0131b.\n<\/p>\n<p>\n  \u0130qtisad\u00e7\u0131 hesab edir ki, d\u00f6vl\u0259t ba\u015f\u00e7\u0131s\u0131 DSX-n\u0131n m\u0259lumatlar\u0131n\u0131 ara\u015fd\u0131r\u0131mal\u0131d\u0131r. \u00c7\u00fcnki komit\u0259nin niy\u0259 \u00f6lk\u0259 ba\u015f\u00e7\u0131s\u0131na v\u0259 ictimaiyy\u0259t\u0259 saxta m\u0131lumatlar verm\u0259si ayd\u0131nla\u015fmal\u0131d\u0131r.<\/p>\n","protected":false},"excerpt":{"rendered":"<p>\u0130lham \u018fliyev \u00f6t\u0259n ili islahatlar ili adland\u0131rsa da, iqtisad\u00e7\u0131 bu fikirl\u0259 raz\u0131la\u015fm\u0131r<\/p>\n","protected":false},"author":11,"featured_media":115746,"comment_status":"closed","ping_status":"open","sticky":false,"template":"","format":"standard","meta":{"_acf_changed":false,"_sitemap_exclude":false,"_sitemap_priority":"","_sitemap_frequency":"","footnotes":""},"categories":[51],"tags":[],"class_list":["post-193458","post","type-post","status-publish","format-standard","has-post-thumbnail","hentry","category-analitika","infinite-scroll-item","generate-columns","tablet-grid-50","mobile-grid-100","grid-parent","grid-33","no-featured-image-padding"],"acf":[],"yoast_head":"<!-- This site is optimized with the Yoast SEO plugin v27.4 - https:\/\/yoast.com\/product\/yoast-seo-wordpress\/ -->\n<title>&#039;&#039;2018-ci ild\u0259 iqtisadiyyat b\u00f6y\u00fcm\u0259yib, \u015fi\u015firdilib&#039;&#039; - MEYDAN.TV<\/title>\n<meta name=\"robots\" content=\"index, follow, max-snippet:-1, max-image-preview:large, max-video-preview:-1\" \/>\n<link rel=\"canonical\" href=\"https:\/\/www.meydan.tv\/az\/article\/2018-ci-ilde-iqtisadiyyat-boyumeyib-sisirdilib\/\" \/>\n<meta property=\"og:locale\" content=\"az_AZ\" \/>\n<meta property=\"og:type\" content=\"article\" \/>\n<meta property=\"og:title\" content=\"&#039;&#039;2018-ci ild\u0259 iqtisadiyyat b\u00f6y\u00fcm\u0259yib, \u015fi\u015firdilib&#039;&#039; - MEYDAN.TV\" \/>\n<meta property=\"og:description\" content=\"\u0130lham \u018fliyev \u00f6t\u0259n ili islahatlar ili adland\u0131rsa da, iqtisad\u00e7\u0131 bu fikirl\u0259 raz\u0131la\u015fm\u0131r\" \/>\n<meta property=\"og:url\" content=\"https:\/\/www.meydan.tv\/az\/article\/2018-ci-ilde-iqtisadiyyat-boyumeyib-sisirdilib\/\" \/>\n<meta property=\"og:site_name\" content=\"MEYDAN.TV\" \/>\n<meta property=\"article:published_time\" content=\"2019-01-11T20:03:04+00:00\" \/>\n<meta property=\"og:image\" content=\"https:\/\/www.meydan.tv\/wp-content\/uploads\/46129.jpg\" \/>\n\t<meta property=\"og:image:width\" content=\"1000\" \/>\n\t<meta property=\"og:image:height\" content=\"616\" \/>\n\t<meta property=\"og:image:type\" content=\"image\/jpeg\" \/>\n<meta name=\"author\" content=\"user-manager\" \/>\n<meta name=\"twitter:card\" content=\"summary_large_image\" \/>\n<script type=\"application\/ld+json\" class=\"yoast-schema-graph\">{\"@context\":\"https:\\\/\\\/schema.org\",\"@graph\":[{\"@type\":\"Article\",\"@id\":\"https:\\\/\\\/www.meydan.tv\\\/az\\\/article\\\/2018-ci-ilde-iqtisadiyyat-boyumeyib-sisirdilib\\\/#article\",\"isPartOf\":{\"@id\":\"https:\\\/\\\/www.meydan.tv\\\/az\\\/article\\\/2018-ci-ilde-iqtisadiyyat-boyumeyib-sisirdilib\\\/\"},\"author\":{\"name\":\"user-manager\",\"@id\":\"https:\\\/\\\/www.meydan.tv\\\/az\\\/#\\\/schema\\\/person\\\/10d11eccf6da3662cf5fdab9806ea91a\"},\"headline\":\"&#8221;2018-ci ild\u0259 iqtisadiyyat b\u00f6y\u00fcm\u0259yib, \u015fi\u015firdilib&#8221;\",\"datePublished\":\"2019-01-11T20:03:04+00:00\",\"mainEntityOfPage\":{\"@id\":\"https:\\\/\\\/www.meydan.tv\\\/az\\\/article\\\/2018-ci-ilde-iqtisadiyyat-boyumeyib-sisirdilib\\\/\"},\"wordCount\":860,\"publisher\":{\"@id\":\"https:\\\/\\\/www.meydan.tv\\\/az\\\/#organization\"},\"image\":{\"@id\":\"https:\\\/\\\/www.meydan.tv\\\/az\\\/article\\\/2018-ci-ilde-iqtisadiyyat-boyumeyib-sisirdilib\\\/#primaryimage\"},\"thumbnailUrl\":\"https:\\\/\\\/www.meydan.tv\\\/wp-content\\\/uploads\\\/46129.jpg\",\"articleSection\":[\"Analitika\"],\"inLanguage\":\"az\"},{\"@type\":\"WebPage\",\"@id\":\"https:\\\/\\\/www.meydan.tv\\\/az\\\/article\\\/2018-ci-ilde-iqtisadiyyat-boyumeyib-sisirdilib\\\/\",\"url\":\"https:\\\/\\\/www.meydan.tv\\\/az\\\/article\\\/2018-ci-ilde-iqtisadiyyat-boyumeyib-sisirdilib\\\/\",\"name\":\"''2018-ci ild\u0259 iqtisadiyyat b\u00f6y\u00fcm\u0259yib, \u015fi\u015firdilib'' - MEYDAN.TV\",\"isPartOf\":{\"@id\":\"https:\\\/\\\/www.meydan.tv\\\/az\\\/#website\"},\"primaryImageOfPage\":{\"@id\":\"https:\\\/\\\/www.meydan.tv\\\/az\\\/article\\\/2018-ci-ilde-iqtisadiyyat-boyumeyib-sisirdilib\\\/#primaryimage\"},\"image\":{\"@id\":\"https:\\\/\\\/www.meydan.tv\\\/az\\\/article\\\/2018-ci-ilde-iqtisadiyyat-boyumeyib-sisirdilib\\\/#primaryimage\"},\"thumbnailUrl\":\"https:\\\/\\\/www.meydan.tv\\\/wp-content\\\/uploads\\\/46129.jpg\",\"datePublished\":\"2019-01-11T20:03:04+00:00\",\"breadcrumb\":{\"@id\":\"https:\\\/\\\/www.meydan.tv\\\/az\\\/article\\\/2018-ci-ilde-iqtisadiyyat-boyumeyib-sisirdilib\\\/#breadcrumb\"},\"inLanguage\":\"az\",\"potentialAction\":[{\"@type\":\"ReadAction\",\"target\":[\"https:\\\/\\\/www.meydan.tv\\\/az\\\/article\\\/2018-ci-ilde-iqtisadiyyat-boyumeyib-sisirdilib\\\/\"]}]},{\"@type\":\"ImageObject\",\"inLanguage\":\"az\",\"@id\":\"https:\\\/\\\/www.meydan.tv\\\/az\\\/article\\\/2018-ci-ilde-iqtisadiyyat-boyumeyib-sisirdilib\\\/#primaryimage\",\"url\":\"https:\\\/\\\/www.meydan.tv\\\/wp-content\\\/uploads\\\/46129.jpg\",\"contentUrl\":\"https:\\\/\\\/www.meydan.tv\\\/wp-content\\\/uploads\\\/46129.jpg\",\"width\":1000,\"height\":616,\"caption\":\"Source:\"},{\"@type\":\"BreadcrumbList\",\"@id\":\"https:\\\/\\\/www.meydan.tv\\\/az\\\/article\\\/2018-ci-ilde-iqtisadiyyat-boyumeyib-sisirdilib\\\/#breadcrumb\",\"itemListElement\":[{\"@type\":\"ListItem\",\"position\":1,\"name\":\"Ana s\u0259hif\u0259\",\"item\":\"https:\\\/\\\/www.meydan.tv\\\/az\\\/\"},{\"@type\":\"ListItem\",\"position\":2,\"name\":\"Analitika\",\"item\":\"https:\\\/\\\/www.meydan.tv\\\/az\\\/section\\\/analitika\\\/\"},{\"@type\":\"ListItem\",\"position\":3,\"name\":\"&#8221;2018-ci ild\u0259 iqtisadiyyat b\u00f6y\u00fcm\u0259yib, \u015fi\u015firdilib&#8221;\"}]},{\"@type\":\"WebSite\",\"@id\":\"https:\\\/\\\/www.meydan.tv\\\/az\\\/#website\",\"url\":\"https:\\\/\\\/www.meydan.tv\\\/az\\\/\",\"name\":\"MEYDAN.TV\",\"description\":\"Meydan TV Az\u0259rbaycan\u0131n media m\u0259kan\u0131ndak\u0131 alternativ s\u0259sidir\",\"publisher\":{\"@id\":\"https:\\\/\\\/www.meydan.tv\\\/az\\\/#organization\"},\"potentialAction\":[{\"@type\":\"SearchAction\",\"target\":{\"@type\":\"EntryPoint\",\"urlTemplate\":\"https:\\\/\\\/www.meydan.tv\\\/az\\\/?s={search_term_string}\"},\"query-input\":{\"@type\":\"PropertyValueSpecification\",\"valueRequired\":true,\"valueName\":\"search_term_string\"}}],\"inLanguage\":\"az\"},{\"@type\":\"Organization\",\"@id\":\"https:\\\/\\\/www.meydan.tv\\\/az\\\/#organization\",\"name\":\"Meydan TV\",\"url\":\"https:\\\/\\\/www.meydan.tv\\\/az\\\/\",\"logo\":{\"@type\":\"ImageObject\",\"inLanguage\":\"az\",\"@id\":\"https:\\\/\\\/www.meydan.tv\\\/az\\\/#\\\/schema\\\/logo\\\/image\\\/\",\"url\":\"https:\\\/\\\/www.meydan.tv\\\/wp-content\\\/uploads\\\/2021\\\/07\\\/meydan-logo.svg\",\"contentUrl\":\"https:\\\/\\\/www.meydan.tv\\\/wp-content\\\/uploads\\\/2021\\\/07\\\/meydan-logo.svg\",\"width\":195,\"height\":46,\"caption\":\"Meydan TV\"},\"image\":{\"@id\":\"https:\\\/\\\/www.meydan.tv\\\/az\\\/#\\\/schema\\\/logo\\\/image\\\/\"}},{\"@type\":\"Person\",\"@id\":\"https:\\\/\\\/www.meydan.tv\\\/az\\\/#\\\/schema\\\/person\\\/10d11eccf6da3662cf5fdab9806ea91a\",\"name\":\"user-manager\"}]}<\/script>\n<!-- \/ Yoast SEO plugin. -->","yoast_head_json":{"title":"''2018-ci ild\u0259 iqtisadiyyat b\u00f6y\u00fcm\u0259yib, \u015fi\u015firdilib'' - MEYDAN.TV","robots":{"index":"index","follow":"follow","max-snippet":"max-snippet:-1","max-image-preview":"max-image-preview:large","max-video-preview":"max-video-preview:-1"},"canonical":"https:\/\/www.meydan.tv\/az\/article\/2018-ci-ilde-iqtisadiyyat-boyumeyib-sisirdilib\/","og_locale":"az_AZ","og_type":"article","og_title":"''2018-ci ild\u0259 iqtisadiyyat b\u00f6y\u00fcm\u0259yib, \u015fi\u015firdilib'' - MEYDAN.TV","og_description":"\u0130lham \u018fliyev \u00f6t\u0259n ili islahatlar ili adland\u0131rsa da, iqtisad\u00e7\u0131 bu fikirl\u0259 raz\u0131la\u015fm\u0131r","og_url":"https:\/\/www.meydan.tv\/az\/article\/2018-ci-ilde-iqtisadiyyat-boyumeyib-sisirdilib\/","og_site_name":"MEYDAN.TV","article_published_time":"2019-01-11T20:03:04+00:00","og_image":[{"width":1000,"height":616,"url":"https:\/\/www.meydan.tv\/wp-content\/uploads\/46129.jpg","type":"image\/jpeg"}],"author":"user-manager","twitter_card":"summary_large_image","schema":{"@context":"https:\/\/schema.org","@graph":[{"@type":"Article","@id":"https:\/\/www.meydan.tv\/az\/article\/2018-ci-ilde-iqtisadiyyat-boyumeyib-sisirdilib\/#article","isPartOf":{"@id":"https:\/\/www.meydan.tv\/az\/article\/2018-ci-ilde-iqtisadiyyat-boyumeyib-sisirdilib\/"},"author":{"name":"user-manager","@id":"https:\/\/www.meydan.tv\/az\/#\/schema\/person\/10d11eccf6da3662cf5fdab9806ea91a"},"headline":"&#8221;2018-ci ild\u0259 iqtisadiyyat b\u00f6y\u00fcm\u0259yib, \u015fi\u015firdilib&#8221;","datePublished":"2019-01-11T20:03:04+00:00","mainEntityOfPage":{"@id":"https:\/\/www.meydan.tv\/az\/article\/2018-ci-ilde-iqtisadiyyat-boyumeyib-sisirdilib\/"},"wordCount":860,"publisher":{"@id":"https:\/\/www.meydan.tv\/az\/#organization"},"image":{"@id":"https:\/\/www.meydan.tv\/az\/article\/2018-ci-ilde-iqtisadiyyat-boyumeyib-sisirdilib\/#primaryimage"},"thumbnailUrl":"https:\/\/www.meydan.tv\/wp-content\/uploads\/46129.jpg","articleSection":["Analitika"],"inLanguage":"az"},{"@type":"WebPage","@id":"https:\/\/www.meydan.tv\/az\/article\/2018-ci-ilde-iqtisadiyyat-boyumeyib-sisirdilib\/","url":"https:\/\/www.meydan.tv\/az\/article\/2018-ci-ilde-iqtisadiyyat-boyumeyib-sisirdilib\/","name":"''2018-ci ild\u0259 iqtisadiyyat b\u00f6y\u00fcm\u0259yib, \u015fi\u015firdilib'' - MEYDAN.TV","isPartOf":{"@id":"https:\/\/www.meydan.tv\/az\/#website"},"primaryImageOfPage":{"@id":"https:\/\/www.meydan.tv\/az\/article\/2018-ci-ilde-iqtisadiyyat-boyumeyib-sisirdilib\/#primaryimage"},"image":{"@id":"https:\/\/www.meydan.tv\/az\/article\/2018-ci-ilde-iqtisadiyyat-boyumeyib-sisirdilib\/#primaryimage"},"thumbnailUrl":"https:\/\/www.meydan.tv\/wp-content\/uploads\/46129.jpg","datePublished":"2019-01-11T20:03:04+00:00","breadcrumb":{"@id":"https:\/\/www.meydan.tv\/az\/article\/2018-ci-ilde-iqtisadiyyat-boyumeyib-sisirdilib\/#breadcrumb"},"inLanguage":"az","potentialAction":[{"@type":"ReadAction","target":["https:\/\/www.meydan.tv\/az\/article\/2018-ci-ilde-iqtisadiyyat-boyumeyib-sisirdilib\/"]}]},{"@type":"ImageObject","inLanguage":"az","@id":"https:\/\/www.meydan.tv\/az\/article\/2018-ci-ilde-iqtisadiyyat-boyumeyib-sisirdilib\/#primaryimage","url":"https:\/\/www.meydan.tv\/wp-content\/uploads\/46129.jpg","contentUrl":"https:\/\/www.meydan.tv\/wp-content\/uploads\/46129.jpg","width":1000,"height":616,"caption":"Source:"},{"@type":"BreadcrumbList","@id":"https:\/\/www.meydan.tv\/az\/article\/2018-ci-ilde-iqtisadiyyat-boyumeyib-sisirdilib\/#breadcrumb","itemListElement":[{"@type":"ListItem","position":1,"name":"Ana s\u0259hif\u0259","item":"https:\/\/www.meydan.tv\/az\/"},{"@type":"ListItem","position":2,"name":"Analitika","item":"https:\/\/www.meydan.tv\/az\/section\/analitika\/"},{"@type":"ListItem","position":3,"name":"&#8221;2018-ci ild\u0259 iqtisadiyyat b\u00f6y\u00fcm\u0259yib, \u015fi\u015firdilib&#8221;"}]},{"@type":"WebSite","@id":"https:\/\/www.meydan.tv\/az\/#website","url":"https:\/\/www.meydan.tv\/az\/","name":"MEYDAN.TV","description":"Meydan TV Az\u0259rbaycan\u0131n media m\u0259kan\u0131ndak\u0131 alternativ s\u0259sidir","publisher":{"@id":"https:\/\/www.meydan.tv\/az\/#organization"},"potentialAction":[{"@type":"SearchAction","target":{"@type":"EntryPoint","urlTemplate":"https:\/\/www.meydan.tv\/az\/?s={search_term_string}"},"query-input":{"@type":"PropertyValueSpecification","valueRequired":true,"valueName":"search_term_string"}}],"inLanguage":"az"},{"@type":"Organization","@id":"https:\/\/www.meydan.tv\/az\/#organization","name":"Meydan TV","url":"https:\/\/www.meydan.tv\/az\/","logo":{"@type":"ImageObject","inLanguage":"az","@id":"https:\/\/www.meydan.tv\/az\/#\/schema\/logo\/image\/","url":"https:\/\/www.meydan.tv\/wp-content\/uploads\/2021\/07\/meydan-logo.svg","contentUrl":"https:\/\/www.meydan.tv\/wp-content\/uploads\/2021\/07\/meydan-logo.svg","width":195,"height":46,"caption":"Meydan TV"},"image":{"@id":"https:\/\/www.meydan.tv\/az\/#\/schema\/logo\/image\/"}},{"@type":"Person","@id":"https:\/\/www.meydan.tv\/az\/#\/schema\/person\/10d11eccf6da3662cf5fdab9806ea91a","name":"user-manager"}]}},"_links":{"self":[{"href":"https:\/\/www.meydan.tv\/az\/wp-json\/wp\/v2\/posts\/193458","targetHints":{"allow":["GET"]}}],"collection":[{"href":"https:\/\/www.meydan.tv\/az\/wp-json\/wp\/v2\/posts"}],"about":[{"href":"https:\/\/www.meydan.tv\/az\/wp-json\/wp\/v2\/types\/post"}],"author":[{"embeddable":true,"href":"https:\/\/www.meydan.tv\/az\/wp-json\/wp\/v2\/users\/11"}],"replies":[{"embeddable":true,"href":"https:\/\/www.meydan.tv\/az\/wp-json\/wp\/v2\/comments?post=193458"}],"version-history":[{"count":0,"href":"https:\/\/www.meydan.tv\/az\/wp-json\/wp\/v2\/posts\/193458\/revisions"}],"wp:featuredmedia":[{"embeddable":true,"href":"https:\/\/www.meydan.tv\/az\/wp-json\/wp\/v2\/media\/115746"}],"wp:attachment":[{"href":"https:\/\/www.meydan.tv\/az\/wp-json\/wp\/v2\/media?parent=193458"}],"wp:term":[{"taxonomy":"category","embeddable":true,"href":"https:\/\/www.meydan.tv\/az\/wp-json\/wp\/v2\/categories?post=193458"},{"taxonomy":"post_tag","embeddable":true,"href":"https:\/\/www.meydan.tv\/az\/wp-json\/wp\/v2\/tags?post=193458"}],"curies":[{"name":"wp","href":"https:\/\/api.w.org\/{rel}","templated":true}]}}