{"id":193456,"date":"2019-01-11T19:54:25","date_gmt":"2019-01-11T19:54:25","guid":{"rendered":"https:\/\/www.meydan.tv\/article\/kendin-yarisina-qaz-xetti-cekilib-yarisina-yox\/"},"modified":"2019-01-11T19:54:25","modified_gmt":"2019-01-11T19:54:25","slug":"kendin-yarisina-qaz-xetti-cekilib-yarisina-yox","status":"publish","type":"post","link":"https:\/\/www.meydan.tv\/az\/article\/kendin-yarisina-qaz-xetti-cekilib-yarisina-yox\/","title":{"rendered":"&#8221;K\u0259ndin yar\u0131s\u0131na qaz x\u0259tti \u00e7\u0259kilib, yar\u0131s\u0131na yox&#8221;"},"content":{"rendered":"<figure class=\"wp-block-image size-large\">\n  <img decoding=\"async\" src=\"https:\/\/www.meydan.tv\/az\/115725\/\" alt=\"\" class=\"wp-image-115725\"\/><figcaption><\/figcaption><\/figure>\n<p>\n  <i><br \/>\n    G\u00f6y\u00e7ay sakinl\u0259ri ayr\u0131-se\u00e7kilikd\u0259n \u015fikay\u0259t\u00e7idir<br \/>\n  <\/i>\n<\/p>\n<p>\n  G\u00f6y\u00e7ay\u0131n Hac\u0131a\u011fab\u0259yli k\u0259ndin\u0131n sakinl\u0259r ayr\u0131-se\u00e7kilikl\u0259 \u00fczl\u0259\u015fdikl\u0259rini deyirl\u0259r. Onlar k\u0259ndin yar\u0131s\u0131na qaz x\u0259tti \u00e7\u0259kilib, qaz verildiyini, qalan bir hiss\u0259sin\u0259 is\u0259 x\u0259ttin \u00e7\u0259kilm\u0259sinin dayand\u0131r\u0131ld\u0131\u011f\u0131n\u0131 deyirl\u0259r. Buna g\u00f6r\u0259 d\u0259f\u0259l\u0259rl\u0259 aidiyyat\u0131 qurumlara m\u00fcraci\u0259t d\u0259 edibl\u0259r. \u201cBa\u015flan\u0131bsa, \u00e7\u0259kil\u0259c\u0259k\u201d, &#8211; cavab\u0131 al\u0131blar. 3 ild\u0259n art\u0131qd\u0131r g\u00f6zl\u0259yirl\u0259r, \u00e7\u0259kilmir ki, \u00e7\u0259kilmir.\n<\/p>\n<figure class=\"wp-block-image size-large\">\n  <img decoding=\"async\" src=\"https:\/\/www.meydan.tv\/az\/agaselim-besirov\/\" alt=\"A\u011fas\u0259lim B\u0259\u015firov\" class=\"wp-image-115728\"\/><figcaption>\n    A\u011fas\u0259lim B\u0259\u015firov<br \/>\n  <\/figcaption><\/figure>\n<p>\n  \u201cDeyirl\u0259r, a\u011faclar\u0131 k\u0259sm\u0259yin, olmaz, cinay\u0259tdir. Eyni zamanda, k\u0259ndin yar\u0131s\u0131na qaz verirl\u0259r, qalan yar\u0131s\u0131 qal\u0131r. B\u0259s bu camaat n\u0259 il\u0259 isinsin? \u0130\u015f\u0131q da az qala h\u0259r g\u00fcn ke\u00e7ir\u201d, &#8211; k\u0259nd sakinl\u0259rind\u0259n A\u011fas\u0259lim B\u0259\u015firov bel\u0259 deyir.\n<\/p>\n<p>\n  A.B\u0259\u015firov bildirir ki, odun yox, qaz yox, i\u015f\u0131q da yaz\u0131r, \u00f6d\u0259m\u0259k olmur:\n<\/p>\n<p>\n  \u201cBax\u0131n, k\u0259ndin yar\u0131s\u0131nda qaz var. Bu, harada g\u00f6r\u00fcl\u00fcb? \u00c7ox yox, 10 metrlik bir boru \u00e7\u0259km\u0259k neft-qaz \u00f6lk\u0259si \u00fc\u00e7\u00fcn n\u0259 q\u0259d\u0259r \u00e7\u0259tin bir \u015feydir ki, k\u0259ndin yar\u0131s\u0131 qazs\u0131zl\u0131qdan \u0259ziyy\u0259t \u00e7\u0259kir? Camaat q\u0131\u015fda soyuqdan donur\u201d.\n<\/p>\n<figure class=\"wp-block-image size-large\">\n  <img decoding=\"async\" src=\"https:\/\/www.meydan.tv\/az\/115740\/\" alt=\"\" class=\"wp-image-115740\"\/><figcaption><\/figcaption><\/figure>\n<p>\n  Sakinl\u0259r deyirl\u0259r ki, k\u0259ndin qazs\u0131z qalan k\u00fc\u00e7\u0259l\u0259rind\u0259ki evl\u0259rin say\u0131 \u00e7ox deyil, 50-60 olar. Bu q\u0259d\u0259r insan\u0131 raz\u0131 salmaq \u00e7\u0259tin olmamal\u0131d\u0131r, ancaq etmirl\u0259r.\n<\/p>\n<p>\n  \u201cD\u00fcz k\u00fc\u00e7\u0259nin ba\u015f\u0131nacan boru g\u0259lir. Ordan bir x\u0259tt ay\u0131r\u0131b dig\u0259r evl\u0259ri d\u0259 qazla t\u0259min etm\u0259k n\u0259 \u00e7\u0259tin i\u015fdir? Biz d\u0259 insan\u0131q, ya\u015famaq ist\u0259yirik. H\u00f6kum\u0259t n\u00fcmay\u0259nd\u0259l\u0259ri televiziyalarda qazla\u015fd\u0131rmadan, k\u0259ndl\u0259r\u0259 yol \u00e7\u0259kilm\u0259sind\u0259n dan\u0131\u015f\u0131rlar. Bizd\u0259 he\u00e7 biri yoxdur\u201d, &#8211; sakinl\u0259rd\u0259n Valid\u0259 \u0130brahimova bel\u0259 deyir.\n<\/p>\n<figure class=\"wp-block-image size-large\">\n  <img decoding=\"async\" src=\"https:\/\/www.meydan.tv\/az\/115737\/\" alt=\"\" class=\"wp-image-115737\"\/><figcaption><\/figcaption><\/figure>\n<p>\n  K\u0259ndin yollar\u0131 da pis v\u0259ziyy\u0259td\u0259dir. Yolun ortas\u0131ndak\u0131 ki\u00e7ik \u00e7alalar su il\u0259 doludur, k\u0259l\u0259-k\u00f6t\u00fcr yollardan is\u0259 ma\u015f\u0131nlar \u00e7\u0259tinlikl\u0259 gedib-g\u0259lir:\n<\/p>\n<p>\n  \u201cVallah, d\u0259f\u0259l\u0259rl\u0259 m\u00fcraci\u0259t etmi\u015fik \u0130cra Hakimiyy\u0259tin\u0259, b\u0259l\u0259diyy\u0259y\u0259, prezident\u0259. N\u0259tic\u0259sini g\u00f6r\u00fcrs\u00fcz, qazs\u0131z, yolsuzuq h\u0259l\u0259 d\u0259. Kolxoz d\u00f6vr\u00fcnd\u0259 pamb\u0131\u011f\u0131 birinci biz\u0259 \u0259kdirib, biz\u0259 y\u0131\u011fd\u0131r\u0131rd\u0131lar. Harda n\u0259 \u00e7\u0259tin i\u015f var, biz\u0259 g\u00f6rd\u00fcr\u00fcrd\u00fcl\u0259r. \u0130ndi nec\u0259 olur ki, yax\u015f\u0131 bir \u015fey olanda biz gerid\u0259 qal\u0131r\u0131q? Q\u0131r\u0131l\u0131b-bat\u0131r\u0131q soyuqdan. Elektrikd\u0259n d\u0259 \u00e7ox istifad\u0259 ed\u0259 bilmirik. Bir evd\u0259 yand\u0131r\u0131r\u0131q, qalan otaqlar ham\u0131s\u0131 soyuq qal\u0131r. Bizim o q\u0259d\u0259r imkan\u0131m\u0131z yoxdur ki, h\u0259r ota\u011fa bir elektrikl\u0259 \u00e7al\u0131\u015fan soba qoyaq. Onsuz da bel\u0259 v\u0259ziyy\u0259td\u0259 i\u015f\u0131q pulu \u00e7\u0131x\u0131r k\u0259ll\u0259-\u00e7arxa\u201d, &#8211; Valid\u0259 \u0130brahimova \u0259lav\u0259 edir.\n<\/p>\n<figure class=\"wp-block-image size-large\">\n  <img decoding=\"async\" src=\"https:\/\/www.meydan.tv\/az\/115731\/\" alt=\"\" class=\"wp-image-115731\"\/><figcaption><\/figcaption><\/figure>\n<p>\n  Sakinl\u0259rd\u0259n Rasim F\u0259t\u0259liyev tez-tez rayona gedib-g\u0259lir. Deyir, yollar b\u0259rbad oldu\u011fundan, bu, ona ikiqat x\u0259rc hesab\u0131na ba\u015fa g\u0259lir:\n<\/p>\n<p>\n  \u201cYollar\u0131m\u0131z da b\u0259rbad g\u00fcnd\u0259dir. \u018fn son 20 il \u0259vv\u0259l olard\u0131, 1-2 ma\u015f\u0131n da\u015f t\u00f6k\u00fcbl\u0259r. Bax\u0131n, g\u00f6r\u00fcn d\u0259, bel\u0259 v\u0259ziyy\u0259td\u0259 adam ya\u015fayar? Yol yox, iz yox, qalm\u0131\u015f\u0131q pis v\u0259ziyy\u0259td\u0259. Yolun bir \u00fcz\u00fcnd\u0259 qaz var, dig\u0259r \u00fcz\u00fcnd\u0259 yoxdur. \u00c7\u0259kib x\u0259ttin aya\u011f\u0131n\u0131 qoyublar k\u00f6rp\u00fcn\u00fcn \u00fcst\u00fcn\u0259. Qalan yerl\u0259r qal\u0131b qazs\u0131z. Bel\u0259 ayr\u0131-se\u00e7kilik olar? Niy\u0259 k\u0259ndin yar\u0131s\u0131na qaz verilib, dig\u0259r yar\u0131s\u0131 qal\u0131b? Niy\u0259 qon\u015fu k\u0259ndl\u0259r\u0259 yol \u00e7\u0259kilir, biz qal\u0131r\u0131q? Anlam\u0131ram, b\u0259lk\u0259 bizim milliyy\u0259timiz f\u0259rqlidir? El\u0259dirs\u0259, biz d\u0259 desinl\u0259r, biz d\u0259 bil\u0259k. Yoxsa bel\u0259 ayr\u0131-se\u00e7kilik olmaz\u201d.\n<\/p>\n<figure class=\"wp-block-image size-large\">\n  <img decoding=\"async\" src=\"https:\/\/www.meydan.tv\/az\/115734\/\" alt=\"\" class=\"wp-image-115734\"\/><figcaption><\/figcaption><\/figure>\n<p>\n  G\u00f6y\u00e7ay Rayon \u0130cra Hakimiyy\u0259tind\u0259n Meydan TV-y\u0259 bildirilib ki, h\u0259min k\u0259ndd\u0259ki yol problemi il\u0259 ba\u011fl\u0131 m\u0259lumatlar\u0131 yoxdur. Ancaq qazla ba\u011fl\u0131 v\u0259ziyy\u0259td\u0259n x\u0259b\u0259rdard\u0131lar:\n<\/p>\n<p>\n  \u201cO k\u0259nd\u0259 qaz \u00e7\u0259kilib. Bir xeyli evl\u0259r art\u0131q istifad\u0259 edir. Ancaq b\u0259zi yeni tikilmi\u015f, sonradan sal\u0131nm\u0131\u015f m\u0259h\u0259ll\u0259l\u0259r var ki, onlara da yax\u0131n zamanlarda qaz x\u0259tl\u0259ri \u00e7\u0259kil\u0259c\u0259k v\u0259 onlar qazdan istifad\u0259 ed\u0259 bil\u0259c\u0259kl\u0259r. Yax\u0131n zamanda bel\u0259 bir problem qalmayacaq\u201d.\n<\/p><\/p>\n","protected":false},"excerpt":{"rendered":"<p>G\u00f6y\u00e7ay sakinl\u0259ri ayr\u0131-se\u00e7kilikd\u0259n \u015fikay\u0259t\u00e7idir<\/p>\n","protected":false},"author":11,"featured_media":115725,"comment_status":"closed","ping_status":"open","sticky":false,"template":"","format":"standard","meta":{"_acf_changed":false,"_sitemap_exclude":false,"_sitemap_priority":"","_sitemap_frequency":"","footnotes":""},"categories":[60],"tags":[],"class_list":["post-193456","post","type-post","status-publish","format-standard","has-post-thumbnail","hentry","category-bolge","infinite-scroll-item","generate-columns","tablet-grid-50","mobile-grid-100","grid-parent","grid-33","no-featured-image-padding"],"acf":[],"yoast_head":"<!-- This site is optimized with the Yoast SEO plugin v27.4 - https:\/\/yoast.com\/product\/yoast-seo-wordpress\/ -->\n<title>&#039;&#039;K\u0259ndin yar\u0131s\u0131na qaz x\u0259tti \u00e7\u0259kilib, yar\u0131s\u0131na yox&#039;&#039; - MEYDAN.TV<\/title>\n<meta name=\"robots\" content=\"index, follow, max-snippet:-1, max-image-preview:large, max-video-preview:-1\" \/>\n<link rel=\"canonical\" href=\"https:\/\/www.meydan.tv\/az\/article\/kendin-yarisina-qaz-xetti-cekilib-yarisina-yox\/\" \/>\n<meta property=\"og:locale\" content=\"az_AZ\" \/>\n<meta property=\"og:type\" content=\"article\" \/>\n<meta property=\"og:title\" content=\"&#039;&#039;K\u0259ndin yar\u0131s\u0131na qaz x\u0259tti \u00e7\u0259kilib, yar\u0131s\u0131na yox&#039;&#039; - MEYDAN.TV\" \/>\n<meta property=\"og:description\" content=\"G\u00f6y\u00e7ay sakinl\u0259ri ayr\u0131-se\u00e7kilikd\u0259n \u015fikay\u0259t\u00e7idir\" \/>\n<meta property=\"og:url\" content=\"https:\/\/www.meydan.tv\/az\/article\/kendin-yarisina-qaz-xetti-cekilib-yarisina-yox\/\" \/>\n<meta property=\"og:site_name\" content=\"MEYDAN.TV\" \/>\n<meta property=\"article:published_time\" content=\"2019-01-11T19:54:25+00:00\" \/>\n<meta property=\"og:image\" content=\"https:\/\/www.meydan.tv\/wp-content\/uploads\/46121-scaled.jpg\" \/>\n\t<meta property=\"og:image:width\" content=\"2560\" \/>\n\t<meta property=\"og:image:height\" content=\"1920\" \/>\n\t<meta property=\"og:image:type\" content=\"image\/jpeg\" \/>\n<meta name=\"author\" content=\"user-manager\" \/>\n<meta name=\"twitter:card\" content=\"summary_large_image\" \/>\n<script type=\"application\/ld+json\" class=\"yoast-schema-graph\">{\"@context\":\"https:\\\/\\\/schema.org\",\"@graph\":[{\"@type\":\"Article\",\"@id\":\"https:\\\/\\\/www.meydan.tv\\\/az\\\/article\\\/kendin-yarisina-qaz-xetti-cekilib-yarisina-yox\\\/#article\",\"isPartOf\":{\"@id\":\"https:\\\/\\\/www.meydan.tv\\\/az\\\/article\\\/kendin-yarisina-qaz-xetti-cekilib-yarisina-yox\\\/\"},\"author\":{\"name\":\"user-manager\",\"@id\":\"https:\\\/\\\/www.meydan.tv\\\/az\\\/#\\\/schema\\\/person\\\/10d11eccf6da3662cf5fdab9806ea91a\"},\"headline\":\"&#8221;K\u0259ndin yar\u0131s\u0131na qaz x\u0259tti \u00e7\u0259kilib, yar\u0131s\u0131na yox&#8221;\",\"datePublished\":\"2019-01-11T19:54:25+00:00\",\"mainEntityOfPage\":{\"@id\":\"https:\\\/\\\/www.meydan.tv\\\/az\\\/article\\\/kendin-yarisina-qaz-xetti-cekilib-yarisina-yox\\\/\"},\"wordCount\":763,\"publisher\":{\"@id\":\"https:\\\/\\\/www.meydan.tv\\\/az\\\/#organization\"},\"image\":{\"@id\":\"https:\\\/\\\/www.meydan.tv\\\/az\\\/article\\\/kendin-yarisina-qaz-xetti-cekilib-yarisina-yox\\\/#primaryimage\"},\"thumbnailUrl\":\"https:\\\/\\\/www.meydan.tv\\\/wp-content\\\/uploads\\\/46121-scaled.jpg\",\"articleSection\":[\"B\u00f6lg\u0259\"],\"inLanguage\":\"az\"},{\"@type\":\"WebPage\",\"@id\":\"https:\\\/\\\/www.meydan.tv\\\/az\\\/article\\\/kendin-yarisina-qaz-xetti-cekilib-yarisina-yox\\\/\",\"url\":\"https:\\\/\\\/www.meydan.tv\\\/az\\\/article\\\/kendin-yarisina-qaz-xetti-cekilib-yarisina-yox\\\/\",\"name\":\"''K\u0259ndin yar\u0131s\u0131na qaz x\u0259tti \u00e7\u0259kilib, yar\u0131s\u0131na yox'' - MEYDAN.TV\",\"isPartOf\":{\"@id\":\"https:\\\/\\\/www.meydan.tv\\\/az\\\/#website\"},\"primaryImageOfPage\":{\"@id\":\"https:\\\/\\\/www.meydan.tv\\\/az\\\/article\\\/kendin-yarisina-qaz-xetti-cekilib-yarisina-yox\\\/#primaryimage\"},\"image\":{\"@id\":\"https:\\\/\\\/www.meydan.tv\\\/az\\\/article\\\/kendin-yarisina-qaz-xetti-cekilib-yarisina-yox\\\/#primaryimage\"},\"thumbnailUrl\":\"https:\\\/\\\/www.meydan.tv\\\/wp-content\\\/uploads\\\/46121-scaled.jpg\",\"datePublished\":\"2019-01-11T19:54:25+00:00\",\"breadcrumb\":{\"@id\":\"https:\\\/\\\/www.meydan.tv\\\/az\\\/article\\\/kendin-yarisina-qaz-xetti-cekilib-yarisina-yox\\\/#breadcrumb\"},\"inLanguage\":\"az\",\"potentialAction\":[{\"@type\":\"ReadAction\",\"target\":[\"https:\\\/\\\/www.meydan.tv\\\/az\\\/article\\\/kendin-yarisina-qaz-xetti-cekilib-yarisina-yox\\\/\"]}]},{\"@type\":\"ImageObject\",\"inLanguage\":\"az\",\"@id\":\"https:\\\/\\\/www.meydan.tv\\\/az\\\/article\\\/kendin-yarisina-qaz-xetti-cekilib-yarisina-yox\\\/#primaryimage\",\"url\":\"https:\\\/\\\/www.meydan.tv\\\/wp-content\\\/uploads\\\/46121-scaled.jpg\",\"contentUrl\":\"https:\\\/\\\/www.meydan.tv\\\/wp-content\\\/uploads\\\/46121-scaled.jpg\",\"width\":2560,\"height\":1920,\"caption\":\"Source:\"},{\"@type\":\"BreadcrumbList\",\"@id\":\"https:\\\/\\\/www.meydan.tv\\\/az\\\/article\\\/kendin-yarisina-qaz-xetti-cekilib-yarisina-yox\\\/#breadcrumb\",\"itemListElement\":[{\"@type\":\"ListItem\",\"position\":1,\"name\":\"Ana s\u0259hif\u0259\",\"item\":\"https:\\\/\\\/www.meydan.tv\\\/az\\\/\"},{\"@type\":\"ListItem\",\"position\":2,\"name\":\"B\u00f6lg\u0259\",\"item\":\"https:\\\/\\\/www.meydan.tv\\\/az\\\/section\\\/bolge\\\/\"},{\"@type\":\"ListItem\",\"position\":3,\"name\":\"&#8221;K\u0259ndin yar\u0131s\u0131na qaz x\u0259tti \u00e7\u0259kilib, yar\u0131s\u0131na yox&#8221;\"}]},{\"@type\":\"WebSite\",\"@id\":\"https:\\\/\\\/www.meydan.tv\\\/az\\\/#website\",\"url\":\"https:\\\/\\\/www.meydan.tv\\\/az\\\/\",\"name\":\"MEYDAN.TV\",\"description\":\"Meydan TV Az\u0259rbaycan\u0131n media m\u0259kan\u0131ndak\u0131 alternativ s\u0259sidir\",\"publisher\":{\"@id\":\"https:\\\/\\\/www.meydan.tv\\\/az\\\/#organization\"},\"potentialAction\":[{\"@type\":\"SearchAction\",\"target\":{\"@type\":\"EntryPoint\",\"urlTemplate\":\"https:\\\/\\\/www.meydan.tv\\\/az\\\/?s={search_term_string}\"},\"query-input\":{\"@type\":\"PropertyValueSpecification\",\"valueRequired\":true,\"valueName\":\"search_term_string\"}}],\"inLanguage\":\"az\"},{\"@type\":\"Organization\",\"@id\":\"https:\\\/\\\/www.meydan.tv\\\/az\\\/#organization\",\"name\":\"Meydan TV\",\"url\":\"https:\\\/\\\/www.meydan.tv\\\/az\\\/\",\"logo\":{\"@type\":\"ImageObject\",\"inLanguage\":\"az\",\"@id\":\"https:\\\/\\\/www.meydan.tv\\\/az\\\/#\\\/schema\\\/logo\\\/image\\\/\",\"url\":\"https:\\\/\\\/www.meydan.tv\\\/wp-content\\\/uploads\\\/2021\\\/07\\\/meydan-logo.svg\",\"contentUrl\":\"https:\\\/\\\/www.meydan.tv\\\/wp-content\\\/uploads\\\/2021\\\/07\\\/meydan-logo.svg\",\"width\":195,\"height\":46,\"caption\":\"Meydan TV\"},\"image\":{\"@id\":\"https:\\\/\\\/www.meydan.tv\\\/az\\\/#\\\/schema\\\/logo\\\/image\\\/\"}},{\"@type\":\"Person\",\"@id\":\"https:\\\/\\\/www.meydan.tv\\\/az\\\/#\\\/schema\\\/person\\\/10d11eccf6da3662cf5fdab9806ea91a\",\"name\":\"user-manager\"}]}<\/script>\n<!-- \/ Yoast SEO plugin. -->","yoast_head_json":{"title":"''K\u0259ndin yar\u0131s\u0131na qaz x\u0259tti \u00e7\u0259kilib, yar\u0131s\u0131na yox'' - MEYDAN.TV","robots":{"index":"index","follow":"follow","max-snippet":"max-snippet:-1","max-image-preview":"max-image-preview:large","max-video-preview":"max-video-preview:-1"},"canonical":"https:\/\/www.meydan.tv\/az\/article\/kendin-yarisina-qaz-xetti-cekilib-yarisina-yox\/","og_locale":"az_AZ","og_type":"article","og_title":"''K\u0259ndin yar\u0131s\u0131na qaz x\u0259tti \u00e7\u0259kilib, yar\u0131s\u0131na yox'' - MEYDAN.TV","og_description":"G\u00f6y\u00e7ay sakinl\u0259ri ayr\u0131-se\u00e7kilikd\u0259n \u015fikay\u0259t\u00e7idir","og_url":"https:\/\/www.meydan.tv\/az\/article\/kendin-yarisina-qaz-xetti-cekilib-yarisina-yox\/","og_site_name":"MEYDAN.TV","article_published_time":"2019-01-11T19:54:25+00:00","og_image":[{"width":2560,"height":1920,"url":"https:\/\/www.meydan.tv\/wp-content\/uploads\/46121-scaled.jpg","type":"image\/jpeg"}],"author":"user-manager","twitter_card":"summary_large_image","schema":{"@context":"https:\/\/schema.org","@graph":[{"@type":"Article","@id":"https:\/\/www.meydan.tv\/az\/article\/kendin-yarisina-qaz-xetti-cekilib-yarisina-yox\/#article","isPartOf":{"@id":"https:\/\/www.meydan.tv\/az\/article\/kendin-yarisina-qaz-xetti-cekilib-yarisina-yox\/"},"author":{"name":"user-manager","@id":"https:\/\/www.meydan.tv\/az\/#\/schema\/person\/10d11eccf6da3662cf5fdab9806ea91a"},"headline":"&#8221;K\u0259ndin yar\u0131s\u0131na qaz x\u0259tti \u00e7\u0259kilib, yar\u0131s\u0131na yox&#8221;","datePublished":"2019-01-11T19:54:25+00:00","mainEntityOfPage":{"@id":"https:\/\/www.meydan.tv\/az\/article\/kendin-yarisina-qaz-xetti-cekilib-yarisina-yox\/"},"wordCount":763,"publisher":{"@id":"https:\/\/www.meydan.tv\/az\/#organization"},"image":{"@id":"https:\/\/www.meydan.tv\/az\/article\/kendin-yarisina-qaz-xetti-cekilib-yarisina-yox\/#primaryimage"},"thumbnailUrl":"https:\/\/www.meydan.tv\/wp-content\/uploads\/46121-scaled.jpg","articleSection":["B\u00f6lg\u0259"],"inLanguage":"az"},{"@type":"WebPage","@id":"https:\/\/www.meydan.tv\/az\/article\/kendin-yarisina-qaz-xetti-cekilib-yarisina-yox\/","url":"https:\/\/www.meydan.tv\/az\/article\/kendin-yarisina-qaz-xetti-cekilib-yarisina-yox\/","name":"''K\u0259ndin yar\u0131s\u0131na qaz x\u0259tti \u00e7\u0259kilib, yar\u0131s\u0131na yox'' - MEYDAN.TV","isPartOf":{"@id":"https:\/\/www.meydan.tv\/az\/#website"},"primaryImageOfPage":{"@id":"https:\/\/www.meydan.tv\/az\/article\/kendin-yarisina-qaz-xetti-cekilib-yarisina-yox\/#primaryimage"},"image":{"@id":"https:\/\/www.meydan.tv\/az\/article\/kendin-yarisina-qaz-xetti-cekilib-yarisina-yox\/#primaryimage"},"thumbnailUrl":"https:\/\/www.meydan.tv\/wp-content\/uploads\/46121-scaled.jpg","datePublished":"2019-01-11T19:54:25+00:00","breadcrumb":{"@id":"https:\/\/www.meydan.tv\/az\/article\/kendin-yarisina-qaz-xetti-cekilib-yarisina-yox\/#breadcrumb"},"inLanguage":"az","potentialAction":[{"@type":"ReadAction","target":["https:\/\/www.meydan.tv\/az\/article\/kendin-yarisina-qaz-xetti-cekilib-yarisina-yox\/"]}]},{"@type":"ImageObject","inLanguage":"az","@id":"https:\/\/www.meydan.tv\/az\/article\/kendin-yarisina-qaz-xetti-cekilib-yarisina-yox\/#primaryimage","url":"https:\/\/www.meydan.tv\/wp-content\/uploads\/46121-scaled.jpg","contentUrl":"https:\/\/www.meydan.tv\/wp-content\/uploads\/46121-scaled.jpg","width":2560,"height":1920,"caption":"Source:"},{"@type":"BreadcrumbList","@id":"https:\/\/www.meydan.tv\/az\/article\/kendin-yarisina-qaz-xetti-cekilib-yarisina-yox\/#breadcrumb","itemListElement":[{"@type":"ListItem","position":1,"name":"Ana s\u0259hif\u0259","item":"https:\/\/www.meydan.tv\/az\/"},{"@type":"ListItem","position":2,"name":"B\u00f6lg\u0259","item":"https:\/\/www.meydan.tv\/az\/section\/bolge\/"},{"@type":"ListItem","position":3,"name":"&#8221;K\u0259ndin yar\u0131s\u0131na qaz x\u0259tti \u00e7\u0259kilib, yar\u0131s\u0131na yox&#8221;"}]},{"@type":"WebSite","@id":"https:\/\/www.meydan.tv\/az\/#website","url":"https:\/\/www.meydan.tv\/az\/","name":"MEYDAN.TV","description":"Meydan TV Az\u0259rbaycan\u0131n media m\u0259kan\u0131ndak\u0131 alternativ s\u0259sidir","publisher":{"@id":"https:\/\/www.meydan.tv\/az\/#organization"},"potentialAction":[{"@type":"SearchAction","target":{"@type":"EntryPoint","urlTemplate":"https:\/\/www.meydan.tv\/az\/?s={search_term_string}"},"query-input":{"@type":"PropertyValueSpecification","valueRequired":true,"valueName":"search_term_string"}}],"inLanguage":"az"},{"@type":"Organization","@id":"https:\/\/www.meydan.tv\/az\/#organization","name":"Meydan TV","url":"https:\/\/www.meydan.tv\/az\/","logo":{"@type":"ImageObject","inLanguage":"az","@id":"https:\/\/www.meydan.tv\/az\/#\/schema\/logo\/image\/","url":"https:\/\/www.meydan.tv\/wp-content\/uploads\/2021\/07\/meydan-logo.svg","contentUrl":"https:\/\/www.meydan.tv\/wp-content\/uploads\/2021\/07\/meydan-logo.svg","width":195,"height":46,"caption":"Meydan TV"},"image":{"@id":"https:\/\/www.meydan.tv\/az\/#\/schema\/logo\/image\/"}},{"@type":"Person","@id":"https:\/\/www.meydan.tv\/az\/#\/schema\/person\/10d11eccf6da3662cf5fdab9806ea91a","name":"user-manager"}]}},"_links":{"self":[{"href":"https:\/\/www.meydan.tv\/az\/wp-json\/wp\/v2\/posts\/193456","targetHints":{"allow":["GET"]}}],"collection":[{"href":"https:\/\/www.meydan.tv\/az\/wp-json\/wp\/v2\/posts"}],"about":[{"href":"https:\/\/www.meydan.tv\/az\/wp-json\/wp\/v2\/types\/post"}],"author":[{"embeddable":true,"href":"https:\/\/www.meydan.tv\/az\/wp-json\/wp\/v2\/users\/11"}],"replies":[{"embeddable":true,"href":"https:\/\/www.meydan.tv\/az\/wp-json\/wp\/v2\/comments?post=193456"}],"version-history":[{"count":0,"href":"https:\/\/www.meydan.tv\/az\/wp-json\/wp\/v2\/posts\/193456\/revisions"}],"wp:featuredmedia":[{"embeddable":true,"href":"https:\/\/www.meydan.tv\/az\/wp-json\/wp\/v2\/media\/115725"}],"wp:attachment":[{"href":"https:\/\/www.meydan.tv\/az\/wp-json\/wp\/v2\/media?parent=193456"}],"wp:term":[{"taxonomy":"category","embeddable":true,"href":"https:\/\/www.meydan.tv\/az\/wp-json\/wp\/v2\/categories?post=193456"},{"taxonomy":"post_tag","embeddable":true,"href":"https:\/\/www.meydan.tv\/az\/wp-json\/wp\/v2\/tags?post=193456"}],"curies":[{"name":"wp","href":"https:\/\/api.w.org\/{rel}","templated":true}]}}