{"id":193423,"date":"2019-01-10T15:06:55","date_gmt":"2019-01-10T15:06:55","guid":{"rendered":"https:\/\/www.meydan.tv\/article\/agsu-sakini-geceler-qorxu-sekseke-icinde-yatiram-ki-ev-basima-ucacaq\/"},"modified":"2019-01-10T15:06:55","modified_gmt":"2019-01-10T15:06:55","slug":"agsu-sakini-geceler-qorxu-sekseke-icinde-yatiram-ki-ev-basima-ucacaq","status":"publish","type":"post","link":"https:\/\/www.meydan.tv\/az\/article\/agsu-sakini-geceler-qorxu-sekseke-icinde-yatiram-ki-ev-basima-ucacaq\/","title":{"rendered":"A\u011fsu sakini: Gec\u0259l\u0259r qorxu, s\u0259ks\u0259k\u0259 i\u00e7ind\u0259 yat\u0131ram ki, ev ba\u015f\u0131ma u\u00e7acaq"},"content":{"rendered":"<figure class=\"wp-block-image size-large\">\n  <img decoding=\"async\" src=\"https:\/\/www.meydan.tv\/az\/ezize-kazimova\/\" alt=\"\u018fziz\u0259 Kaz\u0131mova\" class=\"wp-image-115571\"\/><figcaption>\n    \u018fziz\u0259 Kaz\u0131mova<br \/>\n  <\/figcaption><\/figure>\n<p>\n  <i><br \/>\n    &#8221;S\u0259h\u0259rd\u0259n ax\u015fama kimi k\u0259rki vururam, kol-kos, alaq t\u0259mizl\u0259yir\u0259m&#8221;<br \/>\n  <\/i>\n<\/p>\n<p>\n  A\u011fsu rayonu, \u00dclg\u00fcc k\u0259nd sakini \u018fziz\u0259 Kaz\u0131mova valideynl\u0259rind\u0259n ona miras qalan 78 ilin k\u00f6hn\u0259, ikim\u0259rt\u0259b\u0259li k\u0259rpic evind\u0259 t\u0259nha ya\u015fay\u0131r. Bu ill\u0259r \u0259rzind\u0259 t\u0259mir-b\u0259rpa i\u015fl\u0259ri apar\u0131lmad\u0131\u011f\u0131ndan, q\u0131\u015f\u0131n ya\u011f\u0131\u015f\u0131-qar\u0131 evi daha da q\u0259zal\u0131 v\u0259ziyy\u0259t\u0259 sal\u0131b.\n<\/p>\n<p>\n  &#8220;Evin divarlar\u0131 \u00e7atlay\u0131b, b\u00fcn\u00f6vr\u0259si d\u0259 \u00e7\u00f6ld\u0259n ovulub-t\u00f6k\u00fcl\u00fcr. V\u0259ziyy\u0259ti \u00f6z\u00fcn\u00fcz g\u00f6r\u00fcrs\u00fcn\u00fcz, burada ya\u015famaq \u00e7ox t\u0259hl\u00fck\u0259lidir. Q\u0131\u015fda ya\u011f\u0131\u015f-qar ya\u011fanda, ham\u0131s\u0131 evin i\u00e7in\u0259 ax\u0131r. L\u0259y\u0259n, qazan d\u00fcz\u00fcr\u0259m su daman yerl\u0259r\u0259. Hamam yoxdur, tualet d\u0259 olmasa ondan yax\u015f\u0131d\u0131r. \u0130mkan\u0131m yoxdur, \u00f6z\u00fcm d\u0259 x\u0259st\u0259 adamam. T\u0259mir\u0259 pulum haradan olsun?! Pulum olsa, iyn\u0259-d\u0259rman\u0131m\u0131 alaram&#8221;, &#8211; \u018fziz\u0259 Kaz\u0131mova Meydan TV-y\u0259 bel\u0259 deyir.\n<\/p>\n<figure class=\"wp-block-image size-large\">\n  <img decoding=\"async\" src=\"https:\/\/www.meydan.tv\/az\/46062-2\/\" alt=\"46062\" class=\"wp-image-115577\"\/><figcaption><\/figcaption><\/figure>\n<p>\n  S\u00f6yl\u0259yir ki, \u0259lin\u0259 d\u00fc\u015f\u0259n q\u0259pik-quru\u015fu kommunala x\u0259rcl\u0259yir ki, sonra qazs\u0131z, i\u015f\u0131qs\u0131z qalmas\u0131n:\n<\/p>\n<p>\n  &#8220;\u0130\u015f\u0131\u011f\u0131n pulunu \u00f6d\u0259m\u0259y\u0259nd\u0259 d\u0259 g\u0259lib, k\u0259sirl\u0259r. Bak\u0131da ya\u015fayan bac\u0131m q\u0131z\u0131 arada 10 manat g\u00f6nd\u0259rir ki, i\u015f\u0131\u011f\u0131m\u0131 k\u0259sm\u0259sinl\u0259r. Qaza da ayda 3 manat vurub, az-az i\u015fl\u0259dir\u0259m ki, soyuqdan \u00f6lm\u0259yim. Gec\u0259l\u0259r qorxu, s\u0259ks\u0259k\u0259 i\u00e7ind\u0259 yat\u0131ram ki, ev ba\u015f\u0131ma u\u00e7acaq. U\u00e7uq-s\u00f6k\u00fck evd\u0259, bir ota\u011f\u0131n i\u00e7ind\u0259 ya\u015fay\u0131ram. Z\u0259lz\u0259l\u0259 olsa, ev da\u011f\u0131lacaq, alt\u0131nda qalaca\u011fam, he\u00e7 kimin d\u0259 x\u0259b\u0259ri olmayacaq&#8221;.\n<\/p>\n<figure class=\"wp-block-image size-large\">\n  <img decoding=\"async\" src=\"https:\/\/www.meydan.tv\/az\/115586\/\" alt=\"\" class=\"wp-image-115586\"\/><figcaption><\/figcaption><\/figure>\n<p>\n  \u018fziz\u0259 Kaz\u0131mova i\u015fsizlikd\u0259n d\u0259 giley-g\u00fczar edir. Onun s\u00f6zl\u0259rin\u0259 g\u00f6r\u0259, i\u015f tapm\u0131r ki, bir par\u00e7a \u00e7\u00f6r\u0259kpulu qazans\u0131n:\n<\/p>\n<p>\n  &#8220;Rayon yerl\u0259rind\u0259 normal i\u015f tapmaq olmur. Camaat q\u0131r\u0131l\u0131b-bat\u0131r. A\u015fa\u011f\u0131 k\u0259ndl\u0259rd\u0259 k\u0259rkiy\u0259 gedir\u0259m. Bu i\u015f d\u0259 daimi deyil. S\u0259h\u0259rd\u0259n ax\u015fama kimi k\u0259rki vururam, kol-kos, alaq t\u0259mizl\u0259yir\u0259m. Bu \u0259ziyy\u0259timin qar\u015f\u0131l\u0131\u011f\u0131nda be\u015f manat pul al\u0131ram. M\u0259n be\u015f manatla nec\u0259 dolan\u0131m? B\u0259z\u0259n d\u0259 sar\u0131msaq y\u0131\u011fma\u011fa gedir\u0259m, 5-6 kiloqram sar\u0131msaq verirl\u0259r. O da m\u0259nim n\u0259yim\u0259 laz\u0131md\u0131r? Atm\u0131\u015fam, qal\u0131b bir k\u00fcncd\u0259. Yar\u0131ac-yar\u0131tox, ehtiyac i\u00e7ind\u0259 ya\u015fay\u0131ram. \u015eor-\u00e7\u00f6r\u0259kl\u0259 dolan\u0131ram. D\u00fckandan nisy\u0259 kartof al\u0131b, yeyir\u0259m. \u018ftin dad\u0131n\u0131 is\u0259 \u00e7oxdan unutmu\u015fam&#8221;.\n<\/p>\n<figure class=\"wp-block-image size-large\">\n  <img decoding=\"async\" src=\"https:\/\/www.meydan.tv\/az\/115598\/\" alt=\"\" class=\"wp-image-115598\"\/><figcaption><\/figcaption><\/figure>\n<p>\n  \u00dcmidi h\u0259r yerd\u0259n \u00fcz\u00fcl\u0259n \u015fikay\u0259t\u00e7i, A\u011fsu Rayon \u0130cra Hakimiyy\u0259tin\u0259 m\u00fcraci\u0259t etm\u0259k ist\u0259yib. Lakin qon\u015fular\u0131 ona deyibl\u0259r ki, qurum m\u00fclki v\u0259t\u0259nda\u015flar\u0131n m\u0259nzil \u015f\u0259raitinin yax\u015f\u0131la\u015fd\u0131r\u0131lmas\u0131 il\u0259 m\u0259\u015f\u011ful olmur:\n<\/p>\n<p>\n  &#8220;Savads\u0131z adamam, kim\u0259, hara m\u00fcraci\u0259t ed\u0259c\u0259yimi d\u0259 bilmir\u0259m. Bir ara ist\u0259dim A\u011fsu Rayon \u0130cra Hakimiyy\u0259tin\u0259 \u015fikay\u0259t\u0259 gedim, qon\u015fular dedi ki, \u00f6z\u00fcn\u00fc yorma, onlar s\u0259n\u0259 ev tik\u0259n deyill\u0259r. Bel\u0259c\u0259 oturub, g\u00f6zl\u0259yir\u0259m, \u00fcmid Allahad\u0131r&#8221;.\n<\/p>\n<figure class=\"wp-block-image size-large\">\n  <img decoding=\"async\" src=\"https:\/\/www.meydan.tv\/az\/115595\/\" alt=\"\" class=\"wp-image-115595\"\/><figcaption><\/figcaption><\/figure>\n<p>\n  A\u011fsu Rayon \u0130cra Hakimiyy\u0259tinin ictimai-siyasi v\u0259 humanitar m\u0259s\u0259l\u0259l\u0259r \u015f\u00f6b\u0259sinin ba\u015f m\u0259sl\u0259h\u0259t\u00e7isi K\u0259nan Tac\u0131zad\u0259 Meydan TV-y\u0259 bildirib ki, \u018fziz\u0259 Kaz\u0131mzad\u0259 ilk n\u00f6vb\u0259d\u0259 \u0130H-n\u0259 m\u00fcraci\u0259t etm\u0259lidir:\n<\/p>\n<p>\n  &#8220;Evl\u0259rin siyah\u0131ya al\u0131nmas\u0131 v\u0259 m\u00fcvafiq t\u0259dbirl\u0259rin g\u00f6r\u00fclm\u0259si il\u0259 F\u00f6vq\u0259lad\u0259 Hallar Nazirliyinin rayondak\u0131 \u015f\u00f6b\u0259si m\u0259\u015f\u011ful olur. V\u0259t\u0259nda\u015f \u00f6z\u00fc g\u0259lsin, \u0130H-n\u0259 m\u00fcraci\u0259t etsin. Qeydiyyata al\u0131nd\u0131qdan sonra y\u00f6nl\u0259ndir\u0259k, F\u00f6vq\u0259lad\u0259 Hallar Komissiyas\u0131n\u0131n \u00fczvl\u0259ri gedib yerind\u0259 bax\u0131b, qiym\u0259t ver\u0259c\u0259kl\u0259r. M\u00fcraci\u0259t olundu\u011fu t\u0259qdird\u0259, h\u0259min \u015f\u0259xs\u0259 \u0259limizd\u0259n g\u0259l\u0259n yard\u0131m\u0131 g\u00f6st\u0259r\u0259c\u0259yik&#8221;.<\/p>\n","protected":false},"excerpt":{"rendered":"<p>&#8221;S\u0259h\u0259rd\u0259n ax\u015fama kimi k\u0259rki vururam, kol-kos, alaq t\u0259mizl\u0259yir\u0259m&#8221;<\/p>\n","protected":false},"author":11,"featured_media":115571,"comment_status":"closed","ping_status":"open","sticky":false,"template":"","format":"standard","meta":{"_acf_changed":false,"_sitemap_exclude":false,"_sitemap_priority":"","_sitemap_frequency":"","footnotes":""},"categories":[60],"tags":[],"class_list":["post-193423","post","type-post","status-publish","format-standard","has-post-thumbnail","hentry","category-bolge","infinite-scroll-item","generate-columns","tablet-grid-50","mobile-grid-100","grid-parent","grid-33","no-featured-image-padding"],"acf":[],"yoast_head":"<!-- This site is optimized with the Yoast SEO plugin v27.4 - https:\/\/yoast.com\/product\/yoast-seo-wordpress\/ -->\n<title>A\u011fsu sakini: Gec\u0259l\u0259r qorxu, s\u0259ks\u0259k\u0259 i\u00e7ind\u0259 yat\u0131ram ki, ev ba\u015f\u0131ma u\u00e7acaq - MEYDAN.TV<\/title>\n<meta name=\"robots\" content=\"index, follow, max-snippet:-1, max-image-preview:large, max-video-preview:-1\" \/>\n<link rel=\"canonical\" href=\"https:\/\/www.meydan.tv\/az\/article\/agsu-sakini-geceler-qorxu-sekseke-icinde-yatiram-ki-ev-basima-ucacaq\/\" \/>\n<meta property=\"og:locale\" content=\"az_AZ\" \/>\n<meta property=\"og:type\" content=\"article\" \/>\n<meta property=\"og:title\" content=\"A\u011fsu sakini: Gec\u0259l\u0259r qorxu, s\u0259ks\u0259k\u0259 i\u00e7ind\u0259 yat\u0131ram ki, ev ba\u015f\u0131ma u\u00e7acaq - MEYDAN.TV\" \/>\n<meta property=\"og:description\" content=\"&#039;&#039;S\u0259h\u0259rd\u0259n ax\u015fama kimi k\u0259rki vururam, kol-kos, alaq t\u0259mizl\u0259yir\u0259m&#039;&#039;\" \/>\n<meta property=\"og:url\" content=\"https:\/\/www.meydan.tv\/az\/article\/agsu-sakini-geceler-qorxu-sekseke-icinde-yatiram-ki-ev-basima-ucacaq\/\" \/>\n<meta property=\"og:site_name\" content=\"MEYDAN.TV\" \/>\n<meta property=\"article:published_time\" content=\"2019-01-10T15:06:55+00:00\" \/>\n<meta property=\"og:image\" content=\"https:\/\/www.meydan.tv\/wp-content\/uploads\/46061-scaled.jpg\" \/>\n\t<meta property=\"og:image:width\" content=\"2560\" \/>\n\t<meta property=\"og:image:height\" content=\"1920\" \/>\n\t<meta property=\"og:image:type\" content=\"image\/jpeg\" \/>\n<meta name=\"author\" content=\"user-manager\" \/>\n<meta name=\"twitter:card\" content=\"summary_large_image\" \/>\n<script type=\"application\/ld+json\" class=\"yoast-schema-graph\">{\"@context\":\"https:\\\/\\\/schema.org\",\"@graph\":[{\"@type\":\"Article\",\"@id\":\"https:\\\/\\\/www.meydan.tv\\\/az\\\/article\\\/agsu-sakini-geceler-qorxu-sekseke-icinde-yatiram-ki-ev-basima-ucacaq\\\/#article\",\"isPartOf\":{\"@id\":\"https:\\\/\\\/www.meydan.tv\\\/az\\\/article\\\/agsu-sakini-geceler-qorxu-sekseke-icinde-yatiram-ki-ev-basima-ucacaq\\\/\"},\"author\":{\"name\":\"user-manager\",\"@id\":\"https:\\\/\\\/www.meydan.tv\\\/az\\\/#\\\/schema\\\/person\\\/10d11eccf6da3662cf5fdab9806ea91a\"},\"headline\":\"A\u011fsu sakini: Gec\u0259l\u0259r qorxu, s\u0259ks\u0259k\u0259 i\u00e7ind\u0259 yat\u0131ram ki, ev ba\u015f\u0131ma u\u00e7acaq\",\"datePublished\":\"2019-01-10T15:06:55+00:00\",\"mainEntityOfPage\":{\"@id\":\"https:\\\/\\\/www.meydan.tv\\\/az\\\/article\\\/agsu-sakini-geceler-qorxu-sekseke-icinde-yatiram-ki-ev-basima-ucacaq\\\/\"},\"wordCount\":697,\"publisher\":{\"@id\":\"https:\\\/\\\/www.meydan.tv\\\/az\\\/#organization\"},\"image\":{\"@id\":\"https:\\\/\\\/www.meydan.tv\\\/az\\\/article\\\/agsu-sakini-geceler-qorxu-sekseke-icinde-yatiram-ki-ev-basima-ucacaq\\\/#primaryimage\"},\"thumbnailUrl\":\"https:\\\/\\\/www.meydan.tv\\\/wp-content\\\/uploads\\\/46061-scaled.jpg\",\"articleSection\":[\"B\u00f6lg\u0259\"],\"inLanguage\":\"az\"},{\"@type\":\"WebPage\",\"@id\":\"https:\\\/\\\/www.meydan.tv\\\/az\\\/article\\\/agsu-sakini-geceler-qorxu-sekseke-icinde-yatiram-ki-ev-basima-ucacaq\\\/\",\"url\":\"https:\\\/\\\/www.meydan.tv\\\/az\\\/article\\\/agsu-sakini-geceler-qorxu-sekseke-icinde-yatiram-ki-ev-basima-ucacaq\\\/\",\"name\":\"A\u011fsu sakini: Gec\u0259l\u0259r qorxu, s\u0259ks\u0259k\u0259 i\u00e7ind\u0259 yat\u0131ram ki, ev ba\u015f\u0131ma u\u00e7acaq - MEYDAN.TV\",\"isPartOf\":{\"@id\":\"https:\\\/\\\/www.meydan.tv\\\/az\\\/#website\"},\"primaryImageOfPage\":{\"@id\":\"https:\\\/\\\/www.meydan.tv\\\/az\\\/article\\\/agsu-sakini-geceler-qorxu-sekseke-icinde-yatiram-ki-ev-basima-ucacaq\\\/#primaryimage\"},\"image\":{\"@id\":\"https:\\\/\\\/www.meydan.tv\\\/az\\\/article\\\/agsu-sakini-geceler-qorxu-sekseke-icinde-yatiram-ki-ev-basima-ucacaq\\\/#primaryimage\"},\"thumbnailUrl\":\"https:\\\/\\\/www.meydan.tv\\\/wp-content\\\/uploads\\\/46061-scaled.jpg\",\"datePublished\":\"2019-01-10T15:06:55+00:00\",\"breadcrumb\":{\"@id\":\"https:\\\/\\\/www.meydan.tv\\\/az\\\/article\\\/agsu-sakini-geceler-qorxu-sekseke-icinde-yatiram-ki-ev-basima-ucacaq\\\/#breadcrumb\"},\"inLanguage\":\"az\",\"potentialAction\":[{\"@type\":\"ReadAction\",\"target\":[\"https:\\\/\\\/www.meydan.tv\\\/az\\\/article\\\/agsu-sakini-geceler-qorxu-sekseke-icinde-yatiram-ki-ev-basima-ucacaq\\\/\"]}]},{\"@type\":\"ImageObject\",\"inLanguage\":\"az\",\"@id\":\"https:\\\/\\\/www.meydan.tv\\\/az\\\/article\\\/agsu-sakini-geceler-qorxu-sekseke-icinde-yatiram-ki-ev-basima-ucacaq\\\/#primaryimage\",\"url\":\"https:\\\/\\\/www.meydan.tv\\\/wp-content\\\/uploads\\\/46061-scaled.jpg\",\"contentUrl\":\"https:\\\/\\\/www.meydan.tv\\\/wp-content\\\/uploads\\\/46061-scaled.jpg\",\"width\":2560,\"height\":1920,\"caption\":\"Source:\"},{\"@type\":\"BreadcrumbList\",\"@id\":\"https:\\\/\\\/www.meydan.tv\\\/az\\\/article\\\/agsu-sakini-geceler-qorxu-sekseke-icinde-yatiram-ki-ev-basima-ucacaq\\\/#breadcrumb\",\"itemListElement\":[{\"@type\":\"ListItem\",\"position\":1,\"name\":\"Ana s\u0259hif\u0259\",\"item\":\"https:\\\/\\\/www.meydan.tv\\\/az\\\/\"},{\"@type\":\"ListItem\",\"position\":2,\"name\":\"B\u00f6lg\u0259\",\"item\":\"https:\\\/\\\/www.meydan.tv\\\/az\\\/section\\\/bolge\\\/\"},{\"@type\":\"ListItem\",\"position\":3,\"name\":\"A\u011fsu sakini: Gec\u0259l\u0259r qorxu, s\u0259ks\u0259k\u0259 i\u00e7ind\u0259 yat\u0131ram ki, ev ba\u015f\u0131ma u\u00e7acaq\"}]},{\"@type\":\"WebSite\",\"@id\":\"https:\\\/\\\/www.meydan.tv\\\/az\\\/#website\",\"url\":\"https:\\\/\\\/www.meydan.tv\\\/az\\\/\",\"name\":\"MEYDAN.TV\",\"description\":\"Meydan TV Az\u0259rbaycan\u0131n media m\u0259kan\u0131ndak\u0131 alternativ s\u0259sidir\",\"publisher\":{\"@id\":\"https:\\\/\\\/www.meydan.tv\\\/az\\\/#organization\"},\"potentialAction\":[{\"@type\":\"SearchAction\",\"target\":{\"@type\":\"EntryPoint\",\"urlTemplate\":\"https:\\\/\\\/www.meydan.tv\\\/az\\\/?s={search_term_string}\"},\"query-input\":{\"@type\":\"PropertyValueSpecification\",\"valueRequired\":true,\"valueName\":\"search_term_string\"}}],\"inLanguage\":\"az\"},{\"@type\":\"Organization\",\"@id\":\"https:\\\/\\\/www.meydan.tv\\\/az\\\/#organization\",\"name\":\"Meydan TV\",\"url\":\"https:\\\/\\\/www.meydan.tv\\\/az\\\/\",\"logo\":{\"@type\":\"ImageObject\",\"inLanguage\":\"az\",\"@id\":\"https:\\\/\\\/www.meydan.tv\\\/az\\\/#\\\/schema\\\/logo\\\/image\\\/\",\"url\":\"https:\\\/\\\/www.meydan.tv\\\/wp-content\\\/uploads\\\/2021\\\/07\\\/meydan-logo.svg\",\"contentUrl\":\"https:\\\/\\\/www.meydan.tv\\\/wp-content\\\/uploads\\\/2021\\\/07\\\/meydan-logo.svg\",\"width\":195,\"height\":46,\"caption\":\"Meydan TV\"},\"image\":{\"@id\":\"https:\\\/\\\/www.meydan.tv\\\/az\\\/#\\\/schema\\\/logo\\\/image\\\/\"}},{\"@type\":\"Person\",\"@id\":\"https:\\\/\\\/www.meydan.tv\\\/az\\\/#\\\/schema\\\/person\\\/10d11eccf6da3662cf5fdab9806ea91a\",\"name\":\"user-manager\"}]}<\/script>\n<!-- \/ Yoast SEO plugin. -->","yoast_head_json":{"title":"A\u011fsu sakini: Gec\u0259l\u0259r qorxu, s\u0259ks\u0259k\u0259 i\u00e7ind\u0259 yat\u0131ram ki, ev ba\u015f\u0131ma u\u00e7acaq - MEYDAN.TV","robots":{"index":"index","follow":"follow","max-snippet":"max-snippet:-1","max-image-preview":"max-image-preview:large","max-video-preview":"max-video-preview:-1"},"canonical":"https:\/\/www.meydan.tv\/az\/article\/agsu-sakini-geceler-qorxu-sekseke-icinde-yatiram-ki-ev-basima-ucacaq\/","og_locale":"az_AZ","og_type":"article","og_title":"A\u011fsu sakini: Gec\u0259l\u0259r qorxu, s\u0259ks\u0259k\u0259 i\u00e7ind\u0259 yat\u0131ram ki, ev ba\u015f\u0131ma u\u00e7acaq - MEYDAN.TV","og_description":"''S\u0259h\u0259rd\u0259n ax\u015fama kimi k\u0259rki vururam, kol-kos, alaq t\u0259mizl\u0259yir\u0259m''","og_url":"https:\/\/www.meydan.tv\/az\/article\/agsu-sakini-geceler-qorxu-sekseke-icinde-yatiram-ki-ev-basima-ucacaq\/","og_site_name":"MEYDAN.TV","article_published_time":"2019-01-10T15:06:55+00:00","og_image":[{"width":2560,"height":1920,"url":"https:\/\/www.meydan.tv\/wp-content\/uploads\/46061-scaled.jpg","type":"image\/jpeg"}],"author":"user-manager","twitter_card":"summary_large_image","schema":{"@context":"https:\/\/schema.org","@graph":[{"@type":"Article","@id":"https:\/\/www.meydan.tv\/az\/article\/agsu-sakini-geceler-qorxu-sekseke-icinde-yatiram-ki-ev-basima-ucacaq\/#article","isPartOf":{"@id":"https:\/\/www.meydan.tv\/az\/article\/agsu-sakini-geceler-qorxu-sekseke-icinde-yatiram-ki-ev-basima-ucacaq\/"},"author":{"name":"user-manager","@id":"https:\/\/www.meydan.tv\/az\/#\/schema\/person\/10d11eccf6da3662cf5fdab9806ea91a"},"headline":"A\u011fsu sakini: Gec\u0259l\u0259r qorxu, s\u0259ks\u0259k\u0259 i\u00e7ind\u0259 yat\u0131ram ki, ev ba\u015f\u0131ma u\u00e7acaq","datePublished":"2019-01-10T15:06:55+00:00","mainEntityOfPage":{"@id":"https:\/\/www.meydan.tv\/az\/article\/agsu-sakini-geceler-qorxu-sekseke-icinde-yatiram-ki-ev-basima-ucacaq\/"},"wordCount":697,"publisher":{"@id":"https:\/\/www.meydan.tv\/az\/#organization"},"image":{"@id":"https:\/\/www.meydan.tv\/az\/article\/agsu-sakini-geceler-qorxu-sekseke-icinde-yatiram-ki-ev-basima-ucacaq\/#primaryimage"},"thumbnailUrl":"https:\/\/www.meydan.tv\/wp-content\/uploads\/46061-scaled.jpg","articleSection":["B\u00f6lg\u0259"],"inLanguage":"az"},{"@type":"WebPage","@id":"https:\/\/www.meydan.tv\/az\/article\/agsu-sakini-geceler-qorxu-sekseke-icinde-yatiram-ki-ev-basima-ucacaq\/","url":"https:\/\/www.meydan.tv\/az\/article\/agsu-sakini-geceler-qorxu-sekseke-icinde-yatiram-ki-ev-basima-ucacaq\/","name":"A\u011fsu sakini: Gec\u0259l\u0259r qorxu, s\u0259ks\u0259k\u0259 i\u00e7ind\u0259 yat\u0131ram ki, ev ba\u015f\u0131ma u\u00e7acaq - MEYDAN.TV","isPartOf":{"@id":"https:\/\/www.meydan.tv\/az\/#website"},"primaryImageOfPage":{"@id":"https:\/\/www.meydan.tv\/az\/article\/agsu-sakini-geceler-qorxu-sekseke-icinde-yatiram-ki-ev-basima-ucacaq\/#primaryimage"},"image":{"@id":"https:\/\/www.meydan.tv\/az\/article\/agsu-sakini-geceler-qorxu-sekseke-icinde-yatiram-ki-ev-basima-ucacaq\/#primaryimage"},"thumbnailUrl":"https:\/\/www.meydan.tv\/wp-content\/uploads\/46061-scaled.jpg","datePublished":"2019-01-10T15:06:55+00:00","breadcrumb":{"@id":"https:\/\/www.meydan.tv\/az\/article\/agsu-sakini-geceler-qorxu-sekseke-icinde-yatiram-ki-ev-basima-ucacaq\/#breadcrumb"},"inLanguage":"az","potentialAction":[{"@type":"ReadAction","target":["https:\/\/www.meydan.tv\/az\/article\/agsu-sakini-geceler-qorxu-sekseke-icinde-yatiram-ki-ev-basima-ucacaq\/"]}]},{"@type":"ImageObject","inLanguage":"az","@id":"https:\/\/www.meydan.tv\/az\/article\/agsu-sakini-geceler-qorxu-sekseke-icinde-yatiram-ki-ev-basima-ucacaq\/#primaryimage","url":"https:\/\/www.meydan.tv\/wp-content\/uploads\/46061-scaled.jpg","contentUrl":"https:\/\/www.meydan.tv\/wp-content\/uploads\/46061-scaled.jpg","width":2560,"height":1920,"caption":"Source:"},{"@type":"BreadcrumbList","@id":"https:\/\/www.meydan.tv\/az\/article\/agsu-sakini-geceler-qorxu-sekseke-icinde-yatiram-ki-ev-basima-ucacaq\/#breadcrumb","itemListElement":[{"@type":"ListItem","position":1,"name":"Ana s\u0259hif\u0259","item":"https:\/\/www.meydan.tv\/az\/"},{"@type":"ListItem","position":2,"name":"B\u00f6lg\u0259","item":"https:\/\/www.meydan.tv\/az\/section\/bolge\/"},{"@type":"ListItem","position":3,"name":"A\u011fsu sakini: Gec\u0259l\u0259r qorxu, s\u0259ks\u0259k\u0259 i\u00e7ind\u0259 yat\u0131ram ki, ev ba\u015f\u0131ma u\u00e7acaq"}]},{"@type":"WebSite","@id":"https:\/\/www.meydan.tv\/az\/#website","url":"https:\/\/www.meydan.tv\/az\/","name":"MEYDAN.TV","description":"Meydan TV Az\u0259rbaycan\u0131n media m\u0259kan\u0131ndak\u0131 alternativ s\u0259sidir","publisher":{"@id":"https:\/\/www.meydan.tv\/az\/#organization"},"potentialAction":[{"@type":"SearchAction","target":{"@type":"EntryPoint","urlTemplate":"https:\/\/www.meydan.tv\/az\/?s={search_term_string}"},"query-input":{"@type":"PropertyValueSpecification","valueRequired":true,"valueName":"search_term_string"}}],"inLanguage":"az"},{"@type":"Organization","@id":"https:\/\/www.meydan.tv\/az\/#organization","name":"Meydan TV","url":"https:\/\/www.meydan.tv\/az\/","logo":{"@type":"ImageObject","inLanguage":"az","@id":"https:\/\/www.meydan.tv\/az\/#\/schema\/logo\/image\/","url":"https:\/\/www.meydan.tv\/wp-content\/uploads\/2021\/07\/meydan-logo.svg","contentUrl":"https:\/\/www.meydan.tv\/wp-content\/uploads\/2021\/07\/meydan-logo.svg","width":195,"height":46,"caption":"Meydan TV"},"image":{"@id":"https:\/\/www.meydan.tv\/az\/#\/schema\/logo\/image\/"}},{"@type":"Person","@id":"https:\/\/www.meydan.tv\/az\/#\/schema\/person\/10d11eccf6da3662cf5fdab9806ea91a","name":"user-manager"}]}},"_links":{"self":[{"href":"https:\/\/www.meydan.tv\/az\/wp-json\/wp\/v2\/posts\/193423","targetHints":{"allow":["GET"]}}],"collection":[{"href":"https:\/\/www.meydan.tv\/az\/wp-json\/wp\/v2\/posts"}],"about":[{"href":"https:\/\/www.meydan.tv\/az\/wp-json\/wp\/v2\/types\/post"}],"author":[{"embeddable":true,"href":"https:\/\/www.meydan.tv\/az\/wp-json\/wp\/v2\/users\/11"}],"replies":[{"embeddable":true,"href":"https:\/\/www.meydan.tv\/az\/wp-json\/wp\/v2\/comments?post=193423"}],"version-history":[{"count":0,"href":"https:\/\/www.meydan.tv\/az\/wp-json\/wp\/v2\/posts\/193423\/revisions"}],"wp:featuredmedia":[{"embeddable":true,"href":"https:\/\/www.meydan.tv\/az\/wp-json\/wp\/v2\/media\/115571"}],"wp:attachment":[{"href":"https:\/\/www.meydan.tv\/az\/wp-json\/wp\/v2\/media?parent=193423"}],"wp:term":[{"taxonomy":"category","embeddable":true,"href":"https:\/\/www.meydan.tv\/az\/wp-json\/wp\/v2\/categories?post=193423"},{"taxonomy":"post_tag","embeddable":true,"href":"https:\/\/www.meydan.tv\/az\/wp-json\/wp\/v2\/tags?post=193423"}],"curies":[{"name":"wp","href":"https:\/\/api.w.org\/{rel}","templated":true}]}}