{"id":193406,"date":"2019-01-09T18:45:04","date_gmt":"2019-01-09T18:45:04","guid":{"rendered":"https:\/\/www.meydan.tv\/article\/yagis-yaganda-siniflere-su-damir\/"},"modified":"2019-01-09T18:45:04","modified_gmt":"2019-01-09T18:45:04","slug":"yagis-yaganda-siniflere-su-damir","status":"publish","type":"post","link":"https:\/\/www.meydan.tv\/az\/article\/yagis-yaganda-siniflere-su-damir\/","title":{"rendered":"&#8221;Ya\u011f\u0131\u015f ya\u011fanda sinifl\u0259r\u0259 su dam\u0131r&#8221;"},"content":{"rendered":"<p>\n  <i><br \/>\n    Beyl\u0259qanda m\u0259kt\u0259blil\u0259r q\u0131\u015f olanda d\u0259rs\u0259 g\u0259l\u0259 bilmir<br \/>\n  <\/i>\n<\/p>\n<p>\n  Beyl\u0259qan\u0131n Milabad k\u0259nd orta m\u0259kt\u0259bind\u0259 t\u0259hsil alan \u015fagirdl\u0259rin valideynl\u0259ri \u015fikay\u0259t\u00e7idir. Onlar M\u0259kt\u0259bin t\u0259mirsiz, \u015f\u0259raitsiz oldu\u011funu, u\u015faqlar\u0131n\u0131n buna g\u00f6r\u0259 \u0259ziyy\u0259t \u00e7\u0259kdiyini s\u00f6yl\u0259yirl\u0259r. Valideynl\u0259r Meydan TV-y\u0259 bildiribl\u0259r ki, x\u00fcsus\u0259n d\u0259 q\u0131\u015f aylar\u0131nda v\u0259ziyy\u0259t daha ac\u0131nacaql\u0131 olur.\n<\/p>\n<figure class=\"wp-block-image size-large\">\n  <img decoding=\"async\" src=\"https:\/\/www.meydan.tv\/az\/115541\/\" alt=\"\" class=\"wp-image-115541\"\/><figcaption><\/figcaption><\/figure>\n<p>\n  \u201c\u018fvv\u0259la istilik yoxdur. \u0130kincisi d\u0259, m\u0259kt\u0259bin p\u0259nc\u0259r\u0259l\u0259ri, qap\u0131lar\u0131 b\u0259rbad v\u0259ziyy\u0259td\u0259dir. Sinif\u0259 k\u00fcl\u0259k \u0259sir, ya\u011f\u0131\u015f ya\u011fanda su dam\u0131r. \u018f\u015fyalar\u0131 pis g\u00fcnd\u0259dir. Stullar\u0131, partalar\u0131 b\u0259rbad v\u0259ziyy\u0259td\u0259dir. Baxan, maraqlanan yoxdur. D\u0259f\u0259l\u0259rl\u0259 m\u00fcraci\u0259t etmi\u015fik, yazm\u0131\u015f\u0131q, demi\u015fik, xeyri yoxdur. Bu boyda k\u0259nddir, bir d\u0259n\u0259 d\u0259 m\u0259kt\u0259bdir, niy\u0259 bu v\u0259ziyy\u0259td\u0259 olmal\u0131d\u0131r?\u201d\n<\/p>\n<blockquote><p>\n  Harda g\u00f6r\u00fcl\u00fcb ki, valideyn m\u0259kt\u0259b t\u0259mir etdirsin?\n<\/p><\/blockquote>\n<p>\n  Valideynl\u0259rd\u0259n V\u00fcsal\u0259 N\u0259sirzad\u0259 deyir ki, m\u0259murlar\u0131n he\u00e7 biri \u00f6vlad\u0131n\u0131 o c\u00fcr m\u0259kt\u0259b\u0259 g\u00f6nd\u0259rm\u0259z. Amma onlar m\u0259cburdurlar, ba\u015fqa \u00e7ar\u0259l\u0259ri yoxdur:\n<\/p>\n<figure class=\"wp-block-image size-large\">\n  <img decoding=\"async\" src=\"https:\/\/www.meydan.tv\/az\/115538\/\" alt=\"\" class=\"wp-image-115538\"\/><figcaption><\/figcaption><\/figure>\n<p>\n  \u201cN\u0259 ed\u0259k, t\u0259hsilsiz b\u00f6y\u00fcd\u0259k? Adlar\u0131n\u0131 yaza bilm\u0259sinl\u0259r? M\u0259cburuq, g\u00f6nd\u0259ririk, x\u0259st\u0259l\u0259nib \u00fcst\u00fcm\u00fcz\u0259 qay\u0131d\u0131rlar. \u00c7\u0259tindir, istiliyi yox, \u015f\u0259raiti yox. Q\u0131\u015fda m\u0259kt\u0259bin i\u00e7ind\u0259 k\u00fcl\u0259k \u0259sir. Biz n\u0259 q\u0259d\u0259r pul toplay\u0131b, istilik t\u0259dar\u00fck\u00fc g\u00f6rm\u0259li, n\u0259 q\u0259d\u0259r m\u0259kt\u0259bin oras\u0131n\u0131-buras\u0131n\u0131 d\u00fcz\u0259ltdirm\u0259liyik? He\u00e7 i\u015f\u0259 d\u0259 yaram\u0131r. Bir yerini d\u00fcz\u0259ltdirirs\u0259n, dig\u0259r yeri \u00fcst\u00fcm\u00fcz\u0259 t\u00f6k\u00fcl\u00fcr. Bunu biz etm\u0259li deyilik, d\u00f6vl\u0259t bir \u00e7ar\u0259 tapmal\u0131d\u0131r. Harda g\u00f6r\u00fcl\u00fcb ki, valideyn m\u0259kt\u0259b t\u0259mir etdirsin\u201d.\n<\/p>\n<blockquote><p>\n  U\u015faqlar\u0131m\u0131z m\u0259kt\u0259bd\u0259 yox, el\u0259 bilin xarabada t\u0259hsil al\u0131rlar\n<\/p><\/blockquote>\n<p>\n  V.N\u0259sirzad\u0259 deyir ki, Milabad k\u0259ndind\u0259ki m\u0259kt\u0259b m\u00fcst\u0259qil Az\u0259rbaycana yara\u015fan v\u0259ziyy\u0259td\u0259 deyil:\n<\/p>\n<figure class=\"wp-block-image size-large\">\n  <img decoding=\"async\" src=\"https:\/\/www.meydan.tv\/az\/vusale-nesirzade\/\" alt=\"V\u00fcsal\u0259 N\u0259sirzad\u0259\" class=\"wp-image-115544\"\/><figcaption>\n    V\u00fcsal\u0259 N\u0259sirzad\u0259<br \/>\n  <\/figcaption><\/figure>\n<p>\n  \u201cU\u015faqlar\u0131m\u0131z m\u0259kt\u0259bd\u0259 yox, el\u0259 bilin xarabada t\u0259hsil al\u0131rlar. Biz milyorder deyilik ki, 10 minl\u0259rl\u0259 v\u0259sait qoyub m\u0259kt\u0259bi yax\u015f\u0131 t\u0259mir ed\u0259k. Vallah imkan\u0131m\u0131z olsa, u\u015faqlar\u0131m\u0131za g\u00f6r\u0259 ed\u0259rik. \u00c7\u00fcnki soyuqda u\u015fa\u011f\u0131n ba\u015f\u0131na he\u00e7 d\u0259rs d\u0259 girmir. El\u0259 yalandan gedib-g\u0259lirl\u0259r. Bizim toplad\u0131\u011f\u0131m\u0131z pul 300-500 manatd\u0131r ki, bununla da ancaq ba\u015faldadan, y\u00fcng\u00fclvari i\u015fl\u0259r g\u00f6r\u00fcl\u00fcr. Bu m\u0259kt\u0259b\u0259 \u0259sasl\u0131 t\u0259mir laz\u0131md\u0131r. He\u00e7 b\u0259lk\u0259 d\u0259 t\u0259mir d\u0259 laz\u0131m deyil, m\u0259kt\u0259b s\u00f6k\u00fcl\u00fcb, yenid\u0259n tikilm\u0259lidir\u201d.\n<\/p>\n<blockquote><p>\n  Bel\u0259 m\u0259kt\u0259bd\u0259 u\u015faq n\u0259 \u00f6yr\u0259nsin, nec\u0259 g\u0259lsin d\u0259rs\u0259?\n<\/p><\/blockquote>\n<p>\n  Meydan TV \u0259m\u0259kda\u015f\u0131 Milabad m\u0259kt\u0259bind\u0259 olub. Birm\u0259rt\u0259b\u0259li m\u0259kt\u0259bin qap\u0131-p\u0259nc\u0259r\u0259si k\u00f6hn\u0259, dam\u0131 u\u00e7uq-s\u00f6k\u00fck idi. Orada olanda m\u0259kt\u0259bin m\u00fc\u0259lliml\u0259rind\u0259n Tamella F\u0259rz\u0259liyeva il\u0259 dan\u0131\u015fmaq imkan\u0131 oldu. O da m\u0259kt\u0259bin \u015f\u0259raitsiz, t\u0259mirsiz oldu\u011funu t\u0259sdiql\u0259di:\n<\/p>\n<figure class=\"wp-block-image size-large\">\n  <img decoding=\"async\" src=\"https:\/\/www.meydan.tv\/az\/115535\/\" alt=\"\" class=\"wp-image-115535\"\/><figcaption><\/figcaption><\/figure>\n<p>\n  \u201cH\u0259l\u0259 \u0259vv\u0259l daha pis v\u0259ziyy\u0259td\u0259 idi. U\u015faqlar panelin \u00fcst\u00fcnd\u0259 otururdular. Valideyn v\u0259 m\u00fc\u0259llim kollektivi aralar\u0131nda pul toplay\u0131b, d\u00f6\u015f\u0259m\u0259ni d\u00fcz\u0259ltdirdi. Ancaq yen\u0259 d\u0259 \u015f\u0259raitsizlikdir. \u0130stilik yoxdur, divarlar\u0131, \u015f\u0259raiti b\u0259rbad v\u0259ziyy\u0259td\u0259dir. Bir bax\u0131n, p\u0259nc\u0259r\u0259l\u0259ri d\u0259 q\u0131r\u0131q-q\u0131r\u0131qd\u0131r. \u00d6z\u00fc d\u0259 dar, balaca. Bel\u0259 m\u0259kt\u0259bd\u0259 u\u015faq n\u0259 \u00f6yr\u0259nsin, nec\u0259 g\u0259lsin d\u0259rs\u0259?\u201d\n<\/p>\n<blockquote><p>\n  Soyuq olan kimi valideynl\u0259r u\u015faqlar\u0131 m\u0259kt\u0259b\u0259 buraxm\u0131rlar\n<\/p><\/blockquote>\n<p>\n  T.F\u0259rz\u0259liyeva \u015f\u0259raitsizlik \u00fccbat\u0131ndan \u015fagirdl\u0259rin tez-tez m\u0259kt\u0259bd\u0259n qald\u0131qlar\u0131n\u0131 da s\u00f6yl\u0259yir. Deyir, n\u0259s\u0259 dem\u0259k d\u0259 olmur:\n<\/p>\n<figure class=\"wp-block-image size-large\">\n  <img decoding=\"async\" src=\"https:\/\/www.meydan.tv\/az\/115532\/\" alt=\"\" class=\"wp-image-115532\"\/><figcaption><\/figcaption><\/figure>\n<p>\n  \u201cDey\u0259 d\u0259 bilmirs\u0259n ki, niy\u0259 d\u0259rs burax\u0131rsan. Valideyn n\u0259 etsin? B\u00fct\u00fcn q\u0131\u015f\u0131 u\u015fa\u011f\u0131 h\u0259kiml\u0259rd\u0259dir. Birt\u0259h\u0259r soba yand\u0131r\u0131r, ota\u011f\u0131 isidirik. Vay o g\u00fcn\u0259 ki, ba\u015f\u0131n d\u0259rs\u0259 qar\u0131\u015fa, soba s\u00f6n\u0259. 2 d\u0259qiq\u0259nin i\u00e7ind\u0259 otaq buz kimi olur. Odur ki, soyuq olan kimi valideynl\u0259r u\u015faqlar\u0131 m\u0259kt\u0259b\u0259 buraxm\u0131rlar. M\u00fc\u0259lliml\u0259rin d\u0259 dili q\u0131sad\u0131r, dey\u0259 bilmirik ki, g\u0259lin, d\u0259rsd\u0259n qalmay\u0131n\u201d.\n<\/p>\n<blockquote><p>\n  M\u0259kt\u0259b t\u0259mir etm\u0259k icra hakimiyy\u0259tinin i\u015fi deyil\n<\/p><\/blockquote>\n<p>\n  Meydan TV m\u0259s\u0259l\u0259y\u0259 m\u00fcnasib\u0259t \u00f6yr\u0259nm\u0259k \u00fc\u00e7\u00fcn Beyl\u0259qan Rayon \u0130cra Hakimiyy\u0259ti il\u0259 \u0259laq\u0259 saxlay\u0131b. \u0130cra Hakimiyy\u0259tind\u0259n d\u0259 Milabad m\u0259kt\u0259binin t\u0259mirsiz, \u015f\u0259raitsiz oldu\u011funu t\u0259sdiql\u0259yibl\u0259r. Bildiribl\u0259r ki, h\u0259r il \u00f6lk\u0259d\u0259 yeni m\u0259kt\u0259bl\u0259r tikilir v\u0259 ya yenid\u0259n qurulur. Tezlikl\u0259 Milabad m\u0259kt\u0259bi il\u0259 ba\u011fl\u0131 da bir t\u0259dbir g\u00f6r\u00fcl\u0259c\u0259k:\n<\/p>\n<figure class=\"wp-block-image size-large\">\n  <img decoding=\"async\" src=\"https:\/\/www.meydan.tv\/az\/115547\/\" alt=\"\" class=\"wp-image-115547\"\/><figcaption><\/figcaption><\/figure>\n<p>\n  \u201cB\u0259li, Milabad m\u0259kt\u0259bi bir az k\u00f6hn\u0259dir. Biz bununla ba\u011fl\u0131 yuxar\u0131lara m\u00fcraci\u0259t ed\u0259c\u0259yik. M\u0259kt\u0259b t\u0259mir etm\u0259k icra hakimiyy\u0259tinin i\u015fi deyil, b\u00f6y\u00fck maliyy\u0259 t\u0259l\u0259b edir. Eynil\u0259 d\u0259 m\u0259kt\u0259bin yenid\u0259n qurulmas\u0131. M\u00fcraci\u0259t edil\u0259c\u0259k. \u00dcmid edirik, tezlikl\u0259 h\u0259min m\u0259kt\u0259bin t\u0259miri \u00fc\u00e7\u00fcn v\u0259sait ayr\u0131lar v\u0259 problem aradan qalxar\u201d.\n<\/p><\/p>\n","protected":false},"excerpt":{"rendered":"<p>Beyl\u0259qanda m\u0259kt\u0259blil\u0259r q\u0131\u015f olanda d\u0259rs\u0259 g\u0259l\u0259 bilmir<\/p>\n","protected":false},"author":11,"featured_media":115529,"comment_status":"closed","ping_status":"open","sticky":false,"template":"","format":"standard","meta":{"_acf_changed":false,"_sitemap_exclude":false,"_sitemap_priority":"","_sitemap_frequency":"","footnotes":""},"categories":[60],"tags":[],"class_list":["post-193406","post","type-post","status-publish","format-standard","has-post-thumbnail","hentry","category-bolge","infinite-scroll-item","generate-columns","tablet-grid-50","mobile-grid-100","grid-parent","grid-33","no-featured-image-padding"],"acf":[],"yoast_head":"<!-- This site is optimized with the Yoast SEO plugin v27.4 - https:\/\/yoast.com\/product\/yoast-seo-wordpress\/ -->\n<title>&#039;&#039;Ya\u011f\u0131\u015f ya\u011fanda sinifl\u0259r\u0259 su dam\u0131r&#039;&#039; - MEYDAN.TV<\/title>\n<meta name=\"robots\" content=\"index, follow, max-snippet:-1, max-image-preview:large, max-video-preview:-1\" \/>\n<link rel=\"canonical\" href=\"https:\/\/www.meydan.tv\/az\/article\/yagis-yaganda-siniflere-su-damir\/\" \/>\n<meta property=\"og:locale\" content=\"az_AZ\" \/>\n<meta property=\"og:type\" content=\"article\" \/>\n<meta property=\"og:title\" content=\"&#039;&#039;Ya\u011f\u0131\u015f ya\u011fanda sinifl\u0259r\u0259 su dam\u0131r&#039;&#039; - MEYDAN.TV\" \/>\n<meta property=\"og:description\" content=\"Beyl\u0259qanda m\u0259kt\u0259blil\u0259r q\u0131\u015f olanda d\u0259rs\u0259 g\u0259l\u0259 bilmir\" \/>\n<meta property=\"og:url\" content=\"https:\/\/www.meydan.tv\/az\/article\/yagis-yaganda-siniflere-su-damir\/\" \/>\n<meta property=\"og:site_name\" content=\"MEYDAN.TV\" \/>\n<meta property=\"article:published_time\" content=\"2019-01-09T18:45:04+00:00\" \/>\n<meta property=\"og:image\" content=\"https:\/\/www.meydan.tv\/wp-content\/uploads\/46043-scaled.jpg\" \/>\n\t<meta property=\"og:image:width\" content=\"2560\" \/>\n\t<meta property=\"og:image:height\" content=\"1920\" \/>\n\t<meta property=\"og:image:type\" content=\"image\/jpeg\" \/>\n<meta name=\"author\" content=\"user-manager\" \/>\n<meta name=\"twitter:card\" content=\"summary_large_image\" \/>\n<script type=\"application\/ld+json\" class=\"yoast-schema-graph\">{\"@context\":\"https:\\\/\\\/schema.org\",\"@graph\":[{\"@type\":\"Article\",\"@id\":\"https:\\\/\\\/www.meydan.tv\\\/az\\\/article\\\/yagis-yaganda-siniflere-su-damir\\\/#article\",\"isPartOf\":{\"@id\":\"https:\\\/\\\/www.meydan.tv\\\/az\\\/article\\\/yagis-yaganda-siniflere-su-damir\\\/\"},\"author\":{\"name\":\"user-manager\",\"@id\":\"https:\\\/\\\/www.meydan.tv\\\/az\\\/#\\\/schema\\\/person\\\/10d11eccf6da3662cf5fdab9806ea91a\"},\"headline\":\"&#8221;Ya\u011f\u0131\u015f ya\u011fanda sinifl\u0259r\u0259 su dam\u0131r&#8221;\",\"datePublished\":\"2019-01-09T18:45:04+00:00\",\"mainEntityOfPage\":{\"@id\":\"https:\\\/\\\/www.meydan.tv\\\/az\\\/article\\\/yagis-yaganda-siniflere-su-damir\\\/\"},\"wordCount\":946,\"publisher\":{\"@id\":\"https:\\\/\\\/www.meydan.tv\\\/az\\\/#organization\"},\"image\":{\"@id\":\"https:\\\/\\\/www.meydan.tv\\\/az\\\/article\\\/yagis-yaganda-siniflere-su-damir\\\/#primaryimage\"},\"thumbnailUrl\":\"https:\\\/\\\/www.meydan.tv\\\/wp-content\\\/uploads\\\/46043-scaled.jpg\",\"articleSection\":[\"B\u00f6lg\u0259\"],\"inLanguage\":\"az\"},{\"@type\":\"WebPage\",\"@id\":\"https:\\\/\\\/www.meydan.tv\\\/az\\\/article\\\/yagis-yaganda-siniflere-su-damir\\\/\",\"url\":\"https:\\\/\\\/www.meydan.tv\\\/az\\\/article\\\/yagis-yaganda-siniflere-su-damir\\\/\",\"name\":\"''Ya\u011f\u0131\u015f ya\u011fanda sinifl\u0259r\u0259 su dam\u0131r'' - MEYDAN.TV\",\"isPartOf\":{\"@id\":\"https:\\\/\\\/www.meydan.tv\\\/az\\\/#website\"},\"primaryImageOfPage\":{\"@id\":\"https:\\\/\\\/www.meydan.tv\\\/az\\\/article\\\/yagis-yaganda-siniflere-su-damir\\\/#primaryimage\"},\"image\":{\"@id\":\"https:\\\/\\\/www.meydan.tv\\\/az\\\/article\\\/yagis-yaganda-siniflere-su-damir\\\/#primaryimage\"},\"thumbnailUrl\":\"https:\\\/\\\/www.meydan.tv\\\/wp-content\\\/uploads\\\/46043-scaled.jpg\",\"datePublished\":\"2019-01-09T18:45:04+00:00\",\"breadcrumb\":{\"@id\":\"https:\\\/\\\/www.meydan.tv\\\/az\\\/article\\\/yagis-yaganda-siniflere-su-damir\\\/#breadcrumb\"},\"inLanguage\":\"az\",\"potentialAction\":[{\"@type\":\"ReadAction\",\"target\":[\"https:\\\/\\\/www.meydan.tv\\\/az\\\/article\\\/yagis-yaganda-siniflere-su-damir\\\/\"]}]},{\"@type\":\"ImageObject\",\"inLanguage\":\"az\",\"@id\":\"https:\\\/\\\/www.meydan.tv\\\/az\\\/article\\\/yagis-yaganda-siniflere-su-damir\\\/#primaryimage\",\"url\":\"https:\\\/\\\/www.meydan.tv\\\/wp-content\\\/uploads\\\/46043-scaled.jpg\",\"contentUrl\":\"https:\\\/\\\/www.meydan.tv\\\/wp-content\\\/uploads\\\/46043-scaled.jpg\",\"width\":2560,\"height\":1920,\"caption\":\"Source:\"},{\"@type\":\"BreadcrumbList\",\"@id\":\"https:\\\/\\\/www.meydan.tv\\\/az\\\/article\\\/yagis-yaganda-siniflere-su-damir\\\/#breadcrumb\",\"itemListElement\":[{\"@type\":\"ListItem\",\"position\":1,\"name\":\"Ana s\u0259hif\u0259\",\"item\":\"https:\\\/\\\/www.meydan.tv\\\/az\\\/\"},{\"@type\":\"ListItem\",\"position\":2,\"name\":\"B\u00f6lg\u0259\",\"item\":\"https:\\\/\\\/www.meydan.tv\\\/az\\\/section\\\/bolge\\\/\"},{\"@type\":\"ListItem\",\"position\":3,\"name\":\"&#8221;Ya\u011f\u0131\u015f ya\u011fanda sinifl\u0259r\u0259 su dam\u0131r&#8221;\"}]},{\"@type\":\"WebSite\",\"@id\":\"https:\\\/\\\/www.meydan.tv\\\/az\\\/#website\",\"url\":\"https:\\\/\\\/www.meydan.tv\\\/az\\\/\",\"name\":\"MEYDAN.TV\",\"description\":\"Meydan TV Az\u0259rbaycan\u0131n media m\u0259kan\u0131ndak\u0131 alternativ s\u0259sidir\",\"publisher\":{\"@id\":\"https:\\\/\\\/www.meydan.tv\\\/az\\\/#organization\"},\"potentialAction\":[{\"@type\":\"SearchAction\",\"target\":{\"@type\":\"EntryPoint\",\"urlTemplate\":\"https:\\\/\\\/www.meydan.tv\\\/az\\\/?s={search_term_string}\"},\"query-input\":{\"@type\":\"PropertyValueSpecification\",\"valueRequired\":true,\"valueName\":\"search_term_string\"}}],\"inLanguage\":\"az\"},{\"@type\":\"Organization\",\"@id\":\"https:\\\/\\\/www.meydan.tv\\\/az\\\/#organization\",\"name\":\"Meydan TV\",\"url\":\"https:\\\/\\\/www.meydan.tv\\\/az\\\/\",\"logo\":{\"@type\":\"ImageObject\",\"inLanguage\":\"az\",\"@id\":\"https:\\\/\\\/www.meydan.tv\\\/az\\\/#\\\/schema\\\/logo\\\/image\\\/\",\"url\":\"https:\\\/\\\/www.meydan.tv\\\/wp-content\\\/uploads\\\/2021\\\/07\\\/meydan-logo.svg\",\"contentUrl\":\"https:\\\/\\\/www.meydan.tv\\\/wp-content\\\/uploads\\\/2021\\\/07\\\/meydan-logo.svg\",\"width\":195,\"height\":46,\"caption\":\"Meydan TV\"},\"image\":{\"@id\":\"https:\\\/\\\/www.meydan.tv\\\/az\\\/#\\\/schema\\\/logo\\\/image\\\/\"}},{\"@type\":\"Person\",\"@id\":\"https:\\\/\\\/www.meydan.tv\\\/az\\\/#\\\/schema\\\/person\\\/10d11eccf6da3662cf5fdab9806ea91a\",\"name\":\"user-manager\"}]}<\/script>\n<!-- \/ Yoast SEO plugin. -->","yoast_head_json":{"title":"''Ya\u011f\u0131\u015f ya\u011fanda sinifl\u0259r\u0259 su dam\u0131r'' - MEYDAN.TV","robots":{"index":"index","follow":"follow","max-snippet":"max-snippet:-1","max-image-preview":"max-image-preview:large","max-video-preview":"max-video-preview:-1"},"canonical":"https:\/\/www.meydan.tv\/az\/article\/yagis-yaganda-siniflere-su-damir\/","og_locale":"az_AZ","og_type":"article","og_title":"''Ya\u011f\u0131\u015f ya\u011fanda sinifl\u0259r\u0259 su dam\u0131r'' - MEYDAN.TV","og_description":"Beyl\u0259qanda m\u0259kt\u0259blil\u0259r q\u0131\u015f olanda d\u0259rs\u0259 g\u0259l\u0259 bilmir","og_url":"https:\/\/www.meydan.tv\/az\/article\/yagis-yaganda-siniflere-su-damir\/","og_site_name":"MEYDAN.TV","article_published_time":"2019-01-09T18:45:04+00:00","og_image":[{"width":2560,"height":1920,"url":"https:\/\/www.meydan.tv\/wp-content\/uploads\/46043-scaled.jpg","type":"image\/jpeg"}],"author":"user-manager","twitter_card":"summary_large_image","schema":{"@context":"https:\/\/schema.org","@graph":[{"@type":"Article","@id":"https:\/\/www.meydan.tv\/az\/article\/yagis-yaganda-siniflere-su-damir\/#article","isPartOf":{"@id":"https:\/\/www.meydan.tv\/az\/article\/yagis-yaganda-siniflere-su-damir\/"},"author":{"name":"user-manager","@id":"https:\/\/www.meydan.tv\/az\/#\/schema\/person\/10d11eccf6da3662cf5fdab9806ea91a"},"headline":"&#8221;Ya\u011f\u0131\u015f ya\u011fanda sinifl\u0259r\u0259 su dam\u0131r&#8221;","datePublished":"2019-01-09T18:45:04+00:00","mainEntityOfPage":{"@id":"https:\/\/www.meydan.tv\/az\/article\/yagis-yaganda-siniflere-su-damir\/"},"wordCount":946,"publisher":{"@id":"https:\/\/www.meydan.tv\/az\/#organization"},"image":{"@id":"https:\/\/www.meydan.tv\/az\/article\/yagis-yaganda-siniflere-su-damir\/#primaryimage"},"thumbnailUrl":"https:\/\/www.meydan.tv\/wp-content\/uploads\/46043-scaled.jpg","articleSection":["B\u00f6lg\u0259"],"inLanguage":"az"},{"@type":"WebPage","@id":"https:\/\/www.meydan.tv\/az\/article\/yagis-yaganda-siniflere-su-damir\/","url":"https:\/\/www.meydan.tv\/az\/article\/yagis-yaganda-siniflere-su-damir\/","name":"''Ya\u011f\u0131\u015f ya\u011fanda sinifl\u0259r\u0259 su dam\u0131r'' - MEYDAN.TV","isPartOf":{"@id":"https:\/\/www.meydan.tv\/az\/#website"},"primaryImageOfPage":{"@id":"https:\/\/www.meydan.tv\/az\/article\/yagis-yaganda-siniflere-su-damir\/#primaryimage"},"image":{"@id":"https:\/\/www.meydan.tv\/az\/article\/yagis-yaganda-siniflere-su-damir\/#primaryimage"},"thumbnailUrl":"https:\/\/www.meydan.tv\/wp-content\/uploads\/46043-scaled.jpg","datePublished":"2019-01-09T18:45:04+00:00","breadcrumb":{"@id":"https:\/\/www.meydan.tv\/az\/article\/yagis-yaganda-siniflere-su-damir\/#breadcrumb"},"inLanguage":"az","potentialAction":[{"@type":"ReadAction","target":["https:\/\/www.meydan.tv\/az\/article\/yagis-yaganda-siniflere-su-damir\/"]}]},{"@type":"ImageObject","inLanguage":"az","@id":"https:\/\/www.meydan.tv\/az\/article\/yagis-yaganda-siniflere-su-damir\/#primaryimage","url":"https:\/\/www.meydan.tv\/wp-content\/uploads\/46043-scaled.jpg","contentUrl":"https:\/\/www.meydan.tv\/wp-content\/uploads\/46043-scaled.jpg","width":2560,"height":1920,"caption":"Source:"},{"@type":"BreadcrumbList","@id":"https:\/\/www.meydan.tv\/az\/article\/yagis-yaganda-siniflere-su-damir\/#breadcrumb","itemListElement":[{"@type":"ListItem","position":1,"name":"Ana s\u0259hif\u0259","item":"https:\/\/www.meydan.tv\/az\/"},{"@type":"ListItem","position":2,"name":"B\u00f6lg\u0259","item":"https:\/\/www.meydan.tv\/az\/section\/bolge\/"},{"@type":"ListItem","position":3,"name":"&#8221;Ya\u011f\u0131\u015f ya\u011fanda sinifl\u0259r\u0259 su dam\u0131r&#8221;"}]},{"@type":"WebSite","@id":"https:\/\/www.meydan.tv\/az\/#website","url":"https:\/\/www.meydan.tv\/az\/","name":"MEYDAN.TV","description":"Meydan TV Az\u0259rbaycan\u0131n media m\u0259kan\u0131ndak\u0131 alternativ s\u0259sidir","publisher":{"@id":"https:\/\/www.meydan.tv\/az\/#organization"},"potentialAction":[{"@type":"SearchAction","target":{"@type":"EntryPoint","urlTemplate":"https:\/\/www.meydan.tv\/az\/?s={search_term_string}"},"query-input":{"@type":"PropertyValueSpecification","valueRequired":true,"valueName":"search_term_string"}}],"inLanguage":"az"},{"@type":"Organization","@id":"https:\/\/www.meydan.tv\/az\/#organization","name":"Meydan TV","url":"https:\/\/www.meydan.tv\/az\/","logo":{"@type":"ImageObject","inLanguage":"az","@id":"https:\/\/www.meydan.tv\/az\/#\/schema\/logo\/image\/","url":"https:\/\/www.meydan.tv\/wp-content\/uploads\/2021\/07\/meydan-logo.svg","contentUrl":"https:\/\/www.meydan.tv\/wp-content\/uploads\/2021\/07\/meydan-logo.svg","width":195,"height":46,"caption":"Meydan TV"},"image":{"@id":"https:\/\/www.meydan.tv\/az\/#\/schema\/logo\/image\/"}},{"@type":"Person","@id":"https:\/\/www.meydan.tv\/az\/#\/schema\/person\/10d11eccf6da3662cf5fdab9806ea91a","name":"user-manager"}]}},"_links":{"self":[{"href":"https:\/\/www.meydan.tv\/az\/wp-json\/wp\/v2\/posts\/193406","targetHints":{"allow":["GET"]}}],"collection":[{"href":"https:\/\/www.meydan.tv\/az\/wp-json\/wp\/v2\/posts"}],"about":[{"href":"https:\/\/www.meydan.tv\/az\/wp-json\/wp\/v2\/types\/post"}],"author":[{"embeddable":true,"href":"https:\/\/www.meydan.tv\/az\/wp-json\/wp\/v2\/users\/11"}],"replies":[{"embeddable":true,"href":"https:\/\/www.meydan.tv\/az\/wp-json\/wp\/v2\/comments?post=193406"}],"version-history":[{"count":0,"href":"https:\/\/www.meydan.tv\/az\/wp-json\/wp\/v2\/posts\/193406\/revisions"}],"wp:featuredmedia":[{"embeddable":true,"href":"https:\/\/www.meydan.tv\/az\/wp-json\/wp\/v2\/media\/115529"}],"wp:attachment":[{"href":"https:\/\/www.meydan.tv\/az\/wp-json\/wp\/v2\/media?parent=193406"}],"wp:term":[{"taxonomy":"category","embeddable":true,"href":"https:\/\/www.meydan.tv\/az\/wp-json\/wp\/v2\/categories?post=193406"},{"taxonomy":"post_tag","embeddable":true,"href":"https:\/\/www.meydan.tv\/az\/wp-json\/wp\/v2\/tags?post=193406"}],"curies":[{"name":"wp","href":"https:\/\/api.w.org\/{rel}","templated":true}]}}