{"id":193388,"date":"2019-01-08T22:21:51","date_gmt":"2019-01-08T22:21:51","guid":{"rendered":"https:\/\/www.meydan.tv\/article\/deyisikliyi-nece-etmeli\/"},"modified":"2019-01-08T22:21:51","modified_gmt":"2019-01-08T22:21:51","slug":"deyisikliyi-nece-etmeli","status":"publish","type":"post","link":"https:\/\/www.meydan.tv\/az\/article\/deyisikliyi-nece-etmeli\/","title":{"rendered":"D\u0259yi\u015fikliyi nec\u0259 etm\u0259li?"},"content":{"rendered":"<figure class=\"wp-block-image size-large\">\n  <img decoding=\"async\" src=\"https:\/\/www.meydan.tv\/az\/orxan-adigozel-3\/\" alt=\"Orxan Ad\u0131g\u00f6z\u0259l\" class=\"wp-image-95247\"\/><figcaption>\n    Orxan Ad\u0131g\u00f6z\u0259l<br \/>\n  <\/figcaption><\/figure>\n<p>\n  <i><br \/>\n    M\u00fctl\u0259q n\u0259s\u0259 etm\u0259k laz\u0131md\u0131r! Yaz\u0131q-f\u0259qir duruma d\u00fc\u015fm\u00fc\u015f\u00fck, vallah&#8230;<br \/>\n  <\/i>\n<\/p>\n<p>\n  \u0130ntiharlar art\u0131b, \u0259trafdan \u00fcz\u00fcm\u00fcz\u0259 qara \u015f\u00fcalar sa\u00e7\u0131l\u0131r. \u0130nsanlar\u0131m\u0131z b\u0259dbinl\u0259\u015fib. D\u0259y\u0259rl\u0259r g\u00fcn\u00fc-g\u00fcnd\u0259n itir v\u0259 tap\u0131lm\u0131r. Azadl\u0131\u011f\u0131m\u0131z m\u0259hdudla\u015fd\u0131r\u0131l\u0131r.\n<\/p>\n<p>\n  Bir \u00e7oxumuz bu q\u0259d\u0259r monotunlu\u011fun i\u00e7ind\u0259 qism\u0259n azad olan internetd\u0259 v\u0259 sosial \u015f\u0259b\u0259k\u0259l\u0259rd\u0259 el\u0259 qism\u0259n rahatl\u0131q v\u0259 xo\u015fb\u0259xtlik tap\u0131r, s\u00f6z\u00fcn\u00fc-problemini b\u00f6l\u00fc\u015f\u0259 v\u0259 yaya bilir. T\u0259\u0259ss\u00fcf ki, ora da bir \u00e7ox halda irad\u0259c\u0259 z\u0259if c\u0259miyy\u0259timiz\u0259 \u00f6z \u0259ks t\u0259sirini g\u00f6st\u0259rir.\n<\/p>\n<p>\n  \u00d6lk\u0259mizd\u0259 senzuras\u0131z v\u0259 obyektiv informasiya \u00fc\u00e7\u00fcn yerli telekanallara yox, internet\u0259 v\u0259 sosial mediaya \u00fcst\u00fcnl\u00fck verirl\u0259r. Burda al\u0131nan m\u0259lumatlardan yeni, azad ictimai fikir, r\u0259y formala\u015f\u0131r.\n<\/p>\n<p>\n  \u0130ctimai r\u0259y ictimai \u015f\u00fcurun el\u0259 t\u0259zah\u00fcr\u00fcd\u00fcr ki, burada b\u00f6y\u00fck sosial qruplar\u0131n, b\u00fct\u00f6vl\u00fckd\u0259 xalq\u0131n aktual hadis\u0259l\u0259r\u0259 m\u00fcnasib\u0259ti (yaxud onlar\u0131 qiym\u0259tl\u0259ndirilm\u0259si) \u0259ks olunur.\n<\/p>\n<p>\n  \u0130ctimai r\u0259yi formala\u015fd\u0131ranlar xalq \u00fcz\u0259rind\u0259 m\u00fc\u0259yy\u0259n t\u0259sir v\u0259 n\u00fcfuza malik siyasi partiya liderl\u0259ri, v\u0259t\u0259nda\u015f c\u0259miyy\u0259tinin v\u0259 ictimai sektorun f\u0259allar\u0131, ziyal\u0131lar v\u0259 yaz\u0131\u00e7\u0131lard\u0131r.\n<\/p>\n<p>\n  Bu g\u00fcn Az\u0259rbaycan c\u0259miyy\u0259ti m\u00fcr\u0259kk\u0259b b\u00f6hran ya\u015fay\u0131r. B\u00f6y\u00fck \u0259ks\u0259riyy\u0259t dur\u011funla\u015f\u0131b, s\u00fcstl\u0259\u015fib.\n<\/p>\n<p>\n  F\u0259al k\u00fctl\u0259 aras\u0131nda is\u0259 ziddiyy\u0259tl\u0259r m\u00f6vcuddur. \u0130nsanlar ifrat d\u00fcny\u0259vilikl\u0259 ifrat m\u00fchafiz\u0259karl\u0131q aras\u0131nda se\u00e7im edirl\u0259r.\n<\/p>\n<p>\n  Bu ziddiyy\u0259tin qayna\u011f\u0131 is\u0259 pl\u00fcralizmi q\u0259bul etm\u0259m\u0259kdir. Pl\u00fcralizm c\u0259miyy\u0259td\u0259 demoktik i\u015fart\u0131lar\u0131 alovland\u0131r\u0131r, ictimai h\u0259yat\u0131 canland\u0131r\u0131r, f\u0259rqli d\u00fc\u015f\u00fcnc\u0259l\u0259rin meydana g\u0259lm\u0259sin\u0259 vasit\u0259\u00e7i olur.\n<\/p>\n<p>\n  \u0130nsanlar\u0131 bu monoton h\u0259yat t\u0259rzind\u0259n \u00e7\u0131xar\u0131b, orijinal v\u0259 r\u0259ngar\u0259ng h\u0259yat verm\u0259k \u0259sas z\u0259rur\u0259tdir. Bunu is\u0259 v\u0259t\u0259nda\u015f h\u0259mr\u0259yliyi il\u0259, maarif\u00e7ilikl\u0259 h\u0259yata ke\u00e7irm\u0259k laz\u0131md\u0131r.\n<\/p>\n<p>\n  M\u0259hz maarif\u00e7ilik say\u0259sind\u0259 c\u0259miyy\u0259t immunitetini qald\u0131ra bil\u0259r. Maarif\u00e7iliyi t\u0259tbiq etm\u0259y\u0259 yerli televiziya kanallar\u0131n\u0131n \u201cvaxt\u0131\u201d yoxdur. Onlar \u00f6z mahiyy\u0259tl\u0259rini unudublar.\n<\/p>\n<p>\n  Ona g\u00f6r\u0259 bu v\u0259zif\u0259 d\u00fc\u015f\u00fcr sosial median\u0131n \u00fcz\u0259rind\u0259n ictimai r\u0259yi formala\u015fd\u0131rmaq qabiliyy\u0259ti olanlar\u0131n \u00fcz\u0259rin\u0259.\n<\/p>\n<p>\n  S\u00fcni g\u00fcnd\u0259ml\u0259r yarad\u0131b, geril\u0259y\u0259n c\u0259miyy\u0259timizi daha da inki\u015fafdan saxlamay\u0131n. Yeni tutarl\u0131 ictimai r\u0259y formala\u015fd\u0131r\u0131b h\u0259r k\u0259si bu i\u015f\u0259 s\u0259f\u0259rb\u0259r etm\u0259k g\u0259r\u0259kdir. 500-1000 \u201clike\u201d y\u0131\u011fmaq x\u0259trin\u0259 la\u011fla\u011f\u0131, qarag\u00fcruh xarakterli postlarla ciddi d\u0259yi\u015fiklik g\u00f6zl\u0259m\u0259k sad\u0259l\u00f6vhl\u00fckd\u00fcr.\n<\/p>\n<p>\n  Az\u0259rbaycan\u0131n soyuq v\u0259 bulan\u0131q sular\u0131nda gizl\u0259nmi\u015f t\u0259hl\u00fck\u0259li aysberql\u0259ri g\u00f6r\u0259n vicdanl\u0131 insanlar t\u0259cili sur\u0259td\u0259 h\u0259r\u0259k\u0259t\u0259 ke\u00e7m\u0259lidirl\u0259r.\n<\/p>\n<p>\n  D\u00fcnyaya yeni g\u00f6zl\u0259 baxan, m\u00fcasir t\u0259f\u0259kk\u00fcrl\u00fc yeni bir n\u0259sil yeti\u015fdirm\u0259k g\u0259r\u0259kdir.\n<\/p>\n<p>\n  Kitab sektoru h\u0259r\u0259t\u0259fli inki\u015faf ets\u0259, art\u0131q t\u0259bii olaraq, q\u00fctbl\u0259\u015fm\u0259 v\u0259 m\u0259d\u0259niyy\u0259tsizliyin s\u0259viyy\u0259si a\u015fa\u011f\u0131 d\u00fc\u015f\u0259c\u0259k. D\u00fc\u015f\u00fcnc\u0259l\u0259ri d\u0259yi\u015fm\u0259k \u00fc\u00e7\u00fcn yazmaq v\u0259 oxumaq f\u0259rzdir.\n<\/p>\n<p>\n  Sabahk\u0131 Az\u0259rbaycan\u0131 ya\u015fama z\u00f6vq\u00fcn\u00fc t\u0259rk edib, ya\u015fatma e\u015fqin\u0259 k\u00f6n\u00fcl ver\u0259n s\u0259birli, \u0259zimli, s\u0259mimi k\u00f6n\u00fcll\u00fcl\u0259r xilas ed\u0259c\u0259kl\u0259r. \u015e\u0259xsi maraqlar\u0131m\u0131z\u0131, eqolar\u0131m\u0131z\u0131 bir k\u0259nara buraxma\u011f\u0131n vaxt\u0131d\u0131r.\n<\/p>\n<p>\n  <i><br \/>\n    <b><br \/>\n      Yaz\u0131 m\u00fc\u0259llifin fikirl\u0259rini \u0259ks etdirir v\u0259 Meydan TV-nin m\u00f6vqeyi il\u0259 \u00fcst-\u00fcst\u0259 d\u00fc\u015fm\u0259y\u0259 bil\u0259r.<br \/>\n    <\/b><br \/>\n  <\/i><\/p>\n","protected":false},"excerpt":{"rendered":"<p>M\u00fctl\u0259q n\u0259s\u0259 etm\u0259k laz\u0131md\u0131r! Yaz\u0131q-f\u0259qir duruma d\u00fc\u015fm\u00fc\u015f\u00fck, vallah&#8230;<\/p>\n","protected":false},"author":11,"featured_media":95247,"comment_status":"closed","ping_status":"open","sticky":false,"template":"","format":"standard","meta":{"_acf_changed":false,"_sitemap_exclude":false,"_sitemap_priority":"","_sitemap_frequency":"","footnotes":""},"categories":[57],"tags":[],"class_list":["post-193388","post","type-post","status-publish","format-standard","has-post-thumbnail","hentry","category-menim-fikrimce","infinite-scroll-item","generate-columns","tablet-grid-50","mobile-grid-100","grid-parent","grid-33","no-featured-image-padding"],"acf":[],"yoast_head":"<!-- This site is optimized with the Yoast SEO plugin v27.4 - https:\/\/yoast.com\/product\/yoast-seo-wordpress\/ -->\n<title>D\u0259yi\u015fikliyi nec\u0259 etm\u0259li? - MEYDAN.TV<\/title>\n<meta name=\"robots\" content=\"index, follow, max-snippet:-1, max-image-preview:large, max-video-preview:-1\" \/>\n<link rel=\"canonical\" href=\"https:\/\/www.meydan.tv\/az\/article\/deyisikliyi-nece-etmeli\/\" \/>\n<meta property=\"og:locale\" content=\"az_AZ\" \/>\n<meta property=\"og:type\" content=\"article\" \/>\n<meta property=\"og:title\" content=\"D\u0259yi\u015fikliyi nec\u0259 etm\u0259li? - MEYDAN.TV\" \/>\n<meta property=\"og:description\" content=\"M\u00fctl\u0259q n\u0259s\u0259 etm\u0259k laz\u0131md\u0131r! Yaz\u0131q-f\u0259qir duruma d\u00fc\u015fm\u00fc\u015f\u00fck, vallah...\" \/>\n<meta property=\"og:url\" content=\"https:\/\/www.meydan.tv\/az\/article\/deyisikliyi-nece-etmeli\/\" \/>\n<meta property=\"og:site_name\" content=\"MEYDAN.TV\" \/>\n<meta property=\"article:published_time\" content=\"2019-01-08T22:21:51+00:00\" \/>\n<meta property=\"og:image\" content=\"https:\/\/www.meydan.tv\/wp-content\/uploads\/37636.jpg\" \/>\n\t<meta property=\"og:image:width\" content=\"2048\" \/>\n\t<meta property=\"og:image:height\" content=\"1365\" \/>\n\t<meta property=\"og:image:type\" content=\"image\/jpeg\" \/>\n<meta name=\"author\" content=\"user-manager\" \/>\n<meta name=\"twitter:card\" content=\"summary_large_image\" \/>\n<script type=\"application\/ld+json\" class=\"yoast-schema-graph\">{\"@context\":\"https:\\\/\\\/schema.org\",\"@graph\":[{\"@type\":\"Article\",\"@id\":\"https:\\\/\\\/www.meydan.tv\\\/az\\\/article\\\/deyisikliyi-nece-etmeli\\\/#article\",\"isPartOf\":{\"@id\":\"https:\\\/\\\/www.meydan.tv\\\/az\\\/article\\\/deyisikliyi-nece-etmeli\\\/\"},\"author\":{\"name\":\"user-manager\",\"@id\":\"https:\\\/\\\/www.meydan.tv\\\/az\\\/#\\\/schema\\\/person\\\/10d11eccf6da3662cf5fdab9806ea91a\"},\"headline\":\"D\u0259yi\u015fikliyi nec\u0259 etm\u0259li?\",\"datePublished\":\"2019-01-08T22:21:51+00:00\",\"mainEntityOfPage\":{\"@id\":\"https:\\\/\\\/www.meydan.tv\\\/az\\\/article\\\/deyisikliyi-nece-etmeli\\\/\"},\"wordCount\":686,\"publisher\":{\"@id\":\"https:\\\/\\\/www.meydan.tv\\\/az\\\/#organization\"},\"image\":{\"@id\":\"https:\\\/\\\/www.meydan.tv\\\/az\\\/article\\\/deyisikliyi-nece-etmeli\\\/#primaryimage\"},\"thumbnailUrl\":\"https:\\\/\\\/www.meydan.tv\\\/wp-content\\\/uploads\\\/37636.jpg\",\"articleSection\":[\"M\u0259nim Fikrimc\u0259\"],\"inLanguage\":\"az\"},{\"@type\":\"WebPage\",\"@id\":\"https:\\\/\\\/www.meydan.tv\\\/az\\\/article\\\/deyisikliyi-nece-etmeli\\\/\",\"url\":\"https:\\\/\\\/www.meydan.tv\\\/az\\\/article\\\/deyisikliyi-nece-etmeli\\\/\",\"name\":\"D\u0259yi\u015fikliyi nec\u0259 etm\u0259li? - MEYDAN.TV\",\"isPartOf\":{\"@id\":\"https:\\\/\\\/www.meydan.tv\\\/az\\\/#website\"},\"primaryImageOfPage\":{\"@id\":\"https:\\\/\\\/www.meydan.tv\\\/az\\\/article\\\/deyisikliyi-nece-etmeli\\\/#primaryimage\"},\"image\":{\"@id\":\"https:\\\/\\\/www.meydan.tv\\\/az\\\/article\\\/deyisikliyi-nece-etmeli\\\/#primaryimage\"},\"thumbnailUrl\":\"https:\\\/\\\/www.meydan.tv\\\/wp-content\\\/uploads\\\/37636.jpg\",\"datePublished\":\"2019-01-08T22:21:51+00:00\",\"breadcrumb\":{\"@id\":\"https:\\\/\\\/www.meydan.tv\\\/az\\\/article\\\/deyisikliyi-nece-etmeli\\\/#breadcrumb\"},\"inLanguage\":\"az\",\"potentialAction\":[{\"@type\":\"ReadAction\",\"target\":[\"https:\\\/\\\/www.meydan.tv\\\/az\\\/article\\\/deyisikliyi-nece-etmeli\\\/\"]}]},{\"@type\":\"ImageObject\",\"inLanguage\":\"az\",\"@id\":\"https:\\\/\\\/www.meydan.tv\\\/az\\\/article\\\/deyisikliyi-nece-etmeli\\\/#primaryimage\",\"url\":\"https:\\\/\\\/www.meydan.tv\\\/wp-content\\\/uploads\\\/37636.jpg\",\"contentUrl\":\"https:\\\/\\\/www.meydan.tv\\\/wp-content\\\/uploads\\\/37636.jpg\",\"width\":2048,\"height\":1365,\"caption\":\"Source:\"},{\"@type\":\"BreadcrumbList\",\"@id\":\"https:\\\/\\\/www.meydan.tv\\\/az\\\/article\\\/deyisikliyi-nece-etmeli\\\/#breadcrumb\",\"itemListElement\":[{\"@type\":\"ListItem\",\"position\":1,\"name\":\"Ana s\u0259hif\u0259\",\"item\":\"https:\\\/\\\/www.meydan.tv\\\/az\\\/\"},{\"@type\":\"ListItem\",\"position\":2,\"name\":\"M\u0259nim Fikrimc\u0259\",\"item\":\"https:\\\/\\\/www.meydan.tv\\\/az\\\/section\\\/menim-fikrimce\\\/\"},{\"@type\":\"ListItem\",\"position\":3,\"name\":\"D\u0259yi\u015fikliyi nec\u0259 etm\u0259li?\"}]},{\"@type\":\"WebSite\",\"@id\":\"https:\\\/\\\/www.meydan.tv\\\/az\\\/#website\",\"url\":\"https:\\\/\\\/www.meydan.tv\\\/az\\\/\",\"name\":\"MEYDAN.TV\",\"description\":\"Meydan TV Az\u0259rbaycan\u0131n media m\u0259kan\u0131ndak\u0131 alternativ s\u0259sidir\",\"publisher\":{\"@id\":\"https:\\\/\\\/www.meydan.tv\\\/az\\\/#organization\"},\"potentialAction\":[{\"@type\":\"SearchAction\",\"target\":{\"@type\":\"EntryPoint\",\"urlTemplate\":\"https:\\\/\\\/www.meydan.tv\\\/az\\\/?s={search_term_string}\"},\"query-input\":{\"@type\":\"PropertyValueSpecification\",\"valueRequired\":true,\"valueName\":\"search_term_string\"}}],\"inLanguage\":\"az\"},{\"@type\":\"Organization\",\"@id\":\"https:\\\/\\\/www.meydan.tv\\\/az\\\/#organization\",\"name\":\"Meydan TV\",\"url\":\"https:\\\/\\\/www.meydan.tv\\\/az\\\/\",\"logo\":{\"@type\":\"ImageObject\",\"inLanguage\":\"az\",\"@id\":\"https:\\\/\\\/www.meydan.tv\\\/az\\\/#\\\/schema\\\/logo\\\/image\\\/\",\"url\":\"https:\\\/\\\/www.meydan.tv\\\/wp-content\\\/uploads\\\/2021\\\/07\\\/meydan-logo.svg\",\"contentUrl\":\"https:\\\/\\\/www.meydan.tv\\\/wp-content\\\/uploads\\\/2021\\\/07\\\/meydan-logo.svg\",\"width\":195,\"height\":46,\"caption\":\"Meydan TV\"},\"image\":{\"@id\":\"https:\\\/\\\/www.meydan.tv\\\/az\\\/#\\\/schema\\\/logo\\\/image\\\/\"}},{\"@type\":\"Person\",\"@id\":\"https:\\\/\\\/www.meydan.tv\\\/az\\\/#\\\/schema\\\/person\\\/10d11eccf6da3662cf5fdab9806ea91a\",\"name\":\"user-manager\"}]}<\/script>\n<!-- \/ Yoast SEO plugin. -->","yoast_head_json":{"title":"D\u0259yi\u015fikliyi nec\u0259 etm\u0259li? - MEYDAN.TV","robots":{"index":"index","follow":"follow","max-snippet":"max-snippet:-1","max-image-preview":"max-image-preview:large","max-video-preview":"max-video-preview:-1"},"canonical":"https:\/\/www.meydan.tv\/az\/article\/deyisikliyi-nece-etmeli\/","og_locale":"az_AZ","og_type":"article","og_title":"D\u0259yi\u015fikliyi nec\u0259 etm\u0259li? - MEYDAN.TV","og_description":"M\u00fctl\u0259q n\u0259s\u0259 etm\u0259k laz\u0131md\u0131r! Yaz\u0131q-f\u0259qir duruma d\u00fc\u015fm\u00fc\u015f\u00fck, vallah...","og_url":"https:\/\/www.meydan.tv\/az\/article\/deyisikliyi-nece-etmeli\/","og_site_name":"MEYDAN.TV","article_published_time":"2019-01-08T22:21:51+00:00","og_image":[{"width":2048,"height":1365,"url":"https:\/\/www.meydan.tv\/wp-content\/uploads\/37636.jpg","type":"image\/jpeg"}],"author":"user-manager","twitter_card":"summary_large_image","schema":{"@context":"https:\/\/schema.org","@graph":[{"@type":"Article","@id":"https:\/\/www.meydan.tv\/az\/article\/deyisikliyi-nece-etmeli\/#article","isPartOf":{"@id":"https:\/\/www.meydan.tv\/az\/article\/deyisikliyi-nece-etmeli\/"},"author":{"name":"user-manager","@id":"https:\/\/www.meydan.tv\/az\/#\/schema\/person\/10d11eccf6da3662cf5fdab9806ea91a"},"headline":"D\u0259yi\u015fikliyi nec\u0259 etm\u0259li?","datePublished":"2019-01-08T22:21:51+00:00","mainEntityOfPage":{"@id":"https:\/\/www.meydan.tv\/az\/article\/deyisikliyi-nece-etmeli\/"},"wordCount":686,"publisher":{"@id":"https:\/\/www.meydan.tv\/az\/#organization"},"image":{"@id":"https:\/\/www.meydan.tv\/az\/article\/deyisikliyi-nece-etmeli\/#primaryimage"},"thumbnailUrl":"https:\/\/www.meydan.tv\/wp-content\/uploads\/37636.jpg","articleSection":["M\u0259nim Fikrimc\u0259"],"inLanguage":"az"},{"@type":"WebPage","@id":"https:\/\/www.meydan.tv\/az\/article\/deyisikliyi-nece-etmeli\/","url":"https:\/\/www.meydan.tv\/az\/article\/deyisikliyi-nece-etmeli\/","name":"D\u0259yi\u015fikliyi nec\u0259 etm\u0259li? - MEYDAN.TV","isPartOf":{"@id":"https:\/\/www.meydan.tv\/az\/#website"},"primaryImageOfPage":{"@id":"https:\/\/www.meydan.tv\/az\/article\/deyisikliyi-nece-etmeli\/#primaryimage"},"image":{"@id":"https:\/\/www.meydan.tv\/az\/article\/deyisikliyi-nece-etmeli\/#primaryimage"},"thumbnailUrl":"https:\/\/www.meydan.tv\/wp-content\/uploads\/37636.jpg","datePublished":"2019-01-08T22:21:51+00:00","breadcrumb":{"@id":"https:\/\/www.meydan.tv\/az\/article\/deyisikliyi-nece-etmeli\/#breadcrumb"},"inLanguage":"az","potentialAction":[{"@type":"ReadAction","target":["https:\/\/www.meydan.tv\/az\/article\/deyisikliyi-nece-etmeli\/"]}]},{"@type":"ImageObject","inLanguage":"az","@id":"https:\/\/www.meydan.tv\/az\/article\/deyisikliyi-nece-etmeli\/#primaryimage","url":"https:\/\/www.meydan.tv\/wp-content\/uploads\/37636.jpg","contentUrl":"https:\/\/www.meydan.tv\/wp-content\/uploads\/37636.jpg","width":2048,"height":1365,"caption":"Source:"},{"@type":"BreadcrumbList","@id":"https:\/\/www.meydan.tv\/az\/article\/deyisikliyi-nece-etmeli\/#breadcrumb","itemListElement":[{"@type":"ListItem","position":1,"name":"Ana s\u0259hif\u0259","item":"https:\/\/www.meydan.tv\/az\/"},{"@type":"ListItem","position":2,"name":"M\u0259nim Fikrimc\u0259","item":"https:\/\/www.meydan.tv\/az\/section\/menim-fikrimce\/"},{"@type":"ListItem","position":3,"name":"D\u0259yi\u015fikliyi nec\u0259 etm\u0259li?"}]},{"@type":"WebSite","@id":"https:\/\/www.meydan.tv\/az\/#website","url":"https:\/\/www.meydan.tv\/az\/","name":"MEYDAN.TV","description":"Meydan TV Az\u0259rbaycan\u0131n media m\u0259kan\u0131ndak\u0131 alternativ s\u0259sidir","publisher":{"@id":"https:\/\/www.meydan.tv\/az\/#organization"},"potentialAction":[{"@type":"SearchAction","target":{"@type":"EntryPoint","urlTemplate":"https:\/\/www.meydan.tv\/az\/?s={search_term_string}"},"query-input":{"@type":"PropertyValueSpecification","valueRequired":true,"valueName":"search_term_string"}}],"inLanguage":"az"},{"@type":"Organization","@id":"https:\/\/www.meydan.tv\/az\/#organization","name":"Meydan TV","url":"https:\/\/www.meydan.tv\/az\/","logo":{"@type":"ImageObject","inLanguage":"az","@id":"https:\/\/www.meydan.tv\/az\/#\/schema\/logo\/image\/","url":"https:\/\/www.meydan.tv\/wp-content\/uploads\/2021\/07\/meydan-logo.svg","contentUrl":"https:\/\/www.meydan.tv\/wp-content\/uploads\/2021\/07\/meydan-logo.svg","width":195,"height":46,"caption":"Meydan TV"},"image":{"@id":"https:\/\/www.meydan.tv\/az\/#\/schema\/logo\/image\/"}},{"@type":"Person","@id":"https:\/\/www.meydan.tv\/az\/#\/schema\/person\/10d11eccf6da3662cf5fdab9806ea91a","name":"user-manager"}]}},"_links":{"self":[{"href":"https:\/\/www.meydan.tv\/az\/wp-json\/wp\/v2\/posts\/193388","targetHints":{"allow":["GET"]}}],"collection":[{"href":"https:\/\/www.meydan.tv\/az\/wp-json\/wp\/v2\/posts"}],"about":[{"href":"https:\/\/www.meydan.tv\/az\/wp-json\/wp\/v2\/types\/post"}],"author":[{"embeddable":true,"href":"https:\/\/www.meydan.tv\/az\/wp-json\/wp\/v2\/users\/11"}],"replies":[{"embeddable":true,"href":"https:\/\/www.meydan.tv\/az\/wp-json\/wp\/v2\/comments?post=193388"}],"version-history":[{"count":0,"href":"https:\/\/www.meydan.tv\/az\/wp-json\/wp\/v2\/posts\/193388\/revisions"}],"wp:featuredmedia":[{"embeddable":true,"href":"https:\/\/www.meydan.tv\/az\/wp-json\/wp\/v2\/media\/95247"}],"wp:attachment":[{"href":"https:\/\/www.meydan.tv\/az\/wp-json\/wp\/v2\/media?parent=193388"}],"wp:term":[{"taxonomy":"category","embeddable":true,"href":"https:\/\/www.meydan.tv\/az\/wp-json\/wp\/v2\/categories?post=193388"},{"taxonomy":"post_tag","embeddable":true,"href":"https:\/\/www.meydan.tv\/az\/wp-json\/wp\/v2\/tags?post=193388"}],"curies":[{"name":"wp","href":"https:\/\/api.w.org\/{rel}","templated":true}]}}