{"id":193341,"date":"2019-01-05T15:33:37","date_gmt":"2019-01-05T15:33:37","guid":{"rendered":"https:\/\/www.meydan.tv\/article\/qezali-veziyyetde-olan-xan-malikanesi\/"},"modified":"2019-01-05T15:33:37","modified_gmt":"2019-01-05T15:33:37","slug":"qezali-veziyyetde-olan-xan-malikanesi","status":"publish","type":"post","link":"https:\/\/www.meydan.tv\/az\/article\/qezali-veziyyetde-olan-xan-malikanesi\/","title":{"rendered":"Q\u0259zal\u0131 v\u0259ziyy\u0259td\u0259 olan xan malikan\u0259si"},"content":{"rendered":"<figure class=\"wp-block-image size-large\">\n  <img decoding=\"async\" src=\"https:\/\/www.meydan.tv\/az\/45932\/\" alt=\"45932\" class=\"wp-image-115243\"\/><figcaption><\/figcaption><\/figure>\n<p>\n  <i><br \/>\n    Tarixi abid\u0259 siyah\u0131s\u0131na sal\u0131nmayan binada ya\u015fayan insanlar h\u0259yatlar\u0131na t\u0259hl\u00fck\u0259 oldu\u011funu deyirl\u0259r<br \/>\n  <\/i>\n<\/p>\n<p>\n  \u201cQ\u0259zal\u0131 da olsa, binad\u0131r. Sa\u011f olsunlar, veribl\u0259r, ya\u015fay\u0131r\u0131q. Yoxsa \u00e7\u00f6ll\u0259rd\u0259 qalm\u0131\u015fd\u0131q. Onun, bunun k\u00fcnc\u00fcnd\u0259, \u00e7\u0259tinlikl\u0259 ya\u015fay\u0131rd\u0131q\u201d.\n<\/p>\n<p>\n  26 ya\u015fl\u0131 G\u00fclxara \u015e\u00fck\u00fcrova bel\u0259 deyir. O, \u00f6vlad\u0131 v\u0259 h\u0259yat yolda\u015f\u0131 il\u0259 birg\u0259 Saatl\u0131n\u0131n C\u0259f\u0259rxanl\u0131 k\u0259ndind\u0259ki m\u0259\u015fhur binada, C\u0259f\u0259r xan\u0131n malikan\u0259sind\u0259 ya\u015fay\u0131r. H\u0259min malikan\u0259 1915-ci ild\u0259 in\u015fa olunub.\n<\/p>\n<p>\n  Saatl\u0131 Rayon Tarix Diyar\u015f\u00fcnasl\u0131q Muzeyinin m\u0259lumat\u0131nda deyilir ki, binan\u0131n tikintisind\u0259 norve\u00e7, alman v\u0259 rus aliml\u0259ri i\u015fl\u0259yib. Burada mismardan istifad\u0259 edilm\u0259yib. Muzeyin m\u0259lumat\u0131nda o da deyilir ki, \u0259slind\u0259 tarixi bina kimi qorunmal\u0131 olan bu tikili bu g\u00fcn azt\u0259minatl\u0131 ail\u0259l\u0259rin istifad\u0259sin\u0259 verilib. H\u0259tta kompleksin b\u0259zi binalar\u0131nda mal-heyvan da saxlay\u0131rlar. \u018fsas bina o zaman bu k\u0259ndd\u0259 ya\u015fayan C\u0259f\u0259r xan\u0131n malikan\u0259si, \u0259traf\u0131ndak\u0131 tikilil\u0259r is\u0259 onun r\u0259iyy\u0259tl\u0259rinin istifad\u0259sind\u0259 olub.\n<\/p>\n<figure class=\"wp-block-image size-large\">\n  <img decoding=\"async\" src=\"https:\/\/www.meydan.tv\/az\/115240\/\" alt=\"\" class=\"wp-image-115240\"\/><figcaption><\/figcaption><\/figure>\n<p>\n  Muzeyin m\u0259lumat\u0131nda o da deyilir ki, XIX \u0259srin ikinci yar\u0131s\u0131nda C\u0259nubi Az\u0259rbaycandan g\u0259lmi\u015f, d\u00f6vr\u00fcn\u00fcn \u0259n m\u00fck\u0259mm\u0259l t\u0259hsilini alm\u0131\u015f C\u0259f\u0259r xan\u0131n atas\u0131 indiki C\u0259f\u0259rxan k\u0259ndinin \u0259razil\u0259rini al\u0131b. Onun Budape\u015ft bank\u0131 il\u0259 \u0259laq\u0259l\u0259ri olub. D\u00fcnyada yeddinci varl\u0131 adam olan Beifeld Jozsefin bank m\u00f6h\u00fcr\u00fc C\u0259f\u0259r xan\u0131n m\u00fclk\u00fcnd\u0259n tap\u0131l\u0131b. Bank m\u00f6h\u00fcr\u00fcn\u00fcn \u00fcz\u0259rind\u0259 1874-c\u00fc il yaz\u0131l\u0131b.\n<\/p>\n<p>\n  Bir s\u00f6zl\u0259, tarixi bina oldu\u011fu halda, qorunmur, tarixi abid\u0259 siyah\u0131s\u0131na sal\u0131nmay\u0131b. \u00dcst\u0259lik, q\u0259zal\u0131 v\u0259ziyy\u0259td\u0259 olmas\u0131na baxmayaraq, burada insanlar\u0131n ya\u015famas\u0131na imkan verilib. Sakinl\u0259r deyirl\u0259r ki, bu g\u00fcn onlar\u0131n h\u0259yat\u0131 t\u0259hl\u00fck\u0259 alt\u0131ndad\u0131r.\n<\/p>\n<figure class=\"wp-block-image size-large\">\n  <img decoding=\"async\" src=\"https:\/\/www.meydan.tv\/az\/gulxara-sukurova\/\" alt=\"G\u00fclxara \u015e\u00fck\u00fcrova\" class=\"wp-image-115237\"\/><figcaption>\n    G\u00fclxara \u015e\u00fck\u00fcrova<br \/>\n  <\/figcaption><\/figure>\n<p>\n  G\u00fclxara \u015e\u00fck\u00fcrova \u0259slind\u0259 q\u0259zal\u0131 v\u0259ziyy\u0259td\u0259 ya\u015fad\u0131\u011f\u0131ndan \u015fikay\u0259tl\u0259nm\u0259k ist\u0259mir. Qorxur, deyir, bird\u0259n g\u0259lib k\u00fc\u00e7\u0259y\u0259 t\u00f6k\u0259rl\u0259r, o zaman n\u0259 ed\u0259r, kim\u0259 s\u0131\u011f\u0131nar, hara ged\u0259r:\n<\/p>\n<p>\n  \u201cBizim bu g\u00fcn n\u0259 ev alma\u011fa, n\u0259 d\u0259 yeni ev tikm\u0259y\u0259 imkan\u0131m\u0131z var. Yolda\u015f\u0131m \u00e7obanl\u0131q edir, onun-bunun qoyununu, mal\u0131n\u0131 otar\u0131r. \u018fv\u0259zind\u0259 3-5 manat verirl\u0259r, onunla dolan\u0131r\u0131q. Biz bu pula birt\u0259h\u0259r qarn\u0131m\u0131z\u0131 doyururuq, ancaq onunla \u00f6z\u00fcm\u00fcz\u0259 \u015f\u0259rait qura bilm\u0259rik\u201d.\n<\/p>\n<figure class=\"wp-block-image size-large\">\n  <img decoding=\"async\" src=\"https:\/\/www.meydan.tv\/az\/115246\/\" alt=\"\" class=\"wp-image-115246\"\/><figcaption><\/figcaption><\/figure>\n<p>\n  \u018ffqan \u015e\u00fck\u00fcrov is\u0259 deyir ki, evi olsa, burada bir g\u00fcn d\u0259 qalmaz. Kims\u0259 keyfind\u0259n bel\u0259 bir v\u0259ziyy\u0259td\u0259, qorxulu yerd\u0259 u\u015faq b\u00f6y\u00fctm\u0259k ist\u0259m\u0259z:\n<\/p>\n<p>\n  \u201c\u0130nan\u0131n, \u0259limd\u0259 imkan olsa, bu d\u0259qiq\u0259 \u00e7\u0131xaram buradan. Binada hardasa 4 ail\u0259 ya\u015fay\u0131r. \u00c7\u0259tindir biz\u0259. B\u00fct\u00fcn g\u00fcn\u00fc u\u015fa\u011f\u0131 g\u00fcd\u00fcr\u00fck ki, y\u0131x\u0131lmas\u0131n, ba\u015f\u0131na bir i\u015f g\u0259lm\u0259sin. G\u00f6r\u00fcn d\u0259, n\u0259 g\u00fcnd\u0259dir. Q\u0259zal\u0131d\u0131r, h\u0259r an u\u00e7a, \u00e7\u00f6k\u0259 bil\u0259r\u201d.\n<\/p>\n<figure class=\"wp-block-image size-large\">\n  <img decoding=\"async\" src=\"https:\/\/www.meydan.tv\/az\/115249\/\" alt=\"\" class=\"wp-image-115249\"\/><figcaption><\/figcaption><\/figure>\n<p>\n  G\u00fclxara \u015e\u00fck\u00fcrova v\u0259 ail\u0259si 7 il\u0259 yax\u0131nd\u0131r burada ya\u015fay\u0131r. Deyir, buradan \u00e7\u0131xsa, getm\u0259y\u0259 ba\u015fqa yeri yoxdur:\n<\/p>\n<p>\n  \u201cT\u0259mir etdirm\u0259mi\u015fik, el\u0259 nec\u0259 var, el\u0259dir. Bir ara bezdik, dedik, b\u0259lk\u0259 bir az a\u011fardaq, sonra dedik, yox, q\u0259zal\u0131 binad\u0131r, bird\u0259n sabah \u00e7\u0131xararlar, pulumuz da batar. Qon\u015fular da, biz d\u0259 normal evl\u0259 t\u0259min olunmaq \u00fc\u00e7\u00fcn d\u0259f\u0259l\u0259rl\u0259 m\u00fcraci\u0259t etmi\u015fik, baxan yoxdur. El\u0259 o qalan qalm\u0131\u015f\u0131q burada. Z\u0259lz\u0259l\u0259 olanda evd\u0259 olmuruq, ham\u0131m\u0131z qa\u00e7\u0131r\u0131q \u00e7\u00f6l\u0259. B\u0259z\u0259n olur ki, he\u00e7 bit\u0259nd\u0259n sonra da risk edib, i\u00e7\u0259ri girmirik. Qal\u0131r\u0131q \u00e7\u00f6ll\u0259rd\u0259. Q\u0131\u015fda hara ged\u0259s\u0259n, n\u0259 ed\u0259s\u0259n?\u201d\n<\/p>\n<figure class=\"wp-block-image size-large\">\n  <img decoding=\"async\" src=\"https:\/\/www.meydan.tv\/az\/115252\/\" alt=\"\" class=\"wp-image-115252\"\/><figcaption><\/figcaption><\/figure>\n<p>\n  Bu tikilil\u0259rd\u0259 qalanlar\u0131n ham\u0131s\u0131 azt\u0259minatl\u0131 ail\u0259l\u0259rdir. He\u00e7 biri d\u0259 d\u00f6vl\u0259td\u0259n yard\u0131m, k\u00f6m\u0259k alm\u0131r. \u00c7\u0259tinlikl\u0259 C\u0259f\u0259r xan\u0131n r\u0259iyy\u0259tl\u0259ri \u00fc\u00e7\u00fcn n\u0259z\u0259rd\u0259 tutulmu\u015f evl\u0259rd\u0259 d\u0259 ya\u015fayanlar var. Onlar da eyni v\u0259ziyy\u0259td\u0259dirl\u0259r.\n<\/p>\n<figure class=\"wp-block-image size-large\">\n  <img decoding=\"async\" src=\"https:\/\/www.meydan.tv\/az\/tergul-kazimova\/\" alt=\"T\u0259rg\u00fcl Kaz\u0131mova\" class=\"wp-image-115258\"\/><figcaption>\n    T\u0259rg\u00fcl Kaz\u0131mova<br \/>\n  <\/figcaption><\/figure>\n<p>\n  T\u0259rg\u00fcl Kaz\u0131mova 30 ildir bu evd\u0259 ya\u015fay\u0131r. Deyir, \u0259ld\u0259n-\u0259l\u0259 ke\u00e7ib, sonda ona g\u0259lib \u00e7\u0131x\u0131b:\n<\/p>\n<p>\n  \u201cBurada C\u0259f\u0259r xan\u0131n xidm\u0259t\u00e7il\u0259ri ya\u015fay\u0131b. E\u015fitdiyim\u0259 g\u00f6r\u0259, o, \u0130ran v\u0259t\u0259nda\u015f\u0131 olub. Tarixidir dey\u0259 i\u00e7ini d\u0259yi\u015fm\u0259mi\u015fik, he\u00e7 n\u0259yin\u0259, qap\u0131s\u0131na, p\u0259nc\u0259r\u0259sin\u0259 toxunmam\u0131\u015f\u0131q. El\u0259c\u0259 ya\u015fay\u0131r\u0131q. Ba\u015fqa evimiz yoxdur. Bildiyim q\u0259d\u0259ril\u0259 C\u0259f\u0259r xan\u0131n burada \u015foran torpaqlar\u0131n\u0131n yuyulmas\u0131nda b\u00f6y\u00fck rolu olub. Deyirl\u0259r, h\u0259tta avadanl\u0131qlar\u0131 da Almaniyadan g\u0259tiribmi\u015f\u201d.\n<\/p>\n<figure class=\"wp-block-image size-large\">\n  <img decoding=\"async\" src=\"https:\/\/www.meydan.tv\/az\/115255\/\" alt=\"\" class=\"wp-image-115255\"\/><figcaption><\/figcaption><\/figure>\n<p>\n  Binan\u0131n ya\u015f\u0131na g\u0259linc\u0259, \u0259sri \u00f6t\u00fcb, k\u00f6hn\u0259lib. D\u00f6vl\u0259t t\u0259r\u0259find\u0259n qorunmur, tarixi abid\u0259 siyah\u0131s\u0131na daxil edilm\u0259yib. \u00dcst\u0259lik, q\u0259zal\u0131d\u0131r v\u0259 burada insanlar ya\u015fay\u0131r.\n<\/p>\n<figure class=\"wp-block-image size-large\">\n  <img decoding=\"async\" src=\"https:\/\/www.meydan.tv\/az\/115261\/\" alt=\"\" class=\"wp-image-115261\"\/><figcaption><\/figcaption><\/figure>\n<p>\n  Meydan TV m\u0259s\u0259l\u0259y\u0259 m\u00fcnasib\u0259t \u00f6yr\u0259nm\u0259k \u00fc\u00e7\u00fcn Saatl\u0131 Rayon \u0130cra Hakimiyy\u0259ti il\u0259 \u0259laq\u0259 saxlay\u0131b. \u00dcmumi \u015f\u00f6b\u0259d\u0259n bildiribl\u0259r ki, b\u0259li, h\u0259min k\u0259ndd\u0259 bel\u0259 bir bina var:\n<\/p>\n<p>\n  \u201c\u018fvv\u0259l m\u0259cburi k\u00f6\u00e7k\u00fcnl\u0259r m\u0259skunla\u015fm\u0131\u015fd\u0131. M\u00f6hk\u0259m binad\u0131r, he\u00e7 yeri u\u00e7may\u0131b. Sonradan h\u0259min k\u00f6\u00e7k\u00fcnl\u0259r\u0259 ev verildi, k\u00f6\u00e7\u00fcr\u00fcld\u00fcl\u0259r. Biz maraqlanar\u0131q, gedib bax\u0131\u015f ke\u00e7ir\u0259rik. \u018fg\u0259r h\u0259qiq\u0259t\u0259n q\u0259zal\u0131d\u0131rsa v\u0259 orada insanlar ya\u015fay\u0131rsa, aidiyyat\u0131 qurumlar\u0131 m\u0259lumatland\u0131rar\u0131q\u201d.\n<\/p>\n<figure class=\"wp-block-image size-large\">\n  <img decoding=\"async\" src=\"https:\/\/www.meydan.tv\/az\/115264\/\" alt=\"\" class=\"wp-image-115264\"\/><figcaption><\/figcaption><\/figure>\n<p><img \/><\/p>\n<figure class=\"wp-block-image size-large\">\n  <img decoding=\"async\" src=\"https:\/\/www.meydan.tv\/az\/115267\/\" alt=\"\" class=\"wp-image-115267\"\/><figcaption><\/figcaption><\/figure>\n<figure class=\"wp-block-image size-large\">\n  <img decoding=\"async\" src=\"https:\/\/www.meydan.tv\/az\/115270\/\" alt=\"\" class=\"wp-image-115270\"\/><figcaption><\/figcaption><\/figure>\n<figure class=\"wp-block-image size-large\">\n  <img decoding=\"async\" src=\"https:\/\/www.meydan.tv\/az\/115273\/\" alt=\"\" class=\"wp-image-115273\"\/><figcaption><\/figcaption><\/figure>\n<figure class=\"wp-block-image size-large\">\n  <img decoding=\"async\" src=\"https:\/\/www.meydan.tv\/az\/115279\/\" alt=\"\" class=\"wp-image-115279\"\/><figcaption><\/figcaption><\/figure>\n","protected":false},"excerpt":{"rendered":"<p>Tarixi abid\u0259 siyah\u0131s\u0131na sal\u0131nmayan binada ya\u015fayan insanlar h\u0259yatlar\u0131na t\u0259hl\u00fck\u0259 oldu\u011funu deyirl\u0259r<\/p>\n","protected":false},"author":11,"featured_media":115243,"comment_status":"closed","ping_status":"open","sticky":false,"template":"","format":"standard","meta":{"_acf_changed":false,"_sitemap_exclude":false,"_sitemap_priority":"","_sitemap_frequency":"","footnotes":""},"categories":[60],"tags":[],"class_list":["post-193341","post","type-post","status-publish","format-standard","has-post-thumbnail","hentry","category-bolge","infinite-scroll-item","generate-columns","tablet-grid-50","mobile-grid-100","grid-parent","grid-33","no-featured-image-padding"],"acf":[],"yoast_head":"<!-- This site is optimized with the Yoast SEO plugin v27.4 - https:\/\/yoast.com\/product\/yoast-seo-wordpress\/ -->\n<title>Q\u0259zal\u0131 v\u0259ziyy\u0259td\u0259 olan xan malikan\u0259si - MEYDAN.TV<\/title>\n<meta name=\"robots\" content=\"index, follow, max-snippet:-1, max-image-preview:large, max-video-preview:-1\" \/>\n<link rel=\"canonical\" href=\"https:\/\/www.meydan.tv\/az\/article\/qezali-veziyyetde-olan-xan-malikanesi\/\" \/>\n<meta property=\"og:locale\" content=\"az_AZ\" \/>\n<meta property=\"og:type\" content=\"article\" \/>\n<meta property=\"og:title\" content=\"Q\u0259zal\u0131 v\u0259ziyy\u0259td\u0259 olan xan malikan\u0259si - MEYDAN.TV\" \/>\n<meta property=\"og:description\" content=\"Tarixi abid\u0259 siyah\u0131s\u0131na sal\u0131nmayan binada ya\u015fayan insanlar h\u0259yatlar\u0131na t\u0259hl\u00fck\u0259 oldu\u011funu deyirl\u0259r\" \/>\n<meta property=\"og:url\" content=\"https:\/\/www.meydan.tv\/az\/article\/qezali-veziyyetde-olan-xan-malikanesi\/\" \/>\n<meta property=\"og:site_name\" content=\"MEYDAN.TV\" \/>\n<meta property=\"article:published_time\" content=\"2019-01-05T15:33:37+00:00\" \/>\n<meta property=\"og:image\" content=\"https:\/\/www.meydan.tv\/wp-content\/uploads\/45932-scaled.jpg\" \/>\n\t<meta property=\"og:image:width\" content=\"2560\" \/>\n\t<meta property=\"og:image:height\" content=\"1920\" \/>\n\t<meta property=\"og:image:type\" content=\"image\/jpeg\" \/>\n<meta name=\"author\" content=\"user-manager\" \/>\n<meta name=\"twitter:card\" content=\"summary_large_image\" \/>\n<script type=\"application\/ld+json\" class=\"yoast-schema-graph\">{\"@context\":\"https:\\\/\\\/schema.org\",\"@graph\":[{\"@type\":\"Article\",\"@id\":\"https:\\\/\\\/www.meydan.tv\\\/az\\\/article\\\/qezali-veziyyetde-olan-xan-malikanesi\\\/#article\",\"isPartOf\":{\"@id\":\"https:\\\/\\\/www.meydan.tv\\\/az\\\/article\\\/qezali-veziyyetde-olan-xan-malikanesi\\\/\"},\"author\":{\"name\":\"user-manager\",\"@id\":\"https:\\\/\\\/www.meydan.tv\\\/az\\\/#\\\/schema\\\/person\\\/10d11eccf6da3662cf5fdab9806ea91a\"},\"headline\":\"Q\u0259zal\u0131 v\u0259ziyy\u0259td\u0259 olan xan malikan\u0259si\",\"datePublished\":\"2019-01-05T15:33:37+00:00\",\"mainEntityOfPage\":{\"@id\":\"https:\\\/\\\/www.meydan.tv\\\/az\\\/article\\\/qezali-veziyyetde-olan-xan-malikanesi\\\/\"},\"wordCount\":990,\"publisher\":{\"@id\":\"https:\\\/\\\/www.meydan.tv\\\/az\\\/#organization\"},\"image\":{\"@id\":\"https:\\\/\\\/www.meydan.tv\\\/az\\\/article\\\/qezali-veziyyetde-olan-xan-malikanesi\\\/#primaryimage\"},\"thumbnailUrl\":\"https:\\\/\\\/www.meydan.tv\\\/wp-content\\\/uploads\\\/45932-scaled.jpg\",\"articleSection\":[\"B\u00f6lg\u0259\"],\"inLanguage\":\"az\"},{\"@type\":\"WebPage\",\"@id\":\"https:\\\/\\\/www.meydan.tv\\\/az\\\/article\\\/qezali-veziyyetde-olan-xan-malikanesi\\\/\",\"url\":\"https:\\\/\\\/www.meydan.tv\\\/az\\\/article\\\/qezali-veziyyetde-olan-xan-malikanesi\\\/\",\"name\":\"Q\u0259zal\u0131 v\u0259ziyy\u0259td\u0259 olan xan malikan\u0259si - MEYDAN.TV\",\"isPartOf\":{\"@id\":\"https:\\\/\\\/www.meydan.tv\\\/az\\\/#website\"},\"primaryImageOfPage\":{\"@id\":\"https:\\\/\\\/www.meydan.tv\\\/az\\\/article\\\/qezali-veziyyetde-olan-xan-malikanesi\\\/#primaryimage\"},\"image\":{\"@id\":\"https:\\\/\\\/www.meydan.tv\\\/az\\\/article\\\/qezali-veziyyetde-olan-xan-malikanesi\\\/#primaryimage\"},\"thumbnailUrl\":\"https:\\\/\\\/www.meydan.tv\\\/wp-content\\\/uploads\\\/45932-scaled.jpg\",\"datePublished\":\"2019-01-05T15:33:37+00:00\",\"breadcrumb\":{\"@id\":\"https:\\\/\\\/www.meydan.tv\\\/az\\\/article\\\/qezali-veziyyetde-olan-xan-malikanesi\\\/#breadcrumb\"},\"inLanguage\":\"az\",\"potentialAction\":[{\"@type\":\"ReadAction\",\"target\":[\"https:\\\/\\\/www.meydan.tv\\\/az\\\/article\\\/qezali-veziyyetde-olan-xan-malikanesi\\\/\"]}]},{\"@type\":\"ImageObject\",\"inLanguage\":\"az\",\"@id\":\"https:\\\/\\\/www.meydan.tv\\\/az\\\/article\\\/qezali-veziyyetde-olan-xan-malikanesi\\\/#primaryimage\",\"url\":\"https:\\\/\\\/www.meydan.tv\\\/wp-content\\\/uploads\\\/45932-scaled.jpg\",\"contentUrl\":\"https:\\\/\\\/www.meydan.tv\\\/wp-content\\\/uploads\\\/45932-scaled.jpg\",\"width\":2560,\"height\":1920,\"caption\":\"Source:\"},{\"@type\":\"BreadcrumbList\",\"@id\":\"https:\\\/\\\/www.meydan.tv\\\/az\\\/article\\\/qezali-veziyyetde-olan-xan-malikanesi\\\/#breadcrumb\",\"itemListElement\":[{\"@type\":\"ListItem\",\"position\":1,\"name\":\"Ana s\u0259hif\u0259\",\"item\":\"https:\\\/\\\/www.meydan.tv\\\/az\\\/\"},{\"@type\":\"ListItem\",\"position\":2,\"name\":\"B\u00f6lg\u0259\",\"item\":\"https:\\\/\\\/www.meydan.tv\\\/az\\\/section\\\/bolge\\\/\"},{\"@type\":\"ListItem\",\"position\":3,\"name\":\"Q\u0259zal\u0131 v\u0259ziyy\u0259td\u0259 olan xan malikan\u0259si\"}]},{\"@type\":\"WebSite\",\"@id\":\"https:\\\/\\\/www.meydan.tv\\\/az\\\/#website\",\"url\":\"https:\\\/\\\/www.meydan.tv\\\/az\\\/\",\"name\":\"MEYDAN.TV\",\"description\":\"Meydan TV Az\u0259rbaycan\u0131n media m\u0259kan\u0131ndak\u0131 alternativ s\u0259sidir\",\"publisher\":{\"@id\":\"https:\\\/\\\/www.meydan.tv\\\/az\\\/#organization\"},\"potentialAction\":[{\"@type\":\"SearchAction\",\"target\":{\"@type\":\"EntryPoint\",\"urlTemplate\":\"https:\\\/\\\/www.meydan.tv\\\/az\\\/?s={search_term_string}\"},\"query-input\":{\"@type\":\"PropertyValueSpecification\",\"valueRequired\":true,\"valueName\":\"search_term_string\"}}],\"inLanguage\":\"az\"},{\"@type\":\"Organization\",\"@id\":\"https:\\\/\\\/www.meydan.tv\\\/az\\\/#organization\",\"name\":\"Meydan TV\",\"url\":\"https:\\\/\\\/www.meydan.tv\\\/az\\\/\",\"logo\":{\"@type\":\"ImageObject\",\"inLanguage\":\"az\",\"@id\":\"https:\\\/\\\/www.meydan.tv\\\/az\\\/#\\\/schema\\\/logo\\\/image\\\/\",\"url\":\"https:\\\/\\\/www.meydan.tv\\\/wp-content\\\/uploads\\\/2021\\\/07\\\/meydan-logo.svg\",\"contentUrl\":\"https:\\\/\\\/www.meydan.tv\\\/wp-content\\\/uploads\\\/2021\\\/07\\\/meydan-logo.svg\",\"width\":195,\"height\":46,\"caption\":\"Meydan TV\"},\"image\":{\"@id\":\"https:\\\/\\\/www.meydan.tv\\\/az\\\/#\\\/schema\\\/logo\\\/image\\\/\"}},{\"@type\":\"Person\",\"@id\":\"https:\\\/\\\/www.meydan.tv\\\/az\\\/#\\\/schema\\\/person\\\/10d11eccf6da3662cf5fdab9806ea91a\",\"name\":\"user-manager\"}]}<\/script>\n<!-- \/ Yoast SEO plugin. -->","yoast_head_json":{"title":"Q\u0259zal\u0131 v\u0259ziyy\u0259td\u0259 olan xan malikan\u0259si - MEYDAN.TV","robots":{"index":"index","follow":"follow","max-snippet":"max-snippet:-1","max-image-preview":"max-image-preview:large","max-video-preview":"max-video-preview:-1"},"canonical":"https:\/\/www.meydan.tv\/az\/article\/qezali-veziyyetde-olan-xan-malikanesi\/","og_locale":"az_AZ","og_type":"article","og_title":"Q\u0259zal\u0131 v\u0259ziyy\u0259td\u0259 olan xan malikan\u0259si - MEYDAN.TV","og_description":"Tarixi abid\u0259 siyah\u0131s\u0131na sal\u0131nmayan binada ya\u015fayan insanlar h\u0259yatlar\u0131na t\u0259hl\u00fck\u0259 oldu\u011funu deyirl\u0259r","og_url":"https:\/\/www.meydan.tv\/az\/article\/qezali-veziyyetde-olan-xan-malikanesi\/","og_site_name":"MEYDAN.TV","article_published_time":"2019-01-05T15:33:37+00:00","og_image":[{"width":2560,"height":1920,"url":"https:\/\/www.meydan.tv\/wp-content\/uploads\/45932-scaled.jpg","type":"image\/jpeg"}],"author":"user-manager","twitter_card":"summary_large_image","schema":{"@context":"https:\/\/schema.org","@graph":[{"@type":"Article","@id":"https:\/\/www.meydan.tv\/az\/article\/qezali-veziyyetde-olan-xan-malikanesi\/#article","isPartOf":{"@id":"https:\/\/www.meydan.tv\/az\/article\/qezali-veziyyetde-olan-xan-malikanesi\/"},"author":{"name":"user-manager","@id":"https:\/\/www.meydan.tv\/az\/#\/schema\/person\/10d11eccf6da3662cf5fdab9806ea91a"},"headline":"Q\u0259zal\u0131 v\u0259ziyy\u0259td\u0259 olan xan malikan\u0259si","datePublished":"2019-01-05T15:33:37+00:00","mainEntityOfPage":{"@id":"https:\/\/www.meydan.tv\/az\/article\/qezali-veziyyetde-olan-xan-malikanesi\/"},"wordCount":990,"publisher":{"@id":"https:\/\/www.meydan.tv\/az\/#organization"},"image":{"@id":"https:\/\/www.meydan.tv\/az\/article\/qezali-veziyyetde-olan-xan-malikanesi\/#primaryimage"},"thumbnailUrl":"https:\/\/www.meydan.tv\/wp-content\/uploads\/45932-scaled.jpg","articleSection":["B\u00f6lg\u0259"],"inLanguage":"az"},{"@type":"WebPage","@id":"https:\/\/www.meydan.tv\/az\/article\/qezali-veziyyetde-olan-xan-malikanesi\/","url":"https:\/\/www.meydan.tv\/az\/article\/qezali-veziyyetde-olan-xan-malikanesi\/","name":"Q\u0259zal\u0131 v\u0259ziyy\u0259td\u0259 olan xan malikan\u0259si - MEYDAN.TV","isPartOf":{"@id":"https:\/\/www.meydan.tv\/az\/#website"},"primaryImageOfPage":{"@id":"https:\/\/www.meydan.tv\/az\/article\/qezali-veziyyetde-olan-xan-malikanesi\/#primaryimage"},"image":{"@id":"https:\/\/www.meydan.tv\/az\/article\/qezali-veziyyetde-olan-xan-malikanesi\/#primaryimage"},"thumbnailUrl":"https:\/\/www.meydan.tv\/wp-content\/uploads\/45932-scaled.jpg","datePublished":"2019-01-05T15:33:37+00:00","breadcrumb":{"@id":"https:\/\/www.meydan.tv\/az\/article\/qezali-veziyyetde-olan-xan-malikanesi\/#breadcrumb"},"inLanguage":"az","potentialAction":[{"@type":"ReadAction","target":["https:\/\/www.meydan.tv\/az\/article\/qezali-veziyyetde-olan-xan-malikanesi\/"]}]},{"@type":"ImageObject","inLanguage":"az","@id":"https:\/\/www.meydan.tv\/az\/article\/qezali-veziyyetde-olan-xan-malikanesi\/#primaryimage","url":"https:\/\/www.meydan.tv\/wp-content\/uploads\/45932-scaled.jpg","contentUrl":"https:\/\/www.meydan.tv\/wp-content\/uploads\/45932-scaled.jpg","width":2560,"height":1920,"caption":"Source:"},{"@type":"BreadcrumbList","@id":"https:\/\/www.meydan.tv\/az\/article\/qezali-veziyyetde-olan-xan-malikanesi\/#breadcrumb","itemListElement":[{"@type":"ListItem","position":1,"name":"Ana s\u0259hif\u0259","item":"https:\/\/www.meydan.tv\/az\/"},{"@type":"ListItem","position":2,"name":"B\u00f6lg\u0259","item":"https:\/\/www.meydan.tv\/az\/section\/bolge\/"},{"@type":"ListItem","position":3,"name":"Q\u0259zal\u0131 v\u0259ziyy\u0259td\u0259 olan xan malikan\u0259si"}]},{"@type":"WebSite","@id":"https:\/\/www.meydan.tv\/az\/#website","url":"https:\/\/www.meydan.tv\/az\/","name":"MEYDAN.TV","description":"Meydan TV Az\u0259rbaycan\u0131n media m\u0259kan\u0131ndak\u0131 alternativ s\u0259sidir","publisher":{"@id":"https:\/\/www.meydan.tv\/az\/#organization"},"potentialAction":[{"@type":"SearchAction","target":{"@type":"EntryPoint","urlTemplate":"https:\/\/www.meydan.tv\/az\/?s={search_term_string}"},"query-input":{"@type":"PropertyValueSpecification","valueRequired":true,"valueName":"search_term_string"}}],"inLanguage":"az"},{"@type":"Organization","@id":"https:\/\/www.meydan.tv\/az\/#organization","name":"Meydan TV","url":"https:\/\/www.meydan.tv\/az\/","logo":{"@type":"ImageObject","inLanguage":"az","@id":"https:\/\/www.meydan.tv\/az\/#\/schema\/logo\/image\/","url":"https:\/\/www.meydan.tv\/wp-content\/uploads\/2021\/07\/meydan-logo.svg","contentUrl":"https:\/\/www.meydan.tv\/wp-content\/uploads\/2021\/07\/meydan-logo.svg","width":195,"height":46,"caption":"Meydan TV"},"image":{"@id":"https:\/\/www.meydan.tv\/az\/#\/schema\/logo\/image\/"}},{"@type":"Person","@id":"https:\/\/www.meydan.tv\/az\/#\/schema\/person\/10d11eccf6da3662cf5fdab9806ea91a","name":"user-manager"}]}},"_links":{"self":[{"href":"https:\/\/www.meydan.tv\/az\/wp-json\/wp\/v2\/posts\/193341","targetHints":{"allow":["GET"]}}],"collection":[{"href":"https:\/\/www.meydan.tv\/az\/wp-json\/wp\/v2\/posts"}],"about":[{"href":"https:\/\/www.meydan.tv\/az\/wp-json\/wp\/v2\/types\/post"}],"author":[{"embeddable":true,"href":"https:\/\/www.meydan.tv\/az\/wp-json\/wp\/v2\/users\/11"}],"replies":[{"embeddable":true,"href":"https:\/\/www.meydan.tv\/az\/wp-json\/wp\/v2\/comments?post=193341"}],"version-history":[{"count":0,"href":"https:\/\/www.meydan.tv\/az\/wp-json\/wp\/v2\/posts\/193341\/revisions"}],"wp:featuredmedia":[{"embeddable":true,"href":"https:\/\/www.meydan.tv\/az\/wp-json\/wp\/v2\/media\/115243"}],"wp:attachment":[{"href":"https:\/\/www.meydan.tv\/az\/wp-json\/wp\/v2\/media?parent=193341"}],"wp:term":[{"taxonomy":"category","embeddable":true,"href":"https:\/\/www.meydan.tv\/az\/wp-json\/wp\/v2\/categories?post=193341"},{"taxonomy":"post_tag","embeddable":true,"href":"https:\/\/www.meydan.tv\/az\/wp-json\/wp\/v2\/tags?post=193341"}],"curies":[{"name":"wp","href":"https:\/\/api.w.org\/{rel}","templated":true}]}}